{"id":7863,"date":"2020-11-27T15:21:04","date_gmt":"2020-11-27T14:21:04","guid":{"rendered":"https:\/\/www.salzburgerland.com\/pl\/?p=7863"},"modified":"2022-11-12T21:54:13","modified_gmt":"2022-11-12T20:54:13","slug":"zimowe-impresje","status":"publish","type":"post","link":"https:\/\/www.salzburgerland.com\/pl\/zimowe-impresje\/","title":{"rendered":"Zimowe impresje"},"content":{"rendered":"<h3>Salzburska zima na zdj\u0119ciach<\/h3>\n<p>Nasi redaktorzy, skuszeni magiczn\u0105 aur\u0105 zimy, wyszli z aparatami fotograficznymi na \u0142ono natury, by zatrzyma\u0107 zimowe impresje i utrwali\u0107 na fotografiach unikatowe bia\u0142e krajobrazy. Wr\u00f3cili nios\u0105c bryz\u0119 rze\u015bkiego powietrza, z rumianymi od mrozu policzkami, oszo\u0142omieni pi\u0119knem bia\u0142ych pejza\u017cy i z mn\u00f3stwem <span>fantastycznych<\/span> <span>zdj\u0119\u0107<\/span>. Specjalnie dla Was wybrali\u015bmy najpi\u0119kniejsze zimowe impresje. G\u00f3ry opr\u00f3szone \u015bniegiem niczym cukrem pudrem i g\u00f3rskie chaty zakopane po dachy w bia\u0142ym puchu. Dziewicze zimowe krajobrazy i wypoczywaj\u0105cy na ich \u0142onie uropowicze. Skute lodem g\u00f3rskie jeziora i uginaj\u0105ce si\u0119 pod ci\u0119\u017carem \u015bnie\u017cnych czap ga\u0142\u0119zie drzew. Zimowe s\u0142o\u0144ce ca\u0142uj\u0105ce \u015bnie\u017cne zaspy i b\u0142yszcz\u0105ce w zimowym s\u0142o\u0144cu kryszta\u0142ki \u015bniegu. Szerokie panoramy g\u00f3rskie i zbli\u017cenia pi\u0119knych i niezwyk\u0142ych szczeg\u00f3\u0142\u00f3w. Zima tajemnicza, magiczna i ba\u015bniowa.<\/p>\n<h3>Przyjed\u017a i zobacz na w\u0142asne oczy<\/h3>\n<p>Zapraszamy do obejrzenia galerii \u201eSalzburska z<span>ima na zdj\u0119ciach\u201d<\/span>. Zach\u0119camy te\u017c do odwiedzenia Ziemi Salzburskiej zimow\u0105 por\u0105 i sp\u0119dzenia urlopu po\u015br\u00f3d tych bia\u0142ych pejza\u017cy. Tu czekaj\u0105 na Ciebie prawdziwe <span>zimowe<\/span> krajobrazy, bia\u0142a natura, dziewicza natura i magiczne prze\u017cycia, a ponadto wiele <a href=\"https:\/\/www.salzburgerland.com\/pl\/czas-zimy\/\" target=\"_blank\" rel=\"noopener\"><strong>atrakcyjnych ofert i pakiet\u00f3w pobytowych<\/strong><\/a>. Mamy nadziej\u0119, \u017ce nasze zimowe impresje b\u0119d\u0105 dla Ciebie inspiracj\u0105!<\/p>\n<p>\u00a0<\/p>\n","protected":false},"excerpt":{"rendered":"<p>Salzburska zima na zdj\u0119ciach Nasi redaktorzy, skuszeni magiczn\u0105 aur\u0105 zimy, wyszli z aparatami fotograficznymi na \u0142ono natury, by zatrzyma\u0107 zimowe impresje i utrwali\u0107 na fotografiach unikatowe bia\u0142e krajobrazy. Wr\u00f3cili nios\u0105c bryz\u0119 rze\u015bkiego powietrza, z rumianymi od mrozu policzkami, oszo\u0142omieni pi\u0119knem bia\u0142ych pejza\u017cy i z mn\u00f3stwem fantastycznych zdj\u0119\u0107. Specjalnie dla Was wybrali\u015bmy najpi\u0119kniejsze zimowe impresje. G\u00f3ry [&hellip;]<\/p>\n","protected":false},"author":4,"featured_media":12072,"comment_status":"closed","ping_status":"closed","sticky":false,"template":"","format":"standard","meta":{"_acf_changed":false,"wl_entities_gutenberg":"","_relevanssi_hide_post":"","_relevanssi_hide_content":"","_relevanssi_pin_for_all":"","_relevanssi_pin_keywords":"","_relevanssi_unpin_keywords":"","_relevanssi_related_keywords":"","_relevanssi_related_include_ids":"","_relevanssi_related_exclude_ids":"","_relevanssi_related_no_append":"","_relevanssi_related_not_related":"","_relevanssi_related_posts":"","_relevanssi_noindex_reason":"","footnotes":""},"categories":[1],"tags":[400,402,401,403],"wl_entity_type":[300],"class_list":["post-7863","post","type-post","status-publish","format-standard","has-post-thumbnail","hentry","category-uncategorized","tag-zima-na-ziemi-salzburskiej","tag-zima-w-austrii","tag-zimowe-impresje","tag-zimowe-zdjecia-salzburg","wl_entity_type-article"],"acf":[],"yoast_head":"<!-- This site is optimized with the Yoast SEO Premium plugin v27.4 (Yoast SEO v27.4) - https:\/\/yoast.com\/product\/yoast-seo-premium-wordpress\/ -->\n<title>Zimowe impresje. Salzburska zima na zdj\u0119ciach.<\/title>\n<meta name=\"description\" content=\"Zim\u0105 Ziemi\u0119 Salzbursk\u0105 przykrywa bia\u0142y puch, a \u015bnie\u017cne kryszta\u0142ki b\u0142yszcz\u0105 si\u0119 w promykach s\u0142o\u0144ca. Bia\u0142e krajobrazy i zima na zdj\u0119ciach.\" \/>\n<meta name=\"robots\" content=\"index, follow, max-snippet:-1, max-image-preview:large, max-video-preview:-1\" \/>\n<link rel=\"canonical\" href=\"https:\/\/www.salzburgerland.com\/pl\/zimowe-impresje\/\" \/>\n<meta property=\"og:locale\" content=\"pl_PL\" \/>\n<meta property=\"og:type\" content=\"article\" \/>\n<meta property=\"og:title\" content=\"Zimowe impresje\" \/>\n<meta property=\"og:description\" content=\"Salzburska zima na zdj\u0119ciach Nasi redaktorzy, skuszeni magiczn\u0105 aur\u0105 zimy, wyszli z aparatami fotograficznymi na \u0142ono natury, by zatrzyma\u0107 zimowe impresje\" \/>\n<meta property=\"og:url\" content=\"https:\/\/www.salzburgerland.com\/pl\/zimowe-impresje\/\" \/>\n<meta property=\"og:site_name\" content=\"SalzburgerLand.com\" \/>\n<meta property=\"article:publisher\" content=\"https:\/\/www.facebook.com\/visitsalzburgerland\/\" \/>\n<meta property=\"article:published_time\" content=\"2020-11-27T14:21:04+00:00\" \/>\n<meta property=\"article:modified_time\" content=\"2022-11-12T20:54:13+00:00\" \/>\n<meta property=\"og:image\" content=\"https:\/\/www.salzburgerland.com\/pl\/wp-content\/uploads\/2021\/10\/mwt2021-0109-scaled-e1635847371216-1200x675.jpg\" \/>\n\t<meta property=\"og:image:width\" content=\"1200\" \/>\n\t<meta property=\"og:image:height\" content=\"675\" \/>\n\t<meta property=\"og:image:type\" content=\"image\/jpeg\" \/>\n<meta name=\"author\" content=\"Izabela Gartner\" \/>\n<meta name=\"twitter:card\" content=\"summary_large_image\" \/>\n<meta name=\"twitter:creator\" content=\"@salzburgerland\" \/>\n<meta name=\"twitter:site\" content=\"@salzburgerland\" \/>\n<meta name=\"twitter:label1\" content=\"Napisane przez\" \/>\n\t<meta name=\"twitter:data1\" content=\"Izabela Gartner\" \/>\n\t<meta name=\"twitter:label2\" content=\"Szacowany czas czytania\" \/>\n\t<meta name=\"twitter:data2\" content=\"2 minuty\" \/>\n<script type=\"application\/ld+json\" class=\"yoast-schema-graph\">{\"@context\":\"https:\\\/\\\/schema.org\",\"@graph\":[{\"@type\":\"Article\",\"@id\":\"https:\\\/\\\/www.salzburgerland.com\\\/pl\\\/zimowe-impresje\\\/#article\",\"isPartOf\":{\"@id\":\"https:\\\/\\\/www.salzburgerland.com\\\/pl\\\/zimowe-impresje\\\/\"},\"author\":{\"name\":\"Izabela Gartner\",\"@id\":\"https:\\\/\\\/www.salzburgerland.com\\\/pl\\\/#\\\/schema\\\/person\\\/c10420e9897d4ca984317db556f04804\"},\"headline\":\"Zimowe impresje\",\"datePublished\":\"2020-11-27T14:21:04+00:00\",\"dateModified\":\"2022-11-12T20:54:13+00:00\",\"mainEntityOfPage\":{\"@id\":\"https:\\\/\\\/www.salzburgerland.com\\\/pl\\\/zimowe-impresje\\\/\"},\"wordCount\":231,\"image\":{\"@id\":\"https:\\\/\\\/www.salzburgerland.com\\\/pl\\\/zimowe-impresje\\\/#primaryimage\"},\"thumbnailUrl\":\"https:\\\/\\\/www.salzburgerland.com\\\/pl\\\/wp-content\\\/uploads\\\/2021\\\/10\\\/mwt2021-0109-scaled-e1635847371216.jpg\",\"keywords\":[\"Zima na Ziemi Salzburskiej\",\"zima w Austrii\",\"zimowe impresje\",\"zimowe zdj\u0119cia Salzburg\"],\"articleSection\":[\"Uncategorized\"],\"inLanguage\":\"pl-PL\"},{\"@type\":\"WebPage\",\"@id\":\"https:\\\/\\\/www.salzburgerland.com\\\/pl\\\/zimowe-impresje\\\/\",\"url\":\"https:\\\/\\\/www.salzburgerland.com\\\/pl\\\/zimowe-impresje\\\/\",\"name\":\"Zimowe impresje. Salzburska zima na zdj\u0119ciach.\",\"isPartOf\":{\"@id\":\"https:\\\/\\\/www.salzburgerland.com\\\/pl\\\/#website\"},\"primaryImageOfPage\":{\"@id\":\"https:\\\/\\\/www.salzburgerland.com\\\/pl\\\/zimowe-impresje\\\/#primaryimage\"},\"image\":{\"@id\":\"https:\\\/\\\/www.salzburgerland.com\\\/pl\\\/zimowe-impresje\\\/#primaryimage\"},\"thumbnailUrl\":\"https:\\\/\\\/www.salzburgerland.com\\\/pl\\\/wp-content\\\/uploads\\\/2021\\\/10\\\/mwt2021-0109-scaled-e1635847371216.jpg\",\"datePublished\":\"2020-11-27T14:21:04+00:00\",\"dateModified\":\"2022-11-12T20:54:13+00:00\",\"author\":{\"@id\":\"https:\\\/\\\/www.salzburgerland.com\\\/pl\\\/#\\\/schema\\\/person\\\/c10420e9897d4ca984317db556f04804\"},\"description\":\"Zim\u0105 Ziemi\u0119 Salzbursk\u0105 przykrywa bia\u0142y puch, a \u015bnie\u017cne kryszta\u0142ki b\u0142yszcz\u0105 si\u0119 w promykach s\u0142o\u0144ca. Bia\u0142e krajobrazy i zima na zdj\u0119ciach.\",\"breadcrumb\":{\"@id\":\"https:\\\/\\\/www.salzburgerland.com\\\/pl\\\/zimowe-impresje\\\/#breadcrumb\"},\"inLanguage\":\"pl-PL\",\"potentialAction\":[{\"@type\":\"ReadAction\",\"target\":[\"https:\\\/\\\/www.salzburgerland.com\\\/pl\\\/zimowe-impresje\\\/\"]}]},{\"@type\":\"ImageObject\",\"inLanguage\":\"pl-PL\",\"@id\":\"https:\\\/\\\/www.salzburgerland.com\\\/pl\\\/zimowe-impresje\\\/#primaryimage\",\"url\":\"https:\\\/\\\/www.salzburgerland.com\\\/pl\\\/wp-content\\\/uploads\\\/2021\\\/10\\\/mwt2021-0109-scaled-e1635847371216.jpg\",\"contentUrl\":\"https:\\\/\\\/www.salzburgerland.com\\\/pl\\\/wp-content\\\/uploads\\\/2021\\\/10\\\/mwt2021-0109-scaled-e1635847371216.jpg\",\"width\":1700,\"height\":2112,\"caption\":\"Droga Zimo, z Tob\u0105 nabieram tempa. \u00a9 SalzburgerLand Tourismus\"},{\"@type\":\"BreadcrumbList\",\"@id\":\"https:\\\/\\\/www.salzburgerland.com\\\/pl\\\/zimowe-impresje\\\/#breadcrumb\",\"itemListElement\":[{\"@type\":\"ListItem\",\"position\":1,\"name\":\"Czas zimy\",\"item\":\"https:\\\/\\\/www.salzburgerland.com\\\/pl\\\/czas-zimy\\\/\"},{\"@type\":\"ListItem\",\"position\":2,\"name\":\"Zimowe impresje\"}]},{\"@type\":\"WebSite\",\"@id\":\"https:\\\/\\\/www.salzburgerland.com\\\/pl\\\/#website\",\"url\":\"https:\\\/\\\/www.salzburgerland.com\\\/pl\\\/\",\"name\":\"SalzburgerLand.com\",\"description\":\"Urlop Salzburg : hotele : turystyka Ziemia Salzburska : kultura : rodzinny urlop Ziemia Salzburska : informacja turystyczna : noclegi Austria : aktywny wypoczynek\",\"potentialAction\":[{\"@type\":\"SearchAction\",\"target\":{\"@type\":\"EntryPoint\",\"urlTemplate\":\"https:\\\/\\\/www.salzburgerland.com\\\/pl\\\/?s={search_term_string}\"},\"query-input\":{\"@type\":\"PropertyValueSpecification\",\"valueRequired\":true,\"valueName\":\"search_term_string\"}}],\"inLanguage\":\"pl-PL\"},{\"@type\":\"Person\",\"@id\":\"https:\\\/\\\/www.salzburgerland.com\\\/pl\\\/#\\\/schema\\\/person\\\/c10420e9897d4ca984317db556f04804\",\"name\":\"Izabela Gartner\",\"image\":{\"@type\":\"ImageObject\",\"inLanguage\":\"pl-PL\",\"@id\":\"https:\\\/\\\/secure.gravatar.com\\\/avatar\\\/062a6263a145aaa718f0b029a735b6557e456ff63f9e65056a4352d3c0a06e4d?s=96&d=mm&r=g\",\"url\":\"https:\\\/\\\/secure.gravatar.com\\\/avatar\\\/062a6263a145aaa718f0b029a735b6557e456ff63f9e65056a4352d3c0a06e4d?s=96&d=mm&r=g\",\"contentUrl\":\"https:\\\/\\\/secure.gravatar.com\\\/avatar\\\/062a6263a145aaa718f0b029a735b6557e456ff63f9e65056a4352d3c0a06e4d?s=96&d=mm&r=g\",\"caption\":\"Izabela Gartner\"}}]}<\/script>\n<!-- \/ Yoast SEO Premium plugin. -->","yoast_head_json":{"title":"Zimowe impresje. Salzburska zima na zdj\u0119ciach.","description":"Zim\u0105 Ziemi\u0119 Salzbursk\u0105 przykrywa bia\u0142y puch, a \u015bnie\u017cne kryszta\u0142ki b\u0142yszcz\u0105 si\u0119 w promykach s\u0142o\u0144ca. Bia\u0142e krajobrazy i zima na zdj\u0119ciach.","robots":{"index":"index","follow":"follow","max-snippet":"max-snippet:-1","max-image-preview":"max-image-preview:large","max-video-preview":"max-video-preview:-1"},"canonical":"https:\/\/www.salzburgerland.com\/pl\/zimowe-impresje\/","og_locale":"pl_PL","og_type":"article","og_title":"Zimowe impresje","og_description":"Salzburska zima na zdj\u0119ciach Nasi redaktorzy, skuszeni magiczn\u0105 aur\u0105 zimy, wyszli z aparatami fotograficznymi na \u0142ono natury, by zatrzyma\u0107 zimowe impresje","og_url":"https:\/\/www.salzburgerland.com\/pl\/zimowe-impresje\/","og_site_name":"SalzburgerLand.com","article_publisher":"https:\/\/www.facebook.com\/visitsalzburgerland\/","article_published_time":"2020-11-27T14:21:04+00:00","article_modified_time":"2022-11-12T20:54:13+00:00","og_image":[{"width":1200,"height":675,"url":"https:\/\/www.salzburgerland.com\/pl\/wp-content\/uploads\/2021\/10\/mwt2021-0109-scaled-e1635847371216-1200x675.jpg","type":"image\/jpeg"}],"author":"Izabela Gartner","twitter_card":"summary_large_image","twitter_creator":"@salzburgerland","twitter_site":"@salzburgerland","twitter_misc":{"Napisane przez":"Izabela Gartner","Szacowany czas czytania":"2 minuty"},"schema":{"@context":"https:\/\/schema.org","@graph":[{"@type":"Article","@id":"https:\/\/www.salzburgerland.com\/pl\/zimowe-impresje\/#article","isPartOf":{"@id":"https:\/\/www.salzburgerland.com\/pl\/zimowe-impresje\/"},"author":{"name":"Izabela Gartner","@id":"https:\/\/www.salzburgerland.com\/pl\/#\/schema\/person\/c10420e9897d4ca984317db556f04804"},"headline":"Zimowe impresje","datePublished":"2020-11-27T14:21:04+00:00","dateModified":"2022-11-12T20:54:13+00:00","mainEntityOfPage":{"@id":"https:\/\/www.salzburgerland.com\/pl\/zimowe-impresje\/"},"wordCount":231,"image":{"@id":"https:\/\/www.salzburgerland.com\/pl\/zimowe-impresje\/#primaryimage"},"thumbnailUrl":"https:\/\/www.salzburgerland.com\/pl\/wp-content\/uploads\/2021\/10\/mwt2021-0109-scaled-e1635847371216.jpg","keywords":["Zima na Ziemi Salzburskiej","zima w Austrii","zimowe impresje","zimowe zdj\u0119cia Salzburg"],"articleSection":["Uncategorized"],"inLanguage":"pl-PL"},{"@type":"WebPage","@id":"https:\/\/www.salzburgerland.com\/pl\/zimowe-impresje\/","url":"https:\/\/www.salzburgerland.com\/pl\/zimowe-impresje\/","name":"Zimowe impresje. Salzburska zima na zdj\u0119ciach.","isPartOf":{"@id":"https:\/\/www.salzburgerland.com\/pl\/#website"},"primaryImageOfPage":{"@id":"https:\/\/www.salzburgerland.com\/pl\/zimowe-impresje\/#primaryimage"},"image":{"@id":"https:\/\/www.salzburgerland.com\/pl\/zimowe-impresje\/#primaryimage"},"thumbnailUrl":"https:\/\/www.salzburgerland.com\/pl\/wp-content\/uploads\/2021\/10\/mwt2021-0109-scaled-e1635847371216.jpg","datePublished":"2020-11-27T14:21:04+00:00","dateModified":"2022-11-12T20:54:13+00:00","author":{"@id":"https:\/\/www.salzburgerland.com\/pl\/#\/schema\/person\/c10420e9897d4ca984317db556f04804"},"description":"Zim\u0105 Ziemi\u0119 Salzbursk\u0105 przykrywa bia\u0142y puch, a \u015bnie\u017cne kryszta\u0142ki b\u0142yszcz\u0105 si\u0119 w promykach s\u0142o\u0144ca. Bia\u0142e krajobrazy i zima na zdj\u0119ciach.","breadcrumb":{"@id":"https:\/\/www.salzburgerland.com\/pl\/zimowe-impresje\/#breadcrumb"},"inLanguage":"pl-PL","potentialAction":[{"@type":"ReadAction","target":["https:\/\/www.salzburgerland.com\/pl\/zimowe-impresje\/"]}]},{"@type":"ImageObject","inLanguage":"pl-PL","@id":"https:\/\/www.salzburgerland.com\/pl\/zimowe-impresje\/#primaryimage","url":"https:\/\/www.salzburgerland.com\/pl\/wp-content\/uploads\/2021\/10\/mwt2021-0109-scaled-e1635847371216.jpg","contentUrl":"https:\/\/www.salzburgerland.com\/pl\/wp-content\/uploads\/2021\/10\/mwt2021-0109-scaled-e1635847371216.jpg","width":1700,"height":2112,"caption":"Droga Zimo, z Tob\u0105 nabieram tempa. \u00a9 SalzburgerLand Tourismus"},{"@type":"BreadcrumbList","@id":"https:\/\/www.salzburgerland.com\/pl\/zimowe-impresje\/#breadcrumb","itemListElement":[{"@type":"ListItem","position":1,"name":"Czas zimy","item":"https:\/\/www.salzburgerland.com\/pl\/czas-zimy\/"},{"@type":"ListItem","position":2,"name":"Zimowe impresje"}]},{"@type":"WebSite","@id":"https:\/\/www.salzburgerland.com\/pl\/#website","url":"https:\/\/www.salzburgerland.com\/pl\/","name":"SalzburgerLand.com","description":"Urlop Salzburg : hotele : turystyka Ziemia Salzburska : kultura : rodzinny urlop Ziemia Salzburska : informacja turystyczna : noclegi Austria : aktywny wypoczynek","potentialAction":[{"@type":"SearchAction","target":{"@type":"EntryPoint","urlTemplate":"https:\/\/www.salzburgerland.com\/pl\/?s={search_term_string}"},"query-input":{"@type":"PropertyValueSpecification","valueRequired":true,"valueName":"search_term_string"}}],"inLanguage":"pl-PL"},{"@type":"Person","@id":"https:\/\/www.salzburgerland.com\/pl\/#\/schema\/person\/c10420e9897d4ca984317db556f04804","name":"Izabela Gartner","image":{"@type":"ImageObject","inLanguage":"pl-PL","@id":"https:\/\/secure.gravatar.com\/avatar\/062a6263a145aaa718f0b029a735b6557e456ff63f9e65056a4352d3c0a06e4d?s=96&d=mm&r=g","url":"https:\/\/secure.gravatar.com\/avatar\/062a6263a145aaa718f0b029a735b6557e456ff63f9e65056a4352d3c0a06e4d?s=96&d=mm&r=g","contentUrl":"https:\/\/secure.gravatar.com\/avatar\/062a6263a145aaa718f0b029a735b6557e456ff63f9e65056a4352d3c0a06e4d?s=96&d=mm&r=g","caption":"Izabela Gartner"}}]}},"_wl_alt_label":[],"wl:entity_url":"http:\/\/open.salzburgerland.com\/pl\/post\/zimowe_impresje","_links":{"self":[{"href":"https:\/\/www.salzburgerland.com\/pl\/wp-json\/wp\/v2\/posts\/7863","targetHints":{"allow":["GET"]}}],"collection":[{"href":"https:\/\/www.salzburgerland.com\/pl\/wp-json\/wp\/v2\/posts"}],"about":[{"href":"https:\/\/www.salzburgerland.com\/pl\/wp-json\/wp\/v2\/types\/post"}],"author":[{"embeddable":true,"href":"https:\/\/www.salzburgerland.com\/pl\/wp-json\/wp\/v2\/users\/4"}],"replies":[{"embeddable":true,"href":"https:\/\/www.salzburgerland.com\/pl\/wp-json\/wp\/v2\/comments?post=7863"}],"version-history":[{"count":5,"href":"https:\/\/www.salzburgerland.com\/pl\/wp-json\/wp\/v2\/posts\/7863\/revisions"}],"predecessor-version":[{"id":15379,"href":"https:\/\/www.salzburgerland.com\/pl\/wp-json\/wp\/v2\/posts\/7863\/revisions\/15379"}],"wp:featuredmedia":[{"embeddable":true,"href":"https:\/\/www.salzburgerland.com\/pl\/wp-json\/wp\/v2\/media\/12072"}],"wp:attachment":[{"href":"https:\/\/www.salzburgerland.com\/pl\/wp-json\/wp\/v2\/media?parent=7863"}],"wp:term":[{"taxonomy":"category","embeddable":true,"href":"https:\/\/www.salzburgerland.com\/pl\/wp-json\/wp\/v2\/categories?post=7863"},{"taxonomy":"post_tag","embeddable":true,"href":"https:\/\/www.salzburgerland.com\/pl\/wp-json\/wp\/v2\/tags?post=7863"},{"taxonomy":"wl_entity_type","embeddable":true,"href":"https:\/\/www.salzburgerland.com\/pl\/wp-json\/wp\/v2\/wl_entity_type?post=7863"}],"curies":[{"name":"wp","href":"https:\/\/api.w.org\/{rel}","templated":true}]}}