{"id":7819,"date":"2020-11-19T17:59:28","date_gmt":"2020-11-19T16:59:28","guid":{"rendered":"https:\/\/www.salzburgerland.com\/pl\/?p=7819"},"modified":"2022-10-03T15:00:19","modified_gmt":"2022-10-03T13:00:19","slug":"droga-zimo-oddajmy-sie-marzeniom","status":"publish","type":"post","link":"https:\/\/www.salzburgerland.com\/pl\/droga-zimo-oddajmy-sie-marzeniom\/","title":{"rendered":"Droga Zimo, oddajmy si\u0119 marzeniom"},"content":{"rendered":"<p>Droga Zimo,<br>\nTy tak\u017ce znasz podobne sytuacje i wiesz, \u017ce w\u0142a\u015bnie w nich trzeba zachowa\u0107 jasny umys\u0142 i dzia\u0142a\u0107 z pe\u0142n\u0105 rozwag\u0105. Teraz nasta\u0142 czas, w kt\u00f3rym musimy uwa\u017ca\u0107 na siebie i chroni\u0107 osoby z naszego otoczenia. Zachowa\u0107 dystans, post\u0119powa\u0107 solidarnie i pomaga\u0107 sobie nawzajem. Mimo olbrzymiej t\u0119sknoty za Tob\u0105, jeste\u015bmy zmuszeni przesun\u0105\u0107 nieco nasze spotkanie. Nie miej nam tego za z\u0142e!<\/p>\n<p>Pozostajemy w domu i marzymy o Tobie. Wyobra\u017camy sobie zbocza pokryte \u015bnie\u017cnym puchem, rustykalne schroniska g\u00f3rskie i tradycyjne bac\u00f3wkach. Bb\u0142yszcz\u0105ce w promieniach s\u0142o\u0144ca g\u00f3rskie szczyty i opr\u00f3szone \u015bniegiem lasy. \u015animy o serdecznych u\u015bciskach o b\u0142\u0119kitnej godzinie i kuligach z dzie\u0107mi. O ciep\u0142ych wodach termalnych i rozgrzanym kominku w przytulnej izbie.<\/p>\n<p>Jeste\u015bmy przekonani, \u017ce naszemu spotkaniu nic ju\u017c nie stanie na przeszkodzie, je\u015bli b\u0119dziemy konsekwentni w przestrzeganiu zalece\u0144.\u00a0W zwi\u0105zku z tym \u0107wiczymy si\u0119 w cierpliwo\u015bci. Tak jak dawniej, w dzieci\u0144stwie. O ile\u017c bardziej cieszy\u0142o nas Bo\u017ce Narodzenie, kiedy poprzedza\u0142o je t\u0119skne, pe\u0142ne emocji oczekiwanie na Gwiazdk\u0119.<\/p>\n<p>Kiedy tylko zaostrzenia przynios\u0105 oczekiwane efekty, jeste\u015bmy gotowi do startu. I to jak! Ka\u017cdego wieczoru pilnie \u0107wiczy, rozgrzewamy si\u0119 przed nartami. No, mo\u017ce prawie ka\u017cdego. Ale ko\u0144czymy ju\u017c robi\u0107 nowy, ciep\u0142y szal na drutach i przegl\u0105da\u0107 ofert\u0119 hotelow\u0105. Dok\u0142adnie wiemy, czego chcemy. I kiedy wreszcie si\u0119 z Tob\u0105 spotakmy \u2013 mimo, \u017ce tego roku z ma\u0142ym sp\u00f3\u017anieniem \u2013 nasze spotkanie b\u0119dzie fantastyczne i niezapomniane.<\/p>\n<div style=\"width: 1180px\" class=\"wp-caption alignnone\"><img decoding=\"async\" src=\"https:\/\/cdn.salzburgerland.com\/de\/wp-content\/uploads\/2016\/08\/werfen-winter-1170x658.jpg\" alt=\"Verschneiter Stadl vor pr\u00e4chtiger Winterkulisse\" width=\"1170\" height=\"658\"><p class=\"wp-caption-text\">Zimowa idylla w okolicach Werfen \u00a9 TVB Werfen<\/p><\/div>\n<p>Tymczasem Ziemia Salzburskia przygotowuje si\u0119 do nowego, nieco innego sezonu zimowego. Ratraki wyg\u0142adzi\u0142y ju\u017c stoki narciarskie, trasy do uprawiania bieg\u00f3w narciarskich s\u0105 starannie przetarte, w\u0142a\u015bciciele schronisk narciarskich rozpalaj\u0105 w kominkach. Boczek jest uw\u0119dzony, ser dojrza\u0142y, chleb z suszonych \u015bliwek nabiera smaku, a teraz czas na wypieki adwentowe. Sto\u0142y s\u0105 od\u015bwi\u0119tnie nakryte, \u0142\u00f3\u017cka \u015bwie\u017co po\u015bcielone, a olejki saunowe trzymaj\u0105 swoj\u0105 aromatyczn\u0105 wo\u0144 w gotowo\u015bci.\u00a0 Jak \u017ce wspaniale nastraja mnie ju\u017c samo wyobra\u017cenie tych zimowych atrakcji .<\/p>\n<p>Droga Zimo, dok\u0142adamy wszelkich stara\u0144, aby spotaknie z Tob\u0105 mog\u0142o mie\u0107 miejsce ju\u017c niebawem. Ze\u015blij nam na ziemi\u0119 kilka gar\u015bci \u015bnie\u017cynek! B\u0119dzie to dla nas znak, \u017ce Ty r\u00f3wnie\u017c cieszysz si\u0119 na spotkanie z nami. I \u0107wicz si\u0119 w cierpliwo\u015bci! My te\u017c b\u0119dziemy cierpliwi i, przede wszystkim, zdrowi!<\/p>\n<p>Do zobaczenia na Ziemi Salzburskiej!<\/p>\n<p>PS: Wszystkie wa\u017cne informacje o aktualnej sytuacji zwi\u0105zanej z koronawirusem znajdziesz w j. polskim na stronie<span>\u00a0<\/span><a href=\"https:\/\/www.salzburgerland.com\/pl\/koronawirus\/\" target=\"_blank\" rel=\"noopener noreferrer\">www.salzburgerland.com\/pl\/koronawirus\/<\/a><\/p>\n","protected":false},"excerpt":{"rendered":"<p>Droga Zimo, Ty tak\u017ce znasz podobne sytuacje i wiesz, \u017ce w\u0142a\u015bnie w nich trzeba zachowa\u0107 jasny umys\u0142 i dzia\u0142a\u0107 z pe\u0142n\u0105 rozwag\u0105. Teraz nasta\u0142 czas, w kt\u00f3rym musimy uwa\u017ca\u0107 na siebie i chroni\u0107 osoby z naszego otoczenia. Zachowa\u0107 dystans, post\u0119powa\u0107 solidarnie i pomaga\u0107 sobie nawzajem. Mimo olbrzymiej t\u0119sknoty za Tob\u0105, jeste\u015bmy zmuszeni przesun\u0105\u0107 nieco nasze [&hellip;]<\/p>\n","protected":false},"author":4,"featured_media":12054,"comment_status":"closed","ping_status":"closed","sticky":false,"template":"","format":"standard","meta":{"_acf_changed":false,"wl_entities_gutenberg":"","_relevanssi_hide_post":"","_relevanssi_hide_content":"","_relevanssi_pin_for_all":"","_relevanssi_pin_keywords":"","_relevanssi_unpin_keywords":"","_relevanssi_related_keywords":"","_relevanssi_related_include_ids":"","_relevanssi_related_exclude_ids":"","_relevanssi_related_no_append":"","_relevanssi_related_not_related":"","_relevanssi_related_posts":"","_relevanssi_noindex_reason":"","footnotes":""},"categories":[1],"tags":[399,400],"wl_entity_type":[300],"class_list":["post-7819","post","type-post","status-publish","format-standard","has-post-thumbnail","hentry","category-uncategorized","tag-urlop-narciarski-na-ziemi-salzburskiej","tag-zima-na-ziemi-salzburskiej","wl_entity_type-article"],"acf":[],"yoast_head":"<!-- This site is optimized with the Yoast SEO Premium plugin v27.4 (Yoast SEO v27.4) - https:\/\/yoast.com\/product\/yoast-seo-premium-wordpress\/ -->\n<title>Droga Zimo, spotkamy si\u0119 ju\u017c niebawem na Ziemi Salzburskiej<\/title>\n<meta name=\"description\" content=\"W tym roku spotakmy si\u0119 z ma\u0142ym po\u015blizgiem i w nowych okoliczno\u015bciach. Ale ju\u017c teraz cieszymy si\u0119 na \u015bnieg, kontakt z natur\u0105, sport i zabaw\u0119.\" \/>\n<meta name=\"robots\" content=\"index, follow, max-snippet:-1, max-image-preview:large, max-video-preview:-1\" \/>\n<link rel=\"canonical\" href=\"https:\/\/www.salzburgerland.com\/pl\/droga-zimo-oddajmy-sie-marzeniom\/\" \/>\n<meta property=\"og:locale\" content=\"pl_PL\" \/>\n<meta property=\"og:type\" content=\"article\" \/>\n<meta property=\"og:title\" content=\"Droga Zimo, oddajmy si\u0119 marzeniom\" \/>\n<meta property=\"og:description\" content=\"Droga Zimo, Ty tak\u017ce znasz podobne sytuacje i wiesz, \u017ce w\u0142a\u015bnie w nich trzeba zachowa\u0107 jasny umys\u0142 i dzia\u0142a\u0107 z pe\u0142n\u0105 rozwag\u0105. Teraz nasta\u0142 czas, w kt\u00f3rym\" \/>\n<meta property=\"og:url\" content=\"https:\/\/www.salzburgerland.com\/pl\/droga-zimo-oddajmy-sie-marzeniom\/\" \/>\n<meta property=\"og:site_name\" content=\"SalzburgerLand.com\" \/>\n<meta property=\"article:publisher\" content=\"https:\/\/www.facebook.com\/visitsalzburgerland\/\" \/>\n<meta property=\"article:published_time\" content=\"2020-11-19T16:59:28+00:00\" \/>\n<meta property=\"article:modified_time\" content=\"2022-10-03T13:00:19+00:00\" \/>\n<meta property=\"og:image\" content=\"https:\/\/www.salzburgerland.com\/pl\/wp-content\/uploads\/2021\/10\/mittersillnight-1200x675.jpg\" \/>\n\t<meta property=\"og:image:width\" content=\"1200\" \/>\n\t<meta property=\"og:image:height\" content=\"675\" \/>\n\t<meta property=\"og:image:type\" content=\"image\/jpeg\" \/>\n<meta name=\"author\" content=\"Izabela Gartner\" \/>\n<meta name=\"twitter:card\" content=\"summary_large_image\" \/>\n<meta name=\"twitter:creator\" content=\"@salzburgerland\" \/>\n<meta name=\"twitter:site\" content=\"@salzburgerland\" \/>\n<meta name=\"twitter:label1\" content=\"Napisane przez\" \/>\n\t<meta name=\"twitter:data1\" content=\"Izabela Gartner\" \/>\n\t<meta name=\"twitter:label2\" content=\"Szacowany czas czytania\" \/>\n\t<meta name=\"twitter:data2\" content=\"3 minuty\" \/>\n<script type=\"application\/ld+json\" class=\"yoast-schema-graph\">{\"@context\":\"https:\\\/\\\/schema.org\",\"@graph\":[{\"@type\":\"Article\",\"@id\":\"https:\\\/\\\/www.salzburgerland.com\\\/pl\\\/droga-zimo-oddajmy-sie-marzeniom\\\/#article\",\"isPartOf\":{\"@id\":\"https:\\\/\\\/www.salzburgerland.com\\\/pl\\\/droga-zimo-oddajmy-sie-marzeniom\\\/\"},\"author\":{\"name\":\"Izabela Gartner\",\"@id\":\"https:\\\/\\\/www.salzburgerland.com\\\/pl\\\/#\\\/schema\\\/person\\\/c10420e9897d4ca984317db556f04804\"},\"headline\":\"Droga Zimo, oddajmy si\u0119 marzeniom\",\"datePublished\":\"2020-11-19T16:59:28+00:00\",\"dateModified\":\"2022-10-03T13:00:19+00:00\",\"mainEntityOfPage\":{\"@id\":\"https:\\\/\\\/www.salzburgerland.com\\\/pl\\\/droga-zimo-oddajmy-sie-marzeniom\\\/\"},\"wordCount\":460,\"image\":{\"@id\":\"https:\\\/\\\/www.salzburgerland.com\\\/pl\\\/droga-zimo-oddajmy-sie-marzeniom\\\/#primaryimage\"},\"thumbnailUrl\":\"https:\\\/\\\/www.salzburgerland.com\\\/pl\\\/wp-content\\\/uploads\\\/2021\\\/10\\\/mittersillnight-scaled.jpg\",\"keywords\":[\"urlop narciarski na Ziemi Salzburskiej\",\"Zima na Ziemi Salzburskiej\"],\"articleSection\":[\"Uncategorized\"],\"inLanguage\":\"pl-PL\"},{\"@type\":\"WebPage\",\"@id\":\"https:\\\/\\\/www.salzburgerland.com\\\/pl\\\/droga-zimo-oddajmy-sie-marzeniom\\\/\",\"url\":\"https:\\\/\\\/www.salzburgerland.com\\\/pl\\\/droga-zimo-oddajmy-sie-marzeniom\\\/\",\"name\":\"Droga Zimo, spotkamy si\u0119 ju\u017c niebawem na Ziemi Salzburskiej\",\"isPartOf\":{\"@id\":\"https:\\\/\\\/www.salzburgerland.com\\\/pl\\\/#website\"},\"primaryImageOfPage\":{\"@id\":\"https:\\\/\\\/www.salzburgerland.com\\\/pl\\\/droga-zimo-oddajmy-sie-marzeniom\\\/#primaryimage\"},\"image\":{\"@id\":\"https:\\\/\\\/www.salzburgerland.com\\\/pl\\\/droga-zimo-oddajmy-sie-marzeniom\\\/#primaryimage\"},\"thumbnailUrl\":\"https:\\\/\\\/www.salzburgerland.com\\\/pl\\\/wp-content\\\/uploads\\\/2021\\\/10\\\/mittersillnight-scaled.jpg\",\"datePublished\":\"2020-11-19T16:59:28+00:00\",\"dateModified\":\"2022-10-03T13:00:19+00:00\",\"author\":{\"@id\":\"https:\\\/\\\/www.salzburgerland.com\\\/pl\\\/#\\\/schema\\\/person\\\/c10420e9897d4ca984317db556f04804\"},\"description\":\"W tym roku spotakmy si\u0119 z ma\u0142ym po\u015blizgiem i w nowych okoliczno\u015bciach. Ale ju\u017c teraz cieszymy si\u0119 na \u015bnieg, kontakt z natur\u0105, sport i zabaw\u0119.\",\"breadcrumb\":{\"@id\":\"https:\\\/\\\/www.salzburgerland.com\\\/pl\\\/droga-zimo-oddajmy-sie-marzeniom\\\/#breadcrumb\"},\"inLanguage\":\"pl-PL\",\"potentialAction\":[{\"@type\":\"ReadAction\",\"target\":[\"https:\\\/\\\/www.salzburgerland.com\\\/pl\\\/droga-zimo-oddajmy-sie-marzeniom\\\/\"]}]},{\"@type\":\"ImageObject\",\"inLanguage\":\"pl-PL\",\"@id\":\"https:\\\/\\\/www.salzburgerland.com\\\/pl\\\/droga-zimo-oddajmy-sie-marzeniom\\\/#primaryimage\",\"url\":\"https:\\\/\\\/www.salzburgerland.com\\\/pl\\\/wp-content\\\/uploads\\\/2021\\\/10\\\/mittersillnight-scaled.jpg\",\"contentUrl\":\"https:\\\/\\\/www.salzburgerland.com\\\/pl\\\/wp-content\\\/uploads\\\/2021\\\/10\\\/mittersillnight-scaled.jpg\",\"width\":1920,\"height\":1280,\"caption\":\"Droga Zimo, nikt nie wprawia mnie w taki nastr\u00f3j jak Ty. \u00a9 SalzburgerLand Tourismus\"},{\"@type\":\"BreadcrumbList\",\"@id\":\"https:\\\/\\\/www.salzburgerland.com\\\/pl\\\/droga-zimo-oddajmy-sie-marzeniom\\\/#breadcrumb\",\"itemListElement\":[{\"@type\":\"ListItem\",\"position\":1,\"name\":\"Droga Zimo!\",\"item\":\"https:\\\/\\\/www.salzburgerland.com\\\/pl\\\/droga-zimo\\\/\"},{\"@type\":\"ListItem\",\"position\":2,\"name\":\"Droga Zimo, oddajmy si\u0119 marzeniom\"}]},{\"@type\":\"WebSite\",\"@id\":\"https:\\\/\\\/www.salzburgerland.com\\\/pl\\\/#website\",\"url\":\"https:\\\/\\\/www.salzburgerland.com\\\/pl\\\/\",\"name\":\"SalzburgerLand.com\",\"description\":\"Urlop Salzburg : hotele : turystyka Ziemia Salzburska : kultura : rodzinny urlop Ziemia Salzburska : informacja turystyczna : noclegi Austria : aktywny wypoczynek\",\"potentialAction\":[{\"@type\":\"SearchAction\",\"target\":{\"@type\":\"EntryPoint\",\"urlTemplate\":\"https:\\\/\\\/www.salzburgerland.com\\\/pl\\\/?s={search_term_string}\"},\"query-input\":{\"@type\":\"PropertyValueSpecification\",\"valueRequired\":true,\"valueName\":\"search_term_string\"}}],\"inLanguage\":\"pl-PL\"},{\"@type\":\"Person\",\"@id\":\"https:\\\/\\\/www.salzburgerland.com\\\/pl\\\/#\\\/schema\\\/person\\\/c10420e9897d4ca984317db556f04804\",\"name\":\"Izabela Gartner\",\"image\":{\"@type\":\"ImageObject\",\"inLanguage\":\"pl-PL\",\"@id\":\"https:\\\/\\\/secure.gravatar.com\\\/avatar\\\/062a6263a145aaa718f0b029a735b6557e456ff63f9e65056a4352d3c0a06e4d?s=96&d=mm&r=g\",\"url\":\"https:\\\/\\\/secure.gravatar.com\\\/avatar\\\/062a6263a145aaa718f0b029a735b6557e456ff63f9e65056a4352d3c0a06e4d?s=96&d=mm&r=g\",\"contentUrl\":\"https:\\\/\\\/secure.gravatar.com\\\/avatar\\\/062a6263a145aaa718f0b029a735b6557e456ff63f9e65056a4352d3c0a06e4d?s=96&d=mm&r=g\",\"caption\":\"Izabela Gartner\"}}]}<\/script>\n<!-- \/ Yoast SEO Premium plugin. -->","yoast_head_json":{"title":"Droga Zimo, spotkamy si\u0119 ju\u017c niebawem na Ziemi Salzburskiej","description":"W tym roku spotakmy si\u0119 z ma\u0142ym po\u015blizgiem i w nowych okoliczno\u015bciach. Ale ju\u017c teraz cieszymy si\u0119 na \u015bnieg, kontakt z natur\u0105, sport i zabaw\u0119.","robots":{"index":"index","follow":"follow","max-snippet":"max-snippet:-1","max-image-preview":"max-image-preview:large","max-video-preview":"max-video-preview:-1"},"canonical":"https:\/\/www.salzburgerland.com\/pl\/droga-zimo-oddajmy-sie-marzeniom\/","og_locale":"pl_PL","og_type":"article","og_title":"Droga Zimo, oddajmy si\u0119 marzeniom","og_description":"Droga Zimo, Ty tak\u017ce znasz podobne sytuacje i wiesz, \u017ce w\u0142a\u015bnie w nich trzeba zachowa\u0107 jasny umys\u0142 i dzia\u0142a\u0107 z pe\u0142n\u0105 rozwag\u0105. Teraz nasta\u0142 czas, w kt\u00f3rym","og_url":"https:\/\/www.salzburgerland.com\/pl\/droga-zimo-oddajmy-sie-marzeniom\/","og_site_name":"SalzburgerLand.com","article_publisher":"https:\/\/www.facebook.com\/visitsalzburgerland\/","article_published_time":"2020-11-19T16:59:28+00:00","article_modified_time":"2022-10-03T13:00:19+00:00","og_image":[{"width":1200,"height":675,"url":"https:\/\/www.salzburgerland.com\/pl\/wp-content\/uploads\/2021\/10\/mittersillnight-1200x675.jpg","type":"image\/jpeg"}],"author":"Izabela Gartner","twitter_card":"summary_large_image","twitter_creator":"@salzburgerland","twitter_site":"@salzburgerland","twitter_misc":{"Napisane przez":"Izabela Gartner","Szacowany czas czytania":"3 minuty"},"schema":{"@context":"https:\/\/schema.org","@graph":[{"@type":"Article","@id":"https:\/\/www.salzburgerland.com\/pl\/droga-zimo-oddajmy-sie-marzeniom\/#article","isPartOf":{"@id":"https:\/\/www.salzburgerland.com\/pl\/droga-zimo-oddajmy-sie-marzeniom\/"},"author":{"name":"Izabela Gartner","@id":"https:\/\/www.salzburgerland.com\/pl\/#\/schema\/person\/c10420e9897d4ca984317db556f04804"},"headline":"Droga Zimo, oddajmy si\u0119 marzeniom","datePublished":"2020-11-19T16:59:28+00:00","dateModified":"2022-10-03T13:00:19+00:00","mainEntityOfPage":{"@id":"https:\/\/www.salzburgerland.com\/pl\/droga-zimo-oddajmy-sie-marzeniom\/"},"wordCount":460,"image":{"@id":"https:\/\/www.salzburgerland.com\/pl\/droga-zimo-oddajmy-sie-marzeniom\/#primaryimage"},"thumbnailUrl":"https:\/\/www.salzburgerland.com\/pl\/wp-content\/uploads\/2021\/10\/mittersillnight-scaled.jpg","keywords":["urlop narciarski na Ziemi Salzburskiej","Zima na Ziemi Salzburskiej"],"articleSection":["Uncategorized"],"inLanguage":"pl-PL"},{"@type":"WebPage","@id":"https:\/\/www.salzburgerland.com\/pl\/droga-zimo-oddajmy-sie-marzeniom\/","url":"https:\/\/www.salzburgerland.com\/pl\/droga-zimo-oddajmy-sie-marzeniom\/","name":"Droga Zimo, spotkamy si\u0119 ju\u017c niebawem na Ziemi Salzburskiej","isPartOf":{"@id":"https:\/\/www.salzburgerland.com\/pl\/#website"},"primaryImageOfPage":{"@id":"https:\/\/www.salzburgerland.com\/pl\/droga-zimo-oddajmy-sie-marzeniom\/#primaryimage"},"image":{"@id":"https:\/\/www.salzburgerland.com\/pl\/droga-zimo-oddajmy-sie-marzeniom\/#primaryimage"},"thumbnailUrl":"https:\/\/www.salzburgerland.com\/pl\/wp-content\/uploads\/2021\/10\/mittersillnight-scaled.jpg","datePublished":"2020-11-19T16:59:28+00:00","dateModified":"2022-10-03T13:00:19+00:00","author":{"@id":"https:\/\/www.salzburgerland.com\/pl\/#\/schema\/person\/c10420e9897d4ca984317db556f04804"},"description":"W tym roku spotakmy si\u0119 z ma\u0142ym po\u015blizgiem i w nowych okoliczno\u015bciach. Ale ju\u017c teraz cieszymy si\u0119 na \u015bnieg, kontakt z natur\u0105, sport i zabaw\u0119.","breadcrumb":{"@id":"https:\/\/www.salzburgerland.com\/pl\/droga-zimo-oddajmy-sie-marzeniom\/#breadcrumb"},"inLanguage":"pl-PL","potentialAction":[{"@type":"ReadAction","target":["https:\/\/www.salzburgerland.com\/pl\/droga-zimo-oddajmy-sie-marzeniom\/"]}]},{"@type":"ImageObject","inLanguage":"pl-PL","@id":"https:\/\/www.salzburgerland.com\/pl\/droga-zimo-oddajmy-sie-marzeniom\/#primaryimage","url":"https:\/\/www.salzburgerland.com\/pl\/wp-content\/uploads\/2021\/10\/mittersillnight-scaled.jpg","contentUrl":"https:\/\/www.salzburgerland.com\/pl\/wp-content\/uploads\/2021\/10\/mittersillnight-scaled.jpg","width":1920,"height":1280,"caption":"Droga Zimo, nikt nie wprawia mnie w taki nastr\u00f3j jak Ty. \u00a9 SalzburgerLand Tourismus"},{"@type":"BreadcrumbList","@id":"https:\/\/www.salzburgerland.com\/pl\/droga-zimo-oddajmy-sie-marzeniom\/#breadcrumb","itemListElement":[{"@type":"ListItem","position":1,"name":"Droga Zimo!","item":"https:\/\/www.salzburgerland.com\/pl\/droga-zimo\/"},{"@type":"ListItem","position":2,"name":"Droga Zimo, oddajmy si\u0119 marzeniom"}]},{"@type":"WebSite","@id":"https:\/\/www.salzburgerland.com\/pl\/#website","url":"https:\/\/www.salzburgerland.com\/pl\/","name":"SalzburgerLand.com","description":"Urlop Salzburg : hotele : turystyka Ziemia Salzburska : kultura : rodzinny urlop Ziemia Salzburska : informacja turystyczna : noclegi Austria : aktywny wypoczynek","potentialAction":[{"@type":"SearchAction","target":{"@type":"EntryPoint","urlTemplate":"https:\/\/www.salzburgerland.com\/pl\/?s={search_term_string}"},"query-input":{"@type":"PropertyValueSpecification","valueRequired":true,"valueName":"search_term_string"}}],"inLanguage":"pl-PL"},{"@type":"Person","@id":"https:\/\/www.salzburgerland.com\/pl\/#\/schema\/person\/c10420e9897d4ca984317db556f04804","name":"Izabela Gartner","image":{"@type":"ImageObject","inLanguage":"pl-PL","@id":"https:\/\/secure.gravatar.com\/avatar\/062a6263a145aaa718f0b029a735b6557e456ff63f9e65056a4352d3c0a06e4d?s=96&d=mm&r=g","url":"https:\/\/secure.gravatar.com\/avatar\/062a6263a145aaa718f0b029a735b6557e456ff63f9e65056a4352d3c0a06e4d?s=96&d=mm&r=g","contentUrl":"https:\/\/secure.gravatar.com\/avatar\/062a6263a145aaa718f0b029a735b6557e456ff63f9e65056a4352d3c0a06e4d?s=96&d=mm&r=g","caption":"Izabela Gartner"}}]}},"_wl_alt_label":[],"wl:entity_url":"http:\/\/open.salzburgerland.com\/pl\/post\/droga_zimo__oddajmy_sie_wspolnym_marzeniom","_links":{"self":[{"href":"https:\/\/www.salzburgerland.com\/pl\/wp-json\/wp\/v2\/posts\/7819","targetHints":{"allow":["GET"]}}],"collection":[{"href":"https:\/\/www.salzburgerland.com\/pl\/wp-json\/wp\/v2\/posts"}],"about":[{"href":"https:\/\/www.salzburgerland.com\/pl\/wp-json\/wp\/v2\/types\/post"}],"author":[{"embeddable":true,"href":"https:\/\/www.salzburgerland.com\/pl\/wp-json\/wp\/v2\/users\/4"}],"replies":[{"embeddable":true,"href":"https:\/\/www.salzburgerland.com\/pl\/wp-json\/wp\/v2\/comments?post=7819"}],"version-history":[{"count":5,"href":"https:\/\/www.salzburgerland.com\/pl\/wp-json\/wp\/v2\/posts\/7819\/revisions"}],"predecessor-version":[{"id":15436,"href":"https:\/\/www.salzburgerland.com\/pl\/wp-json\/wp\/v2\/posts\/7819\/revisions\/15436"}],"wp:featuredmedia":[{"embeddable":true,"href":"https:\/\/www.salzburgerland.com\/pl\/wp-json\/wp\/v2\/media\/12054"}],"wp:attachment":[{"href":"https:\/\/www.salzburgerland.com\/pl\/wp-json\/wp\/v2\/media?parent=7819"}],"wp:term":[{"taxonomy":"category","embeddable":true,"href":"https:\/\/www.salzburgerland.com\/pl\/wp-json\/wp\/v2\/categories?post=7819"},{"taxonomy":"post_tag","embeddable":true,"href":"https:\/\/www.salzburgerland.com\/pl\/wp-json\/wp\/v2\/tags?post=7819"},{"taxonomy":"wl_entity_type","embeddable":true,"href":"https:\/\/www.salzburgerland.com\/pl\/wp-json\/wp\/v2\/wl_entity_type?post=7819"}],"curies":[{"name":"wp","href":"https:\/\/api.w.org\/{rel}","templated":true}]}}