{"id":6956,"date":"2020-07-24T12:05:05","date_gmt":"2020-07-24T10:05:05","guid":{"rendered":"https:\/\/www.salzburgerland.com\/pl\/?p=6956"},"modified":"2026-04-01T21:30:05","modified_gmt":"2026-04-01T19:30:05","slug":"salzburski-swiat-sportu-skalny-wawoz-liechtensteinklamm","status":"publish","type":"post","link":"https:\/\/www.salzburgerland.com\/pl\/salzburski-swiat-sportu-skalny-wawoz-liechtensteinklamm\/","title":{"rendered":"Skalny w\u0105w\u00f3z Liechtensteinklamm"},"content":{"rendered":"<h3>Cudowne dzie\u0142o natury<\/h3>\n<p><span style=\"background-color: rgba(46, 146, 255, 0.067);\">Nieokie\u0142znane wody rzeki<\/span> Gro\u00dfarler Ache pokaza\u0142y w okolicach St. Johann swoj\u0105 niebywa\u0142\u0105 si\u0142\u0119, wcinaj\u0105c si\u0119 przez tysi\u0105ce lat coraz g\u0142\u0119biej\u00a0 w ska\u0142y i pozostawiaj\u0105c po sobie unikatow\u0105 pami\u0105tk\u0119. Jest ni\u0105 g\u0142\u0119boki na 300 metr\u00f3w <a href=\"https:\/\/www.josalzburg.com\/en\/summer\/liechtenstein-gorge\" target=\"_blank\" rel=\"noopener noreferrer\">skalny w\u0105w\u00f3z Liechtensteinklamm, <\/a>zaliczaj\u0105cy si\u0119 do najg\u0142\u0119bszych i najpi\u0119kniejszych w Alpach. Ju\u017c przy wej\u015bciu do jego w\u0105skiego gard\u0142a s\u0142ycha\u0107 hucz\u0105ce masy wody. Kulisy d\u017awi\u0119kowe nie cichn\u0105 przez nast\u0119pne p\u00f3\u0142torej godziny \u2013 tyle bowiem potrzeba, aby przemierzy\u0107 w\u0105w\u00f3z do zamykaj\u0105cego go wodospadu i wr\u00f3ci\u0107 do punktu wyj\u015bcia, syc\u0105c si\u0119 po drodze jego pi\u0119knem. Ten huk jest wa\u017cn\u0105 cz\u0119\u015bci\u0105 spektaklu przyrody, podobnie jak nieustanna m\u017cawka, zwisaj\u0105ce ska\u0142y i bajkowe t\u0119cze. Woda mieni si\u0119 wszystkimi odcieniami b\u0142\u0119kitu i zieleni, masywne pnie drzew tkwi\u0105 zakleszczone pomi\u0119dzy skalnymi blokami, z potoku wystaj\u0105 omsza\u0142e kamienie. Dziwaczne formacje skalne przypominaj\u0105 g\u0142owy lw\u00f3w i byk\u00f3w. Spienione fale, strzelaj\u0105ce ku niebu \u015bciany, szparka b\u0142\u0119kitu nad g\u0142ow\u0105\u00a0i mieni\u0105ce si\u0119 w s\u0142o\u0144cu t\u0119cze robi\u0105 niesamowite wra\u017cenie. O nieobliczalnych kaprysach przyrody przypominaj\u0105 ostrze\u017cenia, by nie gromadzi\u0107 si\u0119 na pomostach i w zaw\u0119\u017ceniach.<\/p>\n<div style=\"width: 1930px\" class=\"wp-caption alignnone\"><img decoding=\"async\" src=\"https:\/\/cdn.salzburgerland.com\/cs\/wp-content\/uploads\/2020\/07\/lskmirjageh_234-1920x1067.jpg\" alt=\"\" width=\"1920\" height=\"1067\"><p class=\"wp-caption-text\">Woda przedziera si\u0119 przez ska\u0142y szlifuj\u0105c w nich osobliwe wzory \u00a9 MirjaGeh<\/p><\/div>\n<h3><strong>Historia<\/strong><\/h3>\n<p><span>Dost\u0119p do w\u0105wozu zawdzi\u0119czamy kilku niestrudzonym cz\u0142onkom lokalnego Alpenvereinu i naczelnemu architektowi, Aloisowi Larcherowi z Grins-Pians pod Landeck. Pierwsze pr\u00f3by udost\u0119pnienia w\u0105wozu mi\u0142o\u015bnikom przyrody\u00a0 zako\u0144czy\u0142y si\u0119 fiaskiem. Brakowa\u0142o pieni\u0119dzy do budowy bezpiecznych tuneli i podwieszonych do ska\u0142 chodnik\u00f3w.\u00a0 Zrezygnowani inicjatorzy projektu zwr\u00f3cili si\u0119 w\u00f3wczas o pomoc do ksi\u0119cia <strong>Johanna II von Liechtensteina<\/strong>, kt\u00f3ry przyje\u017cd\u017ca\u0142 do pobliskiego Gro\u00dfarl na polowania i s\u0142yn\u0105\u0142 ze swojego zami\u0142owania do natury i salzburskiej prowincji. Ten bez namys\u0142u udost\u0119pni\u0142 brakuje \u015brodki i projekt m\u00f3g\u0142 wreszcie doczeka\u0107 si\u0119 realizacji.\u00a0 W <strong>1876 roku<\/strong> w\u0105w\u00f3z zosta\u0142 oddany do u\u017cytku jako atrakcja turystyczna, a \u00f3wczesne kroniki zanotowa\u0142y w pierwszym roku a\u017c 12 tysi\u0119cy zwiedzaj\u0105cych. W podzi\u0119ce za pomoc finansow\u0105 miejsce to \u00a0nazwano na cze\u015b\u0107 fundatora jego nazwiskiem. <\/span><\/p>\n<div id=\"attachment_6989\" style=\"width: 1180px\" class=\"wp-caption alignnone\"><img decoding=\"async\" aria-describedby=\"caption-attachment-6989\" class=\"wp-image-6989 size-1170_658\" src=\"https:\/\/cdn.salzburgerland.com\/pl\/wp-content\/uploads\/2020\/07\/lsk-mirjageh_239-1920x1067-1-1170x658.jpg\" alt=\"\" width=\"1170\" height=\"658\" srcset=\"https:\/\/www.salzburgerland.com\/pl\/wp-content\/uploads\/2020\/07\/lsk-mirjageh_239-1920x1067-1-1170x658.jpg 1170w, https:\/\/www.salzburgerland.com\/pl\/wp-content\/uploads\/2020\/07\/lsk-mirjageh_239-1920x1067-1-1200x675.jpg 1200w\" sizes=\"(max-width: 1170px) 100vw, 1170px\"><p id=\"caption-attachment-6989\" class=\"wp-caption-text\">W\u0105w\u00f3z Liechtensteinklamm \u00a9 MirjaGeh<\/p><\/div>\n<h3><strong>Legenda<\/strong><\/h3>\n<p>Zanim jednak ksi\u0105\u017ce Johann von Liechtenstein udost\u0119pni\u0142 w\u0105w\u00f3z mi\u0142o\u015bnikom przyrody, penetrowanie tego miejsca wymaga\u0142o niebywa\u0142ej odwagi. Cho\u0107 \u015bmia\u0142k\u00f3w nigdy nie brakowa\u0142o. Drwale zapuszczali si\u0119 w t\u0119 niebezpieczn\u0105 otch\u0142a\u0144 w poszukiwaniu drewna, my\u015bliwi \u2013 tropi\u0105c zwierzyn\u0119. Przez wieki mieszka\u0144cy regionu wierzyli w lecznicze w\u0142a\u015bciwo\u015bci ciep\u0142ych \u017ar\u00f3de\u0142ek p\u0142yn\u0105cej w\u0105wozem rzeki i pr\u00f3bowali pozyska\u0107 ich wod\u0119. Nie bacz\u0105c na czyhaj\u0105ce niebezpiecze\u0144stwa, wyprawiali si\u0119 tam nawet zim\u0105, po \u015bniegu i lodzie. Para wodna zdradza\u0142a miejsca, w kt\u00f3rych woda wyst\u0119powa\u0142a na powierzchni\u0119 ziemi. Wszystkie zabiegi s\u0142u\u017c\u0105ce stworzeniu dogodnego dost\u0119pu do tych \u017ar\u00f3de\u0142ek spe\u0142za\u0142y jednak na niczym. A wszystkim tym poczynaniom towarzyszy\u0142a legenda o diable, kt\u00f3ry da\u0142 si\u0119 wci\u0105gn\u0105\u0107 w zak\u0142ad, \u017ce w kr\u00f3tkim czasie przeniesie wod\u0119 przez Alpy do doliny <span>Gro\u00dfarl. Mimo wysi\u0142ku i nadprzyrodzonych si\u0142 nie uda\u0142o mu si\u0119 to. Przegrana tak go rozsierdzi\u0142a, \u017ce<\/span> cisn\u0105\u0142 \u017ar\u00f3dlan\u0105 wod\u0119 mi\u0119dzy skalne \u015bciany, a ta tak si\u0119 rozprysn\u0119\u0142a po okolicy, \u017ce sta\u0142a si\u0119 nieuchwytna dla ludzi.<\/p>\n<div id=\"attachment_6984\" style=\"width: 1180px\" class=\"wp-caption alignnone\"><img decoding=\"async\" aria-describedby=\"caption-attachment-6984\" class=\"wp-image-6984 size-1170_658\" src=\"https:\/\/cdn.salzburgerland.com\/pl\/wp-content\/uploads\/2020\/07\/liechtensteinklamm00014-e1487076840358-1888x1067-1-1170x658.jpg\" alt=\"\" width=\"1170\" height=\"658\" srcset=\"https:\/\/www.salzburgerland.com\/pl\/wp-content\/uploads\/2020\/07\/liechtensteinklamm00014-e1487076840358-1888x1067-1-1170x658.jpg 1170w, https:\/\/www.salzburgerland.com\/pl\/wp-content\/uploads\/2020\/07\/liechtensteinklamm00014-e1487076840358-1888x1067-1-1200x675.jpg 1200w\" sizes=\"(max-width: 1170px) 100vw, 1170px\"><p id=\"caption-attachment-6984\" class=\"wp-caption-text\">Liechtensteinklamm \u00a9 MirjaGeh<\/p><\/div>\n<h3>Kr\u0119tymi schodami do gard\u0142a w\u0105wozu<\/h3>\n<p>Now\u0105 atrakcj\u0105 Liechtensteinklamm s\u0105 d\u0142ugie na <strong>30 metr\u00f3w<\/strong> kr\u0119cone schody <strong>\u201eHelix\u201d<\/strong>, wykonane z rdzawej, odpornej na warunki atmosferyczne stali kortenowskiej. <strong>Spirala schod\u00f3w<\/strong> prowadzi w g\u0142\u0105b kanionu, gdzie stajemy niemal oko w oko z pi\u0119knym spektalem przyrody.<\/p>\n<div style=\"width: 1180px\" class=\"wp-caption alignnone\"><img decoding=\"async\" class=\"size-large\" src=\"https:\/\/cdn.salzburgerland.com\/de\/wp-content\/uploads\/2016\/08\/lsk-mirjageh_386-1170x658.jpg\" width=\"1170\" height=\"658\"><p class=\"wp-caption-text\">Helix, czyli d\u0142uga spirala schod\u00f3w do serca w\u0105wozu, Liechtensteinklamm \u00a9 MirjaGeh<\/p><\/div>\n<p><span>W ramach prowadzonych w ostatnich latach prac remontowych powsta\u0142y <strong>trzy tunele<\/strong>, <strong>cztery galerie<\/strong> i <strong>60 siatek zabezpieczaj\u0105cych przed kamiennymi lawinami<\/strong> (o \u0142\u0105cznej d\u0142. 1100 m.) Starannie oczyszczono strome, wysokei ska\u0142y i zwisy skalne, a\u00a0 dla zwi\u0119kszenia bezpiecze\u0144stwa zainstalowano <strong>system monitoringu<\/strong>, wychwytuj\u0105cy nawet milimetrowe ruchy wewn\u0105trz ska\u0142.\u00a0<\/span><\/p>\n<h3>Informacje praktyczne<\/h3>\n<ul>\n<li>Za miastem St. Johann\u00a0 nale\u017cy opu\u015bci\u0107 drog\u0119 krajow\u0105 B311 i kierowa\u0107 si\u0119 zgodnie z drogowskazem na Liechtensteinklamm. Droga dociera do<strong> szeregu parking\u00f3w.<\/strong> Przy najbli\u017cszym w\u0105wozowi parkingu znajduj\u0105 si\u0119 toalety. St\u0105d udajemy si\u0119 spacerem do kas (ok. 400 metr\u00f3w). Po drodze mijamy <strong>dwie karczmy<\/strong>.<\/li>\n<li>Starannie zabezpieczony szlak przez w\u0105w\u00f3z ma <strong>1,5 km<\/strong>. W\u0119dr\u00f3wka zajmuje <strong>ok. 1,5 godziny<\/strong>. Nie jest to szlak okr\u0119\u017cny, wracamy t\u0105 sam\u0105 drog\u0105, ale za to zmienia si\u0119 perspektywa widokowa.<\/li>\n<li>W\u0105w\u00f3z dost\u0119pny jest dla zwiedzaj\u0105cych dzi\u0119ki<strong> schodom<\/strong>, <strong>w\u0105skim chodnikom,<\/strong>\u00a0<strong>tunelom<\/strong>, <strong>platformom widokowym<\/strong> kt\u00f3re, niestety, nie s\u0105 przejezdne dla w\u00f3zk\u00f3w dzieci\u0119cych i inwalidzkich. Ma\u0142e dzieci mo\u017cna zabra\u0107 w nosidle.<\/li>\n<li>Psy dozwolone s\u0105 w kaga\u0144cu i na kr\u00f3tkiej smyczy.<\/li>\n<li>Po drodze jest do pokonania<strong> 440 schod\u00f3w<\/strong> (w d\u00f3\u0142 i w g\u00f3r\u0119) i <strong>ok. 100 m przewy\u017cszenia<\/strong>. Osobom z niepe\u0142nosprawno\u015bci\u0105 ruchow\u0105 lub z problemami kr\u0105\u017cenia odradza si\u0119 odwiedziny w w\u0105wozie.<\/li>\n<li>Najpi\u0119kiej w\u0105w\u00f3z prezentuje si\u0119<strong> w godzinach przedpo\u0142udniowych<\/strong> i <strong>p\u00f3\u017anym popo\u0142udniem<\/strong>. W <span style=\"background-color: rgba(46, 146, 255, 0.2);\">sezonie wakacyjnym<\/span> i przy brzydkiej pogodzie najwi\u0119cej turyst\u00f3w przybywa tu mi\u0119dzy 10.00 a 14.00. W miar\u0119 mo\u017cliwo\u015bci wybierz inne godziny na zwiedzanie.<\/li>\n<li>Pami\u0119taj o zabraniu ze sob\u0105 <strong>solidnego obuwia<\/strong>.We\u017a ze sob\u0105 <strong>cieplejsz\u0105 odzie\u017c,<\/strong> poniewa\u017c w w\u0105wozie nawet w upalne dni jest ch\u0142odno.<\/li>\n<li>W\u0105w\u00f3z Liechtensteinklamm wart jest zwiedzenia przy ka\u017cdej pogodzie. W upalne dni oferuje przyjemn\u0105 och\u0142od\u0119, a w czasie deszczu niezwyk\u0142e wra\u017cenie robi wi\u0119ksza ilo\u015b\u0107 i si\u0142a dzikiej wody. Przy ekstremalnych warunk\u00f3w pogodowych, takich jak burze, \u015bnie\u017cyce czy zagro\u017cenie powodziowe, w\u0105w\u00f3z pozostaje zamkni\u0119ty.<\/li>\n<li>Posiadacze <a href=\"https:\/\/www.salzburgerland.com\/pl\/salzburgerland-card\/\" target=\"_blank\" rel=\"noopener noreferrer\"><strong>SalzburgerLand Card<\/strong><\/a> korzystaj\u0105 jednorazowo z wolnego wst\u0119pu do w\u0105wozu.<\/li>\n<li><a href=\"https:\/\/www.josalzburg.com\/en\/summer\/liechtenstein-gorge\" target=\"_blank\" rel=\"noopener noreferrer\">Wi\u0119cej informacji w j\u0119zyku angielskim<\/a><\/li>\n<\/ul>\n\n\t\t\t<div id=\"6956-1\" class=\"gallery gallery-6956 gallery-columns-3 gallery-size-1170_658\" itemscope itemtype=\"http:\/\/schema.org\/ImageGallery\">\n\t\t\t\t<ul class=\"gallery-row gallery-col-3 gallery-clear\">\n\t\t\t\t\t<li class=\"gallery-item col-3\" itemprop=\"associatedMedia\" itemscope itemtype=\"http:\/\/schema.org\/ImageObject\">\n\t\t\t\t\t\t<div class=\"gallery-icon landscape\"><a href=\"https:\/\/www.salzburgerland.com\/pl\/wp-content\/uploads\/2020\/07\/lsk-mirjageh_270-1920x1067-1.jpg\" title=\"lsk-mirjageh_270-1920x1067\"><img decoding=\"async\" data-title=\"Liechtensteinklamm \u00a9 MirjaGeh\" title=\"Liechtensteinklamm \u00a9 MirjaGeh\" data-caption=\"Liechtensteinklamm \u00a9 MirjaGeh\" width=\"1170\" height=\"658\" src=\"https:\/\/www.salzburgerland.com\/pl\/wp-content\/uploads\/2020\/07\/lsk-mirjageh_270-1920x1067-1-1170x658.jpg\" class=\"attachment-1170_658 size-1170_658\" alt=\"U\u015bmiechni\u0119ta para w\u0119druje przez Skalny w\u0105w\u00f3z Liechtensteinklamm, kobieta wskazuje przed siebie wzd\u0142u\u017c skalistej \u015bcie\u017cki. (Powi\u0119kszony widok)\" srcset=\"https:\/\/www.salzburgerland.com\/pl\/wp-content\/uploads\/2020\/07\/lsk-mirjageh_270-1920x1067-1-1170x658.jpg 1170w, https:\/\/www.salzburgerland.com\/pl\/wp-content\/uploads\/2020\/07\/lsk-mirjageh_270-1920x1067-1-1200x675.jpg 1200w\" sizes=\"(max-width: 1170px) 100vw, 1170px\" aria-describedby=\"figcaption-6956-6990\" itemprop=\"thumbnail\"><\/a><\/div>\n\t\t\t\t\t\t<span id=\"figcaption-6956-6990\" class=\"gallery-caption\" itemprop=\"caption\"><span aria-hidden=\"true\">Liechtensteinklamm \u00a9 MirjaGeh<\/span><\/span>\n\t\t\t\t\t<\/li>\n\t\t\t\t\t<li class=\"gallery-item col-3\" itemprop=\"associatedMedia\" itemscope itemtype=\"http:\/\/schema.org\/ImageObject\">\n\t\t\t\t\t\t<div class=\"gallery-icon landscape\"><a href=\"https:\/\/www.salzburgerland.com\/pl\/wp-content\/uploads\/2020\/07\/lsk-mirjageh_334-1920x1067-1.jpg\" title=\"lsk-mirjageh_334-1920x1067\"><img decoding=\"async\" data-title=\"Liechtensteinklamm \u00a9 SalzburgerLand Tourismus, MirjaGeh\" title=\"Liechtensteinklamm \u00a9 SalzburgerLand Tourismus, MirjaGeh\" data-caption=\"Liechtensteinklamm \u00a9 SalzburgerLand Tourismus, MirjaGeh\" width=\"1170\" height=\"658\" src=\"https:\/\/www.salzburgerland.com\/pl\/wp-content\/uploads\/2020\/07\/lsk-mirjageh_334-1920x1067-1-1170x658.jpg\" class=\"attachment-1170_658 size-1170_658\" alt=\"Dwie osoby na platformie w Skalnym w\u0105wozie Liechtensteinklamm podziwiaj\u0105 bujn\u0105, skalist\u0105 le\u015bn\u0105 sceneri\u0119. (Powi\u0119kszony widok)\" srcset=\"https:\/\/www.salzburgerland.com\/pl\/wp-content\/uploads\/2020\/07\/lsk-mirjageh_334-1920x1067-1-1170x658.jpg 1170w, https:\/\/www.salzburgerland.com\/pl\/wp-content\/uploads\/2020\/07\/lsk-mirjageh_334-1920x1067-1-1200x675.jpg 1200w\" sizes=\"(max-width: 1170px) 100vw, 1170px\" aria-describedby=\"figcaption-6956-6992\" itemprop=\"thumbnail\"><\/a><\/div>\n\t\t\t\t\t\t<span id=\"figcaption-6956-6992\" class=\"gallery-caption\" itemprop=\"caption\"><span aria-hidden=\"true\">Liechtensteinklamm \u00a9 SalzburgerLand Tourismus, MirjaGeh<\/span><\/span>\n\t\t\t\t\t<\/li>\n\t\t\t\t\t<li class=\"gallery-item col-3\" itemprop=\"associatedMedia\" itemscope itemtype=\"http:\/\/schema.org\/ImageObject\">\n\t\t\t\t\t\t<div class=\"gallery-icon landscape\"><a href=\"https:\/\/www.salzburgerland.com\/pl\/wp-content\/uploads\/2020\/07\/lsk-mirjageh_289-1920x1067-1.jpg\" title=\"lsk-mirjageh_289-1920x1067\"><img decoding=\"async\" data-title=\"Liechtensteinklamm \u00a9 JO Salzburg, MirjaGeh\" title=\"Liechtensteinklamm \u00a9 JO Salzburg, MirjaGeh\" data-caption=\"Liechtensteinklamm \u00a9 JO Salzburg, MirjaGeh\" width=\"1170\" height=\"658\" src=\"https:\/\/www.salzburgerland.com\/pl\/wp-content\/uploads\/2020\/07\/lsk-mirjageh_289-1920x1067-1-1170x658.jpg\" class=\"attachment-1170_658 size-1170_658\" alt=\"Zdziwiona dziewczyna z kr\u0119conymi w\u0142osami stoi przed wysokim wodospadem w Skalnym w\u0105wozie Liechtensteinklamm. (Powi\u0119kszony widok)\" srcset=\"https:\/\/www.salzburgerland.com\/pl\/wp-content\/uploads\/2020\/07\/lsk-mirjageh_289-1920x1067-1-1170x658.jpg 1170w, https:\/\/www.salzburgerland.com\/pl\/wp-content\/uploads\/2020\/07\/lsk-mirjageh_289-1920x1067-1-1200x675.jpg 1200w\" sizes=\"(max-width: 1170px) 100vw, 1170px\" aria-describedby=\"figcaption-6956-6991\" itemprop=\"thumbnail\"><\/a><\/div>\n\t\t\t\t\t\t<span id=\"figcaption-6956-6991\" class=\"gallery-caption\" itemprop=\"caption\"><span aria-hidden=\"true\">Liechtensteinklamm \u00a9 JO Salzburg, MirjaGeh<\/span><\/span>\n\t\t\t\t\t<\/li>\n\t\t\t\t<\/ul>\n\t\t\t<\/div><!-- .gallery -->\n\n","protected":false},"excerpt":{"rendered":"<p>Cudowne dzie\u0142o natury Nieokie\u0142znane wody rzeki Gro\u00dfarler Ache pokaza\u0142y w okolicach St. Johann swoj\u0105 niebywa\u0142\u0105 si\u0142\u0119, wcinaj\u0105c si\u0119 przez tysi\u0105ce lat coraz g\u0142\u0119biej\u00a0 w ska\u0142y i pozostawiaj\u0105c po sobie unikatow\u0105 pami\u0105tk\u0119. Jest ni\u0105 g\u0142\u0119boki na 300 metr\u00f3w skalny w\u0105w\u00f3z Liechtensteinklamm, zaliczaj\u0105cy si\u0119 do najg\u0142\u0119bszych i najpi\u0119kniejszych w Alpach. Ju\u017c przy wej\u015bciu do jego w\u0105skiego gard\u0142a [&hellip;]<\/p>\n","protected":false},"author":4,"featured_media":27671,"comment_status":"closed","ping_status":"closed","sticky":false,"template":"","format":"standard","meta":{"_acf_changed":false,"wl_entities_gutenberg":"","_relevanssi_hide_post":"","_relevanssi_hide_content":"","_relevanssi_pin_for_all":"","_relevanssi_pin_keywords":"","_relevanssi_unpin_keywords":"","_relevanssi_related_keywords":"","_relevanssi_related_include_ids":"","_relevanssi_related_exclude_ids":"","_relevanssi_related_no_append":"","_relevanssi_related_not_related":"","_relevanssi_related_posts":"","_relevanssi_noindex_reason":"","footnotes":""},"categories":[1],"tags":[676,343,112,679,677,675,334,303,342,668,657,306,678,245],"wl_entity_type":[7],"class_list":["post-6956","post","type-post","status-publish","format-standard","has-post-thumbnail","hentry","category-uncategorized","tag-10-powodow","tag-alpejski-wawoz","tag-atrakcje-turystyczne","tag-bogactwo-wodne-na-ziemi-salzburskiej","tag-dla-ktorych-warto-zaopatrzyc-sie-w-salzburgerland-card","tag-najwieksze-atrakcje-turystyczne","tag-salzburg-od-kuchni","tag-salzburgerland-card","tag-skalny-wawoz","tag-tak-smakuje-ziemia-salzburska","tag-to-warto-zwiedzic-na-ziemi-salzburskiej","tag-woda-na-ziemi-salzburskiej","tag-woden-bogactwo-ziemi-salzburskiej","tag-wypoczynek-nad-woda","wl_entity_type-place"],"acf":[],"yoast_head":"<!-- This site is optimized with the Yoast SEO Premium plugin v27.4 (Yoast SEO v27.4) - https:\/\/yoast.com\/product\/yoast-seo-premium-wordpress\/ -->\n<title>Skalny w\u0105w\u00f3z Liechtensteinklamm \u00bb SalzburgerLand.com<\/title>\n<meta name=\"description\" content=\"%%cf_teasertext%% Spektakl przyrody, najpi\u0119kniejszy w\u0105w\u00f3z w Alpach\" \/>\n<meta name=\"robots\" content=\"index, follow, max-snippet:-1, max-image-preview:large, max-video-preview:-1\" \/>\n<link rel=\"canonical\" href=\"https:\/\/www.salzburgerland.com\/pl\/salzburski-swiat-sportu-skalny-wawoz-liechtensteinklamm\/\" \/>\n<meta property=\"og:locale\" content=\"pl_PL\" \/>\n<meta property=\"og:type\" content=\"article\" \/>\n<meta property=\"og:title\" content=\"Skalny w\u0105w\u00f3z Liechtensteinklamm\" \/>\n<meta property=\"og:description\" content=\"Cudowne dzie\u0142o natury Nieokie\u0142znane wody rzeki Gro\u00dfarler Ache pokaza\u0142y w okolicach St. Johann swoj\u0105 niebywa\u0142\u0105 si\u0142\u0119, wcinaj\u0105c si\u0119 przez tysi\u0105ce lat coraz\" \/>\n<meta property=\"og:url\" content=\"https:\/\/www.salzburgerland.com\/pl\/salzburski-swiat-sportu-skalny-wawoz-liechtensteinklamm\/\" \/>\n<meta property=\"og:site_name\" content=\"SalzburgerLand.com\" \/>\n<meta property=\"article:publisher\" content=\"https:\/\/www.facebook.com\/visitsalzburgerland\/\" \/>\n<meta property=\"article:published_time\" content=\"2020-07-24T10:05:05+00:00\" \/>\n<meta property=\"article:modified_time\" content=\"2026-04-01T19:30:05+00:00\" \/>\n<meta property=\"og:image\" content=\"https:\/\/www.salzburgerland.com\/pl\/wp-content\/uploads\/2020\/07\/23_st_johann_in_salzburg_sommer_liechtensteinklamm_wandern_2-1200x675.jpg\" \/>\n\t<meta property=\"og:image:width\" content=\"1200\" \/>\n\t<meta property=\"og:image:height\" content=\"675\" \/>\n\t<meta property=\"og:image:type\" content=\"image\/jpeg\" \/>\n<meta name=\"author\" content=\"Izabela Gartner\" \/>\n<meta name=\"twitter:card\" content=\"summary_large_image\" \/>\n<meta name=\"twitter:creator\" content=\"@salzburgerland\" \/>\n<meta name=\"twitter:site\" content=\"@salzburgerland\" \/>\n<meta name=\"twitter:label1\" content=\"Napisane przez\" \/>\n\t<meta name=\"twitter:data1\" content=\"Izabela Gartner\" \/>\n\t<meta name=\"twitter:label2\" content=\"Szacowany czas czytania\" \/>\n\t<meta name=\"twitter:data2\" content=\"7 minut\" \/>\n<script type=\"application\/ld+json\" class=\"yoast-schema-graph\">{\"@context\":\"https:\\\/\\\/schema.org\",\"@graph\":[{\"@type\":\"Article\",\"@id\":\"https:\\\/\\\/www.salzburgerland.com\\\/pl\\\/salzburski-swiat-sportu-skalny-wawoz-liechtensteinklamm\\\/#article\",\"isPartOf\":{\"@id\":\"https:\\\/\\\/www.salzburgerland.com\\\/pl\\\/salzburski-swiat-sportu-skalny-wawoz-liechtensteinklamm\\\/\"},\"author\":{\"name\":\"Izabela Gartner\",\"@id\":\"https:\\\/\\\/www.salzburgerland.com\\\/pl\\\/#\\\/schema\\\/person\\\/c10420e9897d4ca984317db556f04804\"},\"headline\":\"Skalny w\u0105w\u00f3z Liechtensteinklamm\",\"datePublished\":\"2020-07-24T10:05:05+00:00\",\"dateModified\":\"2026-04-01T19:30:05+00:00\",\"mainEntityOfPage\":{\"@id\":\"https:\\\/\\\/www.salzburgerland.com\\\/pl\\\/salzburski-swiat-sportu-skalny-wawoz-liechtensteinklamm\\\/\"},\"wordCount\":1049,\"image\":{\"@id\":\"https:\\\/\\\/www.salzburgerland.com\\\/pl\\\/salzburski-swiat-sportu-skalny-wawoz-liechtensteinklamm\\\/#primaryimage\"},\"thumbnailUrl\":\"https:\\\/\\\/www.salzburgerland.com\\\/pl\\\/wp-content\\\/uploads\\\/2020\\\/07\\\/23_st_johann_in_salzburg_sommer_liechtensteinklamm_wandern_2.jpg\",\"keywords\":[\"10 powod\u00f3w\",\"alpejski w\u0105w\u00f3z\",\"Atrakcje turystyczne\",\"bogactwo wodne na Ziemi Salzburskiej\",\"dla kt\u00f3rych warto zaopatrzy\u0107 si\u0119 w SalzburgerLand Card\",\"Najwi\u0119ksze atrakcje turystyczne\",\"Salzburg od kuchni\",\"SalzburgerLand Card\",\"skalny w\u0105w\u00f3z\",\"Tak smakuje Ziemia Salzburska\",\"To warto zwiedzi\u0107 na Ziemi Salzburskiej\",\"woda na Ziemi Salzburskiej\",\"Woden bogactwo Ziemi Salzburskiej\",\"wypoczynek nad wod\u0105\"],\"articleSection\":[\"Uncategorized\"],\"inLanguage\":\"pl-PL\"},{\"@type\":\"WebPage\",\"@id\":\"https:\\\/\\\/www.salzburgerland.com\\\/pl\\\/salzburski-swiat-sportu-skalny-wawoz-liechtensteinklamm\\\/\",\"url\":\"https:\\\/\\\/www.salzburgerland.com\\\/pl\\\/salzburski-swiat-sportu-skalny-wawoz-liechtensteinklamm\\\/\",\"name\":\"Skalny w\u0105w\u00f3z Liechtensteinklamm \u00bb SalzburgerLand.com\",\"isPartOf\":{\"@id\":\"https:\\\/\\\/www.salzburgerland.com\\\/pl\\\/#website\"},\"primaryImageOfPage\":{\"@id\":\"https:\\\/\\\/www.salzburgerland.com\\\/pl\\\/salzburski-swiat-sportu-skalny-wawoz-liechtensteinklamm\\\/#primaryimage\"},\"image\":{\"@id\":\"https:\\\/\\\/www.salzburgerland.com\\\/pl\\\/salzburski-swiat-sportu-skalny-wawoz-liechtensteinklamm\\\/#primaryimage\"},\"thumbnailUrl\":\"https:\\\/\\\/www.salzburgerland.com\\\/pl\\\/wp-content\\\/uploads\\\/2020\\\/07\\\/23_st_johann_in_salzburg_sommer_liechtensteinklamm_wandern_2.jpg\",\"datePublished\":\"2020-07-24T10:05:05+00:00\",\"dateModified\":\"2026-04-01T19:30:05+00:00\",\"author\":{\"@id\":\"https:\\\/\\\/www.salzburgerland.com\\\/pl\\\/#\\\/schema\\\/person\\\/c10420e9897d4ca984317db556f04804\"},\"description\":\"Fascynuj\u0105cy spektakl przyrody ze stromymi ska\u0142ami, nieokie\u0142znan\u0105 wod\u0105 i promieniami s\u0142o\u0144ca w roli g\u0142\u00f3wnej. Spektakl przyrody, najpi\u0119kniejszy w\u0105w\u00f3z w Alpach\",\"breadcrumb\":{\"@id\":\"https:\\\/\\\/www.salzburgerland.com\\\/pl\\\/salzburski-swiat-sportu-skalny-wawoz-liechtensteinklamm\\\/#breadcrumb\"},\"inLanguage\":\"pl-PL\",\"potentialAction\":[{\"@type\":\"ReadAction\",\"target\":[\"https:\\\/\\\/www.salzburgerland.com\\\/pl\\\/salzburski-swiat-sportu-skalny-wawoz-liechtensteinklamm\\\/\"]}]},{\"@type\":\"ImageObject\",\"inLanguage\":\"pl-PL\",\"@id\":\"https:\\\/\\\/www.salzburgerland.com\\\/pl\\\/salzburski-swiat-sportu-skalny-wawoz-liechtensteinklamm\\\/#primaryimage\",\"url\":\"https:\\\/\\\/www.salzburgerland.com\\\/pl\\\/wp-content\\\/uploads\\\/2020\\\/07\\\/23_st_johann_in_salzburg_sommer_liechtensteinklamm_wandern_2.jpg\",\"contentUrl\":\"https:\\\/\\\/www.salzburgerland.com\\\/pl\\\/wp-content\\\/uploads\\\/2020\\\/07\\\/23_st_johann_in_salzburg_sommer_liechtensteinklamm_wandern_2.jpg\",\"width\":2560,\"height\":1705,\"caption\":\"Szlak w\u0119drowny w g\u0142\u0105b w\u0105wozu Liechtensteinklamm \u00a9 JOsalzburg\"},{\"@type\":\"BreadcrumbList\",\"@id\":\"https:\\\/\\\/www.salzburgerland.com\\\/pl\\\/salzburski-swiat-sportu-skalny-wawoz-liechtensteinklamm\\\/#breadcrumb\",\"itemListElement\":[{\"@type\":\"ListItem\",\"position\":1,\"name\":\"To warto zobaczy\u0107 na Ziemi Salzburskiej\",\"item\":\"https:\\\/\\\/www.salzburgerland.com\\\/pl\\\/to-warto-zobaczyc-na-ziemi-salzburskiej\\\/\"},{\"@type\":\"ListItem\",\"position\":2,\"name\":\"Skalny w\u0105w\u00f3z Liechtensteinklamm\"}]},{\"@type\":\"WebSite\",\"@id\":\"https:\\\/\\\/www.salzburgerland.com\\\/pl\\\/#website\",\"url\":\"https:\\\/\\\/www.salzburgerland.com\\\/pl\\\/\",\"name\":\"SalzburgerLand.com\",\"description\":\"Urlop Salzburg : hotele : turystyka Ziemia Salzburska : kultura : rodzinny urlop Ziemia Salzburska : informacja turystyczna : noclegi Austria : aktywny wypoczynek\",\"potentialAction\":[{\"@type\":\"SearchAction\",\"target\":{\"@type\":\"EntryPoint\",\"urlTemplate\":\"https:\\\/\\\/www.salzburgerland.com\\\/pl\\\/?s={search_term_string}\"},\"query-input\":{\"@type\":\"PropertyValueSpecification\",\"valueRequired\":true,\"valueName\":\"search_term_string\"}}],\"inLanguage\":\"pl-PL\"},{\"@type\":\"Person\",\"@id\":\"https:\\\/\\\/www.salzburgerland.com\\\/pl\\\/#\\\/schema\\\/person\\\/c10420e9897d4ca984317db556f04804\",\"name\":\"Izabela Gartner\",\"image\":{\"@type\":\"ImageObject\",\"inLanguage\":\"pl-PL\",\"@id\":\"https:\\\/\\\/secure.gravatar.com\\\/avatar\\\/062a6263a145aaa718f0b029a735b6557e456ff63f9e65056a4352d3c0a06e4d?s=96&d=mm&r=g\",\"url\":\"https:\\\/\\\/secure.gravatar.com\\\/avatar\\\/062a6263a145aaa718f0b029a735b6557e456ff63f9e65056a4352d3c0a06e4d?s=96&d=mm&r=g\",\"contentUrl\":\"https:\\\/\\\/secure.gravatar.com\\\/avatar\\\/062a6263a145aaa718f0b029a735b6557e456ff63f9e65056a4352d3c0a06e4d?s=96&d=mm&r=g\",\"caption\":\"Izabela Gartner\"}}]}<\/script>\n<meta property=\"og:video\" content=\"https:\/\/www.youtube.com\/embed\/rlEaOHRoPBg\" \/>\n<meta property=\"og:video:type\" content=\"text\/html\" \/>\n<meta property=\"og:video:duration\" content=\"163\" \/>\n<meta property=\"og:video:width\" content=\"480\" \/>\n<meta property=\"og:video:height\" content=\"270\" \/>\n<meta property=\"ya:ovs:adult\" content=\"false\" \/>\n<meta property=\"ya:ovs:upload_date\" content=\"2020-07-24T10:05:05+00:00\" \/>\n<meta property=\"ya:ovs:allow_embed\" content=\"true\" \/>\n<!-- \/ Yoast SEO Premium plugin. -->","yoast_head_json":{"title":"Skalny w\u0105w\u00f3z Liechtensteinklamm \u00bb SalzburgerLand.com","description":"%%cf_teasertext%% Spektakl przyrody, najpi\u0119kniejszy w\u0105w\u00f3z w Alpach","robots":{"index":"index","follow":"follow","max-snippet":"max-snippet:-1","max-image-preview":"max-image-preview:large","max-video-preview":"max-video-preview:-1"},"canonical":"https:\/\/www.salzburgerland.com\/pl\/salzburski-swiat-sportu-skalny-wawoz-liechtensteinklamm\/","og_locale":"pl_PL","og_type":"article","og_title":"Skalny w\u0105w\u00f3z Liechtensteinklamm","og_description":"Cudowne dzie\u0142o natury Nieokie\u0142znane wody rzeki Gro\u00dfarler Ache pokaza\u0142y w okolicach St. Johann swoj\u0105 niebywa\u0142\u0105 si\u0142\u0119, wcinaj\u0105c si\u0119 przez tysi\u0105ce lat coraz","og_url":"https:\/\/www.salzburgerland.com\/pl\/salzburski-swiat-sportu-skalny-wawoz-liechtensteinklamm\/","og_site_name":"SalzburgerLand.com","article_publisher":"https:\/\/www.facebook.com\/visitsalzburgerland\/","article_published_time":"2020-07-24T10:05:05+00:00","article_modified_time":"2026-04-01T19:30:05+00:00","og_image":[{"width":1200,"height":675,"url":"https:\/\/www.salzburgerland.com\/pl\/wp-content\/uploads\/2020\/07\/23_st_johann_in_salzburg_sommer_liechtensteinklamm_wandern_2-1200x675.jpg","type":"image\/jpeg"}],"author":"Izabela Gartner","twitter_card":"summary_large_image","twitter_creator":"@salzburgerland","twitter_site":"@salzburgerland","twitter_misc":{"Napisane przez":"Izabela Gartner","Szacowany czas czytania":"7 minut"},"schema":{"@context":"https:\/\/schema.org","@graph":[{"@type":"Article","@id":"https:\/\/www.salzburgerland.com\/pl\/salzburski-swiat-sportu-skalny-wawoz-liechtensteinklamm\/#article","isPartOf":{"@id":"https:\/\/www.salzburgerland.com\/pl\/salzburski-swiat-sportu-skalny-wawoz-liechtensteinklamm\/"},"author":{"name":"Izabela Gartner","@id":"https:\/\/www.salzburgerland.com\/pl\/#\/schema\/person\/c10420e9897d4ca984317db556f04804"},"headline":"Skalny w\u0105w\u00f3z Liechtensteinklamm","datePublished":"2020-07-24T10:05:05+00:00","dateModified":"2026-04-01T19:30:05+00:00","mainEntityOfPage":{"@id":"https:\/\/www.salzburgerland.com\/pl\/salzburski-swiat-sportu-skalny-wawoz-liechtensteinklamm\/"},"wordCount":1049,"image":{"@id":"https:\/\/www.salzburgerland.com\/pl\/salzburski-swiat-sportu-skalny-wawoz-liechtensteinklamm\/#primaryimage"},"thumbnailUrl":"https:\/\/www.salzburgerland.com\/pl\/wp-content\/uploads\/2020\/07\/23_st_johann_in_salzburg_sommer_liechtensteinklamm_wandern_2.jpg","keywords":["10 powod\u00f3w","alpejski w\u0105w\u00f3z","Atrakcje turystyczne","bogactwo wodne na Ziemi Salzburskiej","dla kt\u00f3rych warto zaopatrzy\u0107 si\u0119 w SalzburgerLand Card","Najwi\u0119ksze atrakcje turystyczne","Salzburg od kuchni","SalzburgerLand Card","skalny w\u0105w\u00f3z","Tak smakuje Ziemia Salzburska","To warto zwiedzi\u0107 na Ziemi Salzburskiej","woda na Ziemi Salzburskiej","Woden bogactwo Ziemi Salzburskiej","wypoczynek nad wod\u0105"],"articleSection":["Uncategorized"],"inLanguage":"pl-PL"},{"@type":"WebPage","@id":"https:\/\/www.salzburgerland.com\/pl\/salzburski-swiat-sportu-skalny-wawoz-liechtensteinklamm\/","url":"https:\/\/www.salzburgerland.com\/pl\/salzburski-swiat-sportu-skalny-wawoz-liechtensteinklamm\/","name":"Skalny w\u0105w\u00f3z Liechtensteinklamm \u00bb SalzburgerLand.com","isPartOf":{"@id":"https:\/\/www.salzburgerland.com\/pl\/#website"},"primaryImageOfPage":{"@id":"https:\/\/www.salzburgerland.com\/pl\/salzburski-swiat-sportu-skalny-wawoz-liechtensteinklamm\/#primaryimage"},"image":{"@id":"https:\/\/www.salzburgerland.com\/pl\/salzburski-swiat-sportu-skalny-wawoz-liechtensteinklamm\/#primaryimage"},"thumbnailUrl":"https:\/\/www.salzburgerland.com\/pl\/wp-content\/uploads\/2020\/07\/23_st_johann_in_salzburg_sommer_liechtensteinklamm_wandern_2.jpg","datePublished":"2020-07-24T10:05:05+00:00","dateModified":"2026-04-01T19:30:05+00:00","author":{"@id":"https:\/\/www.salzburgerland.com\/pl\/#\/schema\/person\/c10420e9897d4ca984317db556f04804"},"description":"Fascynuj\u0105cy spektakl przyrody ze stromymi ska\u0142ami, nieokie\u0142znan\u0105 wod\u0105 i promieniami s\u0142o\u0144ca w roli g\u0142\u00f3wnej. Spektakl przyrody, najpi\u0119kniejszy w\u0105w\u00f3z w Alpach","breadcrumb":{"@id":"https:\/\/www.salzburgerland.com\/pl\/salzburski-swiat-sportu-skalny-wawoz-liechtensteinklamm\/#breadcrumb"},"inLanguage":"pl-PL","potentialAction":[{"@type":"ReadAction","target":["https:\/\/www.salzburgerland.com\/pl\/salzburski-swiat-sportu-skalny-wawoz-liechtensteinklamm\/"]}]},{"@type":"ImageObject","inLanguage":"pl-PL","@id":"https:\/\/www.salzburgerland.com\/pl\/salzburski-swiat-sportu-skalny-wawoz-liechtensteinklamm\/#primaryimage","url":"https:\/\/www.salzburgerland.com\/pl\/wp-content\/uploads\/2020\/07\/23_st_johann_in_salzburg_sommer_liechtensteinklamm_wandern_2.jpg","contentUrl":"https:\/\/www.salzburgerland.com\/pl\/wp-content\/uploads\/2020\/07\/23_st_johann_in_salzburg_sommer_liechtensteinklamm_wandern_2.jpg","width":2560,"height":1705,"caption":"Szlak w\u0119drowny w g\u0142\u0105b w\u0105wozu Liechtensteinklamm \u00a9 JOsalzburg"},{"@type":"BreadcrumbList","@id":"https:\/\/www.salzburgerland.com\/pl\/salzburski-swiat-sportu-skalny-wawoz-liechtensteinklamm\/#breadcrumb","itemListElement":[{"@type":"ListItem","position":1,"name":"To warto zobaczy\u0107 na Ziemi Salzburskiej","item":"https:\/\/www.salzburgerland.com\/pl\/to-warto-zobaczyc-na-ziemi-salzburskiej\/"},{"@type":"ListItem","position":2,"name":"Skalny w\u0105w\u00f3z Liechtensteinklamm"}]},{"@type":"WebSite","@id":"https:\/\/www.salzburgerland.com\/pl\/#website","url":"https:\/\/www.salzburgerland.com\/pl\/","name":"SalzburgerLand.com","description":"Urlop Salzburg : hotele : turystyka Ziemia Salzburska : kultura : rodzinny urlop Ziemia Salzburska : informacja turystyczna : noclegi Austria : aktywny wypoczynek","potentialAction":[{"@type":"SearchAction","target":{"@type":"EntryPoint","urlTemplate":"https:\/\/www.salzburgerland.com\/pl\/?s={search_term_string}"},"query-input":{"@type":"PropertyValueSpecification","valueRequired":true,"valueName":"search_term_string"}}],"inLanguage":"pl-PL"},{"@type":"Person","@id":"https:\/\/www.salzburgerland.com\/pl\/#\/schema\/person\/c10420e9897d4ca984317db556f04804","name":"Izabela Gartner","image":{"@type":"ImageObject","inLanguage":"pl-PL","@id":"https:\/\/secure.gravatar.com\/avatar\/062a6263a145aaa718f0b029a735b6557e456ff63f9e65056a4352d3c0a06e4d?s=96&d=mm&r=g","url":"https:\/\/secure.gravatar.com\/avatar\/062a6263a145aaa718f0b029a735b6557e456ff63f9e65056a4352d3c0a06e4d?s=96&d=mm&r=g","contentUrl":"https:\/\/secure.gravatar.com\/avatar\/062a6263a145aaa718f0b029a735b6557e456ff63f9e65056a4352d3c0a06e4d?s=96&d=mm&r=g","caption":"Izabela Gartner"}}]},"og_video":"https:\/\/www.youtube.com\/embed\/rlEaOHRoPBg","og_video_type":"text\/html","og_video_duration":"163","og_video_width":"480","og_video_height":"270","ya_ovs_adult":"false","ya_ovs_upload_date":"2020-07-24T10:05:05+00:00","ya_ovs_allow_embed":"true"},"_wl_alt_label":[],"wl:entity_url":"http:\/\/open.salzburgerland.com\/pl\/post\/skalny_wawoz_liechtensteinklamm","_links":{"self":[{"href":"https:\/\/www.salzburgerland.com\/pl\/wp-json\/wp\/v2\/posts\/6956","targetHints":{"allow":["GET"]}}],"collection":[{"href":"https:\/\/www.salzburgerland.com\/pl\/wp-json\/wp\/v2\/posts"}],"about":[{"href":"https:\/\/www.salzburgerland.com\/pl\/wp-json\/wp\/v2\/types\/post"}],"author":[{"embeddable":true,"href":"https:\/\/www.salzburgerland.com\/pl\/wp-json\/wp\/v2\/users\/4"}],"replies":[{"embeddable":true,"href":"https:\/\/www.salzburgerland.com\/pl\/wp-json\/wp\/v2\/comments?post=6956"}],"version-history":[{"count":5,"href":"https:\/\/www.salzburgerland.com\/pl\/wp-json\/wp\/v2\/posts\/6956\/revisions"}],"predecessor-version":[{"id":27672,"href":"https:\/\/www.salzburgerland.com\/pl\/wp-json\/wp\/v2\/posts\/6956\/revisions\/27672"}],"wp:featuredmedia":[{"embeddable":true,"href":"https:\/\/www.salzburgerland.com\/pl\/wp-json\/wp\/v2\/media\/27671"}],"wp:attachment":[{"href":"https:\/\/www.salzburgerland.com\/pl\/wp-json\/wp\/v2\/media?parent=6956"}],"wp:term":[{"taxonomy":"category","embeddable":true,"href":"https:\/\/www.salzburgerland.com\/pl\/wp-json\/wp\/v2\/categories?post=6956"},{"taxonomy":"post_tag","embeddable":true,"href":"https:\/\/www.salzburgerland.com\/pl\/wp-json\/wp\/v2\/tags?post=6956"},{"taxonomy":"wl_entity_type","embeddable":true,"href":"https:\/\/www.salzburgerland.com\/pl\/wp-json\/wp\/v2\/wl_entity_type?post=6956"}],"curies":[{"name":"wp","href":"https:\/\/api.w.org\/{rel}","templated":true}]}}