{"id":6448,"date":"2020-04-09T23:37:06","date_gmt":"2020-04-09T21:37:06","guid":{"rendered":"https:\/\/www.salzburgerland.com\/pl\/?p=6448"},"modified":"2025-09-30T20:27:08","modified_gmt":"2025-09-30T18:27:08","slug":"wielkanoc-na-ziemi-salzburskiej","status":"publish","type":"post","link":"https:\/\/www.salzburgerland.com\/pl\/wielkanoc-na-ziemi-salzburskiej\/","title":{"rendered":"Wielkanoc na Ziemi Salzburskiej"},"content":{"rendered":"<p>Okres wielkanocny, najwa\u017cniejsze \u015bwi\u0119to w chrze\u015bcija\u0144skim \u015bwiecie, obfituje na Ziemi Salzburskiej w szereg zwyczaj\u00f3w ludowych, kt\u00f3re czyni\u0105 go niezwykle barwnym. Zapraszamy na wielkanocn\u0105 wypraw\u0119 do sze\u015bciu salzburskich region\u00f3w, posiadaj\u0105cych najbardziej niezwyk\u0142e wielkanocne zwyczaje.<\/p>\n<div id=\"attachment_6549\" style=\"width: 1180px\" class=\"wp-caption alignnone\"><img decoding=\"async\" aria-describedby=\"caption-attachment-6549\" class=\"wp-image-6549 size-1170_658\" src=\"https:\/\/cdn.salzburgerland.com\/pl\/wp-content\/uploads\/2020\/04\/61-1280x1024-1-1170x658.jpg\" alt=\"\" width=\"1170\" height=\"658\" srcset=\"https:\/\/www.salzburgerland.com\/pl\/wp-content\/uploads\/2020\/04\/61-1280x1024-1-1170x658.jpg 1170w, https:\/\/www.salzburgerland.com\/pl\/wp-content\/uploads\/2020\/04\/61-1280x1024-1-1200x675.jpg 1200w\" sizes=\"(max-width: 1170px) 100vw, 1170px\"><p id=\"caption-attachment-6549\" class=\"wp-caption-text\">Paschalny baranek na wielkanocnym stole \u00a9 SalzburgerLand Tourismus, Magazin SalzburgerLand<\/p><\/div>\n<h3>Szopki pasyjne<\/h3>\n<p>Szopki kojarz\u0105 si\u0119 nieodzownie z okresem Bo\u017cego Narodzenia i chyba nikt poza Ziemi\u0105 Salzbursk\u0105 nie s\u0142ysza\u0142, \u017ce mo\u017cna je wystawia\u0107 tak\u017ce wiosn\u0105 \u2013 w okresie wielkanocnym. Szopki pasyjne przedstawiaj\u0105, jak ju\u017c sama nazwa zdradza, nie narodziny Chrystusa, ale histori\u0119 M\u0119ki Pa\u0144skiej. Ju\u017c od niepami\u0119tnych czas\u00f3w mieszka\u0144cy ca\u0142ego regionu stawiali w swoich domach szopki pasyjne, kt\u00f3re by\u0142y wyrazem ich g\u0142\u0119bokiej pobo\u017cno\u015bci. Dzisiaj mo\u017cna je jeszcze podziwia\u0107 w muzeach etnograficznych w ramach wielkanocnych wystaw.<\/p>\n<div id=\"attachment_6497\" style=\"width: 1034px\" class=\"wp-caption alignnone\"><img decoding=\"async\" aria-describedby=\"caption-attachment-6497\" class=\"wp-image-6497 size-medium\" src=\"https:\/\/cdn.salzburgerland.com\/pl\/wp-content\/uploads\/2020\/04\/passionsgrippe1-1036x650-1-1024x569.jpg\" alt=\"\" width=\"1024\" height=\"569\" srcset=\"https:\/\/www.salzburgerland.com\/pl\/wp-content\/uploads\/2020\/04\/passionsgrippe1-1036x650-1-1024x569.jpg 1024w, https:\/\/www.salzburgerland.com\/pl\/wp-content\/uploads\/2020\/04\/passionsgrippe1-1036x650-1-370x206.jpg 370w, https:\/\/www.salzburgerland.com\/pl\/wp-content\/uploads\/2020\/04\/passionsgrippe1-1036x650-1-270x150.jpg 270w, https:\/\/www.salzburgerland.com\/pl\/wp-content\/uploads\/2020\/04\/passionsgrippe1-1036x650-1-540x300.jpg 540w\" sizes=\"(max-width: 1024px) 100vw, 1024px\"><p id=\"caption-attachment-6497\" class=\"wp-caption-text\">Szopka opowiadaj\u0105ca M\u0119k\u0119 Pa\u0144sk\u0105 \u00a9 SalzburgerLand Tourismus, <span>Magazin SalzburgerLand<\/span><\/p><\/div>\n<h3>Ogniska wielkanocne<\/h3>\n<p>Podr\u00f3\u017cuj\u0105c w okresie wielkanocnym po regionie, mo\u017cna by\u0142oby odnie\u015b\u0107 wra\u017cenie, \u017ce ca\u0142e gospodarstwa, ca\u0142e wsie stoj\u0105 w p\u0142omieniach. Tak olbrzymie i wysokie s\u0105 specjalnie do tego celu przygotowane drewniane konstrukcje, kt\u00f3re podpala si\u0119 na pami\u0105tk\u0119 Zmartwychwstania Pa\u0144skiego w noc poprzedzaj\u0105c\u0105 Wielk\u0105 Niedziel\u0119. W Lungau zbijane s\u0105 w tym celu drewniane konstrukcje przypominaj\u0105ce wie\u017ce, si\u0119gaj\u0105ce nierzadko sze\u015bciu metr\u00f3w wysoko\u015bci. Wype\u0142nia si\u0119 je suchymi ga\u0142\u0119ziami jod\u0142y. We Flachgau z kolei w Wielk\u0105 Noc \u2013 czyli noc z Wielkiej Soboty na Wielk\u0105 Niedziel\u0119 \u2013 rozpala si\u0119 ogie\u0144 przed ko\u015bcio\u0142em. Ogie\u0144 ten jest \u015bwi\u0119cony, a wierni zabieraj\u0105 go do dom\u00f3w na hubach nadzianych na d\u0142ugie kije. Tym po \u015bwi\u0119conym ogniem zapalaj\u0105 nast\u0119pnie \u015bwiece wielkanocne.<\/p>\n<h3>Goneslauf czyli gra w \u201eg\u0119siego berka\u201d<\/h3>\n<p>W Poniedzia\u0142ek Wielkanocny mieszka\u0144cy W\u00f6ltling pod Tamsweg bawi\u0105 si\u0119 w tradycyjn\u0105 gr\u0119 w ganianego. Gra oficjalnie zamyka obchody Wielkanocy. Wiele par ustawia si\u0119 w d\u0142ugi rz\u0105d, przy czym otwieraj\u0105ca ten rz\u0105d osoba \u2013 m\u0142ody m\u0119\u017cczyzna \u2013 nie ma swojej pary. To \u201eGones\u201d czyli g\u0105sior, kt\u00f3ry musi\u00a0 sobie dopiero \u201eupolowa\u0107\u201d partnerk\u0119. Po wykrzykni\u0119ciu um\u00f3wionego has\u0142a ostania para rozbiega si\u0119, a nasz g\u0105sior pr\u00f3buje za\u0142apa\u0107 sobie dziewczyn\u0119. Je\u015bli mu si\u0119 uda, g\u0105siorem zostaje ch\u0142opak pozbawiony partnerki. Wielaknocna zabawa w g\u0105siora \u0142api\u0105cego sobie g\u0105sk\u0119 ma w W\u00f6ltling d\u0142ug\u0105 tradycj\u0119, jest od dawien dawna niezmiennie organizowana i cieszy si\u0119 wielk\u0105 popularno\u015bci\u0105 w\u015br\u00f3d mieszka\u0144c\u00f3w wioski i okolic.<\/p>\n<h3><strong>Pisanki wielkanocne<\/strong><\/h3>\n<p>Stukanie si\u0119 jajeczkiem znane jest nie tylko na Ziemi Salzburskiej, ale czy s\u0142ysza\u0142e\u015b ju\u017c kiedy\u015b o \u201ejajach odpustowych\u201d? Dzie\u0144 odpustu, znany lepiej jako Zielony Czwartek (Wielki Czwartek), by\u0142 w okresie \u015bredniowiecza dniem zwolnienia grzesznik\u00f3w z ko\u015bcielnej pokuty. Zwolnienie z pokuty przywraca\u0142o prawo wst\u0119pu do ko\u015bcio\u0142a. Jajom zniesionym tego dnia przypisywano szczeg\u00f3lne moce. Do dzisiaj jaja zniesione w Wielki Czwartek trafiaj\u0105 do kosza z \u017cywno\u015bci\u0105, kt\u00f3ra jest \u015bwi\u0119cona w ko\u015bciele w Wielk\u0105 Sobot\u0119 i spo\u017cywana na niedzielne \u015bniadanie.\u00a0\u201eJajami odpustowymi\u201d mo\u017cna si\u0119 stuka\u0107, podobnie jak innymi malowanymi jajami.<\/p>\n<div id=\"attachment_6449\" style=\"width: 1034px\" class=\"wp-caption alignnone\"><img decoding=\"async\" aria-describedby=\"caption-attachment-6449\" class=\"wp-image-6449 size-medium\" src=\"https:\/\/cdn.salzburgerland.com\/pl\/wp-content\/uploads\/2020\/04\/ostereier-1036x650-1-1024x569.jpg\" alt=\"\" width=\"1024\" height=\"569\" srcset=\"https:\/\/www.salzburgerland.com\/pl\/wp-content\/uploads\/2020\/04\/ostereier-1036x650-1-1024x569.jpg 1024w, https:\/\/www.salzburgerland.com\/pl\/wp-content\/uploads\/2020\/04\/ostereier-1036x650-1-370x206.jpg 370w, https:\/\/www.salzburgerland.com\/pl\/wp-content\/uploads\/2020\/04\/ostereier-1036x650-1-270x150.jpg 270w, https:\/\/www.salzburgerland.com\/pl\/wp-content\/uploads\/2020\/04\/ostereier-1036x650-1-540x300.jpg 540w\" sizes=\"(max-width: 1024px) 100vw, 1024px\"><p id=\"caption-attachment-6449\" class=\"wp-caption-text\">Wilekanocne pisanki \u00a9 SalzburgerLand Tourismus, <span>Magazin SalzburgerLand<\/span><\/p><\/div>\n<h3>Osio\u0142ek w Niedziel\u0119 Palmow\u0105<\/h3>\n<p>Pewien biskup z Lungau reaktywowa\u0142 wiele lat temu pradawny zwyczaj, zgodnie z kt\u00f3rym w Niedziel\u0119 Palmow\u0105 inscenizowany jest w male\u0144kiej miejscowo\u015bci Thomatal wjazd Jezusa na osio\u0142ku do Jerozolimy. R\u00f3wnie\u017c w innych salzburskich miejscowo\u015bciach odbywaj\u0105 si\u0119 procejse w Niedziel\u0119 Palmow\u0105, kt\u00f3re r\u00f3\u017cni\u0105 si\u0119 od tych, do kt\u00f3rych jeste\u015bmy przyzwyczajeni. I tak na przyk\u0142ad w Hintersee jeden z ministrant\u00f3w dosiada osio\u0142ka i je\u017adzi nim po ca\u0142ej miesjcowo\u015bci. Nieco inaczej ca\u0142a historia wygl\u0105da w Puch, gdzie przez miasteczko ci\u0105gni\u0119ty jest drewniany osio\u0142ek z figur\u0105 Chrystusa.<\/p>\n<div id=\"attachment_26357\" style=\"width: 797px\" class=\"wp-caption alignnone\"><img decoding=\"async\" aria-describedby=\"caption-attachment-26357\" class=\"size-large wp-image-26357\" src=\"https:\/\/www.salzburgerland.com\/pl\/wp-content\/uploads\/2020\/04\/palmbuschen-787x569-1.jpg\" alt=\"\" width=\"787\" height=\"569\" srcset=\"https:\/\/www.salzburgerland.com\/pl\/wp-content\/uploads\/2020\/04\/palmbuschen-787x569-1.jpg 787w, https:\/\/www.salzburgerland.com\/pl\/wp-content\/uploads\/2020\/04\/palmbuschen-787x569-1-768x555.jpg 768w\" sizes=\"(max-width: 787px) 100vw, 787px\"><p id=\"caption-attachment-26357\" class=\"wp-caption-text\">W Niedziel\u0119 Palmow\u0105 mieszka\u0144cy Ziemi Salzburskiej zanosz\u0105 do ko\u015bcio\u0142a tradycyjne palmy \u00a9 SalzburgerLand Magazin<\/p><\/div>\n<h3>\u015apiewy na G\u00f3rze Oliwnej<\/h3>\n<p>Organizowane w gminie Gro\u00dfarl \u201e\u015apiewy na G\u00f3rze Oliwnej\u201d s\u0105 unikatem na skal\u0119 \u015bwiatow\u0105. Ju\u017c od czas\u00f3w \u015bredniowiecza dwa ch\u00f3ry m\u0119skie \u2013 w ka\u017cdym po 30 m\u0119\u017cczyzn \u2013 \u015bpiewaj\u0105 przez ca\u0142\u0105 noc pie\u015bni pasyjne ku chwale Jesusa Chrystusa. W Wielki Czwartek \u015bpiewaj\u0105 rolnicy w ramach \u201d \u015apiew\u00f3w na G\u00f3rze Oliwnej\u201d, a w Wielki Pi\u0105tek pozostali mieszka\u0144cy wsi w ramach \u201e\u015apiew\u00f3w na wspomnienie M\u0119ki Pa\u0144skiej\u201d.<\/p>\n<div id=\"attachment_6498\" style=\"width: 1034px\" class=\"wp-caption alignnone\"><img decoding=\"async\" aria-describedby=\"caption-attachment-6498\" class=\"wp-image-6498 size-medium\" src=\"https:\/\/cdn.salzburgerland.com\/pl\/wp-content\/uploads\/2020\/04\/tvb-grossarltalwirnsperger-1036x650-1-1024x569.jpg\" alt=\"\" width=\"1024\" height=\"569\" srcset=\"https:\/\/www.salzburgerland.com\/pl\/wp-content\/uploads\/2020\/04\/tvb-grossarltalwirnsperger-1036x650-1-1024x569.jpg 1024w, https:\/\/www.salzburgerland.com\/pl\/wp-content\/uploads\/2020\/04\/tvb-grossarltalwirnsperger-1036x650-1-370x206.jpg 370w, https:\/\/www.salzburgerland.com\/pl\/wp-content\/uploads\/2020\/04\/tvb-grossarltalwirnsperger-1036x650-1-270x150.jpg 270w, https:\/\/www.salzburgerland.com\/pl\/wp-content\/uploads\/2020\/04\/tvb-grossarltalwirnsperger-1036x650-1-540x300.jpg 540w\" sizes=\"(max-width: 1024px) 100vw, 1024px\"><p id=\"caption-attachment-6498\" class=\"wp-caption-text\">Nocne \u015bpiewy upami\u0119tniaj\u0105ce M\u0119k\u0119 Pa\u0144sk\u0105 \u00a9TVB Grossarltal<\/p><\/div>\n<p>\u00a0<\/p>\n\n\t\t\t<div id=\"6448-1\" class=\"gallery gallery-6448 gallery-columns-3 gallery-size-1170_658\" itemscope itemtype=\"http:\/\/schema.org\/ImageGallery\">\n\t\t\t\t<ul class=\"gallery-row gallery-col-3 gallery-clear\">\n\t\t\t\t\t<li class=\"gallery-item col-3\" itemprop=\"associatedMedia\" itemscope itemtype=\"http:\/\/schema.org\/ImageObject\">\n\t\t\t\t\t\t<div class=\"gallery-icon landscape\"><a href=\"https:\/\/www.salzburgerland.com\/pl\/wp-content\/uploads\/2020\/04\/keramikhasen_1241757.jpeg\" title=\"keramikhasen_1241757\"><img decoding=\"async\" data-title=\"\" title=\"\" data-caption=\"\" width=\"800\" height=\"554\" src=\"https:\/\/www.salzburgerland.com\/pl\/wp-content\/uploads\/2020\/04\/keramikhasen_1241757.jpeg\" class=\"attachment-1170_658 size-1170_658\" alt=\"Ozdobne zaj\u0105czki wielkanocne wykonane z malowanych tykw, idealne do \u015bwi\u0119towania Wielkanocy na Ziemi Salzburskiej. (Powi\u0119kszony widok)\" srcset=\"https:\/\/www.salzburgerland.com\/pl\/wp-content\/uploads\/2020\/04\/keramikhasen_1241757.jpeg 800w, https:\/\/www.salzburgerland.com\/pl\/wp-content\/uploads\/2020\/04\/keramikhasen_1241757-768x532.jpeg 768w\" sizes=\"(max-width: 800px) 100vw, 800px\" itemprop=\"thumbnail\"><\/a><\/div>\n\t\t\t\t\t<\/li>\n\t\t\t\t\t<li class=\"gallery-item col-3\" itemprop=\"associatedMedia\" itemscope itemtype=\"http:\/\/schema.org\/ImageObject\">\n\t\t\t\t\t\t<div class=\"gallery-icon landscape\"><a href=\"https:\/\/www.salzburgerland.com\/pl\/wp-content\/uploads\/2020\/04\/vs012014_ostern_eier_13-1280x1024-1.jpg\" title=\"VS012014_Ostern_Eier_13-1280x1024\"><img decoding=\"async\" data-title=\"\" title=\"\" data-caption=\"\" width=\"1170\" height=\"658\" src=\"https:\/\/www.salzburgerland.com\/pl\/wp-content\/uploads\/2020\/04\/vs012014_ostern_eier_13-1280x1024-1-1170x658.jpg\" class=\"attachment-1170_658 size-1170_658\" alt=\"Ozdobne jajka z misternymi fioletowymi i zielonymi kwiatami, z okazji Wielkanocy na Ziemi Salzburskiej. (Powi\u0119kszony widok)\" srcset=\"https:\/\/www.salzburgerland.com\/pl\/wp-content\/uploads\/2020\/04\/vs012014_ostern_eier_13-1280x1024-1-1170x658.jpg 1170w, https:\/\/www.salzburgerland.com\/pl\/wp-content\/uploads\/2020\/04\/vs012014_ostern_eier_13-1280x1024-1-1200x675.jpg 1200w\" sizes=\"(max-width: 1170px) 100vw, 1170px\" itemprop=\"thumbnail\"><\/a><\/div>\n\t\t\t\t\t<\/li>\n\t\t\t\t\t<li class=\"gallery-item col-3\" itemprop=\"associatedMedia\" itemscope itemtype=\"http:\/\/schema.org\/ImageObject\">\n\t\t\t\t\t\t<div class=\"gallery-icon landscape\"><a href=\"https:\/\/www.salzburgerland.com\/pl\/wp-content\/uploads\/2020\/04\/sprucheier_1241758.jpeg\" title=\"sprucheier_1241758\"><img decoding=\"async\" data-title=\"\" title=\"\" data-caption=\"\" width=\"800\" height=\"534\" src=\"https:\/\/www.salzburgerland.com\/pl\/wp-content\/uploads\/2020\/04\/sprucheier_1241758.jpeg\" class=\"attachment-1170_658 size-1170_658\" alt=\"Ozdobne jajka pokryte odr\u0119cznym tekstem, ka\u017cde przewi\u0105zane jaskrawoczerwon\u0105 wst\u0105\u017ck\u0105, \u015bwi\u0119tuj\u0105 Wielkanoc na Ziemi Salzburskiej. (Powi\u0119kszony widok)\" srcset=\"https:\/\/www.salzburgerland.com\/pl\/wp-content\/uploads\/2020\/04\/sprucheier_1241758.jpeg 800w, https:\/\/www.salzburgerland.com\/pl\/wp-content\/uploads\/2020\/04\/sprucheier_1241758-768x513.jpeg 768w\" sizes=\"(max-width: 800px) 100vw, 800px\" itemprop=\"thumbnail\"><\/a><\/div>\n\t\t\t\t\t<\/li>\n\t\t\t\t<\/ul>\n\t\t\t\t<ul class=\"gallery-row gallery-col-3 gallery-clear\">\n\t\t\t\t\t<li class=\"gallery-item col-3\" itemprop=\"associatedMedia\" itemscope itemtype=\"http:\/\/schema.org\/ImageObject\">\n\t\t\t\t\t\t<div class=\"gallery-icon landscape\"><a href=\"https:\/\/www.salzburgerland.com\/pl\/wp-content\/uploads\/2020\/04\/redeierbemalen_15-1280x1024-1.jpg\" title=\"RedEierbemalen_15-1280x1024\"><img decoding=\"async\" data-title=\"\" title=\"\" data-caption=\"\" width=\"1170\" height=\"658\" src=\"https:\/\/www.salzburgerland.com\/pl\/wp-content\/uploads\/2020\/04\/redeierbemalen_15-1280x1024-1-1170x658.jpg\" class=\"attachment-1170_658 size-1170_658\" alt=\"Osoba z czerwonymi paznokciami maluj\u0105ca ozdobne jajko wielkanocne - tradycja Wielkanocy na Ziemi Salzburskiej. (Powi\u0119kszony widok)\" srcset=\"https:\/\/www.salzburgerland.com\/pl\/wp-content\/uploads\/2020\/04\/redeierbemalen_15-1280x1024-1-1170x658.jpg 1170w, https:\/\/www.salzburgerland.com\/pl\/wp-content\/uploads\/2020\/04\/redeierbemalen_15-1280x1024-1-1200x675.jpg 1200w\" sizes=\"(max-width: 1170px) 100vw, 1170px\" itemprop=\"thumbnail\"><\/a><\/div>\n\t\t\t\t\t<\/li>\n\t\t\t\t\t<li class=\"gallery-item col-3\" itemprop=\"associatedMedia\" itemscope itemtype=\"http:\/\/schema.org\/ImageObject\">\n\t\t\t\t\t\t<div class=\"gallery-icon landscape\"><a href=\"https:\/\/www.salzburgerland.com\/pl\/wp-content\/uploads\/2020\/04\/vs012014_ostern_eier_18-1280x1024-1.jpg\" title=\"VS012014_Ostern_Eier_18-1280x1024\"><img decoding=\"async\" data-title=\"\" title=\"\" data-caption=\"\" width=\"1170\" height=\"658\" src=\"https:\/\/www.salzburgerland.com\/pl\/wp-content\/uploads\/2020\/04\/vs012014_ostern_eier_18-1280x1024-1-1170x658.jpg\" class=\"attachment-1170_658 size-1170_658\" alt=\"R\u0119cznie malowane pisanki w stylu vintage, inspirowane Wielkanoc\u0105 na Ziemi Salzburskiej. (Powi\u0119kszony widok)\" srcset=\"https:\/\/www.salzburgerland.com\/pl\/wp-content\/uploads\/2020\/04\/vs012014_ostern_eier_18-1280x1024-1-1170x658.jpg 1170w, https:\/\/www.salzburgerland.com\/pl\/wp-content\/uploads\/2020\/04\/vs012014_ostern_eier_18-1280x1024-1-1200x675.jpg 1200w\" sizes=\"(max-width: 1170px) 100vw, 1170px\" itemprop=\"thumbnail\"><\/a><\/div>\n\t\t\t\t\t<\/li>\n\t\t\t\t\t<li class=\"gallery-item col-3\" itemprop=\"associatedMedia\" itemscope itemtype=\"http:\/\/schema.org\/ImageObject\">\n\t\t\t\t\t\t<div class=\"gallery-icon landscape\"><a href=\"https:\/\/www.salzburgerland.com\/pl\/wp-content\/uploads\/2020\/04\/redeierbemalen_07-1280x1024-1.jpg\" title=\"RedEierbemalen_07-1280x1024\"><img decoding=\"async\" data-title=\"\" title=\"\" data-caption=\"\" width=\"1170\" height=\"658\" src=\"https:\/\/www.salzburgerland.com\/pl\/wp-content\/uploads\/2020\/04\/redeierbemalen_07-1280x1024-1-1170x658.jpg\" class=\"attachment-1170_658 size-1170_658\" alt=\"Pisanki ozdobione wst\u0105\u017ckami i ilustracjami zwisaj\u0105 z ga\u0142\u0119zi - Wielkanoc na Ziemi Salzburskiej. (Powi\u0119kszony widok)\" srcset=\"https:\/\/www.salzburgerland.com\/pl\/wp-content\/uploads\/2020\/04\/redeierbemalen_07-1280x1024-1-1170x658.jpg 1170w, https:\/\/www.salzburgerland.com\/pl\/wp-content\/uploads\/2020\/04\/redeierbemalen_07-1280x1024-1-1200x675.jpg 1200w\" sizes=\"(max-width: 1170px) 100vw, 1170px\" itemprop=\"thumbnail\"><\/a><\/div>\n\t\t\t\t\t<\/li>\n\t\t\t\t<\/ul>\n\t\t\t<\/div><!-- .gallery -->\n\n<p>\u00a0<\/p>\n","protected":false},"excerpt":{"rendered":"<p>Okres wielkanocny, najwa\u017cniejsze \u015bwi\u0119to w chrze\u015bcija\u0144skim \u015bwiecie, obfituje na Ziemi Salzburskiej w szereg zwyczaj\u00f3w ludowych, kt\u00f3re czyni\u0105 go niezwykle barwnym. Zapraszamy na wielkanocn\u0105 wypraw\u0119 do sze\u015bciu salzburskich region\u00f3w, posiadaj\u0105cych najbardziej niezwyk\u0142e wielkanocne zwyczaje. Szopki pasyjne Szopki kojarz\u0105 si\u0119 nieodzownie z okresem Bo\u017cego Narodzenia i chyba nikt poza Ziemi\u0105 Salzbursk\u0105 nie s\u0142ysza\u0142, \u017ce mo\u017cna je wystawia\u0107 [&hellip;]<\/p>\n","protected":false},"author":4,"featured_media":6500,"comment_status":"closed","ping_status":"closed","sticky":false,"template":"","format":"standard","meta":{"_acf_changed":false,"wl_entities_gutenberg":"","_relevanssi_hide_post":"","_relevanssi_hide_content":"","_relevanssi_pin_for_all":"","_relevanssi_pin_keywords":"","_relevanssi_unpin_keywords":"","_relevanssi_related_keywords":"","_relevanssi_related_include_ids":"","_relevanssi_related_exclude_ids":"","_relevanssi_related_no_append":"","_relevanssi_related_not_related":"","_relevanssi_related_posts":"","_relevanssi_noindex_reason":"","footnotes":""},"categories":[1],"tags":[221,222,86,81,332],"wl_entity_type":[300],"class_list":["post-6448","post","type-post","status-publish","format-standard","has-post-thumbnail","hentry","category-uncategorized","tag-folklor","tag-imprezy-folklorystyczne","tag-kultura","tag-tradycja","tag-zwyczaje-ludowe","wl_entity_type-article"],"acf":[],"yoast_head":"<!-- This site is optimized with the Yoast SEO Premium plugin v27.4 (Yoast SEO v27.4) - https:\/\/yoast.com\/product\/yoast-seo-premium-wordpress\/ -->\n<title>Wielkanoc na Ziemi Salzburskiej \u00bb SalzburgerLand.com<\/title>\n<meta name=\"robots\" content=\"index, follow, max-snippet:-1, max-image-preview:large, max-video-preview:-1\" \/>\n<link rel=\"canonical\" href=\"https:\/\/www.salzburgerland.com\/pl\/wielkanoc-na-ziemi-salzburskiej\/\" \/>\n<meta property=\"og:locale\" content=\"pl_PL\" \/>\n<meta property=\"og:type\" content=\"article\" \/>\n<meta property=\"og:title\" content=\"Wielkanoc na Ziemi Salzburskiej\" \/>\n<meta property=\"og:description\" content=\"Okres wielkanocny, najwa\u017cniejsze \u015bwi\u0119to w chrze\u015bcija\u0144skim \u015bwiecie, obfituje na Ziemi Salzburskiej w szereg zwyczaj\u00f3w ludowych, kt\u00f3re czyni\u0105 go niezwykle\" \/>\n<meta property=\"og:url\" content=\"https:\/\/www.salzburgerland.com\/pl\/wielkanoc-na-ziemi-salzburskiej\/\" \/>\n<meta property=\"og:site_name\" content=\"SalzburgerLand.com\" \/>\n<meta property=\"article:publisher\" content=\"https:\/\/www.facebook.com\/visitsalzburgerland\/\" \/>\n<meta property=\"article:published_time\" content=\"2020-04-09T21:37:06+00:00\" \/>\n<meta property=\"article:modified_time\" content=\"2025-09-30T18:27:08+00:00\" \/>\n<meta property=\"og:image\" content=\"https:\/\/www.salzburgerland.com\/pl\/wp-content\/uploads\/2020\/04\/ostereier-mit-farben-der-natur-1280x1024-1-1200x675.jpg\" \/>\n\t<meta property=\"og:image:width\" content=\"1200\" \/>\n\t<meta property=\"og:image:height\" content=\"675\" \/>\n\t<meta property=\"og:image:type\" content=\"image\/jpeg\" \/>\n<meta name=\"author\" content=\"Izabela Gartner\" \/>\n<meta name=\"twitter:card\" content=\"summary_large_image\" \/>\n<meta name=\"twitter:creator\" content=\"@salzburgerland\" \/>\n<meta name=\"twitter:site\" content=\"@salzburgerland\" \/>\n<meta name=\"twitter:label1\" content=\"Napisane przez\" \/>\n\t<meta name=\"twitter:data1\" content=\"Izabela Gartner\" \/>\n\t<meta name=\"twitter:label2\" content=\"Szacowany czas czytania\" \/>\n\t<meta name=\"twitter:data2\" content=\"6 minut\" \/>\n<script type=\"application\/ld+json\" class=\"yoast-schema-graph\">{\"@context\":\"https:\\\/\\\/schema.org\",\"@graph\":[{\"@type\":\"Article\",\"@id\":\"https:\\\/\\\/www.salzburgerland.com\\\/pl\\\/wielkanoc-na-ziemi-salzburskiej\\\/#article\",\"isPartOf\":{\"@id\":\"https:\\\/\\\/www.salzburgerland.com\\\/pl\\\/wielkanoc-na-ziemi-salzburskiej\\\/\"},\"author\":{\"name\":\"Izabela Gartner\",\"@id\":\"https:\\\/\\\/www.salzburgerland.com\\\/pl\\\/#\\\/schema\\\/person\\\/c10420e9897d4ca984317db556f04804\"},\"headline\":\"Wielkanoc na Ziemi Salzburskiej\",\"datePublished\":\"2020-04-09T21:37:06+00:00\",\"dateModified\":\"2025-09-30T18:27:08+00:00\",\"mainEntityOfPage\":{\"@id\":\"https:\\\/\\\/www.salzburgerland.com\\\/pl\\\/wielkanoc-na-ziemi-salzburskiej\\\/\"},\"wordCount\":804,\"image\":{\"@id\":\"https:\\\/\\\/www.salzburgerland.com\\\/pl\\\/wielkanoc-na-ziemi-salzburskiej\\\/#primaryimage\"},\"thumbnailUrl\":\"https:\\\/\\\/www.salzburgerland.com\\\/pl\\\/wp-content\\\/uploads\\\/2020\\\/04\\\/ostereier-mit-farben-der-natur-1280x1024-1.jpg\",\"keywords\":[\"folklor\",\"imprezy folklorystyczne\",\"kultura\",\"tradycja\",\"zwyczaje ludowe\"],\"articleSection\":[\"Uncategorized\"],\"inLanguage\":\"pl-PL\"},{\"@type\":\"WebPage\",\"@id\":\"https:\\\/\\\/www.salzburgerland.com\\\/pl\\\/wielkanoc-na-ziemi-salzburskiej\\\/\",\"url\":\"https:\\\/\\\/www.salzburgerland.com\\\/pl\\\/wielkanoc-na-ziemi-salzburskiej\\\/\",\"name\":\"Wielkanoc na Ziemi Salzburskiej \u00bb SalzburgerLand.com\",\"isPartOf\":{\"@id\":\"https:\\\/\\\/www.salzburgerland.com\\\/pl\\\/#website\"},\"primaryImageOfPage\":{\"@id\":\"https:\\\/\\\/www.salzburgerland.com\\\/pl\\\/wielkanoc-na-ziemi-salzburskiej\\\/#primaryimage\"},\"image\":{\"@id\":\"https:\\\/\\\/www.salzburgerland.com\\\/pl\\\/wielkanoc-na-ziemi-salzburskiej\\\/#primaryimage\"},\"thumbnailUrl\":\"https:\\\/\\\/www.salzburgerland.com\\\/pl\\\/wp-content\\\/uploads\\\/2020\\\/04\\\/ostereier-mit-farben-der-natur-1280x1024-1.jpg\",\"datePublished\":\"2020-04-09T21:37:06+00:00\",\"dateModified\":\"2025-09-30T18:27:08+00:00\",\"author\":{\"@id\":\"https:\\\/\\\/www.salzburgerland.com\\\/pl\\\/#\\\/schema\\\/person\\\/c10420e9897d4ca984317db556f04804\"},\"description\":\"Okres wielkanocny, najwa\u017cniejsze \u015bwi\u0119to w chrze\u015bcija\u0144skim \u015bwiecie, obfituje na Ziemi Salzburskiej w szereg barwnych zwyczaj\u00f3w ludowych.\",\"breadcrumb\":{\"@id\":\"https:\\\/\\\/www.salzburgerland.com\\\/pl\\\/wielkanoc-na-ziemi-salzburskiej\\\/#breadcrumb\"},\"inLanguage\":\"pl-PL\",\"potentialAction\":[{\"@type\":\"ReadAction\",\"target\":[\"https:\\\/\\\/www.salzburgerland.com\\\/pl\\\/wielkanoc-na-ziemi-salzburskiej\\\/\"]}]},{\"@type\":\"ImageObject\",\"inLanguage\":\"pl-PL\",\"@id\":\"https:\\\/\\\/www.salzburgerland.com\\\/pl\\\/wielkanoc-na-ziemi-salzburskiej\\\/#primaryimage\",\"url\":\"https:\\\/\\\/www.salzburgerland.com\\\/pl\\\/wp-content\\\/uploads\\\/2020\\\/04\\\/ostereier-mit-farben-der-natur-1280x1024-1.jpg\",\"contentUrl\":\"https:\\\/\\\/www.salzburgerland.com\\\/pl\\\/wp-content\\\/uploads\\\/2020\\\/04\\\/ostereier-mit-farben-der-natur-1280x1024-1.jpg\",\"width\":1280,\"height\":1024,\"caption\":\"Gniazdo z czerwonymi, czarnymi i niebieskimi jajkami na s\u0142omie, inspirowane Wielkanoc\u0105 na Ziemi Salzburskiej.\"},{\"@type\":\"BreadcrumbList\",\"@id\":\"https:\\\/\\\/www.salzburgerland.com\\\/pl\\\/wielkanoc-na-ziemi-salzburskiej\\\/#breadcrumb\",\"itemListElement\":[{\"@type\":\"ListItem\",\"position\":1,\"name\":\"Salzburskie tradycje i zwyczaje\",\"item\":\"https:\\\/\\\/www.salzburgerland.com\\\/pl\\\/salzburskie-tradycje-i-zwyczaje\\\/\"},{\"@type\":\"ListItem\",\"position\":2,\"name\":\"Wielkanoc na Ziemi Salzburskiej\"}]},{\"@type\":\"WebSite\",\"@id\":\"https:\\\/\\\/www.salzburgerland.com\\\/pl\\\/#website\",\"url\":\"https:\\\/\\\/www.salzburgerland.com\\\/pl\\\/\",\"name\":\"SalzburgerLand.com\",\"description\":\"Urlop Salzburg : hotele : turystyka Ziemia Salzburska : kultura : rodzinny urlop Ziemia Salzburska : informacja turystyczna : noclegi Austria : aktywny wypoczynek\",\"potentialAction\":[{\"@type\":\"SearchAction\",\"target\":{\"@type\":\"EntryPoint\",\"urlTemplate\":\"https:\\\/\\\/www.salzburgerland.com\\\/pl\\\/?s={search_term_string}\"},\"query-input\":{\"@type\":\"PropertyValueSpecification\",\"valueRequired\":true,\"valueName\":\"search_term_string\"}}],\"inLanguage\":\"pl-PL\"},{\"@type\":\"Person\",\"@id\":\"https:\\\/\\\/www.salzburgerland.com\\\/pl\\\/#\\\/schema\\\/person\\\/c10420e9897d4ca984317db556f04804\",\"name\":\"Izabela Gartner\",\"image\":{\"@type\":\"ImageObject\",\"inLanguage\":\"pl-PL\",\"@id\":\"https:\\\/\\\/secure.gravatar.com\\\/avatar\\\/062a6263a145aaa718f0b029a735b6557e456ff63f9e65056a4352d3c0a06e4d?s=96&d=mm&r=g\",\"url\":\"https:\\\/\\\/secure.gravatar.com\\\/avatar\\\/062a6263a145aaa718f0b029a735b6557e456ff63f9e65056a4352d3c0a06e4d?s=96&d=mm&r=g\",\"contentUrl\":\"https:\\\/\\\/secure.gravatar.com\\\/avatar\\\/062a6263a145aaa718f0b029a735b6557e456ff63f9e65056a4352d3c0a06e4d?s=96&d=mm&r=g\",\"caption\":\"Izabela Gartner\"}}]}<\/script>\n<!-- \/ Yoast SEO Premium plugin. -->","yoast_head_json":{"title":"Wielkanoc na Ziemi Salzburskiej \u00bb SalzburgerLand.com","robots":{"index":"index","follow":"follow","max-snippet":"max-snippet:-1","max-image-preview":"max-image-preview:large","max-video-preview":"max-video-preview:-1"},"canonical":"https:\/\/www.salzburgerland.com\/pl\/wielkanoc-na-ziemi-salzburskiej\/","og_locale":"pl_PL","og_type":"article","og_title":"Wielkanoc na Ziemi Salzburskiej","og_description":"Okres wielkanocny, najwa\u017cniejsze \u015bwi\u0119to w chrze\u015bcija\u0144skim \u015bwiecie, obfituje na Ziemi Salzburskiej w szereg zwyczaj\u00f3w ludowych, kt\u00f3re czyni\u0105 go niezwykle","og_url":"https:\/\/www.salzburgerland.com\/pl\/wielkanoc-na-ziemi-salzburskiej\/","og_site_name":"SalzburgerLand.com","article_publisher":"https:\/\/www.facebook.com\/visitsalzburgerland\/","article_published_time":"2020-04-09T21:37:06+00:00","article_modified_time":"2025-09-30T18:27:08+00:00","og_image":[{"width":1200,"height":675,"url":"https:\/\/www.salzburgerland.com\/pl\/wp-content\/uploads\/2020\/04\/ostereier-mit-farben-der-natur-1280x1024-1-1200x675.jpg","type":"image\/jpeg"}],"author":"Izabela Gartner","twitter_card":"summary_large_image","twitter_creator":"@salzburgerland","twitter_site":"@salzburgerland","twitter_misc":{"Napisane przez":"Izabela Gartner","Szacowany czas czytania":"6 minut"},"schema":{"@context":"https:\/\/schema.org","@graph":[{"@type":"Article","@id":"https:\/\/www.salzburgerland.com\/pl\/wielkanoc-na-ziemi-salzburskiej\/#article","isPartOf":{"@id":"https:\/\/www.salzburgerland.com\/pl\/wielkanoc-na-ziemi-salzburskiej\/"},"author":{"name":"Izabela Gartner","@id":"https:\/\/www.salzburgerland.com\/pl\/#\/schema\/person\/c10420e9897d4ca984317db556f04804"},"headline":"Wielkanoc na Ziemi Salzburskiej","datePublished":"2020-04-09T21:37:06+00:00","dateModified":"2025-09-30T18:27:08+00:00","mainEntityOfPage":{"@id":"https:\/\/www.salzburgerland.com\/pl\/wielkanoc-na-ziemi-salzburskiej\/"},"wordCount":804,"image":{"@id":"https:\/\/www.salzburgerland.com\/pl\/wielkanoc-na-ziemi-salzburskiej\/#primaryimage"},"thumbnailUrl":"https:\/\/www.salzburgerland.com\/pl\/wp-content\/uploads\/2020\/04\/ostereier-mit-farben-der-natur-1280x1024-1.jpg","keywords":["folklor","imprezy folklorystyczne","kultura","tradycja","zwyczaje ludowe"],"articleSection":["Uncategorized"],"inLanguage":"pl-PL"},{"@type":"WebPage","@id":"https:\/\/www.salzburgerland.com\/pl\/wielkanoc-na-ziemi-salzburskiej\/","url":"https:\/\/www.salzburgerland.com\/pl\/wielkanoc-na-ziemi-salzburskiej\/","name":"Wielkanoc na Ziemi Salzburskiej \u00bb SalzburgerLand.com","isPartOf":{"@id":"https:\/\/www.salzburgerland.com\/pl\/#website"},"primaryImageOfPage":{"@id":"https:\/\/www.salzburgerland.com\/pl\/wielkanoc-na-ziemi-salzburskiej\/#primaryimage"},"image":{"@id":"https:\/\/www.salzburgerland.com\/pl\/wielkanoc-na-ziemi-salzburskiej\/#primaryimage"},"thumbnailUrl":"https:\/\/www.salzburgerland.com\/pl\/wp-content\/uploads\/2020\/04\/ostereier-mit-farben-der-natur-1280x1024-1.jpg","datePublished":"2020-04-09T21:37:06+00:00","dateModified":"2025-09-30T18:27:08+00:00","author":{"@id":"https:\/\/www.salzburgerland.com\/pl\/#\/schema\/person\/c10420e9897d4ca984317db556f04804"},"description":"Okres wielkanocny, najwa\u017cniejsze \u015bwi\u0119to w chrze\u015bcija\u0144skim \u015bwiecie, obfituje na Ziemi Salzburskiej w szereg barwnych zwyczaj\u00f3w ludowych.","breadcrumb":{"@id":"https:\/\/www.salzburgerland.com\/pl\/wielkanoc-na-ziemi-salzburskiej\/#breadcrumb"},"inLanguage":"pl-PL","potentialAction":[{"@type":"ReadAction","target":["https:\/\/www.salzburgerland.com\/pl\/wielkanoc-na-ziemi-salzburskiej\/"]}]},{"@type":"ImageObject","inLanguage":"pl-PL","@id":"https:\/\/www.salzburgerland.com\/pl\/wielkanoc-na-ziemi-salzburskiej\/#primaryimage","url":"https:\/\/www.salzburgerland.com\/pl\/wp-content\/uploads\/2020\/04\/ostereier-mit-farben-der-natur-1280x1024-1.jpg","contentUrl":"https:\/\/www.salzburgerland.com\/pl\/wp-content\/uploads\/2020\/04\/ostereier-mit-farben-der-natur-1280x1024-1.jpg","width":1280,"height":1024,"caption":"Gniazdo z czerwonymi, czarnymi i niebieskimi jajkami na s\u0142omie, inspirowane Wielkanoc\u0105 na Ziemi Salzburskiej."},{"@type":"BreadcrumbList","@id":"https:\/\/www.salzburgerland.com\/pl\/wielkanoc-na-ziemi-salzburskiej\/#breadcrumb","itemListElement":[{"@type":"ListItem","position":1,"name":"Salzburskie tradycje i zwyczaje","item":"https:\/\/www.salzburgerland.com\/pl\/salzburskie-tradycje-i-zwyczaje\/"},{"@type":"ListItem","position":2,"name":"Wielkanoc na Ziemi Salzburskiej"}]},{"@type":"WebSite","@id":"https:\/\/www.salzburgerland.com\/pl\/#website","url":"https:\/\/www.salzburgerland.com\/pl\/","name":"SalzburgerLand.com","description":"Urlop Salzburg : hotele : turystyka Ziemia Salzburska : kultura : rodzinny urlop Ziemia Salzburska : informacja turystyczna : noclegi Austria : aktywny wypoczynek","potentialAction":[{"@type":"SearchAction","target":{"@type":"EntryPoint","urlTemplate":"https:\/\/www.salzburgerland.com\/pl\/?s={search_term_string}"},"query-input":{"@type":"PropertyValueSpecification","valueRequired":true,"valueName":"search_term_string"}}],"inLanguage":"pl-PL"},{"@type":"Person","@id":"https:\/\/www.salzburgerland.com\/pl\/#\/schema\/person\/c10420e9897d4ca984317db556f04804","name":"Izabela Gartner","image":{"@type":"ImageObject","inLanguage":"pl-PL","@id":"https:\/\/secure.gravatar.com\/avatar\/062a6263a145aaa718f0b029a735b6557e456ff63f9e65056a4352d3c0a06e4d?s=96&d=mm&r=g","url":"https:\/\/secure.gravatar.com\/avatar\/062a6263a145aaa718f0b029a735b6557e456ff63f9e65056a4352d3c0a06e4d?s=96&d=mm&r=g","contentUrl":"https:\/\/secure.gravatar.com\/avatar\/062a6263a145aaa718f0b029a735b6557e456ff63f9e65056a4352d3c0a06e4d?s=96&d=mm&r=g","caption":"Izabela Gartner"}}]}},"_wl_alt_label":[],"wl:entity_url":"http:\/\/open.salzburgerland.com\/pl\/post\/wielkanoc_na_ziemi_salzburskiej","_links":{"self":[{"href":"https:\/\/www.salzburgerland.com\/pl\/wp-json\/wp\/v2\/posts\/6448","targetHints":{"allow":["GET"]}}],"collection":[{"href":"https:\/\/www.salzburgerland.com\/pl\/wp-json\/wp\/v2\/posts"}],"about":[{"href":"https:\/\/www.salzburgerland.com\/pl\/wp-json\/wp\/v2\/types\/post"}],"author":[{"embeddable":true,"href":"https:\/\/www.salzburgerland.com\/pl\/wp-json\/wp\/v2\/users\/4"}],"replies":[{"embeddable":true,"href":"https:\/\/www.salzburgerland.com\/pl\/wp-json\/wp\/v2\/comments?post=6448"}],"version-history":[{"count":8,"href":"https:\/\/www.salzburgerland.com\/pl\/wp-json\/wp\/v2\/posts\/6448\/revisions"}],"predecessor-version":[{"id":26360,"href":"https:\/\/www.salzburgerland.com\/pl\/wp-json\/wp\/v2\/posts\/6448\/revisions\/26360"}],"wp:featuredmedia":[{"embeddable":true,"href":"https:\/\/www.salzburgerland.com\/pl\/wp-json\/wp\/v2\/media\/6500"}],"wp:attachment":[{"href":"https:\/\/www.salzburgerland.com\/pl\/wp-json\/wp\/v2\/media?parent=6448"}],"wp:term":[{"taxonomy":"category","embeddable":true,"href":"https:\/\/www.salzburgerland.com\/pl\/wp-json\/wp\/v2\/categories?post=6448"},{"taxonomy":"post_tag","embeddable":true,"href":"https:\/\/www.salzburgerland.com\/pl\/wp-json\/wp\/v2\/tags?post=6448"},{"taxonomy":"wl_entity_type","embeddable":true,"href":"https:\/\/www.salzburgerland.com\/pl\/wp-json\/wp\/v2\/wl_entity_type?post=6448"}],"curies":[{"name":"wp","href":"https:\/\/api.w.org\/{rel}","templated":true}]}}