{"id":26,"date":"2016-11-21T13:03:40","date_gmt":"2016-11-21T13:03:40","guid":{"rendered":"https:\/\/www.onebigpark.at\/pl\/?p=26"},"modified":"2022-04-19T16:07:48","modified_gmt":"2022-04-19T14:07:48","slug":"turystyka-piesza-na-ziemi-salzburskiej","status":"publish","type":"post","link":"https:\/\/www.salzburgerland.com\/pl\/turystyka-piesza-na-ziemi-salzburskiej\/","title":{"rendered":"Turystyka piesza na Ziemi Salzburskiej"},"content":{"rendered":"<p>Kiedy na alpejskich \u0142\u0105kach i w wysokog\u00f3rskich lasach po d\u0142ugiej, srogiej zimie topnieje ostatni \u015bnieg, a jego woda wartkimi strumieniami toruje sobie drog\u0119 w dolin\u0119, soczysto zielona ro\u015blinno\u015b\u0107 wyci\u0105ga swoje g\u0142owy w kierunku s\u0142o\u0144ca, a zwierz\u0119ta budz\u0105 si\u0119 z zimowego snu, to znak, \u017ce na Ziemi Salzburskiej zaczyna si\u0119 sezon Lata na Halach. Nie tylko ro\u015bliny i zwierz\u0119ta z ut\u0119sknieniem wygl\u0105daj\u0105 ciep\u0142ej pory roku, tak\u017ce cz\u0142owiek nie mo\u017ce si\u0119 doczeka\u0107, kiedy opu\u015bci wreszcie swoje cztery \u015bciany, znajdzie si\u0119 na \u0142onie natury i odkryje nowe, fascynuj\u0105ce miejsca.<\/p>\n<p><iframe title=\"My First 3000 - Kitzsteinhorn - Zell am See-Kaprun\" width=\"500\" height=\"281\" src=\"https:\/\/www.youtube-nocookie.com\/embed\/huYsbbcKa8M?feature=oembed&amp;rel=0&amp;modestbranding=1\" frameborder=\"0\" allow=\"accelerometer; autoplay; clipboard-write; encrypted-media; gyroscope; picture-in-picture; web-share\" referrerpolicy=\"strict-origin-when-cross-origin\" allowfullscreen><\/iframe><\/p>\n<p>Idealn\u0105 cisz\u0119 lasu przerywa tylko od czasu do czasu radosny \u015bpiew ptak\u00f3w. Czasami te\u017c odg\u0142os naszych krok\u00f3w, kiedy idziemy po us\u0142anej korzeniami \u015bcie\u017cce i zatrzymujemy si\u0119 w miejscach o niezwyk\u0142ych walorach widokowych. Zima by\u0142a d\u0142uga i mro\u017ana. Nawet je\u015bli niebywa\u0142\u0105 rozkosz przynosi\u0142o nam szusowanie w \u015bnie\u017cnym puchu i w\u0119drowanie przez nastrojowo za\u015bnie\u017cone krajobrazy \u2013 teraz t\u0119sknimy do s\u0142o\u0144ca, ciep\u0142a, ruchu na \u015bwie\u017cym powietrzu i do budz\u0105cej si\u0119 ze snu natury. Gdzie\u017c indziej mog\u0142oby by\u0107 teraz pi\u0119kniej, ni\u017c w salzburskich g\u00f3rach? Tutaj prze\u017cyjemy wspania\u0142e wakacje z plecakiem na g\u00f3rskim szlaku!<\/p>\n<h3>Alpejskie hale<\/h3>\n<p>Alpejskie pastwiska Ziemi Salzburskiej s\u0142yn\u0105 daleko poza granicami landu jako najpi\u0119kniejsze miejsca do wypoczynku. Wpisane w uroczyy krajobraz naturalny, s\u0105 doskona\u0142ym miejscem do odpoczynku od codziennego stresu, pod\u0142adowania wewn\u0119trznego akumulatora i wype\u0142nienia si\u0119 rado\u015bci\u0105. Czy istnieje co\u015b pi\u0119kniejszego od przemierzania g\u00f3rskich szlak\u00f3w, odkrywania uroczych zak\u0105tk\u00f3w i jednoczenia si\u0119 z natur\u0105? W dawnych czasach alpejskie bac\u00f3wki s\u0142u\u017cy\u0142y jako sezonowe kwatery pasterzom i pasterkom, kt\u00f3rzy wypasali latem byd\u0142o na alpejskich halach. Od pokole\u0144 wyrabiano tam mas\u0142o i sery. Na ponad 1800 halach i w blisko 550 chatach kultywowana jest tradycja rolniczego zagospodarowania alpejskich pastwisk. 170 bac\u00f3wek posiada certyfikat Lata na Halach i zaprasza w\u0119drowc\u00f3w na pyszny, syc\u0105cy posi\u0142ek i niezapomniany nocleg w g\u00f3rach.<\/p>\n<div id=\"attachment_13213\" style=\"width: 1180px\" class=\"wp-caption alignnone\"><img decoding=\"async\" aria-describedby=\"caption-attachment-13213\" class=\"size-1170_658 wp-image-13213\" src=\"https:\/\/cdn.salzburgerland.com\/pl\/wp-content\/uploads\/2016\/11\/rs316_20130824-_mg_1294-lpr-1170x658.jpg\" alt=\"\" width=\"1170\" height=\"658\" srcset=\"https:\/\/www.salzburgerland.com\/pl\/wp-content\/uploads\/2016\/11\/rs316_20130824-_mg_1294-lpr-1170x658.jpg 1170w, https:\/\/www.salzburgerland.com\/pl\/wp-content\/uploads\/2016\/11\/rs316_20130824-_mg_1294-lpr-1200x675.jpg 1200w\" sizes=\"(max-width: 1170px) 100vw, 1170px\"><p id=\"caption-attachment-13213\" class=\"wp-caption-text\">Turystka przed bac\u00f3wk\u0105 Stuhlalm w pa\u015bmie Gosaukamm, w tle charakterystyczny szczyt Bischofsm\u00fctze (\u201eBiskupia Mitra\u201d) \u00a9 SalzburgerLand Tourismus, Franz Pritz<\/p><\/div>\n<h3>Salzburskie szlaki przez hale<\/h3>\n<p>Szczeg\u00f3lnie pi\u0119knym sposobem odkrywania alpejskich hal z ca\u0142\u0105 rodzin\u0105 s\u0105 w\u0119dr\u00f3wki Salzburskim Szlakiem przez Hale. 350 km utwardzonych \u015bcie\u017cek w\u0119drownych podzielonych na 31 etap\u00f3w o zr\u00f3\u017cnicowanym stopniu trudno\u015bci \u0142\u0105czy 25 kurort\u00f3w regionu Pongau. Starannie oznakowana trasa przebiega na umiarkowanej wysoko\u015bci od 1000 do 2000 m n.p.m. W\u0119dr\u00f3wka szlakami o niezwyk\u0142ych walorach krajobrazowych, w otoczeniu dziewiczej przyrody i wspania\u0142ych widok\u00f3w na charakterystyczne szczyty Bischofsm\u00fctze, Hochk\u00f6nig i Dachstein, to fantastyczne prze\u017cycie. Poszczeg\u00f3lne etapy po\u015bwi\u0119cone s\u0105 r\u00f3\u017cnej tematyce, dzi\u0119ki czemu poznajemy wiele interesuj\u0105cych nowo\u015bci. Je\u015bli wi\u0119c szukasz odpr\u0119\u017cenia i przygody, chcia\u0142by\u015b pozostawi\u0107 troski i k\u0142opoty w dolinie, zaoferowa\u0107 swojej rodzinie niezwykle spotkanie z przyrod\u0105, Salzburskie Lato na Halach jest idealnym pomys\u0142em na wakacje. Nie zastanawiaj si\u0119 dwa razy \u2013 ruszaj na odkrycie Alp!<\/p>\n<div id=\"attachment_6425\" style=\"width: 1180px\" class=\"wp-caption alignnone\"><img decoding=\"async\" aria-describedby=\"caption-attachment-6425\" class=\"size-1170_658 wp-image-6425\" src=\"https:\/\/cdn.salzburgerland.com\/pl\/wp-content\/uploads\/2020\/04\/rs2746_t2_055-hpr-1170x658.jpg\" alt=\"\" width=\"1170\" height=\"658\" srcset=\"https:\/\/www.salzburgerland.com\/pl\/wp-content\/uploads\/2020\/04\/rs2746_t2_055-hpr-1170x658.jpg 1170w, https:\/\/www.salzburgerland.com\/pl\/wp-content\/uploads\/2020\/04\/rs2746_t2_055-hpr-1200x675.jpg 1200w\" sizes=\"(max-width: 1170px) 100vw, 1170px\"><p id=\"caption-attachment-6425\" class=\"wp-caption-text\">Wysokog\u00f3rskie pastwiska, niebosi\u0119\u017cne szczyty i b\u0142\u0119kit nieba nad g\u0142ow\u0105 \u2013 szlak do bac\u00f3wki Mitterastenalm \u00a9 SalzburgerLand Tourismus, Tom Son, Mitterastenalm<\/p><\/div>\n<h3>W\u0119dr\u00f3wki z dzie\u0107mi<\/h3>\n<p>Podczas w\u0119dr\u00f3wek z dzie\u0107mi nie chodzi o zdobywanie szczyt\u00f3w, pokonywanie metr\u00f3w wysoko\u015bci lub o uporanie si\u0119 z najtrudniejsz\u0105 technicznie \u015bcie\u017ck\u0105 w jak najkr\u00f3tszym czasie. Tutaj droga sama w sobie jest celem. G\u00f3ra i alpejskie hale staj\u0105 si\u0119 wielkim naturalnym placem zabaw. Odkrywanie potok\u00f3w g\u00f3rskich i obserwowanie z zaciekawieniem g\u00f3rskich zwierz\u0105t. Wsz\u0119dzie na Ziemi Salzburskiej wytyczone s\u0105 \u015bcie\u017cki, kt\u00f3re gwarantuj\u0105 niezapomniany wypoczynek i niezwyk\u0142\u0105 przygod\u0119 dla rodzic\u00f3w i ich pociech.<\/p>\n<div id=\"attachment_13214\" style=\"width: 1180px\" class=\"wp-caption alignnone\"><img decoding=\"async\" aria-describedby=\"caption-attachment-13214\" class=\"size-1170_658 wp-image-13214\" src=\"https:\/\/cdn.salzburgerland.com\/pl\/wp-content\/uploads\/2016\/11\/rs3870_deniscebulec-x-salzburgerland-7900-lpr-1170x658.jpg\" alt=\"\" width=\"1170\" height=\"658\" srcset=\"https:\/\/www.salzburgerland.com\/pl\/wp-content\/uploads\/2016\/11\/rs3870_deniscebulec-x-salzburgerland-7900-lpr-1170x658.jpg 1170w, https:\/\/www.salzburgerland.com\/pl\/wp-content\/uploads\/2016\/11\/rs3870_deniscebulec-x-salzburgerland-7900-lpr-1200x675.jpg 1200w\" sizes=\"(max-width: 1170px) 100vw, 1170px\"><p id=\"caption-attachment-13214\" class=\"wp-caption-text\">W\u0119dr\u00f3wka w\u015br\u00f3d limb na Graukogel w Gasteinertal jest dla dzieci niezwyk\u0142ym spotkaniem z przyrod\u0105 i r\u00f3wocze\u015bnie niecodzienn\u0105 przygod\u0105 \u00a9 SalzburgerLand Tourismus, Denis Cebulec<\/p><\/div>\n<h3><strong>Na ka\u017cdy gust i ka\u017cd\u0105 kondycj\u0119<\/strong><\/h3>\n<p id=\"tw-target-text\" class=\"tw-data-text tw-text-large tw-ta\" dir=\"ltr\" data-placeholder=\"T\u0142umaczenie\"><span lang=\"pl\" tabindex=\"0\">Pragniesz nieforsownego spaceru w widokiem na salzburskie jeziora, czy wolisz w\u0119dr\u00f3wk\u0119 w cieniu masywu Hochk\u00f6nig? A mo\u017ce lubisz podejmowa\u0107 wyzwania i nie straszny Ci wysi\u0142ek zdobywania szczyt\u00f3w? Albo mo\u017ce nale\u017cysz do tych w\u0119drowc\u00f3w, kt\u00f3rzy szukaj\u0105 najbardziej malowniczych miejsc do odpoczynku na szlaku? Polujesz na wschody i zachody s\u0142o\u0144ca w g\u00f3rach? Chcesz w\u0119drowa\u0107 komfortowo, bez ci\u0119\u017ckiego baga\u017cu? Pragnisze prze\u017cy\u0107 kulinarne niespodzianki na alpejskich halach i w g\u00f3rskich schroniskach. A mo\u017ce dasz si\u0119 nam\u00f3wi\u0107 na niezwyk\u0142y bieg przez lasy, \u0142aki, alpejskie i bezdro\u017ca z widokiem na jezioro i lodowiec? Zapraszamy do Zell am See na biegi w terenie na Schmittenh\u00f6he!<\/span><\/p>\n<p><iframe title=\"Trailrun Schmittenh\u00f6he - Zell am See-Kaprun\" width=\"500\" height=\"281\" src=\"https:\/\/www.youtube-nocookie.com\/embed\/l0xfHeHcuRM?feature=oembed&amp;rel=0&amp;modestbranding=1\" frameborder=\"0\" allow=\"accelerometer; autoplay; clipboard-write; encrypted-media; gyroscope; picture-in-picture; web-share\" referrerpolicy=\"strict-origin-when-cross-origin\" allowfullscreen><\/iframe><\/p>\n<h3>Wypoczywaj bezpiecznie<\/h3>\n<p>Wakacje w g\u00f3rach kojarz\u0105 si\u0119 nam nieodzownie ze s\u0142o\u0144cem, odpoczynkiem, kontaktem z przyrod\u0105 i zdrowym ruchem na \u015bwie\u017cym powietrzu. Pami\u0119taj jednak zawsze, \u017ce g\u00f3ry mog\u0105 zaskakiwa\u0107, cho\u0107by nag\u0142\u0105 zmian\u0105 pomocy lub zmian\u0105 skali trudno\u015bci szlaku. Aby czu\u0107 si\u0119 w nich bezpiecznie, <a href=\"https:\/\/www.salzburgerland.com\/pl\/bezpieczenstwo-w-gorach-latem\/\" target=\"_blank\" rel=\"noopener\"><strong>zawsze dobrze przygotuj si\u0119 do wyj\u015bcia na szlak<\/strong><\/a>.<\/p>\n<h3>Zam\u00f3w broszury informacyjne<\/h3>\n<p>Chcia\u0142by\u015b dowiedzie\u0107 si\u0119 wi\u0119cej o letniej ofercie region\u00f3w Ziemi Salzburskiej lub przygotowa\u0107 sw\u00f3j wakacyjny pobyt jeszcze przed wyjazdem? W naszym <a href=\"https:\/\/www.salzburgerland.com\/pl\/shop\/\" target=\"_blank\" rel=\"noopener\"><strong>sklepie internetowy<\/strong>m<\/a> czekaj\u0105 na Ciebie <strong>bezp\u0142atne broszury informacyjne<\/strong>, m.in. \u201eWakacyjny przewodnik na lato\u201d z map\u0105 drogow\u0105, broszura Lata na Halach i katalog letnich ofert wybranych region\u00f3w salzburskiej prowincji.<\/p>\n","protected":false},"excerpt":{"rendered":"<p>Kiedy na alpejskich \u0142\u0105kach i w wysokog\u00f3rskich lasach po d\u0142ugiej, srogiej zimie topnieje ostatni \u015bnieg, a jego woda wartkimi strumieniami toruje sobie drog\u0119 w dolin\u0119, soczysto zielona ro\u015blinno\u015b\u0107 wyci\u0105ga swoje g\u0142owy w kierunku s\u0142o\u0144ca, a zwierz\u0119ta budz\u0105 si\u0119 z zimowego snu, to znak, \u017ce na Ziemi Salzburskiej zaczyna si\u0119 sezon Lata na Halach. Nie tylko [&hellip;]<\/p>\n","protected":false},"author":4,"featured_media":1547,"comment_status":"closed","ping_status":"closed","sticky":false,"template":"","format":"standard","meta":{"_acf_changed":false,"wl_entities_gutenberg":"","_relevanssi_hide_post":"","_relevanssi_hide_content":"","_relevanssi_pin_for_all":"","_relevanssi_pin_keywords":"","_relevanssi_unpin_keywords":"","_relevanssi_related_keywords":"","_relevanssi_related_include_ids":"","_relevanssi_related_exclude_ids":"","_relevanssi_related_no_append":"","_relevanssi_related_not_related":"","_relevanssi_related_posts":"","_relevanssi_noindex_reason":"","footnotes":""},"categories":[1],"tags":[218,219,221,222,220,215,216,214,217],"wl_entity_type":[300],"class_list":["post-26","post","type-post","status-publish","format-standard","has-post-thumbnail","hentry","category-uncategorized","tag-alpejskie-bacowki","tag-alpejskie-przysamki","tag-folklor","tag-imprezy-folklorystyczne","tag-regionalne-przysmaki","tag-salzburskie-hale","tag-szlaki-wedrowne","tag-turystyka-piesza","tag-wedrowki-z-dziecmi","wl_entity_type-article"],"acf":[],"yoast_head":"<!-- This site is optimized with the Yoast SEO Premium plugin v27.4 (Yoast SEO v27.4) - https:\/\/yoast.com\/product\/yoast-seo-premium-wordpress\/ -->\n<title>Turystyka piesza na Ziemi Salzburskiej i w\u0119dr\u00f3wki przez alpejskie hale<\/title>\n<meta name=\"description\" content=\"Salzburskie Lato na Halach: szlak przez salzburskie hale, tradycyjne bac\u00f3wki,regionalne przysmaki, wypoczynek z dzie\u0107mi, folklor\" \/>\n<meta name=\"robots\" content=\"index, follow, max-snippet:-1, max-image-preview:large, max-video-preview:-1\" \/>\n<link rel=\"canonical\" href=\"https:\/\/www.salzburgerland.com\/pl\/turystyka-piesza-na-ziemi-salzburskiej\/\" \/>\n<meta property=\"og:locale\" content=\"pl_PL\" \/>\n<meta property=\"og:type\" content=\"article\" \/>\n<meta property=\"og:title\" content=\"Turystyka piesza na Ziemi Salzburskiej\" \/>\n<meta property=\"og:description\" content=\"Kiedy na alpejskich \u0142\u0105kach i w wysokog\u00f3rskich lasach po d\u0142ugiej, srogiej zimie topnieje ostatni \u015bnieg, a jego woda wartkimi strumieniami toruje sobie\" \/>\n<meta property=\"og:url\" content=\"https:\/\/www.salzburgerland.com\/pl\/turystyka-piesza-na-ziemi-salzburskiej\/\" \/>\n<meta property=\"og:site_name\" content=\"SalzburgerLand.com\" \/>\n<meta property=\"article:publisher\" content=\"https:\/\/www.facebook.com\/visitsalzburgerland\/\" \/>\n<meta property=\"article:published_time\" content=\"2016-11-21T13:03:40+00:00\" \/>\n<meta property=\"article:modified_time\" content=\"2022-04-19T14:07:48+00:00\" \/>\n<meta property=\"og:image\" content=\"https:\/\/www.salzburgerland.com\/pl\/wp-content\/uploads\/2017\/03\/st--martin-wandern.jpg\" \/>\n\t<meta property=\"og:image:width\" content=\"1013\" \/>\n\t<meta property=\"og:image:height\" content=\"675\" \/>\n\t<meta property=\"og:image:type\" content=\"image\/jpeg\" \/>\n<meta name=\"author\" content=\"Izabela Gartner\" \/>\n<meta name=\"twitter:card\" content=\"summary_large_image\" \/>\n<meta name=\"twitter:creator\" content=\"@salzburgerland\" \/>\n<meta name=\"twitter:site\" content=\"@salzburgerland\" \/>\n<meta name=\"twitter:label1\" content=\"Napisane przez\" \/>\n\t<meta name=\"twitter:data1\" content=\"Izabela Gartner\" \/>\n\t<meta name=\"twitter:label2\" content=\"Szacowany czas czytania\" \/>\n\t<meta name=\"twitter:data2\" content=\"6 minut\" \/>\n<script type=\"application\/ld+json\" class=\"yoast-schema-graph\">{\"@context\":\"https:\\\/\\\/schema.org\",\"@graph\":[{\"@type\":\"Article\",\"@id\":\"https:\\\/\\\/www.salzburgerland.com\\\/pl\\\/turystyka-piesza-na-ziemi-salzburskiej\\\/#article\",\"isPartOf\":{\"@id\":\"https:\\\/\\\/www.salzburgerland.com\\\/pl\\\/turystyka-piesza-na-ziemi-salzburskiej\\\/\"},\"author\":{\"name\":\"Izabela Gartner\",\"@id\":\"https:\\\/\\\/www.salzburgerland.com\\\/pl\\\/#\\\/schema\\\/person\\\/c10420e9897d4ca984317db556f04804\"},\"headline\":\"Turystyka piesza na Ziemi Salzburskiej\",\"datePublished\":\"2016-11-21T13:03:40+00:00\",\"dateModified\":\"2022-04-19T14:07:48+00:00\",\"mainEntityOfPage\":{\"@id\":\"https:\\\/\\\/www.salzburgerland.com\\\/pl\\\/turystyka-piesza-na-ziemi-salzburskiej\\\/\"},\"wordCount\":963,\"image\":{\"@id\":\"https:\\\/\\\/www.salzburgerland.com\\\/pl\\\/turystyka-piesza-na-ziemi-salzburskiej\\\/#primaryimage\"},\"thumbnailUrl\":\"https:\\\/\\\/www.salzburgerland.com\\\/pl\\\/wp-content\\\/uploads\\\/2017\\\/03\\\/st--martin-wandern.jpg\",\"keywords\":[\"alpejskie bac\u00f3wki\",\"alpejskie przysamki\",\"folklor\",\"imprezy folklorystyczne\",\"regionalne przysmaki\",\"salzburskie hale\",\"szlaki w\u0119drowne\",\"turystyka piesza\",\"w\u0119dr\u00f3wki z dzie\u0107mi\"],\"articleSection\":[\"Uncategorized\"],\"inLanguage\":\"pl-PL\"},{\"@type\":\"WebPage\",\"@id\":\"https:\\\/\\\/www.salzburgerland.com\\\/pl\\\/turystyka-piesza-na-ziemi-salzburskiej\\\/\",\"url\":\"https:\\\/\\\/www.salzburgerland.com\\\/pl\\\/turystyka-piesza-na-ziemi-salzburskiej\\\/\",\"name\":\"Turystyka piesza na Ziemi Salzburskiej i w\u0119dr\u00f3wki przez alpejskie hale\",\"isPartOf\":{\"@id\":\"https:\\\/\\\/www.salzburgerland.com\\\/pl\\\/#website\"},\"primaryImageOfPage\":{\"@id\":\"https:\\\/\\\/www.salzburgerland.com\\\/pl\\\/turystyka-piesza-na-ziemi-salzburskiej\\\/#primaryimage\"},\"image\":{\"@id\":\"https:\\\/\\\/www.salzburgerland.com\\\/pl\\\/turystyka-piesza-na-ziemi-salzburskiej\\\/#primaryimage\"},\"thumbnailUrl\":\"https:\\\/\\\/www.salzburgerland.com\\\/pl\\\/wp-content\\\/uploads\\\/2017\\\/03\\\/st--martin-wandern.jpg\",\"datePublished\":\"2016-11-21T13:03:40+00:00\",\"dateModified\":\"2022-04-19T14:07:48+00:00\",\"author\":{\"@id\":\"https:\\\/\\\/www.salzburgerland.com\\\/pl\\\/#\\\/schema\\\/person\\\/c10420e9897d4ca984317db556f04804\"},\"description\":\"Salzburskie Lato na Halach: szlak przez salzburskie hale, tradycyjne bac\u00f3wki,regionalne przysmaki, wypoczynek z dzie\u0107mi, folklor\",\"breadcrumb\":{\"@id\":\"https:\\\/\\\/www.salzburgerland.com\\\/pl\\\/turystyka-piesza-na-ziemi-salzburskiej\\\/#breadcrumb\"},\"inLanguage\":\"pl-PL\",\"potentialAction\":[{\"@type\":\"ReadAction\",\"target\":[\"https:\\\/\\\/www.salzburgerland.com\\\/pl\\\/turystyka-piesza-na-ziemi-salzburskiej\\\/\"]}]},{\"@type\":\"ImageObject\",\"inLanguage\":\"pl-PL\",\"@id\":\"https:\\\/\\\/www.salzburgerland.com\\\/pl\\\/turystyka-piesza-na-ziemi-salzburskiej\\\/#primaryimage\",\"url\":\"https:\\\/\\\/www.salzburgerland.com\\\/pl\\\/wp-content\\\/uploads\\\/2017\\\/03\\\/st--martin-wandern.jpg\",\"contentUrl\":\"https:\\\/\\\/www.salzburgerland.com\\\/pl\\\/wp-content\\\/uploads\\\/2017\\\/03\\\/st--martin-wandern.jpg\",\"width\":1920,\"height\":1280,\"caption\":\"W\u0119dr\u00f3wki halnymi szlakami to niezwyk\u0142e spotkanie z alpejsk\u0105 natur\u0105 i prze\u017cycie dla wszystkich zmys\u0142\u00f3w \u00a9 SalzburgerLand Tourismus GmbH\"},{\"@type\":\"BreadcrumbList\",\"@id\":\"https:\\\/\\\/www.salzburgerland.com\\\/pl\\\/turystyka-piesza-na-ziemi-salzburskiej\\\/#breadcrumb\",\"itemListElement\":[{\"@type\":\"ListItem\",\"position\":1,\"name\":\"Salzburskie lato na halach\",\"item\":\"https:\\\/\\\/www.salzburgerland.com\\\/pl\\\/salzburskie-lato-na-halach\\\/\"},{\"@type\":\"ListItem\",\"position\":2,\"name\":\"Turystyka piesza na Ziemi Salzburskiej\"}]},{\"@type\":\"WebSite\",\"@id\":\"https:\\\/\\\/www.salzburgerland.com\\\/pl\\\/#website\",\"url\":\"https:\\\/\\\/www.salzburgerland.com\\\/pl\\\/\",\"name\":\"SalzburgerLand.com\",\"description\":\"Urlop Salzburg : hotele : turystyka Ziemia Salzburska : kultura : rodzinny urlop Ziemia Salzburska : informacja turystyczna : noclegi Austria : aktywny wypoczynek\",\"potentialAction\":[{\"@type\":\"SearchAction\",\"target\":{\"@type\":\"EntryPoint\",\"urlTemplate\":\"https:\\\/\\\/www.salzburgerland.com\\\/pl\\\/?s={search_term_string}\"},\"query-input\":{\"@type\":\"PropertyValueSpecification\",\"valueRequired\":true,\"valueName\":\"search_term_string\"}}],\"inLanguage\":\"pl-PL\"},{\"@type\":\"Person\",\"@id\":\"https:\\\/\\\/www.salzburgerland.com\\\/pl\\\/#\\\/schema\\\/person\\\/c10420e9897d4ca984317db556f04804\",\"name\":\"Izabela Gartner\",\"image\":{\"@type\":\"ImageObject\",\"inLanguage\":\"pl-PL\",\"@id\":\"https:\\\/\\\/secure.gravatar.com\\\/avatar\\\/062a6263a145aaa718f0b029a735b6557e456ff63f9e65056a4352d3c0a06e4d?s=96&d=mm&r=g\",\"url\":\"https:\\\/\\\/secure.gravatar.com\\\/avatar\\\/062a6263a145aaa718f0b029a735b6557e456ff63f9e65056a4352d3c0a06e4d?s=96&d=mm&r=g\",\"contentUrl\":\"https:\\\/\\\/secure.gravatar.com\\\/avatar\\\/062a6263a145aaa718f0b029a735b6557e456ff63f9e65056a4352d3c0a06e4d?s=96&d=mm&r=g\",\"caption\":\"Izabela Gartner\"}}]}<\/script>\n<meta property=\"og:video\" content=\"https:\/\/www.youtube.com\/embed\/huYsbbcKa8M\" \/>\n<meta property=\"og:video:type\" content=\"text\/html\" \/>\n<meta property=\"og:video:duration\" content=\"71\" \/>\n<meta property=\"og:video:width\" content=\"480\" \/>\n<meta property=\"og:video:height\" content=\"270\" \/>\n<meta property=\"ya:ovs:adult\" content=\"false\" \/>\n<meta property=\"ya:ovs:upload_date\" content=\"2016-11-21T13:03:40+00:00\" \/>\n<meta property=\"ya:ovs:allow_embed\" content=\"true\" \/>\n<!-- \/ Yoast SEO Premium plugin. -->","yoast_head_json":{"title":"Turystyka piesza na Ziemi Salzburskiej i w\u0119dr\u00f3wki przez alpejskie hale","description":"Salzburskie Lato na Halach: szlak przez salzburskie hale, tradycyjne bac\u00f3wki,regionalne przysmaki, wypoczynek z dzie\u0107mi, folklor","robots":{"index":"index","follow":"follow","max-snippet":"max-snippet:-1","max-image-preview":"max-image-preview:large","max-video-preview":"max-video-preview:-1"},"canonical":"https:\/\/www.salzburgerland.com\/pl\/turystyka-piesza-na-ziemi-salzburskiej\/","og_locale":"pl_PL","og_type":"article","og_title":"Turystyka piesza na Ziemi Salzburskiej","og_description":"Kiedy na alpejskich \u0142\u0105kach i w wysokog\u00f3rskich lasach po d\u0142ugiej, srogiej zimie topnieje ostatni \u015bnieg, a jego woda wartkimi strumieniami toruje sobie","og_url":"https:\/\/www.salzburgerland.com\/pl\/turystyka-piesza-na-ziemi-salzburskiej\/","og_site_name":"SalzburgerLand.com","article_publisher":"https:\/\/www.facebook.com\/visitsalzburgerland\/","article_published_time":"2016-11-21T13:03:40+00:00","article_modified_time":"2022-04-19T14:07:48+00:00","og_image":[{"url":"https:\/\/www.salzburgerland.com\/pl\/wp-content\/uploads\/2017\/03\/st--martin-wandern.jpg","width":1013,"height":675,"type":"image\/jpeg"}],"author":"Izabela Gartner","twitter_card":"summary_large_image","twitter_creator":"@salzburgerland","twitter_site":"@salzburgerland","twitter_misc":{"Napisane przez":"Izabela Gartner","Szacowany czas czytania":"6 minut"},"schema":{"@context":"https:\/\/schema.org","@graph":[{"@type":"Article","@id":"https:\/\/www.salzburgerland.com\/pl\/turystyka-piesza-na-ziemi-salzburskiej\/#article","isPartOf":{"@id":"https:\/\/www.salzburgerland.com\/pl\/turystyka-piesza-na-ziemi-salzburskiej\/"},"author":{"name":"Izabela Gartner","@id":"https:\/\/www.salzburgerland.com\/pl\/#\/schema\/person\/c10420e9897d4ca984317db556f04804"},"headline":"Turystyka piesza na Ziemi Salzburskiej","datePublished":"2016-11-21T13:03:40+00:00","dateModified":"2022-04-19T14:07:48+00:00","mainEntityOfPage":{"@id":"https:\/\/www.salzburgerland.com\/pl\/turystyka-piesza-na-ziemi-salzburskiej\/"},"wordCount":963,"image":{"@id":"https:\/\/www.salzburgerland.com\/pl\/turystyka-piesza-na-ziemi-salzburskiej\/#primaryimage"},"thumbnailUrl":"https:\/\/www.salzburgerland.com\/pl\/wp-content\/uploads\/2017\/03\/st--martin-wandern.jpg","keywords":["alpejskie bac\u00f3wki","alpejskie przysamki","folklor","imprezy folklorystyczne","regionalne przysmaki","salzburskie hale","szlaki w\u0119drowne","turystyka piesza","w\u0119dr\u00f3wki z dzie\u0107mi"],"articleSection":["Uncategorized"],"inLanguage":"pl-PL"},{"@type":"WebPage","@id":"https:\/\/www.salzburgerland.com\/pl\/turystyka-piesza-na-ziemi-salzburskiej\/","url":"https:\/\/www.salzburgerland.com\/pl\/turystyka-piesza-na-ziemi-salzburskiej\/","name":"Turystyka piesza na Ziemi Salzburskiej i w\u0119dr\u00f3wki przez alpejskie hale","isPartOf":{"@id":"https:\/\/www.salzburgerland.com\/pl\/#website"},"primaryImageOfPage":{"@id":"https:\/\/www.salzburgerland.com\/pl\/turystyka-piesza-na-ziemi-salzburskiej\/#primaryimage"},"image":{"@id":"https:\/\/www.salzburgerland.com\/pl\/turystyka-piesza-na-ziemi-salzburskiej\/#primaryimage"},"thumbnailUrl":"https:\/\/www.salzburgerland.com\/pl\/wp-content\/uploads\/2017\/03\/st--martin-wandern.jpg","datePublished":"2016-11-21T13:03:40+00:00","dateModified":"2022-04-19T14:07:48+00:00","author":{"@id":"https:\/\/www.salzburgerland.com\/pl\/#\/schema\/person\/c10420e9897d4ca984317db556f04804"},"description":"Salzburskie Lato na Halach: szlak przez salzburskie hale, tradycyjne bac\u00f3wki,regionalne przysmaki, wypoczynek z dzie\u0107mi, folklor","breadcrumb":{"@id":"https:\/\/www.salzburgerland.com\/pl\/turystyka-piesza-na-ziemi-salzburskiej\/#breadcrumb"},"inLanguage":"pl-PL","potentialAction":[{"@type":"ReadAction","target":["https:\/\/www.salzburgerland.com\/pl\/turystyka-piesza-na-ziemi-salzburskiej\/"]}]},{"@type":"ImageObject","inLanguage":"pl-PL","@id":"https:\/\/www.salzburgerland.com\/pl\/turystyka-piesza-na-ziemi-salzburskiej\/#primaryimage","url":"https:\/\/www.salzburgerland.com\/pl\/wp-content\/uploads\/2017\/03\/st--martin-wandern.jpg","contentUrl":"https:\/\/www.salzburgerland.com\/pl\/wp-content\/uploads\/2017\/03\/st--martin-wandern.jpg","width":1920,"height":1280,"caption":"W\u0119dr\u00f3wki halnymi szlakami to niezwyk\u0142e spotkanie z alpejsk\u0105 natur\u0105 i prze\u017cycie dla wszystkich zmys\u0142\u00f3w \u00a9 SalzburgerLand Tourismus GmbH"},{"@type":"BreadcrumbList","@id":"https:\/\/www.salzburgerland.com\/pl\/turystyka-piesza-na-ziemi-salzburskiej\/#breadcrumb","itemListElement":[{"@type":"ListItem","position":1,"name":"Salzburskie lato na halach","item":"https:\/\/www.salzburgerland.com\/pl\/salzburskie-lato-na-halach\/"},{"@type":"ListItem","position":2,"name":"Turystyka piesza na Ziemi Salzburskiej"}]},{"@type":"WebSite","@id":"https:\/\/www.salzburgerland.com\/pl\/#website","url":"https:\/\/www.salzburgerland.com\/pl\/","name":"SalzburgerLand.com","description":"Urlop Salzburg : hotele : turystyka Ziemia Salzburska : kultura : rodzinny urlop Ziemia Salzburska : informacja turystyczna : noclegi Austria : aktywny wypoczynek","potentialAction":[{"@type":"SearchAction","target":{"@type":"EntryPoint","urlTemplate":"https:\/\/www.salzburgerland.com\/pl\/?s={search_term_string}"},"query-input":{"@type":"PropertyValueSpecification","valueRequired":true,"valueName":"search_term_string"}}],"inLanguage":"pl-PL"},{"@type":"Person","@id":"https:\/\/www.salzburgerland.com\/pl\/#\/schema\/person\/c10420e9897d4ca984317db556f04804","name":"Izabela Gartner","image":{"@type":"ImageObject","inLanguage":"pl-PL","@id":"https:\/\/secure.gravatar.com\/avatar\/062a6263a145aaa718f0b029a735b6557e456ff63f9e65056a4352d3c0a06e4d?s=96&d=mm&r=g","url":"https:\/\/secure.gravatar.com\/avatar\/062a6263a145aaa718f0b029a735b6557e456ff63f9e65056a4352d3c0a06e4d?s=96&d=mm&r=g","contentUrl":"https:\/\/secure.gravatar.com\/avatar\/062a6263a145aaa718f0b029a735b6557e456ff63f9e65056a4352d3c0a06e4d?s=96&d=mm&r=g","caption":"Izabela Gartner"}}]},"og_video":"https:\/\/www.youtube.com\/embed\/huYsbbcKa8M","og_video_type":"text\/html","og_video_duration":"71","og_video_width":"480","og_video_height":"270","ya_ovs_adult":"false","ya_ovs_upload_date":"2016-11-21T13:03:40+00:00","ya_ovs_allow_embed":"true"},"_wl_alt_label":[],"wl:entity_url":"http:\/\/open.salzburgerland.com\/pl\/post\/turystyka_piesza_na_ziemi_salzburskiej","_links":{"self":[{"href":"https:\/\/www.salzburgerland.com\/pl\/wp-json\/wp\/v2\/posts\/26","targetHints":{"allow":["GET"]}}],"collection":[{"href":"https:\/\/www.salzburgerland.com\/pl\/wp-json\/wp\/v2\/posts"}],"about":[{"href":"https:\/\/www.salzburgerland.com\/pl\/wp-json\/wp\/v2\/types\/post"}],"author":[{"embeddable":true,"href":"https:\/\/www.salzburgerland.com\/pl\/wp-json\/wp\/v2\/users\/4"}],"replies":[{"embeddable":true,"href":"https:\/\/www.salzburgerland.com\/pl\/wp-json\/wp\/v2\/comments?post=26"}],"version-history":[{"count":5,"href":"https:\/\/www.salzburgerland.com\/pl\/wp-json\/wp\/v2\/posts\/26\/revisions"}],"predecessor-version":[{"id":13210,"href":"https:\/\/www.salzburgerland.com\/pl\/wp-json\/wp\/v2\/posts\/26\/revisions\/13210"}],"wp:featuredmedia":[{"embeddable":true,"href":"https:\/\/www.salzburgerland.com\/pl\/wp-json\/wp\/v2\/media\/1547"}],"wp:attachment":[{"href":"https:\/\/www.salzburgerland.com\/pl\/wp-json\/wp\/v2\/media?parent=26"}],"wp:term":[{"taxonomy":"category","embeddable":true,"href":"https:\/\/www.salzburgerland.com\/pl\/wp-json\/wp\/v2\/categories?post=26"},{"taxonomy":"post_tag","embeddable":true,"href":"https:\/\/www.salzburgerland.com\/pl\/wp-json\/wp\/v2\/tags?post=26"},{"taxonomy":"wl_entity_type","embeddable":true,"href":"https:\/\/www.salzburgerland.com\/pl\/wp-json\/wp\/v2\/wl_entity_type?post=26"}],"curies":[{"name":"wp","href":"https:\/\/api.w.org\/{rel}","templated":true}]}}