{"id":25825,"date":"2025-05-09T19:52:53","date_gmt":"2025-05-09T17:52:53","guid":{"rendered":"https:\/\/www.salzburgerland.com\/pl\/?p=25825"},"modified":"2025-05-17T21:48:00","modified_gmt":"2025-05-17T19:48:00","slug":"filzmoos-wakacje-z-rodzina","status":"publish","type":"post","link":"https:\/\/www.salzburgerland.com\/pl\/filzmoos-wakacje-z-rodzina\/","title":{"rendered":"Wakacje z rodzin\u0105 w Filzmoos"},"content":{"rendered":"<p>Popularnym celem pieszych w\u0119dr\u00f3wek jest g\u00f3ra przyg\u00f3d <strong>Rossbrand<\/strong> (1770 m n.p.m.). Ze szczytu kolejki linowej Papageno kr\u00f3tki spacer prowadzi do placu zabaw i szlaku <strong>FILZ &amp; MOOR<\/strong>, tematycznego szlaku przygodowego inspirowanego \u015bwiatem mokrade\u0142 i torfowisk. Cho\u0107 nie ma tu typowych du\u017cych torfowisk, to w okolicy znajduj\u0105 si\u0119 podmok\u0142e \u0142\u0105ki i torfowiska, jednak ca\u0142a koncepcja szlaku jest przede wszystkim zabawna i edukacyjna. Dzieci w zabawny spos\u00f3b dowiaduj\u0105 si\u0119, jak powstaj\u0105 torfowiska, dlaczego s\u0105 wa\u017cne i jakie zwierz\u0119ta w nich \u017cyj\u0105.<\/p>\n<p>Po drodze mog\u0105 spotka\u0107 \u017caby, wiewi\u00f3rki i motyle, a wa\u017cka Filzi b\u0119dzie im towarzyszy\u0107. Siedem interaktywnych stacji pozwala dzieciom uczy\u0107 si\u0119 poprzez zabaw\u0119 i bezpo\u015brednio na \u0142onie natury. Rossbrand jest dost\u0119pny bezp\u0142atnie kolejk\u0105 linow\u0105 z kart\u0105 <a href=\"https:\/\/www.salzburgerland.com\/pl\/filzmoos-sommer-card\/\" target=\"_blank\" rel=\"noopener\"><strong>Filzmoos Sommer Card<\/strong><\/a>.<\/p>\n\n\t\t\t<div id=\"25825-1\" class=\"gallery gallery-25825 gallery-columns-3 gallery-size-1170_658\" itemscope itemtype=\"http:\/\/schema.org\/ImageGallery\">\n\t\t\t\t<ul class=\"gallery-row gallery-col-3 gallery-clear\">\n\t\t\t\t\t<li class=\"gallery-item col-3\" itemprop=\"associatedMedia\" itemscope itemtype=\"http:\/\/schema.org\/ImageObject\">\n\t\t\t\t\t\t<div class=\"gallery-icon landscape\"><a href=\"https:\/\/www.salzburgerland.com\/pl\/wp-content\/uploads\/2025\/05\/bilderbuchrunde_rossbrand_filzmoos_angelajager-1601x1067-2.jpg\" title=\"bilderbuchrunde_rossbrand_filzmoos_angelajager-1601x1067\"><img decoding=\"async\" data-title=\"Bajkowy szlak dla dzieci na Rossbrand \u00a9 Filzmoos Tourismus, Angela Jager\" title=\"Bajkowy szlak dla dzieci na Rossbrand \u00a9 Filzmoos Tourismus, Angela Jager\" data-caption=\"Bajkowy szlak dla dzieci na Rossbrand \u00a9 Filzmoos Tourismus, Angela Jager\" width=\"1170\" height=\"658\" src=\"https:\/\/www.salzburgerland.com\/pl\/wp-content\/uploads\/2025\/05\/bilderbuchrunde_rossbrand_filzmoos_angelajager-1601x1067-2-1170x658.jpg\" class=\"attachment-1170_658 size-1170_658\" alt=\"Drewniany pos\u0105g wiewi\u00f3rki w centrum uwagi, z rodzinami korzystaj\u0105cymi z wakacji z rodzin\u0105 Filzmoos na le\u015bnym placu zabaw. (Powi\u0119kszony widok)\" srcset=\"https:\/\/www.salzburgerland.com\/pl\/wp-content\/uploads\/2025\/05\/bilderbuchrunde_rossbrand_filzmoos_angelajager-1601x1067-2-1170x658.jpg 1170w, https:\/\/www.salzburgerland.com\/pl\/wp-content\/uploads\/2025\/05\/bilderbuchrunde_rossbrand_filzmoos_angelajager-1601x1067-2-1200x675.jpg 1200w\" sizes=\"(max-width: 1170px) 100vw, 1170px\" aria-describedby=\"figcaption-25825-25955\" itemprop=\"thumbnail\"><\/a><\/div>\n\t\t\t\t\t\t<span id=\"figcaption-25825-25955\" class=\"gallery-caption\" itemprop=\"caption\"><span aria-hidden=\"true\">Bajkowy szlak dla dzieci na Rossbrand \u00a9 Filzmoos Tourismus, Angela Jager<\/span><\/span>\n\t\t\t\t\t<\/li>\n\t\t\t\t\t<li class=\"gallery-item col-3\" itemprop=\"associatedMedia\" itemscope itemtype=\"http:\/\/schema.org\/ImageObject\">\n\t\t\t\t\t\t<div class=\"gallery-icon landscape\"><a href=\"https:\/\/www.salzburgerland.com\/pl\/wp-content\/uploads\/2025\/05\/bilderbuchrunde-rossbrandangelajaeger-www-filzmoos-13-1601x1067-1.jpg\" title=\"bilderbuchrunde-rossbrandangelajaeger-www-filzmoos-13-1601x1067-1\"><img decoding=\"async\" data-title=\"Na \u015bcie\u017cce zabaw na Rossbrand \u00a9 Filzmoos Tourismus, Angela Jeager\" title=\"Na \u015bcie\u017cce zabaw na Rossbrand \u00a9 Filzmoos Tourismus, Angela Jeager\" data-caption=\"Na \u015bcie\u017cce zabaw na Rossbrand \u00a9 Filzmoos Tourismus, Angela Jeager\" width=\"1170\" height=\"658\" src=\"https:\/\/www.salzburgerland.com\/pl\/wp-content\/uploads\/2025\/05\/bilderbuchrunde-rossbrandangelajaeger-www-filzmoos-13-1601x1067-1-1170x658.jpg\" class=\"attachment-1170_658 size-1170_658\" alt=\"M\u0142oda dziewczyna balansuje na drewnianej belce podczas wakacji z rodzin\u0105 Filzmoos na zewn\u0119trznym placu zabaw. (Powi\u0119kszony widok)\" srcset=\"https:\/\/www.salzburgerland.com\/pl\/wp-content\/uploads\/2025\/05\/bilderbuchrunde-rossbrandangelajaeger-www-filzmoos-13-1601x1067-1-1170x658.jpg 1170w, https:\/\/www.salzburgerland.com\/pl\/wp-content\/uploads\/2025\/05\/bilderbuchrunde-rossbrandangelajaeger-www-filzmoos-13-1601x1067-1-1200x675.jpg 1200w\" sizes=\"(max-width: 1170px) 100vw, 1170px\" aria-describedby=\"figcaption-25825-25957\" itemprop=\"thumbnail\"><\/a><\/div>\n\t\t\t\t\t\t<span id=\"figcaption-25825-25957\" class=\"gallery-caption\" itemprop=\"caption\"><span aria-hidden=\"true\">Na \u015bcie\u017cce zabaw na Rossbrand \u00a9 Filzmoos Tourismus, Angela Jeager<\/span><\/span>\n\t\t\t\t\t<\/li>\n\t\t\t\t\t<li class=\"gallery-item col-3\" itemprop=\"associatedMedia\" itemscope itemtype=\"http:\/\/schema.org\/ImageObject\">\n\t\t\t\t\t\t<div class=\"gallery-icon landscape\"><a href=\"https:\/\/www.salzburgerland.com\/pl\/wp-content\/uploads\/2025\/05\/bilderbuchrunde-rossbrandangelajaeger-www-filzmoos-12-1601x1067-1.jpg\" title=\"bilderbuchrunde-rossbrandangelajaeger-www-filzmoos-12-1601x1067-1\"><img decoding=\"async\" data-title=\"\u015acie\u017cka zabaw na Rossbrand \u00a9 Filzmoos Tourismus, Angela Jaeger\" title=\"\u015acie\u017cka zabaw na Rossbrand \u00a9 Filzmoos Tourismus, Angela Jaeger\" data-caption=\"\u015acie\u017cka zabaw na Rossbrand \u00a9 Filzmoos Tourismus, Angela Jaeger\" width=\"1170\" height=\"658\" src=\"https:\/\/www.salzburgerland.com\/pl\/wp-content\/uploads\/2025\/05\/bilderbuchrunde-rossbrandangelajaeger-www-filzmoos-12-1601x1067-1-1170x658.jpg\" class=\"attachment-1170_658 size-1170_658\" alt=\"Ma\u0142e dziecko w r\u00f3\u017cowej czapce wspina si\u0119 po niebieskiej siatce na placu zabaw podczas wakacji z rodzin\u0105 Filzmoos. (Powi\u0119kszony widok)\" srcset=\"https:\/\/www.salzburgerland.com\/pl\/wp-content\/uploads\/2025\/05\/bilderbuchrunde-rossbrandangelajaeger-www-filzmoos-12-1601x1067-1-1170x658.jpg 1170w, https:\/\/www.salzburgerland.com\/pl\/wp-content\/uploads\/2025\/05\/bilderbuchrunde-rossbrandangelajaeger-www-filzmoos-12-1601x1067-1-1200x675.jpg 1200w\" sizes=\"(max-width: 1170px) 100vw, 1170px\" aria-describedby=\"figcaption-25825-25956\" itemprop=\"thumbnail\"><\/a><\/div>\n\t\t\t\t\t\t<span id=\"figcaption-25825-25956\" class=\"gallery-caption\" itemprop=\"caption\"><span aria-hidden=\"true\">\u015acie\u017cka zabaw na Rossbrand \u00a9 Filzmoos Tourismus, Angela Jaeger<\/span><\/span>\n\t\t\t\t\t<\/li>\n\t\t\t\t<\/ul>\n\t\t\t<\/div><!-- .gallery -->\n\n<h3>Wakacje w g\u00f3rach, gdzie nia ma nudy<\/h3>\n<p><a href=\"https:\/\/www.filzmoos.at\/en\/activities\/summer-activities.html\" target=\"_blank\" rel=\"noopener\"><strong>Filzmoos<\/strong><\/a> ma w zanadrzu co\u015b interesuj\u0105cego zar\u00f3wno dla mlodszych, jak i starszych poszukiwaczy przyg\u00f3d. W w\u0105wozie Bacherklamm znajduje si\u0119 zabawowy <a href=\"https:\/\/www.filzmoos.at\/en\/activities\/3d-archery.html\" target=\"_blank\" rel=\"noopener\"><strong>park \u0142uczniczy 3D<\/strong><\/a>, na kt\u00f3rym mo\u017cna spr\u00f3bowa\u0107 swoich si\u0142 w strzelaniu do atrap zwierz\u0105t. Po kr\u00f3tkiej sesji treningowej mo\u017cna wyruszy\u0107 na \u0142ono natury z \u0142ukiem i trzema strza\u0142ami. Wzd\u0142u\u017c trasy na m\u0142odych \u0142ucznik\u00f3w czeka 14 naturalnej wielko\u015bci cel\u00f3w. Ka\u017cdy uczestnik ma trzy pr\u00f3by, a liczy si\u0119 najlepsze trafienie. Wyniki s\u0105 zapisywane na karcie wynik\u00f3w, co pozwala zorganizowa\u0107 rodzinne zawody!<\/p>\n<p>Inn\u0105 popularn\u0105 aktywno\u015bci\u0105 jest <a href=\"https:\/\/www.filzmoos.at\/de\/reiten-in-filzmoos.html\" target=\"_blank\" rel=\"noopener\"><strong>jazda konna<\/strong><\/a>, oferowana przez <strong>B\u00e4rtl\u2019s Kinderklub<\/strong>. Dzieci w wieku od 3 lat mog\u0105 wybra\u0107 si\u0119 na kr\u00f3tk\u0105 przeja\u017cd\u017ck\u0119 po lesie w towarzystwie do\u015bwiadczonego instruktora. Wystarczy zapisa\u0107 si\u0119 rano, a po po\u0142udniu maluchy mog\u0105 cieszy\u0107 si\u0119 swoim pierwszym do\u015bwiadczeniem je\u017adzieckim.<\/p>\n<p><strong>Konie<\/strong> s\u0105 nieod\u0142\u0105cznym elementem g\u00f3rskiego krajobrazu Filzmoos, wi\u0119c je\u015bli Twoje dzieci kochaj\u0105 te pi\u0119kne zwierz\u0119ta, z pewno\u015bci\u0105 b\u0119d\u0105 si\u0119 dobrze tutaj bawi\u0107. Konie mo\u017cna tu spotka\u0107 bardzo cz\u0119sto. Zwykle przemierzaj\u0105 drog\u0119 z centrum wioski do schronisk <strong><a href=\"https:\/\/www.filzmoos.at\/en\/discover\/destination-hofalm.html\" target=\"_blank\" rel=\"noopener\">Hofalmen<\/a><\/strong>. Warto wybra\u0107 si\u0119 na przeja\u017cd\u017ck\u0119 zaprz\u0119giem konnym i podziwia\u0107 magiczn\u0105 alpejsk\u0105 sceneri\u0119 przy d\u017awi\u0119kach stukotu ko\u0144skich kopyt.<\/p>\n\n\t\t\t<div id=\"25825-2\" class=\"gallery gallery-25825 gallery-columns-3 gallery-size-1170_658\" itemscope itemtype=\"http:\/\/schema.org\/ImageGallery\">\n\t\t\t\t<ul class=\"gallery-row gallery-col-3 gallery-clear\">\n\t\t\t\t\t<li class=\"gallery-item col-3\" itemprop=\"associatedMedia\" itemscope itemtype=\"http:\/\/schema.org\/ImageObject\">\n\t\t\t\t\t\t<div class=\"gallery-icon landscape\"><a href=\"https:\/\/www.salzburgerland.com\/pl\/wp-content\/uploads\/2025\/05\/header-foto-1-1897x1067.jpg\" title=\"header-foto-1\"><img decoding=\"async\" data-title=\"Wakacje w siodle w Filzmoos \u00a9 Filzmoos Tourismus\" title=\"Wakacje w siodle w Filzmoos \u00a9 Filzmoos Tourismus\" data-caption=\"Wakacje w siodle w Filzmoos \u00a9 Filzmoos Tourismus\" width=\"1170\" height=\"658\" src=\"https:\/\/www.salzburgerland.com\/pl\/wp-content\/uploads\/2025\/05\/header-foto-1-1170x658.jpg\" class=\"attachment-1170_658 size-1170_658\" alt=\"Grupa cieszy si\u0119 wakacjami z rodzin\u0105 Filzmoos, je\u017cd\u017c\u0105c konno po le\u015bnej \u015bcie\u017cce w s\u0142oneczny dzie\u0144. (Powi\u0119kszony widok)\" srcset=\"https:\/\/www.salzburgerland.com\/pl\/wp-content\/uploads\/2025\/05\/header-foto-1-1170x658.jpg 1170w, https:\/\/www.salzburgerland.com\/pl\/wp-content\/uploads\/2025\/05\/header-foto-1-1897x1067.jpg 1897w, https:\/\/www.salzburgerland.com\/pl\/wp-content\/uploads\/2025\/05\/header-foto-1-768x432.jpg 768w, https:\/\/www.salzburgerland.com\/pl\/wp-content\/uploads\/2025\/05\/header-foto-1-1536x864.jpg 1536w, https:\/\/www.salzburgerland.com\/pl\/wp-content\/uploads\/2025\/05\/header-foto-1-1200x675.jpg 1200w, https:\/\/www.salzburgerland.com\/pl\/wp-content\/uploads\/2025\/05\/header-foto-1.jpg 1920w\" sizes=\"(max-width: 1170px) 100vw, 1170px\" aria-describedby=\"figcaption-25825-25954\" itemprop=\"thumbnail\"><\/a><\/div>\n\t\t\t\t\t\t<span id=\"figcaption-25825-25954\" class=\"gallery-caption\" itemprop=\"caption\"><span aria-hidden=\"true\">Wakacje w siodle w Filzmoos \u00a9 Filzmoos Tourismus<\/span><\/span>\n\t\t\t\t\t<\/li>\n\t\t\t\t\t<li class=\"gallery-item col-3\" itemprop=\"associatedMedia\" itemscope itemtype=\"http:\/\/schema.org\/ImageObject\">\n\t\t\t\t\t\t<div class=\"gallery-icon landscape\"><a href=\"https:\/\/www.salzburgerland.com\/pl\/wp-content\/uploads\/2025\/05\/filzmoos-jnottebrock-und-csattler-43-1200x675-1.jpg\" title=\"filzmoos-jnottebrock-und-csattler-43-1200x675\"><img decoding=\"async\" data-title=\"Zaprz\u0119g konny w Filzmoos \u00a9 Filzmoos Tourismus\" title=\"Zaprz\u0119g konny w Filzmoos \u00a9 Filzmoos Tourismus\" data-caption=\"Zaprz\u0119g konny w Filzmoos \u00a9 Filzmoos Tourismus\" width=\"1170\" height=\"658\" src=\"https:\/\/www.salzburgerland.com\/pl\/wp-content\/uploads\/2025\/05\/filzmoos-jnottebrock-und-csattler-43-1200x675-1-1170x658.jpg\" class=\"attachment-1170_658 size-1170_658\" alt=\"Dwa c\u0119tkowane konie ci\u0105gn\u0105 czerwon\u0105 bryczk\u0119 obok rustykalnego budynku - klasyczne wakacje z rodzin\u0105 Filzmoos. (Powi\u0119kszony widok)\" srcset=\"https:\/\/www.salzburgerland.com\/pl\/wp-content\/uploads\/2025\/05\/filzmoos-jnottebrock-und-csattler-43-1200x675-1-1170x658.jpg 1170w, https:\/\/www.salzburgerland.com\/pl\/wp-content\/uploads\/2025\/05\/filzmoos-jnottebrock-und-csattler-43-1200x675-1-768x432.jpg 768w, https:\/\/www.salzburgerland.com\/pl\/wp-content\/uploads\/2025\/05\/filzmoos-jnottebrock-und-csattler-43-1200x675-1.jpg 1200w\" sizes=\"(max-width: 1170px) 100vw, 1170px\" aria-describedby=\"figcaption-25825-25945\" itemprop=\"thumbnail\"><\/a><\/div>\n\t\t\t\t\t\t<span id=\"figcaption-25825-25945\" class=\"gallery-caption\" itemprop=\"caption\"><span aria-hidden=\"true\">Zaprz\u0119g konny w Filzmoos \u00a9 Filzmoos Tourismus<\/span><\/span>\n\t\t\t\t\t<\/li>\n\t\t\t\t\t<li class=\"gallery-item col-3\" itemprop=\"associatedMedia\" itemscope itemtype=\"http:\/\/schema.org\/ImageObject\">\n\t\t\t\t\t\t<div class=\"gallery-icon landscape\"><a href=\"https:\/\/www.salzburgerland.com\/pl\/wp-content\/uploads\/2019\/04\/filzmoos_hofalmgebiet-c-salzburger-sportwelt-49-1920x1067.jpg\" title=\"Filzmoos_Hofalmgebiet (c) Salzburger Sportwelt (49)\"><img decoding=\"async\" data-title=\"Przerwa w rodzinnej w\u0119dr\u00f3wce w bac\u00f3wce na Hofalmen \u00a9 Salzburger Sportwelt, Christian Schartner\" title=\"Przerwa w rodzinnej w\u0119dr\u00f3wce w bac\u00f3wce na Hofalmen \u00a9 Salzburger Sportwelt, Christian Schartner\" data-caption=\"Przerwa w rodzinnej w\u0119dr\u00f3wce w bac\u00f3wce na Hofalmen \u00a9 Salzburger Sportwelt, Christian Schartner\" width=\"1170\" height=\"658\" src=\"https:\/\/www.salzburgerland.com\/pl\/wp-content\/uploads\/2019\/04\/filzmoos_hofalmgebiet-c-salzburger-sportwelt-49-1170x658.jpg\" class=\"attachment-1170_658 size-1170_658\" alt=\"Pi\u0119\u0107 os\u00f3b spo\u017cywa posi\u0142ek przy rustykalnym stole w domku, delektuj\u0105c si\u0119 latem w Salzburskim \u015awiecie Sportu i \u017cywymi letnimi kwiatami. (Powi\u0119kszony widok)\" srcset=\"https:\/\/www.salzburgerland.com\/pl\/wp-content\/uploads\/2019\/04\/filzmoos_hofalmgebiet-c-salzburger-sportwelt-49-1170x658.jpg 1170w, https:\/\/www.salzburgerland.com\/pl\/wp-content\/uploads\/2019\/04\/filzmoos_hofalmgebiet-c-salzburger-sportwelt-49-1200x675.jpg 1200w\" sizes=\"(max-width: 1170px) 100vw, 1170px\" aria-describedby=\"figcaption-25825-5506\" itemprop=\"thumbnail\"><\/a><\/div>\n\t\t\t\t\t\t<span id=\"figcaption-25825-5506\" class=\"gallery-caption\" itemprop=\"caption\"><span aria-hidden=\"true\">Przerwa w rodzinnej w\u0119dr\u00f3wce w bac\u00f3wce na Hofalmen \u00a9 Salzburger Sportwelt, Christian Schartner<\/span><\/span>\n\t\t\t\t\t<\/li>\n\t\t\t\t<\/ul>\n\t\t\t<\/div><!-- .gallery -->\n\n<h3>Wi\u0119cej atrakcji dla ca\u0142ej rodziny w Filzmoos<\/h3>\n<p>Bawi\u0107 si\u0119 mo\u017cna tak\u017ce w <strong><a href=\"https:\/\/www.filzmoos.at\/de\/aktivitaeten\/sommer\/adventure-minigolf.html\" target=\"_blank\" rel=\"noopener\">Adventure-Minigolf Park<\/a> w Neuberg<\/strong>. Osiemna\u015bcie oryginalnych p\u00f3l z zaskakuj\u0105cymi funkcjami, takimi jak \u201eWulkan\u201d, \u201eRuletka\u201d czy \u201eWyspa\u201d, zapewnia zabaw\u0119 dla ca\u0142ej rodziny. I uwaga, pi\u0142ka nie powinna wpa\u015b\u0107 do wody!<\/p>\n<p>Po aktywnym dniu przyda si\u0119 relaks <strong>w <a href=\"https:\/\/www.filzmoos.at\/de\/aktivitaeten\/freizeitpark-filzmoos-1.html\" target=\"_blank\" rel=\"noopener\">parku rozrywki w Filzmoos<\/a><\/strong>. Znajdziesz tu basen z przyjemn\u0105 temperatur\u0105 wody, sauny, a tak\u017ce dwie kr\u0119gielnie, wielofunkcyjne boisko i bistro. Latem dost\u0119pny jest r\u00f3wnie\u017c odkryty basen z du\u017cym trawiastym terenem do opalania i zabawy.<\/p>\n<div id=\"attachment_25950\" style=\"width: 1180px\" class=\"wp-caption alignnone\"><img decoding=\"async\" aria-describedby=\"caption-attachment-25950\" class=\"size-1170_658 wp-image-25950\" src=\"https:\/\/www.salzburgerland.com\/pl\/wp-content\/uploads\/2025\/05\/erlebnispark-1607x1067-1-1170x658.jpg\" alt=\"\" width=\"1170\" height=\"658\" srcset=\"https:\/\/www.salzburgerland.com\/pl\/wp-content\/uploads\/2025\/05\/erlebnispark-1607x1067-1-1170x658.jpg 1170w, https:\/\/www.salzburgerland.com\/pl\/wp-content\/uploads\/2025\/05\/erlebnispark-1607x1067-1-1200x675.jpg 1200w\" sizes=\"(max-width: 1170px) 100vw, 1170px\"><p id=\"caption-attachment-25950\" class=\"wp-caption-text\">Kryty i odkryty basen na terenie parku rozrywki Freizeitpark Filzmoos \u00a9 Filzmoos Tourismus<\/p><\/div>\n<p>Je\u015bli szukasz zdrowia i relaksu w jednym, nie przegap nowego <a href=\"https:\/\/www.filzmoos.at\/de\/aktivitaeten\/sommer\/kneippanlage-in-filzmoos.html\" target=\"_blank\" rel=\"noopener\"><strong>szlaku do wodnej terapii Kneippa<\/strong><\/a>. Ch\u0142odzenie st\u00f3p, masa\u017c stref refleksyjnych lub \u0107wiczenia poprawiaj\u0105ce kr\u0105\u017cenie krwi \u2013 idealne orze\u017awienie podczas g\u00f3rskiej w\u0119dr\u00f3wki lub wycieczki rowerowej.<\/p>\n<div id=\"attachment_25951\" style=\"width: 1180px\" class=\"wp-caption alignnone\"><img decoding=\"async\" aria-describedby=\"caption-attachment-25951\" class=\"size-1170_658 wp-image-25951\" src=\"https:\/\/www.salzburgerland.com\/pl\/wp-content\/uploads\/2025\/05\/kneippanlage-in-filzmoos-im-salzburgerland-2-1601x1067-1-1170x658.jpg\" alt=\"\" width=\"1170\" height=\"658\" srcset=\"https:\/\/www.salzburgerland.com\/pl\/wp-content\/uploads\/2025\/05\/kneippanlage-in-filzmoos-im-salzburgerland-2-1601x1067-1-1170x658.jpg 1170w, https:\/\/www.salzburgerland.com\/pl\/wp-content\/uploads\/2025\/05\/kneippanlage-in-filzmoos-im-salzburgerland-2-1601x1067-1-1200x675.jpg 1200w\" sizes=\"(max-width: 1170px) 100vw, 1170px\"><p id=\"caption-attachment-25951\" class=\"wp-caption-text\">Park ze \u015bcie\u017ck\u0105 Kneippa w Fizmoos \u00a9 Filzmoos Tourismus<\/p><\/div>\n<h3>Propozycje na koniec lata<\/h3>\n<p>W Filzmoos p\u00f3\u017ane lato i wczesna jesie\u0144 to czas, kiedy przyroda mieni si\u0119 najbardziej kolorowymi barwami, a wie\u015b o\u017cywa tradycjami. Na wsi zawsze by\u0142 to czas \u017cniw i \u015bwi\u0119towania po ci\u0119\u017ckiej pracy na polach \u2013 i w\u0142a\u015bnie t\u0105 atmosfer\u0105 mo\u017cna si\u0119 w pe\u0142ni cieszy\u0107 podczas jesieni rolniczej zwanej Jesieni\u0105 na Wsi.<\/p>\n<p><a href=\"https:\/\/www.salzburgerland.com\/pl\/salzburska-wiejska-jesien\/\" target=\"_blank\" rel=\"noopener\"><strong>Jesie\u0144 na Wsi<\/strong><\/a> ma szczeg\u00f3lny urok w Filzmoos. Ten tradycyjny festyn, kt\u00f3ry w tym roku obchodzi swoj\u0105 30. rocznic\u0119 na Ziemi Salzburskiej, jest \u015bwi\u0119tem wsi w jej najbardziej autentycznym wydaniu: z byd\u0142em prowadzonym z alpejskich pastwisk, rozrywk\u0105, muzyk\u0105, ta\u0144cem, \u015bpiewem i wyj\u0105tkowymi doznaniami kulinarnymi. Przyjd\u017a i zobacz, jak \u015bwi\u0119tuje si\u0119 koniec lata w g\u00f3rach \u2013 tradycyjnie, weso\u0142o i z serdeczn\u0105 go\u015bcinno\u015bci\u0105, jakie region ma do zaoferowania.<\/p>\n\n\t\t\t<div id=\"25825-3\" class=\"gallery gallery-25825 gallery-columns-3 gallery-size-1170_658\" itemscope itemtype=\"http:\/\/schema.org\/ImageGallery\">\n\t\t\t\t<ul class=\"gallery-row gallery-col-3 gallery-clear\">\n\t\t\t\t\t<li class=\"gallery-item col-3\" itemprop=\"associatedMedia\" itemscope itemtype=\"http:\/\/schema.org\/ImageObject\">\n\t\t\t\t\t\t<div class=\"gallery-icon landscape\"><a href=\"https:\/\/www.salzburgerland.com\/pl\/wp-content\/uploads\/2025\/05\/trachtenparchen-auf-der-alm_cgernot-langs_www-filzmoos-at_-1601x1067-1.jpg\" title=\"trachtenparchen-auf-der-alm_cgernot-langs_www-filzmoos-at_-1601x1067\"><img decoding=\"async\" data-title=\"Wiejskie festyny s\u0105 zawsze okazj\u0105 do ubrania si\u0119 w str\u00f3j regionalny \u00a9 Filzmoos Tourismus, Gernot Langs\" title=\"Wiejskie festyny s\u0105 zawsze okazj\u0105 do ubrania si\u0119 w str\u00f3j regionalny \u00a9 Filzmoos Tourismus, Gernot Langs\" data-caption=\"Wiejskie festyny s\u0105 zawsze okazj\u0105 do ubrania si\u0119 w str\u00f3j regionalny \u00a9 Filzmoos Tourismus, Gernot Langs\" width=\"1170\" height=\"658\" src=\"https:\/\/www.salzburgerland.com\/pl\/wp-content\/uploads\/2025\/05\/trachtenparchen-auf-der-alm_cgernot-langs_www-filzmoos-at_-1601x1067-1-1170x658.jpg\" class=\"attachment-1170_658 size-1170_658\" alt=\"Para w tradycyjnych austriackich strojach sp\u0119dza wakacje z rodzin\u0105 Filzmoos na trawiastym wzg\u00f3rzu z widokiem na g\u00f3ry. (Powi\u0119kszony widok)\" srcset=\"https:\/\/www.salzburgerland.com\/pl\/wp-content\/uploads\/2025\/05\/trachtenparchen-auf-der-alm_cgernot-langs_www-filzmoos-at_-1601x1067-1-1170x658.jpg 1170w, https:\/\/www.salzburgerland.com\/pl\/wp-content\/uploads\/2025\/05\/trachtenparchen-auf-der-alm_cgernot-langs_www-filzmoos-at_-1601x1067-1-1200x675.jpg 1200w\" sizes=\"(max-width: 1170px) 100vw, 1170px\" aria-describedby=\"figcaption-25825-25949\" itemprop=\"thumbnail\"><\/a><\/div>\n\t\t\t\t\t\t<span id=\"figcaption-25825-25949\" class=\"gallery-caption\" itemprop=\"caption\"><span aria-hidden=\"true\">Wiejskie festyny s\u0105 zawsze okazj\u0105 do ubrania si\u0119 w str\u00f3j regionalny \u00a9 Filzmoos Tourismus, Gernot Langs<\/span><\/span>\n\t\t\t\t\t<\/li>\n\t\t\t\t\t<li class=\"gallery-item col-3\" itemprop=\"associatedMedia\" itemscope itemtype=\"http:\/\/schema.org\/ImageObject\">\n\t\t\t\t\t\t<div class=\"gallery-icon landscape\"><a href=\"https:\/\/www.salzburgerland.com\/pl\/wp-content\/uploads\/2025\/05\/almabtrieb-filzmoos_chanshuber_www-filzmoos-at_-1603x1067-1.jpg\" title=\"almabtrieb-filzmoos_chanshuber_www-filzmoos-at_-1603x1067\"><img decoding=\"async\" data-title=\"Przystrojone wie\u0144cami krowy prowadzone po letnmim wypasie z alpejksich hal do zagr\u00f3d w dolinie \u00a9 Filzmoos Tourismus\" title=\"Przystrojone wie\u0144cami krowy prowadzone po letnmim wypasie z alpejksich hal do zagr\u00f3d w dolinie \u00a9 Filzmoos Tourismus\" data-caption=\"Przystrojone wie\u0144cami krowy prowadzone po letnmim wypasie z alpejksich hal do zagr\u00f3d w dolinie \u00a9 Filzmoos Tourismus\" width=\"1170\" height=\"658\" src=\"https:\/\/www.salzburgerland.com\/pl\/wp-content\/uploads\/2025\/05\/almabtrieb-filzmoos_chanshuber_www-filzmoos-at_-1603x1067-1-1170x658.jpg\" class=\"attachment-1170_658 size-1170_658\" alt=\"Krowy z koronami kwiat\u00f3w spaceruj\u0105 po zielonej trawie w Filzmoos, idealnej na wakacje z rodzin\u0105. (Powi\u0119kszony widok)\" srcset=\"https:\/\/www.salzburgerland.com\/pl\/wp-content\/uploads\/2025\/05\/almabtrieb-filzmoos_chanshuber_www-filzmoos-at_-1603x1067-1-1170x658.jpg 1170w, https:\/\/www.salzburgerland.com\/pl\/wp-content\/uploads\/2025\/05\/almabtrieb-filzmoos_chanshuber_www-filzmoos-at_-1603x1067-1-1200x675.jpg 1200w\" sizes=\"(max-width: 1170px) 100vw, 1170px\" aria-describedby=\"figcaption-25825-25948\" itemprop=\"thumbnail\"><\/a><\/div>\n\t\t\t\t\t\t<span id=\"figcaption-25825-25948\" class=\"gallery-caption\" itemprop=\"caption\"><span aria-hidden=\"true\">Przystrojone wie\u0144cami krowy prowadzone po letnmim wypasie z alpejksich hal do zagr\u00f3d w dolinie \u00a9 Filzmoos Tourismus<\/span><\/span>\n\t\t\t\t\t<\/li>\n\t\t\t\t\t<li class=\"gallery-item col-3\" itemprop=\"associatedMedia\" itemscope itemtype=\"http:\/\/schema.org\/ImageObject\">\n\t\t\t\t\t\t<div class=\"gallery-icon landscape\"><a href=\"https:\/\/www.salzburgerland.com\/pl\/wp-content\/uploads\/2025\/05\/almabtrieb-in-filzmoos_ccoenweesjes_www-filzmoos-at_-1600x1067-1.jpg\" title=\"almabtrieb-in-filzmoos_ccoenweesjes_www-filzmoos-at_-1600x1067\"><img decoding=\"async\" data-title=\"Jesienny redyk w Filzmoos \u00a9 Filzmoos Tourismus, Coen Weesjes\" title=\"Jesienny redyk w Filzmoos \u00a9 Filzmoos Tourismus, Coen Weesjes\" data-caption=\"Jesienny redyk w Filzmoos \u00a9 Filzmoos Tourismus, Coen Weesjes\" width=\"1170\" height=\"658\" src=\"https:\/\/www.salzburgerland.com\/pl\/wp-content\/uploads\/2025\/05\/almabtrieb-in-filzmoos_ccoenweesjes_www-filzmoos-at_-1600x1067-1-1170x658.jpg\" class=\"attachment-1170_658 size-1170_658\" alt=\"Kobieta w tradycyjnym stroju prowadzi ozdobione kwiatami krowy ulic\u0105 podczas wakacji z rodzin\u0105 Filzmoos. (Powi\u0119kszony widok)\" srcset=\"https:\/\/www.salzburgerland.com\/pl\/wp-content\/uploads\/2025\/05\/almabtrieb-in-filzmoos_ccoenweesjes_www-filzmoos-at_-1600x1067-1-1170x658.jpg 1170w, https:\/\/www.salzburgerland.com\/pl\/wp-content\/uploads\/2025\/05\/almabtrieb-in-filzmoos_ccoenweesjes_www-filzmoos-at_-1600x1067-1-1200x675.jpg 1200w\" sizes=\"(max-width: 1170px) 100vw, 1170px\" aria-describedby=\"figcaption-25825-25947\" itemprop=\"thumbnail\"><\/a><\/div>\n\t\t\t\t\t\t<span id=\"figcaption-25825-25947\" class=\"gallery-caption\" itemprop=\"caption\"><span aria-hidden=\"true\">Jesienny redyk w Filzmoos \u00a9 Filzmoos Tourismus, Coen Weesjes<\/span><\/span>\n\t\t\t\t\t<\/li>\n\t\t\t\t<\/ul>\n\t\t\t<\/div><!-- .gallery -->\n\n<h3>Wypoczywaj bezpiecznie<\/h3>\n<p><span>Przed wyjazdem w Alpy warto zapozna\u0107 si\u0119 z <a href=\"https:\/\/www.salzburgerland.com\/pl\/bezpieczenstwo-w-gorach-latem\/\" target=\"_blank\" rel=\"noopener\"><strong>zasadami bezpiecze\u0144stwa<\/strong><\/a>, aby cieszy\u0107 si\u0119 g\u00f3rami bezpiecznie i bez stresu. Dobrze przygotowany plan i odpowiedni sprz\u0119t pomog\u0105 unikn\u0105\u0107 nieprzyjemnych niespodzianek. Dbaj\u0105c o bezpiecze\u0144stwo swoje i swoich najbli\u017cszych, mo\u017cesz w pe\u0142ni korzysta\u0107 z urok\u00f3w alpejskiej przygody!<\/span><\/p>\n<div id=\"attachment_25946\" style=\"width: 1180px\" class=\"wp-caption alignnone\"><img decoding=\"async\" aria-describedby=\"caption-attachment-25946\" class=\"size-1170_658 wp-image-25946\" src=\"https:\/\/www.salzburgerland.com\/pl\/wp-content\/uploads\/2025\/05\/junge-familie-beim-wandern-im-hofalmgebiet-in-filzmoos-1-1200x675-1-1170x658.jpg\" alt=\"\" width=\"1170\" height=\"658\" srcset=\"https:\/\/www.salzburgerland.com\/pl\/wp-content\/uploads\/2025\/05\/junge-familie-beim-wandern-im-hofalmgebiet-in-filzmoos-1-1200x675-1-1170x658.jpg 1170w, https:\/\/www.salzburgerland.com\/pl\/wp-content\/uploads\/2025\/05\/junge-familie-beim-wandern-im-hofalmgebiet-in-filzmoos-1-1200x675-1-768x432.jpg 768w, https:\/\/www.salzburgerland.com\/pl\/wp-content\/uploads\/2025\/05\/junge-familie-beim-wandern-im-hofalmgebiet-in-filzmoos-1-1200x675-1.jpg 1200w\" sizes=\"(max-width: 1170px) 100vw, 1170px\"><p id=\"caption-attachment-25946\" class=\"wp-caption-text\">Rodzinna w\u0119dr\u00f3wka po halach Hofalmen w Filzmoos \u00a9 Filzmoos Tourismus<\/p><\/div>\n","protected":false},"excerpt":{"rendered":"<p>Popularnym celem pieszych w\u0119dr\u00f3wek jest g\u00f3ra przyg\u00f3d Rossbrand (1770 m n.p.m.). Ze szczytu kolejki linowej Papageno kr\u00f3tki spacer prowadzi do placu zabaw i szlaku FILZ &amp; MOOR, tematycznego szlaku przygodowego inspirowanego \u015bwiatem mokrade\u0142 i torfowisk. Cho\u0107 nie ma tu typowych du\u017cych torfowisk, to w okolicy znajduj\u0105 si\u0119 podmok\u0142e \u0142\u0105ki i torfowiska, jednak ca\u0142a koncepcja szlaku [&hellip;]<\/p>\n","protected":false},"author":4,"featured_media":25827,"comment_status":"closed","ping_status":"closed","sticky":false,"template":"","format":"standard","meta":{"_acf_changed":false,"wl_entities_gutenberg":"","_relevanssi_hide_post":"","_relevanssi_hide_content":"","_relevanssi_pin_for_all":"","_relevanssi_pin_keywords":"","_relevanssi_unpin_keywords":"","_relevanssi_related_keywords":"","_relevanssi_related_include_ids":"","_relevanssi_related_exclude_ids":"","_relevanssi_related_no_append":"","_relevanssi_related_not_related":"","_relevanssi_related_posts":"","_relevanssi_noindex_reason":"","footnotes":""},"categories":[1],"tags":[],"wl_entity_type":[300],"class_list":["post-25825","post","type-post","status-publish","format-standard","has-post-thumbnail","hentry","category-uncategorized","wl_entity_type-article"],"acf":[],"yoast_head":"<!-- This site is optimized with the Yoast SEO Premium plugin v27.4 (Yoast SEO v27.4) - https:\/\/yoast.com\/product\/yoast-seo-premium-wordpress\/ -->\n<title>Wakacje z rodzin\u0105 w Filzmoos \u00bb SalzburgerLand.com<\/title>\n<meta name=\"description\" content=\"Filzmoos w salzburskich Alpach zaprasza latem rodziny z dzie\u0107mi na wakacyjne w\u0119dr\u00f3wki, poznawanie alpejskiej przyrody i prze\u017cywanie przyg\u00f3d.\" \/>\n<meta name=\"robots\" content=\"index, follow, max-snippet:-1, max-image-preview:large, max-video-preview:-1\" \/>\n<link rel=\"canonical\" href=\"https:\/\/www.salzburgerland.com\/pl\/filzmoos-wakacje-z-rodzina\/\" \/>\n<meta property=\"og:locale\" content=\"pl_PL\" \/>\n<meta property=\"og:type\" content=\"article\" \/>\n<meta property=\"og:title\" content=\"Wakacje z rodzin\u0105 w Filzmoos\" \/>\n<meta property=\"og:description\" content=\"Popularnym celem pieszych w\u0119dr\u00f3wek jest g\u00f3ra przyg\u00f3d Rossbrand (1770 m n.p.m.). Ze szczytu kolejki linowej Papageno kr\u00f3tki spacer prowadzi do placu zabaw\" \/>\n<meta property=\"og:url\" content=\"https:\/\/www.salzburgerland.com\/pl\/filzmoos-wakacje-z-rodzina\/\" \/>\n<meta property=\"og:site_name\" content=\"SalzburgerLand.com\" \/>\n<meta property=\"article:publisher\" content=\"https:\/\/www.facebook.com\/visitsalzburgerland\/\" \/>\n<meta property=\"article:published_time\" content=\"2025-05-09T17:52:53+00:00\" \/>\n<meta property=\"article:modified_time\" content=\"2025-05-17T19:48:00+00:00\" \/>\n<meta property=\"og:image\" content=\"https:\/\/www.salzburgerland.com\/pl\/wp-content\/uploads\/2025\/05\/kinderleicht-wandern-am-rossbrand-in-filzmoos-gerald-oberreiter_www-filzmoos-at_-1170x658-1.jpg\" \/>\n\t<meta property=\"og:image:width\" content=\"1170\" \/>\n\t<meta property=\"og:image:height\" content=\"658\" \/>\n\t<meta property=\"og:image:type\" content=\"image\/jpeg\" \/>\n<meta name=\"author\" content=\"Izabela Gartner\" \/>\n<meta name=\"twitter:card\" content=\"summary_large_image\" \/>\n<meta name=\"twitter:creator\" content=\"@salzburgerland\" \/>\n<meta name=\"twitter:site\" content=\"@salzburgerland\" \/>\n<meta name=\"twitter:label1\" content=\"Napisane przez\" \/>\n\t<meta name=\"twitter:data1\" content=\"Izabela Gartner\" \/>\n\t<meta name=\"twitter:label2\" content=\"Szacowany czas czytania\" \/>\n\t<meta name=\"twitter:data2\" content=\"6 minut\" \/>\n<script type=\"application\/ld+json\" class=\"yoast-schema-graph\">{\"@context\":\"https:\\\/\\\/schema.org\",\"@graph\":[{\"@type\":\"Article\",\"@id\":\"https:\\\/\\\/www.salzburgerland.com\\\/pl\\\/filzmoos-wakacje-z-rodzina\\\/#article\",\"isPartOf\":{\"@id\":\"https:\\\/\\\/www.salzburgerland.com\\\/pl\\\/filzmoos-wakacje-z-rodzina\\\/\"},\"author\":{\"name\":\"Izabela Gartner\",\"@id\":\"https:\\\/\\\/www.salzburgerland.com\\\/pl\\\/#\\\/schema\\\/person\\\/c10420e9897d4ca984317db556f04804\"},\"headline\":\"Wakacje z rodzin\u0105 w Filzmoos\",\"datePublished\":\"2025-05-09T17:52:53+00:00\",\"dateModified\":\"2025-05-17T19:48:00+00:00\",\"mainEntityOfPage\":{\"@id\":\"https:\\\/\\\/www.salzburgerland.com\\\/pl\\\/filzmoos-wakacje-z-rodzina\\\/\"},\"wordCount\":765,\"image\":{\"@id\":\"https:\\\/\\\/www.salzburgerland.com\\\/pl\\\/filzmoos-wakacje-z-rodzina\\\/#primaryimage\"},\"thumbnailUrl\":\"https:\\\/\\\/www.salzburgerland.com\\\/pl\\\/wp-content\\\/uploads\\\/2025\\\/05\\\/kinderleicht-wandern-am-rossbrand-in-filzmoos-gerald-oberreiter_www-filzmoos-at_-1170x658-1.jpg\",\"articleSection\":[\"Uncategorized\"],\"inLanguage\":\"pl-PL\"},{\"@type\":\"WebPage\",\"@id\":\"https:\\\/\\\/www.salzburgerland.com\\\/pl\\\/filzmoos-wakacje-z-rodzina\\\/\",\"url\":\"https:\\\/\\\/www.salzburgerland.com\\\/pl\\\/filzmoos-wakacje-z-rodzina\\\/\",\"name\":\"Wakacje z rodzin\u0105 w Filzmoos \u00bb SalzburgerLand.com\",\"isPartOf\":{\"@id\":\"https:\\\/\\\/www.salzburgerland.com\\\/pl\\\/#website\"},\"primaryImageOfPage\":{\"@id\":\"https:\\\/\\\/www.salzburgerland.com\\\/pl\\\/filzmoos-wakacje-z-rodzina\\\/#primaryimage\"},\"image\":{\"@id\":\"https:\\\/\\\/www.salzburgerland.com\\\/pl\\\/filzmoos-wakacje-z-rodzina\\\/#primaryimage\"},\"thumbnailUrl\":\"https:\\\/\\\/www.salzburgerland.com\\\/pl\\\/wp-content\\\/uploads\\\/2025\\\/05\\\/kinderleicht-wandern-am-rossbrand-in-filzmoos-gerald-oberreiter_www-filzmoos-at_-1170x658-1.jpg\",\"datePublished\":\"2025-05-09T17:52:53+00:00\",\"dateModified\":\"2025-05-17T19:48:00+00:00\",\"author\":{\"@id\":\"https:\\\/\\\/www.salzburgerland.com\\\/pl\\\/#\\\/schema\\\/person\\\/c10420e9897d4ca984317db556f04804\"},\"description\":\"Filzmoos w salzburskich Alpach zaprasza latem rodziny z dzie\u0107mi na wakacyjne w\u0119dr\u00f3wki, poznawanie alpejskiej przyrody i prze\u017cywanie przyg\u00f3d.\",\"breadcrumb\":{\"@id\":\"https:\\\/\\\/www.salzburgerland.com\\\/pl\\\/filzmoos-wakacje-z-rodzina\\\/#breadcrumb\"},\"inLanguage\":\"pl-PL\",\"potentialAction\":[{\"@type\":\"ReadAction\",\"target\":[\"https:\\\/\\\/www.salzburgerland.com\\\/pl\\\/filzmoos-wakacje-z-rodzina\\\/\"]}]},{\"@type\":\"ImageObject\",\"inLanguage\":\"pl-PL\",\"@id\":\"https:\\\/\\\/www.salzburgerland.com\\\/pl\\\/filzmoos-wakacje-z-rodzina\\\/#primaryimage\",\"url\":\"https:\\\/\\\/www.salzburgerland.com\\\/pl\\\/wp-content\\\/uploads\\\/2025\\\/05\\\/kinderleicht-wandern-am-rossbrand-in-filzmoos-gerald-oberreiter_www-filzmoos-at_-1170x658-1.jpg\",\"contentUrl\":\"https:\\\/\\\/www.salzburgerland.com\\\/pl\\\/wp-content\\\/uploads\\\/2025\\\/05\\\/kinderleicht-wandern-am-rossbrand-in-filzmoos-gerald-oberreiter_www-filzmoos-at_-1170x658-1.jpg\",\"width\":1170,\"height\":658,\"caption\":\"Dziecinnie \u0142atwe w\u0119dr\u00f3wki na g\u00f3rze Rossbrand \u00a9 Filzmoos Tourismus, Gerald Oberreiter\"},{\"@type\":\"BreadcrumbList\",\"@id\":\"https:\\\/\\\/www.salzburgerland.com\\\/pl\\\/filzmoos-wakacje-z-rodzina\\\/#breadcrumb\",\"itemListElement\":[{\"@type\":\"ListItem\",\"position\":1,\"name\":\"Lato w Filzmoos\",\"item\":\"https:\\\/\\\/www.salzburgerland.com\\\/pl\\\/filzmoos-lato\\\/\"},{\"@type\":\"ListItem\",\"position\":2,\"name\":\"Wakacje z rodzin\u0105 w Filzmoos\"}]},{\"@type\":\"WebSite\",\"@id\":\"https:\\\/\\\/www.salzburgerland.com\\\/pl\\\/#website\",\"url\":\"https:\\\/\\\/www.salzburgerland.com\\\/pl\\\/\",\"name\":\"SalzburgerLand.com\",\"description\":\"Urlop Salzburg : hotele : turystyka Ziemia Salzburska : kultura : rodzinny urlop Ziemia Salzburska : informacja turystyczna : noclegi Austria : aktywny wypoczynek\",\"potentialAction\":[{\"@type\":\"SearchAction\",\"target\":{\"@type\":\"EntryPoint\",\"urlTemplate\":\"https:\\\/\\\/www.salzburgerland.com\\\/pl\\\/?s={search_term_string}\"},\"query-input\":{\"@type\":\"PropertyValueSpecification\",\"valueRequired\":true,\"valueName\":\"search_term_string\"}}],\"inLanguage\":\"pl-PL\"},{\"@type\":\"Person\",\"@id\":\"https:\\\/\\\/www.salzburgerland.com\\\/pl\\\/#\\\/schema\\\/person\\\/c10420e9897d4ca984317db556f04804\",\"name\":\"Izabela Gartner\",\"image\":{\"@type\":\"ImageObject\",\"inLanguage\":\"pl-PL\",\"@id\":\"https:\\\/\\\/secure.gravatar.com\\\/avatar\\\/062a6263a145aaa718f0b029a735b6557e456ff63f9e65056a4352d3c0a06e4d?s=96&d=mm&r=g\",\"url\":\"https:\\\/\\\/secure.gravatar.com\\\/avatar\\\/062a6263a145aaa718f0b029a735b6557e456ff63f9e65056a4352d3c0a06e4d?s=96&d=mm&r=g\",\"contentUrl\":\"https:\\\/\\\/secure.gravatar.com\\\/avatar\\\/062a6263a145aaa718f0b029a735b6557e456ff63f9e65056a4352d3c0a06e4d?s=96&d=mm&r=g\",\"caption\":\"Izabela Gartner\"}}]}<\/script>\n<!-- \/ Yoast SEO Premium plugin. -->","yoast_head_json":{"title":"Wakacje z rodzin\u0105 w Filzmoos \u00bb SalzburgerLand.com","description":"Filzmoos w salzburskich Alpach zaprasza latem rodziny z dzie\u0107mi na wakacyjne w\u0119dr\u00f3wki, poznawanie alpejskiej przyrody i prze\u017cywanie przyg\u00f3d.","robots":{"index":"index","follow":"follow","max-snippet":"max-snippet:-1","max-image-preview":"max-image-preview:large","max-video-preview":"max-video-preview:-1"},"canonical":"https:\/\/www.salzburgerland.com\/pl\/filzmoos-wakacje-z-rodzina\/","og_locale":"pl_PL","og_type":"article","og_title":"Wakacje z rodzin\u0105 w Filzmoos","og_description":"Popularnym celem pieszych w\u0119dr\u00f3wek jest g\u00f3ra przyg\u00f3d Rossbrand (1770 m n.p.m.). Ze szczytu kolejki linowej Papageno kr\u00f3tki spacer prowadzi do placu zabaw","og_url":"https:\/\/www.salzburgerland.com\/pl\/filzmoos-wakacje-z-rodzina\/","og_site_name":"SalzburgerLand.com","article_publisher":"https:\/\/www.facebook.com\/visitsalzburgerland\/","article_published_time":"2025-05-09T17:52:53+00:00","article_modified_time":"2025-05-17T19:48:00+00:00","og_image":[{"url":"https:\/\/www.salzburgerland.com\/pl\/wp-content\/uploads\/2025\/05\/kinderleicht-wandern-am-rossbrand-in-filzmoos-gerald-oberreiter_www-filzmoos-at_-1170x658-1.jpg","width":1170,"height":658,"type":"image\/jpeg"}],"author":"Izabela Gartner","twitter_card":"summary_large_image","twitter_creator":"@salzburgerland","twitter_site":"@salzburgerland","twitter_misc":{"Napisane przez":"Izabela Gartner","Szacowany czas czytania":"6 minut"},"schema":{"@context":"https:\/\/schema.org","@graph":[{"@type":"Article","@id":"https:\/\/www.salzburgerland.com\/pl\/filzmoos-wakacje-z-rodzina\/#article","isPartOf":{"@id":"https:\/\/www.salzburgerland.com\/pl\/filzmoos-wakacje-z-rodzina\/"},"author":{"name":"Izabela Gartner","@id":"https:\/\/www.salzburgerland.com\/pl\/#\/schema\/person\/c10420e9897d4ca984317db556f04804"},"headline":"Wakacje z rodzin\u0105 w Filzmoos","datePublished":"2025-05-09T17:52:53+00:00","dateModified":"2025-05-17T19:48:00+00:00","mainEntityOfPage":{"@id":"https:\/\/www.salzburgerland.com\/pl\/filzmoos-wakacje-z-rodzina\/"},"wordCount":765,"image":{"@id":"https:\/\/www.salzburgerland.com\/pl\/filzmoos-wakacje-z-rodzina\/#primaryimage"},"thumbnailUrl":"https:\/\/www.salzburgerland.com\/pl\/wp-content\/uploads\/2025\/05\/kinderleicht-wandern-am-rossbrand-in-filzmoos-gerald-oberreiter_www-filzmoos-at_-1170x658-1.jpg","articleSection":["Uncategorized"],"inLanguage":"pl-PL"},{"@type":"WebPage","@id":"https:\/\/www.salzburgerland.com\/pl\/filzmoos-wakacje-z-rodzina\/","url":"https:\/\/www.salzburgerland.com\/pl\/filzmoos-wakacje-z-rodzina\/","name":"Wakacje z rodzin\u0105 w Filzmoos \u00bb SalzburgerLand.com","isPartOf":{"@id":"https:\/\/www.salzburgerland.com\/pl\/#website"},"primaryImageOfPage":{"@id":"https:\/\/www.salzburgerland.com\/pl\/filzmoos-wakacje-z-rodzina\/#primaryimage"},"image":{"@id":"https:\/\/www.salzburgerland.com\/pl\/filzmoos-wakacje-z-rodzina\/#primaryimage"},"thumbnailUrl":"https:\/\/www.salzburgerland.com\/pl\/wp-content\/uploads\/2025\/05\/kinderleicht-wandern-am-rossbrand-in-filzmoos-gerald-oberreiter_www-filzmoos-at_-1170x658-1.jpg","datePublished":"2025-05-09T17:52:53+00:00","dateModified":"2025-05-17T19:48:00+00:00","author":{"@id":"https:\/\/www.salzburgerland.com\/pl\/#\/schema\/person\/c10420e9897d4ca984317db556f04804"},"description":"Filzmoos w salzburskich Alpach zaprasza latem rodziny z dzie\u0107mi na wakacyjne w\u0119dr\u00f3wki, poznawanie alpejskiej przyrody i prze\u017cywanie przyg\u00f3d.","breadcrumb":{"@id":"https:\/\/www.salzburgerland.com\/pl\/filzmoos-wakacje-z-rodzina\/#breadcrumb"},"inLanguage":"pl-PL","potentialAction":[{"@type":"ReadAction","target":["https:\/\/www.salzburgerland.com\/pl\/filzmoos-wakacje-z-rodzina\/"]}]},{"@type":"ImageObject","inLanguage":"pl-PL","@id":"https:\/\/www.salzburgerland.com\/pl\/filzmoos-wakacje-z-rodzina\/#primaryimage","url":"https:\/\/www.salzburgerland.com\/pl\/wp-content\/uploads\/2025\/05\/kinderleicht-wandern-am-rossbrand-in-filzmoos-gerald-oberreiter_www-filzmoos-at_-1170x658-1.jpg","contentUrl":"https:\/\/www.salzburgerland.com\/pl\/wp-content\/uploads\/2025\/05\/kinderleicht-wandern-am-rossbrand-in-filzmoos-gerald-oberreiter_www-filzmoos-at_-1170x658-1.jpg","width":1170,"height":658,"caption":"Dziecinnie \u0142atwe w\u0119dr\u00f3wki na g\u00f3rze Rossbrand \u00a9 Filzmoos Tourismus, Gerald Oberreiter"},{"@type":"BreadcrumbList","@id":"https:\/\/www.salzburgerland.com\/pl\/filzmoos-wakacje-z-rodzina\/#breadcrumb","itemListElement":[{"@type":"ListItem","position":1,"name":"Lato w Filzmoos","item":"https:\/\/www.salzburgerland.com\/pl\/filzmoos-lato\/"},{"@type":"ListItem","position":2,"name":"Wakacje z rodzin\u0105 w Filzmoos"}]},{"@type":"WebSite","@id":"https:\/\/www.salzburgerland.com\/pl\/#website","url":"https:\/\/www.salzburgerland.com\/pl\/","name":"SalzburgerLand.com","description":"Urlop Salzburg : hotele : turystyka Ziemia Salzburska : kultura : rodzinny urlop Ziemia Salzburska : informacja turystyczna : noclegi Austria : aktywny wypoczynek","potentialAction":[{"@type":"SearchAction","target":{"@type":"EntryPoint","urlTemplate":"https:\/\/www.salzburgerland.com\/pl\/?s={search_term_string}"},"query-input":{"@type":"PropertyValueSpecification","valueRequired":true,"valueName":"search_term_string"}}],"inLanguage":"pl-PL"},{"@type":"Person","@id":"https:\/\/www.salzburgerland.com\/pl\/#\/schema\/person\/c10420e9897d4ca984317db556f04804","name":"Izabela Gartner","image":{"@type":"ImageObject","inLanguage":"pl-PL","@id":"https:\/\/secure.gravatar.com\/avatar\/062a6263a145aaa718f0b029a735b6557e456ff63f9e65056a4352d3c0a06e4d?s=96&d=mm&r=g","url":"https:\/\/secure.gravatar.com\/avatar\/062a6263a145aaa718f0b029a735b6557e456ff63f9e65056a4352d3c0a06e4d?s=96&d=mm&r=g","contentUrl":"https:\/\/secure.gravatar.com\/avatar\/062a6263a145aaa718f0b029a735b6557e456ff63f9e65056a4352d3c0a06e4d?s=96&d=mm&r=g","caption":"Izabela Gartner"}}]}},"_wl_alt_label":[],"wl:entity_url":"http:\/\/open.salzburgerland.com\/pl\/post\/wakacje-z-dziecmi-w-filzmoos-25825","_links":{"self":[{"href":"https:\/\/www.salzburgerland.com\/pl\/wp-json\/wp\/v2\/posts\/25825","targetHints":{"allow":["GET"]}}],"collection":[{"href":"https:\/\/www.salzburgerland.com\/pl\/wp-json\/wp\/v2\/posts"}],"about":[{"href":"https:\/\/www.salzburgerland.com\/pl\/wp-json\/wp\/v2\/types\/post"}],"author":[{"embeddable":true,"href":"https:\/\/www.salzburgerland.com\/pl\/wp-json\/wp\/v2\/users\/4"}],"replies":[{"embeddable":true,"href":"https:\/\/www.salzburgerland.com\/pl\/wp-json\/wp\/v2\/comments?post=25825"}],"version-history":[{"count":12,"href":"https:\/\/www.salzburgerland.com\/pl\/wp-json\/wp\/v2\/posts\/25825\/revisions"}],"predecessor-version":[{"id":25944,"href":"https:\/\/www.salzburgerland.com\/pl\/wp-json\/wp\/v2\/posts\/25825\/revisions\/25944"}],"wp:featuredmedia":[{"embeddable":true,"href":"https:\/\/www.salzburgerland.com\/pl\/wp-json\/wp\/v2\/media\/25827"}],"wp:attachment":[{"href":"https:\/\/www.salzburgerland.com\/pl\/wp-json\/wp\/v2\/media?parent=25825"}],"wp:term":[{"taxonomy":"category","embeddable":true,"href":"https:\/\/www.salzburgerland.com\/pl\/wp-json\/wp\/v2\/categories?post=25825"},{"taxonomy":"post_tag","embeddable":true,"href":"https:\/\/www.salzburgerland.com\/pl\/wp-json\/wp\/v2\/tags?post=25825"},{"taxonomy":"wl_entity_type","embeddable":true,"href":"https:\/\/www.salzburgerland.com\/pl\/wp-json\/wp\/v2\/wl_entity_type?post=25825"}],"curies":[{"name":"wp","href":"https:\/\/api.w.org\/{rel}","templated":true}]}}