{"id":25564,"date":"2025-04-06T14:23:29","date_gmt":"2025-04-06T12:23:29","guid":{"rendered":"https:\/\/www.salzburgerland.com\/pl\/?p=25564"},"modified":"2025-10-23T13:14:10","modified_gmt":"2025-10-23T11:14:10","slug":"radstadt-wakacje-z-rodzina","status":"publish","type":"post","link":"https:\/\/www.salzburgerland.com\/pl\/radstadt-wakacje-z-rodzina\/","title":{"rendered":"Wakacje z rodzin\u0105 w Radstadt"},"content":{"rendered":"<p>Rodziny z dzie\u0107mi szukaj\u0105 zwykle miejsca na wakacje, kt\u00f3re pozwol\u0105 im po\u0142\u0105czy\u0107 relaks dla rodzic\u00f3w, wyj\u0105tkowe prze\u017cycia dla dzieci i niezapomniane chwile z najbli\u017cszymi dla wszystkich. Chyba niewiele jest region\u00f3w wypoczynkowych, kt\u00f3re mog\u0105 im to zaoferowa\u0107 tak niedrogo i prosto, jak <a href=\"https:\/\/www.radstadt.com\/en\/holidays\/family-fun-summer\/\" target=\"_blank\" rel=\"noopener\">Radstadt na Ziemi Salzburskiej<\/a>. Urocze, zabytkowe miasteczko otulone ze wszech stron Alpami, o d\u0142ugiej i ciekawej historii i z wieloma \u015bwioadectwami danych czas\u00f3w, jest idealnym miejscem wyj\u015bcia r\u00f3\u017cnych wycieczek, podczas kt\u00f3rych mo\u017cna du\u017co zwiedzi\u0107, podziwia\u0107 i prze\u017cy\u0107. Radstadt le\u017cy w dolinie rzeki Enns, w jej g\u00f3rnym biegu, mi\u0119dzy majestatycznym masywem pokrytego wiecznym lodem Dachsteina i pasmem Wysokich Taur\u00f3w. Po\u015br\u0105d malowniczych pejza\u017cy rodziny z dzie\u0107mi korzystaj\u0105 tu z serdecznej go\u015bcinno\u015bci przyjzanych rodzinom z dzie\u0107mi obiekt\u00f3w noclegowych.<\/p>\n<div id=\"attachment_25688\" style=\"width: 1180px\" class=\"wp-caption alignnone\"><img decoding=\"async\" aria-describedby=\"caption-attachment-25688\" class=\"size-1170_658 wp-image-25688\" src=\"https:\/\/www.salzburgerland.com\/pl\/wp-content\/uploads\/2025\/04\/ortsansicht--wolfgang-spekner-1-1170x658.jpg\" alt=\"\" width=\"1170\" height=\"658\" srcset=\"https:\/\/www.salzburgerland.com\/pl\/wp-content\/uploads\/2025\/04\/ortsansicht--wolfgang-spekner-1-1170x658.jpg 1170w, https:\/\/www.salzburgerland.com\/pl\/wp-content\/uploads\/2025\/04\/ortsansicht--wolfgang-spekner-1-1200x675.jpg 1200w\" sizes=\"(max-width: 1170px) 100vw, 1170px\"><p id=\"caption-attachment-25688\" class=\"wp-caption-text\">Zabytkowe maisteczko Radstadt w g\u00f3rach Ziemi Salzburskiej @ Radstadt Tourismus, Wolfgang Speckner<\/p><\/div>\n<p>Szczeg\u00f3lnie polecamy tzw. \u201eg\u00f3ry przyg\u00f3d\u201d, gdziemo\u017cna po\u0142\u0105czy\u0107 przyjemne rodzinne w\u0119dr\u00f3wki z zabaw\u0105 i grami dla dzieci. Aktywny wypoczynek w g\u00f3rach z bezcennym czasem z rodzin\u0105 na \u0142onie natury, w wodzie i w g\u00f3rach. Relaks z nowymi do\u015bwiadczeniami i zdobywaniem cennej wiedzy. Tu poczujesz bosymi nogami, jak mi\u0119kki jest mech. Spr\u00f3bujesz, jak smakuj\u0105 \u015bwie\u017co zerwane poziomki. Pow\u0105chasz kwiata goryczki. Zobaczysz kr\u0105\u017c\u0105ce po niebie myszo\u0142owy. Pos\u0142uchasz odg\u0142osu \u015bwistaka, ostrzegaj\u0105cego o niebezpiecze\u0144stwie. A przy tym czas ten wype\u0142ni mn\u00f3stwo zabawy, kt\u00f3ra zadowoli zar\u00f3wno maluchy, jak i starszaki.<\/p>\n<div id=\"attachment_25610\" style=\"width: 1180px\" class=\"wp-caption alignnone\"><img decoding=\"async\" aria-describedby=\"caption-attachment-25610\" class=\"size-1170_658 wp-image-25610\" src=\"https:\/\/www.salzburgerland.com\/pl\/wp-content\/uploads\/2025\/04\/allesalm-gnadenalm--markus-rohrbacher-2-1170x658.jpg\" alt=\"\" width=\"1170\" height=\"658\" srcset=\"https:\/\/www.salzburgerland.com\/pl\/wp-content\/uploads\/2025\/04\/allesalm-gnadenalm--markus-rohrbacher-2-1170x658.jpg 1170w, https:\/\/www.salzburgerland.com\/pl\/wp-content\/uploads\/2025\/04\/allesalm-gnadenalm--markus-rohrbacher-2-1200x675.jpg 1200w\" sizes=\"(max-width: 1170px) 100vw, 1170px\"><p id=\"caption-attachment-25610\" class=\"wp-caption-text\">\u201eWszystko o halach\u201d \u2013 w\u0119dr\u00f3wka dla ma\u0142ych odkrywc\u00f3w szlakiem ciekawostek o \u017cyciu na alpejskich halach @ Radstadt Tourismus, Markus Rohrbacher<\/p><\/div>\n<h3>Hala przyg\u00f3d Alles Alm<\/h3>\n<p>Na wysoko\u015bci 1275 m npm, zaledwie 15 minut samochodem z Radstatdt, le\u017cy alpejska hala Gnadenalm, otulona wspania\u0142\u0105 sceneri\u0105 pasma Radst\u00e4dter Tauern. Rozleg\u0142e \u0142\u0105ki, malownicze lasy i dziewiczy krajobraz to idealne miejsce na wyj\u0105tkowe rodzinne w\u0119dr\u00f3wki. M\u0142odzi w\u0119drowcy mog\u0105 bawi\u0107 si\u0119 na poszczeg\u00f3lnych stacjach na przejezdnym dla w\u00f3zk\u00f3w dzieci\u0119cych okr\u0119\u017cnym szlaku tematycznym <a href=\"https:\/\/www.radstadt.com\/en\/holidays\/hiking-salzburg\/alles-alm-family-hiking-fun\/\" target=\"_blank\" rel=\"noopener\">Alles Alm<\/a>: balansowa\u0107 na wielkich grabiach i kosie, odwiedzi\u0107 rodzin\u0119 \u015bwistak\u00f3w w norze \u015bwistaka, sprawdzi\u0107 swoje umiej\u0119tno\u015bci w skokach, zabawi\u0107 si\u0119 na wodnym placu zabaw itd. Stacje tematyczne opowiadaj\u0105 interesuj\u0105ce i ciekawe fakty o \u017cyciu na g\u00f3rskim pastwisku. Wart odwiedzenia jest tak\u017ce imponuj\u0105cy wodospad Johanneswasserfall, kt\u00f3ry pozwala na zajrzenie za jego wodny welon. W drodze powrotnej do Radstadt warto te\u017c zajrze\u0107 do parku rozrywki i dzikiej przyrody w Untertauern, gdzie czekaj\u0105 alpejskie zwierz\u0119ta i jest du\u017cy plac zabaw i przyg\u00f3d.<\/p>\n<p><iframe title=\"Alles Alm - Der Familien-Wanderspa\u00df auf der Gnadenalm bei Radstadt im SalzburgerLand\" width=\"500\" height=\"281\" src=\"https:\/\/www.youtube-nocookie.com\/embed\/RijwRs1s118?feature=oembed&amp;rel=0&amp;modestbranding=1\" frameborder=\"0\" allow=\"accelerometer; autoplay; clipboard-write; encrypted-media; gyroscope; picture-in-picture; web-share\" referrerpolicy=\"strict-origin-when-cross-origin\" allowfullscreen><\/iframe><\/p>\n","protected":false},"excerpt":{"rendered":"<p>Rodziny z dzie\u0107mi szukaj\u0105 zwykle miejsca na wakacje, kt\u00f3re pozwol\u0105 im po\u0142\u0105czy\u0107 relaks dla rodzic\u00f3w, wyj\u0105tkowe prze\u017cycia dla dzieci i niezapomniane chwile z najbli\u017cszymi dla wszystkich. Chyba niewiele jest region\u00f3w wypoczynkowych, kt\u00f3re mog\u0105 im to zaoferowa\u0107 tak niedrogo i prosto, jak Radstadt na Ziemi Salzburskiej. Urocze, zabytkowe miasteczko otulone ze wszech stron Alpami, o d\u0142ugiej [&hellip;]<\/p>\n","protected":false},"author":4,"featured_media":25565,"comment_status":"closed","ping_status":"closed","sticky":false,"template":"","format":"standard","meta":{"_acf_changed":false,"wl_entities_gutenberg":"","_relevanssi_hide_post":"","_relevanssi_hide_content":"","_relevanssi_pin_for_all":"","_relevanssi_pin_keywords":"","_relevanssi_unpin_keywords":"","_relevanssi_related_keywords":"","_relevanssi_related_include_ids":"","_relevanssi_related_exclude_ids":"","_relevanssi_related_no_append":"","_relevanssi_related_not_related":"","_relevanssi_related_posts":"","_relevanssi_noindex_reason":"","footnotes":""},"categories":[1],"tags":[],"wl_entity_type":[300],"class_list":["post-25564","post","type-post","status-publish","format-standard","has-post-thumbnail","hentry","category-uncategorized","wl_entity_type-article"],"acf":[],"yoast_head":"<!-- This site is optimized with the Yoast SEO Premium plugin v27.4 (Yoast SEO v27.4) - https:\/\/yoast.com\/product\/yoast-seo-premium-wordpress\/ -->\n<title>Wakacje z rodzin\u0105 w Radstadt \u00bb SalzburgerLand.com<\/title>\n<meta name=\"description\" content=\"Natura wok\u00f3\u0142 Radstadt jest najpi\u0119kniejszym placem zabaw, gdzie czekaj\u0105 ne rodziny z dzie\u0107mi wakacje pe\u0142ne zabawy, odkry\u0107 i aktywno\u015bci.\" \/>\n<meta name=\"robots\" content=\"index, follow, max-snippet:-1, max-image-preview:large, max-video-preview:-1\" \/>\n<link rel=\"canonical\" href=\"https:\/\/www.salzburgerland.com\/pl\/radstadt-wakacje-z-rodzina\/\" \/>\n<meta property=\"og:locale\" content=\"pl_PL\" \/>\n<meta property=\"og:type\" content=\"article\" \/>\n<meta property=\"og:title\" content=\"Wakacje z rodzin\u0105 w Radstadt\" \/>\n<meta property=\"og:description\" content=\"Rodziny z dzie\u0107mi szukaj\u0105 zwykle miejsca na wakacje, kt\u00f3re pozwol\u0105 im po\u0142\u0105czy\u0107 relaks dla rodzic\u00f3w, wyj\u0105tkowe prze\u017cycia dla dzieci i niezapomniane chwile\" \/>\n<meta property=\"og:url\" content=\"https:\/\/www.salzburgerland.com\/pl\/radstadt-wakacje-z-rodzina\/\" \/>\n<meta property=\"og:site_name\" content=\"SalzburgerLand.com\" \/>\n<meta property=\"article:publisher\" content=\"https:\/\/www.facebook.com\/visitsalzburgerland\/\" \/>\n<meta property=\"article:published_time\" content=\"2025-04-06T12:23:29+00:00\" \/>\n<meta property=\"article:modified_time\" content=\"2025-10-23T11:14:10+00:00\" \/>\n<meta property=\"og:image\" content=\"https:\/\/www.salzburgerland.com\/pl\/wp-content\/uploads\/2025\/04\/allesalm-gnadenalm--markus-rohrbacher-4-1200x675.jpg\" \/>\n\t<meta property=\"og:image:width\" content=\"1200\" \/>\n\t<meta property=\"og:image:height\" content=\"675\" \/>\n\t<meta property=\"og:image:type\" content=\"image\/jpeg\" \/>\n<meta name=\"author\" content=\"Izabela Gartner\" \/>\n<meta name=\"twitter:card\" content=\"summary_large_image\" \/>\n<meta name=\"twitter:creator\" content=\"@salzburgerland\" \/>\n<meta name=\"twitter:site\" content=\"@salzburgerland\" \/>\n<meta name=\"twitter:label1\" content=\"Napisane przez\" \/>\n\t<meta name=\"twitter:data1\" content=\"Izabela Gartner\" \/>\n\t<meta name=\"twitter:label2\" content=\"Szacowany czas czytania\" \/>\n\t<meta name=\"twitter:data2\" content=\"4 minuty\" \/>\n<script type=\"application\/ld+json\" class=\"yoast-schema-graph\">{\"@context\":\"https:\\\/\\\/schema.org\",\"@graph\":[{\"@type\":\"Article\",\"@id\":\"https:\\\/\\\/www.salzburgerland.com\\\/pl\\\/radstadt-wakacje-z-rodzina\\\/#article\",\"isPartOf\":{\"@id\":\"https:\\\/\\\/www.salzburgerland.com\\\/pl\\\/radstadt-wakacje-z-rodzina\\\/\"},\"author\":{\"name\":\"Izabela Gartner\",\"@id\":\"https:\\\/\\\/www.salzburgerland.com\\\/pl\\\/#\\\/schema\\\/person\\\/c10420e9897d4ca984317db556f04804\"},\"headline\":\"Wakacje z rodzin\u0105 w Radstadt\",\"datePublished\":\"2025-04-06T12:23:29+00:00\",\"dateModified\":\"2025-10-23T11:14:10+00:00\",\"mainEntityOfPage\":{\"@id\":\"https:\\\/\\\/www.salzburgerland.com\\\/pl\\\/radstadt-wakacje-z-rodzina\\\/\"},\"wordCount\":473,\"image\":{\"@id\":\"https:\\\/\\\/www.salzburgerland.com\\\/pl\\\/radstadt-wakacje-z-rodzina\\\/#primaryimage\"},\"thumbnailUrl\":\"https:\\\/\\\/www.salzburgerland.com\\\/pl\\\/wp-content\\\/uploads\\\/2025\\\/04\\\/allesalm-gnadenalm--markus-rohrbacher-4.jpg\",\"articleSection\":[\"Uncategorized\"],\"inLanguage\":\"pl-PL\"},{\"@type\":\"WebPage\",\"@id\":\"https:\\\/\\\/www.salzburgerland.com\\\/pl\\\/radstadt-wakacje-z-rodzina\\\/\",\"url\":\"https:\\\/\\\/www.salzburgerland.com\\\/pl\\\/radstadt-wakacje-z-rodzina\\\/\",\"name\":\"Wakacje z rodzin\u0105 w Radstadt \u00bb SalzburgerLand.com\",\"isPartOf\":{\"@id\":\"https:\\\/\\\/www.salzburgerland.com\\\/pl\\\/#website\"},\"primaryImageOfPage\":{\"@id\":\"https:\\\/\\\/www.salzburgerland.com\\\/pl\\\/radstadt-wakacje-z-rodzina\\\/#primaryimage\"},\"image\":{\"@id\":\"https:\\\/\\\/www.salzburgerland.com\\\/pl\\\/radstadt-wakacje-z-rodzina\\\/#primaryimage\"},\"thumbnailUrl\":\"https:\\\/\\\/www.salzburgerland.com\\\/pl\\\/wp-content\\\/uploads\\\/2025\\\/04\\\/allesalm-gnadenalm--markus-rohrbacher-4.jpg\",\"datePublished\":\"2025-04-06T12:23:29+00:00\",\"dateModified\":\"2025-10-23T11:14:10+00:00\",\"author\":{\"@id\":\"https:\\\/\\\/www.salzburgerland.com\\\/pl\\\/#\\\/schema\\\/person\\\/c10420e9897d4ca984317db556f04804\"},\"description\":\"Natura wok\u00f3\u0142 Radstadt jest najpi\u0119kniejszym placem zabaw, gdzie czekaj\u0105 ne rodziny z dzie\u0107mi wakacje pe\u0142ne zabawy, odkry\u0107 i aktywno\u015bci.\",\"breadcrumb\":{\"@id\":\"https:\\\/\\\/www.salzburgerland.com\\\/pl\\\/radstadt-wakacje-z-rodzina\\\/#breadcrumb\"},\"inLanguage\":\"pl-PL\",\"potentialAction\":[{\"@type\":\"ReadAction\",\"target\":[\"https:\\\/\\\/www.salzburgerland.com\\\/pl\\\/radstadt-wakacje-z-rodzina\\\/\"]}]},{\"@type\":\"ImageObject\",\"inLanguage\":\"pl-PL\",\"@id\":\"https:\\\/\\\/www.salzburgerland.com\\\/pl\\\/radstadt-wakacje-z-rodzina\\\/#primaryimage\",\"url\":\"https:\\\/\\\/www.salzburgerland.com\\\/pl\\\/wp-content\\\/uploads\\\/2025\\\/04\\\/allesalm-gnadenalm--markus-rohrbacher-4.jpg\",\"contentUrl\":\"https:\\\/\\\/www.salzburgerland.com\\\/pl\\\/wp-content\\\/uploads\\\/2025\\\/04\\\/allesalm-gnadenalm--markus-rohrbacher-4.jpg\",\"width\":2560,\"height\":1707,\"caption\":\"Okr\u0119\u017cny szlak w\u0119drowny na Gnadenalm z placem zabaw dla dzieci, Alles Alm @ Radstadt Tourismus, Markus Rohrbacher AllesAlm\"},{\"@type\":\"BreadcrumbList\",\"@id\":\"https:\\\/\\\/www.salzburgerland.com\\\/pl\\\/radstadt-wakacje-z-rodzina\\\/#breadcrumb\",\"itemListElement\":[{\"@type\":\"ListItem\",\"position\":1,\"name\":\"Lato w Radstadt\",\"item\":\"https:\\\/\\\/www.salzburgerland.com\\\/pl\\\/radstadt-lato\\\/\"},{\"@type\":\"ListItem\",\"position\":2,\"name\":\"Wakacje z rodzin\u0105 w Radstadt\"}]},{\"@type\":\"WebSite\",\"@id\":\"https:\\\/\\\/www.salzburgerland.com\\\/pl\\\/#website\",\"url\":\"https:\\\/\\\/www.salzburgerland.com\\\/pl\\\/\",\"name\":\"SalzburgerLand.com\",\"description\":\"Urlop Salzburg : hotele : turystyka Ziemia Salzburska : kultura : rodzinny urlop Ziemia Salzburska : informacja turystyczna : noclegi Austria : aktywny wypoczynek\",\"potentialAction\":[{\"@type\":\"SearchAction\",\"target\":{\"@type\":\"EntryPoint\",\"urlTemplate\":\"https:\\\/\\\/www.salzburgerland.com\\\/pl\\\/?s={search_term_string}\"},\"query-input\":{\"@type\":\"PropertyValueSpecification\",\"valueRequired\":true,\"valueName\":\"search_term_string\"}}],\"inLanguage\":\"pl-PL\"},{\"@type\":\"Person\",\"@id\":\"https:\\\/\\\/www.salzburgerland.com\\\/pl\\\/#\\\/schema\\\/person\\\/c10420e9897d4ca984317db556f04804\",\"name\":\"Izabela Gartner\",\"image\":{\"@type\":\"ImageObject\",\"inLanguage\":\"pl-PL\",\"@id\":\"https:\\\/\\\/secure.gravatar.com\\\/avatar\\\/062a6263a145aaa718f0b029a735b6557e456ff63f9e65056a4352d3c0a06e4d?s=96&d=mm&r=g\",\"url\":\"https:\\\/\\\/secure.gravatar.com\\\/avatar\\\/062a6263a145aaa718f0b029a735b6557e456ff63f9e65056a4352d3c0a06e4d?s=96&d=mm&r=g\",\"contentUrl\":\"https:\\\/\\\/secure.gravatar.com\\\/avatar\\\/062a6263a145aaa718f0b029a735b6557e456ff63f9e65056a4352d3c0a06e4d?s=96&d=mm&r=g\",\"caption\":\"Izabela Gartner\"}}]}<\/script>\n<meta property=\"og:video\" content=\"https:\/\/www.youtube.com\/embed\/RijwRs1s118\" \/>\n<meta property=\"og:video:type\" content=\"text\/html\" \/>\n<meta property=\"og:video:duration\" content=\"118\" \/>\n<meta property=\"og:video:width\" content=\"480\" \/>\n<meta property=\"og:video:height\" content=\"270\" \/>\n<meta property=\"ya:ovs:adult\" content=\"false\" \/>\n<meta property=\"ya:ovs:upload_date\" content=\"2025-04-06T12:23:29+00:00\" \/>\n<meta property=\"ya:ovs:allow_embed\" content=\"true\" \/>\n<!-- \/ Yoast SEO Premium plugin. -->","yoast_head_json":{"title":"Wakacje z rodzin\u0105 w Radstadt \u00bb SalzburgerLand.com","description":"Natura wok\u00f3\u0142 Radstadt jest najpi\u0119kniejszym placem zabaw, gdzie czekaj\u0105 ne rodziny z dzie\u0107mi wakacje pe\u0142ne zabawy, odkry\u0107 i aktywno\u015bci.","robots":{"index":"index","follow":"follow","max-snippet":"max-snippet:-1","max-image-preview":"max-image-preview:large","max-video-preview":"max-video-preview:-1"},"canonical":"https:\/\/www.salzburgerland.com\/pl\/radstadt-wakacje-z-rodzina\/","og_locale":"pl_PL","og_type":"article","og_title":"Wakacje z rodzin\u0105 w Radstadt","og_description":"Rodziny z dzie\u0107mi szukaj\u0105 zwykle miejsca na wakacje, kt\u00f3re pozwol\u0105 im po\u0142\u0105czy\u0107 relaks dla rodzic\u00f3w, wyj\u0105tkowe prze\u017cycia dla dzieci i niezapomniane chwile","og_url":"https:\/\/www.salzburgerland.com\/pl\/radstadt-wakacje-z-rodzina\/","og_site_name":"SalzburgerLand.com","article_publisher":"https:\/\/www.facebook.com\/visitsalzburgerland\/","article_published_time":"2025-04-06T12:23:29+00:00","article_modified_time":"2025-10-23T11:14:10+00:00","og_image":[{"width":1200,"height":675,"url":"https:\/\/www.salzburgerland.com\/pl\/wp-content\/uploads\/2025\/04\/allesalm-gnadenalm--markus-rohrbacher-4-1200x675.jpg","type":"image\/jpeg"}],"author":"Izabela Gartner","twitter_card":"summary_large_image","twitter_creator":"@salzburgerland","twitter_site":"@salzburgerland","twitter_misc":{"Napisane przez":"Izabela Gartner","Szacowany czas czytania":"4 minuty"},"schema":{"@context":"https:\/\/schema.org","@graph":[{"@type":"Article","@id":"https:\/\/www.salzburgerland.com\/pl\/radstadt-wakacje-z-rodzina\/#article","isPartOf":{"@id":"https:\/\/www.salzburgerland.com\/pl\/radstadt-wakacje-z-rodzina\/"},"author":{"name":"Izabela Gartner","@id":"https:\/\/www.salzburgerland.com\/pl\/#\/schema\/person\/c10420e9897d4ca984317db556f04804"},"headline":"Wakacje z rodzin\u0105 w Radstadt","datePublished":"2025-04-06T12:23:29+00:00","dateModified":"2025-10-23T11:14:10+00:00","mainEntityOfPage":{"@id":"https:\/\/www.salzburgerland.com\/pl\/radstadt-wakacje-z-rodzina\/"},"wordCount":473,"image":{"@id":"https:\/\/www.salzburgerland.com\/pl\/radstadt-wakacje-z-rodzina\/#primaryimage"},"thumbnailUrl":"https:\/\/www.salzburgerland.com\/pl\/wp-content\/uploads\/2025\/04\/allesalm-gnadenalm--markus-rohrbacher-4.jpg","articleSection":["Uncategorized"],"inLanguage":"pl-PL"},{"@type":"WebPage","@id":"https:\/\/www.salzburgerland.com\/pl\/radstadt-wakacje-z-rodzina\/","url":"https:\/\/www.salzburgerland.com\/pl\/radstadt-wakacje-z-rodzina\/","name":"Wakacje z rodzin\u0105 w Radstadt \u00bb SalzburgerLand.com","isPartOf":{"@id":"https:\/\/www.salzburgerland.com\/pl\/#website"},"primaryImageOfPage":{"@id":"https:\/\/www.salzburgerland.com\/pl\/radstadt-wakacje-z-rodzina\/#primaryimage"},"image":{"@id":"https:\/\/www.salzburgerland.com\/pl\/radstadt-wakacje-z-rodzina\/#primaryimage"},"thumbnailUrl":"https:\/\/www.salzburgerland.com\/pl\/wp-content\/uploads\/2025\/04\/allesalm-gnadenalm--markus-rohrbacher-4.jpg","datePublished":"2025-04-06T12:23:29+00:00","dateModified":"2025-10-23T11:14:10+00:00","author":{"@id":"https:\/\/www.salzburgerland.com\/pl\/#\/schema\/person\/c10420e9897d4ca984317db556f04804"},"description":"Natura wok\u00f3\u0142 Radstadt jest najpi\u0119kniejszym placem zabaw, gdzie czekaj\u0105 ne rodziny z dzie\u0107mi wakacje pe\u0142ne zabawy, odkry\u0107 i aktywno\u015bci.","breadcrumb":{"@id":"https:\/\/www.salzburgerland.com\/pl\/radstadt-wakacje-z-rodzina\/#breadcrumb"},"inLanguage":"pl-PL","potentialAction":[{"@type":"ReadAction","target":["https:\/\/www.salzburgerland.com\/pl\/radstadt-wakacje-z-rodzina\/"]}]},{"@type":"ImageObject","inLanguage":"pl-PL","@id":"https:\/\/www.salzburgerland.com\/pl\/radstadt-wakacje-z-rodzina\/#primaryimage","url":"https:\/\/www.salzburgerland.com\/pl\/wp-content\/uploads\/2025\/04\/allesalm-gnadenalm--markus-rohrbacher-4.jpg","contentUrl":"https:\/\/www.salzburgerland.com\/pl\/wp-content\/uploads\/2025\/04\/allesalm-gnadenalm--markus-rohrbacher-4.jpg","width":2560,"height":1707,"caption":"Okr\u0119\u017cny szlak w\u0119drowny na Gnadenalm z placem zabaw dla dzieci, Alles Alm @ Radstadt Tourismus, Markus Rohrbacher AllesAlm"},{"@type":"BreadcrumbList","@id":"https:\/\/www.salzburgerland.com\/pl\/radstadt-wakacje-z-rodzina\/#breadcrumb","itemListElement":[{"@type":"ListItem","position":1,"name":"Lato w Radstadt","item":"https:\/\/www.salzburgerland.com\/pl\/radstadt-lato\/"},{"@type":"ListItem","position":2,"name":"Wakacje z rodzin\u0105 w Radstadt"}]},{"@type":"WebSite","@id":"https:\/\/www.salzburgerland.com\/pl\/#website","url":"https:\/\/www.salzburgerland.com\/pl\/","name":"SalzburgerLand.com","description":"Urlop Salzburg : hotele : turystyka Ziemia Salzburska : kultura : rodzinny urlop Ziemia Salzburska : informacja turystyczna : noclegi Austria : aktywny wypoczynek","potentialAction":[{"@type":"SearchAction","target":{"@type":"EntryPoint","urlTemplate":"https:\/\/www.salzburgerland.com\/pl\/?s={search_term_string}"},"query-input":{"@type":"PropertyValueSpecification","valueRequired":true,"valueName":"search_term_string"}}],"inLanguage":"pl-PL"},{"@type":"Person","@id":"https:\/\/www.salzburgerland.com\/pl\/#\/schema\/person\/c10420e9897d4ca984317db556f04804","name":"Izabela Gartner","image":{"@type":"ImageObject","inLanguage":"pl-PL","@id":"https:\/\/secure.gravatar.com\/avatar\/062a6263a145aaa718f0b029a735b6557e456ff63f9e65056a4352d3c0a06e4d?s=96&d=mm&r=g","url":"https:\/\/secure.gravatar.com\/avatar\/062a6263a145aaa718f0b029a735b6557e456ff63f9e65056a4352d3c0a06e4d?s=96&d=mm&r=g","contentUrl":"https:\/\/secure.gravatar.com\/avatar\/062a6263a145aaa718f0b029a735b6557e456ff63f9e65056a4352d3c0a06e4d?s=96&d=mm&r=g","caption":"Izabela Gartner"}}]},"og_video":"https:\/\/www.youtube.com\/embed\/RijwRs1s118","og_video_type":"text\/html","og_video_duration":"118","og_video_width":"480","og_video_height":"270","ya_ovs_adult":"false","ya_ovs_upload_date":"2025-04-06T12:23:29+00:00","ya_ovs_allow_embed":"true"},"_wl_alt_label":[],"wl:entity_url":"http:\/\/open.salzburgerland.com\/pl\/post\/wakacje-z-rodzina-w-radstadt-25564","_links":{"self":[{"href":"https:\/\/www.salzburgerland.com\/pl\/wp-json\/wp\/v2\/posts\/25564","targetHints":{"allow":["GET"]}}],"collection":[{"href":"https:\/\/www.salzburgerland.com\/pl\/wp-json\/wp\/v2\/posts"}],"about":[{"href":"https:\/\/www.salzburgerland.com\/pl\/wp-json\/wp\/v2\/types\/post"}],"author":[{"embeddable":true,"href":"https:\/\/www.salzburgerland.com\/pl\/wp-json\/wp\/v2\/users\/4"}],"replies":[{"embeddable":true,"href":"https:\/\/www.salzburgerland.com\/pl\/wp-json\/wp\/v2\/comments?post=25564"}],"version-history":[{"count":19,"href":"https:\/\/www.salzburgerland.com\/pl\/wp-json\/wp\/v2\/posts\/25564\/revisions"}],"predecessor-version":[{"id":26856,"href":"https:\/\/www.salzburgerland.com\/pl\/wp-json\/wp\/v2\/posts\/25564\/revisions\/26856"}],"wp:featuredmedia":[{"embeddable":true,"href":"https:\/\/www.salzburgerland.com\/pl\/wp-json\/wp\/v2\/media\/25565"}],"wp:attachment":[{"href":"https:\/\/www.salzburgerland.com\/pl\/wp-json\/wp\/v2\/media?parent=25564"}],"wp:term":[{"taxonomy":"category","embeddable":true,"href":"https:\/\/www.salzburgerland.com\/pl\/wp-json\/wp\/v2\/categories?post=25564"},{"taxonomy":"post_tag","embeddable":true,"href":"https:\/\/www.salzburgerland.com\/pl\/wp-json\/wp\/v2\/tags?post=25564"},{"taxonomy":"wl_entity_type","embeddable":true,"href":"https:\/\/www.salzburgerland.com\/pl\/wp-json\/wp\/v2\/wl_entity_type?post=25564"}],"curies":[{"name":"wp","href":"https:\/\/api.w.org\/{rel}","templated":true}]}}