{"id":24745,"date":"2024-12-05T20:36:26","date_gmt":"2024-12-05T19:36:26","guid":{"rendered":"https:\/\/www.salzburgerland.com\/pl\/?p=24745"},"modified":"2024-12-05T20:36:26","modified_gmt":"2024-12-05T19:36:26","slug":"gastein-poza-stokami","status":"publish","type":"post","link":"https:\/\/www.salzburgerland.com\/pl\/gastein-poza-stokami\/","title":{"rendered":"Aktywna zima w Gastein poza stokami"},"content":{"rendered":"<p>Gastein jest idealnym miejscem dla entuzjast\u00f3w <a href=\"https:\/\/www.skigastein.com\/en\/activities\/skiing-snowboarding\/freeriding\/\" target=\"_blank\" rel=\"noopener\"><strong>freeride\u2019u<\/strong><\/a> dzi\u0119ki p\u00f3\u0142nocnym, szerokim stokom i puchowi. Dolina Gastein obejmuje r\u00f3wnie\u017c Sportgastein, pi\u0119kny alpejski obszar znany z r\u00f3\u017cnorodnego krajobrazu. Sportgastein jest otoczony szczytami Alp, kt\u00f3re oferuj\u0105 zapieraj\u0105ce dech w piersiach panoramiczne widoki na o\u015bnie\u017cone g\u00f3ry i rozleg\u0142e r\u00f3wniny. Mo\u017cesz w pe\u0142ni cieszy\u0107 si\u0119 Gastein nawet poza stokami. Dost\u0119pnych jest wiele atrakcji.<\/p>\n<div id=\"attachment_24756\" style=\"width: 1180px\" class=\"wp-caption alignnone\"><img decoding=\"async\" aria-describedby=\"caption-attachment-24756\" class=\"size-1170_658 wp-image-24756\" src=\"https:\/\/www.salzburgerland.com\/pl\/wp-content\/uploads\/2024\/12\/freeriden_sandra_lahnsteiner_gastein_c_gasteinertal_tourismus_gmbh_www-oberschneider-52-1920x1067-1-1170x658.jpg\" alt=\"\" width=\"1170\" height=\"658\" srcset=\"https:\/\/www.salzburgerland.com\/pl\/wp-content\/uploads\/2024\/12\/freeriden_sandra_lahnsteiner_gastein_c_gasteinertal_tourismus_gmbh_www-oberschneider-52-1920x1067-1-1170x658.jpg 1170w, https:\/\/www.salzburgerland.com\/pl\/wp-content\/uploads\/2024\/12\/freeriden_sandra_lahnsteiner_gastein_c_gasteinertal_tourismus_gmbh_www-oberschneider-52-1920x1067-1-1200x675.jpg 1200w\" sizes=\"(max-width: 1170px) 100vw, 1170px\"><p id=\"caption-attachment-24756\" class=\"wp-caption-text\">Freeriderzy w Gastein \u00a9 Gasteinertal Tourismus GmbH, Christoph Oberschneider<\/p><\/div>\n<h3>Freeride\u2019owy raj<\/h3>\n<p>Dzi\u0119ki swojemu wysokog\u00f3rskiemu po\u0142o\u017ceniu, dolina Gastein jest znana z gwarantowanego \u015bniegu. Teren narciarski Sportgastein, kt\u00f3ry osi\u0105ga wysoko\u015b\u0107 do 2686 metr\u00f3w, zdobywa punkty w\u015br\u00f3d freerider\u00f3w za stoki z g\u0142\u0119bokim \u015bniegiem, do kt\u00f3rych mo\u017cna dotrze\u0107 bez d\u0142ugiej wspinaczki. Regularnie odbywaj\u0105 si\u0119 tu tak\u017ce mi\u0119dzynarodowe zawody, wy\u015bcigi i obozy freeride\u2019owe. Trasy zwane Golden Powder, Golden Rush lub Golden Ride s\u0105 uwielbiane przez freerider\u00f3w z ca\u0142ego \u015bwiata, w tym najlepszych sportowc\u00f3w, takich jak profesjonalna freeriderka, producentka filmowa i trenerka, Sandra Lahnsteiner.<\/p>\n<div id=\"attachment_24757\" style=\"width: 1180px\" class=\"wp-caption alignnone\"><img decoding=\"async\" aria-describedby=\"caption-attachment-24757\" class=\"size-1170_658 wp-image-24757\" src=\"https:\/\/www.salzburgerland.com\/pl\/wp-content\/uploads\/2024\/12\/sportgastein-freeriden_sandra_lahnsteiner_c_gasteinertal_tourismus_gmbh_www-oberschneider-67-1920x1067-1-1170x658.jpg\" alt=\"\" width=\"1170\" height=\"658\" srcset=\"https:\/\/www.salzburgerland.com\/pl\/wp-content\/uploads\/2024\/12\/sportgastein-freeriden_sandra_lahnsteiner_c_gasteinertal_tourismus_gmbh_www-oberschneider-67-1920x1067-1-1170x658.jpg 1170w, https:\/\/www.salzburgerland.com\/pl\/wp-content\/uploads\/2024\/12\/sportgastein-freeriden_sandra_lahnsteiner_c_gasteinertal_tourismus_gmbh_www-oberschneider-67-1920x1067-1-1200x675.jpg 1200w\" sizes=\"(max-width: 1170px) 100vw, 1170px\"><p id=\"caption-attachment-24757\" class=\"wp-caption-text\">Sandra Lahnsteiner na \u015bniegu w Sportgastein, raju freeride\u2019u \u00a9 Gasteinertal Tourismus GmbH, Christoph Oberschneider<\/p><\/div>\n<p>Skitouring z pi\u0119knymi widokami<\/p>\n<p>Opr\u00f3cz stok\u00f3w, Gastein oferuje r\u00f3wnie\u017c \u015bwietne warunki do uprawiania<a href=\"https:\/\/www.gastein.com\/pl\/doswiadczenia\/sport-i-przyroda\/wycieczki-narciarskie\/\" target=\"_blank\" rel=\"noopener\"><strong> skialpinizmu i skitouringu<\/strong><\/a>, niezale\u017cnie od tego, czy jeste\u015b naprawd\u0119 dobry na nartach, czy dopiero zaczynasz swoj\u0105 przygod\u0119 z t\u0105 aktywno\u015bci\u0105. Bezpieczne i oznakowane szlaki prowadz\u0105 do jednych z najpi\u0119kniejszych punkt\u00f3w widokowych w regionie bez konieczno\u015bci korzystania z wyci\u0105gu. <a href=\"https:\/\/www.skigastein.com\/en\/activities\/ski-touring\/\" target=\"_blank\" rel=\"noopener\"><strong>Wyprawy narciarskie<\/strong><\/a> pozwalaj\u0105 cieszy\u0107 si\u0119 podjazdami i zjazdami w pi\u0119knej g\u00f3rskiej scenerii. Istnieje wiele punkt\u00f3w startowych, a trasy s\u0105 zr\u00f3\u017cnicowane. Mo\u017cna r\u00f3wnie\u017c do\u0142\u0105czy\u0107 do zorganizowanych wycieczek z przewodnikiem.<\/p>\n<div id=\"attachment_24758\" style=\"width: 1180px\" class=\"wp-caption alignnone\"><img decoding=\"async\" aria-describedby=\"caption-attachment-24758\" class=\"size-1170_658 wp-image-24758\" src=\"https:\/\/www.salzburgerland.com\/pl\/wp-content\/uploads\/2024\/12\/xgi6xbcai3ahe9t7kqpwoietdgdmhi2wbhihpeza-1200x675-1-1170x658.jpg\" alt=\"\" width=\"1170\" height=\"658\" srcset=\"https:\/\/www.salzburgerland.com\/pl\/wp-content\/uploads\/2024\/12\/xgi6xbcai3ahe9t7kqpwoietdgdmhi2wbhihpeza-1200x675-1-1170x658.jpg 1170w, https:\/\/www.salzburgerland.com\/pl\/wp-content\/uploads\/2024\/12\/xgi6xbcai3ahe9t7kqpwoietdgdmhi2wbhihpeza-1200x675-1-768x432.jpg 768w, https:\/\/www.salzburgerland.com\/pl\/wp-content\/uploads\/2024\/12\/xgi6xbcai3ahe9t7kqpwoietdgdmhi2wbhihpeza-1200x675-1.jpg 1200w\" sizes=\"(max-width: 1170px) 100vw, 1170px\"><p id=\"caption-attachment-24758\" class=\"wp-caption-text\">Skitouring w Gastein \u00a9 Gasteinertal Tourismus GmbH<\/p><\/div>\n<h3>Z g\u00f3rki na pazurki czyli sanki dla ma\u0142ych i du\u017cych<\/h3>\n<p>W Gastein znajduj\u0105 si\u0119 r\u00f3wnie\u017c trasy saneczkowe, kt\u00f3re oferuj\u0105 ekscytuj\u0105ce prze\u017cycia dla m\u0142odszych i starszych podczas ferii zimowych. Naturalny tor saneczkowy Aeroplan w Bad Hofgastein jest idealny dla rodzin. Jest to tor o d\u0142ugo\u015bci 3300 metr\u00f3w, kt\u00f3ry mo\u017cna pokona\u0107 nawet w nocy dzi\u0119ki o\u015bwietleniu i specjalnym wieczornym wydarzeniom saneczkowym. Mo\u017cna si\u0119 tu wygodnie dosta\u0107 kolejk\u0105 linow\u0105 Schlossalmbahn \u2013 \u015brodkow\u0105 stacj\u0105. W restauracji Aeroplanstadl zawsze znajdzie si\u0119 co\u015b dobrego do jedzenia i picia. Nocne zjazdy na sankach w Aeroplan odbywaj\u0105 si\u0119 zawsze we wtorki i pi\u0105tki. Z tej okazji Schlossalmbahn dzia\u0142a od 18:00 do 18:30 (ostatni przejazd). Tor saneczkowy jest o\u015bwietlony do godziny 22.30.<\/p>\n<div id=\"attachment_24761\" style=\"width: 1180px\" class=\"wp-caption alignnone\"><img decoding=\"async\" aria-describedby=\"caption-attachment-24761\" class=\"size-1170_658 wp-image-24761\" src=\"https:\/\/www.salzburgerland.com\/pl\/wp-content\/uploads\/2024\/12\/rodeln2_2c2ca14a14028be1dc23dcbb4d487fa8-1601x1067-1-1170x658.jpg\" alt=\"\" width=\"1170\" height=\"658\" srcset=\"https:\/\/www.salzburgerland.com\/pl\/wp-content\/uploads\/2024\/12\/rodeln2_2c2ca14a14028be1dc23dcbb4d487fa8-1601x1067-1-1170x658.jpg 1170w, https:\/\/www.salzburgerland.com\/pl\/wp-content\/uploads\/2024\/12\/rodeln2_2c2ca14a14028be1dc23dcbb4d487fa8-1601x1067-1-1200x675.jpg 1200w\" sizes=\"(max-width: 1170px) 100vw, 1170px\"><p id=\"caption-attachment-24761\" class=\"wp-caption-text\">Podej\u015bcie na tras\u0119 saneczkow\u0105 Aeroplan \u00a9 Gasteinertal Tourismus GmbH, Manuel Marktl<\/p><\/div>\n<p>Kolejn\u0105 atrakcj\u0105 jest Rodelbahn Bellevue Alm w Bad Gastein. Jest to trasa o d\u0142ugo\u015bci 2500 metr\u00f3w z przyjemnymi odcinkami le\u015bnymi i nocn\u0105 jazd\u0105 na sankach. Po przeja\u017cd\u017cce wyci\u0105giem krzese\u0142kowym mo\u017cna zrelaksowa\u0107 si\u0119 przy ognisku w przytulnym domku narciarskim Bellevue Alm, a nast\u0119pnie zjecha\u0107 na sankach, kt\u00f3re mo\u017cna wypo\u017cyczy\u0107 na miejscu. W sezonie zimowym czynne s\u0105 od 10:30 do 16:00 i od 17:30 do 23:30, je\u015bli jest wystarczaj\u0105co du\u017co \u015bniegu. Obie trasy saneczkowe oferuj\u0105 niezapomniane wra\u017cenia zawrotn\u0105 pr\u0119dko\u015b\u0107, zabaw\u0119 i pi\u0119kne widoki.<\/p>\n<h3>Zimowa turystyka piesza<\/h3>\n<p>Le\u017c\u0105ce z dala od narciarskiego gwaru boczne dolinki i pokryte dziewiczym \u015bniegiem lasy zach\u0119caj\u0105 do <a href=\"https:\/\/www.gastein.com\/pl\/doswiadczenia\/sport-i-przyroda\/rakiety-sniezne\/\" target=\"_blank\" rel=\"noopener\"><strong>w\u0119dr\u00f3wek na rakietach \u015bnie\u017cnych<\/strong><\/a>, uprawiania<strong> narciarstwa biegowego<\/strong> i uczestnictwa w <strong>nastrojowych kuligach<\/strong>. Blisko <strong>100 km zimowych\u00a0szlak\u00f3w w\u0119drownych<\/strong> oraz liczne klimatyczne <strong>schroniska narciarski<\/strong>e pozwalaj\u0105 na sp\u0119dzenie urozmaiconych ferii zimowych, obfituj\u0105cych w niezapomniane wra\u017cenia.<\/p>\n<div id=\"attachment_10989\" style=\"width: 1180px\" class=\"wp-caption alignnone\"><img decoding=\"async\" aria-describedby=\"caption-attachment-10989\" class=\"size-1170_658 wp-image-10989\" src=\"https:\/\/www.salzburgerland.com\/pl\/wp-content\/uploads\/2019\/09\/winterwandern-paerchen-sportgastein-c-gasteinertal-tourismus-gmbh-www-oberschneider-8-1170x658.jpg\" alt=\"\" width=\"1170\" height=\"658\" srcset=\"https:\/\/www.salzburgerland.com\/pl\/wp-content\/uploads\/2019\/09\/winterwandern-paerchen-sportgastein-c-gasteinertal-tourismus-gmbh-www-oberschneider-8-1170x658.jpg 1170w, https:\/\/www.salzburgerland.com\/pl\/wp-content\/uploads\/2019\/09\/winterwandern-paerchen-sportgastein-c-gasteinertal-tourismus-gmbh-www-oberschneider-8-1200x675.jpg 1200w\" sizes=\"(max-width: 1170px) 100vw, 1170px\"><p id=\"caption-attachment-10989\" class=\"wp-caption-text\">Zimowe w\u0119dr\u00f3wki przez \u015bnie\u017cne krajobrazy \u00a9 Gasteinertal Tourismus GmbH, Christoph Oberschneider<\/p><\/div>\n<p>Istniej\u0105 malownicze zimowe szlaki turystyczne, takie jak Genussrunde, kt\u00f3ry rozpoczyna si\u0119 przy g\u00f3rnej stacji kolejki linowej Schlossalmbahn. \u0141atwa, oko\u0142o p\u00f3\u0142godzinna trasa okr\u0119\u017cna jest pe\u0142na pi\u0119knych widok\u00f3w, w tym miejsca do robienia zdj\u0119\u0107 na szczycie Hirschkarspitze.<\/p>\n<p>Inny szlak panoramiczny, Schlossalmblick, otwiera imponuj\u0105c\u0105 panoram\u0119 alpejskiego krajobrazu i prowadzi od g\u00f3rnej stacji kolejki Schlossalmbahn 2,2 km do platformy widokowej Schlossalmblick i Hofgasteiner Haus.<\/p>\n<div id=\"attachment_24763\" style=\"width: 1034px\" class=\"wp-caption alignnone\"><img decoding=\"async\" aria-describedby=\"caption-attachment-24763\" class=\"size-medium wp-image-24763\" src=\"https:\/\/www.salzburgerland.com\/pl\/wp-content\/uploads\/2024\/12\/csm_schlossalm-berstation-bergrestaurant-winter-dji-0372_ff45e98c37-1170x640-1-1024x569.jpg\" alt=\"\" width=\"1024\" height=\"569\" srcset=\"https:\/\/www.salzburgerland.com\/pl\/wp-content\/uploads\/2024\/12\/csm_schlossalm-berstation-bergrestaurant-winter-dji-0372_ff45e98c37-1170x640-1-1024x569.jpg 1024w, https:\/\/www.salzburgerland.com\/pl\/wp-content\/uploads\/2024\/12\/csm_schlossalm-berstation-bergrestaurant-winter-dji-0372_ff45e98c37-1170x640-1-370x206.jpg 370w, https:\/\/www.salzburgerland.com\/pl\/wp-content\/uploads\/2024\/12\/csm_schlossalm-berstation-bergrestaurant-winter-dji-0372_ff45e98c37-1170x640-1-270x150.jpg 270w, https:\/\/www.salzburgerland.com\/pl\/wp-content\/uploads\/2024\/12\/csm_schlossalm-berstation-bergrestaurant-winter-dji-0372_ff45e98c37-1170x640-1-540x300.jpg 540w\" sizes=\"(max-width: 1024px) 100vw, 1024px\"><p id=\"caption-attachment-24763\" class=\"wp-caption-text\">G\u00f3rna stacja Schlossalm z restauracj\u0105 \u00a9 Gasteinertal Tourismus GmbH<\/p><\/div>\n<h3>Most wisz\u0105cy na Stubnerkogel<\/h3>\n<p>Szczeg\u00f3ln\u0105 atrakcj\u0119 o\u015brodka stanowi <strong>most<\/strong><span><strong> o d\u0142u<\/strong><\/span><strong>go\u015bci 140 m na Stubnerkogel<\/strong>, wisz\u0105cy <strong>28 metr\u00f3w nad przepa\u015bci\u0105<\/strong>. To najwy\u017cej po\u0142o\u017cony most wisz\u0105cy w Europie (2400 m n.p.m.!). Dok\u0142adnie vis-\u00e1-vis znajduje si\u0119 platforma widokowa, otwieraj\u0105ca fantastyczny widok na najwy\u017cszy szczyt austriackich Alp \u2013 Gro\u00dfglocknera (3798 m n.p.m.).\u00a0 Ka\u017cdy <span>narciarz<\/span> powinien \u201ezaliczy\u0107\u201d tu <strong>tras\u0119<\/strong> <strong>H1 w stacji Schlossalm<\/strong> \u2013 najd\u0142u\u017csz\u0105 nartostrad\u0119 w salzburskiej prowincji, prowadz\u0105c\u0105 ze szczytu w d\u00f3\u0142 doliny.<\/p>\n<div id=\"attachment_16290\" style=\"width: 1180px\" class=\"wp-caption alignnone\"><img decoding=\"async\" aria-describedby=\"caption-attachment-16290\" class=\"size-1170_658 wp-image-16290\" src=\"https:\/\/www.salzburgerland.com\/pl\/wp-content\/uploads\/2019\/09\/haengebruecke-gastein-stubnerkogel-c-gasteinertal-tourismus-gmbh-michael-koenigshofer-web-2-1170x658.jpg\" alt=\"W o\u015brodku narciarskim Stubnerkogel w Gastein czeka na narciarzy dodatkowa atrakcja, zapieraj\u0105ca dech w piersiach. To wisz\u0105cy 400 m nad przepa\u015bci\u0105 most.\" width=\"1170\" height=\"658\" srcset=\"https:\/\/www.salzburgerland.com\/pl\/wp-content\/uploads\/2019\/09\/haengebruecke-gastein-stubnerkogel-c-gasteinertal-tourismus-gmbh-michael-koenigshofer-web-2-1170x658.jpg 1170w, https:\/\/www.salzburgerland.com\/pl\/wp-content\/uploads\/2019\/09\/haengebruecke-gastein-stubnerkogel-c-gasteinertal-tourismus-gmbh-michael-koenigshofer-web-2-1200x675.jpg 1200w\" sizes=\"(max-width: 1170px) 100vw, 1170px\"><p id=\"caption-attachment-16290\" class=\"wp-caption-text\">W o\u015brodku narciarskim Stubnerkogel czeka na narciarzy dodatkowa atrakcja, zapieraj\u0105ca dech w piersiach. To wisz\u0105cy nad przepa\u015bci\u0105 most. \u00a9 Gasteinertal Tourismu GmbH, Michael K\u00f6nigshofer<\/p><\/div>\n<h3>Na nartach biegowych przetartym szlakiem<\/h3>\n<p>Trasy prowadz\u0105 przez pi\u0119kny alpejski krajobraz i oferuj\u0105 niezapomniane wra\u017cenia z <a href=\"https:\/\/www.gastein.com\/pl\/doswiadczenia\/sport-i-przyroda\/narciarstwo-biegowe\/\" target=\"_blank\" rel=\"noopener\"><strong>narciarstwa biegowego<\/strong><\/a>. W Gastein znajdziesz 14 r\u00f3\u017cnych tras na r\u00f3\u017cnych wysoko\u015bciach, kt\u00f3re s\u0105 doskonale przygotowane i otoczone \u015bnie\u017cnym zimowym krajobrazem. Obszar ten jest idealny zar\u00f3wno do narciarstwa klasycznego, jak i \u0142y\u017cwiarstwa i obejmuje \u0142\u0105cznie oko\u0142o 40 kilometr\u00f3w tras, w tym trasy wysokog\u00f3rskie w Sportgastein na wysoko\u015bci 1600 metr\u00f3w nad poziomem morza.<\/p>\n<div id=\"attachment_24754\" style=\"width: 1180px\" class=\"wp-caption alignnone\"><img decoding=\"async\" aria-describedby=\"caption-attachment-24754\" class=\"size-1170_658 wp-image-24754\" src=\"https:\/\/www.salzburgerland.com\/pl\/wp-content\/uploads\/2024\/12\/euwsrf0wlx0keikdgcrvxazdnadxftewjykamc29_780755420-1897x1067-1-1170x658.jpeg\" alt=\"\" width=\"1170\" height=\"658\" srcset=\"https:\/\/www.salzburgerland.com\/pl\/wp-content\/uploads\/2024\/12\/euwsrf0wlx0keikdgcrvxazdnadxftewjykamc29_780755420-1897x1067-1-1170x658.jpeg 1170w, https:\/\/www.salzburgerland.com\/pl\/wp-content\/uploads\/2024\/12\/euwsrf0wlx0keikdgcrvxazdnadxftewjykamc29_780755420-1897x1067-1-768x432.jpeg 768w, https:\/\/www.salzburgerland.com\/pl\/wp-content\/uploads\/2024\/12\/euwsrf0wlx0keikdgcrvxazdnadxftewjykamc29_780755420-1897x1067-1-1536x864.jpeg 1536w, https:\/\/www.salzburgerland.com\/pl\/wp-content\/uploads\/2024\/12\/euwsrf0wlx0keikdgcrvxazdnadxftewjykamc29_780755420-1897x1067-1-1200x675.jpeg 1200w, https:\/\/www.salzburgerland.com\/pl\/wp-content\/uploads\/2024\/12\/euwsrf0wlx0keikdgcrvxazdnadxftewjykamc29_780755420-1897x1067-1.jpeg 1897w\" sizes=\"(max-width: 1170px) 100vw, 1170px\"><p id=\"caption-attachment-24754\" class=\"wp-caption-text\">W Gastein znajduje si\u0119 40 km przygotowanych tras do jazdy stylem klasycznym i \u0142y\u017cwowym \u00a9 Gasteinertal Tourismus GmbH<\/p><\/div>\n<p>Dla mi\u0142o\u015bnik\u00f3w ps\u00f3w przygotowano specjalne trasy, na kt\u00f3rych mo\u017cna uprawia\u0107 narciarstwo biegowe w towarzystwie czworono\u017cnego przyjaciela. W Sportgastein znajduje si\u0119 na przyk\u0142ad trudna trasa Bernhard Gruber Olympia Loipe, \u015brednio trudna trasa Nassfelder Runde i \u0142atwa trasa Schareckrunde.<\/p>\n<p>Zimowy program obejmuje tak\u017ce nocn\u0105 jazd\u0119 na nartach biegowych czy laserowy biathlon. W Gastein mo\u017cna r\u00f3wnie\u017c liczy\u0107 na wspania\u0142e hotele, w kt\u00f3rych mo\u017cna zregenerowa\u0107 si\u0142y i zrelaksowa\u0107 si\u0119 w \u0142a\u017aniach termalnych. Pi\u0119kno Gastein tkwi nie tylko w mo\u017cliwo\u015bciach uprawiania sportu, ale tak\u017ce w spektakularnych widokach i spokojnej atmosferze, kt\u00f3re razem tworz\u0105 idealne warunki do zimowych wakacji na nartach biegowych.<\/p>\n<div id=\"attachment_24755\" style=\"width: 1180px\" class=\"wp-caption alignnone\"><img decoding=\"async\" aria-describedby=\"caption-attachment-24755\" class=\"size-1170_658 wp-image-24755\" src=\"https:\/\/www.salzburgerland.com\/pl\/wp-content\/uploads\/2024\/12\/langlaufen_abfahren_kind_sportgastein_c_gasteinertal_tourismus_gmbh_www-oberschneider-com_-1600x1067-1-1170x658.jpg\" alt=\"\" width=\"1170\" height=\"658\" srcset=\"https:\/\/www.salzburgerland.com\/pl\/wp-content\/uploads\/2024\/12\/langlaufen_abfahren_kind_sportgastein_c_gasteinertal_tourismus_gmbh_www-oberschneider-com_-1600x1067-1-1170x658.jpg 1170w, https:\/\/www.salzburgerland.com\/pl\/wp-content\/uploads\/2024\/12\/langlaufen_abfahren_kind_sportgastein_c_gasteinertal_tourismus_gmbh_www-oberschneider-com_-1600x1067-1-1200x675.jpg 1200w\" sizes=\"(max-width: 1170px) 100vw, 1170px\"><p id=\"caption-attachment-24755\" class=\"wp-caption-text\">Zr\u00f3\u017cnicowane trasy biegowe w Sportgastein \u00a9 Gasteinertal Tourismus GmbH, Christoph Oberschneider<\/p><\/div>\n<h3>Kuligi saniami z konnym zaprz\u0119giem<\/h3>\n<p>Przeja\u017cd\u017cka bryczk\u0105 w Gastein to niezapomniane prze\u017cycie, podczas kt\u00f3rego mo\u017cna podziwia\u0107 pi\u0119kn\u0105 panoram\u0119 za\u015bnie\u017conego krajobrazu. Zim\u0105 <a href=\"https:\/\/www.gastein.com\/pl\/doswiadczenia\/zabawa-i-rodzina\/przejazdzki-konne\/?mdrv=www.gastein.com&amp;cHash=c87cd8a95bad7a86866feb691556f6ac\" target=\"_blank\" rel=\"noopener\"><strong>sanie zaprz\u0119\u017cone w konie<\/strong><\/a> prowadz\u0105 w szybkim tempie przez bia\u0142e wzg\u00f3rza i pola, podczas gdy dzwonki na uprz\u0119\u017cach delikatnie dzwoni\u0105 w rytm ich ruch\u00f3w. Niezale\u017cnie od tego, czy jest to romantyczna para, rodzina czy przyjaciele, przeja\u017cd\u017cka bryczk\u0105 w Gastein oferuje wyj\u0105tkowy wgl\u0105d w pi\u0119kno regionu. Trasy prowadz\u0105 przez malownicze wioski, \u0142\u0105ki i wzd\u0142u\u017c rzek, a w Bad Gastein, Bad Hofgastein i Dorfgastein znajdziesz wiele \u015bcie\u017cek idealnych do takich przeja\u017cd\u017cek.<\/p>\n<div id=\"attachment_24752\" style=\"width: 1180px\" class=\"wp-caption alignnone\"><img decoding=\"async\" aria-describedby=\"caption-attachment-24752\" class=\"size-1170_658 wp-image-24752\" src=\"https:\/\/www.salzburgerland.com\/pl\/wp-content\/uploads\/2024\/12\/pferdekutschenfahrt-in-gastein-c-gasteinertal-tourismus-gmbh-creatina-16-1200x675-1-1170x658.jpg\" alt=\"\" width=\"1170\" height=\"658\" srcset=\"https:\/\/www.salzburgerland.com\/pl\/wp-content\/uploads\/2024\/12\/pferdekutschenfahrt-in-gastein-c-gasteinertal-tourismus-gmbh-creatina-16-1200x675-1-1170x658.jpg 1170w, https:\/\/www.salzburgerland.com\/pl\/wp-content\/uploads\/2024\/12\/pferdekutschenfahrt-in-gastein-c-gasteinertal-tourismus-gmbh-creatina-16-1200x675-1-768x432.jpg 768w, https:\/\/www.salzburgerland.com\/pl\/wp-content\/uploads\/2024\/12\/pferdekutschenfahrt-in-gastein-c-gasteinertal-tourismus-gmbh-creatina-16-1200x675-1.jpg 1200w\" sizes=\"(max-width: 1170px) 100vw, 1170px\"><p id=\"caption-attachment-24752\" class=\"wp-caption-text\">Mi\u0142o\u015bnikom romantycznych klimat\u00f3w polecamy kulig konnym zaprz\u0119giem \u00a9 Gasteinertal Tourismus GmbH<\/p><\/div>\n<h4>Ze stoku narciarskiego do w\u00f3d termalnych<\/h4>\n<p>C\u00f3\u017c dzia\u0142a bardziej odpr\u0119\u017caj\u0105co na mi\u0119\u015bnie zm\u0119czone wysi\u0142kiem fizycznym na nartach lub snowboardzie, ni\u017c k\u0105piel w ciep\u0142ej wodzie? Lecznicze i dobroczynne w\u0142a\u015bciwo\u015bci <span id=\"urn:enhancement-df60db00-7738-c6ee-a743-576fb0927011\" class=\"textannotation disambiguated wl-thing\" itemid=\"http:\/\/open.salzburgerland.com\/pl\/entity\/wody_termalne\"><span id=\"urn:enhancement-5e1ab142-ceb2-a3d0-435a-45f6bfeb4ff7\" class=\"textannotation disambiguated wl-thing\" itemid=\"http:\/\/open.salzburgerland.com\/pl\/entity\/wody_termalne\">w\u00f3d <span>termalnych<\/span><\/span><\/span> doliny Gasteinertal odkryto ju\u017c wiele wiek\u00f3w temu, a ich s\u0142awa rozesz\u0142a si\u0119 dleko poza granice\u00a0doliny. Dwie nowoczesne termy \u2013 <a href=\"https:\/\/www.felsentherme.com\/\"><strong>Felsentherme w Bad Gastein<\/strong><\/a> i <a href=\"https:\/\/www.alpentherme.com\/de\"><strong>Alpentherme w Bad Hofgastein<\/strong><\/a> \u2013 oraz oazy SPA nowoczesnych hoteli zasilane s\u0105 z okolicznych \u017ar\u00f3de\u0142.<\/p>\n<div id=\"attachment_24747\" style=\"width: 1034px\" class=\"wp-caption alignnone\"><img decoding=\"async\" aria-describedby=\"caption-attachment-24747\" class=\"size-medium wp-image-24747\" src=\"https:\/\/www.salzburgerland.com\/pl\/wp-content\/uploads\/2024\/12\/alpentherme-bad-hofgastein-winter-c-alpentherme-gastein-fotoatelier-wolkersdorfer-1170x658-1-1024x569.jpg\" alt=\"\" width=\"1024\" height=\"569\" srcset=\"https:\/\/www.salzburgerland.com\/pl\/wp-content\/uploads\/2024\/12\/alpentherme-bad-hofgastein-winter-c-alpentherme-gastein-fotoatelier-wolkersdorfer-1170x658-1-1024x569.jpg 1024w, https:\/\/www.salzburgerland.com\/pl\/wp-content\/uploads\/2024\/12\/alpentherme-bad-hofgastein-winter-c-alpentherme-gastein-fotoatelier-wolkersdorfer-1170x658-1-370x206.jpg 370w, https:\/\/www.salzburgerland.com\/pl\/wp-content\/uploads\/2024\/12\/alpentherme-bad-hofgastein-winter-c-alpentherme-gastein-fotoatelier-wolkersdorfer-1170x658-1-270x150.jpg 270w, https:\/\/www.salzburgerland.com\/pl\/wp-content\/uploads\/2024\/12\/alpentherme-bad-hofgastein-winter-c-alpentherme-gastein-fotoatelier-wolkersdorfer-1170x658-1-540x300.jpg 540w\" sizes=\"(max-width: 1024px) 100vw, 1024px\"><p id=\"caption-attachment-24747\" class=\"wp-caption-text\">Jeden z dw\u00f3ch nowoczesnych obiekt\u00f3w termalnych regionu, Terma Alpejska w Bad Hofgastein \u00a9 Alpentherme Gastein, Fotoatelier Wolkersdorfer<\/p><\/div>\n<h3>Dla zdrowia i cia\u0142a i umys\u0142u<\/h3>\n<p>Gastein ju\u017c od dawien dawna jest renomowanym<strong> uzdrowiskiem<\/strong>. Opr\u00f3cz klasycznych zabieg\u00f3w medycznych i terapeutycznych oferuje tak\u017ce zabiergi prewencyje, pozwalaj\u0105ce na d\u0142uga zachowa\u0107 zdrowe cia\u0142o i zdrowego ducha. Ze skuteczno\u015bci s\u0142yn\u0105 kuracje w <strong>sztolniach leczniczych<\/strong>, przynosz\u0105ce ulg\u0119 nie tylko pacjentom z chronicznymi schorzeniami aparatu ruchu oraz chorobami uk\u0142adu oddechowego i sk\u00f3ry, ale tak\u017ce zaopatruj\u0105ce w now\u0105 energi\u0119 zapalonych sportowc\u00f3w. Temperatura powietrza wynosi tu od 37,5 do 41,5 stopnia, a wilgotno\u015b\u0107 waha si\u0119 od 70 do 100 %. W\u0142a\u015bciwo\u015bci lecznicze <span>sztolnia<\/span> zawdzi\u0119cza\u00a0 wyst\u0119puj\u0105cemu w niej\u00a0gazowi szlachetnego radonowi.<\/p>\n<div class=\"mceTemp\"><\/div>\n<div id=\"attachment_24748\" style=\"width: 1034px\" class=\"wp-caption alignnone\"><img decoding=\"async\" aria-describedby=\"caption-attachment-24748\" class=\"size-medium wp-image-24748\" src=\"https:\/\/www.salzburgerland.com\/pl\/wp-content\/uploads\/2024\/12\/gastein-felsentherme-1170x658-1-1024x569.jpg\" alt=\"\" width=\"1024\" height=\"569\" srcset=\"https:\/\/www.salzburgerland.com\/pl\/wp-content\/uploads\/2024\/12\/gastein-felsentherme-1170x658-1-1024x569.jpg 1024w, https:\/\/www.salzburgerland.com\/pl\/wp-content\/uploads\/2024\/12\/gastein-felsentherme-1170x658-1-370x206.jpg 370w, https:\/\/www.salzburgerland.com\/pl\/wp-content\/uploads\/2024\/12\/gastein-felsentherme-1170x658-1-270x150.jpg 270w, https:\/\/www.salzburgerland.com\/pl\/wp-content\/uploads\/2024\/12\/gastein-felsentherme-1170x658-1-540x300.jpg 540w\" sizes=\"(max-width: 1024px) 100vw, 1024px\"><p id=\"caption-attachment-24748\" class=\"wp-caption-text\">Region Gasteinertal jest jednym z niewielu miejsc, gdzie po zej\u015bciu ze stoku mo\u017cna pop\u0142ywa\u015b w termie i skorzysta\u0107 z dobrodziejstw SPA \u00a9 Gasteinertal Tourismus GmbH, Max Steinbauer<\/p><\/div>\n<h3>Kuchnia mistrz\u00f3w w schroniskach narciarskich<\/h3>\n<p>Wybitni salzburscy szefowie <span>kuchni<\/span>, odznaczeni czapkami kucharskimi Przewodnika Gault <span>Millau,<\/span> wykreowali wyszukane potrawy specjalnie dla schronisk narciarskich. Gospodarze tych\u017ce schronisk wcielaj\u0105 te kreacje w \u017cycie i przygotowuj\u0105 na ka\u017cdy dzie\u0144 tygodnia inn\u0105 potraw\u0119. Potraw jest w sumie siedem. W ramach tej kulinarnej promocji urlopowicze mog\u0105 pozna\u0107 ca\u0142\u0105 dolin\u0119, poniewa\u017c nie tylko dania zmieniaj\u0105 si\u0119 ka\u017cdego dnia, ale tak\u017ce schroniska, w kt\u00f3rych s\u0105 one podawane.<\/p>\n<div id=\"attachment_4724\" style=\"width: 1180px\" class=\"wp-caption alignnone\"><img decoding=\"async\" aria-describedby=\"caption-attachment-4724\" class=\"wp-image-4724 size-1170_658\" src=\"https:\/\/www.salzburgerland.com\/pl\/wp-content\/uploads\/2019\/09\/huettenkulinarik-in-gastein-c-gtg-marktl-48-1170x658.jpg\" alt=\"\" width=\"1170\" height=\"658\" srcset=\"https:\/\/www.salzburgerland.com\/pl\/wp-content\/uploads\/2019\/09\/huettenkulinarik-in-gastein-c-gtg-marktl-48-1170x658.jpg 1170w, https:\/\/www.salzburgerland.com\/pl\/wp-content\/uploads\/2019\/09\/huettenkulinarik-in-gastein-c-gtg-marktl-48-1200x675.jpg 1200w\" sizes=\"(max-width: 1170px) 100vw, 1170px\"><p id=\"caption-attachment-4724\" class=\"wp-caption-text\">Omlet cesarski w schronisku narciarskim \u00a9 Gasteinertal TourismusgmbH<\/p><\/div>\n<h3>Zima w Gastein od kuchni<\/h3>\n<p>Szczeg\u00f3ln\u0105 wag\u0119 przyk\u0142ada si\u0119 przy tym do jako\u015bci <span>produkt\u00f3w<\/span>, kt\u00f3re obowi\u0105zkowo musz\u0105 pochodzi\u0107 z regionu. Obs\u0142uga kelnerska posiada wysok\u0105 klas\u0119, a polecane wina znakomicie koresponduj\u0105 z tymi wybornymi potrawami. Nie do pobicia jest te\u017c <span>cena<\/span> posi\u0142ku \u2013 danie g\u0142\u00f3wne od mistrza kuchni kosztuje nie wi\u0119cej ni\u017c 20,00 euro. W obecnym sezonie zimowo-kulinarnym odznaczeni szefowie zn\u00f3w przygotuj\u0105 dla nas niespodzianki smakowe z najwy\u017cszej p\u00f3\u0142ki.<\/p>\n<h3>Ferie zimowe bez ryzyka<\/h3>\n<p>Aby unikn\u0105\u0107 zaskocze\u0144, nieplanowanych zdarze\u0144 i niebezpiecze\u0144stwa, kt\u00f3re mo\u017ce czyha\u0107 zim\u0105 na stokach narciarskich i poza nimi, zapoznaj si\u0119 z <a href=\"https:\/\/www.salzburgerland.com\/pl\/bezpieczenstwo-w-gorach-zima\/\" target=\"_blank\" rel=\"noopener noreferrer\"><strong>og\u00f3lnie obowi\u0105zuj\u0105cymi\u00a0 zasadami bezpiecze\u0144stwa w g\u00f3rach<\/strong><\/a>. Kiedy je poznasz i wcielisz w \u017cycie, nic nie b\u0119dzie w stanie zaburzy\u0107 Twojego zimowego ulopu.<\/p>\n","protected":false},"excerpt":{"rendered":"<p>Gastein jest idealnym miejscem dla entuzjast\u00f3w freeride\u2019u dzi\u0119ki p\u00f3\u0142nocnym, szerokim stokom i puchowi. Dolina Gastein obejmuje r\u00f3wnie\u017c Sportgastein, pi\u0119kny alpejski obszar znany z r\u00f3\u017cnorodnego krajobrazu. Sportgastein jest otoczony szczytami Alp, kt\u00f3re oferuj\u0105 zapieraj\u0105ce dech w piersiach panoramiczne widoki na o\u015bnie\u017cone g\u00f3ry i rozleg\u0142e r\u00f3wniny. Mo\u017cesz w pe\u0142ni cieszy\u0107 si\u0119 Gastein nawet poza stokami. Dost\u0119pnych jest [&hellip;]<\/p>\n","protected":false},"author":4,"featured_media":24746,"comment_status":"closed","ping_status":"closed","sticky":false,"template":"","format":"standard","meta":{"_acf_changed":false,"wl_entities_gutenberg":"","_relevanssi_hide_post":"","_relevanssi_hide_content":"","_relevanssi_pin_for_all":"","_relevanssi_pin_keywords":"","_relevanssi_unpin_keywords":"","_relevanssi_related_keywords":"","_relevanssi_related_include_ids":"","_relevanssi_related_exclude_ids":"","_relevanssi_related_no_append":"","_relevanssi_related_not_related":"","_relevanssi_related_posts":"","_relevanssi_noindex_reason":"","footnotes":""},"categories":[1],"tags":[],"wl_entity_type":[300],"class_list":["post-24745","post","type-post","status-publish","format-standard","has-post-thumbnail","hentry","category-uncategorized","wl_entity_type-article"],"acf":[],"yoast_head":"<!-- This site is optimized with the Yoast SEO Premium plugin v27.4 (Yoast SEO v27.4) - https:\/\/yoast.com\/product\/yoast-seo-premium-wordpress\/ -->\n<title>Aktywna zima w Gastein poza stokami \u00bb SalzburgerLand.com<\/title>\n<meta name=\"robots\" content=\"index, follow, max-snippet:-1, max-image-preview:large, max-video-preview:-1\" \/>\n<link rel=\"canonical\" href=\"https:\/\/www.salzburgerland.com\/pl\/gastein-poza-stokami\/\" \/>\n<meta property=\"og:locale\" content=\"pl_PL\" \/>\n<meta property=\"og:type\" content=\"article\" \/>\n<meta property=\"og:title\" content=\"Aktywna zima w Gastein poza stokami\" \/>\n<meta property=\"og:description\" content=\"Gastein jest idealnym miejscem dla entuzjast\u00f3w freeride&#039;u dzi\u0119ki p\u00f3\u0142nocnym, szerokim stokom i puchowi. Dolina Gastein obejmuje r\u00f3wnie\u017c Sportgastein,\" \/>\n<meta property=\"og:url\" content=\"https:\/\/www.salzburgerland.com\/pl\/gastein-poza-stokami\/\" \/>\n<meta property=\"og:site_name\" content=\"SalzburgerLand.com\" \/>\n<meta property=\"article:publisher\" content=\"https:\/\/www.facebook.com\/visitsalzburgerland\/\" \/>\n<meta property=\"article:published_time\" content=\"2024-12-05T19:36:26+00:00\" \/>\n<meta property=\"og:image\" content=\"https:\/\/www.salzburgerland.com\/pl\/wp-content\/uploads\/2024\/12\/csm_winterwandern-sportgastein-winter-urlaub-gastein-berge-therme-salzburger-land-c-gasteinertal-tourismus-christoph-oberschneider-17_57cd053009-1170x640-jpg.webp\" \/>\n\t<meta property=\"og:image:width\" content=\"1170\" \/>\n\t<meta property=\"og:image:height\" content=\"640\" \/>\n\t<meta property=\"og:image:type\" content=\"image\/webp\" \/>\n<meta name=\"author\" content=\"Izabela Gartner\" \/>\n<meta name=\"twitter:card\" content=\"summary_large_image\" \/>\n<meta name=\"twitter:creator\" content=\"@salzburgerland\" \/>\n<meta name=\"twitter:site\" content=\"@salzburgerland\" \/>\n<meta name=\"twitter:label1\" content=\"Napisane przez\" \/>\n\t<meta name=\"twitter:data1\" content=\"Izabela Gartner\" \/>\n\t<meta name=\"twitter:label2\" content=\"Szacowany czas czytania\" \/>\n\t<meta name=\"twitter:data2\" content=\"12 minut\" \/>\n<script type=\"application\/ld+json\" class=\"yoast-schema-graph\">{\"@context\":\"https:\\\/\\\/schema.org\",\"@graph\":[{\"@type\":\"Article\",\"@id\":\"https:\\\/\\\/www.salzburgerland.com\\\/pl\\\/gastein-poza-stokami\\\/#article\",\"isPartOf\":{\"@id\":\"https:\\\/\\\/www.salzburgerland.com\\\/pl\\\/gastein-poza-stokami\\\/\"},\"author\":{\"name\":\"Izabela Gartner\",\"@id\":\"https:\\\/\\\/www.salzburgerland.com\\\/pl\\\/#\\\/schema\\\/person\\\/c10420e9897d4ca984317db556f04804\"},\"headline\":\"Aktywna zima w Gastein poza stokami\",\"datePublished\":\"2024-12-05T19:36:26+00:00\",\"mainEntityOfPage\":{\"@id\":\"https:\\\/\\\/www.salzburgerland.com\\\/pl\\\/gastein-poza-stokami\\\/\"},\"wordCount\":1712,\"image\":{\"@id\":\"https:\\\/\\\/www.salzburgerland.com\\\/pl\\\/gastein-poza-stokami\\\/#primaryimage\"},\"thumbnailUrl\":\"https:\\\/\\\/www.salzburgerland.com\\\/pl\\\/wp-content\\\/uploads\\\/2024\\\/12\\\/csm_winterwandern-sportgastein-winter-urlaub-gastein-berge-therme-salzburger-land-c-gasteinertal-tourismus-christoph-oberschneider-17_57cd053009-1170x640-jpg.webp\",\"articleSection\":[\"Uncategorized\"],\"inLanguage\":\"pl-PL\"},{\"@type\":\"WebPage\",\"@id\":\"https:\\\/\\\/www.salzburgerland.com\\\/pl\\\/gastein-poza-stokami\\\/\",\"url\":\"https:\\\/\\\/www.salzburgerland.com\\\/pl\\\/gastein-poza-stokami\\\/\",\"name\":\"Aktywna zima w Gastein poza stokami \u00bb SalzburgerLand.com\",\"isPartOf\":{\"@id\":\"https:\\\/\\\/www.salzburgerland.com\\\/pl\\\/#website\"},\"primaryImageOfPage\":{\"@id\":\"https:\\\/\\\/www.salzburgerland.com\\\/pl\\\/gastein-poza-stokami\\\/#primaryimage\"},\"image\":{\"@id\":\"https:\\\/\\\/www.salzburgerland.com\\\/pl\\\/gastein-poza-stokami\\\/#primaryimage\"},\"thumbnailUrl\":\"https:\\\/\\\/www.salzburgerland.com\\\/pl\\\/wp-content\\\/uploads\\\/2024\\\/12\\\/csm_winterwandern-sportgastein-winter-urlaub-gastein-berge-therme-salzburger-land-c-gasteinertal-tourismus-christoph-oberschneider-17_57cd053009-1170x640-jpg.webp\",\"datePublished\":\"2024-12-05T19:36:26+00:00\",\"author\":{\"@id\":\"https:\\\/\\\/www.salzburgerland.com\\\/pl\\\/#\\\/schema\\\/person\\\/c10420e9897d4ca984317db556f04804\"},\"breadcrumb\":{\"@id\":\"https:\\\/\\\/www.salzburgerland.com\\\/pl\\\/gastein-poza-stokami\\\/#breadcrumb\"},\"inLanguage\":\"pl-PL\",\"potentialAction\":[{\"@type\":\"ReadAction\",\"target\":[\"https:\\\/\\\/www.salzburgerland.com\\\/pl\\\/gastein-poza-stokami\\\/\"]}]},{\"@type\":\"ImageObject\",\"inLanguage\":\"pl-PL\",\"@id\":\"https:\\\/\\\/www.salzburgerland.com\\\/pl\\\/gastein-poza-stokami\\\/#primaryimage\",\"url\":\"https:\\\/\\\/www.salzburgerland.com\\\/pl\\\/wp-content\\\/uploads\\\/2024\\\/12\\\/csm_winterwandern-sportgastein-winter-urlaub-gastein-berge-therme-salzburger-land-c-gasteinertal-tourismus-christoph-oberschneider-17_57cd053009-1170x640-jpg.webp\",\"contentUrl\":\"https:\\\/\\\/www.salzburgerland.com\\\/pl\\\/wp-content\\\/uploads\\\/2024\\\/12\\\/csm_winterwandern-sportgastein-winter-urlaub-gastein-berge-therme-salzburger-land-c-gasteinertal-tourismus-christoph-oberschneider-17_57cd053009-1170x640-jpg.webp\",\"width\":1170,\"height\":640,\"caption\":\"Zimowe spacery w Sportgastein \u00a9 Gasteinertal Tourismus GmbH, Christoph Oberschneider\"},{\"@type\":\"BreadcrumbList\",\"@id\":\"https:\\\/\\\/www.salzburgerland.com\\\/pl\\\/gastein-poza-stokami\\\/#breadcrumb\",\"itemListElement\":[{\"@type\":\"ListItem\",\"position\":1,\"name\":\"Zima w Gastein\",\"item\":\"https:\\\/\\\/www.salzburgerland.com\\\/pl\\\/gastein-zima\\\/\"},{\"@type\":\"ListItem\",\"position\":2,\"name\":\"Aktywna zima w Gastein poza stokami\"}]},{\"@type\":\"WebSite\",\"@id\":\"https:\\\/\\\/www.salzburgerland.com\\\/pl\\\/#website\",\"url\":\"https:\\\/\\\/www.salzburgerland.com\\\/pl\\\/\",\"name\":\"SalzburgerLand.com\",\"description\":\"Urlop Salzburg : hotele : turystyka Ziemia Salzburska : kultura : rodzinny urlop Ziemia Salzburska : informacja turystyczna : noclegi Austria : aktywny wypoczynek\",\"potentialAction\":[{\"@type\":\"SearchAction\",\"target\":{\"@type\":\"EntryPoint\",\"urlTemplate\":\"https:\\\/\\\/www.salzburgerland.com\\\/pl\\\/?s={search_term_string}\"},\"query-input\":{\"@type\":\"PropertyValueSpecification\",\"valueRequired\":true,\"valueName\":\"search_term_string\"}}],\"inLanguage\":\"pl-PL\"},{\"@type\":\"Person\",\"@id\":\"https:\\\/\\\/www.salzburgerland.com\\\/pl\\\/#\\\/schema\\\/person\\\/c10420e9897d4ca984317db556f04804\",\"name\":\"Izabela Gartner\",\"image\":{\"@type\":\"ImageObject\",\"inLanguage\":\"pl-PL\",\"@id\":\"https:\\\/\\\/secure.gravatar.com\\\/avatar\\\/062a6263a145aaa718f0b029a735b6557e456ff63f9e65056a4352d3c0a06e4d?s=96&d=mm&r=g\",\"url\":\"https:\\\/\\\/secure.gravatar.com\\\/avatar\\\/062a6263a145aaa718f0b029a735b6557e456ff63f9e65056a4352d3c0a06e4d?s=96&d=mm&r=g\",\"contentUrl\":\"https:\\\/\\\/secure.gravatar.com\\\/avatar\\\/062a6263a145aaa718f0b029a735b6557e456ff63f9e65056a4352d3c0a06e4d?s=96&d=mm&r=g\",\"caption\":\"Izabela Gartner\"}}]}<\/script>\n<!-- \/ Yoast SEO Premium plugin. -->","yoast_head_json":{"title":"Aktywna zima w Gastein poza stokami \u00bb SalzburgerLand.com","robots":{"index":"index","follow":"follow","max-snippet":"max-snippet:-1","max-image-preview":"max-image-preview:large","max-video-preview":"max-video-preview:-1"},"canonical":"https:\/\/www.salzburgerland.com\/pl\/gastein-poza-stokami\/","og_locale":"pl_PL","og_type":"article","og_title":"Aktywna zima w Gastein poza stokami","og_description":"Gastein jest idealnym miejscem dla entuzjast\u00f3w freeride'u dzi\u0119ki p\u00f3\u0142nocnym, szerokim stokom i puchowi. Dolina Gastein obejmuje r\u00f3wnie\u017c Sportgastein,","og_url":"https:\/\/www.salzburgerland.com\/pl\/gastein-poza-stokami\/","og_site_name":"SalzburgerLand.com","article_publisher":"https:\/\/www.facebook.com\/visitsalzburgerland\/","article_published_time":"2024-12-05T19:36:26+00:00","og_image":[{"url":"https:\/\/www.salzburgerland.com\/pl\/wp-content\/uploads\/2024\/12\/csm_winterwandern-sportgastein-winter-urlaub-gastein-berge-therme-salzburger-land-c-gasteinertal-tourismus-christoph-oberschneider-17_57cd053009-1170x640-jpg.webp","width":1170,"height":640,"type":"image\/webp"}],"author":"Izabela Gartner","twitter_card":"summary_large_image","twitter_creator":"@salzburgerland","twitter_site":"@salzburgerland","twitter_misc":{"Napisane przez":"Izabela Gartner","Szacowany czas czytania":"12 minut"},"schema":{"@context":"https:\/\/schema.org","@graph":[{"@type":"Article","@id":"https:\/\/www.salzburgerland.com\/pl\/gastein-poza-stokami\/#article","isPartOf":{"@id":"https:\/\/www.salzburgerland.com\/pl\/gastein-poza-stokami\/"},"author":{"name":"Izabela Gartner","@id":"https:\/\/www.salzburgerland.com\/pl\/#\/schema\/person\/c10420e9897d4ca984317db556f04804"},"headline":"Aktywna zima w Gastein poza stokami","datePublished":"2024-12-05T19:36:26+00:00","mainEntityOfPage":{"@id":"https:\/\/www.salzburgerland.com\/pl\/gastein-poza-stokami\/"},"wordCount":1712,"image":{"@id":"https:\/\/www.salzburgerland.com\/pl\/gastein-poza-stokami\/#primaryimage"},"thumbnailUrl":"https:\/\/www.salzburgerland.com\/pl\/wp-content\/uploads\/2024\/12\/csm_winterwandern-sportgastein-winter-urlaub-gastein-berge-therme-salzburger-land-c-gasteinertal-tourismus-christoph-oberschneider-17_57cd053009-1170x640-jpg.webp","articleSection":["Uncategorized"],"inLanguage":"pl-PL"},{"@type":"WebPage","@id":"https:\/\/www.salzburgerland.com\/pl\/gastein-poza-stokami\/","url":"https:\/\/www.salzburgerland.com\/pl\/gastein-poza-stokami\/","name":"Aktywna zima w Gastein poza stokami \u00bb SalzburgerLand.com","isPartOf":{"@id":"https:\/\/www.salzburgerland.com\/pl\/#website"},"primaryImageOfPage":{"@id":"https:\/\/www.salzburgerland.com\/pl\/gastein-poza-stokami\/#primaryimage"},"image":{"@id":"https:\/\/www.salzburgerland.com\/pl\/gastein-poza-stokami\/#primaryimage"},"thumbnailUrl":"https:\/\/www.salzburgerland.com\/pl\/wp-content\/uploads\/2024\/12\/csm_winterwandern-sportgastein-winter-urlaub-gastein-berge-therme-salzburger-land-c-gasteinertal-tourismus-christoph-oberschneider-17_57cd053009-1170x640-jpg.webp","datePublished":"2024-12-05T19:36:26+00:00","author":{"@id":"https:\/\/www.salzburgerland.com\/pl\/#\/schema\/person\/c10420e9897d4ca984317db556f04804"},"breadcrumb":{"@id":"https:\/\/www.salzburgerland.com\/pl\/gastein-poza-stokami\/#breadcrumb"},"inLanguage":"pl-PL","potentialAction":[{"@type":"ReadAction","target":["https:\/\/www.salzburgerland.com\/pl\/gastein-poza-stokami\/"]}]},{"@type":"ImageObject","inLanguage":"pl-PL","@id":"https:\/\/www.salzburgerland.com\/pl\/gastein-poza-stokami\/#primaryimage","url":"https:\/\/www.salzburgerland.com\/pl\/wp-content\/uploads\/2024\/12\/csm_winterwandern-sportgastein-winter-urlaub-gastein-berge-therme-salzburger-land-c-gasteinertal-tourismus-christoph-oberschneider-17_57cd053009-1170x640-jpg.webp","contentUrl":"https:\/\/www.salzburgerland.com\/pl\/wp-content\/uploads\/2024\/12\/csm_winterwandern-sportgastein-winter-urlaub-gastein-berge-therme-salzburger-land-c-gasteinertal-tourismus-christoph-oberschneider-17_57cd053009-1170x640-jpg.webp","width":1170,"height":640,"caption":"Zimowe spacery w Sportgastein \u00a9 Gasteinertal Tourismus GmbH, Christoph Oberschneider"},{"@type":"BreadcrumbList","@id":"https:\/\/www.salzburgerland.com\/pl\/gastein-poza-stokami\/#breadcrumb","itemListElement":[{"@type":"ListItem","position":1,"name":"Zima w Gastein","item":"https:\/\/www.salzburgerland.com\/pl\/gastein-zima\/"},{"@type":"ListItem","position":2,"name":"Aktywna zima w Gastein poza stokami"}]},{"@type":"WebSite","@id":"https:\/\/www.salzburgerland.com\/pl\/#website","url":"https:\/\/www.salzburgerland.com\/pl\/","name":"SalzburgerLand.com","description":"Urlop Salzburg : hotele : turystyka Ziemia Salzburska : kultura : rodzinny urlop Ziemia Salzburska : informacja turystyczna : noclegi Austria : aktywny wypoczynek","potentialAction":[{"@type":"SearchAction","target":{"@type":"EntryPoint","urlTemplate":"https:\/\/www.salzburgerland.com\/pl\/?s={search_term_string}"},"query-input":{"@type":"PropertyValueSpecification","valueRequired":true,"valueName":"search_term_string"}}],"inLanguage":"pl-PL"},{"@type":"Person","@id":"https:\/\/www.salzburgerland.com\/pl\/#\/schema\/person\/c10420e9897d4ca984317db556f04804","name":"Izabela Gartner","image":{"@type":"ImageObject","inLanguage":"pl-PL","@id":"https:\/\/secure.gravatar.com\/avatar\/062a6263a145aaa718f0b029a735b6557e456ff63f9e65056a4352d3c0a06e4d?s=96&d=mm&r=g","url":"https:\/\/secure.gravatar.com\/avatar\/062a6263a145aaa718f0b029a735b6557e456ff63f9e65056a4352d3c0a06e4d?s=96&d=mm&r=g","contentUrl":"https:\/\/secure.gravatar.com\/avatar\/062a6263a145aaa718f0b029a735b6557e456ff63f9e65056a4352d3c0a06e4d?s=96&d=mm&r=g","caption":"Izabela Gartner"}}]}},"_wl_alt_label":[],"wl:entity_url":"http:\/\/open.salzburgerland.com\/pl\/post\/aktywna-zima-w-gastein-poza-stokami-24745","_links":{"self":[{"href":"https:\/\/www.salzburgerland.com\/pl\/wp-json\/wp\/v2\/posts\/24745","targetHints":{"allow":["GET"]}}],"collection":[{"href":"https:\/\/www.salzburgerland.com\/pl\/wp-json\/wp\/v2\/posts"}],"about":[{"href":"https:\/\/www.salzburgerland.com\/pl\/wp-json\/wp\/v2\/types\/post"}],"author":[{"embeddable":true,"href":"https:\/\/www.salzburgerland.com\/pl\/wp-json\/wp\/v2\/users\/4"}],"replies":[{"embeddable":true,"href":"https:\/\/www.salzburgerland.com\/pl\/wp-json\/wp\/v2\/comments?post=24745"}],"version-history":[{"count":14,"href":"https:\/\/www.salzburgerland.com\/pl\/wp-json\/wp\/v2\/posts\/24745\/revisions"}],"predecessor-version":[{"id":24771,"href":"https:\/\/www.salzburgerland.com\/pl\/wp-json\/wp\/v2\/posts\/24745\/revisions\/24771"}],"wp:featuredmedia":[{"embeddable":true,"href":"https:\/\/www.salzburgerland.com\/pl\/wp-json\/wp\/v2\/media\/24746"}],"wp:attachment":[{"href":"https:\/\/www.salzburgerland.com\/pl\/wp-json\/wp\/v2\/media?parent=24745"}],"wp:term":[{"taxonomy":"category","embeddable":true,"href":"https:\/\/www.salzburgerland.com\/pl\/wp-json\/wp\/v2\/categories?post=24745"},{"taxonomy":"post_tag","embeddable":true,"href":"https:\/\/www.salzburgerland.com\/pl\/wp-json\/wp\/v2\/tags?post=24745"},{"taxonomy":"wl_entity_type","embeddable":true,"href":"https:\/\/www.salzburgerland.com\/pl\/wp-json\/wp\/v2\/wl_entity_type?post=24745"}],"curies":[{"name":"wp","href":"https:\/\/api.w.org\/{rel}","templated":true}]}}