{"id":23620,"date":"2024-05-24T14:51:32","date_gmt":"2024-05-24T12:51:32","guid":{"rendered":"https:\/\/www.salzburgerland.com\/pl\/?p=23620"},"modified":"2024-06-02T22:00:07","modified_gmt":"2024-06-02T20:00:07","slug":"przepis-makaron-orkiszowy-z-pomirdorami-i-bialym-miekkim-serem","status":"publish","type":"post","link":"https:\/\/www.salzburgerland.com\/pl\/przepis-makaron-orkiszowy-z-pomirdorami-i-bialym-miekkim-serem\/","title":{"rendered":"Makaron orkiszowy z pomidorami i bia\u0142ym, mi\u0119kkim serem"},"content":{"rendered":"<h3>Sk\u0142adniki dla 4 os\u00f3b<\/h3>\n<ul>\n<li>400 g pe\u0142noziarnistego makaronu orkiszowego<\/li>\n<li>400 g pomidor\u00f3w<\/li>\n<li>150 g pesto z czosnku nied\u017awiedziego<\/li>\n<li>100 g bia\u0142ego, mi\u0119kkiego sera marynowanego w oleju<\/li>\n<li>4 \u0142y\u017cki olejowej zalewy do sera<\/li>\n<li>1 \u0142y\u017ceczka miodu<\/li>\n<li>1 z\u0105bek czosnku<\/li>\n<li>1 \u0142y\u017ceczka tymianku<\/li>\n<li>1 cebula<\/li>\n<li>s\u00f3l<\/li>\n<\/ul>\n<p>Nasz mi\u0119kki ser w oleju oraz makaron orkiszowy pochodz\u0105 z <a href=\"http:\/\/www.zieferhof.at\/\" target=\"_blank\" rel=\"noopener\"><strong><span style=\"background-color: rgba(46, 146, 255, 0.2);\">ekofarmy<\/span>\u00a0Zieferhof w Leogang na Ziemi Salzburskiej<\/strong><\/a>.<\/p>\n<h3>Spos\u00f3b przygotowania<\/h3>\n<p>W\u0142\u0105cz piekarnik na grzanie g\u00f3ra\/d\u00f3\u0142 i rozgrzej go do temp. 90\u00b0C. Obierz i pokr\u00f3j cebul\u0119 i czosnek w drobn\u0105 kostk\u0119, a pomidory pokr\u00f3j na \u0107wiartki. Otw\u00f3rz s\u0142oik z mi\u0119kkim serem w oleju i wjej 4 \u0142y\u017cki oleju na patelni\u0119. Rozgrzej olej i podsma\u017c na nim cebul\u0119 i czosnek. Nast\u0119pnie dodaj pokrojone w \u0107wiartki pomidory i du\u015b przez chwil\u0119. Na koniec dodaj tymianek, mi\u00f3d i s\u00f3l. Wstaw patelni\u0119 na 20-25 minut do rogrzanego piekarnika.<\/p>\n<p>W mi\u0119dzyczasie w du\u017cej ilo\u015bci osolonej wody ugotuj pe\u0142noziarnisty makaron orkiszowy\u00a0 al dente i przygotuj pesto z dzikiego czosnku. Tu znajdziesz sprawdzony przepis na <a href=\"https:\/\/www.salzburgerland.com\/pl\/przepis-paluszki-z-pesto-z-czosnku-niedzwiedziego\/\" target=\"_blank\" rel=\"noopener\"><strong>pesto z czosnku nied\u017awiedziego<\/strong><\/a>. Wyjmij kostki sera ze s\u0142oika i pokr\u00f3j je drobno no\u017cem lub pokrusz r\u0119cznie.<\/p>\n<p>Po ok. 20 minutach duszone pomidory s\u0105 gotowe. Odcedzony makaron orkiszowy u\u0142\u00f3\u017c na talerzach, roz\u0142\u00f3\u017c na nim pomidory i pokruszony ser, a na \u015brodku dodaj \u0142y\u017ck\u0119 pesto z czosnku nied\u017awiedziego.<\/p>\n<p><strong>Nasza podpowied\u017a:<\/strong> Makaron mo\u017cesz r\u00f3wnie\u017c wrzuci\u0107 do sosu pomidorowego i zmiesza\u0107 z nim przed podaniem.<\/p>\n<h4>Voil\u00e1! Pyszne i przede wszystkim proste danie z pe\u0142noziarnistym makaronem orkiszowym jest gotowe. Delektuj si\u0119 jego smakiem!<\/h4>\n<p>Masz ochot\u0119 na wi\u0119cej da\u0144 z pomidorami? Spr\u00f3buj tak\u017ce:<\/p>\n<ul>\n<li><a href=\"https:\/\/www.salzburgerland.com\/pl\/przepis-pomidory-faszerowane-mozzarella\/\" target=\"_blank\" rel=\"noopener\">Pomidory faszerowane mozzarell\u0105 z sosem selerowo-pomidorowym i rze\u017cuch\u0105<\/a><\/li>\n<li><a href=\"https:\/\/www.salzburgerland.com\/pl\/przepis-szaszlyki-z-poledwicy-wolowej-z-grilla-z-maslem-pomidorowo-czosnkowym\/\" target=\"_blank\" rel=\"noopener\">Szasz\u0142yki z pol\u0119dwicy wo\u0142owej z grilla z mas\u0142em pomidorowo-czosnkowym<\/a><\/li>\n<\/ul>\n","protected":false},"excerpt":{"rendered":"<p>Sk\u0142adniki dla 4 os\u00f3b 400 g pe\u0142noziarnistego makaronu orkiszowego 400 g pomidor\u00f3w 150 g pesto z czosnku nied\u017awiedziego 100 g bia\u0142ego, mi\u0119kkiego sera marynowanego w oleju 4 \u0142y\u017cki olejowej zalewy do sera 1 \u0142y\u017ceczka miodu 1 z\u0105bek czosnku 1 \u0142y\u017ceczka tymianku 1 cebula s\u00f3l Nasz mi\u0119kki ser w oleju oraz makaron orkiszowy pochodz\u0105 z ekofarmy\u00a0Zieferhof [&hellip;]<\/p>\n","protected":false},"author":4,"featured_media":23621,"comment_status":"closed","ping_status":"closed","sticky":false,"template":"","format":"standard","meta":{"_acf_changed":false,"wl_entities_gutenberg":"","_relevanssi_hide_post":"","_relevanssi_hide_content":"","_relevanssi_pin_for_all":"","_relevanssi_pin_keywords":"","_relevanssi_unpin_keywords":"","_relevanssi_related_keywords":"","_relevanssi_related_include_ids":"","_relevanssi_related_exclude_ids":"","_relevanssi_related_no_append":"","_relevanssi_related_not_related":"","_relevanssi_related_posts":"","_relevanssi_noindex_reason":"","footnotes":""},"categories":[1],"tags":[],"wl_entity_type":[299],"class_list":["post-23620","post","type-post","status-publish","format-standard","has-post-thumbnail","hentry","category-uncategorized","wl_entity_type-recipe"],"acf":[],"yoast_head":"<!-- This site is optimized with the Yoast SEO Premium plugin v27.4 (Yoast SEO v27.4) - https:\/\/yoast.com\/product\/yoast-seo-premium-wordpress\/ -->\n<title>Makaron orkiszowy z pomidorami i bia\u0142ym, mi\u0119kkim serem \u00bb SalzburgerLand.com<\/title>\n<meta name=\"description\" content=\"Przepis na wegetaria\u0144skie danie z makaronem orkiszowym, pomidorami i bia\u0142ym, mi\u0119kkim serem z ekologicznej farmy Zieferhof.\" \/>\n<meta name=\"robots\" content=\"index, follow, max-snippet:-1, max-image-preview:large, max-video-preview:-1\" \/>\n<link rel=\"canonical\" href=\"https:\/\/www.salzburgerland.com\/pl\/przepis-makaron-orkiszowy-z-pomirdorami-i-bialym-miekkim-serem\/\" \/>\n<meta property=\"og:locale\" content=\"pl_PL\" \/>\n<meta property=\"og:type\" content=\"article\" \/>\n<meta property=\"og:title\" content=\"Makaron orkiszowy z pomidorami i bia\u0142ym, mi\u0119kkim serem\" \/>\n<meta property=\"og:description\" content=\"Sk\u0142adniki dla 4 os\u00f3b 400 g pe\u0142noziarnistego makaronu orkiszowego 400 g pomidor\u00f3w 150 g pesto z czosnku nied\u017awiedziego 100 g bia\u0142ego, mi\u0119kkiego sera\" \/>\n<meta property=\"og:url\" content=\"https:\/\/www.salzburgerland.com\/pl\/przepis-makaron-orkiszowy-z-pomirdorami-i-bialym-miekkim-serem\/\" \/>\n<meta property=\"og:site_name\" content=\"SalzburgerLand.com\" \/>\n<meta property=\"article:publisher\" content=\"https:\/\/www.facebook.com\/visitsalzburgerland\/\" \/>\n<meta property=\"article:published_time\" content=\"2024-05-24T12:51:32+00:00\" \/>\n<meta property=\"article:modified_time\" content=\"2024-06-02T20:00:07+00:00\" \/>\n<meta property=\"og:image\" content=\"https:\/\/www.salzburgerland.com\/pl\/wp-content\/uploads\/2024\/05\/food-g181b43f70_1920-1600x550-1-1200x550.jpg\" \/>\n\t<meta property=\"og:image:width\" content=\"1200\" \/>\n\t<meta property=\"og:image:height\" content=\"550\" \/>\n\t<meta property=\"og:image:type\" content=\"image\/jpeg\" \/>\n<meta name=\"author\" content=\"Izabela Gartner\" \/>\n<meta name=\"twitter:card\" content=\"summary_large_image\" \/>\n<meta name=\"twitter:creator\" content=\"@salzburgerland\" \/>\n<meta name=\"twitter:site\" content=\"@salzburgerland\" \/>\n<meta name=\"twitter:label1\" content=\"Napisane przez\" \/>\n\t<meta name=\"twitter:data1\" content=\"Izabela Gartner\" \/>\n\t<meta name=\"twitter:label2\" content=\"Szacowany czas czytania\" \/>\n\t<meta name=\"twitter:data2\" content=\"3 minuty\" \/>\n<script type=\"application\/ld+json\" class=\"yoast-schema-graph\">{\"@context\":\"https:\\\/\\\/schema.org\",\"@graph\":[{\"@type\":\"Article\",\"@id\":\"https:\\\/\\\/www.salzburgerland.com\\\/pl\\\/przepis-makaron-orkiszowy-z-pomirdorami-i-bialym-miekkim-serem\\\/#article\",\"isPartOf\":{\"@id\":\"https:\\\/\\\/www.salzburgerland.com\\\/pl\\\/przepis-makaron-orkiszowy-z-pomirdorami-i-bialym-miekkim-serem\\\/\"},\"author\":{\"name\":\"Izabela Gartner\",\"@id\":\"https:\\\/\\\/www.salzburgerland.com\\\/pl\\\/#\\\/schema\\\/person\\\/c10420e9897d4ca984317db556f04804\"},\"headline\":\"Makaron orkiszowy z pomidorami i bia\u0142ym, mi\u0119kkim serem\",\"datePublished\":\"2024-05-24T12:51:32+00:00\",\"dateModified\":\"2024-06-02T20:00:07+00:00\",\"mainEntityOfPage\":{\"@id\":\"https:\\\/\\\/www.salzburgerland.com\\\/pl\\\/przepis-makaron-orkiszowy-z-pomirdorami-i-bialym-miekkim-serem\\\/\"},\"wordCount\":311,\"image\":{\"@id\":\"https:\\\/\\\/www.salzburgerland.com\\\/pl\\\/przepis-makaron-orkiszowy-z-pomirdorami-i-bialym-miekkim-serem\\\/#primaryimage\"},\"thumbnailUrl\":\"https:\\\/\\\/www.salzburgerland.com\\\/pl\\\/wp-content\\\/uploads\\\/2024\\\/05\\\/food-g181b43f70_1920-1600x550-1.jpg\",\"articleSection\":[\"Uncategorized\"],\"inLanguage\":\"pl-PL\"},{\"@type\":\"WebPage\",\"@id\":\"https:\\\/\\\/www.salzburgerland.com\\\/pl\\\/przepis-makaron-orkiszowy-z-pomirdorami-i-bialym-miekkim-serem\\\/\",\"url\":\"https:\\\/\\\/www.salzburgerland.com\\\/pl\\\/przepis-makaron-orkiszowy-z-pomirdorami-i-bialym-miekkim-serem\\\/\",\"name\":\"Makaron orkiszowy z pomidorami i bia\u0142ym, mi\u0119kkim serem \u00bb SalzburgerLand.com\",\"isPartOf\":{\"@id\":\"https:\\\/\\\/www.salzburgerland.com\\\/pl\\\/#website\"},\"primaryImageOfPage\":{\"@id\":\"https:\\\/\\\/www.salzburgerland.com\\\/pl\\\/przepis-makaron-orkiszowy-z-pomirdorami-i-bialym-miekkim-serem\\\/#primaryimage\"},\"image\":{\"@id\":\"https:\\\/\\\/www.salzburgerland.com\\\/pl\\\/przepis-makaron-orkiszowy-z-pomirdorami-i-bialym-miekkim-serem\\\/#primaryimage\"},\"thumbnailUrl\":\"https:\\\/\\\/www.salzburgerland.com\\\/pl\\\/wp-content\\\/uploads\\\/2024\\\/05\\\/food-g181b43f70_1920-1600x550-1.jpg\",\"datePublished\":\"2024-05-24T12:51:32+00:00\",\"dateModified\":\"2024-06-02T20:00:07+00:00\",\"author\":{\"@id\":\"https:\\\/\\\/www.salzburgerland.com\\\/pl\\\/#\\\/schema\\\/person\\\/c10420e9897d4ca984317db556f04804\"},\"description\":\"Przepis na wegetaria\u0144skie danie z makaronem orkiszowym, pomidorami i bia\u0142ym, mi\u0119kkim serem z ekologicznej farmy Zieferhof.\",\"breadcrumb\":{\"@id\":\"https:\\\/\\\/www.salzburgerland.com\\\/pl\\\/przepis-makaron-orkiszowy-z-pomirdorami-i-bialym-miekkim-serem\\\/#breadcrumb\"},\"inLanguage\":\"pl-PL\",\"potentialAction\":[{\"@type\":\"ReadAction\",\"target\":[\"https:\\\/\\\/www.salzburgerland.com\\\/pl\\\/przepis-makaron-orkiszowy-z-pomirdorami-i-bialym-miekkim-serem\\\/\"]}]},{\"@type\":\"ImageObject\",\"inLanguage\":\"pl-PL\",\"@id\":\"https:\\\/\\\/www.salzburgerland.com\\\/pl\\\/przepis-makaron-orkiszowy-z-pomirdorami-i-bialym-miekkim-serem\\\/#primaryimage\",\"url\":\"https:\\\/\\\/www.salzburgerland.com\\\/pl\\\/wp-content\\\/uploads\\\/2024\\\/05\\\/food-g181b43f70_1920-1600x550-1.jpg\",\"contentUrl\":\"https:\\\/\\\/www.salzburgerland.com\\\/pl\\\/wp-content\\\/uploads\\\/2024\\\/05\\\/food-g181b43f70_1920-1600x550-1.jpg\",\"width\":1600,\"height\":550,\"caption\":\"Makaron orkiszowy z pomidorami i mi\u0119kkim serem z Zieferhof \u00a9 SalzburgerLand Tourismus\"},{\"@type\":\"BreadcrumbList\",\"@id\":\"https:\\\/\\\/www.salzburgerland.com\\\/pl\\\/przepis-makaron-orkiszowy-z-pomirdorami-i-bialym-miekkim-serem\\\/#breadcrumb\",\"itemListElement\":[{\"@type\":\"ListItem\",\"position\":1,\"name\":\"Tak smakuje Ziemia Salzburska\",\"item\":\"https:\\\/\\\/www.salzburgerland.com\\\/pl\\\/tak-smakuje-ziemia-salzburska\\\/\"},{\"@type\":\"ListItem\",\"position\":2,\"name\":\"Makaron orkiszowy z pomidorami i bia\u0142ym, mi\u0119kkim serem\"}]},{\"@type\":\"WebSite\",\"@id\":\"https:\\\/\\\/www.salzburgerland.com\\\/pl\\\/#website\",\"url\":\"https:\\\/\\\/www.salzburgerland.com\\\/pl\\\/\",\"name\":\"SalzburgerLand.com\",\"description\":\"Urlop Salzburg : hotele : turystyka Ziemia Salzburska : kultura : rodzinny urlop Ziemia Salzburska : informacja turystyczna : noclegi Austria : aktywny wypoczynek\",\"potentialAction\":[{\"@type\":\"SearchAction\",\"target\":{\"@type\":\"EntryPoint\",\"urlTemplate\":\"https:\\\/\\\/www.salzburgerland.com\\\/pl\\\/?s={search_term_string}\"},\"query-input\":{\"@type\":\"PropertyValueSpecification\",\"valueRequired\":true,\"valueName\":\"search_term_string\"}}],\"inLanguage\":\"pl-PL\"},{\"@type\":\"Person\",\"@id\":\"https:\\\/\\\/www.salzburgerland.com\\\/pl\\\/#\\\/schema\\\/person\\\/c10420e9897d4ca984317db556f04804\",\"name\":\"Izabela Gartner\",\"image\":{\"@type\":\"ImageObject\",\"inLanguage\":\"pl-PL\",\"@id\":\"https:\\\/\\\/secure.gravatar.com\\\/avatar\\\/062a6263a145aaa718f0b029a735b6557e456ff63f9e65056a4352d3c0a06e4d?s=96&d=mm&r=g\",\"url\":\"https:\\\/\\\/secure.gravatar.com\\\/avatar\\\/062a6263a145aaa718f0b029a735b6557e456ff63f9e65056a4352d3c0a06e4d?s=96&d=mm&r=g\",\"contentUrl\":\"https:\\\/\\\/secure.gravatar.com\\\/avatar\\\/062a6263a145aaa718f0b029a735b6557e456ff63f9e65056a4352d3c0a06e4d?s=96&d=mm&r=g\",\"caption\":\"Izabela Gartner\"}}]}<\/script>\n<!-- \/ Yoast SEO Premium plugin. -->","yoast_head_json":{"title":"Makaron orkiszowy z pomidorami i bia\u0142ym, mi\u0119kkim serem \u00bb SalzburgerLand.com","description":"Przepis na wegetaria\u0144skie danie z makaronem orkiszowym, pomidorami i bia\u0142ym, mi\u0119kkim serem z ekologicznej farmy Zieferhof.","robots":{"index":"index","follow":"follow","max-snippet":"max-snippet:-1","max-image-preview":"max-image-preview:large","max-video-preview":"max-video-preview:-1"},"canonical":"https:\/\/www.salzburgerland.com\/pl\/przepis-makaron-orkiszowy-z-pomirdorami-i-bialym-miekkim-serem\/","og_locale":"pl_PL","og_type":"article","og_title":"Makaron orkiszowy z pomidorami i bia\u0142ym, mi\u0119kkim serem","og_description":"Sk\u0142adniki dla 4 os\u00f3b 400 g pe\u0142noziarnistego makaronu orkiszowego 400 g pomidor\u00f3w 150 g pesto z czosnku nied\u017awiedziego 100 g bia\u0142ego, mi\u0119kkiego sera","og_url":"https:\/\/www.salzburgerland.com\/pl\/przepis-makaron-orkiszowy-z-pomirdorami-i-bialym-miekkim-serem\/","og_site_name":"SalzburgerLand.com","article_publisher":"https:\/\/www.facebook.com\/visitsalzburgerland\/","article_published_time":"2024-05-24T12:51:32+00:00","article_modified_time":"2024-06-02T20:00:07+00:00","og_image":[{"width":1200,"height":550,"url":"https:\/\/www.salzburgerland.com\/pl\/wp-content\/uploads\/2024\/05\/food-g181b43f70_1920-1600x550-1-1200x550.jpg","type":"image\/jpeg"}],"author":"Izabela Gartner","twitter_card":"summary_large_image","twitter_creator":"@salzburgerland","twitter_site":"@salzburgerland","twitter_misc":{"Napisane przez":"Izabela Gartner","Szacowany czas czytania":"3 minuty"},"schema":{"@context":"https:\/\/schema.org","@graph":[{"@type":"Article","@id":"https:\/\/www.salzburgerland.com\/pl\/przepis-makaron-orkiszowy-z-pomirdorami-i-bialym-miekkim-serem\/#article","isPartOf":{"@id":"https:\/\/www.salzburgerland.com\/pl\/przepis-makaron-orkiszowy-z-pomirdorami-i-bialym-miekkim-serem\/"},"author":{"name":"Izabela Gartner","@id":"https:\/\/www.salzburgerland.com\/pl\/#\/schema\/person\/c10420e9897d4ca984317db556f04804"},"headline":"Makaron orkiszowy z pomidorami i bia\u0142ym, mi\u0119kkim serem","datePublished":"2024-05-24T12:51:32+00:00","dateModified":"2024-06-02T20:00:07+00:00","mainEntityOfPage":{"@id":"https:\/\/www.salzburgerland.com\/pl\/przepis-makaron-orkiszowy-z-pomirdorami-i-bialym-miekkim-serem\/"},"wordCount":311,"image":{"@id":"https:\/\/www.salzburgerland.com\/pl\/przepis-makaron-orkiszowy-z-pomirdorami-i-bialym-miekkim-serem\/#primaryimage"},"thumbnailUrl":"https:\/\/www.salzburgerland.com\/pl\/wp-content\/uploads\/2024\/05\/food-g181b43f70_1920-1600x550-1.jpg","articleSection":["Uncategorized"],"inLanguage":"pl-PL"},{"@type":"WebPage","@id":"https:\/\/www.salzburgerland.com\/pl\/przepis-makaron-orkiszowy-z-pomirdorami-i-bialym-miekkim-serem\/","url":"https:\/\/www.salzburgerland.com\/pl\/przepis-makaron-orkiszowy-z-pomirdorami-i-bialym-miekkim-serem\/","name":"Makaron orkiszowy z pomidorami i bia\u0142ym, mi\u0119kkim serem \u00bb SalzburgerLand.com","isPartOf":{"@id":"https:\/\/www.salzburgerland.com\/pl\/#website"},"primaryImageOfPage":{"@id":"https:\/\/www.salzburgerland.com\/pl\/przepis-makaron-orkiszowy-z-pomirdorami-i-bialym-miekkim-serem\/#primaryimage"},"image":{"@id":"https:\/\/www.salzburgerland.com\/pl\/przepis-makaron-orkiszowy-z-pomirdorami-i-bialym-miekkim-serem\/#primaryimage"},"thumbnailUrl":"https:\/\/www.salzburgerland.com\/pl\/wp-content\/uploads\/2024\/05\/food-g181b43f70_1920-1600x550-1.jpg","datePublished":"2024-05-24T12:51:32+00:00","dateModified":"2024-06-02T20:00:07+00:00","author":{"@id":"https:\/\/www.salzburgerland.com\/pl\/#\/schema\/person\/c10420e9897d4ca984317db556f04804"},"description":"Przepis na wegetaria\u0144skie danie z makaronem orkiszowym, pomidorami i bia\u0142ym, mi\u0119kkim serem z ekologicznej farmy Zieferhof.","breadcrumb":{"@id":"https:\/\/www.salzburgerland.com\/pl\/przepis-makaron-orkiszowy-z-pomirdorami-i-bialym-miekkim-serem\/#breadcrumb"},"inLanguage":"pl-PL","potentialAction":[{"@type":"ReadAction","target":["https:\/\/www.salzburgerland.com\/pl\/przepis-makaron-orkiszowy-z-pomirdorami-i-bialym-miekkim-serem\/"]}]},{"@type":"ImageObject","inLanguage":"pl-PL","@id":"https:\/\/www.salzburgerland.com\/pl\/przepis-makaron-orkiszowy-z-pomirdorami-i-bialym-miekkim-serem\/#primaryimage","url":"https:\/\/www.salzburgerland.com\/pl\/wp-content\/uploads\/2024\/05\/food-g181b43f70_1920-1600x550-1.jpg","contentUrl":"https:\/\/www.salzburgerland.com\/pl\/wp-content\/uploads\/2024\/05\/food-g181b43f70_1920-1600x550-1.jpg","width":1600,"height":550,"caption":"Makaron orkiszowy z pomidorami i mi\u0119kkim serem z Zieferhof \u00a9 SalzburgerLand Tourismus"},{"@type":"BreadcrumbList","@id":"https:\/\/www.salzburgerland.com\/pl\/przepis-makaron-orkiszowy-z-pomirdorami-i-bialym-miekkim-serem\/#breadcrumb","itemListElement":[{"@type":"ListItem","position":1,"name":"Tak smakuje Ziemia Salzburska","item":"https:\/\/www.salzburgerland.com\/pl\/tak-smakuje-ziemia-salzburska\/"},{"@type":"ListItem","position":2,"name":"Makaron orkiszowy z pomidorami i bia\u0142ym, mi\u0119kkim serem"}]},{"@type":"WebSite","@id":"https:\/\/www.salzburgerland.com\/pl\/#website","url":"https:\/\/www.salzburgerland.com\/pl\/","name":"SalzburgerLand.com","description":"Urlop Salzburg : hotele : turystyka Ziemia Salzburska : kultura : rodzinny urlop Ziemia Salzburska : informacja turystyczna : noclegi Austria : aktywny wypoczynek","potentialAction":[{"@type":"SearchAction","target":{"@type":"EntryPoint","urlTemplate":"https:\/\/www.salzburgerland.com\/pl\/?s={search_term_string}"},"query-input":{"@type":"PropertyValueSpecification","valueRequired":true,"valueName":"search_term_string"}}],"inLanguage":"pl-PL"},{"@type":"Person","@id":"https:\/\/www.salzburgerland.com\/pl\/#\/schema\/person\/c10420e9897d4ca984317db556f04804","name":"Izabela Gartner","image":{"@type":"ImageObject","inLanguage":"pl-PL","@id":"https:\/\/secure.gravatar.com\/avatar\/062a6263a145aaa718f0b029a735b6557e456ff63f9e65056a4352d3c0a06e4d?s=96&d=mm&r=g","url":"https:\/\/secure.gravatar.com\/avatar\/062a6263a145aaa718f0b029a735b6557e456ff63f9e65056a4352d3c0a06e4d?s=96&d=mm&r=g","contentUrl":"https:\/\/secure.gravatar.com\/avatar\/062a6263a145aaa718f0b029a735b6557e456ff63f9e65056a4352d3c0a06e4d?s=96&d=mm&r=g","caption":"Izabela Gartner"}}]}},"_wl_alt_label":[],"wl:entity_url":"http:\/\/open.salzburgerland.com\/pl\/post\/makaron-orkiszowy-z-pomirdorami-i-23620","_links":{"self":[{"href":"https:\/\/www.salzburgerland.com\/pl\/wp-json\/wp\/v2\/posts\/23620","targetHints":{"allow":["GET"]}}],"collection":[{"href":"https:\/\/www.salzburgerland.com\/pl\/wp-json\/wp\/v2\/posts"}],"about":[{"href":"https:\/\/www.salzburgerland.com\/pl\/wp-json\/wp\/v2\/types\/post"}],"author":[{"embeddable":true,"href":"https:\/\/www.salzburgerland.com\/pl\/wp-json\/wp\/v2\/users\/4"}],"replies":[{"embeddable":true,"href":"https:\/\/www.salzburgerland.com\/pl\/wp-json\/wp\/v2\/comments?post=23620"}],"version-history":[{"count":5,"href":"https:\/\/www.salzburgerland.com\/pl\/wp-json\/wp\/v2\/posts\/23620\/revisions"}],"predecessor-version":[{"id":23716,"href":"https:\/\/www.salzburgerland.com\/pl\/wp-json\/wp\/v2\/posts\/23620\/revisions\/23716"}],"wp:featuredmedia":[{"embeddable":true,"href":"https:\/\/www.salzburgerland.com\/pl\/wp-json\/wp\/v2\/media\/23621"}],"wp:attachment":[{"href":"https:\/\/www.salzburgerland.com\/pl\/wp-json\/wp\/v2\/media?parent=23620"}],"wp:term":[{"taxonomy":"category","embeddable":true,"href":"https:\/\/www.salzburgerland.com\/pl\/wp-json\/wp\/v2\/categories?post=23620"},{"taxonomy":"post_tag","embeddable":true,"href":"https:\/\/www.salzburgerland.com\/pl\/wp-json\/wp\/v2\/tags?post=23620"},{"taxonomy":"wl_entity_type","embeddable":true,"href":"https:\/\/www.salzburgerland.com\/pl\/wp-json\/wp\/v2\/wl_entity_type?post=23620"}],"curies":[{"name":"wp","href":"https:\/\/api.w.org\/{rel}","templated":true}]}}