{"id":23430,"date":"2024-05-11T21:22:57","date_gmt":"2024-05-11T19:22:57","guid":{"rendered":"https:\/\/www.salzburgerland.com\/pl\/?p=23430"},"modified":"2024-05-19T16:26:15","modified_gmt":"2024-05-19T14:26:15","slug":"gastein-card","status":"publish","type":"post","link":"https:\/\/www.salzburgerland.com\/pl\/gastein-card\/","title":{"rendered":"Urlop z Gastein Card"},"content":{"rendered":"<p>Tury\u015bci sp\u0119dzaj\u0105cy urlop w Gastein otrzymuj\u0105 kart\u0119 Gastein Card bezp\u0142atnie w miejscu swojego <a href=\"https:\/\/www.gastein.com\/pl\/gastein\/gasteinertal\/noclegi\/search-book\/\" target=\"_blank\" rel=\"noopener\">zakwaterowania<\/a>. Aby skorzysta\u0107 ze zni\u017cek, nale\u017cy mie\u0107 j\u0105 zawsze przy sobie i okazywa\u0107 w odwiedzanych miejscach. Szczeg\u00f3\u0142ow\u0105 list\u0119 korzy\u015bci, zni\u017cek do -50% i bezp\u0142atnych us\u0142ug, znajdziesz w broszurze, kt\u00f3r\u0105 otrzymasz od swojego kwaterodawcy lub mo\u017cesz odebra\u0107 nieodp\u0142atnie w biurze informacji turystycznej. Karta jest wa\u017cna przez ca\u0142y okres pobytu.<\/p>\n<h3>Oto przyk\u0142adowe korzy\u015bci dla posiadaczy karty:<\/h3>\n<ul>\n<li><a href=\"https:\/\/www.gastein.com\/pl\/doswiadczenia\/sport-i-przyroda\/zima\/\" target=\"_blank\" rel=\"noopener\"><strong>Zim\u0105<\/strong><\/a> wyprawy skiturowe i na rakietach \u015bnie\u017cnych z przewodnikiem<\/li>\n<li><strong><a href=\"https:\/\/www.gastein.com\/pl\/doswiadczenia\/sport-i-przyroda\/\" target=\"_blank\" rel=\"noopener\">Latem<\/a><\/strong> liczne koncerty i wycieczki rowerowe z przewodnikiem<\/li>\n<li>Niezale\u017cnie od pory roku, oferty zdrowotne, zni\u017ckowe ceny wst\u0119p\u00f3w do <strong><a href=\"https:\/\/www.gastein.com\/pl\/witalnosc\/termen\/\" target=\"_blank\" rel=\"noopener\">o\u015brodk\u00f3w termalnych w Gastein<\/a><\/strong>, <a href=\"https:\/\/www.gastein.com\/pl\/witalnosc\/lekarstwo\/terapia-radonowa\/kapiel-haze\/\" target=\"_blank\" rel=\"noopener\"><strong>\u0142a\u017ani parowej<\/strong><\/a> i <a href=\"https:\/\/www.gastein.com\/pl\/witalnosc\/lekarstwo\/heilstollen\/\" target=\"_blank\" rel=\"noopener\"><strong>sztolni leczniczej<\/strong><\/a><\/li>\n<li>Zni\u017cki na liczne cele wycieczkowe i inne atrakcje turystyczne w regionie.<\/li>\n<\/ul>\n\n\t\t\t<div id=\"23430-1\" class=\"gallery gallery-23430 gallery-columns-3 gallery-size-1170_658\" itemscope itemtype=\"http:\/\/schema.org\/ImageGallery\">\n\t\t\t\t<ul class=\"gallery-row gallery-col-3 gallery-clear\">\n\t\t\t\t\t<li class=\"gallery-item col-3\" itemprop=\"associatedMedia\" itemscope itemtype=\"http:\/\/schema.org\/ImageObject\">\n\t\t\t\t\t\t<div class=\"gallery-icon landscape\"><a href=\"https:\/\/www.salzburgerland.com\/pl\/wp-content\/uploads\/2021\/08\/wandern-c-gasteinertal-tourismus-gmbh-www-oberschneider-com-3-1905x1067.jpg\" title=\"Wandern (c) Gasteinertal Tourismus GmbH, www.oberschneider.com (3)\"><img decoding=\"async\" data-title=\"W\u0119dr\u00f3wki w Gastein \u00a9 Gasteinertal Tourismus GmbH, Christoph Oberschneider\" title=\"W\u0119dr\u00f3wki w Gastein \u00a9 Gasteinertal Tourismus GmbH, Christoph Oberschneider\" data-caption=\"W\u0119dr\u00f3wki w Gastein \u00a9 Gasteinertal Tourismus GmbH, Christoph Oberschneider\" width=\"1170\" height=\"658\" src=\"https:\/\/www.salzburgerland.com\/pl\/wp-content\/uploads\/2021\/08\/wandern-c-gasteinertal-tourismus-gmbh-www-oberschneider-com-3-1170x658.jpg\" class=\"attachment-1170_658 size-1170_658\" alt=\"Grupa w\u0119druj\u0105ca po trawiastej g\u00f3rze w Lato w Ski amad\u00e9, z polnymi kwiatami i widokiem na o\u015bnie\u017cone szczyty. (Powi\u0119kszony widok)\" srcset=\"https:\/\/www.salzburgerland.com\/pl\/wp-content\/uploads\/2021\/08\/wandern-c-gasteinertal-tourismus-gmbh-www-oberschneider-com-3-1170x658.jpg 1170w, https:\/\/www.salzburgerland.com\/pl\/wp-content\/uploads\/2021\/08\/wandern-c-gasteinertal-tourismus-gmbh-www-oberschneider-com-3-1200x675.jpg 1200w\" sizes=\"(max-width: 1170px) 100vw, 1170px\" aria-describedby=\"figcaption-23430-10962\" itemprop=\"thumbnail\"><\/a><\/div>\n\t\t\t\t\t\t<span id=\"figcaption-23430-10962\" class=\"gallery-caption\" itemprop=\"caption\"><span aria-hidden=\"true\">W\u0119dr\u00f3wki w Gastein \u00a9 Gasteinertal Tourismus GmbH, Christoph Oberschneider<\/span><\/span>\n\t\t\t\t\t<\/li>\n\t\t\t\t\t<li class=\"gallery-item col-3\" itemprop=\"associatedMedia\" itemscope itemtype=\"http:\/\/schema.org\/ImageObject\">\n\t\t\t\t\t\t<div class=\"gallery-icon landscape\"><a href=\"https:\/\/www.salzburgerland.com\/pl\/wp-content\/uploads\/2020\/02\/titelbild_haengebruecke-stubnerkogel-cgasteiner-bergbahnen-ag-1920x1067.jpg\" title=\"Titelbild_Haengebruecke Stubnerkogel (c)Gasteiner Bergbahnen AG\"><img decoding=\"async\" data-title=\"Foto Atelier Gerhard Wolkersdorfer, Wolkersdorfer Gerhard\" title=\"Foto Atelier Gerhard Wolkersdorfer, Wolkersdorfer Gerhard\" data-caption=\"Foto Atelier Gerhard Wolkersdorfer, Wolkersdorfer Gerhard\" width=\"1170\" height=\"658\" src=\"https:\/\/www.salzburgerland.com\/pl\/wp-content\/uploads\/2020\/02\/titelbild_haengebruecke-stubnerkogel-cgasteiner-bergbahnen-ag-1170x658.jpg\" class=\"attachment-1170_658 size-1170_658\" alt=\"Dwie osoby stoj\u0105 na wisz\u0105cym mo\u015bcie w Lato w Gastein, nad zielonymi g\u00f3rami pod czystym, b\u0142\u0119kitnym niebem. (Powi\u0119kszony widok)\" srcset=\"https:\/\/www.salzburgerland.com\/pl\/wp-content\/uploads\/2020\/02\/titelbild_haengebruecke-stubnerkogel-cgasteiner-bergbahnen-ag-1170x658.jpg 1170w, https:\/\/www.salzburgerland.com\/pl\/wp-content\/uploads\/2020\/02\/titelbild_haengebruecke-stubnerkogel-cgasteiner-bergbahnen-ag-1200x675.jpg 1200w\" sizes=\"(max-width: 1170px) 100vw, 1170px\" aria-describedby=\"figcaption-23430-5763\" itemprop=\"thumbnail\"><\/a><\/div>\n\t\t\t\t\t\t<span id=\"figcaption-23430-5763\" class=\"gallery-caption\" itemprop=\"caption\"><span aria-hidden=\"true\">Foto Atelier Gerhard Wolkersdorfer, Wolkersdorfer Gerhard<\/span><\/span>\n\t\t\t\t\t<\/li>\n\t\t\t\t\t<li class=\"gallery-item col-3\" itemprop=\"associatedMedia\" itemscope itemtype=\"http:\/\/schema.org\/ImageObject\">\n\t\t\t\t\t\t<div class=\"gallery-icon landscape\"><a href=\"https:\/\/www.salzburgerland.com\/pl\/wp-content\/uploads\/2021\/08\/11_skiamademademyday_abheben_badhofgastein-c-gasteinertal-tourismus-gmbh-1920x1067.jpg\" title=\"11_skiamademademyday_abheben_badhofgastein-c-gasteinertal-tourismus-gmbh\"><img decoding=\"async\" data-title=\"Terma w Bad Hofgastein \u00a9 Gasteiner Tourismus, Marktl\" title=\"Terma w Bad Hofgastein \u00a9 Gasteiner Tourismus, Marktl\" data-caption=\"Terma w Bad Hofgastein \u00a9 Gasteiner Tourismus, Marktl\" width=\"1170\" height=\"658\" src=\"https:\/\/www.salzburgerland.com\/pl\/wp-content\/uploads\/2021\/08\/11_skiamademademyday_abheben_badhofgastein-c-gasteinertal-tourismus-gmbh-1170x658.jpg\" class=\"attachment-1170_658 size-1170_658\" alt=\"Kobieta korzystaj\u0105ca z odkrytego basenu w Ski amad\u00e9, g\u00f3ry i zachmurzone niebo za ni\u0105, woda rozpryskuj\u0105ca si\u0119 wok\u00f3\u0142 niej. (Powi\u0119kszony widok)\" srcset=\"https:\/\/www.salzburgerland.com\/pl\/wp-content\/uploads\/2021\/08\/11_skiamademademyday_abheben_badhofgastein-c-gasteinertal-tourismus-gmbh-1170x658.jpg 1170w, https:\/\/www.salzburgerland.com\/pl\/wp-content\/uploads\/2021\/08\/11_skiamademademyday_abheben_badhofgastein-c-gasteinertal-tourismus-gmbh-1200x675.jpg 1200w\" sizes=\"(max-width: 1170px) 100vw, 1170px\" aria-describedby=\"figcaption-23430-10839\" itemprop=\"thumbnail\"><\/a><\/div>\n\t\t\t\t\t\t<span id=\"figcaption-23430-10839\" class=\"gallery-caption\" itemprop=\"caption\"><span aria-hidden=\"true\">Terma w Bad Hofgastein \u00a9 Gasteiner Tourismus, Marktl<\/span><\/span>\n\t\t\t\t\t<\/li>\n\t\t\t\t<\/ul>\n\t\t\t<\/div><!-- .gallery -->\n\n<h3>Komunikacja publiczna<\/h3>\n<ul>\n<li>Przejazdy komunikacj\u0105 miejsk\u0105 (citybus) w Bad Hofgastein s\u0105 BEZP\u0141ATNE<\/li>\n<li>Zni\u017cka na przejazdy wszystkimi liniami autobusowymi dla doros\u0142ych i dla dzieci (na wszystkich trasach)<\/li>\n<\/ul>\n<h3>Zni\u017ckowe bilety<\/h3>\n<ul>\n<li>na kolejki g\u00f3rskie w Gastein<\/li>\n<li>do o\u015brodk\u00f3w termalnych Alpentherme, Felsentherme i Solarbad<\/li>\n<li>na zapoznawczy wjazd do sztolnii leczniczej<\/li>\n<li>na radonowe k\u0105piele termalne<\/li>\n<li>do \u0142a\u017ani parowej<\/li>\n<\/ul>\n<div id=\"attachment_14160\" style=\"width: 1180px\" class=\"wp-caption alignnone\"><img decoding=\"async\" aria-describedby=\"caption-attachment-14160\" class=\"size-1170_658 wp-image-14160\" src=\"https:\/\/www.salzburgerland.com\/pl\/wp-content\/uploads\/2022\/06\/csm_heilstollen_gastein__c__gasteinertal_tourismus__marktl_photography__14__3d4b366885-1170x658.jpg\" alt=\"\" width=\"1170\" height=\"658\" srcset=\"https:\/\/www.salzburgerland.com\/pl\/wp-content\/uploads\/2022\/06\/csm_heilstollen_gastein__c__gasteinertal_tourismus__marktl_photography__14__3d4b366885-1170x658.jpg 1170w, https:\/\/www.salzburgerland.com\/pl\/wp-content\/uploads\/2022\/06\/csm_heilstollen_gastein__c__gasteinertal_tourismus__marktl_photography__14__3d4b366885-1200x675.jpg 1200w\" sizes=\"(max-width: 1170px) 100vw, 1170px\"><p id=\"caption-attachment-14160\" class=\"wp-caption-text\">Sztolnia lecznicza w Gastein \u00a9 Gasteinertal Tourismus, Marktl<\/p><\/div>\n<h3>Aktywne zaj\u0119cia i sport<\/h3>\n<p>Opr\u00f3cz licznych cel\u00f3w wycieczkowych i innych atrakcji turystycznych w Gastein czekaj\u0105 na Ciebie r\u00f3wnie\u017c oferty sportowe. Dzi\u0119ki Gastein Card mo\u017cesz z nich korzysta\u0107 bezp\u0142atnie lub z atrakcyjn\u0105 zni\u017ck\u0105. Oto kilka przyk\u0142ad\u00f3w:<\/p>\n<ul>\n<li>Wszystko o zio\u0142ach<\/li>\n<li>Joga<\/li>\n<li>BEZP\u0141ATNE <a href=\"https:\/\/www.gastein.com\/pl\/doswiadczenia\/sport-i-przyroda\/turystyka-piesza\/wedrowki-z-przewodnikiem\/\" target=\"_blank\" rel=\"noopener\">w\u0119dr\u00f3wki ca\u0142odzienne i p\u00f3\u0142 dnia z przewodnikiem<\/a><\/li>\n<li><a href=\"https:\/\/www.gastein.com\/pl\/doswiadczenia\/sport-i-przyroda\/jazda-na-rowerze\/guided-biking\/\" target=\"_blank\" rel=\"noopener\">Eskapady na rowerach g\u00f3rskich z przewodnikiem i wynajem rower\u00f3w<\/a><\/li>\n<li><a href=\"https:\/\/www.gastein.com\/pl\/doswiadczenia\/zabawa-i-rodzina\/wedkarstwo\/\" target=\"_blank\" rel=\"noopener\">W\u0119dkowanie<\/a>, <a href=\"https:\/\/www.gastein.com\/pl\/doswiadczenia\/zabawa-i-rodzina\/paralotniarstwo\/\" target=\"_blank\" rel=\"noopener\">paralotniarstwo<\/a>, <a href=\"https:\/\/www.gastein.com\/pl\/doswiadczenia\/zabawa-i-rodzina\/lucznictwo\/\" target=\"_blank\" rel=\"noopener\">\u0142ucznictwo<\/a>, <a href=\"https:\/\/www.gastein.com\/pl\/doswiadczenia\/zabawa-i-rodzina\/horseback-riding\/\" target=\"_blank\" rel=\"noopener\">jazda konna<\/a>, <a href=\"https:\/\/www.gastein.com\/pl\/doswiadczenia\/sport-i-przyroda\/golf\/\" target=\"_blank\" rel=\"noopener\">golf<\/a>, <a href=\"https:\/\/www.gastein.com\/en\/experiences\/sport-nature\/tennis\/\" target=\"_blank\" rel=\"noopener\">tenis<\/a>, <a href=\"https:\/\/www.gastein.com\/pl\/doswiadczenia\/sport-i-przyroda\/wspinaczka\/\" target=\"_blank\" rel=\"noopener\">wspinaczka<\/a><\/li>\n<\/ul>\n\n\t\t\t<div id=\"23430-2\" class=\"gallery gallery-23430 gallery-columns-3 gallery-size-1170_658\" itemscope itemtype=\"http:\/\/schema.org\/ImageGallery\">\n\t\t\t\t<ul class=\"gallery-row gallery-col-3 gallery-clear\">\n\t\t\t\t\t<li class=\"gallery-item col-3\" itemprop=\"associatedMedia\" itemscope itemtype=\"http:\/\/schema.org\/ImageObject\">\n\t\t\t\t\t\t<div class=\"gallery-icon landscape\"><a href=\"https:\/\/www.salzburgerland.com\/pl\/wp-content\/uploads\/2024\/04\/yoga-in-gastein-c-gasteinertal-tourismus-gmbh-marktl-photography-48-1601x1067.jpg\" title=\"Yoga in Gastein (c) Gasteinertal Tourismus GmbH, Marktl Photography (48)\"><img decoding=\"async\" data-title=\"Joga w g\u00f3rach we regionie Gasteinertal \u00a9 Gasteinertal Tourismus, Manuel Marktl\" title=\"Joga w g\u00f3rach we regionie Gasteinertal \u00a9 Gasteinertal Tourismus, Manuel Marktl\" data-caption=\"Joga w g\u00f3rach we regionie Gasteinertal \u00a9 Gasteinertal Tourismus, Manuel Marktl\" width=\"1170\" height=\"658\" src=\"https:\/\/www.salzburgerland.com\/pl\/wp-content\/uploads\/2024\/04\/yoga-in-gastein-c-gasteinertal-tourismus-gmbh-marktl-photography-48-1170x658.jpg\" class=\"attachment-1170_658 size-1170_658\" alt=\"Osoba medytuj\u0105ca na skale w bujnym g\u00f3rskim krajobrazie, obejmuj\u0105ca wellness z Gastein pod czystym niebem. (Powi\u0119kszony widok)\" srcset=\"https:\/\/www.salzburgerland.com\/pl\/wp-content\/uploads\/2024\/04\/yoga-in-gastein-c-gasteinertal-tourismus-gmbh-marktl-photography-48-1170x658.jpg 1170w, https:\/\/www.salzburgerland.com\/pl\/wp-content\/uploads\/2024\/04\/yoga-in-gastein-c-gasteinertal-tourismus-gmbh-marktl-photography-48-1200x675.jpg 1200w\" sizes=\"(max-width: 1170px) 100vw, 1170px\" aria-describedby=\"figcaption-23430-22991\" itemprop=\"thumbnail\"><\/a><\/div>\n\t\t\t\t\t\t<span id=\"figcaption-23430-22991\" class=\"gallery-caption\" itemprop=\"caption\"><span aria-hidden=\"true\">Joga w g\u00f3rach we regionie Gasteinertal \u00a9 Gasteinertal Tourismus, Manuel Marktl<\/span><\/span>\n\t\t\t\t\t<\/li>\n\t\t\t\t\t<li class=\"gallery-item col-3\" itemprop=\"associatedMedia\" itemscope itemtype=\"http:\/\/schema.org\/ImageObject\">\n\t\t\t\t\t\t<div class=\"gallery-icon landscape\"><a href=\"https:\/\/www.salzburgerland.com\/pl\/wp-content\/uploads\/2024\/04\/thermalwasser-badeseen-c-alpentherme-gastein-wolkersdorfer-8-1599x1067.jpg\" title=\"Thermalwasser Badeseen (c) Alpentherme Gastein, Wolkersdorfer (8)\"><img decoding=\"async\" data-title=\"Baseny termalne w Bad Hofgastein \u00a9 Alpentherme Gastein, Gerhard Wolkersdorfer\" title=\"Baseny termalne w Bad Hofgastein \u00a9 Alpentherme Gastein, Gerhard Wolkersdorfer\" data-caption=\"Baseny termalne w Bad Hofgastein \u00a9 Alpentherme Gastein, Gerhard Wolkersdorfer\" width=\"1170\" height=\"658\" src=\"https:\/\/www.salzburgerland.com\/pl\/wp-content\/uploads\/2024\/04\/thermalwasser-badeseen-c-alpentherme-gastein-wolkersdorfer-8-1170x658.jpg\" class=\"attachment-1170_658 size-1170_658\" alt=\"Nowoczesny o\u015brodek wellness w Gastein z basenami, le\u017cakami i g\u00f3rskim t\u0142em o zmierzchu. (Powi\u0119kszony widok)\" srcset=\"https:\/\/www.salzburgerland.com\/pl\/wp-content\/uploads\/2024\/04\/thermalwasser-badeseen-c-alpentherme-gastein-wolkersdorfer-8-1170x658.jpg 1170w, https:\/\/www.salzburgerland.com\/pl\/wp-content\/uploads\/2024\/04\/thermalwasser-badeseen-c-alpentherme-gastein-wolkersdorfer-8-1200x675.jpg 1200w\" sizes=\"(max-width: 1170px) 100vw, 1170px\" aria-describedby=\"figcaption-23430-22970\" itemprop=\"thumbnail\"><\/a><\/div>\n\t\t\t\t\t\t<span id=\"figcaption-23430-22970\" class=\"gallery-caption\" itemprop=\"caption\"><span aria-hidden=\"true\">Baseny termalne w Bad Hofgastein \u00a9 Alpentherme Gastein, Gerhard Wolkersdorfer<\/span><\/span>\n\t\t\t\t\t<\/li>\n\t\t\t\t\t<li class=\"gallery-item col-3\" itemprop=\"associatedMedia\" itemscope itemtype=\"http:\/\/schema.org\/ImageObject\">\n\t\t\t\t\t\t<div class=\"gallery-icon landscape\"><a href=\"https:\/\/www.salzburgerland.com\/pl\/wp-content\/uploads\/2024\/05\/rs4605_mbr58581-1_final-scr.jpg\" title=\"rs4605_mbr58581-1_final-scr\"><img decoding=\"async\" data-title=\"Golf Alpin - Gastein \u00a9 SalzburgerLand Tourismus, Markus Berger\" title=\"Golf Alpin - Gastein \u00a9 SalzburgerLand Tourismus, Markus Berger\" data-caption=\"Golf Alpin - Gastein \u00a9 SalzburgerLand Tourismus, Markus Berger\" width=\"1100\" height=\"658\" src=\"https:\/\/www.salzburgerland.com\/pl\/wp-content\/uploads\/2024\/05\/rs4605_mbr58581-1_final-scr-1100x658.jpg\" class=\"attachment-1170_658 size-1170_658\" alt=\"M\u0119\u017cczyzna i kobieta graj\u0105cy w golfa na zielonym polu, podziwiaj\u0105cy g\u00f3rskie widoki z kart\u0105 Gastein Card. (Powi\u0119kszony widok)\" aria-describedby=\"figcaption-23430-23437\" itemprop=\"thumbnail\"><\/a><\/div>\n\t\t\t\t\t\t<span id=\"figcaption-23430-23437\" class=\"gallery-caption\" itemprop=\"caption\"><span aria-hidden=\"true\">Golf Alpin \u2013 Gastein \u00a9 SalzburgerLand Tourismus, Markus Berger<\/span><\/span>\n\t\t\t\t\t<\/li>\n\t\t\t\t<\/ul>\n\t\t\t<\/div><!-- .gallery -->\n\n<h3>Kultura, historia, natura<\/h3>\n<ul>\n<li>pokazowa elektownia, zamek Klammstein, alpejska jaskinia \u201eEntrische Kirche\u201d, muzea, p\u0142ukanie z\u0142ota<\/li>\n<li>pokazowa serowarnia, pieczenie chleba, wieczory regionalne<\/li>\n<li>spacery historyczne<\/li>\n<li>wycieczka szlakiem m\u0142yn\u00f3w<\/li>\n<li>koncerty zdrojowe<\/li>\n<\/ul>\n\n\t\t\t<div id=\"23430-3\" class=\"gallery gallery-23430 gallery-columns-3 gallery-size-1170_658\" itemscope itemtype=\"http:\/\/schema.org\/ImageGallery\">\n\t\t\t\t<ul class=\"gallery-row gallery-col-3 gallery-clear\">\n\t\t\t\t\t<li class=\"gallery-item col-3\" itemprop=\"associatedMedia\" itemscope itemtype=\"http:\/\/schema.org\/ImageObject\">\n\t\t\t\t\t\t<div class=\"gallery-icon landscape\"><a href=\"https:\/\/www.salzburgerland.com\/pl\/wp-content\/uploads\/2024\/04\/berg-klassik-c-gasteinertal-tourismus-gmbh-fotoatelier-wolkersdorfer-22-1604x1067.jpg\" title=\"Klassik am Berg - Schlo\u00dfalm Bad Hofgastein\"><img decoding=\"async\" data-title=\"Muzyka klasyczna w g\u00f3rach na Schlossalm w Bad Hofgastein \u00a9 Gasteinertal Tourismus, Atelier Gerhard Wolkersdorfer \" title=\"Muzyka klasyczna w g\u00f3rach na Schlossalm w Bad Hofgastein \u00a9 Gasteinertal Tourismus, Atelier Gerhard Wolkersdorfer \" data-caption=\"Muzyka klasyczna w g\u00f3rach na Schlossalm w Bad Hofgastein \u00a9 Gasteinertal Tourismus, Atelier Gerhard Wolkersdorfer \" width=\"1170\" height=\"658\" src=\"https:\/\/www.salzburgerland.com\/pl\/wp-content\/uploads\/2024\/04\/berg-klassik-c-gasteinertal-tourismus-gmbh-fotoatelier-wolkersdorfer-22-1170x658.jpg\" class=\"attachment-1170_658 size-1170_658\" alt=\"Dyrygent prowadzi koncert orkiestry na \u015bwie\u017cym powietrzu w g\u00f3rach, obejmuj\u0105cy wellness z Gastein. (Powi\u0119kszony widok)\" srcset=\"https:\/\/www.salzburgerland.com\/pl\/wp-content\/uploads\/2024\/04\/berg-klassik-c-gasteinertal-tourismus-gmbh-fotoatelier-wolkersdorfer-22-1170x658.jpg 1170w, https:\/\/www.salzburgerland.com\/pl\/wp-content\/uploads\/2024\/04\/berg-klassik-c-gasteinertal-tourismus-gmbh-fotoatelier-wolkersdorfer-22-1200x675.jpg 1200w\" sizes=\"(max-width: 1170px) 100vw, 1170px\" aria-describedby=\"figcaption-23430-22993\" itemprop=\"thumbnail\"><\/a><\/div>\n\t\t\t\t\t\t<span id=\"figcaption-23430-22993\" class=\"gallery-caption\" itemprop=\"caption\"><span aria-hidden=\"true\">Muzyka klasyczna w g\u00f3rach na Schlossalm w Bad Hofgastein \u00a9 Gasteinertal Tourismus, Atelier Gerhard Wolkersdorfer <\/span><\/span>\n\t\t\t\t\t<\/li>\n\t\t\t\t\t<li class=\"gallery-item col-3\" itemprop=\"associatedMedia\" itemscope itemtype=\"http:\/\/schema.org\/ImageObject\">\n\t\t\t\t\t\t<div class=\"gallery-icon landscape\"><a href=\"https:\/\/www.salzburgerland.com\/pl\/wp-content\/uploads\/2020\/02\/kurpark-bad-hofgastein-sommer-harfe-c-gasteinertal-tourismus-gmbh-11-web-1840x1067.jpg\" title=\"Kurpark Bad Hofgastein Sommer Harfe (c) Gasteinertal Tourismus GmbH (11) web\"><img decoding=\"async\" data-title=\"Park zdrojowy w kurorcie Bad Hofgastein, a w nim rze\u017aba harfistki \u00a9 Gasteinertal Tourismus GmbH Manuel Marktl\" title=\"Park zdrojowy w kurorcie Bad Hofgastein, a w nim rze\u017aba harfistki \u00a9 Gasteinertal Tourismus GmbH Manuel Marktl\" data-caption=\"Park zdrojowy w kurorcie Bad Hofgastein, a w nim rze\u017aba harfistki \u00a9 Gasteinertal Tourismus GmbH Manuel Marktl\" width=\"1170\" height=\"658\" src=\"https:\/\/www.salzburgerland.com\/pl\/wp-content\/uploads\/2020\/02\/kurpark-bad-hofgastein-sommer-harfe-c-gasteinertal-tourismus-gmbh-11-web-1170x658.jpg\" class=\"attachment-1170_658 size-1170_658\" alt=\"W pi\u0119knym parku zdrojowym kurortu Bad Hofgastein stoi pos\u0105g harfistki. (Powi\u0119kszony widok)\" srcset=\"https:\/\/www.salzburgerland.com\/pl\/wp-content\/uploads\/2020\/02\/kurpark-bad-hofgastein-sommer-harfe-c-gasteinertal-tourismus-gmbh-11-web-1170x658.jpg 1170w, https:\/\/www.salzburgerland.com\/pl\/wp-content\/uploads\/2020\/02\/kurpark-bad-hofgastein-sommer-harfe-c-gasteinertal-tourismus-gmbh-11-web-1200x675.jpg 1200w\" sizes=\"(max-width: 1170px) 100vw, 1170px\" aria-describedby=\"figcaption-23430-16283\" itemprop=\"thumbnail\"><\/a><\/div>\n\t\t\t\t\t\t<span id=\"figcaption-23430-16283\" class=\"gallery-caption\" itemprop=\"caption\"><span aria-hidden=\"true\">Park zdrojowy w kurorcie Bad Hofgastein, a w nim rze\u017aba harfistki \u00a9 Gasteinertal Tourismus GmbH Manuel Marktl<\/span><\/span>\n\t\t\t\t\t<\/li>\n\t\t\t\t\t<li class=\"gallery-item col-3\" itemprop=\"associatedMedia\" itemscope itemtype=\"http:\/\/schema.org\/ImageObject\">\n\t\t\t\t\t\t<div class=\"gallery-icon landscape\"><a href=\"https:\/\/www.salzburgerland.com\/pl\/wp-content\/uploads\/2021\/10\/gastein-panorama-vom-bad-gastein-gehort-zu-den-markantesten-in-den-alpen--daniel-ausweger-1920x1067.jpg\" title=\"Panorama vom Bad Gastein geh\u00f6rt zu den markantesten in den Alpen\"><img decoding=\"async\" data-title=\"Panorama Bad Gastein nale\u017cy do najbardziej charakterystycznych w Alpach \u00a9 Daniel Ausweger\" title=\"Panorama Bad Gastein nale\u017cy do najbardziej charakterystycznych w Alpach \u00a9 Daniel Ausweger\" data-caption=\"Panorama Bad Gastein nale\u017cy do najbardziej charakterystycznych w Alpach \u00a9 Daniel Ausweger\" width=\"1170\" height=\"658\" src=\"https:\/\/www.salzburgerland.com\/pl\/wp-content\/uploads\/2021\/10\/gastein-panorama-vom-bad-gastein-gehort-zu-den-markantesten-in-den-alpen--daniel-ausweger-1170x658.jpg\" class=\"attachment-1170_658 size-1170_658\" alt=\"Panorama vom Bad Gastein geh\u00f6rt zu den markantesten in den Alpen (Powi\u0119kszony widok)\" srcset=\"https:\/\/www.salzburgerland.com\/pl\/wp-content\/uploads\/2021\/10\/gastein-panorama-vom-bad-gastein-gehort-zu-den-markantesten-in-den-alpen--daniel-ausweger-1170x658.jpg 1170w, https:\/\/www.salzburgerland.com\/pl\/wp-content\/uploads\/2021\/10\/gastein-panorama-vom-bad-gastein-gehort-zu-den-markantesten-in-den-alpen--daniel-ausweger-1200x675.jpg 1200w\" sizes=\"(max-width: 1170px) 100vw, 1170px\" aria-describedby=\"figcaption-23430-11837\" itemprop=\"thumbnail\"><\/a><\/div>\n\t\t\t\t\t\t<span id=\"figcaption-23430-11837\" class=\"gallery-caption\" itemprop=\"caption\"><span aria-hidden=\"true\">Panorama Bad Gastein nale\u017cy do najbardziej charakterystycznych w Alpach \u00a9 Daniel Ausweger<\/span><\/span>\n\t\t\t\t\t<\/li>\n\t\t\t\t<\/ul>\n\t\t\t<\/div><!-- .gallery -->\n\n","protected":false},"excerpt":{"rendered":"<p>Tury\u015bci sp\u0119dzaj\u0105cy urlop w Gastein otrzymuj\u0105 kart\u0119 Gastein Card bezp\u0142atnie w miejscu swojego zakwaterowania. Aby skorzysta\u0107 ze zni\u017cek, nale\u017cy mie\u0107 j\u0105 zawsze przy sobie i okazywa\u0107 w odwiedzanych miejscach. Szczeg\u00f3\u0142ow\u0105 list\u0119 korzy\u015bci, zni\u017cek do -50% i bezp\u0142atnych us\u0142ug, znajdziesz w broszurze, kt\u00f3r\u0105 otrzymasz od swojego kwaterodawcy lub mo\u017cesz odebra\u0107 nieodp\u0142atnie w biurze informacji turystycznej. Karta [&hellip;]<\/p>\n","protected":false},"author":4,"featured_media":10970,"comment_status":"closed","ping_status":"closed","sticky":false,"template":"","format":"standard","meta":{"_acf_changed":false,"wl_entities_gutenberg":"","_relevanssi_hide_post":"","_relevanssi_hide_content":"","_relevanssi_pin_for_all":"","_relevanssi_pin_keywords":"","_relevanssi_unpin_keywords":"","_relevanssi_related_keywords":"","_relevanssi_related_include_ids":"","_relevanssi_related_exclude_ids":"","_relevanssi_related_no_append":"","_relevanssi_related_not_related":"","_relevanssi_related_posts":"","_relevanssi_noindex_reason":"","footnotes":""},"categories":[1],"tags":[],"wl_entity_type":[300],"class_list":["post-23430","post","type-post","status-publish","format-standard","has-post-thumbnail","hentry","category-uncategorized","wl_entity_type-article"],"acf":[],"yoast_head":"<!-- This site is optimized with the Yoast SEO Premium plugin v27.4 (Yoast SEO v27.4) - https:\/\/yoast.com\/product\/yoast-seo-premium-wordpress\/ -->\n<title>Urlop z Gastein Card \u00bb SalzburgerLand.com<\/title>\n<meta name=\"description\" content=\"Z Gastein Card, kt\u00f3r\u0105 dostaniesz u swojego kwatrodawcy, korzystasz z wielu atrakcji turystycznych bezp\u0142atnie lub po zni\u017ckowych cenach.\" \/>\n<meta name=\"robots\" content=\"index, follow, max-snippet:-1, max-image-preview:large, max-video-preview:-1\" \/>\n<link rel=\"canonical\" href=\"https:\/\/www.salzburgerland.com\/pl\/gastein-card\/\" \/>\n<meta property=\"og:locale\" content=\"pl_PL\" \/>\n<meta property=\"og:type\" content=\"article\" \/>\n<meta property=\"og:title\" content=\"Urlop z Gastein Card\" \/>\n<meta property=\"og:description\" content=\"Tury\u015bci sp\u0119dzaj\u0105cy urlop w Gastein otrzymuj\u0105 kart\u0119 Gastein Card bezp\u0142atnie w miejscu swojego zakwaterowania. Aby skorzysta\u0107 ze zni\u017cek, nale\u017cy mie\u0107 j\u0105\" \/>\n<meta property=\"og:url\" content=\"https:\/\/www.salzburgerland.com\/pl\/gastein-card\/\" \/>\n<meta property=\"og:site_name\" content=\"SalzburgerLand.com\" \/>\n<meta property=\"article:publisher\" content=\"https:\/\/www.facebook.com\/visitsalzburgerland\/\" \/>\n<meta property=\"article:published_time\" content=\"2024-05-11T19:22:57+00:00\" \/>\n<meta property=\"article:modified_time\" content=\"2024-05-19T14:26:15+00:00\" \/>\n<meta property=\"og:image\" content=\"https:\/\/www.salzburgerland.com\/pl\/wp-content\/uploads\/2018\/11\/stubnerkogel-c-gasteiner-bergbahnen-marktl-photography-11658-min-1200x675.jpg\" \/>\n\t<meta property=\"og:image:width\" content=\"1200\" \/>\n\t<meta property=\"og:image:height\" content=\"675\" \/>\n\t<meta property=\"og:image:type\" content=\"image\/jpeg\" \/>\n<meta name=\"author\" content=\"Izabela Gartner\" \/>\n<meta name=\"twitter:card\" content=\"summary_large_image\" \/>\n<meta name=\"twitter:creator\" content=\"@salzburgerland\" \/>\n<meta name=\"twitter:site\" content=\"@salzburgerland\" \/>\n<meta name=\"twitter:label1\" content=\"Napisane przez\" \/>\n\t<meta name=\"twitter:data1\" content=\"Izabela Gartner\" \/>\n\t<meta name=\"twitter:label2\" content=\"Szacowany czas czytania\" \/>\n\t<meta name=\"twitter:data2\" content=\"3 minuty\" \/>\n<script type=\"application\/ld+json\" class=\"yoast-schema-graph\">{\"@context\":\"https:\\\/\\\/schema.org\",\"@graph\":[{\"@type\":\"Article\",\"@id\":\"https:\\\/\\\/www.salzburgerland.com\\\/pl\\\/gastein-card\\\/#article\",\"isPartOf\":{\"@id\":\"https:\\\/\\\/www.salzburgerland.com\\\/pl\\\/gastein-card\\\/\"},\"author\":{\"name\":\"Izabela Gartner\",\"@id\":\"https:\\\/\\\/www.salzburgerland.com\\\/pl\\\/#\\\/schema\\\/person\\\/c10420e9897d4ca984317db556f04804\"},\"headline\":\"Urlop z Gastein Card\",\"datePublished\":\"2024-05-11T19:22:57+00:00\",\"dateModified\":\"2024-05-19T14:26:15+00:00\",\"mainEntityOfPage\":{\"@id\":\"https:\\\/\\\/www.salzburgerland.com\\\/pl\\\/gastein-card\\\/\"},\"wordCount\":345,\"image\":{\"@id\":\"https:\\\/\\\/www.salzburgerland.com\\\/pl\\\/gastein-card\\\/#primaryimage\"},\"thumbnailUrl\":\"https:\\\/\\\/www.salzburgerland.com\\\/pl\\\/wp-content\\\/uploads\\\/2018\\\/11\\\/stubnerkogel-c-gasteiner-bergbahnen-marktl-photography-11658-min-scaled.jpg\",\"articleSection\":[\"Uncategorized\"],\"inLanguage\":\"pl-PL\"},{\"@type\":\"WebPage\",\"@id\":\"https:\\\/\\\/www.salzburgerland.com\\\/pl\\\/gastein-card\\\/\",\"url\":\"https:\\\/\\\/www.salzburgerland.com\\\/pl\\\/gastein-card\\\/\",\"name\":\"Urlop z Gastein Card \u00bb SalzburgerLand.com\",\"isPartOf\":{\"@id\":\"https:\\\/\\\/www.salzburgerland.com\\\/pl\\\/#website\"},\"primaryImageOfPage\":{\"@id\":\"https:\\\/\\\/www.salzburgerland.com\\\/pl\\\/gastein-card\\\/#primaryimage\"},\"image\":{\"@id\":\"https:\\\/\\\/www.salzburgerland.com\\\/pl\\\/gastein-card\\\/#primaryimage\"},\"thumbnailUrl\":\"https:\\\/\\\/www.salzburgerland.com\\\/pl\\\/wp-content\\\/uploads\\\/2018\\\/11\\\/stubnerkogel-c-gasteiner-bergbahnen-marktl-photography-11658-min-scaled.jpg\",\"datePublished\":\"2024-05-11T19:22:57+00:00\",\"dateModified\":\"2024-05-19T14:26:15+00:00\",\"author\":{\"@id\":\"https:\\\/\\\/www.salzburgerland.com\\\/pl\\\/#\\\/schema\\\/person\\\/c10420e9897d4ca984317db556f04804\"},\"description\":\"Z Gastein Card, kt\u00f3r\u0105 dostaniesz u swojego kwatrodawcy, korzystasz z wielu atrakcji turystycznych bezp\u0142atnie lub po zni\u017ckowych cenach.\",\"breadcrumb\":{\"@id\":\"https:\\\/\\\/www.salzburgerland.com\\\/pl\\\/gastein-card\\\/#breadcrumb\"},\"inLanguage\":\"pl-PL\",\"potentialAction\":[{\"@type\":\"ReadAction\",\"target\":[\"https:\\\/\\\/www.salzburgerland.com\\\/pl\\\/gastein-card\\\/\"]}]},{\"@type\":\"ImageObject\",\"inLanguage\":\"pl-PL\",\"@id\":\"https:\\\/\\\/www.salzburgerland.com\\\/pl\\\/gastein-card\\\/#primaryimage\",\"url\":\"https:\\\/\\\/www.salzburgerland.com\\\/pl\\\/wp-content\\\/uploads\\\/2018\\\/11\\\/stubnerkogel-c-gasteiner-bergbahnen-marktl-photography-11658-min-scaled.jpg\",\"contentUrl\":\"https:\\\/\\\/www.salzburgerland.com\\\/pl\\\/wp-content\\\/uploads\\\/2018\\\/11\\\/stubnerkogel-c-gasteiner-bergbahnen-marktl-photography-11658-min-scaled.jpg\",\"width\":1920,\"height\":1280,\"caption\":\"Stubnerkogel \u00a9 Gasteiner Bergbahnen, Marktl Photography\"},{\"@type\":\"BreadcrumbList\",\"@id\":\"https:\\\/\\\/www.salzburgerland.com\\\/pl\\\/gastein-card\\\/#breadcrumb\",\"itemListElement\":[{\"@type\":\"ListItem\",\"position\":1,\"name\":\"Lato w Gastein\",\"item\":\"https:\\\/\\\/www.salzburgerland.com\\\/pl\\\/gastein-lato\\\/\"},{\"@type\":\"ListItem\",\"position\":2,\"name\":\"Urlop z Gastein Card\"}]},{\"@type\":\"WebSite\",\"@id\":\"https:\\\/\\\/www.salzburgerland.com\\\/pl\\\/#website\",\"url\":\"https:\\\/\\\/www.salzburgerland.com\\\/pl\\\/\",\"name\":\"SalzburgerLand.com\",\"description\":\"Urlop Salzburg : hotele : turystyka Ziemia Salzburska : kultura : rodzinny urlop Ziemia Salzburska : informacja turystyczna : noclegi Austria : aktywny wypoczynek\",\"potentialAction\":[{\"@type\":\"SearchAction\",\"target\":{\"@type\":\"EntryPoint\",\"urlTemplate\":\"https:\\\/\\\/www.salzburgerland.com\\\/pl\\\/?s={search_term_string}\"},\"query-input\":{\"@type\":\"PropertyValueSpecification\",\"valueRequired\":true,\"valueName\":\"search_term_string\"}}],\"inLanguage\":\"pl-PL\"},{\"@type\":\"Person\",\"@id\":\"https:\\\/\\\/www.salzburgerland.com\\\/pl\\\/#\\\/schema\\\/person\\\/c10420e9897d4ca984317db556f04804\",\"name\":\"Izabela Gartner\",\"image\":{\"@type\":\"ImageObject\",\"inLanguage\":\"pl-PL\",\"@id\":\"https:\\\/\\\/secure.gravatar.com\\\/avatar\\\/062a6263a145aaa718f0b029a735b6557e456ff63f9e65056a4352d3c0a06e4d?s=96&d=mm&r=g\",\"url\":\"https:\\\/\\\/secure.gravatar.com\\\/avatar\\\/062a6263a145aaa718f0b029a735b6557e456ff63f9e65056a4352d3c0a06e4d?s=96&d=mm&r=g\",\"contentUrl\":\"https:\\\/\\\/secure.gravatar.com\\\/avatar\\\/062a6263a145aaa718f0b029a735b6557e456ff63f9e65056a4352d3c0a06e4d?s=96&d=mm&r=g\",\"caption\":\"Izabela Gartner\"}}]}<\/script>\n<!-- \/ Yoast SEO Premium plugin. -->","yoast_head_json":{"title":"Urlop z Gastein Card \u00bb SalzburgerLand.com","description":"Z Gastein Card, kt\u00f3r\u0105 dostaniesz u swojego kwatrodawcy, korzystasz z wielu atrakcji turystycznych bezp\u0142atnie lub po zni\u017ckowych cenach.","robots":{"index":"index","follow":"follow","max-snippet":"max-snippet:-1","max-image-preview":"max-image-preview:large","max-video-preview":"max-video-preview:-1"},"canonical":"https:\/\/www.salzburgerland.com\/pl\/gastein-card\/","og_locale":"pl_PL","og_type":"article","og_title":"Urlop z Gastein Card","og_description":"Tury\u015bci sp\u0119dzaj\u0105cy urlop w Gastein otrzymuj\u0105 kart\u0119 Gastein Card bezp\u0142atnie w miejscu swojego zakwaterowania. Aby skorzysta\u0107 ze zni\u017cek, nale\u017cy mie\u0107 j\u0105","og_url":"https:\/\/www.salzburgerland.com\/pl\/gastein-card\/","og_site_name":"SalzburgerLand.com","article_publisher":"https:\/\/www.facebook.com\/visitsalzburgerland\/","article_published_time":"2024-05-11T19:22:57+00:00","article_modified_time":"2024-05-19T14:26:15+00:00","og_image":[{"width":1200,"height":675,"url":"https:\/\/www.salzburgerland.com\/pl\/wp-content\/uploads\/2018\/11\/stubnerkogel-c-gasteiner-bergbahnen-marktl-photography-11658-min-1200x675.jpg","type":"image\/jpeg"}],"author":"Izabela Gartner","twitter_card":"summary_large_image","twitter_creator":"@salzburgerland","twitter_site":"@salzburgerland","twitter_misc":{"Napisane przez":"Izabela Gartner","Szacowany czas czytania":"3 minuty"},"schema":{"@context":"https:\/\/schema.org","@graph":[{"@type":"Article","@id":"https:\/\/www.salzburgerland.com\/pl\/gastein-card\/#article","isPartOf":{"@id":"https:\/\/www.salzburgerland.com\/pl\/gastein-card\/"},"author":{"name":"Izabela Gartner","@id":"https:\/\/www.salzburgerland.com\/pl\/#\/schema\/person\/c10420e9897d4ca984317db556f04804"},"headline":"Urlop z Gastein Card","datePublished":"2024-05-11T19:22:57+00:00","dateModified":"2024-05-19T14:26:15+00:00","mainEntityOfPage":{"@id":"https:\/\/www.salzburgerland.com\/pl\/gastein-card\/"},"wordCount":345,"image":{"@id":"https:\/\/www.salzburgerland.com\/pl\/gastein-card\/#primaryimage"},"thumbnailUrl":"https:\/\/www.salzburgerland.com\/pl\/wp-content\/uploads\/2018\/11\/stubnerkogel-c-gasteiner-bergbahnen-marktl-photography-11658-min-scaled.jpg","articleSection":["Uncategorized"],"inLanguage":"pl-PL"},{"@type":"WebPage","@id":"https:\/\/www.salzburgerland.com\/pl\/gastein-card\/","url":"https:\/\/www.salzburgerland.com\/pl\/gastein-card\/","name":"Urlop z Gastein Card \u00bb SalzburgerLand.com","isPartOf":{"@id":"https:\/\/www.salzburgerland.com\/pl\/#website"},"primaryImageOfPage":{"@id":"https:\/\/www.salzburgerland.com\/pl\/gastein-card\/#primaryimage"},"image":{"@id":"https:\/\/www.salzburgerland.com\/pl\/gastein-card\/#primaryimage"},"thumbnailUrl":"https:\/\/www.salzburgerland.com\/pl\/wp-content\/uploads\/2018\/11\/stubnerkogel-c-gasteiner-bergbahnen-marktl-photography-11658-min-scaled.jpg","datePublished":"2024-05-11T19:22:57+00:00","dateModified":"2024-05-19T14:26:15+00:00","author":{"@id":"https:\/\/www.salzburgerland.com\/pl\/#\/schema\/person\/c10420e9897d4ca984317db556f04804"},"description":"Z Gastein Card, kt\u00f3r\u0105 dostaniesz u swojego kwatrodawcy, korzystasz z wielu atrakcji turystycznych bezp\u0142atnie lub po zni\u017ckowych cenach.","breadcrumb":{"@id":"https:\/\/www.salzburgerland.com\/pl\/gastein-card\/#breadcrumb"},"inLanguage":"pl-PL","potentialAction":[{"@type":"ReadAction","target":["https:\/\/www.salzburgerland.com\/pl\/gastein-card\/"]}]},{"@type":"ImageObject","inLanguage":"pl-PL","@id":"https:\/\/www.salzburgerland.com\/pl\/gastein-card\/#primaryimage","url":"https:\/\/www.salzburgerland.com\/pl\/wp-content\/uploads\/2018\/11\/stubnerkogel-c-gasteiner-bergbahnen-marktl-photography-11658-min-scaled.jpg","contentUrl":"https:\/\/www.salzburgerland.com\/pl\/wp-content\/uploads\/2018\/11\/stubnerkogel-c-gasteiner-bergbahnen-marktl-photography-11658-min-scaled.jpg","width":1920,"height":1280,"caption":"Stubnerkogel \u00a9 Gasteiner Bergbahnen, Marktl Photography"},{"@type":"BreadcrumbList","@id":"https:\/\/www.salzburgerland.com\/pl\/gastein-card\/#breadcrumb","itemListElement":[{"@type":"ListItem","position":1,"name":"Lato w Gastein","item":"https:\/\/www.salzburgerland.com\/pl\/gastein-lato\/"},{"@type":"ListItem","position":2,"name":"Urlop z Gastein Card"}]},{"@type":"WebSite","@id":"https:\/\/www.salzburgerland.com\/pl\/#website","url":"https:\/\/www.salzburgerland.com\/pl\/","name":"SalzburgerLand.com","description":"Urlop Salzburg : hotele : turystyka Ziemia Salzburska : kultura : rodzinny urlop Ziemia Salzburska : informacja turystyczna : noclegi Austria : aktywny wypoczynek","potentialAction":[{"@type":"SearchAction","target":{"@type":"EntryPoint","urlTemplate":"https:\/\/www.salzburgerland.com\/pl\/?s={search_term_string}"},"query-input":{"@type":"PropertyValueSpecification","valueRequired":true,"valueName":"search_term_string"}}],"inLanguage":"pl-PL"},{"@type":"Person","@id":"https:\/\/www.salzburgerland.com\/pl\/#\/schema\/person\/c10420e9897d4ca984317db556f04804","name":"Izabela Gartner","image":{"@type":"ImageObject","inLanguage":"pl-PL","@id":"https:\/\/secure.gravatar.com\/avatar\/062a6263a145aaa718f0b029a735b6557e456ff63f9e65056a4352d3c0a06e4d?s=96&d=mm&r=g","url":"https:\/\/secure.gravatar.com\/avatar\/062a6263a145aaa718f0b029a735b6557e456ff63f9e65056a4352d3c0a06e4d?s=96&d=mm&r=g","contentUrl":"https:\/\/secure.gravatar.com\/avatar\/062a6263a145aaa718f0b029a735b6557e456ff63f9e65056a4352d3c0a06e4d?s=96&d=mm&r=g","caption":"Izabela Gartner"}}]}},"_wl_alt_label":[],"wl:entity_url":"http:\/\/open.salzburgerland.com\/pl\/post\/gastein-card-dla-gozci-23430","_links":{"self":[{"href":"https:\/\/www.salzburgerland.com\/pl\/wp-json\/wp\/v2\/posts\/23430","targetHints":{"allow":["GET"]}}],"collection":[{"href":"https:\/\/www.salzburgerland.com\/pl\/wp-json\/wp\/v2\/posts"}],"about":[{"href":"https:\/\/www.salzburgerland.com\/pl\/wp-json\/wp\/v2\/types\/post"}],"author":[{"embeddable":true,"href":"https:\/\/www.salzburgerland.com\/pl\/wp-json\/wp\/v2\/users\/4"}],"replies":[{"embeddable":true,"href":"https:\/\/www.salzburgerland.com\/pl\/wp-json\/wp\/v2\/comments?post=23430"}],"version-history":[{"count":5,"href":"https:\/\/www.salzburgerland.com\/pl\/wp-json\/wp\/v2\/posts\/23430\/revisions"}],"predecessor-version":[{"id":23587,"href":"https:\/\/www.salzburgerland.com\/pl\/wp-json\/wp\/v2\/posts\/23430\/revisions\/23587"}],"wp:featuredmedia":[{"embeddable":true,"href":"https:\/\/www.salzburgerland.com\/pl\/wp-json\/wp\/v2\/media\/10970"}],"wp:attachment":[{"href":"https:\/\/www.salzburgerland.com\/pl\/wp-json\/wp\/v2\/media?parent=23430"}],"wp:term":[{"taxonomy":"category","embeddable":true,"href":"https:\/\/www.salzburgerland.com\/pl\/wp-json\/wp\/v2\/categories?post=23430"},{"taxonomy":"post_tag","embeddable":true,"href":"https:\/\/www.salzburgerland.com\/pl\/wp-json\/wp\/v2\/tags?post=23430"},{"taxonomy":"wl_entity_type","embeddable":true,"href":"https:\/\/www.salzburgerland.com\/pl\/wp-json\/wp\/v2\/wl_entity_type?post=23430"}],"curies":[{"name":"wp","href":"https:\/\/api.w.org\/{rel}","templated":true}]}}