{"id":23407,"date":"2024-05-11T18:19:09","date_gmt":"2024-05-11T16:19:09","guid":{"rendered":"https:\/\/www.salzburgerland.com\/pl\/?p=23407"},"modified":"2024-05-19T16:07:17","modified_gmt":"2024-05-19T14:07:17","slug":"gastein-wakacje-z-rodzina","status":"publish","type":"post","link":"https:\/\/www.salzburgerland.com\/pl\/gastein-wakacje-z-rodzina\/","title":{"rendered":"Rodzinne wakacje w Gastein"},"content":{"rendered":"<h3>W\u0119dr\u00f3wki z dzie\u0107mi<\/h3>\n<p>Sp\u0119dzasz w Gastein rodzinne wakacje lub kr\u00f3tki urlop z dzie\u0107mi? Dostosujemy warunki do Twoich wymaga\u0144 i potrzeb wszystkich cz\u0142onk\u00f3w rodziny! Dla dzieci podczas w\u0119dr\u00f3wek najwa\u017cniejsza jest przygoda, do\u015bwiadczanie nowego i odkrywanie tajemnic. Pami\u0119taj, \u017ce w\u0119dr\u00f3wki nie powinny by\u0107 zbyt d\u0142ugie ani zbyt forsowne. By\u0107 mo\u017ce swojego najmniejszego brzd\u0105ca musisz zabra\u0107 w w\u00f3zeczku lub spacer\u00f3wce. W Gastein znajdziesz wiele szlak\u00f3w turystycznych, kt\u00f3re s\u0105 przyjazne dla dzieci. Wiele \u015bcie\u017cek pieszych w regionie jest te\u017c \u0142atwo przejezdnych dla w\u00f3zk\u00f3w dzieci\u0119cych. Najbardziej do takich spacewr\u00f3w nadaj\u0105 si\u0119 niezbyt strome promenady i drogi le\u015bne. Znajdziesz je wsz\u0119dzie w Gastein, na przyk\u0142ad w Sportgastein, w dolinie K\u00f6tschachtal, na okr\u0119\u017cnym szlaku w\u0119drownym Gasteiner Achenpromenade lub na szlaku biegn\u0105cym powy\u017cej miasteczka, Gasteiner H\u00f6henweg.<\/p>\n<div id=\"attachment_23412\" style=\"width: 1180px\" class=\"wp-caption alignnone\"><img decoding=\"async\" aria-describedby=\"caption-attachment-23412\" class=\"size-1170_658 wp-image-23412\" src=\"https:\/\/www.salzburgerland.com\/pl\/wp-content\/uploads\/2024\/05\/zirbenweg-01-c-salzburgerland-tourismus-cebulec-min-1200x675-1-1170x658.jpg\" alt=\"\" width=\"1170\" height=\"658\" srcset=\"https:\/\/www.salzburgerland.com\/pl\/wp-content\/uploads\/2024\/05\/zirbenweg-01-c-salzburgerland-tourismus-cebulec-min-1200x675-1-1170x658.jpg 1170w, https:\/\/www.salzburgerland.com\/pl\/wp-content\/uploads\/2024\/05\/zirbenweg-01-c-salzburgerland-tourismus-cebulec-min-1200x675-1-768x432.jpg 768w, https:\/\/www.salzburgerland.com\/pl\/wp-content\/uploads\/2024\/05\/zirbenweg-01-c-salzburgerland-tourismus-cebulec-min-1200x675-1.jpg 1200w\" sizes=\"(max-width: 1170px) 100vw, 1170px\"><p id=\"caption-attachment-23412\" class=\"wp-caption-text\">Na Szlaku Limbowym w dolinie Gasteinertal \u00a9 SalzburgerLand Tourismus, Cebulec<\/p><\/div>\n<h3>W\u0119dr\u00f3wki z maskotk\u0105 Gasti<\/h3>\n<p><a href=\"https:\/\/www.gastein.com\/en\/experiences\/fun-family\/hiking-with-gasti\/\" target=\"_blank\" rel=\"noopener\">Region Gastein<\/a> ma swoj\u0105 sympatyczn\u0105 maskotk\u0119. Jest ni\u0105 Gasti, kropelka wody. Po niej rozpoznasz oferty i propozycje przyjazne rodzinom z dzie\u0107mi. Kszta\u0142t kropli nawi\u0105zuje do obfito\u015bci wody w regionie, a fryzura \u2013 do spiczastych szczyt\u00f3w okolicznych g\u00f3r. GASTI jest idealnym towarzyszem na rodzinne wakacje w Gastein. Rodzice i ich pociechy mog\u0105 wybiera\u0107 spo\u015br\u00f3d kilku tras tematycznych, podczas kt\u00f3rych Gasti zwraca uwag\u0119 na wiele niesamowitych miejsc i obiekt\u00f3w po drodze, a przy okazji wprowadza ma\u0142ych i du\u017cych w\u0119drowc\u00f3w w tajniki przyrody i historii doliny Gasteinertal.<\/p>\n<p>Dzieci mog\u0105 stworzy\u0107 w\u0142asny plan w\u0119dr\u00f3wek za pomoc\u0105 puzzli i ksi\u0105\u017ceczki do zbierania piecz\u0105tek. Po pomy\u015blnym zdobyciu wszystkich szlak\u00f3w (Szlak Legend, Szlak Nied\u017awiedzi, Szlak Grzyb\u00f3w, Szlak My\u015bliwych, Szlak Odkrywania Natury) na ma\u0142ych poszukiwaczy przyg\u00f3d czeka w biurze turystycznym mi\u0142a niespodzianka.<\/p>\n<div id=\"attachment_10961\" style=\"width: 1180px\" class=\"wp-caption alignnone\"><img decoding=\"async\" aria-describedby=\"caption-attachment-10961\" class=\"size-1170_658 wp-image-10961\" src=\"https:\/\/www.salzburgerland.com\/pl\/wp-content\/uploads\/2021\/08\/teaser_sommer-c-gasteinertal-tourismus-gmbh-michael-koenigshofer-2-1170x658.jpg\" alt=\"\" width=\"1170\" height=\"658\" srcset=\"https:\/\/www.salzburgerland.com\/pl\/wp-content\/uploads\/2021\/08\/teaser_sommer-c-gasteinertal-tourismus-gmbh-michael-koenigshofer-2-1170x658.jpg 1170w, https:\/\/www.salzburgerland.com\/pl\/wp-content\/uploads\/2021\/08\/teaser_sommer-c-gasteinertal-tourismus-gmbh-michael-koenigshofer-2-1200x675.jpg 1200w\" sizes=\"(max-width: 1170px) 100vw, 1170px\"><p id=\"caption-attachment-10961\" class=\"wp-caption-text\">Lato w Gasteinertal \u00a9 Gasteinertal Tourismus GmbH, Michael Koenigshofer<\/p><\/div>\n<h3>G\u00f3ry Przyg\u00f3d w Gastein<\/h3>\n<p>Fulseck w Dorfgastein, Schlossalm w Bad Hofgastein, Stubnerkogel i Graukogel w Bad Gstein to g\u00f3ry, kt\u00f3re maj\u0105 w ofercie tak\u017ce fajne i zr\u00f3\u017cnicowane programy dla najm\u0142odszych. Cztery G\u00f3ry Przyg\u00f3d s\u0105 dost\u0119pne latem kolejkami g\u00f3rskimi.<\/p>\n<h4>Fulseck \u2013 przygoda i szcz\u0119\u015bcie na szczycie<\/h4>\n<p>Wyj\u0105tkowe do\u015bwiadczenie kryje si\u0119 wzd\u0142u\u017c idyllicznego jeziora Spiegelsee: tutaj mo\u017cna poczu\u0107 r\u00f3\u017cne powierzchnie stopami na bosym szlaku i cieszy\u0107 si\u0119 natur\u0105 w najbardziej wra\u017cliwy spos\u00f3b. Opr\u00f3cz przygody na bosaka, najm\u0142odsi mog\u0105 r\u00f3wnie\u017c wspina\u0107 si\u0119, skaka\u0107 i odkrywa\u0107 na pe\u0142nym przyg\u00f3d le\u015bnym placu zabaw.<\/p>\n<div id=\"attachment_23419\" style=\"width: 1180px\" class=\"wp-caption alignnone\"><img decoding=\"async\" aria-describedby=\"caption-attachment-23419\" class=\"size-1170_658 wp-image-23419\" src=\"https:\/\/www.salzburgerland.com\/pl\/wp-content\/uploads\/2024\/05\/1920x1063_bergerlebniskarte_familien_wanderurlaub_gasteinertal_salzburgerland-1170x658.jpg\" alt=\"\" width=\"1170\" height=\"658\" srcset=\"https:\/\/www.salzburgerland.com\/pl\/wp-content\/uploads\/2024\/05\/1920x1063_bergerlebniskarte_familien_wanderurlaub_gasteinertal_salzburgerland-1170x658.jpg 1170w, https:\/\/www.salzburgerland.com\/pl\/wp-content\/uploads\/2024\/05\/1920x1063_bergerlebniskarte_familien_wanderurlaub_gasteinertal_salzburgerland-1200x675.jpg 1200w\" sizes=\"(max-width: 1170px) 100vw, 1170px\"><p id=\"caption-attachment-23419\" class=\"wp-caption-text\">Mapa z G\u00f3rami Przyg\u00f3d dla dzieci \u00a9 Gasteinertal Tourismus, Michael K\u00f6nigshofer<\/p><\/div>\n<h4>Schlossalm \u2013 g\u00f3ra z gwarancj\u0105 przygody<\/h4>\n<p>Mi\u0142o\u015bnicy sport\u00f3w g\u00f3rskich znajd\u0105 na Schlossalm siedem r\u00f3\u017cnych tras via ferrata o r\u00f3\u017cnej skali trudno\u015bci. Zanim <span style=\"background-color: rgba(46, 146, 255, 0.2);\">wybierzesz si\u0119 na skalne \u015bcie\u017cki<\/span>, mo\u017cesz poprawi\u0107 swoj\u0105 r\u00f3wnowag\u0119 i si\u0142\u0119 w parku slackline i parku umiej\u0119tno\u015bci motorycznych. Poszukiwacze przyg\u00f3d mog\u0105 rozerwa\u0107 si\u0119 na przygodowym placu zabaw z 15-metrow\u0105 zje\u017cd\u017calni\u0105, dmuchan\u0105 poduszk\u0105, hu\u015btawk\u0105 i wieloma innymi atrakcjami. A ci, kt\u00f3rzy chc\u0105 wyruszy\u0107 w odkrywcz\u0105 podr\u00f3\u017c, mog\u0105 w\u0119drowa\u0107 szlakiem skalnym i szuka\u0107 tajemniczych skalnych stworze\u0144.<\/p>\n<h4>Stubnerkogel \u2013 sp\u00f3jrz i zaufaj<\/h4>\n<p>Most wisz\u0105cy, skalista \u015bcie\u017cka i platformy widokowe \u201eGlocknerblick\u201d i \u201eTalblick\u201d \u2013 tu jedna przygoda goni drug\u0105 na okr\u0119\u017cnym szlaku na szczycie przy g\u00f3rnej stacji kolejki. Niezr\u00f3wnane widoki na g\u00f3ry <span style=\"background-color: rgba(46, 146, 255, 0.114);\">Wysokie Taury<\/span> sprawi\u0105, \u017ce poczujesz si\u0119 jak kr\u00f3l! W \u0142a\u0144cuchu szczyt\u00f3w mo\u017cna nawet rozpozna\u0107 najwy\u017csz\u0105 g\u00f3r\u0119 Austrii, Grossglockner.<\/p>\n<h4>Graukogel \u2013 <span style=\"background-color: rgba(46, 146, 255, 0.2);\">czarodziejska sosna limba<\/span><\/h4>\n<p>Na Graukogel przy g\u00f3rnej stacji kolejki biegnie okr\u0119\u017cny szlak przez wiekowy las limbowy. Niekt\u00f3re z drzew maj\u0105 nawet trzysta lat. Opr\u00f3cz romantycznych miejsc z fantastycznymi widokami, dzieci znajd\u0105 tu <span style=\"background-color: rgba(46, 146, 255, 0.2);\">limbowego duszka Erwina<\/span>, hu\u015btawki limbowe i limbowe \u0142\u00f3\u017cko z baldachimem.<\/p>\n\n\t\t\t<div id=\"23407-1\" class=\"gallery gallery-23407 gallery-columns-3 gallery-size-1170_658\" itemscope itemtype=\"http:\/\/schema.org\/ImageGallery\">\n\t\t\t\t<ul class=\"gallery-row gallery-col-3 gallery-clear\">\n\t\t\t\t\t<li class=\"gallery-item col-3\" itemprop=\"associatedMedia\" itemscope itemtype=\"http:\/\/schema.org\/ImageObject\">\n\t\t\t\t\t\t<div class=\"gallery-icon landscape\"><a href=\"https:\/\/www.salzburgerland.com\/pl\/wp-content\/uploads\/2024\/05\/fulseck-dorfgastein-c-gasteinertal-tourismus-gmbh-michael-koenigshofer-min-1200x675-1.jpg\" title=\"fulseck-dorfgastein-c-gasteinertal-tourismus-gmbh-michael-koenigshofer-min-1200x675\"><img decoding=\"async\" data-title=\"W\u0119dr\u00f3wka na Fulceck w Dorfgastein \u00a9 Gasteinertal Tourismus, Michael K\u00f6nigshofer\" title=\"W\u0119dr\u00f3wka na Fulceck w Dorfgastein \u00a9 Gasteinertal Tourismus, Michael K\u00f6nigshofer\" data-caption=\"W\u0119dr\u00f3wka na Fulceck w Dorfgastein \u00a9 Gasteinertal Tourismus, Michael K\u00f6nigshofer\" width=\"1170\" height=\"658\" src=\"https:\/\/www.salzburgerland.com\/pl\/wp-content\/uploads\/2024\/05\/fulseck-dorfgastein-c-gasteinertal-tourismus-gmbh-michael-koenigshofer-min-1200x675-1-1170x658.jpg\" class=\"attachment-1170_658 size-1170_658\" alt=\"Trzy osoby ciesz\u0105 si\u0119 rodzinnymi wakacjami Gastein nad spokojnym jeziorem, otoczonym zielonymi wzg\u00f3rzami i drzewami pod pochmurnym niebem. (Powi\u0119kszony widok)\" srcset=\"https:\/\/www.salzburgerland.com\/pl\/wp-content\/uploads\/2024\/05\/fulseck-dorfgastein-c-gasteinertal-tourismus-gmbh-michael-koenigshofer-min-1200x675-1-1170x658.jpg 1170w, https:\/\/www.salzburgerland.com\/pl\/wp-content\/uploads\/2024\/05\/fulseck-dorfgastein-c-gasteinertal-tourismus-gmbh-michael-koenigshofer-min-1200x675-1-768x432.jpg 768w, https:\/\/www.salzburgerland.com\/pl\/wp-content\/uploads\/2024\/05\/fulseck-dorfgastein-c-gasteinertal-tourismus-gmbh-michael-koenigshofer-min-1200x675-1.jpg 1200w\" sizes=\"(max-width: 1170px) 100vw, 1170px\" aria-describedby=\"figcaption-23407-23415\" itemprop=\"thumbnail\"><\/a><\/div>\n\t\t\t\t\t\t<span id=\"figcaption-23407-23415\" class=\"gallery-caption\" itemprop=\"caption\"><span aria-hidden=\"true\">W\u0119dr\u00f3wka na Fulceck w Dorfgastein \u00a9 Gasteinertal Tourismus, Michael K\u00f6nigshofer<\/span><\/span>\n\t\t\t\t\t<\/li>\n\t\t\t\t\t<li class=\"gallery-item col-3\" itemprop=\"associatedMedia\" itemscope itemtype=\"http:\/\/schema.org\/ImageObject\">\n\t\t\t\t\t\t<div class=\"gallery-icon landscape\"><a href=\"https:\/\/www.salzburgerland.com\/pl\/wp-content\/uploads\/2023\/01\/zirbwneg-3-1170x658-1.jpg\" title=\"zirbwneg-3-1170x658\"><img decoding=\"async\" data-title=\"Relaks na szlaku limbowym \u00a9 SalzburgerLand Tourismus, Michael Gr\u00f6ssinger\" title=\"Relaks na szlaku limbowym \u00a9 SalzburgerLand Tourismus, Michael Gr\u00f6ssinger\" data-caption=\"Relaks na szlaku limbowym \u00a9 SalzburgerLand Tourismus, Michael Gr\u00f6ssinger\" width=\"1170\" height=\"658\" src=\"https:\/\/www.salzburgerland.com\/pl\/wp-content\/uploads\/2023\/01\/zirbwneg-3-1170x658-1.jpg\" class=\"attachment-1170_658 size-1170_658\" alt=\"Osoba relaksuj\u0105ca si\u0119 na drewnianej \u0142awce wzd\u0142u\u017c szlaku limbowego Graukogel Gastein, o\u015bwietlony s\u0142o\u0144cem las, plecak w pobli\u017cu. (Powi\u0119kszony widok)\" srcset=\"https:\/\/www.salzburgerland.com\/pl\/wp-content\/uploads\/2023\/01\/zirbwneg-3-1170x658-1.jpg 1170w, https:\/\/www.salzburgerland.com\/pl\/wp-content\/uploads\/2023\/01\/zirbwneg-3-1170x658-1-768x432.jpg 768w\" sizes=\"(max-width: 1170px) 100vw, 1170px\" aria-describedby=\"figcaption-23407-17423\" itemprop=\"thumbnail\"><\/a><\/div>\n\t\t\t\t\t\t<span id=\"figcaption-23407-17423\" class=\"gallery-caption\" itemprop=\"caption\"><span aria-hidden=\"true\">Relaks na szlaku limbowym \u00a9 SalzburgerLand Tourismus, Michael Gr\u00f6ssinger<\/span><\/span>\n\t\t\t\t\t<\/li>\n\t\t\t\t\t<li class=\"gallery-item col-3\" itemprop=\"associatedMedia\" itemscope itemtype=\"http:\/\/schema.org\/ImageObject\">\n\t\t\t\t\t\t<div class=\"gallery-icon landscape\"><a href=\"https:\/\/www.salzburgerland.com\/pl\/wp-content\/uploads\/2018\/11\/stubnerkogel-c-gasteiner-bergbahnen-marktl-photography-11658-min-1920x1067.jpg\" title=\"Stubnerkogel (C) Gasteiner Bergbahnen; Marktl Photography-11658-min\"><img decoding=\"async\" data-title=\"Stubnerkogel \u00a9 Gasteiner Bergbahnen, Marktl Photography\" title=\"Stubnerkogel \u00a9 Gasteiner Bergbahnen, Marktl Photography\" data-caption=\"Stubnerkogel \u00a9 Gasteiner Bergbahnen, Marktl Photography\" width=\"1170\" height=\"658\" src=\"https:\/\/www.salzburgerland.com\/pl\/wp-content\/uploads\/2018\/11\/stubnerkogel-c-gasteiner-bergbahnen-marktl-photography-11658-min-1170x658.jpg\" class=\"attachment-1170_658 size-1170_658\" alt=\"Most wisz\u0105cy w Gastein rozci\u0105ga si\u0119 nad zielon\u0105 g\u00f3rsk\u0105 dolin\u0105 z odleg\u0142ymi o\u015bnie\u017conymi szczytami pod b\u0142\u0119kitnym niebem. (Powi\u0119kszony widok)\" srcset=\"https:\/\/www.salzburgerland.com\/pl\/wp-content\/uploads\/2018\/11\/stubnerkogel-c-gasteiner-bergbahnen-marktl-photography-11658-min-1170x658.jpg 1170w, https:\/\/www.salzburgerland.com\/pl\/wp-content\/uploads\/2018\/11\/stubnerkogel-c-gasteiner-bergbahnen-marktl-photography-11658-min-1200x675.jpg 1200w\" sizes=\"(max-width: 1170px) 100vw, 1170px\" aria-describedby=\"figcaption-23407-10970\" itemprop=\"thumbnail\"><\/a><\/div>\n\t\t\t\t\t\t<span id=\"figcaption-23407-10970\" class=\"gallery-caption\" itemprop=\"caption\"><span aria-hidden=\"true\">Stubnerkogel \u00a9 Gasteiner Bergbahnen, Marktl Photography<\/span><\/span>\n\t\t\t\t\t<\/li>\n\t\t\t\t<\/ul>\n\t\t\t<\/div><!-- .gallery -->\n\n<h3>Liczy si\u0119 motywacja<\/h3>\n<ul>\n<li><strong>Wybierz ciekaw\u0105 tras\u0119 piesz\u0105<\/strong>. Szczeg\u00f3lnie polecamy tematyczne szlaki w Gastein, kt\u00f3re \u0142\u0105cz\u0105 wiedz\u0119 z zabaw\u0105 i ruchem na \u015bwie\u017cym powietrzu.<\/li>\n<li>Pozw\u00f3l dzieciom nosi\u0107 plecak turystyczny. Branie odpowiedzialno\u015bci napawa dzieci dum\u0105. Pozw\u00f3l im wi\u0119c nosi\u0107 w\u0142asny plecak. NIech towarzyszy im te\u017c jaki\u015b szczeg\u00f3lny towarzysz np. ulubiony pluszak.<\/li>\n<li><strong>Zaplanuj przerwy<\/strong>. Dzieci w\u0119druj\u0105 inaczej ni\u017c doro\u015bli. Biegaj\u0105, czasami w t\u0119 i spowrotem, dlatego szybciej si\u0119 m\u0119cz\u0105. Przerwy ciesz\u0105 je i dodaj\u0105 energii.<\/li>\n<li><strong>Gry i zabawy po drodze<\/strong>: \u201eWidz\u0119, widz\u0119 to, czego ty nie widzisz\u201d lub podobne zagadki, zabawne piosenki lub spontaniczne historie, kt\u00f3rych przebieg opowiadaj\u0105 kolejno poszczeg\u00f3lni cz\u0142onkowie rodziny \u2013 wszystko, co pobudza wyobra\u017ani\u0119, dodaje dzieciom energii i odwraca ich uwag\u0119 od my\u015blenia o tym, ile czasu musi jeszcze up\u0142yn\u0105\u0107, zanim dotr\u0105 do celu.<\/li>\n<li><strong>Nagroda<\/strong>: Ka\u017cdy osi\u0105gni\u0119ty cel zas\u0142uguje na nagrod\u0119. Czy to w formie przek\u0105ski w chacie, czasu przed telewizorem lub telefonem kom\u00f3rkowym wieczorem, czy te\u017c drobnego upominku z regionu.<\/li>\n<\/ul>\n<div id=\"attachment_13214\" style=\"width: 1180px\" class=\"wp-caption alignnone\"><img decoding=\"async\" aria-describedby=\"caption-attachment-13214\" class=\"size-1170_658 wp-image-13214\" src=\"https:\/\/www.salzburgerland.com\/pl\/wp-content\/uploads\/2016\/11\/rs3870_deniscebulec-x-salzburgerland-7900-lpr-1170x658.jpg\" alt=\"W\u0119dr\u00f3wka szlakiem limbowym na Graukogel w Gastein jest dla dzieci niezwyk\u0142\u0105 przygod\u0105 na \u0142onie natury.\" width=\"1170\" height=\"658\" srcset=\"https:\/\/www.salzburgerland.com\/pl\/wp-content\/uploads\/2016\/11\/rs3870_deniscebulec-x-salzburgerland-7900-lpr-1170x658.jpg 1170w, https:\/\/www.salzburgerland.com\/pl\/wp-content\/uploads\/2016\/11\/rs3870_deniscebulec-x-salzburgerland-7900-lpr-1200x675.jpg 1200w\" sizes=\"(max-width: 1170px) 100vw, 1170px\"><p id=\"caption-attachment-13214\" class=\"wp-caption-text\">W\u0119dr\u00f3wka na Graukogel w Gasteinertal jest dla dzieci niezwyk\u0142\u0105 przygod\u0105 na \u0142onie natury \u00a9 SalzburgerLand Tourismus, Denis Cebulec<\/p><\/div>\n<h3>Specjalne programy dla dzieci<\/h3>\n<p>Ka\u017cdy, kto przyje\u017cd\u017ca do Gastein na wakacje z dzie\u0107mi, od pierwszej chwili poczuje atmosfer\u0119 przyjazn\u0105 rodzinom. Ca\u0142a dolina jest nastawiona na goszczenie dzieci. Troskliwa opieka w miejscu zakwaterowania i szeroki wyb\u00f3r wakacyjnych program\u00f3w s\u0105 bardzo wa\u017cne dla tutejszych gospodarzy. Dzi\u0119ki <a href=\"https:\/\/www.gastein.com\/en\/experiences\/fun-family\/weekly-program\/\" target=\"_blank\" rel=\"noopener\"><strong>specjalnemu tygodniowemu programowi<\/strong> <\/a>gwarantuj\u0105 oni, \u017ce najm\u0142odsi go\u015bcie nie b\u0119d\u0105 si\u0119 tu nudzi\u0107. Osoby zainteresowane sportem, muzyk\u0105, nauk\u0105 i przyrod\u0105 znajd\u0105 tu prawdziwy wakacyjny raj.<\/p>\n<div id=\"attachment_23448\" style=\"width: 1180px\" class=\"wp-caption alignnone\"><img decoding=\"async\" aria-describedby=\"caption-attachment-23448\" class=\"size-1170_658 wp-image-23448\" src=\"https:\/\/www.salzburgerland.com\/pl\/wp-content\/uploads\/2024\/05\/rs2624_2018-10-18-slt-reportage-gastein-wald-by-michael-groessinger-img_7229-lpr-1170x658.jpg\" alt=\"\" width=\"1170\" height=\"658\" srcset=\"https:\/\/www.salzburgerland.com\/pl\/wp-content\/uploads\/2024\/05\/rs2624_2018-10-18-slt-reportage-gastein-wald-by-michael-groessinger-img_7229-lpr-1170x658.jpg 1170w, https:\/\/www.salzburgerland.com\/pl\/wp-content\/uploads\/2024\/05\/rs2624_2018-10-18-slt-reportage-gastein-wald-by-michael-groessinger-img_7229-lpr-1200x675.jpg 1200w\" sizes=\"(max-width: 1170px) 100vw, 1170px\"><p id=\"caption-attachment-23448\" class=\"wp-caption-text\">Pieczenie chleba z dzie\u0107mi w Gastein \u00a9 SalzburgerLand Tourismus, Michael Groessinger<\/p><\/div>\n<h3>K\u0105piele termalne w Gastein<\/h3>\n<p>Niestety, s\u0142o\u0144ce nie zawsze \u015bwieci, nawet na wakacjach, ale w Gastein znajdziesz wszystko, czego potrzebujesz na deszczowy dzie\u0144. Je\u015bli pada deszcz lub \u015bnieg, warto odwiedzi\u0107 jeden z <a href=\"https:\/\/www.salzburgerland.com\/pl\/gastein-wellness\/\" target=\"_blank\" rel=\"noopener\">o\u015brodk\u00f3w termalnych w Gastein<\/a>. Ciep\u0142a woda roz\u0142aduje napi\u0119cie i przy odrobinie szcz\u0119\u015bcia pozwoli zapomnie\u0107 o kroplach deszczu. Koj\u0105ce ciep\u0142o, romantyczne chwile i przyjemno\u015b\u0107 k\u0105pieli gwarantowane.<\/p>\n<p>Z dala od szlak\u00f3w turystycznych i niezale\u017cnie od pogody, dwie nowoczesne termy Alpentherme w Bad Hofgastein i Felsentherme w Bad Gastein z przestronnymi basenami zewn\u0119trznymi i wewn\u0119trznymi s\u0105 petard\u0105 rodzinnych wakacji w Gastein. Podczas gdy najm\u0142odsi mog\u0105 si\u0119 wyszale\u0107 w wodzie, doro\u015bli mog\u0105 si\u0119 zrelaksowa\u0107 i korzysta\u0107 z dobrodziejstw koj\u0105cej wody termalnej. Korzy\u015b\u0107 dla wszystkich!<\/p>\n<p>Od wczesnego lata do jesieni wyj\u0105tkowe baseny termalne w Alpentherme Gastein, a tak\u017ce jezioro k\u0105pielowe Gastein i basen w Dorfgastein oferuj\u0105 r\u00f3wnie\u017c orze\u017awiaj\u0105c\u0105 r\u00f3\u017cnorodno\u015b\u0107 dla m\u0142odszych i starszych ze zje\u017cd\u017calniami wodnymi oraz rozleg\u0142ym terenem do zabawy i opalania, zapewniaj\u0105c nieprzerwan\u0105 zabaw\u0119 w k\u0105pieli!<\/p>\n<div id=\"attachment_5799\" style=\"width: 1180px\" class=\"wp-caption alignnone\"><img decoding=\"async\" aria-describedby=\"caption-attachment-5799\" class=\"size-1170_658 wp-image-5799\" src=\"https:\/\/www.salzburgerland.com\/pl\/wp-content\/uploads\/2018\/11\/thermalwasser-badeseen-c-alpentherme-gastein-wolkersdorfer-8-1170x658.jpg\" alt=\"\" width=\"1170\" height=\"658\" srcset=\"https:\/\/www.salzburgerland.com\/pl\/wp-content\/uploads\/2018\/11\/thermalwasser-badeseen-c-alpentherme-gastein-wolkersdorfer-8-1170x658.jpg 1170w, https:\/\/www.salzburgerland.com\/pl\/wp-content\/uploads\/2018\/11\/thermalwasser-badeseen-c-alpentherme-gastein-wolkersdorfer-8-1200x675.jpg 1200w\" sizes=\"(max-width: 1170px) 100vw, 1170px\"><p id=\"caption-attachment-5799\" class=\"wp-caption-text\">\u00a9 Gasteinertal Tourismus GmbH, Gerhard Wolkersdorfer<\/p><\/div>\n<h3>K\u0105pielisko w Gastein<\/h3>\n<p>Ka\u017cde dziecko uwielbia pla\u017c\u0119 i p\u0142ywanie latem. Nie ma nic bardziej orze\u017awiaj\u0105cego, ni\u017c k\u0105piel w czystych wodach jeziora k\u0105pielowego Gastein po g\u00f3rskiej lub rowerowej przeja\u017cd\u017cce. Na du\u017cym tarasie s\u0142onecznym jest mn\u00f3stwo miejsca na parasole i le\u017caki, kt\u00f3re mo\u017cna wypo\u017cyczy\u0107 na miejscu. Mo\u017cna te\u017c wypo\u017cyczy\u0107 wios\u0142o i pop\u0142ywa\u0107 po jeziorze. Je\u015bli zg\u0142odniejesz, mo\u017cesz delektowa\u0107 si\u0119 przek\u0105skami i napojami w s\u0105siednim barze przek\u0105skowym na tarasie \u2013 dzi\u0119ki czemu mo\u017cesz na\u0142adowa\u0107 baterie podczas p\u0142ywania. Idealne warunki na rodzinne wakacje w Gastein. Je\u015bli nie chcesz je\u017adzi\u0107 na rowerze lub chodzi\u0107, po prostu wsi\u0105d\u017a do autobusu. Przystanek autobusowy znajduje si\u0119 tu\u017c przed wej\u015bciem. Dla samochod\u00f3w dost\u0119pny jest bezp\u0142atny parking, tylko psy nie maj\u0105 wst\u0119pu na teren k\u0105pieliska.<\/p>\n<div id=\"attachment_23422\" style=\"width: 1180px\" class=\"wp-caption alignnone\"><img decoding=\"async\" aria-describedby=\"caption-attachment-23422\" class=\"size-1170_658 wp-image-23422\" src=\"https:\/\/www.salzburgerland.com\/pl\/wp-content\/uploads\/2024\/05\/seen_sup1-1920x1067-1-1200x675-1-1170x658.jpg\" alt=\"\" width=\"1170\" height=\"658\" srcset=\"https:\/\/www.salzburgerland.com\/pl\/wp-content\/uploads\/2024\/05\/seen_sup1-1920x1067-1-1200x675-1-1170x658.jpg 1170w, https:\/\/www.salzburgerland.com\/pl\/wp-content\/uploads\/2024\/05\/seen_sup1-1920x1067-1-1200x675-1-768x432.jpg 768w, https:\/\/www.salzburgerland.com\/pl\/wp-content\/uploads\/2024\/05\/seen_sup1-1920x1067-1-1200x675-1.jpg 1200w\" sizes=\"(max-width: 1170px) 100vw, 1170px\"><p id=\"caption-attachment-23422\" class=\"wp-caption-text\">Jezioro termalne w Bad Hofgastein \u00a9 Alpentherme Gastein, Foto Atelier Gerhard Wolkersdorfer<\/p><\/div>\n<h3>Basen w Dorfgastein<\/h3>\n<p>Kolejn\u0105 atrakcj\u0105 dla dzieci na upalny dzie\u0144 jest basen Solarbad Gastein, znajduj\u0105cy si\u0119 zaledwie kilka metr\u00f3w od dolnej stacji kolejki linowej Fulseck w Dorfgastein. Oferuje przyjemn\u0105 k\u0105piel w wodzie o temperaturze od 26 do 28\u00b0C. Dzieciom spodoba si\u0119 zje\u017cd\u017calnia wodna i baseny, a tak\u017ce przestronny trawnik do opalania. Poniewa\u017c jest to k\u0105pielisko odkryte, kompleks jest zamkni\u0119ty w przypadku deszczu.<\/p>\n<h3>Wi\u0119cej atrakcji dla rodzin z dzie\u0107mi<\/h3>\n<p>Gastein jest przyjazny dzieciom, co wida\u0107 po szerokiej ofercie zaj\u0119\u0107, w kt\u00f3rej \u015bwietna zabawa jest gwarantowana. Mo\u017cesz wybiera\u0107 spo\u015br\u00f3d ekscytuj\u0105cych spacer\u00f3w po lesie lub wizyt na farmie, <a href=\"https:\/\/www.gastein.com\/en\/experiences\/sport-nature\/biking\/\" target=\"_blank\" rel=\"noopener\">jazdy na rowerze<\/a>, <a href=\"https:\/\/www.gastein.com\/en\/experiences\/fun-family\/archery\/\" target=\"_blank\" rel=\"noopener\">wyzwa\u0144 \u0142uczniczych<\/a>, <a href=\"https:\/\/www.gastein.com\/en\/experiences\/fun-family\/gold-panning\/\" target=\"_blank\" rel=\"noopener\">poszukiwania z\u0142ota<\/a>, wspinaczki lub <a href=\"https:\/\/www.gastein.com\/en\/experiences\/fun-family\/horse-riding\/\" target=\"_blank\" rel=\"noopener\">jazdy konnej<\/a>, <a href=\"https:\/\/www.gastein.com\/en\/experiences\/fun-family\/mini-golf\/\" target=\"_blank\" rel=\"noopener\">minigolfa<\/a> i <a href=\"https:\/\/www.gastein.com\/en\/experiences\/fun-family\/fishing\/\" target=\"_blank\" rel=\"noopener\">w\u0119dkowania<\/a>. A to nie wszystko \u2013 w Gastein nie ma czasu na nud\u0119!<\/p>\n<div id=\"attachment_16282\" style=\"width: 1180px\" class=\"wp-caption alignnone\"><img decoding=\"async\" aria-describedby=\"caption-attachment-16282\" class=\"size-1170_658 wp-image-16282\" src=\"https:\/\/www.salzburgerland.com\/pl\/wp-content\/uploads\/2020\/02\/zirbenweg-blick-vom-graukogel-familie-c-salzburgerland-tourismus-cebulec-1-min-1170x658.jpg\" alt='Jednym z najpi\u0119kniejszych szlak\u00f3w w\u0119drownych w regionie Gastein jest \"szlak limbowy\" przez krain\u0119 wiekowych sosen limb. Ze szlaku roztaczaj\u0105 si\u0119 wspania\u0142e widoki na alpejskie szczyty.' width=\"1170\" height=\"658\" srcset=\"https:\/\/www.salzburgerland.com\/pl\/wp-content\/uploads\/2020\/02\/zirbenweg-blick-vom-graukogel-familie-c-salzburgerland-tourismus-cebulec-1-min-1170x658.jpg 1170w, https:\/\/www.salzburgerland.com\/pl\/wp-content\/uploads\/2020\/02\/zirbenweg-blick-vom-graukogel-familie-c-salzburgerland-tourismus-cebulec-1-min-1200x675.jpg 1200w\" sizes=\"(max-width: 1170px) 100vw, 1170px\"><p id=\"caption-attachment-16282\" class=\"wp-caption-text\">Widok na alpejskie szczyty ze szlaku limbowego na Graukogel \u00a9 SalzburgerLand Tourismus, Cebulec<\/p><\/div>\n","protected":false},"excerpt":{"rendered":"<p>W\u0119dr\u00f3wki z dzie\u0107mi Sp\u0119dzasz w Gastein rodzinne wakacje lub kr\u00f3tki urlop z dzie\u0107mi? Dostosujemy warunki do Twoich wymaga\u0144 i potrzeb wszystkich cz\u0142onk\u00f3w rodziny! Dla dzieci podczas w\u0119dr\u00f3wek najwa\u017cniejsza jest przygoda, do\u015bwiadczanie nowego i odkrywanie tajemnic. Pami\u0119taj, \u017ce w\u0119dr\u00f3wki nie powinny by\u0107 zbyt d\u0142ugie ani zbyt forsowne. By\u0107 mo\u017ce swojego najmniejszego brzd\u0105ca musisz zabra\u0107 w w\u00f3zeczku [&hellip;]<\/p>\n","protected":false},"author":4,"featured_media":23408,"comment_status":"closed","ping_status":"closed","sticky":false,"template":"","format":"standard","meta":{"_acf_changed":false,"wl_entities_gutenberg":"","_relevanssi_hide_post":"","_relevanssi_hide_content":"","_relevanssi_pin_for_all":"","_relevanssi_pin_keywords":"","_relevanssi_unpin_keywords":"","_relevanssi_related_keywords":"","_relevanssi_related_include_ids":"","_relevanssi_related_exclude_ids":"","_relevanssi_related_no_append":"","_relevanssi_related_not_related":"","_relevanssi_related_posts":"","_relevanssi_noindex_reason":"","footnotes":""},"categories":[1],"tags":[],"wl_entity_type":[300],"class_list":["post-23407","post","type-post","status-publish","format-standard","has-post-thumbnail","hentry","category-uncategorized","wl_entity_type-article"],"acf":[],"yoast_head":"<!-- This site is optimized with the Yoast SEO Premium plugin v27.4 (Yoast SEO v27.4) - https:\/\/yoast.com\/product\/yoast-seo-premium-wordpress\/ -->\n<title>Rodzinne wakacje w Gastein \u00bb SalzburgerLand.com<\/title>\n<meta name=\"description\" content=\"Gastein to bezgraniczny plac zabaw na \u0142onie przyrody, oferuj\u0105cy idealne warunki na sp\u0119dzenie niezapomnianych rodzinnych wakacji.\" \/>\n<meta name=\"robots\" content=\"index, follow, max-snippet:-1, max-image-preview:large, max-video-preview:-1\" \/>\n<link rel=\"canonical\" href=\"https:\/\/www.salzburgerland.com\/pl\/gastein-wakacje-z-rodzina\/\" \/>\n<meta property=\"og:locale\" content=\"pl_PL\" \/>\n<meta property=\"og:type\" content=\"article\" \/>\n<meta property=\"og:title\" content=\"Rodzinne wakacje w Gastein\" \/>\n<meta property=\"og:description\" content=\"W\u0119dr\u00f3wki z dzie\u0107mi Sp\u0119dzasz w Gastein rodzinne wakacje lub kr\u00f3tki urlop z dzie\u0107mi? Dostosujemy warunki do Twoich wymaga\u0144 i potrzeb wszystkich cz\u0142onk\u00f3w\" \/>\n<meta property=\"og:url\" content=\"https:\/\/www.salzburgerland.com\/pl\/gastein-wakacje-z-rodzina\/\" \/>\n<meta property=\"og:site_name\" content=\"SalzburgerLand.com\" \/>\n<meta property=\"article:publisher\" content=\"https:\/\/www.facebook.com\/visitsalzburgerland\/\" \/>\n<meta property=\"article:published_time\" content=\"2024-05-11T16:19:09+00:00\" \/>\n<meta property=\"article:modified_time\" content=\"2024-05-19T14:07:17+00:00\" \/>\n<meta property=\"og:image\" content=\"https:\/\/www.salzburgerland.com\/pl\/wp-content\/uploads\/2024\/05\/familie-am-gastein-trail-am-hahnbalzkoepfl-c-gasteinertal-tourismus-gmbh-marktl-photography-2-3-1170x658-1.jpg\" \/>\n\t<meta property=\"og:image:width\" content=\"1170\" \/>\n\t<meta property=\"og:image:height\" content=\"658\" \/>\n\t<meta property=\"og:image:type\" content=\"image\/jpeg\" \/>\n<meta name=\"author\" content=\"Izabela Gartner\" \/>\n<meta name=\"twitter:card\" content=\"summary_large_image\" \/>\n<meta name=\"twitter:creator\" content=\"@salzburgerland\" \/>\n<meta name=\"twitter:site\" content=\"@salzburgerland\" \/>\n<meta name=\"twitter:label1\" content=\"Napisane przez\" \/>\n\t<meta name=\"twitter:data1\" content=\"Izabela Gartner\" \/>\n\t<meta name=\"twitter:label2\" content=\"Szacowany czas czytania\" \/>\n\t<meta name=\"twitter:data2\" content=\"10 minut\" \/>\n<script type=\"application\/ld+json\" class=\"yoast-schema-graph\">{\"@context\":\"https:\\\/\\\/schema.org\",\"@graph\":[{\"@type\":\"Article\",\"@id\":\"https:\\\/\\\/www.salzburgerland.com\\\/pl\\\/gastein-wakacje-z-rodzina\\\/#article\",\"isPartOf\":{\"@id\":\"https:\\\/\\\/www.salzburgerland.com\\\/pl\\\/gastein-wakacje-z-rodzina\\\/\"},\"author\":{\"name\":\"Izabela Gartner\",\"@id\":\"https:\\\/\\\/www.salzburgerland.com\\\/pl\\\/#\\\/schema\\\/person\\\/c10420e9897d4ca984317db556f04804\"},\"headline\":\"Rodzinne wakacje w Gastein\",\"datePublished\":\"2024-05-11T16:19:09+00:00\",\"dateModified\":\"2024-05-19T14:07:17+00:00\",\"mainEntityOfPage\":{\"@id\":\"https:\\\/\\\/www.salzburgerland.com\\\/pl\\\/gastein-wakacje-z-rodzina\\\/\"},\"wordCount\":1521,\"image\":{\"@id\":\"https:\\\/\\\/www.salzburgerland.com\\\/pl\\\/gastein-wakacje-z-rodzina\\\/#primaryimage\"},\"thumbnailUrl\":\"https:\\\/\\\/www.salzburgerland.com\\\/pl\\\/wp-content\\\/uploads\\\/2024\\\/05\\\/familie-am-gastein-trail-am-hahnbalzkoepfl-c-gasteinertal-tourismus-gmbh-marktl-photography-2-3-1170x658-1.jpg\",\"articleSection\":[\"Uncategorized\"],\"inLanguage\":\"pl-PL\"},{\"@type\":\"WebPage\",\"@id\":\"https:\\\/\\\/www.salzburgerland.com\\\/pl\\\/gastein-wakacje-z-rodzina\\\/\",\"url\":\"https:\\\/\\\/www.salzburgerland.com\\\/pl\\\/gastein-wakacje-z-rodzina\\\/\",\"name\":\"Rodzinne wakacje w Gastein \u00bb SalzburgerLand.com\",\"isPartOf\":{\"@id\":\"https:\\\/\\\/www.salzburgerland.com\\\/pl\\\/#website\"},\"primaryImageOfPage\":{\"@id\":\"https:\\\/\\\/www.salzburgerland.com\\\/pl\\\/gastein-wakacje-z-rodzina\\\/#primaryimage\"},\"image\":{\"@id\":\"https:\\\/\\\/www.salzburgerland.com\\\/pl\\\/gastein-wakacje-z-rodzina\\\/#primaryimage\"},\"thumbnailUrl\":\"https:\\\/\\\/www.salzburgerland.com\\\/pl\\\/wp-content\\\/uploads\\\/2024\\\/05\\\/familie-am-gastein-trail-am-hahnbalzkoepfl-c-gasteinertal-tourismus-gmbh-marktl-photography-2-3-1170x658-1.jpg\",\"datePublished\":\"2024-05-11T16:19:09+00:00\",\"dateModified\":\"2024-05-19T14:07:17+00:00\",\"author\":{\"@id\":\"https:\\\/\\\/www.salzburgerland.com\\\/pl\\\/#\\\/schema\\\/person\\\/c10420e9897d4ca984317db556f04804\"},\"description\":\"Gastein to bezgraniczny plac zabaw na \u0142onie przyrody, oferuj\u0105cy idealne warunki na sp\u0119dzenie niezapomnianych rodzinnych wakacji.\",\"breadcrumb\":{\"@id\":\"https:\\\/\\\/www.salzburgerland.com\\\/pl\\\/gastein-wakacje-z-rodzina\\\/#breadcrumb\"},\"inLanguage\":\"pl-PL\",\"potentialAction\":[{\"@type\":\"ReadAction\",\"target\":[\"https:\\\/\\\/www.salzburgerland.com\\\/pl\\\/gastein-wakacje-z-rodzina\\\/\"]}]},{\"@type\":\"ImageObject\",\"inLanguage\":\"pl-PL\",\"@id\":\"https:\\\/\\\/www.salzburgerland.com\\\/pl\\\/gastein-wakacje-z-rodzina\\\/#primaryimage\",\"url\":\"https:\\\/\\\/www.salzburgerland.com\\\/pl\\\/wp-content\\\/uploads\\\/2024\\\/05\\\/familie-am-gastein-trail-am-hahnbalzkoepfl-c-gasteinertal-tourismus-gmbh-marktl-photography-2-3-1170x658-1.jpg\",\"contentUrl\":\"https:\\\/\\\/www.salzburgerland.com\\\/pl\\\/wp-content\\\/uploads\\\/2024\\\/05\\\/familie-am-gastein-trail-am-hahnbalzkoepfl-c-gasteinertal-tourismus-gmbh-marktl-photography-2-3-1170x658-1.jpg\",\"width\":1170,\"height\":658,\"caption\":\"Rodzinny trail na Hahnbalzk\u00f6pfl \u00a9 Gasteinertal Tourismus, Manuel Marktl\"},{\"@type\":\"BreadcrumbList\",\"@id\":\"https:\\\/\\\/www.salzburgerland.com\\\/pl\\\/gastein-wakacje-z-rodzina\\\/#breadcrumb\",\"itemListElement\":[{\"@type\":\"ListItem\",\"position\":1,\"name\":\"Lato w Gastein\",\"item\":\"https:\\\/\\\/www.salzburgerland.com\\\/pl\\\/gastein-lato\\\/\"},{\"@type\":\"ListItem\",\"position\":2,\"name\":\"Rodzinne wakacje w Gastein\"}]},{\"@type\":\"WebSite\",\"@id\":\"https:\\\/\\\/www.salzburgerland.com\\\/pl\\\/#website\",\"url\":\"https:\\\/\\\/www.salzburgerland.com\\\/pl\\\/\",\"name\":\"SalzburgerLand.com\",\"description\":\"Urlop Salzburg : hotele : turystyka Ziemia Salzburska : kultura : rodzinny urlop Ziemia Salzburska : informacja turystyczna : noclegi Austria : aktywny wypoczynek\",\"potentialAction\":[{\"@type\":\"SearchAction\",\"target\":{\"@type\":\"EntryPoint\",\"urlTemplate\":\"https:\\\/\\\/www.salzburgerland.com\\\/pl\\\/?s={search_term_string}\"},\"query-input\":{\"@type\":\"PropertyValueSpecification\",\"valueRequired\":true,\"valueName\":\"search_term_string\"}}],\"inLanguage\":\"pl-PL\"},{\"@type\":\"Person\",\"@id\":\"https:\\\/\\\/www.salzburgerland.com\\\/pl\\\/#\\\/schema\\\/person\\\/c10420e9897d4ca984317db556f04804\",\"name\":\"Izabela Gartner\",\"image\":{\"@type\":\"ImageObject\",\"inLanguage\":\"pl-PL\",\"@id\":\"https:\\\/\\\/secure.gravatar.com\\\/avatar\\\/062a6263a145aaa718f0b029a735b6557e456ff63f9e65056a4352d3c0a06e4d?s=96&d=mm&r=g\",\"url\":\"https:\\\/\\\/secure.gravatar.com\\\/avatar\\\/062a6263a145aaa718f0b029a735b6557e456ff63f9e65056a4352d3c0a06e4d?s=96&d=mm&r=g\",\"contentUrl\":\"https:\\\/\\\/secure.gravatar.com\\\/avatar\\\/062a6263a145aaa718f0b029a735b6557e456ff63f9e65056a4352d3c0a06e4d?s=96&d=mm&r=g\",\"caption\":\"Izabela Gartner\"}}]}<\/script>\n<!-- \/ Yoast SEO Premium plugin. -->","yoast_head_json":{"title":"Rodzinne wakacje w Gastein \u00bb SalzburgerLand.com","description":"Gastein to bezgraniczny plac zabaw na \u0142onie przyrody, oferuj\u0105cy idealne warunki na sp\u0119dzenie niezapomnianych rodzinnych wakacji.","robots":{"index":"index","follow":"follow","max-snippet":"max-snippet:-1","max-image-preview":"max-image-preview:large","max-video-preview":"max-video-preview:-1"},"canonical":"https:\/\/www.salzburgerland.com\/pl\/gastein-wakacje-z-rodzina\/","og_locale":"pl_PL","og_type":"article","og_title":"Rodzinne wakacje w Gastein","og_description":"W\u0119dr\u00f3wki z dzie\u0107mi Sp\u0119dzasz w Gastein rodzinne wakacje lub kr\u00f3tki urlop z dzie\u0107mi? Dostosujemy warunki do Twoich wymaga\u0144 i potrzeb wszystkich cz\u0142onk\u00f3w","og_url":"https:\/\/www.salzburgerland.com\/pl\/gastein-wakacje-z-rodzina\/","og_site_name":"SalzburgerLand.com","article_publisher":"https:\/\/www.facebook.com\/visitsalzburgerland\/","article_published_time":"2024-05-11T16:19:09+00:00","article_modified_time":"2024-05-19T14:07:17+00:00","og_image":[{"url":"https:\/\/www.salzburgerland.com\/pl\/wp-content\/uploads\/2024\/05\/familie-am-gastein-trail-am-hahnbalzkoepfl-c-gasteinertal-tourismus-gmbh-marktl-photography-2-3-1170x658-1.jpg","width":1170,"height":658,"type":"image\/jpeg"}],"author":"Izabela Gartner","twitter_card":"summary_large_image","twitter_creator":"@salzburgerland","twitter_site":"@salzburgerland","twitter_misc":{"Napisane przez":"Izabela Gartner","Szacowany czas czytania":"10 minut"},"schema":{"@context":"https:\/\/schema.org","@graph":[{"@type":"Article","@id":"https:\/\/www.salzburgerland.com\/pl\/gastein-wakacje-z-rodzina\/#article","isPartOf":{"@id":"https:\/\/www.salzburgerland.com\/pl\/gastein-wakacje-z-rodzina\/"},"author":{"name":"Izabela Gartner","@id":"https:\/\/www.salzburgerland.com\/pl\/#\/schema\/person\/c10420e9897d4ca984317db556f04804"},"headline":"Rodzinne wakacje w Gastein","datePublished":"2024-05-11T16:19:09+00:00","dateModified":"2024-05-19T14:07:17+00:00","mainEntityOfPage":{"@id":"https:\/\/www.salzburgerland.com\/pl\/gastein-wakacje-z-rodzina\/"},"wordCount":1521,"image":{"@id":"https:\/\/www.salzburgerland.com\/pl\/gastein-wakacje-z-rodzina\/#primaryimage"},"thumbnailUrl":"https:\/\/www.salzburgerland.com\/pl\/wp-content\/uploads\/2024\/05\/familie-am-gastein-trail-am-hahnbalzkoepfl-c-gasteinertal-tourismus-gmbh-marktl-photography-2-3-1170x658-1.jpg","articleSection":["Uncategorized"],"inLanguage":"pl-PL"},{"@type":"WebPage","@id":"https:\/\/www.salzburgerland.com\/pl\/gastein-wakacje-z-rodzina\/","url":"https:\/\/www.salzburgerland.com\/pl\/gastein-wakacje-z-rodzina\/","name":"Rodzinne wakacje w Gastein \u00bb SalzburgerLand.com","isPartOf":{"@id":"https:\/\/www.salzburgerland.com\/pl\/#website"},"primaryImageOfPage":{"@id":"https:\/\/www.salzburgerland.com\/pl\/gastein-wakacje-z-rodzina\/#primaryimage"},"image":{"@id":"https:\/\/www.salzburgerland.com\/pl\/gastein-wakacje-z-rodzina\/#primaryimage"},"thumbnailUrl":"https:\/\/www.salzburgerland.com\/pl\/wp-content\/uploads\/2024\/05\/familie-am-gastein-trail-am-hahnbalzkoepfl-c-gasteinertal-tourismus-gmbh-marktl-photography-2-3-1170x658-1.jpg","datePublished":"2024-05-11T16:19:09+00:00","dateModified":"2024-05-19T14:07:17+00:00","author":{"@id":"https:\/\/www.salzburgerland.com\/pl\/#\/schema\/person\/c10420e9897d4ca984317db556f04804"},"description":"Gastein to bezgraniczny plac zabaw na \u0142onie przyrody, oferuj\u0105cy idealne warunki na sp\u0119dzenie niezapomnianych rodzinnych wakacji.","breadcrumb":{"@id":"https:\/\/www.salzburgerland.com\/pl\/gastein-wakacje-z-rodzina\/#breadcrumb"},"inLanguage":"pl-PL","potentialAction":[{"@type":"ReadAction","target":["https:\/\/www.salzburgerland.com\/pl\/gastein-wakacje-z-rodzina\/"]}]},{"@type":"ImageObject","inLanguage":"pl-PL","@id":"https:\/\/www.salzburgerland.com\/pl\/gastein-wakacje-z-rodzina\/#primaryimage","url":"https:\/\/www.salzburgerland.com\/pl\/wp-content\/uploads\/2024\/05\/familie-am-gastein-trail-am-hahnbalzkoepfl-c-gasteinertal-tourismus-gmbh-marktl-photography-2-3-1170x658-1.jpg","contentUrl":"https:\/\/www.salzburgerland.com\/pl\/wp-content\/uploads\/2024\/05\/familie-am-gastein-trail-am-hahnbalzkoepfl-c-gasteinertal-tourismus-gmbh-marktl-photography-2-3-1170x658-1.jpg","width":1170,"height":658,"caption":"Rodzinny trail na Hahnbalzk\u00f6pfl \u00a9 Gasteinertal Tourismus, Manuel Marktl"},{"@type":"BreadcrumbList","@id":"https:\/\/www.salzburgerland.com\/pl\/gastein-wakacje-z-rodzina\/#breadcrumb","itemListElement":[{"@type":"ListItem","position":1,"name":"Lato w Gastein","item":"https:\/\/www.salzburgerland.com\/pl\/gastein-lato\/"},{"@type":"ListItem","position":2,"name":"Rodzinne wakacje w Gastein"}]},{"@type":"WebSite","@id":"https:\/\/www.salzburgerland.com\/pl\/#website","url":"https:\/\/www.salzburgerland.com\/pl\/","name":"SalzburgerLand.com","description":"Urlop Salzburg : hotele : turystyka Ziemia Salzburska : kultura : rodzinny urlop Ziemia Salzburska : informacja turystyczna : noclegi Austria : aktywny wypoczynek","potentialAction":[{"@type":"SearchAction","target":{"@type":"EntryPoint","urlTemplate":"https:\/\/www.salzburgerland.com\/pl\/?s={search_term_string}"},"query-input":{"@type":"PropertyValueSpecification","valueRequired":true,"valueName":"search_term_string"}}],"inLanguage":"pl-PL"},{"@type":"Person","@id":"https:\/\/www.salzburgerland.com\/pl\/#\/schema\/person\/c10420e9897d4ca984317db556f04804","name":"Izabela Gartner","image":{"@type":"ImageObject","inLanguage":"pl-PL","@id":"https:\/\/secure.gravatar.com\/avatar\/062a6263a145aaa718f0b029a735b6557e456ff63f9e65056a4352d3c0a06e4d?s=96&d=mm&r=g","url":"https:\/\/secure.gravatar.com\/avatar\/062a6263a145aaa718f0b029a735b6557e456ff63f9e65056a4352d3c0a06e4d?s=96&d=mm&r=g","contentUrl":"https:\/\/secure.gravatar.com\/avatar\/062a6263a145aaa718f0b029a735b6557e456ff63f9e65056a4352d3c0a06e4d?s=96&d=mm&r=g","caption":"Izabela Gartner"}}]}},"_wl_alt_label":[],"wl:entity_url":"http:\/\/open.salzburgerland.com\/pl\/post\/rodzinne-wakacje-w-gastein-23407","_links":{"self":[{"href":"https:\/\/www.salzburgerland.com\/pl\/wp-json\/wp\/v2\/posts\/23407","targetHints":{"allow":["GET"]}}],"collection":[{"href":"https:\/\/www.salzburgerland.com\/pl\/wp-json\/wp\/v2\/posts"}],"about":[{"href":"https:\/\/www.salzburgerland.com\/pl\/wp-json\/wp\/v2\/types\/post"}],"author":[{"embeddable":true,"href":"https:\/\/www.salzburgerland.com\/pl\/wp-json\/wp\/v2\/users\/4"}],"replies":[{"embeddable":true,"href":"https:\/\/www.salzburgerland.com\/pl\/wp-json\/wp\/v2\/comments?post=23407"}],"version-history":[{"count":5,"href":"https:\/\/www.salzburgerland.com\/pl\/wp-json\/wp\/v2\/posts\/23407\/revisions"}],"predecessor-version":[{"id":23580,"href":"https:\/\/www.salzburgerland.com\/pl\/wp-json\/wp\/v2\/posts\/23407\/revisions\/23580"}],"wp:featuredmedia":[{"embeddable":true,"href":"https:\/\/www.salzburgerland.com\/pl\/wp-json\/wp\/v2\/media\/23408"}],"wp:attachment":[{"href":"https:\/\/www.salzburgerland.com\/pl\/wp-json\/wp\/v2\/media?parent=23407"}],"wp:term":[{"taxonomy":"category","embeddable":true,"href":"https:\/\/www.salzburgerland.com\/pl\/wp-json\/wp\/v2\/categories?post=23407"},{"taxonomy":"post_tag","embeddable":true,"href":"https:\/\/www.salzburgerland.com\/pl\/wp-json\/wp\/v2\/tags?post=23407"},{"taxonomy":"wl_entity_type","embeddable":true,"href":"https:\/\/www.salzburgerland.com\/pl\/wp-json\/wp\/v2\/wl_entity_type?post=23407"}],"curies":[{"name":"wp","href":"https:\/\/api.w.org\/{rel}","templated":true}]}}