{"id":22459,"date":"2024-03-16T21:18:50","date_gmt":"2024-03-16T20:18:50","guid":{"rendered":"https:\/\/www.salzburgerland.com\/pl\/?p=22459"},"modified":"2024-04-03T11:10:47","modified_gmt":"2024-04-03T09:10:47","slug":"altenmarkt-zauchensee-turystyka-piesza","status":"publish","type":"post","link":"https:\/\/www.salzburgerland.com\/pl\/altenmarkt-zauchensee-turystyka-piesza\/","title":{"rendered":"Turystyka piesza w Altenmarkt-Zauchensee"},"content":{"rendered":"<p>Kurort Altenmarkt-Zauchensee jest idealnym miejscem dla wszystkich, kt\u00f3rzy kochaj\u0105 g\u00f3ry i preferuj\u0105 aktywny wypoczynek na \u0142onie natury. Tu czekaj\u0105 na nich alpejskie hale i g\u00f3rskie szczyty oraz fantastyczne szlaki w\u0119drowne o ka\u017cdej stopniu trudno\u015bci. Kto woli relaksuj\u0105ce, rodzinne wakacje, wybiera Altenmarkt (842 m n.p.m.), a kogo poci\u0105ga sportowe wyzwanie, znajdzie je w Zauchensee (1350 m n.p.m.) Obie cz\u0119\u015bci kurortu tworz\u0105 unikalne po\u0142\u0105cznienie dw\u00f3ch s\u0105siaduj\u0105cych blisko, lecz diametralnie r\u00f3\u017cnych obszar\u00f3w turystyki pieszej.<\/p>\n<p>Zr\u00f3\u017cnicowana sie\u0107 szlak\u00f3w w\u0119drownych w Altenmarkt-Zauchensee biegnie wok\u00f3\u0142 g\u00f3ry Lackenkogel. Tworzy j\u0105 20 szlak\u00f3w, oznakowanych jednolicie \u017c\u00f3\u0142tym kolorem, o \u0142\u0105cznej d\u0142ugo\u015bci 195 km. Do lokalnych szlak\u00f3w dochodz\u0105 inne, rozci\u0105gaj\u0105ce si\u0119 w ca\u0142ym regionie <strong><a href=\"https:\/\/www.salzburgerland.com\/pl\/salzburski-swiat-sportu\/\" target=\"_blank\" rel=\"noopener\">Salzburskiego<\/a> \u015awiata Sportu<\/strong>, o \u0142\u0105cznej d\u0142ugo\u015bci 1000 km.<\/p>\n\n\t\t\t<div id=\"22459-1\" class=\"gallery gallery-22459 gallery-columns-3 gallery-size-1170_658\" itemscope itemtype=\"http:\/\/schema.org\/ImageGallery\">\n\t\t\t\t<ul class=\"gallery-row gallery-col-3 gallery-clear\">\n\t\t\t\t\t<li class=\"gallery-item col-3\" itemprop=\"associatedMedia\" itemscope itemtype=\"http:\/\/schema.org\/ImageObject\">\n\t\t\t\t\t\t<div class=\"gallery-icon landscape\"><a href=\"https:\/\/www.salzburgerland.com\/pl\/wp-content\/uploads\/2024\/03\/wanderung-tauernkarleitenalm-in-altenmarkt-zauchensee-1601x1067.jpg\" title=\"wanderung-tauernkarleitenalm-in-altenmarkt-zauchensee\"><img decoding=\"async\" data-title=\"W\u0119dr\u00f3wka z dzie\u0107mi na hal\u0119 Tauernkarleitenalm \u00a9 Matthias Fritzenwallner\" title=\"W\u0119dr\u00f3wka z dzie\u0107mi na hal\u0119 Tauernkarleitenalm \u00a9 Matthias Fritzenwallner\" data-caption=\"W\u0119dr\u00f3wka z dzie\u0107mi na hal\u0119 Tauernkarleitenalm \u00a9 Matthias Fritzenwallner\" width=\"1170\" height=\"658\" src=\"https:\/\/www.salzburgerland.com\/pl\/wp-content\/uploads\/2024\/03\/wanderung-tauernkarleitenalm-in-altenmarkt-zauchensee-1170x658.jpg\" class=\"attachment-1170_658 size-1170_658\" alt=\"Rodzice z nastoletnimi dzie\u0107mi w\u0119druj\u0105 przez alpejks\u0105 hal\u0119. W tle drewniane budynki bac\u00f3wek. (Powi\u0119kszony widok)\" srcset=\"https:\/\/www.salzburgerland.com\/pl\/wp-content\/uploads\/2024\/03\/wanderung-tauernkarleitenalm-in-altenmarkt-zauchensee-1170x658.jpg 1170w, https:\/\/www.salzburgerland.com\/pl\/wp-content\/uploads\/2024\/03\/wanderung-tauernkarleitenalm-in-altenmarkt-zauchensee-1200x675.jpg 1200w\" sizes=\"(max-width: 1170px) 100vw, 1170px\" aria-describedby=\"figcaption-22459-22477\" itemprop=\"thumbnail\"><\/a><\/div>\n\t\t\t\t\t\t<span id=\"figcaption-22459-22477\" class=\"gallery-caption\" itemprop=\"caption\"><span aria-hidden=\"true\">W\u0119dr\u00f3wka z dzie\u0107mi na hal\u0119 Tauernkarleitenalm \u00a9 Matthias Fritzenwallner<\/span><\/span>\n\t\t\t\t\t<\/li>\n\t\t\t\t\t<li class=\"gallery-item col-3\" itemprop=\"associatedMedia\" itemscope itemtype=\"http:\/\/schema.org\/ImageObject\">\n\t\t\t\t\t\t<div class=\"gallery-icon landscape\"><a href=\"https:\/\/www.salzburgerland.com\/pl\/wp-content\/uploads\/2024\/03\/almenweg-in-altenmarkt-zauchensee-1601x1067.jpg\" title=\"almenweg-in-altenmarkt-zauchensee\"><img decoding=\"async\" data-title=\"Odpoczynek podczas w\u0119dr\u00f3wki salzburskim szlakiem przez hale \u00a9 Lorenz Masser\" title=\"Odpoczynek podczas w\u0119dr\u00f3wki salzburskim szlakiem przez hale \u00a9 Lorenz Masser\" data-caption=\"Odpoczynek podczas w\u0119dr\u00f3wki salzburskim szlakiem przez hale \u00a9 Lorenz Masser\" width=\"1170\" height=\"658\" src=\"https:\/\/www.salzburgerland.com\/pl\/wp-content\/uploads\/2024\/03\/almenweg-in-altenmarkt-zauchensee-1170x658.jpg\" class=\"attachment-1170_658 size-1170_658\" alt=\"Turystka i turysta wypoczywaj\u0105 na przydro\u017cnej \u0142aweczce na Salzburskim Szlaku przez Hale. (Powi\u0119kszony widok)\" srcset=\"https:\/\/www.salzburgerland.com\/pl\/wp-content\/uploads\/2024\/03\/almenweg-in-altenmarkt-zauchensee-1170x658.jpg 1170w, https:\/\/www.salzburgerland.com\/pl\/wp-content\/uploads\/2024\/03\/almenweg-in-altenmarkt-zauchensee-1200x675.jpg 1200w\" sizes=\"(max-width: 1170px) 100vw, 1170px\" aria-describedby=\"figcaption-22459-22474\" itemprop=\"thumbnail\"><\/a><\/div>\n\t\t\t\t\t\t<span id=\"figcaption-22459-22474\" class=\"gallery-caption\" itemprop=\"caption\"><span aria-hidden=\"true\">Odpoczynek podczas w\u0119dr\u00f3wki salzburskim szlakiem przez hale \u00a9 Lorenz Masser<\/span><\/span>\n\t\t\t\t\t<\/li>\n\t\t\t\t\t<li class=\"gallery-item col-3\" itemprop=\"associatedMedia\" itemscope itemtype=\"http:\/\/schema.org\/ImageObject\">\n\t\t\t\t\t\t<div class=\"gallery-icon landscape\"><a href=\"https:\/\/www.salzburgerland.com\/pl\/wp-content\/uploads\/2024\/03\/salzburger-gipfelspiel-in-altenmarkt-zauchensee-1601x1067.jpg\" title=\"salzburger-gipfelspiel-in-altenmarkt-zauchensee\"><img decoding=\"async\" data-title=\"Salzburska Gra na Szczytach na Lackenkogel \u00a9 Salzburger Sportwelt, Mike Gr\u00f6ssinger \" title=\"Salzburska Gra na Szczytach na Lackenkogel \u00a9 Salzburger Sportwelt, Mike Gr\u00f6ssinger \" data-caption=\"Salzburska Gra na Szczytach na Lackenkogel \u00a9 Salzburger Sportwelt, Mike Gr\u00f6ssinger \" width=\"1170\" height=\"658\" src=\"https:\/\/www.salzburgerland.com\/pl\/wp-content\/uploads\/2024\/03\/salzburger-gipfelspiel-in-altenmarkt-zauchensee-1170x658.jpg\" class=\"attachment-1170_658 size-1170_658\" alt=\"Para w\u0119drowc\u00f3w na szczycie Lackenkogel . (Powi\u0119kszony widok)\" srcset=\"https:\/\/www.salzburgerland.com\/pl\/wp-content\/uploads\/2024\/03\/salzburger-gipfelspiel-in-altenmarkt-zauchensee-1170x658.jpg 1170w, https:\/\/www.salzburgerland.com\/pl\/wp-content\/uploads\/2024\/03\/salzburger-gipfelspiel-in-altenmarkt-zauchensee-1200x675.jpg 1200w\" sizes=\"(max-width: 1170px) 100vw, 1170px\" aria-describedby=\"figcaption-22459-22479\" itemprop=\"thumbnail\"><\/a><\/div>\n\t\t\t\t\t\t<span id=\"figcaption-22459-22479\" class=\"gallery-caption\" itemprop=\"caption\"><span aria-hidden=\"true\">Salzburska Gra na Szczytach na Lackenkogel \u00a9 Salzburger Sportwelt, Mike Gr\u00f6ssinger <\/span><\/span>\n\t\t\t\t\t<\/li>\n\t\t\t\t<\/ul>\n\t\t\t<\/div><!-- .gallery -->\n\n<h3>W\u0119dr\u00f3wki we wspania\u0142ej g\u00f3rskiej scenerii<\/h3>\n<p>Rodzinom z dzie\u0107mi polecamy szlak w\u0119drowny Tauernkarleiten-Tour. Kto chcia\u0142by si\u0119 wybra\u0107 na <a href=\"https:\/\/www.salzburgerland.com\/pl\/dlugodystansowe-szlaki-piesze\/\" target=\"_blank\" rel=\"noopener\">d\u0142ugodystansow\u0105 w\u0119dr\u00f3wk\u0119<\/a>, ma pod r\u0119k\u0105 <a href=\"https:\/\/www.salzburgerland.com\/pl\/turystyka-piesza-na-ziemi-salzburskiej\/\" target=\"_blank\" rel=\"noopener\">Salzburski Szlak Przez Hale<\/a> lub szlak dla pielgrzym\u00f3w, Arnoweg. Wytyczono te\u017c <strong><a href=\"https:\/\/www.altenmarkt-zauchensee.at\/en\/activities\/themed-trails.html\" target=\"_blank\" rel=\"noopener\">6<\/a> szlak\u00f3w tematycznych<\/strong>, pe\u0142ne cennej wiedzy i ciekawostek.\u00a0 takie jak Szlak Reg\u00f3\u0142 Rolniczych i Szlak Ksi\u0119\u017cycowy. Mn\u00f3stwo szlak\u00f3w prowadzi w dolinie i s\u0142u\u017cy nieforsownej aktywno\u015bci i delektowania si\u0119 otaczaj\u0105c\u0105 przyrod\u0105. Zapalonych zdobywc\u00f3w szczyt\u00f3w zaprasza miejscowa g\u00f3ra Lackenkogel (2 051 m n.p.m.) w Altenmarkt. A ci, kt\u00f3rzy do po\u0142o\u017conych wy\u017cej szlak\u00f3w nie chc\u0105 si\u0119 wspina\u0107, mog\u0105 wjecha\u0107 wyci\u0105giem krzese\u0142kowym Gamskogelbahn I w Zauchensee w wysokie partie g\u00f3r.<\/p>\n<div id=\"attachment_22472\" style=\"width: 1180px\" class=\"wp-caption alignnone\"><img decoding=\"async\" aria-describedby=\"caption-attachment-22472\" class=\"size-1170_658 wp-image-22472\" src=\"https:\/\/www.salzburgerland.com\/pl\/wp-content\/uploads\/2024\/03\/wandern-auf-der-lackenalm-in-altenmarkt-zauchensee-1170x658.jpg\" alt=\"Krajobraz z zielonmyi pastwiskami g\u00f3rskimi i bac\u00f3wkami w tle. Na w\u0105skiej dr\u00f3\u017cce para turyst\u00f3w.\" width=\"1170\" height=\"658\" srcset=\"https:\/\/www.salzburgerland.com\/pl\/wp-content\/uploads\/2024\/03\/wandern-auf-der-lackenalm-in-altenmarkt-zauchensee-1170x658.jpg 1170w, https:\/\/www.salzburgerland.com\/pl\/wp-content\/uploads\/2024\/03\/wandern-auf-der-lackenalm-in-altenmarkt-zauchensee-1200x675.jpg 1200w\" sizes=\"(max-width: 1170px) 100vw, 1170px\"><p id=\"caption-attachment-22472\" class=\"wp-caption-text\">W\u0119dr\u00f3wka zielonymi halami Lackenalmen \u00a9 Lorenz Masser<\/p><\/div>\n<h3>W\u0119dr\u00f3wki z przewodnikiem<\/h3>\n<p>W certyfikowanym kurorcie turystycznym Altenmarkt-Zauchensee oferowane s\u0105 tak\u017ce <a href=\"https:\/\/www.altenmarkt-zauchensee.at\/en\/activities\/gefuehrte-wanderungen.html\" target=\"_blank\" rel=\"noopener\">w\u0119dr\u00f3wki z przewodnikiem<\/a>. Przez ca\u0142e lato i jesieni\u0105, dwa razy w tygodniu ka\u017cdy mo\u017ce si\u0119 przy\u0142\u0105czy\u0107 do grupy turyst\u00f3w z lokalnym przewodnikiem terenowym i beztrosko delektowa\u0107 si\u0119 wspania\u0142o\u015bciami alpejskiej przyrody i zdrowym wysokog\u00f3rskim powietrzem.<\/p>\n\n\t\t\t<div id=\"22459-2\" class=\"gallery gallery-22459 gallery-columns-3 gallery-size-1170_658\" itemscope itemtype=\"http:\/\/schema.org\/ImageGallery\">\n\t\t\t\t<ul class=\"gallery-row gallery-col-3 gallery-clear\">\n\t\t\t\t\t<li class=\"gallery-item col-3\" itemprop=\"associatedMedia\" itemscope itemtype=\"http:\/\/schema.org\/ImageObject\">\n\t\t\t\t\t\t<div class=\"gallery-icon landscape\"><a href=\"https:\/\/www.salzburgerland.com\/pl\/wp-content\/uploads\/2024\/03\/lackenalmen-in-altenmarkt-zauchensee-1601x1067.jpg\" title=\"lackenalmen-in-altenmarkt-zauchensee\"><img decoding=\"async\" data-title=\"Kwitnc\u0105e, bujne alpejskie hale Lackenalmen w Altenmarkt-Zauchensee \u00a9 Matthias Fritzenwallner\" title=\"Kwitnc\u0105e, bujne alpejskie hale Lackenalmen w Altenmarkt-Zauchensee \u00a9 Matthias Fritzenwallner\" data-caption=\"Kwitnc\u0105e, bujne alpejskie hale Lackenalmen w Altenmarkt-Zauchensee \u00a9 Matthias Fritzenwallner\" width=\"1170\" height=\"658\" src=\"https:\/\/www.salzburgerland.com\/pl\/wp-content\/uploads\/2024\/03\/lackenalmen-in-altenmarkt-zauchensee-1170x658.jpg\" class=\"attachment-1170_658 size-1170_658\" alt=\"Alpejska \u0142\u0105ka z polnymi kwiatami, drewniane domki i g\u00f3ry Altenmarkt-Zauchensee pod czystym, b\u0142\u0119kitnym niebem. (Powi\u0119kszony widok)\" srcset=\"https:\/\/www.salzburgerland.com\/pl\/wp-content\/uploads\/2024\/03\/lackenalmen-in-altenmarkt-zauchensee-1170x658.jpg 1170w, https:\/\/www.salzburgerland.com\/pl\/wp-content\/uploads\/2024\/03\/lackenalmen-in-altenmarkt-zauchensee-1200x675.jpg 1200w\" sizes=\"(max-width: 1170px) 100vw, 1170px\" aria-describedby=\"figcaption-22459-22610\" itemprop=\"thumbnail\"><\/a><\/div>\n\t\t\t\t\t\t<span id=\"figcaption-22459-22610\" class=\"gallery-caption\" itemprop=\"caption\"><span aria-hidden=\"true\">Kwitnc\u0105e, bujne alpejskie hale Lackenalmen w Altenmarkt-Zauchensee \u00a9 Matthias Fritzenwallner<\/span><\/span>\n\t\t\t\t\t<\/li>\n\t\t\t\t\t<li class=\"gallery-item col-3\" itemprop=\"associatedMedia\" itemscope itemtype=\"http:\/\/schema.org\/ImageObject\">\n\t\t\t\t\t\t<div class=\"gallery-icon landscape\"><a href=\"https:\/\/www.salzburgerland.com\/pl\/wp-content\/uploads\/2024\/03\/sommerurlaub-in-altenmarkt-zauchensee-1601x1067.jpg\" title=\"sommerurlaub-in-altenmarkt-zauchensee\"><img decoding=\"async\" data-title=\"Lato w\u0119dr\u00f3wek na halach w Altenmarkt-Zauchensee \u00a9 Christian Schartner\" title=\"Lato w\u0119dr\u00f3wek na halach w Altenmarkt-Zauchensee \u00a9 Christian Schartner\" data-caption=\"Lato w\u0119dr\u00f3wek na halach w Altenmarkt-Zauchensee \u00a9 Christian Schartner\" width=\"1170\" height=\"658\" src=\"https:\/\/www.salzburgerland.com\/pl\/wp-content\/uploads\/2024\/03\/sommerurlaub-in-altenmarkt-zauchensee-1170x658.jpg\" class=\"attachment-1170_658 size-1170_658\" alt=\"Wsch\u00f3d s\u0142o\u0144ca nad trawiastym wzg\u00f3rzem w Altenmarkt-Zauchensee, z rozrzuconymi drzewami, chat\u0105 i g\u00f3rami. (Powi\u0119kszony widok)\" srcset=\"https:\/\/www.salzburgerland.com\/pl\/wp-content\/uploads\/2024\/03\/sommerurlaub-in-altenmarkt-zauchensee-1170x658.jpg 1170w, https:\/\/www.salzburgerland.com\/pl\/wp-content\/uploads\/2024\/03\/sommerurlaub-in-altenmarkt-zauchensee-1200x675.jpg 1200w\" sizes=\"(max-width: 1170px) 100vw, 1170px\" aria-describedby=\"figcaption-22459-22614\" itemprop=\"thumbnail\"><\/a><\/div>\n\t\t\t\t\t\t<span id=\"figcaption-22459-22614\" class=\"gallery-caption\" itemprop=\"caption\"><span aria-hidden=\"true\">Lato w\u0119dr\u00f3wek na halach w Altenmarkt-Zauchensee \u00a9 Christian Schartner<\/span><\/span>\n\t\t\t\t\t<\/li>\n\t\t\t\t\t<li class=\"gallery-item col-3\" itemprop=\"associatedMedia\" itemscope itemtype=\"http:\/\/schema.org\/ImageObject\">\n\t\t\t\t\t\t<div class=\"gallery-icon landscape\"><a href=\"https:\/\/www.salzburgerland.com\/pl\/wp-content\/uploads\/2024\/03\/wandern-in-altenmarkt-zauchensee-1601x1067.jpg\" title=\"wandern-in-altenmarkt-zauchensee\"><img decoding=\"async\" data-title=\"W raju turystyki pieszej - Zauchensee \u00a9 Lorenz Masser\" title=\"W raju turystyki pieszej - Zauchensee \u00a9 Lorenz Masser\" data-caption=\"W raju turystyki pieszej - Zauchensee \u00a9 Lorenz Masser\" width=\"1170\" height=\"658\" src=\"https:\/\/www.salzburgerland.com\/pl\/wp-content\/uploads\/2024\/03\/wandern-in-altenmarkt-zauchensee-1170x658.jpg\" class=\"attachment-1170_658 size-1170_658\" alt=\"Para turyst\u00f3w w\u0119druje brzegiem g\u00f3rskiego jeziora, po\u015br\u00f3d zielonych hal i szczyt\u00f3w pokrytych jeszcze \u015bniegiem. (Powi\u0119kszony widok)\" srcset=\"https:\/\/www.salzburgerland.com\/pl\/wp-content\/uploads\/2024\/03\/wandern-in-altenmarkt-zauchensee-1170x658.jpg 1170w, https:\/\/www.salzburgerland.com\/pl\/wp-content\/uploads\/2024\/03\/wandern-in-altenmarkt-zauchensee-1200x675.jpg 1200w\" sizes=\"(max-width: 1170px) 100vw, 1170px\" aria-describedby=\"figcaption-22459-22478\" itemprop=\"thumbnail\"><\/a><\/div>\n\t\t\t\t\t\t<span id=\"figcaption-22459-22478\" class=\"gallery-caption\" itemprop=\"caption\"><span aria-hidden=\"true\">W raju turystyki pieszej \u2013 Zauchensee \u00a9 Lorenz Masser<\/span><\/span>\n\t\t\t\t\t<\/li>\n\t\t\t\t<\/ul>\n\t\t\t<\/div><!-- .gallery -->\n\n<h3>W\u0119dr\u00f3wki z dzie\u0107mi<\/h3>\n<p>Wakacyjny raj w sercu Ziemi Salzburskiej jest szczeg\u00f3lnie atrakcyjny dla preferuj\u0105cych aktywno\u015b\u0107 <a href=\"https:\/\/www.altenmarkt-zauchensee.at\/en\/activities\/wandern-mit-kindern.html\" target=\"_blank\" rel=\"noopener\">rodzin z dzie\u0107mi<\/a>. Specjalne szlaki tematyczne i w\u0119dr\u00f3wki z przewodnikiem sprawiaj\u0105, \u017ce w\u0119dr\u00f3wki s\u0105 dla dzieci ekscytuj\u0105c\u0105 przygod\u0105. Szlaki te prowadz\u0105 w zapieraj\u0105cej dech w piersiach scenerii alpejskich szczyt\u00f3w i zapewniaj\u0105 mas\u0119 niezapomnianych wra\u017ce\u0144 i odkry\u0107. S\u0105 one odpowiednie tak\u017ce dla rodzic\u00f3w z ma\u0142ymi dzie\u0107mi \u2013 mo\u017cna pcha\u0107 po nich spacer\u00f3wki (koniecznie zaopatrzone w hamulec r\u0119czny!). Po drodze rodzice i ich pociech poznaj\u0105 np. zasady rolnictwa i \u015bwiat ksi\u0119\u017cyca, odkrywaj\u0105 nieznany im dot\u0105d \u015bwiat. Mniejsze dzieci mo\u017cna zabra\u0107 tak\u017ce w noside\u0142ku, ale taka w\u0119dr\u00f3wka nie powinna trwa\u0107 d\u0142u\u017cej ni 1,5 godziny. Pami\u0119tajmy! Dzieci w w\u00f3zku i noside\u0142ku powinny by\u0107 ubrane nieco cieplej ni\u017c rodzice!<\/p>\n<div id=\"attachment_22471\" style=\"width: 1180px\" class=\"wp-caption alignnone\"><img decoding=\"async\" aria-describedby=\"caption-attachment-22471\" class=\"size-1170_658 wp-image-22471\" src=\"https:\/\/www.salzburgerland.com\/pl\/wp-content\/uploads\/2024\/03\/familienwanderung-in-altenmarkt-zauchensee-1170x658.jpg\" alt=\"Rodzina z dzie\u0107mi w\u0119Druje szlakiem przez zielon\u0105 wysokog\u00f3rsk\u0105 \u0142\u0105k\u0119. W tle strome skalne \u015bciany.\" width=\"1170\" height=\"658\" srcset=\"https:\/\/www.salzburgerland.com\/pl\/wp-content\/uploads\/2024\/03\/familienwanderung-in-altenmarkt-zauchensee-1170x658.jpg 1170w, https:\/\/www.salzburgerland.com\/pl\/wp-content\/uploads\/2024\/03\/familienwanderung-in-altenmarkt-zauchensee-1200x675.jpg 1200w\" sizes=\"(max-width: 1170px) 100vw, 1170px\"><p id=\"caption-attachment-22471\" class=\"wp-caption-text\">W\u0119dr\u00f3wka z dzie\u0107mi na hal\u0119 Tauernkarleitenalm \u00a9 Matthias Fritzenwallner<\/p><\/div>\n<h3>10 zasad na w\u0119dr\u00f3wki z dzie\u0107mi<\/h3>\n<ul>\n<li>Organizuj w\u0119dr\u00f3wki odpowiednio do mo\u017cliwo\u015bci dzieci. R\u00f3b kr\u00f3tkie przerwy na <strong>gry i zabawy<\/strong>.<\/li>\n<li>Zaplanuj <strong>dwa razy wi\u0119cej czasu<\/strong> ni\u017c podaje przewodnik\/drogowskaz.<\/li>\n<li>Pami\u0119taj o zabraniu czapki i r\u0119kawiczek oraz <strong>ochronie przeciws\u0142onecznej i przeciwdeszczowej<\/strong>.<\/li>\n<li>Sprawd\u017a <strong>prognoz\u0119 pogody<\/strong> i zawr\u00f3\u0107 przy pierwszych znakach na zmian\u0119 pogody.<\/li>\n<li>Do <strong>kieszonkowej apteczki<\/strong> zapakuj plaster i \u015brodek przeciw owadom.<\/li>\n<li>Zapowiedz maluchom <strong>atrakcyjny cel wycieczki<\/strong> (plac zabaw, ma\u0142e zoo)<\/li>\n<li>Wybierz odzie\u017c, kt\u00f3ra szybko schnie i chroni przed zimnem.<\/li>\n<li>Buty dzieci\u0119ce musz\u0105 mie\u0107 <strong>profilowan\u0105 podeszw\u0119<\/strong>.<\/li>\n<li>Zabierz ze sob\u0105 wystarczaj\u0105co du\u017co <strong>prowiantu i napoj\u00f3w<\/strong>.<\/li>\n<li>Zabierz na\u0142adowan\u0105 <strong>kom\u00f3rk\u0119 z zapisanymi telefonami alarmowymi<\/strong>!<\/li>\n<\/ul>\n<div id=\"attachment_22481\" style=\"width: 1180px\" class=\"wp-caption alignnone\"><img decoding=\"async\" aria-describedby=\"caption-attachment-22481\" class=\"size-1170_658 wp-image-22481\" src=\"https:\/\/www.salzburgerland.com\/pl\/wp-content\/uploads\/2024\/03\/spazierweg-in-altenmarkt-zauchensee-1170x658.jpg\" alt=\"Rodzice, nastolatka i ma\u0142a dziewczynka id\u0105 na spacer drog\u0105 przez las.\" width=\"1170\" height=\"658\" srcset=\"https:\/\/www.salzburgerland.com\/pl\/wp-content\/uploads\/2024\/03\/spazierweg-in-altenmarkt-zauchensee-1170x658.jpg 1170w, https:\/\/www.salzburgerland.com\/pl\/wp-content\/uploads\/2024\/03\/spazierweg-in-altenmarkt-zauchensee-1200x675.jpg 1200w\" sizes=\"(max-width: 1170px) 100vw, 1170px\"><p id=\"caption-attachment-22481\" class=\"wp-caption-text\">Rodzinny spacer przze las \u00a9 Matthias Fritzenwallner<\/p><\/div>\n<h3>G\u00f3ra przyg\u00f3d Gamskogel w Zauchensee<\/h3>\n<p>Z Zauchensee na <a href=\"https:\/\/www.altenmarkt-zauchensee.at\/en\/activities\/seilbahnwandern.html\" target=\"_blank\" rel=\"noopener\">g\u00f3r\u0119<\/a> Gamskogel kursuje kolejka linowa Gamskogelbahn I (g\u00f3rna stacja 1 900 m n.p.m.). O\u015bmiominutowy spacer prowadzi do schroniska Gamskogelh\u00fctte, przy kt\u00f3rym le\u017cy <a href=\"https:\/\/www.zauchensee.at\/en\/sommer\/the-adventure-playground-at-the-gamskogel.html\" target=\"_blank\" rel=\"noopener\">przygodowy plac zabaw<\/a>. Przy schronisku bierze pocz\u0105tek okr\u0119\u017cny szlak\u00a0 do jeziora Seekarsee, gdzie mo\u017cna zatankowa\u0107 \u017cyciowej energii. W\u0119dr\u00f3wka zajmuje nieca\u0142\u0105 godzin\u0119. Na odcinku mi\u0119dy schroniskiem a jeziorem kursuje w szczycie wakacyjnego sezonu ciuchcia turystyczna \u201eZauchi\u201d.<\/p>\n<div id=\"attachment_22470\" style=\"width: 1180px\" class=\"wp-caption alignnone\"><img decoding=\"async\" aria-describedby=\"caption-attachment-22470\" class=\"wp-image-22470 size-1170_658\" src=\"https:\/\/www.salzburgerland.com\/pl\/wp-content\/uploads\/2024\/03\/seilbahnwandern-in-zauchensee-1170x658.jpg\" alt=\"Krajobraz z zielonymi wzg\u00f3rzami i poro\u015bni\u0119tymi lasem zboczami i wyci\u0105giem krzese\u0142kowym wioz\u0105cym rodzic\u00f3w z dw\u00f3jk\u0105 dzieci.\" width=\"1170\" height=\"658\" srcset=\"https:\/\/www.salzburgerland.com\/pl\/wp-content\/uploads\/2024\/03\/seilbahnwandern-in-zauchensee-1170x658.jpg 1170w, https:\/\/www.salzburgerland.com\/pl\/wp-content\/uploads\/2024\/03\/seilbahnwandern-in-zauchensee-1200x675.jpg 1200w\" sizes=\"(max-width: 1170px) 100vw, 1170px\"><p id=\"caption-attachment-22470\" class=\"wp-caption-text\">Wyci\u0105g krzese\u0142kowy na g\u00f3r\u0119 Gamskogel \u00a9 Liftgesellschaft Zauchensee<\/p><\/div>\n<h3>Stra\u017cnik w Altenmarkt-Zauchensee \u2013 g\u00f3ra Lackenkogel<\/h3>\n<p>Mi\u0142o\u015bnicy zdobywania g\u00f3rskich szczyt\u00f3w, kt\u00f3rzy czuj\u0105 si\u0119 silni, odwa\u017ani i niezwyci\u0119\u017ceni, powinni wspi\u0105\u0107 si\u0119 na lokaln\u0105 g\u00f3r\u0119 Lackenkogel. Lokalna g\u00f3ra g\u00f3ruje nad kurortem niczym stra\u017cnik. Alpejskie pastwiska Lackenalmen nale\u017c\u0105 do najpi\u0119kniejszych w regionie. Wok\u00f3\u0142 g\u00f3ry kr\u0105\u017cy legenda o stra\u017cniku, kt\u00f3ry zrobi\u0142 wszystko co w jego mocy, aby chroni\u0107 swoj\u0105 kr\u00f3low\u0105. ALe nauczy\u0142 j\u0105 tak\u017ce wierzy\u0107 we w\u0142asn\u0105 si\u0142\u0119 i rozwija\u0107 pewno\u015b\u0107 siebie. Lackenkogel jest jednym z 7 najpi\u0119kniejszych szczyt\u00f3w w Salzburskim Swiecie Sportu, kt\u00f3re zdobywa si\u0119w ramach <a href=\"https:\/\/www.altenmarkt-zauchensee.at\/en\/activities\/salzburger-gipfelspiel-1.html\" target=\"_blank\" rel=\"noopener\"><strong>Salzburskiej Gry na Szczytach<\/strong>.<\/a><\/p>\n\n\t\t\t<div id=\"22459-3\" class=\"gallery gallery-22459 gallery-columns-3 gallery-size-1170_658\" itemscope itemtype=\"http:\/\/schema.org\/ImageGallery\">\n\t\t\t\t<ul class=\"gallery-row gallery-col-3 gallery-clear\">\n\t\t\t\t\t<li class=\"gallery-item col-3\" itemprop=\"associatedMedia\" itemscope itemtype=\"http:\/\/schema.org\/ImageObject\">\n\t\t\t\t\t\t<div class=\"gallery-icon landscape\"><a href=\"https:\/\/www.salzburgerland.com\/pl\/wp-content\/uploads\/2024\/03\/gipfelwandern-in-altenmarkt-zauchensee-1599x1067.jpg\" title=\"gipfelwandern-in-altenmarkt-zauchensee\"><img decoding=\"async\" data-title=\"W drodze na szczyt Lackenkogel \u00a9 Nadia Jabli Photography\" title=\"W drodze na szczyt Lackenkogel \u00a9 Nadia Jabli Photography\" data-caption=\"W drodze na szczyt Lackenkogel \u00a9 Nadia Jabli Photography\" width=\"1170\" height=\"658\" src=\"https:\/\/www.salzburgerland.com\/pl\/wp-content\/uploads\/2024\/03\/gipfelwandern-in-altenmarkt-zauchensee-1170x658.jpg\" class=\"attachment-1170_658 size-1170_658\" alt=\"Turysta wspina si\u0119 po skalistym g\u00f3rskim szlaku o wschodzie s\u0142o\u0144ca w Altenmarkt-Zauchensee, z drzewami i odleg\u0142ymi szczytami. (Powi\u0119kszony widok)\" srcset=\"https:\/\/www.salzburgerland.com\/pl\/wp-content\/uploads\/2024\/03\/gipfelwandern-in-altenmarkt-zauchensee-1170x658.jpg 1170w, https:\/\/www.salzburgerland.com\/pl\/wp-content\/uploads\/2024\/03\/gipfelwandern-in-altenmarkt-zauchensee-1200x675.jpg 1200w\" sizes=\"(max-width: 1170px) 100vw, 1170px\" aria-describedby=\"figcaption-22459-22607\" itemprop=\"thumbnail\"><\/a><\/div>\n\t\t\t\t\t\t<span id=\"figcaption-22459-22607\" class=\"gallery-caption\" itemprop=\"caption\"><span aria-hidden=\"true\">W drodze na szczyt Lackenkogel \u00a9 Nadia Jabli Photography<\/span><\/span>\n\t\t\t\t\t<\/li>\n\t\t\t\t\t<li class=\"gallery-item col-3\" itemprop=\"associatedMedia\" itemscope itemtype=\"http:\/\/schema.org\/ImageObject\">\n\t\t\t\t\t\t<div class=\"gallery-icon landscape\"><a href=\"https:\/\/www.salzburgerland.com\/pl\/wp-content\/uploads\/2024\/03\/gipfelwanderung-lackenkogel-in-altenmarkt-zauchensee-1599x1067.jpg\" title=\"gipfelwanderung-lackenkogel-in-altenmarkt-zauchensee\"><img decoding=\"async\" data-title=\"Na szczycie Lackenkogel \u00a9 Christian Schartner\" title=\"Na szczycie Lackenkogel \u00a9 Christian Schartner\" data-caption=\"Na szczycie Lackenkogel \u00a9 Christian Schartner\" width=\"1170\" height=\"658\" src=\"https:\/\/www.salzburgerland.com\/pl\/wp-content\/uploads\/2024\/03\/gipfelwanderung-lackenkogel-in-altenmarkt-zauchensee-1170x658.jpg\" class=\"attachment-1170_658 size-1170_658\" alt=\"Para w\u0119drowc\u00f3w rozpoczyna powr\u00f3t ze szczytu Lackenkogel. Za ich plecami krzy\u017c na szczycie. (Powi\u0119kszony widok)\" srcset=\"https:\/\/www.salzburgerland.com\/pl\/wp-content\/uploads\/2024\/03\/gipfelwanderung-lackenkogel-in-altenmarkt-zauchensee-1170x658.jpg 1170w, https:\/\/www.salzburgerland.com\/pl\/wp-content\/uploads\/2024\/03\/gipfelwanderung-lackenkogel-in-altenmarkt-zauchensee-1200x675.jpg 1200w\" sizes=\"(max-width: 1170px) 100vw, 1170px\" aria-describedby=\"figcaption-22459-22475\" itemprop=\"thumbnail\"><\/a><\/div>\n\t\t\t\t\t\t<span id=\"figcaption-22459-22475\" class=\"gallery-caption\" itemprop=\"caption\"><span aria-hidden=\"true\">Na szczycie Lackenkogel \u00a9 Christian Schartner<\/span><\/span>\n\t\t\t\t\t<\/li>\n\t\t\t\t\t<li class=\"gallery-item col-3\" itemprop=\"associatedMedia\" itemscope itemtype=\"http:\/\/schema.org\/ImageObject\">\n\t\t\t\t\t\t<div class=\"gallery-icon landscape\"><a href=\"https:\/\/www.salzburgerland.com\/pl\/wp-content\/uploads\/2024\/03\/alm-in-altenmarkt-zauchensee-1601x1067.jpg\" title=\"alm-in-altenmarkt-zauchensee\"><img decoding=\"async\" data-title=\"Alpejska bac\u00f3wka na hali  \u00a9 Christian Schartner\" title=\"Alpejska bac\u00f3wka na hali  \u00a9 Christian Schartner\" data-caption=\"Alpejska bac\u00f3wka na hali  \u00a9 Christian Schartner\" width=\"1170\" height=\"658\" src=\"https:\/\/www.salzburgerland.com\/pl\/wp-content\/uploads\/2024\/03\/alm-in-altenmarkt-zauchensee-1170x658.jpg\" class=\"attachment-1170_658 size-1170_658\" alt=\"Rustykalny drewniany domek w Altenmarkt-Zauchensee, metalowe wiadra na \u015bcianie, kwiaty poni\u017cej, ogrodzenie i drzewa z ty\u0142u. (Powi\u0119kszony widok)\" srcset=\"https:\/\/www.salzburgerland.com\/pl\/wp-content\/uploads\/2024\/03\/alm-in-altenmarkt-zauchensee-1170x658.jpg 1170w, https:\/\/www.salzburgerland.com\/pl\/wp-content\/uploads\/2024\/03\/alm-in-altenmarkt-zauchensee-1200x675.jpg 1200w\" sizes=\"(max-width: 1170px) 100vw, 1170px\" aria-describedby=\"figcaption-22459-22606\" itemprop=\"thumbnail\"><\/a><\/div>\n\t\t\t\t\t\t<span id=\"figcaption-22459-22606\" class=\"gallery-caption\" itemprop=\"caption\"><span aria-hidden=\"true\">Alpejska bac\u00f3wka na hali  \u00a9 Christian Schartner<\/span><\/span>\n\t\t\t\t\t<\/li>\n\t\t\t\t<\/ul>\n\t\t\t<\/div><!-- .gallery -->\n\n<h3>Hale i bac\u00f3wki<\/h3>\n<p>Podczas pieszych w\u0119dr\u00f3wek szlakami w Altenmarkt-Zauchensee spotkach po drodze liczne <a href=\"https:\/\/www.salzburgerland.com\/pl\/salzburskie-lato-na-halach\/\" target=\"_blank\" rel=\"noopener\"><strong>alpejskie hale<\/strong><\/a>, a na nich <strong><a href=\"https:\/\/www.altenmarkt-zauchensee.at\/en\/activities\/almen-und-huetten.html\" target=\"_blank\" rel=\"noopener\">tradycyjne bac\u00f3wki, schroniska g\u00f3rskie i rustykalne gospody<\/a><\/strong>. Tutaj odpoczniesz w przyjemnych klimatach i wzmocnisz si\u0119 lokalnymi specja\u0142ami. Ziemia Salzburska posaida najwi\u0119cej w Austrii alpejskich hal i bac\u00f3wek, a Altenmarkt-Zauchensee le\u017cy w samym jej centrum. Alpejskie chaty s\u0105 tym, czego potrzebuje ka\u017cdy turysta na szlaku. Lokalni gospodarze przyjm\u0105 wszystkich serdecznie i uracz\u0105 orze\u017awiaj\u0105cymi napojami i domowymi przysmakami.<\/p>\n<div id=\"attachment_22344\" style=\"width: 1180px\" class=\"wp-caption alignnone\"><img decoding=\"async\" aria-describedby=\"caption-attachment-22344\" class=\"size-1170_658 wp-image-22344\" src=\"https:\/\/www.salzburgerland.com\/pl\/wp-content\/uploads\/2024\/03\/thumbnail-1170x658.jpg\" alt=\"Na drewnianej desce podane s\u0105 r\u00f3\u017cne sery, boczek, szynka, mas\u0142o, og\u00f3rki konserwowe i papryczki marynowane.\" width=\"1170\" height=\"658\" srcset=\"https:\/\/www.salzburgerland.com\/pl\/wp-content\/uploads\/2024\/03\/thumbnail-1170x658.jpg 1170w, https:\/\/www.salzburgerland.com\/pl\/wp-content\/uploads\/2024\/03\/thumbnail-1200x675.jpg 1200w\" sizes=\"(max-width: 1170px) 100vw, 1170px\"><p id=\"caption-attachment-22344\" class=\"wp-caption-text\">W bac\u00f3wce Tauernkarleitenalm podawana jest tradycyjna przek\u0105ska na desce \u00a9 Lorenz Masser<\/p><\/div>\n<h3>Autobus turystyczny<\/h3>\n<p>Do najpi\u0119kniejszych szlak\u00f3w w\u0119drownych w Salzburskim Swiecie Sportu, Obertauern, Gro\u00dfarl i H\u00fcttschlag zawozi turyst\u00f3w spod hotelu lub centrum kurortu <a href=\"https:\/\/www.altenmarkt-zauchensee.at\/en\/activities\/salzburger-sportwelt-bus.html\" target=\"_blank\" rel=\"noopener\"><strong>autobus turystyczny<\/strong><\/a>, kt\u00f3ry kosztuje jedynie 1,00 EUR. Dzi\u0119ki temu wygodnemu serwisowi samoch\u00f3d mo\u017ce zosta\u0107 w gara\u017cu hotelu.<\/p>\n","protected":false},"excerpt":{"rendered":"<p>Kurort Altenmarkt-Zauchensee jest idealnym miejscem dla wszystkich, kt\u00f3rzy kochaj\u0105 g\u00f3ry i preferuj\u0105 aktywny wypoczynek na \u0142onie natury. Tu czekaj\u0105 na nich alpejskie hale i g\u00f3rskie szczyty oraz fantastyczne szlaki w\u0119drowne o ka\u017cdej stopniu trudno\u015bci. Kto woli relaksuj\u0105ce, rodzinne wakacje, wybiera Altenmarkt (842 m n.p.m.), a kogo poci\u0105ga sportowe wyzwanie, znajdzie je w Zauchensee (1350 m [&hellip;]<\/p>\n","protected":false},"author":4,"featured_media":22460,"comment_status":"closed","ping_status":"closed","sticky":false,"template":"","format":"standard","meta":{"_acf_changed":false,"wl_entities_gutenberg":"","_relevanssi_hide_post":"","_relevanssi_hide_content":"","_relevanssi_pin_for_all":"","_relevanssi_pin_keywords":"","_relevanssi_unpin_keywords":"","_relevanssi_related_keywords":"","_relevanssi_related_include_ids":"","_relevanssi_related_exclude_ids":"","_relevanssi_related_no_append":"","_relevanssi_related_not_related":"","_relevanssi_related_posts":"","_relevanssi_noindex_reason":"","footnotes":""},"categories":[1],"tags":[],"wl_entity_type":[300],"class_list":["post-22459","post","type-post","status-publish","format-standard","has-post-thumbnail","hentry","category-uncategorized","wl_entity_type-article"],"acf":[],"yoast_head":"<!-- This site is optimized with the Yoast SEO Premium plugin v27.4 (Yoast SEO v27.4) - https:\/\/yoast.com\/product\/yoast-seo-premium-wordpress\/ -->\n<title>Turystyka piesza w Altenmarkt-Zauchensee \u00bb SalzburgerLand.com<\/title>\n<meta name=\"description\" content=\"Region, w kt\u00f3rym blisko siebie le\u017c\u0105 dwa diametralnie r\u00f3\u017cne tereny w\u0119drowne, zaprasza na lekkie w\u0119dr\u00f3wki i zdobywanie szczyt\u00f3w.\" \/>\n<meta name=\"robots\" content=\"index, follow, max-snippet:-1, max-image-preview:large, max-video-preview:-1\" \/>\n<link rel=\"canonical\" href=\"https:\/\/www.salzburgerland.com\/pl\/altenmarkt-zauchensee-turystyka-piesza\/\" \/>\n<meta property=\"og:locale\" content=\"pl_PL\" \/>\n<meta property=\"og:type\" content=\"article\" \/>\n<meta property=\"og:title\" content=\"Turystyka piesza w Altenmarkt-Zauchensee\" \/>\n<meta property=\"og:description\" content=\"Kurort Altenmarkt-Zauchensee jest idealnym miejscem dla wszystkich, kt\u00f3rzy kochaj\u0105 g\u00f3ry i preferuj\u0105 aktywny wypoczynek na \u0142onie natury. Tu czekaj\u0105 na nich\" \/>\n<meta property=\"og:url\" content=\"https:\/\/www.salzburgerland.com\/pl\/altenmarkt-zauchensee-turystyka-piesza\/\" \/>\n<meta property=\"og:site_name\" content=\"SalzburgerLand.com\" \/>\n<meta property=\"article:publisher\" content=\"https:\/\/www.facebook.com\/visitsalzburgerland\/\" \/>\n<meta property=\"article:published_time\" content=\"2024-03-16T20:18:50+00:00\" \/>\n<meta property=\"article:modified_time\" content=\"2024-04-03T09:10:47+00:00\" \/>\n<meta property=\"og:image\" content=\"https:\/\/www.salzburgerland.com\/pl\/wp-content\/uploads\/2024\/03\/fruhlingswandern-in-altenmarkt-zauchensee-1200x675.jpg\" \/>\n\t<meta property=\"og:image:width\" content=\"1200\" \/>\n\t<meta property=\"og:image:height\" content=\"675\" \/>\n\t<meta property=\"og:image:type\" content=\"image\/jpeg\" \/>\n<meta name=\"author\" content=\"Izabela Gartner\" \/>\n<meta name=\"twitter:card\" content=\"summary_large_image\" \/>\n<meta name=\"twitter:creator\" content=\"@salzburgerland\" \/>\n<meta name=\"twitter:site\" content=\"@salzburgerland\" \/>\n<meta name=\"twitter:label1\" content=\"Napisane przez\" \/>\n\t<meta name=\"twitter:data1\" content=\"Izabela Gartner\" \/>\n\t<meta name=\"twitter:label2\" content=\"Szacowany czas czytania\" \/>\n\t<meta name=\"twitter:data2\" content=\"7 minut\" \/>\n<script type=\"application\/ld+json\" class=\"yoast-schema-graph\">{\"@context\":\"https:\\\/\\\/schema.org\",\"@graph\":[{\"@type\":\"Article\",\"@id\":\"https:\\\/\\\/www.salzburgerland.com\\\/pl\\\/altenmarkt-zauchensee-turystyka-piesza\\\/#article\",\"isPartOf\":{\"@id\":\"https:\\\/\\\/www.salzburgerland.com\\\/pl\\\/altenmarkt-zauchensee-turystyka-piesza\\\/\"},\"author\":{\"name\":\"Izabela Gartner\",\"@id\":\"https:\\\/\\\/www.salzburgerland.com\\\/pl\\\/#\\\/schema\\\/person\\\/c10420e9897d4ca984317db556f04804\"},\"headline\":\"Turystyka piesza w Altenmarkt-Zauchensee\",\"datePublished\":\"2024-03-16T20:18:50+00:00\",\"dateModified\":\"2024-04-03T09:10:47+00:00\",\"mainEntityOfPage\":{\"@id\":\"https:\\\/\\\/www.salzburgerland.com\\\/pl\\\/altenmarkt-zauchensee-turystyka-piesza\\\/\"},\"wordCount\":1019,\"image\":{\"@id\":\"https:\\\/\\\/www.salzburgerland.com\\\/pl\\\/altenmarkt-zauchensee-turystyka-piesza\\\/#primaryimage\"},\"thumbnailUrl\":\"https:\\\/\\\/www.salzburgerland.com\\\/pl\\\/wp-content\\\/uploads\\\/2024\\\/03\\\/fruhlingswandern-in-altenmarkt-zauchensee.jpg\",\"articleSection\":[\"Uncategorized\"],\"inLanguage\":\"pl-PL\"},{\"@type\":\"WebPage\",\"@id\":\"https:\\\/\\\/www.salzburgerland.com\\\/pl\\\/altenmarkt-zauchensee-turystyka-piesza\\\/\",\"url\":\"https:\\\/\\\/www.salzburgerland.com\\\/pl\\\/altenmarkt-zauchensee-turystyka-piesza\\\/\",\"name\":\"Turystyka piesza w Altenmarkt-Zauchensee \u00bb SalzburgerLand.com\",\"isPartOf\":{\"@id\":\"https:\\\/\\\/www.salzburgerland.com\\\/pl\\\/#website\"},\"primaryImageOfPage\":{\"@id\":\"https:\\\/\\\/www.salzburgerland.com\\\/pl\\\/altenmarkt-zauchensee-turystyka-piesza\\\/#primaryimage\"},\"image\":{\"@id\":\"https:\\\/\\\/www.salzburgerland.com\\\/pl\\\/altenmarkt-zauchensee-turystyka-piesza\\\/#primaryimage\"},\"thumbnailUrl\":\"https:\\\/\\\/www.salzburgerland.com\\\/pl\\\/wp-content\\\/uploads\\\/2024\\\/03\\\/fruhlingswandern-in-altenmarkt-zauchensee.jpg\",\"datePublished\":\"2024-03-16T20:18:50+00:00\",\"dateModified\":\"2024-04-03T09:10:47+00:00\",\"author\":{\"@id\":\"https:\\\/\\\/www.salzburgerland.com\\\/pl\\\/#\\\/schema\\\/person\\\/c10420e9897d4ca984317db556f04804\"},\"description\":\"Region, w kt\u00f3rym blisko siebie le\u017c\u0105 dwa diametralnie r\u00f3\u017cne tereny w\u0119drowne, zaprasza na lekkie w\u0119dr\u00f3wki i zdobywanie szczyt\u00f3w.\",\"breadcrumb\":{\"@id\":\"https:\\\/\\\/www.salzburgerland.com\\\/pl\\\/altenmarkt-zauchensee-turystyka-piesza\\\/#breadcrumb\"},\"inLanguage\":\"pl-PL\",\"potentialAction\":[{\"@type\":\"ReadAction\",\"target\":[\"https:\\\/\\\/www.salzburgerland.com\\\/pl\\\/altenmarkt-zauchensee-turystyka-piesza\\\/\"]}]},{\"@type\":\"ImageObject\",\"inLanguage\":\"pl-PL\",\"@id\":\"https:\\\/\\\/www.salzburgerland.com\\\/pl\\\/altenmarkt-zauchensee-turystyka-piesza\\\/#primaryimage\",\"url\":\"https:\\\/\\\/www.salzburgerland.com\\\/pl\\\/wp-content\\\/uploads\\\/2024\\\/03\\\/fruhlingswandern-in-altenmarkt-zauchensee.jpg\",\"contentUrl\":\"https:\\\/\\\/www.salzburgerland.com\\\/pl\\\/wp-content\\\/uploads\\\/2024\\\/03\\\/fruhlingswandern-in-altenmarkt-zauchensee.jpg\",\"width\":1920,\"height\":1280,\"caption\":\"Wiosenna w\u0119dr\u00f3wka na hali Lackenalm w Altenmarkt-Zauchensee \u00a9 Lorenz Masser\"},{\"@type\":\"BreadcrumbList\",\"@id\":\"https:\\\/\\\/www.salzburgerland.com\\\/pl\\\/altenmarkt-zauchensee-turystyka-piesza\\\/#breadcrumb\",\"itemListElement\":[{\"@type\":\"ListItem\",\"position\":1,\"name\":\"Lato w Altenmarkt-Zauchensee\",\"item\":\"https:\\\/\\\/www.salzburgerland.com\\\/pl\\\/altenmarkt-zauchensee-lato\\\/\"},{\"@type\":\"ListItem\",\"position\":2,\"name\":\"Turystyka piesza w Altenmarkt-Zauchensee\"}]},{\"@type\":\"WebSite\",\"@id\":\"https:\\\/\\\/www.salzburgerland.com\\\/pl\\\/#website\",\"url\":\"https:\\\/\\\/www.salzburgerland.com\\\/pl\\\/\",\"name\":\"SalzburgerLand.com\",\"description\":\"Urlop Salzburg : hotele : turystyka Ziemia Salzburska : kultura : rodzinny urlop Ziemia Salzburska : informacja turystyczna : noclegi Austria : aktywny wypoczynek\",\"potentialAction\":[{\"@type\":\"SearchAction\",\"target\":{\"@type\":\"EntryPoint\",\"urlTemplate\":\"https:\\\/\\\/www.salzburgerland.com\\\/pl\\\/?s={search_term_string}\"},\"query-input\":{\"@type\":\"PropertyValueSpecification\",\"valueRequired\":true,\"valueName\":\"search_term_string\"}}],\"inLanguage\":\"pl-PL\"},{\"@type\":\"Person\",\"@id\":\"https:\\\/\\\/www.salzburgerland.com\\\/pl\\\/#\\\/schema\\\/person\\\/c10420e9897d4ca984317db556f04804\",\"name\":\"Izabela Gartner\",\"image\":{\"@type\":\"ImageObject\",\"inLanguage\":\"pl-PL\",\"@id\":\"https:\\\/\\\/secure.gravatar.com\\\/avatar\\\/062a6263a145aaa718f0b029a735b6557e456ff63f9e65056a4352d3c0a06e4d?s=96&d=mm&r=g\",\"url\":\"https:\\\/\\\/secure.gravatar.com\\\/avatar\\\/062a6263a145aaa718f0b029a735b6557e456ff63f9e65056a4352d3c0a06e4d?s=96&d=mm&r=g\",\"contentUrl\":\"https:\\\/\\\/secure.gravatar.com\\\/avatar\\\/062a6263a145aaa718f0b029a735b6557e456ff63f9e65056a4352d3c0a06e4d?s=96&d=mm&r=g\",\"caption\":\"Izabela Gartner\"}}]}<\/script>\n<!-- \/ Yoast SEO Premium plugin. -->","yoast_head_json":{"title":"Turystyka piesza w Altenmarkt-Zauchensee \u00bb SalzburgerLand.com","description":"Region, w kt\u00f3rym blisko siebie le\u017c\u0105 dwa diametralnie r\u00f3\u017cne tereny w\u0119drowne, zaprasza na lekkie w\u0119dr\u00f3wki i zdobywanie szczyt\u00f3w.","robots":{"index":"index","follow":"follow","max-snippet":"max-snippet:-1","max-image-preview":"max-image-preview:large","max-video-preview":"max-video-preview:-1"},"canonical":"https:\/\/www.salzburgerland.com\/pl\/altenmarkt-zauchensee-turystyka-piesza\/","og_locale":"pl_PL","og_type":"article","og_title":"Turystyka piesza w Altenmarkt-Zauchensee","og_description":"Kurort Altenmarkt-Zauchensee jest idealnym miejscem dla wszystkich, kt\u00f3rzy kochaj\u0105 g\u00f3ry i preferuj\u0105 aktywny wypoczynek na \u0142onie natury. Tu czekaj\u0105 na nich","og_url":"https:\/\/www.salzburgerland.com\/pl\/altenmarkt-zauchensee-turystyka-piesza\/","og_site_name":"SalzburgerLand.com","article_publisher":"https:\/\/www.facebook.com\/visitsalzburgerland\/","article_published_time":"2024-03-16T20:18:50+00:00","article_modified_time":"2024-04-03T09:10:47+00:00","og_image":[{"width":1200,"height":675,"url":"https:\/\/www.salzburgerland.com\/pl\/wp-content\/uploads\/2024\/03\/fruhlingswandern-in-altenmarkt-zauchensee-1200x675.jpg","type":"image\/jpeg"}],"author":"Izabela Gartner","twitter_card":"summary_large_image","twitter_creator":"@salzburgerland","twitter_site":"@salzburgerland","twitter_misc":{"Napisane przez":"Izabela Gartner","Szacowany czas czytania":"7 minut"},"schema":{"@context":"https:\/\/schema.org","@graph":[{"@type":"Article","@id":"https:\/\/www.salzburgerland.com\/pl\/altenmarkt-zauchensee-turystyka-piesza\/#article","isPartOf":{"@id":"https:\/\/www.salzburgerland.com\/pl\/altenmarkt-zauchensee-turystyka-piesza\/"},"author":{"name":"Izabela Gartner","@id":"https:\/\/www.salzburgerland.com\/pl\/#\/schema\/person\/c10420e9897d4ca984317db556f04804"},"headline":"Turystyka piesza w Altenmarkt-Zauchensee","datePublished":"2024-03-16T20:18:50+00:00","dateModified":"2024-04-03T09:10:47+00:00","mainEntityOfPage":{"@id":"https:\/\/www.salzburgerland.com\/pl\/altenmarkt-zauchensee-turystyka-piesza\/"},"wordCount":1019,"image":{"@id":"https:\/\/www.salzburgerland.com\/pl\/altenmarkt-zauchensee-turystyka-piesza\/#primaryimage"},"thumbnailUrl":"https:\/\/www.salzburgerland.com\/pl\/wp-content\/uploads\/2024\/03\/fruhlingswandern-in-altenmarkt-zauchensee.jpg","articleSection":["Uncategorized"],"inLanguage":"pl-PL"},{"@type":"WebPage","@id":"https:\/\/www.salzburgerland.com\/pl\/altenmarkt-zauchensee-turystyka-piesza\/","url":"https:\/\/www.salzburgerland.com\/pl\/altenmarkt-zauchensee-turystyka-piesza\/","name":"Turystyka piesza w Altenmarkt-Zauchensee \u00bb SalzburgerLand.com","isPartOf":{"@id":"https:\/\/www.salzburgerland.com\/pl\/#website"},"primaryImageOfPage":{"@id":"https:\/\/www.salzburgerland.com\/pl\/altenmarkt-zauchensee-turystyka-piesza\/#primaryimage"},"image":{"@id":"https:\/\/www.salzburgerland.com\/pl\/altenmarkt-zauchensee-turystyka-piesza\/#primaryimage"},"thumbnailUrl":"https:\/\/www.salzburgerland.com\/pl\/wp-content\/uploads\/2024\/03\/fruhlingswandern-in-altenmarkt-zauchensee.jpg","datePublished":"2024-03-16T20:18:50+00:00","dateModified":"2024-04-03T09:10:47+00:00","author":{"@id":"https:\/\/www.salzburgerland.com\/pl\/#\/schema\/person\/c10420e9897d4ca984317db556f04804"},"description":"Region, w kt\u00f3rym blisko siebie le\u017c\u0105 dwa diametralnie r\u00f3\u017cne tereny w\u0119drowne, zaprasza na lekkie w\u0119dr\u00f3wki i zdobywanie szczyt\u00f3w.","breadcrumb":{"@id":"https:\/\/www.salzburgerland.com\/pl\/altenmarkt-zauchensee-turystyka-piesza\/#breadcrumb"},"inLanguage":"pl-PL","potentialAction":[{"@type":"ReadAction","target":["https:\/\/www.salzburgerland.com\/pl\/altenmarkt-zauchensee-turystyka-piesza\/"]}]},{"@type":"ImageObject","inLanguage":"pl-PL","@id":"https:\/\/www.salzburgerland.com\/pl\/altenmarkt-zauchensee-turystyka-piesza\/#primaryimage","url":"https:\/\/www.salzburgerland.com\/pl\/wp-content\/uploads\/2024\/03\/fruhlingswandern-in-altenmarkt-zauchensee.jpg","contentUrl":"https:\/\/www.salzburgerland.com\/pl\/wp-content\/uploads\/2024\/03\/fruhlingswandern-in-altenmarkt-zauchensee.jpg","width":1920,"height":1280,"caption":"Wiosenna w\u0119dr\u00f3wka na hali Lackenalm w Altenmarkt-Zauchensee \u00a9 Lorenz Masser"},{"@type":"BreadcrumbList","@id":"https:\/\/www.salzburgerland.com\/pl\/altenmarkt-zauchensee-turystyka-piesza\/#breadcrumb","itemListElement":[{"@type":"ListItem","position":1,"name":"Lato w Altenmarkt-Zauchensee","item":"https:\/\/www.salzburgerland.com\/pl\/altenmarkt-zauchensee-lato\/"},{"@type":"ListItem","position":2,"name":"Turystyka piesza w Altenmarkt-Zauchensee"}]},{"@type":"WebSite","@id":"https:\/\/www.salzburgerland.com\/pl\/#website","url":"https:\/\/www.salzburgerland.com\/pl\/","name":"SalzburgerLand.com","description":"Urlop Salzburg : hotele : turystyka Ziemia Salzburska : kultura : rodzinny urlop Ziemia Salzburska : informacja turystyczna : noclegi Austria : aktywny wypoczynek","potentialAction":[{"@type":"SearchAction","target":{"@type":"EntryPoint","urlTemplate":"https:\/\/www.salzburgerland.com\/pl\/?s={search_term_string}"},"query-input":{"@type":"PropertyValueSpecification","valueRequired":true,"valueName":"search_term_string"}}],"inLanguage":"pl-PL"},{"@type":"Person","@id":"https:\/\/www.salzburgerland.com\/pl\/#\/schema\/person\/c10420e9897d4ca984317db556f04804","name":"Izabela Gartner","image":{"@type":"ImageObject","inLanguage":"pl-PL","@id":"https:\/\/secure.gravatar.com\/avatar\/062a6263a145aaa718f0b029a735b6557e456ff63f9e65056a4352d3c0a06e4d?s=96&d=mm&r=g","url":"https:\/\/secure.gravatar.com\/avatar\/062a6263a145aaa718f0b029a735b6557e456ff63f9e65056a4352d3c0a06e4d?s=96&d=mm&r=g","contentUrl":"https:\/\/secure.gravatar.com\/avatar\/062a6263a145aaa718f0b029a735b6557e456ff63f9e65056a4352d3c0a06e4d?s=96&d=mm&r=g","caption":"Izabela Gartner"}}]}},"_wl_alt_label":[],"wl:entity_url":"http:\/\/open.salzburgerland.com\/pl\/post\/wedrowki-w-altenmarkt-zauchensee-22459","_links":{"self":[{"href":"https:\/\/www.salzburgerland.com\/pl\/wp-json\/wp\/v2\/posts\/22459","targetHints":{"allow":["GET"]}}],"collection":[{"href":"https:\/\/www.salzburgerland.com\/pl\/wp-json\/wp\/v2\/posts"}],"about":[{"href":"https:\/\/www.salzburgerland.com\/pl\/wp-json\/wp\/v2\/types\/post"}],"author":[{"embeddable":true,"href":"https:\/\/www.salzburgerland.com\/pl\/wp-json\/wp\/v2\/users\/4"}],"replies":[{"embeddable":true,"href":"https:\/\/www.salzburgerland.com\/pl\/wp-json\/wp\/v2\/comments?post=22459"}],"version-history":[{"count":5,"href":"https:\/\/www.salzburgerland.com\/pl\/wp-json\/wp\/v2\/posts\/22459\/revisions"}],"predecessor-version":[{"id":22951,"href":"https:\/\/www.salzburgerland.com\/pl\/wp-json\/wp\/v2\/posts\/22459\/revisions\/22951"}],"wp:featuredmedia":[{"embeddable":true,"href":"https:\/\/www.salzburgerland.com\/pl\/wp-json\/wp\/v2\/media\/22460"}],"wp:attachment":[{"href":"https:\/\/www.salzburgerland.com\/pl\/wp-json\/wp\/v2\/media?parent=22459"}],"wp:term":[{"taxonomy":"category","embeddable":true,"href":"https:\/\/www.salzburgerland.com\/pl\/wp-json\/wp\/v2\/categories?post=22459"},{"taxonomy":"post_tag","embeddable":true,"href":"https:\/\/www.salzburgerland.com\/pl\/wp-json\/wp\/v2\/tags?post=22459"},{"taxonomy":"wl_entity_type","embeddable":true,"href":"https:\/\/www.salzburgerland.com\/pl\/wp-json\/wp\/v2\/wl_entity_type?post=22459"}],"curies":[{"name":"wp","href":"https:\/\/api.w.org\/{rel}","templated":true}]}}