{"id":21621,"date":"2023-10-12T12:28:53","date_gmt":"2023-10-12T10:28:53","guid":{"rendered":"https:\/\/www.salzburgerland.com\/pl\/?p=21621"},"modified":"2025-10-16T19:58:24","modified_gmt":"2025-10-16T17:58:24","slug":"ski-openings","status":"publish","type":"post","link":"https:\/\/www.salzburgerland.com\/pl\/ski-openings\/","title":{"rendered":"Inauguracje sezonu narciarskiego"},"content":{"rendered":"<p>Region\u00f3w narciarskich Ziemi Salzburskiej nie trzeba specjalnie rekomendowa\u0107. Od dawna znana jest tutejsza nowoczesna infrastruktura narciarska, komfortowe kolejki g\u00f3rskie i wyci\u0105gi, zadbane i starannie oznakowane setki kilometr\u00f3w tras zjazdowych, funparki i halpajpy dla snowboardzist\u00f3w, niezawodne warunki \u015bniegowe, atrakcyjna oferta dla narciarzy biegowych i mi\u0142o\u015bnik\u00f3w spokojnego wypoczynku w\u015br\u00f3d zimowej natury. Wszystko to przyci\u0105ga co roku rzesze mi\u0142o\u015bnik\u00f3w bia\u0142ego szale\u0144stwa. A oto najwa\u017cniejsze inauguracje sezonu w narciarskiego w salzburskich regionach:<\/p>\n<h2><a href=\"https:\/\/www.obertauern.com\/en\/events\/ski-opening.html\" target=\"_blank\" rel=\"noopener\">Skiopening Obertauern 2025<\/a><\/h2>\n<h3>28.11.-5.12.2025<\/h3>\n<p>Kiedy spadnie pierwszy \u015bnieg, g\u00f3ry pokryj\u0105 si\u0119 bia\u0142ym blaskiem, a stoki w <a href=\"https:\/\/www.salzburgerland.com\/pl\/obertauern-zima\/\" target=\"_blank\" rel=\"noopener\"><strong>Obertauern<\/strong><\/a> zn\u00f3w o\u017cyj\u0105, nadejdzie czas na rozpocz\u0119cie sezonu zimowego. A ten w 2025 roku ma by\u0107 wyj\u0105tkowy! Sezon narciarski o\u015brodek otworzy dwiema muzycznymi atrakcjami, kt\u00f3re zapewni\u0105 niepowtarzaln\u0105 atmosfer\u0119: <strong>28 listopada<\/strong> swoje kultowe piosenki wykona w alpejskiej scenerii <strong>Seiler und Speer<\/strong> , a zaledwie tydzie\u0144 p\u00f3\u017aniej, <strong>5 grudnia<\/strong>, popularny duet Austropop \u2013 <strong>Edmund.<\/strong>\u00a0Dwa magiczne wieczory pod o\u015bnie\u017conymi szczytami, pe\u0142ne muzyki, emocji i wspania\u0142ej imprezowej atmosfery.<\/p>\n<div id=\"attachment_21633\" style=\"width: 1180px\" class=\"wp-caption alignnone\"><img decoding=\"async\" aria-describedby=\"caption-attachment-21633\" class=\"wp-image-21633 size-1170_658\" src=\"https:\/\/www.salzburgerland.com\/pl\/wp-content\/uploads\/2023\/10\/teaser-perfektes-skifahren-1200x675-1-1170x658.jpg\" alt=\"Narciarz szusuj\u0105cy na idealnym, dziewiczym \u015bnie\u017cnym sztruksie na stoku w Obertauern. W tle o\u015bnie\u017cone szczyty Alp.\" width=\"1170\" height=\"658\" srcset=\"https:\/\/www.salzburgerland.com\/pl\/wp-content\/uploads\/2023\/10\/teaser-perfektes-skifahren-1200x675-1-1170x658.jpg 1170w, https:\/\/www.salzburgerland.com\/pl\/wp-content\/uploads\/2023\/10\/teaser-perfektes-skifahren-1200x675-1-768x432.jpg 768w, https:\/\/www.salzburgerland.com\/pl\/wp-content\/uploads\/2023\/10\/teaser-perfektes-skifahren-1200x675-1.jpg 1200w\" sizes=\"(max-width: 1170px) 100vw, 1170px\"><p id=\"caption-attachment-21633\" class=\"wp-caption-text\">Szusowanie na perfekycjnie przygotowanych stokach Obertauern \u00a9 TV Obertauern<\/p><\/div>\n<h2><a href=\"https:\/\/www.berg-festival.com\/\" target=\"_blank\" rel=\"noopener\">Saalbach Hinterglemm: Berg Festival 2025<\/a><\/h2>\n<h3>5.-6.12.2025<\/h3>\n<p>Trudno by\u0142oby wyobrazi\u0107 sobie rozpocz\u0119cia sezonu narciarskiego w <a href=\"https:\/\/www.salzburgerland.com\/pl\/skicircus-saalbach-hinterglemm-leogang-fieberbrunn\/\" target=\"_blank\" rel=\"noopener\"><strong>Saalbach-Hinterglemm<\/strong><\/a> bez dwudniwego, kultowego ju\u017c\u00a0 BERGFESTIVALu. Dwa dni i dwie noce pe\u0142ne muzyki, imprez i niezapomnianych wra\u017ce\u0144 dowodz\u0105, \u017ce nawet na \u015bwie\u017cym powietrzu, w g\u00f3rach, w \u015brodku zimy, mo\u017ce powsta\u0107 jeden z najlepszych festiwali. Na sze\u015bciu r\u00f3\u017cnych scenach wyst\u0105pi\u0105 w tym roku takie zespo\u0142y jak Donots, H-Blockx, Turbobier czy Marteria, a mi\u0142o\u015bnicy bia\u0142ego szale\u0144stwa\u00a0 b\u0119d\u0105mieli do dyspozycji ponad 270 kilometr\u00f3w nartostrad i mn\u00f3stwo innych zimowych atrakcji.<\/p>\n<div id=\"attachment_21636\" style=\"width: 1034px\" class=\"wp-caption alignnone\"><img decoding=\"async\" aria-describedby=\"caption-attachment-21636\" class=\"wp-image-21636 size-medium\" src=\"https:\/\/www.salzburgerland.com\/pl\/wp-content\/uploads\/2023\/10\/erwinedwin-luisalm-floriantrykowski-1858908-1170x658-1-1024x569.jpg\" alt=\"Wyst\u0119py zespo\u0142\u00f3w muzycznych na g\u00f3rskiej scenie w Saalbach na otwarcie sezonu narciarskiego.\" width=\"1024\" height=\"569\" srcset=\"https:\/\/www.salzburgerland.com\/pl\/wp-content\/uploads\/2023\/10\/erwinedwin-luisalm-floriantrykowski-1858908-1170x658-1-1024x569.jpg 1024w, https:\/\/www.salzburgerland.com\/pl\/wp-content\/uploads\/2023\/10\/erwinedwin-luisalm-floriantrykowski-1858908-1170x658-1-370x206.jpg 370w, https:\/\/www.salzburgerland.com\/pl\/wp-content\/uploads\/2023\/10\/erwinedwin-luisalm-floriantrykowski-1858908-1170x658-1-270x150.jpg 270w, https:\/\/www.salzburgerland.com\/pl\/wp-content\/uploads\/2023\/10\/erwinedwin-luisalm-floriantrykowski-1858908-1170x658-1-540x300.jpg 540w\" sizes=\"(max-width: 1024px) 100vw, 1024px\"><p id=\"caption-attachment-21636\" class=\"wp-caption-text\">Bergfestiwal w Saalbach Hinterglemm \u00a9 saalbach.com, Florian Trykowski<\/p><\/div>\n<h2><a href=\"https:\/\/www.skiamade.com\/en\/Experience-Ski-amade\/events\/Ski-Opening-Schladming-Dachstein_e_443958\" target=\"_blank\" rel=\"noopener\">Schladming-Dachstein: Skiopening z Backstreet Boys<\/a><\/h2>\n<h3>5.-7.12.2025<\/h3>\n<p>Narciarskie szale\u0144stwo w o\u015brodku narciarskim <strong><a href=\"https:\/\/www.salzburgerland.com\/pl\/schladming-dachstein-zima\/\">Schladming-Dachstein<\/a><\/strong> w <a href=\"https:\/\/www.salzburgerland.com\/pl\/ski-amade-zima\/\" target=\"_blank\" rel=\"noopener\">Ski amad\u00e9<\/a> rozpoczn\u0105 w wielkim stylu trzy z rz\u0119du koncerty grupy Backstreet Boys. Impreza odb\u0119dzie si\u0119 na stadionie Planai, co w po\u0142\u0105czeniu ze wspania\u0142ymi stokami narciarskimi zapowiada niezapomniany pocz\u0105tek zimy. Wi\u0119cej informacji\u00a0 o imprezie na <a href=\"https:\/\/www.schladming-dachstein.at\/en\/winter\/ski-opening?utm_source=website&amp;utm_medium=teaser+startseite&amp;utm_campaign=ski+opening\" target=\"_blank\" rel=\"noopener\"><strong>Ski-Opening Schladming -Dachstein<\/strong><\/a>.<\/p>\n<div id=\"attachment_8567\" style=\"width: 1180px\" class=\"wp-caption alignnone\"><img decoding=\"async\" aria-describedby=\"caption-attachment-8567\" class=\"size-1170_658 wp-image-8567\" src=\"https:\/\/www.salzburgerland.com\/pl\/wp-content\/uploads\/2019\/09\/gipfelbahn_hochwurzen-photo-austria-1-1920x1067-1-1170x658.jpg\" alt=\"\" width=\"1170\" height=\"658\" srcset=\"https:\/\/www.salzburgerland.com\/pl\/wp-content\/uploads\/2019\/09\/gipfelbahn_hochwurzen-photo-austria-1-1920x1067-1-1170x658.jpg 1170w, https:\/\/www.salzburgerland.com\/pl\/wp-content\/uploads\/2019\/09\/gipfelbahn_hochwurzen-photo-austria-1-1920x1067-1-1200x675.jpg 1200w\" sizes=\"(max-width: 1170px) 100vw, 1170px\"><p id=\"caption-attachment-8567\" class=\"wp-caption-text\">Gondolka na szczyt Hochwurzen \u00a9 Schladming-Dachstein, Martin Huber<\/p><\/div>\n<h2><a href=\"https:\/\/www.snow-space.com\/Winter-Start-Up-24_e_8\" target=\"_blank\" rel=\"noopener\">Snow Space Salzburg: Winteropening Flachau 2025<\/a><\/h2>\n<h3>6.-7.12.2025<\/h3>\n<p>Sezon narciarski rozpocznie r\u00f3wnie\u017c z przytupem <strong>Snow Space Salzburg<\/strong> w o\u015brodkach narciarskich <strong><a href=\"https:\/\/www.flachau.com\/start-up?gad_source=1&amp;gclid=Cj0KCQjwjY64BhCaARIsAIfc7YaYkC2xPBeb3XhYdvkC3p9u_-r_A8_1kW4cz_non0l-zgKGHBRbjYYaAjgYEALw_wcB\" target=\"_blank\" rel=\"noopener\">Flachau<\/a><\/strong>, <a href=\"https:\/\/salzburgerland.com\/pl\/wagrain-kleinarl-zima\/\"><strong>Wagrain<\/strong><\/a> i <a href=\"https:\/\/www.salzburgerland.com\/pl\/st-johann-na-ziemi-salzburskiej-zima\/\" target=\"_blank\" rel=\"noopener\"><strong>St. Johann<\/strong><\/a>. Powitanie narciarskiej zimy we Flachau b\u0119dzie naprawd\u0119 emocjonuj\u0105ce. W weekend 6\u20137 grudnia o\u015brodek rozbrzmiewa\u0107 b\u0119dzie koncertami plenerowymi z udzia\u0142em Andreasa Gabaliera, legendarnego DJ-a \u00d6tziego i zespo\u0142u Nockis. Dwa wieczory pe\u0142ne muzyki, atmosfery apr\u00e8s-ski i zimowych imprez, kt\u00f3re w wielkim stylu rozpoczn\u0105 szale\u0144stwo na stokach. Narciarskiemu szale\u0144stwu w fantastycznym otoczeniu towarzyszy\u0107 b\u0119dzie \u015bwietna muzyka i swobodna atmosferza, testowanie nart najlepszych marek i kosztowanie regionalnych specja\u0142\u00f3w.<\/p>\n<div id=\"attachment_21637\" style=\"width: 1034px\" class=\"wp-caption alignnone\"><img decoding=\"async\" aria-describedby=\"caption-attachment-21637\" class=\"wp-image-21637 size-medium\" src=\"https:\/\/www.salzburgerland.com\/pl\/wp-content\/uploads\/2023\/10\/279-chf_20230110_194550_web_1-1170x548-1-1024x548.jpg\" alt=\"N acenie perkusista, a przed nim pe\u0142na widownia s\u0142uchaczy i baner z reklam\u0105 Snow Space Salzburg.\" width=\"1024\" height=\"548\"><p id=\"caption-attachment-21637\" class=\"wp-caption-text\">Winter Start-Up czyli otwarcie sezonu narciarskiego \u00a9 Snow Space Salzburg<\/p><\/div>\n<h2><a href=\"https:\/\/raveonsnow.com\/en\/\" target=\"_blank\" rel=\"noopener\">Saalbach Hinterglemm: Rave on Snow<\/a><\/h2>\n<h3>11. \u2013 14.12.2025<\/h3>\n<p>W tym sezonie legendarna impreza muzyczna <strong>RaveOnSnow<\/strong> w <a href=\"https:\/\/www.salzburgerland.com\/pl\/skicircus-saalbach-hinterglemm-leogang-fieberbrunn\/\" target=\"_blank\" rel=\"noopener\"><strong>Saalbach<\/strong><\/a> b\u0119dzie mia\u0142a ju\u017c swoj\u0105 <strong>XXXII edycj\u0119<\/strong>. Zn\u00f3w b\u0119dzie g\u0142o\u015bno i rado\u015bnie, a muzyka b\u0119dzie zn\u00f3w gra\u0142a do ta\u0144ca!\u00a0W Saalbach czekaj\u0105 na Ciebie nieko\u0144cz\u0105ce si\u0119 nartostrady, pokryte \u015bniegiem g\u00f3rskie zbocza i fantastyczne alpejskie krajobrazy. A do tego najlepsi DJ-e, kt\u00f3rzy wprowadz\u0105 narciarsk\u0105 bra\u0107 w szampa\u0144ski nastr\u00f3j. Przygotuj si\u0119 na 3 dni i 3 noce dobrej muzyki i ta\u0144ca na <strong>12 scenach<\/strong>, na wielkie party z udzia\u0142em ponad <strong>70 artyst\u00f3w<\/strong>, wspania\u0142e hotele i mn\u00f3stwo nowo\u015bci. G\u0142\u00f3wn\u0105 scen\u0105 b\u0119dzie <strong>g\u00f3ra Schattberg<\/strong> (2010 m n.p.m.).<\/p>\n<div id=\"attachment_21638\" style=\"width: 1034px\" class=\"wp-caption alignnone\"><img decoding=\"async\" aria-describedby=\"caption-attachment-21638\" class=\"size-medium wp-image-21638\" src=\"https:\/\/www.salzburgerland.com\/pl\/wp-content\/uploads\/2023\/10\/rave-on-snow-2018-c-saalbach-com-daniel-roos-19-1170x658-1-1024x569.jpg\" alt=\"\" width=\"1024\" height=\"569\" srcset=\"https:\/\/www.salzburgerland.com\/pl\/wp-content\/uploads\/2023\/10\/rave-on-snow-2018-c-saalbach-com-daniel-roos-19-1170x658-1-1024x569.jpg 1024w, https:\/\/www.salzburgerland.com\/pl\/wp-content\/uploads\/2023\/10\/rave-on-snow-2018-c-saalbach-com-daniel-roos-19-1170x658-1-370x206.jpg 370w, https:\/\/www.salzburgerland.com\/pl\/wp-content\/uploads\/2023\/10\/rave-on-snow-2018-c-saalbach-com-daniel-roos-19-1170x658-1-270x150.jpg 270w, https:\/\/www.salzburgerland.com\/pl\/wp-content\/uploads\/2023\/10\/rave-on-snow-2018-c-saalbach-com-daniel-roos-19-1170x658-1-540x300.jpg 540w\" sizes=\"(max-width: 1024px) 100vw, 1024px\"><p id=\"caption-attachment-21638\" class=\"wp-caption-text\">Rave on Snow 2018 \u00a9 saalbach.com, Daniel Roos<\/p><\/div>\n","protected":false},"excerpt":{"rendered":"<p>Region\u00f3w narciarskich Ziemi Salzburskiej nie trzeba specjalnie rekomendowa\u0107. Od dawna znana jest tutejsza nowoczesna infrastruktura narciarska, komfortowe kolejki g\u00f3rskie i wyci\u0105gi, zadbane i starannie oznakowane setki kilometr\u00f3w tras zjazdowych, funparki i halpajpy dla snowboardzist\u00f3w, niezawodne warunki \u015bniegowe, atrakcyjna oferta dla narciarzy biegowych i mi\u0142o\u015bnik\u00f3w spokojnego wypoczynku w\u015br\u00f3d zimowej natury. Wszystko to przyci\u0105ga co roku rzesze [&hellip;]<\/p>\n","protected":false},"author":4,"featured_media":21622,"comment_status":"closed","ping_status":"closed","sticky":false,"template":"","format":"standard","meta":{"_acf_changed":false,"wl_entities_gutenberg":"","_relevanssi_hide_post":"","_relevanssi_hide_content":"","_relevanssi_pin_for_all":"","_relevanssi_pin_keywords":"","_relevanssi_unpin_keywords":"","_relevanssi_related_keywords":"","_relevanssi_related_include_ids":"","_relevanssi_related_exclude_ids":"","_relevanssi_related_no_append":"","_relevanssi_related_not_related":"","_relevanssi_related_posts":"","_relevanssi_noindex_reason":"","footnotes":""},"categories":[1],"tags":[],"wl_entity_type":[300],"class_list":["post-21621","post","type-post","status-publish","format-standard","has-post-thumbnail","hentry","category-uncategorized","wl_entity_type-article"],"acf":[],"yoast_head":"<!-- This site is optimized with the Yoast SEO Premium plugin v27.4 (Yoast SEO v27.4) - https:\/\/yoast.com\/product\/yoast-seo-premium-wordpress\/ -->\n<title>Inauguracje sezonu narciarskiego \u00bb SalzburgerLand.com<\/title>\n<meta name=\"description\" content=\"Inauguracje sezonu narciarskiego 2023\/24 w poszczeg\u00f3lnych regionach Ziemi Salzburskiej z muzyk\u0105, ta\u0144cem, testowaniem sprz\u0119tu i szusowaniem.\" \/>\n<meta name=\"robots\" content=\"index, follow, max-snippet:-1, max-image-preview:large, max-video-preview:-1\" \/>\n<link rel=\"canonical\" href=\"https:\/\/www.salzburgerland.com\/pl\/ski-openings\/\" \/>\n<meta property=\"og:locale\" content=\"pl_PL\" \/>\n<meta property=\"og:type\" content=\"article\" \/>\n<meta property=\"og:title\" content=\"Inauguracje sezonu narciarskiego\" \/>\n<meta property=\"og:description\" content=\"Region\u00f3w narciarskich Ziemi Salzburskiej nie trzeba specjalnie rekomendowa\u0107. Od dawna znana jest tutejsza nowoczesna infrastruktura narciarska, komfortowe\" \/>\n<meta property=\"og:url\" content=\"https:\/\/www.salzburgerland.com\/pl\/ski-openings\/\" \/>\n<meta property=\"og:site_name\" content=\"SalzburgerLand.com\" \/>\n<meta property=\"article:publisher\" content=\"https:\/\/www.facebook.com\/visitsalzburgerland\/\" \/>\n<meta property=\"article:published_time\" content=\"2023-10-12T10:28:53+00:00\" \/>\n<meta property=\"article:modified_time\" content=\"2025-10-16T17:58:24+00:00\" \/>\n<meta property=\"og:image\" content=\"https:\/\/www.salzburgerland.com\/pl\/wp-content\/uploads\/2023\/10\/ros2018-day1-part2-c-saalbach-com-daniel-roos-14-1170x658-1.jpg\" \/>\n\t<meta property=\"og:image:width\" content=\"1170\" \/>\n\t<meta property=\"og:image:height\" content=\"658\" \/>\n\t<meta property=\"og:image:type\" content=\"image\/jpeg\" \/>\n<meta name=\"author\" content=\"Izabela Gartner\" \/>\n<meta name=\"twitter:card\" content=\"summary_large_image\" \/>\n<meta name=\"twitter:creator\" content=\"@salzburgerland\" \/>\n<meta name=\"twitter:site\" content=\"@salzburgerland\" \/>\n<meta name=\"twitter:label1\" content=\"Napisane przez\" \/>\n\t<meta name=\"twitter:data1\" content=\"Izabela Gartner\" \/>\n\t<meta name=\"twitter:label2\" content=\"Szacowany czas czytania\" \/>\n\t<meta name=\"twitter:data2\" content=\"5 minut\" \/>\n<script type=\"application\/ld+json\" class=\"yoast-schema-graph\">{\"@context\":\"https:\\\/\\\/schema.org\",\"@graph\":[{\"@type\":\"Article\",\"@id\":\"https:\\\/\\\/www.salzburgerland.com\\\/pl\\\/ski-openings\\\/#article\",\"isPartOf\":{\"@id\":\"https:\\\/\\\/www.salzburgerland.com\\\/pl\\\/ski-openings\\\/\"},\"author\":{\"name\":\"Izabela Gartner\",\"@id\":\"https:\\\/\\\/www.salzburgerland.com\\\/pl\\\/#\\\/schema\\\/person\\\/c10420e9897d4ca984317db556f04804\"},\"headline\":\"Inauguracje sezonu narciarskiego\",\"datePublished\":\"2023-10-12T10:28:53+00:00\",\"dateModified\":\"2025-10-16T17:58:24+00:00\",\"mainEntityOfPage\":{\"@id\":\"https:\\\/\\\/www.salzburgerland.com\\\/pl\\\/ski-openings\\\/\"},\"wordCount\":628,\"image\":{\"@id\":\"https:\\\/\\\/www.salzburgerland.com\\\/pl\\\/ski-openings\\\/#primaryimage\"},\"thumbnailUrl\":\"https:\\\/\\\/www.salzburgerland.com\\\/pl\\\/wp-content\\\/uploads\\\/2023\\\/10\\\/ros2018-day1-part2-c-saalbach-com-daniel-roos-14-1170x658-1.jpg\",\"articleSection\":[\"Uncategorized\"],\"inLanguage\":\"pl-PL\"},{\"@type\":\"WebPage\",\"@id\":\"https:\\\/\\\/www.salzburgerland.com\\\/pl\\\/ski-openings\\\/\",\"url\":\"https:\\\/\\\/www.salzburgerland.com\\\/pl\\\/ski-openings\\\/\",\"name\":\"Inauguracje sezonu narciarskiego \u00bb SalzburgerLand.com\",\"isPartOf\":{\"@id\":\"https:\\\/\\\/www.salzburgerland.com\\\/pl\\\/#website\"},\"primaryImageOfPage\":{\"@id\":\"https:\\\/\\\/www.salzburgerland.com\\\/pl\\\/ski-openings\\\/#primaryimage\"},\"image\":{\"@id\":\"https:\\\/\\\/www.salzburgerland.com\\\/pl\\\/ski-openings\\\/#primaryimage\"},\"thumbnailUrl\":\"https:\\\/\\\/www.salzburgerland.com\\\/pl\\\/wp-content\\\/uploads\\\/2023\\\/10\\\/ros2018-day1-part2-c-saalbach-com-daniel-roos-14-1170x658-1.jpg\",\"datePublished\":\"2023-10-12T10:28:53+00:00\",\"dateModified\":\"2025-10-16T17:58:24+00:00\",\"author\":{\"@id\":\"https:\\\/\\\/www.salzburgerland.com\\\/pl\\\/#\\\/schema\\\/person\\\/c10420e9897d4ca984317db556f04804\"},\"description\":\"Inauguracje sezonu narciarskiego 2023\\\/24 w poszczeg\u00f3lnych regionach Ziemi Salzburskiej z muzyk\u0105, ta\u0144cem, testowaniem sprz\u0119tu i szusowaniem.\",\"breadcrumb\":{\"@id\":\"https:\\\/\\\/www.salzburgerland.com\\\/pl\\\/ski-openings\\\/#breadcrumb\"},\"inLanguage\":\"pl-PL\",\"potentialAction\":[{\"@type\":\"ReadAction\",\"target\":[\"https:\\\/\\\/www.salzburgerland.com\\\/pl\\\/ski-openings\\\/\"]}]},{\"@type\":\"ImageObject\",\"inLanguage\":\"pl-PL\",\"@id\":\"https:\\\/\\\/www.salzburgerland.com\\\/pl\\\/ski-openings\\\/#primaryimage\",\"url\":\"https:\\\/\\\/www.salzburgerland.com\\\/pl\\\/wp-content\\\/uploads\\\/2023\\\/10\\\/ros2018-day1-part2-c-saalbach-com-daniel-roos-14-1170x658-1.jpg\",\"contentUrl\":\"https:\\\/\\\/www.salzburgerland.com\\\/pl\\\/wp-content\\\/uploads\\\/2023\\\/10\\\/ros2018-day1-part2-c-saalbach-com-daniel-roos-14-1170x658-1.jpg\",\"width\":1170,\"height\":658,\"caption\":\"Inauguracja sezonu narciarskiego, Rave on snow Saalbach \u00a9 saalbach.com, Daniel Roos\"},{\"@type\":\"BreadcrumbList\",\"@id\":\"https:\\\/\\\/www.salzburgerland.com\\\/pl\\\/ski-openings\\\/#breadcrumb\",\"itemListElement\":[{\"@type\":\"ListItem\",\"position\":1,\"name\":\"Czas zimy\",\"item\":\"https:\\\/\\\/www.salzburgerland.com\\\/pl\\\/czas-zimy\\\/\"},{\"@type\":\"ListItem\",\"position\":2,\"name\":\"Inauguracje sezonu narciarskiego\"}]},{\"@type\":\"WebSite\",\"@id\":\"https:\\\/\\\/www.salzburgerland.com\\\/pl\\\/#website\",\"url\":\"https:\\\/\\\/www.salzburgerland.com\\\/pl\\\/\",\"name\":\"SalzburgerLand.com\",\"description\":\"Urlop Salzburg : hotele : turystyka Ziemia Salzburska : kultura : rodzinny urlop Ziemia Salzburska : informacja turystyczna : noclegi Austria : aktywny wypoczynek\",\"potentialAction\":[{\"@type\":\"SearchAction\",\"target\":{\"@type\":\"EntryPoint\",\"urlTemplate\":\"https:\\\/\\\/www.salzburgerland.com\\\/pl\\\/?s={search_term_string}\"},\"query-input\":{\"@type\":\"PropertyValueSpecification\",\"valueRequired\":true,\"valueName\":\"search_term_string\"}}],\"inLanguage\":\"pl-PL\"},{\"@type\":\"Person\",\"@id\":\"https:\\\/\\\/www.salzburgerland.com\\\/pl\\\/#\\\/schema\\\/person\\\/c10420e9897d4ca984317db556f04804\",\"name\":\"Izabela Gartner\",\"image\":{\"@type\":\"ImageObject\",\"inLanguage\":\"pl-PL\",\"@id\":\"https:\\\/\\\/secure.gravatar.com\\\/avatar\\\/062a6263a145aaa718f0b029a735b6557e456ff63f9e65056a4352d3c0a06e4d?s=96&d=mm&r=g\",\"url\":\"https:\\\/\\\/secure.gravatar.com\\\/avatar\\\/062a6263a145aaa718f0b029a735b6557e456ff63f9e65056a4352d3c0a06e4d?s=96&d=mm&r=g\",\"contentUrl\":\"https:\\\/\\\/secure.gravatar.com\\\/avatar\\\/062a6263a145aaa718f0b029a735b6557e456ff63f9e65056a4352d3c0a06e4d?s=96&d=mm&r=g\",\"caption\":\"Izabela Gartner\"}}]}<\/script>\n<!-- \/ Yoast SEO Premium plugin. -->","yoast_head_json":{"title":"Inauguracje sezonu narciarskiego \u00bb SalzburgerLand.com","description":"Inauguracje sezonu narciarskiego 2023\/24 w poszczeg\u00f3lnych regionach Ziemi Salzburskiej z muzyk\u0105, ta\u0144cem, testowaniem sprz\u0119tu i szusowaniem.","robots":{"index":"index","follow":"follow","max-snippet":"max-snippet:-1","max-image-preview":"max-image-preview:large","max-video-preview":"max-video-preview:-1"},"canonical":"https:\/\/www.salzburgerland.com\/pl\/ski-openings\/","og_locale":"pl_PL","og_type":"article","og_title":"Inauguracje sezonu narciarskiego","og_description":"Region\u00f3w narciarskich Ziemi Salzburskiej nie trzeba specjalnie rekomendowa\u0107. Od dawna znana jest tutejsza nowoczesna infrastruktura narciarska, komfortowe","og_url":"https:\/\/www.salzburgerland.com\/pl\/ski-openings\/","og_site_name":"SalzburgerLand.com","article_publisher":"https:\/\/www.facebook.com\/visitsalzburgerland\/","article_published_time":"2023-10-12T10:28:53+00:00","article_modified_time":"2025-10-16T17:58:24+00:00","og_image":[{"url":"https:\/\/www.salzburgerland.com\/pl\/wp-content\/uploads\/2023\/10\/ros2018-day1-part2-c-saalbach-com-daniel-roos-14-1170x658-1.jpg","width":1170,"height":658,"type":"image\/jpeg"}],"author":"Izabela Gartner","twitter_card":"summary_large_image","twitter_creator":"@salzburgerland","twitter_site":"@salzburgerland","twitter_misc":{"Napisane przez":"Izabela Gartner","Szacowany czas czytania":"5 minut"},"schema":{"@context":"https:\/\/schema.org","@graph":[{"@type":"Article","@id":"https:\/\/www.salzburgerland.com\/pl\/ski-openings\/#article","isPartOf":{"@id":"https:\/\/www.salzburgerland.com\/pl\/ski-openings\/"},"author":{"name":"Izabela Gartner","@id":"https:\/\/www.salzburgerland.com\/pl\/#\/schema\/person\/c10420e9897d4ca984317db556f04804"},"headline":"Inauguracje sezonu narciarskiego","datePublished":"2023-10-12T10:28:53+00:00","dateModified":"2025-10-16T17:58:24+00:00","mainEntityOfPage":{"@id":"https:\/\/www.salzburgerland.com\/pl\/ski-openings\/"},"wordCount":628,"image":{"@id":"https:\/\/www.salzburgerland.com\/pl\/ski-openings\/#primaryimage"},"thumbnailUrl":"https:\/\/www.salzburgerland.com\/pl\/wp-content\/uploads\/2023\/10\/ros2018-day1-part2-c-saalbach-com-daniel-roos-14-1170x658-1.jpg","articleSection":["Uncategorized"],"inLanguage":"pl-PL"},{"@type":"WebPage","@id":"https:\/\/www.salzburgerland.com\/pl\/ski-openings\/","url":"https:\/\/www.salzburgerland.com\/pl\/ski-openings\/","name":"Inauguracje sezonu narciarskiego \u00bb SalzburgerLand.com","isPartOf":{"@id":"https:\/\/www.salzburgerland.com\/pl\/#website"},"primaryImageOfPage":{"@id":"https:\/\/www.salzburgerland.com\/pl\/ski-openings\/#primaryimage"},"image":{"@id":"https:\/\/www.salzburgerland.com\/pl\/ski-openings\/#primaryimage"},"thumbnailUrl":"https:\/\/www.salzburgerland.com\/pl\/wp-content\/uploads\/2023\/10\/ros2018-day1-part2-c-saalbach-com-daniel-roos-14-1170x658-1.jpg","datePublished":"2023-10-12T10:28:53+00:00","dateModified":"2025-10-16T17:58:24+00:00","author":{"@id":"https:\/\/www.salzburgerland.com\/pl\/#\/schema\/person\/c10420e9897d4ca984317db556f04804"},"description":"Inauguracje sezonu narciarskiego 2023\/24 w poszczeg\u00f3lnych regionach Ziemi Salzburskiej z muzyk\u0105, ta\u0144cem, testowaniem sprz\u0119tu i szusowaniem.","breadcrumb":{"@id":"https:\/\/www.salzburgerland.com\/pl\/ski-openings\/#breadcrumb"},"inLanguage":"pl-PL","potentialAction":[{"@type":"ReadAction","target":["https:\/\/www.salzburgerland.com\/pl\/ski-openings\/"]}]},{"@type":"ImageObject","inLanguage":"pl-PL","@id":"https:\/\/www.salzburgerland.com\/pl\/ski-openings\/#primaryimage","url":"https:\/\/www.salzburgerland.com\/pl\/wp-content\/uploads\/2023\/10\/ros2018-day1-part2-c-saalbach-com-daniel-roos-14-1170x658-1.jpg","contentUrl":"https:\/\/www.salzburgerland.com\/pl\/wp-content\/uploads\/2023\/10\/ros2018-day1-part2-c-saalbach-com-daniel-roos-14-1170x658-1.jpg","width":1170,"height":658,"caption":"Inauguracja sezonu narciarskiego, Rave on snow Saalbach \u00a9 saalbach.com, Daniel Roos"},{"@type":"BreadcrumbList","@id":"https:\/\/www.salzburgerland.com\/pl\/ski-openings\/#breadcrumb","itemListElement":[{"@type":"ListItem","position":1,"name":"Czas zimy","item":"https:\/\/www.salzburgerland.com\/pl\/czas-zimy\/"},{"@type":"ListItem","position":2,"name":"Inauguracje sezonu narciarskiego"}]},{"@type":"WebSite","@id":"https:\/\/www.salzburgerland.com\/pl\/#website","url":"https:\/\/www.salzburgerland.com\/pl\/","name":"SalzburgerLand.com","description":"Urlop Salzburg : hotele : turystyka Ziemia Salzburska : kultura : rodzinny urlop Ziemia Salzburska : informacja turystyczna : noclegi Austria : aktywny wypoczynek","potentialAction":[{"@type":"SearchAction","target":{"@type":"EntryPoint","urlTemplate":"https:\/\/www.salzburgerland.com\/pl\/?s={search_term_string}"},"query-input":{"@type":"PropertyValueSpecification","valueRequired":true,"valueName":"search_term_string"}}],"inLanguage":"pl-PL"},{"@type":"Person","@id":"https:\/\/www.salzburgerland.com\/pl\/#\/schema\/person\/c10420e9897d4ca984317db556f04804","name":"Izabela Gartner","image":{"@type":"ImageObject","inLanguage":"pl-PL","@id":"https:\/\/secure.gravatar.com\/avatar\/062a6263a145aaa718f0b029a735b6557e456ff63f9e65056a4352d3c0a06e4d?s=96&d=mm&r=g","url":"https:\/\/secure.gravatar.com\/avatar\/062a6263a145aaa718f0b029a735b6557e456ff63f9e65056a4352d3c0a06e4d?s=96&d=mm&r=g","contentUrl":"https:\/\/secure.gravatar.com\/avatar\/062a6263a145aaa718f0b029a735b6557e456ff63f9e65056a4352d3c0a06e4d?s=96&d=mm&r=g","caption":"Izabela Gartner"}}]}},"_wl_alt_label":[],"wl:entity_url":"http:\/\/open.salzburgerland.com\/pl\/post\/inauguracje-sezonu-narciarskiego-21621","_links":{"self":[{"href":"https:\/\/www.salzburgerland.com\/pl\/wp-json\/wp\/v2\/posts\/21621","targetHints":{"allow":["GET"]}}],"collection":[{"href":"https:\/\/www.salzburgerland.com\/pl\/wp-json\/wp\/v2\/posts"}],"about":[{"href":"https:\/\/www.salzburgerland.com\/pl\/wp-json\/wp\/v2\/types\/post"}],"author":[{"embeddable":true,"href":"https:\/\/www.salzburgerland.com\/pl\/wp-json\/wp\/v2\/users\/4"}],"replies":[{"embeddable":true,"href":"https:\/\/www.salzburgerland.com\/pl\/wp-json\/wp\/v2\/comments?post=21621"}],"version-history":[{"count":22,"href":"https:\/\/www.salzburgerland.com\/pl\/wp-json\/wp\/v2\/posts\/21621\/revisions"}],"predecessor-version":[{"id":26602,"href":"https:\/\/www.salzburgerland.com\/pl\/wp-json\/wp\/v2\/posts\/21621\/revisions\/26602"}],"wp:featuredmedia":[{"embeddable":true,"href":"https:\/\/www.salzburgerland.com\/pl\/wp-json\/wp\/v2\/media\/21622"}],"wp:attachment":[{"href":"https:\/\/www.salzburgerland.com\/pl\/wp-json\/wp\/v2\/media?parent=21621"}],"wp:term":[{"taxonomy":"category","embeddable":true,"href":"https:\/\/www.salzburgerland.com\/pl\/wp-json\/wp\/v2\/categories?post=21621"},{"taxonomy":"post_tag","embeddable":true,"href":"https:\/\/www.salzburgerland.com\/pl\/wp-json\/wp\/v2\/tags?post=21621"},{"taxonomy":"wl_entity_type","embeddable":true,"href":"https:\/\/www.salzburgerland.com\/pl\/wp-json\/wp\/v2\/wl_entity_type?post=21621"}],"curies":[{"name":"wp","href":"https:\/\/api.w.org\/{rel}","templated":true}]}}