{"id":21460,"date":"2023-10-08T20:20:36","date_gmt":"2023-10-08T18:20:36","guid":{"rendered":"https:\/\/www.salzburgerland.com\/pl\/?p=21460"},"modified":"2023-10-19T11:58:32","modified_gmt":"2023-10-19T09:58:32","slug":"wagrain-kleinarl-ferie-zimowe-z-rodzina","status":"publish","type":"post","link":"https:\/\/www.salzburgerland.com\/pl\/wagrain-kleinarl-ferie-zimowe-z-rodzina\/","title":{"rendered":"Ferie zimowe z rodzin\u0105 w Wagrain-Kleinarl"},"content":{"rendered":"<h3>Park narciarski Wagrainis Winterwelt<\/h3>\n<p><a href=\"https:\/\/www.snow-space.com\/en\/winter\/ski-resort-salzburg\/highlights\/wagrainis-winter-world-grafenberg\" target=\"_blank\" rel=\"noopener\"><strong>Wagrainis Winterwelt<\/strong> <\/a>to raj dla wszystkich m\u0142odych narciarzy, gdzie mog\u0105 spr\u00f3bowa\u0107 swoich pierwszych narciarskich krok\u00f3w w relaksuj\u0105cym otoczeniu podczas rodzinnych ferii zimowych, w towarzystwie <strong>maskotki Wagrainis<\/strong> podczas pierwszych pr\u00f3b jazdy na nartach. <strong>Obszar dla dzieci<\/strong> znajduje si\u0119 tu\u017c przy \u015brodkowej stacji kolejki gondolowej \u201eRote 8er\u201d i obejmuje 2 magiczne dywany, 2 wyci\u0105gi, tor tubingowy i <strong>snowpark dla pocz\u0105tkuj\u0105cych dzieci<\/strong>.<\/p>\n\n\t\t\t<div id=\"21460-1\" class=\"gallery gallery-21460 gallery-columns-3 gallery-size-1170_658\" itemscope itemtype=\"http:\/\/schema.org\/ImageGallery\">\n\t\t\t\t<ul class=\"gallery-row gallery-col-3 gallery-clear\">\n\t\t\t\t\t<li class=\"gallery-item col-3\" itemprop=\"associatedMedia\" itemscope itemtype=\"http:\/\/schema.org\/ImageObject\">\n\t\t\t\t\t\t<div class=\"gallery-icon landscape\"><a href=\"https:\/\/www.salzburgerland.com\/pl\/wp-content\/uploads\/2023\/10\/kinder-bei-einer-crazy-doll-am-shuttleberg-1601x1067-1.jpg\" title=\"kinder-bei-einer-crazy-doll-am-shuttleberg-1601x1067\"><img decoding=\"async\" data-title=\"Dzieciom na stokach towarzsz\u0105 zabawne maskotki \u00a9 Wagrain-Kleinarl Tourismus\" title=\"Dzieciom na stokach towarzsz\u0105 zabawne maskotki \u00a9 Wagrain-Kleinarl Tourismus\" data-caption=\"Dzieciom na stokach towarzsz\u0105 zabawne maskotki \u00a9 Wagrain-Kleinarl Tourismus\" width=\"1170\" height=\"658\" src=\"https:\/\/www.salzburgerland.com\/pl\/wp-content\/uploads\/2023\/10\/kinder-bei-einer-crazy-doll-am-shuttleberg-1601x1067-1-1170x658.jpg\" class=\"attachment-1170_658 size-1170_658\" alt=\"Podczas ferii zimowych rodzina pozuje w stroju narciarskim przy pos\u0105gu lwa na o\u015bnie\u017conej g\u00f3rze Kleinarl-Wagrain. (Powi\u0119kszony widok)\" srcset=\"https:\/\/www.salzburgerland.com\/pl\/wp-content\/uploads\/2023\/10\/kinder-bei-einer-crazy-doll-am-shuttleberg-1601x1067-1-1170x658.jpg 1170w, https:\/\/www.salzburgerland.com\/pl\/wp-content\/uploads\/2023\/10\/kinder-bei-einer-crazy-doll-am-shuttleberg-1601x1067-1-1200x675.jpg 1200w\" sizes=\"(max-width: 1170px) 100vw, 1170px\" aria-describedby=\"figcaption-21460-21697\" itemprop=\"thumbnail\"><\/a><\/div>\n\t\t\t\t\t\t<span id=\"figcaption-21460-21697\" class=\"gallery-caption\" itemprop=\"caption\"><span aria-hidden=\"true\">Dzieciom na stokach towarzsz\u0105 zabawne maskotki \u00a9 Wagrain-Kleinarl Tourismus<\/span><\/span>\n\t\t\t\t\t<\/li>\n\t\t\t\t\t<li class=\"gallery-item col-3\" itemprop=\"associatedMedia\" itemscope itemtype=\"http:\/\/schema.org\/ImageObject\">\n\t\t\t\t\t\t<div class=\"gallery-icon landscape\"><a href=\"https:\/\/www.salzburgerland.com\/pl\/wp-content\/uploads\/2023\/10\/familie-in-der-gondel-wagrain-kleinarl-1601x1067-2.jpg\" title=\"familie-in-der-gondel-wagrain-kleinarl-1601x1067\"><img decoding=\"async\" data-title=\"Wygodne i bezpieczne wyci\u0105gi i kolejki linowe \u00a9 Wagrain-Kleinarl Tourismus\" title=\"Wygodne i bezpieczne wyci\u0105gi i kolejki linowe \u00a9 Wagrain-Kleinarl Tourismus\" data-caption=\"Wygodne i bezpieczne wyci\u0105gi i kolejki linowe \u00a9 Wagrain-Kleinarl Tourismus\" width=\"1170\" height=\"658\" src=\"https:\/\/www.salzburgerland.com\/pl\/wp-content\/uploads\/2023\/10\/familie-in-der-gondel-wagrain-kleinarl-1601x1067-2-1170x658.jpg\" class=\"attachment-1170_658 size-1170_658\" alt=\"Rodzina cieszy si\u0119 ferie zimowe w sprz\u0119cie narciarskim na gondoli Kleinarl-Wagrain, g\u00f3ry wznosz\u0105 si\u0119 na zewn\u0105trz. (Powi\u0119kszony widok)\" srcset=\"https:\/\/www.salzburgerland.com\/pl\/wp-content\/uploads\/2023\/10\/familie-in-der-gondel-wagrain-kleinarl-1601x1067-2-1170x658.jpg 1170w, https:\/\/www.salzburgerland.com\/pl\/wp-content\/uploads\/2023\/10\/familie-in-der-gondel-wagrain-kleinarl-1601x1067-2-1200x675.jpg 1200w\" sizes=\"(max-width: 1170px) 100vw, 1170px\" aria-describedby=\"figcaption-21460-21698\" itemprop=\"thumbnail\"><\/a><\/div>\n\t\t\t\t\t\t<span id=\"figcaption-21460-21698\" class=\"gallery-caption\" itemprop=\"caption\"><span aria-hidden=\"true\">Wygodne i bezpieczne wyci\u0105gi i kolejki linowe \u00a9 Wagrain-Kleinarl Tourismus<\/span><\/span>\n\t\t\t\t\t<\/li>\n\t\t\t\t\t<li class=\"gallery-item col-3\" itemprop=\"associatedMedia\" itemscope itemtype=\"http:\/\/schema.org\/ImageObject\">\n\t\t\t\t\t\t<div class=\"gallery-icon landscape\"><a href=\"https:\/\/www.salzburgerland.com\/pl\/wp-content\/uploads\/2022\/11\/familienskiurlaub-c-wagrain-kleinarl-tourismus-6.jpg\" title=\"Shuttleberg3\"><img decoding=\"async\" data-title=\"Familijne zawody narciarskie w stacji Shuttleberg Flachauwinkl-Kleinarl \u00a9 Wagrain-Kleinarl Tourismus, Markus Rohrbacher\" title=\"Familijne zawody narciarskie w stacji Shuttleberg Flachauwinkl-Kleinarl \u00a9 Wagrain-Kleinarl Tourismus, Markus Rohrbacher\" data-caption=\"Familijne zawody narciarskie w stacji Shuttleberg Flachauwinkl-Kleinarl \u00a9 Wagrain-Kleinarl Tourismus, Markus Rohrbacher\" width=\"1170\" height=\"658\" src=\"https:\/\/www.salzburgerland.com\/pl\/wp-content\/uploads\/2022\/11\/familienskiurlaub-c-wagrain-kleinarl-tourismus-6-1170x658.jpg\" class=\"attachment-1170_658 size-1170_658\" alt=\"U\u015bmiechni\u0119te dzieci w sprz\u0119cie narciarskim przybijaj\u0105 sobie pi\u0105tki na za\u015bnie\u017conym stoku Wagrain-Kleinarl, a za nimi stoj\u0105 znaki z kresk\u00f3wek. (Powi\u0119kszony widok)\" srcset=\"https:\/\/www.salzburgerland.com\/pl\/wp-content\/uploads\/2022\/11\/familienskiurlaub-c-wagrain-kleinarl-tourismus-6-1170x658.jpg 1170w, https:\/\/www.salzburgerland.com\/pl\/wp-content\/uploads\/2022\/11\/familienskiurlaub-c-wagrain-kleinarl-tourismus-6-1200x675.jpg 1200w\" sizes=\"(max-width: 1170px) 100vw, 1170px\" aria-describedby=\"figcaption-21460-21429\" itemprop=\"thumbnail\"><\/a><\/div>\n\t\t\t\t\t\t<span id=\"figcaption-21460-21429\" class=\"gallery-caption\" itemprop=\"caption\"><span aria-hidden=\"true\">Familijne zawody narciarskie w stacji Shuttleberg Flachauwinkl-Kleinarl \u00a9 Wagrain-Kleinarl Tourismus, Markus Rohrbacher<\/span><\/span>\n\t\t\t\t\t<\/li>\n\t\t\t\t<\/ul>\n\t\t\t<\/div><!-- .gallery -->\n\n<p><strong>Domek krasnoludk\u00f3w<\/strong> (Zwergenhaus) jest idealnym miejscem na zas\u0142u\u017cony odpoczynek, gdzie dzieci mog\u0105 na\u0142adowa\u0107 baterie maluj\u0105c, tworz\u0105c i czytaj\u0105c. Zimowa kraina czar\u00f3w Wagrainis jest \u0142atwo dost\u0119pna dla os\u00f3b z w\u00f3zkami dzieci\u0119cymi lub sankami, <strong>a wszystkie jej atrakcje i zaj\u0119cia s\u0105 wliczone w cen\u0119 wa\u017cnego karnetu narciarskiego<\/strong>. Dzieci poni\u017cej 6 roku \u017cycia je\u017cd\u017c\u0105 bezp\u0142atnie. Kr\u00f3tko m\u00f3wi\u0105c, ka\u017cdy, kto szuka zabawy, r\u00f3\u017cnorodno\u015bci i ekscytuj\u0105cych przyg\u00f3d na \u015bniegu, z pewno\u015bci\u0105 znajdzie to, czego szuka w zimowym \u015bwiecie Wagrainis Winterwelt, Snow Space Salzburg. Jazda na nartach z dzie\u0107mi nie mo\u017ce by\u0107 przyjemniejsza!<\/p>\n<h3>Co czeka na maluchy w Wagrainis Winterwelt<\/h3>\n<ul>\n<li>domek dla krasnali<\/li>\n<li>wyci\u0105g do \u0107wicze\u0144 Wagrainis<\/li>\n<li>wyci\u0105g do \u0107wicze\u0144 Edelweiss<\/li>\n<li>zadaszony wci\u0105g ta\u015bmowy<\/li>\n<li>le\u015bny czarodziejski dywan<\/li>\n<li>Tor do tubingu<\/li>\n<li>w ka\u017cdy czwartek o 14.00 rodzinne grilowanie<\/li>\n<li>igloo<\/li>\n<\/ul>\n<div id=\"attachment_21480\" style=\"width: 1180px\" class=\"wp-caption alignnone\"><img decoding=\"async\" aria-describedby=\"caption-attachment-21480\" class=\"size-1170_658 wp-image-21480\" src=\"https:\/\/www.salzburgerland.com\/pl\/wp-content\/uploads\/2023\/10\/rs2981_190225-slt-family-dsc_5818_final-lpr-1170x658.jpg\" alt=\"\" width=\"1170\" height=\"658\" srcset=\"https:\/\/www.salzburgerland.com\/pl\/wp-content\/uploads\/2023\/10\/rs2981_190225-slt-family-dsc_5818_final-lpr-1170x658.jpg 1170w, https:\/\/www.salzburgerland.com\/pl\/wp-content\/uploads\/2023\/10\/rs2981_190225-slt-family-dsc_5818_final-lpr-1200x675.jpg 1200w\" sizes=\"(max-width: 1170px) 100vw, 1170px\"><p id=\"caption-attachment-21480\" class=\"wp-caption-text\">Ferie zimowe z dzie\u0107mi w Wagrain-Klienarl \u00a9 SalzburgerLand Tourismus<\/p><\/div>\n<h3>Family Run<\/h3>\n<p>Szczeg\u00f3lnym prze\u017cyciem dla dzieci jest <strong>Family Run<\/strong> na terenie narciarskim <a href=\"https:\/\/www.shuttleberg.com\/en\/\" target=\"_blank\" rel=\"noopener\"><strong>Schuttleberg Flachauwinkl-Kleinarl<\/strong><\/a>. To tak\u017ce \u015bwietny spos\u00f3b na odkrycie narciarstwa. Na \u0142atwych trasach, niebieskich stokach i szerokich trasach maluchy mog\u0105 uczy\u0107 si\u0119 jazdy na nartach i odkrywa\u0107 19 stacji, w kt\u00f3rych czekaj\u0105 na nich gigantyczne <strong>pluszowe lalki Crazy Dolls<\/strong>. Family Run ma \u0142\u0105cznie <strong>19 km d\u0142ugo\u015bci<\/strong> i jest dost\u0119pny po obu stronach g\u00f3ry w Kleinarl i Flachauwinkl. Pami\u0119taj, aby wcze\u015bniej odebra\u0107 <strong>kart\u0119 uczestnictwa<\/strong> (dziurkowany karton) w kasie biletowej w Kleinarl lub Flachauwinkl. Nast\u0119pnie nale\u017cy przedziurkowa\u0107 kart\u0119 na ka\u017cdej stacji. Osoby, kt\u00f3re uko\u0144cz\u0105 wszystkie stacje, otrzymaj\u0105 nagrod\u0119 w kasie biletowej. Alternatywnie mo\u017cna to zrobi\u0107 za pomoc\u0105 <strong>aplikacji Family Run<\/strong>.<\/p>\n\n\t\t\t<div id=\"21460-2\" class=\"gallery gallery-21460 gallery-columns-3 gallery-size-1170_658\" itemscope itemtype=\"http:\/\/schema.org\/ImageGallery\">\n\t\t\t\t<ul class=\"gallery-row gallery-col-3 gallery-clear\">\n\t\t\t\t\t<li class=\"gallery-item col-3\" itemprop=\"associatedMedia\" itemscope itemtype=\"http:\/\/schema.org\/ImageObject\">\n\t\t\t\t\t\t<div class=\"gallery-icon landscape\"><a href=\"https:\/\/www.salzburgerland.com\/pl\/wp-content\/uploads\/2023\/10\/familienskiurlaub-c-wagrain-kleinarl-tourismus-9-1601x1067.jpg\" title=\"familienskiurlaub-c-wagrain-kleinarl-tourismus -9\"><img decoding=\"async\" data-title=\"Family Run \u00a9 Wagrain-Kleinarl Tourismus\" title=\"Family Run \u00a9 Wagrain-Kleinarl Tourismus\" data-caption=\"Family Run \u00a9 Wagrain-Kleinarl Tourismus\" width=\"1170\" height=\"658\" src=\"https:\/\/www.salzburgerland.com\/pl\/wp-content\/uploads\/2023\/10\/familienskiurlaub-c-wagrain-kleinarl-tourismus-9-1170x658.jpg\" class=\"attachment-1170_658 size-1170_658\" alt=\"Podczas ferii zimowych rodzina odkrywa Kleinarl-Wagrain, podczas gdy dzieci w sprz\u0119cie narciarskim czytaj\u0105 map\u0119 na o\u015bnie\u017conej g\u00f3rze. (Powi\u0119kszony widok)\" srcset=\"https:\/\/www.salzburgerland.com\/pl\/wp-content\/uploads\/2023\/10\/familienskiurlaub-c-wagrain-kleinarl-tourismus-9-1170x658.jpg 1170w, https:\/\/www.salzburgerland.com\/pl\/wp-content\/uploads\/2023\/10\/familienskiurlaub-c-wagrain-kleinarl-tourismus-9-1200x675.jpg 1200w\" sizes=\"(max-width: 1170px) 100vw, 1170px\" aria-describedby=\"figcaption-21460-21471\" itemprop=\"thumbnail\"><\/a><\/div>\n\t\t\t\t\t\t<span id=\"figcaption-21460-21471\" class=\"gallery-caption\" itemprop=\"caption\"><span aria-hidden=\"true\">Family Run \u00a9 Wagrain-Kleinarl Tourismus<\/span><\/span>\n\t\t\t\t\t<\/li>\n\t\t\t\t\t<li class=\"gallery-item col-3\" itemprop=\"associatedMedia\" itemscope itemtype=\"http:\/\/schema.org\/ImageObject\">\n\t\t\t\t\t\t<div class=\"gallery-icon landscape\"><a href=\"https:\/\/www.salzburgerland.com\/pl\/wp-content\/uploads\/2022\/11\/familienskiurlaub-c-wagrain-kleinarl-tourismus-4-1601x1067.jpg\" title=\"familienskiurlaub-c-wagrain-kleinarl-tourismus -4\"><img decoding=\"async\" data-title=\"Narty z ca\u0142\u0105 rodzin\u0105 \u00a9 Wagrain-Kleinarl Tourismus\" title=\"Narty z ca\u0142\u0105 rodzin\u0105 \u00a9 Wagrain-Kleinarl Tourismus\" data-caption=\"Narty z ca\u0142\u0105 rodzin\u0105 \u00a9 Wagrain-Kleinarl Tourismus\" width=\"1170\" height=\"658\" src=\"https:\/\/www.salzburgerland.com\/pl\/wp-content\/uploads\/2022\/11\/familienskiurlaub-c-wagrain-kleinarl-tourismus-4-1170x658.jpg\" class=\"attachment-1170_658 size-1170_658\" alt=\"Trzech narciarzy stoi na za\u015bnie\u017conym stoku Wagrain-Kleinarl z wyci\u0105gami narciarskimi i g\u00f3rami w s\u0142onecznym tle. (Powi\u0119kszony widok)\" srcset=\"https:\/\/www.salzburgerland.com\/pl\/wp-content\/uploads\/2022\/11\/familienskiurlaub-c-wagrain-kleinarl-tourismus-4-1170x658.jpg 1170w, https:\/\/www.salzburgerland.com\/pl\/wp-content\/uploads\/2022\/11\/familienskiurlaub-c-wagrain-kleinarl-tourismus-4-1200x675.jpg 1200w\" sizes=\"(max-width: 1170px) 100vw, 1170px\" aria-describedby=\"figcaption-21460-21425\" itemprop=\"thumbnail\"><\/a><\/div>\n\t\t\t\t\t\t<span id=\"figcaption-21460-21425\" class=\"gallery-caption\" itemprop=\"caption\"><span aria-hidden=\"true\">Narty z ca\u0142\u0105 rodzin\u0105 \u00a9 Wagrain-Kleinarl Tourismus<\/span><\/span>\n\t\t\t\t\t<\/li>\n\t\t\t\t\t<li class=\"gallery-item col-3\" itemprop=\"associatedMedia\" itemscope itemtype=\"http:\/\/schema.org\/ImageObject\">\n\t\t\t\t\t\t<div class=\"gallery-icon landscape\"><a href=\"https:\/\/www.salzburgerland.com\/pl\/wp-content\/uploads\/2023\/10\/familienskiurlaub-c-wagrain-kleinarl-tourismus-2-1603x1067.jpg\" title=\"familienskiurlaub-c-wagrain-kleinarl-tourismus-2\"><img decoding=\"async\" data-title=\"Narciarska zabawa z ca\u0142\u0105 rodzin\u0105 \u00a9 Wagrain-Kleinarl Tourismus\" title=\"Narciarska zabawa z ca\u0142\u0105 rodzin\u0105 \u00a9 Wagrain-Kleinarl Tourismus\" data-caption=\"Narciarska zabawa z ca\u0142\u0105 rodzin\u0105 \u00a9 Wagrain-Kleinarl Tourismus\" width=\"1170\" height=\"658\" src=\"https:\/\/www.salzburgerland.com\/pl\/wp-content\/uploads\/2023\/10\/familienskiurlaub-c-wagrain-kleinarl-tourismus-2-1170x658.jpg\" class=\"attachment-1170_658 size-1170_658\" alt=\"Ferie zimowe: Rodzina szusuje r\u00f3wnolegle po stokach Kleinarl-Wagrain pod czystym niebem. (Powi\u0119kszony widok)\" srcset=\"https:\/\/www.salzburgerland.com\/pl\/wp-content\/uploads\/2023\/10\/familienskiurlaub-c-wagrain-kleinarl-tourismus-2-1170x658.jpg 1170w, https:\/\/www.salzburgerland.com\/pl\/wp-content\/uploads\/2023\/10\/familienskiurlaub-c-wagrain-kleinarl-tourismus-2-1200x675.jpg 1200w\" sizes=\"(max-width: 1170px) 100vw, 1170px\" aria-describedby=\"figcaption-21460-21474\" itemprop=\"thumbnail\"><\/a><\/div>\n\t\t\t\t\t\t<span id=\"figcaption-21460-21474\" class=\"gallery-caption\" itemprop=\"caption\"><span aria-hidden=\"true\">Narciarska zabawa z ca\u0142\u0105 rodzin\u0105 \u00a9 Wagrain-Kleinarl Tourismus<\/span><\/span>\n\t\t\t\t\t<\/li>\n\t\t\t\t<\/ul>\n\t\t\t<\/div><!-- .gallery -->\n\n<h3>Inne propozycje dla rodzin we <a href=\"https:\/\/www.shuttleberg.com\/en\/family\/\" target=\"_blank\" rel=\"noopener\">Schuttleberg Flachauwinkl-Kleinarl<\/a><\/h3>\n<ul>\n<li><strong>Poszukiwanie skarbu<\/strong>: na g\u00f3rze Schulttleberg ukryty jest skarb. Skrzynia jest jednak zamkni\u0119ta na zamek, kt\u00f3rego nie da si\u0119 \u0142atwo otworzy\u0107. Tylko ten, kto zna prawid\u0142owy kod numeryczny, otrzyma nagrod\u0119. Chcesz spr\u00f3bowa\u0107 szcz\u0119\u015bcia i z\u0142ama\u0107 kod? Odbierz map\u0119 w jednej z kas biletowych we Flachauwinkel lub Kleinarl! Poszukiwanie skarbu mo\u017cna rozpocz\u0105\u0107 z dowolnej strony g\u00f3ry, po prostu pod\u0105\u017caj\u0105c za ponumerowanymi stacjami w kolejno\u015bci rosn\u0105cej lub malej\u0105cej. Po rozwi\u0105zaniu wszystkich zagadek znajdziesz skrzyni\u0119 ze skarbem na obu dolnych stacjach. Wprowad\u017a prawid\u0142owy kod, a skarb b\u0119dzie tw\u00f3j!<\/li>\n<li><strong>Fun Run<\/strong> powy\u017cej Sun House to kr\u00f3tki tor oddzielony od stoku, zaprojektowany specjalnie dla dzieci i pocz\u0105tkuj\u0105cych. Opr\u00f3cz wielu kolorowych postaci znajduje si\u0119 tu \u0142atwy do jazdy tor z falami. W ka\u017cdy wtorek o 13:00 w Fun Run odbywa si\u0119 cotygodniowy dzie\u0144 dziecka.<\/li>\n<li>S\u0142oneczny Dom: miejsce, w kt\u00f3rym dzieci i doro\u015bli mog\u0105 si\u0119 zrelaksowa\u0107, zje\u015b\u0107 przek\u0105sk\u0119, a mo\u017ce nawet obejrze\u0107 bajk\u0119.<\/li>\n<li>Ogromne pluszowe lalki Crazy Dolls na ca\u0142ym terenie narciarskim.<\/li>\n<\/ul>\n<h3>Szko\u0142y i przedszkola narciarskie<\/h3>\n<p>Ka\u017cdy mo\u017ce poprawi\u0107 swoje umiej\u0119tno\u015bci narciarskie <a href=\"https:\/\/www.wagrain-kleinarl.at\/en\/activities\/skiing-snowboarding\/skiing-with-the-whole-family.html\" target=\"_blank\" rel=\"noopener\"><strong>w szk\u00f3\u0142kach narciarskich<\/strong> <\/a>w Wagrain-Kleinarl. Nie ma znaczenia, czy jeste\u015b pocz\u0105tkuj\u0105cy, czy nie je\u017adzi\u0142e\u015b na nartach od d\u0142u\u017cszego czasu, dzieci czy doro\u015bli. Instruktorzy narciarstwa pomog\u0105 ci na stokach treningowych lub na odpowiednich stokach. Mo\u017cliwe s\u0105 <strong>lekcje grupowe i indywidualne<\/strong>.<\/p>\n<div id=\"attachment_21479\" style=\"width: 1180px\" class=\"wp-caption alignnone\"><img decoding=\"async\" aria-describedby=\"caption-attachment-21479\" class=\"size-1170_658 wp-image-21479\" src=\"https:\/\/www.salzburgerland.com\/pl\/wp-content\/uploads\/2023\/10\/rs2944_dsc_6250-lpr-1170x658.jpg\" alt=\"\" width=\"1170\" height=\"658\" srcset=\"https:\/\/www.salzburgerland.com\/pl\/wp-content\/uploads\/2023\/10\/rs2944_dsc_6250-lpr-1170x658.jpg 1170w, https:\/\/www.salzburgerland.com\/pl\/wp-content\/uploads\/2023\/10\/rs2944_dsc_6250-lpr-1200x675.jpg 1200w\" sizes=\"(max-width: 1170px) 100vw, 1170px\"><p id=\"caption-attachment-21479\" class=\"wp-caption-text\">Z dzie\u0107mi na narty do Wagrain-Kleinarl \u00a9 SalzburgerLand Tourismus<\/p><\/div>\n<h3>Nauka jazdy dla dzieci<\/h3>\n<p>Instruktorzy narciarstwa dbaj\u0105 o najm\u0142odszych na stokach. Dostosowuj\u0105 si\u0119 do umiej\u0119tno\u015bci i potrzeb dzieci <strong>w ma\u0142ych grupach i w przyjaznej atmosferze<\/strong>. Na kursie dla pocz\u0105tkuj\u0105cych dzieci zapoznaj\u0105 si\u0119 ze sprz\u0119tem narciarskim powoli <a href=\"https:\/\/www.wagrain-kleinarl.at\/en\/activities\/skiing-snowboarding\/skiing-with-the-whole-family.html\" target=\"_blank\" rel=\"noopener\"><strong>i w formie zabawy<\/strong><\/a>. Nast\u0119pnie dzieci s\u0105 zabierane na stoki treningowe w celu wykonania r\u00f3\u017cnych \u0107wicze\u0144, a nast\u0119pnie pierwszych delikatnych skr\u0119t\u00f3w na stokach. Szczeg\u00f3ln\u0105 atrakcj\u0105 ka\u017cdego kursu narciarskiego dla dzieci s\u0105 <strong>obowi\u0105zkowe zawody fina\u0142owe<\/strong>, podczas kt\u00f3rych m\u0142odzi narciarze pokazuj\u0105, czego si\u0119 nauczyli w konkurencyjnym wy\u015bcigu.<\/p>\n<div id=\"attachment_21473\" style=\"width: 1180px\" class=\"wp-caption alignnone\"><img decoding=\"async\" aria-describedby=\"caption-attachment-21473\" class=\"wp-image-21473 size-1170_658\" src=\"https:\/\/www.salzburgerland.com\/pl\/wp-content\/uploads\/2023\/10\/familienskiurlaub-c-wagrain-kleinarl-tourismus-1-1170x658.jpg\" alt=\"\" width=\"1170\" height=\"658\" srcset=\"https:\/\/www.salzburgerland.com\/pl\/wp-content\/uploads\/2023\/10\/familienskiurlaub-c-wagrain-kleinarl-tourismus-1-1170x658.jpg 1170w, https:\/\/www.salzburgerland.com\/pl\/wp-content\/uploads\/2023\/10\/familienskiurlaub-c-wagrain-kleinarl-tourismus-1-1200x675.jpg 1200w\" sizes=\"(max-width: 1170px) 100vw, 1170px\"><p id=\"caption-attachment-21473\" class=\"wp-caption-text\">Narty z ca\u0142\u0105 rodzin\u0105 \u00a9 Wagrain-Kleinarl Tourismus<\/p><\/div>\n<h3>Atrakcyjne oferty dla rodzin<\/h3>\n<p>Shuttleberg Flachauwinkl-Kleinarl i Snow Space Salzburg oferuj\u0105 atrakcyjne oferty dla rodzin przez ca\u0142\u0105 zim\u0119.<\/p>\n<ul>\n<li><strong>Zni\u017cka weekendowa dla junior\u00f3w<\/strong> (Junior Weekend Discount): dzi\u0119ki zni\u017cce weekendowej dla junior\u00f3w dzieci i m\u0142odzie\u017c mog\u0105 je\u017adzi\u0107 na nartach w Ski amad\u00e9 po obni\u017conej cenie w weekendy (sobota i niedziela). Mog\u0105 uzyska\u0107 do 35% zni\u017cki od normalnej ceny.<\/li>\n<li><strong>Bonus rodzinny<\/strong>: trzecie dziecko i kolejne m\u0142odsze dzieci w rodzinie je\u017cd\u017c\u0105 na nartach za darmo na ca\u0142ym obszarze Ski amad\u00e9. Warunkiem jest oficjalny dow\u00f3d cz\u0142onkostwa w rodzinie. Przynajmniej jedno z rodzic\u00f3w musi r\u00f3wnie\u017c posiada\u0107 karnet narciarski na ten sam okres (z wyj\u0105tkiem karnet\u00f3w sezonowych).<\/li>\n<li><strong>Karta M\u0142odej Rodziny<\/strong> (Jungfamilienkarte): karnet narciarski jest idealny dla wszystkich rodzic\u00f3w z nie je\u017cd\u017c\u0105cym na nartach dzieckiem poni\u017cej 3 roku \u017cycia. Karnet narciarski kosztuje tyle samo, co bilet dla osoby doros\u0142ej, ale wyci\u0105gi pobieraj\u0105 zdj\u0119cie obojga rodzic\u00f3w. Oznacza to, \u017ce ten karnet narciarski mo\u017ce by\u0107 u\u017cywany naprzemiennie.<\/li>\n<li><strong>Minicard<\/strong>: dzieci poni\u017cej 6 roku \u017cycia otrzymuj\u0105 minicard w Ski amad\u00e9. Dzi\u0119ki minikarcie dzieci nie musz\u0105 wspina\u0107 si\u0119 pod barierkami.<\/li>\n<li><strong>Ski amad\u00e9 Mini\u2019s Week<\/strong>: Ski amad\u00e9 Mini\u2019s Week to specjalna tygodniowa oferta dla dzieci. Obejmuje ona bogaty program szk\u00f3\u0142ki narciarskiej i zawsze odbywa si\u0119 w styczniu.<\/li>\n<li><strong>Wielkanocna oferta rodzinna<\/strong>: od po\u0142owy marca wyci\u0105gi g\u00f3rskie b\u0119d\u0105 oferowa\u0107 bezp\u0142atne karnety narciarskie dla dzieci, je\u015bli przynajmniej jeden rodzic kupi karnet narciarski na ten sam okres. Oferta dotyczy wszystkich karnet\u00f3w narciarskich na okres od 6 do 18 dni.<\/li>\n<li><a href=\"https:\/\/www.skiamade.com\/en\/Tickets\/Ski-pass\/Family-offers\" target=\"_blank\" rel=\"noopener\"><strong>Oferty narciarskie amad\u00e9 dla rodzin<\/strong><\/a><\/li>\n<\/ul>\n<div id=\"attachment_21474\" style=\"width: 1180px\" class=\"wp-caption alignnone\"><img decoding=\"async\" aria-describedby=\"caption-attachment-21474\" class=\"size-1170_658 wp-image-21474\" src=\"https:\/\/www.salzburgerland.com\/pl\/wp-content\/uploads\/2023\/10\/familienskiurlaub-c-wagrain-kleinarl-tourismus-2-1170x658.jpg\" alt=\"\" width=\"1170\" height=\"658\" srcset=\"https:\/\/www.salzburgerland.com\/pl\/wp-content\/uploads\/2023\/10\/familienskiurlaub-c-wagrain-kleinarl-tourismus-2-1170x658.jpg 1170w, https:\/\/www.salzburgerland.com\/pl\/wp-content\/uploads\/2023\/10\/familienskiurlaub-c-wagrain-kleinarl-tourismus-2-1200x675.jpg 1200w\" sizes=\"(max-width: 1170px) 100vw, 1170px\"><p id=\"caption-attachment-21474\" class=\"wp-caption-text\">Narciarska zabawa z ca\u0142\u0105 rodzin\u0105 \u00a9 Wagrain-Kleinarl Tourismus<\/p><\/div>\n<h3>Zabawa na \u015bniegu poza trasami<\/h3>\n<p>Schronisko Kleinarler H\u00fctte po\u0142o\u017cone jest mi\u0119dzy Penkkopf i Gr\u00fcndegg wysoko nad Kleinarl. Jest to popularne miejsce do jazdy na sankach, zimowych w\u0119dr\u00f3wek i jazdy na nartach dla ca\u0142ej rodziny, do kt\u00f3rego mo\u017cna dotrze\u0107 w 2 godziny z Kleinarl (parking Hirschleiten). Parking Hirschleiten jest p\u0142atny. Tor saneczkowy jest jednym z najd\u0142u\u017cszych naturalnych tor\u00f3w saneczkowych w Salzburgu i ma dobre 7,5 km d\u0142ugo\u015bci. W schronisku Kleinarler H\u00fctte mo\u017cna r\u00f3wnie\u017c wypo\u017cyczy\u0107 sanki.<\/p>\n\n\t\t\t<div id=\"21460-3\" class=\"gallery gallery-21460 gallery-columns-3 gallery-size-1170_658\" itemscope itemtype=\"http:\/\/schema.org\/ImageGallery\">\n\t\t\t\t<ul class=\"gallery-row gallery-col-3 gallery-clear\">\n\t\t\t\t\t<li class=\"gallery-item col-3\" itemprop=\"associatedMedia\" itemscope itemtype=\"http:\/\/schema.org\/ImageObject\">\n\t\t\t\t\t\t<div class=\"gallery-icon landscape\"><a href=\"https:\/\/www.salzburgerland.com\/pl\/wp-content\/uploads\/2022\/11\/familienskiurlaub-c-wagrain-kleinarl-tourismus-7-1604x1067.jpg\" title=\"familienskiurlaub-c-wagrain-kleinarl-tourismus -7\"><img decoding=\"async\" data-title=\"Na sanki! Gotowi! Start! \u00a9 Wagrain-Kleinarl Tourismus\" title=\"Na sanki! Gotowi! Start! \u00a9 Wagrain-Kleinarl Tourismus\" data-caption=\"Na sanki! Gotowi! Start! \u00a9 Wagrain-Kleinarl Tourismus\" width=\"1170\" height=\"658\" src=\"https:\/\/www.salzburgerland.com\/pl\/wp-content\/uploads\/2022\/11\/familienskiurlaub-c-wagrain-kleinarl-tourismus-7-1170x658.jpg\" class=\"attachment-1170_658 size-1170_658\" alt=\"Cztery osoby w kolorowych zimowych ubraniach zje\u017cd\u017caj\u0105 na sankach w za\u015bnie\u017conych g\u00f3rach Wagrain-Kleinarl pod jasnym, s\u0142onecznym niebem. (Powi\u0119kszony widok)\" srcset=\"https:\/\/www.salzburgerland.com\/pl\/wp-content\/uploads\/2022\/11\/familienskiurlaub-c-wagrain-kleinarl-tourismus-7-1170x658.jpg 1170w, https:\/\/www.salzburgerland.com\/pl\/wp-content\/uploads\/2022\/11\/familienskiurlaub-c-wagrain-kleinarl-tourismus-7-1200x675.jpg 1200w\" sizes=\"(max-width: 1170px) 100vw, 1170px\" aria-describedby=\"figcaption-21460-21431\" itemprop=\"thumbnail\"><\/a><\/div>\n\t\t\t\t\t\t<span id=\"figcaption-21460-21431\" class=\"gallery-caption\" itemprop=\"caption\"><span aria-hidden=\"true\">Na sanki! Gotowi! Start! \u00a9 Wagrain-Kleinarl Tourismus<\/span><\/span>\n\t\t\t\t\t<\/li>\n\t\t\t\t\t<li class=\"gallery-item col-3\" itemprop=\"associatedMedia\" itemscope itemtype=\"http:\/\/schema.org\/ImageObject\">\n\t\t\t\t\t\t<div class=\"gallery-icon landscape\"><a href=\"https:\/\/www.salzburgerland.com\/pl\/wp-content\/uploads\/2023\/10\/familienskiurlaub-c-wagrain-kleinarl-tourismus-12-1601x1067.jpg\" title=\"familienskiurlaub-c-wagrain-kleinarl-tourismus -12\"><img decoding=\"async\" data-title=\"Ekscytuj\u0105ca zabawa poza trasami na \u015bniegu \u00a9 Wagrain-Kleinarl Tourismus\" title=\"Ekscytuj\u0105ca zabawa poza trasami na \u015bniegu \u00a9 Wagrain-Kleinarl Tourismus\" data-caption=\"Ekscytuj\u0105ca zabawa poza trasami na \u015bniegu \u00a9 Wagrain-Kleinarl Tourismus\" width=\"1170\" height=\"658\" src=\"https:\/\/www.salzburgerland.com\/pl\/wp-content\/uploads\/2023\/10\/familienskiurlaub-c-wagrain-kleinarl-tourismus-12-1170x658.jpg\" class=\"attachment-1170_658 size-1170_658\" alt=\"Dziecko w czerwonej d\u0119tce \u015bnie\u017cnej w kasku, ciesz\u0105ce si\u0119 ferie zimowe z rodzin\u0105 w Kleinarl-Wagrain. (Powi\u0119kszony widok)\" srcset=\"https:\/\/www.salzburgerland.com\/pl\/wp-content\/uploads\/2023\/10\/familienskiurlaub-c-wagrain-kleinarl-tourismus-12-1170x658.jpg 1170w, https:\/\/www.salzburgerland.com\/pl\/wp-content\/uploads\/2023\/10\/familienskiurlaub-c-wagrain-kleinarl-tourismus-12-1200x675.jpg 1200w\" sizes=\"(max-width: 1170px) 100vw, 1170px\" aria-describedby=\"figcaption-21460-21467\" itemprop=\"thumbnail\"><\/a><\/div>\n\t\t\t\t\t\t<span id=\"figcaption-21460-21467\" class=\"gallery-caption\" itemprop=\"caption\"><span aria-hidden=\"true\">Ekscytuj\u0105ca zabawa poza trasami na \u015bniegu \u00a9 Wagrain-Kleinarl Tourismus<\/span><\/span>\n\t\t\t\t\t<\/li>\n\t\t\t\t\t<li class=\"gallery-item col-3\" itemprop=\"associatedMedia\" itemscope itemtype=\"http:\/\/schema.org\/ImageObject\">\n\t\t\t\t\t\t<div class=\"gallery-icon landscape\"><a href=\"https:\/\/www.salzburgerland.com\/pl\/wp-content\/uploads\/2023\/10\/abseits-der-skipiste-c-wagrain-kleinarl-tourismus-7-1601x1067.jpg\" title=\"abseits-der-skipiste-c-wagrain-kleinarl-tourismus-7\"><img decoding=\"async\" data-title=\"Pi\u0142ka na \u015bniegu \u00a9 Wagrain-Kleinarl Tourismus\" title=\"Pi\u0142ka na \u015bniegu \u00a9 Wagrain-Kleinarl Tourismus\" data-caption=\"Pi\u0142ka na \u015bniegu \u00a9 Wagrain-Kleinarl Tourismus\" width=\"1170\" height=\"658\" src=\"https:\/\/www.salzburgerland.com\/pl\/wp-content\/uploads\/2023\/10\/abseits-der-skipiste-c-wagrain-kleinarl-tourismus-7-1170x658.jpg\" class=\"attachment-1170_658 size-1170_658\" alt=\"Dzieci graj\u0105ce w pi\u0142k\u0119 no\u017cn\u0105 w \u015bnie\u017cn\u0105 noc podczas ferii zimowych w Kleinarl-Wagrain, ubrane w kolorowe kurtki. (Powi\u0119kszony widok)\" srcset=\"https:\/\/www.salzburgerland.com\/pl\/wp-content\/uploads\/2023\/10\/abseits-der-skipiste-c-wagrain-kleinarl-tourismus-7-1170x658.jpg 1170w, https:\/\/www.salzburgerland.com\/pl\/wp-content\/uploads\/2023\/10\/abseits-der-skipiste-c-wagrain-kleinarl-tourismus-7-1200x675.jpg 1200w\" sizes=\"(max-width: 1170px) 100vw, 1170px\" aria-describedby=\"figcaption-21460-21469\" itemprop=\"thumbnail\"><\/a><\/div>\n\t\t\t\t\t\t<span id=\"figcaption-21460-21469\" class=\"gallery-caption\" itemprop=\"caption\"><span aria-hidden=\"true\">Pi\u0142ka na \u015bniegu \u00a9 Wagrain-Kleinarl Tourismus<\/span><\/span>\n\t\t\t\t\t<\/li>\n\t\t\t\t<\/ul>\n\t\t\t<\/div><!-- .gallery -->\n\n<p>Podczas ferii z zimowych z rodzin\u0105 nie zapominaj <a href=\"https:\/\/www.salzburgerland.com\/pl\/bezpieczenstwo-w-gorach-zima\/\" target=\"_blank\" rel=\"noopener\"><strong>o bezpiecze\u0144stwie<\/strong><\/a> swoim i swoich blickich. Przed wyjazdem zapoznaj si\u0119 z informacjami na temat tego, jak przygotowa\u0107 si\u0119 i poradzi\u0107 sobie z pobytem w alpejskim \u015brodowisku bez niepotrzebnych komplikacji.<\/p>\n","protected":false},"excerpt":{"rendered":"<p>Park narciarski Wagrainis Winterwelt Wagrainis Winterwelt to raj dla wszystkich m\u0142odych narciarzy, gdzie mog\u0105 spr\u00f3bowa\u0107 swoich pierwszych narciarskich krok\u00f3w w relaksuj\u0105cym otoczeniu podczas rodzinnych ferii zimowych, w towarzystwie maskotki Wagrainis podczas pierwszych pr\u00f3b jazdy na nartach. Obszar dla dzieci znajduje si\u0119 tu\u017c przy \u015brodkowej stacji kolejki gondolowej \u201eRote 8er\u201d i obejmuje 2 magiczne dywany, 2 [&hellip;]<\/p>\n","protected":false},"author":4,"featured_media":21427,"comment_status":"closed","ping_status":"closed","sticky":false,"template":"","format":"standard","meta":{"_acf_changed":false,"wl_entities_gutenberg":"","_relevanssi_hide_post":"","_relevanssi_hide_content":"","_relevanssi_pin_for_all":"","_relevanssi_pin_keywords":"","_relevanssi_unpin_keywords":"","_relevanssi_related_keywords":"","_relevanssi_related_include_ids":"","_relevanssi_related_exclude_ids":"","_relevanssi_related_no_append":"","_relevanssi_related_not_related":"","_relevanssi_related_posts":"","_relevanssi_noindex_reason":"","footnotes":""},"categories":[1],"tags":[],"wl_entity_type":[300],"class_list":["post-21460","post","type-post","status-publish","format-standard","has-post-thumbnail","hentry","category-uncategorized","wl_entity_type-article"],"acf":[],"yoast_head":"<!-- This site is optimized with the Yoast SEO Premium plugin v27.4 (Yoast SEO v27.4) - https:\/\/yoast.com\/product\/yoast-seo-premium-wordpress\/ -->\n<title>Ferie zimowe z rodzin\u0105 w Wagrain-Kleinarl \u00bb SalzburgerLand.com<\/title>\n<meta name=\"description\" content=\"Wagrain-Kleinarl to o\u015brodek narciarski z bogat\u0105 ofert\u0105 dla rodzin. Tu na dzieci czekaj\u0105 ferie zimowe pe\u0142ne niezapomnianych wra\u017ce\u0144.\" \/>\n<meta name=\"robots\" content=\"index, follow, max-snippet:-1, max-image-preview:large, max-video-preview:-1\" \/>\n<link rel=\"canonical\" href=\"https:\/\/www.salzburgerland.com\/pl\/wagrain-kleinarl-ferie-zimowe-z-rodzina\/\" \/>\n<meta property=\"og:locale\" content=\"pl_PL\" \/>\n<meta property=\"og:type\" content=\"article\" \/>\n<meta property=\"og:title\" content=\"Ferie zimowe z rodzin\u0105 w Wagrain-Kleinarl\" \/>\n<meta property=\"og:description\" content=\"Park narciarski Wagrainis Winterwelt Wagrainis Winterwelt to raj dla wszystkich m\u0142odych narciarzy, gdzie mog\u0105 spr\u00f3bowa\u0107 swoich pierwszych narciarskich\" \/>\n<meta property=\"og:url\" content=\"https:\/\/www.salzburgerland.com\/pl\/wagrain-kleinarl-ferie-zimowe-z-rodzina\/\" \/>\n<meta property=\"og:site_name\" content=\"SalzburgerLand.com\" \/>\n<meta property=\"article:publisher\" content=\"https:\/\/www.facebook.com\/visitsalzburgerland\/\" \/>\n<meta property=\"article:published_time\" content=\"2023-10-08T18:20:36+00:00\" \/>\n<meta property=\"article:modified_time\" content=\"2023-10-19T09:58:32+00:00\" \/>\n<meta property=\"og:image\" content=\"https:\/\/www.salzburgerland.com\/pl\/wp-content\/uploads\/2022\/11\/familienskiurlaub-c-wagrain-kleinarl-tourismus-5-1200x675.jpg\" \/>\n\t<meta property=\"og:image:width\" content=\"1200\" \/>\n\t<meta property=\"og:image:height\" content=\"675\" \/>\n\t<meta property=\"og:image:type\" content=\"image\/jpeg\" \/>\n<meta name=\"author\" content=\"Izabela Gartner\" \/>\n<meta name=\"twitter:card\" content=\"summary_large_image\" \/>\n<meta name=\"twitter:creator\" content=\"@salzburgerland\" \/>\n<meta name=\"twitter:site\" content=\"@salzburgerland\" \/>\n<meta name=\"twitter:label1\" content=\"Napisane przez\" \/>\n\t<meta name=\"twitter:data1\" content=\"Izabela Gartner\" \/>\n\t<meta name=\"twitter:label2\" content=\"Szacowany czas czytania\" \/>\n\t<meta name=\"twitter:data2\" content=\"7 minut\" \/>\n<script type=\"application\/ld+json\" class=\"yoast-schema-graph\">{\"@context\":\"https:\\\/\\\/schema.org\",\"@graph\":[{\"@type\":\"Article\",\"@id\":\"https:\\\/\\\/www.salzburgerland.com\\\/pl\\\/wagrain-kleinarl-ferie-zimowe-z-rodzina\\\/#article\",\"isPartOf\":{\"@id\":\"https:\\\/\\\/www.salzburgerland.com\\\/pl\\\/wagrain-kleinarl-ferie-zimowe-z-rodzina\\\/\"},\"author\":{\"name\":\"Izabela Gartner\",\"@id\":\"https:\\\/\\\/www.salzburgerland.com\\\/pl\\\/#\\\/schema\\\/person\\\/c10420e9897d4ca984317db556f04804\"},\"headline\":\"Ferie zimowe z rodzin\u0105 w Wagrain-Kleinarl\",\"datePublished\":\"2023-10-08T18:20:36+00:00\",\"dateModified\":\"2023-10-19T09:58:32+00:00\",\"mainEntityOfPage\":{\"@id\":\"https:\\\/\\\/www.salzburgerland.com\\\/pl\\\/wagrain-kleinarl-ferie-zimowe-z-rodzina\\\/\"},\"wordCount\":1179,\"image\":{\"@id\":\"https:\\\/\\\/www.salzburgerland.com\\\/pl\\\/wagrain-kleinarl-ferie-zimowe-z-rodzina\\\/#primaryimage\"},\"thumbnailUrl\":\"https:\\\/\\\/www.salzburgerland.com\\\/pl\\\/wp-content\\\/uploads\\\/2022\\\/11\\\/familienskiurlaub-c-wagrain-kleinarl-tourismus-5.jpg\",\"articleSection\":[\"Uncategorized\"],\"inLanguage\":\"pl-PL\"},{\"@type\":\"WebPage\",\"@id\":\"https:\\\/\\\/www.salzburgerland.com\\\/pl\\\/wagrain-kleinarl-ferie-zimowe-z-rodzina\\\/\",\"url\":\"https:\\\/\\\/www.salzburgerland.com\\\/pl\\\/wagrain-kleinarl-ferie-zimowe-z-rodzina\\\/\",\"name\":\"Ferie zimowe z rodzin\u0105 w Wagrain-Kleinarl \u00bb SalzburgerLand.com\",\"isPartOf\":{\"@id\":\"https:\\\/\\\/www.salzburgerland.com\\\/pl\\\/#website\"},\"primaryImageOfPage\":{\"@id\":\"https:\\\/\\\/www.salzburgerland.com\\\/pl\\\/wagrain-kleinarl-ferie-zimowe-z-rodzina\\\/#primaryimage\"},\"image\":{\"@id\":\"https:\\\/\\\/www.salzburgerland.com\\\/pl\\\/wagrain-kleinarl-ferie-zimowe-z-rodzina\\\/#primaryimage\"},\"thumbnailUrl\":\"https:\\\/\\\/www.salzburgerland.com\\\/pl\\\/wp-content\\\/uploads\\\/2022\\\/11\\\/familienskiurlaub-c-wagrain-kleinarl-tourismus-5.jpg\",\"datePublished\":\"2023-10-08T18:20:36+00:00\",\"dateModified\":\"2023-10-19T09:58:32+00:00\",\"author\":{\"@id\":\"https:\\\/\\\/www.salzburgerland.com\\\/pl\\\/#\\\/schema\\\/person\\\/c10420e9897d4ca984317db556f04804\"},\"description\":\"Wagrain-Kleinarl to o\u015brodek narciarski z bogat\u0105 ofert\u0105 dla rodzin. Tu na dzieci czekaj\u0105 ferie zimowe pe\u0142ne niezapomnianych wra\u017ce\u0144.\",\"breadcrumb\":{\"@id\":\"https:\\\/\\\/www.salzburgerland.com\\\/pl\\\/wagrain-kleinarl-ferie-zimowe-z-rodzina\\\/#breadcrumb\"},\"inLanguage\":\"pl-PL\",\"potentialAction\":[{\"@type\":\"ReadAction\",\"target\":[\"https:\\\/\\\/www.salzburgerland.com\\\/pl\\\/wagrain-kleinarl-ferie-zimowe-z-rodzina\\\/\"]}]},{\"@type\":\"ImageObject\",\"inLanguage\":\"pl-PL\",\"@id\":\"https:\\\/\\\/www.salzburgerland.com\\\/pl\\\/wagrain-kleinarl-ferie-zimowe-z-rodzina\\\/#primaryimage\",\"url\":\"https:\\\/\\\/www.salzburgerland.com\\\/pl\\\/wp-content\\\/uploads\\\/2022\\\/11\\\/familienskiurlaub-c-wagrain-kleinarl-tourismus-5.jpg\",\"contentUrl\":\"https:\\\/\\\/www.salzburgerland.com\\\/pl\\\/wp-content\\\/uploads\\\/2022\\\/11\\\/familienskiurlaub-c-wagrain-kleinarl-tourismus-5.jpg\",\"width\":1920,\"height\":1280,\"caption\":\"Na nartach z rodzin\u0105 w Wagrain-Klainarl \u00a9 Wagrain-Kleinarl Tourismus\"},{\"@type\":\"BreadcrumbList\",\"@id\":\"https:\\\/\\\/www.salzburgerland.com\\\/pl\\\/wagrain-kleinarl-ferie-zimowe-z-rodzina\\\/#breadcrumb\",\"itemListElement\":[{\"@type\":\"ListItem\",\"position\":1,\"name\":\"Zima w Wagrain-Kleinarl\",\"item\":\"https:\\\/\\\/www.salzburgerland.com\\\/pl\\\/wagrain-kleinarl-zima\\\/\"},{\"@type\":\"ListItem\",\"position\":2,\"name\":\"Ferie zimowe z rodzin\u0105 w Wagrain-Kleinarl\"}]},{\"@type\":\"WebSite\",\"@id\":\"https:\\\/\\\/www.salzburgerland.com\\\/pl\\\/#website\",\"url\":\"https:\\\/\\\/www.salzburgerland.com\\\/pl\\\/\",\"name\":\"SalzburgerLand.com\",\"description\":\"Urlop Salzburg : hotele : turystyka Ziemia Salzburska : kultura : rodzinny urlop Ziemia Salzburska : informacja turystyczna : noclegi Austria : aktywny wypoczynek\",\"potentialAction\":[{\"@type\":\"SearchAction\",\"target\":{\"@type\":\"EntryPoint\",\"urlTemplate\":\"https:\\\/\\\/www.salzburgerland.com\\\/pl\\\/?s={search_term_string}\"},\"query-input\":{\"@type\":\"PropertyValueSpecification\",\"valueRequired\":true,\"valueName\":\"search_term_string\"}}],\"inLanguage\":\"pl-PL\"},{\"@type\":\"Person\",\"@id\":\"https:\\\/\\\/www.salzburgerland.com\\\/pl\\\/#\\\/schema\\\/person\\\/c10420e9897d4ca984317db556f04804\",\"name\":\"Izabela Gartner\",\"image\":{\"@type\":\"ImageObject\",\"inLanguage\":\"pl-PL\",\"@id\":\"https:\\\/\\\/secure.gravatar.com\\\/avatar\\\/062a6263a145aaa718f0b029a735b6557e456ff63f9e65056a4352d3c0a06e4d?s=96&d=mm&r=g\",\"url\":\"https:\\\/\\\/secure.gravatar.com\\\/avatar\\\/062a6263a145aaa718f0b029a735b6557e456ff63f9e65056a4352d3c0a06e4d?s=96&d=mm&r=g\",\"contentUrl\":\"https:\\\/\\\/secure.gravatar.com\\\/avatar\\\/062a6263a145aaa718f0b029a735b6557e456ff63f9e65056a4352d3c0a06e4d?s=96&d=mm&r=g\",\"caption\":\"Izabela Gartner\"}}]}<\/script>\n<!-- \/ Yoast SEO Premium plugin. -->","yoast_head_json":{"title":"Ferie zimowe z rodzin\u0105 w Wagrain-Kleinarl \u00bb SalzburgerLand.com","description":"Wagrain-Kleinarl to o\u015brodek narciarski z bogat\u0105 ofert\u0105 dla rodzin. Tu na dzieci czekaj\u0105 ferie zimowe pe\u0142ne niezapomnianych wra\u017ce\u0144.","robots":{"index":"index","follow":"follow","max-snippet":"max-snippet:-1","max-image-preview":"max-image-preview:large","max-video-preview":"max-video-preview:-1"},"canonical":"https:\/\/www.salzburgerland.com\/pl\/wagrain-kleinarl-ferie-zimowe-z-rodzina\/","og_locale":"pl_PL","og_type":"article","og_title":"Ferie zimowe z rodzin\u0105 w Wagrain-Kleinarl","og_description":"Park narciarski Wagrainis Winterwelt Wagrainis Winterwelt to raj dla wszystkich m\u0142odych narciarzy, gdzie mog\u0105 spr\u00f3bowa\u0107 swoich pierwszych narciarskich","og_url":"https:\/\/www.salzburgerland.com\/pl\/wagrain-kleinarl-ferie-zimowe-z-rodzina\/","og_site_name":"SalzburgerLand.com","article_publisher":"https:\/\/www.facebook.com\/visitsalzburgerland\/","article_published_time":"2023-10-08T18:20:36+00:00","article_modified_time":"2023-10-19T09:58:32+00:00","og_image":[{"width":1200,"height":675,"url":"https:\/\/www.salzburgerland.com\/pl\/wp-content\/uploads\/2022\/11\/familienskiurlaub-c-wagrain-kleinarl-tourismus-5-1200x675.jpg","type":"image\/jpeg"}],"author":"Izabela Gartner","twitter_card":"summary_large_image","twitter_creator":"@salzburgerland","twitter_site":"@salzburgerland","twitter_misc":{"Napisane przez":"Izabela Gartner","Szacowany czas czytania":"7 minut"},"schema":{"@context":"https:\/\/schema.org","@graph":[{"@type":"Article","@id":"https:\/\/www.salzburgerland.com\/pl\/wagrain-kleinarl-ferie-zimowe-z-rodzina\/#article","isPartOf":{"@id":"https:\/\/www.salzburgerland.com\/pl\/wagrain-kleinarl-ferie-zimowe-z-rodzina\/"},"author":{"name":"Izabela Gartner","@id":"https:\/\/www.salzburgerland.com\/pl\/#\/schema\/person\/c10420e9897d4ca984317db556f04804"},"headline":"Ferie zimowe z rodzin\u0105 w Wagrain-Kleinarl","datePublished":"2023-10-08T18:20:36+00:00","dateModified":"2023-10-19T09:58:32+00:00","mainEntityOfPage":{"@id":"https:\/\/www.salzburgerland.com\/pl\/wagrain-kleinarl-ferie-zimowe-z-rodzina\/"},"wordCount":1179,"image":{"@id":"https:\/\/www.salzburgerland.com\/pl\/wagrain-kleinarl-ferie-zimowe-z-rodzina\/#primaryimage"},"thumbnailUrl":"https:\/\/www.salzburgerland.com\/pl\/wp-content\/uploads\/2022\/11\/familienskiurlaub-c-wagrain-kleinarl-tourismus-5.jpg","articleSection":["Uncategorized"],"inLanguage":"pl-PL"},{"@type":"WebPage","@id":"https:\/\/www.salzburgerland.com\/pl\/wagrain-kleinarl-ferie-zimowe-z-rodzina\/","url":"https:\/\/www.salzburgerland.com\/pl\/wagrain-kleinarl-ferie-zimowe-z-rodzina\/","name":"Ferie zimowe z rodzin\u0105 w Wagrain-Kleinarl \u00bb SalzburgerLand.com","isPartOf":{"@id":"https:\/\/www.salzburgerland.com\/pl\/#website"},"primaryImageOfPage":{"@id":"https:\/\/www.salzburgerland.com\/pl\/wagrain-kleinarl-ferie-zimowe-z-rodzina\/#primaryimage"},"image":{"@id":"https:\/\/www.salzburgerland.com\/pl\/wagrain-kleinarl-ferie-zimowe-z-rodzina\/#primaryimage"},"thumbnailUrl":"https:\/\/www.salzburgerland.com\/pl\/wp-content\/uploads\/2022\/11\/familienskiurlaub-c-wagrain-kleinarl-tourismus-5.jpg","datePublished":"2023-10-08T18:20:36+00:00","dateModified":"2023-10-19T09:58:32+00:00","author":{"@id":"https:\/\/www.salzburgerland.com\/pl\/#\/schema\/person\/c10420e9897d4ca984317db556f04804"},"description":"Wagrain-Kleinarl to o\u015brodek narciarski z bogat\u0105 ofert\u0105 dla rodzin. Tu na dzieci czekaj\u0105 ferie zimowe pe\u0142ne niezapomnianych wra\u017ce\u0144.","breadcrumb":{"@id":"https:\/\/www.salzburgerland.com\/pl\/wagrain-kleinarl-ferie-zimowe-z-rodzina\/#breadcrumb"},"inLanguage":"pl-PL","potentialAction":[{"@type":"ReadAction","target":["https:\/\/www.salzburgerland.com\/pl\/wagrain-kleinarl-ferie-zimowe-z-rodzina\/"]}]},{"@type":"ImageObject","inLanguage":"pl-PL","@id":"https:\/\/www.salzburgerland.com\/pl\/wagrain-kleinarl-ferie-zimowe-z-rodzina\/#primaryimage","url":"https:\/\/www.salzburgerland.com\/pl\/wp-content\/uploads\/2022\/11\/familienskiurlaub-c-wagrain-kleinarl-tourismus-5.jpg","contentUrl":"https:\/\/www.salzburgerland.com\/pl\/wp-content\/uploads\/2022\/11\/familienskiurlaub-c-wagrain-kleinarl-tourismus-5.jpg","width":1920,"height":1280,"caption":"Na nartach z rodzin\u0105 w Wagrain-Klainarl \u00a9 Wagrain-Kleinarl Tourismus"},{"@type":"BreadcrumbList","@id":"https:\/\/www.salzburgerland.com\/pl\/wagrain-kleinarl-ferie-zimowe-z-rodzina\/#breadcrumb","itemListElement":[{"@type":"ListItem","position":1,"name":"Zima w Wagrain-Kleinarl","item":"https:\/\/www.salzburgerland.com\/pl\/wagrain-kleinarl-zima\/"},{"@type":"ListItem","position":2,"name":"Ferie zimowe z rodzin\u0105 w Wagrain-Kleinarl"}]},{"@type":"WebSite","@id":"https:\/\/www.salzburgerland.com\/pl\/#website","url":"https:\/\/www.salzburgerland.com\/pl\/","name":"SalzburgerLand.com","description":"Urlop Salzburg : hotele : turystyka Ziemia Salzburska : kultura : rodzinny urlop Ziemia Salzburska : informacja turystyczna : noclegi Austria : aktywny wypoczynek","potentialAction":[{"@type":"SearchAction","target":{"@type":"EntryPoint","urlTemplate":"https:\/\/www.salzburgerland.com\/pl\/?s={search_term_string}"},"query-input":{"@type":"PropertyValueSpecification","valueRequired":true,"valueName":"search_term_string"}}],"inLanguage":"pl-PL"},{"@type":"Person","@id":"https:\/\/www.salzburgerland.com\/pl\/#\/schema\/person\/c10420e9897d4ca984317db556f04804","name":"Izabela Gartner","image":{"@type":"ImageObject","inLanguage":"pl-PL","@id":"https:\/\/secure.gravatar.com\/avatar\/062a6263a145aaa718f0b029a735b6557e456ff63f9e65056a4352d3c0a06e4d?s=96&d=mm&r=g","url":"https:\/\/secure.gravatar.com\/avatar\/062a6263a145aaa718f0b029a735b6557e456ff63f9e65056a4352d3c0a06e4d?s=96&d=mm&r=g","contentUrl":"https:\/\/secure.gravatar.com\/avatar\/062a6263a145aaa718f0b029a735b6557e456ff63f9e65056a4352d3c0a06e4d?s=96&d=mm&r=g","caption":"Izabela Gartner"}}]}},"_wl_alt_label":[],"wl:entity_url":"http:\/\/open.salzburgerland.com\/pl\/post\/ferie-zimowe-z-rodzina-w-wagrain-klienarl-21460","_links":{"self":[{"href":"https:\/\/www.salzburgerland.com\/pl\/wp-json\/wp\/v2\/posts\/21460","targetHints":{"allow":["GET"]}}],"collection":[{"href":"https:\/\/www.salzburgerland.com\/pl\/wp-json\/wp\/v2\/posts"}],"about":[{"href":"https:\/\/www.salzburgerland.com\/pl\/wp-json\/wp\/v2\/types\/post"}],"author":[{"embeddable":true,"href":"https:\/\/www.salzburgerland.com\/pl\/wp-json\/wp\/v2\/users\/4"}],"replies":[{"embeddable":true,"href":"https:\/\/www.salzburgerland.com\/pl\/wp-json\/wp\/v2\/comments?post=21460"}],"version-history":[{"count":5,"href":"https:\/\/www.salzburgerland.com\/pl\/wp-json\/wp\/v2\/posts\/21460\/revisions"}],"predecessor-version":[{"id":21714,"href":"https:\/\/www.salzburgerland.com\/pl\/wp-json\/wp\/v2\/posts\/21460\/revisions\/21714"}],"wp:featuredmedia":[{"embeddable":true,"href":"https:\/\/www.salzburgerland.com\/pl\/wp-json\/wp\/v2\/media\/21427"}],"wp:attachment":[{"href":"https:\/\/www.salzburgerland.com\/pl\/wp-json\/wp\/v2\/media?parent=21460"}],"wp:term":[{"taxonomy":"category","embeddable":true,"href":"https:\/\/www.salzburgerland.com\/pl\/wp-json\/wp\/v2\/categories?post=21460"},{"taxonomy":"post_tag","embeddable":true,"href":"https:\/\/www.salzburgerland.com\/pl\/wp-json\/wp\/v2\/tags?post=21460"},{"taxonomy":"wl_entity_type","embeddable":true,"href":"https:\/\/www.salzburgerland.com\/pl\/wp-json\/wp\/v2\/wl_entity_type?post=21460"}],"curies":[{"name":"wp","href":"https:\/\/api.w.org\/{rel}","templated":true}]}}