{"id":20874,"date":"2023-09-26T22:13:10","date_gmt":"2023-09-26T20:13:10","guid":{"rendered":"https:\/\/www.salzburgerland.com\/pl\/?p=20874"},"modified":"2023-09-27T20:15:26","modified_gmt":"2023-09-27T18:15:26","slug":"przepis-tort-swierkowy","status":"publish","type":"post","link":"https:\/\/www.salzburgerland.com\/pl\/przepis-tort-swierkowy\/","title":{"rendered":"Tort \u015bwierkowy"},"content":{"rendered":"<h3>Sk\u0142adniki na ciasto<\/h3>\n<ul>\n<li>4 \u017c\u00f3\u0142tka<\/li>\n<li>10 dag oleju<\/li>\n<li>10 dag wody<\/li>\n<li>25 dag cukru<\/li>\n<li>1 cukier waniliowy<\/li>\n<li>4 bia\u0142ka<\/li>\n<li>18 dag m\u0105ki orkiszowej<\/li>\n<li>7 dag m\u0105ki \u015bwierkowej (suszone i drobno zmielone zimowe ig\u0142y \u015bwierku)<\/li>\n<li>1 \u0142y\u017ceczka proszku do pieczenia<\/li>\n<\/ul>\n<h3>Sk\u0142adniki na krem<\/h3>\n<ul>\n<li>1 pojemnik Mascarino<\/li>\n<li>1 Qimig naturalny<\/li>\n<li>mi\u00f3d \u015bwierkowy<\/li>\n<li>1 gar\u015b\u0107 posiekanych p\u0119d\u00f3w (ko\u0144c\u00f3wek ga\u0142\u0105zek) \u015bwierku<\/li>\n<\/ul>\n<h3>Spos\u00f3b przygotowania ciasta<\/h3>\n<p>Utrzyj z\u00f3\u0142tka z olejem, wod\u0105, cukrem i cukrem waniliowym. Bia\u0142ka ubij na sztywn\u0105 pian\u0119. Zmieszaj mok\u0119 i proszek do pieczenia z mas\u0105 \u017c\u00f3\u0142tkow\u0105 i dodaj i delikatnie zmieszaj ubit pian\u0119 z bia\u0142ek. Prze\u0142\u00f3\u017c do wysmarowanej t\u0142uszczem i opr\u00f3szonej m\u0105k\u0105 tortownicy i piecz ok. 55 minut w temp. 175\u00b0C na g\u00f3rnym i dolnym grzaniu.<\/p>\n<h3>Spos\u00f3b przygotowania kremu<\/h3>\n<p>Zmiksuj Mascarino i Qimiq, dodaj do smaku miodu \u015bwierkowego i gar\u015b\u0107 drobno posiekanych p\u0119d\u00f3w \u015bwierku. Przekr\u00f3j ciasto na p\u00f3\u0142, wype\u0142nij cz\u0119\u015bci\u0105 kremu, a pozosta\u0142y krem wykorzystaj do posmarowania i udekorowania. Ciasto ozd\u00f3b drobno posiekanymi p\u0119dami (ko\u0144c\u00f3wkami ga\u0142\u0105zek) \u015bwierku i p\u0119dami \u015bwierkowymi zanurzonymi w czekoladzie.<\/p>\n<h4>Smacznego!<\/h4>\n<p>P\u0119dy \u015bwierku mo\u017cesz wykorzysta\u0107 tak\u017ce do przygotowania <a href=\"https:\/\/www.salzburgerland.com\/pl\/syrop-na-kaszel\/\" target=\"_blank\" rel=\"noopener\"><strong>syropu na kaszel<\/strong><\/a>. \u015awie\u017ce, rozdrobnione ig\u0142y \u015bwierkowe uszlachetniaj\u0105 r\u00f3wnie\u017c knedle \u2013 s\u0142odkie i wytrawne: knedle \u015bwierkowe z sosem grzybowym i knedle \u015bwierkowe z nadzieniem nugatowym. A co by\u015b powiedzia\u0142 na chleb z igliwia \u015bwierkowego?<\/p>\n<p>Zapraszamy tak\u017ce do wypr\u00f3bowania innych jesiennych i zimowych\u00a0<span id=\"urn:enhancement-6ba3d56c-d9e1-4e4e-91b0-2c00da0073f4\" class=\"textannotation disambiguated wl-thing\" itemid=\"http:\/\/open.salzburgerland.com\/pl\/entity\/przepisy\">przepis<span style=\"color: #ffffff;\"><span style=\"background-color: #a4a3a3;\">\u00f3w<\/span><\/span><\/span>\u00a0z Ziemi Salzburskiej, taki<span style=\"color: #ffffff;\"><span style=\"background-color: #a4a3a3;\">ch<\/span><\/span>\u00a0jak <a href=\"https:\/\/www.salzburgerland.com\/pl\/przepis-buraczki-marynowane\/\" target=\"_blank\" rel=\"noopener\"><strong>marynowane buraczki<\/strong><\/a>, <a href=\"https:\/\/www.salzburgerland.com\/pl\/przepis-pieczona-ges-z-wolnego-wybiegu\/\" target=\"_blank\" rel=\"noopener\"><strong>pieczona g\u0119\u015b wiejska<\/strong><\/a>, <strong><a href=\"https:\/\/www.salzburgerland.com\/pl\/przepis-dwa-rodzaje-mlodej-wolowiny-z-ziolowa-polenta\/\" target=\"_blank\" rel=\"noopener\">dwa rodzaje wo\u0142owiny\u00a0z polent\u0105 i warzywami<\/a><\/strong> czy zimow\u0105 <strong><a href=\"https:\/\/www.salzburgerland.com\/pl\/przepis-herbata-ziolowa-na-jesien-i-zime\/\" target=\"_blank\" rel=\"noopener\">herbat\u0119 z suszonych zi\u00f3\u0142 lata<\/a><\/strong>.<\/p>\n<p>\u00a0<\/p>\n","protected":false},"excerpt":{"rendered":"<p>Sk\u0142adniki na ciasto 4 \u017c\u00f3\u0142tka 10 dag oleju 10 dag wody 25 dag cukru 1 cukier waniliowy 4 bia\u0142ka 18 dag m\u0105ki orkiszowej 7 dag m\u0105ki \u015bwierkowej (suszone i drobno zmielone zimowe ig\u0142y \u015bwierku) 1 \u0142y\u017ceczka proszku do pieczenia Sk\u0142adniki na krem 1 pojemnik Mascarino 1 Qimig naturalny mi\u00f3d \u015bwierkowy 1 gar\u015b\u0107 posiekanych p\u0119d\u00f3w (ko\u0144c\u00f3wek [&hellip;]<\/p>\n","protected":false},"author":4,"featured_media":20875,"comment_status":"closed","ping_status":"closed","sticky":false,"template":"","format":"standard","meta":{"_acf_changed":false,"wl_entities_gutenberg":"","_relevanssi_hide_post":"","_relevanssi_hide_content":"","_relevanssi_pin_for_all":"","_relevanssi_pin_keywords":"","_relevanssi_unpin_keywords":"","_relevanssi_related_keywords":"","_relevanssi_related_include_ids":"","_relevanssi_related_exclude_ids":"","_relevanssi_related_no_append":"","_relevanssi_related_not_related":"","_relevanssi_related_posts":"","_relevanssi_noindex_reason":"","footnotes":""},"categories":[1],"tags":[],"wl_entity_type":[299],"class_list":["post-20874","post","type-post","status-publish","format-standard","has-post-thumbnail","hentry","category-uncategorized","wl_entity_type-recipe"],"acf":[],"yoast_head":"<!-- This site is optimized with the Yoast SEO Premium plugin v27.4 (Yoast SEO v27.4) - https:\/\/yoast.com\/product\/yoast-seo-premium-wordpress\/ -->\n<title>Tort \u015bwierkowy \u00bb SalzburgerLand.com<\/title>\n<meta name=\"description\" content=\"Tort \u015bwierkowy to zimowy deser pachn\u0105cy lasem. W cie\u015bcie s\u0105 suszone i zmielone ig\u0142y \u015bwierkowe, a na wierzchu p\u0119dy \u015bwierku w czekoladzie.\" \/>\n<meta name=\"robots\" content=\"index, follow, max-snippet:-1, max-image-preview:large, max-video-preview:-1\" \/>\n<link rel=\"canonical\" href=\"https:\/\/www.salzburgerland.com\/pl\/przepis-tort-swierkowy\/\" \/>\n<meta property=\"og:locale\" content=\"pl_PL\" \/>\n<meta property=\"og:type\" content=\"article\" \/>\n<meta property=\"og:title\" content=\"Tort \u015bwierkowy\" \/>\n<meta property=\"og:description\" content=\"Sk\u0142adniki na ciasto 4 \u017c\u00f3\u0142tka 10 dag oleju 10 dag wody 25 dag cukru 1 cukier waniliowy 4 bia\u0142ka 18 dag m\u0105ki orkiszowej 7 dag m\u0105ki \u015bwierkowej (suszone i\" \/>\n<meta property=\"og:url\" content=\"https:\/\/www.salzburgerland.com\/pl\/przepis-tort-swierkowy\/\" \/>\n<meta property=\"og:site_name\" content=\"SalzburgerLand.com\" \/>\n<meta property=\"article:publisher\" content=\"https:\/\/www.facebook.com\/visitsalzburgerland\/\" \/>\n<meta property=\"article:published_time\" content=\"2023-09-26T20:13:10+00:00\" \/>\n<meta property=\"article:modified_time\" content=\"2023-09-27T18:15:26+00:00\" \/>\n<meta property=\"og:image\" content=\"https:\/\/www.salzburgerland.com\/pl\/wp-content\/uploads\/2023\/09\/fichtenwipfeltorte-kraeuterin-margaretha-2048x1362-1-1200x675.jpg\" \/>\n\t<meta property=\"og:image:width\" content=\"1200\" \/>\n\t<meta property=\"og:image:height\" content=\"675\" \/>\n\t<meta property=\"og:image:type\" content=\"image\/jpeg\" \/>\n<meta name=\"author\" content=\"Izabela Gartner\" \/>\n<meta name=\"twitter:card\" content=\"summary_large_image\" \/>\n<meta name=\"twitter:creator\" content=\"@salzburgerland\" \/>\n<meta name=\"twitter:site\" content=\"@salzburgerland\" \/>\n<meta name=\"twitter:label1\" content=\"Napisane przez\" \/>\n\t<meta name=\"twitter:data1\" content=\"Izabela Gartner\" \/>\n\t<meta name=\"twitter:label2\" content=\"Szacowany czas czytania\" \/>\n\t<meta name=\"twitter:data2\" content=\"2 minuty\" \/>\n<script type=\"application\/ld+json\" class=\"yoast-schema-graph\">{\"@context\":\"https:\\\/\\\/schema.org\",\"@graph\":[{\"@type\":\"Article\",\"@id\":\"https:\\\/\\\/www.salzburgerland.com\\\/pl\\\/przepis-tort-swierkowy\\\/#article\",\"isPartOf\":{\"@id\":\"https:\\\/\\\/www.salzburgerland.com\\\/pl\\\/przepis-tort-swierkowy\\\/\"},\"author\":{\"name\":\"Izabela Gartner\",\"@id\":\"https:\\\/\\\/www.salzburgerland.com\\\/pl\\\/#\\\/schema\\\/person\\\/c10420e9897d4ca984317db556f04804\"},\"headline\":\"Tort \u015bwierkowy\",\"datePublished\":\"2023-09-26T20:13:10+00:00\",\"dateModified\":\"2023-09-27T18:15:26+00:00\",\"mainEntityOfPage\":{\"@id\":\"https:\\\/\\\/www.salzburgerland.com\\\/pl\\\/przepis-tort-swierkowy\\\/\"},\"wordCount\":271,\"image\":{\"@id\":\"https:\\\/\\\/www.salzburgerland.com\\\/pl\\\/przepis-tort-swierkowy\\\/#primaryimage\"},\"thumbnailUrl\":\"https:\\\/\\\/www.salzburgerland.com\\\/pl\\\/wp-content\\\/uploads\\\/2023\\\/09\\\/fichtenwipfeltorte-kraeuterin-margaretha-2048x1362-1.jpg\",\"articleSection\":[\"Uncategorized\"],\"inLanguage\":\"pl-PL\"},{\"@type\":\"WebPage\",\"@id\":\"https:\\\/\\\/www.salzburgerland.com\\\/pl\\\/przepis-tort-swierkowy\\\/\",\"url\":\"https:\\\/\\\/www.salzburgerland.com\\\/pl\\\/przepis-tort-swierkowy\\\/\",\"name\":\"Tort \u015bwierkowy \u00bb SalzburgerLand.com\",\"isPartOf\":{\"@id\":\"https:\\\/\\\/www.salzburgerland.com\\\/pl\\\/#website\"},\"primaryImageOfPage\":{\"@id\":\"https:\\\/\\\/www.salzburgerland.com\\\/pl\\\/przepis-tort-swierkowy\\\/#primaryimage\"},\"image\":{\"@id\":\"https:\\\/\\\/www.salzburgerland.com\\\/pl\\\/przepis-tort-swierkowy\\\/#primaryimage\"},\"thumbnailUrl\":\"https:\\\/\\\/www.salzburgerland.com\\\/pl\\\/wp-content\\\/uploads\\\/2023\\\/09\\\/fichtenwipfeltorte-kraeuterin-margaretha-2048x1362-1.jpg\",\"datePublished\":\"2023-09-26T20:13:10+00:00\",\"dateModified\":\"2023-09-27T18:15:26+00:00\",\"author\":{\"@id\":\"https:\\\/\\\/www.salzburgerland.com\\\/pl\\\/#\\\/schema\\\/person\\\/c10420e9897d4ca984317db556f04804\"},\"description\":\"Tort \u015bwierkowy to zimowy deser pachn\u0105cy lasem. W cie\u015bcie s\u0105 suszone i zmielone ig\u0142y \u015bwierkowe, a na wierzchu p\u0119dy \u015bwierku w czekoladzie.\",\"breadcrumb\":{\"@id\":\"https:\\\/\\\/www.salzburgerland.com\\\/pl\\\/przepis-tort-swierkowy\\\/#breadcrumb\"},\"inLanguage\":\"pl-PL\",\"potentialAction\":[{\"@type\":\"ReadAction\",\"target\":[\"https:\\\/\\\/www.salzburgerland.com\\\/pl\\\/przepis-tort-swierkowy\\\/\"]}]},{\"@type\":\"ImageObject\",\"inLanguage\":\"pl-PL\",\"@id\":\"https:\\\/\\\/www.salzburgerland.com\\\/pl\\\/przepis-tort-swierkowy\\\/#primaryimage\",\"url\":\"https:\\\/\\\/www.salzburgerland.com\\\/pl\\\/wp-content\\\/uploads\\\/2023\\\/09\\\/fichtenwipfeltorte-kraeuterin-margaretha-2048x1362-1.jpg\",\"contentUrl\":\"https:\\\/\\\/www.salzburgerland.com\\\/pl\\\/wp-content\\\/uploads\\\/2023\\\/09\\\/fichtenwipfeltorte-kraeuterin-margaretha-2048x1362-1.jpg\",\"width\":2048,\"height\":1362,\"caption\":\"Tort z p\u0119d\u00f3w i zmielonych igie\u0142 \u015bwierku \u00a9 Barbara Pirchner\"},{\"@type\":\"BreadcrumbList\",\"@id\":\"https:\\\/\\\/www.salzburgerland.com\\\/pl\\\/przepis-tort-swierkowy\\\/#breadcrumb\",\"itemListElement\":[{\"@type\":\"ListItem\",\"position\":1,\"name\":\"Przepisy z zio\u0142ami na jesie\u0144 i zim\u0119\",\"item\":\"https:\\\/\\\/www.salzburgerland.com\\\/pl\\\/przepisy-z-ziolami-na-jesien-i-zime\\\/\"},{\"@type\":\"ListItem\",\"position\":2,\"name\":\"Tort \u015bwierkowy\"}]},{\"@type\":\"WebSite\",\"@id\":\"https:\\\/\\\/www.salzburgerland.com\\\/pl\\\/#website\",\"url\":\"https:\\\/\\\/www.salzburgerland.com\\\/pl\\\/\",\"name\":\"SalzburgerLand.com\",\"description\":\"Urlop Salzburg : hotele : turystyka Ziemia Salzburska : kultura : rodzinny urlop Ziemia Salzburska : informacja turystyczna : noclegi Austria : aktywny wypoczynek\",\"potentialAction\":[{\"@type\":\"SearchAction\",\"target\":{\"@type\":\"EntryPoint\",\"urlTemplate\":\"https:\\\/\\\/www.salzburgerland.com\\\/pl\\\/?s={search_term_string}\"},\"query-input\":{\"@type\":\"PropertyValueSpecification\",\"valueRequired\":true,\"valueName\":\"search_term_string\"}}],\"inLanguage\":\"pl-PL\"},{\"@type\":\"Person\",\"@id\":\"https:\\\/\\\/www.salzburgerland.com\\\/pl\\\/#\\\/schema\\\/person\\\/c10420e9897d4ca984317db556f04804\",\"name\":\"Izabela Gartner\",\"image\":{\"@type\":\"ImageObject\",\"inLanguage\":\"pl-PL\",\"@id\":\"https:\\\/\\\/secure.gravatar.com\\\/avatar\\\/062a6263a145aaa718f0b029a735b6557e456ff63f9e65056a4352d3c0a06e4d?s=96&d=mm&r=g\",\"url\":\"https:\\\/\\\/secure.gravatar.com\\\/avatar\\\/062a6263a145aaa718f0b029a735b6557e456ff63f9e65056a4352d3c0a06e4d?s=96&d=mm&r=g\",\"contentUrl\":\"https:\\\/\\\/secure.gravatar.com\\\/avatar\\\/062a6263a145aaa718f0b029a735b6557e456ff63f9e65056a4352d3c0a06e4d?s=96&d=mm&r=g\",\"caption\":\"Izabela Gartner\"}}]}<\/script>\n<!-- \/ Yoast SEO Premium plugin. -->","yoast_head_json":{"title":"Tort \u015bwierkowy \u00bb SalzburgerLand.com","description":"Tort \u015bwierkowy to zimowy deser pachn\u0105cy lasem. W cie\u015bcie s\u0105 suszone i zmielone ig\u0142y \u015bwierkowe, a na wierzchu p\u0119dy \u015bwierku w czekoladzie.","robots":{"index":"index","follow":"follow","max-snippet":"max-snippet:-1","max-image-preview":"max-image-preview:large","max-video-preview":"max-video-preview:-1"},"canonical":"https:\/\/www.salzburgerland.com\/pl\/przepis-tort-swierkowy\/","og_locale":"pl_PL","og_type":"article","og_title":"Tort \u015bwierkowy","og_description":"Sk\u0142adniki na ciasto 4 \u017c\u00f3\u0142tka 10 dag oleju 10 dag wody 25 dag cukru 1 cukier waniliowy 4 bia\u0142ka 18 dag m\u0105ki orkiszowej 7 dag m\u0105ki \u015bwierkowej (suszone i","og_url":"https:\/\/www.salzburgerland.com\/pl\/przepis-tort-swierkowy\/","og_site_name":"SalzburgerLand.com","article_publisher":"https:\/\/www.facebook.com\/visitsalzburgerland\/","article_published_time":"2023-09-26T20:13:10+00:00","article_modified_time":"2023-09-27T18:15:26+00:00","og_image":[{"width":1200,"height":675,"url":"https:\/\/www.salzburgerland.com\/pl\/wp-content\/uploads\/2023\/09\/fichtenwipfeltorte-kraeuterin-margaretha-2048x1362-1-1200x675.jpg","type":"image\/jpeg"}],"author":"Izabela Gartner","twitter_card":"summary_large_image","twitter_creator":"@salzburgerland","twitter_site":"@salzburgerland","twitter_misc":{"Napisane przez":"Izabela Gartner","Szacowany czas czytania":"2 minuty"},"schema":{"@context":"https:\/\/schema.org","@graph":[{"@type":"Article","@id":"https:\/\/www.salzburgerland.com\/pl\/przepis-tort-swierkowy\/#article","isPartOf":{"@id":"https:\/\/www.salzburgerland.com\/pl\/przepis-tort-swierkowy\/"},"author":{"name":"Izabela Gartner","@id":"https:\/\/www.salzburgerland.com\/pl\/#\/schema\/person\/c10420e9897d4ca984317db556f04804"},"headline":"Tort \u015bwierkowy","datePublished":"2023-09-26T20:13:10+00:00","dateModified":"2023-09-27T18:15:26+00:00","mainEntityOfPage":{"@id":"https:\/\/www.salzburgerland.com\/pl\/przepis-tort-swierkowy\/"},"wordCount":271,"image":{"@id":"https:\/\/www.salzburgerland.com\/pl\/przepis-tort-swierkowy\/#primaryimage"},"thumbnailUrl":"https:\/\/www.salzburgerland.com\/pl\/wp-content\/uploads\/2023\/09\/fichtenwipfeltorte-kraeuterin-margaretha-2048x1362-1.jpg","articleSection":["Uncategorized"],"inLanguage":"pl-PL"},{"@type":"WebPage","@id":"https:\/\/www.salzburgerland.com\/pl\/przepis-tort-swierkowy\/","url":"https:\/\/www.salzburgerland.com\/pl\/przepis-tort-swierkowy\/","name":"Tort \u015bwierkowy \u00bb SalzburgerLand.com","isPartOf":{"@id":"https:\/\/www.salzburgerland.com\/pl\/#website"},"primaryImageOfPage":{"@id":"https:\/\/www.salzburgerland.com\/pl\/przepis-tort-swierkowy\/#primaryimage"},"image":{"@id":"https:\/\/www.salzburgerland.com\/pl\/przepis-tort-swierkowy\/#primaryimage"},"thumbnailUrl":"https:\/\/www.salzburgerland.com\/pl\/wp-content\/uploads\/2023\/09\/fichtenwipfeltorte-kraeuterin-margaretha-2048x1362-1.jpg","datePublished":"2023-09-26T20:13:10+00:00","dateModified":"2023-09-27T18:15:26+00:00","author":{"@id":"https:\/\/www.salzburgerland.com\/pl\/#\/schema\/person\/c10420e9897d4ca984317db556f04804"},"description":"Tort \u015bwierkowy to zimowy deser pachn\u0105cy lasem. W cie\u015bcie s\u0105 suszone i zmielone ig\u0142y \u015bwierkowe, a na wierzchu p\u0119dy \u015bwierku w czekoladzie.","breadcrumb":{"@id":"https:\/\/www.salzburgerland.com\/pl\/przepis-tort-swierkowy\/#breadcrumb"},"inLanguage":"pl-PL","potentialAction":[{"@type":"ReadAction","target":["https:\/\/www.salzburgerland.com\/pl\/przepis-tort-swierkowy\/"]}]},{"@type":"ImageObject","inLanguage":"pl-PL","@id":"https:\/\/www.salzburgerland.com\/pl\/przepis-tort-swierkowy\/#primaryimage","url":"https:\/\/www.salzburgerland.com\/pl\/wp-content\/uploads\/2023\/09\/fichtenwipfeltorte-kraeuterin-margaretha-2048x1362-1.jpg","contentUrl":"https:\/\/www.salzburgerland.com\/pl\/wp-content\/uploads\/2023\/09\/fichtenwipfeltorte-kraeuterin-margaretha-2048x1362-1.jpg","width":2048,"height":1362,"caption":"Tort z p\u0119d\u00f3w i zmielonych igie\u0142 \u015bwierku \u00a9 Barbara Pirchner"},{"@type":"BreadcrumbList","@id":"https:\/\/www.salzburgerland.com\/pl\/przepis-tort-swierkowy\/#breadcrumb","itemListElement":[{"@type":"ListItem","position":1,"name":"Przepisy z zio\u0142ami na jesie\u0144 i zim\u0119","item":"https:\/\/www.salzburgerland.com\/pl\/przepisy-z-ziolami-na-jesien-i-zime\/"},{"@type":"ListItem","position":2,"name":"Tort \u015bwierkowy"}]},{"@type":"WebSite","@id":"https:\/\/www.salzburgerland.com\/pl\/#website","url":"https:\/\/www.salzburgerland.com\/pl\/","name":"SalzburgerLand.com","description":"Urlop Salzburg : hotele : turystyka Ziemia Salzburska : kultura : rodzinny urlop Ziemia Salzburska : informacja turystyczna : noclegi Austria : aktywny wypoczynek","potentialAction":[{"@type":"SearchAction","target":{"@type":"EntryPoint","urlTemplate":"https:\/\/www.salzburgerland.com\/pl\/?s={search_term_string}"},"query-input":{"@type":"PropertyValueSpecification","valueRequired":true,"valueName":"search_term_string"}}],"inLanguage":"pl-PL"},{"@type":"Person","@id":"https:\/\/www.salzburgerland.com\/pl\/#\/schema\/person\/c10420e9897d4ca984317db556f04804","name":"Izabela Gartner","image":{"@type":"ImageObject","inLanguage":"pl-PL","@id":"https:\/\/secure.gravatar.com\/avatar\/062a6263a145aaa718f0b029a735b6557e456ff63f9e65056a4352d3c0a06e4d?s=96&d=mm&r=g","url":"https:\/\/secure.gravatar.com\/avatar\/062a6263a145aaa718f0b029a735b6557e456ff63f9e65056a4352d3c0a06e4d?s=96&d=mm&r=g","contentUrl":"https:\/\/secure.gravatar.com\/avatar\/062a6263a145aaa718f0b029a735b6557e456ff63f9e65056a4352d3c0a06e4d?s=96&d=mm&r=g","caption":"Izabela Gartner"}}]}},"_wl_alt_label":[],"wl:entity_url":"http:\/\/open.salzburgerland.com\/pl\/post\/tort-swierkowy-20874","_links":{"self":[{"href":"https:\/\/www.salzburgerland.com\/pl\/wp-json\/wp\/v2\/posts\/20874","targetHints":{"allow":["GET"]}}],"collection":[{"href":"https:\/\/www.salzburgerland.com\/pl\/wp-json\/wp\/v2\/posts"}],"about":[{"href":"https:\/\/www.salzburgerland.com\/pl\/wp-json\/wp\/v2\/types\/post"}],"author":[{"embeddable":true,"href":"https:\/\/www.salzburgerland.com\/pl\/wp-json\/wp\/v2\/users\/4"}],"replies":[{"embeddable":true,"href":"https:\/\/www.salzburgerland.com\/pl\/wp-json\/wp\/v2\/comments?post=20874"}],"version-history":[{"count":5,"href":"https:\/\/www.salzburgerland.com\/pl\/wp-json\/wp\/v2\/posts\/20874\/revisions"}],"predecessor-version":[{"id":20946,"href":"https:\/\/www.salzburgerland.com\/pl\/wp-json\/wp\/v2\/posts\/20874\/revisions\/20946"}],"wp:featuredmedia":[{"embeddable":true,"href":"https:\/\/www.salzburgerland.com\/pl\/wp-json\/wp\/v2\/media\/20875"}],"wp:attachment":[{"href":"https:\/\/www.salzburgerland.com\/pl\/wp-json\/wp\/v2\/media?parent=20874"}],"wp:term":[{"taxonomy":"category","embeddable":true,"href":"https:\/\/www.salzburgerland.com\/pl\/wp-json\/wp\/v2\/categories?post=20874"},{"taxonomy":"post_tag","embeddable":true,"href":"https:\/\/www.salzburgerland.com\/pl\/wp-json\/wp\/v2\/tags?post=20874"},{"taxonomy":"wl_entity_type","embeddable":true,"href":"https:\/\/www.salzburgerland.com\/pl\/wp-json\/wp\/v2\/wl_entity_type?post=20874"}],"curies":[{"name":"wp","href":"https:\/\/api.w.org\/{rel}","templated":true}]}}