{"id":18445,"date":"2023-04-15T20:28:35","date_gmt":"2023-04-15T18:28:35","guid":{"rendered":"https:\/\/www.salzburgerland.com\/pl\/?p=18445"},"modified":"2023-04-15T20:33:23","modified_gmt":"2023-04-15T18:33:23","slug":"ziola-z-regionu-wypoczynkowego-parku-narodowego-wysokich-taurow","status":"publish","type":"post","link":"https:\/\/www.salzburgerland.com\/pl\/ziola-z-regionu-wypoczynkowego-parku-narodowego-wysokich-taurow\/","title":{"rendered":"Zio\u0142a z Regionu Wypoczynkowego Parku Narodowego Wysokich Taur\u00f3w"},"content":{"rendered":"<h3>Ogrody zio\u0142owe w Hollersbach<\/h3>\n<p>Bogactwo\u00a0dzikich zi\u00f3\u0142 to jeden ze skarb\u00f3w natury w <a href=\"https:\/\/www.salzburgerland.com\/pl\/region-wypoczynkowy-parku-narodowego-wysokich-taurow-lato\/\" target=\"_blank\" rel=\"noopener\">Parku Narodowym Wysokich Taur\u00f3w<\/a>. Ich wykorzystanie w medycynie ludowej i w kuchni ma d\u0142ug\u0105 tradycj\u0119. Bogactwo to wykorzystywa\u0142a te\u017c przedlaty firma Yves Rocher, kt\u00f3ra posiada\u0142a w Hollersbach swoje <a href=\"https:\/\/www.nationalpark.at\/de\/urlaub\/die-region\/regionalentwicklung\/kraeutergarten-hollersbach\/\" target=\"_blank\" rel=\"noopener\">pola zio\u0142owe<\/a>. Kiedy zdecydowa\u0142a si\u0119 z nich zrezygnowa\u0107, powsta\u0142o stowarzyszenie, kt\u00f3re postawi\u0142o sobie za cel hodowl\u0119 i piel\u0119gnacj\u0119 zi\u00f3\u0142, rozpowszechnianie ich i przetwarzanie.\u00a0 W powo\u0142anym na nowo do \u017cycia ogrodzie znalaz\u0142y \u015brodowisko \u017cycia zio\u0142a, kt\u00f3re wyst\u0119puj\u0105 w regionie dziko, w naturze. \u00a0Pasjonaci zi\u00f3\u0142 zaaran\u017cowali ogr\u00f3d z wielk\u0105 mi\u0142o\u015bci\u0105 do szczeg\u00f3\u0142\u00f3w, sadz\u0105c ro\u015bliny wok\u0105\u0142 ma\u0142ych staw\u00f3w, na polach zio\u0142owych i skalniakach. Znalaz\u0142y si\u0119 tam przer\u00f3\u017cne ro\u015bliny \u2013 dzikie, \u017cywop\u0142otowe i uprawiane zwykle w ogr\u00f3dkach przy gospodarstwach. Je\u015bli s\u0105 jadalne, odwiedzaj\u0105cy maj\u0105 okazj\u0119 ich spr\u00f3bowa\u0107. Opiekuj\u0105ce si\u0119 ogrodem ekspertki od zi\u00f3\u0142 oferuj\u0105 na sprzeda\u017c domowe herbatki i napary, s\u00f3l zio\u0142ow\u0105, a nawet ocet zio\u0142owy. Projekt ten jest \u015bwietnym przyk\u0142adem ochrony, piel\u0119gnacji i poszerzania <span style=\"background-color: rgba(46, 146, 255, 0.2);\">dawnej<\/span> wiedzy i stanowi mile widzian\u0105 przez mieszka\u0144c\u00f3w i go\u015bci ofert\u0119, przygotowan\u0105 we wsp\u00f3\u0142pracy z Parkiem Narodowym <span style=\"background-color: rgba(46, 146, 255, 0.125);\">Wysokich Taur\u00f3w<\/span>.<\/p>\n<div id=\"attachment_17998\" style=\"width: 1180px\" class=\"wp-caption alignnone\"><img decoding=\"async\" aria-describedby=\"caption-attachment-17998\" class=\"size-1170_658 wp-image-17998\" src=\"https:\/\/cdn.salzburgerland.com\/pl\/wp-content\/uploads\/2023\/03\/kraeutergarten-hollesbach-1920x1067-1-1170x658.jpg\" alt=\"\" width=\"1170\" height=\"658\" srcset=\"https:\/\/www.salzburgerland.com\/pl\/wp-content\/uploads\/2023\/03\/kraeutergarten-hollesbach-1920x1067-1-1170x658.jpg 1170w, https:\/\/www.salzburgerland.com\/pl\/wp-content\/uploads\/2023\/03\/kraeutergarten-hollesbach-1920x1067-1-1200x675.jpg 1200w\" sizes=\"(max-width: 1170px) 100vw, 1170px\"><p id=\"caption-attachment-17998\" class=\"wp-caption-text\">Ogr\u00f3d zio\u0142owy w Hollersbach \u00a9 SalzburgerLand Tourismus<\/p><\/div>\n<p><a href=\"https:\/\/www.hollersbacher.at\/de\/kraeutergarten\/allgemeine-informationen\" target=\"_blank\" rel=\"noopener\"><strong>Ogr\u00f3d zio\u0142owy w Hollersbach<\/strong><\/a>, w gmienie Parku Narodowego le\u017cy na powierzchni <strong>ok.\u00a08000 m\u00b2<\/strong> czeka na zainteresowanych ponad <strong>500 ro\u015blin<\/strong>. Ogr\u00f3d sk\u0142ada si\u0119 z poszczeg\u00f3lnych obszar\u00f3w tematycznych, kt\u00f3re s\u0105 po\u0142\u0105czone \u015bcie\u017ckami i wzbogacone tablicami informacyjnymi. Ich proporcje i odleg\u0142o\u015bci odpowiadaj\u0105 proporcjom \u201ez\u0142otego podzia\u0142u\u201d, tworz\u0105c harmonijn\u0105 ca\u0142o\u015b\u0107, uwzgl\u0119dniaj\u0105c\u0105 uk\u0142ad \u015bcie\u017cek. Odwiedzaj\u0105cy mog\u0105 w przejrzysty spos\u00f3b odkrywa\u0107 poszczeg\u00f3lne ro\u015bliny i zio\u0142a typowe dla tych szeroko\u015bci geograficznych. Celem stowarzyszenia jest zgrupowanie jak najwi\u0119kszej ilo\u015bci rodzimych zi\u00f3\u0142 i ro\u015blin w przejrzystym porz\u0105dku, \u0142atwym do zrozumienia dla zwiedzaj\u0105cych. I tak znajdziemy tu zio\u0142a \u0142\u0105k, las\u00f3w, g\u00f3r, w\u00f3d i zio\u0142a ogr\u00f3dk\u00f3w rolniczych, a tak\u017ce zio\u0142a kt\u00f3re przyw\u0119drowa\u0142y tu z innych region\u00f3w.<\/p>\n<div id=\"attachment_18454\" style=\"width: 1180px\" class=\"wp-caption alignnone\"><img decoding=\"async\" aria-describedby=\"caption-attachment-18454\" class=\"wp-image-18454 size-1170_658\" src=\"https:\/\/cdn.salzburgerland.com\/pl\/wp-content\/uploads\/2023\/03\/hollersbach-krautergarten-familien-1170x658.jpg\" alt=\"\" width=\"1170\" height=\"658\" srcset=\"https:\/\/www.salzburgerland.com\/pl\/wp-content\/uploads\/2023\/03\/hollersbach-krautergarten-familien-1170x658.jpg 1170w, https:\/\/www.salzburgerland.com\/pl\/wp-content\/uploads\/2023\/03\/hollersbach-krautergarten-familien-1200x675.jpg 1200w\" sizes=\"(max-width: 1170px) 100vw, 1170px\"><p id=\"caption-attachment-18454\" class=\"wp-caption-text\">Ogrody zio\u0142owe w Hollersbach to doskona\u0142e miejsce na rodzinn\u0105 wycieczk\u0119 z dzie\u0107mi \u00a9 Ferienregion Nationalpark Hohe Tauern<\/p><\/div>\n<p>Na terenie ogrodu znajduje si\u0119 odcisk ekologiczny, przez kt\u00f3ry mo\u017cna przej\u015b\u0107. Jest to labirynt \u017cywop\u0142otowy grab\u00f3w\u00a0o d\u0142ugo\u015bci 70 metr\u00f3w i powierzchni oko\u0142o <strong>1700<\/strong> <strong>m\u00b2<\/strong>\u00a0w kszta\u0142cie \u015bladu stopy, gdzie przy ka\u017cdym rozga\u0142\u0119zieniu zadawane s\u0105 pytania dotycz\u0105ce ochrony klimatu, zr\u00f3wnowa\u017conego rozwoju lub \u015bladu ekologicznego. Je\u015bli odpowied\u017a jest prawid\u0142owa, labirynt \u017cywop\u0142otowy prowadzi do nast\u0119pnego odga\u0142\u0119zienia lub pytania; je\u015bli odpowied\u017a jest z\u0142a, koniec \u015blepej uliczki zmusza zwiedzaj\u0105cego do powrotu.\u00a0 Ta nowa plac\u00f3wka edukacyjna jest dost\u0119pna dla wszystkich zainteresowanych , zw\u0142aszczaklas szkolnych, grup, rodzin, mieszka\u0144c\u00f3w i go\u015bci w ramach okre\u015blonych program\u00f3w Parku Narodowego lub z w\u0142asnej inicjatywy. Jest dost\u0119pna bezp\u0142atnie.<\/p>\n<div id=\"attachment_18778\" style=\"width: 1034px\" class=\"wp-caption alignnone\"><img decoding=\"async\" aria-describedby=\"caption-attachment-18778\" class=\"size-medium wp-image-18778\" src=\"https:\/\/cdn.salzburgerland.com\/pl\/wp-content\/uploads\/2023\/04\/lageplan_kraeutergarten-1024x569.jpg\" alt=\"\" width=\"1024\" height=\"569\" srcset=\"https:\/\/www.salzburgerland.com\/pl\/wp-content\/uploads\/2023\/04\/lageplan_kraeutergarten-1024x569.jpg 1024w, https:\/\/www.salzburgerland.com\/pl\/wp-content\/uploads\/2023\/04\/lageplan_kraeutergarten-370x206.jpg 370w, https:\/\/www.salzburgerland.com\/pl\/wp-content\/uploads\/2023\/04\/lageplan_kraeutergarten-270x150.jpg 270w, https:\/\/www.salzburgerland.com\/pl\/wp-content\/uploads\/2023\/04\/lageplan_kraeutergarten-540x300.jpg 540w\" sizes=\"(max-width: 1024px) 100vw, 1024px\"><p id=\"caption-attachment-18778\" class=\"wp-caption-text\">Plan ogrod\u00f3w zio\u0142owych w Hollersbach \u00a9 Ferienregion Nationalpark Hohe Tauern<\/p><\/div>\n<h3>Zwiedzanie ogrodu zio\u0142owego z przewodnikiem<\/h3>\n<p>Od ko\u0144ca maja do wrze\u015bnia oferowane jest zwiedzanie ogrodu zio\u0142owego z przewodnikiem (w ka\u017cdy wtorek \u2013 z waj\u0105tkiem \u015bwi\u0105t pa\u0144stwowych \u2013 o godz. 16.00.\u00a0 Czas zwiedzania ok. 2 godziny. Konieczna jest rezerwacja terminu.<\/p>\n<div id=\"attachment_18455\" style=\"width: 1180px\" class=\"wp-caption alignnone\"><img decoding=\"async\" aria-describedby=\"caption-attachment-18455\" class=\"wp-image-18455 size-1170_658\" src=\"https:\/\/cdn.salzburgerland.com\/pl\/wp-content\/uploads\/2023\/03\/krautergarten-hollersbach-c-ferienregion-nationalpark-hohe-tauern-1170x658.jpg\" alt=\"\" width=\"1170\" height=\"658\" srcset=\"https:\/\/www.salzburgerland.com\/pl\/wp-content\/uploads\/2023\/03\/krautergarten-hollersbach-c-ferienregion-nationalpark-hohe-tauern-1170x658.jpg 1170w, https:\/\/www.salzburgerland.com\/pl\/wp-content\/uploads\/2023\/03\/krautergarten-hollersbach-c-ferienregion-nationalpark-hohe-tauern-1200x675.jpg 1200w\" sizes=\"(max-width: 1170px) 100vw, 1170px\"><p id=\"caption-attachment-18455\" class=\"wp-caption-text\">W ogrodach zio\u0142owych w Hollerbach starsze pokolenia przekazuj\u0105 m\u0142odym swoj\u0105 wiedz\u0119 i do\u015bwiadczenie \u00a9 Ferienregion Nationalpark Hohe Tauern<\/p><\/div>\n<h3>Wprowadzenie do wiedzy o zio\u0142ach Parku Narodowego<\/h3>\n<p>Gospodyni farmy ekologicznej i specjalistka od <span style=\"background-color: rgba(46, 146, 255, 0.4);\">zielarstwa,<\/span> Andrea Rieder, organizuje specjalne warsztyty zielarskie, podczas kt\u00f3rych przekazuje kusantom swoj\u0105 bezcenn\u0105 wiedz\u0105 na temat rodzimych zi\u00f3\u0142. Swoj\u0105 wiedz\u0119 na temat leczniczego potencja\u0142u<span style=\"background-color: rgba(46, 146, 255, 0.4);\"> ro\u015blin<\/span> przekazuje wraz z umiej\u0119tno\u015bci\u0105 podchodzenia do przyrody z wyczuciem i wra\u017cliwo\u015bci\u0105. Warsztaty te, obejmuj\u0105ce cotygodniowe wsp\u00f3lne w\u0119dr\u00f3wki w poszukiwnaiu dzikich zi\u00f3\u0142 i przygotowywania mieszanek zio\u0142owych, oferuje w terminei od czerwca do po\u0142owy pa\u017adziernika.<\/p>\n<div id=\"attachment_18782\" style=\"width: 1180px\" class=\"wp-caption alignnone\"><img decoding=\"async\" aria-describedby=\"caption-attachment-18782\" class=\"size-1170_658 wp-image-18782\" src=\"https:\/\/cdn.salzburgerland.com\/pl\/wp-content\/uploads\/2023\/04\/rs5198_genussreise_hohetauern-58-lpr-1170x658.jpg\" alt=\"\" width=\"1170\" height=\"658\" srcset=\"https:\/\/www.salzburgerland.com\/pl\/wp-content\/uploads\/2023\/04\/rs5198_genussreise_hohetauern-58-lpr-1170x658.jpg 1170w, https:\/\/www.salzburgerland.com\/pl\/wp-content\/uploads\/2023\/04\/rs5198_genussreise_hohetauern-58-lpr-1200x675.jpg 1200w\" sizes=\"(max-width: 1170px) 100vw, 1170px\"><p id=\"caption-attachment-18782\" class=\"wp-caption-text\">Odkrywanie fascynuj\u0105cego \u015bwiata zi\u00f3\u0142 Parku Narodowego Wysokich Taur\u00f3w \u00a9 SalzburgerLand Tourismus, Chris Perkles<\/p><\/div>\n<h3>Ocet zio\u0142owy<\/h3>\n<p>Z dzikich zi\u0105 mo\u017cna przygotowa\u0107 bardzo smaczny ocet spo\u017cywczy. Swoim sprawdzonym przepisem dzieli si\u0119 z nami ekspertka zielarstwa, AndreaRieder.<\/p>\n<p>Przygotowujemy zamykan\u0105 butelk\u0119 i wype\u0142niamy j\u0105 w 1\/3 czystymi zio\u0142ami i kwiatami. Mo\u017ce to by\u0107 wszystko, co mamy pod r\u0119k\u0105: szczypiorek, pietruszka, rozmaryn, cz\u0105br, tymianek. p\u0142atki r\u00f3\u017c, stokrotki i<span style=\"background-color: rgba(46, 146, 255, 0.2);\">tp. Butelk\u0119 dope\u0142niamy dobrym octem jab\u0142kowym i szczelnie zamykamy butelk\u0119. Stawiamy ocet na parapacie na 14 dni, aby wyci\u0105gn\u0105\u0142 ekstrakt z zi\u00f3\u0142. Nast\u0119pnie odcedzamy ro\u015bliny i delektujemy si\u0119 doskona\u0142ym, w\u0142asnym produktem.<\/span><\/p>\n\n\t\t\t<div id=\"18445-1\" class=\"gallery gallery-18445 gallery-columns-3 gallery-size-1170_658\" itemscope itemtype=\"http:\/\/schema.org\/ImageGallery\">\n\t\t\t\t<ul class=\"gallery-row gallery-col-3 gallery-clear\">\n\t\t\t\t\t<li class=\"gallery-item col-3\" itemprop=\"associatedMedia\" itemscope itemtype=\"http:\/\/schema.org\/ImageObject\">\n\t\t\t\t\t\t<div class=\"gallery-icon landscape\"><a href=\"https:\/\/www.salzburgerland.com\/pl\/wp-content\/uploads\/2023\/03\/krauterexpertin-andrea-riedercnetzwerk-kulinarik-1170x658-1.jpg\" title=\"krauterexpertin-andrea-riedercnetzwerk-kulinarik-1170x658\"><img decoding=\"async\" data-title=\"Ekspert zielarstwa, Andrea Rieder \u00a9 Netzwerk Kulinarik\" title=\"Ekspert zielarstwa, Andrea Rieder \u00a9 Netzwerk Kulinarik\" data-caption=\"Ekspert zielarstwa, Andrea Rieder \u00a9 Netzwerk Kulinarik\" width=\"1170\" height=\"658\" src=\"https:\/\/www.salzburgerland.com\/pl\/wp-content\/uploads\/2023\/03\/krauterexpertin-andrea-riedercnetzwerk-kulinarik-1170x658-1.jpg\" class=\"attachment-1170_658 size-1170_658\" alt=\"U\u015bmiechni\u0119ta kobieta w tradycyjnym stroju trzyma zio\u0142a Parku Narodowego Wysokich Taur\u00f3w przy kwitn\u0105cych \u017c\u00f3\u0142tych kwiatach. (Powi\u0119kszony widok)\" srcset=\"https:\/\/www.salzburgerland.com\/pl\/wp-content\/uploads\/2023\/03\/krauterexpertin-andrea-riedercnetzwerk-kulinarik-1170x658-1.jpg 1170w, https:\/\/www.salzburgerland.com\/pl\/wp-content\/uploads\/2023\/03\/krauterexpertin-andrea-riedercnetzwerk-kulinarik-1170x658-1-768x432.jpg 768w\" sizes=\"(max-width: 1170px) 100vw, 1170px\" aria-describedby=\"figcaption-18445-18451\" itemprop=\"thumbnail\"><\/a><\/div>\n\t\t\t\t\t\t<span id=\"figcaption-18445-18451\" class=\"gallery-caption\" itemprop=\"caption\"><span aria-hidden=\"true\">Ekspert zielarstwa, Andrea Rieder \u00a9 Netzwerk Kulinarik<\/span><\/span>\n\t\t\t\t\t<\/li>\n\t\t\t\t\t<li class=\"gallery-item col-3\" itemprop=\"associatedMedia\" itemscope itemtype=\"http:\/\/schema.org\/ImageObject\">\n\t\t\t\t\t\t<div class=\"gallery-icon landscape\"><a href=\"https:\/\/www.salzburgerland.com\/pl\/wp-content\/uploads\/2023\/04\/jahrestee-c-hollersbacher-krautergarten-1920x1067.jpg\" title=\"Jahrestee (c) Hollersbacher Kr\u00e4utergarten\"><img decoding=\"async\" data-title=\" Mieszanka zi\u00f3\u0142 na herbatk\u0119 lub ocet zio\u0142owy \u00a9 Hollersbacher Kr\u00e4utergarten\" title=\" Mieszanka zi\u00f3\u0142 na herbatk\u0119 lub ocet zio\u0142owy \u00a9 Hollersbacher Kr\u00e4utergarten\" data-caption=\" Mieszanka zi\u00f3\u0142 na herbatk\u0119 lub ocet zio\u0142owy \u00a9 Hollersbacher Kr\u00e4utergarten\" width=\"1170\" height=\"658\" src=\"https:\/\/www.salzburgerland.com\/pl\/wp-content\/uploads\/2023\/04\/jahrestee-c-hollersbacher-krautergarten-1170x658.jpg\" class=\"attachment-1170_658 size-1170_658\" alt=\"R\u00f3\u017cne \u015bwie\u017ce zio\u0142a, zio\u0142a Parku Narodowego Wysokich Taur\u00f3w i r\u00f3\u017cowe p\u0142atki r\u00f3\u017c na bia\u0142ej \u015bciereczce. (Powi\u0119kszony widok)\" srcset=\"https:\/\/www.salzburgerland.com\/pl\/wp-content\/uploads\/2023\/04\/jahrestee-c-hollersbacher-krautergarten-1170x658.jpg 1170w, https:\/\/www.salzburgerland.com\/pl\/wp-content\/uploads\/2023\/04\/jahrestee-c-hollersbacher-krautergarten-1200x675.jpg 1200w\" sizes=\"(max-width: 1170px) 100vw, 1170px\" aria-describedby=\"figcaption-18445-18780\" itemprop=\"thumbnail\"><\/a><\/div>\n\t\t\t\t\t\t<span id=\"figcaption-18445-18780\" class=\"gallery-caption\" itemprop=\"caption\"><span aria-hidden=\"true\"> Mieszanka zi\u00f3\u0142 na herbatk\u0119 lub ocet zio\u0142owy \u00a9 Hollersbacher Kr\u00e4utergarten<\/span><\/span>\n\t\t\t\t\t<\/li>\n\t\t\t\t\t<li class=\"gallery-item col-3\" itemprop=\"associatedMedia\" itemscope itemtype=\"http:\/\/schema.org\/ImageObject\">\n\t\t\t\t\t\t<div class=\"gallery-icon landscape\"><a href=\"https:\/\/www.salzburgerland.com\/pl\/wp-content\/uploads\/2023\/03\/krauteressig-c-hollersbacher-krautergarten-1200x1067.jpg\" title=\"Kr\u00e4uteressig (c) \u00a9 Hollersbacher Kr\u00e4utergarten\"><img decoding=\"async\" data-title=\"Ocet zio\u0142owy \u00a9 Hollersbacher Kr\u00e4utergarten\" title=\"Ocet zio\u0142owy \u00a9 Hollersbacher Kr\u00e4utergarten\" data-caption=\"Ocet zio\u0142owy \u00a9 Hollersbacher Kr\u00e4utergarten\" width=\"1170\" height=\"658\" src=\"https:\/\/www.salzburgerland.com\/pl\/wp-content\/uploads\/2023\/03\/krauteressig-c-hollersbacher-krautergarten-1170x658.jpg\" class=\"attachment-1170_658 size-1170_658\" alt=\"Dwie szklane butelki z przezroczystym p\u0142ynem i zio\u0142a Parku Narodowego Wysokich Taur\u00f3w stoj\u0105 na drewnianej powierzchni na zewn\u0105trz. (Powi\u0119kszony widok)\" srcset=\"https:\/\/www.salzburgerland.com\/pl\/wp-content\/uploads\/2023\/03\/krauteressig-c-hollersbacher-krautergarten-1170x658.jpg 1170w, https:\/\/www.salzburgerland.com\/pl\/wp-content\/uploads\/2023\/03\/krauteressig-c-hollersbacher-krautergarten-1200x675.jpg 1200w\" sizes=\"(max-width: 1170px) 100vw, 1170px\" aria-describedby=\"figcaption-18445-18452\" itemprop=\"thumbnail\"><\/a><\/div>\n\t\t\t\t\t\t<span id=\"figcaption-18445-18452\" class=\"gallery-caption\" itemprop=\"caption\"><span aria-hidden=\"true\">Ocet zio\u0142owy \u00a9 Hollersbacher Kr\u00e4utergarten<\/span><\/span>\n\t\t\t\t\t<\/li>\n\t\t\t\t<\/ul>\n\t\t\t<\/div><!-- .gallery -->\n\n","protected":false},"excerpt":{"rendered":"<p>Ogrody zio\u0142owe w Hollersbach Bogactwo\u00a0dzikich zi\u00f3\u0142 to jeden ze skarb\u00f3w natury w Parku Narodowym Wysokich Taur\u00f3w. Ich wykorzystanie w medycynie ludowej i w kuchni ma d\u0142ug\u0105 tradycj\u0119. Bogactwo to wykorzystywa\u0142a te\u017c przedlaty firma Yves Rocher, kt\u00f3ra posiada\u0142a w Hollersbach swoje pola zio\u0142owe. Kiedy zdecydowa\u0142a si\u0119 z nich zrezygnowa\u0107, powsta\u0142o stowarzyszenie, kt\u00f3re postawi\u0142o sobie za cel [&hellip;]<\/p>\n","protected":false},"author":4,"featured_media":18446,"comment_status":"closed","ping_status":"closed","sticky":false,"template":"","format":"standard","meta":{"_acf_changed":false,"wl_entities_gutenberg":"","_relevanssi_hide_post":"","_relevanssi_hide_content":"","_relevanssi_pin_for_all":"","_relevanssi_pin_keywords":"","_relevanssi_unpin_keywords":"","_relevanssi_related_keywords":"","_relevanssi_related_include_ids":"","_relevanssi_related_exclude_ids":"","_relevanssi_related_no_append":"","_relevanssi_related_not_related":"","_relevanssi_related_posts":"","_relevanssi_noindex_reason":"","footnotes":""},"categories":[1],"tags":[],"wl_entity_type":[300],"class_list":["post-18445","post","type-post","status-publish","format-standard","has-post-thumbnail","hentry","category-uncategorized","wl_entity_type-article"],"acf":[],"yoast_head":"<!-- This site is optimized with the Yoast SEO Premium plugin v27.4 (Yoast SEO v27.4) - https:\/\/yoast.com\/product\/yoast-seo-premium-wordpress\/ -->\n<title>Zio\u0142a w Regionie Parku Narodowego Wysokich Taur\u00f3w<\/title>\n<meta name=\"description\" content=\"Bogactwo dzikich zi\u00f3\u0142 to jeden ze skarb\u00f3w natury w Parku Narodowym Wysokich Taur\u00f3w. Poznamy je, odwiedzaj\u0105c ogrody zio\u0142owe w Hollersbach.\" \/>\n<meta name=\"robots\" content=\"index, follow, max-snippet:-1, max-image-preview:large, max-video-preview:-1\" \/>\n<link rel=\"canonical\" href=\"https:\/\/www.salzburgerland.com\/pl\/ziola-z-regionu-wypoczynkowego-parku-narodowego-wysokich-taurow\/\" \/>\n<meta property=\"og:locale\" content=\"pl_PL\" \/>\n<meta property=\"og:type\" content=\"article\" \/>\n<meta property=\"og:title\" content=\"Zio\u0142a z Regionu Wypoczynkowego Parku Narodowego Wysokich Taur\u00f3w\" \/>\n<meta property=\"og:description\" content=\"Ogrody zio\u0142owe w Hollersbach Bogactwo\u00a0dzikich zi\u00f3\u0142 to jeden ze skarb\u00f3w natury w Parku Narodowym Wysokich Taur\u00f3w. Ich wykorzystanie w medycynie ludowej i w\" \/>\n<meta property=\"og:url\" content=\"https:\/\/www.salzburgerland.com\/pl\/ziola-z-regionu-wypoczynkowego-parku-narodowego-wysokich-taurow\/\" \/>\n<meta property=\"og:site_name\" content=\"SalzburgerLand.com\" \/>\n<meta property=\"article:publisher\" content=\"https:\/\/www.facebook.com\/visitsalzburgerland\/\" \/>\n<meta property=\"article:published_time\" content=\"2023-04-15T18:28:35+00:00\" \/>\n<meta property=\"article:modified_time\" content=\"2023-04-15T18:33:23+00:00\" \/>\n<meta property=\"og:image\" content=\"https:\/\/www.salzburgerland.com\/pl\/wp-content\/uploads\/2023\/03\/rs2710_kraeutergarten_02_4003-scr-1100x658-1.jpg\" \/>\n\t<meta property=\"og:image:width\" content=\"1100\" \/>\n\t<meta property=\"og:image:height\" content=\"658\" \/>\n\t<meta property=\"og:image:type\" content=\"image\/jpeg\" \/>\n<meta name=\"author\" content=\"Izabela Gartner\" \/>\n<meta name=\"twitter:card\" content=\"summary_large_image\" \/>\n<meta name=\"twitter:creator\" content=\"@salzburgerland\" \/>\n<meta name=\"twitter:site\" content=\"@salzburgerland\" \/>\n<meta name=\"twitter:label1\" content=\"Napisane przez\" \/>\n\t<meta name=\"twitter:data1\" content=\"Izabela Gartner\" \/>\n\t<meta name=\"twitter:label2\" content=\"Szacowany czas czytania\" \/>\n\t<meta name=\"twitter:data2\" content=\"5 minut\" \/>\n<script type=\"application\/ld+json\" class=\"yoast-schema-graph\">{\"@context\":\"https:\\\/\\\/schema.org\",\"@graph\":[{\"@type\":\"Article\",\"@id\":\"https:\\\/\\\/www.salzburgerland.com\\\/pl\\\/ziola-z-regionu-wypoczynkowego-parku-narodowego-wysokich-taurow\\\/#article\",\"isPartOf\":{\"@id\":\"https:\\\/\\\/www.salzburgerland.com\\\/pl\\\/ziola-z-regionu-wypoczynkowego-parku-narodowego-wysokich-taurow\\\/\"},\"author\":{\"name\":\"Izabela Gartner\",\"@id\":\"https:\\\/\\\/www.salzburgerland.com\\\/pl\\\/#\\\/schema\\\/person\\\/c10420e9897d4ca984317db556f04804\"},\"headline\":\"Zio\u0142a z Regionu Wypoczynkowego Parku Narodowego Wysokich Taur\u00f3w\",\"datePublished\":\"2023-04-15T18:28:35+00:00\",\"dateModified\":\"2023-04-15T18:33:23+00:00\",\"mainEntityOfPage\":{\"@id\":\"https:\\\/\\\/www.salzburgerland.com\\\/pl\\\/ziola-z-regionu-wypoczynkowego-parku-narodowego-wysokich-taurow\\\/\"},\"wordCount\":838,\"image\":{\"@id\":\"https:\\\/\\\/www.salzburgerland.com\\\/pl\\\/ziola-z-regionu-wypoczynkowego-parku-narodowego-wysokich-taurow\\\/#primaryimage\"},\"thumbnailUrl\":\"https:\\\/\\\/www.salzburgerland.com\\\/pl\\\/wp-content\\\/uploads\\\/2023\\\/03\\\/rs2710_kraeutergarten_02_4003-scr-1100x658-1.jpg\",\"articleSection\":[\"Uncategorized\"],\"inLanguage\":\"pl-PL\"},{\"@type\":\"WebPage\",\"@id\":\"https:\\\/\\\/www.salzburgerland.com\\\/pl\\\/ziola-z-regionu-wypoczynkowego-parku-narodowego-wysokich-taurow\\\/\",\"url\":\"https:\\\/\\\/www.salzburgerland.com\\\/pl\\\/ziola-z-regionu-wypoczynkowego-parku-narodowego-wysokich-taurow\\\/\",\"name\":\"Zio\u0142a w Regionie Parku Narodowego Wysokich Taur\u00f3w\",\"isPartOf\":{\"@id\":\"https:\\\/\\\/www.salzburgerland.com\\\/pl\\\/#website\"},\"primaryImageOfPage\":{\"@id\":\"https:\\\/\\\/www.salzburgerland.com\\\/pl\\\/ziola-z-regionu-wypoczynkowego-parku-narodowego-wysokich-taurow\\\/#primaryimage\"},\"image\":{\"@id\":\"https:\\\/\\\/www.salzburgerland.com\\\/pl\\\/ziola-z-regionu-wypoczynkowego-parku-narodowego-wysokich-taurow\\\/#primaryimage\"},\"thumbnailUrl\":\"https:\\\/\\\/www.salzburgerland.com\\\/pl\\\/wp-content\\\/uploads\\\/2023\\\/03\\\/rs2710_kraeutergarten_02_4003-scr-1100x658-1.jpg\",\"datePublished\":\"2023-04-15T18:28:35+00:00\",\"dateModified\":\"2023-04-15T18:33:23+00:00\",\"author\":{\"@id\":\"https:\\\/\\\/www.salzburgerland.com\\\/pl\\\/#\\\/schema\\\/person\\\/c10420e9897d4ca984317db556f04804\"},\"description\":\"Bogactwo dzikich zi\u00f3\u0142 to jeden ze skarb\u00f3w natury w Parku Narodowym Wysokich Taur\u00f3w. Poznamy je, odwiedzaj\u0105c ogrody zio\u0142owe w Hollersbach.\",\"breadcrumb\":{\"@id\":\"https:\\\/\\\/www.salzburgerland.com\\\/pl\\\/ziola-z-regionu-wypoczynkowego-parku-narodowego-wysokich-taurow\\\/#breadcrumb\"},\"inLanguage\":\"pl-PL\",\"potentialAction\":[{\"@type\":\"ReadAction\",\"target\":[\"https:\\\/\\\/www.salzburgerland.com\\\/pl\\\/ziola-z-regionu-wypoczynkowego-parku-narodowego-wysokich-taurow\\\/\"]}]},{\"@type\":\"ImageObject\",\"inLanguage\":\"pl-PL\",\"@id\":\"https:\\\/\\\/www.salzburgerland.com\\\/pl\\\/ziola-z-regionu-wypoczynkowego-parku-narodowego-wysokich-taurow\\\/#primaryimage\",\"url\":\"https:\\\/\\\/www.salzburgerland.com\\\/pl\\\/wp-content\\\/uploads\\\/2023\\\/03\\\/rs2710_kraeutergarten_02_4003-scr-1100x658-1.jpg\",\"contentUrl\":\"https:\\\/\\\/www.salzburgerland.com\\\/pl\\\/wp-content\\\/uploads\\\/2023\\\/03\\\/rs2710_kraeutergarten_02_4003-scr-1100x658-1.jpg\",\"width\":1100,\"height\":658,\"caption\":\"Bukiecik zi\u00f3\u0142 z Parku Narodowego Wysokich Taur\u00f3w \u00a9 SalzburgerLand Tourismus, Andreas Hechenberger\"},{\"@type\":\"BreadcrumbList\",\"@id\":\"https:\\\/\\\/www.salzburgerland.com\\\/pl\\\/ziola-z-regionu-wypoczynkowego-parku-narodowego-wysokich-taurow\\\/#breadcrumb\",\"itemListElement\":[{\"@type\":\"ListItem\",\"position\":1,\"name\":\"Lato w Regionie Wypoczynkowym Parku Narodowego Wysokich Taur\u00f3w\",\"item\":\"https:\\\/\\\/www.salzburgerland.com\\\/pl\\\/region-wypoczynkowy-parku-narodowego-wysokich-taurow-lato\\\/\"},{\"@type\":\"ListItem\",\"position\":2,\"name\":\"Zio\u0142a z Regionu Wypoczynkowego Parku Narodowego Wysokich Taur\u00f3w\"}]},{\"@type\":\"WebSite\",\"@id\":\"https:\\\/\\\/www.salzburgerland.com\\\/pl\\\/#website\",\"url\":\"https:\\\/\\\/www.salzburgerland.com\\\/pl\\\/\",\"name\":\"SalzburgerLand.com\",\"description\":\"Urlop Salzburg : hotele : turystyka Ziemia Salzburska : kultura : rodzinny urlop Ziemia Salzburska : informacja turystyczna : noclegi Austria : aktywny wypoczynek\",\"potentialAction\":[{\"@type\":\"SearchAction\",\"target\":{\"@type\":\"EntryPoint\",\"urlTemplate\":\"https:\\\/\\\/www.salzburgerland.com\\\/pl\\\/?s={search_term_string}\"},\"query-input\":{\"@type\":\"PropertyValueSpecification\",\"valueRequired\":true,\"valueName\":\"search_term_string\"}}],\"inLanguage\":\"pl-PL\"},{\"@type\":\"Person\",\"@id\":\"https:\\\/\\\/www.salzburgerland.com\\\/pl\\\/#\\\/schema\\\/person\\\/c10420e9897d4ca984317db556f04804\",\"name\":\"Izabela Gartner\",\"image\":{\"@type\":\"ImageObject\",\"inLanguage\":\"pl-PL\",\"@id\":\"https:\\\/\\\/secure.gravatar.com\\\/avatar\\\/062a6263a145aaa718f0b029a735b6557e456ff63f9e65056a4352d3c0a06e4d?s=96&d=mm&r=g\",\"url\":\"https:\\\/\\\/secure.gravatar.com\\\/avatar\\\/062a6263a145aaa718f0b029a735b6557e456ff63f9e65056a4352d3c0a06e4d?s=96&d=mm&r=g\",\"contentUrl\":\"https:\\\/\\\/secure.gravatar.com\\\/avatar\\\/062a6263a145aaa718f0b029a735b6557e456ff63f9e65056a4352d3c0a06e4d?s=96&d=mm&r=g\",\"caption\":\"Izabela Gartner\"}}]}<\/script>\n<!-- \/ Yoast SEO Premium plugin. -->","yoast_head_json":{"title":"Zio\u0142a w Regionie Parku Narodowego Wysokich Taur\u00f3w","description":"Bogactwo dzikich zi\u00f3\u0142 to jeden ze skarb\u00f3w natury w Parku Narodowym Wysokich Taur\u00f3w. Poznamy je, odwiedzaj\u0105c ogrody zio\u0142owe w Hollersbach.","robots":{"index":"index","follow":"follow","max-snippet":"max-snippet:-1","max-image-preview":"max-image-preview:large","max-video-preview":"max-video-preview:-1"},"canonical":"https:\/\/www.salzburgerland.com\/pl\/ziola-z-regionu-wypoczynkowego-parku-narodowego-wysokich-taurow\/","og_locale":"pl_PL","og_type":"article","og_title":"Zio\u0142a z Regionu Wypoczynkowego Parku Narodowego Wysokich Taur\u00f3w","og_description":"Ogrody zio\u0142owe w Hollersbach Bogactwo\u00a0dzikich zi\u00f3\u0142 to jeden ze skarb\u00f3w natury w Parku Narodowym Wysokich Taur\u00f3w. Ich wykorzystanie w medycynie ludowej i w","og_url":"https:\/\/www.salzburgerland.com\/pl\/ziola-z-regionu-wypoczynkowego-parku-narodowego-wysokich-taurow\/","og_site_name":"SalzburgerLand.com","article_publisher":"https:\/\/www.facebook.com\/visitsalzburgerland\/","article_published_time":"2023-04-15T18:28:35+00:00","article_modified_time":"2023-04-15T18:33:23+00:00","og_image":[{"url":"https:\/\/www.salzburgerland.com\/pl\/wp-content\/uploads\/2023\/03\/rs2710_kraeutergarten_02_4003-scr-1100x658-1.jpg","width":1100,"height":658,"type":"image\/jpeg"}],"author":"Izabela Gartner","twitter_card":"summary_large_image","twitter_creator":"@salzburgerland","twitter_site":"@salzburgerland","twitter_misc":{"Napisane przez":"Izabela Gartner","Szacowany czas czytania":"5 minut"},"schema":{"@context":"https:\/\/schema.org","@graph":[{"@type":"Article","@id":"https:\/\/www.salzburgerland.com\/pl\/ziola-z-regionu-wypoczynkowego-parku-narodowego-wysokich-taurow\/#article","isPartOf":{"@id":"https:\/\/www.salzburgerland.com\/pl\/ziola-z-regionu-wypoczynkowego-parku-narodowego-wysokich-taurow\/"},"author":{"name":"Izabela Gartner","@id":"https:\/\/www.salzburgerland.com\/pl\/#\/schema\/person\/c10420e9897d4ca984317db556f04804"},"headline":"Zio\u0142a z Regionu Wypoczynkowego Parku Narodowego Wysokich Taur\u00f3w","datePublished":"2023-04-15T18:28:35+00:00","dateModified":"2023-04-15T18:33:23+00:00","mainEntityOfPage":{"@id":"https:\/\/www.salzburgerland.com\/pl\/ziola-z-regionu-wypoczynkowego-parku-narodowego-wysokich-taurow\/"},"wordCount":838,"image":{"@id":"https:\/\/www.salzburgerland.com\/pl\/ziola-z-regionu-wypoczynkowego-parku-narodowego-wysokich-taurow\/#primaryimage"},"thumbnailUrl":"https:\/\/www.salzburgerland.com\/pl\/wp-content\/uploads\/2023\/03\/rs2710_kraeutergarten_02_4003-scr-1100x658-1.jpg","articleSection":["Uncategorized"],"inLanguage":"pl-PL"},{"@type":"WebPage","@id":"https:\/\/www.salzburgerland.com\/pl\/ziola-z-regionu-wypoczynkowego-parku-narodowego-wysokich-taurow\/","url":"https:\/\/www.salzburgerland.com\/pl\/ziola-z-regionu-wypoczynkowego-parku-narodowego-wysokich-taurow\/","name":"Zio\u0142a w Regionie Parku Narodowego Wysokich Taur\u00f3w","isPartOf":{"@id":"https:\/\/www.salzburgerland.com\/pl\/#website"},"primaryImageOfPage":{"@id":"https:\/\/www.salzburgerland.com\/pl\/ziola-z-regionu-wypoczynkowego-parku-narodowego-wysokich-taurow\/#primaryimage"},"image":{"@id":"https:\/\/www.salzburgerland.com\/pl\/ziola-z-regionu-wypoczynkowego-parku-narodowego-wysokich-taurow\/#primaryimage"},"thumbnailUrl":"https:\/\/www.salzburgerland.com\/pl\/wp-content\/uploads\/2023\/03\/rs2710_kraeutergarten_02_4003-scr-1100x658-1.jpg","datePublished":"2023-04-15T18:28:35+00:00","dateModified":"2023-04-15T18:33:23+00:00","author":{"@id":"https:\/\/www.salzburgerland.com\/pl\/#\/schema\/person\/c10420e9897d4ca984317db556f04804"},"description":"Bogactwo dzikich zi\u00f3\u0142 to jeden ze skarb\u00f3w natury w Parku Narodowym Wysokich Taur\u00f3w. Poznamy je, odwiedzaj\u0105c ogrody zio\u0142owe w Hollersbach.","breadcrumb":{"@id":"https:\/\/www.salzburgerland.com\/pl\/ziola-z-regionu-wypoczynkowego-parku-narodowego-wysokich-taurow\/#breadcrumb"},"inLanguage":"pl-PL","potentialAction":[{"@type":"ReadAction","target":["https:\/\/www.salzburgerland.com\/pl\/ziola-z-regionu-wypoczynkowego-parku-narodowego-wysokich-taurow\/"]}]},{"@type":"ImageObject","inLanguage":"pl-PL","@id":"https:\/\/www.salzburgerland.com\/pl\/ziola-z-regionu-wypoczynkowego-parku-narodowego-wysokich-taurow\/#primaryimage","url":"https:\/\/www.salzburgerland.com\/pl\/wp-content\/uploads\/2023\/03\/rs2710_kraeutergarten_02_4003-scr-1100x658-1.jpg","contentUrl":"https:\/\/www.salzburgerland.com\/pl\/wp-content\/uploads\/2023\/03\/rs2710_kraeutergarten_02_4003-scr-1100x658-1.jpg","width":1100,"height":658,"caption":"Bukiecik zi\u00f3\u0142 z Parku Narodowego Wysokich Taur\u00f3w \u00a9 SalzburgerLand Tourismus, Andreas Hechenberger"},{"@type":"BreadcrumbList","@id":"https:\/\/www.salzburgerland.com\/pl\/ziola-z-regionu-wypoczynkowego-parku-narodowego-wysokich-taurow\/#breadcrumb","itemListElement":[{"@type":"ListItem","position":1,"name":"Lato w Regionie Wypoczynkowym Parku Narodowego Wysokich Taur\u00f3w","item":"https:\/\/www.salzburgerland.com\/pl\/region-wypoczynkowy-parku-narodowego-wysokich-taurow-lato\/"},{"@type":"ListItem","position":2,"name":"Zio\u0142a z Regionu Wypoczynkowego Parku Narodowego Wysokich Taur\u00f3w"}]},{"@type":"WebSite","@id":"https:\/\/www.salzburgerland.com\/pl\/#website","url":"https:\/\/www.salzburgerland.com\/pl\/","name":"SalzburgerLand.com","description":"Urlop Salzburg : hotele : turystyka Ziemia Salzburska : kultura : rodzinny urlop Ziemia Salzburska : informacja turystyczna : noclegi Austria : aktywny wypoczynek","potentialAction":[{"@type":"SearchAction","target":{"@type":"EntryPoint","urlTemplate":"https:\/\/www.salzburgerland.com\/pl\/?s={search_term_string}"},"query-input":{"@type":"PropertyValueSpecification","valueRequired":true,"valueName":"search_term_string"}}],"inLanguage":"pl-PL"},{"@type":"Person","@id":"https:\/\/www.salzburgerland.com\/pl\/#\/schema\/person\/c10420e9897d4ca984317db556f04804","name":"Izabela Gartner","image":{"@type":"ImageObject","inLanguage":"pl-PL","@id":"https:\/\/secure.gravatar.com\/avatar\/062a6263a145aaa718f0b029a735b6557e456ff63f9e65056a4352d3c0a06e4d?s=96&d=mm&r=g","url":"https:\/\/secure.gravatar.com\/avatar\/062a6263a145aaa718f0b029a735b6557e456ff63f9e65056a4352d3c0a06e4d?s=96&d=mm&r=g","contentUrl":"https:\/\/secure.gravatar.com\/avatar\/062a6263a145aaa718f0b029a735b6557e456ff63f9e65056a4352d3c0a06e4d?s=96&d=mm&r=g","caption":"Izabela Gartner"}}]}},"_wl_alt_label":[],"wl:entity_url":"http:\/\/open.salzburgerland.com\/pl\/post\/ziola-z-regionu-wypoczynkowego-parku-narodowego-wysokich-taurow-18445","_links":{"self":[{"href":"https:\/\/www.salzburgerland.com\/pl\/wp-json\/wp\/v2\/posts\/18445","targetHints":{"allow":["GET"]}}],"collection":[{"href":"https:\/\/www.salzburgerland.com\/pl\/wp-json\/wp\/v2\/posts"}],"about":[{"href":"https:\/\/www.salzburgerland.com\/pl\/wp-json\/wp\/v2\/types\/post"}],"author":[{"embeddable":true,"href":"https:\/\/www.salzburgerland.com\/pl\/wp-json\/wp\/v2\/users\/4"}],"replies":[{"embeddable":true,"href":"https:\/\/www.salzburgerland.com\/pl\/wp-json\/wp\/v2\/comments?post=18445"}],"version-history":[{"count":5,"href":"https:\/\/www.salzburgerland.com\/pl\/wp-json\/wp\/v2\/posts\/18445\/revisions"}],"predecessor-version":[{"id":18793,"href":"https:\/\/www.salzburgerland.com\/pl\/wp-json\/wp\/v2\/posts\/18445\/revisions\/18793"}],"wp:featuredmedia":[{"embeddable":true,"href":"https:\/\/www.salzburgerland.com\/pl\/wp-json\/wp\/v2\/media\/18446"}],"wp:attachment":[{"href":"https:\/\/www.salzburgerland.com\/pl\/wp-json\/wp\/v2\/media?parent=18445"}],"wp:term":[{"taxonomy":"category","embeddable":true,"href":"https:\/\/www.salzburgerland.com\/pl\/wp-json\/wp\/v2\/categories?post=18445"},{"taxonomy":"post_tag","embeddable":true,"href":"https:\/\/www.salzburgerland.com\/pl\/wp-json\/wp\/v2\/tags?post=18445"},{"taxonomy":"wl_entity_type","embeddable":true,"href":"https:\/\/www.salzburgerland.com\/pl\/wp-json\/wp\/v2\/wl_entity_type?post=18445"}],"curies":[{"name":"wp","href":"https:\/\/api.w.org\/{rel}","templated":true}]}}