{"id":17371,"date":"2023-01-02T21:19:55","date_gmt":"2023-01-02T20:19:55","guid":{"rendered":"https:\/\/www.salzburgerland.com\/pl\/?p=17371"},"modified":"2023-01-03T20:06:38","modified_gmt":"2023-01-03T19:06:38","slug":"cicha-noc-projekt-od-serca","status":"publish","type":"post","link":"https:\/\/www.salzburgerland.com\/pl\/cicha-noc-projekt-od-serca\/","title":{"rendered":"Projekt od serca"},"content":{"rendered":"<p>Kiedy <strong>Hans Schwarzmayr<\/strong> zaczyna swoj\u0105 opowie\u015b\u0107, \u015bwiat za male\u0144kimi oknami zabytkowej cha\u0142upy zdaje si\u0119 odchodzi\u0107 w zapomnienie. Kustosz Izby Pami\u0119ci Franza Xavera Grubera w Hochburg-Ach m\u00f3wi \u0142agodnym tonem i starannie dobiera s\u0142owa. To co ma do przekazania jest bliskie jego sercu. Bo chodzi o najs\u0142ynniejszego syna ma\u0142ej wioski, tu w g\u00f3rnoaustriackim regionie Innviertel. Chodzi o jego kompozycj\u0119, kt\u00f3ra w ci\u0105gu ostatnich 200 lat sta\u0142a si\u0119 najbardziej znan\u0105 kol\u0119d\u0105 na \u015bwiecie.<\/p>\n<div id=\"attachment_17398\" style=\"width: 1034px\" class=\"wp-caption alignnone\"><img decoding=\"async\" aria-describedby=\"caption-attachment-17398\" class=\"size-medium wp-image-17398\" src=\"https:\/\/cdn.salzburgerland.com\/pl\/wp-content\/uploads\/2023\/01\/csm_jschwarzmayrtuer_3s_b5af57d01d-1024x569.png\" alt='Hans Schwarzmayr, pochodz\u0105cy podobnie jak tw\u00f3rca melodii kol\u0119dy \"Cicha noc\", pochodzi z Hochburg-Ach i jest honorowym kustoszem tutejszej Izby Pami\u0119ci F.X. Grubera.' width=\"1024\" height=\"569\" srcset=\"https:\/\/www.salzburgerland.com\/pl\/wp-content\/uploads\/2023\/01\/csm_jschwarzmayrtuer_3s_b5af57d01d-1024x569.png 1024w, https:\/\/www.salzburgerland.com\/pl\/wp-content\/uploads\/2023\/01\/csm_jschwarzmayrtuer_3s_b5af57d01d-370x206.png 370w, https:\/\/www.salzburgerland.com\/pl\/wp-content\/uploads\/2023\/01\/csm_jschwarzmayrtuer_3s_b5af57d01d-270x150.png 270w, https:\/\/www.salzburgerland.com\/pl\/wp-content\/uploads\/2023\/01\/csm_jschwarzmayrtuer_3s_b5af57d01d-540x300.png 540w\" sizes=\"(max-width: 1024px) 100vw, 1024px\"><p id=\"caption-attachment-17398\" class=\"wp-caption-text\">Johann Schwarzmayr, podobnie jak Franz Xaver Gruber, pochodzi z Hochburg-Ach \u00a9 Ober\u00f6sterreich Tourismus GmbH<\/p><\/div>\n<p>Hans Schwarzmayr, poddobnie jak <a href=\"https:\/\/www.salzburgerland.com\/pl\/cicha-noc-franz-xaver-gruber\/\" target=\"_blank\" rel=\"noopener\">Franz Xaver Gruber<\/a>, jest rodowitym mieszka\u0144cem Hochburga. \u201eKol\u0119da jest wszechobcena w wiosce dzi\u0119ki Izbie Pami\u0119ci, Szlakowi Pokoju i dzi\u0119ki spektaklowi historycznemu w trzeci weekend adwentu. Hochburg-Ach nigdy nie zapomnia\u0142 o Franzu Xaverze Gruberze. Pierwsza po\u015bwi\u0119cona mu tablica pami\u0105tkowa zosta\u0142a postawiona ju\u017c w 1900 roku.\u201d wyja\u015bnia kustosz. Od 1976 roku tzw. Dom Pami\u0119ci prowadzony jest jako muzeum, a w 2017 roku zosta\u0142 kompletnie odnowiony i obecnie l\u015bni nowym blaskiem. W 2012 roku otwarto Szlak Pokoju, kt\u00f3rym w\u0119druje co roku blisko 3 tys. turyst\u00f3w. Hans Schwarzmayer \u2013 podobnie zreszt\u0105 jak jego liczni koledzy ze stowarzyszenia \u2013 przepracowuje tysi\u0105ce godzin w czynie spo\u0142ecznym. Ponadto od wielu lat wciela si\u0119 w rol\u0119 Andreasa Peterlechnera, kt\u00f3ry odkry\u0142 talent muzyczny Franza Xavera Grubera w jego m\u0142odym wieku, w historycznym spektaklu adwentowym. \u201eKiedy przeszed\u0142em na emerytur\u0119, otrzyma\u0142em ten 'projekt mojego serca\u2019, kt\u00f3ry niezmiennie mnie porusza\u201d \u2013 podkre\u015bla Schwarzmayr.<\/p>\n<p>Ale na czym polega wed\u0142ug niego fascynacja kol\u0119d\u0105? W szczg\u00f3lno\u015bci chodzi o dwa aspekty. \u201d <a href=\"https:\/\/www.salzburgerland.com\/pl\/cicha-noc-joseph-mohr\/\" target=\"_blank\" rel=\"noopener\">Joseph Mohr<\/a> i Franz Xaver Gruber to ludzie, kt\u00f3rzy wyrwali si\u0119 z prostych i ubogich \u015brodowisk, a mimo to uda\u0142o im si\u0119 stworzy\u0107 pie\u015b\u0144, kt\u00f3ra przetrwa\u0142a pokolenia. Mog\u0119 sobie wyobrazi\u0107, \u017ce odkrycie tego faktu mog\u0142o by\u0107 dla wielu poszukuj\u0105cych korzeni kol\u0119dy sporym rozczarowaniem. Kiedy w 1854 roku Kr\u00f3lewska Pruska Kapela Dworska wys\u0142a\u0142a do Salzburga pro\u015bb\u0119 o ustalenie autorstwa, z pewno\u015bci\u0105 za\u0142o\u017cy\u0142a, \u017ce chodzi o tak znamienitego kompozytora, jak np. Micha\u0142 Haydn. Ale nie! By\u0142 nim zwyk\u0142y nauczyciel wiejskiej szko\u0142y i wikary. Drugi aspekt, kt\u00f3ry nie mniej mnie fascynuje, to \u015bwiatowa dystrybucja w czasach, kiedy nie by\u0142o jeszcze ani internetu, ani medi\u00f3w spo\u0142eczno\u015bciowych.<\/p>\n\n\t\t\t<div id=\"17371-1\" class=\"gallery gallery-17371 gallery-columns-3 gallery-size-1170_658\" itemscope itemtype=\"http:\/\/schema.org\/ImageGallery\">\n\t\t\t\t<ul class=\"gallery-row gallery-col-3 gallery-clear\">\n\t\t\t\t\t<li class=\"gallery-item col-3\" itemprop=\"associatedMedia\" itemscope itemtype=\"http:\/\/schema.org\/ImageObject\">\n\t\t\t\t\t\t<div class=\"gallery-icon landscape\"><a href=\"https:\/\/www.salzburgerland.com\/pl\/wp-content\/uploads\/2022\/12\/oberoesterreich-hochburg-ach-friedensweg-amerika-03-1920x840-jpg-pagespeed-ce_-ut3n-ih3v2-1.jpg\" title=\"oberoesterreich-hochburg-ach-friedensweg-amerika-03-1920x840.jpg.pagespeed.ce.UT3N-ih3v2 (1)\"><img decoding=\"async\" data-title=\"Szlak Pokoju w Hochburg-Ach to wspania\u0142e miejsce do rozwa\u017ca\u0144 o \u015bwi\u0119tach i pokoju na \u015bwiecie \u00a9 Ober\u00f6sterreich Tourismus GmbH\" title=\"Szlak Pokoju w Hochburg-Ach to wspania\u0142e miejsce do rozwa\u017ca\u0144 o \u015bwi\u0119tach i pokoju na \u015bwiecie \u00a9 Ober\u00f6sterreich Tourismus GmbH\" data-caption=\"Szlak Pokoju w Hochburg-Ach to wspania\u0142e miejsce do rozwa\u017ca\u0144 o \u015bwi\u0119tach i pokoju na \u015bwiecie \u00a9 Ober\u00f6sterreich Tourismus GmbH\" width=\"1170\" height=\"658\" src=\"https:\/\/www.salzburgerland.com\/pl\/wp-content\/uploads\/2022\/12\/oberoesterreich-hochburg-ach-friedensweg-amerika-03-1920x840-jpg-pagespeed-ce_-ut3n-ih3v2-1-1170x658.jpg\" class=\"attachment-1170_658 size-1170_658\" alt=\"Szlak Pokoju w Hochburg-Ach to wspania\u0142e miejsce do rozwa\u017ca\u0144 o \u015bwi\u0119tach i pokoju na \u015bwiecie. (Powi\u0119kszony widok)\" srcset=\"https:\/\/www.salzburgerland.com\/pl\/wp-content\/uploads\/2022\/12\/oberoesterreich-hochburg-ach-friedensweg-amerika-03-1920x840-jpg-pagespeed-ce_-ut3n-ih3v2-1-1170x658.jpg 1170w, https:\/\/www.salzburgerland.com\/pl\/wp-content\/uploads\/2022\/12\/oberoesterreich-hochburg-ach-friedensweg-amerika-03-1920x840-jpg-pagespeed-ce_-ut3n-ih3v2-1-1200x675.jpg 1200w\" sizes=\"(max-width: 1170px) 100vw, 1170px\" aria-describedby=\"figcaption-17371-17197\" itemprop=\"thumbnail\"><\/a><\/div>\n\t\t\t\t\t\t<span id=\"figcaption-17371-17197\" class=\"gallery-caption\" itemprop=\"caption\"><span aria-hidden=\"true\">Szlak Pokoju w Hochburg-Ach to wspania\u0142e miejsce do rozwa\u017ca\u0144 o \u015bwi\u0119tach i pokoju na \u015bwiecie \u00a9 Ober\u00f6sterreich Tourismus GmbH<\/span><\/span>\n\t\t\t\t\t<\/li>\n\t\t\t\t\t<li class=\"gallery-item col-3\" itemprop=\"associatedMedia\" itemscope itemtype=\"http:\/\/schema.org\/ImageObject\">\n\t\t\t\t\t\t<div class=\"gallery-icon landscape\"><a href=\"https:\/\/www.salzburgerland.com\/pl\/wp-content\/uploads\/2023\/01\/csm_fxgruberwegafrika_3s_f943f76ef6.jpg\" title=\"csm_fxgruberwegafrika_3s_f943f76ef6\"><img decoding=\"async\" data-title=\"Rze\u017aba symbolizuj\u0105ca kontynent afryka\u0144ski w nastrojowej, nocnej oprawie \u00a9 Franz Gruber Gemeinschaft\" title=\"Rze\u017aba symbolizuj\u0105ca kontynent afryka\u0144ski w nastrojowej, nocnej oprawie \u00a9 Franz Gruber Gemeinschaft\" data-caption=\"Rze\u017aba symbolizuj\u0105ca kontynent afryka\u0144ski w nastrojowej, nocnej oprawie \u00a9 Franz Gruber Gemeinschaft\" width=\"1140\" height=\"641\" src=\"https:\/\/www.salzburgerland.com\/pl\/wp-content\/uploads\/2023\/01\/csm_fxgruberwegafrika_3s_f943f76ef6.jpg\" class=\"attachment-1170_658 size-1170_658\" alt=\"SzlakPokoju w Hochburg- Ach wieczorow\u0105 por\u0105. Rze\u017aba symbolizuj\u0105ca Afryk\u0119, w dali pod\u015bwietlona wie\u017ca ko\u015bcio\u0142a. (Powi\u0119kszony widok)\" srcset=\"https:\/\/www.salzburgerland.com\/pl\/wp-content\/uploads\/2023\/01\/csm_fxgruberwegafrika_3s_f943f76ef6.jpg 1140w, https:\/\/www.salzburgerland.com\/pl\/wp-content\/uploads\/2023\/01\/csm_fxgruberwegafrika_3s_f943f76ef6-768x432.jpg 768w\" sizes=\"(max-width: 1140px) 100vw, 1140px\" aria-describedby=\"figcaption-17371-17374\" itemprop=\"thumbnail\"><\/a><\/div>\n\t\t\t\t\t\t<span id=\"figcaption-17371-17374\" class=\"gallery-caption\" itemprop=\"caption\"><span aria-hidden=\"true\">Rze\u017aba symbolizuj\u0105ca kontynent afryka\u0144ski w nastrojowej, nocnej oprawie \u00a9 Franz Gruber Gemeinschaft<\/span><\/span>\n\t\t\t\t\t<\/li>\n\t\t\t\t\t<li class=\"gallery-item col-3\" itemprop=\"associatedMedia\" itemscope itemtype=\"http:\/\/schema.org\/ImageObject\">\n\t\t\t\t\t\t<div class=\"gallery-icon landscape\"><a href=\"https:\/\/www.salzburgerland.com\/pl\/wp-content\/uploads\/2022\/12\/wanderwege-hochburg-03-1920x1067.jpg\" title=\"wanderwege-hochburg-03\"><img decoding=\"async\" data-title='\"Grubah\u00e4usl\" to w lokalnym dialekcie dom rodzinny Grubera \u00a9 Salzburger Nachrichten, Christian Heugl' title='\"Grubah\u00e4usl\" to w lokalnym dialekcie dom rodzinny Grubera \u00a9 Salzburger Nachrichten, Christian Heugl' data-caption='\"Grubah\u00e4usl\" to w lokalnym dialekcie dom rodzinny Grubera \u00a9 Salzburger Nachrichten, Christian Heugl' width=\"1170\" height=\"658\" src=\"https:\/\/www.salzburgerland.com\/pl\/wp-content\/uploads\/2022\/12\/wanderwege-hochburg-03-1170x658.jpg\" class=\"attachment-1170_658 size-1170_658\" alt=\"Nagie drzewo o mglistym wschodzie s\u0142o\u0144ca w pobli\u017cu Cichej Nocy Hochburg-Ach, ze \u015bniegiem, rze\u017ab\u0105 i odleg\u0142ym budynkiem. (Powi\u0119kszony widok)\" srcset=\"https:\/\/www.salzburgerland.com\/pl\/wp-content\/uploads\/2022\/12\/wanderwege-hochburg-03-1170x658.jpg 1170w, https:\/\/www.salzburgerland.com\/pl\/wp-content\/uploads\/2022\/12\/wanderwege-hochburg-03-1200x675.jpg 1200w\" sizes=\"(max-width: 1170px) 100vw, 1170px\" aria-describedby=\"figcaption-17371-17196\" itemprop=\"thumbnail\"><\/a><\/div>\n\t\t\t\t\t\t<span id=\"figcaption-17371-17196\" class=\"gallery-caption\" itemprop=\"caption\"><span aria-hidden=\"true\">\u201eGrubah\u00e4usl\u201d to w lokalnym dialekcie dom rodzinny Grubera \u00a9 Salzburger Nachrichten, Christian Heugl<\/span><\/span>\n\t\t\t\t\t<\/li>\n\t\t\t\t<\/ul>\n\t\t\t<\/div><!-- .gallery -->\n\n<h3>Kamyki z pokojowym przes\u0142aniem<\/h3>\n<p>Osoby w\u0119druj\u0105ce dwukilometrowym, sk\u0142aniaj\u0105cym do rozwa\u017ca\u0144 Szlakiem Pokoju w Hochburg-Ach, zach\u0119cane s\u0105 do zabrania ze sob\u0105 na w\u0119dr\u00f3wk\u0119 r\u0119cznie malowanego kamienia pokoju, kt\u00f3ry nale\u017cy na ko\u0144cu zostawi\u0107 na miejscu. W ci\u0105gu ostatnich pi\u0119ciu lat <strong>Josef Schwaninger<\/strong> i <strong>Alfred Bachmair<\/strong> ozdobili malunkami ponad 6 tys. kamieni pokoju. S\u0105 one tak pi\u0119kne, \u017ce wi\u0119kszo\u015b\u0107 zwiedzaj\u0105cych nie odk\u0142ada ich na miejsce, a zabiera na pami\u0105tk\u0119 do domu. Panom artystom zupe\u0142nie to nie przeszkadza; malowanie ju\u017c dawno sta\u0142o si\u0119 ich hobby i jest ich dobrowolnym wk\u0142adem w przybli\u017canie ludziom przes\u0142ania \u201eCichej nocy\u201d na miejscu, w Hochburg-Ach. Pomalowanie niewielkiego kamienia z rzeki Salzach zajmuje od kwadransa do p\u00f3\u0142 godziny. Ma\u0142y obrazek w akrylu zostaje zabezpieczony bezbarwnym lakierem, a na odwrocie umieszcza si\u0119 r\u00f3\u017cne dodaj\u0105ce otuchy i sk\u0142aniaj\u0105ce do rozwa\u017ca\u0144 s\u0142owa. We wsi od dawna wiadomo, \u017ce potrzebne jest coraz wi\u0119cje kamieni i zawsze jest ich pod dostatkiem. Mieszka\u0144cy Hochburga \u2013 czy to dzieci, czy doro\u015bli \u2013 zbieraj\u0105 kamienie podczas wycieczek nad rzek\u0119 i przynosz\u0105 je do dw\u00f3ch malarzy hobbyst\u00f3w.<\/p>\n<div id=\"attachment_17190\" style=\"width: 1034px\" class=\"wp-caption alignnone\"><img decoding=\"async\" aria-describedby=\"caption-attachment-17190\" class=\"size-medium wp-image-17190\" src=\"https:\/\/cdn.salzburgerland.com\/pl\/wp-content\/uploads\/2022\/12\/csm_gruberhaushochburg_3s_d6c0bc0bdd-1024x569.jpg\" alt=\"Przez wiosk\u0119 Hochburg-Ach wiedzie nastrojowy Szlak Pokoju, wytyczony dla upami\u0119tnienia tw\u00f3rcy melodii Cichej Nocy. Znacz\u0105 go wsp\u00f3\u0142czesne rze\u017aby.\" width=\"1024\" height=\"569\" srcset=\"https:\/\/www.salzburgerland.com\/pl\/wp-content\/uploads\/2022\/12\/csm_gruberhaushochburg_3s_d6c0bc0bdd-1024x569.jpg 1024w, https:\/\/www.salzburgerland.com\/pl\/wp-content\/uploads\/2022\/12\/csm_gruberhaushochburg_3s_d6c0bc0bdd-370x206.jpg 370w, https:\/\/www.salzburgerland.com\/pl\/wp-content\/uploads\/2022\/12\/csm_gruberhaushochburg_3s_d6c0bc0bdd-270x150.jpg 270w, https:\/\/www.salzburgerland.com\/pl\/wp-content\/uploads\/2022\/12\/csm_gruberhaushochburg_3s_d6c0bc0bdd-540x300.jpg 540w\" sizes=\"(max-width: 1024px) 100vw, 1024px\"><p id=\"caption-attachment-17190\" class=\"wp-caption-text\">Wsp\u00f3\u0142czesne rze\u017aby przed Izb\u0105 Pami\u0119ci F. X. Grubera w Hochburg-Ach \u00a9 Franz Xaver Gruber Gemeinschaft<\/p><\/div>\n<p><a href=\"https:\/\/fxgruber.at\/modules\/ueberuns\/item.php?itemid=1\" target=\"_blank\" rel=\"noopener\"><strong>Izba Pami\u0119ci Franza Xavera Grubera<\/strong><\/a> jest czynna codziennie w godzinach 13.30-16.30 od Wielkanocy do 26 pa\u017adziernika. W \u015bwi\u0119ta Bo\u017cego Narodzenia dodatkowo od 9.00 do 12.00.<\/p>\n","protected":false},"excerpt":{"rendered":"<p>Kiedy Hans Schwarzmayr zaczyna swoj\u0105 opowie\u015b\u0107, \u015bwiat za male\u0144kimi oknami zabytkowej cha\u0142upy zdaje si\u0119 odchodzi\u0107 w zapomnienie. Kustosz Izby Pami\u0119ci Franza Xavera Grubera w Hochburg-Ach m\u00f3wi \u0142agodnym tonem i starannie dobiera s\u0142owa. To co ma do przekazania jest bliskie jego sercu. Bo chodzi o najs\u0142ynniejszego syna ma\u0142ej wioski, tu w g\u00f3rnoaustriackim regionie Innviertel. Chodzi o [&hellip;]<\/p>\n","protected":false},"author":4,"featured_media":17373,"comment_status":"closed","ping_status":"closed","sticky":false,"template":"","format":"standard","meta":{"_acf_changed":false,"wl_entities_gutenberg":"","_relevanssi_hide_post":"","_relevanssi_hide_content":"","_relevanssi_pin_for_all":"","_relevanssi_pin_keywords":"","_relevanssi_unpin_keywords":"","_relevanssi_related_keywords":"","_relevanssi_related_include_ids":"","_relevanssi_related_exclude_ids":"","_relevanssi_related_no_append":"","_relevanssi_related_not_related":"","_relevanssi_related_posts":"","_relevanssi_noindex_reason":"","footnotes":""},"categories":[1],"tags":[],"wl_entity_type":[300],"class_list":["post-17371","post","type-post","status-publish","format-standard","has-post-thumbnail","hentry","category-uncategorized","wl_entity_type-article"],"acf":[],"yoast_head":"<!-- This site is optimized with the Yoast SEO Premium plugin v27.4 (Yoast SEO v27.4) - https:\/\/yoast.com\/product\/yoast-seo-premium-wordpress\/ -->\n<title>Szlak Pokoju \u00bb Projekt od serca dla &quot;Cichej nocy&quot;<\/title>\n<meta name=\"description\" content=\"&quot;Cicha noc&quot; nios\u0142a ludziom pokojowe przes\u0142anie i nadziej\u0119 w trudnych czasach. Dzi\u015b przypomina o tym Szlak Pokoju w Hochburg-Ach.\" \/>\n<meta name=\"robots\" content=\"index, follow, max-snippet:-1, max-image-preview:large, max-video-preview:-1\" \/>\n<link rel=\"canonical\" href=\"https:\/\/www.salzburgerland.com\/pl\/cicha-noc-projekt-od-serca\/\" \/>\n<meta property=\"og:locale\" content=\"pl_PL\" \/>\n<meta property=\"og:type\" content=\"article\" \/>\n<meta property=\"og:title\" content=\"Projekt od serca\" \/>\n<meta property=\"og:description\" content=\"Kiedy Hans Schwarzmayr zaczyna swoj\u0105 opowie\u015b\u0107, \u015bwiat za male\u0144kimi oknami zabytkowej cha\u0142upy zdaje si\u0119 odchodzi\u0107 w zapomnienie. Kustosz Izby Pami\u0119ci Franza\" \/>\n<meta property=\"og:url\" content=\"https:\/\/www.salzburgerland.com\/pl\/cicha-noc-projekt-od-serca\/\" \/>\n<meta property=\"og:site_name\" content=\"SalzburgerLand.com\" \/>\n<meta property=\"article:publisher\" content=\"https:\/\/www.facebook.com\/visitsalzburgerland\/\" \/>\n<meta property=\"article:published_time\" content=\"2023-01-02T20:19:55+00:00\" \/>\n<meta property=\"article:modified_time\" content=\"2023-01-03T19:06:38+00:00\" \/>\n<meta property=\"og:image\" content=\"https:\/\/www.salzburgerland.com\/pl\/wp-content\/uploads\/2023\/01\/oberoesterreich-hochburg-ach-friedensweg-afrika-05-1920x840-1-1170x658-1.jpg\" \/>\n\t<meta property=\"og:image:width\" content=\"1170\" \/>\n\t<meta property=\"og:image:height\" content=\"658\" \/>\n\t<meta property=\"og:image:type\" content=\"image\/jpeg\" \/>\n<meta name=\"author\" content=\"Izabela Gartner\" \/>\n<meta name=\"twitter:card\" content=\"summary_large_image\" \/>\n<meta name=\"twitter:creator\" content=\"@salzburgerland\" \/>\n<meta name=\"twitter:site\" content=\"@salzburgerland\" \/>\n<meta name=\"twitter:label1\" content=\"Napisane przez\" \/>\n\t<meta name=\"twitter:data1\" content=\"Izabela Gartner\" \/>\n\t<meta name=\"twitter:label2\" content=\"Szacowany czas czytania\" \/>\n\t<meta name=\"twitter:data2\" content=\"4 minuty\" \/>\n<script type=\"application\/ld+json\" class=\"yoast-schema-graph\">{\"@context\":\"https:\\\/\\\/schema.org\",\"@graph\":[{\"@type\":\"Article\",\"@id\":\"https:\\\/\\\/www.salzburgerland.com\\\/pl\\\/cicha-noc-projekt-od-serca\\\/#article\",\"isPartOf\":{\"@id\":\"https:\\\/\\\/www.salzburgerland.com\\\/pl\\\/cicha-noc-projekt-od-serca\\\/\"},\"author\":{\"name\":\"Izabela Gartner\",\"@id\":\"https:\\\/\\\/www.salzburgerland.com\\\/pl\\\/#\\\/schema\\\/person\\\/c10420e9897d4ca984317db556f04804\"},\"headline\":\"Projekt od serca\",\"datePublished\":\"2023-01-02T20:19:55+00:00\",\"dateModified\":\"2023-01-03T19:06:38+00:00\",\"mainEntityOfPage\":{\"@id\":\"https:\\\/\\\/www.salzburgerland.com\\\/pl\\\/cicha-noc-projekt-od-serca\\\/\"},\"wordCount\":667,\"image\":{\"@id\":\"https:\\\/\\\/www.salzburgerland.com\\\/pl\\\/cicha-noc-projekt-od-serca\\\/#primaryimage\"},\"thumbnailUrl\":\"https:\\\/\\\/www.salzburgerland.com\\\/pl\\\/wp-content\\\/uploads\\\/2023\\\/01\\\/oberoesterreich-hochburg-ach-friedensweg-afrika-05-1920x840-1-1170x658-1.jpg\",\"articleSection\":[\"Uncategorized\"],\"inLanguage\":\"pl-PL\"},{\"@type\":\"WebPage\",\"@id\":\"https:\\\/\\\/www.salzburgerland.com\\\/pl\\\/cicha-noc-projekt-od-serca\\\/\",\"url\":\"https:\\\/\\\/www.salzburgerland.com\\\/pl\\\/cicha-noc-projekt-od-serca\\\/\",\"name\":\"Szlak Pokoju \u00bb Projekt od serca dla \\\"Cichej nocy\\\"\",\"isPartOf\":{\"@id\":\"https:\\\/\\\/www.salzburgerland.com\\\/pl\\\/#website\"},\"primaryImageOfPage\":{\"@id\":\"https:\\\/\\\/www.salzburgerland.com\\\/pl\\\/cicha-noc-projekt-od-serca\\\/#primaryimage\"},\"image\":{\"@id\":\"https:\\\/\\\/www.salzburgerland.com\\\/pl\\\/cicha-noc-projekt-od-serca\\\/#primaryimage\"},\"thumbnailUrl\":\"https:\\\/\\\/www.salzburgerland.com\\\/pl\\\/wp-content\\\/uploads\\\/2023\\\/01\\\/oberoesterreich-hochburg-ach-friedensweg-afrika-05-1920x840-1-1170x658-1.jpg\",\"datePublished\":\"2023-01-02T20:19:55+00:00\",\"dateModified\":\"2023-01-03T19:06:38+00:00\",\"author\":{\"@id\":\"https:\\\/\\\/www.salzburgerland.com\\\/pl\\\/#\\\/schema\\\/person\\\/c10420e9897d4ca984317db556f04804\"},\"description\":\"\\\"Cicha noc\\\" nios\u0142a ludziom pokojowe przes\u0142anie i nadziej\u0119 w trudnych czasach. Dzi\u015b przypomina o tym Szlak Pokoju w Hochburg-Ach.\",\"breadcrumb\":{\"@id\":\"https:\\\/\\\/www.salzburgerland.com\\\/pl\\\/cicha-noc-projekt-od-serca\\\/#breadcrumb\"},\"inLanguage\":\"pl-PL\",\"potentialAction\":[{\"@type\":\"ReadAction\",\"target\":[\"https:\\\/\\\/www.salzburgerland.com\\\/pl\\\/cicha-noc-projekt-od-serca\\\/\"]}]},{\"@type\":\"ImageObject\",\"inLanguage\":\"pl-PL\",\"@id\":\"https:\\\/\\\/www.salzburgerland.com\\\/pl\\\/cicha-noc-projekt-od-serca\\\/#primaryimage\",\"url\":\"https:\\\/\\\/www.salzburgerland.com\\\/pl\\\/wp-content\\\/uploads\\\/2023\\\/01\\\/oberoesterreich-hochburg-ach-friedensweg-afrika-05-1920x840-1-1170x658-1.jpg\",\"contentUrl\":\"https:\\\/\\\/www.salzburgerland.com\\\/pl\\\/wp-content\\\/uploads\\\/2023\\\/01\\\/oberoesterreich-hochburg-ach-friedensweg-afrika-05-1920x840-1-1170x658-1.jpg\",\"width\":1170,\"height\":658,\"caption\":\"Rze\u017aba symbolizuj\u0105ca Afryk\u0119 na Szlaku Pokoju w Hochburg-Ach \u00a9 Franz Xaver Gruber Gemeinschaft\"},{\"@type\":\"BreadcrumbList\",\"@id\":\"https:\\\/\\\/www.salzburgerland.com\\\/pl\\\/cicha-noc-projekt-od-serca\\\/#breadcrumb\",\"itemListElement\":[{\"@type\":\"ListItem\",\"position\":1,\"name\":\"Kol\u0119da Cicha Noc\",\"item\":\"https:\\\/\\\/www.salzburgerland.com\\\/pl\\\/cicha-noc\\\/\"},{\"@type\":\"ListItem\",\"position\":2,\"name\":\"Projekt od serca\"}]},{\"@type\":\"WebSite\",\"@id\":\"https:\\\/\\\/www.salzburgerland.com\\\/pl\\\/#website\",\"url\":\"https:\\\/\\\/www.salzburgerland.com\\\/pl\\\/\",\"name\":\"SalzburgerLand.com\",\"description\":\"Urlop Salzburg : hotele : turystyka Ziemia Salzburska : kultura : rodzinny urlop Ziemia Salzburska : informacja turystyczna : noclegi Austria : aktywny wypoczynek\",\"potentialAction\":[{\"@type\":\"SearchAction\",\"target\":{\"@type\":\"EntryPoint\",\"urlTemplate\":\"https:\\\/\\\/www.salzburgerland.com\\\/pl\\\/?s={search_term_string}\"},\"query-input\":{\"@type\":\"PropertyValueSpecification\",\"valueRequired\":true,\"valueName\":\"search_term_string\"}}],\"inLanguage\":\"pl-PL\"},{\"@type\":\"Person\",\"@id\":\"https:\\\/\\\/www.salzburgerland.com\\\/pl\\\/#\\\/schema\\\/person\\\/c10420e9897d4ca984317db556f04804\",\"name\":\"Izabela Gartner\",\"image\":{\"@type\":\"ImageObject\",\"inLanguage\":\"pl-PL\",\"@id\":\"https:\\\/\\\/secure.gravatar.com\\\/avatar\\\/062a6263a145aaa718f0b029a735b6557e456ff63f9e65056a4352d3c0a06e4d?s=96&d=mm&r=g\",\"url\":\"https:\\\/\\\/secure.gravatar.com\\\/avatar\\\/062a6263a145aaa718f0b029a735b6557e456ff63f9e65056a4352d3c0a06e4d?s=96&d=mm&r=g\",\"contentUrl\":\"https:\\\/\\\/secure.gravatar.com\\\/avatar\\\/062a6263a145aaa718f0b029a735b6557e456ff63f9e65056a4352d3c0a06e4d?s=96&d=mm&r=g\",\"caption\":\"Izabela Gartner\"}}]}<\/script>\n<!-- \/ Yoast SEO Premium plugin. -->","yoast_head_json":{"title":"Szlak Pokoju \u00bb Projekt od serca dla \"Cichej nocy\"","description":"\"Cicha noc\" nios\u0142a ludziom pokojowe przes\u0142anie i nadziej\u0119 w trudnych czasach. Dzi\u015b przypomina o tym Szlak Pokoju w Hochburg-Ach.","robots":{"index":"index","follow":"follow","max-snippet":"max-snippet:-1","max-image-preview":"max-image-preview:large","max-video-preview":"max-video-preview:-1"},"canonical":"https:\/\/www.salzburgerland.com\/pl\/cicha-noc-projekt-od-serca\/","og_locale":"pl_PL","og_type":"article","og_title":"Projekt od serca","og_description":"Kiedy Hans Schwarzmayr zaczyna swoj\u0105 opowie\u015b\u0107, \u015bwiat za male\u0144kimi oknami zabytkowej cha\u0142upy zdaje si\u0119 odchodzi\u0107 w zapomnienie. Kustosz Izby Pami\u0119ci Franza","og_url":"https:\/\/www.salzburgerland.com\/pl\/cicha-noc-projekt-od-serca\/","og_site_name":"SalzburgerLand.com","article_publisher":"https:\/\/www.facebook.com\/visitsalzburgerland\/","article_published_time":"2023-01-02T20:19:55+00:00","article_modified_time":"2023-01-03T19:06:38+00:00","og_image":[{"url":"https:\/\/www.salzburgerland.com\/pl\/wp-content\/uploads\/2023\/01\/oberoesterreich-hochburg-ach-friedensweg-afrika-05-1920x840-1-1170x658-1.jpg","width":1170,"height":658,"type":"image\/jpeg"}],"author":"Izabela Gartner","twitter_card":"summary_large_image","twitter_creator":"@salzburgerland","twitter_site":"@salzburgerland","twitter_misc":{"Napisane przez":"Izabela Gartner","Szacowany czas czytania":"4 minuty"},"schema":{"@context":"https:\/\/schema.org","@graph":[{"@type":"Article","@id":"https:\/\/www.salzburgerland.com\/pl\/cicha-noc-projekt-od-serca\/#article","isPartOf":{"@id":"https:\/\/www.salzburgerland.com\/pl\/cicha-noc-projekt-od-serca\/"},"author":{"name":"Izabela Gartner","@id":"https:\/\/www.salzburgerland.com\/pl\/#\/schema\/person\/c10420e9897d4ca984317db556f04804"},"headline":"Projekt od serca","datePublished":"2023-01-02T20:19:55+00:00","dateModified":"2023-01-03T19:06:38+00:00","mainEntityOfPage":{"@id":"https:\/\/www.salzburgerland.com\/pl\/cicha-noc-projekt-od-serca\/"},"wordCount":667,"image":{"@id":"https:\/\/www.salzburgerland.com\/pl\/cicha-noc-projekt-od-serca\/#primaryimage"},"thumbnailUrl":"https:\/\/www.salzburgerland.com\/pl\/wp-content\/uploads\/2023\/01\/oberoesterreich-hochburg-ach-friedensweg-afrika-05-1920x840-1-1170x658-1.jpg","articleSection":["Uncategorized"],"inLanguage":"pl-PL"},{"@type":"WebPage","@id":"https:\/\/www.salzburgerland.com\/pl\/cicha-noc-projekt-od-serca\/","url":"https:\/\/www.salzburgerland.com\/pl\/cicha-noc-projekt-od-serca\/","name":"Szlak Pokoju \u00bb Projekt od serca dla \"Cichej nocy\"","isPartOf":{"@id":"https:\/\/www.salzburgerland.com\/pl\/#website"},"primaryImageOfPage":{"@id":"https:\/\/www.salzburgerland.com\/pl\/cicha-noc-projekt-od-serca\/#primaryimage"},"image":{"@id":"https:\/\/www.salzburgerland.com\/pl\/cicha-noc-projekt-od-serca\/#primaryimage"},"thumbnailUrl":"https:\/\/www.salzburgerland.com\/pl\/wp-content\/uploads\/2023\/01\/oberoesterreich-hochburg-ach-friedensweg-afrika-05-1920x840-1-1170x658-1.jpg","datePublished":"2023-01-02T20:19:55+00:00","dateModified":"2023-01-03T19:06:38+00:00","author":{"@id":"https:\/\/www.salzburgerland.com\/pl\/#\/schema\/person\/c10420e9897d4ca984317db556f04804"},"description":"\"Cicha noc\" nios\u0142a ludziom pokojowe przes\u0142anie i nadziej\u0119 w trudnych czasach. Dzi\u015b przypomina o tym Szlak Pokoju w Hochburg-Ach.","breadcrumb":{"@id":"https:\/\/www.salzburgerland.com\/pl\/cicha-noc-projekt-od-serca\/#breadcrumb"},"inLanguage":"pl-PL","potentialAction":[{"@type":"ReadAction","target":["https:\/\/www.salzburgerland.com\/pl\/cicha-noc-projekt-od-serca\/"]}]},{"@type":"ImageObject","inLanguage":"pl-PL","@id":"https:\/\/www.salzburgerland.com\/pl\/cicha-noc-projekt-od-serca\/#primaryimage","url":"https:\/\/www.salzburgerland.com\/pl\/wp-content\/uploads\/2023\/01\/oberoesterreich-hochburg-ach-friedensweg-afrika-05-1920x840-1-1170x658-1.jpg","contentUrl":"https:\/\/www.salzburgerland.com\/pl\/wp-content\/uploads\/2023\/01\/oberoesterreich-hochburg-ach-friedensweg-afrika-05-1920x840-1-1170x658-1.jpg","width":1170,"height":658,"caption":"Rze\u017aba symbolizuj\u0105ca Afryk\u0119 na Szlaku Pokoju w Hochburg-Ach \u00a9 Franz Xaver Gruber Gemeinschaft"},{"@type":"BreadcrumbList","@id":"https:\/\/www.salzburgerland.com\/pl\/cicha-noc-projekt-od-serca\/#breadcrumb","itemListElement":[{"@type":"ListItem","position":1,"name":"Kol\u0119da Cicha Noc","item":"https:\/\/www.salzburgerland.com\/pl\/cicha-noc\/"},{"@type":"ListItem","position":2,"name":"Projekt od serca"}]},{"@type":"WebSite","@id":"https:\/\/www.salzburgerland.com\/pl\/#website","url":"https:\/\/www.salzburgerland.com\/pl\/","name":"SalzburgerLand.com","description":"Urlop Salzburg : hotele : turystyka Ziemia Salzburska : kultura : rodzinny urlop Ziemia Salzburska : informacja turystyczna : noclegi Austria : aktywny wypoczynek","potentialAction":[{"@type":"SearchAction","target":{"@type":"EntryPoint","urlTemplate":"https:\/\/www.salzburgerland.com\/pl\/?s={search_term_string}"},"query-input":{"@type":"PropertyValueSpecification","valueRequired":true,"valueName":"search_term_string"}}],"inLanguage":"pl-PL"},{"@type":"Person","@id":"https:\/\/www.salzburgerland.com\/pl\/#\/schema\/person\/c10420e9897d4ca984317db556f04804","name":"Izabela Gartner","image":{"@type":"ImageObject","inLanguage":"pl-PL","@id":"https:\/\/secure.gravatar.com\/avatar\/062a6263a145aaa718f0b029a735b6557e456ff63f9e65056a4352d3c0a06e4d?s=96&d=mm&r=g","url":"https:\/\/secure.gravatar.com\/avatar\/062a6263a145aaa718f0b029a735b6557e456ff63f9e65056a4352d3c0a06e4d?s=96&d=mm&r=g","contentUrl":"https:\/\/secure.gravatar.com\/avatar\/062a6263a145aaa718f0b029a735b6557e456ff63f9e65056a4352d3c0a06e4d?s=96&d=mm&r=g","caption":"Izabela Gartner"}}]}},"_wl_alt_label":[],"wl:entity_url":"http:\/\/open.salzburgerland.com\/pl\/post\/szlak-pokoju-17371","_links":{"self":[{"href":"https:\/\/www.salzburgerland.com\/pl\/wp-json\/wp\/v2\/posts\/17371","targetHints":{"allow":["GET"]}}],"collection":[{"href":"https:\/\/www.salzburgerland.com\/pl\/wp-json\/wp\/v2\/posts"}],"about":[{"href":"https:\/\/www.salzburgerland.com\/pl\/wp-json\/wp\/v2\/types\/post"}],"author":[{"embeddable":true,"href":"https:\/\/www.salzburgerland.com\/pl\/wp-json\/wp\/v2\/users\/4"}],"replies":[{"embeddable":true,"href":"https:\/\/www.salzburgerland.com\/pl\/wp-json\/wp\/v2\/comments?post=17371"}],"version-history":[{"count":5,"href":"https:\/\/www.salzburgerland.com\/pl\/wp-json\/wp\/v2\/posts\/17371\/revisions"}],"predecessor-version":[{"id":17405,"href":"https:\/\/www.salzburgerland.com\/pl\/wp-json\/wp\/v2\/posts\/17371\/revisions\/17405"}],"wp:featuredmedia":[{"embeddable":true,"href":"https:\/\/www.salzburgerland.com\/pl\/wp-json\/wp\/v2\/media\/17373"}],"wp:attachment":[{"href":"https:\/\/www.salzburgerland.com\/pl\/wp-json\/wp\/v2\/media?parent=17371"}],"wp:term":[{"taxonomy":"category","embeddable":true,"href":"https:\/\/www.salzburgerland.com\/pl\/wp-json\/wp\/v2\/categories?post=17371"},{"taxonomy":"post_tag","embeddable":true,"href":"https:\/\/www.salzburgerland.com\/pl\/wp-json\/wp\/v2\/tags?post=17371"},{"taxonomy":"wl_entity_type","embeddable":true,"href":"https:\/\/www.salzburgerland.com\/pl\/wp-json\/wp\/v2\/wl_entity_type?post=17371"}],"curies":[{"name":"wp","href":"https:\/\/api.w.org\/{rel}","templated":true}]}}