{"id":17337,"date":"2023-01-02T19:12:37","date_gmt":"2023-01-02T18:12:37","guid":{"rendered":"https:\/\/www.salzburgerland.com\/pl\/?p=17337"},"modified":"2023-01-02T19:12:39","modified_gmt":"2023-01-02T18:12:39","slug":"cicha-noc-muzeum-mariapfarr","status":"publish","type":"post","link":"https:\/\/www.salzburgerland.com\/pl\/cicha-noc-muzeum-mariapfarr\/","title":{"rendered":"Muzeum Cichej Nocy i Pilegrzymek w Mariapfarr"},"content":{"rendered":"<p>Ta miejscowo\u015b\u0107 w Salzburskim Lungau chodzi na najbardziej s\u0142oneczne miejsce w Austrii. Wiele s\u0142onecznych godzin i po\u0142o\u017cenie na s\u0142u\u017c\u0105cej zdrowiu wysoko\u015bci nad poziomem morza sprawiaj\u0105, \u017ce ludzie czuj\u0105 si\u0119 tu szczeg\u00f3lnie gobrze. Jendak nie zawsze tak by\u0142o. Kiedy w 1815 roku 23-letni Joseph Mohr rozpocz\u0105\u0142 swoj\u0105 pierwsz\u0105 pos\u0142ug\u0119 jako wikary pomocniczy, do le\u017c\u0105cego w daleko od stolicy i ci\u0119\u017cko osi\u0105galnego Lungau dotar\u0142y ci\u0119\u017ckie czasy, naznaczone wojn\u0105, g\u0142odem i bied\u0105. Dopiero kiedy Salzburg sta\u0142 si\u0119 cz\u0119\u015bci\u0105 Austrii, sytuacja powoli zacz\u0119\u0142a si\u0119 poprawia\u0107. M\u0142ody duchowny mia\u0142 tu swoje przemy\u015blenia, kt\u00f3re uj\u0105\u0142 w pi\u0119kny wiersz zatytu\u0142owany Cicha noc, \u015bwi\u0119ta noc!\u201d To sze\u015b\u0107 strof, kt\u00f3re nios\u0142y przes\u0142anie nadziei. Tak potrzebnej w namacalnie ci\u0119\u017ckich czasach nadziei na zbawienie \u015bwiata, objawionej w cudzie Bo\u017cego Narodzenia.<\/p>\n<div id=\"attachment_11819\" style=\"width: 1180px\" class=\"wp-caption alignnone\"><img decoding=\"async\" aria-describedby=\"caption-attachment-11819\" class=\"wp-image-11819 size-1170_658\" src=\"https:\/\/cdn.salzburgerland.com\/pl\/wp-content\/uploads\/2021\/10\/salzburger-lungau-scharglerkeusche-in-stranach-in-mariapfarr-das-haus-der-vorfahren-von-joseph-mohr-er-verfasste-den-text-von-stille-nacht--salzburgerland-tourismus-1170x658.jpg\" alt='W Mariapfarr, w dzielnicy Stranach, stoi gospodarstwo Scharglerkeuche. Tu mieszka\u0142a rodzina Josepha Mohra, autora s\u0142\u00f3w kol\u0119dy \"Cicha noc\"' width=\"1170\" height=\"658\" srcset=\"https:\/\/www.salzburgerland.com\/pl\/wp-content\/uploads\/2021\/10\/salzburger-lungau-scharglerkeusche-in-stranach-in-mariapfarr-das-haus-der-vorfahren-von-joseph-mohr-er-verfasste-den-text-von-stille-nacht--salzburgerland-tourismus-1170x658.jpg 1170w, https:\/\/www.salzburgerland.com\/pl\/wp-content\/uploads\/2021\/10\/salzburger-lungau-scharglerkeusche-in-stranach-in-mariapfarr-das-haus-der-vorfahren-von-joseph-mohr-er-verfasste-den-text-von-stille-nacht--salzburgerland-tourismus-1200x675.jpg 1200w\" sizes=\"(max-width: 1170px) 100vw, 1170px\"><p id=\"caption-attachment-11819\" class=\"wp-caption-text\">Gospodarstwo Scharglerkeuche w Mariapfarr nale\u017ca\u0142o dawniej do rodziny Josepha Mohra \u00a9 SalzburgerLand Tourismus<\/p><\/div>\n<p>W Muzeum Parafii, Pilegrzymek i Cichej Nocy w Mariapfarr poznamy biografi\u0119 Josepha Mohra oraz s\u0142owa jego wiersza. Kiedy w 1995 roku odnaleziono jego r\u0119kopis, mo\u017cna by\u0142o po gruntownych badaniach udowodni\u0107, \u017ce Joseph Mohr napisa\u0142 s\u0142owa s\u0142ynnej kol\u0119dy \u201eCicha noc, \u015bwi\u0119ta noc!\u201d w Mariapfarr. By\u0142o te\u017c oczywistym, \u017ce odnaleziony dokument oddany zostanie, jako \u015bwiadectwo o Mohrze, do Muzeum Parafialnego i Pilegrzmykowego w Mariapfarr.<\/p>\n<div id=\"attachment_17338\" style=\"width: 1034px\" class=\"wp-caption alignnone\"><img decoding=\"async\" aria-describedby=\"caption-attachment-17338\" class=\"size-medium wp-image-17338\" src=\"https:\/\/cdn.salzburgerland.com\/pl\/wp-content\/uploads\/2023\/01\/rs1086_sterbebuch01-lpr-1170x658-1-1024x569.jpg\" alt='W Muzeum Parafialnym i Pielgrzymkowym w Mariapfarr z wystaw\u0105 po\u015bwi\u0119con\u0105 tw\u00f3rcy kol\u0119dy \"Cicha noc\" jednym z eksponat\u00f3w jest Ksi\u0119ga zgo\u00f3w z pocz\u0105tku XIX wieku.' width=\"1024\" height=\"569\" srcset=\"https:\/\/www.salzburgerland.com\/pl\/wp-content\/uploads\/2023\/01\/rs1086_sterbebuch01-lpr-1170x658-1-1024x569.jpg 1024w, https:\/\/www.salzburgerland.com\/pl\/wp-content\/uploads\/2023\/01\/rs1086_sterbebuch01-lpr-1170x658-1-370x206.jpg 370w, https:\/\/www.salzburgerland.com\/pl\/wp-content\/uploads\/2023\/01\/rs1086_sterbebuch01-lpr-1170x658-1-270x150.jpg 270w, https:\/\/www.salzburgerland.com\/pl\/wp-content\/uploads\/2023\/01\/rs1086_sterbebuch01-lpr-1170x658-1-540x300.jpg 540w\" sizes=\"(max-width: 1024px) 100vw, 1024px\"><p id=\"caption-attachment-17338\" class=\"wp-caption-text\">Ksi\u0119ga Zgon\u00f3w w Muzeum w Mariapfarr \u00a9 SalzburgerLand Tourismus<\/p><\/div>\n<p>W muzeum przechowywane s\u0105 dokumenty dotycz\u0105ce Josepha Mohra, pocz\u0105wszy od jego drzewa genealogicznego, kt\u00f3re si\u0119ga XVII wieku w Lungau, a\u017c do jego \u015bmierci w Wagrain w 1484 roku. Nie tylko pochodzenie jego rodziny ze strony ojca i pe\u0142niona przez niego funkcja koadjutora (ksi\u0119dza pomocniczego) w latach 1815-1817 w Mariapfarr \u015bwiadcz\u0105 o jego korzeniach w Salzburskim Lungau. Tak\u017ce jego pierwszy nauczyciel muzyki, prze\u0105o\u017ceni w Mariapfarr i Oberndorfie, podobnie jak tw\u00f3rca pomnika w Oberndorfie, artysta i duchowny M\u00fchlbacher, pochodzili w\u0142a\u015bnie st\u0105d.<\/p>\n<p><strong>Kontakt:<\/strong><br>\nPfarr-, Wallfahrts- und Stille Nacht Museum<span>\u00a0<\/span><span id=\"urn:enhancement-66c32134-c6a4-4781-9f50-2402f5c756a3\" class=\"textannotation\">Mariapfarr<br>\n<\/span>Joseph Mohr Platz 1<br>\n5571<span>\u00a0<\/span><span id=\"urn:enhancement-475e8f60-44d3-4b9c-a400-86d575233c9e\" class=\"textannotation\">Mariapfarr<br>\n<\/span><span id=\"urn:enhancement-475e8f60-44d3-4b9c-a400-86d575233c9e\" class=\"textannotation\"><span>T +43 6473 8766<br>\n<\/span><a href=\"mailto:mariapfarr@tourismuslungau.at\" target=\"_blank\" rel=\"noopener\">mariapfarr@tourismuslungau.at<\/a><br>\n<a href=\"http:\/\/www.wallfahrtsmuseum.at\/\" target=\"_blank\" rel=\"noopener\">www.wallfahrtsmuseum.at<\/a><\/span><\/p>\n<p>Wej\u015bcie do muzeum od strony Pfarrstra\u00dfe 19<\/p>\n<h4><a href=\"https:\/\/www.salzburgerland.com\/de\/stille-nacht-kirchen-360-panorama\/\" target=\"_blank\" rel=\"noopener\">OBEJRZYJ WN\u0118TRZA NAJPI\u0118KNIEJSZYCH BUDOWLI SAKRALNYCH ZWI\u0104ZANYCH Z KOL\u0118D\u0104 \u201eCICHA NOC, \u015aWI\u0118TA NOC\u201d I JEJ TW\u00d3RCAMI W FORMIE PANORAMY 360\u00b0 W FORMACIE 3D!\u00a0<\/a><\/h4>\n","protected":false},"excerpt":{"rendered":"<p>Ta miejscowo\u015b\u0107 w Salzburskim Lungau chodzi na najbardziej s\u0142oneczne miejsce w Austrii. Wiele s\u0142onecznych godzin i po\u0142o\u017cenie na s\u0142u\u017c\u0105cej zdrowiu wysoko\u015bci nad poziomem morza sprawiaj\u0105, \u017ce ludzie czuj\u0105 si\u0119 tu szczeg\u00f3lnie gobrze. Jendak nie zawsze tak by\u0142o. Kiedy w 1815 roku 23-letni Joseph Mohr rozpocz\u0105\u0142 swoj\u0105 pierwsz\u0105 pos\u0142ug\u0119 jako wikary pomocniczy, do le\u017c\u0105cego w daleko [&hellip;]<\/p>\n","protected":false},"author":4,"featured_media":17107,"comment_status":"closed","ping_status":"closed","sticky":false,"template":"","format":"standard","meta":{"_acf_changed":false,"wl_entities_gutenberg":"","_relevanssi_hide_post":"","_relevanssi_hide_content":"","_relevanssi_pin_for_all":"","_relevanssi_pin_keywords":"","_relevanssi_unpin_keywords":"","_relevanssi_related_keywords":"","_relevanssi_related_include_ids":"","_relevanssi_related_exclude_ids":"","_relevanssi_related_no_append":"","_relevanssi_related_not_related":"","_relevanssi_related_posts":"","_relevanssi_noindex_reason":"","footnotes":""},"categories":[1],"tags":[],"wl_entity_type":[300],"class_list":["post-17337","post","type-post","status-publish","format-standard","has-post-thumbnail","hentry","category-uncategorized","wl_entity_type-article"],"acf":[],"yoast_head":"<!-- This site is optimized with the Yoast SEO Premium plugin v27.4 (Yoast SEO v27.4) - https:\/\/yoast.com\/product\/yoast-seo-premium-wordpress\/ -->\n<title>Muzeum Cichej Nocy w Mariapfarr \u00bb Joseph Mohr i jego wiersz<\/title>\n<meta name=\"description\" content=\"W Mariapfarr, gdzie Joseph Mohr w 1816 roku napisa\u0142 wiersz &quot;Cicha noc&quot; \u017cycie duchownego dokumentuje wystawa w Muzeum Parafialnym.\" \/>\n<meta name=\"robots\" content=\"index, follow, max-snippet:-1, max-image-preview:large, max-video-preview:-1\" \/>\n<link rel=\"canonical\" href=\"https:\/\/www.salzburgerland.com\/pl\/cicha-noc-muzeum-mariapfarr\/\" \/>\n<meta property=\"og:locale\" content=\"pl_PL\" \/>\n<meta property=\"og:type\" content=\"article\" \/>\n<meta property=\"og:title\" content=\"Muzeum Cichej Nocy i Pilegrzymek w Mariapfarr\" \/>\n<meta property=\"og:description\" content=\"Ta miejscowo\u015b\u0107 w Salzburskim Lungau chodzi na najbardziej s\u0142oneczne miejsce w Austrii. Wiele s\u0142onecznych godzin i po\u0142o\u017cenie na s\u0142u\u017c\u0105cej zdrowiu wysoko\u015bci\" \/>\n<meta property=\"og:url\" content=\"https:\/\/www.salzburgerland.com\/pl\/cicha-noc-muzeum-mariapfarr\/\" \/>\n<meta property=\"og:site_name\" content=\"SalzburgerLand.com\" \/>\n<meta property=\"article:publisher\" content=\"https:\/\/www.facebook.com\/visitsalzburgerland\/\" \/>\n<meta property=\"article:published_time\" content=\"2023-01-02T18:12:37+00:00\" \/>\n<meta property=\"article:modified_time\" content=\"2023-01-02T18:12:39+00:00\" \/>\n<meta property=\"og:image\" content=\"https:\/\/www.salzburgerland.com\/pl\/wp-content\/uploads\/2022\/12\/brunnen_mohr_mariapfarr.jpg\" \/>\n\t<meta property=\"og:image:width\" content=\"1170\" \/>\n\t<meta property=\"og:image:height\" content=\"658\" \/>\n\t<meta property=\"og:image:type\" content=\"image\/jpeg\" \/>\n<meta name=\"author\" content=\"Izabela Gartner\" \/>\n<meta name=\"twitter:card\" content=\"summary_large_image\" \/>\n<meta name=\"twitter:creator\" content=\"@salzburgerland\" \/>\n<meta name=\"twitter:site\" content=\"@salzburgerland\" \/>\n<meta name=\"twitter:label1\" content=\"Napisane przez\" \/>\n\t<meta name=\"twitter:data1\" content=\"Izabela Gartner\" \/>\n\t<meta name=\"twitter:label2\" content=\"Szacowany czas czytania\" \/>\n\t<meta name=\"twitter:data2\" content=\"3 minuty\" \/>\n<script type=\"application\/ld+json\" class=\"yoast-schema-graph\">{\"@context\":\"https:\\\/\\\/schema.org\",\"@graph\":[{\"@type\":\"Article\",\"@id\":\"https:\\\/\\\/www.salzburgerland.com\\\/pl\\\/cicha-noc-muzeum-mariapfarr\\\/#article\",\"isPartOf\":{\"@id\":\"https:\\\/\\\/www.salzburgerland.com\\\/pl\\\/cicha-noc-muzeum-mariapfarr\\\/\"},\"author\":{\"name\":\"Izabela Gartner\",\"@id\":\"https:\\\/\\\/www.salzburgerland.com\\\/pl\\\/#\\\/schema\\\/person\\\/c10420e9897d4ca984317db556f04804\"},\"headline\":\"Muzeum Cichej Nocy i Pilegrzymek w Mariapfarr\",\"datePublished\":\"2023-01-02T18:12:37+00:00\",\"dateModified\":\"2023-01-02T18:12:39+00:00\",\"mainEntityOfPage\":{\"@id\":\"https:\\\/\\\/www.salzburgerland.com\\\/pl\\\/cicha-noc-muzeum-mariapfarr\\\/\"},\"wordCount\":408,\"image\":{\"@id\":\"https:\\\/\\\/www.salzburgerland.com\\\/pl\\\/cicha-noc-muzeum-mariapfarr\\\/#primaryimage\"},\"thumbnailUrl\":\"https:\\\/\\\/www.salzburgerland.com\\\/pl\\\/wp-content\\\/uploads\\\/2022\\\/12\\\/brunnen_mohr_mariapfarr.jpg\",\"articleSection\":[\"Uncategorized\"],\"inLanguage\":\"pl-PL\"},{\"@type\":\"WebPage\",\"@id\":\"https:\\\/\\\/www.salzburgerland.com\\\/pl\\\/cicha-noc-muzeum-mariapfarr\\\/\",\"url\":\"https:\\\/\\\/www.salzburgerland.com\\\/pl\\\/cicha-noc-muzeum-mariapfarr\\\/\",\"name\":\"Muzeum Cichej Nocy w Mariapfarr \u00bb Joseph Mohr i jego wiersz\",\"isPartOf\":{\"@id\":\"https:\\\/\\\/www.salzburgerland.com\\\/pl\\\/#website\"},\"primaryImageOfPage\":{\"@id\":\"https:\\\/\\\/www.salzburgerland.com\\\/pl\\\/cicha-noc-muzeum-mariapfarr\\\/#primaryimage\"},\"image\":{\"@id\":\"https:\\\/\\\/www.salzburgerland.com\\\/pl\\\/cicha-noc-muzeum-mariapfarr\\\/#primaryimage\"},\"thumbnailUrl\":\"https:\\\/\\\/www.salzburgerland.com\\\/pl\\\/wp-content\\\/uploads\\\/2022\\\/12\\\/brunnen_mohr_mariapfarr.jpg\",\"datePublished\":\"2023-01-02T18:12:37+00:00\",\"dateModified\":\"2023-01-02T18:12:39+00:00\",\"author\":{\"@id\":\"https:\\\/\\\/www.salzburgerland.com\\\/pl\\\/#\\\/schema\\\/person\\\/c10420e9897d4ca984317db556f04804\"},\"description\":\"W Mariapfarr, gdzie Joseph Mohr w 1816 roku napisa\u0142 wiersz \\\"Cicha noc\\\" \u017cycie duchownego dokumentuje wystawa w Muzeum Parafialnym.\",\"breadcrumb\":{\"@id\":\"https:\\\/\\\/www.salzburgerland.com\\\/pl\\\/cicha-noc-muzeum-mariapfarr\\\/#breadcrumb\"},\"inLanguage\":\"pl-PL\",\"potentialAction\":[{\"@type\":\"ReadAction\",\"target\":[\"https:\\\/\\\/www.salzburgerland.com\\\/pl\\\/cicha-noc-muzeum-mariapfarr\\\/\"]}]},{\"@type\":\"ImageObject\",\"inLanguage\":\"pl-PL\",\"@id\":\"https:\\\/\\\/www.salzburgerland.com\\\/pl\\\/cicha-noc-muzeum-mariapfarr\\\/#primaryimage\",\"url\":\"https:\\\/\\\/www.salzburgerland.com\\\/pl\\\/wp-content\\\/uploads\\\/2022\\\/12\\\/brunnen_mohr_mariapfarr.jpg\",\"contentUrl\":\"https:\\\/\\\/www.salzburgerland.com\\\/pl\\\/wp-content\\\/uploads\\\/2022\\\/12\\\/brunnen_mohr_mariapfarr.jpg\",\"width\":1170,\"height\":658,\"caption\":\"Fontanna z popiersiem Josepha Mohra w Mariapfarru \u00a9 Salzburgerland Tourismus\"},{\"@type\":\"BreadcrumbList\",\"@id\":\"https:\\\/\\\/www.salzburgerland.com\\\/pl\\\/cicha-noc-muzeum-mariapfarr\\\/#breadcrumb\",\"itemListElement\":[{\"@type\":\"ListItem\",\"position\":1,\"name\":\"Bilet do Muze\u00f3w Cichej Nocy\",\"item\":\"https:\\\/\\\/www.salzburgerland.com\\\/pl\\\/cicha-noc-bilet-do-muzeow\\\/\"},{\"@type\":\"ListItem\",\"position\":2,\"name\":\"Muzeum Cichej Nocy i Pilegrzymek w Mariapfarr\"}]},{\"@type\":\"WebSite\",\"@id\":\"https:\\\/\\\/www.salzburgerland.com\\\/pl\\\/#website\",\"url\":\"https:\\\/\\\/www.salzburgerland.com\\\/pl\\\/\",\"name\":\"SalzburgerLand.com\",\"description\":\"Urlop Salzburg : hotele : turystyka Ziemia Salzburska : kultura : rodzinny urlop Ziemia Salzburska : informacja turystyczna : noclegi Austria : aktywny wypoczynek\",\"potentialAction\":[{\"@type\":\"SearchAction\",\"target\":{\"@type\":\"EntryPoint\",\"urlTemplate\":\"https:\\\/\\\/www.salzburgerland.com\\\/pl\\\/?s={search_term_string}\"},\"query-input\":{\"@type\":\"PropertyValueSpecification\",\"valueRequired\":true,\"valueName\":\"search_term_string\"}}],\"inLanguage\":\"pl-PL\"},{\"@type\":\"Person\",\"@id\":\"https:\\\/\\\/www.salzburgerland.com\\\/pl\\\/#\\\/schema\\\/person\\\/c10420e9897d4ca984317db556f04804\",\"name\":\"Izabela Gartner\",\"image\":{\"@type\":\"ImageObject\",\"inLanguage\":\"pl-PL\",\"@id\":\"https:\\\/\\\/secure.gravatar.com\\\/avatar\\\/062a6263a145aaa718f0b029a735b6557e456ff63f9e65056a4352d3c0a06e4d?s=96&d=mm&r=g\",\"url\":\"https:\\\/\\\/secure.gravatar.com\\\/avatar\\\/062a6263a145aaa718f0b029a735b6557e456ff63f9e65056a4352d3c0a06e4d?s=96&d=mm&r=g\",\"contentUrl\":\"https:\\\/\\\/secure.gravatar.com\\\/avatar\\\/062a6263a145aaa718f0b029a735b6557e456ff63f9e65056a4352d3c0a06e4d?s=96&d=mm&r=g\",\"caption\":\"Izabela Gartner\"}}]}<\/script>\n<!-- \/ Yoast SEO Premium plugin. -->","yoast_head_json":{"title":"Muzeum Cichej Nocy w Mariapfarr \u00bb Joseph Mohr i jego wiersz","description":"W Mariapfarr, gdzie Joseph Mohr w 1816 roku napisa\u0142 wiersz \"Cicha noc\" \u017cycie duchownego dokumentuje wystawa w Muzeum Parafialnym.","robots":{"index":"index","follow":"follow","max-snippet":"max-snippet:-1","max-image-preview":"max-image-preview:large","max-video-preview":"max-video-preview:-1"},"canonical":"https:\/\/www.salzburgerland.com\/pl\/cicha-noc-muzeum-mariapfarr\/","og_locale":"pl_PL","og_type":"article","og_title":"Muzeum Cichej Nocy i Pilegrzymek w Mariapfarr","og_description":"Ta miejscowo\u015b\u0107 w Salzburskim Lungau chodzi na najbardziej s\u0142oneczne miejsce w Austrii. Wiele s\u0142onecznych godzin i po\u0142o\u017cenie na s\u0142u\u017c\u0105cej zdrowiu wysoko\u015bci","og_url":"https:\/\/www.salzburgerland.com\/pl\/cicha-noc-muzeum-mariapfarr\/","og_site_name":"SalzburgerLand.com","article_publisher":"https:\/\/www.facebook.com\/visitsalzburgerland\/","article_published_time":"2023-01-02T18:12:37+00:00","article_modified_time":"2023-01-02T18:12:39+00:00","og_image":[{"url":"https:\/\/www.salzburgerland.com\/pl\/wp-content\/uploads\/2022\/12\/brunnen_mohr_mariapfarr.jpg","width":1170,"height":658,"type":"image\/jpeg"}],"author":"Izabela Gartner","twitter_card":"summary_large_image","twitter_creator":"@salzburgerland","twitter_site":"@salzburgerland","twitter_misc":{"Napisane przez":"Izabela Gartner","Szacowany czas czytania":"3 minuty"},"schema":{"@context":"https:\/\/schema.org","@graph":[{"@type":"Article","@id":"https:\/\/www.salzburgerland.com\/pl\/cicha-noc-muzeum-mariapfarr\/#article","isPartOf":{"@id":"https:\/\/www.salzburgerland.com\/pl\/cicha-noc-muzeum-mariapfarr\/"},"author":{"name":"Izabela Gartner","@id":"https:\/\/www.salzburgerland.com\/pl\/#\/schema\/person\/c10420e9897d4ca984317db556f04804"},"headline":"Muzeum Cichej Nocy i Pilegrzymek w Mariapfarr","datePublished":"2023-01-02T18:12:37+00:00","dateModified":"2023-01-02T18:12:39+00:00","mainEntityOfPage":{"@id":"https:\/\/www.salzburgerland.com\/pl\/cicha-noc-muzeum-mariapfarr\/"},"wordCount":408,"image":{"@id":"https:\/\/www.salzburgerland.com\/pl\/cicha-noc-muzeum-mariapfarr\/#primaryimage"},"thumbnailUrl":"https:\/\/www.salzburgerland.com\/pl\/wp-content\/uploads\/2022\/12\/brunnen_mohr_mariapfarr.jpg","articleSection":["Uncategorized"],"inLanguage":"pl-PL"},{"@type":"WebPage","@id":"https:\/\/www.salzburgerland.com\/pl\/cicha-noc-muzeum-mariapfarr\/","url":"https:\/\/www.salzburgerland.com\/pl\/cicha-noc-muzeum-mariapfarr\/","name":"Muzeum Cichej Nocy w Mariapfarr \u00bb Joseph Mohr i jego wiersz","isPartOf":{"@id":"https:\/\/www.salzburgerland.com\/pl\/#website"},"primaryImageOfPage":{"@id":"https:\/\/www.salzburgerland.com\/pl\/cicha-noc-muzeum-mariapfarr\/#primaryimage"},"image":{"@id":"https:\/\/www.salzburgerland.com\/pl\/cicha-noc-muzeum-mariapfarr\/#primaryimage"},"thumbnailUrl":"https:\/\/www.salzburgerland.com\/pl\/wp-content\/uploads\/2022\/12\/brunnen_mohr_mariapfarr.jpg","datePublished":"2023-01-02T18:12:37+00:00","dateModified":"2023-01-02T18:12:39+00:00","author":{"@id":"https:\/\/www.salzburgerland.com\/pl\/#\/schema\/person\/c10420e9897d4ca984317db556f04804"},"description":"W Mariapfarr, gdzie Joseph Mohr w 1816 roku napisa\u0142 wiersz \"Cicha noc\" \u017cycie duchownego dokumentuje wystawa w Muzeum Parafialnym.","breadcrumb":{"@id":"https:\/\/www.salzburgerland.com\/pl\/cicha-noc-muzeum-mariapfarr\/#breadcrumb"},"inLanguage":"pl-PL","potentialAction":[{"@type":"ReadAction","target":["https:\/\/www.salzburgerland.com\/pl\/cicha-noc-muzeum-mariapfarr\/"]}]},{"@type":"ImageObject","inLanguage":"pl-PL","@id":"https:\/\/www.salzburgerland.com\/pl\/cicha-noc-muzeum-mariapfarr\/#primaryimage","url":"https:\/\/www.salzburgerland.com\/pl\/wp-content\/uploads\/2022\/12\/brunnen_mohr_mariapfarr.jpg","contentUrl":"https:\/\/www.salzburgerland.com\/pl\/wp-content\/uploads\/2022\/12\/brunnen_mohr_mariapfarr.jpg","width":1170,"height":658,"caption":"Fontanna z popiersiem Josepha Mohra w Mariapfarru \u00a9 Salzburgerland Tourismus"},{"@type":"BreadcrumbList","@id":"https:\/\/www.salzburgerland.com\/pl\/cicha-noc-muzeum-mariapfarr\/#breadcrumb","itemListElement":[{"@type":"ListItem","position":1,"name":"Bilet do Muze\u00f3w Cichej Nocy","item":"https:\/\/www.salzburgerland.com\/pl\/cicha-noc-bilet-do-muzeow\/"},{"@type":"ListItem","position":2,"name":"Muzeum Cichej Nocy i Pilegrzymek w Mariapfarr"}]},{"@type":"WebSite","@id":"https:\/\/www.salzburgerland.com\/pl\/#website","url":"https:\/\/www.salzburgerland.com\/pl\/","name":"SalzburgerLand.com","description":"Urlop Salzburg : hotele : turystyka Ziemia Salzburska : kultura : rodzinny urlop Ziemia Salzburska : informacja turystyczna : noclegi Austria : aktywny wypoczynek","potentialAction":[{"@type":"SearchAction","target":{"@type":"EntryPoint","urlTemplate":"https:\/\/www.salzburgerland.com\/pl\/?s={search_term_string}"},"query-input":{"@type":"PropertyValueSpecification","valueRequired":true,"valueName":"search_term_string"}}],"inLanguage":"pl-PL"},{"@type":"Person","@id":"https:\/\/www.salzburgerland.com\/pl\/#\/schema\/person\/c10420e9897d4ca984317db556f04804","name":"Izabela Gartner","image":{"@type":"ImageObject","inLanguage":"pl-PL","@id":"https:\/\/secure.gravatar.com\/avatar\/062a6263a145aaa718f0b029a735b6557e456ff63f9e65056a4352d3c0a06e4d?s=96&d=mm&r=g","url":"https:\/\/secure.gravatar.com\/avatar\/062a6263a145aaa718f0b029a735b6557e456ff63f9e65056a4352d3c0a06e4d?s=96&d=mm&r=g","contentUrl":"https:\/\/secure.gravatar.com\/avatar\/062a6263a145aaa718f0b029a735b6557e456ff63f9e65056a4352d3c0a06e4d?s=96&d=mm&r=g","caption":"Izabela Gartner"}}]}},"_wl_alt_label":[],"wl:entity_url":"http:\/\/open.salzburgerland.com\/pl\/post\/muzeum-cichej-nocy-i-pilegrzymek-w-mariapfarr-17337","_links":{"self":[{"href":"https:\/\/www.salzburgerland.com\/pl\/wp-json\/wp\/v2\/posts\/17337","targetHints":{"allow":["GET"]}}],"collection":[{"href":"https:\/\/www.salzburgerland.com\/pl\/wp-json\/wp\/v2\/posts"}],"about":[{"href":"https:\/\/www.salzburgerland.com\/pl\/wp-json\/wp\/v2\/types\/post"}],"author":[{"embeddable":true,"href":"https:\/\/www.salzburgerland.com\/pl\/wp-json\/wp\/v2\/users\/4"}],"replies":[{"embeddable":true,"href":"https:\/\/www.salzburgerland.com\/pl\/wp-json\/wp\/v2\/comments?post=17337"}],"version-history":[{"count":5,"href":"https:\/\/www.salzburgerland.com\/pl\/wp-json\/wp\/v2\/posts\/17337\/revisions"}],"predecessor-version":[{"id":19170,"href":"https:\/\/www.salzburgerland.com\/pl\/wp-json\/wp\/v2\/posts\/17337\/revisions\/19170"}],"wp:featuredmedia":[{"embeddable":true,"href":"https:\/\/www.salzburgerland.com\/pl\/wp-json\/wp\/v2\/media\/17107"}],"wp:attachment":[{"href":"https:\/\/www.salzburgerland.com\/pl\/wp-json\/wp\/v2\/media?parent=17337"}],"wp:term":[{"taxonomy":"category","embeddable":true,"href":"https:\/\/www.salzburgerland.com\/pl\/wp-json\/wp\/v2\/categories?post=17337"},{"taxonomy":"post_tag","embeddable":true,"href":"https:\/\/www.salzburgerland.com\/pl\/wp-json\/wp\/v2\/tags?post=17337"},{"taxonomy":"wl_entity_type","embeddable":true,"href":"https:\/\/www.salzburgerland.com\/pl\/wp-json\/wp\/v2\/wl_entity_type?post=17337"}],"curies":[{"name":"wp","href":"https:\/\/api.w.org\/{rel}","templated":true}]}}