{"id":17165,"date":"2022-12-22T23:40:46","date_gmt":"2022-12-22T22:40:46","guid":{"rendered":"https:\/\/www.salzburgerland.com\/pl\/?p=17165"},"modified":"2022-12-23T23:51:52","modified_gmt":"2022-12-23T22:51:52","slug":"cicha-noc-miejscowosci-achensee","status":"publish","type":"post","link":"https:\/\/www.salzburgerland.com\/pl\/cicha-noc-miejscowosci-achensee\/","title":{"rendered":"Achensee"},"content":{"rendered":"<p>Ludwig Rainer (1821 \u2013 1893) by\u0142 nie\u015blubnym synem Marii Rainer z F\u00fcgen (z pierwszego pokolenia Rainer\u00f3w). Podczas gdy jego matka koncertowa\u0142a po Europie, ma\u0142y Ludwig zostawiany by\u0142 z opiekunk\u0105 w Zell. \u00a0Zami\u0142owanie do muzyki, jak i \u017cy\u0142k\u0119 do interes\u00f3w rodzina Pra-Rainer\u00f3w w\u0142o\u017cy\u0142a swojej latoro\u015bli, jak si\u0119 wydaje, do kolebki. W roku 1838 za\u0142o\u017cy\u0142 on Kwartet Rainer\u00f3w i tym samym po\u0142o\u017cy\u0142 kamie\u0144 w\u0119gielny pod drugie pokolenie muzyczne rodziny. W wieku zaledwie 18 lat wyruszy\u0142 wraz z Helen\u0105 Rainer, Simonem Holaus i Margaret\u0105 Sprenger (p\u00f3\u017aniejsz\u0105 \u017con\u0105 Ludwiga) z Zillertalu do Ameryki. Zamorska podr\u00f3\u017c do Nowego Jorku trwa\u0142a 28 dni i przetrwa\u0142a 10 sztorm\u00f3w. Po niej nast\u0105pi\u0142o wieloletnie tournee popularnej \u201eRainer Family\u201c, kt\u00f3re zawiod\u0142o grup\u0119 do Nowego Orleanu, St. Louis, Pittsburga i Philadelphii.<\/p>\n<h3><strong>\u201eRainer-Family\u201c w Stanach Zjednoczonych<\/strong><\/h3>\n<p>Wed\u0142ug najnowszych bada\u0144 \u201eRainer Family\u201c pod kierownictwem artystycznym Ludwiga Rainera przesz\u0142a na zlecenie ameryka\u0144skiego biznesmena o nieznanym dzi\u015b pochodzeniu, profesjonalny casting. Pie\u015bniarze z doliny Zillertal osi\u0105gali olbrzymie sukcesy i stali si\u0119 wzorem dla Minstrel Show, rodzaju kabaretu muzycznego, a tak\u017ce czterog\u0142osowego \u015bpiewu <em>barbershop a capella<\/em>. Rainerowie przyczynili si\u0119 w znacznym stopniu do popularyzacji jod\u0142owania w ameryka\u0144skiej muzyce rozrywkowej. Dzisiaj uchodz\u0105 za za\u0142o\u017cycieli nurtu popularnych do dzi\u015b szlagier\u00f3w ludowych, kt\u00f3re zr\u0119cznie \u0142\u0105cz\u0105 interesy muzyczne i komercylne. W maju 1843 roku wr\u00f3cili z Ameryki do swojej ojczyzny.<\/p>\n<h3><strong>Dziesi\u0119\u0107 lat w Rosji<\/strong><\/h3>\n<p>Zach\u0119cony sukcesami ameryka\u0144skimi, Ludwig Rainer za\u0142o\u017cy\u0142 w 1851 roku \u201eRainer Gesellschaft\u201c, towarzystwo muzyczne licz\u0105ce ok. 15 \u015bpiewak\u00f3w, kt\u00f3rzy wyst\u0119powali na niemal wszystkich dworach europejskich. Trasy koncertowe zawiod\u0142y ich do Anglii, Szkocji i Irlandii, do W\u0142och, Francji, Danii, Szwecji i Norwegii. W 1858 roku przyjechali do Rosji, gdzie pozostali dziesi\u0119\u0107 lat. Pi\u0119\u0107 razy powracali w swoje rodzinne strony, ale te wizyty s\u0142u\u017cy\u0142y jedynie werbowaniu nowych cz\u0142onk\u00f3w zespo\u0142u. W 1865 roku Ludwig Rainer \u015bwi\u0119towa\u0142 nawet w St. Petersburgu wesele \u2013 z dziewczyn\u0105 z Zillertalu. \u201eCicha noc\u201c by\u0142a zawsze cz\u0119\u015bci\u0105 repertuaru zespo\u0142u Rainer\u00f3w.<\/p>\n<h3><strong>Nowa ojczyzna nad Achensee<\/strong><\/h3>\n<p>Kiedy Ludwig Rainer wr\u00f3ci\u0142 w 1868 roku w wieku 47 lat do Tyrolu, by\u0142 zamo\u017cnym cz\u0142owiekiem. Cz\u0119\u015b\u0107 swojego maj\u0105tku przeznaczy\u0142 na budow\u0119 Hotelu Seehof w Achenkirch nad jeziorem Achensee, otwartego w \u00a01870 roku. Luksusowy hotel \u2013 wyposa\u017cony we wszelki komfort \u2013 przyci\u0105ga\u0142 go\u015bci z ca\u0142ego \u015bwiata i sta\u0142 si\u0119 te\u017c now\u0105 ojczyn\u0105 Ludwiga Rainera. Dzi\u0119ki wyst\u0119pom tyrolskich pie\u015bniarzy ludowych, kt\u00f3re by\u0142y \u015bwietn\u0105 reklam\u0105 dla regionu, turystyka w tyrolskich dolinach prze\u017cy\u0142a wspania\u0142y rozkwit.<\/p>\n<p>Ludwig Rainer zmar\u0142 niespodziewanie 15 maja 1893 roku w Bad Kreuth nad jeziorem Tegernsee, w drodze powrotnej z Monachium do domu. Mia\u0142 72 lata. Hotel zmienia\u0142 na przestrzeni dziesi\u0119cioleci wielokrotnie w\u0142a\u015bcicieli i zosta\u0142 wreszcie, po wielkim po\u017carze, rozebrany.<\/p>\n<div id=\"attachment_17170\" style=\"width: 1180px\" class=\"wp-caption alignnone\"><img decoding=\"async\" aria-describedby=\"caption-attachment-17170\" class=\"wp-image-17170 size-1170_658\" src=\"https:\/\/cdn.salzburgerland.com\/pl\/wp-content\/uploads\/2022\/12\/c-tirol-werbung-gmbh-kleidertruhe-von-ludwig-rainer-sixenhof-achensee-1170x658.jpg\" alt=\"\" width=\"1170\" height=\"658\" srcset=\"https:\/\/www.salzburgerland.com\/pl\/wp-content\/uploads\/2022\/12\/c-tirol-werbung-gmbh-kleidertruhe-von-ludwig-rainer-sixenhof-achensee-1170x658.jpg 1170w, https:\/\/www.salzburgerland.com\/pl\/wp-content\/uploads\/2022\/12\/c-tirol-werbung-gmbh-kleidertruhe-von-ludwig-rainer-sixenhof-achensee-1200x675.jpg 1200w\" sizes=\"(max-width: 1170px) 100vw, 1170px\"><p id=\"caption-attachment-17170\" class=\"wp-caption-text\">Muzeum Cichej Nocy w Achenkirch nad Achensee \u00a9 Tirol Werbung GmbH<\/p><\/div>\n<h3><strong>\u015a<\/strong><strong>ladami \u201eCichej nocy\u201c w regionie Achensee:<\/strong><\/h3>\n<ul>\n<li>W poszukiwaniu \u015blad\u00f3w kol\u0119dy \u201eCicha noc\u201c nad jeziorem Achensee warto jest odwiedzi\u0107 muzeum regionalne Sixenhof, prezentuj\u0105ce w ciekawy spos\u00f3b histori\u0119 s\u0142ynnej rodziny Rainer\u00f3w i ich zwi\u0105zek z najpopularniejsz\u0105 kol\u0119d\u0105 \u015bwiata. Franz L\u00fcckemeyer i Franz Waldhart, pedagodzy muzealni, oprowadzaj\u0105 po muzeum i odpowiadaj\u0105 na wszelkie pytania. W Sixenhof wystawiona jest skrzynia na ubrania Ludwiga Rainera, kt\u00f3r\u0105 zabiera\u0142 ze sob\u0105 w podr\u00f3\u017ce. Cz\u0119\u015b\u0107 ekspozycji w muzeum po\u015bwi\u0119cona jest s\u0142ynnemu pie\u015bniarzowi ludowemu, Ludwigowi Rainerowi oraz rozpowszechnieniu kol\u0119dy \u201eCicha noc\u201d na \u015bwiecie.<\/li>\n<li>W pobli\u017cu przystani w pobli\u017cu nieistniej\u0105cego hotelu Achenseehof w Achenkirch stoi do dzisiaj <strong>kapliczka<\/strong>, wybudowana przez Ludwiga Rainera. Wn\u0119trze kaplicy, znajduj\u0105cej si\u0119 w r\u0119kach prywatnych, urz\u0105dzone jest w stylu neogotyckim.<\/li>\n<li>Jezioro Achensee le\u017cy mi\u0119dzy pasmami Karwendel i Rofangebirge. Najwi\u0119ksze jezioro w Tyrolu osi\u0105ga latem temperatur\u0119 k\u0105pielow\u0105, a zim\u0105 oferuje mo\u017cliwo\u015b\u0107 rejs\u00f3w adwentowych i \u015bwi\u0105tecznych, i nastrojow\u0105 sceneri\u0119 dla d\u0142ugich zimowych spacer\u00f3w. Taki w\u0142a\u015bnie przyjemny spacer po miejscowo\u015bci i nad jeziorem, <strong>mo\u017cliwy tak\u017ce w okresie zimowym, <\/strong>bierze pocz\u0105tek przed ko\u015bcio\u0142em w Achenkirch. Na cmentarzu znajduje si\u0119 gr\u00f3b Ludwiga Rainera (1821\u20131893). Droga prowadzi w g\u00f3r\u0119 do widocznego z daleka ko\u015bci\u00f3\u0142ka \u015bw. Anny, przed nim zakr\u0119ca w lewo. Dalej kierujemy si\u0119 zgodnie z oznakowaniem \u201eZum See\u201c. Szlak biegnie wysok\u0105 ulic\u0105 przez osiedle <em>Fichtersiedlung<\/em>, szlakiem <em>Karwendelweg<\/em> i dobiega do parkingu przed stacj\u0105 Hochalmlifte Christlum. Stamt\u0105d biegnie do le\u017c\u0105cego u g\u00f3ry po lewej stronie hotelu \u201eDas Kronthaler\u201c, a nast\u0119pnie w d\u00f3\u0142 ko\u0142o Appartement Waldhaus do Schrambacherhof. Drogami przez \u0142\u0105ki docieramy do p\u00f3\u0142nocnego brzegu jeziora. Wracamy szlakiem <em>Panoramaweg<\/em>.<\/li>\n<li><strong>Ostatnie miejsce spoczynku<\/strong> Ludwiga Rainera znajduje si\u0119 na cmentarzu w Achenkirch. Na jego nagrobku widnieje napis \u201eAusgelitten, ausgerungen, viel gereist und viel gesungen.\u201c (Wycierpia\u0142, wywalczy\u0142, wiele podr\u00f3\u017cowa\u0142 i wiele \u015bpiewa\u0142)<\/li>\n<\/ul>\n<div id=\"attachment_17171\" style=\"width: 1180px\" class=\"wp-caption alignnone\"><img decoding=\"async\" aria-describedby=\"caption-attachment-17171\" class=\"size-1170_658 wp-image-17171\" src=\"https:\/\/cdn.salzburgerland.com\/pl\/wp-content\/uploads\/2022\/12\/c-tirol-werbung-gmbh-seehofkapelle-achensee-1170x658.jpg\" alt=\"\" width=\"1170\" height=\"658\" srcset=\"https:\/\/www.salzburgerland.com\/pl\/wp-content\/uploads\/2022\/12\/c-tirol-werbung-gmbh-seehofkapelle-achensee-1170x658.jpg 1170w, https:\/\/www.salzburgerland.com\/pl\/wp-content\/uploads\/2022\/12\/c-tirol-werbung-gmbh-seehofkapelle-achensee-1200x675.jpg 1200w\" sizes=\"(max-width: 1170px) 100vw, 1170px\"><p id=\"caption-attachment-17171\" class=\"wp-caption-text\">Kapliczka na Szlaku Cichej Nocy nad Achensee \u00a9 Tirol Werbung GmbH<\/p><\/div>\n","protected":false},"excerpt":{"rendered":"<p>Ludwig Rainer (1821 \u2013 1893) by\u0142 nie\u015blubnym synem Marii Rainer z F\u00fcgen (z pierwszego pokolenia Rainer\u00f3w). Podczas gdy jego matka koncertowa\u0142a po Europie, ma\u0142y Ludwig zostawiany by\u0142 z opiekunk\u0105 w Zell. \u00a0Zami\u0142owanie do muzyki, jak i \u017cy\u0142k\u0119 do interes\u00f3w rodzina Pra-Rainer\u00f3w w\u0142o\u017cy\u0142a swojej latoro\u015bli, jak si\u0119 wydaje, do kolebki. W roku 1838 za\u0142o\u017cy\u0142 on Kwartet [&hellip;]<\/p>\n","protected":false},"author":4,"featured_media":17168,"comment_status":"closed","ping_status":"closed","sticky":false,"template":"","format":"standard","meta":{"_acf_changed":false,"wl_entities_gutenberg":"","_relevanssi_hide_post":"","_relevanssi_hide_content":"","_relevanssi_pin_for_all":"","_relevanssi_pin_keywords":"","_relevanssi_unpin_keywords":"","_relevanssi_related_keywords":"","_relevanssi_related_include_ids":"","_relevanssi_related_exclude_ids":"","_relevanssi_related_no_append":"","_relevanssi_related_not_related":"","_relevanssi_related_posts":"","_relevanssi_noindex_reason":"","footnotes":""},"categories":[1],"tags":[],"wl_entity_type":[300],"class_list":["post-17165","post","type-post","status-publish","format-standard","has-post-thumbnail","hentry","category-uncategorized","wl_entity_type-article"],"acf":[],"yoast_head":"<!-- This site is optimized with the Yoast SEO Premium plugin v27.4 (Yoast SEO v27.4) - https:\/\/yoast.com\/product\/yoast-seo-premium-wordpress\/ -->\n<title>Cicha Noc Achensee \u00bb Towarzystwo muzyczne Ludwiga Rainera<\/title>\n<meta name=\"description\" content=\"Ludwig Rainer, za\u0142o\u017cyciel grup muzycznych, kt\u00f3re wykona\u0142y &quot;Cich\u0105 noc&quot; na wielu dworach europejskich, zamieszka\u0142 w Achenkirch nad Achensee.\" \/>\n<meta name=\"robots\" content=\"index, follow, max-snippet:-1, max-image-preview:large, max-video-preview:-1\" \/>\n<link rel=\"canonical\" href=\"https:\/\/www.salzburgerland.com\/pl\/cicha-noc-miejscowosci-achensee\/\" \/>\n<meta property=\"og:locale\" content=\"pl_PL\" \/>\n<meta property=\"og:type\" content=\"article\" \/>\n<meta property=\"og:title\" content=\"Achensee\" \/>\n<meta property=\"og:description\" content=\"Ludwig Rainer (1821 \u2013 1893) by\u0142 nie\u015blubnym synem Marii Rainer z F\u00fcgen (z pierwszego pokolenia Rainer\u00f3w). Podczas gdy jego matka koncertowa\u0142a po Europie,\" \/>\n<meta property=\"og:url\" content=\"https:\/\/www.salzburgerland.com\/pl\/cicha-noc-miejscowosci-achensee\/\" \/>\n<meta property=\"og:site_name\" content=\"SalzburgerLand.com\" \/>\n<meta property=\"article:publisher\" content=\"https:\/\/www.facebook.com\/visitsalzburgerland\/\" \/>\n<meta property=\"article:published_time\" content=\"2022-12-22T22:40:46+00:00\" \/>\n<meta property=\"article:modified_time\" content=\"2022-12-23T22:51:52+00:00\" \/>\n<meta property=\"og:image\" content=\"https:\/\/www.salzburgerland.com\/pl\/wp-content\/uploads\/2022\/12\/c-stille-nacht-tirol-werbung-gmbh-heimatmuseum-sixenhof-am-achensee-1920x840-jpg-pagespeed-ce_-bfcdfafx5b-1200x675.jpg\" \/>\n\t<meta property=\"og:image:width\" content=\"1200\" \/>\n\t<meta property=\"og:image:height\" content=\"675\" \/>\n\t<meta property=\"og:image:type\" content=\"image\/jpeg\" \/>\n<meta name=\"author\" content=\"Izabela Gartner\" \/>\n<meta name=\"twitter:card\" content=\"summary_large_image\" \/>\n<meta name=\"twitter:creator\" content=\"@salzburgerland\" \/>\n<meta name=\"twitter:site\" content=\"@salzburgerland\" \/>\n<meta name=\"twitter:label1\" content=\"Napisane przez\" \/>\n\t<meta name=\"twitter:data1\" content=\"Izabela Gartner\" \/>\n\t<meta name=\"twitter:label2\" content=\"Szacowany czas czytania\" \/>\n\t<meta name=\"twitter:data2\" content=\"5 minut\" \/>\n<script type=\"application\/ld+json\" class=\"yoast-schema-graph\">{\"@context\":\"https:\\\/\\\/schema.org\",\"@graph\":[{\"@type\":\"Article\",\"@id\":\"https:\\\/\\\/www.salzburgerland.com\\\/pl\\\/cicha-noc-miejscowosci-achensee\\\/#article\",\"isPartOf\":{\"@id\":\"https:\\\/\\\/www.salzburgerland.com\\\/pl\\\/cicha-noc-miejscowosci-achensee\\\/\"},\"author\":{\"name\":\"Izabela Gartner\",\"@id\":\"https:\\\/\\\/www.salzburgerland.com\\\/pl\\\/#\\\/schema\\\/person\\\/c10420e9897d4ca984317db556f04804\"},\"headline\":\"Achensee\",\"datePublished\":\"2022-12-22T22:40:46+00:00\",\"dateModified\":\"2022-12-23T22:51:52+00:00\",\"mainEntityOfPage\":{\"@id\":\"https:\\\/\\\/www.salzburgerland.com\\\/pl\\\/cicha-noc-miejscowosci-achensee\\\/\"},\"wordCount\":842,\"image\":{\"@id\":\"https:\\\/\\\/www.salzburgerland.com\\\/pl\\\/cicha-noc-miejscowosci-achensee\\\/#primaryimage\"},\"thumbnailUrl\":\"https:\\\/\\\/www.salzburgerland.com\\\/pl\\\/wp-content\\\/uploads\\\/2022\\\/12\\\/c-stille-nacht-tirol-werbung-gmbh-heimatmuseum-sixenhof-am-achensee-1920x840-jpg-pagespeed-ce_-bfcdfafx5b.jpg\",\"articleSection\":[\"Uncategorized\"],\"inLanguage\":\"pl-PL\"},{\"@type\":\"WebPage\",\"@id\":\"https:\\\/\\\/www.salzburgerland.com\\\/pl\\\/cicha-noc-miejscowosci-achensee\\\/\",\"url\":\"https:\\\/\\\/www.salzburgerland.com\\\/pl\\\/cicha-noc-miejscowosci-achensee\\\/\",\"name\":\"Cicha Noc Achensee \u00bb Towarzystwo muzyczne Ludwiga Rainera\",\"isPartOf\":{\"@id\":\"https:\\\/\\\/www.salzburgerland.com\\\/pl\\\/#website\"},\"primaryImageOfPage\":{\"@id\":\"https:\\\/\\\/www.salzburgerland.com\\\/pl\\\/cicha-noc-miejscowosci-achensee\\\/#primaryimage\"},\"image\":{\"@id\":\"https:\\\/\\\/www.salzburgerland.com\\\/pl\\\/cicha-noc-miejscowosci-achensee\\\/#primaryimage\"},\"thumbnailUrl\":\"https:\\\/\\\/www.salzburgerland.com\\\/pl\\\/wp-content\\\/uploads\\\/2022\\\/12\\\/c-stille-nacht-tirol-werbung-gmbh-heimatmuseum-sixenhof-am-achensee-1920x840-jpg-pagespeed-ce_-bfcdfafx5b.jpg\",\"datePublished\":\"2022-12-22T22:40:46+00:00\",\"dateModified\":\"2022-12-23T22:51:52+00:00\",\"author\":{\"@id\":\"https:\\\/\\\/www.salzburgerland.com\\\/pl\\\/#\\\/schema\\\/person\\\/c10420e9897d4ca984317db556f04804\"},\"description\":\"Ludwig Rainer, za\u0142o\u017cyciel grup muzycznych, kt\u00f3re wykona\u0142y \\\"Cich\u0105 noc\\\" na wielu dworach europejskich, zamieszka\u0142 w Achenkirch nad Achensee.\",\"breadcrumb\":{\"@id\":\"https:\\\/\\\/www.salzburgerland.com\\\/pl\\\/cicha-noc-miejscowosci-achensee\\\/#breadcrumb\"},\"inLanguage\":\"pl-PL\",\"potentialAction\":[{\"@type\":\"ReadAction\",\"target\":[\"https:\\\/\\\/www.salzburgerland.com\\\/pl\\\/cicha-noc-miejscowosci-achensee\\\/\"]}]},{\"@type\":\"ImageObject\",\"inLanguage\":\"pl-PL\",\"@id\":\"https:\\\/\\\/www.salzburgerland.com\\\/pl\\\/cicha-noc-miejscowosci-achensee\\\/#primaryimage\",\"url\":\"https:\\\/\\\/www.salzburgerland.com\\\/pl\\\/wp-content\\\/uploads\\\/2022\\\/12\\\/c-stille-nacht-tirol-werbung-gmbh-heimatmuseum-sixenhof-am-achensee-1920x840-jpg-pagespeed-ce_-bfcdfafx5b.jpg\",\"contentUrl\":\"https:\\\/\\\/www.salzburgerland.com\\\/pl\\\/wp-content\\\/uploads\\\/2022\\\/12\\\/c-stille-nacht-tirol-werbung-gmbh-heimatmuseum-sixenhof-am-achensee-1920x840-jpg-pagespeed-ce_-bfcdfafx5b.jpg\",\"width\":1920,\"height\":840,\"caption\":\"Muzeum Regionalne w zabytkowym gospodarstwie Sixenhof nad Achensee \u00a9 Tirol Werbung GmbH\"},{\"@type\":\"BreadcrumbList\",\"@id\":\"https:\\\/\\\/www.salzburgerland.com\\\/pl\\\/cicha-noc-miejscowosci-achensee\\\/#breadcrumb\",\"itemListElement\":[{\"@type\":\"ListItem\",\"position\":1,\"name\":\"Kol\u0119da Cicha Noc\",\"item\":\"https:\\\/\\\/www.salzburgerland.com\\\/pl\\\/cicha-noc\\\/\"},{\"@type\":\"ListItem\",\"position\":2,\"name\":\"Achensee\"}]},{\"@type\":\"WebSite\",\"@id\":\"https:\\\/\\\/www.salzburgerland.com\\\/pl\\\/#website\",\"url\":\"https:\\\/\\\/www.salzburgerland.com\\\/pl\\\/\",\"name\":\"SalzburgerLand.com\",\"description\":\"Urlop Salzburg : hotele : turystyka Ziemia Salzburska : kultura : rodzinny urlop Ziemia Salzburska : informacja turystyczna : noclegi Austria : aktywny wypoczynek\",\"potentialAction\":[{\"@type\":\"SearchAction\",\"target\":{\"@type\":\"EntryPoint\",\"urlTemplate\":\"https:\\\/\\\/www.salzburgerland.com\\\/pl\\\/?s={search_term_string}\"},\"query-input\":{\"@type\":\"PropertyValueSpecification\",\"valueRequired\":true,\"valueName\":\"search_term_string\"}}],\"inLanguage\":\"pl-PL\"},{\"@type\":\"Person\",\"@id\":\"https:\\\/\\\/www.salzburgerland.com\\\/pl\\\/#\\\/schema\\\/person\\\/c10420e9897d4ca984317db556f04804\",\"name\":\"Izabela Gartner\",\"image\":{\"@type\":\"ImageObject\",\"inLanguage\":\"pl-PL\",\"@id\":\"https:\\\/\\\/secure.gravatar.com\\\/avatar\\\/062a6263a145aaa718f0b029a735b6557e456ff63f9e65056a4352d3c0a06e4d?s=96&d=mm&r=g\",\"url\":\"https:\\\/\\\/secure.gravatar.com\\\/avatar\\\/062a6263a145aaa718f0b029a735b6557e456ff63f9e65056a4352d3c0a06e4d?s=96&d=mm&r=g\",\"contentUrl\":\"https:\\\/\\\/secure.gravatar.com\\\/avatar\\\/062a6263a145aaa718f0b029a735b6557e456ff63f9e65056a4352d3c0a06e4d?s=96&d=mm&r=g\",\"caption\":\"Izabela Gartner\"}}]}<\/script>\n<!-- \/ Yoast SEO Premium plugin. -->","yoast_head_json":{"title":"Cicha Noc Achensee \u00bb Towarzystwo muzyczne Ludwiga Rainera","description":"Ludwig Rainer, za\u0142o\u017cyciel grup muzycznych, kt\u00f3re wykona\u0142y \"Cich\u0105 noc\" na wielu dworach europejskich, zamieszka\u0142 w Achenkirch nad Achensee.","robots":{"index":"index","follow":"follow","max-snippet":"max-snippet:-1","max-image-preview":"max-image-preview:large","max-video-preview":"max-video-preview:-1"},"canonical":"https:\/\/www.salzburgerland.com\/pl\/cicha-noc-miejscowosci-achensee\/","og_locale":"pl_PL","og_type":"article","og_title":"Achensee","og_description":"Ludwig Rainer (1821 \u2013 1893) by\u0142 nie\u015blubnym synem Marii Rainer z F\u00fcgen (z pierwszego pokolenia Rainer\u00f3w). Podczas gdy jego matka koncertowa\u0142a po Europie,","og_url":"https:\/\/www.salzburgerland.com\/pl\/cicha-noc-miejscowosci-achensee\/","og_site_name":"SalzburgerLand.com","article_publisher":"https:\/\/www.facebook.com\/visitsalzburgerland\/","article_published_time":"2022-12-22T22:40:46+00:00","article_modified_time":"2022-12-23T22:51:52+00:00","og_image":[{"width":1200,"height":675,"url":"https:\/\/www.salzburgerland.com\/pl\/wp-content\/uploads\/2022\/12\/c-stille-nacht-tirol-werbung-gmbh-heimatmuseum-sixenhof-am-achensee-1920x840-jpg-pagespeed-ce_-bfcdfafx5b-1200x675.jpg","type":"image\/jpeg"}],"author":"Izabela Gartner","twitter_card":"summary_large_image","twitter_creator":"@salzburgerland","twitter_site":"@salzburgerland","twitter_misc":{"Napisane przez":"Izabela Gartner","Szacowany czas czytania":"5 minut"},"schema":{"@context":"https:\/\/schema.org","@graph":[{"@type":"Article","@id":"https:\/\/www.salzburgerland.com\/pl\/cicha-noc-miejscowosci-achensee\/#article","isPartOf":{"@id":"https:\/\/www.salzburgerland.com\/pl\/cicha-noc-miejscowosci-achensee\/"},"author":{"name":"Izabela Gartner","@id":"https:\/\/www.salzburgerland.com\/pl\/#\/schema\/person\/c10420e9897d4ca984317db556f04804"},"headline":"Achensee","datePublished":"2022-12-22T22:40:46+00:00","dateModified":"2022-12-23T22:51:52+00:00","mainEntityOfPage":{"@id":"https:\/\/www.salzburgerland.com\/pl\/cicha-noc-miejscowosci-achensee\/"},"wordCount":842,"image":{"@id":"https:\/\/www.salzburgerland.com\/pl\/cicha-noc-miejscowosci-achensee\/#primaryimage"},"thumbnailUrl":"https:\/\/www.salzburgerland.com\/pl\/wp-content\/uploads\/2022\/12\/c-stille-nacht-tirol-werbung-gmbh-heimatmuseum-sixenhof-am-achensee-1920x840-jpg-pagespeed-ce_-bfcdfafx5b.jpg","articleSection":["Uncategorized"],"inLanguage":"pl-PL"},{"@type":"WebPage","@id":"https:\/\/www.salzburgerland.com\/pl\/cicha-noc-miejscowosci-achensee\/","url":"https:\/\/www.salzburgerland.com\/pl\/cicha-noc-miejscowosci-achensee\/","name":"Cicha Noc Achensee \u00bb Towarzystwo muzyczne Ludwiga Rainera","isPartOf":{"@id":"https:\/\/www.salzburgerland.com\/pl\/#website"},"primaryImageOfPage":{"@id":"https:\/\/www.salzburgerland.com\/pl\/cicha-noc-miejscowosci-achensee\/#primaryimage"},"image":{"@id":"https:\/\/www.salzburgerland.com\/pl\/cicha-noc-miejscowosci-achensee\/#primaryimage"},"thumbnailUrl":"https:\/\/www.salzburgerland.com\/pl\/wp-content\/uploads\/2022\/12\/c-stille-nacht-tirol-werbung-gmbh-heimatmuseum-sixenhof-am-achensee-1920x840-jpg-pagespeed-ce_-bfcdfafx5b.jpg","datePublished":"2022-12-22T22:40:46+00:00","dateModified":"2022-12-23T22:51:52+00:00","author":{"@id":"https:\/\/www.salzburgerland.com\/pl\/#\/schema\/person\/c10420e9897d4ca984317db556f04804"},"description":"Ludwig Rainer, za\u0142o\u017cyciel grup muzycznych, kt\u00f3re wykona\u0142y \"Cich\u0105 noc\" na wielu dworach europejskich, zamieszka\u0142 w Achenkirch nad Achensee.","breadcrumb":{"@id":"https:\/\/www.salzburgerland.com\/pl\/cicha-noc-miejscowosci-achensee\/#breadcrumb"},"inLanguage":"pl-PL","potentialAction":[{"@type":"ReadAction","target":["https:\/\/www.salzburgerland.com\/pl\/cicha-noc-miejscowosci-achensee\/"]}]},{"@type":"ImageObject","inLanguage":"pl-PL","@id":"https:\/\/www.salzburgerland.com\/pl\/cicha-noc-miejscowosci-achensee\/#primaryimage","url":"https:\/\/www.salzburgerland.com\/pl\/wp-content\/uploads\/2022\/12\/c-stille-nacht-tirol-werbung-gmbh-heimatmuseum-sixenhof-am-achensee-1920x840-jpg-pagespeed-ce_-bfcdfafx5b.jpg","contentUrl":"https:\/\/www.salzburgerland.com\/pl\/wp-content\/uploads\/2022\/12\/c-stille-nacht-tirol-werbung-gmbh-heimatmuseum-sixenhof-am-achensee-1920x840-jpg-pagespeed-ce_-bfcdfafx5b.jpg","width":1920,"height":840,"caption":"Muzeum Regionalne w zabytkowym gospodarstwie Sixenhof nad Achensee \u00a9 Tirol Werbung GmbH"},{"@type":"BreadcrumbList","@id":"https:\/\/www.salzburgerland.com\/pl\/cicha-noc-miejscowosci-achensee\/#breadcrumb","itemListElement":[{"@type":"ListItem","position":1,"name":"Kol\u0119da Cicha Noc","item":"https:\/\/www.salzburgerland.com\/pl\/cicha-noc\/"},{"@type":"ListItem","position":2,"name":"Achensee"}]},{"@type":"WebSite","@id":"https:\/\/www.salzburgerland.com\/pl\/#website","url":"https:\/\/www.salzburgerland.com\/pl\/","name":"SalzburgerLand.com","description":"Urlop Salzburg : hotele : turystyka Ziemia Salzburska : kultura : rodzinny urlop Ziemia Salzburska : informacja turystyczna : noclegi Austria : aktywny wypoczynek","potentialAction":[{"@type":"SearchAction","target":{"@type":"EntryPoint","urlTemplate":"https:\/\/www.salzburgerland.com\/pl\/?s={search_term_string}"},"query-input":{"@type":"PropertyValueSpecification","valueRequired":true,"valueName":"search_term_string"}}],"inLanguage":"pl-PL"},{"@type":"Person","@id":"https:\/\/www.salzburgerland.com\/pl\/#\/schema\/person\/c10420e9897d4ca984317db556f04804","name":"Izabela Gartner","image":{"@type":"ImageObject","inLanguage":"pl-PL","@id":"https:\/\/secure.gravatar.com\/avatar\/062a6263a145aaa718f0b029a735b6557e456ff63f9e65056a4352d3c0a06e4d?s=96&d=mm&r=g","url":"https:\/\/secure.gravatar.com\/avatar\/062a6263a145aaa718f0b029a735b6557e456ff63f9e65056a4352d3c0a06e4d?s=96&d=mm&r=g","contentUrl":"https:\/\/secure.gravatar.com\/avatar\/062a6263a145aaa718f0b029a735b6557e456ff63f9e65056a4352d3c0a06e4d?s=96&d=mm&r=g","caption":"Izabela Gartner"}}]}},"_wl_alt_label":[],"wl:entity_url":"http:\/\/open.salzburgerland.com\/pl\/post\/achensee-17165","_links":{"self":[{"href":"https:\/\/www.salzburgerland.com\/pl\/wp-json\/wp\/v2\/posts\/17165","targetHints":{"allow":["GET"]}}],"collection":[{"href":"https:\/\/www.salzburgerland.com\/pl\/wp-json\/wp\/v2\/posts"}],"about":[{"href":"https:\/\/www.salzburgerland.com\/pl\/wp-json\/wp\/v2\/types\/post"}],"author":[{"embeddable":true,"href":"https:\/\/www.salzburgerland.com\/pl\/wp-json\/wp\/v2\/users\/4"}],"replies":[{"embeddable":true,"href":"https:\/\/www.salzburgerland.com\/pl\/wp-json\/wp\/v2\/comments?post=17165"}],"version-history":[{"count":5,"href":"https:\/\/www.salzburgerland.com\/pl\/wp-json\/wp\/v2\/posts\/17165\/revisions"}],"predecessor-version":[{"id":17177,"href":"https:\/\/www.salzburgerland.com\/pl\/wp-json\/wp\/v2\/posts\/17165\/revisions\/17177"}],"wp:featuredmedia":[{"embeddable":true,"href":"https:\/\/www.salzburgerland.com\/pl\/wp-json\/wp\/v2\/media\/17168"}],"wp:attachment":[{"href":"https:\/\/www.salzburgerland.com\/pl\/wp-json\/wp\/v2\/media?parent=17165"}],"wp:term":[{"taxonomy":"category","embeddable":true,"href":"https:\/\/www.salzburgerland.com\/pl\/wp-json\/wp\/v2\/categories?post=17165"},{"taxonomy":"post_tag","embeddable":true,"href":"https:\/\/www.salzburgerland.com\/pl\/wp-json\/wp\/v2\/tags?post=17165"},{"taxonomy":"wl_entity_type","embeddable":true,"href":"https:\/\/www.salzburgerland.com\/pl\/wp-json\/wp\/v2\/wl_entity_type?post=17165"}],"curies":[{"name":"wp","href":"https:\/\/api.w.org\/{rel}","templated":true}]}}