{"id":17154,"date":"2022-12-22T23:11:20","date_gmt":"2022-12-22T22:11:20","guid":{"rendered":"https:\/\/www.salzburgerland.com\/pl\/?p=17154"},"modified":"2022-12-22T23:13:06","modified_gmt":"2022-12-22T22:13:06","slug":"cicha-noc-miejscowosci-hippach","status":"publish","type":"post","link":"https:\/\/www.salzburgerland.com\/pl\/cicha-noc-miejscowosci-hippach\/","title":{"rendered":"Hippach"},"content":{"rendered":"<p>Salzburg i Zillertal maj\u0105 wiele wsp\u00f3lnego, zar\u00f3wno pod wzgl\u0119dem historycznych, jak i geograficznych. Do roku 1816 wi\u0119ksza cz\u0119\u015b\u0107 d\u0142ugiej na 40 \u00a0kilometr\u00f3w, wy\u017c\u0142obionej przez lodowiec doliny w kszta\u0142cie litery U, nale\u017ca\u0142a do Salzburga. Potem zosta\u0142a przy\u0142\u0105czona do Kraju Koronnego Tyrolu. Rzeka Ziller stanowi po dzi\u015b dzie\u0144 granic\u0119 diecezjaln\u0105 mi\u0119dzy prowincjami ko\u015bcielnymi \u00a0Salzburgiem i Innsbruckiem (wcze\u015bniej Brixen). Przynale\u017cno\u015b\u0107 do diecezji jest wyra\u017anie rozpoznawalna (z wyj\u0105tkiem Strass w Zillertalu i Wiesing w Inntalu) po kolorach wie\u017c ko\u015bcielnych: zielone dachy nale\u017c\u0105 do Archidiecezji Salzburskiej, czerwone do prowincji ko\u015bcielnej Innsbrucku. Kolor zielony pochodzi od miedzi, kt\u00f3r\u0105 bogata diecezja salzburska wykorzystywa\u0142a do pokrywania dach\u00f3w ko\u015bcielnych, podczas kiedy ubo\u017csze biskupstwo Brixen musia\u0142o by\u0107 oszcz\u0119dniejsze i wykorzystywa\u0142o dach\u00f3wk\u0119 ceramiczn\u0105 lub gont modrzewiowy.<\/p>\n<h3><strong>Z Hippach do Lipska <\/strong><\/h3>\n<p>W kolorze ceglanej czerwieni jest r\u00f3wnie\u017c dach ko\u015bcio\u0142a parafialnego w Hippach, z kt\u00f3rego dzielnicy Laimach pochodzi\u0142a <a href=\"https:\/\/www.salzburgerland.com\/pl\/cicha-noc-rainerowie-i-strasserowie\/\" target=\"_blank\" rel=\"noopener\">rodzina Strasser\u00f3w<\/a> z czw\u00f3rk\u0105 rodze\u0144stwa. Ojciec, Lorenz Strasser, by\u0142 ch\u0142opem, kramarzem i r\u0119kawicznikiem, w\u0119druj\u0105cym w okresie mi\u0119dzy adwentem a \u015bwi\u0119tem Matki Boskiej Gromniczej 2 lutego do Lipska i Berlina, by sprzedawa\u0107 na targach i jarmarkach r\u0119kawiczki z koziej sk\u00f3ry i giemzy oraz inne towary. Kiedy wysokog\u00f3rskie pastwiska pokrywa\u0142 \u015bnieg, a gospodarka rolna znajdowa\u0142a si\u0119 w fazie spoczynku, handel towarami by\u0142 powszechnym i niezb\u0119dnym sposobem dodatkowego zarobkowania. Dzieci \u2013 Anna, Josef, Amalie, Caroline i Alexander \u2013 towarzyszy\u0142y ojcu podczas tych zimowych wypraw.<\/p>\n<div id=\"attachment_17156\" style=\"width: 1180px\" class=\"wp-caption alignnone\"><img decoding=\"async\" aria-describedby=\"caption-attachment-17156\" class=\"size-1170_658 wp-image-17156\" src=\"https:\/\/cdn.salzburgerland.com\/pl\/wp-content\/uploads\/2022\/12\/c-tirol-werbung-gmbh-aufgenommen-am-kleinschwendberg-mit-blickrichtung-mayrhofen-1170x658.jpg\" alt=\"\" width=\"1170\" height=\"658\" srcset=\"https:\/\/www.salzburgerland.com\/pl\/wp-content\/uploads\/2022\/12\/c-tirol-werbung-gmbh-aufgenommen-am-kleinschwendberg-mit-blickrichtung-mayrhofen-1170x658.jpg 1170w, https:\/\/www.salzburgerland.com\/pl\/wp-content\/uploads\/2022\/12\/c-tirol-werbung-gmbh-aufgenommen-am-kleinschwendberg-mit-blickrichtung-mayrhofen-1200x675.jpg 1200w\" sizes=\"(max-width: 1170px) 100vw, 1170px\"><p id=\"caption-attachment-17156\" class=\"wp-caption-text\">Widok z g\u00f3ry Kleinschwendberg na Mayrhofen\u00a9 Tirol Werbung GmbH<\/p><\/div>\n<h3><strong>Wczesna wersja kol\u0119dy <\/strong><\/h3>\n<p>W <strong>Bo\u017ce Narodzenie 1831<\/strong> roku ch\u0142opska rodzina z doliny Zillertal mia\u0142a sw\u00f3j kram na Lipskim Jarmarku Zimowym, gdzie opr\u00f3cz sprzedawania rodzimych towar\u00f3w \u015bpiewa\u0142a regionalne kol\u0119dy. By\u0142a w\u015br\u00f3d nich \u201eCicha noc\u201c.<\/p>\n<p>\u201eSkowronki z Zillertalu\u201c, jak ich zwano, ubrane by\u0142y w tradycyjne, tyrolskie stroje ludowe i to w\u0142a\u015bnie robi\u0142o najwi\u0119ksze wra\u017cenie. Moda alpejska i tyrolska cieszy\u0142a si\u0119 w tamtych czasach wielk\u0105 popularno\u015bci\u0105 poza granicami kraju. Do tego zainteresowanie pie\u015bni\u0105 ludow\u0105 ogarn\u0119\u0142o tak\u017ce kr\u0119gi dworskie. Przedsi\u0119biorczy wie\u015bniacy z doliny Zillertal rozpoznali trend i mogli zaspokoi\u0107 t\u0119sknot\u0119 za ludowszczyzn\u0105. Zachwyt odwiedzaj\u0105cych jarmark by\u0142 tak wielki, \u017ce rodze\u0144stwo Strasser\u00f3w zosta\u0142o poproszone tak\u017ce o wyst\u0119p podczas pasterki Lipskiej Wsp\u00f3lnoty Katolickiej. Koncert odby\u0142 si\u0119 w styczniu 1832 \u00a0roku w lipskim Gewandhausie. W Bo\u017ce Narodzenie 1832 roku mia\u0142 miejsce kolejny koncert w Hotelu de Pologne w Lipsku. W okresie od 1832 do 1834 drezde\u0144ski wydawca A. R. Friese opublikowa\u0142 zbi\u00f3r prawdziwych tyrolskich kol\u0119d, w\u015br\u00f3d kt\u00f3rych znalaz\u0142a si\u0119 tak\u017ce \u201eCicha noc\u201d. Sukcesy w Lipsku zach\u0119ci\u0142y rodze\u0144stwo Strasser\u00f3w do podj\u0119cia trasy koncertowej po ca\u0142ych Niemczech, z wyst\u0119pami mi\u0119dzy innymi przed kr\u00f3lem pruskim, Fryderykiem Wilhelmem IV w Berlinie. Ich wzruszaj\u0105ca interpretacja kol\u0119dy zainspirowa\u0142a innych muzyk\u00f3w: po wyst\u0119pach rodzinnego zespo\u0142u Strasser\u00f3w Berli\u0144ski Ch\u00f3r Katedralny wci\u0105gn\u0105\u0142 kol\u0119d\u0119 do swojego repertuaru. Kr\u00f3l Prus, Fryderyk Wilhelm IV okrzykn\u0105\u0142 j\u0105 swoj\u0105 ulubion\u0105 kol\u0119d\u0105. Po przedwczesnej \u015bmierci Amelii Strasser w roku 1835 pozosta\u0142e rodze\u0144stwo zrezygnowa\u0142o z publicznych wyst\u0119p\u00f3w. Kol\u0119da jednak kontynuowa\u0142a swoj\u0105 podr\u00f3\u017c dooko\u0142a \u015bwiata.<\/p>\n<div id=\"attachment_17157\" style=\"width: 1180px\" class=\"wp-caption alignnone\"><img decoding=\"async\" aria-describedby=\"caption-attachment-17157\" class=\"size-1170_658 wp-image-17157\" src=\"https:\/\/cdn.salzburgerland.com\/pl\/wp-content\/uploads\/2022\/12\/c-tirol-werbung-gmbh-strasser-hausl-hippach-1170x658.jpg\" alt='W drewnianej tyrolskiej cha\u0142upie w Hippach mieszka\u0142a kiedy\u015b rodzina Strasser\u00f3w popularyzuj\u0105cych kol\u0119d\u0119 \"Cicha noc\" w miastach niemieckich. Dzisiaj mie\u015bci si\u0119 tu muzeum.' width=\"1170\" height=\"658\" srcset=\"https:\/\/www.salzburgerland.com\/pl\/wp-content\/uploads\/2022\/12\/c-tirol-werbung-gmbh-strasser-hausl-hippach-1170x658.jpg 1170w, https:\/\/www.salzburgerland.com\/pl\/wp-content\/uploads\/2022\/12\/c-tirol-werbung-gmbh-strasser-hausl-hippach-1200x675.jpg 1200w\" sizes=\"(max-width: 1170px) 100vw, 1170px\"><p id=\"caption-attachment-17157\" class=\"wp-caption-text\">Tyrolska cha\u0142upa rodziny Strasser\u00f3w w Hippach \u00a9 Tirol Werbung GmbH<\/p><\/div>\n<h3><strong>\u015a<\/strong><strong>ladami \u201eCichej nocy!\u201c w Hippach:<\/strong><\/h3>\n<ul>\n<li>Dom rodzinny Strasser\u00f3w pochodzi z XVIII wieku. To postawiony z drewna, typowy dla doliny Zillertal dom ch\u0142opski, z osmolonymi dymem drewnianymi belkami, star\u0105 izb\u0105 z okr\u0105g\u0142ym piecem, gom\u00f3\u0142kami i \u017celaznymi okuciami drzwi. W domu Strasser\u00f3w, dzi\u015b pod ochron\u0105 zabytku, mie\u015bci si\u0119 muzeum po\u015bwi\u0119cone historii \u015bpiewaj\u0105cych kupc\u00f3w z doliny Zillertal. W muzeum przechowywane s\u0105 oryginalne nuty, portrety rodze\u0144stwa i r\u0119kawiczki z tamtych czas\u00f3w, a tak\u017ce sprz\u0119t rolniczy i inne przedmioty daj\u0105ce wyobra\u017cenie tamtej epoki.<\/li>\n<li><strong>Szlak Cichej Nocy <\/strong>po\u015bwi\u0119cony jest historii powstania i rozpowszechnienia kol\u0119dy na \u015bwiecie.<\/li>\n<li><strong>W\u0119dr\u00f3wka do domu<\/strong> <strong>Strasser\u00f3w<\/strong> zaczyna si\u0119 u st\u00f3p ko\u015bcio\u0142a w Hippach na parkingu w dolinie. Vis-\u00e0-vis, lekko na ukos, kr\u00f3tka droga \u0142\u0105cznikowa prowadzi ko\u0142o stodo\u0142y do Ziller i dalej lewym brzegiem rzeki. Po 1,5 km droga rozwidla si\u0119, a oznakowany szlak prowadzi do ko\u015bci\u00f3\u0142ka w Laimach, a nast\u0119pnie do romantycznego domu Strasser\u00f3w. Nawet je\u015bli muzeum jest akurat nieczynne, stary, drewniany dom daje dobre wyobra\u017cenie o warunkach \u017cycia przed dwustu laty. Szlak prowadzi drog\u0105 nr 13 w kierunku Hippach. Warto jest wcze\u015bniej odbi\u0107 na 20 minut do wodospadu Talbach. Kiedy wracamy do rozwidlenia dr\u00f3g, szlak nr 13 prowadzi najkr\u00f3tsz\u0105 drog\u0105 do Hippach. Godna polecenia jest jednak d\u0142u\u017cszy, p\u00f3\u0142godzinny spacer przez Schwendau. Ta droga biegnie powy\u017cej Hippach, mijaj\u0105c po drodze dwie gorzelnie, a nast\u0119pnie wiedzie na odcinku kilometra wznosz\u0105c\u0105 si\u0119 w g\u00f3r\u0119 Zillertaler H\u00f6henstra\u00dfe. Przy nast\u0119pnym ostrym zakr\u0119cie droga \u0142\u0105czy si\u0119 z alej\u0105 drzew owocowych i przebiega szerokim \u0142ukiem (droga nr 7) wzd\u0142u\u017c strumienia w d\u00f3\u0142, do miejscowo\u015bci. Zim\u0105, kiedy warunki \u015bniegowe nie pozwalaj\u0105 korzysta\u0107 z g\u00f3rskiego wariantu drogi, polecamy drog\u0119 w dolinie.<\/li>\n<\/ul>\n<div id=\"attachment_17158\" style=\"width: 1180px\" class=\"wp-caption alignnone\"><img decoding=\"async\" aria-describedby=\"caption-attachment-17158\" class=\"size-1170_658 wp-image-17158\" src=\"https:\/\/cdn.salzburgerland.com\/pl\/wp-content\/uploads\/2022\/12\/c-tirol-werbung-gmbh-strasser-hausl-innen-hippach-1170x658.jpg\" alt='W zabytkowej tyroslkiej cha\u0142upie rodziny Strasser\u00f3w w Hippach mie\u015bci si\u0119 dzi\u015b muzeum po\u015bwi\u0119cone historii rozpowszechnienia kol\u0119dy \"Cicha noc\".' width=\"1170\" height=\"658\" srcset=\"https:\/\/www.salzburgerland.com\/pl\/wp-content\/uploads\/2022\/12\/c-tirol-werbung-gmbh-strasser-hausl-innen-hippach-1170x658.jpg 1170w, https:\/\/www.salzburgerland.com\/pl\/wp-content\/uploads\/2022\/12\/c-tirol-werbung-gmbh-strasser-hausl-innen-hippach-1200x675.jpg 1200w\" sizes=\"(max-width: 1170px) 100vw, 1170px\"><p id=\"caption-attachment-17158\" class=\"wp-caption-text\">Muzeum Cichej Nocy w zabytkowej cha\u0142upie Strasse\u00f3w w Hippach \u00a9 Tirol Werbung GmbH<\/p><\/div>\n","protected":false},"excerpt":{"rendered":"<p>Salzburg i Zillertal maj\u0105 wiele wsp\u00f3lnego, zar\u00f3wno pod wzgl\u0119dem historycznych, jak i geograficznych. Do roku 1816 wi\u0119ksza cz\u0119\u015b\u0107 d\u0142ugiej na 40 \u00a0kilometr\u00f3w, wy\u017c\u0142obionej przez lodowiec doliny w kszta\u0142cie litery U, nale\u017ca\u0142a do Salzburga. Potem zosta\u0142a przy\u0142\u0105czona do Kraju Koronnego Tyrolu. Rzeka Ziller stanowi po dzi\u015b dzie\u0144 granic\u0119 diecezjaln\u0105 mi\u0119dzy prowincjami ko\u015bcielnymi \u00a0Salzburgiem i Innsbruckiem (wcze\u015bniej [&hellip;]<\/p>\n","protected":false},"author":4,"featured_media":17155,"comment_status":"closed","ping_status":"closed","sticky":false,"template":"","format":"standard","meta":{"_acf_changed":false,"wl_entities_gutenberg":"","_relevanssi_hide_post":"","_relevanssi_hide_content":"","_relevanssi_pin_for_all":"","_relevanssi_pin_keywords":"","_relevanssi_unpin_keywords":"","_relevanssi_related_keywords":"","_relevanssi_related_include_ids":"","_relevanssi_related_exclude_ids":"","_relevanssi_related_no_append":"","_relevanssi_related_not_related":"","_relevanssi_related_posts":"","_relevanssi_noindex_reason":"","footnotes":""},"categories":[1],"tags":[],"wl_entity_type":[300],"class_list":["post-17154","post","type-post","status-publish","format-standard","has-post-thumbnail","hentry","category-uncategorized","wl_entity_type-article"],"acf":[],"yoast_head":"<!-- This site is optimized with the Yoast SEO Premium plugin v27.4 (Yoast SEO v27.4) - https:\/\/yoast.com\/product\/yoast-seo-premium-wordpress\/ -->\n<title>Cicha Noc Hippach \u00bb Ch\u00f3r rodzinny Strasser\u00f3w<\/title>\n<meta name=\"description\" content=\"Rodzina Strasser\u00f3w z Hippach w Zillertalu wykona\u0142a kol\u0119d\u0119 &quot;Cicha noc&quot; na bazarze \u015bwi\u0105tecznym w Lipsku, czym wzbudz\u0142a zachwyt w\u015br\u00f3d s\u0142uchaczy.\" \/>\n<meta name=\"robots\" content=\"index, follow, max-snippet:-1, max-image-preview:large, max-video-preview:-1\" \/>\n<link rel=\"canonical\" href=\"https:\/\/www.salzburgerland.com\/pl\/cicha-noc-miejscowosci-hippach\/\" \/>\n<meta property=\"og:locale\" content=\"pl_PL\" \/>\n<meta property=\"og:type\" content=\"article\" \/>\n<meta property=\"og:title\" content=\"Hippach\" \/>\n<meta property=\"og:description\" content=\"Salzburg i Zillertal maj\u0105 wiele wsp\u00f3lnego, zar\u00f3wno pod wzgl\u0119dem historycznych, jak i geograficznych. Do roku 1816 wi\u0119ksza cz\u0119\u015b\u0107 d\u0142ugiej na 40 \u00a0kilometr\u00f3w,\" \/>\n<meta property=\"og:url\" content=\"https:\/\/www.salzburgerland.com\/pl\/cicha-noc-miejscowosci-hippach\/\" \/>\n<meta property=\"og:site_name\" content=\"SalzburgerLand.com\" \/>\n<meta property=\"article:publisher\" content=\"https:\/\/www.facebook.com\/visitsalzburgerland\/\" \/>\n<meta property=\"article:published_time\" content=\"2022-12-22T22:11:20+00:00\" \/>\n<meta property=\"article:modified_time\" content=\"2022-12-22T22:13:06+00:00\" \/>\n<meta property=\"og:image\" content=\"https:\/\/www.salzburgerland.com\/pl\/wp-content\/uploads\/2022\/12\/c-tirol-werbung-gmbh-adventmarkt-mayrhofen-1920x840-jpg-pagespeed-ce_-h-ms71qqus-1170x658-1.jpg\" \/>\n\t<meta property=\"og:image:width\" content=\"1170\" \/>\n\t<meta property=\"og:image:height\" content=\"658\" \/>\n\t<meta property=\"og:image:type\" content=\"image\/jpeg\" \/>\n<meta name=\"author\" content=\"Izabela Gartner\" \/>\n<meta name=\"twitter:card\" content=\"summary_large_image\" \/>\n<meta name=\"twitter:creator\" content=\"@salzburgerland\" \/>\n<meta name=\"twitter:site\" content=\"@salzburgerland\" \/>\n<meta name=\"twitter:label1\" content=\"Napisane przez\" \/>\n\t<meta name=\"twitter:data1\" content=\"Izabela Gartner\" \/>\n\t<meta name=\"twitter:label2\" content=\"Szacowany czas czytania\" \/>\n\t<meta name=\"twitter:data2\" content=\"6 minut\" \/>\n<script type=\"application\/ld+json\" class=\"yoast-schema-graph\">{\"@context\":\"https:\\\/\\\/schema.org\",\"@graph\":[{\"@type\":\"Article\",\"@id\":\"https:\\\/\\\/www.salzburgerland.com\\\/pl\\\/cicha-noc-miejscowosci-hippach\\\/#article\",\"isPartOf\":{\"@id\":\"https:\\\/\\\/www.salzburgerland.com\\\/pl\\\/cicha-noc-miejscowosci-hippach\\\/\"},\"author\":{\"name\":\"Izabela Gartner\",\"@id\":\"https:\\\/\\\/www.salzburgerland.com\\\/pl\\\/#\\\/schema\\\/person\\\/c10420e9897d4ca984317db556f04804\"},\"headline\":\"Hippach\",\"datePublished\":\"2022-12-22T22:11:20+00:00\",\"dateModified\":\"2022-12-22T22:13:06+00:00\",\"mainEntityOfPage\":{\"@id\":\"https:\\\/\\\/www.salzburgerland.com\\\/pl\\\/cicha-noc-miejscowosci-hippach\\\/\"},\"wordCount\":926,\"image\":{\"@id\":\"https:\\\/\\\/www.salzburgerland.com\\\/pl\\\/cicha-noc-miejscowosci-hippach\\\/#primaryimage\"},\"thumbnailUrl\":\"https:\\\/\\\/www.salzburgerland.com\\\/pl\\\/wp-content\\\/uploads\\\/2022\\\/12\\\/c-tirol-werbung-gmbh-adventmarkt-mayrhofen-1920x840-jpg-pagespeed-ce_-h-ms71qqus-1170x658-1.jpg\",\"articleSection\":[\"Uncategorized\"],\"inLanguage\":\"pl-PL\"},{\"@type\":\"WebPage\",\"@id\":\"https:\\\/\\\/www.salzburgerland.com\\\/pl\\\/cicha-noc-miejscowosci-hippach\\\/\",\"url\":\"https:\\\/\\\/www.salzburgerland.com\\\/pl\\\/cicha-noc-miejscowosci-hippach\\\/\",\"name\":\"Cicha Noc Hippach \u00bb Ch\u00f3r rodzinny Strasser\u00f3w\",\"isPartOf\":{\"@id\":\"https:\\\/\\\/www.salzburgerland.com\\\/pl\\\/#website\"},\"primaryImageOfPage\":{\"@id\":\"https:\\\/\\\/www.salzburgerland.com\\\/pl\\\/cicha-noc-miejscowosci-hippach\\\/#primaryimage\"},\"image\":{\"@id\":\"https:\\\/\\\/www.salzburgerland.com\\\/pl\\\/cicha-noc-miejscowosci-hippach\\\/#primaryimage\"},\"thumbnailUrl\":\"https:\\\/\\\/www.salzburgerland.com\\\/pl\\\/wp-content\\\/uploads\\\/2022\\\/12\\\/c-tirol-werbung-gmbh-adventmarkt-mayrhofen-1920x840-jpg-pagespeed-ce_-h-ms71qqus-1170x658-1.jpg\",\"datePublished\":\"2022-12-22T22:11:20+00:00\",\"dateModified\":\"2022-12-22T22:13:06+00:00\",\"author\":{\"@id\":\"https:\\\/\\\/www.salzburgerland.com\\\/pl\\\/#\\\/schema\\\/person\\\/c10420e9897d4ca984317db556f04804\"},\"description\":\"Rodzina Strasser\u00f3w z Hippach w Zillertalu wykona\u0142a kol\u0119d\u0119 \\\"Cicha noc\\\" na bazarze \u015bwi\u0105tecznym w Lipsku, czym wzbudz\u0142a zachwyt w\u015br\u00f3d s\u0142uchaczy.\",\"breadcrumb\":{\"@id\":\"https:\\\/\\\/www.salzburgerland.com\\\/pl\\\/cicha-noc-miejscowosci-hippach\\\/#breadcrumb\"},\"inLanguage\":\"pl-PL\",\"potentialAction\":[{\"@type\":\"ReadAction\",\"target\":[\"https:\\\/\\\/www.salzburgerland.com\\\/pl\\\/cicha-noc-miejscowosci-hippach\\\/\"]}]},{\"@type\":\"ImageObject\",\"inLanguage\":\"pl-PL\",\"@id\":\"https:\\\/\\\/www.salzburgerland.com\\\/pl\\\/cicha-noc-miejscowosci-hippach\\\/#primaryimage\",\"url\":\"https:\\\/\\\/www.salzburgerland.com\\\/pl\\\/wp-content\\\/uploads\\\/2022\\\/12\\\/c-tirol-werbung-gmbh-adventmarkt-mayrhofen-1920x840-jpg-pagespeed-ce_-h-ms71qqus-1170x658-1.jpg\",\"contentUrl\":\"https:\\\/\\\/www.salzburgerland.com\\\/pl\\\/wp-content\\\/uploads\\\/2022\\\/12\\\/c-tirol-werbung-gmbh-adventmarkt-mayrhofen-1920x840-jpg-pagespeed-ce_-h-ms71qqus-1170x658-1.jpg\",\"width\":1170,\"height\":658,\"caption\":\"Koncert kapeli d\u0119tej z Mayrhoffen na jarmarku adwentowym w dzielnicy Hippach \u00a9 Tirol Werbung GmbH\"},{\"@type\":\"BreadcrumbList\",\"@id\":\"https:\\\/\\\/www.salzburgerland.com\\\/pl\\\/cicha-noc-miejscowosci-hippach\\\/#breadcrumb\",\"itemListElement\":[{\"@type\":\"ListItem\",\"position\":1,\"name\":\"Kol\u0119da Cicha Noc\",\"item\":\"https:\\\/\\\/www.salzburgerland.com\\\/pl\\\/cicha-noc\\\/\"},{\"@type\":\"ListItem\",\"position\":2,\"name\":\"Hippach\"}]},{\"@type\":\"WebSite\",\"@id\":\"https:\\\/\\\/www.salzburgerland.com\\\/pl\\\/#website\",\"url\":\"https:\\\/\\\/www.salzburgerland.com\\\/pl\\\/\",\"name\":\"SalzburgerLand.com\",\"description\":\"Urlop Salzburg : hotele : turystyka Ziemia Salzburska : kultura : rodzinny urlop Ziemia Salzburska : informacja turystyczna : noclegi Austria : aktywny wypoczynek\",\"potentialAction\":[{\"@type\":\"SearchAction\",\"target\":{\"@type\":\"EntryPoint\",\"urlTemplate\":\"https:\\\/\\\/www.salzburgerland.com\\\/pl\\\/?s={search_term_string}\"},\"query-input\":{\"@type\":\"PropertyValueSpecification\",\"valueRequired\":true,\"valueName\":\"search_term_string\"}}],\"inLanguage\":\"pl-PL\"},{\"@type\":\"Person\",\"@id\":\"https:\\\/\\\/www.salzburgerland.com\\\/pl\\\/#\\\/schema\\\/person\\\/c10420e9897d4ca984317db556f04804\",\"name\":\"Izabela Gartner\",\"image\":{\"@type\":\"ImageObject\",\"inLanguage\":\"pl-PL\",\"@id\":\"https:\\\/\\\/secure.gravatar.com\\\/avatar\\\/062a6263a145aaa718f0b029a735b6557e456ff63f9e65056a4352d3c0a06e4d?s=96&d=mm&r=g\",\"url\":\"https:\\\/\\\/secure.gravatar.com\\\/avatar\\\/062a6263a145aaa718f0b029a735b6557e456ff63f9e65056a4352d3c0a06e4d?s=96&d=mm&r=g\",\"contentUrl\":\"https:\\\/\\\/secure.gravatar.com\\\/avatar\\\/062a6263a145aaa718f0b029a735b6557e456ff63f9e65056a4352d3c0a06e4d?s=96&d=mm&r=g\",\"caption\":\"Izabela Gartner\"}}]}<\/script>\n<!-- \/ Yoast SEO Premium plugin. -->","yoast_head_json":{"title":"Cicha Noc Hippach \u00bb Ch\u00f3r rodzinny Strasser\u00f3w","description":"Rodzina Strasser\u00f3w z Hippach w Zillertalu wykona\u0142a kol\u0119d\u0119 \"Cicha noc\" na bazarze \u015bwi\u0105tecznym w Lipsku, czym wzbudz\u0142a zachwyt w\u015br\u00f3d s\u0142uchaczy.","robots":{"index":"index","follow":"follow","max-snippet":"max-snippet:-1","max-image-preview":"max-image-preview:large","max-video-preview":"max-video-preview:-1"},"canonical":"https:\/\/www.salzburgerland.com\/pl\/cicha-noc-miejscowosci-hippach\/","og_locale":"pl_PL","og_type":"article","og_title":"Hippach","og_description":"Salzburg i Zillertal maj\u0105 wiele wsp\u00f3lnego, zar\u00f3wno pod wzgl\u0119dem historycznych, jak i geograficznych. Do roku 1816 wi\u0119ksza cz\u0119\u015b\u0107 d\u0142ugiej na 40 \u00a0kilometr\u00f3w,","og_url":"https:\/\/www.salzburgerland.com\/pl\/cicha-noc-miejscowosci-hippach\/","og_site_name":"SalzburgerLand.com","article_publisher":"https:\/\/www.facebook.com\/visitsalzburgerland\/","article_published_time":"2022-12-22T22:11:20+00:00","article_modified_time":"2022-12-22T22:13:06+00:00","og_image":[{"url":"https:\/\/www.salzburgerland.com\/pl\/wp-content\/uploads\/2022\/12\/c-tirol-werbung-gmbh-adventmarkt-mayrhofen-1920x840-jpg-pagespeed-ce_-h-ms71qqus-1170x658-1.jpg","width":1170,"height":658,"type":"image\/jpeg"}],"author":"Izabela Gartner","twitter_card":"summary_large_image","twitter_creator":"@salzburgerland","twitter_site":"@salzburgerland","twitter_misc":{"Napisane przez":"Izabela Gartner","Szacowany czas czytania":"6 minut"},"schema":{"@context":"https:\/\/schema.org","@graph":[{"@type":"Article","@id":"https:\/\/www.salzburgerland.com\/pl\/cicha-noc-miejscowosci-hippach\/#article","isPartOf":{"@id":"https:\/\/www.salzburgerland.com\/pl\/cicha-noc-miejscowosci-hippach\/"},"author":{"name":"Izabela Gartner","@id":"https:\/\/www.salzburgerland.com\/pl\/#\/schema\/person\/c10420e9897d4ca984317db556f04804"},"headline":"Hippach","datePublished":"2022-12-22T22:11:20+00:00","dateModified":"2022-12-22T22:13:06+00:00","mainEntityOfPage":{"@id":"https:\/\/www.salzburgerland.com\/pl\/cicha-noc-miejscowosci-hippach\/"},"wordCount":926,"image":{"@id":"https:\/\/www.salzburgerland.com\/pl\/cicha-noc-miejscowosci-hippach\/#primaryimage"},"thumbnailUrl":"https:\/\/www.salzburgerland.com\/pl\/wp-content\/uploads\/2022\/12\/c-tirol-werbung-gmbh-adventmarkt-mayrhofen-1920x840-jpg-pagespeed-ce_-h-ms71qqus-1170x658-1.jpg","articleSection":["Uncategorized"],"inLanguage":"pl-PL"},{"@type":"WebPage","@id":"https:\/\/www.salzburgerland.com\/pl\/cicha-noc-miejscowosci-hippach\/","url":"https:\/\/www.salzburgerland.com\/pl\/cicha-noc-miejscowosci-hippach\/","name":"Cicha Noc Hippach \u00bb Ch\u00f3r rodzinny Strasser\u00f3w","isPartOf":{"@id":"https:\/\/www.salzburgerland.com\/pl\/#website"},"primaryImageOfPage":{"@id":"https:\/\/www.salzburgerland.com\/pl\/cicha-noc-miejscowosci-hippach\/#primaryimage"},"image":{"@id":"https:\/\/www.salzburgerland.com\/pl\/cicha-noc-miejscowosci-hippach\/#primaryimage"},"thumbnailUrl":"https:\/\/www.salzburgerland.com\/pl\/wp-content\/uploads\/2022\/12\/c-tirol-werbung-gmbh-adventmarkt-mayrhofen-1920x840-jpg-pagespeed-ce_-h-ms71qqus-1170x658-1.jpg","datePublished":"2022-12-22T22:11:20+00:00","dateModified":"2022-12-22T22:13:06+00:00","author":{"@id":"https:\/\/www.salzburgerland.com\/pl\/#\/schema\/person\/c10420e9897d4ca984317db556f04804"},"description":"Rodzina Strasser\u00f3w z Hippach w Zillertalu wykona\u0142a kol\u0119d\u0119 \"Cicha noc\" na bazarze \u015bwi\u0105tecznym w Lipsku, czym wzbudz\u0142a zachwyt w\u015br\u00f3d s\u0142uchaczy.","breadcrumb":{"@id":"https:\/\/www.salzburgerland.com\/pl\/cicha-noc-miejscowosci-hippach\/#breadcrumb"},"inLanguage":"pl-PL","potentialAction":[{"@type":"ReadAction","target":["https:\/\/www.salzburgerland.com\/pl\/cicha-noc-miejscowosci-hippach\/"]}]},{"@type":"ImageObject","inLanguage":"pl-PL","@id":"https:\/\/www.salzburgerland.com\/pl\/cicha-noc-miejscowosci-hippach\/#primaryimage","url":"https:\/\/www.salzburgerland.com\/pl\/wp-content\/uploads\/2022\/12\/c-tirol-werbung-gmbh-adventmarkt-mayrhofen-1920x840-jpg-pagespeed-ce_-h-ms71qqus-1170x658-1.jpg","contentUrl":"https:\/\/www.salzburgerland.com\/pl\/wp-content\/uploads\/2022\/12\/c-tirol-werbung-gmbh-adventmarkt-mayrhofen-1920x840-jpg-pagespeed-ce_-h-ms71qqus-1170x658-1.jpg","width":1170,"height":658,"caption":"Koncert kapeli d\u0119tej z Mayrhoffen na jarmarku adwentowym w dzielnicy Hippach \u00a9 Tirol Werbung GmbH"},{"@type":"BreadcrumbList","@id":"https:\/\/www.salzburgerland.com\/pl\/cicha-noc-miejscowosci-hippach\/#breadcrumb","itemListElement":[{"@type":"ListItem","position":1,"name":"Kol\u0119da Cicha Noc","item":"https:\/\/www.salzburgerland.com\/pl\/cicha-noc\/"},{"@type":"ListItem","position":2,"name":"Hippach"}]},{"@type":"WebSite","@id":"https:\/\/www.salzburgerland.com\/pl\/#website","url":"https:\/\/www.salzburgerland.com\/pl\/","name":"SalzburgerLand.com","description":"Urlop Salzburg : hotele : turystyka Ziemia Salzburska : kultura : rodzinny urlop Ziemia Salzburska : informacja turystyczna : noclegi Austria : aktywny wypoczynek","potentialAction":[{"@type":"SearchAction","target":{"@type":"EntryPoint","urlTemplate":"https:\/\/www.salzburgerland.com\/pl\/?s={search_term_string}"},"query-input":{"@type":"PropertyValueSpecification","valueRequired":true,"valueName":"search_term_string"}}],"inLanguage":"pl-PL"},{"@type":"Person","@id":"https:\/\/www.salzburgerland.com\/pl\/#\/schema\/person\/c10420e9897d4ca984317db556f04804","name":"Izabela Gartner","image":{"@type":"ImageObject","inLanguage":"pl-PL","@id":"https:\/\/secure.gravatar.com\/avatar\/062a6263a145aaa718f0b029a735b6557e456ff63f9e65056a4352d3c0a06e4d?s=96&d=mm&r=g","url":"https:\/\/secure.gravatar.com\/avatar\/062a6263a145aaa718f0b029a735b6557e456ff63f9e65056a4352d3c0a06e4d?s=96&d=mm&r=g","contentUrl":"https:\/\/secure.gravatar.com\/avatar\/062a6263a145aaa718f0b029a735b6557e456ff63f9e65056a4352d3c0a06e4d?s=96&d=mm&r=g","caption":"Izabela Gartner"}}]}},"_wl_alt_label":[],"wl:entity_url":"http:\/\/open.salzburgerland.com\/pl\/post\/hippach-17154","_links":{"self":[{"href":"https:\/\/www.salzburgerland.com\/pl\/wp-json\/wp\/v2\/posts\/17154","targetHints":{"allow":["GET"]}}],"collection":[{"href":"https:\/\/www.salzburgerland.com\/pl\/wp-json\/wp\/v2\/posts"}],"about":[{"href":"https:\/\/www.salzburgerland.com\/pl\/wp-json\/wp\/v2\/types\/post"}],"author":[{"embeddable":true,"href":"https:\/\/www.salzburgerland.com\/pl\/wp-json\/wp\/v2\/users\/4"}],"replies":[{"embeddable":true,"href":"https:\/\/www.salzburgerland.com\/pl\/wp-json\/wp\/v2\/comments?post=17154"}],"version-history":[{"count":5,"href":"https:\/\/www.salzburgerland.com\/pl\/wp-json\/wp\/v2\/posts\/17154\/revisions"}],"predecessor-version":[{"id":17162,"href":"https:\/\/www.salzburgerland.com\/pl\/wp-json\/wp\/v2\/posts\/17154\/revisions\/17162"}],"wp:featuredmedia":[{"embeddable":true,"href":"https:\/\/www.salzburgerland.com\/pl\/wp-json\/wp\/v2\/media\/17155"}],"wp:attachment":[{"href":"https:\/\/www.salzburgerland.com\/pl\/wp-json\/wp\/v2\/media?parent=17154"}],"wp:term":[{"taxonomy":"category","embeddable":true,"href":"https:\/\/www.salzburgerland.com\/pl\/wp-json\/wp\/v2\/categories?post=17154"},{"taxonomy":"post_tag","embeddable":true,"href":"https:\/\/www.salzburgerland.com\/pl\/wp-json\/wp\/v2\/tags?post=17154"},{"taxonomy":"wl_entity_type","embeddable":true,"href":"https:\/\/www.salzburgerland.com\/pl\/wp-json\/wp\/v2\/wl_entity_type?post=17154"}],"curies":[{"name":"wp","href":"https:\/\/api.w.org\/{rel}","templated":true}]}}