{"id":14403,"date":"2022-07-24T13:05:15","date_gmt":"2022-07-24T11:05:15","guid":{"rendered":"https:\/\/www.salzburgerland.com\/pl\/?p=14403"},"modified":"2023-04-22T21:20:16","modified_gmt":"2023-04-22T19:20:16","slug":"przepis-mini-strudle-serowe-z-czeresniami","status":"publish","type":"post","link":"https:\/\/www.salzburgerland.com\/pl\/przepis-mini-strudle-serowe-z-czeresniami\/","title":{"rendered":"Mini strudle serowe z czere\u015bniami"},"content":{"rendered":"<p>Letnie desery najlepiej sprawdzaj\u0105 si\u0119 w ma\u0142ych porcyjkach i z soczystym dodatkiem. Oto tradycyjny strudel serowy, od dawien dawna popularny we wszystkich regionach Austrii, ale tutaj w nieco innej ods\u0142onie: z ciasta francuskiego, z dodatkiem czere\u015bni i w ma\u0142ych \u017caroodpornych s\u0142oiczkach.<\/p>\n<h3><strong>Sk\u0142adniki dla 6 os\u00f3b:<\/strong><\/h3>\n<ul>\n<li>ciasto francuskie na strudel, 5 listk\u00f3w<\/li>\n<li>40 g roztopionego mas\u0142a<\/li>\n<li>1 ekologiczna cytryna<\/li>\n<li>175 g czere\u015bni<\/li>\n<li>20 g p\u0142atk\u00f3w migda\u0142owych<\/li>\n<li>150 g pe\u0142not\u0142ustego, zmielonego twarogu<\/li>\n<li>150 g serka homogenizowanego<\/li>\n<li>1 jajko<\/li>\n<li>50 g cukru pudru<\/li>\n<li>20 g m\u0105ki ziemniaczanej<\/li>\n<\/ul>\n<h3><strong>Spos\u00f3b przygotowania:<\/strong><\/h3>\n<ul>\n<li>Przygotuj 6 otwartych s\u0142oiczk\u00f3w lub miseczek \u017caroodpornych o pojemno\u015bci 160 ml.<\/li>\n<li>Rozgrzej piekarnik do temp. 200\u00b0C lub 180\u00b0, je\u015bli korzystasz z termoobiegu.<\/li>\n<li>Roztop mas\u0142o. Posmaruj nim cienko 4 listki ciasta i u\u0142\u00f3\u017c warstwami jeden na drugim. Na wierzchu po\u0142\u00f3\u017c ostatni listek ciasta, a nast\u0119pnie pokr\u00f3j na kwadraty.<\/li>\n<li>Wy\u0142\u00f3\u017c kwadratami ciasta posmarowane t\u0142uszczem dno s\u0142oiczk\u00f3w i lekko doci\u015bnij.<\/li>\n<li>Prze\u0142\u00f3\u017c do miski podw\u00f3jnie zmielony twar\u00f3g, serek homogenizowany, jajko, cukier puder i m\u0105k\u0119 ziemniaczan\u0105 i przy pomocy miksera przygotuj mas\u0119 serow\u0105. Op\u0105ucz cytryn\u0119 w gor\u0105cej wodzie, wysusz j\u0105 i zetrzyj po\u0142ow\u0119 sk\u00f3rki na drobnej tarce. Przekr\u00f3j cytryn\u0119 na p\u00f3\u0142 i wyci\u015bnij z niej sok. Dodaj do masy serowej start\u0105 sk\u00f3rk\u0119 z cytryny i 1-2 \u0142y\u017ceczki soku z cytryny i dok\u0142adnie wymieszaj.<\/li>\n<li>Mas\u0119 twarogow\u0105 po\u0142\u00f3\u017c porcjami na cie\u015bcie francuskim w ka\u017cdym s\u0142oiczku. Na wierzchu roz\u0142\u00f3\u017c czere\u015bnie (lub alternatywnie jagody le\u015bne) oraz p\u0142atki migda\u0142\u00f3w (alternatywnie ziarna sezamu) i skrop strule pozosta\u0142ym mas\u0142em.<\/li>\n<li>Postaw s\u0142oiczki na blaszk\u0119 do pieczenia i w\u0142\u00f3\u017c do rozgrzanego piekarnika na ok. 20 minut.<\/li>\n<li>Wyjmij s\u0142oiczki z piekarnika i odstaw na 5 minut na ruszcie kuchennym. Wyjmij ze s\u0142oiczk\u00f3w i podawaj, wedle uznania, na ciep\u0142o lub na zimno.<\/li>\n<\/ul>\n","protected":false},"excerpt":{"rendered":"<p>Letnie desery najlepiej sprawdzaj\u0105 si\u0119 w ma\u0142ych porcyjkach i z soczystym dodatkiem. Oto tradycyjny strudel serowy, od dawien dawna popularny we wszystkich regionach Austrii, ale tutaj w nieco innej ods\u0142onie: z ciasta francuskiego, z dodatkiem czere\u015bni i w ma\u0142ych \u017caroodpornych s\u0142oiczkach. Sk\u0142adniki dla 6 os\u00f3b: ciasto francuskie na strudel, 5 listk\u00f3w 40 g roztopionego mas\u0142a [&hellip;]<\/p>\n","protected":false},"author":4,"featured_media":14406,"comment_status":"closed","ping_status":"closed","sticky":false,"template":"","format":"standard","meta":{"_acf_changed":false,"wl_entities_gutenberg":"","_relevanssi_hide_post":"","_relevanssi_hide_content":"","_relevanssi_pin_for_all":"","_relevanssi_pin_keywords":"","_relevanssi_unpin_keywords":"","_relevanssi_related_keywords":"","_relevanssi_related_include_ids":"","_relevanssi_related_exclude_ids":"","_relevanssi_related_no_append":"","_relevanssi_related_not_related":"","_relevanssi_related_posts":"","_relevanssi_noindex_reason":"","footnotes":""},"categories":[1],"tags":[341,334,757,522,333,756,755,646,693,524],"wl_entity_type":[299],"class_list":["post-14403","post","type-post","status-publish","format-standard","has-post-thumbnail","hentry","category-uncategorized","tag-alpejskie-przysmaki","tag-salzburg-od-kuchni","tag-salzburski-adwent-na-talerzu","tag-salzburskie-lato-na-halach","tag-salzburskie-przysmaki","tag-strudel-jablkowy","tag-strudel-serowy","tag-szlak-dla-milosnikow-lakoci","tag-szlak-kulinarny-dla-milosnikow-ziol","tag-via-culinaria","wl_entity_type-recipe"],"acf":[],"yoast_head":"<!-- This site is optimized with the Yoast SEO Premium plugin v27.4 (Yoast SEO v27.4) - https:\/\/yoast.com\/product\/yoast-seo-premium-wordpress\/ -->\n<title>Mini strudle serowe z czere\u015bniami \u00bb SalzburgerLand.com<\/title>\n<meta name=\"description\" content=\"Popularny austriacki strudel serowy mo\u017cna latem zmodyfikowa\u0107, dodaj\u0105c do niego soczyste czere\u015bnie i przygotowuj\u0105c ma\u0142e porcje.\" \/>\n<meta name=\"robots\" content=\"index, follow, max-snippet:-1, max-image-preview:large, max-video-preview:-1\" \/>\n<link rel=\"canonical\" href=\"https:\/\/www.salzburgerland.com\/pl\/przepis-mini-strudle-serowe-z-czeresniami\/\" \/>\n<meta property=\"og:locale\" content=\"pl_PL\" \/>\n<meta property=\"og:type\" content=\"article\" \/>\n<meta property=\"og:title\" content=\"Mini strudle serowe z czere\u015bniami\" \/>\n<meta property=\"og:description\" content=\"Letnie desery najlepiej sprawdzaj\u0105 si\u0119 w ma\u0142ych porcyjkach i z soczystym dodatkiem. Oto tradycyjny strudel serowy, od dawien dawna popularny we wszystkich\" \/>\n<meta property=\"og:url\" content=\"https:\/\/www.salzburgerland.com\/pl\/przepis-mini-strudle-serowe-z-czeresniami\/\" \/>\n<meta property=\"og:site_name\" content=\"SalzburgerLand.com\" \/>\n<meta property=\"article:publisher\" content=\"https:\/\/www.facebook.com\/visitsalzburgerland\/\" \/>\n<meta property=\"article:published_time\" content=\"2022-07-24T11:05:15+00:00\" \/>\n<meta property=\"article:modified_time\" content=\"2023-04-22T19:20:16+00:00\" \/>\n<meta property=\"og:image\" content=\"https:\/\/www.salzburgerland.com\/pl\/wp-content\/uploads\/2022\/07\/mini-kirsch-topfenstrudel-810x658-1.jpg\" \/>\n\t<meta property=\"og:image:width\" content=\"810\" \/>\n\t<meta property=\"og:image:height\" content=\"658\" \/>\n\t<meta property=\"og:image:type\" content=\"image\/jpeg\" \/>\n<meta name=\"author\" content=\"Izabela Gartner\" \/>\n<meta name=\"twitter:card\" content=\"summary_large_image\" \/>\n<meta name=\"twitter:creator\" content=\"@salzburgerland\" \/>\n<meta name=\"twitter:site\" content=\"@salzburgerland\" \/>\n<meta name=\"twitter:label1\" content=\"Napisane przez\" \/>\n\t<meta name=\"twitter:data1\" content=\"Izabela Gartner\" \/>\n\t<meta name=\"twitter:label2\" content=\"Szacowany czas czytania\" \/>\n\t<meta name=\"twitter:data2\" content=\"2 minuty\" \/>\n<script type=\"application\/ld+json\" class=\"yoast-schema-graph\">{\"@context\":\"https:\\\/\\\/schema.org\",\"@graph\":[{\"@type\":\"Article\",\"@id\":\"https:\\\/\\\/www.salzburgerland.com\\\/pl\\\/przepis-mini-strudle-serowe-z-czeresniami\\\/#article\",\"isPartOf\":{\"@id\":\"https:\\\/\\\/www.salzburgerland.com\\\/pl\\\/przepis-mini-strudle-serowe-z-czeresniami\\\/\"},\"author\":{\"name\":\"Izabela Gartner\",\"@id\":\"https:\\\/\\\/www.salzburgerland.com\\\/pl\\\/#\\\/schema\\\/person\\\/c10420e9897d4ca984317db556f04804\"},\"headline\":\"Mini strudle serowe z czere\u015bniami\",\"datePublished\":\"2022-07-24T11:05:15+00:00\",\"dateModified\":\"2023-04-22T19:20:16+00:00\",\"mainEntityOfPage\":{\"@id\":\"https:\\\/\\\/www.salzburgerland.com\\\/pl\\\/przepis-mini-strudle-serowe-z-czeresniami\\\/\"},\"wordCount\":315,\"image\":{\"@id\":\"https:\\\/\\\/www.salzburgerland.com\\\/pl\\\/przepis-mini-strudle-serowe-z-czeresniami\\\/#primaryimage\"},\"thumbnailUrl\":\"https:\\\/\\\/www.salzburgerland.com\\\/pl\\\/wp-content\\\/uploads\\\/2022\\\/07\\\/mini-kirsch-topfenstrudel-810x658-1.jpg\",\"keywords\":[\"alpejskie przysmaki\",\"Salzburg od kuchni\",\"Salzburski adwent na talerzu\",\"salzburskie lato na halach\",\"salzburskie przysmaki\",\"strudel jab\u0142kowy\",\"strudel serowy\",\"szlak dla mi\u0142o\u015bnik\u00f3w \u0142akoci\",\"Szlak kulinarny dla mi\u0142o\u015bnik\u00f3w zi\u00f3\u0142\",\"Via Culinaria\"],\"articleSection\":[\"Uncategorized\"],\"inLanguage\":\"pl-PL\"},{\"@type\":\"WebPage\",\"@id\":\"https:\\\/\\\/www.salzburgerland.com\\\/pl\\\/przepis-mini-strudle-serowe-z-czeresniami\\\/\",\"url\":\"https:\\\/\\\/www.salzburgerland.com\\\/pl\\\/przepis-mini-strudle-serowe-z-czeresniami\\\/\",\"name\":\"Mini strudle serowe z czere\u015bniami \u00bb SalzburgerLand.com\",\"isPartOf\":{\"@id\":\"https:\\\/\\\/www.salzburgerland.com\\\/pl\\\/#website\"},\"primaryImageOfPage\":{\"@id\":\"https:\\\/\\\/www.salzburgerland.com\\\/pl\\\/przepis-mini-strudle-serowe-z-czeresniami\\\/#primaryimage\"},\"image\":{\"@id\":\"https:\\\/\\\/www.salzburgerland.com\\\/pl\\\/przepis-mini-strudle-serowe-z-czeresniami\\\/#primaryimage\"},\"thumbnailUrl\":\"https:\\\/\\\/www.salzburgerland.com\\\/pl\\\/wp-content\\\/uploads\\\/2022\\\/07\\\/mini-kirsch-topfenstrudel-810x658-1.jpg\",\"datePublished\":\"2022-07-24T11:05:15+00:00\",\"dateModified\":\"2023-04-22T19:20:16+00:00\",\"author\":{\"@id\":\"https:\\\/\\\/www.salzburgerland.com\\\/pl\\\/#\\\/schema\\\/person\\\/c10420e9897d4ca984317db556f04804\"},\"description\":\"Popularny austriacki strudel serowy mo\u017cna latem zmodyfikowa\u0107, dodaj\u0105c do niego soczyste czere\u015bnie i przygotowuj\u0105c ma\u0142e porcje.\",\"breadcrumb\":{\"@id\":\"https:\\\/\\\/www.salzburgerland.com\\\/pl\\\/przepis-mini-strudle-serowe-z-czeresniami\\\/#breadcrumb\"},\"inLanguage\":\"pl-PL\",\"potentialAction\":[{\"@type\":\"ReadAction\",\"target\":[\"https:\\\/\\\/www.salzburgerland.com\\\/pl\\\/przepis-mini-strudle-serowe-z-czeresniami\\\/\"]}]},{\"@type\":\"ImageObject\",\"inLanguage\":\"pl-PL\",\"@id\":\"https:\\\/\\\/www.salzburgerland.com\\\/pl\\\/przepis-mini-strudle-serowe-z-czeresniami\\\/#primaryimage\",\"url\":\"https:\\\/\\\/www.salzburgerland.com\\\/pl\\\/wp-content\\\/uploads\\\/2022\\\/07\\\/mini-kirsch-topfenstrudel-810x658-1.jpg\",\"contentUrl\":\"https:\\\/\\\/www.salzburgerland.com\\\/pl\\\/wp-content\\\/uploads\\\/2022\\\/07\\\/mini-kirsch-topfenstrudel-810x658-1.jpg\",\"width\":810,\"height\":658,\"caption\":\"Ma\u0142e strudle serowe z czere\u015bniami \u00a9 salzburgschmeckt.at\"},{\"@type\":\"BreadcrumbList\",\"@id\":\"https:\\\/\\\/www.salzburgerland.com\\\/pl\\\/przepis-mini-strudle-serowe-z-czeresniami\\\/#breadcrumb\",\"itemListElement\":[{\"@type\":\"ListItem\",\"position\":1,\"name\":\"Tak smakuje Ziemia Salzburska\",\"item\":\"https:\\\/\\\/www.salzburgerland.com\\\/pl\\\/tak-smakuje-ziemia-salzburska\\\/\"},{\"@type\":\"ListItem\",\"position\":2,\"name\":\"Mini strudle serowe z czere\u015bniami\"}]},{\"@type\":\"WebSite\",\"@id\":\"https:\\\/\\\/www.salzburgerland.com\\\/pl\\\/#website\",\"url\":\"https:\\\/\\\/www.salzburgerland.com\\\/pl\\\/\",\"name\":\"SalzburgerLand.com\",\"description\":\"Urlop Salzburg : hotele : turystyka Ziemia Salzburska : kultura : rodzinny urlop Ziemia Salzburska : informacja turystyczna : noclegi Austria : aktywny wypoczynek\",\"potentialAction\":[{\"@type\":\"SearchAction\",\"target\":{\"@type\":\"EntryPoint\",\"urlTemplate\":\"https:\\\/\\\/www.salzburgerland.com\\\/pl\\\/?s={search_term_string}\"},\"query-input\":{\"@type\":\"PropertyValueSpecification\",\"valueRequired\":true,\"valueName\":\"search_term_string\"}}],\"inLanguage\":\"pl-PL\"},{\"@type\":\"Person\",\"@id\":\"https:\\\/\\\/www.salzburgerland.com\\\/pl\\\/#\\\/schema\\\/person\\\/c10420e9897d4ca984317db556f04804\",\"name\":\"Izabela Gartner\",\"image\":{\"@type\":\"ImageObject\",\"inLanguage\":\"pl-PL\",\"@id\":\"https:\\\/\\\/secure.gravatar.com\\\/avatar\\\/062a6263a145aaa718f0b029a735b6557e456ff63f9e65056a4352d3c0a06e4d?s=96&d=mm&r=g\",\"url\":\"https:\\\/\\\/secure.gravatar.com\\\/avatar\\\/062a6263a145aaa718f0b029a735b6557e456ff63f9e65056a4352d3c0a06e4d?s=96&d=mm&r=g\",\"contentUrl\":\"https:\\\/\\\/secure.gravatar.com\\\/avatar\\\/062a6263a145aaa718f0b029a735b6557e456ff63f9e65056a4352d3c0a06e4d?s=96&d=mm&r=g\",\"caption\":\"Izabela Gartner\"}}]}<\/script>\n<!-- \/ Yoast SEO Premium plugin. -->","yoast_head_json":{"title":"Mini strudle serowe z czere\u015bniami \u00bb SalzburgerLand.com","description":"Popularny austriacki strudel serowy mo\u017cna latem zmodyfikowa\u0107, dodaj\u0105c do niego soczyste czere\u015bnie i przygotowuj\u0105c ma\u0142e porcje.","robots":{"index":"index","follow":"follow","max-snippet":"max-snippet:-1","max-image-preview":"max-image-preview:large","max-video-preview":"max-video-preview:-1"},"canonical":"https:\/\/www.salzburgerland.com\/pl\/przepis-mini-strudle-serowe-z-czeresniami\/","og_locale":"pl_PL","og_type":"article","og_title":"Mini strudle serowe z czere\u015bniami","og_description":"Letnie desery najlepiej sprawdzaj\u0105 si\u0119 w ma\u0142ych porcyjkach i z soczystym dodatkiem. Oto tradycyjny strudel serowy, od dawien dawna popularny we wszystkich","og_url":"https:\/\/www.salzburgerland.com\/pl\/przepis-mini-strudle-serowe-z-czeresniami\/","og_site_name":"SalzburgerLand.com","article_publisher":"https:\/\/www.facebook.com\/visitsalzburgerland\/","article_published_time":"2022-07-24T11:05:15+00:00","article_modified_time":"2023-04-22T19:20:16+00:00","og_image":[{"url":"https:\/\/www.salzburgerland.com\/pl\/wp-content\/uploads\/2022\/07\/mini-kirsch-topfenstrudel-810x658-1.jpg","width":810,"height":658,"type":"image\/jpeg"}],"author":"Izabela Gartner","twitter_card":"summary_large_image","twitter_creator":"@salzburgerland","twitter_site":"@salzburgerland","twitter_misc":{"Napisane przez":"Izabela Gartner","Szacowany czas czytania":"2 minuty"},"schema":{"@context":"https:\/\/schema.org","@graph":[{"@type":"Article","@id":"https:\/\/www.salzburgerland.com\/pl\/przepis-mini-strudle-serowe-z-czeresniami\/#article","isPartOf":{"@id":"https:\/\/www.salzburgerland.com\/pl\/przepis-mini-strudle-serowe-z-czeresniami\/"},"author":{"name":"Izabela Gartner","@id":"https:\/\/www.salzburgerland.com\/pl\/#\/schema\/person\/c10420e9897d4ca984317db556f04804"},"headline":"Mini strudle serowe z czere\u015bniami","datePublished":"2022-07-24T11:05:15+00:00","dateModified":"2023-04-22T19:20:16+00:00","mainEntityOfPage":{"@id":"https:\/\/www.salzburgerland.com\/pl\/przepis-mini-strudle-serowe-z-czeresniami\/"},"wordCount":315,"image":{"@id":"https:\/\/www.salzburgerland.com\/pl\/przepis-mini-strudle-serowe-z-czeresniami\/#primaryimage"},"thumbnailUrl":"https:\/\/www.salzburgerland.com\/pl\/wp-content\/uploads\/2022\/07\/mini-kirsch-topfenstrudel-810x658-1.jpg","keywords":["alpejskie przysmaki","Salzburg od kuchni","Salzburski adwent na talerzu","salzburskie lato na halach","salzburskie przysmaki","strudel jab\u0142kowy","strudel serowy","szlak dla mi\u0142o\u015bnik\u00f3w \u0142akoci","Szlak kulinarny dla mi\u0142o\u015bnik\u00f3w zi\u00f3\u0142","Via Culinaria"],"articleSection":["Uncategorized"],"inLanguage":"pl-PL"},{"@type":"WebPage","@id":"https:\/\/www.salzburgerland.com\/pl\/przepis-mini-strudle-serowe-z-czeresniami\/","url":"https:\/\/www.salzburgerland.com\/pl\/przepis-mini-strudle-serowe-z-czeresniami\/","name":"Mini strudle serowe z czere\u015bniami \u00bb SalzburgerLand.com","isPartOf":{"@id":"https:\/\/www.salzburgerland.com\/pl\/#website"},"primaryImageOfPage":{"@id":"https:\/\/www.salzburgerland.com\/pl\/przepis-mini-strudle-serowe-z-czeresniami\/#primaryimage"},"image":{"@id":"https:\/\/www.salzburgerland.com\/pl\/przepis-mini-strudle-serowe-z-czeresniami\/#primaryimage"},"thumbnailUrl":"https:\/\/www.salzburgerland.com\/pl\/wp-content\/uploads\/2022\/07\/mini-kirsch-topfenstrudel-810x658-1.jpg","datePublished":"2022-07-24T11:05:15+00:00","dateModified":"2023-04-22T19:20:16+00:00","author":{"@id":"https:\/\/www.salzburgerland.com\/pl\/#\/schema\/person\/c10420e9897d4ca984317db556f04804"},"description":"Popularny austriacki strudel serowy mo\u017cna latem zmodyfikowa\u0107, dodaj\u0105c do niego soczyste czere\u015bnie i przygotowuj\u0105c ma\u0142e porcje.","breadcrumb":{"@id":"https:\/\/www.salzburgerland.com\/pl\/przepis-mini-strudle-serowe-z-czeresniami\/#breadcrumb"},"inLanguage":"pl-PL","potentialAction":[{"@type":"ReadAction","target":["https:\/\/www.salzburgerland.com\/pl\/przepis-mini-strudle-serowe-z-czeresniami\/"]}]},{"@type":"ImageObject","inLanguage":"pl-PL","@id":"https:\/\/www.salzburgerland.com\/pl\/przepis-mini-strudle-serowe-z-czeresniami\/#primaryimage","url":"https:\/\/www.salzburgerland.com\/pl\/wp-content\/uploads\/2022\/07\/mini-kirsch-topfenstrudel-810x658-1.jpg","contentUrl":"https:\/\/www.salzburgerland.com\/pl\/wp-content\/uploads\/2022\/07\/mini-kirsch-topfenstrudel-810x658-1.jpg","width":810,"height":658,"caption":"Ma\u0142e strudle serowe z czere\u015bniami \u00a9 salzburgschmeckt.at"},{"@type":"BreadcrumbList","@id":"https:\/\/www.salzburgerland.com\/pl\/przepis-mini-strudle-serowe-z-czeresniami\/#breadcrumb","itemListElement":[{"@type":"ListItem","position":1,"name":"Tak smakuje Ziemia Salzburska","item":"https:\/\/www.salzburgerland.com\/pl\/tak-smakuje-ziemia-salzburska\/"},{"@type":"ListItem","position":2,"name":"Mini strudle serowe z czere\u015bniami"}]},{"@type":"WebSite","@id":"https:\/\/www.salzburgerland.com\/pl\/#website","url":"https:\/\/www.salzburgerland.com\/pl\/","name":"SalzburgerLand.com","description":"Urlop Salzburg : hotele : turystyka Ziemia Salzburska : kultura : rodzinny urlop Ziemia Salzburska : informacja turystyczna : noclegi Austria : aktywny wypoczynek","potentialAction":[{"@type":"SearchAction","target":{"@type":"EntryPoint","urlTemplate":"https:\/\/www.salzburgerland.com\/pl\/?s={search_term_string}"},"query-input":{"@type":"PropertyValueSpecification","valueRequired":true,"valueName":"search_term_string"}}],"inLanguage":"pl-PL"},{"@type":"Person","@id":"https:\/\/www.salzburgerland.com\/pl\/#\/schema\/person\/c10420e9897d4ca984317db556f04804","name":"Izabela Gartner","image":{"@type":"ImageObject","inLanguage":"pl-PL","@id":"https:\/\/secure.gravatar.com\/avatar\/062a6263a145aaa718f0b029a735b6557e456ff63f9e65056a4352d3c0a06e4d?s=96&d=mm&r=g","url":"https:\/\/secure.gravatar.com\/avatar\/062a6263a145aaa718f0b029a735b6557e456ff63f9e65056a4352d3c0a06e4d?s=96&d=mm&r=g","contentUrl":"https:\/\/secure.gravatar.com\/avatar\/062a6263a145aaa718f0b029a735b6557e456ff63f9e65056a4352d3c0a06e4d?s=96&d=mm&r=g","caption":"Izabela Gartner"}}]}},"_wl_alt_label":[],"wl:entity_url":"http:\/\/open.salzburgerland.com\/pl\/post\/mini-strudle-serowe-z-czeresniami-14403","_links":{"self":[{"href":"https:\/\/www.salzburgerland.com\/pl\/wp-json\/wp\/v2\/posts\/14403","targetHints":{"allow":["GET"]}}],"collection":[{"href":"https:\/\/www.salzburgerland.com\/pl\/wp-json\/wp\/v2\/posts"}],"about":[{"href":"https:\/\/www.salzburgerland.com\/pl\/wp-json\/wp\/v2\/types\/post"}],"author":[{"embeddable":true,"href":"https:\/\/www.salzburgerland.com\/pl\/wp-json\/wp\/v2\/users\/4"}],"replies":[{"embeddable":true,"href":"https:\/\/www.salzburgerland.com\/pl\/wp-json\/wp\/v2\/comments?post=14403"}],"version-history":[{"count":5,"href":"https:\/\/www.salzburgerland.com\/pl\/wp-json\/wp\/v2\/posts\/14403\/revisions"}],"predecessor-version":[{"id":18912,"href":"https:\/\/www.salzburgerland.com\/pl\/wp-json\/wp\/v2\/posts\/14403\/revisions\/18912"}],"wp:featuredmedia":[{"embeddable":true,"href":"https:\/\/www.salzburgerland.com\/pl\/wp-json\/wp\/v2\/media\/14406"}],"wp:attachment":[{"href":"https:\/\/www.salzburgerland.com\/pl\/wp-json\/wp\/v2\/media?parent=14403"}],"wp:term":[{"taxonomy":"category","embeddable":true,"href":"https:\/\/www.salzburgerland.com\/pl\/wp-json\/wp\/v2\/categories?post=14403"},{"taxonomy":"post_tag","embeddable":true,"href":"https:\/\/www.salzburgerland.com\/pl\/wp-json\/wp\/v2\/tags?post=14403"},{"taxonomy":"wl_entity_type","embeddable":true,"href":"https:\/\/www.salzburgerland.com\/pl\/wp-json\/wp\/v2\/wl_entity_type?post=14403"}],"curies":[{"name":"wp","href":"https:\/\/api.w.org\/{rel}","templated":true}]}}