{"id":14196,"date":"2022-06-06T19:08:17","date_gmt":"2022-06-06T17:08:17","guid":{"rendered":"https:\/\/www.salzburgerland.com\/pl\/?p=14196"},"modified":"2022-07-28T21:45:30","modified_gmt":"2022-07-28T19:45:30","slug":"region-wypoczynkowy-parku-narodowego-wysokich-taurow-lato-na-halach","status":"publish","type":"post","link":"https:\/\/www.salzburgerland.com\/pl\/region-wypoczynkowy-parku-narodowego-wysokich-taurow-lato-na-halach\/","title":{"rendered":"Lato na halach w Parku Narodowym Wysokich Taur\u00f3w"},"content":{"rendered":"<article class=\"content-element content-element-text \">W Regionie Wypoczynkowym Parku Narodowego Wysokich Taur\u00f3w znajdziemy bardzo du\u017co alpejskich hal, wysokog\u00f3rskich pastwisk i zagospodarowanych chat pasterskich,\u00a0 kt\u00f3re czekaj\u0105 na w\u0119drowc\u00f3w ze smacznym posi\u0142kiem i \u0142aweczk\u0105 z osza\u0142amiaj\u0105cym widokiem Alp. Kiedy na pocz\u0105tku czerwca pasterze i pasterki \u2013 godpodarze hal wprowadzaj\u0105 si\u0119 do swoich bac\u00f3wek, w g\u00f3ry powraca lato na halach. Z ciep\u0142ymi s\u0142onecznymi dniami, z przsmakami regionu Pinzgau, z festynami i d\u0142ugimi wieczorami pod niebem pe\u0142nym gwiazd, kt\u00f3re na wysoko\u015bci od 1000 m n.p.m. wydaje si\u0119 by\u0107 na wyci\u0105gni\u0119cie r\u0119ki.\n<div id=\"attachment_14199\" style=\"width: 1180px\" class=\"wp-caption alignnone\"><img decoding=\"async\" aria-describedby=\"caption-attachment-14199\" class=\"size-1170_658 wp-image-14199\" src=\"https:\/\/cdn.salzburgerland.com\/pl\/wp-content\/uploads\/2022\/06\/rs3846_deniscebulec-x-salzburgerland-0021-lpr-almen-in-grossarltal-1170x658.jpg\" alt=\"\" width=\"1170\" height=\"658\" srcset=\"https:\/\/www.salzburgerland.com\/pl\/wp-content\/uploads\/2022\/06\/rs3846_deniscebulec-x-salzburgerland-0021-lpr-almen-in-grossarltal-1170x658.jpg 1170w, https:\/\/www.salzburgerland.com\/pl\/wp-content\/uploads\/2022\/06\/rs3846_deniscebulec-x-salzburgerland-0021-lpr-almen-in-grossarltal-1200x675.jpg 1200w\" sizes=\"(max-width: 1170px) 100vw, 1170px\"><p id=\"caption-attachment-14199\" class=\"wp-caption-text\">Szlak przez hale w Gasteinertal \u00a9 SalzburgerLand Tourismus, Denis Cebulec<\/p><\/div>\n<p>W czasie Salzburskiego Lata na Halach ten niezwyk\u0142y g\u00f3rski \u015bwiat mo\u017cesz do\u015bwiadczy\u0107 na stu chatach pasterskich i niezliczonych imprezach, na w\u0119dr\u00f3wkach tematycznych, festynach i na halnych biesiadach. Je\u017celi gospodarz jest sam zapalonym w\u0119Drowcem i zna region ze wszystkimi szlakami i halami jak swoj\u0105 w\u0142asn\u0105 kiesze\u0144, to znaczy, \u017ce urlop nie mo\u017ce si\u0119 nie uda\u0107.<\/p>\n<p>Setki starannie oznakowanych szlak\u00f3w pieszych w 13 dolinach Parku Narodowego prowadzi na najpi\u0119kniejsze alpejksie hale, gdzie w bac\u00f3wkach na turyst\u00f3w czekaj\u0105 hity alpejksiej gastronomii. 42 bac\u00f3wki posiadaj\u0105 certyfikat Lata na Halach.<\/p>\n<div id=\"attachment_14200\" style=\"width: 1180px\" class=\"wp-caption alignnone\"><img decoding=\"async\" aria-describedby=\"caption-attachment-14200\" class=\"wp-image-14200 size-1170_658\" src=\"https:\/\/cdn.salzburgerland.com\/pl\/wp-content\/uploads\/2022\/06\/rs360__n4g0963-lpr_slt_ideenwerk-werbeagentur-gmbh-1170x658.jpg\" alt='Ch\u0142opiec na \u0142awce przed drewanian\u0105 bac\u00f3wk\u0105 g\u0142aszcze siedz\u0105cego obok kota. Z jego drugiej strony olbrzymi wiklinowy kosz z kwiatami. Nad nim tablica z certyfikatem \"Lata na Halach\".' width=\"1170\" height=\"658\" srcset=\"https:\/\/www.salzburgerland.com\/pl\/wp-content\/uploads\/2022\/06\/rs360__n4g0963-lpr_slt_ideenwerk-werbeagentur-gmbh-1170x658.jpg 1170w, https:\/\/www.salzburgerland.com\/pl\/wp-content\/uploads\/2022\/06\/rs360__n4g0963-lpr_slt_ideenwerk-werbeagentur-gmbh-1200x675.jpg 1200w\" sizes=\"(max-width: 1170px) 100vw, 1170px\"><p id=\"caption-attachment-14200\" class=\"wp-caption-text\">Alpejkie hale przyci\u0105gaj\u0105 szczeg\u00f3lnie rodzin z dzie\u0107mi \u00a9 SalzburgerLand Tourismus, ideenwerk werbeagentur gmbh<\/p><\/div>\n<\/article>\n<article class=\"content-element content-element-text \">Sezon lata na halach to nie tylko najpi\u0119kniejszy okres dla zapalonych w\u0119drowc\u00f3w, mi\u0142o\u015bnik\u00f3w przyrody i kolarzy g\u00f3rskich, ale to jest wog\u00f3le najwspanialszy czas w g\u00f3rach. Tak\u017ce krowy, konie i owce sp\u0119dzaj\u0105 lato na wysokog\u00f3rskich pastwiskach Parku Narodowego Wysokich Taur\u00f3w, gdzie maj\u0105 do dyspozycji soczyst\u0105 traw\u0119 z alpejskimi zio\u0142ami.\n<div id=\"attachment_14198\" style=\"width: 1180px\" class=\"wp-caption alignnone\"><img decoding=\"async\" aria-describedby=\"caption-attachment-14198\" class=\"wp-image-14198 size-1170_658\" src=\"https:\/\/cdn.salzburgerland.com\/pl\/wp-content\/uploads\/2022\/06\/rs1006__z8a4407-lpr_npht_wandern-in-rauris_bazzoka-creative-1170x658.jpg\" alt=\"Rodzice z c\u00f3rk\u0105 w\u0119Druj\u0105 z plecakami drog\u0105 przez hale w dolinie Rauris w Parku Narodowym Wysokich Taur\u00f3w.\" width=\"1170\" height=\"658\" srcset=\"https:\/\/www.salzburgerland.com\/pl\/wp-content\/uploads\/2022\/06\/rs1006__z8a4407-lpr_npht_wandern-in-rauris_bazzoka-creative-1170x658.jpg 1170w, https:\/\/www.salzburgerland.com\/pl\/wp-content\/uploads\/2022\/06\/rs1006__z8a4407-lpr_npht_wandern-in-rauris_bazzoka-creative-1200x675.jpg 1200w\" sizes=\"(max-width: 1170px) 100vw, 1170px\"><p id=\"caption-attachment-14198\" class=\"wp-caption-text\">W\u0119dr\u00f3wki szlakiem alpejskich hal w Rauris \u00a9 SalzburgerLand Tourismus, Bazzoka Creative<\/p><\/div>\n<\/article>\n","protected":false},"excerpt":{"rendered":"<p>W Regionie Wypoczynkowym Parku Narodowego Wysokich Taur\u00f3w znajdziemy bardzo du\u017co alpejskich hal, wysokog\u00f3rskich pastwisk i zagospodarowanych chat pasterskich,\u00a0 kt\u00f3re czekaj\u0105 na w\u0119drowc\u00f3w ze smacznym posi\u0142kiem i \u0142aweczk\u0105 z osza\u0142amiaj\u0105cym widokiem Alp. Kiedy na pocz\u0105tku czerwca pasterze i pasterki \u2013 godpodarze hal wprowadzaj\u0105 si\u0119 do swoich bac\u00f3wek, w g\u00f3ry powraca lato na halach. Z ciep\u0142ymi s\u0142onecznymi [&hellip;]<\/p>\n","protected":false},"author":4,"featured_media":14197,"comment_status":"closed","ping_status":"closed","sticky":false,"template":"","format":"standard","meta":{"_acf_changed":false,"wl_entities_gutenberg":"","_relevanssi_hide_post":"","_relevanssi_hide_content":"","_relevanssi_pin_for_all":"","_relevanssi_pin_keywords":"","_relevanssi_unpin_keywords":"","_relevanssi_related_keywords":"","_relevanssi_related_include_ids":"","_relevanssi_related_exclude_ids":"","_relevanssi_related_no_append":"","_relevanssi_related_not_related":"","_relevanssi_related_posts":"","_relevanssi_noindex_reason":"","footnotes":""},"categories":[1],"tags":[],"wl_entity_type":[300],"class_list":["post-14196","post","type-post","status-publish","format-standard","has-post-thumbnail","hentry","category-uncategorized","wl_entity_type-article"],"acf":[],"yoast_head":"<!-- This site is optimized with the Yoast SEO Premium plugin v27.4 (Yoast SEO v27.4) - https:\/\/yoast.com\/product\/yoast-seo-premium-wordpress\/ -->\n<title>Lato na halach w Parku Narodowym Wysokich Taur\u00f3w \u00bb SalzburgerLand.com<\/title>\n<meta name=\"robots\" content=\"index, follow, max-snippet:-1, max-image-preview:large, max-video-preview:-1\" \/>\n<link rel=\"canonical\" href=\"https:\/\/www.salzburgerland.com\/pl\/region-wypoczynkowy-parku-narodowego-wysokich-taurow-lato-na-halach\/\" \/>\n<meta property=\"og:locale\" content=\"pl_PL\" \/>\n<meta property=\"og:type\" content=\"article\" \/>\n<meta property=\"og:title\" content=\"Lato na halach w Parku Narodowym Wysokich Taur\u00f3w\" \/>\n<meta property=\"og:description\" content=\"W Regionie Wypoczynkowym Parku Narodowego Wysokich Taur\u00f3w znajdziemy bardzo du\u017co alpejskich hal, wysokog\u00f3rskich pastwisk i zagospodarowanych chat\" \/>\n<meta property=\"og:url\" content=\"https:\/\/www.salzburgerland.com\/pl\/region-wypoczynkowy-parku-narodowego-wysokich-taurow-lato-na-halach\/\" \/>\n<meta property=\"og:site_name\" content=\"SalzburgerLand.com\" \/>\n<meta property=\"article:publisher\" content=\"https:\/\/www.facebook.com\/visitsalzburgerland\/\" \/>\n<meta property=\"article:published_time\" content=\"2022-06-06T17:08:17+00:00\" \/>\n<meta property=\"article:modified_time\" content=\"2022-07-28T19:45:30+00:00\" \/>\n<meta property=\"og:image\" content=\"https:\/\/www.salzburgerland.com\/pl\/wp-content\/uploads\/2022\/06\/rs1588_2016-07-27-slt-shooitng-rauris-img_1179-lpr_npht_michael-groessinger_slt-1200x675.jpg\" \/>\n\t<meta property=\"og:image:width\" content=\"1200\" \/>\n\t<meta property=\"og:image:height\" content=\"675\" \/>\n\t<meta property=\"og:image:type\" content=\"image\/jpeg\" \/>\n<meta name=\"author\" content=\"Izabela Gartner\" \/>\n<meta name=\"twitter:card\" content=\"summary_large_image\" \/>\n<meta name=\"twitter:creator\" content=\"@salzburgerland\" \/>\n<meta name=\"twitter:site\" content=\"@salzburgerland\" \/>\n<meta name=\"twitter:label1\" content=\"Napisane przez\" \/>\n\t<meta name=\"twitter:data1\" content=\"Izabela Gartner\" \/>\n\t<meta name=\"twitter:label2\" content=\"Szacowany czas czytania\" \/>\n\t<meta name=\"twitter:data2\" content=\"3 minuty\" \/>\n<script type=\"application\/ld+json\" class=\"yoast-schema-graph\">{\"@context\":\"https:\\\/\\\/schema.org\",\"@graph\":[{\"@type\":\"Article\",\"@id\":\"https:\\\/\\\/www.salzburgerland.com\\\/pl\\\/region-wypoczynkowy-parku-narodowego-wysokich-taurow-lato-na-halach\\\/#article\",\"isPartOf\":{\"@id\":\"https:\\\/\\\/www.salzburgerland.com\\\/pl\\\/region-wypoczynkowy-parku-narodowego-wysokich-taurow-lato-na-halach\\\/\"},\"author\":{\"name\":\"Izabela Gartner\",\"@id\":\"https:\\\/\\\/www.salzburgerland.com\\\/pl\\\/#\\\/schema\\\/person\\\/c10420e9897d4ca984317db556f04804\"},\"headline\":\"Lato na halach w Parku Narodowym Wysokich Taur\u00f3w\",\"datePublished\":\"2022-06-06T17:08:17+00:00\",\"dateModified\":\"2022-07-28T19:45:30+00:00\",\"mainEntityOfPage\":{\"@id\":\"https:\\\/\\\/www.salzburgerland.com\\\/pl\\\/region-wypoczynkowy-parku-narodowego-wysokich-taurow-lato-na-halach\\\/\"},\"wordCount\":330,\"image\":{\"@id\":\"https:\\\/\\\/www.salzburgerland.com\\\/pl\\\/region-wypoczynkowy-parku-narodowego-wysokich-taurow-lato-na-halach\\\/#primaryimage\"},\"thumbnailUrl\":\"https:\\\/\\\/www.salzburgerland.com\\\/pl\\\/wp-content\\\/uploads\\\/2022\\\/06\\\/rs1588_2016-07-27-slt-shooitng-rauris-img_1179-lpr_npht_michael-groessinger_slt.jpg\",\"articleSection\":[\"Uncategorized\"],\"inLanguage\":\"pl-PL\"},{\"@type\":\"WebPage\",\"@id\":\"https:\\\/\\\/www.salzburgerland.com\\\/pl\\\/region-wypoczynkowy-parku-narodowego-wysokich-taurow-lato-na-halach\\\/\",\"url\":\"https:\\\/\\\/www.salzburgerland.com\\\/pl\\\/region-wypoczynkowy-parku-narodowego-wysokich-taurow-lato-na-halach\\\/\",\"name\":\"Lato na halach w Parku Narodowym Wysokich Taur\u00f3w \u00bb SalzburgerLand.com\",\"isPartOf\":{\"@id\":\"https:\\\/\\\/www.salzburgerland.com\\\/pl\\\/#website\"},\"primaryImageOfPage\":{\"@id\":\"https:\\\/\\\/www.salzburgerland.com\\\/pl\\\/region-wypoczynkowy-parku-narodowego-wysokich-taurow-lato-na-halach\\\/#primaryimage\"},\"image\":{\"@id\":\"https:\\\/\\\/www.salzburgerland.com\\\/pl\\\/region-wypoczynkowy-parku-narodowego-wysokich-taurow-lato-na-halach\\\/#primaryimage\"},\"thumbnailUrl\":\"https:\\\/\\\/www.salzburgerland.com\\\/pl\\\/wp-content\\\/uploads\\\/2022\\\/06\\\/rs1588_2016-07-27-slt-shooitng-rauris-img_1179-lpr_npht_michael-groessinger_slt.jpg\",\"datePublished\":\"2022-06-06T17:08:17+00:00\",\"dateModified\":\"2022-07-28T19:45:30+00:00\",\"author\":{\"@id\":\"https:\\\/\\\/www.salzburgerland.com\\\/pl\\\/#\\\/schema\\\/person\\\/c10420e9897d4ca984317db556f04804\"},\"description\":\"W Parku Narodowym Wysokich Taur\u00f3w znajdziemy niezliczon\u0105 ilo\u015b\u0107 alpejskich hal, wysokog\u00f3rskich pastwisk i zagospodarowanych chat pasterskich,\u00a0kt\u00f3re czekaj\u0105 na w\u0119drowc\u00f3w ze smacznym posi\u0142kiem i \u0142aweczk\u0105 z osza\u0142amiaj\u0105cym widokiem trzytysi\u0119cznik\u00f3w.\",\"breadcrumb\":{\"@id\":\"https:\\\/\\\/www.salzburgerland.com\\\/pl\\\/region-wypoczynkowy-parku-narodowego-wysokich-taurow-lato-na-halach\\\/#breadcrumb\"},\"inLanguage\":\"pl-PL\",\"potentialAction\":[{\"@type\":\"ReadAction\",\"target\":[\"https:\\\/\\\/www.salzburgerland.com\\\/pl\\\/region-wypoczynkowy-parku-narodowego-wysokich-taurow-lato-na-halach\\\/\"]}]},{\"@type\":\"ImageObject\",\"inLanguage\":\"pl-PL\",\"@id\":\"https:\\\/\\\/www.salzburgerland.com\\\/pl\\\/region-wypoczynkowy-parku-narodowego-wysokich-taurow-lato-na-halach\\\/#primaryimage\",\"url\":\"https:\\\/\\\/www.salzburgerland.com\\\/pl\\\/wp-content\\\/uploads\\\/2022\\\/06\\\/rs1588_2016-07-27-slt-shooitng-rauris-img_1179-lpr_npht_michael-groessinger_slt.jpg\",\"contentUrl\":\"https:\\\/\\\/www.salzburgerland.com\\\/pl\\\/wp-content\\\/uploads\\\/2022\\\/06\\\/rs1588_2016-07-27-slt-shooitng-rauris-img_1179-lpr_npht_michael-groessinger_slt.jpg\",\"width\":1920,\"height\":1280,\"caption\":\"W\u0119dr\u00f3wki w Rauris, w Parku Narodowym Wysokich Taur\u00f3w \u00a9 SalzburgerLand Tourismus, Michael Groessinger\"},{\"@type\":\"BreadcrumbList\",\"@id\":\"https:\\\/\\\/www.salzburgerland.com\\\/pl\\\/region-wypoczynkowy-parku-narodowego-wysokich-taurow-lato-na-halach\\\/#breadcrumb\",\"itemListElement\":[{\"@type\":\"ListItem\",\"position\":1,\"name\":\"Lato w Regionie Wypoczynkowym Parku Narodowego Wysokich Taur\u00f3w\",\"item\":\"https:\\\/\\\/www.salzburgerland.com\\\/pl\\\/region-wypoczynkowy-parku-narodowego-wysokich-taurow-lato\\\/\"},{\"@type\":\"ListItem\",\"position\":2,\"name\":\"Lato na halach w Parku Narodowym Wysokich Taur\u00f3w\"}]},{\"@type\":\"WebSite\",\"@id\":\"https:\\\/\\\/www.salzburgerland.com\\\/pl\\\/#website\",\"url\":\"https:\\\/\\\/www.salzburgerland.com\\\/pl\\\/\",\"name\":\"SalzburgerLand.com\",\"description\":\"Urlop Salzburg : hotele : turystyka Ziemia Salzburska : kultura : rodzinny urlop Ziemia Salzburska : informacja turystyczna : noclegi Austria : aktywny wypoczynek\",\"potentialAction\":[{\"@type\":\"SearchAction\",\"target\":{\"@type\":\"EntryPoint\",\"urlTemplate\":\"https:\\\/\\\/www.salzburgerland.com\\\/pl\\\/?s={search_term_string}\"},\"query-input\":{\"@type\":\"PropertyValueSpecification\",\"valueRequired\":true,\"valueName\":\"search_term_string\"}}],\"inLanguage\":\"pl-PL\"},{\"@type\":\"Person\",\"@id\":\"https:\\\/\\\/www.salzburgerland.com\\\/pl\\\/#\\\/schema\\\/person\\\/c10420e9897d4ca984317db556f04804\",\"name\":\"Izabela Gartner\",\"image\":{\"@type\":\"ImageObject\",\"inLanguage\":\"pl-PL\",\"@id\":\"https:\\\/\\\/secure.gravatar.com\\\/avatar\\\/062a6263a145aaa718f0b029a735b6557e456ff63f9e65056a4352d3c0a06e4d?s=96&d=mm&r=g\",\"url\":\"https:\\\/\\\/secure.gravatar.com\\\/avatar\\\/062a6263a145aaa718f0b029a735b6557e456ff63f9e65056a4352d3c0a06e4d?s=96&d=mm&r=g\",\"contentUrl\":\"https:\\\/\\\/secure.gravatar.com\\\/avatar\\\/062a6263a145aaa718f0b029a735b6557e456ff63f9e65056a4352d3c0a06e4d?s=96&d=mm&r=g\",\"caption\":\"Izabela Gartner\"}}]}<\/script>\n<!-- \/ Yoast SEO Premium plugin. -->","yoast_head_json":{"title":"Lato na halach w Parku Narodowym Wysokich Taur\u00f3w \u00bb SalzburgerLand.com","robots":{"index":"index","follow":"follow","max-snippet":"max-snippet:-1","max-image-preview":"max-image-preview:large","max-video-preview":"max-video-preview:-1"},"canonical":"https:\/\/www.salzburgerland.com\/pl\/region-wypoczynkowy-parku-narodowego-wysokich-taurow-lato-na-halach\/","og_locale":"pl_PL","og_type":"article","og_title":"Lato na halach w Parku Narodowym Wysokich Taur\u00f3w","og_description":"W Regionie Wypoczynkowym Parku Narodowego Wysokich Taur\u00f3w znajdziemy bardzo du\u017co alpejskich hal, wysokog\u00f3rskich pastwisk i zagospodarowanych chat","og_url":"https:\/\/www.salzburgerland.com\/pl\/region-wypoczynkowy-parku-narodowego-wysokich-taurow-lato-na-halach\/","og_site_name":"SalzburgerLand.com","article_publisher":"https:\/\/www.facebook.com\/visitsalzburgerland\/","article_published_time":"2022-06-06T17:08:17+00:00","article_modified_time":"2022-07-28T19:45:30+00:00","og_image":[{"width":1200,"height":675,"url":"https:\/\/www.salzburgerland.com\/pl\/wp-content\/uploads\/2022\/06\/rs1588_2016-07-27-slt-shooitng-rauris-img_1179-lpr_npht_michael-groessinger_slt-1200x675.jpg","type":"image\/jpeg"}],"author":"Izabela Gartner","twitter_card":"summary_large_image","twitter_creator":"@salzburgerland","twitter_site":"@salzburgerland","twitter_misc":{"Napisane przez":"Izabela Gartner","Szacowany czas czytania":"3 minuty"},"schema":{"@context":"https:\/\/schema.org","@graph":[{"@type":"Article","@id":"https:\/\/www.salzburgerland.com\/pl\/region-wypoczynkowy-parku-narodowego-wysokich-taurow-lato-na-halach\/#article","isPartOf":{"@id":"https:\/\/www.salzburgerland.com\/pl\/region-wypoczynkowy-parku-narodowego-wysokich-taurow-lato-na-halach\/"},"author":{"name":"Izabela Gartner","@id":"https:\/\/www.salzburgerland.com\/pl\/#\/schema\/person\/c10420e9897d4ca984317db556f04804"},"headline":"Lato na halach w Parku Narodowym Wysokich Taur\u00f3w","datePublished":"2022-06-06T17:08:17+00:00","dateModified":"2022-07-28T19:45:30+00:00","mainEntityOfPage":{"@id":"https:\/\/www.salzburgerland.com\/pl\/region-wypoczynkowy-parku-narodowego-wysokich-taurow-lato-na-halach\/"},"wordCount":330,"image":{"@id":"https:\/\/www.salzburgerland.com\/pl\/region-wypoczynkowy-parku-narodowego-wysokich-taurow-lato-na-halach\/#primaryimage"},"thumbnailUrl":"https:\/\/www.salzburgerland.com\/pl\/wp-content\/uploads\/2022\/06\/rs1588_2016-07-27-slt-shooitng-rauris-img_1179-lpr_npht_michael-groessinger_slt.jpg","articleSection":["Uncategorized"],"inLanguage":"pl-PL"},{"@type":"WebPage","@id":"https:\/\/www.salzburgerland.com\/pl\/region-wypoczynkowy-parku-narodowego-wysokich-taurow-lato-na-halach\/","url":"https:\/\/www.salzburgerland.com\/pl\/region-wypoczynkowy-parku-narodowego-wysokich-taurow-lato-na-halach\/","name":"Lato na halach w Parku Narodowym Wysokich Taur\u00f3w \u00bb SalzburgerLand.com","isPartOf":{"@id":"https:\/\/www.salzburgerland.com\/pl\/#website"},"primaryImageOfPage":{"@id":"https:\/\/www.salzburgerland.com\/pl\/region-wypoczynkowy-parku-narodowego-wysokich-taurow-lato-na-halach\/#primaryimage"},"image":{"@id":"https:\/\/www.salzburgerland.com\/pl\/region-wypoczynkowy-parku-narodowego-wysokich-taurow-lato-na-halach\/#primaryimage"},"thumbnailUrl":"https:\/\/www.salzburgerland.com\/pl\/wp-content\/uploads\/2022\/06\/rs1588_2016-07-27-slt-shooitng-rauris-img_1179-lpr_npht_michael-groessinger_slt.jpg","datePublished":"2022-06-06T17:08:17+00:00","dateModified":"2022-07-28T19:45:30+00:00","author":{"@id":"https:\/\/www.salzburgerland.com\/pl\/#\/schema\/person\/c10420e9897d4ca984317db556f04804"},"description":"W Parku Narodowym Wysokich Taur\u00f3w znajdziemy niezliczon\u0105 ilo\u015b\u0107 alpejskich hal, wysokog\u00f3rskich pastwisk i zagospodarowanych chat pasterskich,\u00a0kt\u00f3re czekaj\u0105 na w\u0119drowc\u00f3w ze smacznym posi\u0142kiem i \u0142aweczk\u0105 z osza\u0142amiaj\u0105cym widokiem trzytysi\u0119cznik\u00f3w.","breadcrumb":{"@id":"https:\/\/www.salzburgerland.com\/pl\/region-wypoczynkowy-parku-narodowego-wysokich-taurow-lato-na-halach\/#breadcrumb"},"inLanguage":"pl-PL","potentialAction":[{"@type":"ReadAction","target":["https:\/\/www.salzburgerland.com\/pl\/region-wypoczynkowy-parku-narodowego-wysokich-taurow-lato-na-halach\/"]}]},{"@type":"ImageObject","inLanguage":"pl-PL","@id":"https:\/\/www.salzburgerland.com\/pl\/region-wypoczynkowy-parku-narodowego-wysokich-taurow-lato-na-halach\/#primaryimage","url":"https:\/\/www.salzburgerland.com\/pl\/wp-content\/uploads\/2022\/06\/rs1588_2016-07-27-slt-shooitng-rauris-img_1179-lpr_npht_michael-groessinger_slt.jpg","contentUrl":"https:\/\/www.salzburgerland.com\/pl\/wp-content\/uploads\/2022\/06\/rs1588_2016-07-27-slt-shooitng-rauris-img_1179-lpr_npht_michael-groessinger_slt.jpg","width":1920,"height":1280,"caption":"W\u0119dr\u00f3wki w Rauris, w Parku Narodowym Wysokich Taur\u00f3w \u00a9 SalzburgerLand Tourismus, Michael Groessinger"},{"@type":"BreadcrumbList","@id":"https:\/\/www.salzburgerland.com\/pl\/region-wypoczynkowy-parku-narodowego-wysokich-taurow-lato-na-halach\/#breadcrumb","itemListElement":[{"@type":"ListItem","position":1,"name":"Lato w Regionie Wypoczynkowym Parku Narodowego Wysokich Taur\u00f3w","item":"https:\/\/www.salzburgerland.com\/pl\/region-wypoczynkowy-parku-narodowego-wysokich-taurow-lato\/"},{"@type":"ListItem","position":2,"name":"Lato na halach w Parku Narodowym Wysokich Taur\u00f3w"}]},{"@type":"WebSite","@id":"https:\/\/www.salzburgerland.com\/pl\/#website","url":"https:\/\/www.salzburgerland.com\/pl\/","name":"SalzburgerLand.com","description":"Urlop Salzburg : hotele : turystyka Ziemia Salzburska : kultura : rodzinny urlop Ziemia Salzburska : informacja turystyczna : noclegi Austria : aktywny wypoczynek","potentialAction":[{"@type":"SearchAction","target":{"@type":"EntryPoint","urlTemplate":"https:\/\/www.salzburgerland.com\/pl\/?s={search_term_string}"},"query-input":{"@type":"PropertyValueSpecification","valueRequired":true,"valueName":"search_term_string"}}],"inLanguage":"pl-PL"},{"@type":"Person","@id":"https:\/\/www.salzburgerland.com\/pl\/#\/schema\/person\/c10420e9897d4ca984317db556f04804","name":"Izabela Gartner","image":{"@type":"ImageObject","inLanguage":"pl-PL","@id":"https:\/\/secure.gravatar.com\/avatar\/062a6263a145aaa718f0b029a735b6557e456ff63f9e65056a4352d3c0a06e4d?s=96&d=mm&r=g","url":"https:\/\/secure.gravatar.com\/avatar\/062a6263a145aaa718f0b029a735b6557e456ff63f9e65056a4352d3c0a06e4d?s=96&d=mm&r=g","contentUrl":"https:\/\/secure.gravatar.com\/avatar\/062a6263a145aaa718f0b029a735b6557e456ff63f9e65056a4352d3c0a06e4d?s=96&d=mm&r=g","caption":"Izabela Gartner"}}]}},"_wl_alt_label":[],"wl:entity_url":"http:\/\/open.salzburgerland.com\/pl\/post\/lato-na-halach-w-parku-narodowym-wysokich-taurow-14196","_links":{"self":[{"href":"https:\/\/www.salzburgerland.com\/pl\/wp-json\/wp\/v2\/posts\/14196","targetHints":{"allow":["GET"]}}],"collection":[{"href":"https:\/\/www.salzburgerland.com\/pl\/wp-json\/wp\/v2\/posts"}],"about":[{"href":"https:\/\/www.salzburgerland.com\/pl\/wp-json\/wp\/v2\/types\/post"}],"author":[{"embeddable":true,"href":"https:\/\/www.salzburgerland.com\/pl\/wp-json\/wp\/v2\/users\/4"}],"replies":[{"embeddable":true,"href":"https:\/\/www.salzburgerland.com\/pl\/wp-json\/wp\/v2\/comments?post=14196"}],"version-history":[{"count":5,"href":"https:\/\/www.salzburgerland.com\/pl\/wp-json\/wp\/v2\/posts\/14196\/revisions"}],"predecessor-version":[{"id":14468,"href":"https:\/\/www.salzburgerland.com\/pl\/wp-json\/wp\/v2\/posts\/14196\/revisions\/14468"}],"wp:featuredmedia":[{"embeddable":true,"href":"https:\/\/www.salzburgerland.com\/pl\/wp-json\/wp\/v2\/media\/14197"}],"wp:attachment":[{"href":"https:\/\/www.salzburgerland.com\/pl\/wp-json\/wp\/v2\/media?parent=14196"}],"wp:term":[{"taxonomy":"category","embeddable":true,"href":"https:\/\/www.salzburgerland.com\/pl\/wp-json\/wp\/v2\/categories?post=14196"},{"taxonomy":"post_tag","embeddable":true,"href":"https:\/\/www.salzburgerland.com\/pl\/wp-json\/wp\/v2\/tags?post=14196"},{"taxonomy":"wl_entity_type","embeddable":true,"href":"https:\/\/www.salzburgerland.com\/pl\/wp-json\/wp\/v2\/wl_entity_type?post=14196"}],"curies":[{"name":"wp","href":"https:\/\/api.w.org\/{rel}","templated":true}]}}