{"id":12169,"date":"2021-11-01T21:33:46","date_gmt":"2021-11-01T20:33:46","guid":{"rendered":"https:\/\/www.salzburgerland.com\/pl\/?p=12169"},"modified":"2022-11-12T21:45:24","modified_gmt":"2022-11-12T20:45:24","slug":"zrob-wlasny-wieniec-adwentowy","status":"publish","type":"post","link":"https:\/\/www.salzburgerland.com\/pl\/zrob-wlasny-wieniec-adwentowy\/","title":{"rendered":"Zr\u00f3b w\u0142asny wieniec adwentowy"},"content":{"rendered":"<p>Co jest potrzebne, aby wykona\u0107 w\u0142asny wieniec adwentowy? W zasadzie niewiele. Opr\u00f3cz <strong>ga\u0142\u0105zek \u015bwierku<\/strong>,<strong> s\u0142omianego ko\u0142a<\/strong>\u00a0i <strong>czterech \u015bwieczek<\/strong> nie powinni\u015bmy zapomniw\u0107 o cienkim <strong>drucie<\/strong>. A poza tym najr\u00f3\u017cniejsze ozdoby, wedle w\u0142asnego uzniania: <strong>szyszki<\/strong>, <strong>bombki<\/strong>, <strong>laski cynamonu<\/strong>, <strong>wst\u0105\u017cczki<\/strong>, <strong>dzwoneczki<\/strong>. Wszystko to co lubimy i co podpowiada nam wyobra\u017ania. Warto te\u017c mie\u0107 <strong>klej do klejenia na gor\u0105co<\/strong>, aby umocowa\u0107 dekoracje. I mo\u017cemy zaczyna\u0107. Tak\u017ce dzieci pal\u0105 si\u0119 do pomagania przy wi\u0105zaniu i zdobieniu.<\/p>\n<p><strong>Najpierw zaplatamy w\u0142asny wieniec.<\/strong> Wi\u0105\u017cemy ga\u0142\u0105zki \u015bwierku w ma\u0142e bukiety i k\u0142adziemy na wieniec ze s\u0142omy. Drutem obwi\u0105zujemy ko\u0144ce ga\u0142\u0105zek i przywi\u0105zujemy \u015bci\u015ble do s\u0142omianej podstawy. Bierzemy nast\u0119pn\u0105 parti\u0119 ga\u0142\u0105zek i zn\u00f3w przywi\u0105zujemy j\u0105 \u015bci\u015ble do s\u0142omianego ko\u0142a. Dok\u0142adamy ga\u0142\u0105zek i obwi\u0105zujemy drutem dooko\u0142a s\u0142omianego ko\u0142a tak cz\u0119sto, a\u017c stanie si\u0119 niewidowczny, a nasz zielony w\u0142asny stroik\u00a0 osi\u0105gnie po\u017c\u0105dan\u0105 grubo\u015b\u0107 i g\u0119sto\u015b\u0107. Ko\u0144c\u00f3wk\u0119 drutu wtykamy po prostu w wieniec. Odstaj\u0105ce ga\u0142\u0105zki obcinamy lub skracamy no\u017cycami ogrodowymi, puste miejsca wypa\u0142niamy nowymi ga\u0142\u0105zkami. Sprawdzamy, czy wieniec jest dosy\u0107 g\u0119sty i kszta\u0142tny. I ju\u017c mamy gotowy nasz podstawowy wieniec.<\/p>\n<p><strong>Teraz pora na udekorowanie<\/strong> <strong>stroika<\/strong> \u2013 najprzejemniejsz\u0105 cz\u0119\u015b\u0107 pracy. T\u0119 czynno\u015b\u0107 uwielbiaj\u0105 dzieci. Najpierw u\u0142\u00f3\u017cmy wszystkie ozdoby na wie\u0144cu we w\u0142a\u015bciwych miejscach, a dopiero potem przytwierdzajmy je do niego przy pomocy kleju na gor\u0105co. Nasz przedstawiony na zdj\u0119ciach wieniec ozdobili\u015bmy najpierw szyszkami, a nast\u0119pnie laskami cynamonu, bombkami i plastrami suszonych pomara\u0144czy. Tw\u00f3j w\u0142asny wieniec mo\u017cesz ozdobi\u0107 wed\u0142ug swojego uznania.<\/p>\n<p><strong>Na koniec umocujmy do wie\u0144ca 4 \u015bwieczki<\/strong> w miejscu godziny dwunastej, sz\u00f3stej, trzeciej i dziewi\u0105tej, i stroik jest gotowy. Nasz w\u0142asny wieniec, samodzielnie wykonany, niepowtarzalny, na kt\u00f3rym w <a href=\"https:\/\/www.salzburgerland.com\/pl\/jarmarki-i-tradycja-adwentowa\/\" target=\"_blank\" rel=\"noopener\">kolejne niedziele adwentu<\/a> zapala\u0107 b\u0119dziemy kolejne \u015bwieczki, a\u017c do Wigilii.<\/p>\n<p>A kiedy siedzimy w przytulnym, ciep\u0142ym pokoju i tworzymy w\u0142asny wieniec, umilmy sobie czas kubkiem smacznego gor\u0105cego ponczu \u2013 bezalkoholowego lub z alkoholem.<\/p>\n\n\t\t\t<div id=\"12169-1\" class=\"gallery gallery-12169 gallery-columns-3 gallery-size-1170_658\" itemscope itemtype=\"http:\/\/schema.org\/ImageGallery\">\n\t\t\t\t<ul class=\"gallery-row gallery-col-3 gallery-clear\">\n\t\t\t\t\t<li class=\"gallery-item col-3\" itemprop=\"associatedMedia\" itemscope itemtype=\"http:\/\/schema.org\/ImageObject\">\n\t\t\t\t\t\t<div class=\"gallery-icon landscape\"><a href=\"https:\/\/www.salzburgerland.com\/pl\/wp-content\/uploads\/2021\/11\/adventskranz_118.jpg\" title=\"adventskranz_118\"><img decoding=\"async\" data-title=\"Wieniec adwentowy krok po kroku \u00a9 SalzburgerLand Tourismus, Heiko Mandl\" title=\"Wieniec adwentowy krok po kroku \u00a9 SalzburgerLand Tourismus, Heiko Mandl\" data-caption=\"Wieniec adwentowy krok po kroku \u00a9 SalzburgerLand Tourismus, Heiko Mandl\" width=\"1170\" height=\"658\" src=\"https:\/\/www.salzburgerland.com\/pl\/wp-content\/uploads\/2021\/11\/adventskranz_118-1170x658.jpg\" class=\"attachment-1170_658 size-1170_658\" alt=\"Aby wynia\u0107 sw\u00f3j w\u0142asny wieniec \u015bwi\u0105teczny, przygotuj na pocz\u0105tku wszystkie jego elementy. (Powi\u0119kszony widok)\" srcset=\"https:\/\/www.salzburgerland.com\/pl\/wp-content\/uploads\/2021\/11\/adventskranz_118-1170x658.jpg 1170w, https:\/\/www.salzburgerland.com\/pl\/wp-content\/uploads\/2021\/11\/adventskranz_118-1200x675.jpg 1200w\" sizes=\"(max-width: 1170px) 100vw, 1170px\" aria-describedby=\"figcaption-12169-12174\" itemprop=\"thumbnail\"><\/a><\/div>\n\t\t\t\t\t\t<span id=\"figcaption-12169-12174\" class=\"gallery-caption\" itemprop=\"caption\"><span aria-hidden=\"true\">Wieniec adwentowy krok po kroku \u00a9 SalzburgerLand Tourismus, Heiko Mandl<\/span><\/span>\n\t\t\t\t\t<\/li>\n\t\t\t\t\t<li class=\"gallery-item col-3\" itemprop=\"associatedMedia\" itemscope itemtype=\"http:\/\/schema.org\/ImageObject\">\n\t\t\t\t\t\t<div class=\"gallery-icon landscape\"><a href=\"https:\/\/www.salzburgerland.com\/pl\/wp-content\/uploads\/2021\/11\/adventskranz_107.jpg\" title=\"adventskranz_107\"><img decoding=\"async\" data-title=\"Wieniec adwentowy krok po kroku \u00a9 SalzburgerLand Tourismus, Heiko Mandl\" title=\"Wieniec adwentowy krok po kroku \u00a9 SalzburgerLand Tourismus, Heiko Mandl\" data-caption=\"Wieniec adwentowy krok po kroku \u00a9 SalzburgerLand Tourismus, Heiko Mandl\" width=\"1170\" height=\"658\" src=\"https:\/\/www.salzburgerland.com\/pl\/wp-content\/uploads\/2021\/11\/adventskranz_107-1170x658.jpg\" class=\"attachment-1170_658 size-1170_658\" alt=\"Do wykonania w\u0142asnego wie\u0144ca potrzebujesz s\u0142omianego wie\u0144ca i ga\u0142\u0105zek jod\u0142y. (Powi\u0119kszony widok)\" srcset=\"https:\/\/www.salzburgerland.com\/pl\/wp-content\/uploads\/2021\/11\/adventskranz_107-1170x658.jpg 1170w, https:\/\/www.salzburgerland.com\/pl\/wp-content\/uploads\/2021\/11\/adventskranz_107-1200x675.jpg 1200w\" sizes=\"(max-width: 1170px) 100vw, 1170px\" aria-describedby=\"figcaption-12169-12175\" itemprop=\"thumbnail\"><\/a><\/div>\n\t\t\t\t\t\t<span id=\"figcaption-12169-12175\" class=\"gallery-caption\" itemprop=\"caption\"><span aria-hidden=\"true\">Wieniec adwentowy krok po kroku \u00a9 SalzburgerLand Tourismus, Heiko Mandl<\/span><\/span>\n\t\t\t\t\t<\/li>\n\t\t\t\t\t<li class=\"gallery-item col-3\" itemprop=\"associatedMedia\" itemscope itemtype=\"http:\/\/schema.org\/ImageObject\">\n\t\t\t\t\t\t<div class=\"gallery-icon landscape\"><a href=\"https:\/\/www.salzburgerland.com\/pl\/wp-content\/uploads\/2021\/11\/adventskranz_109.jpg\" title=\"adventskranz_109\"><img decoding=\"async\" data-title=\"Wieniec adwentowy krok po kroku \u00a9 SalzburgerLand Tourismus, Heiko Mandl\" title=\"Wieniec adwentowy krok po kroku \u00a9 SalzburgerLand Tourismus, Heiko Mandl\" data-caption=\"Wieniec adwentowy krok po kroku \u00a9 SalzburgerLand Tourismus, Heiko Mandl\" width=\"1170\" height=\"658\" src=\"https:\/\/www.salzburgerland.com\/pl\/wp-content\/uploads\/2021\/11\/adventskranz_109-1170x658.jpg\" class=\"attachment-1170_658 size-1170_658\" alt=\"Przygotuj ga\u0142\u0105zki jod\u0142y, z kt\u00f3rych upleciesz w\u0142asny wienec adwentowy. (Powi\u0119kszony widok)\" srcset=\"https:\/\/www.salzburgerland.com\/pl\/wp-content\/uploads\/2021\/11\/adventskranz_109-1170x658.jpg 1170w, https:\/\/www.salzburgerland.com\/pl\/wp-content\/uploads\/2021\/11\/adventskranz_109-1200x675.jpg 1200w\" sizes=\"(max-width: 1170px) 100vw, 1170px\" aria-describedby=\"figcaption-12169-12176\" itemprop=\"thumbnail\"><\/a><\/div>\n\t\t\t\t\t\t<span id=\"figcaption-12169-12176\" class=\"gallery-caption\" itemprop=\"caption\"><span aria-hidden=\"true\">Wieniec adwentowy krok po kroku \u00a9 SalzburgerLand Tourismus, Heiko Mandl<\/span><\/span>\n\t\t\t\t\t<\/li>\n\t\t\t\t<\/ul>\n\t\t\t\t<ul class=\"gallery-row gallery-col-3 gallery-clear\">\n\t\t\t\t\t<li class=\"gallery-item col-3\" itemprop=\"associatedMedia\" itemscope itemtype=\"http:\/\/schema.org\/ImageObject\">\n\t\t\t\t\t\t<div class=\"gallery-icon landscape\"><a href=\"https:\/\/www.salzburgerland.com\/pl\/wp-content\/uploads\/2021\/11\/adventskranz_117.jpg\" title=\"adventskranz_117\"><img decoding=\"async\" data-title=\"Wieniec adwentowy krok po kroku \u00a9 SalzburgerLand Tourismus, Heiko Mandl\" title=\"Wieniec adwentowy krok po kroku \u00a9 SalzburgerLand Tourismus, Heiko Mandl\" data-caption=\"Wieniec adwentowy krok po kroku \u00a9 SalzburgerLand Tourismus, Heiko Mandl\" width=\"1170\" height=\"658\" src=\"https:\/\/www.salzburgerland.com\/pl\/wp-content\/uploads\/2021\/11\/adventskranz_117-1170x658.jpg\" class=\"attachment-1170_658 size-1170_658\" alt=\"S\u0142ominy wieniec ople\u0107 g\u0119sto ga\u0142\u0105zkami jod\u0142y. (Powi\u0119kszony widok)\" srcset=\"https:\/\/www.salzburgerland.com\/pl\/wp-content\/uploads\/2021\/11\/adventskranz_117-1170x658.jpg 1170w, https:\/\/www.salzburgerland.com\/pl\/wp-content\/uploads\/2021\/11\/adventskranz_117-1200x675.jpg 1200w\" sizes=\"(max-width: 1170px) 100vw, 1170px\" aria-describedby=\"figcaption-12169-12177\" itemprop=\"thumbnail\"><\/a><\/div>\n\t\t\t\t\t\t<span id=\"figcaption-12169-12177\" class=\"gallery-caption\" itemprop=\"caption\"><span aria-hidden=\"true\">Wieniec adwentowy krok po kroku \u00a9 SalzburgerLand Tourismus, Heiko Mandl<\/span><\/span>\n\t\t\t\t\t<\/li>\n\t\t\t\t\t<li class=\"gallery-item col-3\" itemprop=\"associatedMedia\" itemscope itemtype=\"http:\/\/schema.org\/ImageObject\">\n\t\t\t\t\t\t<div class=\"gallery-icon landscape\"><a href=\"https:\/\/www.salzburgerland.com\/pl\/wp-content\/uploads\/2021\/11\/adventskranz_119.jpg\" title=\"adventskranz_119\"><img decoding=\"async\" data-title=\"Wieniec adwentowy krok po kroku \u00a9 SalzburgerLand Tourismus, Heiko Mandl\" title=\"Wieniec adwentowy krok po kroku \u00a9 SalzburgerLand Tourismus, Heiko Mandl\" data-caption=\"Wieniec adwentowy krok po kroku \u00a9 SalzburgerLand Tourismus, Heiko Mandl\" width=\"1170\" height=\"658\" src=\"https:\/\/www.salzburgerland.com\/pl\/wp-content\/uploads\/2021\/11\/adventskranz_119-1170x658.jpg\" class=\"attachment-1170_658 size-1170_658\" alt=\"W kolejnym kroku umocuj ga\u0142\u0105zki jod\u0142y do podstawy stroika \u015bwi\u0105tecznego cienkim drutem. (Powi\u0119kszony widok)\" srcset=\"https:\/\/www.salzburgerland.com\/pl\/wp-content\/uploads\/2021\/11\/adventskranz_119-1170x658.jpg 1170w, https:\/\/www.salzburgerland.com\/pl\/wp-content\/uploads\/2021\/11\/adventskranz_119-1200x675.jpg 1200w\" sizes=\"(max-width: 1170px) 100vw, 1170px\" aria-describedby=\"figcaption-12169-12178\" itemprop=\"thumbnail\"><\/a><\/div>\n\t\t\t\t\t\t<span id=\"figcaption-12169-12178\" class=\"gallery-caption\" itemprop=\"caption\"><span aria-hidden=\"true\">Wieniec adwentowy krok po kroku \u00a9 SalzburgerLand Tourismus, Heiko Mandl<\/span><\/span>\n\t\t\t\t\t<\/li>\n\t\t\t\t\t<li class=\"gallery-item col-3\" itemprop=\"associatedMedia\" itemscope itemtype=\"http:\/\/schema.org\/ImageObject\">\n\t\t\t\t\t\t<div class=\"gallery-icon landscape\"><a href=\"https:\/\/www.salzburgerland.com\/pl\/wp-content\/uploads\/2021\/11\/adventskranz_113.jpg\" title=\"adventskranz_113\"><img decoding=\"async\" data-title=\"Wieniec adwentowy krok po kroku \u00a9 SalzburgerLand Tourismus, Heiko Mandl\" title=\"Wieniec adwentowy krok po kroku \u00a9 SalzburgerLand Tourismus, Heiko Mandl\" data-caption=\"Wieniec adwentowy krok po kroku \u00a9 SalzburgerLand Tourismus, Heiko Mandl\" width=\"1170\" height=\"658\" src=\"https:\/\/www.salzburgerland.com\/pl\/wp-content\/uploads\/2021\/11\/adventskranz_113-1170x658.jpg\" class=\"attachment-1170_658 size-1170_658\" alt=\"Robienie w\u0142asnego wie\u0144ca adwentowego jest wspania\u0142\u0105 rodzinn\u0105 zabaw\u0105, w kt\u00f3rej ch\u0119tnie uczestnicz\u0105 dzieci. (Powi\u0119kszony widok)\" srcset=\"https:\/\/www.salzburgerland.com\/pl\/wp-content\/uploads\/2021\/11\/adventskranz_113-1170x658.jpg 1170w, https:\/\/www.salzburgerland.com\/pl\/wp-content\/uploads\/2021\/11\/adventskranz_113-1200x675.jpg 1200w\" sizes=\"(max-width: 1170px) 100vw, 1170px\" aria-describedby=\"figcaption-12169-12180\" itemprop=\"thumbnail\"><\/a><\/div>\n\t\t\t\t\t\t<span id=\"figcaption-12169-12180\" class=\"gallery-caption\" itemprop=\"caption\"><span aria-hidden=\"true\">Wieniec adwentowy krok po kroku \u00a9 SalzburgerLand Tourismus, Heiko Mandl<\/span><\/span>\n\t\t\t\t\t<\/li>\n\t\t\t\t<\/ul>\n\t\t\t\t<ul class=\"gallery-row gallery-col-3 gallery-clear\">\n\t\t\t\t\t<li class=\"gallery-item col-3\" itemprop=\"associatedMedia\" itemscope itemtype=\"http:\/\/schema.org\/ImageObject\">\n\t\t\t\t\t\t<div class=\"gallery-icon landscape\"><a href=\"https:\/\/www.salzburgerland.com\/pl\/wp-content\/uploads\/2021\/11\/adventskranz_121.jpg\" title=\"adventskranz_121\"><img decoding=\"async\" data-title=\"Wieniec adwentowy krok po kroku \u00a9 SalzburgerLand Tourismus, Heiko Mandl\" title=\"Wieniec adwentowy krok po kroku \u00a9 SalzburgerLand Tourismus, Heiko Mandl\" data-caption=\"Wieniec adwentowy krok po kroku \u00a9 SalzburgerLand Tourismus, Heiko Mandl\" width=\"1170\" height=\"658\" src=\"https:\/\/www.salzburgerland.com\/pl\/wp-content\/uploads\/2021\/11\/adventskranz_121-1170x658.jpg\" class=\"attachment-1170_658 size-1170_658\" alt=\"Przymocuj do swojego stroika \u015bwi\u0105tecznego rozmaite naturalne ozdoby, na przyk\u0142ad szyszki. (Powi\u0119kszony widok)\" srcset=\"https:\/\/www.salzburgerland.com\/pl\/wp-content\/uploads\/2021\/11\/adventskranz_121-1170x658.jpg 1170w, https:\/\/www.salzburgerland.com\/pl\/wp-content\/uploads\/2021\/11\/adventskranz_121-1200x675.jpg 1200w\" sizes=\"(max-width: 1170px) 100vw, 1170px\" aria-describedby=\"figcaption-12169-12181\" itemprop=\"thumbnail\"><\/a><\/div>\n\t\t\t\t\t\t<span id=\"figcaption-12169-12181\" class=\"gallery-caption\" itemprop=\"caption\"><span aria-hidden=\"true\">Wieniec adwentowy krok po kroku \u00a9 SalzburgerLand Tourismus, Heiko Mandl<\/span><\/span>\n\t\t\t\t\t<\/li>\n\t\t\t\t\t<li class=\"gallery-item col-3\" itemprop=\"associatedMedia\" itemscope itemtype=\"http:\/\/schema.org\/ImageObject\">\n\t\t\t\t\t\t<div class=\"gallery-icon landscape\"><a href=\"https:\/\/www.salzburgerland.com\/pl\/wp-content\/uploads\/2021\/11\/adventskranz_122.jpg\" title=\"adventskranz_122\"><img decoding=\"async\" data-title=\"Wieniec adwentowy krok po kroku \u00a9 SalzburgerLand Tourismus, Heiko Mandl\" title=\"Wieniec adwentowy krok po kroku \u00a9 SalzburgerLand Tourismus, Heiko Mandl\" data-caption=\"Wieniec adwentowy krok po kroku \u00a9 SalzburgerLand Tourismus, Heiko Mandl\" width=\"1170\" height=\"658\" src=\"https:\/\/www.salzburgerland.com\/pl\/wp-content\/uploads\/2021\/11\/adventskranz_122-1170x658.jpg\" class=\"attachment-1170_658 size-1170_658\" alt=\"Laski cynamonu na Twoim wie\u0144cu adwentowym b\u0119d\u0105 si\u0119 nie tylko pi\u0119knie prezentowa\u0107, ale i przyjemnie pachnie\u0107. (Powi\u0119kszony widok)\" srcset=\"https:\/\/www.salzburgerland.com\/pl\/wp-content\/uploads\/2021\/11\/adventskranz_122-1170x658.jpg 1170w, https:\/\/www.salzburgerland.com\/pl\/wp-content\/uploads\/2021\/11\/adventskranz_122-1200x675.jpg 1200w\" sizes=\"(max-width: 1170px) 100vw, 1170px\" aria-describedby=\"figcaption-12169-12182\" itemprop=\"thumbnail\"><\/a><\/div>\n\t\t\t\t\t\t<span id=\"figcaption-12169-12182\" class=\"gallery-caption\" itemprop=\"caption\"><span aria-hidden=\"true\">Wieniec adwentowy krok po kroku \u00a9 SalzburgerLand Tourismus, Heiko Mandl<\/span><\/span>\n\t\t\t\t\t<\/li>\n\t\t\t\t\t<li class=\"gallery-item col-3\" itemprop=\"associatedMedia\" itemscope itemtype=\"http:\/\/schema.org\/ImageObject\">\n\t\t\t\t\t\t<div class=\"gallery-icon landscape\"><a href=\"https:\/\/www.salzburgerland.com\/pl\/wp-content\/uploads\/2021\/11\/adventskranz_127.jpg\" title=\"adventskranz_127\"><img decoding=\"async\" data-title=\"Wieniec adwentowy krok po kroku \u00a9 SalzburgerLand Tourismus, Heiko Mandl\" title=\"Wieniec adwentowy krok po kroku \u00a9 SalzburgerLand Tourismus, Heiko Mandl\" data-caption=\"Wieniec adwentowy krok po kroku \u00a9 SalzburgerLand Tourismus, Heiko Mandl\" width=\"1170\" height=\"658\" src=\"https:\/\/www.salzburgerland.com\/pl\/wp-content\/uploads\/2021\/11\/adventskranz_127-1170x658.jpg\" class=\"attachment-1170_658 size-1170_658\" alt=\"Do przyklejenia szyszek i innych ozd\u00f3b u\u017cyj pistoletu na gor\u0105cy klej. (Powi\u0119kszony widok)\" srcset=\"https:\/\/www.salzburgerland.com\/pl\/wp-content\/uploads\/2021\/11\/adventskranz_127-1170x658.jpg 1170w, https:\/\/www.salzburgerland.com\/pl\/wp-content\/uploads\/2021\/11\/adventskranz_127-1200x675.jpg 1200w\" sizes=\"(max-width: 1170px) 100vw, 1170px\" aria-describedby=\"figcaption-12169-12183\" itemprop=\"thumbnail\"><\/a><\/div>\n\t\t\t\t\t\t<span id=\"figcaption-12169-12183\" class=\"gallery-caption\" itemprop=\"caption\"><span aria-hidden=\"true\">Wieniec adwentowy krok po kroku \u00a9 SalzburgerLand Tourismus, Heiko Mandl<\/span><\/span>\n\t\t\t\t\t<\/li>\n\t\t\t\t<\/ul>\n\t\t\t\t<ul class=\"gallery-row gallery-col-3 gallery-clear\">\n\t\t\t\t\t<li class=\"gallery-item col-3\" itemprop=\"associatedMedia\" itemscope itemtype=\"http:\/\/schema.org\/ImageObject\">\n\t\t\t\t\t\t<div class=\"gallery-icon landscape\"><a href=\"https:\/\/www.salzburgerland.com\/pl\/wp-content\/uploads\/2021\/11\/adventskranz_125.jpg\" title=\"adventskranz_125\"><img decoding=\"async\" data-title=\"Wieniec adwentowy krok po kroku \u00a9 SalzburgerLand Tourismus, Heiko Mandl\" title=\"Wieniec adwentowy krok po kroku \u00a9 SalzburgerLand Tourismus, Heiko Mandl\" data-caption=\"Wieniec adwentowy krok po kroku \u00a9 SalzburgerLand Tourismus, Heiko Mandl\" width=\"1170\" height=\"658\" src=\"https:\/\/www.salzburgerland.com\/pl\/wp-content\/uploads\/2021\/11\/adventskranz_125-1170x658.jpg\" class=\"attachment-1170_658 size-1170_658\" alt=\"Tw\u00f3j stroik sdwentowy b\u0119dzie si\u0119 prezentowa pi\u0119knie, je\u015bli dobirzesz do niego kolorowe bombki, (Powi\u0119kszony widok)\" srcset=\"https:\/\/www.salzburgerland.com\/pl\/wp-content\/uploads\/2021\/11\/adventskranz_125-1170x658.jpg 1170w, https:\/\/www.salzburgerland.com\/pl\/wp-content\/uploads\/2021\/11\/adventskranz_125-1200x675.jpg 1200w\" sizes=\"(max-width: 1170px) 100vw, 1170px\" aria-describedby=\"figcaption-12169-12184\" itemprop=\"thumbnail\"><\/a><\/div>\n\t\t\t\t\t\t<span id=\"figcaption-12169-12184\" class=\"gallery-caption\" itemprop=\"caption\"><span aria-hidden=\"true\">Wieniec adwentowy krok po kroku \u00a9 SalzburgerLand Tourismus, Heiko Mandl<\/span><\/span>\n\t\t\t\t\t<\/li>\n\t\t\t\t\t<li class=\"gallery-item col-3\" itemprop=\"associatedMedia\" itemscope itemtype=\"http:\/\/schema.org\/ImageObject\">\n\t\t\t\t\t\t<div class=\"gallery-icon landscape\"><a href=\"https:\/\/www.salzburgerland.com\/pl\/wp-content\/uploads\/2021\/11\/adventskranz_126.jpg\" title=\"adventskranz_126\"><img decoding=\"async\" data-title=\"Wieniec adwentowy krok po kroku \u00a9 SalzburgerLand Tourismus, Heiko Mandl\" title=\"Wieniec adwentowy krok po kroku \u00a9 SalzburgerLand Tourismus, Heiko Mandl\" data-caption=\"Wieniec adwentowy krok po kroku \u00a9 SalzburgerLand Tourismus, Heiko Mandl\" width=\"1170\" height=\"658\" src=\"https:\/\/www.salzburgerland.com\/pl\/wp-content\/uploads\/2021\/11\/adventskranz_126-1170x658.jpg\" class=\"attachment-1170_658 size-1170_658\" alt=\"Do swojego wie\u0144ca adwentowego przyklej kolorowe bombki, przy czym tradycyjnym kolorem jest czerwie\u0144. (Powi\u0119kszony widok)\" srcset=\"https:\/\/www.salzburgerland.com\/pl\/wp-content\/uploads\/2021\/11\/adventskranz_126-1170x658.jpg 1170w, https:\/\/www.salzburgerland.com\/pl\/wp-content\/uploads\/2021\/11\/adventskranz_126-1200x675.jpg 1200w\" sizes=\"(max-width: 1170px) 100vw, 1170px\" aria-describedby=\"figcaption-12169-12185\" itemprop=\"thumbnail\"><\/a><\/div>\n\t\t\t\t\t\t<span id=\"figcaption-12169-12185\" class=\"gallery-caption\" itemprop=\"caption\"><span aria-hidden=\"true\">Wieniec adwentowy krok po kroku \u00a9 SalzburgerLand Tourismus, Heiko Mandl<\/span><\/span>\n\t\t\t\t\t<\/li>\n\t\t\t\t\t<li class=\"gallery-item col-3\" itemprop=\"associatedMedia\" itemscope itemtype=\"http:\/\/schema.org\/ImageObject\">\n\t\t\t\t\t\t<div class=\"gallery-icon landscape\"><a href=\"https:\/\/www.salzburgerland.com\/pl\/wp-content\/uploads\/2021\/11\/adventskranz_128.jpg\" title=\"adventskranz_128\"><img decoding=\"async\" data-title=\"Wieniec adwentowy krok po kroku \u00a9 SalzburgerLand Tourismus, Heiko Mandl\" title=\"Wieniec adwentowy krok po kroku \u00a9 SalzburgerLand Tourismus, Heiko Mandl\" data-caption=\"Wieniec adwentowy krok po kroku \u00a9 SalzburgerLand Tourismus, Heiko Mandl\" width=\"1170\" height=\"658\" src=\"https:\/\/www.salzburgerland.com\/pl\/wp-content\/uploads\/2021\/11\/adventskranz_128-1170x658.jpg\" class=\"attachment-1170_658 size-1170_658\" alt=\"Ka\u017cd\u0105 ozdob\u0119 przyklej do wie\u0144ca bardzo starannie. (Powi\u0119kszony widok)\" srcset=\"https:\/\/www.salzburgerland.com\/pl\/wp-content\/uploads\/2021\/11\/adventskranz_128-1170x658.jpg 1170w, https:\/\/www.salzburgerland.com\/pl\/wp-content\/uploads\/2021\/11\/adventskranz_128-1200x675.jpg 1200w\" sizes=\"(max-width: 1170px) 100vw, 1170px\" aria-describedby=\"figcaption-12169-12186\" itemprop=\"thumbnail\"><\/a><\/div>\n\t\t\t\t\t\t<span id=\"figcaption-12169-12186\" class=\"gallery-caption\" itemprop=\"caption\"><span aria-hidden=\"true\">Wieniec adwentowy krok po kroku \u00a9 SalzburgerLand Tourismus, Heiko Mandl<\/span><\/span>\n\t\t\t\t\t<\/li>\n\t\t\t\t<\/ul>\n\t\t\t\t<ul class=\"gallery-row gallery-col-3 gallery-clear\">\n\t\t\t\t\t<li class=\"gallery-item col-3\" itemprop=\"associatedMedia\" itemscope itemtype=\"http:\/\/schema.org\/ImageObject\">\n\t\t\t\t\t\t<div class=\"gallery-icon landscape\"><a href=\"https:\/\/www.salzburgerland.com\/pl\/wp-content\/uploads\/2021\/11\/adventskranz_129.jpg\" title=\"adventskranz_129\"><img decoding=\"async\" data-title=\"Wieniec adwentowy krok po kroku \u00a9 SalzburgerLand Tourismus, Heiko Mandl\" title=\"Wieniec adwentowy krok po kroku \u00a9 SalzburgerLand Tourismus, Heiko Mandl\" data-caption=\"Wieniec adwentowy krok po kroku \u00a9 SalzburgerLand Tourismus, Heiko Mandl\" width=\"1170\" height=\"658\" src=\"https:\/\/www.salzburgerland.com\/pl\/wp-content\/uploads\/2021\/11\/adventskranz_129-1170x658.jpg\" class=\"attachment-1170_658 size-1170_658\" alt=\"Obok szyszek i czerwonych bombek do wie\u0144ca przytwierd\u017a laski cynmonu. (Powi\u0119kszony widok)\" srcset=\"https:\/\/www.salzburgerland.com\/pl\/wp-content\/uploads\/2021\/11\/adventskranz_129-1170x658.jpg 1170w, https:\/\/www.salzburgerland.com\/pl\/wp-content\/uploads\/2021\/11\/adventskranz_129-1200x675.jpg 1200w\" sizes=\"(max-width: 1170px) 100vw, 1170px\" aria-describedby=\"figcaption-12169-12187\" itemprop=\"thumbnail\"><\/a><\/div>\n\t\t\t\t\t\t<span id=\"figcaption-12169-12187\" class=\"gallery-caption\" itemprop=\"caption\"><span aria-hidden=\"true\">Wieniec adwentowy krok po kroku \u00a9 SalzburgerLand Tourismus, Heiko Mandl<\/span><\/span>\n\t\t\t\t\t<\/li>\n\t\t\t\t\t<li class=\"gallery-item col-3\" itemprop=\"associatedMedia\" itemscope itemtype=\"http:\/\/schema.org\/ImageObject\">\n\t\t\t\t\t\t<div class=\"gallery-icon landscape\"><a href=\"https:\/\/www.salzburgerland.com\/pl\/wp-content\/uploads\/2021\/11\/adventskranz_130.jpg\" title=\"adventskranz_130\"><img decoding=\"async\" data-title=\"Wieniec adwentowy krok po kroku \u00a9 SalzburgerLand Tourismus, Heiko Mandl\" title=\"Wieniec adwentowy krok po kroku \u00a9 SalzburgerLand Tourismus, Heiko Mandl\" data-caption=\"Wieniec adwentowy krok po kroku \u00a9 SalzburgerLand Tourismus, Heiko Mandl\" width=\"1170\" height=\"658\" src=\"https:\/\/www.salzburgerland.com\/pl\/wp-content\/uploads\/2021\/11\/adventskranz_130-1170x658.jpg\" class=\"attachment-1170_658 size-1170_658\" alt=\"Przystr\u00f3j w\u0142asny wieniec adwentowy laskami cynamonu, przywi\u0105zuj\u0105c je drucikiem po dwie. (Powi\u0119kszony widok)\" srcset=\"https:\/\/www.salzburgerland.com\/pl\/wp-content\/uploads\/2021\/11\/adventskranz_130-1170x658.jpg 1170w, https:\/\/www.salzburgerland.com\/pl\/wp-content\/uploads\/2021\/11\/adventskranz_130-1200x675.jpg 1200w\" sizes=\"(max-width: 1170px) 100vw, 1170px\" aria-describedby=\"figcaption-12169-12179\" itemprop=\"thumbnail\"><\/a><\/div>\n\t\t\t\t\t\t<span id=\"figcaption-12169-12179\" class=\"gallery-caption\" itemprop=\"caption\"><span aria-hidden=\"true\">Wieniec adwentowy krok po kroku \u00a9 SalzburgerLand Tourismus, Heiko Mandl<\/span><\/span>\n\t\t\t\t\t<\/li>\n\t\t\t\t\t<li class=\"gallery-item col-3\" itemprop=\"associatedMedia\" itemscope itemtype=\"http:\/\/schema.org\/ImageObject\">\n\t\t\t\t\t\t<div class=\"gallery-icon landscape\"><a href=\"https:\/\/www.salzburgerland.com\/pl\/wp-content\/uploads\/2021\/11\/adventskranz_131.jpg\" title=\"adventskranz_131\"><img decoding=\"async\" data-title=\"Wieniec adwentowy krok po kroku \u00a9 SalzburgerLand Tourismus, Heiko Mandl\" title=\"Wieniec adwentowy krok po kroku \u00a9 SalzburgerLand Tourismus, Heiko Mandl\" data-caption=\"Wieniec adwentowy krok po kroku \u00a9 SalzburgerLand Tourismus, Heiko Mandl\" width=\"1170\" height=\"658\" src=\"https:\/\/www.salzburgerland.com\/pl\/wp-content\/uploads\/2021\/11\/adventskranz_131-1170x658.jpg\" class=\"attachment-1170_658 size-1170_658\" alt=\"Do lasek cynymonu przyklej na stroiku ususzone plastry cytryny lub pomara\u0144czy. (Powi\u0119kszony widok)\" srcset=\"https:\/\/www.salzburgerland.com\/pl\/wp-content\/uploads\/2021\/11\/adventskranz_131-1170x658.jpg 1170w, https:\/\/www.salzburgerland.com\/pl\/wp-content\/uploads\/2021\/11\/adventskranz_131-1200x675.jpg 1200w\" sizes=\"(max-width: 1170px) 100vw, 1170px\" aria-describedby=\"figcaption-12169-12188\" itemprop=\"thumbnail\"><\/a><\/div>\n\t\t\t\t\t\t<span id=\"figcaption-12169-12188\" class=\"gallery-caption\" itemprop=\"caption\"><span aria-hidden=\"true\">Wieniec adwentowy krok po kroku \u00a9 SalzburgerLand Tourismus, Heiko Mandl<\/span><\/span>\n\t\t\t\t\t<\/li>\n\t\t\t\t<\/ul>\n\t\t\t\t<ul class=\"gallery-row gallery-col-3 gallery-clear\">\n\t\t\t\t\t<li class=\"gallery-item col-3\" itemprop=\"associatedMedia\" itemscope itemtype=\"http:\/\/schema.org\/ImageObject\">\n\t\t\t\t\t\t<div class=\"gallery-icon landscape\"><a href=\"https:\/\/www.salzburgerland.com\/pl\/wp-content\/uploads\/2021\/11\/adventskranz_132.jpg\" title=\"adventskranz_132\"><img decoding=\"async\" data-title=\"Wieniec adwentowy krok po kroku \u00a9 SalzburgerLand Tourismus, Heiko Mandl\" title=\"Wieniec adwentowy krok po kroku \u00a9 SalzburgerLand Tourismus, Heiko Mandl\" data-caption=\"Wieniec adwentowy krok po kroku \u00a9 SalzburgerLand Tourismus, Heiko Mandl\" width=\"1170\" height=\"658\" src=\"https:\/\/www.salzburgerland.com\/pl\/wp-content\/uploads\/2021\/11\/adventskranz_132-1170x658.jpg\" class=\"attachment-1170_658 size-1170_658\" alt=\"Teraz czas na przymocowanie do wie\u0144ca \u015bwieczek. (Powi\u0119kszony widok)\" srcset=\"https:\/\/www.salzburgerland.com\/pl\/wp-content\/uploads\/2021\/11\/adventskranz_132-1170x658.jpg 1170w, https:\/\/www.salzburgerland.com\/pl\/wp-content\/uploads\/2021\/11\/adventskranz_132-1200x675.jpg 1200w\" sizes=\"(max-width: 1170px) 100vw, 1170px\" aria-describedby=\"figcaption-12169-12189\" itemprop=\"thumbnail\"><\/a><\/div>\n\t\t\t\t\t\t<span id=\"figcaption-12169-12189\" class=\"gallery-caption\" itemprop=\"caption\"><span aria-hidden=\"true\">Wieniec adwentowy krok po kroku \u00a9 SalzburgerLand Tourismus, Heiko Mandl<\/span><\/span>\n\t\t\t\t\t<\/li>\n\t\t\t\t\t<li class=\"gallery-item col-3\" itemprop=\"associatedMedia\" itemscope itemtype=\"http:\/\/schema.org\/ImageObject\">\n\t\t\t\t\t\t<div class=\"gallery-icon landscape\"><a href=\"https:\/\/www.salzburgerland.com\/pl\/wp-content\/uploads\/2021\/11\/adventskranz_112.jpg\" title=\"adventskranz_112\"><img decoding=\"async\" data-title=\" Wieniec adwentowy \u00a9 SalzburgerLand Tourismus, Heiko Mandl\" title=\" Wieniec adwentowy \u00a9 SalzburgerLand Tourismus, Heiko Mandl\" data-caption=\" Wieniec adwentowy \u00a9 SalzburgerLand Tourismus, Heiko Mandl\" width=\"1170\" height=\"658\" src=\"https:\/\/www.salzburgerland.com\/pl\/wp-content\/uploads\/2021\/11\/adventskranz_112-1170x658.jpg\" class=\"attachment-1170_658 size-1170_658\" alt=\"Ka\u017cd\u0105 \u015bwieczk\u0119 wetknij do wie\u0144ca adwentowego przy dekoracji z szyszki, cytryny , bombek i cynmonu.. (Powi\u0119kszony widok)\" srcset=\"https:\/\/www.salzburgerland.com\/pl\/wp-content\/uploads\/2021\/11\/adventskranz_112-1170x658.jpg 1170w, https:\/\/www.salzburgerland.com\/pl\/wp-content\/uploads\/2021\/11\/adventskranz_112-1200x675.jpg 1200w\" sizes=\"(max-width: 1170px) 100vw, 1170px\" aria-describedby=\"figcaption-12169-12172\" itemprop=\"thumbnail\"><\/a><\/div>\n\t\t\t\t\t\t<span id=\"figcaption-12169-12172\" class=\"gallery-caption\" itemprop=\"caption\"><span aria-hidden=\"true\"> Wieniec adwentowy \u00a9 SalzburgerLand Tourismus, Heiko Mandl<\/span><\/span>\n\t\t\t\t\t<\/li>\n\t\t\t\t\t<li class=\"gallery-item col-3\" itemprop=\"associatedMedia\" itemscope itemtype=\"http:\/\/schema.org\/ImageObject\">\n\t\t\t\t\t\t<div class=\"gallery-icon landscape\"><a href=\"https:\/\/www.salzburgerland.com\/pl\/wp-content\/uploads\/2021\/11\/adventskranz_116.jpg\" title=\"adventskranz_116\"><img decoding=\"async\" data-title=\"Wieniec adwentowy krok po kroku \u00a9 SalzburgerLand Tourismus, Heiko Mandl\" title=\"Wieniec adwentowy krok po kroku \u00a9 SalzburgerLand Tourismus, Heiko Mandl\" data-caption=\"Wieniec adwentowy krok po kroku \u00a9 SalzburgerLand Tourismus, Heiko Mandl\" width=\"1170\" height=\"658\" src=\"https:\/\/www.salzburgerland.com\/pl\/wp-content\/uploads\/2021\/11\/adventskranz_116-1170x658.jpg\" class=\"attachment-1170_658 size-1170_658\" alt=\"W\u0142asnor\u0119cznie wykonany stroik adwentowy cieszy domownik\u00f3w i jest oryginalnym stoikiem \u015bwi\u0105tecznym. (Powi\u0119kszony widok)\" srcset=\"https:\/\/www.salzburgerland.com\/pl\/wp-content\/uploads\/2021\/11\/adventskranz_116-1170x658.jpg 1170w, https:\/\/www.salzburgerland.com\/pl\/wp-content\/uploads\/2021\/11\/adventskranz_116-1200x675.jpg 1200w\" sizes=\"(max-width: 1170px) 100vw, 1170px\" aria-describedby=\"figcaption-12169-12190\" itemprop=\"thumbnail\"><\/a><\/div>\n\t\t\t\t\t\t<span id=\"figcaption-12169-12190\" class=\"gallery-caption\" itemprop=\"caption\"><span aria-hidden=\"true\">Wieniec adwentowy krok po kroku \u00a9 SalzburgerLand Tourismus, Heiko Mandl<\/span><\/span>\n\t\t\t\t\t<\/li>\n\t\t\t\t<\/ul>\n\t\t\t<\/div><!-- .gallery -->\n\n","protected":false},"excerpt":{"rendered":"<p>Co jest potrzebne, aby wykona\u0107 w\u0142asny wieniec adwentowy? W zasadzie niewiele. Opr\u00f3cz ga\u0142\u0105zek \u015bwierku, s\u0142omianego ko\u0142a\u00a0i czterech \u015bwieczek nie powinni\u015bmy zapomniw\u0107 o cienkim drucie. A poza tym najr\u00f3\u017cniejsze ozdoby, wedle w\u0142asnego uzniania: szyszki, bombki, laski cynamonu, wst\u0105\u017cczki, dzwoneczki. Wszystko to co lubimy i co podpowiada nam wyobra\u017ania. Warto te\u017c mie\u0107 klej do klejenia na gor\u0105co, [&hellip;]<\/p>\n","protected":false},"author":4,"featured_media":12172,"comment_status":"closed","ping_status":"closed","sticky":false,"template":"","format":"standard","meta":{"_acf_changed":false,"wl_entities_gutenberg":"","_relevanssi_hide_post":"","_relevanssi_hide_content":"","_relevanssi_pin_for_all":"","_relevanssi_pin_keywords":"","_relevanssi_unpin_keywords":"","_relevanssi_related_keywords":"","_relevanssi_related_include_ids":"","_relevanssi_related_exclude_ids":"","_relevanssi_related_no_append":"","_relevanssi_related_not_related":"","_relevanssi_related_posts":"","_relevanssi_noindex_reason":"","footnotes":""},"categories":[1],"tags":[791,642,789,609,610,736,526,644,611,843,649,759,842,145,152],"wl_entity_type":[300],"class_list":["post-12169","post","type-post","status-publish","format-standard","has-post-thumbnail","hentry","category-uncategorized","tag-bezpieczenstwo-w-gorach-zima","tag-ferie-narciarskie-dla-calej-rodziny","tag-ferie-zimowe-na-farmie","tag-jarmarki-i-tradycja-adwentowa","tag-koleda-cicha-noc","tag-kwietne-kolumny-z-regionu-lungau","tag-narty-i-snowboard","tag-prosimy-do-stolu","tag-przysmaki-adwentowe","tag-samson","tag-szlak-dla-milosnikow-schronisk-narciarskich-i-bacowek","tag-tak-smakuje-ziemi-salzburska","tag-tradycja-i-zwyczaje","tag-zimowa-romantyka","tag-zimowy-wypoczynek-inaczej","wl_entity_type-article"],"acf":[],"yoast_head":"<!-- This site is optimized with the Yoast SEO Premium plugin v27.4 (Yoast SEO v27.4) - https:\/\/yoast.com\/product\/yoast-seo-premium-wordpress\/ -->\n<title>Zr\u00f3b w\u0142asny wieniec adwentowy \u00bb SalzburgerLand.com<\/title>\n<meta name=\"description\" content=\"Zr\u00f3b w\u0142asny wieniec adwentowy. Jego wykonanie nie jest skomplikowane, za to przygotowanie stroika jest kreatywnym zaj\u0119ciem dla ca\u0142ej rodziny.\" \/>\n<meta name=\"robots\" content=\"index, follow, max-snippet:-1, max-image-preview:large, max-video-preview:-1\" \/>\n<link rel=\"canonical\" href=\"https:\/\/www.salzburgerland.com\/pl\/zrob-wlasny-wieniec-adwentowy\/\" \/>\n<meta property=\"og:locale\" content=\"pl_PL\" \/>\n<meta property=\"og:type\" content=\"article\" \/>\n<meta property=\"og:title\" content=\"Zr\u00f3b w\u0142asny wieniec adwentowy\" \/>\n<meta property=\"og:description\" content=\"Co jest potrzebne, aby wykona\u0107 w\u0142asny wieniec adwentowy? W zasadzie niewiele. Opr\u00f3cz ga\u0142\u0105zek \u015bwierku, s\u0142omianego ko\u0142a\u00a0i czterech \u015bwieczek nie powinni\u015bmy\" \/>\n<meta property=\"og:url\" content=\"https:\/\/www.salzburgerland.com\/pl\/zrob-wlasny-wieniec-adwentowy\/\" \/>\n<meta property=\"og:site_name\" content=\"SalzburgerLand.com\" \/>\n<meta property=\"article:publisher\" content=\"https:\/\/www.facebook.com\/visitsalzburgerland\/\" \/>\n<meta property=\"article:published_time\" content=\"2021-11-01T20:33:46+00:00\" \/>\n<meta property=\"article:modified_time\" content=\"2022-11-12T20:45:24+00:00\" \/>\n<meta property=\"og:image\" content=\"https:\/\/www.salzburgerland.com\/pl\/wp-content\/uploads\/2021\/11\/adventskranz_112-1200x675.jpg\" \/>\n\t<meta property=\"og:image:width\" content=\"1200\" \/>\n\t<meta property=\"og:image:height\" content=\"675\" \/>\n\t<meta property=\"og:image:type\" content=\"image\/jpeg\" \/>\n<meta name=\"author\" content=\"Izabela Gartner\" \/>\n<meta name=\"twitter:card\" content=\"summary_large_image\" \/>\n<meta name=\"twitter:creator\" content=\"@salzburgerland\" \/>\n<meta name=\"twitter:site\" content=\"@salzburgerland\" \/>\n<meta name=\"twitter:label1\" content=\"Napisane przez\" \/>\n\t<meta name=\"twitter:data1\" content=\"Izabela Gartner\" \/>\n\t<meta name=\"twitter:label2\" content=\"Szacowany czas czytania\" \/>\n\t<meta name=\"twitter:data2\" content=\"2 minuty\" \/>\n<script type=\"application\/ld+json\" class=\"yoast-schema-graph\">{\"@context\":\"https:\\\/\\\/schema.org\",\"@graph\":[{\"@type\":\"Article\",\"@id\":\"https:\\\/\\\/www.salzburgerland.com\\\/pl\\\/zrob-wlasny-wieniec-adwentowy\\\/#article\",\"isPartOf\":{\"@id\":\"https:\\\/\\\/www.salzburgerland.com\\\/pl\\\/zrob-wlasny-wieniec-adwentowy\\\/\"},\"author\":{\"name\":\"Izabela Gartner\",\"@id\":\"https:\\\/\\\/www.salzburgerland.com\\\/pl\\\/#\\\/schema\\\/person\\\/c10420e9897d4ca984317db556f04804\"},\"headline\":\"Zr\u00f3b w\u0142asny wieniec adwentowy\",\"datePublished\":\"2021-11-01T20:33:46+00:00\",\"dateModified\":\"2022-11-12T20:45:24+00:00\",\"mainEntityOfPage\":{\"@id\":\"https:\\\/\\\/www.salzburgerland.com\\\/pl\\\/zrob-wlasny-wieniec-adwentowy\\\/\"},\"wordCount\":372,\"image\":{\"@id\":\"https:\\\/\\\/www.salzburgerland.com\\\/pl\\\/zrob-wlasny-wieniec-adwentowy\\\/#primaryimage\"},\"thumbnailUrl\":\"https:\\\/\\\/www.salzburgerland.com\\\/pl\\\/wp-content\\\/uploads\\\/2021\\\/11\\\/adventskranz_112.jpg\",\"keywords\":[\"Bezpiecze\u0144stwo w g\u00f3rach zim\u0105\",\"Ferie narciarskie dla ca\u0142ej rodziny\",\"Ferie zimowe na farmie\",\"jarmarki i tradycja adwentowa\",\"Kol\u0119da Cicha Noc\",\"Kwietne kolumny z regionu Lungau\",\"narty i snowboard\",\"prosimy do sto\u0142u\",\"Przysmaki adwentowe\",\"Samson\",\"Szlak dla mi\u0142o\u015bnik\u00f3w schronisk narciarskich i bac\u00f3wek\",\"Tak smakuje Ziemi Salzburska\",\"tradycja i zwyczaje\",\"zimowa romantyka\",\"zimowy wypoczynek inaczej\"],\"articleSection\":[\"Uncategorized\"],\"inLanguage\":\"pl-PL\"},{\"@type\":\"WebPage\",\"@id\":\"https:\\\/\\\/www.salzburgerland.com\\\/pl\\\/zrob-wlasny-wieniec-adwentowy\\\/\",\"url\":\"https:\\\/\\\/www.salzburgerland.com\\\/pl\\\/zrob-wlasny-wieniec-adwentowy\\\/\",\"name\":\"Zr\u00f3b w\u0142asny wieniec adwentowy \u00bb SalzburgerLand.com\",\"isPartOf\":{\"@id\":\"https:\\\/\\\/www.salzburgerland.com\\\/pl\\\/#website\"},\"primaryImageOfPage\":{\"@id\":\"https:\\\/\\\/www.salzburgerland.com\\\/pl\\\/zrob-wlasny-wieniec-adwentowy\\\/#primaryimage\"},\"image\":{\"@id\":\"https:\\\/\\\/www.salzburgerland.com\\\/pl\\\/zrob-wlasny-wieniec-adwentowy\\\/#primaryimage\"},\"thumbnailUrl\":\"https:\\\/\\\/www.salzburgerland.com\\\/pl\\\/wp-content\\\/uploads\\\/2021\\\/11\\\/adventskranz_112.jpg\",\"datePublished\":\"2021-11-01T20:33:46+00:00\",\"dateModified\":\"2022-11-12T20:45:24+00:00\",\"author\":{\"@id\":\"https:\\\/\\\/www.salzburgerland.com\\\/pl\\\/#\\\/schema\\\/person\\\/c10420e9897d4ca984317db556f04804\"},\"description\":\"Zr\u00f3b w\u0142asny wieniec adwentowy. Jego wykonanie nie jest skomplikowane, za to przygotowanie stroika jest kreatywnym zaj\u0119ciem dla ca\u0142ej rodziny.\",\"breadcrumb\":{\"@id\":\"https:\\\/\\\/www.salzburgerland.com\\\/pl\\\/zrob-wlasny-wieniec-adwentowy\\\/#breadcrumb\"},\"inLanguage\":\"pl-PL\",\"potentialAction\":[{\"@type\":\"ReadAction\",\"target\":[\"https:\\\/\\\/www.salzburgerland.com\\\/pl\\\/zrob-wlasny-wieniec-adwentowy\\\/\"]}]},{\"@type\":\"ImageObject\",\"inLanguage\":\"pl-PL\",\"@id\":\"https:\\\/\\\/www.salzburgerland.com\\\/pl\\\/zrob-wlasny-wieniec-adwentowy\\\/#primaryimage\",\"url\":\"https:\\\/\\\/www.salzburgerland.com\\\/pl\\\/wp-content\\\/uploads\\\/2021\\\/11\\\/adventskranz_112.jpg\",\"contentUrl\":\"https:\\\/\\\/www.salzburgerland.com\\\/pl\\\/wp-content\\\/uploads\\\/2021\\\/11\\\/adventskranz_112.jpg\",\"width\":1600,\"height\":1067,\"caption\":\"Wieniec adwentowy \u00a9 SalzburgerLand Tourismus, Heiko Mandl\"},{\"@type\":\"BreadcrumbList\",\"@id\":\"https:\\\/\\\/www.salzburgerland.com\\\/pl\\\/zrob-wlasny-wieniec-adwentowy\\\/#breadcrumb\",\"itemListElement\":[{\"@type\":\"ListItem\",\"position\":1,\"name\":\"Nastrojowy adwent na Ziemi Salzburskiej\",\"item\":\"https:\\\/\\\/www.salzburgerland.com\\\/pl\\\/nastrojowy-adwent-na-ziemi-salzburskiej\\\/\"},{\"@type\":\"ListItem\",\"position\":2,\"name\":\"Zr\u00f3b w\u0142asny wieniec adwentowy\"}]},{\"@type\":\"WebSite\",\"@id\":\"https:\\\/\\\/www.salzburgerland.com\\\/pl\\\/#website\",\"url\":\"https:\\\/\\\/www.salzburgerland.com\\\/pl\\\/\",\"name\":\"SalzburgerLand.com\",\"description\":\"Urlop Salzburg : hotele : turystyka Ziemia Salzburska : kultura : rodzinny urlop Ziemia Salzburska : informacja turystyczna : noclegi Austria : aktywny wypoczynek\",\"potentialAction\":[{\"@type\":\"SearchAction\",\"target\":{\"@type\":\"EntryPoint\",\"urlTemplate\":\"https:\\\/\\\/www.salzburgerland.com\\\/pl\\\/?s={search_term_string}\"},\"query-input\":{\"@type\":\"PropertyValueSpecification\",\"valueRequired\":true,\"valueName\":\"search_term_string\"}}],\"inLanguage\":\"pl-PL\"},{\"@type\":\"Person\",\"@id\":\"https:\\\/\\\/www.salzburgerland.com\\\/pl\\\/#\\\/schema\\\/person\\\/c10420e9897d4ca984317db556f04804\",\"name\":\"Izabela Gartner\",\"image\":{\"@type\":\"ImageObject\",\"inLanguage\":\"pl-PL\",\"@id\":\"https:\\\/\\\/secure.gravatar.com\\\/avatar\\\/062a6263a145aaa718f0b029a735b6557e456ff63f9e65056a4352d3c0a06e4d?s=96&d=mm&r=g\",\"url\":\"https:\\\/\\\/secure.gravatar.com\\\/avatar\\\/062a6263a145aaa718f0b029a735b6557e456ff63f9e65056a4352d3c0a06e4d?s=96&d=mm&r=g\",\"contentUrl\":\"https:\\\/\\\/secure.gravatar.com\\\/avatar\\\/062a6263a145aaa718f0b029a735b6557e456ff63f9e65056a4352d3c0a06e4d?s=96&d=mm&r=g\",\"caption\":\"Izabela Gartner\"}}]}<\/script>\n<!-- \/ Yoast SEO Premium plugin. -->","yoast_head_json":{"title":"Zr\u00f3b w\u0142asny wieniec adwentowy \u00bb SalzburgerLand.com","description":"Zr\u00f3b w\u0142asny wieniec adwentowy. Jego wykonanie nie jest skomplikowane, za to przygotowanie stroika jest kreatywnym zaj\u0119ciem dla ca\u0142ej rodziny.","robots":{"index":"index","follow":"follow","max-snippet":"max-snippet:-1","max-image-preview":"max-image-preview:large","max-video-preview":"max-video-preview:-1"},"canonical":"https:\/\/www.salzburgerland.com\/pl\/zrob-wlasny-wieniec-adwentowy\/","og_locale":"pl_PL","og_type":"article","og_title":"Zr\u00f3b w\u0142asny wieniec adwentowy","og_description":"Co jest potrzebne, aby wykona\u0107 w\u0142asny wieniec adwentowy? W zasadzie niewiele. Opr\u00f3cz ga\u0142\u0105zek \u015bwierku, s\u0142omianego ko\u0142a\u00a0i czterech \u015bwieczek nie powinni\u015bmy","og_url":"https:\/\/www.salzburgerland.com\/pl\/zrob-wlasny-wieniec-adwentowy\/","og_site_name":"SalzburgerLand.com","article_publisher":"https:\/\/www.facebook.com\/visitsalzburgerland\/","article_published_time":"2021-11-01T20:33:46+00:00","article_modified_time":"2022-11-12T20:45:24+00:00","og_image":[{"width":1200,"height":675,"url":"https:\/\/www.salzburgerland.com\/pl\/wp-content\/uploads\/2021\/11\/adventskranz_112-1200x675.jpg","type":"image\/jpeg"}],"author":"Izabela Gartner","twitter_card":"summary_large_image","twitter_creator":"@salzburgerland","twitter_site":"@salzburgerland","twitter_misc":{"Napisane przez":"Izabela Gartner","Szacowany czas czytania":"2 minuty"},"schema":{"@context":"https:\/\/schema.org","@graph":[{"@type":"Article","@id":"https:\/\/www.salzburgerland.com\/pl\/zrob-wlasny-wieniec-adwentowy\/#article","isPartOf":{"@id":"https:\/\/www.salzburgerland.com\/pl\/zrob-wlasny-wieniec-adwentowy\/"},"author":{"name":"Izabela Gartner","@id":"https:\/\/www.salzburgerland.com\/pl\/#\/schema\/person\/c10420e9897d4ca984317db556f04804"},"headline":"Zr\u00f3b w\u0142asny wieniec adwentowy","datePublished":"2021-11-01T20:33:46+00:00","dateModified":"2022-11-12T20:45:24+00:00","mainEntityOfPage":{"@id":"https:\/\/www.salzburgerland.com\/pl\/zrob-wlasny-wieniec-adwentowy\/"},"wordCount":372,"image":{"@id":"https:\/\/www.salzburgerland.com\/pl\/zrob-wlasny-wieniec-adwentowy\/#primaryimage"},"thumbnailUrl":"https:\/\/www.salzburgerland.com\/pl\/wp-content\/uploads\/2021\/11\/adventskranz_112.jpg","keywords":["Bezpiecze\u0144stwo w g\u00f3rach zim\u0105","Ferie narciarskie dla ca\u0142ej rodziny","Ferie zimowe na farmie","jarmarki i tradycja adwentowa","Kol\u0119da Cicha Noc","Kwietne kolumny z regionu Lungau","narty i snowboard","prosimy do sto\u0142u","Przysmaki adwentowe","Samson","Szlak dla mi\u0142o\u015bnik\u00f3w schronisk narciarskich i bac\u00f3wek","Tak smakuje Ziemi Salzburska","tradycja i zwyczaje","zimowa romantyka","zimowy wypoczynek inaczej"],"articleSection":["Uncategorized"],"inLanguage":"pl-PL"},{"@type":"WebPage","@id":"https:\/\/www.salzburgerland.com\/pl\/zrob-wlasny-wieniec-adwentowy\/","url":"https:\/\/www.salzburgerland.com\/pl\/zrob-wlasny-wieniec-adwentowy\/","name":"Zr\u00f3b w\u0142asny wieniec adwentowy \u00bb SalzburgerLand.com","isPartOf":{"@id":"https:\/\/www.salzburgerland.com\/pl\/#website"},"primaryImageOfPage":{"@id":"https:\/\/www.salzburgerland.com\/pl\/zrob-wlasny-wieniec-adwentowy\/#primaryimage"},"image":{"@id":"https:\/\/www.salzburgerland.com\/pl\/zrob-wlasny-wieniec-adwentowy\/#primaryimage"},"thumbnailUrl":"https:\/\/www.salzburgerland.com\/pl\/wp-content\/uploads\/2021\/11\/adventskranz_112.jpg","datePublished":"2021-11-01T20:33:46+00:00","dateModified":"2022-11-12T20:45:24+00:00","author":{"@id":"https:\/\/www.salzburgerland.com\/pl\/#\/schema\/person\/c10420e9897d4ca984317db556f04804"},"description":"Zr\u00f3b w\u0142asny wieniec adwentowy. Jego wykonanie nie jest skomplikowane, za to przygotowanie stroika jest kreatywnym zaj\u0119ciem dla ca\u0142ej rodziny.","breadcrumb":{"@id":"https:\/\/www.salzburgerland.com\/pl\/zrob-wlasny-wieniec-adwentowy\/#breadcrumb"},"inLanguage":"pl-PL","potentialAction":[{"@type":"ReadAction","target":["https:\/\/www.salzburgerland.com\/pl\/zrob-wlasny-wieniec-adwentowy\/"]}]},{"@type":"ImageObject","inLanguage":"pl-PL","@id":"https:\/\/www.salzburgerland.com\/pl\/zrob-wlasny-wieniec-adwentowy\/#primaryimage","url":"https:\/\/www.salzburgerland.com\/pl\/wp-content\/uploads\/2021\/11\/adventskranz_112.jpg","contentUrl":"https:\/\/www.salzburgerland.com\/pl\/wp-content\/uploads\/2021\/11\/adventskranz_112.jpg","width":1600,"height":1067,"caption":"Wieniec adwentowy \u00a9 SalzburgerLand Tourismus, Heiko Mandl"},{"@type":"BreadcrumbList","@id":"https:\/\/www.salzburgerland.com\/pl\/zrob-wlasny-wieniec-adwentowy\/#breadcrumb","itemListElement":[{"@type":"ListItem","position":1,"name":"Nastrojowy adwent na Ziemi Salzburskiej","item":"https:\/\/www.salzburgerland.com\/pl\/nastrojowy-adwent-na-ziemi-salzburskiej\/"},{"@type":"ListItem","position":2,"name":"Zr\u00f3b w\u0142asny wieniec adwentowy"}]},{"@type":"WebSite","@id":"https:\/\/www.salzburgerland.com\/pl\/#website","url":"https:\/\/www.salzburgerland.com\/pl\/","name":"SalzburgerLand.com","description":"Urlop Salzburg : hotele : turystyka Ziemia Salzburska : kultura : rodzinny urlop Ziemia Salzburska : informacja turystyczna : noclegi Austria : aktywny wypoczynek","potentialAction":[{"@type":"SearchAction","target":{"@type":"EntryPoint","urlTemplate":"https:\/\/www.salzburgerland.com\/pl\/?s={search_term_string}"},"query-input":{"@type":"PropertyValueSpecification","valueRequired":true,"valueName":"search_term_string"}}],"inLanguage":"pl-PL"},{"@type":"Person","@id":"https:\/\/www.salzburgerland.com\/pl\/#\/schema\/person\/c10420e9897d4ca984317db556f04804","name":"Izabela Gartner","image":{"@type":"ImageObject","inLanguage":"pl-PL","@id":"https:\/\/secure.gravatar.com\/avatar\/062a6263a145aaa718f0b029a735b6557e456ff63f9e65056a4352d3c0a06e4d?s=96&d=mm&r=g","url":"https:\/\/secure.gravatar.com\/avatar\/062a6263a145aaa718f0b029a735b6557e456ff63f9e65056a4352d3c0a06e4d?s=96&d=mm&r=g","contentUrl":"https:\/\/secure.gravatar.com\/avatar\/062a6263a145aaa718f0b029a735b6557e456ff63f9e65056a4352d3c0a06e4d?s=96&d=mm&r=g","caption":"Izabela Gartner"}}]}},"_wl_alt_label":[],"wl:entity_url":"http:\/\/open.salzburgerland.com\/pl\/post\/wieniec_adwentowy","_links":{"self":[{"href":"https:\/\/www.salzburgerland.com\/pl\/wp-json\/wp\/v2\/posts\/12169","targetHints":{"allow":["GET"]}}],"collection":[{"href":"https:\/\/www.salzburgerland.com\/pl\/wp-json\/wp\/v2\/posts"}],"about":[{"href":"https:\/\/www.salzburgerland.com\/pl\/wp-json\/wp\/v2\/types\/post"}],"author":[{"embeddable":true,"href":"https:\/\/www.salzburgerland.com\/pl\/wp-json\/wp\/v2\/users\/4"}],"replies":[{"embeddable":true,"href":"https:\/\/www.salzburgerland.com\/pl\/wp-json\/wp\/v2\/comments?post=12169"}],"version-history":[{"count":5,"href":"https:\/\/www.salzburgerland.com\/pl\/wp-json\/wp\/v2\/posts\/12169\/revisions"}],"predecessor-version":[{"id":16677,"href":"https:\/\/www.salzburgerland.com\/pl\/wp-json\/wp\/v2\/posts\/12169\/revisions\/16677"}],"wp:featuredmedia":[{"embeddable":true,"href":"https:\/\/www.salzburgerland.com\/pl\/wp-json\/wp\/v2\/media\/12172"}],"wp:attachment":[{"href":"https:\/\/www.salzburgerland.com\/pl\/wp-json\/wp\/v2\/media?parent=12169"}],"wp:term":[{"taxonomy":"category","embeddable":true,"href":"https:\/\/www.salzburgerland.com\/pl\/wp-json\/wp\/v2\/categories?post=12169"},{"taxonomy":"post_tag","embeddable":true,"href":"https:\/\/www.salzburgerland.com\/pl\/wp-json\/wp\/v2\/tags?post=12169"},{"taxonomy":"wl_entity_type","embeddable":true,"href":"https:\/\/www.salzburgerland.com\/pl\/wp-json\/wp\/v2\/wl_entity_type?post=12169"}],"curies":[{"name":"wp","href":"https:\/\/api.w.org\/{rel}","templated":true}]}}