{"id":11408,"date":"2021-09-23T21:56:27","date_gmt":"2021-09-23T19:56:27","guid":{"rendered":"https:\/\/www.salzburgerland.com\/pl\/?p=11408"},"modified":"2023-10-27T21:15:38","modified_gmt":"2023-10-27T19:15:38","slug":"raurisertal-ferie-zimowe-z-rodzina","status":"publish","type":"post","link":"https:\/\/www.salzburgerland.com\/pl\/raurisertal-ferie-zimowe-z-rodzina\/","title":{"rendered":"Ferie zimowe z rodzin\u0105 w Raurisertal"},"content":{"rendered":"<h3>Familijna stacja narciarska Rauriser Hochalmbahnen<\/h3>\n<p>Portal narciarski <strong>skiresort.de<\/strong> okrzykn\u0105\u0142 tutejsz\u0105 stacj\u0119 narciarsk\u0105 <strong>\u201enajpi\u0119kniejsz\u0105 krajobrazowo w ca\u0142ym obszarze alpejskim\u201d.<\/strong> Nie chodzi przy tym o nieko\u0144cz\u0105ce si\u0119 kilometry nartostrad i apr\u00e9s ski do upad\u0142ego, a o fakt, \u017ce mamy tu do czynienia z <a href=\"https:\/\/www.raurisertal.at\/en\/winter\/family\/\" target=\"_blank\" rel=\"noopener\"><strong>familijnym terenem narciarskim<\/strong><\/a>. Przez zdobycie certyfikatu ochrony klimatu stacja nasza zalicza si\u0119 ponadto do jednej z pierwszych neutralnych klimatycznie o\u015brodk\u00f3w narciarskich w Austrii. Koleje <strong>Rauriser Hochalmbahnen<\/strong> si\u0119gaj\u0105 wysoko\u015bci 2 175 m n.p.m. i oddaj\u0105 do dyspozycji rodzin 32 km bardzo szerokich i \u0142atwych do orientacji stok\u00f3w. S\u0105 tu jednak tak\u017ce czarne odcinki i jest <strong>Familyslope<\/strong> o d\u0142ugo\u015bci 900 m, gdzie znajd\u0105 wyzwanie wysportowani narciarze. W <strong>snowparku Nuggetpark<\/strong> przy 10-osobowej kolejce kabinowej Waldalm prawdziwy raj znajd\u0105 fascynaci jednej deski. <a href=\"https:\/\/www.raurisertal.at\/en\/winter\/ski-school-rentals\/ski-schools\/\" target=\"_blank\" rel=\"noopener\">Dwie szko\u0142y narciarskie<\/a> oferuj\u0105 kursy dla dzieci w ka\u017cdym wieku i narciarzy o ka\u017cdym stopniu zaawansowania. Jest te\u017c gdzie odpocz\u0105\u0107, posili\u0107 si\u0119 i rozgrza\u0107. Liczne <strong>schroniska narciarski<\/strong>e zapraszaj\u0105 na <strong>pyszne regionalne dania<\/strong>.<\/p>\n\n\t\t\t<div id=\"11408-1\" class=\"gallery gallery-11408 gallery-columns-3 gallery-size-1170_658\" itemscope itemtype=\"http:\/\/schema.org\/ImageGallery\">\n\t\t\t\t<ul class=\"gallery-row gallery-col-3 gallery-clear\">\n\t\t\t\t\t<li class=\"gallery-item col-3\" itemprop=\"associatedMedia\" itemscope itemtype=\"http:\/\/schema.org\/ImageObject\">\n\t\t\t\t\t\t<div class=\"gallery-icon landscape\"><a href=\"https:\/\/www.salzburgerland.com\/pl\/wp-content\/uploads\/2021\/09\/familie_beim_skifahren_auf_den_sagenhaften_pisten_des_raurisertals_c_michael_gruber_tourismusverband_rauris.jpg\" title=\"familie_beim_skifahren_auf_den_sagenhaften_pisten_des_raurisertals_c_michael_gruber_tourismusverband_rauris\"><img decoding=\"async\" data-title=\"Bia\u0142e szale\u0144stwo dla ma\u0142ych i du\u017cych w Raurisertal \u00a9 Tourismusverband Rauris\" title=\"Bia\u0142e szale\u0144stwo dla ma\u0142ych i du\u017cych w Raurisertal \u00a9 Tourismusverband Rauris\" data-caption=\"Bia\u0142e szale\u0144stwo dla ma\u0142ych i du\u017cych w Raurisertal \u00a9 Tourismusverband Rauris\" width=\"1170\" height=\"658\" src=\"https:\/\/www.salzburgerland.com\/pl\/wp-content\/uploads\/2021\/09\/familie_beim_skifahren_auf_den_sagenhaften_pisten_des_raurisertals_c_michael_gruber_tourismusverband_rauris-1170x658.jpg\" class=\"attachment-1170_658 size-1170_658\" alt=\"Czteroosobowa rodzina w kolorowym sprz\u0119cie narciarskim pozuje na o\u015bnie\u017conej g\u00f3rze podczas ferie zimowe z rodzin\u0105 Raurisertal. (Powi\u0119kszony widok)\" srcset=\"https:\/\/www.salzburgerland.com\/pl\/wp-content\/uploads\/2021\/09\/familie_beim_skifahren_auf_den_sagenhaften_pisten_des_raurisertals_c_michael_gruber_tourismusverband_rauris-1170x658.jpg 1170w, https:\/\/www.salzburgerland.com\/pl\/wp-content\/uploads\/2021\/09\/familie_beim_skifahren_auf_den_sagenhaften_pisten_des_raurisertals_c_michael_gruber_tourismusverband_rauris-1200x675.jpg 1200w\" sizes=\"(max-width: 1170px) 100vw, 1170px\" aria-describedby=\"figcaption-11408-11414\" itemprop=\"thumbnail\"><\/a><\/div>\n\t\t\t\t\t\t<span id=\"figcaption-11408-11414\" class=\"gallery-caption\" itemprop=\"caption\"><span aria-hidden=\"true\">Bia\u0142e szale\u0144stwo dla ma\u0142ych i du\u017cych w Raurisertal \u00a9 Tourismusverband Rauris<\/span><\/span>\n\t\t\t\t\t<\/li>\n\t\t\t\t\t<li class=\"gallery-item col-3\" itemprop=\"associatedMedia\" itemscope itemtype=\"http:\/\/schema.org\/ImageObject\">\n\t\t\t\t\t\t<div class=\"gallery-icon landscape\"><a href=\"https:\/\/www.salzburgerland.com\/pl\/wp-content\/uploads\/2021\/09\/csm_header6_4f3025fd45.jpg\" title=\"csm_header6_4f3025fd45\"><img decoding=\"async\" data-title=\"Bia\u0142e szale\u0144stwo dla ma\u0142ych i du\u017cych w Raurisertal \u00a9 Tourismusverband Rauris\" title=\"Bia\u0142e szale\u0144stwo dla ma\u0142ych i du\u017cych w Raurisertal \u00a9 Tourismusverband Rauris\" data-caption=\"Bia\u0142e szale\u0144stwo dla ma\u0142ych i du\u017cych w Raurisertal \u00a9 Tourismusverband Rauris\" width=\"1170\" height=\"658\" src=\"https:\/\/www.salzburgerland.com\/pl\/wp-content\/uploads\/2021\/09\/csm_header6_4f3025fd45-1170x658.jpg\" class=\"attachment-1170_658 size-1170_658\" alt=\"Czworo dzieci zje\u017cd\u017caj\u0105cych na nartach w kolorowych strojach - idealna scena ferie zimowe z rodzin\u0105 Raurisertal. (Powi\u0119kszony widok)\" srcset=\"https:\/\/www.salzburgerland.com\/pl\/wp-content\/uploads\/2021\/09\/csm_header6_4f3025fd45-1170x658.jpg 1170w, https:\/\/www.salzburgerland.com\/pl\/wp-content\/uploads\/2021\/09\/csm_header6_4f3025fd45-1200x675.jpg 1200w\" sizes=\"(max-width: 1170px) 100vw, 1170px\" aria-describedby=\"figcaption-11408-11417\" itemprop=\"thumbnail\"><\/a><\/div>\n\t\t\t\t\t\t<span id=\"figcaption-11408-11417\" class=\"gallery-caption\" itemprop=\"caption\"><span aria-hidden=\"true\">Bia\u0142e szale\u0144stwo dla ma\u0142ych i du\u017cych w Raurisertal \u00a9 Tourismusverband Rauris<\/span><\/span>\n\t\t\t\t\t<\/li>\n\t\t\t\t\t<li class=\"gallery-item col-3\" itemprop=\"associatedMedia\" itemscope itemtype=\"http:\/\/schema.org\/ImageObject\">\n\t\t\t\t\t\t<div class=\"gallery-icon landscape\"><a href=\"https:\/\/www.salzburgerland.com\/pl\/wp-content\/uploads\/2021\/09\/winter_kinderski_inhalt.jpg\" title=\"Winter_Kinderski_Inhalt\"><img decoding=\"async\" data-title=\"Bia\u0142e szale\u0144stwo dla ma\u0142ych i du\u017cych w Raurisertal \u00a9 Tourismusverband Rauris\" title=\"Bia\u0142e szale\u0144stwo dla ma\u0142ych i du\u017cych w Raurisertal \u00a9 Tourismusverband Rauris\" data-caption=\"Bia\u0142e szale\u0144stwo dla ma\u0142ych i du\u017cych w Raurisertal \u00a9 Tourismusverband Rauris\" width=\"1170\" height=\"658\" src=\"https:\/\/www.salzburgerland.com\/pl\/wp-content\/uploads\/2021\/09\/winter_kinderski_inhalt-1170x658.jpg\" class=\"attachment-1170_658 size-1170_658\" alt=\"Dwoje dzieci i dwoje doros\u0142ych je\u017adzi na nartach w pobli\u017cu znaku z kresk\u00f3wki podczas ferie zimowe z rodzin\u0105 w Raurisertal. (Powi\u0119kszony widok)\" srcset=\"https:\/\/www.salzburgerland.com\/pl\/wp-content\/uploads\/2021\/09\/winter_kinderski_inhalt-1170x658.jpg 1170w, https:\/\/www.salzburgerland.com\/pl\/wp-content\/uploads\/2021\/09\/winter_kinderski_inhalt-1200x675.jpg 1200w\" sizes=\"(max-width: 1170px) 100vw, 1170px\" aria-describedby=\"figcaption-11408-11412\" itemprop=\"thumbnail\"><\/a><\/div>\n\t\t\t\t\t\t<span id=\"figcaption-11408-11412\" class=\"gallery-caption\" itemprop=\"caption\"><span aria-hidden=\"true\">Bia\u0142e szale\u0144stwo dla ma\u0142ych i du\u017cych w Raurisertal \u00a9 Tourismusverband Rauris<\/span><\/span>\n\t\t\t\t\t<\/li>\n\t\t\t\t<\/ul>\n\t\t\t<\/div><!-- .gallery -->\n\n<h3>Na \u0142onie natury poza gwarnymi stokami<\/h3>\n<p>W d\u0142ugiej na <strong>30 km<\/strong> <strong>dolinie Raurisertal<\/strong> oraz w <strong>pi\u0119ciu dziewicznych bocznych dolinach<\/strong> czeka \u015bnie\u017cna przygoda dla mi\u0142o\u015bnik\u00f3w zimy w ka\u017cdym wieku. Dwa razy w tygodniu str\u00f3\u017ce Parku Narodowego zapraszaj\u0105 na familijne w\u0119dr\u00f3wki na rakietach \u015bnie\u017cnych w romantycznym <strong>ko\u0144cu doliny Kolm Saigurn<\/strong>. W <strong>Puszczy Rauryskiej<\/strong>, przez kt\u00f3r\u0105 biegnie jeden z najbardzie warto\u015bciowych dydaktycznie szlak\u00f3w w Austrii, mali i duzi urlopowicze robi\u0105 ma\u0142e i wielkie odkrycia. M\u0142odociani fani wspinaczki pr\u00f3buj\u0105 swoich si\u0142 na 13-metrowej, g\u0142adkiej jak lustro <strong>wie\u017cy lodowej przy schronisku Naturfreundehaus<\/strong>.<\/p>\n<div id=\"attachment_21872\" style=\"width: 1180px\" class=\"wp-caption alignnone\"><img decoding=\"async\" aria-describedby=\"caption-attachment-21872\" class=\"size-1170_658 wp-image-21872\" src=\"https:\/\/www.salzburgerland.com\/pl\/wp-content\/uploads\/2021\/09\/raurisertal-winterwandern-in-kolm-saigurntvb-rauris-fotostudio-creatina-1170x658.jpg\" alt=\"\" width=\"1170\" height=\"658\" srcset=\"https:\/\/www.salzburgerland.com\/pl\/wp-content\/uploads\/2021\/09\/raurisertal-winterwandern-in-kolm-saigurntvb-rauris-fotostudio-creatina-1170x658.jpg 1170w, https:\/\/www.salzburgerland.com\/pl\/wp-content\/uploads\/2021\/09\/raurisertal-winterwandern-in-kolm-saigurntvb-rauris-fotostudio-creatina-1200x675.jpg 1200w\" sizes=\"(max-width: 1170px) 100vw, 1170px\"><p id=\"caption-attachment-21872\" class=\"wp-caption-text\">Zimowa w\u0119dr\u00f3wka w w Kolm Saigurn \u00a9 TVB Rauris, Creatina Werbedesign<\/p><\/div>\n<p>Na sympatyk\u00f3w <strong>bieg\u00f3w narciarskich<\/strong> czeka <strong>30 km\u00a0 przetartych tras<\/strong>, podobnie jak na mi\u0142o\u015bnik\u00f3w przyrody <strong>wiele od\u015bnie\u017conych \u015bcie\u017cek spacerowych i <a href=\"https:\/\/www.raurisertal.at\/en\/winter\/active-in-winter\/winter-hiking\/\" target=\"_blank\" rel=\"noopener\">szlak\u00f3w w\u0119drownyc<\/a>h<\/strong>. Nastrojowe chwile w gronie rodziny sp\u0119dzimy na <strong><a href=\"https:\/\/www.raurisertal.at\/en\/winter\/active-in-winter\/sleigh-rides\/\" target=\"_blank\" rel=\"noopener\">kuligu w<\/a> Rauris-W\u00f6rth lub H\u00fcttwinkl<\/strong>. I wreszcie raz w tygodniu oferowana jest w kurorcie <strong>familijna w\u0119dr\u00f3wka z przewodnikiem przy \u015bwietle pochodni<\/strong>. Do dolin H\u00fcttwinkltal i Seidlwinkltal kursuj\u0105 bezp\u0142atne autobusy.<\/p>\n<div id=\"attachment_11410\" style=\"width: 1180px\" class=\"wp-caption alignnone\"><img decoding=\"async\" aria-describedby=\"caption-attachment-11410\" class=\"size-1170_658 wp-image-11410\" src=\"https:\/\/cdn.salzburgerland.com\/pl\/wp-content\/uploads\/2021\/09\/familie-rauris-zentrumctvb-rauris-creatina-1170x658.jpg\" alt=\"\" width=\"1170\" height=\"658\" srcset=\"https:\/\/www.salzburgerland.com\/pl\/wp-content\/uploads\/2021\/09\/familie-rauris-zentrumctvb-rauris-creatina-1170x658.jpg 1170w, https:\/\/www.salzburgerland.com\/pl\/wp-content\/uploads\/2021\/09\/familie-rauris-zentrumctvb-rauris-creatina-1200x675.jpg 1200w\" sizes=\"(max-width: 1170px) 100vw, 1170px\"><p id=\"caption-attachment-11410\" class=\"wp-caption-text\">Zimowa idylla dla rodzin w Raurisertal \u00a9 Tourismusverband Rauris<\/p><\/div>\n<h3>Na sanki! Gotowi! Staaaart!<\/h3>\n<p>Wspania\u0142\u0105 zabaw\u0119 na sankach i \u015blizgach zapewnia rodzicom i ich pociechom <a href=\"https:\/\/www.raurisertal.at\/en\/winter\/active-in-winter\/sledding\/\" target=\"_blank\" rel=\"noopener noreferrer\"><strong>trasa saneczkowa na Kreuzboden<\/strong><\/a>. W dzie\u0144 jest ona czynna codziennie, a dwa razy w tygodniu mo\u017cna si\u0119 na ni\u0105 wybra\u0107 po zapadni\u0119ciu zmroku (jest o\u015bwietlona od 19:00 do 20:30). Trasa biegnie na odcinku 2 km od schroniska Kreuzbodenh\u00fctte do dolnej stacji wyci\u0105gu krzese\u0142kowego Kreuzboden. Do punktu wyj\u015bcia trasy na 1300 m n.p.m. dotrzemy wygodnie dwuosobowym wyci\u0105giem krzese\u0142kowym. <span style=\"background-color: rgba(46, 146, 255, 0.094);\">Narciarzy i saneczkarzy przewozi mi\u0119dzy Rauris, W\u00f6rth, Hochalmbahn i Kreuzbodenbahn b<\/span>ezp\u0142atny skibus.<\/p>\n\n\t\t\t<div id=\"11408-2\" class=\"gallery gallery-11408 gallery-columns-3 gallery-size-1170_658\" itemscope itemtype=\"http:\/\/schema.org\/ImageGallery\">\n\t\t\t\t<ul class=\"gallery-row gallery-col-3 gallery-clear\">\n\t\t\t\t\t<li class=\"gallery-item col-3\" itemprop=\"associatedMedia\" itemscope itemtype=\"http:\/\/schema.org\/ImageObject\">\n\t\t\t\t\t\t<div class=\"gallery-icon landscape\"><a href=\"https:\/\/www.salzburgerland.com\/pl\/wp-content\/uploads\/2021\/09\/familie-rauris-zentrum-1500x1000-ctvb-rauris-fotostudio-creatina-4.jpg\" title=\"\u00a9 www.creatina.at\"><img decoding=\"async\" data-title=\"Sanki z dzie\u0107mi w Rauris \u00a9 TVB Rauris, Creatina Werbedesign\" title=\"Sanki z dzie\u0107mi w Rauris \u00a9 TVB Rauris, Creatina Werbedesign\" data-caption=\"Sanki z dzie\u0107mi w Rauris \u00a9 TVB Rauris, Creatina Werbedesign\" width=\"1170\" height=\"658\" src=\"https:\/\/www.salzburgerland.com\/pl\/wp-content\/uploads\/2021\/09\/familie-rauris-zentrum-1500x1000-ctvb-rauris-fotostudio-creatina-4-1170x658.jpg\" class=\"attachment-1170_658 size-1170_658\" alt=\"Ferie zimowe z rodzin\u0105 Raurisertal: Trzy osoby zje\u017cd\u017caj\u0105ce na sankach po za\u015bnie\u017conej \u015bcie\u017cce z g\u00f3rami i drzewami pod s\u0142onecznym niebem. (Powi\u0119kszony widok)\" srcset=\"https:\/\/www.salzburgerland.com\/pl\/wp-content\/uploads\/2021\/09\/familie-rauris-zentrum-1500x1000-ctvb-rauris-fotostudio-creatina-4-1170x658.jpg 1170w, https:\/\/www.salzburgerland.com\/pl\/wp-content\/uploads\/2021\/09\/familie-rauris-zentrum-1500x1000-ctvb-rauris-fotostudio-creatina-4-1200x675.jpg 1200w\" sizes=\"(max-width: 1170px) 100vw, 1170px\" aria-describedby=\"figcaption-11408-21869\" itemprop=\"thumbnail\"><\/a><\/div>\n\t\t\t\t\t\t<span id=\"figcaption-11408-21869\" class=\"gallery-caption\" itemprop=\"caption\"><span aria-hidden=\"true\">Sanki z dzie\u0107mi w Rauris \u00a9 TVB Rauris, Creatina Werbedesign<\/span><\/span>\n\t\t\t\t\t<\/li>\n\t\t\t\t\t<li class=\"gallery-item col-3\" itemprop=\"associatedMedia\" itemscope itemtype=\"http:\/\/schema.org\/ImageObject\">\n\t\t\t\t\t\t<div class=\"gallery-icon landscape\"><a href=\"https:\/\/www.salzburgerland.com\/pl\/wp-content\/uploads\/2021\/09\/raurisertal-rodelntvb-rauris-fotostudio-creatina-1603x1067.jpg\" title=\"\u00a9 www.creatina.at\"><img decoding=\"async\" data-title=\"Sanki z dzie\u0107mi w Rauris \u00a9 TVB Rauris, Creatina Werbedesign\" title=\"Sanki z dzie\u0107mi w Rauris \u00a9 TVB Rauris, Creatina Werbedesign\" data-caption=\"Sanki z dzie\u0107mi w Rauris \u00a9 TVB Rauris, Creatina Werbedesign\" width=\"1170\" height=\"658\" src=\"https:\/\/www.salzburgerland.com\/pl\/wp-content\/uploads\/2021\/09\/raurisertal-rodelntvb-rauris-fotostudio-creatina-1170x658.jpg\" class=\"attachment-1170_658 size-1170_658\" alt=\"Dziecko i doros\u0142y zje\u017cd\u017caj\u0105cy na sankach ze \u015bnie\u017cnego wzg\u00f3rza, u\u015bmiechni\u0119ci w kolorowych strojach - idealne ferie zimowe z rodzin\u0105 Raurisertal. (Powi\u0119kszony widok)\" srcset=\"https:\/\/www.salzburgerland.com\/pl\/wp-content\/uploads\/2021\/09\/raurisertal-rodelntvb-rauris-fotostudio-creatina-1170x658.jpg 1170w, https:\/\/www.salzburgerland.com\/pl\/wp-content\/uploads\/2021\/09\/raurisertal-rodelntvb-rauris-fotostudio-creatina-1200x675.jpg 1200w\" sizes=\"(max-width: 1170px) 100vw, 1170px\" aria-describedby=\"figcaption-11408-21871\" itemprop=\"thumbnail\"><\/a><\/div>\n\t\t\t\t\t\t<span id=\"figcaption-11408-21871\" class=\"gallery-caption\" itemprop=\"caption\"><span aria-hidden=\"true\">Sanki z dzie\u0107mi w Rauris \u00a9 TVB Rauris, Creatina Werbedesign<\/span><\/span>\n\t\t\t\t\t<\/li>\n\t\t\t\t\t<li class=\"gallery-item col-3\" itemprop=\"associatedMedia\" itemscope itemtype=\"http:\/\/schema.org\/ImageObject\">\n\t\t\t\t\t\t<div class=\"gallery-icon landscape\"><a href=\"https:\/\/www.salzburgerland.com\/pl\/wp-content\/uploads\/2021\/09\/raurisertal_rodelntvb-rauris_fotostudiocreatina-1603x1067.jpg\" title=\"Raurisertal_Rodeln\u00a9TVB Rauris_FotostudioCreatina\"><img decoding=\"async\" data-title=\"Sanki z dzie\u0107mi w Rauris \u00a9 TVB Rauris, Creatina Werbedesign\" title=\"Sanki z dzie\u0107mi w Rauris \u00a9 TVB Rauris, Creatina Werbedesign\" data-caption=\"Sanki z dzie\u0107mi w Rauris \u00a9 TVB Rauris, Creatina Werbedesign\" width=\"1170\" height=\"658\" src=\"https:\/\/www.salzburgerland.com\/pl\/wp-content\/uploads\/2021\/09\/raurisertal_rodelntvb-rauris_fotostudiocreatina-1170x658.jpg\" class=\"attachment-1170_658 size-1170_658\" alt=\"Dziecko ci\u0105gn\u0105ce sanki po za\u015bnie\u017conej \u015bcie\u017cce podczas ferie zimowe z rodzin\u0105 Raurisertal, doro\u015bli spaceruj\u0105 z ty\u0142u. (Powi\u0119kszony widok)\" srcset=\"https:\/\/www.salzburgerland.com\/pl\/wp-content\/uploads\/2021\/09\/raurisertal_rodelntvb-rauris_fotostudiocreatina-1170x658.jpg 1170w, https:\/\/www.salzburgerland.com\/pl\/wp-content\/uploads\/2021\/09\/raurisertal_rodelntvb-rauris_fotostudiocreatina-1200x675.jpg 1200w\" sizes=\"(max-width: 1170px) 100vw, 1170px\" aria-describedby=\"figcaption-11408-21873\" itemprop=\"thumbnail\"><\/a><\/div>\n\t\t\t\t\t\t<span id=\"figcaption-11408-21873\" class=\"gallery-caption\" itemprop=\"caption\"><span aria-hidden=\"true\">Sanki z dzie\u0107mi w Rauris \u00a9 TVB Rauris, Creatina Werbedesign<\/span><\/span>\n\t\t\t\t\t<\/li>\n\t\t\t\t<\/ul>\n\t\t\t<\/div><!-- .gallery -->\n\n<h3>Wypoczywaj bezpiecznie<\/h3>\n<p>Ferie to czas zabawy i odpoczynku, zar\u00f3wno dla dzieci, jak i rodzic\u00f3w, a Alpy s\u0105 nieprzebran\u0105 skarbnic\u0105 zimowych aktywno\u015bci. Jak je sp\u0119dza\u0107, by nie przeceni\u0107 swoich si\u0142, zadba\u0107 o zdrowie swoje i swoich bliskich, unikn\u0105\u0107 kontuzji? Koniecznie zapoznaj si\u0119 z <a href=\"https:\/\/www.salzburgerland.com\/pl\/bezpieczenstwo-w-gorach-zima\/\" target=\"_blank\" rel=\"noopener\"><strong>najwa\u017cniejszymi zasadami bezpiecznego <\/strong><\/a>urlopu w g\u00f3rach!<\/p>\n","protected":false},"excerpt":{"rendered":"<p>Familijna stacja narciarska Rauriser Hochalmbahnen Portal narciarski skiresort.de okrzykn\u0105\u0142 tutejsz\u0105 stacj\u0119 narciarsk\u0105 \u201enajpi\u0119kniejsz\u0105 krajobrazowo w ca\u0142ym obszarze alpejskim\u201d. Nie chodzi przy tym o nieko\u0144cz\u0105ce si\u0119 kilometry nartostrad i apr\u00e9s ski do upad\u0142ego, a o fakt, \u017ce mamy tu do czynienia z familijnym terenem narciarskim. Przez zdobycie certyfikatu ochrony klimatu stacja nasza zalicza si\u0119 ponadto do [&hellip;]<\/p>\n","protected":false},"author":4,"featured_media":11422,"comment_status":"closed","ping_status":"closed","sticky":false,"template":"","format":"standard","meta":{"_acf_changed":false,"wl_entities_gutenberg":"","_relevanssi_hide_post":"","_relevanssi_hide_content":"","_relevanssi_pin_for_all":"","_relevanssi_pin_keywords":"","_relevanssi_unpin_keywords":"","_relevanssi_related_keywords":"","_relevanssi_related_include_ids":"","_relevanssi_related_exclude_ids":"","_relevanssi_related_no_append":"","_relevanssi_related_not_related":"","_relevanssi_related_posts":"","_relevanssi_noindex_reason":"","footnotes":""},"categories":[1],"tags":[564,568,562,557,558],"wl_entity_type":[300],"class_list":["post-11408","post","type-post","status-publish","format-standard","has-post-thumbnail","hentry","category-uncategorized","tag-blisko-natury-w-raurisertal","tag-narciarstwo-biegowe-w-raurisertal","tag-narty-w-raurisertal","tag-rakiety-sniezne-w-raurisertal","tag-skitury-w-raurisertal","wl_entity_type-article"],"acf":[],"yoast_head":"<!-- This site is optimized with the Yoast SEO Premium plugin v27.4 (Yoast SEO v27.4) - https:\/\/yoast.com\/product\/yoast-seo-premium-wordpress\/ -->\n<title>Ferie zimowe z rodzin\u0105 w Raurisertal \u00bb SalzburgerLand.com<\/title>\n<meta name=\"description\" content=\"Szerokie stoki narciarskie, trasy saneczkowe oraz dzieiwcza przyroda Parku Narodowego zapraszaj\u0105 na ferie zimowe z rodzin\u0105 w Raurisertal.\" \/>\n<meta name=\"robots\" content=\"index, follow, max-snippet:-1, max-image-preview:large, max-video-preview:-1\" \/>\n<link rel=\"canonical\" href=\"https:\/\/www.salzburgerland.com\/pl\/raurisertal-ferie-zimowe-z-rodzina\/\" \/>\n<meta property=\"og:locale\" content=\"pl_PL\" \/>\n<meta property=\"og:type\" content=\"article\" \/>\n<meta property=\"og:title\" content=\"Ferie zimowe z rodzin\u0105 w Raurisertal\" \/>\n<meta property=\"og:description\" content=\"Familijna stacja narciarska Rauriser Hochalmbahnen Portal narciarski skiresort.de okrzykn\u0105\u0142 tutejsz\u0105 stacj\u0119 narciarsk\u0105 &quot;najpi\u0119kniejsz\u0105 krajobrazowo w\" \/>\n<meta property=\"og:url\" content=\"https:\/\/www.salzburgerland.com\/pl\/raurisertal-ferie-zimowe-z-rodzina\/\" \/>\n<meta property=\"og:site_name\" content=\"SalzburgerLand.com\" \/>\n<meta property=\"article:publisher\" content=\"https:\/\/www.facebook.com\/visitsalzburgerland\/\" \/>\n<meta property=\"article:published_time\" content=\"2021-09-23T19:56:27+00:00\" \/>\n<meta property=\"article:modified_time\" content=\"2023-10-27T19:15:38+00:00\" \/>\n<meta property=\"og:image\" content=\"https:\/\/www.salzburgerland.com\/pl\/wp-content\/uploads\/2021\/09\/galerie6-1200x675.jpg\" \/>\n\t<meta property=\"og:image:width\" content=\"1200\" \/>\n\t<meta property=\"og:image:height\" content=\"675\" \/>\n\t<meta property=\"og:image:type\" content=\"image\/jpeg\" \/>\n<meta name=\"author\" content=\"Izabela Gartner\" \/>\n<meta name=\"twitter:card\" content=\"summary_large_image\" \/>\n<meta name=\"twitter:creator\" content=\"@salzburgerland\" \/>\n<meta name=\"twitter:site\" content=\"@salzburgerland\" \/>\n<meta name=\"twitter:label1\" content=\"Napisane przez\" \/>\n\t<meta name=\"twitter:data1\" content=\"Izabela Gartner\" \/>\n\t<meta name=\"twitter:label2\" content=\"Szacowany czas czytania\" \/>\n\t<meta name=\"twitter:data2\" content=\"4 minuty\" \/>\n<script type=\"application\/ld+json\" class=\"yoast-schema-graph\">{\"@context\":\"https:\\\/\\\/schema.org\",\"@graph\":[{\"@type\":\"Article\",\"@id\":\"https:\\\/\\\/www.salzburgerland.com\\\/pl\\\/raurisertal-ferie-zimowe-z-rodzina\\\/#article\",\"isPartOf\":{\"@id\":\"https:\\\/\\\/www.salzburgerland.com\\\/pl\\\/raurisertal-ferie-zimowe-z-rodzina\\\/\"},\"author\":{\"name\":\"Izabela Gartner\",\"@id\":\"https:\\\/\\\/www.salzburgerland.com\\\/pl\\\/#\\\/schema\\\/person\\\/c10420e9897d4ca984317db556f04804\"},\"headline\":\"Ferie zimowe z rodzin\u0105 w Raurisertal\",\"datePublished\":\"2021-09-23T19:56:27+00:00\",\"dateModified\":\"2023-10-27T19:15:38+00:00\",\"mainEntityOfPage\":{\"@id\":\"https:\\\/\\\/www.salzburgerland.com\\\/pl\\\/raurisertal-ferie-zimowe-z-rodzina\\\/\"},\"wordCount\":542,\"image\":{\"@id\":\"https:\\\/\\\/www.salzburgerland.com\\\/pl\\\/raurisertal-ferie-zimowe-z-rodzina\\\/#primaryimage\"},\"thumbnailUrl\":\"https:\\\/\\\/www.salzburgerland.com\\\/pl\\\/wp-content\\\/uploads\\\/2021\\\/09\\\/galerie6.jpg\",\"keywords\":[\"blisko natury w Raurisertal\",\"narciarstwo biegowe w Raurisertal\",\"Narty w Raurisertal\",\"rakiety \u015bnie\u017cne w Raurisertal\",\"skitury w Raurisertal\"],\"articleSection\":[\"Uncategorized\"],\"inLanguage\":\"pl-PL\"},{\"@type\":\"WebPage\",\"@id\":\"https:\\\/\\\/www.salzburgerland.com\\\/pl\\\/raurisertal-ferie-zimowe-z-rodzina\\\/\",\"url\":\"https:\\\/\\\/www.salzburgerland.com\\\/pl\\\/raurisertal-ferie-zimowe-z-rodzina\\\/\",\"name\":\"Ferie zimowe z rodzin\u0105 w Raurisertal \u00bb SalzburgerLand.com\",\"isPartOf\":{\"@id\":\"https:\\\/\\\/www.salzburgerland.com\\\/pl\\\/#website\"},\"primaryImageOfPage\":{\"@id\":\"https:\\\/\\\/www.salzburgerland.com\\\/pl\\\/raurisertal-ferie-zimowe-z-rodzina\\\/#primaryimage\"},\"image\":{\"@id\":\"https:\\\/\\\/www.salzburgerland.com\\\/pl\\\/raurisertal-ferie-zimowe-z-rodzina\\\/#primaryimage\"},\"thumbnailUrl\":\"https:\\\/\\\/www.salzburgerland.com\\\/pl\\\/wp-content\\\/uploads\\\/2021\\\/09\\\/galerie6.jpg\",\"datePublished\":\"2021-09-23T19:56:27+00:00\",\"dateModified\":\"2023-10-27T19:15:38+00:00\",\"author\":{\"@id\":\"https:\\\/\\\/www.salzburgerland.com\\\/pl\\\/#\\\/schema\\\/person\\\/c10420e9897d4ca984317db556f04804\"},\"description\":\"Szerokie stoki narciarskie, trasy saneczkowe oraz dzieiwcza przyroda Parku Narodowego zapraszaj\u0105 na ferie zimowe z rodzin\u0105 w Raurisertal.\",\"breadcrumb\":{\"@id\":\"https:\\\/\\\/www.salzburgerland.com\\\/pl\\\/raurisertal-ferie-zimowe-z-rodzina\\\/#breadcrumb\"},\"inLanguage\":\"pl-PL\",\"potentialAction\":[{\"@type\":\"ReadAction\",\"target\":[\"https:\\\/\\\/www.salzburgerland.com\\\/pl\\\/raurisertal-ferie-zimowe-z-rodzina\\\/\"]}]},{\"@type\":\"ImageObject\",\"inLanguage\":\"pl-PL\",\"@id\":\"https:\\\/\\\/www.salzburgerland.com\\\/pl\\\/raurisertal-ferie-zimowe-z-rodzina\\\/#primaryimage\",\"url\":\"https:\\\/\\\/www.salzburgerland.com\\\/pl\\\/wp-content\\\/uploads\\\/2021\\\/09\\\/galerie6.jpg\",\"contentUrl\":\"https:\\\/\\\/www.salzburgerland.com\\\/pl\\\/wp-content\\\/uploads\\\/2021\\\/09\\\/galerie6.jpg\",\"width\":1500,\"height\":998,\"caption\":\"Ferie zimowe z rodzin\u0105 w Raurisertal \u00a9 Tourismusverband Rauris\"},{\"@type\":\"BreadcrumbList\",\"@id\":\"https:\\\/\\\/www.salzburgerland.com\\\/pl\\\/raurisertal-ferie-zimowe-z-rodzina\\\/#breadcrumb\",\"itemListElement\":[{\"@type\":\"ListItem\",\"position\":1,\"name\":\"Zima w Raurisertal\",\"item\":\"https:\\\/\\\/www.salzburgerland.com\\\/pl\\\/raurisertal-zima\\\/\"},{\"@type\":\"ListItem\",\"position\":2,\"name\":\"Ferie zimowe z rodzin\u0105 w Raurisertal\"}]},{\"@type\":\"WebSite\",\"@id\":\"https:\\\/\\\/www.salzburgerland.com\\\/pl\\\/#website\",\"url\":\"https:\\\/\\\/www.salzburgerland.com\\\/pl\\\/\",\"name\":\"SalzburgerLand.com\",\"description\":\"Urlop Salzburg : hotele : turystyka Ziemia Salzburska : kultura : rodzinny urlop Ziemia Salzburska : informacja turystyczna : noclegi Austria : aktywny wypoczynek\",\"potentialAction\":[{\"@type\":\"SearchAction\",\"target\":{\"@type\":\"EntryPoint\",\"urlTemplate\":\"https:\\\/\\\/www.salzburgerland.com\\\/pl\\\/?s={search_term_string}\"},\"query-input\":{\"@type\":\"PropertyValueSpecification\",\"valueRequired\":true,\"valueName\":\"search_term_string\"}}],\"inLanguage\":\"pl-PL\"},{\"@type\":\"Person\",\"@id\":\"https:\\\/\\\/www.salzburgerland.com\\\/pl\\\/#\\\/schema\\\/person\\\/c10420e9897d4ca984317db556f04804\",\"name\":\"Izabela Gartner\",\"image\":{\"@type\":\"ImageObject\",\"inLanguage\":\"pl-PL\",\"@id\":\"https:\\\/\\\/secure.gravatar.com\\\/avatar\\\/062a6263a145aaa718f0b029a735b6557e456ff63f9e65056a4352d3c0a06e4d?s=96&d=mm&r=g\",\"url\":\"https:\\\/\\\/secure.gravatar.com\\\/avatar\\\/062a6263a145aaa718f0b029a735b6557e456ff63f9e65056a4352d3c0a06e4d?s=96&d=mm&r=g\",\"contentUrl\":\"https:\\\/\\\/secure.gravatar.com\\\/avatar\\\/062a6263a145aaa718f0b029a735b6557e456ff63f9e65056a4352d3c0a06e4d?s=96&d=mm&r=g\",\"caption\":\"Izabela Gartner\"}}]}<\/script>\n<!-- \/ Yoast SEO Premium plugin. -->","yoast_head_json":{"title":"Ferie zimowe z rodzin\u0105 w Raurisertal \u00bb SalzburgerLand.com","description":"Szerokie stoki narciarskie, trasy saneczkowe oraz dzieiwcza przyroda Parku Narodowego zapraszaj\u0105 na ferie zimowe z rodzin\u0105 w Raurisertal.","robots":{"index":"index","follow":"follow","max-snippet":"max-snippet:-1","max-image-preview":"max-image-preview:large","max-video-preview":"max-video-preview:-1"},"canonical":"https:\/\/www.salzburgerland.com\/pl\/raurisertal-ferie-zimowe-z-rodzina\/","og_locale":"pl_PL","og_type":"article","og_title":"Ferie zimowe z rodzin\u0105 w Raurisertal","og_description":"Familijna stacja narciarska Rauriser Hochalmbahnen Portal narciarski skiresort.de okrzykn\u0105\u0142 tutejsz\u0105 stacj\u0119 narciarsk\u0105 \"najpi\u0119kniejsz\u0105 krajobrazowo w","og_url":"https:\/\/www.salzburgerland.com\/pl\/raurisertal-ferie-zimowe-z-rodzina\/","og_site_name":"SalzburgerLand.com","article_publisher":"https:\/\/www.facebook.com\/visitsalzburgerland\/","article_published_time":"2021-09-23T19:56:27+00:00","article_modified_time":"2023-10-27T19:15:38+00:00","og_image":[{"width":1200,"height":675,"url":"https:\/\/www.salzburgerland.com\/pl\/wp-content\/uploads\/2021\/09\/galerie6-1200x675.jpg","type":"image\/jpeg"}],"author":"Izabela Gartner","twitter_card":"summary_large_image","twitter_creator":"@salzburgerland","twitter_site":"@salzburgerland","twitter_misc":{"Napisane przez":"Izabela Gartner","Szacowany czas czytania":"4 minuty"},"schema":{"@context":"https:\/\/schema.org","@graph":[{"@type":"Article","@id":"https:\/\/www.salzburgerland.com\/pl\/raurisertal-ferie-zimowe-z-rodzina\/#article","isPartOf":{"@id":"https:\/\/www.salzburgerland.com\/pl\/raurisertal-ferie-zimowe-z-rodzina\/"},"author":{"name":"Izabela Gartner","@id":"https:\/\/www.salzburgerland.com\/pl\/#\/schema\/person\/c10420e9897d4ca984317db556f04804"},"headline":"Ferie zimowe z rodzin\u0105 w Raurisertal","datePublished":"2021-09-23T19:56:27+00:00","dateModified":"2023-10-27T19:15:38+00:00","mainEntityOfPage":{"@id":"https:\/\/www.salzburgerland.com\/pl\/raurisertal-ferie-zimowe-z-rodzina\/"},"wordCount":542,"image":{"@id":"https:\/\/www.salzburgerland.com\/pl\/raurisertal-ferie-zimowe-z-rodzina\/#primaryimage"},"thumbnailUrl":"https:\/\/www.salzburgerland.com\/pl\/wp-content\/uploads\/2021\/09\/galerie6.jpg","keywords":["blisko natury w Raurisertal","narciarstwo biegowe w Raurisertal","Narty w Raurisertal","rakiety \u015bnie\u017cne w Raurisertal","skitury w Raurisertal"],"articleSection":["Uncategorized"],"inLanguage":"pl-PL"},{"@type":"WebPage","@id":"https:\/\/www.salzburgerland.com\/pl\/raurisertal-ferie-zimowe-z-rodzina\/","url":"https:\/\/www.salzburgerland.com\/pl\/raurisertal-ferie-zimowe-z-rodzina\/","name":"Ferie zimowe z rodzin\u0105 w Raurisertal \u00bb SalzburgerLand.com","isPartOf":{"@id":"https:\/\/www.salzburgerland.com\/pl\/#website"},"primaryImageOfPage":{"@id":"https:\/\/www.salzburgerland.com\/pl\/raurisertal-ferie-zimowe-z-rodzina\/#primaryimage"},"image":{"@id":"https:\/\/www.salzburgerland.com\/pl\/raurisertal-ferie-zimowe-z-rodzina\/#primaryimage"},"thumbnailUrl":"https:\/\/www.salzburgerland.com\/pl\/wp-content\/uploads\/2021\/09\/galerie6.jpg","datePublished":"2021-09-23T19:56:27+00:00","dateModified":"2023-10-27T19:15:38+00:00","author":{"@id":"https:\/\/www.salzburgerland.com\/pl\/#\/schema\/person\/c10420e9897d4ca984317db556f04804"},"description":"Szerokie stoki narciarskie, trasy saneczkowe oraz dzieiwcza przyroda Parku Narodowego zapraszaj\u0105 na ferie zimowe z rodzin\u0105 w Raurisertal.","breadcrumb":{"@id":"https:\/\/www.salzburgerland.com\/pl\/raurisertal-ferie-zimowe-z-rodzina\/#breadcrumb"},"inLanguage":"pl-PL","potentialAction":[{"@type":"ReadAction","target":["https:\/\/www.salzburgerland.com\/pl\/raurisertal-ferie-zimowe-z-rodzina\/"]}]},{"@type":"ImageObject","inLanguage":"pl-PL","@id":"https:\/\/www.salzburgerland.com\/pl\/raurisertal-ferie-zimowe-z-rodzina\/#primaryimage","url":"https:\/\/www.salzburgerland.com\/pl\/wp-content\/uploads\/2021\/09\/galerie6.jpg","contentUrl":"https:\/\/www.salzburgerland.com\/pl\/wp-content\/uploads\/2021\/09\/galerie6.jpg","width":1500,"height":998,"caption":"Ferie zimowe z rodzin\u0105 w Raurisertal \u00a9 Tourismusverband Rauris"},{"@type":"BreadcrumbList","@id":"https:\/\/www.salzburgerland.com\/pl\/raurisertal-ferie-zimowe-z-rodzina\/#breadcrumb","itemListElement":[{"@type":"ListItem","position":1,"name":"Zima w Raurisertal","item":"https:\/\/www.salzburgerland.com\/pl\/raurisertal-zima\/"},{"@type":"ListItem","position":2,"name":"Ferie zimowe z rodzin\u0105 w Raurisertal"}]},{"@type":"WebSite","@id":"https:\/\/www.salzburgerland.com\/pl\/#website","url":"https:\/\/www.salzburgerland.com\/pl\/","name":"SalzburgerLand.com","description":"Urlop Salzburg : hotele : turystyka Ziemia Salzburska : kultura : rodzinny urlop Ziemia Salzburska : informacja turystyczna : noclegi Austria : aktywny wypoczynek","potentialAction":[{"@type":"SearchAction","target":{"@type":"EntryPoint","urlTemplate":"https:\/\/www.salzburgerland.com\/pl\/?s={search_term_string}"},"query-input":{"@type":"PropertyValueSpecification","valueRequired":true,"valueName":"search_term_string"}}],"inLanguage":"pl-PL"},{"@type":"Person","@id":"https:\/\/www.salzburgerland.com\/pl\/#\/schema\/person\/c10420e9897d4ca984317db556f04804","name":"Izabela Gartner","image":{"@type":"ImageObject","inLanguage":"pl-PL","@id":"https:\/\/secure.gravatar.com\/avatar\/062a6263a145aaa718f0b029a735b6557e456ff63f9e65056a4352d3c0a06e4d?s=96&d=mm&r=g","url":"https:\/\/secure.gravatar.com\/avatar\/062a6263a145aaa718f0b029a735b6557e456ff63f9e65056a4352d3c0a06e4d?s=96&d=mm&r=g","contentUrl":"https:\/\/secure.gravatar.com\/avatar\/062a6263a145aaa718f0b029a735b6557e456ff63f9e65056a4352d3c0a06e4d?s=96&d=mm&r=g","caption":"Izabela Gartner"}}]}},"_wl_alt_label":[],"wl:entity_url":"http:\/\/open.salzburgerland.com\/pl\/post\/ferie_zimowe_z_rodzina_w_raurisertal","_links":{"self":[{"href":"https:\/\/www.salzburgerland.com\/pl\/wp-json\/wp\/v2\/posts\/11408","targetHints":{"allow":["GET"]}}],"collection":[{"href":"https:\/\/www.salzburgerland.com\/pl\/wp-json\/wp\/v2\/posts"}],"about":[{"href":"https:\/\/www.salzburgerland.com\/pl\/wp-json\/wp\/v2\/types\/post"}],"author":[{"embeddable":true,"href":"https:\/\/www.salzburgerland.com\/pl\/wp-json\/wp\/v2\/users\/4"}],"replies":[{"embeddable":true,"href":"https:\/\/www.salzburgerland.com\/pl\/wp-json\/wp\/v2\/comments?post=11408"}],"version-history":[{"count":5,"href":"https:\/\/www.salzburgerland.com\/pl\/wp-json\/wp\/v2\/posts\/11408\/revisions"}],"predecessor-version":[{"id":21874,"href":"https:\/\/www.salzburgerland.com\/pl\/wp-json\/wp\/v2\/posts\/11408\/revisions\/21874"}],"wp:featuredmedia":[{"embeddable":true,"href":"https:\/\/www.salzburgerland.com\/pl\/wp-json\/wp\/v2\/media\/11422"}],"wp:attachment":[{"href":"https:\/\/www.salzburgerland.com\/pl\/wp-json\/wp\/v2\/media?parent=11408"}],"wp:term":[{"taxonomy":"category","embeddable":true,"href":"https:\/\/www.salzburgerland.com\/pl\/wp-json\/wp\/v2\/categories?post=11408"},{"taxonomy":"post_tag","embeddable":true,"href":"https:\/\/www.salzburgerland.com\/pl\/wp-json\/wp\/v2\/tags?post=11408"},{"taxonomy":"wl_entity_type","embeddable":true,"href":"https:\/\/www.salzburgerland.com\/pl\/wp-json\/wp\/v2\/wl_entity_type?post=11408"}],"curies":[{"name":"wp","href":"https:\/\/api.w.org\/{rel}","templated":true}]}}