{"id":11359,"date":"2021-09-22T11:25:04","date_gmt":"2021-09-22T09:25:04","guid":{"rendered":"https:\/\/www.salzburgerland.com\/pl\/?p=11359"},"modified":"2023-10-27T21:50:00","modified_gmt":"2023-10-27T19:50:00","slug":"raurisertal-skitury","status":"publish","type":"post","link":"https:\/\/www.salzburgerland.com\/pl\/raurisertal-skitury\/","title":{"rendered":"Skitury w Raurisertal"},"content":{"rendered":"<p>Zwolennicy jazdy po firnie i narciarstwa skiturowego ceni\u0105 sobie \u201ez\u0142otono\u015bn\u0105\u201d dolin\u0119 w Parku Narodowym Wysokie Taury z jej zachowanymi przed niszcz\u0105cym dzia\u0142aniem cywilizacji bocznymi dolinami oraz zako\u0144czenie doliny w Kolm Saigurn z si\u0119gaj\u0105cymi trzech tysi\u0119cy metr\u00f3w n.p.m. szczytami. Najwi\u0119ksz\u0105 popularno\u015bci\u0105 w\u015br\u00f3d wielbicieli <a href=\"https:\/\/www.raurisertal.at\/en\/winter\/active-in-winter\/ski-touring\/\" target=\"_blank\" rel=\"noopener\"><strong>skitouringu<\/strong><\/a> ciesz\u0105 si\u0119 <strong>Hocharn<\/strong>, <strong>Scharek<\/strong> oraz <a href=\"https:\/\/www.sonnblick.net\/en\/\" target=\"_blank\" rel=\"noopener noreferrer\"><strong>Hoher Sonnblick<\/strong> <\/a>z po\u0142o\u017con\u0105 najwy\u017cszej w Europie <a href=\"https:\/\/www.sonnblick.net\/en\/\" target=\"_blank\" rel=\"noopener noreferrer\">ca\u0142oroczn\u0105 stacj\u0105 meteorologiczn\u0105<\/a>.<\/p>\n\n\t\t\t<div id=\"11359-1\" class=\"gallery gallery-11359 gallery-columns-3 gallery-size-1170_658\" itemscope itemtype=\"http:\/\/schema.org\/ImageGallery\">\n\t\t\t\t<ul class=\"gallery-row gallery-col-3 gallery-clear\">\n\t\t\t\t\t<li class=\"gallery-item col-3\" itemprop=\"associatedMedia\" itemscope itemtype=\"http:\/\/schema.org\/ImageObject\">\n\t\t\t\t\t\t<div class=\"gallery-icon landscape\"><a href=\"https:\/\/www.salzburgerland.com\/pl\/wp-content\/uploads\/2021\/09\/raurisertal_skitouren20ctvb-rauris-fotograf-stefan-eder-1897x1067.jpg\" title=\"Raurisertal_Skitouren20(c)TVB Rauris, Fotograf Stefan Eder\"><img decoding=\"async\" data-title=\"Wyprawa skiturowa w Raurisertal \u00a9 TVB Rauris, Stefan Eder\" title=\"Wyprawa skiturowa w Raurisertal \u00a9 TVB Rauris, Stefan Eder\" data-caption=\"Wyprawa skiturowa w Raurisertal \u00a9 TVB Rauris, Stefan Eder\" width=\"1170\" height=\"658\" src=\"https:\/\/www.salzburgerland.com\/pl\/wp-content\/uploads\/2021\/09\/raurisertal_skitouren20ctvb-rauris-fotograf-stefan-eder-1170x658.jpg\" class=\"attachment-1170_658 size-1170_658\" alt=\"Dwie osoby w\u0119druj\u0105 pod g\u00f3r\u0119 po za\u015bnie\u017conym terenie z kijkami narciarskimi-Skitury w Raurisertal o zachodzie s\u0142o\u0144ca. (Powi\u0119kszony widok)\" srcset=\"https:\/\/www.salzburgerland.com\/pl\/wp-content\/uploads\/2021\/09\/raurisertal_skitouren20ctvb-rauris-fotograf-stefan-eder-1170x658.jpg 1170w, https:\/\/www.salzburgerland.com\/pl\/wp-content\/uploads\/2021\/09\/raurisertal_skitouren20ctvb-rauris-fotograf-stefan-eder-1897x1067.jpg 1897w, https:\/\/www.salzburgerland.com\/pl\/wp-content\/uploads\/2021\/09\/raurisertal_skitouren20ctvb-rauris-fotograf-stefan-eder-768x432.jpg 768w, https:\/\/www.salzburgerland.com\/pl\/wp-content\/uploads\/2021\/09\/raurisertal_skitouren20ctvb-rauris-fotograf-stefan-eder-1536x864.jpg 1536w, https:\/\/www.salzburgerland.com\/pl\/wp-content\/uploads\/2021\/09\/raurisertal_skitouren20ctvb-rauris-fotograf-stefan-eder-1200x675.jpg 1200w, https:\/\/www.salzburgerland.com\/pl\/wp-content\/uploads\/2021\/09\/raurisertal_skitouren20ctvb-rauris-fotograf-stefan-eder.jpg 1920w\" sizes=\"(max-width: 1170px) 100vw, 1170px\" aria-describedby=\"figcaption-11359-21896\" itemprop=\"thumbnail\"><\/a><\/div>\n\t\t\t\t\t\t<span id=\"figcaption-11359-21896\" class=\"gallery-caption\" itemprop=\"caption\"><span aria-hidden=\"true\">Wyprawa skiturowa w Raurisertal \u00a9 TVB Rauris, Stefan Eder<\/span><\/span>\n\t\t\t\t\t<\/li>\n\t\t\t\t\t<li class=\"gallery-item col-3\" itemprop=\"associatedMedia\" itemscope itemtype=\"http:\/\/schema.org\/ImageObject\">\n\t\t\t\t\t\t<div class=\"gallery-icon landscape\"><a href=\"https:\/\/www.salzburgerland.com\/pl\/wp-content\/uploads\/2021\/09\/raurisertal-skitourenctvb-rauris_fotograf-eder-stefan-1897x1067.png\" title=\"Raurisertal Skitouren(c)TVB Rauris_Fotograf Eder Stefan\"><img decoding=\"async\" data-title=\"Wyprawa skiturowa w Raurisertal \u00a9 TVB Rauris, Stefan Eder\" title=\"Wyprawa skiturowa w Raurisertal \u00a9 TVB Rauris, Stefan Eder\" data-caption=\"Wyprawa skiturowa w Raurisertal \u00a9 TVB Rauris, Stefan Eder\" width=\"1170\" height=\"658\" src=\"https:\/\/www.salzburgerland.com\/pl\/wp-content\/uploads\/2021\/09\/raurisertal-skitourenctvb-rauris_fotograf-eder-stefan-1170x658.png\" class=\"attachment-1170_658 size-1170_658\" alt=\"Dw\u00f3ch narciarzy w\u0119druje pod g\u00f3r\u0119 po o\u015bnie\u017conej grani, ciesz\u0105c si\u0119 skitur\u0105 w Raurisertal, gdy za nimi \u015bwieci s\u0142o\u0144ce. (Powi\u0119kszony widok)\" srcset=\"https:\/\/www.salzburgerland.com\/pl\/wp-content\/uploads\/2021\/09\/raurisertal-skitourenctvb-rauris_fotograf-eder-stefan-1170x658.png 1170w, https:\/\/www.salzburgerland.com\/pl\/wp-content\/uploads\/2021\/09\/raurisertal-skitourenctvb-rauris_fotograf-eder-stefan-1897x1067.png 1897w, https:\/\/www.salzburgerland.com\/pl\/wp-content\/uploads\/2021\/09\/raurisertal-skitourenctvb-rauris_fotograf-eder-stefan-768x432.png 768w, https:\/\/www.salzburgerland.com\/pl\/wp-content\/uploads\/2021\/09\/raurisertal-skitourenctvb-rauris_fotograf-eder-stefan-1536x864.png 1536w, https:\/\/www.salzburgerland.com\/pl\/wp-content\/uploads\/2021\/09\/raurisertal-skitourenctvb-rauris_fotograf-eder-stefan-1200x675.png 1200w, https:\/\/www.salzburgerland.com\/pl\/wp-content\/uploads\/2021\/09\/raurisertal-skitourenctvb-rauris_fotograf-eder-stefan.png 1920w\" sizes=\"(max-width: 1170px) 100vw, 1170px\" aria-describedby=\"figcaption-11359-21897\" itemprop=\"thumbnail\"><\/a><\/div>\n\t\t\t\t\t\t<span id=\"figcaption-11359-21897\" class=\"gallery-caption\" itemprop=\"caption\"><span aria-hidden=\"true\">Wyprawa skiturowa w Raurisertal \u00a9 TVB Rauris, Stefan Eder<\/span><\/span>\n\t\t\t\t\t<\/li>\n\t\t\t\t\t<li class=\"gallery-item col-3\" itemprop=\"associatedMedia\" itemscope itemtype=\"http:\/\/schema.org\/ImageObject\">\n\t\t\t\t\t\t<div class=\"gallery-icon landscape\"><a href=\"https:\/\/www.salzburgerland.com\/pl\/wp-content\/uploads\/2021\/09\/raurisertal_skitouren31ctvb-rauris-fotograf-stefan-eder-1897x1067.jpg\" title=\"Raurisertal_Skitouren31(c)TVB Rauris, Fotograf Stefan Eder\"><img decoding=\"async\" data-title=\"Wyprawa skiturowa w Raurisertal \u00a9 TVB Rauris, Stefan Eder\" title=\"Wyprawa skiturowa w Raurisertal \u00a9 TVB Rauris, Stefan Eder\" data-caption=\"Wyprawa skiturowa w Raurisertal \u00a9 TVB Rauris, Stefan Eder\" width=\"1170\" height=\"658\" src=\"https:\/\/www.salzburgerland.com\/pl\/wp-content\/uploads\/2021\/09\/raurisertal_skitouren31ctvb-rauris-fotograf-stefan-eder-1170x658.jpg\" class=\"attachment-1170_658 size-1170_658\" alt=\"Osoba je\u017cd\u017c\u0105ca na nartach pod g\u00f3r\u0119 w s\u0142o\u0144cu z g\u00f3rami - do\u015bwiadczenie Skitury w Raurisertal na za\u015bnie\u017conym terenie. (Powi\u0119kszony widok)\" srcset=\"https:\/\/www.salzburgerland.com\/pl\/wp-content\/uploads\/2021\/09\/raurisertal_skitouren31ctvb-rauris-fotograf-stefan-eder-1170x658.jpg 1170w, https:\/\/www.salzburgerland.com\/pl\/wp-content\/uploads\/2021\/09\/raurisertal_skitouren31ctvb-rauris-fotograf-stefan-eder-1897x1067.jpg 1897w, https:\/\/www.salzburgerland.com\/pl\/wp-content\/uploads\/2021\/09\/raurisertal_skitouren31ctvb-rauris-fotograf-stefan-eder-768x432.jpg 768w, https:\/\/www.salzburgerland.com\/pl\/wp-content\/uploads\/2021\/09\/raurisertal_skitouren31ctvb-rauris-fotograf-stefan-eder-1536x864.jpg 1536w, https:\/\/www.salzburgerland.com\/pl\/wp-content\/uploads\/2021\/09\/raurisertal_skitouren31ctvb-rauris-fotograf-stefan-eder-1200x675.jpg 1200w, https:\/\/www.salzburgerland.com\/pl\/wp-content\/uploads\/2021\/09\/raurisertal_skitouren31ctvb-rauris-fotograf-stefan-eder.jpg 1920w\" sizes=\"(max-width: 1170px) 100vw, 1170px\" aria-describedby=\"figcaption-11359-21893\" itemprop=\"thumbnail\"><\/a><\/div>\n\t\t\t\t\t\t<span id=\"figcaption-11359-21893\" class=\"gallery-caption\" itemprop=\"caption\"><span aria-hidden=\"true\">Wyprawa skiturowa w Raurisertal \u00a9 TVB Rauris, Stefan Eder<\/span><\/span>\n\t\t\t\t\t<\/li>\n\t\t\t\t<\/ul>\n\t\t\t<\/div><!-- .gallery -->\n\n<p>A\u017c do p\u00f3\u017anej wiosny mo\u017cna z nich zjecha\u0107 w g\u0142\u0119bokim, b\u0142yszcz\u0105cym w s\u0142o\u0144cu \u015bniegu <strong>poza przygotowanymi trasami<\/strong>. Jest te\u017c do\u00a0 zdobycia kilka dwutysi\u0119cznik\u00f3w: <strong>Baukogel<\/strong>, <strong>R\u00fchrk\u00fcbel<\/strong>, <strong>Kolmkarspitz<\/strong> i <strong>Silberpfening<\/strong>, kt\u00f3re rzucaj\u0105 narciarzom nie mniejsze wyzwanie.\u00a0 W stacji narciarskiej <strong>Hochalmbahnen<\/strong> mo\u017cna do po\u0142owy kwietnia realizowa\u0107 swoje marzenia <strong>o surfowaniu w g\u0142\u0119bokim \u015bnie\u017cnym puchu<\/strong> na <strong>p\u00f3\u0142nocnowschodnich zobaczach<\/strong> obok\u00a0 wyratrakowanych stok\u00f3w narciarskich.<\/p>\n<div id=\"attachment_21900\" style=\"width: 1180px\" class=\"wp-caption alignnone\"><img decoding=\"async\" aria-describedby=\"caption-attachment-21900\" class=\"size-1170_658 wp-image-21900\" src=\"https:\/\/www.salzburgerland.com\/pl\/wp-content\/uploads\/2021\/09\/raurisertal-skifahren-hochalmbahnenctvb-rauris-fotograf-michael-gruber-1170x658.jpg\" alt=\"\" width=\"1170\" height=\"658\" srcset=\"https:\/\/www.salzburgerland.com\/pl\/wp-content\/uploads\/2021\/09\/raurisertal-skifahren-hochalmbahnenctvb-rauris-fotograf-michael-gruber-1170x658.jpg 1170w, https:\/\/www.salzburgerland.com\/pl\/wp-content\/uploads\/2021\/09\/raurisertal-skifahren-hochalmbahnenctvb-rauris-fotograf-michael-gruber-1200x675.jpg 1200w\" sizes=\"(max-width: 1170px) 100vw, 1170px\"><p id=\"caption-attachment-21900\" class=\"wp-caption-text\">Jazda w g\u0142\u0119bokim \u015bniegu w Rauris \u00a9 TVB Rauris, Gruber Michael<\/p><\/div>\n<p>W centrum skiturowym <strong>Skitourencenter Raurisertal<\/strong> znajdziemy <strong>oznakowan\u0105 tras\u0119 skiturow\u0105<\/strong> <strong>posiadaj\u0105c\u0105 dwa warianty. <\/strong>W zale\u017cno\u015bci od wybranego wariantu, do pokonania jest 310 lub 810 metr\u00f3w przewy\u017cszenia. W dolin\u0119 szusuje si\u0119 ju\u017c wyratrakowanymi stokami familijnej stacji <strong>Rauriser Hochalmbahnen<\/strong>.<strong> W ka\u017cdy pi\u0105tek<\/strong> organizowany jest bezp\u0142atny <strong>wiecz\u00f3r informacyjny <\/strong>otwarty dla wszystkich zainteresowanych.<\/p>\n<p><iframe title=\"Skitouren im Raurisertal\" width=\"500\" height=\"281\" src=\"https:\/\/www.youtube-nocookie.com\/embed\/E9eY8BK59OI?feature=oembed&amp;rel=0&amp;modestbranding=1\" frameborder=\"0\" allow=\"accelerometer; autoplay; clipboard-write; encrypted-media; gyroscope; picture-in-picture; web-share\" referrerpolicy=\"strict-origin-when-cross-origin\" allowfullscreen><\/iframe><\/p>\n<h3>Alpy, zima, narty turowe\u00a0 i\u2026 bezpiecze\u0144stwo<\/h3>\n<p><span>Zimowe i wiosenne wyprawy na nartach turowych nios\u0105 ze sob\u0105 wiele pi\u0119knych wra\u017cenia, mog\u0105 jednak kry\u0107 tak\u017ce niebezpiecze\u0144stwa. <a href=\"https:\/\/www.salzburgerland.com\/pl\/bezpieczenstwo-w-gorach-zima\/\" target=\"_blank\" rel=\"noopener\"><strong>Zapoznaj si\u0119 z zasadami<\/strong><\/a>, kt\u00f3re zapewni\u0105 Ci bezpiecze\u0144stwo w niskich temperaturach i trudnych warunkach w wysokog\u00f3rskim terenie. I koniecznie stosuj si\u0119 do nich!<\/span><\/p>\n","protected":false},"excerpt":{"rendered":"<p>Zwolennicy jazdy po firnie i narciarstwa skiturowego ceni\u0105 sobie \u201ez\u0142otono\u015bn\u0105\u201d dolin\u0119 w Parku Narodowym Wysokie Taury z jej zachowanymi przed niszcz\u0105cym dzia\u0142aniem cywilizacji bocznymi dolinami oraz zako\u0144czenie doliny w Kolm Saigurn z si\u0119gaj\u0105cymi trzech tysi\u0119cy metr\u00f3w n.p.m. szczytami. Najwi\u0119ksz\u0105 popularno\u015bci\u0105 w\u015br\u00f3d wielbicieli skitouringu ciesz\u0105 si\u0119 Hocharn, Scharek oraz Hoher Sonnblick z po\u0142o\u017con\u0105 najwy\u017cszej w Europie [&hellip;]<\/p>\n","protected":false},"author":4,"featured_media":21890,"comment_status":"closed","ping_status":"closed","sticky":false,"template":"","format":"standard","meta":{"_acf_changed":false,"wl_entities_gutenberg":"","_relevanssi_hide_post":"","_relevanssi_hide_content":"","_relevanssi_pin_for_all":"","_relevanssi_pin_keywords":"","_relevanssi_unpin_keywords":"","_relevanssi_related_keywords":"","_relevanssi_related_include_ids":"","_relevanssi_related_exclude_ids":"","_relevanssi_related_no_append":"","_relevanssi_related_not_related":"","_relevanssi_related_posts":"","_relevanssi_noindex_reason":"","footnotes":""},"categories":[1],"tags":[564,559,562,557,563,565],"wl_entity_type":[300],"class_list":["post-11359","post","type-post","status-publish","format-standard","has-post-thumbnail","hentry","category-uncategorized","tag-blisko-natury-w-raurisertal","tag-narty-biegowe-w-raurisertal","tag-narty-w-raurisertal","tag-rakiety-sniezne-w-raurisertal","tag-wedrowki-na-rakietach-snieznych-w-raurisertal","tag-zimowe-wedrowki-w-raurisertal","wl_entity_type-article"],"acf":[],"yoast_head":"<!-- This site is optimized with the Yoast SEO Premium plugin v27.4 (Yoast SEO v27.4) - https:\/\/yoast.com\/product\/yoast-seo-premium-wordpress\/ -->\n<title>Skitury w Raurisertal \u00bb SalzburgerLand.com<\/title>\n<meta name=\"description\" content=\"Wspania\u0142e trzytysi\u0119czniki i \u0142atwiejsze dwutysi\u0119czniki zapraszaj\u0105 na wspania\u0142e skitury w Raurisertal, na ko\u0144cu doliny Kolm Saigurn.\" \/>\n<meta name=\"robots\" content=\"index, follow, max-snippet:-1, max-image-preview:large, max-video-preview:-1\" \/>\n<link rel=\"canonical\" href=\"https:\/\/www.salzburgerland.com\/pl\/raurisertal-skitury\/\" \/>\n<meta property=\"og:locale\" content=\"pl_PL\" \/>\n<meta property=\"og:type\" content=\"article\" \/>\n<meta property=\"og:title\" content=\"Skitury w Raurisertal\" \/>\n<meta property=\"og:description\" content=\"Zwolennicy jazdy po firnie i narciarstwa skiturowego ceni\u0105 sobie &quot;z\u0142otono\u015bn\u0105&quot; dolin\u0119 w Parku Narodowym Wysokie Taury z jej zachowanymi przed niszcz\u0105cym\" \/>\n<meta property=\"og:url\" content=\"https:\/\/www.salzburgerland.com\/pl\/raurisertal-skitury\/\" \/>\n<meta property=\"og:site_name\" content=\"SalzburgerLand.com\" \/>\n<meta property=\"article:publisher\" content=\"https:\/\/www.facebook.com\/visitsalzburgerland\/\" \/>\n<meta property=\"article:published_time\" content=\"2021-09-22T09:25:04+00:00\" \/>\n<meta property=\"article:modified_time\" content=\"2023-10-27T19:50:00+00:00\" \/>\n<meta property=\"og:image\" content=\"https:\/\/www.salzburgerland.com\/pl\/wp-content\/uploads\/2019\/07\/raurisertal_skitouren26ctvb-rauris-fotograf-stefan-eder-1200x675.jpg\" \/>\n\t<meta property=\"og:image:width\" content=\"1200\" \/>\n\t<meta property=\"og:image:height\" content=\"675\" \/>\n\t<meta property=\"og:image:type\" content=\"image\/jpeg\" \/>\n<meta name=\"author\" content=\"Izabela Gartner\" \/>\n<meta name=\"twitter:card\" content=\"summary_large_image\" \/>\n<meta name=\"twitter:creator\" content=\"@salzburgerland\" \/>\n<meta name=\"twitter:site\" content=\"@salzburgerland\" \/>\n<meta name=\"twitter:label1\" content=\"Napisane przez\" \/>\n\t<meta name=\"twitter:data1\" content=\"Izabela Gartner\" \/>\n\t<meta name=\"twitter:label2\" content=\"Szacowany czas czytania\" \/>\n\t<meta name=\"twitter:data2\" content=\"2 minuty\" \/>\n<script type=\"application\/ld+json\" class=\"yoast-schema-graph\">{\"@context\":\"https:\\\/\\\/schema.org\",\"@graph\":[{\"@type\":\"Article\",\"@id\":\"https:\\\/\\\/www.salzburgerland.com\\\/pl\\\/raurisertal-skitury\\\/#article\",\"isPartOf\":{\"@id\":\"https:\\\/\\\/www.salzburgerland.com\\\/pl\\\/raurisertal-skitury\\\/\"},\"author\":{\"name\":\"Izabela Gartner\",\"@id\":\"https:\\\/\\\/www.salzburgerland.com\\\/pl\\\/#\\\/schema\\\/person\\\/c10420e9897d4ca984317db556f04804\"},\"headline\":\"Skitury w Raurisertal\",\"datePublished\":\"2021-09-22T09:25:04+00:00\",\"dateModified\":\"2023-10-27T19:50:00+00:00\",\"mainEntityOfPage\":{\"@id\":\"https:\\\/\\\/www.salzburgerland.com\\\/pl\\\/raurisertal-skitury\\\/\"},\"wordCount\":295,\"image\":{\"@id\":\"https:\\\/\\\/www.salzburgerland.com\\\/pl\\\/raurisertal-skitury\\\/#primaryimage\"},\"thumbnailUrl\":\"https:\\\/\\\/www.salzburgerland.com\\\/pl\\\/wp-content\\\/uploads\\\/2019\\\/07\\\/raurisertal_skitouren26ctvb-rauris-fotograf-stefan-eder.jpg\",\"keywords\":[\"blisko natury w Raurisertal\",\"narty biegowe w Raurisertal\",\"Narty w Raurisertal\",\"rakiety \u015bnie\u017cne w Raurisertal\",\"w\u0119dr\u00f3wki na rakietach \u015bnie\u017cnych w Raurisertal\",\"zimowe w\u0119dr\u00f3wki w Raurisertal\"],\"articleSection\":[\"Uncategorized\"],\"inLanguage\":\"pl-PL\"},{\"@type\":\"WebPage\",\"@id\":\"https:\\\/\\\/www.salzburgerland.com\\\/pl\\\/raurisertal-skitury\\\/\",\"url\":\"https:\\\/\\\/www.salzburgerland.com\\\/pl\\\/raurisertal-skitury\\\/\",\"name\":\"Skitury w Raurisertal \u00bb SalzburgerLand.com\",\"isPartOf\":{\"@id\":\"https:\\\/\\\/www.salzburgerland.com\\\/pl\\\/#website\"},\"primaryImageOfPage\":{\"@id\":\"https:\\\/\\\/www.salzburgerland.com\\\/pl\\\/raurisertal-skitury\\\/#primaryimage\"},\"image\":{\"@id\":\"https:\\\/\\\/www.salzburgerland.com\\\/pl\\\/raurisertal-skitury\\\/#primaryimage\"},\"thumbnailUrl\":\"https:\\\/\\\/www.salzburgerland.com\\\/pl\\\/wp-content\\\/uploads\\\/2019\\\/07\\\/raurisertal_skitouren26ctvb-rauris-fotograf-stefan-eder.jpg\",\"datePublished\":\"2021-09-22T09:25:04+00:00\",\"dateModified\":\"2023-10-27T19:50:00+00:00\",\"author\":{\"@id\":\"https:\\\/\\\/www.salzburgerland.com\\\/pl\\\/#\\\/schema\\\/person\\\/c10420e9897d4ca984317db556f04804\"},\"description\":\"Wspania\u0142e trzytysi\u0119czniki i \u0142atwiejsze dwutysi\u0119czniki zapraszaj\u0105 na wspania\u0142e skitury w Raurisertal, na ko\u0144cu doliny Kolm Saigurn.\",\"breadcrumb\":{\"@id\":\"https:\\\/\\\/www.salzburgerland.com\\\/pl\\\/raurisertal-skitury\\\/#breadcrumb\"},\"inLanguage\":\"pl-PL\",\"potentialAction\":[{\"@type\":\"ReadAction\",\"target\":[\"https:\\\/\\\/www.salzburgerland.com\\\/pl\\\/raurisertal-skitury\\\/\"]}]},{\"@type\":\"ImageObject\",\"inLanguage\":\"pl-PL\",\"@id\":\"https:\\\/\\\/www.salzburgerland.com\\\/pl\\\/raurisertal-skitury\\\/#primaryimage\",\"url\":\"https:\\\/\\\/www.salzburgerland.com\\\/pl\\\/wp-content\\\/uploads\\\/2019\\\/07\\\/raurisertal_skitouren26ctvb-rauris-fotograf-stefan-eder.jpg\",\"contentUrl\":\"https:\\\/\\\/www.salzburgerland.com\\\/pl\\\/wp-content\\\/uploads\\\/2019\\\/07\\\/raurisertal_skitouren26ctvb-rauris-fotograf-stefan-eder.jpg\",\"width\":1920,\"height\":1080,\"caption\":\"Wyprawa skiturowa w Raurisertal \u00a9 TVB Rauris, Stefan Eder\"},{\"@type\":\"BreadcrumbList\",\"@id\":\"https:\\\/\\\/www.salzburgerland.com\\\/pl\\\/raurisertal-skitury\\\/#breadcrumb\",\"itemListElement\":[{\"@type\":\"ListItem\",\"position\":1,\"name\":\"Zima w Raurisertal\",\"item\":\"https:\\\/\\\/www.salzburgerland.com\\\/pl\\\/raurisertal-zima\\\/\"},{\"@type\":\"ListItem\",\"position\":2,\"name\":\"Skitury w Raurisertal\"}]},{\"@type\":\"WebSite\",\"@id\":\"https:\\\/\\\/www.salzburgerland.com\\\/pl\\\/#website\",\"url\":\"https:\\\/\\\/www.salzburgerland.com\\\/pl\\\/\",\"name\":\"SalzburgerLand.com\",\"description\":\"Urlop Salzburg : hotele : turystyka Ziemia Salzburska : kultura : rodzinny urlop Ziemia Salzburska : informacja turystyczna : noclegi Austria : aktywny wypoczynek\",\"potentialAction\":[{\"@type\":\"SearchAction\",\"target\":{\"@type\":\"EntryPoint\",\"urlTemplate\":\"https:\\\/\\\/www.salzburgerland.com\\\/pl\\\/?s={search_term_string}\"},\"query-input\":{\"@type\":\"PropertyValueSpecification\",\"valueRequired\":true,\"valueName\":\"search_term_string\"}}],\"inLanguage\":\"pl-PL\"},{\"@type\":\"Person\",\"@id\":\"https:\\\/\\\/www.salzburgerland.com\\\/pl\\\/#\\\/schema\\\/person\\\/c10420e9897d4ca984317db556f04804\",\"name\":\"Izabela Gartner\",\"image\":{\"@type\":\"ImageObject\",\"inLanguage\":\"pl-PL\",\"@id\":\"https:\\\/\\\/secure.gravatar.com\\\/avatar\\\/062a6263a145aaa718f0b029a735b6557e456ff63f9e65056a4352d3c0a06e4d?s=96&d=mm&r=g\",\"url\":\"https:\\\/\\\/secure.gravatar.com\\\/avatar\\\/062a6263a145aaa718f0b029a735b6557e456ff63f9e65056a4352d3c0a06e4d?s=96&d=mm&r=g\",\"contentUrl\":\"https:\\\/\\\/secure.gravatar.com\\\/avatar\\\/062a6263a145aaa718f0b029a735b6557e456ff63f9e65056a4352d3c0a06e4d?s=96&d=mm&r=g\",\"caption\":\"Izabela Gartner\"}}]}<\/script>\n<meta property=\"og:video\" content=\"https:\/\/www.youtube.com\/embed\/E9eY8BK59OI\" \/>\n<meta property=\"og:video:type\" content=\"text\/html\" \/>\n<meta property=\"og:video:duration\" content=\"38\" \/>\n<meta property=\"og:video:width\" content=\"480\" \/>\n<meta property=\"og:video:height\" content=\"270\" \/>\n<meta property=\"ya:ovs:adult\" content=\"false\" \/>\n<meta property=\"ya:ovs:upload_date\" content=\"2021-09-22T09:25:04+00:00\" \/>\n<meta property=\"ya:ovs:allow_embed\" content=\"true\" \/>\n<!-- \/ Yoast SEO Premium plugin. -->","yoast_head_json":{"title":"Skitury w Raurisertal \u00bb SalzburgerLand.com","description":"Wspania\u0142e trzytysi\u0119czniki i \u0142atwiejsze dwutysi\u0119czniki zapraszaj\u0105 na wspania\u0142e skitury w Raurisertal, na ko\u0144cu doliny Kolm Saigurn.","robots":{"index":"index","follow":"follow","max-snippet":"max-snippet:-1","max-image-preview":"max-image-preview:large","max-video-preview":"max-video-preview:-1"},"canonical":"https:\/\/www.salzburgerland.com\/pl\/raurisertal-skitury\/","og_locale":"pl_PL","og_type":"article","og_title":"Skitury w Raurisertal","og_description":"Zwolennicy jazdy po firnie i narciarstwa skiturowego ceni\u0105 sobie \"z\u0142otono\u015bn\u0105\" dolin\u0119 w Parku Narodowym Wysokie Taury z jej zachowanymi przed niszcz\u0105cym","og_url":"https:\/\/www.salzburgerland.com\/pl\/raurisertal-skitury\/","og_site_name":"SalzburgerLand.com","article_publisher":"https:\/\/www.facebook.com\/visitsalzburgerland\/","article_published_time":"2021-09-22T09:25:04+00:00","article_modified_time":"2023-10-27T19:50:00+00:00","og_image":[{"width":1200,"height":675,"url":"https:\/\/www.salzburgerland.com\/pl\/wp-content\/uploads\/2019\/07\/raurisertal_skitouren26ctvb-rauris-fotograf-stefan-eder-1200x675.jpg","type":"image\/jpeg"}],"author":"Izabela Gartner","twitter_card":"summary_large_image","twitter_creator":"@salzburgerland","twitter_site":"@salzburgerland","twitter_misc":{"Napisane przez":"Izabela Gartner","Szacowany czas czytania":"2 minuty"},"schema":{"@context":"https:\/\/schema.org","@graph":[{"@type":"Article","@id":"https:\/\/www.salzburgerland.com\/pl\/raurisertal-skitury\/#article","isPartOf":{"@id":"https:\/\/www.salzburgerland.com\/pl\/raurisertal-skitury\/"},"author":{"name":"Izabela Gartner","@id":"https:\/\/www.salzburgerland.com\/pl\/#\/schema\/person\/c10420e9897d4ca984317db556f04804"},"headline":"Skitury w Raurisertal","datePublished":"2021-09-22T09:25:04+00:00","dateModified":"2023-10-27T19:50:00+00:00","mainEntityOfPage":{"@id":"https:\/\/www.salzburgerland.com\/pl\/raurisertal-skitury\/"},"wordCount":295,"image":{"@id":"https:\/\/www.salzburgerland.com\/pl\/raurisertal-skitury\/#primaryimage"},"thumbnailUrl":"https:\/\/www.salzburgerland.com\/pl\/wp-content\/uploads\/2019\/07\/raurisertal_skitouren26ctvb-rauris-fotograf-stefan-eder.jpg","keywords":["blisko natury w Raurisertal","narty biegowe w Raurisertal","Narty w Raurisertal","rakiety \u015bnie\u017cne w Raurisertal","w\u0119dr\u00f3wki na rakietach \u015bnie\u017cnych w Raurisertal","zimowe w\u0119dr\u00f3wki w Raurisertal"],"articleSection":["Uncategorized"],"inLanguage":"pl-PL"},{"@type":"WebPage","@id":"https:\/\/www.salzburgerland.com\/pl\/raurisertal-skitury\/","url":"https:\/\/www.salzburgerland.com\/pl\/raurisertal-skitury\/","name":"Skitury w Raurisertal \u00bb SalzburgerLand.com","isPartOf":{"@id":"https:\/\/www.salzburgerland.com\/pl\/#website"},"primaryImageOfPage":{"@id":"https:\/\/www.salzburgerland.com\/pl\/raurisertal-skitury\/#primaryimage"},"image":{"@id":"https:\/\/www.salzburgerland.com\/pl\/raurisertal-skitury\/#primaryimage"},"thumbnailUrl":"https:\/\/www.salzburgerland.com\/pl\/wp-content\/uploads\/2019\/07\/raurisertal_skitouren26ctvb-rauris-fotograf-stefan-eder.jpg","datePublished":"2021-09-22T09:25:04+00:00","dateModified":"2023-10-27T19:50:00+00:00","author":{"@id":"https:\/\/www.salzburgerland.com\/pl\/#\/schema\/person\/c10420e9897d4ca984317db556f04804"},"description":"Wspania\u0142e trzytysi\u0119czniki i \u0142atwiejsze dwutysi\u0119czniki zapraszaj\u0105 na wspania\u0142e skitury w Raurisertal, na ko\u0144cu doliny Kolm Saigurn.","breadcrumb":{"@id":"https:\/\/www.salzburgerland.com\/pl\/raurisertal-skitury\/#breadcrumb"},"inLanguage":"pl-PL","potentialAction":[{"@type":"ReadAction","target":["https:\/\/www.salzburgerland.com\/pl\/raurisertal-skitury\/"]}]},{"@type":"ImageObject","inLanguage":"pl-PL","@id":"https:\/\/www.salzburgerland.com\/pl\/raurisertal-skitury\/#primaryimage","url":"https:\/\/www.salzburgerland.com\/pl\/wp-content\/uploads\/2019\/07\/raurisertal_skitouren26ctvb-rauris-fotograf-stefan-eder.jpg","contentUrl":"https:\/\/www.salzburgerland.com\/pl\/wp-content\/uploads\/2019\/07\/raurisertal_skitouren26ctvb-rauris-fotograf-stefan-eder.jpg","width":1920,"height":1080,"caption":"Wyprawa skiturowa w Raurisertal \u00a9 TVB Rauris, Stefan Eder"},{"@type":"BreadcrumbList","@id":"https:\/\/www.salzburgerland.com\/pl\/raurisertal-skitury\/#breadcrumb","itemListElement":[{"@type":"ListItem","position":1,"name":"Zima w Raurisertal","item":"https:\/\/www.salzburgerland.com\/pl\/raurisertal-zima\/"},{"@type":"ListItem","position":2,"name":"Skitury w Raurisertal"}]},{"@type":"WebSite","@id":"https:\/\/www.salzburgerland.com\/pl\/#website","url":"https:\/\/www.salzburgerland.com\/pl\/","name":"SalzburgerLand.com","description":"Urlop Salzburg : hotele : turystyka Ziemia Salzburska : kultura : rodzinny urlop Ziemia Salzburska : informacja turystyczna : noclegi Austria : aktywny wypoczynek","potentialAction":[{"@type":"SearchAction","target":{"@type":"EntryPoint","urlTemplate":"https:\/\/www.salzburgerland.com\/pl\/?s={search_term_string}"},"query-input":{"@type":"PropertyValueSpecification","valueRequired":true,"valueName":"search_term_string"}}],"inLanguage":"pl-PL"},{"@type":"Person","@id":"https:\/\/www.salzburgerland.com\/pl\/#\/schema\/person\/c10420e9897d4ca984317db556f04804","name":"Izabela Gartner","image":{"@type":"ImageObject","inLanguage":"pl-PL","@id":"https:\/\/secure.gravatar.com\/avatar\/062a6263a145aaa718f0b029a735b6557e456ff63f9e65056a4352d3c0a06e4d?s=96&d=mm&r=g","url":"https:\/\/secure.gravatar.com\/avatar\/062a6263a145aaa718f0b029a735b6557e456ff63f9e65056a4352d3c0a06e4d?s=96&d=mm&r=g","contentUrl":"https:\/\/secure.gravatar.com\/avatar\/062a6263a145aaa718f0b029a735b6557e456ff63f9e65056a4352d3c0a06e4d?s=96&d=mm&r=g","caption":"Izabela Gartner"}}]},"og_video":"https:\/\/www.youtube.com\/embed\/E9eY8BK59OI","og_video_type":"text\/html","og_video_duration":"38","og_video_width":"480","og_video_height":"270","ya_ovs_adult":"false","ya_ovs_upload_date":"2021-09-22T09:25:04+00:00","ya_ovs_allow_embed":"true"},"_wl_alt_label":[],"wl:entity_url":"http:\/\/open.salzburgerland.com\/pl\/post\/skitury_w_raurisertal","_links":{"self":[{"href":"https:\/\/www.salzburgerland.com\/pl\/wp-json\/wp\/v2\/posts\/11359","targetHints":{"allow":["GET"]}}],"collection":[{"href":"https:\/\/www.salzburgerland.com\/pl\/wp-json\/wp\/v2\/posts"}],"about":[{"href":"https:\/\/www.salzburgerland.com\/pl\/wp-json\/wp\/v2\/types\/post"}],"author":[{"embeddable":true,"href":"https:\/\/www.salzburgerland.com\/pl\/wp-json\/wp\/v2\/users\/4"}],"replies":[{"embeddable":true,"href":"https:\/\/www.salzburgerland.com\/pl\/wp-json\/wp\/v2\/comments?post=11359"}],"version-history":[{"count":5,"href":"https:\/\/www.salzburgerland.com\/pl\/wp-json\/wp\/v2\/posts\/11359\/revisions"}],"predecessor-version":[{"id":21901,"href":"https:\/\/www.salzburgerland.com\/pl\/wp-json\/wp\/v2\/posts\/11359\/revisions\/21901"}],"wp:featuredmedia":[{"embeddable":true,"href":"https:\/\/www.salzburgerland.com\/pl\/wp-json\/wp\/v2\/media\/21890"}],"wp:attachment":[{"href":"https:\/\/www.salzburgerland.com\/pl\/wp-json\/wp\/v2\/media?parent=11359"}],"wp:term":[{"taxonomy":"category","embeddable":true,"href":"https:\/\/www.salzburgerland.com\/pl\/wp-json\/wp\/v2\/categories?post=11359"},{"taxonomy":"post_tag","embeddable":true,"href":"https:\/\/www.salzburgerland.com\/pl\/wp-json\/wp\/v2\/tags?post=11359"},{"taxonomy":"wl_entity_type","embeddable":true,"href":"https:\/\/www.salzburgerland.com\/pl\/wp-json\/wp\/v2\/wl_entity_type?post=11359"}],"curies":[{"name":"wp","href":"https:\/\/api.w.org\/{rel}","templated":true}]}}