{"id":1212,"date":"2016-11-17T18:33:38","date_gmt":"2016-11-17T18:33:38","guid":{"rendered":"https:\/\/www.onebigpark.at\/nl\/?p=1212"},"modified":"2017-01-29T10:34:33","modified_gmt":"2017-01-29T09:34:33","slug":"klederdracht","status":"publish","type":"post","link":"https:\/\/www.salzburgerland.com\/nl\/klederdracht\/","title":{"rendered":"Klederdracht van nu"},"content":{"rendered":"<p>De verschillende districten in Salzburg zoals Flachgau, Pinzgau, Pongau,\u00a0 Lungau en Tennengau hebben allemaal hun eigen regionale <a href=\"https:\/\/www.salzburgerland.com\/nl\/cultuur-en-tradities\/\">gewoonten en tradities<\/a>. Ook als het gaat om <strong>klederdracht<\/strong>. Elke regio heeft zijn eigen expressie in kleur, borduurwerk, model, kleur en zelfs de kleur van de bijbehorende sokken. Door klederdracht en traditionele &amp; nieuwe gebruiken met elkaar te verbinden, ontstaat er samenhang tussen de regio\u2019s en blijven<strong> tradities<\/strong> behouden in heel Salzburg.<\/p>\n<h2>Draagbare mode<\/h2>\n<p>Klederdracht wordt veel gedragen tijdens feestdagen, zoals bruiloften en familiefeesten, maar ook bij evenementen zoals de <a href=\"https:\/\/www.salzburgerland.com\/nl\/salzburger-almsommer\/\">Almsommer<\/a>, <a href=\"https:\/\/www.salzburgerland.com\/nl\/salzburger-bauernherbst\/\">Bauernherbst<\/a>, Maibaumaufstellen en Rupertikirtag. En natuurlijk in de bekende film <a href=\"https:\/\/www.salzburgerland.com\/nl\/sound-of-music\/\">The sound of Music<\/a>. Iedereen in het SalzburgerLand heeft minimaal \u00e9\u00e9n jurk of broek in zijn kast hangen, maar vaak zelfs meer dan \u00e9\u00e9n. De nieuwste modellen zijn fris en stijlvol, lekker draagbaar en hebben niets oubolligs meer over zich.<\/p>\n<div id=\"attachment_2043\" style=\"width: 1180px\" class=\"wp-caption alignnone\"><img decoding=\"async\" aria-describedby=\"caption-attachment-2043\" class=\"size-1170_658 wp-image-2043\" src=\"https:\/\/www.salzburgerland.com\/nl\/wp-content\/uploads\/2016\/12\/alm_sommer-1170x658.jpg\" alt=\"\" width=\"1170\" height=\"658\"><p id=\"caption-attachment-2043\" class=\"wp-caption-text\">\u00a9 SalzburgerLand Tourismus. Klederdracht in de Almsommer<\/p><\/div>\n<h2>Dirndlgwandlsonntag<\/h2>\n<p>In Salzburg is de Dirndlgwandsonntag, de tweede zondag in september, een bijzondere dag. Tijdens dit festival staat de<strong> dirndl<\/strong> centraal en draagt elke dame, van jong tot oud, met verve haar dirndl. De dag wordt omlijst met modeshows, cursussen, workshops en een hoop gezelligheid. In het <a href=\"http:\/\/www.goessl.com\/blog\/action\/detail\/article\/dirndlgwandsonntag-im-gwandhaus-909.html\" target=\"_blank\">Gwandhaus<\/a> van de bekende dirndlzaak G\u00f6ssl wordt deze dag ook groots gevierd. Hier hangen talloze modellen in allerlei kleurstellingen en de verleiding om er eentje mee te nemen naar huis is er wel heel erg groot.<\/p>\n<div id=\"attachment_2041\" style=\"width: 1180px\" class=\"wp-caption alignnone\"><img decoding=\"async\" aria-describedby=\"caption-attachment-2041\" class=\"size-1170_658 wp-image-2041\" src=\"https:\/\/www.salzburgerland.com\/nl\/wp-content\/uploads\/2016\/12\/lederhosen_almhuette_2011-1170x658.jpg\" alt=\"\" width=\"1170\" height=\"658\"><p id=\"caption-attachment-2041\" class=\"wp-caption-text\">\u00a9SalzburgerLand Tourismus. De lederhosen wordt nog steeds veel gedragen<\/p><\/div>\n<h2>Lederhosen Donderdag<\/h2>\n<p>Waar er een speciale dirndldag is, kan de <strong>lederhosen<\/strong> natuurlijk niet achterblijven. Althans, dat vonden twee vrienden met een grote liefde voor leer. Een paar jaar geleden introduceerden zij Lederhosen Donderdag in Salzburg. \u00c9lke donderdag draagt een deel van de mannen in de stad Salzburg en het omliggende dorpen hun lederhosen. Op hun skateboard, naar kantoor, tijdens een ontspannen avond in de kroeg of zelfs tijdens het sneeuwschuiven. Lederhosen donderdag heeft inmiddels een grote schare fans, ook onder de <a href=\"https:\/\/www.salzburgerland.com\/nl\/nederlanders-in-salzburgerland\/\">Nederlanders<\/a> die in Salzburg wonen, en als je in de zomer op donderdag in park G\u00f6ssl Gwandhauses wandelt, kun je hier veel Salzburgse mannen in hun mooiste\u00a0klederdracht bewonderen terwijl ze na het werk iets drinken.<\/p>\n","protected":false},"excerpt":{"rendered":"<p>De verschillende districten in Salzburg zoals Flachgau, Pinzgau, Pongau,\u00a0 Lungau en Tennengau hebben allemaal hun eigen regionale gewoonten en tradities. Ook als het gaat om klederdracht. Elke regio heeft zijn eigen expressie in kleur, borduurwerk, model, kleur en zelfs de kleur van de bijbehorende sokken. Door klederdracht en traditionele &amp; nieuwe gebruiken met elkaar te [&hellip;]<\/p>\n","protected":false},"author":7,"featured_media":2042,"comment_status":"closed","ping_status":"closed","sticky":false,"template":"","format":"standard","meta":{"_acf_changed":false,"wl_entities_gutenberg":"","_relevanssi_hide_post":"","_relevanssi_hide_content":"","_relevanssi_pin_for_all":"","_relevanssi_pin_keywords":"","_relevanssi_unpin_keywords":"","_relevanssi_related_keywords":"","_relevanssi_related_include_ids":"","_relevanssi_related_exclude_ids":"","_relevanssi_related_no_append":"","_relevanssi_related_not_related":"","_relevanssi_related_posts":"","_relevanssi_noindex_reason":"","footnotes":""},"categories":[1],"tags":[],"wl_entity_type":[24],"class_list":["post-1212","post","type-post","status-publish","format-standard","has-post-thumbnail","hentry","category-uncategorized","wl_entity_type-article"],"acf":[],"yoast_head":"<!-- This site is optimized with the Yoast SEO Premium plugin v27.4 (Yoast SEO v27.4) - https:\/\/yoast.com\/product\/yoast-seo-premium-wordpress\/ -->\n<title>De dirndl en lederhosen worden nog steeds met trots gedragen<\/title>\n<meta name=\"description\" content=\"Lederhosen en dirndl worden ook door jongeren met trots gedragen. Vaak bij bijzondere gelegenheden. Frisse kleuren zorgen voor hedendaagse klederdracht.\" \/>\n<meta name=\"robots\" content=\"index, follow, max-snippet:-1, max-image-preview:large, max-video-preview:-1\" \/>\n<link rel=\"canonical\" href=\"https:\/\/www.salzburgerland.com\/nl\/klederdracht\/\" \/>\n<meta property=\"og:locale\" content=\"nl_NL\" \/>\n<meta property=\"og:type\" content=\"article\" \/>\n<meta property=\"og:title\" content=\"Klederdracht van nu\" \/>\n<meta property=\"og:description\" content=\"De verschillende districten in Salzburg zoals Flachgau, Pinzgau, Pongau,\u00a0 Lungau en Tennengau hebben allemaal hun eigen regionale gewoonten en tradities.\" \/>\n<meta property=\"og:url\" content=\"https:\/\/www.salzburgerland.com\/nl\/klederdracht\/\" \/>\n<meta property=\"og:site_name\" content=\"SalzburgerLand.com\" \/>\n<meta property=\"article:publisher\" content=\"https:\/\/www.facebook.com\/vakantiesalzburgerland\/\" \/>\n<meta property=\"article:published_time\" content=\"2016-11-17T18:33:38+00:00\" \/>\n<meta property=\"article:modified_time\" content=\"2017-01-29T09:34:33+00:00\" \/>\n<meta property=\"og:image\" content=\"https:\/\/www.salzburgerland.com\/nl\/wp-content\/uploads\/2016\/12\/tracht-und-brauchtum-1200x675.jpg\" \/>\n\t<meta property=\"og:image:width\" content=\"1200\" \/>\n\t<meta property=\"og:image:height\" content=\"675\" \/>\n\t<meta property=\"og:image:type\" content=\"image\/jpeg\" \/>\n<meta name=\"author\" content=\"Brigiet Bluiminck\" \/>\n<meta name=\"twitter:card\" content=\"summary_large_image\" \/>\n<meta name=\"twitter:creator\" content=\"@salzburgerland\" \/>\n<meta name=\"twitter:site\" content=\"@salzburgerland\" \/>\n<meta name=\"twitter:label1\" content=\"Geschreven door\" \/>\n\t<meta name=\"twitter:data1\" content=\"Brigiet Bluiminck\" \/>\n\t<meta name=\"twitter:label2\" content=\"Geschatte leestijd\" \/>\n\t<meta name=\"twitter:data2\" content=\"2 minuten\" \/>\n<script type=\"application\/ld+json\" class=\"yoast-schema-graph\">{\"@context\":\"https:\\\/\\\/schema.org\",\"@graph\":[{\"@type\":\"Article\",\"@id\":\"https:\\\/\\\/www.salzburgerland.com\\\/nl\\\/klederdracht\\\/#article\",\"isPartOf\":{\"@id\":\"https:\\\/\\\/www.salzburgerland.com\\\/nl\\\/klederdracht\\\/\"},\"author\":{\"name\":\"Brigiet Bluiminck\",\"@id\":\"https:\\\/\\\/www.salzburgerland.com\\\/nl\\\/#\\\/schema\\\/person\\\/49c472fde965457d267f9b1459980fa1\"},\"headline\":\"Klederdracht van nu\",\"datePublished\":\"2016-11-17T18:33:38+00:00\",\"dateModified\":\"2017-01-29T09:34:33+00:00\",\"mainEntityOfPage\":{\"@id\":\"https:\\\/\\\/www.salzburgerland.com\\\/nl\\\/klederdracht\\\/\"},\"wordCount\":373,\"image\":{\"@id\":\"https:\\\/\\\/www.salzburgerland.com\\\/nl\\\/klederdracht\\\/#primaryimage\"},\"thumbnailUrl\":\"https:\\\/\\\/www.salzburgerland.com\\\/nl\\\/wp-content\\\/uploads\\\/2016\\\/12\\\/tracht-und-brauchtum.jpg\",\"articleSection\":[\"Uncategorized\"],\"inLanguage\":\"nl-NL\"},{\"@type\":\"WebPage\",\"@id\":\"https:\\\/\\\/www.salzburgerland.com\\\/nl\\\/klederdracht\\\/\",\"url\":\"https:\\\/\\\/www.salzburgerland.com\\\/nl\\\/klederdracht\\\/\",\"name\":\"De dirndl en lederhosen worden nog steeds met trots gedragen\",\"isPartOf\":{\"@id\":\"https:\\\/\\\/www.salzburgerland.com\\\/nl\\\/#website\"},\"primaryImageOfPage\":{\"@id\":\"https:\\\/\\\/www.salzburgerland.com\\\/nl\\\/klederdracht\\\/#primaryimage\"},\"image\":{\"@id\":\"https:\\\/\\\/www.salzburgerland.com\\\/nl\\\/klederdracht\\\/#primaryimage\"},\"thumbnailUrl\":\"https:\\\/\\\/www.salzburgerland.com\\\/nl\\\/wp-content\\\/uploads\\\/2016\\\/12\\\/tracht-und-brauchtum.jpg\",\"datePublished\":\"2016-11-17T18:33:38+00:00\",\"dateModified\":\"2017-01-29T09:34:33+00:00\",\"author\":{\"@id\":\"https:\\\/\\\/www.salzburgerland.com\\\/nl\\\/#\\\/schema\\\/person\\\/49c472fde965457d267f9b1459980fa1\"},\"description\":\"Lederhosen en dirndl worden ook door jongeren met trots gedragen. Vaak bij bijzondere gelegenheden. Frisse kleuren zorgen voor hedendaagse klederdracht.\",\"inLanguage\":\"nl-NL\",\"potentialAction\":[{\"@type\":\"ReadAction\",\"target\":[\"https:\\\/\\\/www.salzburgerland.com\\\/nl\\\/klederdracht\\\/\"]}]},{\"@type\":\"ImageObject\",\"inLanguage\":\"nl-NL\",\"@id\":\"https:\\\/\\\/www.salzburgerland.com\\\/nl\\\/klederdracht\\\/#primaryimage\",\"url\":\"https:\\\/\\\/www.salzburgerland.com\\\/nl\\\/wp-content\\\/uploads\\\/2016\\\/12\\\/tracht-und-brauchtum.jpg\",\"contentUrl\":\"https:\\\/\\\/www.salzburgerland.com\\\/nl\\\/wp-content\\\/uploads\\\/2016\\\/12\\\/tracht-und-brauchtum.jpg\",\"width\":1920,\"height\":1246,\"caption\":\"\u00a9 SalzburgerLand Tourismus. Klederdracht\"},{\"@type\":\"WebSite\",\"@id\":\"https:\\\/\\\/www.salzburgerland.com\\\/nl\\\/#website\",\"url\":\"https:\\\/\\\/www.salzburgerland.com\\\/nl\\\/\",\"name\":\"SalzburgerLand.com\",\"description\":\"Uw vakantie in Salzburg, Oostenrijk\",\"potentialAction\":[{\"@type\":\"SearchAction\",\"target\":{\"@type\":\"EntryPoint\",\"urlTemplate\":\"https:\\\/\\\/www.salzburgerland.com\\\/nl\\\/?s={search_term_string}\"},\"query-input\":{\"@type\":\"PropertyValueSpecification\",\"valueRequired\":true,\"valueName\":\"search_term_string\"}}],\"inLanguage\":\"nl-NL\"},{\"@type\":\"Person\",\"@id\":\"https:\\\/\\\/www.salzburgerland.com\\\/nl\\\/#\\\/schema\\\/person\\\/49c472fde965457d267f9b1459980fa1\",\"name\":\"Brigiet Bluiminck\",\"image\":{\"@type\":\"ImageObject\",\"inLanguage\":\"nl-NL\",\"@id\":\"https:\\\/\\\/secure.gravatar.com\\\/avatar\\\/fc33ebd1ef78028029edb438f5f93cc70510ab8dc692bf5d3ef5d6119b9502e0?s=96&d=mm&r=g\",\"url\":\"https:\\\/\\\/secure.gravatar.com\\\/avatar\\\/fc33ebd1ef78028029edb438f5f93cc70510ab8dc692bf5d3ef5d6119b9502e0?s=96&d=mm&r=g\",\"contentUrl\":\"https:\\\/\\\/secure.gravatar.com\\\/avatar\\\/fc33ebd1ef78028029edb438f5f93cc70510ab8dc692bf5d3ef5d6119b9502e0?s=96&d=mm&r=g\",\"caption\":\"Brigiet Bluiminck\"},\"url\":\"https:\\\/\\\/www.salzburgerland.com\\\/nl\\\/author\\\/bbluiminck\\\/\"}]}<\/script>\n<!-- \/ Yoast SEO Premium plugin. -->","yoast_head_json":{"title":"De dirndl en lederhosen worden nog steeds met trots gedragen","description":"Lederhosen en dirndl worden ook door jongeren met trots gedragen. Vaak bij bijzondere gelegenheden. Frisse kleuren zorgen voor hedendaagse klederdracht.","robots":{"index":"index","follow":"follow","max-snippet":"max-snippet:-1","max-image-preview":"max-image-preview:large","max-video-preview":"max-video-preview:-1"},"canonical":"https:\/\/www.salzburgerland.com\/nl\/klederdracht\/","og_locale":"nl_NL","og_type":"article","og_title":"Klederdracht van nu","og_description":"De verschillende districten in Salzburg zoals Flachgau, Pinzgau, Pongau,\u00a0 Lungau en Tennengau hebben allemaal hun eigen regionale gewoonten en tradities.","og_url":"https:\/\/www.salzburgerland.com\/nl\/klederdracht\/","og_site_name":"SalzburgerLand.com","article_publisher":"https:\/\/www.facebook.com\/vakantiesalzburgerland\/","article_published_time":"2016-11-17T18:33:38+00:00","article_modified_time":"2017-01-29T09:34:33+00:00","og_image":[{"width":1200,"height":675,"url":"https:\/\/www.salzburgerland.com\/nl\/wp-content\/uploads\/2016\/12\/tracht-und-brauchtum-1200x675.jpg","type":"image\/jpeg"}],"author":"Brigiet Bluiminck","twitter_card":"summary_large_image","twitter_creator":"@salzburgerland","twitter_site":"@salzburgerland","twitter_misc":{"Geschreven door":"Brigiet Bluiminck","Geschatte leestijd":"2 minuten"},"schema":{"@context":"https:\/\/schema.org","@graph":[{"@type":"Article","@id":"https:\/\/www.salzburgerland.com\/nl\/klederdracht\/#article","isPartOf":{"@id":"https:\/\/www.salzburgerland.com\/nl\/klederdracht\/"},"author":{"name":"Brigiet Bluiminck","@id":"https:\/\/www.salzburgerland.com\/nl\/#\/schema\/person\/49c472fde965457d267f9b1459980fa1"},"headline":"Klederdracht van nu","datePublished":"2016-11-17T18:33:38+00:00","dateModified":"2017-01-29T09:34:33+00:00","mainEntityOfPage":{"@id":"https:\/\/www.salzburgerland.com\/nl\/klederdracht\/"},"wordCount":373,"image":{"@id":"https:\/\/www.salzburgerland.com\/nl\/klederdracht\/#primaryimage"},"thumbnailUrl":"https:\/\/www.salzburgerland.com\/nl\/wp-content\/uploads\/2016\/12\/tracht-und-brauchtum.jpg","articleSection":["Uncategorized"],"inLanguage":"nl-NL"},{"@type":"WebPage","@id":"https:\/\/www.salzburgerland.com\/nl\/klederdracht\/","url":"https:\/\/www.salzburgerland.com\/nl\/klederdracht\/","name":"De dirndl en lederhosen worden nog steeds met trots gedragen","isPartOf":{"@id":"https:\/\/www.salzburgerland.com\/nl\/#website"},"primaryImageOfPage":{"@id":"https:\/\/www.salzburgerland.com\/nl\/klederdracht\/#primaryimage"},"image":{"@id":"https:\/\/www.salzburgerland.com\/nl\/klederdracht\/#primaryimage"},"thumbnailUrl":"https:\/\/www.salzburgerland.com\/nl\/wp-content\/uploads\/2016\/12\/tracht-und-brauchtum.jpg","datePublished":"2016-11-17T18:33:38+00:00","dateModified":"2017-01-29T09:34:33+00:00","author":{"@id":"https:\/\/www.salzburgerland.com\/nl\/#\/schema\/person\/49c472fde965457d267f9b1459980fa1"},"description":"Lederhosen en dirndl worden ook door jongeren met trots gedragen. Vaak bij bijzondere gelegenheden. Frisse kleuren zorgen voor hedendaagse klederdracht.","inLanguage":"nl-NL","potentialAction":[{"@type":"ReadAction","target":["https:\/\/www.salzburgerland.com\/nl\/klederdracht\/"]}]},{"@type":"ImageObject","inLanguage":"nl-NL","@id":"https:\/\/www.salzburgerland.com\/nl\/klederdracht\/#primaryimage","url":"https:\/\/www.salzburgerland.com\/nl\/wp-content\/uploads\/2016\/12\/tracht-und-brauchtum.jpg","contentUrl":"https:\/\/www.salzburgerland.com\/nl\/wp-content\/uploads\/2016\/12\/tracht-und-brauchtum.jpg","width":1920,"height":1246,"caption":"\u00a9 SalzburgerLand Tourismus. Klederdracht"},{"@type":"WebSite","@id":"https:\/\/www.salzburgerland.com\/nl\/#website","url":"https:\/\/www.salzburgerland.com\/nl\/","name":"SalzburgerLand.com","description":"Uw vakantie in Salzburg, Oostenrijk","potentialAction":[{"@type":"SearchAction","target":{"@type":"EntryPoint","urlTemplate":"https:\/\/www.salzburgerland.com\/nl\/?s={search_term_string}"},"query-input":{"@type":"PropertyValueSpecification","valueRequired":true,"valueName":"search_term_string"}}],"inLanguage":"nl-NL"},{"@type":"Person","@id":"https:\/\/www.salzburgerland.com\/nl\/#\/schema\/person\/49c472fde965457d267f9b1459980fa1","name":"Brigiet Bluiminck","image":{"@type":"ImageObject","inLanguage":"nl-NL","@id":"https:\/\/secure.gravatar.com\/avatar\/fc33ebd1ef78028029edb438f5f93cc70510ab8dc692bf5d3ef5d6119b9502e0?s=96&d=mm&r=g","url":"https:\/\/secure.gravatar.com\/avatar\/fc33ebd1ef78028029edb438f5f93cc70510ab8dc692bf5d3ef5d6119b9502e0?s=96&d=mm&r=g","contentUrl":"https:\/\/secure.gravatar.com\/avatar\/fc33ebd1ef78028029edb438f5f93cc70510ab8dc692bf5d3ef5d6119b9502e0?s=96&d=mm&r=g","caption":"Brigiet Bluiminck"},"url":"https:\/\/www.salzburgerland.com\/nl\/author\/bbluiminck\/"}]}},"_wl_alt_label":[],"wl:entity_url":"http:\/\/open.salzburgerland.com\/nl\/post\/klederdracht_van_nu","_links":{"self":[{"href":"https:\/\/www.salzburgerland.com\/nl\/wp-json\/wp\/v2\/posts\/1212","targetHints":{"allow":["GET"]}}],"collection":[{"href":"https:\/\/www.salzburgerland.com\/nl\/wp-json\/wp\/v2\/posts"}],"about":[{"href":"https:\/\/www.salzburgerland.com\/nl\/wp-json\/wp\/v2\/types\/post"}],"author":[{"embeddable":true,"href":"https:\/\/www.salzburgerland.com\/nl\/wp-json\/wp\/v2\/users\/7"}],"replies":[{"embeddable":true,"href":"https:\/\/www.salzburgerland.com\/nl\/wp-json\/wp\/v2\/comments?post=1212"}],"version-history":[{"count":1,"href":"https:\/\/www.salzburgerland.com\/nl\/wp-json\/wp\/v2\/posts\/1212\/revisions"}],"predecessor-version":[{"id":8569,"href":"https:\/\/www.salzburgerland.com\/nl\/wp-json\/wp\/v2\/posts\/1212\/revisions\/8569"}],"wp:featuredmedia":[{"embeddable":true,"href":"https:\/\/www.salzburgerland.com\/nl\/wp-json\/wp\/v2\/media\/2042"}],"wp:attachment":[{"href":"https:\/\/www.salzburgerland.com\/nl\/wp-json\/wp\/v2\/media?parent=1212"}],"wp:term":[{"taxonomy":"category","embeddable":true,"href":"https:\/\/www.salzburgerland.com\/nl\/wp-json\/wp\/v2\/categories?post=1212"},{"taxonomy":"post_tag","embeddable":true,"href":"https:\/\/www.salzburgerland.com\/nl\/wp-json\/wp\/v2\/tags?post=1212"},{"taxonomy":"wl_entity_type","embeddable":true,"href":"https:\/\/www.salzburgerland.com\/nl\/wp-json\/wp\/v2\/wl_entity_type?post=1212"}],"curies":[{"name":"wp","href":"https:\/\/api.w.org\/{rel}","templated":true}]}}