{"id":4379,"date":"2020-07-21T11:53:26","date_gmt":"2020-07-21T09:53:26","guid":{"rendered":"https:\/\/www.salzburgerland.com\/it\/?p=4379"},"modified":"2020-07-29T18:20:36","modified_gmt":"2020-07-29T16:20:36","slug":"la-gola-liechtensteinklamm","status":"publish","type":"post","link":"https:\/\/www.salzburgerland.com\/it\/la-gola-liechtensteinklamm\/","title":{"rendered":"Gola Liechtensteinklamm"},"content":{"rendered":"<p>In fondo all\u2019abisso \u00e8 tutto un fragore, uno scrosciare, un ribollir d\u2019acque impetuose e spumeggianti. Uno spettacolo che attira lo sguardo e insieme spaventa e affascina l\u2019animo. In alto solo una lama azzurra di cielo, una promessa di luce fra due strette e scabre pareti di roccia. E quando finalmente la luce arriva, intorno a mezzogiorno, aloni d\u2019arcobaleno compaiono come per magia intorno alle cascate e sulle acque spumeggianti. \u00a0Posta all\u2019ingresso della <a href=\"https:\/\/www.salzburgerland.com\/it\/valle-di-grossarl\/\" target=\"_blank\" rel=\"noopener noreferrer\">valle di Grossarl<\/a>, a poca distanza da <a href=\"https:\/\/www.salzburgerland.com\/it\/mondo-sportivo-salisburghese\/\" target=\"_blank\" rel=\"noopener noreferrer\">St.Johann in Salzburg<\/a>, la <a href=\"https:\/\/www.josalzburg.com\/en\/summer\/liechtenstein-gorge\" target=\"_blank\" rel=\"noopener noreferrer\">Liechtensteinklamm<\/a> \u00e8 una delle gole pi\u00f9 lunghe e profonde delle Alpi, ed \u00e8 anche fra le pi\u00f9 spettacolari e affascinanti.<\/p>\n<div id=\"attachment_4393\" style=\"width: 1180px\" class=\"wp-caption aligncenter\"><img decoding=\"async\" aria-describedby=\"caption-attachment-4393\" class=\"wp-image-4393 \" src=\"https:\/\/cdn.salzburgerland.com\/it\/wp-content\/uploads\/2020\/07\/lskmirjageh_334b-1170x658.jpg\" alt=\"Escursione nella gola Liechtensteinklamm\" width=\"1170\" height=\"658\" srcset=\"https:\/\/www.salzburgerland.com\/it\/wp-content\/uploads\/2020\/07\/lskmirjageh_334b-1170x658.jpg 1170w, https:\/\/www.salzburgerland.com\/it\/wp-content\/uploads\/2020\/07\/lskmirjageh_334b-1200x675.jpg 1200w\" sizes=\"(max-width: 1170px) 100vw, 1170px\"><p id=\"caption-attachment-4393\" class=\"wp-caption-text\">Natura e tecnica sul percorso turistico nella gola Liechtensteinklamm.LSK\u00a9MirjaGeh<\/p><\/div>\n<h3>Figlia del ghiacciaio<\/h3>\n<p>Le origini di questa forra risalgono all\u2019era glaciale, quando la valle del Salzach era occupata dal gigantesco ghiacciaio dei Tauri: un immane fiume di ghiaccio che arrivava a 3.000 metri d\u2019altezza e con il suo movimento raschiava e modellava i fianchi delle montagne. Alla fine della glaciazione di W\u00fcrm, circa 15.000 anni fa, la scomparsa del grande fiume di ghiaccio lasci\u00f2 in questa zona un\u2019alta parete di roccia calcarea che il torrente Grossarlbach scorrendo incessantemente cominci\u00f2 a incidere, tagliare e lavorare con pazienza, come un bravo artigiano. Il risultato: una forra magnifica e impressionante, ricca di pozze, cascate e scivoli levigati, lunga quattro chilometri e con una profondit\u00e0 di quasi 300 metri.<\/p>\n<div id=\"attachment_4381\" style=\"width: 1180px\" class=\"wp-caption alignnone\"><img decoding=\"async\" aria-describedby=\"caption-attachment-4381\" class=\"wp-image-4381 size-1170_658\" src=\"https:\/\/cdn.salzburgerland.com\/it\/wp-content\/uploads\/2020\/07\/lskmirjageh_204a-1170x658.jpg\" alt=\"Acqua e roccia nella gola \" width=\"1170\" height=\"658\" srcset=\"https:\/\/www.salzburgerland.com\/it\/wp-content\/uploads\/2020\/07\/lskmirjageh_204a-1170x658.jpg 1170w, https:\/\/www.salzburgerland.com\/it\/wp-content\/uploads\/2020\/07\/lskmirjageh_204a-1200x675.jpg 1200w\" sizes=\"(max-width: 1170px) 100vw, 1170px\"><p id=\"caption-attachment-4381\" class=\"wp-caption-text\">Acqua e roccia nella gola Liechtensteinklamm LSK\u00a9MirjaGeh<\/p><\/div>\n<h3>Un aiuto dal principe<\/h3>\n<p>Nel XIX secolo l\u2019orrido del torrente Grossarlbach attir\u00f2 l\u2019attenzione della sezione del Pongau del Club Alpino Austriaco, che raccolse fondi per allestire un percorso turistico con ponti e passerelle all\u2019interno della gola, altrimenti inaccessibile. I lavori iniziarono nel 1875 ma furono presto interrotti per l\u2019esaurimento del denaro raccolto. Gli operai avevano richiesto salari maggiorati per i pericoli a cui erano esposti.<br>\nAlla ricerca di ulteriori finanziamenti per terminare l\u2019opera, una delegazione di S. Johann incontr\u00f2 il principe del Liechtenstein, Giovanni II, che offr\u00ec una donazione di 600 fiorini. Con questa somma fu possibile completare il percorso e aprirlo al pubblico gi\u00e0 nel maggio 1876, intitolando al munifico benefattore l\u2019opera appena compiuta. Il successo fu immediato: oltre 12.000 visitatori nella sola estate di quell\u2019anno.<\/p>\n<div id=\"attachment_4384\" style=\"width: 1180px\" class=\"wp-caption alignnone\"><img decoding=\"async\" aria-describedby=\"caption-attachment-4384\" class=\"wp-image-4384 size-1170_658\" src=\"https:\/\/cdn.salzburgerland.com\/it\/wp-content\/uploads\/2020\/07\/lskmirjageh_389a-1170x658.jpg\" alt=\"La scala Helix\" width=\"1170\" height=\"658\" srcset=\"https:\/\/www.salzburgerland.com\/it\/wp-content\/uploads\/2020\/07\/lskmirjageh_389a-1170x658.jpg 1170w, https:\/\/www.salzburgerland.com\/it\/wp-content\/uploads\/2020\/07\/lskmirjageh_389a-1200x675.jpg 1200w\" sizes=\"(max-width: 1170px) 100vw, 1170px\"><p id=\"caption-attachment-4384\" class=\"wp-caption-text\">L\u2019ardita scala Helix-LSK\u00a9MirjaGeh<\/p><\/div>\n<h3>Helix, avveniristica ed elicoidale<\/h3>\n<p>Chiuso nel 2017, il<a href=\"https:\/\/www.bloghuette.at\/en\/2020\/07\/welcome-back-to-the-liechtensteinklamm-gorge\/\" target=\"_blank\" rel=\"noopener noreferrer\"> percorso turistico nella gola Liechtensteinklamm<\/a> \u00e8 stato reso ancor pi\u00f9 sicuro grazie alla ripulitura delle pareti rocciose, all\u2019installazione di 60 reti parasassi e di un moderno sistema di monitoraggio. Anche l\u2019itinerario \u00e8 stato riprogettato e riattrezzato in totale sicurezza con l\u2019apertura di diverse gallerie e di \u201cHelix\u201d, una spettacolare passerella spiraliforme in solido acciaio che scende nella gola per 30 metri.<br>\nCi sono voluti 3,5 milioni di euro, tre anni di lavoro, trasporti di precisione in elicottero per oltre 116 ore di volo, tanto impegno, competenza e professionalit\u00e0, ma finalmente dal 11 giugno 2020 il nuovo percorso della gola Liechtensteinklamm \u00e8 aperto al pubblico e regala sorprendenti emozioni a cavallo fra le forze ancestrali della natura e le incredibili architetture rese possibili dalla moderna tecnologia.<\/p>\n<p><strong>INFORMAZIONI UTILI<\/strong><\/p>\n<p>Il percorso di visita nella gola Liechtensteinklamm \u00e8 adatto anche ai bambini, ma NON \u00e8 percorribile con carrozzelle e passeggini ed \u00e8 sconsigliato a persone con difficolt\u00e0 motorie.<br>\nUlteriori informazioni: <a href=\"http:\/\/www.josalzburg.com\/en\">www.josalzburg.com\/en \u00a0 <\/a><a href=\"https:\/\/www.salzburgerland.com\/it\/mondo-sportivo-salisburghese\/\" target=\"_blank\" rel=\"noopener noreferrer\">Mondo Sportivo Salisburghes<\/a>e<\/p>\n<p><strong>Lunghezza:<\/strong> circa 1500 metri<br>\n<strong>Dislivello:<\/strong> circa 100 metri con 440 gradini<br>\n<strong>Tempo necessario:<\/strong> circa 90 minuti<\/p>\n<p><strong>Apertura<\/strong><br>\nGiugno \u2013 settembre: dalle ore 9 alle 18<br>\nOttobre: dalle ore 9 alle 16<br>\nSi consiglia di evitare l\u2019orario di massima affluenza (dalle 10 alle 14)<\/p>\n<p>\u00a0<\/p>\n","protected":false},"excerpt":{"rendered":"<p>In fondo all\u2019abisso \u00e8 tutto un fragore, uno scrosciare, un ribollir d\u2019acque impetuose e spumeggianti. Uno spettacolo che attira lo sguardo e insieme spaventa e affascina l\u2019animo. In alto solo una lama azzurra di cielo, una promessa di luce fra due strette e scabre pareti di roccia. E quando finalmente la luce arriva, intorno a [&hellip;]<\/p>\n","protected":false},"author":7,"featured_media":4391,"comment_status":"closed","ping_status":"closed","sticky":false,"template":"","format":"standard","meta":{"_acf_changed":false,"wl_entities_gutenberg":"","_relevanssi_hide_post":"","_relevanssi_hide_content":"","_relevanssi_pin_for_all":"","_relevanssi_pin_keywords":"","_relevanssi_unpin_keywords":"","_relevanssi_related_keywords":"","_relevanssi_related_include_ids":"","_relevanssi_related_exclude_ids":"","_relevanssi_related_no_append":"","_relevanssi_related_not_related":"","_relevanssi_related_posts":"","_relevanssi_noindex_reason":"","footnotes":""},"categories":[1],"tags":[151,148,152,147,150,149],"wl_entity_type":[55],"class_list":["post-4379","post","type-post","status-publish","format-standard","has-post-thumbnail","hentry","category-uncategorized","tag-attrazione-turistica","tag-cascata","tag-forra","tag-gola","tag-scala","tag-torrente","wl_entity_type-article"],"acf":[],"yoast_head":"<!-- This site is optimized with the Yoast SEO Premium plugin v27.4 (Yoast SEO v27.4) - https:\/\/yoast.com\/product\/yoast-seo-premium-wordpress\/ -->\n<title>Gola Liechtensteinklamm \u00bb SalzburgerLand.com<\/title>\n<meta name=\"description\" content=\"La selvaggia gola Liechtensteinklamm offre un&#039;incredibile esperienza nella natura lungo un nuovo, spettacolare percorso con la scala elicoidale Helix\" \/>\n<meta name=\"robots\" content=\"index, follow, max-snippet:-1, max-image-preview:large, max-video-preview:-1\" \/>\n<link rel=\"canonical\" href=\"https:\/\/www.salzburgerland.com\/it\/la-gola-liechtensteinklamm\/\" \/>\n<meta property=\"og:locale\" content=\"it_IT\" \/>\n<meta property=\"og:type\" content=\"article\" \/>\n<meta property=\"og:title\" content=\"Gola Liechtensteinklamm\" \/>\n<meta property=\"og:description\" content=\"In fondo all\u2019abisso \u00e8 tutto un fragore, uno scrosciare, un ribollir d\u2019acque impetuose e spumeggianti. Uno spettacolo che attira lo sguardo e insieme\" \/>\n<meta property=\"og:url\" content=\"https:\/\/www.salzburgerland.com\/it\/la-gola-liechtensteinklamm\/\" \/>\n<meta property=\"og:site_name\" content=\"SalzburgerLand.com\" \/>\n<meta property=\"article:publisher\" content=\"https:\/\/www.facebook.com\/salisburghese\/\" \/>\n<meta property=\"article:published_time\" content=\"2020-07-21T09:53:26+00:00\" \/>\n<meta property=\"article:modified_time\" content=\"2020-07-29T16:20:36+00:00\" \/>\n<meta property=\"og:image\" content=\"https:\/\/www.salzburgerland.com\/it\/wp-content\/uploads\/2020\/07\/lskmirjageh_005-1200x675.jpg\" \/>\n\t<meta property=\"og:image:width\" content=\"1200\" \/>\n\t<meta property=\"og:image:height\" content=\"675\" \/>\n\t<meta property=\"og:image:type\" content=\"image\/jpeg\" \/>\n<meta name=\"author\" content=\"Alice Rager\" \/>\n<meta name=\"twitter:card\" content=\"summary_large_image\" \/>\n<meta name=\"twitter:label1\" content=\"Scritto da\" \/>\n\t<meta name=\"twitter:data1\" content=\"Alice Rager\" \/>\n\t<meta name=\"twitter:label2\" content=\"Tempo di lettura stimato\" \/>\n\t<meta name=\"twitter:data2\" content=\"3 minuti\" \/>\n<script type=\"application\/ld+json\" class=\"yoast-schema-graph\">{\"@context\":\"https:\\\/\\\/schema.org\",\"@graph\":[{\"@type\":\"Article\",\"@id\":\"https:\\\/\\\/www.salzburgerland.com\\\/it\\\/la-gola-liechtensteinklamm\\\/#article\",\"isPartOf\":{\"@id\":\"https:\\\/\\\/www.salzburgerland.com\\\/it\\\/la-gola-liechtensteinklamm\\\/\"},\"author\":{\"name\":\"Alice Rager\",\"@id\":\"https:\\\/\\\/www.salzburgerland.com\\\/it\\\/#\\\/schema\\\/person\\\/16e0ef2c58a7f8ba60bcafaf52ca9850\"},\"headline\":\"Gola Liechtensteinklamm\",\"datePublished\":\"2020-07-21T09:53:26+00:00\",\"dateModified\":\"2020-07-29T16:20:36+00:00\",\"mainEntityOfPage\":{\"@id\":\"https:\\\/\\\/www.salzburgerland.com\\\/it\\\/la-gola-liechtensteinklamm\\\/\"},\"wordCount\":595,\"image\":{\"@id\":\"https:\\\/\\\/www.salzburgerland.com\\\/it\\\/la-gola-liechtensteinklamm\\\/#primaryimage\"},\"thumbnailUrl\":\"https:\\\/\\\/www.salzburgerland.com\\\/it\\\/wp-content\\\/uploads\\\/2020\\\/07\\\/lskmirjageh_005-scaled.jpg\",\"keywords\":[\"attrazione turistica;\",\"cascata\",\"forra;\",\"gola\",\"scala\",\"torrente\"],\"articleSection\":[\"Uncategorized\"],\"inLanguage\":\"it-IT\"},{\"@type\":\"WebPage\",\"@id\":\"https:\\\/\\\/www.salzburgerland.com\\\/it\\\/la-gola-liechtensteinklamm\\\/\",\"url\":\"https:\\\/\\\/www.salzburgerland.com\\\/it\\\/la-gola-liechtensteinklamm\\\/\",\"name\":\"Gola Liechtensteinklamm \u00bb SalzburgerLand.com\",\"isPartOf\":{\"@id\":\"https:\\\/\\\/www.salzburgerland.com\\\/it\\\/#website\"},\"primaryImageOfPage\":{\"@id\":\"https:\\\/\\\/www.salzburgerland.com\\\/it\\\/la-gola-liechtensteinklamm\\\/#primaryimage\"},\"image\":{\"@id\":\"https:\\\/\\\/www.salzburgerland.com\\\/it\\\/la-gola-liechtensteinklamm\\\/#primaryimage\"},\"thumbnailUrl\":\"https:\\\/\\\/www.salzburgerland.com\\\/it\\\/wp-content\\\/uploads\\\/2020\\\/07\\\/lskmirjageh_005-scaled.jpg\",\"datePublished\":\"2020-07-21T09:53:26+00:00\",\"dateModified\":\"2020-07-29T16:20:36+00:00\",\"author\":{\"@id\":\"https:\\\/\\\/www.salzburgerland.com\\\/it\\\/#\\\/schema\\\/person\\\/16e0ef2c58a7f8ba60bcafaf52ca9850\"},\"description\":\"La selvaggia gola Liechtensteinklamm offre un'incredibile esperienza nella natura lungo un nuovo, spettacolare percorso con la scala elicoidale Helix\",\"breadcrumb\":{\"@id\":\"https:\\\/\\\/www.salzburgerland.com\\\/it\\\/la-gola-liechtensteinklamm\\\/#breadcrumb\"},\"inLanguage\":\"it-IT\",\"potentialAction\":[{\"@type\":\"ReadAction\",\"target\":[\"https:\\\/\\\/www.salzburgerland.com\\\/it\\\/la-gola-liechtensteinklamm\\\/\"]}]},{\"@type\":\"ImageObject\",\"inLanguage\":\"it-IT\",\"@id\":\"https:\\\/\\\/www.salzburgerland.com\\\/it\\\/la-gola-liechtensteinklamm\\\/#primaryimage\",\"url\":\"https:\\\/\\\/www.salzburgerland.com\\\/it\\\/wp-content\\\/uploads\\\/2020\\\/07\\\/lskmirjageh_005-scaled.jpg\",\"contentUrl\":\"https:\\\/\\\/www.salzburgerland.com\\\/it\\\/wp-content\\\/uploads\\\/2020\\\/07\\\/lskmirjageh_005-scaled.jpg\",\"width\":1920,\"height\":1280,\"caption\":\"La gola Liechtensteinklamm -LSK\u00a9MirjaGeh_\"},{\"@type\":\"BreadcrumbList\",\"@id\":\"https:\\\/\\\/www.salzburgerland.com\\\/it\\\/la-gola-liechtensteinklamm\\\/#breadcrumb\",\"itemListElement\":[{\"@type\":\"ListItem\",\"position\":1,\"name\":\"Perle salisburghesi da visitare\",\"item\":\"https:\\\/\\\/www.salzburgerland.com\\\/it\\\/attrazioni-turistiche\\\/\"},{\"@type\":\"ListItem\",\"position\":2,\"name\":\"Gola Liechtensteinklamm\"}]},{\"@type\":\"WebSite\",\"@id\":\"https:\\\/\\\/www.salzburgerland.com\\\/it\\\/#website\",\"url\":\"https:\\\/\\\/www.salzburgerland.com\\\/it\\\/\",\"name\":\"SalzburgerLand.com\",\"description\":\"Le tue vacanze nel Salisburghese, Austria\",\"potentialAction\":[{\"@type\":\"SearchAction\",\"target\":{\"@type\":\"EntryPoint\",\"urlTemplate\":\"https:\\\/\\\/www.salzburgerland.com\\\/it\\\/?s={search_term_string}\"},\"query-input\":{\"@type\":\"PropertyValueSpecification\",\"valueRequired\":true,\"valueName\":\"search_term_string\"}}],\"inLanguage\":\"it-IT\"},{\"@type\":\"Person\",\"@id\":\"https:\\\/\\\/www.salzburgerland.com\\\/it\\\/#\\\/schema\\\/person\\\/16e0ef2c58a7f8ba60bcafaf52ca9850\",\"name\":\"Alice Rager\",\"image\":{\"@type\":\"ImageObject\",\"inLanguage\":\"it-IT\",\"@id\":\"https:\\\/\\\/secure.gravatar.com\\\/avatar\\\/d85d5dffab6e9f3e1c5f1201dfc6b18150cabc836e06b664cadfe6b755333fe0?s=96&d=mm&r=g\",\"url\":\"https:\\\/\\\/secure.gravatar.com\\\/avatar\\\/d85d5dffab6e9f3e1c5f1201dfc6b18150cabc836e06b664cadfe6b755333fe0?s=96&d=mm&r=g\",\"contentUrl\":\"https:\\\/\\\/secure.gravatar.com\\\/avatar\\\/d85d5dffab6e9f3e1c5f1201dfc6b18150cabc836e06b664cadfe6b755333fe0?s=96&d=mm&r=g\",\"caption\":\"Alice Rager\"}}]}<\/script>\n<!-- \/ Yoast SEO Premium plugin. -->","yoast_head_json":{"title":"Gola Liechtensteinklamm \u00bb SalzburgerLand.com","description":"La selvaggia gola Liechtensteinklamm offre un'incredibile esperienza nella natura lungo un nuovo, spettacolare percorso con la scala elicoidale Helix","robots":{"index":"index","follow":"follow","max-snippet":"max-snippet:-1","max-image-preview":"max-image-preview:large","max-video-preview":"max-video-preview:-1"},"canonical":"https:\/\/www.salzburgerland.com\/it\/la-gola-liechtensteinklamm\/","og_locale":"it_IT","og_type":"article","og_title":"Gola Liechtensteinklamm","og_description":"In fondo all\u2019abisso \u00e8 tutto un fragore, uno scrosciare, un ribollir d\u2019acque impetuose e spumeggianti. Uno spettacolo che attira lo sguardo e insieme","og_url":"https:\/\/www.salzburgerland.com\/it\/la-gola-liechtensteinklamm\/","og_site_name":"SalzburgerLand.com","article_publisher":"https:\/\/www.facebook.com\/salisburghese\/","article_published_time":"2020-07-21T09:53:26+00:00","article_modified_time":"2020-07-29T16:20:36+00:00","og_image":[{"width":1200,"height":675,"url":"https:\/\/www.salzburgerland.com\/it\/wp-content\/uploads\/2020\/07\/lskmirjageh_005-1200x675.jpg","type":"image\/jpeg"}],"author":"Alice Rager","twitter_card":"summary_large_image","twitter_misc":{"Scritto da":"Alice Rager","Tempo di lettura stimato":"3 minuti"},"schema":{"@context":"https:\/\/schema.org","@graph":[{"@type":"Article","@id":"https:\/\/www.salzburgerland.com\/it\/la-gola-liechtensteinklamm\/#article","isPartOf":{"@id":"https:\/\/www.salzburgerland.com\/it\/la-gola-liechtensteinklamm\/"},"author":{"name":"Alice Rager","@id":"https:\/\/www.salzburgerland.com\/it\/#\/schema\/person\/16e0ef2c58a7f8ba60bcafaf52ca9850"},"headline":"Gola Liechtensteinklamm","datePublished":"2020-07-21T09:53:26+00:00","dateModified":"2020-07-29T16:20:36+00:00","mainEntityOfPage":{"@id":"https:\/\/www.salzburgerland.com\/it\/la-gola-liechtensteinklamm\/"},"wordCount":595,"image":{"@id":"https:\/\/www.salzburgerland.com\/it\/la-gola-liechtensteinklamm\/#primaryimage"},"thumbnailUrl":"https:\/\/www.salzburgerland.com\/it\/wp-content\/uploads\/2020\/07\/lskmirjageh_005-scaled.jpg","keywords":["attrazione turistica;","cascata","forra;","gola","scala","torrente"],"articleSection":["Uncategorized"],"inLanguage":"it-IT"},{"@type":"WebPage","@id":"https:\/\/www.salzburgerland.com\/it\/la-gola-liechtensteinklamm\/","url":"https:\/\/www.salzburgerland.com\/it\/la-gola-liechtensteinklamm\/","name":"Gola Liechtensteinklamm \u00bb SalzburgerLand.com","isPartOf":{"@id":"https:\/\/www.salzburgerland.com\/it\/#website"},"primaryImageOfPage":{"@id":"https:\/\/www.salzburgerland.com\/it\/la-gola-liechtensteinklamm\/#primaryimage"},"image":{"@id":"https:\/\/www.salzburgerland.com\/it\/la-gola-liechtensteinklamm\/#primaryimage"},"thumbnailUrl":"https:\/\/www.salzburgerland.com\/it\/wp-content\/uploads\/2020\/07\/lskmirjageh_005-scaled.jpg","datePublished":"2020-07-21T09:53:26+00:00","dateModified":"2020-07-29T16:20:36+00:00","author":{"@id":"https:\/\/www.salzburgerland.com\/it\/#\/schema\/person\/16e0ef2c58a7f8ba60bcafaf52ca9850"},"description":"La selvaggia gola Liechtensteinklamm offre un'incredibile esperienza nella natura lungo un nuovo, spettacolare percorso con la scala elicoidale Helix","breadcrumb":{"@id":"https:\/\/www.salzburgerland.com\/it\/la-gola-liechtensteinklamm\/#breadcrumb"},"inLanguage":"it-IT","potentialAction":[{"@type":"ReadAction","target":["https:\/\/www.salzburgerland.com\/it\/la-gola-liechtensteinklamm\/"]}]},{"@type":"ImageObject","inLanguage":"it-IT","@id":"https:\/\/www.salzburgerland.com\/it\/la-gola-liechtensteinklamm\/#primaryimage","url":"https:\/\/www.salzburgerland.com\/it\/wp-content\/uploads\/2020\/07\/lskmirjageh_005-scaled.jpg","contentUrl":"https:\/\/www.salzburgerland.com\/it\/wp-content\/uploads\/2020\/07\/lskmirjageh_005-scaled.jpg","width":1920,"height":1280,"caption":"La gola Liechtensteinklamm -LSK\u00a9MirjaGeh_"},{"@type":"BreadcrumbList","@id":"https:\/\/www.salzburgerland.com\/it\/la-gola-liechtensteinklamm\/#breadcrumb","itemListElement":[{"@type":"ListItem","position":1,"name":"Perle salisburghesi da visitare","item":"https:\/\/www.salzburgerland.com\/it\/attrazioni-turistiche\/"},{"@type":"ListItem","position":2,"name":"Gola Liechtensteinklamm"}]},{"@type":"WebSite","@id":"https:\/\/www.salzburgerland.com\/it\/#website","url":"https:\/\/www.salzburgerland.com\/it\/","name":"SalzburgerLand.com","description":"Le tue vacanze nel Salisburghese, Austria","potentialAction":[{"@type":"SearchAction","target":{"@type":"EntryPoint","urlTemplate":"https:\/\/www.salzburgerland.com\/it\/?s={search_term_string}"},"query-input":{"@type":"PropertyValueSpecification","valueRequired":true,"valueName":"search_term_string"}}],"inLanguage":"it-IT"},{"@type":"Person","@id":"https:\/\/www.salzburgerland.com\/it\/#\/schema\/person\/16e0ef2c58a7f8ba60bcafaf52ca9850","name":"Alice Rager","image":{"@type":"ImageObject","inLanguage":"it-IT","@id":"https:\/\/secure.gravatar.com\/avatar\/d85d5dffab6e9f3e1c5f1201dfc6b18150cabc836e06b664cadfe6b755333fe0?s=96&d=mm&r=g","url":"https:\/\/secure.gravatar.com\/avatar\/d85d5dffab6e9f3e1c5f1201dfc6b18150cabc836e06b664cadfe6b755333fe0?s=96&d=mm&r=g","contentUrl":"https:\/\/secure.gravatar.com\/avatar\/d85d5dffab6e9f3e1c5f1201dfc6b18150cabc836e06b664cadfe6b755333fe0?s=96&d=mm&r=g","caption":"Alice Rager"}}]}},"_wl_alt_label":[],"wl:entity_url":"http:\/\/open.salzburgerland.com\/it\/post\/la_gola_liechtensteinklamm","_links":{"self":[{"href":"https:\/\/www.salzburgerland.com\/it\/wp-json\/wp\/v2\/posts\/4379","targetHints":{"allow":["GET"]}}],"collection":[{"href":"https:\/\/www.salzburgerland.com\/it\/wp-json\/wp\/v2\/posts"}],"about":[{"href":"https:\/\/www.salzburgerland.com\/it\/wp-json\/wp\/v2\/types\/post"}],"author":[{"embeddable":true,"href":"https:\/\/www.salzburgerland.com\/it\/wp-json\/wp\/v2\/users\/7"}],"replies":[{"embeddable":true,"href":"https:\/\/www.salzburgerland.com\/it\/wp-json\/wp\/v2\/comments?post=4379"}],"version-history":[{"count":5,"href":"https:\/\/www.salzburgerland.com\/it\/wp-json\/wp\/v2\/posts\/4379\/revisions"}],"predecessor-version":[{"id":4403,"href":"https:\/\/www.salzburgerland.com\/it\/wp-json\/wp\/v2\/posts\/4379\/revisions\/4403"}],"wp:featuredmedia":[{"embeddable":true,"href":"https:\/\/www.salzburgerland.com\/it\/wp-json\/wp\/v2\/media\/4391"}],"wp:attachment":[{"href":"https:\/\/www.salzburgerland.com\/it\/wp-json\/wp\/v2\/media?parent=4379"}],"wp:term":[{"taxonomy":"category","embeddable":true,"href":"https:\/\/www.salzburgerland.com\/it\/wp-json\/wp\/v2\/categories?post=4379"},{"taxonomy":"post_tag","embeddable":true,"href":"https:\/\/www.salzburgerland.com\/it\/wp-json\/wp\/v2\/tags?post=4379"},{"taxonomy":"wl_entity_type","embeddable":true,"href":"https:\/\/www.salzburgerland.com\/it\/wp-json\/wp\/v2\/wl_entity_type?post=4379"}],"curies":[{"name":"wp","href":"https:\/\/api.w.org\/{rel}","templated":true}]}}