{"id":324,"date":"2016-11-18T16:17:40","date_gmt":"2016-11-18T16:17:40","guid":{"rendered":"https:\/\/www.onebigpark.at\/it\/?p=324"},"modified":"2018-10-19T17:19:17","modified_gmt":"2018-10-19T15:19:17","slug":"vacanze-in-montagna","status":"publish","type":"post","link":"https:\/\/www.salzburgerland.com\/it\/vacanze-in-montagna\/","title":{"rendered":"Vacanze in montagna &#8211; Camminare nel Salisburghese"},"content":{"rendered":"<img decoding=\"async\" class=\"alignnone size-large wp-image-825\" src=\"https:\/\/cdn.salzburgerland.com\/it\/wp-content\/uploads\/2016\/12\/uttendorf-sommer-wandern-wgw-d-sochor_-1920x1067.jpg\" alt=\"uttendorf-sommer-wandern-wgw-d-sochor_\" width=\"1920\" height=\"1067\" srcset=\"https:\/\/www.salzburgerland.com\/it\/wp-content\/uploads\/2016\/12\/uttendorf-sommer-wandern-wgw-d-sochor_-1920x1067.jpg 1920w, https:\/\/www.salzburgerland.com\/it\/wp-content\/uploads\/2016\/12\/uttendorf-sommer-wandern-wgw-d-sochor_-540x300.jpg 540w, https:\/\/www.salzburgerland.com\/it\/wp-content\/uploads\/2016\/12\/uttendorf-sommer-wandern-wgw-d-sochor_-370x206.jpg 370w, https:\/\/www.salzburgerland.com\/it\/wp-content\/uploads\/2016\/12\/uttendorf-sommer-wandern-wgw-d-sochor_-1024x569.jpg 1024w, https:\/\/www.salzburgerland.com\/it\/wp-content\/uploads\/2016\/12\/uttendorf-sommer-wandern-wgw-d-sochor_-270x150.jpg 270w\" sizes=\"(max-width: 1920px) 100vw, 1920px\">\n<p>\u00a0<\/p>\n<p>Dai ghiacciai e dai tremila del Parco Nazionale Alti Tauri ai dolci e incantevoli laghi del Salzkammergut, dal Sentiero delle Malghe alla Via delle Gole\u2026 la voglia di camminare liberi nella natura si scatena alla massima potenza nel meraviglioso e vario <a href=\"https:\/\/www.salzburgerland.com\/it\/almsommer-estate-alla-malga-vacanze-in-montagna-fra-baite-e-rifugi\/\">paesaggio alpino del Salisburghese<\/a>. Ma quando si deve scegliere l\u2019itinerario in una rete di sentieri di ben 10.000 km (pi\u00f9 della distanza in linea d\u2019aria che separa Milano da Tokyo), l\u2019imbarazzo della scelta pu\u00f2 essere un vero dilemma. Anche per questo nel Salisburghese i rifugi, i sentieri e i trekking sono perfettamente marcati da una segnaletica omogenea e presentati in dettaglio da pubblicazioni in gran parte gratuite, a disposizione presso gli uffici turistici salisburghesi.<\/p>\n<h2><strong>Trekking per ogni gusto e ogni \u201cgamba\u201d<\/strong><\/h2>\n<p>Tracciati in epoche pi\u00f9 o meno remote da montanari, malghesi, cacciatori di camosci, minatori, contrabbandieri e pellegrini, i <a href=\"https:\/\/www.salzburgerland.com\/it\/escursionismo\/\">sentieri del Salisburghese<\/a> sono oggi organizzati per gli escursionisti in una serie di percorsi tematici percorribili anche parzialmente in singole tappe giornaliere oppure per intero in settimane di cammino. Ecco in breve alcuni dei tanti meravigliosi itinerari escursionistici che solcano le montagne salisburghesi, e arrivano l\u00e0 dove si nascondono le radici pi\u00f9 antiche della regione\u2026 dove nascono le leggende.<\/p>\n<h2><strong>\u00a0<\/strong><strong style=\"font-size: 0.9em\">Sentiero delle Malghe Salisburghesi \u201cSalzburger Almenweg\u201d<\/strong><\/h2>\n<p>Il simbolo della genziana accompagna <a href=\"https:\/\/www.salzburgerland.com\/it\/sul-sentiero-delle-malghe-salisburghesi\/\">questo trekking<\/a> lungo 350 km che tocca 120 malghe e collega dieci localit\u00e0: Bad Gastein, H\u00fcttschlag, Kleinarl, Flachau, Forstau, Radstadt, Filzmoos, St.Martin, Pfarrwerfen e Lend. Quasi il 90% dell\u2019itinerario si svolge fra 1000 e 2000 metri, con panorami mozzafiato sui gruppi del Dachstein, dei Tennengebirge, dell\u2019Hochk\u00f6nig e degli Alti Tauri. Alla bellezza dei paesaggi si aggiunge la genuinit\u00e0 dei prodotti di malga e dei piatti tipici che si gustano nei rifugi. Molte tappe sono adatte anche alle famiglie con piccoli camminatori.<\/p>\n\n\t\t\t<div id=\"324-1\" class=\"gallery gallery-324 gallery-columns-3 gallery-size-medium\" itemscope itemtype=\"http:\/\/schema.org\/ImageGallery\">\n\t\t\t\t<ul class=\"gallery-row gallery-col-3 gallery-clear\">\n\t\t\t\t\t<li class=\"gallery-item col-3\" itemprop=\"associatedMedia\" itemscope itemtype=\"http:\/\/schema.org\/ImageObject\">\n\t\t\t\t\t\t<div class=\"gallery-icon landscape\"><a href=\"https:\/\/www.salzburgerland.com\/it\/wp-content\/uploads\/2016\/12\/st-koloma-wandern-1920x1067.jpg\" title=\"st-koloma-wandern\"><img decoding=\"async\" data-title=\"\" title=\"\" data-caption=\"\" width=\"1024\" height=\"569\" src=\"https:\/\/www.salzburgerland.com\/it\/wp-content\/uploads\/2016\/12\/st-koloma-wandern-1024x569.jpg\" class=\"attachment-medium size-medium\" alt=\"Due persone camminano in montagna su un sentiero erboso con cime panoramiche e un cielo parzialmente nuvoloso alle spalle. (Vista ingrandita)\" srcset=\"https:\/\/www.salzburgerland.com\/it\/wp-content\/uploads\/2016\/12\/st-koloma-wandern-1024x569.jpg 1024w, https:\/\/www.salzburgerland.com\/it\/wp-content\/uploads\/2016\/12\/st-koloma-wandern-540x300.jpg 540w, https:\/\/www.salzburgerland.com\/it\/wp-content\/uploads\/2016\/12\/st-koloma-wandern-370x206.jpg 370w, https:\/\/www.salzburgerland.com\/it\/wp-content\/uploads\/2016\/12\/st-koloma-wandern-1920x1067.jpg 1920w, https:\/\/www.salzburgerland.com\/it\/wp-content\/uploads\/2016\/12\/st-koloma-wandern-270x150.jpg 270w\" sizes=\"(max-width: 1024px) 100vw, 1024px\" itemprop=\"thumbnail\"><\/a><\/div>\n\t\t\t\t\t<\/li>\n\t\t\t\t\t<li class=\"gallery-item col-3\" itemprop=\"associatedMedia\" itemscope itemtype=\"http:\/\/schema.org\/ImageObject\">\n\t\t\t\t\t\t<div class=\"gallery-icon landscape\"><a href=\"https:\/\/www.salzburgerland.com\/it\/wp-content\/uploads\/2016\/12\/uttendorf-sommer-wandern-panoramabild-wgw-d-sochor-1920x752.jpg\" title=\"uttendorf-sommer-wandern-panoramabild-wgw-d-sochor\"><img decoding=\"async\" data-title=\"L'hotel Rudolfsh\u00fctte nel parco Nazionale degli Alti Tauri\" title=\"L'hotel Rudolfsh\u00fctte nel parco Nazionale degli Alti Tauri\" data-caption=\"L'hotel Rudolfsh\u00fctte nel parco Nazionale degli Alti Tauri\" width=\"1024\" height=\"569\" src=\"https:\/\/www.salzburgerland.com\/it\/wp-content\/uploads\/2016\/12\/uttendorf-sommer-wandern-panoramabild-wgw-d-sochor-1024x569.jpg\" class=\"attachment-medium size-medium\" alt=\"Localit\u00e0 montana in riva a un lago turchese, perfetta per camminare in montagna tra cime innevate e verdi colline. (Vista ingrandita)\" srcset=\"https:\/\/www.salzburgerland.com\/it\/wp-content\/uploads\/2016\/12\/uttendorf-sommer-wandern-panoramabild-wgw-d-sochor-1024x569.jpg 1024w, https:\/\/www.salzburgerland.com\/it\/wp-content\/uploads\/2016\/12\/uttendorf-sommer-wandern-panoramabild-wgw-d-sochor-540x300.jpg 540w, https:\/\/www.salzburgerland.com\/it\/wp-content\/uploads\/2016\/12\/uttendorf-sommer-wandern-panoramabild-wgw-d-sochor-370x206.jpg 370w, https:\/\/www.salzburgerland.com\/it\/wp-content\/uploads\/2016\/12\/uttendorf-sommer-wandern-panoramabild-wgw-d-sochor-270x150.jpg 270w\" sizes=\"(max-width: 1024px) 100vw, 1024px\" aria-describedby=\"figcaption-324-834\" itemprop=\"thumbnail\"><\/a><\/div>\n\t\t\t\t\t\t<span id=\"figcaption-324-834\" class=\"gallery-caption\" itemprop=\"caption\"><span aria-hidden=\"true\">L\u2019hotel Rudolfsh\u00fctte nel parco Nazionale degli Alti Tauri<\/span><\/span>\n\t\t\t\t\t<\/li>\n\t\t\t\t\t<li class=\"gallery-item col-3\" itemprop=\"associatedMedia\" itemscope itemtype=\"http:\/\/schema.org\/ImageObject\">\n\t\t\t\t\t\t<div class=\"gallery-icon landscape\"><a href=\"https:\/\/www.salzburgerland.com\/it\/wp-content\/uploads\/2016\/12\/mittersill-sommer-wandern2-1920x1067.jpg\" title=\"mittersill-sommer-wandern2\"><img decoding=\"async\" data-title=\"\" title=\"\" data-caption=\"\" width=\"1024\" height=\"569\" src=\"https:\/\/www.salzburgerland.com\/it\/wp-content\/uploads\/2016\/12\/mittersill-sommer-wandern2-1024x569.jpg\" class=\"attachment-medium size-medium\" alt=\"Due persone che camminano in montagna con i bastoncini in un prato soleggiato, circondato da colline verdi e macchie di neve. (Vista ingrandita)\" srcset=\"https:\/\/www.salzburgerland.com\/it\/wp-content\/uploads\/2016\/12\/mittersill-sommer-wandern2-1024x569.jpg 1024w, https:\/\/www.salzburgerland.com\/it\/wp-content\/uploads\/2016\/12\/mittersill-sommer-wandern2-540x300.jpg 540w, https:\/\/www.salzburgerland.com\/it\/wp-content\/uploads\/2016\/12\/mittersill-sommer-wandern2-370x206.jpg 370w, https:\/\/www.salzburgerland.com\/it\/wp-content\/uploads\/2016\/12\/mittersill-sommer-wandern2-1920x1067.jpg 1920w, https:\/\/www.salzburgerland.com\/it\/wp-content\/uploads\/2016\/12\/mittersill-sommer-wandern2-270x150.jpg 270w\" sizes=\"(max-width: 1024px) 100vw, 1024px\" itemprop=\"thumbnail\"><\/a><\/div>\n\t\t\t\t\t<\/li>\n\t\t\t\t<\/ul>\n\t\t\t<\/div><!-- .gallery -->\n\n<h2><strong>Il Sentiero Arno<\/strong><\/h2>\n<p>Lungo circa 1200 km, il sentiero Arno (\u201cArnoweg\u201d) segue i confini del Salisburghese dai laghi delle Prealpi ai massicci calcarei centrali fino ai ghiacciai degli Alti Tauri. Aperto nel 1998 (per il 1.200\u00b0 anniversario di fondazione del principato vescovile di Salisburgo), questo trekking ad anello inizia e si conclude a Salisburgo, e richiede almeno sei settimane di marcia. A parte qualche breve traversata alpinistica su ghiacciaio, il percorso \u00e8 di livello escursionistico.<\/p>\n<h2><strong>La Via delle Gole \u201cRoute der Klammen\u201d nella valle Saalachtal<\/strong><\/h2>\n<p>Lunga 100 chilometri e percorribile in 6 tappe, la Via delle Gole passa in rassegna le gole e le cascate che una natura bizzarra ha creato ai piedi dei massicci calcarei Steinernes Meer, Loferer e Leoganger Steinberge, con una delle pi\u00f9 grandi grotte percorse dall\u2019acqua in Europa. Per questo trekking \u00e8 utile mettere il costume da bagno nello zaino: prima della gola Vorderkaserklamm, tra St. Martin e Weissbach, si pu\u00f2 fare il bagno nel fiume.<\/p>\n\n\t\t\t<div id=\"324-2\" class=\"gallery gallery-324 gallery-columns-3 gallery-size-medium\" itemscope itemtype=\"http:\/\/schema.org\/ImageGallery\">\n\t\t\t\t<ul class=\"gallery-row gallery-col-3 gallery-clear\">\n\t\t\t\t\t<li class=\"gallery-item col-3\" itemprop=\"associatedMedia\" itemscope itemtype=\"http:\/\/schema.org\/ImageObject\">\n\t\t\t\t\t\t<div class=\"gallery-icon landscape\"><a href=\"https:\/\/www.salzburgerland.com\/it\/wp-content\/uploads\/2016\/12\/saalfelden-sommer-wandernclolin-1920x1067.jpg\" title=\"saalfelden-sommer-wandernclolin\"><img decoding=\"async\" data-title=\"\" title=\"\" data-caption=\"\" width=\"1024\" height=\"569\" src=\"https:\/\/www.salzburgerland.com\/it\/wp-content\/uploads\/2016\/12\/saalfelden-sommer-wandernclolin-1024x569.jpg\" class=\"attachment-medium size-medium\" alt=\"Una persona si diverte a camminare in montagna su una collina erbosa con le montagne e il cielo azzurro sullo sfondo. (Vista ingrandita)\" srcset=\"https:\/\/www.salzburgerland.com\/it\/wp-content\/uploads\/2016\/12\/saalfelden-sommer-wandernclolin-1024x569.jpg 1024w, https:\/\/www.salzburgerland.com\/it\/wp-content\/uploads\/2016\/12\/saalfelden-sommer-wandernclolin-540x300.jpg 540w, https:\/\/www.salzburgerland.com\/it\/wp-content\/uploads\/2016\/12\/saalfelden-sommer-wandernclolin-370x206.jpg 370w, https:\/\/www.salzburgerland.com\/it\/wp-content\/uploads\/2016\/12\/saalfelden-sommer-wandernclolin-1920x1067.jpg 1920w, https:\/\/www.salzburgerland.com\/it\/wp-content\/uploads\/2016\/12\/saalfelden-sommer-wandernclolin-270x150.jpg 270w\" sizes=\"(max-width: 1024px) 100vw, 1024px\" itemprop=\"thumbnail\"><\/a><\/div>\n\t\t\t\t\t<\/li>\n\t\t\t\t\t<li class=\"gallery-item col-3\" itemprop=\"associatedMedia\" itemscope itemtype=\"http:\/\/schema.org\/ImageObject\">\n\t\t\t\t\t\t<div class=\"gallery-icon landscape\"><a href=\"https:\/\/www.salzburgerland.com\/it\/wp-content\/uploads\/2016\/12\/lederhosen_almhuette_2011-1920x1067.jpg\" title=\"lederhosen_almhuette_2011\"><img decoding=\"async\" data-title=\"\" title=\"\" data-caption=\"\" width=\"1024\" height=\"569\" src=\"https:\/\/www.salzburgerland.com\/it\/wp-content\/uploads\/2016\/12\/lederhosen_almhuette_2011-1024x569.jpg\" class=\"attachment-medium size-medium\" alt=\"Pantaloni tradizionali in pelle appesi a una staccionata, perfetti per camminare in montagna tra panoramiche montagne erbose. (Vista ingrandita)\" srcset=\"https:\/\/www.salzburgerland.com\/it\/wp-content\/uploads\/2016\/12\/lederhosen_almhuette_2011-1024x569.jpg 1024w, https:\/\/www.salzburgerland.com\/it\/wp-content\/uploads\/2016\/12\/lederhosen_almhuette_2011-540x300.jpg 540w, https:\/\/www.salzburgerland.com\/it\/wp-content\/uploads\/2016\/12\/lederhosen_almhuette_2011-370x206.jpg 370w, https:\/\/www.salzburgerland.com\/it\/wp-content\/uploads\/2016\/12\/lederhosen_almhuette_2011-1920x1067.jpg 1920w, https:\/\/www.salzburgerland.com\/it\/wp-content\/uploads\/2016\/12\/lederhosen_almhuette_2011-270x150.jpg 270w\" sizes=\"(max-width: 1024px) 100vw, 1024px\" itemprop=\"thumbnail\"><\/a><\/div>\n\t\t\t\t\t<\/li>\n\t\t\t\t\t<li class=\"gallery-item col-3\" itemprop=\"associatedMedia\" itemscope itemtype=\"http:\/\/schema.org\/ImageObject\">\n\t\t\t\t\t\t<div class=\"gallery-icon landscape\"><a href=\"https:\/\/www.salzburgerland.com\/it\/wp-content\/uploads\/2016\/12\/saalbach-sommer-wandern-1920x1067.jpg\" title=\"saalbach-sommer-wandern\"><img decoding=\"async\" data-title=\"\" title=\"\" data-caption=\"\" width=\"1024\" height=\"569\" src=\"https:\/\/www.salzburgerland.com\/it\/wp-content\/uploads\/2016\/12\/saalbach-sommer-wandern-1024x569.jpg\" class=\"attachment-medium size-medium\" alt=\"Una famiglia di quattro persone si diverte a camminare in montagna su un sentiero illuminato dal sole e circondato da verdi colline e pini. (Vista ingrandita)\" srcset=\"https:\/\/www.salzburgerland.com\/it\/wp-content\/uploads\/2016\/12\/saalbach-sommer-wandern-1024x569.jpg 1024w, https:\/\/www.salzburgerland.com\/it\/wp-content\/uploads\/2016\/12\/saalbach-sommer-wandern-540x300.jpg 540w, https:\/\/www.salzburgerland.com\/it\/wp-content\/uploads\/2016\/12\/saalbach-sommer-wandern-370x206.jpg 370w, https:\/\/www.salzburgerland.com\/it\/wp-content\/uploads\/2016\/12\/saalbach-sommer-wandern-1920x1067.jpg 1920w, https:\/\/www.salzburgerland.com\/it\/wp-content\/uploads\/2016\/12\/saalbach-sommer-wandern-270x150.jpg 270w\" sizes=\"(max-width: 1024px) 100vw, 1024px\" itemprop=\"thumbnail\"><\/a><\/div>\n\t\t\t\t\t<\/li>\n\t\t\t\t<\/ul>\n\t\t\t<\/div><!-- .gallery -->\n\n<h2>Giro dei 4 monti e 3 laghi \u201c Vier Berge \u2013 Drei Seen\u201d<\/h2>\n<p>Questo spettacolare trekking di 4 giorni parte da Fuschl am See, attraversa la valle Ellmautal e tocca la vetta dello Zw\u00f6lferhorn sopra il lago Wolfgangsee. Da St. Gilgen prosegue per un tratto molto suggestivo lungo il lago fino a St. Wolfgang e sale (per i meno allenati anche in ferrovia a cremagliera) fino in vetta allo Schafberg con una vista spettacolare sui laghi del Salzkammergut. In battello sul lago Wolfgangsee si raggiungono le scogliere di F\u00fcrberg da dove per il monte Almkogel si arriva al lago Mondsee. Conquistato anche lo Schober, il giro si conclude sul lago Fuschlsee con gli occhi colmi di panorami incantevoli.<\/p>\n<h2>Sentiero del Re \u201cK\u00f6nigsweg\u201d<\/h2>\n<p>Il re \u00e8 lui: l\u2019Hochk\u00f6nig (2941 m), leggendaria maest\u00e0 di calcare posta a guardia dello Steinernes Meer, il \u201cmare di pietra\u201d e dell\u2019ormai estinto ghiacciaio dell\u2019Alpe Sommersa (\u00dcbergossene Alm). La sua conquista per la via normale \u00e8 lunga e riservata ad escursionisti esperti che sulla vetta trovano l\u2019accoglienza del rifugio Matras. Ma chi preferisce ammirare Sua Maest\u00e0 dai tanti alpeggi che si stendono ai suoi piedi, pu\u00f2 percorrere il Sentiero del Re, un meraviglioso percorso ad anello lungo ca. 75 km che da Maria Alm tocca Dienten e M\u00fchlbach in mezzo a un panorama meraviglioso, fra antiche miniere, leggende suggestive e genuine delizie alle malghe.<\/p>\n<h2><strong>Altri sentieri a lunga percorrenza<\/strong><\/h2>\n<p>Il Salisburghese \u00e8 attraversato da grandi trekking europei come la<a href=\"http:\/\/www.via-alpina.org\/it\/page\/36\/die-finanzpartner\"> <strong>Via Alpina<\/strong> (<\/a>5.000 km) che da Trieste attraversa tutto l\u2019arco alpino raggiungendo il Principato di Monaco. Nel Salisburghese la Via Alpina passa ai piedi del massiccio dell\u2019Hochk\u00f6nig con panorami di rara bellezza. <span><a href=\"http:\/\/www.via-alpina.org\"><br>\n<\/a><\/span>Per Salisburgo transita anche il tratto austriaco del <strong>Cammino di Santiago<\/strong>, lungo 800 km, che segue il corso del Danubio e la frontiera fra la Baviera e il Salisburghese. Il tratto lungo il fiume Saalach, da Unken a Lofer, \u00e8 fra i pi\u00f9 belli dell\u2019intero percorso.<\/p>\n<p>\u00a0<\/p>\n","protected":false},"excerpt":{"rendered":"<p>\u00a0 Dai ghiacciai e dai tremila del Parco Nazionale Alti Tauri ai dolci e incantevoli laghi del Salzkammergut, dal Sentiero delle Malghe alla Via delle Gole\u2026 la voglia di camminare liberi nella natura si scatena alla massima potenza nel meraviglioso e vario paesaggio alpino del Salisburghese. Ma quando si deve scegliere l\u2019itinerario in una rete [&hellip;]<\/p>\n","protected":false},"author":5,"featured_media":821,"comment_status":"closed","ping_status":"closed","sticky":false,"template":"","format":"standard","meta":{"_acf_changed":false,"wl_entities_gutenberg":"","_relevanssi_hide_post":"","_relevanssi_hide_content":"","_relevanssi_pin_for_all":"","_relevanssi_pin_keywords":"","_relevanssi_unpin_keywords":"","_relevanssi_related_keywords":"","_relevanssi_related_include_ids":"","_relevanssi_related_exclude_ids":"","_relevanssi_related_no_append":"","_relevanssi_related_not_related":"","_relevanssi_related_posts":"","_relevanssi_noindex_reason":"","footnotes":""},"categories":[1],"tags":[],"wl_entity_type":[55],"class_list":["post-324","post","type-post","status-publish","format-standard","has-post-thumbnail","hentry","category-uncategorized","wl_entity_type-article"],"acf":[],"yoast_head":"<!-- This site is optimized with the Yoast SEO Premium plugin v27.4 (Yoast SEO v27.4) - https:\/\/yoast.com\/product\/yoast-seo-premium-wordpress\/ -->\n<title>Escursionismo e trekking sui sentieri del Salisburghese<\/title>\n<meta name=\"description\" content=\"Escursionismo e trekking nel Salisburghese: camminare di rifugio in rifugio per fantastici itinerari, tra sentieri, malghe, laghi, gole e cascate\" \/>\n<meta name=\"robots\" content=\"index, follow, max-snippet:-1, max-image-preview:large, max-video-preview:-1\" \/>\n<link rel=\"canonical\" href=\"https:\/\/www.salzburgerland.com\/it\/vacanze-in-montagna\/\" \/>\n<meta property=\"og:locale\" content=\"it_IT\" \/>\n<meta property=\"og:type\" content=\"article\" \/>\n<meta property=\"og:title\" content=\"Vacanze in montagna - Camminare nel Salisburghese\" \/>\n<meta property=\"og:description\" content=\"&nbsp; Dai ghiacciai e dai tremila del Parco Nazionale Alti Tauri ai dolci e incantevoli laghi del Salzkammergut, dal Sentiero delle Malghe alla Via delle\" \/>\n<meta property=\"og:url\" content=\"https:\/\/www.salzburgerland.com\/it\/vacanze-in-montagna\/\" \/>\n<meta property=\"og:site_name\" content=\"SalzburgerLand.com\" \/>\n<meta property=\"article:publisher\" content=\"https:\/\/www.facebook.com\/salisburghese\/\" \/>\n<meta property=\"article:published_time\" content=\"2016-11-18T16:17:40+00:00\" \/>\n<meta property=\"article:modified_time\" content=\"2018-10-19T15:19:17+00:00\" \/>\n<meta property=\"og:image\" content=\"https:\/\/www.salzburgerland.com\/it\/wp-content\/uploads\/2016\/12\/mittersill-sommer-wandern-hintersee-im-felbertal-michael-huber-e1480786509257-1200x675.jpg\" \/>\n\t<meta property=\"og:image:width\" content=\"1200\" \/>\n\t<meta property=\"og:image:height\" content=\"675\" \/>\n\t<meta property=\"og:image:type\" content=\"image\/jpeg\" \/>\n<meta name=\"author\" content=\"Giorgio Roggero\" \/>\n<meta name=\"twitter:card\" content=\"summary_large_image\" \/>\n<meta name=\"twitter:label1\" content=\"Scritto da\" \/>\n\t<meta name=\"twitter:data1\" content=\"Giorgio Roggero\" \/>\n\t<meta name=\"twitter:label2\" content=\"Tempo di lettura stimato\" \/>\n\t<meta name=\"twitter:data2\" content=\"4 minuti\" \/>\n<script type=\"application\/ld+json\" class=\"yoast-schema-graph\">{\"@context\":\"https:\\\/\\\/schema.org\",\"@graph\":[{\"@type\":\"Article\",\"@id\":\"https:\\\/\\\/www.salzburgerland.com\\\/it\\\/vacanze-in-montagna\\\/#article\",\"isPartOf\":{\"@id\":\"https:\\\/\\\/www.salzburgerland.com\\\/it\\\/vacanze-in-montagna\\\/\"},\"author\":{\"name\":\"Giorgio Roggero\",\"@id\":\"https:\\\/\\\/www.salzburgerland.com\\\/it\\\/#\\\/schema\\\/person\\\/db30987dcea3994c7e8cf8ee2e895c25\"},\"headline\":\"Vacanze in montagna &#8211; Camminare nel Salisburghese\",\"datePublished\":\"2016-11-18T16:17:40+00:00\",\"dateModified\":\"2018-10-19T15:19:17+00:00\",\"mainEntityOfPage\":{\"@id\":\"https:\\\/\\\/www.salzburgerland.com\\\/it\\\/vacanze-in-montagna\\\/\"},\"wordCount\":780,\"image\":{\"@id\":\"https:\\\/\\\/www.salzburgerland.com\\\/it\\\/vacanze-in-montagna\\\/#primaryimage\"},\"thumbnailUrl\":\"https:\\\/\\\/www.salzburgerland.com\\\/it\\\/wp-content\\\/uploads\\\/2016\\\/12\\\/mittersill-sommer-wandern-hintersee-im-felbertal-michael-huber-e1480786509257.jpg\",\"articleSection\":[\"Uncategorized\"],\"inLanguage\":\"it-IT\"},{\"@type\":\"WebPage\",\"@id\":\"https:\\\/\\\/www.salzburgerland.com\\\/it\\\/vacanze-in-montagna\\\/\",\"url\":\"https:\\\/\\\/www.salzburgerland.com\\\/it\\\/vacanze-in-montagna\\\/\",\"name\":\"Escursionismo e trekking sui sentieri del Salisburghese\",\"isPartOf\":{\"@id\":\"https:\\\/\\\/www.salzburgerland.com\\\/it\\\/#website\"},\"primaryImageOfPage\":{\"@id\":\"https:\\\/\\\/www.salzburgerland.com\\\/it\\\/vacanze-in-montagna\\\/#primaryimage\"},\"image\":{\"@id\":\"https:\\\/\\\/www.salzburgerland.com\\\/it\\\/vacanze-in-montagna\\\/#primaryimage\"},\"thumbnailUrl\":\"https:\\\/\\\/www.salzburgerland.com\\\/it\\\/wp-content\\\/uploads\\\/2016\\\/12\\\/mittersill-sommer-wandern-hintersee-im-felbertal-michael-huber-e1480786509257.jpg\",\"datePublished\":\"2016-11-18T16:17:40+00:00\",\"dateModified\":\"2018-10-19T15:19:17+00:00\",\"author\":{\"@id\":\"https:\\\/\\\/www.salzburgerland.com\\\/it\\\/#\\\/schema\\\/person\\\/db30987dcea3994c7e8cf8ee2e895c25\"},\"description\":\"Escursionismo e trekking nel Salisburghese: camminare di rifugio in rifugio per fantastici itinerari, tra sentieri, malghe, laghi, gole e cascate\",\"breadcrumb\":{\"@id\":\"https:\\\/\\\/www.salzburgerland.com\\\/it\\\/vacanze-in-montagna\\\/#breadcrumb\"},\"inLanguage\":\"it-IT\",\"potentialAction\":[{\"@type\":\"ReadAction\",\"target\":[\"https:\\\/\\\/www.salzburgerland.com\\\/it\\\/vacanze-in-montagna\\\/\"]}]},{\"@type\":\"ImageObject\",\"inLanguage\":\"it-IT\",\"@id\":\"https:\\\/\\\/www.salzburgerland.com\\\/it\\\/vacanze-in-montagna\\\/#primaryimage\",\"url\":\"https:\\\/\\\/www.salzburgerland.com\\\/it\\\/wp-content\\\/uploads\\\/2016\\\/12\\\/mittersill-sommer-wandern-hintersee-im-felbertal-michael-huber-e1480786509257.jpg\",\"contentUrl\":\"https:\\\/\\\/www.salzburgerland.com\\\/it\\\/wp-content\\\/uploads\\\/2016\\\/12\\\/mittersill-sommer-wandern-hintersee-im-felbertal-michael-huber-e1480786509257.jpg\",\"width\":2000,\"height\":1185,\"caption\":\"Una coppia siede su un tronco sopra un ruscello limpido con montagne verdi e macchie di neve sullo sfondo.\"},{\"@type\":\"BreadcrumbList\",\"@id\":\"https:\\\/\\\/www.salzburgerland.com\\\/it\\\/vacanze-in-montagna\\\/#breadcrumb\",\"itemListElement\":[{\"@type\":\"ListItem\",\"position\":1,\"name\":\"A piedi tra i monti del Salisburghese\",\"item\":\"https:\\\/\\\/www.salzburgerland.com\\\/it\\\/escursionismo\\\/\"},{\"@type\":\"ListItem\",\"position\":2,\"name\":\"Vacanze in montagna &#8211; Camminare nel Salisburghese\"}]},{\"@type\":\"WebSite\",\"@id\":\"https:\\\/\\\/www.salzburgerland.com\\\/it\\\/#website\",\"url\":\"https:\\\/\\\/www.salzburgerland.com\\\/it\\\/\",\"name\":\"SalzburgerLand.com\",\"description\":\"Le tue vacanze nel Salisburghese, Austria\",\"potentialAction\":[{\"@type\":\"SearchAction\",\"target\":{\"@type\":\"EntryPoint\",\"urlTemplate\":\"https:\\\/\\\/www.salzburgerland.com\\\/it\\\/?s={search_term_string}\"},\"query-input\":{\"@type\":\"PropertyValueSpecification\",\"valueRequired\":true,\"valueName\":\"search_term_string\"}}],\"inLanguage\":\"it-IT\"},{\"@type\":\"Person\",\"@id\":\"https:\\\/\\\/www.salzburgerland.com\\\/it\\\/#\\\/schema\\\/person\\\/db30987dcea3994c7e8cf8ee2e895c25\",\"name\":\"Giorgio Roggero\",\"image\":{\"@type\":\"ImageObject\",\"inLanguage\":\"it-IT\",\"@id\":\"https:\\\/\\\/secure.gravatar.com\\\/avatar\\\/446066ebbc7019479c5db7716e2cf139e956d847afc7caf07a20586370d33e89?s=96&d=mm&r=g\",\"url\":\"https:\\\/\\\/secure.gravatar.com\\\/avatar\\\/446066ebbc7019479c5db7716e2cf139e956d847afc7caf07a20586370d33e89?s=96&d=mm&r=g\",\"contentUrl\":\"https:\\\/\\\/secure.gravatar.com\\\/avatar\\\/446066ebbc7019479c5db7716e2cf139e956d847afc7caf07a20586370d33e89?s=96&d=mm&r=g\",\"caption\":\"Giorgio Roggero\"}}]}<\/script>\n<meta property=\"og:video\" content=\"https:\/\/www.youtube.com\/embed\/dt8-fc9fPWM\" \/>\n<meta property=\"og:video:type\" content=\"text\/html\" \/>\n<meta property=\"og:video:duration\" content=\"72\" \/>\n<meta property=\"og:video:width\" content=\"480\" \/>\n<meta property=\"og:video:height\" content=\"270\" \/>\n<meta property=\"ya:ovs:adult\" content=\"false\" \/>\n<meta property=\"ya:ovs:upload_date\" content=\"2016-11-18T16:17:40+00:00\" \/>\n<meta property=\"ya:ovs:allow_embed\" content=\"true\" \/>\n<!-- \/ Yoast SEO Premium plugin. -->","yoast_head_json":{"title":"Escursionismo e trekking sui sentieri del Salisburghese","description":"Escursionismo e trekking nel Salisburghese: camminare di rifugio in rifugio per fantastici itinerari, tra sentieri, malghe, laghi, gole e cascate","robots":{"index":"index","follow":"follow","max-snippet":"max-snippet:-1","max-image-preview":"max-image-preview:large","max-video-preview":"max-video-preview:-1"},"canonical":"https:\/\/www.salzburgerland.com\/it\/vacanze-in-montagna\/","og_locale":"it_IT","og_type":"article","og_title":"Vacanze in montagna - Camminare nel Salisburghese","og_description":"&nbsp; Dai ghiacciai e dai tremila del Parco Nazionale Alti Tauri ai dolci e incantevoli laghi del Salzkammergut, dal Sentiero delle Malghe alla Via delle","og_url":"https:\/\/www.salzburgerland.com\/it\/vacanze-in-montagna\/","og_site_name":"SalzburgerLand.com","article_publisher":"https:\/\/www.facebook.com\/salisburghese\/","article_published_time":"2016-11-18T16:17:40+00:00","article_modified_time":"2018-10-19T15:19:17+00:00","og_image":[{"width":1200,"height":675,"url":"https:\/\/www.salzburgerland.com\/it\/wp-content\/uploads\/2016\/12\/mittersill-sommer-wandern-hintersee-im-felbertal-michael-huber-e1480786509257-1200x675.jpg","type":"image\/jpeg"}],"author":"Giorgio Roggero","twitter_card":"summary_large_image","twitter_misc":{"Scritto da":"Giorgio Roggero","Tempo di lettura stimato":"4 minuti"},"schema":{"@context":"https:\/\/schema.org","@graph":[{"@type":"Article","@id":"https:\/\/www.salzburgerland.com\/it\/vacanze-in-montagna\/#article","isPartOf":{"@id":"https:\/\/www.salzburgerland.com\/it\/vacanze-in-montagna\/"},"author":{"name":"Giorgio Roggero","@id":"https:\/\/www.salzburgerland.com\/it\/#\/schema\/person\/db30987dcea3994c7e8cf8ee2e895c25"},"headline":"Vacanze in montagna &#8211; Camminare nel Salisburghese","datePublished":"2016-11-18T16:17:40+00:00","dateModified":"2018-10-19T15:19:17+00:00","mainEntityOfPage":{"@id":"https:\/\/www.salzburgerland.com\/it\/vacanze-in-montagna\/"},"wordCount":780,"image":{"@id":"https:\/\/www.salzburgerland.com\/it\/vacanze-in-montagna\/#primaryimage"},"thumbnailUrl":"https:\/\/www.salzburgerland.com\/it\/wp-content\/uploads\/2016\/12\/mittersill-sommer-wandern-hintersee-im-felbertal-michael-huber-e1480786509257.jpg","articleSection":["Uncategorized"],"inLanguage":"it-IT"},{"@type":"WebPage","@id":"https:\/\/www.salzburgerland.com\/it\/vacanze-in-montagna\/","url":"https:\/\/www.salzburgerland.com\/it\/vacanze-in-montagna\/","name":"Escursionismo e trekking sui sentieri del Salisburghese","isPartOf":{"@id":"https:\/\/www.salzburgerland.com\/it\/#website"},"primaryImageOfPage":{"@id":"https:\/\/www.salzburgerland.com\/it\/vacanze-in-montagna\/#primaryimage"},"image":{"@id":"https:\/\/www.salzburgerland.com\/it\/vacanze-in-montagna\/#primaryimage"},"thumbnailUrl":"https:\/\/www.salzburgerland.com\/it\/wp-content\/uploads\/2016\/12\/mittersill-sommer-wandern-hintersee-im-felbertal-michael-huber-e1480786509257.jpg","datePublished":"2016-11-18T16:17:40+00:00","dateModified":"2018-10-19T15:19:17+00:00","author":{"@id":"https:\/\/www.salzburgerland.com\/it\/#\/schema\/person\/db30987dcea3994c7e8cf8ee2e895c25"},"description":"Escursionismo e trekking nel Salisburghese: camminare di rifugio in rifugio per fantastici itinerari, tra sentieri, malghe, laghi, gole e cascate","breadcrumb":{"@id":"https:\/\/www.salzburgerland.com\/it\/vacanze-in-montagna\/#breadcrumb"},"inLanguage":"it-IT","potentialAction":[{"@type":"ReadAction","target":["https:\/\/www.salzburgerland.com\/it\/vacanze-in-montagna\/"]}]},{"@type":"ImageObject","inLanguage":"it-IT","@id":"https:\/\/www.salzburgerland.com\/it\/vacanze-in-montagna\/#primaryimage","url":"https:\/\/www.salzburgerland.com\/it\/wp-content\/uploads\/2016\/12\/mittersill-sommer-wandern-hintersee-im-felbertal-michael-huber-e1480786509257.jpg","contentUrl":"https:\/\/www.salzburgerland.com\/it\/wp-content\/uploads\/2016\/12\/mittersill-sommer-wandern-hintersee-im-felbertal-michael-huber-e1480786509257.jpg","width":2000,"height":1185,"caption":"Una coppia siede su un tronco sopra un ruscello limpido con montagne verdi e macchie di neve sullo sfondo."},{"@type":"BreadcrumbList","@id":"https:\/\/www.salzburgerland.com\/it\/vacanze-in-montagna\/#breadcrumb","itemListElement":[{"@type":"ListItem","position":1,"name":"A piedi tra i monti del Salisburghese","item":"https:\/\/www.salzburgerland.com\/it\/escursionismo\/"},{"@type":"ListItem","position":2,"name":"Vacanze in montagna &#8211; Camminare nel Salisburghese"}]},{"@type":"WebSite","@id":"https:\/\/www.salzburgerland.com\/it\/#website","url":"https:\/\/www.salzburgerland.com\/it\/","name":"SalzburgerLand.com","description":"Le tue vacanze nel Salisburghese, Austria","potentialAction":[{"@type":"SearchAction","target":{"@type":"EntryPoint","urlTemplate":"https:\/\/www.salzburgerland.com\/it\/?s={search_term_string}"},"query-input":{"@type":"PropertyValueSpecification","valueRequired":true,"valueName":"search_term_string"}}],"inLanguage":"it-IT"},{"@type":"Person","@id":"https:\/\/www.salzburgerland.com\/it\/#\/schema\/person\/db30987dcea3994c7e8cf8ee2e895c25","name":"Giorgio Roggero","image":{"@type":"ImageObject","inLanguage":"it-IT","@id":"https:\/\/secure.gravatar.com\/avatar\/446066ebbc7019479c5db7716e2cf139e956d847afc7caf07a20586370d33e89?s=96&d=mm&r=g","url":"https:\/\/secure.gravatar.com\/avatar\/446066ebbc7019479c5db7716e2cf139e956d847afc7caf07a20586370d33e89?s=96&d=mm&r=g","contentUrl":"https:\/\/secure.gravatar.com\/avatar\/446066ebbc7019479c5db7716e2cf139e956d847afc7caf07a20586370d33e89?s=96&d=mm&r=g","caption":"Giorgio Roggero"}}]},"og_video":"https:\/\/www.youtube.com\/embed\/dt8-fc9fPWM","og_video_type":"text\/html","og_video_duration":"72","og_video_width":"480","og_video_height":"270","ya_ovs_adult":"false","ya_ovs_upload_date":"2016-11-18T16:17:40+00:00","ya_ovs_allow_embed":"true"},"_wl_alt_label":[],"wl:entity_url":"http:\/\/open.salzburgerland.com\/it\/post\/vacanze_in_montagna_-_camminare_nel_salisburghese","_links":{"self":[{"href":"https:\/\/www.salzburgerland.com\/it\/wp-json\/wp\/v2\/posts\/324","targetHints":{"allow":["GET"]}}],"collection":[{"href":"https:\/\/www.salzburgerland.com\/it\/wp-json\/wp\/v2\/posts"}],"about":[{"href":"https:\/\/www.salzburgerland.com\/it\/wp-json\/wp\/v2\/types\/post"}],"author":[{"embeddable":true,"href":"https:\/\/www.salzburgerland.com\/it\/wp-json\/wp\/v2\/users\/5"}],"replies":[{"embeddable":true,"href":"https:\/\/www.salzburgerland.com\/it\/wp-json\/wp\/v2\/comments?post=324"}],"version-history":[{"count":0,"href":"https:\/\/www.salzburgerland.com\/it\/wp-json\/wp\/v2\/posts\/324\/revisions"}],"wp:featuredmedia":[{"embeddable":true,"href":"https:\/\/www.salzburgerland.com\/it\/wp-json\/wp\/v2\/media\/821"}],"wp:attachment":[{"href":"https:\/\/www.salzburgerland.com\/it\/wp-json\/wp\/v2\/media?parent=324"}],"wp:term":[{"taxonomy":"category","embeddable":true,"href":"https:\/\/www.salzburgerland.com\/it\/wp-json\/wp\/v2\/categories?post=324"},{"taxonomy":"post_tag","embeddable":true,"href":"https:\/\/www.salzburgerland.com\/it\/wp-json\/wp\/v2\/tags?post=324"},{"taxonomy":"wl_entity_type","embeddable":true,"href":"https:\/\/www.salzburgerland.com\/it\/wp-json\/wp\/v2\/wl_entity_type?post=324"}],"curies":[{"name":"wp","href":"https:\/\/api.w.org\/{rel}","templated":true}]}}