{"id":2949,"date":"2017-12-21T13:32:05","date_gmt":"2017-12-21T12:32:05","guid":{"rendered":"https:\/\/www.salzburgerland.com\/it\/?p=2949"},"modified":"2023-02-28T17:16:56","modified_gmt":"2023-02-28T16:16:56","slug":"era-la-vigilia-di-natale-1818","status":"publish","type":"post","link":"https:\/\/www.salzburgerland.com\/it\/era-la-vigilia-di-natale-1818\/","title":{"rendered":"Era la vigilia di Natale 1818&#8230;"},"content":{"rendered":"<p><strong>Oberndorf, 24 dicembre 1818<\/strong><\/p>\n<p>Dalla strada di Arnsdorf, coperta di neve, un uomo arriva ansimando sul sagrato della chiesa di S. Nikola, si scuote la neve di dosso, entra, si fa il segno della croce e si affretta verso la sagrestia.<\/p>\n<p>\u201cMaestro Gruber!\u201d \u2013 un giovane curato gli si fa incontro \u2013 \u201cHa fatto in tempo? Mi ha portato la musica?\u201d<\/p>\n<p>\u201cCerto padre Mohr, per\u00f2 la prossima volta che le vengono di queste idee, mi dia almeno qualche giorno in pi\u00f9.\u201d Lo rimprovera sorridendo il maestro. Poi dalla tasca interna del cappotto tira fuori un foglio piegato in quattro e lo consegna al curato.<\/p>\n<div id=\"attachment_2830\" style=\"width: 1180px\" class=\"wp-caption alignnone\"><img decoding=\"async\" aria-describedby=\"caption-attachment-2830\" class=\"size-1170_658 wp-image-2830\" src=\"https:\/\/cdn.salzburgerland.com\/it\/wp-content\/uploads\/2017\/10\/rs1094_autograph01-1170x658.jpg\" alt=\"Canzone 'Astro del ciel.\" width=\"1170\" height=\"658\" srcset=\"https:\/\/www.salzburgerland.com\/it\/wp-content\/uploads\/2017\/10\/rs1094_autograph01-1170x658.jpg 1170w, https:\/\/www.salzburgerland.com\/it\/wp-content\/uploads\/2017\/10\/rs1094_autograph01-1200x675.jpg 1200w\" sizes=\"(max-width: 1170px) 100vw, 1170px\"><p id=\"caption-attachment-2830\" class=\"wp-caption-text\">Versione del canto \u201cStille Nacht\u201d scritta a mano da Franz Xaver Gruber.<\/p><\/div>\n<p>Padre Mohr lo legge attentamente, canticchiando le note fra s\u00e9.<\/p>\n<p>\u201cPadre, \u2013 lo anticipa Gruber \u2013 lo so, \u00e8 una ninna nanna, non un canto di chiesa. Ma \u00e8 il Suo testo che la suggerisce gi\u00e0 con la prima strofa. Ascolti:<\/p>\n<p><em>Notte silenziosa! Notte santa!<\/em><\/p>\n<p><em>Tutto dorme; solitaria veglia solo l\u2019intima, santissima coppia.<\/em><\/p>\n<p><em>Grazioso bimbo dai capelli ricci, dormi in pace celeste! Dormi in pace celeste!<\/em><\/p>\n<p>Si sar\u00e0 pur addormentato anche Ges\u00f9 Bambino, fra le braccia di Maria. Quasi lo vedo dormire come tutti i bambini, anche se \u00e8 il Figlio di Dio.\u201d<\/p>\n<p>Padre Mohr solleva lo sguardo dal foglio e fissa l\u2019amico Gruber, sorridendo soddisfatto. \u201c\u00c8 bellissima maestro, ma come Le \u00e8 venuta?\u201d<\/p>\n<p>\u201cHo avuto due bambini, padre. \u2013 risponde Gruber abbassando le palpebre sugli occhi lucidi \u2013 Mia moglie Maria ed io ne abbiamo cantate di ninne nanne\u2026 per farli addormentare, sa. E l\u2019abbiamo fatto anche quando abbiamo chiuso i loro occhi per l\u2019ultima volta.<br>\nQuesta musica mi \u00e8 sgorgata cos\u00ec, dall\u2019anima, pensando a Ges\u00f9 Bambino, pensando ai miei due piccoli, e confidando che ora siano insieme e forse possano ascoltarci anche da lass\u00f9, nella pace celeste.\u201d<\/p>\n<p>Con un gesto un po\u2019 goffo nella sua tonaca nera, padre Mohr abbraccia il maestro: \u201cCerto che \u00e8 cos\u00ec, sicuramente anche loro dormono con Ges\u00f9 nella pace celeste, nell\u2019amore infinito di Dio.\u201d<\/p>\n<p>Poi si gira verso la porta della sagrestia: \u201cVenga maestro, proviamola subito. L\u2019organo fa un po\u2019 le bizze ma la mia chitarra \u00e8 perfetta! La canteremo dopo la Messa di Natale, davanti al presepe. E la canteremo per l\u2019arrivo di Ges\u00f9 Bambino, per i suoi figlioli, per la povera gente di Oberndorf, per noi e per il mondo intero, che con l\u2019aiuto del Signore, abbia finalmente pace.\u201d<\/p>\n<p>Giorgio Roggero<\/p>\n<p>\u00a0<\/p>\n<p><strong>Questo dialogo immaginario racconta come nacque il canto di Natale pi\u00f9 famoso del mondo, da una melodia composta in tutta fretta dal maestro e musicista Franz Xaver Gruber, per una poesia scritta nel 1816 dal curato Josef Mohr.<\/strong><\/p>\n<p><strong>Due persone umili e buone che pi\u00f9 di 200 anni fa quasi per caso accesero insieme una scintilla d\u2019armonia. Dal Salisburghese questa scintilla si diffuse in tutto il mondo, tradotta in 300 lingue diverse, e tuttora brilla vivida nel periodo natalizio.<\/strong><\/p>\n<p><strong>Tutti i dettagli e informazioni approfondite sul canto e sui suoi autori sono disponibili sul <a href=\"https:\/\/www.salzburgerland.com\/it\/le-origini\/\">sito<\/a>\u00a0<\/strong><\/p>\n","protected":false},"excerpt":{"rendered":"<p>Oberndorf, 24 dicembre 1818 Dalla strada di Arnsdorf, coperta di neve, un uomo arriva ansimando sul sagrato della chiesa di S. Nikola, si scuote la neve di dosso, entra, si fa il segno della croce e si affretta verso la sagrestia. \u201cMaestro Gruber!\u201d \u2013 un giovane curato gli si fa incontro \u2013 \u201cHa fatto in [&hellip;]<\/p>\n","protected":false},"author":5,"featured_media":2805,"comment_status":"closed","ping_status":"closed","sticky":false,"template":"","format":"standard","meta":{"_acf_changed":false,"wl_entities_gutenberg":"","_relevanssi_hide_post":"","_relevanssi_hide_content":"","_relevanssi_pin_for_all":"","_relevanssi_pin_keywords":"","_relevanssi_unpin_keywords":"","_relevanssi_related_keywords":"","_relevanssi_related_include_ids":"","_relevanssi_related_exclude_ids":"","_relevanssi_related_no_append":"","_relevanssi_related_not_related":"","_relevanssi_related_posts":"","_relevanssi_noindex_reason":"","footnotes":""},"categories":[1],"tags":[58,59,60,69],"wl_entity_type":[55],"class_list":["post-2949","post","type-post","status-publish","format-standard","has-post-thumbnail","hentry","category-uncategorized","tag-astro-del-ciel","tag-gruber","tag-mohr","tag-vigilia-di-natale","wl_entity_type-article"],"acf":[],"yoast_head":"<!-- This site is optimized with the Yoast SEO Premium plugin v27.4 (Yoast SEO v27.4) - https:\/\/yoast.com\/product\/yoast-seo-premium-wordpress\/ -->\n<title>Era la vigilia di Natale 1818... \u00bb SalzburgerLand.com Astro del ciel<\/title>\n<meta name=\"description\" content=\"%%cf_teasertext%% la composizione di astro del ciel. la storia di un canto natalizio famoso in tutto il mondo.\" \/>\n<meta name=\"robots\" content=\"index, follow, max-snippet:-1, max-image-preview:large, max-video-preview:-1\" \/>\n<link rel=\"canonical\" href=\"https:\/\/www.salzburgerland.com\/it\/era-la-vigilia-di-natale-1818\/\" \/>\n<meta property=\"og:locale\" content=\"it_IT\" \/>\n<meta property=\"og:type\" content=\"article\" \/>\n<meta property=\"og:title\" content=\"Era la vigilia di Natale 1818...\" \/>\n<meta property=\"og:description\" content=\"Oberndorf, 24 dicembre 1818 Dalla strada di Arnsdorf, coperta di neve, un uomo arriva ansimando sul sagrato della chiesa di S. Nikola, si scuote la neve\" \/>\n<meta property=\"og:url\" content=\"https:\/\/www.salzburgerland.com\/it\/era-la-vigilia-di-natale-1818\/\" \/>\n<meta property=\"og:site_name\" content=\"SalzburgerLand.com\" \/>\n<meta property=\"article:publisher\" content=\"https:\/\/www.facebook.com\/salisburghese\/\" \/>\n<meta property=\"article:published_time\" content=\"2017-12-21T12:32:05+00:00\" \/>\n<meta property=\"article:modified_time\" content=\"2023-02-28T16:16:56+00:00\" \/>\n<meta property=\"og:image\" content=\"https:\/\/www.salzburgerland.com\/it\/wp-content\/uploads\/2016\/12\/stille-nacht-kapelle-e1508147042164-1200x675.jpg\" \/>\n\t<meta property=\"og:image:width\" content=\"1200\" \/>\n\t<meta property=\"og:image:height\" content=\"675\" \/>\n\t<meta property=\"og:image:type\" content=\"image\/jpeg\" \/>\n<meta name=\"author\" content=\"Giorgio Roggero\" \/>\n<meta name=\"twitter:card\" content=\"summary_large_image\" \/>\n<meta name=\"twitter:label1\" content=\"Scritto da\" \/>\n\t<meta name=\"twitter:data1\" content=\"Giorgio Roggero\" \/>\n\t<meta name=\"twitter:label2\" content=\"Tempo di lettura stimato\" \/>\n\t<meta name=\"twitter:data2\" content=\"3 minuti\" \/>\n<script type=\"application\/ld+json\" class=\"yoast-schema-graph\">{\"@context\":\"https:\\\/\\\/schema.org\",\"@graph\":[{\"@type\":\"Article\",\"@id\":\"https:\\\/\\\/www.salzburgerland.com\\\/it\\\/era-la-vigilia-di-natale-1818\\\/#article\",\"isPartOf\":{\"@id\":\"https:\\\/\\\/www.salzburgerland.com\\\/it\\\/era-la-vigilia-di-natale-1818\\\/\"},\"author\":{\"name\":\"Giorgio Roggero\",\"@id\":\"https:\\\/\\\/www.salzburgerland.com\\\/it\\\/#\\\/schema\\\/person\\\/db30987dcea3994c7e8cf8ee2e895c25\"},\"headline\":\"Era la vigilia di Natale 1818&#8230;\",\"datePublished\":\"2017-12-21T12:32:05+00:00\",\"dateModified\":\"2023-02-28T16:16:56+00:00\",\"mainEntityOfPage\":{\"@id\":\"https:\\\/\\\/www.salzburgerland.com\\\/it\\\/era-la-vigilia-di-natale-1818\\\/\"},\"wordCount\":507,\"image\":{\"@id\":\"https:\\\/\\\/www.salzburgerland.com\\\/it\\\/era-la-vigilia-di-natale-1818\\\/#primaryimage\"},\"thumbnailUrl\":\"https:\\\/\\\/www.salzburgerland.com\\\/it\\\/wp-content\\\/uploads\\\/2016\\\/12\\\/stille-nacht-kapelle-e1508147042164.jpg\",\"keywords\":[\"astro del ciel\",\"Gruber\",\"Mohr\",\"vigilia di Natale\"],\"articleSection\":[\"Uncategorized\"],\"inLanguage\":\"it-IT\"},{\"@type\":\"WebPage\",\"@id\":\"https:\\\/\\\/www.salzburgerland.com\\\/it\\\/era-la-vigilia-di-natale-1818\\\/\",\"url\":\"https:\\\/\\\/www.salzburgerland.com\\\/it\\\/era-la-vigilia-di-natale-1818\\\/\",\"name\":\"Era la vigilia di Natale 1818... \u00bb SalzburgerLand.com Astro del ciel\",\"isPartOf\":{\"@id\":\"https:\\\/\\\/www.salzburgerland.com\\\/it\\\/#website\"},\"primaryImageOfPage\":{\"@id\":\"https:\\\/\\\/www.salzburgerland.com\\\/it\\\/era-la-vigilia-di-natale-1818\\\/#primaryimage\"},\"image\":{\"@id\":\"https:\\\/\\\/www.salzburgerland.com\\\/it\\\/era-la-vigilia-di-natale-1818\\\/#primaryimage\"},\"thumbnailUrl\":\"https:\\\/\\\/www.salzburgerland.com\\\/it\\\/wp-content\\\/uploads\\\/2016\\\/12\\\/stille-nacht-kapelle-e1508147042164.jpg\",\"datePublished\":\"2017-12-21T12:32:05+00:00\",\"dateModified\":\"2023-02-28T16:16:56+00:00\",\"author\":{\"@id\":\"https:\\\/\\\/www.salzburgerland.com\\\/it\\\/#\\\/schema\\\/person\\\/db30987dcea3994c7e8cf8ee2e895c25\"},\"description\":\"Una poesia natalizia, una ninna nanna composta in fretta in un solo pomeriggio, la commovente storia di un canto nato quasi per caso. la composizione di astro del ciel. la storia di un canto natalizio famoso in tutto il mondo.\",\"breadcrumb\":{\"@id\":\"https:\\\/\\\/www.salzburgerland.com\\\/it\\\/era-la-vigilia-di-natale-1818\\\/#breadcrumb\"},\"inLanguage\":\"it-IT\",\"potentialAction\":[{\"@type\":\"ReadAction\",\"target\":[\"https:\\\/\\\/www.salzburgerland.com\\\/it\\\/era-la-vigilia-di-natale-1818\\\/\"]}]},{\"@type\":\"ImageObject\",\"inLanguage\":\"it-IT\",\"@id\":\"https:\\\/\\\/www.salzburgerland.com\\\/it\\\/era-la-vigilia-di-natale-1818\\\/#primaryimage\",\"url\":\"https:\\\/\\\/www.salzburgerland.com\\\/it\\\/wp-content\\\/uploads\\\/2016\\\/12\\\/stille-nacht-kapelle-e1508147042164.jpg\",\"contentUrl\":\"https:\\\/\\\/www.salzburgerland.com\\\/it\\\/wp-content\\\/uploads\\\/2016\\\/12\\\/stille-nacht-kapelle-e1508147042164.jpg\",\"width\":2000,\"height\":960,\"caption\":\"\u00a9 SalzburgerLand Tourismus, Eva-Maria Repolusk. La cappella di Oberndorf, dedicata al canto Stille Nacht - Astro del Ciel\"},{\"@type\":\"BreadcrumbList\",\"@id\":\"https:\\\/\\\/www.salzburgerland.com\\\/it\\\/era-la-vigilia-di-natale-1818\\\/#breadcrumb\",\"itemListElement\":[{\"@type\":\"ListItem\",\"position\":1,\"name\":\"Astro del Ciel\",\"item\":\"https:\\\/\\\/www.salzburgerland.com\\\/it\\\/astro-del-ciel\\\/\"},{\"@type\":\"ListItem\",\"position\":2,\"name\":\"Era la vigilia di Natale 1818&#8230;\"}]},{\"@type\":\"WebSite\",\"@id\":\"https:\\\/\\\/www.salzburgerland.com\\\/it\\\/#website\",\"url\":\"https:\\\/\\\/www.salzburgerland.com\\\/it\\\/\",\"name\":\"SalzburgerLand.com\",\"description\":\"Le tue vacanze nel Salisburghese, Austria\",\"potentialAction\":[{\"@type\":\"SearchAction\",\"target\":{\"@type\":\"EntryPoint\",\"urlTemplate\":\"https:\\\/\\\/www.salzburgerland.com\\\/it\\\/?s={search_term_string}\"},\"query-input\":{\"@type\":\"PropertyValueSpecification\",\"valueRequired\":true,\"valueName\":\"search_term_string\"}}],\"inLanguage\":\"it-IT\"},{\"@type\":\"Person\",\"@id\":\"https:\\\/\\\/www.salzburgerland.com\\\/it\\\/#\\\/schema\\\/person\\\/db30987dcea3994c7e8cf8ee2e895c25\",\"name\":\"Giorgio Roggero\",\"image\":{\"@type\":\"ImageObject\",\"inLanguage\":\"it-IT\",\"@id\":\"https:\\\/\\\/secure.gravatar.com\\\/avatar\\\/446066ebbc7019479c5db7716e2cf139e956d847afc7caf07a20586370d33e89?s=96&d=mm&r=g\",\"url\":\"https:\\\/\\\/secure.gravatar.com\\\/avatar\\\/446066ebbc7019479c5db7716e2cf139e956d847afc7caf07a20586370d33e89?s=96&d=mm&r=g\",\"contentUrl\":\"https:\\\/\\\/secure.gravatar.com\\\/avatar\\\/446066ebbc7019479c5db7716e2cf139e956d847afc7caf07a20586370d33e89?s=96&d=mm&r=g\",\"caption\":\"Giorgio Roggero\"}}]}<\/script>\n<!-- \/ Yoast SEO Premium plugin. -->","yoast_head_json":{"title":"Era la vigilia di Natale 1818... \u00bb SalzburgerLand.com Astro del ciel","description":"%%cf_teasertext%% la composizione di astro del ciel. la storia di un canto natalizio famoso in tutto il mondo.","robots":{"index":"index","follow":"follow","max-snippet":"max-snippet:-1","max-image-preview":"max-image-preview:large","max-video-preview":"max-video-preview:-1"},"canonical":"https:\/\/www.salzburgerland.com\/it\/era-la-vigilia-di-natale-1818\/","og_locale":"it_IT","og_type":"article","og_title":"Era la vigilia di Natale 1818...","og_description":"Oberndorf, 24 dicembre 1818 Dalla strada di Arnsdorf, coperta di neve, un uomo arriva ansimando sul sagrato della chiesa di S. Nikola, si scuote la neve","og_url":"https:\/\/www.salzburgerland.com\/it\/era-la-vigilia-di-natale-1818\/","og_site_name":"SalzburgerLand.com","article_publisher":"https:\/\/www.facebook.com\/salisburghese\/","article_published_time":"2017-12-21T12:32:05+00:00","article_modified_time":"2023-02-28T16:16:56+00:00","og_image":[{"width":1200,"height":675,"url":"https:\/\/www.salzburgerland.com\/it\/wp-content\/uploads\/2016\/12\/stille-nacht-kapelle-e1508147042164-1200x675.jpg","type":"image\/jpeg"}],"author":"Giorgio Roggero","twitter_card":"summary_large_image","twitter_misc":{"Scritto da":"Giorgio Roggero","Tempo di lettura stimato":"3 minuti"},"schema":{"@context":"https:\/\/schema.org","@graph":[{"@type":"Article","@id":"https:\/\/www.salzburgerland.com\/it\/era-la-vigilia-di-natale-1818\/#article","isPartOf":{"@id":"https:\/\/www.salzburgerland.com\/it\/era-la-vigilia-di-natale-1818\/"},"author":{"name":"Giorgio Roggero","@id":"https:\/\/www.salzburgerland.com\/it\/#\/schema\/person\/db30987dcea3994c7e8cf8ee2e895c25"},"headline":"Era la vigilia di Natale 1818&#8230;","datePublished":"2017-12-21T12:32:05+00:00","dateModified":"2023-02-28T16:16:56+00:00","mainEntityOfPage":{"@id":"https:\/\/www.salzburgerland.com\/it\/era-la-vigilia-di-natale-1818\/"},"wordCount":507,"image":{"@id":"https:\/\/www.salzburgerland.com\/it\/era-la-vigilia-di-natale-1818\/#primaryimage"},"thumbnailUrl":"https:\/\/www.salzburgerland.com\/it\/wp-content\/uploads\/2016\/12\/stille-nacht-kapelle-e1508147042164.jpg","keywords":["astro del ciel","Gruber","Mohr","vigilia di Natale"],"articleSection":["Uncategorized"],"inLanguage":"it-IT"},{"@type":"WebPage","@id":"https:\/\/www.salzburgerland.com\/it\/era-la-vigilia-di-natale-1818\/","url":"https:\/\/www.salzburgerland.com\/it\/era-la-vigilia-di-natale-1818\/","name":"Era la vigilia di Natale 1818... \u00bb SalzburgerLand.com Astro del ciel","isPartOf":{"@id":"https:\/\/www.salzburgerland.com\/it\/#website"},"primaryImageOfPage":{"@id":"https:\/\/www.salzburgerland.com\/it\/era-la-vigilia-di-natale-1818\/#primaryimage"},"image":{"@id":"https:\/\/www.salzburgerland.com\/it\/era-la-vigilia-di-natale-1818\/#primaryimage"},"thumbnailUrl":"https:\/\/www.salzburgerland.com\/it\/wp-content\/uploads\/2016\/12\/stille-nacht-kapelle-e1508147042164.jpg","datePublished":"2017-12-21T12:32:05+00:00","dateModified":"2023-02-28T16:16:56+00:00","author":{"@id":"https:\/\/www.salzburgerland.com\/it\/#\/schema\/person\/db30987dcea3994c7e8cf8ee2e895c25"},"description":"Una poesia natalizia, una ninna nanna composta in fretta in un solo pomeriggio, la commovente storia di un canto nato quasi per caso. la composizione di astro del ciel. la storia di un canto natalizio famoso in tutto il mondo.","breadcrumb":{"@id":"https:\/\/www.salzburgerland.com\/it\/era-la-vigilia-di-natale-1818\/#breadcrumb"},"inLanguage":"it-IT","potentialAction":[{"@type":"ReadAction","target":["https:\/\/www.salzburgerland.com\/it\/era-la-vigilia-di-natale-1818\/"]}]},{"@type":"ImageObject","inLanguage":"it-IT","@id":"https:\/\/www.salzburgerland.com\/it\/era-la-vigilia-di-natale-1818\/#primaryimage","url":"https:\/\/www.salzburgerland.com\/it\/wp-content\/uploads\/2016\/12\/stille-nacht-kapelle-e1508147042164.jpg","contentUrl":"https:\/\/www.salzburgerland.com\/it\/wp-content\/uploads\/2016\/12\/stille-nacht-kapelle-e1508147042164.jpg","width":2000,"height":960,"caption":"\u00a9 SalzburgerLand Tourismus, Eva-Maria Repolusk. La cappella di Oberndorf, dedicata al canto Stille Nacht - Astro del Ciel"},{"@type":"BreadcrumbList","@id":"https:\/\/www.salzburgerland.com\/it\/era-la-vigilia-di-natale-1818\/#breadcrumb","itemListElement":[{"@type":"ListItem","position":1,"name":"Astro del Ciel","item":"https:\/\/www.salzburgerland.com\/it\/astro-del-ciel\/"},{"@type":"ListItem","position":2,"name":"Era la vigilia di Natale 1818&#8230;"}]},{"@type":"WebSite","@id":"https:\/\/www.salzburgerland.com\/it\/#website","url":"https:\/\/www.salzburgerland.com\/it\/","name":"SalzburgerLand.com","description":"Le tue vacanze nel Salisburghese, Austria","potentialAction":[{"@type":"SearchAction","target":{"@type":"EntryPoint","urlTemplate":"https:\/\/www.salzburgerland.com\/it\/?s={search_term_string}"},"query-input":{"@type":"PropertyValueSpecification","valueRequired":true,"valueName":"search_term_string"}}],"inLanguage":"it-IT"},{"@type":"Person","@id":"https:\/\/www.salzburgerland.com\/it\/#\/schema\/person\/db30987dcea3994c7e8cf8ee2e895c25","name":"Giorgio Roggero","image":{"@type":"ImageObject","inLanguage":"it-IT","@id":"https:\/\/secure.gravatar.com\/avatar\/446066ebbc7019479c5db7716e2cf139e956d847afc7caf07a20586370d33e89?s=96&d=mm&r=g","url":"https:\/\/secure.gravatar.com\/avatar\/446066ebbc7019479c5db7716e2cf139e956d847afc7caf07a20586370d33e89?s=96&d=mm&r=g","contentUrl":"https:\/\/secure.gravatar.com\/avatar\/446066ebbc7019479c5db7716e2cf139e956d847afc7caf07a20586370d33e89?s=96&d=mm&r=g","caption":"Giorgio Roggero"}}]}},"_wl_alt_label":[],"wl:entity_url":"http:\/\/open.salzburgerland.com\/it\/post\/era_la_vigilia_di_natale_1818","_links":{"self":[{"href":"https:\/\/www.salzburgerland.com\/it\/wp-json\/wp\/v2\/posts\/2949","targetHints":{"allow":["GET"]}}],"collection":[{"href":"https:\/\/www.salzburgerland.com\/it\/wp-json\/wp\/v2\/posts"}],"about":[{"href":"https:\/\/www.salzburgerland.com\/it\/wp-json\/wp\/v2\/types\/post"}],"author":[{"embeddable":true,"href":"https:\/\/www.salzburgerland.com\/it\/wp-json\/wp\/v2\/users\/5"}],"replies":[{"embeddable":true,"href":"https:\/\/www.salzburgerland.com\/it\/wp-json\/wp\/v2\/comments?post=2949"}],"version-history":[{"count":2,"href":"https:\/\/www.salzburgerland.com\/it\/wp-json\/wp\/v2\/posts\/2949\/revisions"}],"predecessor-version":[{"id":5488,"href":"https:\/\/www.salzburgerland.com\/it\/wp-json\/wp\/v2\/posts\/2949\/revisions\/5488"}],"wp:featuredmedia":[{"embeddable":true,"href":"https:\/\/www.salzburgerland.com\/it\/wp-json\/wp\/v2\/media\/2805"}],"wp:attachment":[{"href":"https:\/\/www.salzburgerland.com\/it\/wp-json\/wp\/v2\/media?parent=2949"}],"wp:term":[{"taxonomy":"category","embeddable":true,"href":"https:\/\/www.salzburgerland.com\/it\/wp-json\/wp\/v2\/categories?post=2949"},{"taxonomy":"post_tag","embeddable":true,"href":"https:\/\/www.salzburgerland.com\/it\/wp-json\/wp\/v2\/tags?post=2949"},{"taxonomy":"wl_entity_type","embeddable":true,"href":"https:\/\/www.salzburgerland.com\/it\/wp-json\/wp\/v2\/wl_entity_type?post=2949"}],"curies":[{"name":"wp","href":"https:\/\/api.w.org\/{rel}","templated":true}]}}