{"id":97,"date":"2016-11-16T18:27:26","date_gmt":"2016-11-16T18:27:26","guid":{"rendered":"https:\/\/www.onebigpark.at\/hu\/?p=97"},"modified":"2023-03-13T16:49:05","modified_gmt":"2023-03-13T15:49:05","slug":"muzeumok-kiallitasok","status":"publish","type":"post","link":"https:\/\/www.salzburgerland.com\/hu\/muzeumok-kiallitasok\/","title":{"rendered":"M\u00fazeumok \u00e9s ki\u00e1ll\u00edt\u00e1sok"},"content":{"rendered":"<h2>M\u00fazeumok a salzburgi r\u00e9gi\u00f3kban<\/h2>\n<p><a href=\"http:\/\/www.skimuseum.at\/\" target=\"_blank\" rel=\"noopener noreferrer\"><strong>S\u00edm\u00fazeum <\/strong><\/a>(Skimuseum), Werfenweng: Az osztr\u00e1k nemzeti sport k\u00e9ts\u00e9gk\u00edv\u00fcl meg\u00e9r egy m\u00fazeumot. Salzburg tartom\u00e1ny (SalzburgerLand) FIS s\u00edm\u00fazeum\u00e1ban <strong>kuri\u00f3zumokkal t\u0171zdelt ki\u00e1ll\u00edt\u00e1st<\/strong> l\u00e1thatunk a s\u00edsport \u00e9s a s\u00edfelszerel\u00e9sek fejl\u0151d\u00e9s\u00e9r\u0151l napjainkig, a k\u00fcl\u00f6nb\u00f6z\u0151 s\u00edel\u00e9si st\u00edlusokr\u00f3l, a osztr\u00e1k s\u00edsport legnagyobbjair\u00f3l \u2013 \u00e9s egy\u00e1ltal\u00e1n mindenr\u0151l, amit\u00a0a\u00a0 \u201evil\u00e1got jelent\u0151 deszk\u00e1kr\u00f3l\u201c csak tudni lehet. <strong>Az alpesi s\u00edel\u00e9s filmarch\u00edvuma<\/strong> \u00e9s sok m\u00e1s.<\/p>\n<p><a href=\"http:\/\/www.stillenacht.at\/en\/\" target=\"_blank\" rel=\"noopener noreferrer\"><strong>Csendes \u00e9j m\u00fazeumok<\/strong><\/a> (Stille-Nacht-Museen): A Franz Xaver Gruber \u00e9s Joseph Mohr szerezte Csendes \u00e9j a vil\u00e1g tal\u00e1n legszebb kar\u00e1csonyi \u00e9neke. Salzburg tartom\u00e1ny Csendes \u00e9j m\u00fazeumaiban a sz\u00f6veg\u00edr\u00f3 Joseph Mohr \u00e9s a dallamot szerz\u0151 Franz Xaver Gruber nyom\u00e1ban j\u00e1rhatunk \u00e9s sokat megtudhatunk arr\u00f3l, hogyan \u00e9ltek a salzburgiak csaknem 200 \u00e9vvel ezel\u0151tt.<\/p>\n<div id=\"attachment_7310\" style=\"width: 1180px\" class=\"wp-caption alignnone\"><img decoding=\"async\" aria-describedby=\"caption-attachment-7310\" class=\"size-1170_658 wp-image-7310\" src=\"https:\/\/cdn.salzburgerland.com\/hu\/wp-content\/uploads\/2016\/11\/rs1085_krippe_mariapfarr01-lpr-1170x658.jpg\" alt=\"\" width=\"1170\" height=\"658\" srcset=\"https:\/\/www.salzburgerland.com\/hu\/wp-content\/uploads\/2016\/11\/rs1085_krippe_mariapfarr01-lpr-1170x658.jpg 1170w, https:\/\/www.salzburgerland.com\/hu\/wp-content\/uploads\/2016\/11\/rs1085_krippe_mariapfarr01-lpr-1200x675.jpg 1200w\" sizes=\"(max-width: 1170px) 100vw, 1170px\"><p id=\"caption-attachment-7310\" class=\"wp-caption-text\">A mariapfarri m\u00fazeum betleheme \u00a9 SalzburgerLand Tourismus, Kathrin Gollackner<\/p><\/div>\n<p><a href=\"https:\/\/www.keltenmuseum.at\/index.php?id=2115&amp;no_cache=1\" target=\"_blank\" rel=\"noopener noreferrer\"><strong>Kelta M\u00fazeum <\/strong><\/a>(Keltenmuseum), Hallein: A kelt\u00e1k m\u00e1r i.e. ezer \u00e9vvel b\u00e1ny\u00e1szt\u00e1k a D\u00fcrrnberg s\u00f3k\u00e9szleteit, ami az \u00e1sat\u00e1sok tan\u00fas\u00e1ga szerint nagy j\u00f3m\u00f3dhoz juttatta \u0151ket. <strong>A halleini kelta gy\u0171jtem\u00e9ny a legjelent\u0151sebbek k\u00f6z\u00e9 tartozik eg\u00e9sz Eur\u00f3p\u00e1ban<\/strong>. \u00c9rdemes megn\u00e9zni Hallein v\u00e1ros m\u00fazeum\u00e1t (Stadtmuseum Hallein) \u00e9s a Csendes \u00e9j m\u00fazeumot is (Stille-Nacht-Museum).<\/p>\n<div id=\"attachment_9963\" style=\"width: 1180px\" class=\"wp-caption alignnone\"><img decoding=\"async\" aria-describedby=\"caption-attachment-9963\" class=\"wp-image-9963 size-1170_658\" src=\"https:\/\/cdn.salzburgerland.com\/hu\/wp-content\/uploads\/2016\/11\/barmstein_hallein_tvb-halle_-1170x658.jpg\" alt=\"\" width=\"1170\" height=\"658\" srcset=\"https:\/\/www.salzburgerland.com\/hu\/wp-content\/uploads\/2016\/11\/barmstein_hallein_tvb-halle_-1170x658.jpg 1170w, https:\/\/www.salzburgerland.com\/hu\/wp-content\/uploads\/2016\/11\/barmstein_hallein_tvb-halle_-1200x675.jpg 1200w\" sizes=\"(max-width: 1170px) 100vw, 1170px\"><p id=\"caption-attachment-9963\" class=\"wp-caption-text\">Hallein l\u00e1tk\u00e9pe a Berchtesgadeni Alpokhoz tartoz\u00f3 Barmsteine szikl\u00e1k fel\u0151l \u00a9 Tourismusverband Hallein<\/p><\/div>\n<p><strong>Szabadt\u00e9ri Falum\u00fazeum<\/strong> (Freilichtmuseum), Gro\u00dfgmain: A hatalmas, 500 ezer m\u00b2 alapter\u00fclet\u0171 szabadt\u00e9ri m\u00fazeum \u00e9leth\u0171 k\u00e9pet ad arr\u00f3l, hogyan \u00e9lt a salzburgi r\u00e9gi\u00f3k lakoss\u00e1ga az elm\u00falt \u00f6t \u00e9vsz\u00e1zadban. \u00c9pp\u00fagy, mint maga a tartom\u00e1ny, a m\u00fazeum ter\u00fclete is 5 ker\u00fcletre oszlik. Az \u00f6nmag\u00e1ban is \u00e9lm\u00e9nysz\u00e1mba men\u0151, <strong>keskeny nyomt\u00e1v\u00fa m\u00fazeumi vas\u00fat<\/strong> vonata k\u00f6zlekedik a csod\u00e1latosan sz\u00e9p skanzenben. A fel\u00e1ll\u00edtott falusi h\u00e1zak \u00e9s gazdas\u00e1gi \u00e9p\u00fcletek <strong>eredetiek<\/strong>. Gondos munk\u00e1val lebontott\u00e1k \u00e9s mostani hely\u00fck\u00f6n \u00fajra fel\u00e9p\u00edtett\u00e9k \u0151ket. Mindegyikbe be lehet menni. Menj\u00fcnk is be felt\u00e9tlen\u00fcl, mert a berendez\u00e9s, a t\u00e1j\u00e9koztat\u00f3 t\u00e1bl\u00e1k igen \u00e9rdekesek. Van <strong>iskola<\/strong>, <strong>szat\u00f3csbolt<\/strong> \u00e9s \u00e9rdekes megfigyelni <strong>a t\u00e1jegys\u00e9gek jellemz\u0151 ker\u00edt\u00e9seit<\/strong>, <strong>magt\u00e1rait<\/strong>. Gyerekekkel is j\u00f3 kir\u00e1ndul\u00e1s, nekik j\u00e1tsz\u00f3t\u00e9r is van \u00e9s a h\u00e1zak berendez\u0151i, a t\u00e1j\u00e9koztat\u00f3 t\u00e1bl\u00e1k\u00a0elk\u00e9sz\u00edt\u0151i\u00a0r\u00e1juk is gondoltak. Tavasszal \u00e9s \u0151sszel gyakran el\u0151fordul, hogy <strong>k\u00e9zm\u0171ves mesterek<\/strong> tartanak bemutat\u00f3t a skanzen ter\u00fclet\u00e9n.<\/p>\n<div id=\"attachment_7719\" style=\"width: 1180px\" class=\"wp-caption alignnone\"><img decoding=\"async\" aria-describedby=\"caption-attachment-7719\" class=\"wp-image-7719 size-1170_658\" src=\"https:\/\/cdn.salzburgerland.com\/hu\/wp-content\/uploads\/2016\/11\/-salzburgerland-tourismus--freilichtmuseum-grossgmain-1170x658.jpg\" alt=\"\" width=\"1170\" height=\"658\" srcset=\"https:\/\/www.salzburgerland.com\/hu\/wp-content\/uploads\/2016\/11\/-salzburgerland-tourismus--freilichtmuseum-grossgmain-1170x658.jpg 1170w, https:\/\/www.salzburgerland.com\/hu\/wp-content\/uploads\/2016\/11\/-salzburgerland-tourismus--freilichtmuseum-grossgmain-1200x675.jpg 1200w\" sizes=\"(max-width: 1170px) 100vw, 1170px\"><p id=\"caption-attachment-7719\" class=\"wp-caption-text\">Szabadt\u00e9ri Falum\u00fazeum a Salzburg v\u00e1ros\u00e1val hat\u00e1ros Grossgmainban \u00a9 SalzburgerLand Tourismus<\/p><\/div>\n<h2>T\u00e1jm\u00fazeumok, v\u00e1rm\u00fazeum \u00e9s l\u00e1tv\u00e1nyb\u00e1nya<\/h2>\n<p><a href=\"https:\/\/www.nationalpark.at\/de\/nationalparkzentrum\/\" target=\"_blank\" rel=\"noopener\"><strong>Nemzeti Parki L\u00e1togat\u00f3i K\u00f6zpont<\/strong><\/a> (Nationalparkzentrum), Mittersill: Az Alpok-vid\u00e9k legnagyobb nemzeti parkj\u00e1nak izgalmas \u00e9lm\u00e9nyvil\u00e1g\u00e1val ismertet meg.<\/p>\n<div id=\"attachment_6821\" style=\"width: 1180px\" class=\"wp-caption alignnone\"><img decoding=\"async\" aria-describedby=\"caption-attachment-6821\" class=\"wp-image-6821 size-1170_658\" src=\"https:\/\/cdn.salzburgerland.com\/hu\/wp-content\/uploads\/2019\/04\/nationalparkwelten4--reifmueller-1170x658.jpg\" alt=\"\" width=\"1170\" height=\"658\" srcset=\"https:\/\/www.salzburgerland.com\/hu\/wp-content\/uploads\/2019\/04\/nationalparkwelten4--reifmueller-1170x658.jpg 1170w, https:\/\/www.salzburgerland.com\/hu\/wp-content\/uploads\/2019\/04\/nationalparkwelten4--reifmueller-1200x675.jpg 1200w\" sizes=\"(max-width: 1170px) 100vw, 1170px\"><p id=\"caption-attachment-6821\" class=\"wp-caption-text\">Nemzeti Parki L\u00e1togat\u00f3i K\u00f6zpont \u00e9s \u00e9lm\u00e9nym\u00fazeum Mittersillben \u00a9 Eva Reifm\u00fcller<\/p><\/div>\n<p><strong>M\u00e1rv\u00e1nym\u00fazeum<\/strong> (Marmormuseum), Adnet: Az adneti m\u00e1rv\u00e1nyt Eur\u00f3pa szerte sz\u00e1mtalan helyen haszn\u00e1lt\u00e1k fel egyh\u00e1zi \u00e9s vil\u00e1gi \u00e9p\u00fcletekben. Salzburg v\u00e1ros\u00e1ban t\u00f6bbek k\u00f6z\u00f6tt a v\u00e1rban \u00e9s a Szt. P\u00e9ter F\u0151ap\u00e1ts\u00e1gban (Stift St. Peter) l\u00e1that\u00f3 adneti m\u00e1rv\u00e1ny.<\/p>\n<p><strong>T\u00e1jm\u00fazeumok<\/strong> (Heimatmuseen): Minden salzburgi t\u00e1jegys\u00e9gnek, ker\u00fcletnek megvan a maga t\u00e1jm\u00fazeuma. \u00c9rdemes megn\u00e9zni p\u00e9ld\u00e1ul Altenmarkt telep\u00fcl\u00e9s \u00e9s Mauterndorf v\u00e1r\u00e1nak (Burg Mauterndorf) m\u00fazeum\u00e1t.<\/p>\n<div id=\"attachment_7715\" style=\"width: 1180px\" class=\"wp-caption alignnone\"><img decoding=\"async\" aria-describedby=\"caption-attachment-7715\" class=\"size-1170_658 wp-image-7715\" src=\"https:\/\/cdn.salzburgerland.com\/hu\/wp-content\/uploads\/2016\/11\/rs1422_dsc_2655_4_3_2_1_hdr-1170x658.jpg\" alt=\"\" width=\"1170\" height=\"658\" srcset=\"https:\/\/www.salzburgerland.com\/hu\/wp-content\/uploads\/2016\/11\/rs1422_dsc_2655_4_3_2_1_hdr-1170x658.jpg 1170w, https:\/\/www.salzburgerland.com\/hu\/wp-content\/uploads\/2016\/11\/rs1422_dsc_2655_4_3_2_1_hdr-1200x675.jpg 1200w\" sizes=\"(max-width: 1170px) 100vw, 1170px\"><p id=\"caption-attachment-7715\" class=\"wp-caption-text\">T\u00e1jm\u00fazeum a Salzburg tartom\u00e1nybeli Altenmarktban \u00a9 SalzburgerLand Tourismus, Achim Meurer<\/p><\/div>\n<p><a href=\"http:\/\/www.burg-golling.at\/museum\" target=\"_blank\" rel=\"noopener noreferrer\"><strong>Gollingi V\u00e1rm\u00fazeum<\/strong><\/a> (Museum Burg Golling): \u00c9vente m\u00e1s \u00e9s m\u00e1s id\u0151szaki ki\u00e1ll\u00edt\u00e1st mutat be. \u00c1lland\u00f3 anyag\u00e1ban k\u00fcl\u00f6n\u00f6sen az <strong>\u0151sk\u00f6v\u00fcletek<\/strong> \u00e9s az <strong>\u00f3r\u00e1k<\/strong> gy\u0171jtem\u00e9nye tarthat sz\u00e1mot \u00e9rdekl\u0151d\u00e9sre.<\/p>\n<p><a href=\"https:\/\/www.hintersee.at\/en\/winter-in-hintersee\/advent-im-salzkammergut\/puppenstubenmuseum.html\" target=\"_blank\" rel=\"noopener\"><strong>Babaszobam\u00fazeum<\/strong><\/a> (Puppenstubenmuseum), Hintersee: 35 apr\u00f3l\u00e9kosan berendezett babaszoba csod\u00e1latos vil\u00e1ga.<\/p>\n<p><strong>Az <a href=\"http:\/\/www.untersbergmuseum.net\/\" target=\"_blank\" rel=\"noopener noreferrer\">Untersberg m\u00fazeuma <\/a><\/strong>(Untersbergmuseum): Az Untersberg l\u00e1bain\u00e1l, Gr\u00f6digben \u00e1ll\u00f3 m\u00fazeum <strong>a Salzburg l\u00e1tk\u00e9p\u00e9t meghat\u00e1roz\u00f3 hatalmas hegyet \u00f6vez\u0151 m\u00edtoszokkal, t\u00e9nyekkel<\/strong> ismertet meg. A mond\u00e1k szerint maga Nagy K\u00e1roly alussza \u00e1lm\u00e1t a hegy gyomr\u00e1ban, asztalra borulva. Szak\u00e1lla pedig egyre csak n\u0151, m\u00e1r t\u00f6bbsz\u00f6r k\u00f6rbe\u00e9ri az asztalt. A monda folytat\u00e1s\u00e1t most nem \u00e1ruljuk el. A hegy belseje val\u00f3ban rengeteg barlangot rejt. A monda szerint t\u00f6rp\u00e9k \u00e9s mindenf\u00e9le k\u00fcl\u00f6n\u00f6s l\u00e9nyek lakj\u00e1k, s\u0151t a t\u00f6rp\u00e9k alagutakon j\u00e1rnak le a salzburgi d\u00f3mba. Aki adventkor egy \u00f3r\u00e1val kor\u00e1bban megy a ror\u00e1t\u00e9ra, tan\u00faja lehet, hogy nagymis\u00e9t tartanak. Legal\u00e1bbis \u00edgy sz\u00f3l a f\u00e1ma.<\/p>\n<p><strong>Aut\u00f3m\u00fazeumok<\/strong>: A r\u00e9gi aut\u00f3k rajong\u00f3inak aj\u00e1nljuk a kapruni <a href=\"http:\/\/www.oldtimer-museum.at\/en\/?_wb=en\/&amp;lang=EN\" target=\"_blank\" rel=\"noopener noreferrer\"><strong>V\u00f6tters Fahrzeugmuseum<\/strong><\/a>-ot \u00e9s a mattsee-i <a href=\"http:\/\/www.salzburger-seenland.at\/en\/post-detailansicht\/fahrtraum.html\" target=\"_blank\" rel=\"noopener noreferrer\"><strong>fahr(T)raum Ferdinand Porsche<\/strong> <\/a>m\u00fazeumot.<\/p>\n<p><strong>\u201e\u00c9rcek, arany \u00e9s \u00e1sv\u00e1nyok\u201c<\/strong> b\u00e1ny\u00e1szat\u00e1val ismertet meg <strong>Larzenbach<\/strong> l\u00e1tv\u00e1nyb\u00e1ny\u00e1v\u00e1 lett <strong>egykori r\u00e9zb\u00e1ny\u00e1ja<\/strong> (<a href=\"https:\/\/en.kupferzeche.at\/\" target=\"_blank\" rel=\"noopener noreferrer\"><strong>Kupferzeche Larzenbach<\/strong><\/a>).<\/p>\n<p><a href=\"https:\/\/www.museumbramberg.at\/index_en.html\" target=\"_blank\" rel=\"noopener noreferrer\"><strong>Brambergi M\u00fazeum<\/strong><\/a> (Museum Bramberg): Hatalmas smaragdokat \u00e9s <strong>krist\u00e1lyok<\/strong>at mutat be. Salzburg tartom\u00e1nyban <strong>smaragdb\u00e1ny\u00e1szat<\/strong> is folyt a r\u00e9gi id\u0151kben.<\/p>\n<div id=\"attachment_7713\" style=\"width: 1180px\" class=\"wp-caption alignnone\"><img decoding=\"async\" aria-describedby=\"caption-attachment-7713\" class=\"size-1170_658 wp-image-7713\" src=\"https:\/\/cdn.salzburgerland.com\/hu\/wp-content\/uploads\/2016\/11\/-museum-schloss-ritzen-peter-kuehnl-1170x658.jpg\" alt=\"\" width=\"1170\" height=\"658\" srcset=\"https:\/\/www.salzburgerland.com\/hu\/wp-content\/uploads\/2016\/11\/-museum-schloss-ritzen-peter-kuehnl-1170x658.jpg 1170w, https:\/\/www.salzburgerland.com\/hu\/wp-content\/uploads\/2016\/11\/-museum-schloss-ritzen-peter-kuehnl-1200x675.jpg 1200w\" sizes=\"(max-width: 1170px) 100vw, 1170px\"><p id=\"caption-attachment-7713\" class=\"wp-caption-text\">A saalfeldeni Ritzen kast\u00e9ly ad otthont a pongaui t\u00e1jegys\u00e9g t\u00e1jm\u00fazeum\u00e1nak \u00a9 Museum Schloss Ritzen,\u00a0 Peter K\u00fchnl<\/p><\/div>\n<h2>M\u0171v\u00e9szeti m\u00fazeumok\u00a0Salzburg v\u00e1ros\u00e1ban<\/h2>\n<p>A 2014-ben kialak\u00edtott <a href=\"http:\/\/www.domquartier.at\/en\/\" target=\"_blank\" rel=\"noopener noreferrer\"><strong>D\u00f3mnegyed<\/strong><\/a> (DomQuartier)\u00a0helysz\u00edneit k\u00f6rbej\u00e1rva\u00a0fogalmat alkothatunk Salzburg egykori urai, a f\u00fcggetlen salzburgi hercegs\u00e9gben uralkod\u00f3 \u00e9rsekek gazdags\u00e1g\u00e1r\u00f3l \u00e9s hatalm\u00e1r\u00f3l. A <strong>r\u00e9gi \u00e9rseki rezidencia d\u00edsztermeit \u00e9s k\u00e9pt\u00e1r\u00e1t<\/strong> j\u00e1rjuk v\u00e9gig, azt\u00e1n a rezidenci\u00e1t a d\u00f3mmal \u00f6sszek\u00f6t\u0151 bolt\u00edves \u00e9p\u00fcletsz\u00e1rny tet\u0151terasz\u00e1r\u00f3l csod\u00e1ljuk meg az \u00f3v\u00e1ros utc\u00e1it, tereit, a t\u00e1volban emelked\u0151 hegyeket.<\/p>\n<div id=\"attachment_9967\" style=\"width: 1180px\" class=\"wp-caption alignnone\"><img decoding=\"async\" aria-describedby=\"caption-attachment-9967\" class=\"size-1170_658 wp-image-9967\" src=\"https:\/\/cdn.salzburgerland.com\/hu\/wp-content\/uploads\/2016\/11\/domquartier_salzburg_evatrifft_sltg-1170x658.jpg\" alt=\"\" width=\"1170\" height=\"658\" srcset=\"https:\/\/www.salzburgerland.com\/hu\/wp-content\/uploads\/2016\/11\/domquartier_salzburg_evatrifft_sltg-1170x658.jpg 1170w, https:\/\/www.salzburgerland.com\/hu\/wp-content\/uploads\/2016\/11\/domquartier_salzburg_evatrifft_sltg-1200x675.jpg 1200w\" sizes=\"(max-width: 1170px) 100vw, 1170px\"><p id=\"caption-attachment-9967\" class=\"wp-caption-text\">Pillant\u00e1s a salzburgi d\u00f3m orgonakarzat\u00e1r\u00f3l \u00a9 SalzburgerLand Tourismus, Eva trifft.<\/p><\/div>\n<p>A <strong>d\u00f3m oldalsz\u00e1rnyaiban<\/strong> m\u00fazeumi ki\u00e1ll\u00edt\u00e1st l\u00e1thatunk, majd <strong>az orgona karzat\u00e1r\u00f3l<\/strong> tekinthet\u00fcnk le a hatalmas d\u00f3mba. Innen a rezidencia m\u00e1sik sz\u00e1rny\u00e1ba vezet az \u00fat. V\u00e9gigmegy\u00fcnk a <strong>hossz\u00fa gal\u00e9ri\u00e1n<\/strong>, a <strong>furcsas\u00e1gok kamr\u00e1j\u00e1n<\/strong>, a Szt. P\u00e9ter f\u0151ap\u00e1ts\u00e1g m\u00fazeumi kincseit bemutat\u00f3 termeken. A <strong>D\u00fcrrnberg s\u00f3ja<\/strong> \u00e9s <strong>a Tauern-hegys\u00e9g aranya<\/strong> volt az itt l\u00e1that\u00f3 gazdags\u00e1g forr\u00e1sa.<\/p>\n<div id=\"attachment_7716\" style=\"width: 1180px\" class=\"wp-caption alignnone\"><img decoding=\"async\" aria-describedby=\"caption-attachment-7716\" class=\"size-1170_658 wp-image-7716\" src=\"https:\/\/cdn.salzburgerland.com\/hu\/wp-content\/uploads\/2016\/11\/rs974_slt-kultur-sightseeing-57-hpr-1170x658.jpg\" alt=\"\" width=\"1170\" height=\"658\" srcset=\"https:\/\/www.salzburgerland.com\/hu\/wp-content\/uploads\/2016\/11\/rs974_slt-kultur-sightseeing-57-hpr-1170x658.jpg 1170w, https:\/\/www.salzburgerland.com\/hu\/wp-content\/uploads\/2016\/11\/rs974_slt-kultur-sightseeing-57-hpr-1200x675.jpg 1200w\" sizes=\"(max-width: 1170px) 100vw, 1170px\"><p id=\"caption-attachment-7716\" class=\"wp-caption-text\">A salzburgi D\u00f3mnegyed\/Domquartier Salzburg \u00a9 SalzburgerLand Tourismus, Eva trifft<\/p><\/div>\n<p>Az \u00f3v\u00e1ros f\u00f6l\u00f6tt emelked\u0151 M\u00f6nchsbergen \u00e9rdemes megn\u00e9zn\u00fcnk <a href=\"https:\/\/www.museumdermoderne.at\/en\/\" target=\"_blank\" rel=\"noopener noreferrer\"><strong>Salzburgi Modern M\u00fazeum-ot<\/strong><\/a> (Museum der Moderne). Az \u00f3v\u00e1rosba visszat\u00e9rve ben\u00e9zhet\u00fcnk a Rupertinumba is, amely szint\u00e9n a Modern M\u00fazeum ki\u00e1ll\u00edt\u00e1sainak ad otthon. A v\u00e1rosban sz\u00e1mtalan kisebb gal\u00e9ri\u00e1t is tal\u00e1lunk. Az \u00faj \u00e9rseki rezidencia harangj\u00e1t\u00e9kkal koron\u00e1zott \u00e9p\u00fclete pedig a\u00a0<a href=\"http:\/\/www.salzburgmuseum.at\/index.php?id=1773\" target=\"_blank\" rel=\"noopener noreferrer\"><strong>Salzburg M\u00fazeum<\/strong><\/a>, ahol roppant sz\u00ednvonalas \u00e9s t\u00falnyom\u00f3r\u00e9szt helyt\u00f6rt\u00e9neti ki\u00e1ll\u00edt\u00e1sait. \u00c9rdemes megn\u00e9zni a Salzburg M\u00fazeummal szomsz\u00e9dos <a href=\"http:\/\/www.salzburgmuseum.at\/index.php?id=1830\" target=\"_blank\" rel=\"noopener noreferrer\"><strong>K\u00f6rk\u00e9pm\u00fazeumot<\/strong><\/a> is (Panorama Museum).<\/p>\n<h2>Salzburgi m\u00fazeumok kicsiknek \u00e9s nagyoknak<\/h2>\n<p>Salzburg\u00a0a m\u00fazeumok v\u00e1rosa is.\u00a0A lehet\u0151s\u00e9gek sokf\u00e9les\u00e9ge garant\u00e1lja, hogy mindenki tal\u00e1l valamit, ami megragadja az \u00e9rdekl\u0151d\u00e9s\u00e9t.<\/p>\n<p><a href=\"https:\/\/www.spielzeugmuseum.at\/en\/home\/\" target=\"_blank\" rel=\"noopener noreferrer\"><strong>J\u00e1t\u00e9km\u00fazeum<\/strong><\/a> (Spielzeugmuseum): R\u00e9gi \u00e9s r\u00e9gebbi korok j\u00e1t\u00e9kait vonultatja f\u00f6l az \u00f3v\u00e1ros egykori ispot\u00e1ly\u00e1ban otthont kapott J\u00e1t\u00e9km\u00fazeum. A M\u00f6chsberg l\u00e1b\u00e1n\u00e1l \u00e1ll\u00f3 l\u00f3\u00fasztat\u00f3t\u00f3l (Pferdeschwemme) p\u00e1r l\u00e9p\u00e9snyire van a bej\u00e1rata. Eg\u00e9sz biztos, hogy nem csak a gyerekek fogj\u00e1k \u00e9lvezni a l\u00e1togat\u00e1st. A feln\u0151ttek nagy r\u00e9sze legal\u00e1bb olyan j\u00f3l sz\u00f3rakozik, pl\u00e1ne, ha egyszer csak \u00e9vtizedek \u00f3ta nem l\u00e1tott j\u00e1t\u00e9kok pontos m\u00e1saival\u00a0szembes\u00fcl.<\/p>\n<p>A <a href=\"https:\/\/www.hausdernatur.at\/en\/startseite.html\" target=\"_blank\" rel=\"noopener noreferrer\"><strong>Term\u00e9szet H\u00e1za<\/strong><\/a>\u00a0\u00a0(Haus der Natur): Ugyancsak az \u00f3v\u00e1rosban tal\u00e1lhat\u00f3 \u00e9s \u00e9letkort\u00f3l f\u00fcggetlen\u00fcl mindenkinek aj\u00e1nljuk, akit csak \u00e9rdekelnek a term\u00e9szet titkai. Dinoszauruszok, hatalmas akv\u00e1riumok, Salzburg tartom\u00e1ny geol\u00f3giai \u00e9rdekess\u00e9gei \u00e9s sok m\u00e1s. Nem egyszer az is el\u0151fordul, hogy a m\u00fazeum fizikai k\u00eds\u00e9rletei, szimul\u00e1ci\u00f3i \u00e9rtetnek meg az emberrel egyet s m\u00e1st az iskol\u00e1ban felfoghatatlannak\u00a0t\u0171n\u0151 term\u00e9szeti t\u00f6rv\u00e9nyek k\u00f6z\u00fcl.<\/p>\n<p><a href=\"https:\/\/www.brauwelt.at\/en\/museum\/\" target=\"_blank\" rel=\"noopener\"><strong>Stiegl S\u00f6rf\u0151zdei M\u00fazeum<\/strong><\/a> (Stiegl Brauwelt): Egy mozgalmas nap v\u00e9g\u00e9n \u00fclj\u00fcnk ki a Stieglkeller terasz\u00e1ra, n\u00e9zz\u00fcnk le a salzburgi \u00f3v\u00e1ros tornyaira \u00e9s iszogassuk a v\u00e1ros h\u00edres s\u00f6r\u00e9t. A Stiegl s\u00f6rt imm\u00e1r t\u00f6bb mint \u00f6tsz\u00e1z \u00e9ve f\u0151zik itt Salzburgban. Hol? Hogyan? Koml\u00f3b\u00f3l? \u00c1rp\u00e1b\u00f3l? Mindenre megkapjuk a v\u00e1laszt a Stiegl s\u00f6rgy\u00e1r m\u00fazeum\u00e1ban.<\/p>\n<p>A salzburgi r\u00e9gi\u00f3k sz\u00e1mtalan gazdag m\u00fazeum\u00e1ba, ki\u00e1ll\u00edt\u00e1s\u00e1ra ingyenes a bel\u00e9p\u00e9s a <a href=\"https:\/\/www.salzburgerland.com\/hu\/salzburg-tartomany-vendegkartyaja-a-salzburgerland-card\/\" rel=\"noopener noreferrer\"><strong>Salzburg tartom\u00e1ny k\u00e1rty\u00e1val <\/strong><\/a>(SalzburgerLand Card). A k\u00e1rtya birtok\u00e1ban nyitva \u00e1ll el\u0151tt\u00fcnk a v\u00e1ros \u00e9s tartom\u00e1ny 190 nevezetess\u00e9ge, l\u00e1tnival\u00f3ja, kir\u00e1ndul\u00f3helye. A nyaral\u00e1s \u00e9lm\u00e9nyeit megsokszoroz\u00f3 k\u00e1rtya <a href=\"https:\/\/www.salzburgerland.com\/hu\/sl-card-online-ertekesites\/\"><strong>online is megrendelhet\u0151<\/strong><\/a>.<\/p>\n","protected":false},"excerpt":{"rendered":"<p>M\u00fazeumok a salzburgi r\u00e9gi\u00f3kban S\u00edm\u00fazeum (Skimuseum), Werfenweng: Az osztr\u00e1k nemzeti sport k\u00e9ts\u00e9gk\u00edv\u00fcl meg\u00e9r egy m\u00fazeumot. Salzburg tartom\u00e1ny (SalzburgerLand) FIS s\u00edm\u00fazeum\u00e1ban kuri\u00f3zumokkal t\u0171zdelt ki\u00e1ll\u00edt\u00e1st l\u00e1thatunk a s\u00edsport \u00e9s a s\u00edfelszerel\u00e9sek fejl\u0151d\u00e9s\u00e9r\u0151l napjainkig, a k\u00fcl\u00f6nb\u00f6z\u0151 s\u00edel\u00e9si st\u00edlusokr\u00f3l, a osztr\u00e1k s\u00edsport legnagyobbjair\u00f3l \u2013 \u00e9s egy\u00e1ltal\u00e1n mindenr\u0151l, amit\u00a0a\u00a0 \u201evil\u00e1got jelent\u0151 deszk\u00e1kr\u00f3l\u201c csak tudni lehet. Az alpesi s\u00edel\u00e9s filmarch\u00edvuma \u00e9s [&hellip;]<\/p>\n","protected":false},"author":4,"featured_media":9966,"comment_status":"closed","ping_status":"closed","sticky":false,"template":"","format":"standard","meta":{"_acf_changed":false,"wl_entities_gutenberg":"","_relevanssi_hide_post":"","_relevanssi_hide_content":"","_relevanssi_pin_for_all":"","_relevanssi_pin_keywords":"","_relevanssi_unpin_keywords":"","_relevanssi_related_keywords":"","_relevanssi_related_include_ids":"","_relevanssi_related_exclude_ids":"","_relevanssi_related_no_append":"","_relevanssi_related_not_related":"","_relevanssi_related_posts":"","_relevanssi_noindex_reason":"","footnotes":""},"categories":[1],"tags":[400,401,197],"wl_entity_type":[27],"class_list":["post-97","post","type-post","status-publish","format-standard","has-post-thumbnail","hentry","category-uncategorized","tag-kiallitasok","tag-muveszet","tag-muzeumok","wl_entity_type-article"],"acf":[],"yoast_head":"<!-- This site is optimized with the Yoast SEO Premium plugin v27.4 (Yoast SEO v27.4) - https:\/\/yoast.com\/product\/yoast-seo-premium-wordpress\/ -->\n<title>M\u00fazeumok Salzburg tartom\u00e1nyban a Salzburg tartom\u00e1ny k\u00e1rty\u00e1val<\/title>\n<meta name=\"description\" content=\"M\u00fazeumok gazdag k\u00edn\u00e1lata Salzburg v\u00e1rosban \u00e9s tartom\u00e1nyban, hozz\u00e1 a Salzburg tartom\u00e1ny k\u00e1rtya: S\u00edm\u00fazeum, D\u00f3mnegyed, Stiegl S\u00f6rbirodalom\" \/>\n<meta name=\"robots\" content=\"index, follow, max-snippet:-1, max-image-preview:large, max-video-preview:-1\" \/>\n<link rel=\"canonical\" href=\"https:\/\/www.salzburgerland.com\/hu\/muzeumok-kiallitasok\/\" \/>\n<meta property=\"og:locale\" content=\"hu_HU\" \/>\n<meta property=\"og:type\" content=\"article\" \/>\n<meta property=\"og:title\" content=\"M\u00fazeumok \u00e9s ki\u00e1ll\u00edt\u00e1sok\" \/>\n<meta property=\"og:description\" content=\"M\u00fazeumok a salzburgi r\u00e9gi\u00f3kban S\u00edm\u00fazeum (Skimuseum), Werfenweng: Az osztr\u00e1k nemzeti sport k\u00e9ts\u00e9gk\u00edv\u00fcl meg\u00e9r egy m\u00fazeumot. Salzburg tartom\u00e1ny\" \/>\n<meta property=\"og:url\" content=\"https:\/\/www.salzburgerland.com\/hu\/muzeumok-kiallitasok\/\" \/>\n<meta property=\"og:site_name\" content=\"SalzburgerLand.com\" \/>\n<meta property=\"article:publisher\" content=\"https:\/\/www.facebook.com\/visitsalzburgerland\/\" \/>\n<meta property=\"article:published_time\" content=\"2016-11-16T18:27:26+00:00\" \/>\n<meta property=\"article:modified_time\" content=\"2023-03-13T15:49:05+00:00\" \/>\n<meta property=\"og:image\" content=\"https:\/\/www.salzburgerland.com\/hu\/wp-content\/uploads\/2016\/11\/domquartier_aussen_salzburg_evatrifft_sltg-e1479729491927-1200x675.jpg\" \/>\n\t<meta property=\"og:image:width\" content=\"1200\" \/>\n\t<meta property=\"og:image:height\" content=\"675\" \/>\n\t<meta property=\"og:image:type\" content=\"image\/jpeg\" \/>\n<meta name=\"author\" content=\"Eva Suemegi\" \/>\n<meta name=\"twitter:card\" content=\"summary_large_image\" \/>\n<meta name=\"twitter:creator\" content=\"@salzburgerland\" \/>\n<meta name=\"twitter:site\" content=\"@salzburgerland\" \/>\n<meta name=\"twitter:label1\" content=\"Szerz\u0151:\" \/>\n\t<meta name=\"twitter:data1\" content=\"Eva Suemegi\" \/>\n\t<meta name=\"twitter:label2\" content=\"Becs\u00fclt olvas\u00e1si id\u0151\" \/>\n\t<meta name=\"twitter:data2\" content=\"8 perc\" \/>\n<script type=\"application\/ld+json\" class=\"yoast-schema-graph\">{\"@context\":\"https:\\\/\\\/schema.org\",\"@graph\":[{\"@type\":\"Article\",\"@id\":\"https:\\\/\\\/www.salzburgerland.com\\\/hu\\\/muzeumok-kiallitasok\\\/#article\",\"isPartOf\":{\"@id\":\"https:\\\/\\\/www.salzburgerland.com\\\/hu\\\/muzeumok-kiallitasok\\\/\"},\"author\":{\"name\":\"Eva Suemegi\",\"@id\":\"https:\\\/\\\/www.salzburgerland.com\\\/hu\\\/#\\\/schema\\\/person\\\/318d672774562c00dc51530dd5ca5182\"},\"headline\":\"M\u00fazeumok \u00e9s ki\u00e1ll\u00edt\u00e1sok\",\"datePublished\":\"2016-11-16T18:27:26+00:00\",\"dateModified\":\"2023-03-13T15:49:05+00:00\",\"mainEntityOfPage\":{\"@id\":\"https:\\\/\\\/www.salzburgerland.com\\\/hu\\\/muzeumok-kiallitasok\\\/\"},\"wordCount\":1656,\"image\":{\"@id\":\"https:\\\/\\\/www.salzburgerland.com\\\/hu\\\/muzeumok-kiallitasok\\\/#primaryimage\"},\"thumbnailUrl\":\"https:\\\/\\\/www.salzburgerland.com\\\/hu\\\/wp-content\\\/uploads\\\/2016\\\/11\\\/domquartier_aussen_salzburg_evatrifft_sltg-e1479729491927-scaled.jpg\",\"keywords\":[\"ki\u00e1ll\u00edt\u00e1sok\",\"m\u0171v\u00e9szet\",\"m\u00fazeumok\"],\"articleSection\":[\"Uncategorized\"],\"inLanguage\":\"hu\"},{\"@type\":\"WebPage\",\"@id\":\"https:\\\/\\\/www.salzburgerland.com\\\/hu\\\/muzeumok-kiallitasok\\\/\",\"url\":\"https:\\\/\\\/www.salzburgerland.com\\\/hu\\\/muzeumok-kiallitasok\\\/\",\"name\":\"M\u00fazeumok Salzburg tartom\u00e1nyban a Salzburg tartom\u00e1ny k\u00e1rty\u00e1val\",\"isPartOf\":{\"@id\":\"https:\\\/\\\/www.salzburgerland.com\\\/hu\\\/#website\"},\"primaryImageOfPage\":{\"@id\":\"https:\\\/\\\/www.salzburgerland.com\\\/hu\\\/muzeumok-kiallitasok\\\/#primaryimage\"},\"image\":{\"@id\":\"https:\\\/\\\/www.salzburgerland.com\\\/hu\\\/muzeumok-kiallitasok\\\/#primaryimage\"},\"thumbnailUrl\":\"https:\\\/\\\/www.salzburgerland.com\\\/hu\\\/wp-content\\\/uploads\\\/2016\\\/11\\\/domquartier_aussen_salzburg_evatrifft_sltg-e1479729491927-scaled.jpg\",\"datePublished\":\"2016-11-16T18:27:26+00:00\",\"dateModified\":\"2023-03-13T15:49:05+00:00\",\"author\":{\"@id\":\"https:\\\/\\\/www.salzburgerland.com\\\/hu\\\/#\\\/schema\\\/person\\\/318d672774562c00dc51530dd5ca5182\"},\"description\":\"M\u00fazeumok gazdag k\u00edn\u00e1lata Salzburg v\u00e1rosban \u00e9s tartom\u00e1nyban, hozz\u00e1 a Salzburg tartom\u00e1ny k\u00e1rtya: S\u00edm\u00fazeum, D\u00f3mnegyed, Stiegl S\u00f6rbirodalom\",\"breadcrumb\":{\"@id\":\"https:\\\/\\\/www.salzburgerland.com\\\/hu\\\/muzeumok-kiallitasok\\\/#breadcrumb\"},\"inLanguage\":\"hu\",\"potentialAction\":[{\"@type\":\"ReadAction\",\"target\":[\"https:\\\/\\\/www.salzburgerland.com\\\/hu\\\/muzeumok-kiallitasok\\\/\"]}]},{\"@type\":\"ImageObject\",\"inLanguage\":\"hu\",\"@id\":\"https:\\\/\\\/www.salzburgerland.com\\\/hu\\\/muzeumok-kiallitasok\\\/#primaryimage\",\"url\":\"https:\\\/\\\/www.salzburgerland.com\\\/hu\\\/wp-content\\\/uploads\\\/2016\\\/11\\\/domquartier_aussen_salzburg_evatrifft_sltg-e1479729491927-scaled.jpg\",\"contentUrl\":\"https:\\\/\\\/www.salzburgerland.com\\\/hu\\\/wp-content\\\/uploads\\\/2016\\\/11\\\/domquartier_aussen_salzburg_evatrifft_sltg-e1479729491927-scaled.jpg\",\"width\":1920,\"height\":1320,\"caption\":\"Pillant\u00e1s a salzburgi D\u00f3mnegyedb\u0151l a Residenzplatz-ra \u00a9 Tourismus Salzburg GmbH\"},{\"@type\":\"BreadcrumbList\",\"@id\":\"https:\\\/\\\/www.salzburgerland.com\\\/hu\\\/muzeumok-kiallitasok\\\/#breadcrumb\",\"itemListElement\":[{\"@type\":\"ListItem\",\"position\":1,\"name\":\"Salzburgi \u00dcnnepi J\u00e1t\u00e9kok, kultur\u00e1lis \u00e9s zenei \u00e9let\",\"item\":\"https:\\\/\\\/www.salzburgerland.com\\\/hu\\\/muveszetek-kultura\\\/\"},{\"@type\":\"ListItem\",\"position\":2,\"name\":\"M\u00fazeumok \u00e9s ki\u00e1ll\u00edt\u00e1sok\"}]},{\"@type\":\"WebSite\",\"@id\":\"https:\\\/\\\/www.salzburgerland.com\\\/hu\\\/#website\",\"url\":\"https:\\\/\\\/www.salzburgerland.com\\\/hu\\\/\",\"name\":\"SalzburgerLand.com\",\"description\":\"\u00dcd\u00fcl\u00e9s Ausztri\u00e1ban, Salzburg tartom\u00e1nyban\",\"potentialAction\":[{\"@type\":\"SearchAction\",\"target\":{\"@type\":\"EntryPoint\",\"urlTemplate\":\"https:\\\/\\\/www.salzburgerland.com\\\/hu\\\/?s={search_term_string}\"},\"query-input\":{\"@type\":\"PropertyValueSpecification\",\"valueRequired\":true,\"valueName\":\"search_term_string\"}}],\"inLanguage\":\"hu\"},{\"@type\":\"Person\",\"@id\":\"https:\\\/\\\/www.salzburgerland.com\\\/hu\\\/#\\\/schema\\\/person\\\/318d672774562c00dc51530dd5ca5182\",\"name\":\"Eva Suemegi\",\"image\":{\"@type\":\"ImageObject\",\"inLanguage\":\"hu\",\"@id\":\"https:\\\/\\\/secure.gravatar.com\\\/avatar\\\/0713cd5ff838626404fe576f92a82fa1484d001fc2c094544fcd23cce4a3b703?s=96&d=mm&r=g\",\"url\":\"https:\\\/\\\/secure.gravatar.com\\\/avatar\\\/0713cd5ff838626404fe576f92a82fa1484d001fc2c094544fcd23cce4a3b703?s=96&d=mm&r=g\",\"contentUrl\":\"https:\\\/\\\/secure.gravatar.com\\\/avatar\\\/0713cd5ff838626404fe576f92a82fa1484d001fc2c094544fcd23cce4a3b703?s=96&d=mm&r=g\",\"caption\":\"Eva Suemegi\"}}]}<\/script>\n<meta property=\"og:video\" content=\"https:\/\/www.youtube.com\/embed\/wWHvISxe6Nk\" \/>\n<meta property=\"og:video:type\" content=\"text\/html\" \/>\n<meta property=\"og:video:duration\" content=\"77\" \/>\n<meta property=\"og:video:width\" content=\"480\" \/>\n<meta property=\"og:video:height\" content=\"270\" \/>\n<meta property=\"ya:ovs:adult\" content=\"false\" \/>\n<meta property=\"ya:ovs:upload_date\" content=\"2016-11-16T18:27:26+00:00\" \/>\n<meta property=\"ya:ovs:allow_embed\" content=\"true\" \/>\n<!-- \/ Yoast SEO Premium plugin. -->","yoast_head_json":{"title":"M\u00fazeumok Salzburg tartom\u00e1nyban a Salzburg tartom\u00e1ny k\u00e1rty\u00e1val","description":"M\u00fazeumok gazdag k\u00edn\u00e1lata Salzburg v\u00e1rosban \u00e9s tartom\u00e1nyban, hozz\u00e1 a Salzburg tartom\u00e1ny k\u00e1rtya: S\u00edm\u00fazeum, D\u00f3mnegyed, Stiegl S\u00f6rbirodalom","robots":{"index":"index","follow":"follow","max-snippet":"max-snippet:-1","max-image-preview":"max-image-preview:large","max-video-preview":"max-video-preview:-1"},"canonical":"https:\/\/www.salzburgerland.com\/hu\/muzeumok-kiallitasok\/","og_locale":"hu_HU","og_type":"article","og_title":"M\u00fazeumok \u00e9s ki\u00e1ll\u00edt\u00e1sok","og_description":"M\u00fazeumok a salzburgi r\u00e9gi\u00f3kban S\u00edm\u00fazeum (Skimuseum), Werfenweng: Az osztr\u00e1k nemzeti sport k\u00e9ts\u00e9gk\u00edv\u00fcl meg\u00e9r egy m\u00fazeumot. Salzburg tartom\u00e1ny","og_url":"https:\/\/www.salzburgerland.com\/hu\/muzeumok-kiallitasok\/","og_site_name":"SalzburgerLand.com","article_publisher":"https:\/\/www.facebook.com\/visitsalzburgerland\/","article_published_time":"2016-11-16T18:27:26+00:00","article_modified_time":"2023-03-13T15:49:05+00:00","og_image":[{"width":1200,"height":675,"url":"https:\/\/www.salzburgerland.com\/hu\/wp-content\/uploads\/2016\/11\/domquartier_aussen_salzburg_evatrifft_sltg-e1479729491927-1200x675.jpg","type":"image\/jpeg"}],"author":"Eva Suemegi","twitter_card":"summary_large_image","twitter_creator":"@salzburgerland","twitter_site":"@salzburgerland","twitter_misc":{"Szerz\u0151:":"Eva Suemegi","Becs\u00fclt olvas\u00e1si id\u0151":"8 perc"},"schema":{"@context":"https:\/\/schema.org","@graph":[{"@type":"Article","@id":"https:\/\/www.salzburgerland.com\/hu\/muzeumok-kiallitasok\/#article","isPartOf":{"@id":"https:\/\/www.salzburgerland.com\/hu\/muzeumok-kiallitasok\/"},"author":{"name":"Eva Suemegi","@id":"https:\/\/www.salzburgerland.com\/hu\/#\/schema\/person\/318d672774562c00dc51530dd5ca5182"},"headline":"M\u00fazeumok \u00e9s ki\u00e1ll\u00edt\u00e1sok","datePublished":"2016-11-16T18:27:26+00:00","dateModified":"2023-03-13T15:49:05+00:00","mainEntityOfPage":{"@id":"https:\/\/www.salzburgerland.com\/hu\/muzeumok-kiallitasok\/"},"wordCount":1656,"image":{"@id":"https:\/\/www.salzburgerland.com\/hu\/muzeumok-kiallitasok\/#primaryimage"},"thumbnailUrl":"https:\/\/www.salzburgerland.com\/hu\/wp-content\/uploads\/2016\/11\/domquartier_aussen_salzburg_evatrifft_sltg-e1479729491927-scaled.jpg","keywords":["ki\u00e1ll\u00edt\u00e1sok","m\u0171v\u00e9szet","m\u00fazeumok"],"articleSection":["Uncategorized"],"inLanguage":"hu"},{"@type":"WebPage","@id":"https:\/\/www.salzburgerland.com\/hu\/muzeumok-kiallitasok\/","url":"https:\/\/www.salzburgerland.com\/hu\/muzeumok-kiallitasok\/","name":"M\u00fazeumok Salzburg tartom\u00e1nyban a Salzburg tartom\u00e1ny k\u00e1rty\u00e1val","isPartOf":{"@id":"https:\/\/www.salzburgerland.com\/hu\/#website"},"primaryImageOfPage":{"@id":"https:\/\/www.salzburgerland.com\/hu\/muzeumok-kiallitasok\/#primaryimage"},"image":{"@id":"https:\/\/www.salzburgerland.com\/hu\/muzeumok-kiallitasok\/#primaryimage"},"thumbnailUrl":"https:\/\/www.salzburgerland.com\/hu\/wp-content\/uploads\/2016\/11\/domquartier_aussen_salzburg_evatrifft_sltg-e1479729491927-scaled.jpg","datePublished":"2016-11-16T18:27:26+00:00","dateModified":"2023-03-13T15:49:05+00:00","author":{"@id":"https:\/\/www.salzburgerland.com\/hu\/#\/schema\/person\/318d672774562c00dc51530dd5ca5182"},"description":"M\u00fazeumok gazdag k\u00edn\u00e1lata Salzburg v\u00e1rosban \u00e9s tartom\u00e1nyban, hozz\u00e1 a Salzburg tartom\u00e1ny k\u00e1rtya: S\u00edm\u00fazeum, D\u00f3mnegyed, Stiegl S\u00f6rbirodalom","breadcrumb":{"@id":"https:\/\/www.salzburgerland.com\/hu\/muzeumok-kiallitasok\/#breadcrumb"},"inLanguage":"hu","potentialAction":[{"@type":"ReadAction","target":["https:\/\/www.salzburgerland.com\/hu\/muzeumok-kiallitasok\/"]}]},{"@type":"ImageObject","inLanguage":"hu","@id":"https:\/\/www.salzburgerland.com\/hu\/muzeumok-kiallitasok\/#primaryimage","url":"https:\/\/www.salzburgerland.com\/hu\/wp-content\/uploads\/2016\/11\/domquartier_aussen_salzburg_evatrifft_sltg-e1479729491927-scaled.jpg","contentUrl":"https:\/\/www.salzburgerland.com\/hu\/wp-content\/uploads\/2016\/11\/domquartier_aussen_salzburg_evatrifft_sltg-e1479729491927-scaled.jpg","width":1920,"height":1320,"caption":"Pillant\u00e1s a salzburgi D\u00f3mnegyedb\u0151l a Residenzplatz-ra \u00a9 Tourismus Salzburg GmbH"},{"@type":"BreadcrumbList","@id":"https:\/\/www.salzburgerland.com\/hu\/muzeumok-kiallitasok\/#breadcrumb","itemListElement":[{"@type":"ListItem","position":1,"name":"Salzburgi \u00dcnnepi J\u00e1t\u00e9kok, kultur\u00e1lis \u00e9s zenei \u00e9let","item":"https:\/\/www.salzburgerland.com\/hu\/muveszetek-kultura\/"},{"@type":"ListItem","position":2,"name":"M\u00fazeumok \u00e9s ki\u00e1ll\u00edt\u00e1sok"}]},{"@type":"WebSite","@id":"https:\/\/www.salzburgerland.com\/hu\/#website","url":"https:\/\/www.salzburgerland.com\/hu\/","name":"SalzburgerLand.com","description":"\u00dcd\u00fcl\u00e9s Ausztri\u00e1ban, Salzburg tartom\u00e1nyban","potentialAction":[{"@type":"SearchAction","target":{"@type":"EntryPoint","urlTemplate":"https:\/\/www.salzburgerland.com\/hu\/?s={search_term_string}"},"query-input":{"@type":"PropertyValueSpecification","valueRequired":true,"valueName":"search_term_string"}}],"inLanguage":"hu"},{"@type":"Person","@id":"https:\/\/www.salzburgerland.com\/hu\/#\/schema\/person\/318d672774562c00dc51530dd5ca5182","name":"Eva Suemegi","image":{"@type":"ImageObject","inLanguage":"hu","@id":"https:\/\/secure.gravatar.com\/avatar\/0713cd5ff838626404fe576f92a82fa1484d001fc2c094544fcd23cce4a3b703?s=96&d=mm&r=g","url":"https:\/\/secure.gravatar.com\/avatar\/0713cd5ff838626404fe576f92a82fa1484d001fc2c094544fcd23cce4a3b703?s=96&d=mm&r=g","contentUrl":"https:\/\/secure.gravatar.com\/avatar\/0713cd5ff838626404fe576f92a82fa1484d001fc2c094544fcd23cce4a3b703?s=96&d=mm&r=g","caption":"Eva Suemegi"}}]},"og_video":"https:\/\/www.youtube.com\/embed\/wWHvISxe6Nk","og_video_type":"text\/html","og_video_duration":"77","og_video_width":"480","og_video_height":"270","ya_ovs_adult":"false","ya_ovs_upload_date":"2016-11-16T18:27:26+00:00","ya_ovs_allow_embed":"true"},"_wl_alt_label":[],"wl:entity_url":"http:\/\/open.salzburgerland.com\/hu\/post\/muzeumok_es_kiallitasok","_links":{"self":[{"href":"https:\/\/www.salzburgerland.com\/hu\/wp-json\/wp\/v2\/posts\/97","targetHints":{"allow":["GET"]}}],"collection":[{"href":"https:\/\/www.salzburgerland.com\/hu\/wp-json\/wp\/v2\/posts"}],"about":[{"href":"https:\/\/www.salzburgerland.com\/hu\/wp-json\/wp\/v2\/types\/post"}],"author":[{"embeddable":true,"href":"https:\/\/www.salzburgerland.com\/hu\/wp-json\/wp\/v2\/users\/4"}],"replies":[{"embeddable":true,"href":"https:\/\/www.salzburgerland.com\/hu\/wp-json\/wp\/v2\/comments?post=97"}],"version-history":[{"count":5,"href":"https:\/\/www.salzburgerland.com\/hu\/wp-json\/wp\/v2\/posts\/97\/revisions"}],"predecessor-version":[{"id":12266,"href":"https:\/\/www.salzburgerland.com\/hu\/wp-json\/wp\/v2\/posts\/97\/revisions\/12266"}],"wp:featuredmedia":[{"embeddable":true,"href":"https:\/\/www.salzburgerland.com\/hu\/wp-json\/wp\/v2\/media\/9966"}],"wp:attachment":[{"href":"https:\/\/www.salzburgerland.com\/hu\/wp-json\/wp\/v2\/media?parent=97"}],"wp:term":[{"taxonomy":"category","embeddable":true,"href":"https:\/\/www.salzburgerland.com\/hu\/wp-json\/wp\/v2\/categories?post=97"},{"taxonomy":"post_tag","embeddable":true,"href":"https:\/\/www.salzburgerland.com\/hu\/wp-json\/wp\/v2\/tags?post=97"},{"taxonomy":"wl_entity_type","embeddable":true,"href":"https:\/\/www.salzburgerland.com\/hu\/wp-json\/wp\/v2\/wl_entity_type?post=97"}],"curies":[{"name":"wp","href":"https:\/\/api.w.org\/{rel}","templated":true}]}}