{"id":9645,"date":"2020-04-09T16:48:18","date_gmt":"2020-04-09T14:48:18","guid":{"rendered":"https:\/\/www.salzburgerland.com\/hu\/?p=9645"},"modified":"2021-04-01T21:07:58","modified_gmt":"2021-04-01T19:07:58","slug":"husveti-nepszokasok-salzburg-tartomanyban","status":"publish","type":"post","link":"https:\/\/www.salzburgerland.com\/hu\/husveti-nepszokasok-salzburg-tartomanyban\/","title":{"rendered":"H\u00fasv\u00e9ti n\u00e9pszok\u00e1sok Salzburg tartom\u00e1nyban"},"content":{"rendered":"<p><strong>H\u00e9tf\u00e9le z\u00f6ldb\u0151l<\/strong> k\u00f6tik a vir\u00e1gvas\u00e1rnapra val\u00f3 \u201e<strong>Palmbuschen<\/strong>\u201e-t, melynek ugyanaz a szerepe, mint n\u00e1lunk, Magyarorsz\u00e1gon a szentelt bark\u00e1nak. Van is barka a h\u00e9tf\u00e9le \u00e1gacska k\u00f6z\u00f6tt, \u00e9s nemegyszer sz\u00ednes szalagokkal, s\u0151t itt-ott frissen s\u00fclt pereccel is d\u00edsz\u00edtik a csokrot. A <strong>vir\u00e1gvas\u00e1rnapi k\u00f6rmenet<\/strong> \u00e9s a mise ut\u00e1n a kertekben \u00e9s a f\u00f6ldeken helyezik el a megszentelt \u201ePalmbuschen\u201c-t, hogy j\u00f3 legyen a term\u00e9s. Van, aki a h\u00e1z padl\u00e1s\u00e1n \u0151rzi, hogy megv\u00e9dje a h\u00e1zat minden bajt\u00f3l.<\/p>\n<h2>Vir\u00e1gvas\u00e1rnapi bevonul\u00e1s szam\u00e1rh\u00e1ton<\/h2>\n<p>A <strong>lungaui<\/strong> St. Margarethen \u00e9s Ramingstein k\u00f6z\u00f6tt fekv\u0151 <strong>Thomathal<\/strong> egykori pl\u00e9b\u00e1nosa, a lungauiak \u00e1ltal ma is szeretetteljesen \u201c<strong>Lungau p\u00fcsp\u00f6ke<\/strong>\u201d-k\u00e9nt emlegetett <strong>Valentin Pfeifenberger<\/strong> pl\u00e9b\u00e1nos \u00far eleven\u00edtette fel a k\u00e9tsz\u00e1z \u00e9vvel kor\u00e1bban betiltott <strong>r\u00e9gi vir\u00e1gvas\u00e1rnapi szok\u00e1st<\/strong>, \u00e9s J\u00e9zus jeruzs\u00e1lemi bevonul\u00e1s\u00e1nak eml\u00e9k\u00e9re \u00e9vtizedeken \u00e1t, szinte hal\u00e1l\u00e1ig <strong>szam\u00e1rh\u00e1ton vonult a k\u00f6rmenetben<\/strong>. Nem l\u00e1tv\u00e1nyoss\u00e1gnak sz\u00e1nta, ez\u00e9rt nem is \u00f6r\u00fclt annak, hogy ezr\u00e9vel \u00e9rkeztek a b\u00e1m\u00e9szkod\u00f3k a thomatali k\u00f6rmenetre. 1977-ben az is megt\u00f6rt\u00e9nt, hogy a szam\u00e1rnak nem volt kedve a k\u00f6rmenethez, \u00e9s <strong>lehaj\u00edtotta a h\u00e1t\u00e1r\u00f3l<\/strong> \u201cLungau p\u00fcsp\u00f6k\u00e9t\u201d. Aki azonban nem haragudott, ked\u00e9lyesen meg\u00e1llap\u00edtotta, bizony el\u0151fordul, hogy a j\u00f3sz\u00e1g nem engedelmeskedik, \u00e9s h\u00e1t ilyenkor nincs mit tenni, m\u00e1ra ennyi volt.<\/p>\n<p>M\u00e1s salzburgi telep\u00fcl\u00e9seken is l\u00e1tni <strong>szokatlan vir\u00e1gvas\u00e1rnapi k\u00f6rmenetet<\/strong>. <strong>Hintersee-ben<\/strong> egy ministr\u00e1nst \u00fcltetnek a szam\u00e1rra, a tennengaui <strong>Puch-ban<\/strong> pedig <strong>szam\u00e1ron \u00fcl\u0151, f\u00e1b\u00f3l faragott J\u00e9zus-szobrot<\/strong> hordoznak a k\u00f6rmenetben. Ezek a hagyom\u00e1nyok is a Valentin Pfeifenberger felismerte c\u00e9lt szolg\u00e1lj\u00e1k: <strong>lelkes\u00edtik, \u00f6sszehozz\u00e1k az embereket<\/strong>.<\/p>\n<div id=\"attachment_9651\" style=\"width: 1180px\" class=\"wp-caption alignnone\"><img decoding=\"async\" aria-describedby=\"caption-attachment-9651\" class=\"size-1170_658 wp-image-9651\" src=\"https:\/\/cdn.salzburgerland.com\/hu\/wp-content\/uploads\/2020\/04\/osterlamm-racubrand-von-annemarie-kowarschkl-1170x658.jpg\" alt=\"\" width=\"1170\" height=\"658\" srcset=\"https:\/\/www.salzburgerland.com\/hu\/wp-content\/uploads\/2020\/04\/osterlamm-racubrand-von-annemarie-kowarschkl-1170x658.jpg 1170w, https:\/\/www.salzburgerland.com\/hu\/wp-content\/uploads\/2020\/04\/osterlamm-racubrand-von-annemarie-kowarschkl-1200x675.jpg 1200w\" sizes=\"(max-width: 1170px) 100vw, 1170px\"><p id=\"caption-attachment-9651\" class=\"wp-caption-text\">A J\u00e9zust jelk\u00e9pez\u0151 h\u00fasv\u00e9ti b\u00e1r\u00e1ny \u2013 rakuker\u00e1mia \u00a9 SalzburgerLand Tourismus, www.salzburgerland.com\/de\/magazin\/<\/p><\/div>\n<h2>H\u00fasv\u00e9ti kal\u00e1cs, h\u00fasv\u00e9ti toj\u00e1s<\/h2>\n<p>A <strong>sokf\u00e9le h\u00fasv\u00e9ti n\u00e9pszok\u00e1st<\/strong> \u00f6r\u00f6mmel \u00e1polj\u00e1k a salzburgiak, vid\u00e9ken, v\u00e1rosban egyar\u00e1nt. A h\u00e1ziasszonyok elk\u00e9sz\u00edtik a <strong>koszor\u00fav\u00e1 form\u00e1lt fonott kal\u00e1csot<\/strong>, vagy a<strong> kereszt alakban bev\u00e1gott <a href=\"https:\/\/www.salzburgerland.com\/hu\/osterpinze-a-salzburgi-husveti-kalacs\/\" rel=\"noopener noreferrer\">Osterpinze<\/a>-t<\/strong>. H\u00fasv\u00e9tvas\u00e1rnapra h\u00fasv\u00e9ti toj\u00e1st \u00e9s csokit rejt\u0151 <strong>\u201enyuszif\u00e9szkeket\u201c<\/strong> rejtenek el a sz\u00fcl\u0151k a kertben.<\/p>\n<p>A csal\u00e1dok festett toj\u00e1st, sonk\u00e1t, torm\u00e1t, <strong>\u00e9des t\u00e9szt\u00e1b\u00f3l s\u00fct\u00f6tt h\u00fasv\u00e9ti b\u00e1r\u00e1nyt<\/strong>, h\u00e1zi kenyeret vagy kal\u00e1csot k\u00e9sz\u00edtenek \u00f6ssze egy kos\u00e1rk\u00e1ba, magukkal viszik a nagyszombat esti vagy a h\u00fasv\u00e9tvas\u00e1rnapi mis\u00e9re, ahol a szertart\u00e1s ut\u00e1n megszentelik \u0151ket.<\/p>\n<p>A h\u00fasv\u00e9ti toj\u00e1sok <strong>sz\u00ednei k\u00f6zt\u00a0 piros domin\u00e1l<\/strong>, de a fant\u00e1zi\u00e1nak semmi sem szabhat hat\u00e1rt, mindenki kedve szerint festheti \u00e9s d\u00edsz\u00edtheti a <strong>kif\u00fajt vagy f\u0151tt toj\u00e1st<\/strong>. Sokan a <strong>hagymah\u00e9jjal festett<\/strong> toj\u00e1sra szavaznak, a mint\u00e1t pedig <strong>a tavasz els\u0151 z\u00f6ld lev\u00e9lk\u00e9inek lenyomata<\/strong> adja.<\/p>\n<div id=\"attachment_9648\" style=\"width: 1034px\" class=\"wp-caption alignnone\"><img decoding=\"async\" aria-describedby=\"caption-attachment-9648\" class=\"wp-image-9648 size-medium\" src=\"https:\/\/cdn.salzburgerland.com\/hu\/wp-content\/uploads\/2020\/04\/ulli-hammerl-ostereier-1036x650-1-1024x569.jpg\" alt=\"\" width=\"1024\" height=\"569\" srcset=\"https:\/\/www.salzburgerland.com\/hu\/wp-content\/uploads\/2020\/04\/ulli-hammerl-ostereier-1036x650-1-1024x569.jpg 1024w, https:\/\/www.salzburgerland.com\/hu\/wp-content\/uploads\/2020\/04\/ulli-hammerl-ostereier-1036x650-1-370x206.jpg 370w, https:\/\/www.salzburgerland.com\/hu\/wp-content\/uploads\/2020\/04\/ulli-hammerl-ostereier-1036x650-1-270x150.jpg 270w, https:\/\/www.salzburgerland.com\/hu\/wp-content\/uploads\/2020\/04\/ulli-hammerl-ostereier-1036x650-1-540x300.jpg 540w\" sizes=\"(max-width: 1024px) 100vw, 1024px\"><p id=\"caption-attachment-9648\" class=\"wp-caption-text\">Festett toj\u00e1sok \u00a9 SalzburgerLand Tourismus, www.salzburgerland.com\/de\/magazin\/<\/p><\/div>\n<h2>A z\u00f6ldcs\u00fct\u00f6rt\u00f6ki Antlassei toj\u00e1s<\/h2>\n<p>A <strong>z\u00f6ldcs\u00fct\u00f6rt\u00f6ki,\u00a0 nagyp\u00e9nteki \u00e9s\u00a0 nagyszombati friss toj\u00e1st<\/strong> nevezik <strong>Antlassei<\/strong>-nek. Az \u201eAntlass\u201c az \u201eAblass\u201c elferd\u00edtett v\u00e1ltozata, az Ablass pedig elenged\u00e9st, felment\u00e9st jelent.\u00a0 A k\u00e9s\u0151 k\u00f6z\u00e9pkorig tartotta mag\u00e1t a szok\u00e1s, hogy a nyilv\u00e1nos egyh\u00e1zi b\u00fcntet\u00e9ssel s\u00fajtott b\u0171n\u00f6s\u00f6ket z\u00f6ldcs\u00fct\u00f6rt\u00f6k\u00f6n feloldott\u00e1k a b\u00fcntet\u00e9s terhe al\u00f3l, \u00e9s ism\u00e9t r\u00e9szt vehettek a szentmis\u00e9n. Nagyszombaton \u00fajra megkeresztelt\u00e9k \u0151ket.<\/p>\n<p>Az \u00e9vsz\u00e1zados n\u00e9phagyom\u00e1ny szerint az Antlassei <strong>\u00e1ld\u00e1st hoz, megv\u00e9d a balszerencs\u00e9t\u0151l<\/strong>. Az \u201eigazi\u201c Antlassei a z\u00f6ldcs\u00fct\u00f6rt\u00f6ki toj\u00e1s, de n\u00e9mely vid\u00e9keken a nagyp\u00e9nteki \u00e9s nagyszombati is ilyennek sz\u00e1m\u00edt. Vid\u00e9kenk\u00e9nt m\u00e1st mond a hagyom\u00e1ny, m\u00e1sk\u00e9pp igyekeznek \u201ebebiztos\u00edtani\u201c az Antlassei erej\u00e9t. Van, ahol megf\u0151zik, van, ahol nem, van, ahol sz\u00ednezik, m\u00e1sutt meghagyj\u00e1k az eredeti sz\u00edn\u00e9t. Ha megfestik, t\u00f6bbnyire pirosra festik, de lehet z\u00f6ld vagy lila is. <strong>Szentelt toj\u00e1snak tekintik<\/strong> k\u00fcl\u00f6n beszentel\u00e9s n\u00e9lk\u00fcl is, mivel ezen a szent napon tojta a ty\u00fak.<\/p>\n<h2>\u00c9s mire j\u00f3 a z\u00f6ldcs\u00fct\u00f6rt\u00f6ki toj\u00e1s?<\/h2>\n<p><strong>Ha \u00e1thaj\u00edtod a h\u00e1zad f\u00f6l\u00f6tt<\/strong>, nem fogja majd a s\u00e1rlavina, nem tesz k\u00e1rt benne a legvadabb id\u0151j\u00e1r\u00e1s sem, legal\u00e1bbis \u00edgy tartj\u00e1k. <strong>Ha el\u00e1sod<\/strong> a h\u00fasv\u00e9ti t\u0171zb\u0151l visszamaradt fadarabbal egy\u00fctt, megv\u00e9di a h\u00e1zadat a t\u0171zt\u0151l \u00e9s a vill\u00e1mcsap\u00e1st\u00f3l. <strong>A patakn\u00e1l el\u00e1sott Antlassei<\/strong> megv\u00e9d a patak ki\u00e1rad\u00e1s\u00e1t\u00f3l, s\u0151t m\u00e9g a t\u00fal sok es\u0151t\u0151l, vihark\u00e1rt\u00f3l, j\u00e9ges\u0151t\u0151l is.<\/p>\n<p>A s\u00f3s l\u00e9ben eltett vagy ecetes l\u00e9ben p\u00e1colt Antlassei-t <strong>r\u00e9gi id\u0151kben kar\u00e1csonyig meg\u0151rizt\u00e9k<\/strong> \u00e9s apr\u00f3s\u00fctem\u00e9nyek k\u00e9sz\u00edt\u00e9s\u00e9hez haszn\u00e1lt\u00e1k fel. Ennek az a h\u00e1ttere, hogy t\u00e9len kevesebbet tojnak a ty\u00fakok, ez\u00e9rt <strong>a tavaszi, ny\u00e1ri \u00e9s \u0151szi toj\u00e1st s\u00f3s l\u00e9ben tett\u00e9k el t\u00e9lire<\/strong>. Ennek Magyarorsz\u00e1gon is van hagyom\u00e1nya.\u00a0 A <strong>h\u00fasv\u00e9t el\u0151tti b\u00f6jt idej\u00e9n toj\u00e1st sem volt szabad enni<\/strong>, foly\u00e9kony h\u00fasnak sz\u00e1m\u00edtott ugyanis. Emiatt is volt fontos a tart\u00f3s\u00edt\u00e1s lehet\u0151s\u00e9ge. Hogyan ker\u00fclt a bep\u00e1colt toj\u00e1s az adventi apr\u00f3s\u00fctem\u00e9nybe? Feltehet\u0151en a s\u00e1rg\u00e1j\u00e1t haszn\u00e1lt\u00e1k a t\u00e9szt\u00e1hoz, mint a f\u0151tt toj\u00e1sos kekszn\u00e9l.<\/p>\n<p>Mind a mai napig tartja mag\u00e1t a szok\u00e1s, hogy <strong>a keresztsz\u00fcl\u0151k Antlassei-t aj\u00e1nd\u00e9koznak keresztgyerekeiknek<\/strong>. Mattsee-ben a f\u00e9rfiaknak j\u00e1rt a z\u00f6ldcs\u00fct\u00f6rt\u00f6ki, a n\u0151knek \u00e9s gyerekeknek a nagyp\u00e9nteki \u00e9s a nagyszombati toj\u00e1s. M\u00e1sutt meg \u00e9pp ford\u00edtva. B\u00e1rmily hihetetlen, <strong>nem egy aut\u00f3 keszty\u0171tart\u00f3j\u00e1ban is ott lapul \u00e1m<\/strong> a z\u00f6ldcs\u00fct\u00f6rt\u00f6ki toj\u00e1s! Itt nyilv\u00e1n a balesett\u0151l hivatott v\u00e9deni. Vagyis v\u00e1ltoznak az id\u0151k, v\u00e1ltoznak a hagyom\u00e1nyos szok\u00e1sok, de \u00e9lnek tov\u00e1bb.<\/p>\n<h2>Betlehem\u00e1ll\u00edt\u00e1s h\u00fasv\u00e9t idej\u00e9n<\/h2>\n<p>A betlehem\u00e1ll\u00edt\u00e1s szok\u00e1sa az adventi id\u0151szakhoz f\u0171z\u0151dik. Salzburg tartom\u00e1ny tal\u00e1n az egyetlen hely, ahol a <strong>h\u00fasv\u00e9tkor is tal\u00e1lkozhatunk betlehemmel<\/strong>. Ezek a betlehemek (Passionskrippe) azonban <strong>nem J\u00e9zus sz\u00fclet\u00e9s\u00e9nek, hanem szenved\u00e9s\u00e9nek t\u00f6rt\u00e9net\u00e9t<\/strong> eleven\u00edtik meg. R\u00e9gi id\u0151kben a mag\u00e1nh\u00e1zakn\u00e1l is \u00e1ll\u00edtottak h\u00fasv\u00e9ti betlehemet, napjainkban m\u00e1r ink\u00e1bb csak ki\u00e1ll\u00edt\u00e1son l\u00e1tni.<\/p>\n<div id=\"attachment_9649\" style=\"width: 1034px\" class=\"wp-caption alignnone\"><img decoding=\"async\" aria-describedby=\"caption-attachment-9649\" class=\"size-medium wp-image-9649\" src=\"https:\/\/cdn.salzburgerland.com\/hu\/wp-content\/uploads\/2020\/04\/passionsgrippe1-1036x650-1-1024x569.jpg\" alt=\"\" width=\"1024\" height=\"569\" srcset=\"https:\/\/www.salzburgerland.com\/hu\/wp-content\/uploads\/2020\/04\/passionsgrippe1-1036x650-1-1024x569.jpg 1024w, https:\/\/www.salzburgerland.com\/hu\/wp-content\/uploads\/2020\/04\/passionsgrippe1-1036x650-1-370x206.jpg 370w, https:\/\/www.salzburgerland.com\/hu\/wp-content\/uploads\/2020\/04\/passionsgrippe1-1036x650-1-270x150.jpg 270w, https:\/\/www.salzburgerland.com\/hu\/wp-content\/uploads\/2020\/04\/passionsgrippe1-1036x650-1-540x300.jpg 540w\" sizes=\"(max-width: 1024px) 100vw, 1024px\"><p id=\"caption-attachment-9649\" class=\"wp-caption-text\">A bibliai t\u00f6rt\u00e9netnek J\u00e9zus szenved\u00e9s\u00e9vel \u00e9s hal\u00e1l\u00e1val foglalkoz\u00f3 r\u00e9szeit \u00e1br\u00e1zol\u00f3 h\u00fasv\u00e9ti betlehem \u00a9 Salzburger Volkskultur<\/p><\/div>\n<h2>H\u00fasv\u00e9ti t\u0171zgy\u00fajt\u00e1s<\/h2>\n<p><strong>Nagyszombatr\u00f3l h\u00fasv\u00e9tvas\u00e1rnapra virrad\u00f3 \u00e9jjel<\/strong> hatalmas h\u00fasv\u00e9ti t\u00fczeket gy\u00fajtanak J\u00e9zus felt\u00e1mad\u00e1sa tisztelet\u00e9re. A kifejezetten erre a c\u00e9lra \u00e1csolt fahas\u00e1bokat igen magasra rakj\u00e1k. Lungauban <strong>ak\u00e1r hat m\u00e9ter magas is lehet<\/strong> a fahas\u00e1bokb\u00f3l rakott, \u00e9s gallyakkal megt\u00f6lt\u00f6tt toronyszer\u0171 alkotm\u00e1ny. M\u00e1sutt, p\u00e9ld\u00e1ul Flachgauban a templom el\u0151tt gy\u00fajtanak t\u00fczet nagyszombat est\u00e9j\u00e9n, a felt\u00e1mad\u00e1si mise el\u0151tt. Err\u0151l a <strong>megszentelt t\u0171zr\u0151l<\/strong> gy\u00fajtj\u00e1k meg a <strong>h\u00fasv\u00e9ti gyerty\u00e1kat<\/strong>. Szok\u00e1s, hogy a felt\u00e1mad\u00e1si mise r\u00e9sztvev\u0151i hazaviszik magukkal a h\u00fasv\u00e9ti szentelt gyerty\u00e1r\u00f3l meggy\u00fajtott l\u00e1ngot. \u00a0A salzburgi <strong>Unkenben<\/strong> m\u00e9g mindig \u00e9l az \u00fan. \u201eSchwammbrennen\u201c r\u00e9gi szok\u00e1sa is. Dr\u00f3tra er\u0151s\u00edtett <strong>sz\u00e1r\u00edtott tapl\u00f3gomb\u00e1t gy\u00fajtanak meg<\/strong> a templom el\u0151tt rakott h\u00fasv\u00e9ti t\u0171zn\u00e9l, \u00fagy viszik haza a l\u00e1ngot.<\/p>\n<div id=\"attachment_9647\" style=\"width: 1180px\" class=\"wp-caption alignnone\"><img decoding=\"async\" aria-describedby=\"caption-attachment-9647\" class=\"size-1170_658 wp-image-9647\" src=\"https:\/\/cdn.salzburgerland.com\/hu\/wp-content\/uploads\/2020\/04\/vs012014_ostern_eier_18-1280x1024-1-1170x658.jpg\" alt=\"\" width=\"1170\" height=\"658\" srcset=\"https:\/\/www.salzburgerland.com\/hu\/wp-content\/uploads\/2020\/04\/vs012014_ostern_eier_18-1280x1024-1-1170x658.jpg 1170w, https:\/\/www.salzburgerland.com\/hu\/wp-content\/uploads\/2020\/04\/vs012014_ostern_eier_18-1280x1024-1-1200x675.jpg 1200w\" sizes=\"(max-width: 1170px) 100vw, 1170px\"><p id=\"caption-attachment-9647\" class=\"wp-caption-text\">H\u00fasv\u00e9ti toj\u00e1sok \u00a9 SalzburgerLand Tourismus, www.salzburgerland.com\/de\/magazin\/<\/p><\/div>\n<h2>Locsolkod\u00e1s helyett \u201eg\u00fan\u00e1rfut\u00e1s\u201c<\/h2>\n<p>A locsolkod\u00e1s szok\u00e1sa nem ismert Salzburg tartom\u00e1nyban. Salzburg tartom\u00e1ny d\u00e9li r\u00e9sz\u00e9n, <strong>a lungaui Tamsweg melletti W\u00f6ltingben<\/strong> azonban ma is megtartj\u00e1k a fiatalok az \u00fan. \u201e<strong>Gonesrenne<\/strong>n\u201c-t. A \u201eGones\u201c a g\u00fan\u00e1rt jelent\u0151 \u00a0\u201eG\u00e4nserich\u201c sz\u00f3b\u00f3l ered. Maga a j\u00e1t\u00e9k egy szinte le\u00edrhatatlanul <strong>komplik\u00e1lt fog\u00f3cska<\/strong>. A felsorakoz\u00f3 r\u00e9sztvev\u0151k k\u00f6z\u00fcl mindenkinek van p\u00e1rja, csak a sor elej\u00e9n \u00e1ll\u00f3 \u201eg\u00fan\u00e1r\u201c-nak nincs. A p\u00e1roknak jelsz\u00f3ra sz\u00e9t kell futniuk, \u00e9s ekkor <strong>a \u201eg\u00fan\u00e1r\u201c megpr\u00f3b\u00e1l p\u00e1rt fogni<\/strong> mag\u00e1nak.<\/p>\n","protected":false},"excerpt":{"rendered":"<p>H\u00e9tf\u00e9le z\u00f6ldb\u0151l k\u00f6tik a vir\u00e1gvas\u00e1rnapra val\u00f3 \u201ePalmbuschen\u201e-t, melynek ugyanaz a szerepe, mint n\u00e1lunk, Magyarorsz\u00e1gon a szentelt bark\u00e1nak. Van is barka a h\u00e9tf\u00e9le \u00e1gacska k\u00f6z\u00f6tt, \u00e9s nemegyszer sz\u00ednes szalagokkal, s\u0151t itt-ott frissen s\u00fclt pereccel is d\u00edsz\u00edtik a csokrot. A vir\u00e1gvas\u00e1rnapi k\u00f6rmenet \u00e9s a mise ut\u00e1n a kertekben \u00e9s a f\u00f6ldeken helyezik el a megszentelt \u201ePalmbuschen\u201c-t, hogy [&hellip;]<\/p>\n","protected":false},"author":4,"featured_media":9670,"comment_status":"closed","ping_status":"closed","sticky":false,"template":"","format":"standard","meta":{"_acf_changed":false,"wl_entities_gutenberg":"","_relevanssi_hide_post":"","_relevanssi_hide_content":"","_relevanssi_pin_for_all":"","_relevanssi_pin_keywords":"","_relevanssi_unpin_keywords":"","_relevanssi_related_keywords":"","_relevanssi_related_include_ids":"","_relevanssi_related_exclude_ids":"","_relevanssi_related_no_append":"","_relevanssi_related_not_related":"","_relevanssi_related_posts":"","_relevanssi_noindex_reason":"","footnotes":""},"categories":[1],"tags":[],"wl_entity_type":[27],"class_list":["post-9645","post","type-post","status-publish","format-standard","has-post-thumbnail","hentry","category-uncategorized","wl_entity_type-article"],"acf":[],"yoast_head":"<!-- This site is optimized with the Yoast SEO Premium plugin v27.4 (Yoast SEO v27.4) - https:\/\/yoast.com\/product\/yoast-seo-premium-wordpress\/ -->\n<title>H\u00fasv\u00e9ti n\u00e9pszok\u00e1sok Salzburg tartom\u00e1nyban \u00bb SalzburgerLand.com<\/title>\n<meta name=\"robots\" content=\"index, follow, max-snippet:-1, max-image-preview:large, max-video-preview:-1\" \/>\n<link rel=\"canonical\" href=\"https:\/\/www.salzburgerland.com\/hu\/husveti-nepszokasok-salzburg-tartomanyban\/\" \/>\n<meta property=\"og:locale\" content=\"hu_HU\" \/>\n<meta property=\"og:type\" content=\"article\" \/>\n<meta property=\"og:title\" content=\"H\u00fasv\u00e9ti n\u00e9pszok\u00e1sok Salzburg tartom\u00e1nyban\" \/>\n<meta property=\"og:description\" content=\"H\u00e9tf\u00e9le z\u00f6ldb\u0151l k\u00f6tik a vir\u00e1gvas\u00e1rnapra val\u00f3 &quot;Palmbuschen&quot;-t, melynek ugyanaz a szerepe, mint n\u00e1lunk, Magyarorsz\u00e1gon a szentelt bark\u00e1nak. Van is barka a\" \/>\n<meta property=\"og:url\" content=\"https:\/\/www.salzburgerland.com\/hu\/husveti-nepszokasok-salzburg-tartomanyban\/\" \/>\n<meta property=\"og:site_name\" content=\"SalzburgerLand.com\" \/>\n<meta property=\"article:publisher\" content=\"https:\/\/www.facebook.com\/visitsalzburgerland\/\" \/>\n<meta property=\"article:published_time\" content=\"2020-04-09T14:48:18+00:00\" \/>\n<meta property=\"article:modified_time\" content=\"2021-04-01T19:07:58+00:00\" \/>\n<meta property=\"og:image\" content=\"https:\/\/www.salzburgerland.com\/hu\/wp-content\/uploads\/2020\/04\/ostereier-mit-farben-der-natur--anke-eder.jpg\" \/>\n\t<meta property=\"og:image:width\" content=\"750\" \/>\n\t<meta property=\"og:image:height\" content=\"500\" \/>\n\t<meta property=\"og:image:type\" content=\"image\/jpeg\" \/>\n<meta name=\"author\" content=\"Eva Suemegi\" \/>\n<meta name=\"twitter:card\" content=\"summary_large_image\" \/>\n<meta name=\"twitter:creator\" content=\"@salzburgerland\" \/>\n<meta name=\"twitter:site\" content=\"@salzburgerland\" \/>\n<meta name=\"twitter:label1\" content=\"Szerz\u0151:\" \/>\n\t<meta name=\"twitter:data1\" content=\"Eva Suemegi\" \/>\n\t<meta name=\"twitter:label2\" content=\"Becs\u00fclt olvas\u00e1si id\u0151\" \/>\n\t<meta name=\"twitter:data2\" content=\"6 perc\" \/>\n<script type=\"application\/ld+json\" class=\"yoast-schema-graph\">{\"@context\":\"https:\\\/\\\/schema.org\",\"@graph\":[{\"@type\":\"Article\",\"@id\":\"https:\\\/\\\/www.salzburgerland.com\\\/hu\\\/husveti-nepszokasok-salzburg-tartomanyban\\\/#article\",\"isPartOf\":{\"@id\":\"https:\\\/\\\/www.salzburgerland.com\\\/hu\\\/husveti-nepszokasok-salzburg-tartomanyban\\\/\"},\"author\":{\"name\":\"Eva Suemegi\",\"@id\":\"https:\\\/\\\/www.salzburgerland.com\\\/hu\\\/#\\\/schema\\\/person\\\/318d672774562c00dc51530dd5ca5182\"},\"headline\":\"H\u00fasv\u00e9ti n\u00e9pszok\u00e1sok Salzburg tartom\u00e1nyban\",\"datePublished\":\"2020-04-09T14:48:18+00:00\",\"dateModified\":\"2021-04-01T19:07:58+00:00\",\"mainEntityOfPage\":{\"@id\":\"https:\\\/\\\/www.salzburgerland.com\\\/hu\\\/husveti-nepszokasok-salzburg-tartomanyban\\\/\"},\"wordCount\":1583,\"image\":{\"@id\":\"https:\\\/\\\/www.salzburgerland.com\\\/hu\\\/husveti-nepszokasok-salzburg-tartomanyban\\\/#primaryimage\"},\"thumbnailUrl\":\"https:\\\/\\\/www.salzburgerland.com\\\/hu\\\/wp-content\\\/uploads\\\/2020\\\/04\\\/ostereier-mit-farben-der-natur--anke-eder.jpg\",\"articleSection\":[\"Uncategorized\"],\"inLanguage\":\"hu\"},{\"@type\":\"WebPage\",\"@id\":\"https:\\\/\\\/www.salzburgerland.com\\\/hu\\\/husveti-nepszokasok-salzburg-tartomanyban\\\/\",\"url\":\"https:\\\/\\\/www.salzburgerland.com\\\/hu\\\/husveti-nepszokasok-salzburg-tartomanyban\\\/\",\"name\":\"H\u00fasv\u00e9ti n\u00e9pszok\u00e1sok Salzburg tartom\u00e1nyban \u00bb SalzburgerLand.com\",\"isPartOf\":{\"@id\":\"https:\\\/\\\/www.salzburgerland.com\\\/hu\\\/#website\"},\"primaryImageOfPage\":{\"@id\":\"https:\\\/\\\/www.salzburgerland.com\\\/hu\\\/husveti-nepszokasok-salzburg-tartomanyban\\\/#primaryimage\"},\"image\":{\"@id\":\"https:\\\/\\\/www.salzburgerland.com\\\/hu\\\/husveti-nepszokasok-salzburg-tartomanyban\\\/#primaryimage\"},\"thumbnailUrl\":\"https:\\\/\\\/www.salzburgerland.com\\\/hu\\\/wp-content\\\/uploads\\\/2020\\\/04\\\/ostereier-mit-farben-der-natur--anke-eder.jpg\",\"datePublished\":\"2020-04-09T14:48:18+00:00\",\"dateModified\":\"2021-04-01T19:07:58+00:00\",\"author\":{\"@id\":\"https:\\\/\\\/www.salzburgerland.com\\\/hu\\\/#\\\/schema\\\/person\\\/318d672774562c00dc51530dd5ca5182\"},\"breadcrumb\":{\"@id\":\"https:\\\/\\\/www.salzburgerland.com\\\/hu\\\/husveti-nepszokasok-salzburg-tartomanyban\\\/#breadcrumb\"},\"inLanguage\":\"hu\",\"potentialAction\":[{\"@type\":\"ReadAction\",\"target\":[\"https:\\\/\\\/www.salzburgerland.com\\\/hu\\\/husveti-nepszokasok-salzburg-tartomanyban\\\/\"]}]},{\"@type\":\"ImageObject\",\"inLanguage\":\"hu\",\"@id\":\"https:\\\/\\\/www.salzburgerland.com\\\/hu\\\/husveti-nepszokasok-salzburg-tartomanyban\\\/#primaryimage\",\"url\":\"https:\\\/\\\/www.salzburgerland.com\\\/hu\\\/wp-content\\\/uploads\\\/2020\\\/04\\\/ostereier-mit-farben-der-natur--anke-eder.jpg\",\"contentUrl\":\"https:\\\/\\\/www.salzburgerland.com\\\/hu\\\/wp-content\\\/uploads\\\/2020\\\/04\\\/ostereier-mit-farben-der-natur--anke-eder.jpg\",\"width\":750,\"height\":500,\"caption\":\"\u00a9 Anke Eder\"},{\"@type\":\"BreadcrumbList\",\"@id\":\"https:\\\/\\\/www.salzburgerland.com\\\/hu\\\/husveti-nepszokasok-salzburg-tartomanyban\\\/#breadcrumb\",\"itemListElement\":[{\"@type\":\"ListItem\",\"position\":1,\"name\":\"Besz\u00e9l\u0151 k\u00f6t\u00e9smint\u00e1k, b\u0151rnadr\u00e1gos cs\u00fct\u00f6rt\u00f6k\",\"item\":\"https:\\\/\\\/www.salzburgerland.com\\\/hu\\\/beszelo-kotesmintak-bornadragos-csutortok\\\/\"},{\"@type\":\"ListItem\",\"position\":2,\"name\":\"H\u00fasv\u00e9ti n\u00e9pszok\u00e1sok Salzburg tartom\u00e1nyban\"}]},{\"@type\":\"WebSite\",\"@id\":\"https:\\\/\\\/www.salzburgerland.com\\\/hu\\\/#website\",\"url\":\"https:\\\/\\\/www.salzburgerland.com\\\/hu\\\/\",\"name\":\"SalzburgerLand.com\",\"description\":\"\u00dcd\u00fcl\u00e9s Ausztri\u00e1ban, Salzburg tartom\u00e1nyban\",\"potentialAction\":[{\"@type\":\"SearchAction\",\"target\":{\"@type\":\"EntryPoint\",\"urlTemplate\":\"https:\\\/\\\/www.salzburgerland.com\\\/hu\\\/?s={search_term_string}\"},\"query-input\":{\"@type\":\"PropertyValueSpecification\",\"valueRequired\":true,\"valueName\":\"search_term_string\"}}],\"inLanguage\":\"hu\"},{\"@type\":\"Person\",\"@id\":\"https:\\\/\\\/www.salzburgerland.com\\\/hu\\\/#\\\/schema\\\/person\\\/318d672774562c00dc51530dd5ca5182\",\"name\":\"Eva Suemegi\",\"image\":{\"@type\":\"ImageObject\",\"inLanguage\":\"hu\",\"@id\":\"https:\\\/\\\/secure.gravatar.com\\\/avatar\\\/0713cd5ff838626404fe576f92a82fa1484d001fc2c094544fcd23cce4a3b703?s=96&d=mm&r=g\",\"url\":\"https:\\\/\\\/secure.gravatar.com\\\/avatar\\\/0713cd5ff838626404fe576f92a82fa1484d001fc2c094544fcd23cce4a3b703?s=96&d=mm&r=g\",\"contentUrl\":\"https:\\\/\\\/secure.gravatar.com\\\/avatar\\\/0713cd5ff838626404fe576f92a82fa1484d001fc2c094544fcd23cce4a3b703?s=96&d=mm&r=g\",\"caption\":\"Eva Suemegi\"}}]}<\/script>\n<!-- \/ Yoast SEO Premium plugin. -->","yoast_head_json":{"title":"H\u00fasv\u00e9ti n\u00e9pszok\u00e1sok Salzburg tartom\u00e1nyban \u00bb SalzburgerLand.com","robots":{"index":"index","follow":"follow","max-snippet":"max-snippet:-1","max-image-preview":"max-image-preview:large","max-video-preview":"max-video-preview:-1"},"canonical":"https:\/\/www.salzburgerland.com\/hu\/husveti-nepszokasok-salzburg-tartomanyban\/","og_locale":"hu_HU","og_type":"article","og_title":"H\u00fasv\u00e9ti n\u00e9pszok\u00e1sok Salzburg tartom\u00e1nyban","og_description":"H\u00e9tf\u00e9le z\u00f6ldb\u0151l k\u00f6tik a vir\u00e1gvas\u00e1rnapra val\u00f3 \"Palmbuschen\"-t, melynek ugyanaz a szerepe, mint n\u00e1lunk, Magyarorsz\u00e1gon a szentelt bark\u00e1nak. Van is barka a","og_url":"https:\/\/www.salzburgerland.com\/hu\/husveti-nepszokasok-salzburg-tartomanyban\/","og_site_name":"SalzburgerLand.com","article_publisher":"https:\/\/www.facebook.com\/visitsalzburgerland\/","article_published_time":"2020-04-09T14:48:18+00:00","article_modified_time":"2021-04-01T19:07:58+00:00","og_image":[{"url":"https:\/\/www.salzburgerland.com\/hu\/wp-content\/uploads\/2020\/04\/ostereier-mit-farben-der-natur--anke-eder.jpg","width":750,"height":500,"type":"image\/jpeg"}],"author":"Eva Suemegi","twitter_card":"summary_large_image","twitter_creator":"@salzburgerland","twitter_site":"@salzburgerland","twitter_misc":{"Szerz\u0151:":"Eva Suemegi","Becs\u00fclt olvas\u00e1si id\u0151":"6 perc"},"schema":{"@context":"https:\/\/schema.org","@graph":[{"@type":"Article","@id":"https:\/\/www.salzburgerland.com\/hu\/husveti-nepszokasok-salzburg-tartomanyban\/#article","isPartOf":{"@id":"https:\/\/www.salzburgerland.com\/hu\/husveti-nepszokasok-salzburg-tartomanyban\/"},"author":{"name":"Eva Suemegi","@id":"https:\/\/www.salzburgerland.com\/hu\/#\/schema\/person\/318d672774562c00dc51530dd5ca5182"},"headline":"H\u00fasv\u00e9ti n\u00e9pszok\u00e1sok Salzburg tartom\u00e1nyban","datePublished":"2020-04-09T14:48:18+00:00","dateModified":"2021-04-01T19:07:58+00:00","mainEntityOfPage":{"@id":"https:\/\/www.salzburgerland.com\/hu\/husveti-nepszokasok-salzburg-tartomanyban\/"},"wordCount":1583,"image":{"@id":"https:\/\/www.salzburgerland.com\/hu\/husveti-nepszokasok-salzburg-tartomanyban\/#primaryimage"},"thumbnailUrl":"https:\/\/www.salzburgerland.com\/hu\/wp-content\/uploads\/2020\/04\/ostereier-mit-farben-der-natur--anke-eder.jpg","articleSection":["Uncategorized"],"inLanguage":"hu"},{"@type":"WebPage","@id":"https:\/\/www.salzburgerland.com\/hu\/husveti-nepszokasok-salzburg-tartomanyban\/","url":"https:\/\/www.salzburgerland.com\/hu\/husveti-nepszokasok-salzburg-tartomanyban\/","name":"H\u00fasv\u00e9ti n\u00e9pszok\u00e1sok Salzburg tartom\u00e1nyban \u00bb SalzburgerLand.com","isPartOf":{"@id":"https:\/\/www.salzburgerland.com\/hu\/#website"},"primaryImageOfPage":{"@id":"https:\/\/www.salzburgerland.com\/hu\/husveti-nepszokasok-salzburg-tartomanyban\/#primaryimage"},"image":{"@id":"https:\/\/www.salzburgerland.com\/hu\/husveti-nepszokasok-salzburg-tartomanyban\/#primaryimage"},"thumbnailUrl":"https:\/\/www.salzburgerland.com\/hu\/wp-content\/uploads\/2020\/04\/ostereier-mit-farben-der-natur--anke-eder.jpg","datePublished":"2020-04-09T14:48:18+00:00","dateModified":"2021-04-01T19:07:58+00:00","author":{"@id":"https:\/\/www.salzburgerland.com\/hu\/#\/schema\/person\/318d672774562c00dc51530dd5ca5182"},"breadcrumb":{"@id":"https:\/\/www.salzburgerland.com\/hu\/husveti-nepszokasok-salzburg-tartomanyban\/#breadcrumb"},"inLanguage":"hu","potentialAction":[{"@type":"ReadAction","target":["https:\/\/www.salzburgerland.com\/hu\/husveti-nepszokasok-salzburg-tartomanyban\/"]}]},{"@type":"ImageObject","inLanguage":"hu","@id":"https:\/\/www.salzburgerland.com\/hu\/husveti-nepszokasok-salzburg-tartomanyban\/#primaryimage","url":"https:\/\/www.salzburgerland.com\/hu\/wp-content\/uploads\/2020\/04\/ostereier-mit-farben-der-natur--anke-eder.jpg","contentUrl":"https:\/\/www.salzburgerland.com\/hu\/wp-content\/uploads\/2020\/04\/ostereier-mit-farben-der-natur--anke-eder.jpg","width":750,"height":500,"caption":"\u00a9 Anke Eder"},{"@type":"BreadcrumbList","@id":"https:\/\/www.salzburgerland.com\/hu\/husveti-nepszokasok-salzburg-tartomanyban\/#breadcrumb","itemListElement":[{"@type":"ListItem","position":1,"name":"Besz\u00e9l\u0151 k\u00f6t\u00e9smint\u00e1k, b\u0151rnadr\u00e1gos cs\u00fct\u00f6rt\u00f6k","item":"https:\/\/www.salzburgerland.com\/hu\/beszelo-kotesmintak-bornadragos-csutortok\/"},{"@type":"ListItem","position":2,"name":"H\u00fasv\u00e9ti n\u00e9pszok\u00e1sok Salzburg tartom\u00e1nyban"}]},{"@type":"WebSite","@id":"https:\/\/www.salzburgerland.com\/hu\/#website","url":"https:\/\/www.salzburgerland.com\/hu\/","name":"SalzburgerLand.com","description":"\u00dcd\u00fcl\u00e9s Ausztri\u00e1ban, Salzburg tartom\u00e1nyban","potentialAction":[{"@type":"SearchAction","target":{"@type":"EntryPoint","urlTemplate":"https:\/\/www.salzburgerland.com\/hu\/?s={search_term_string}"},"query-input":{"@type":"PropertyValueSpecification","valueRequired":true,"valueName":"search_term_string"}}],"inLanguage":"hu"},{"@type":"Person","@id":"https:\/\/www.salzburgerland.com\/hu\/#\/schema\/person\/318d672774562c00dc51530dd5ca5182","name":"Eva Suemegi","image":{"@type":"ImageObject","inLanguage":"hu","@id":"https:\/\/secure.gravatar.com\/avatar\/0713cd5ff838626404fe576f92a82fa1484d001fc2c094544fcd23cce4a3b703?s=96&d=mm&r=g","url":"https:\/\/secure.gravatar.com\/avatar\/0713cd5ff838626404fe576f92a82fa1484d001fc2c094544fcd23cce4a3b703?s=96&d=mm&r=g","contentUrl":"https:\/\/secure.gravatar.com\/avatar\/0713cd5ff838626404fe576f92a82fa1484d001fc2c094544fcd23cce4a3b703?s=96&d=mm&r=g","caption":"Eva Suemegi"}}]}},"_wl_alt_label":[],"wl:entity_url":"http:\/\/open.salzburgerland.com\/hu\/post\/husveti_nepszokasok_salzburg_tartomanyban","_links":{"self":[{"href":"https:\/\/www.salzburgerland.com\/hu\/wp-json\/wp\/v2\/posts\/9645","targetHints":{"allow":["GET"]}}],"collection":[{"href":"https:\/\/www.salzburgerland.com\/hu\/wp-json\/wp\/v2\/posts"}],"about":[{"href":"https:\/\/www.salzburgerland.com\/hu\/wp-json\/wp\/v2\/types\/post"}],"author":[{"embeddable":true,"href":"https:\/\/www.salzburgerland.com\/hu\/wp-json\/wp\/v2\/users\/4"}],"replies":[{"embeddable":true,"href":"https:\/\/www.salzburgerland.com\/hu\/wp-json\/wp\/v2\/comments?post=9645"}],"version-history":[{"count":5,"href":"https:\/\/www.salzburgerland.com\/hu\/wp-json\/wp\/v2\/posts\/9645\/revisions"}],"predecessor-version":[{"id":12181,"href":"https:\/\/www.salzburgerland.com\/hu\/wp-json\/wp\/v2\/posts\/9645\/revisions\/12181"}],"wp:featuredmedia":[{"embeddable":true,"href":"https:\/\/www.salzburgerland.com\/hu\/wp-json\/wp\/v2\/media\/9670"}],"wp:attachment":[{"href":"https:\/\/www.salzburgerland.com\/hu\/wp-json\/wp\/v2\/media?parent=9645"}],"wp:term":[{"taxonomy":"category","embeddable":true,"href":"https:\/\/www.salzburgerland.com\/hu\/wp-json\/wp\/v2\/categories?post=9645"},{"taxonomy":"post_tag","embeddable":true,"href":"https:\/\/www.salzburgerland.com\/hu\/wp-json\/wp\/v2\/tags?post=9645"},{"taxonomy":"wl_entity_type","embeddable":true,"href":"https:\/\/www.salzburgerland.com\/hu\/wp-json\/wp\/v2\/wl_entity_type?post=9645"}],"curies":[{"name":"wp","href":"https:\/\/api.w.org\/{rel}","templated":true}]}}