{"id":9467,"date":"2020-03-13T09:13:08","date_gmt":"2020-03-13T08:13:08","guid":{"rendered":"https:\/\/www.salzburgerland.com\/hu\/?p=9467"},"modified":"2020-04-10T00:57:48","modified_gmt":"2020-04-09T22:57:48","slug":"lezarjuk-a-teli-szezont-salzburg-tartomanyban","status":"publish","type":"post","link":"https:\/\/www.salzburgerland.com\/hu\/lezarjuk-a-teli-szezont-salzburg-tartomanyban\/","title":{"rendered":"Miel\u0151bb visszav\u00e1rjuk Salzburg tartom\u00e1nyba"},"content":{"rendered":"<div class=\"content\">\n<div class=\"text\">\n<div id=\"text-inner\" class=\"text-inner\">\n<h2>Kedves Vend\u00e9geink, Tisztelt \u00c9rdekl\u0151d\u0151k,<\/h2>\n<p>Salzburg tartom\u00e1ny turisztikai szervezetei teljes m\u00e9rt\u00e9kben t\u00e1mogatj\u00e1<span id=\"urn:enhancement-99774132\" class=\"textannotation disambiguated wl-place\" itemid=\"http:\/\/open.salzburgerland.com\/hu\/entity\/salzburg\">k az osztr\u00e1k sz\u00f6vets\u00e9gi korm\u00e1ny \u00e9s a nemzetk\u00f6zi szervezetek mindazon t\u00f6rekv\u00e9seit, melyek a koronav\u00edrus terjed\u00e9s\u00e9nek visszaszor\u00edt\u00e1s\u00e1t veszik c\u00e9lba.<\/span><\/p>\n<p>B\u00edzunk abban, hogy a k\u00f6z\u00f6s er\u0151fesz\u00edt\u00e9s \u00e9s a k\u00f6lcs\u00f6n\u00f6s egym\u00e1sra figyel\u00e9s meghozza gy\u00fcm\u00f6lcs\u00e9t, \u00e9s \u00a0bel\u00e1that\u00f3 id\u0151n bel\u00fcl \u00farr\u00e1 lehet\u00fcnk a helyzeten.<\/p>\n<p>A v\u00e1ls\u00e1g ut\u00e1n tal\u00e1n m\u00e9g jobban \u00e9rt\u00e9kelj\u00fck, \u00e9lvezz\u00fck majd, hogy \u00fajra utazhatunk, \u00e9s \u00e9lvezhetj\u00fck Salzburg tartom\u00e1ny r\u00e9gi\u00f3inak sz\u00e9ps\u00e9g\u00e9t, a nagyszer\u0171 term\u00e9szeti k\u00f6rnyezetet, a hegyeket, erd\u0151ket, tavakat.<\/p>\n<p><strong>K\u00f6sz\u00f6nj\u00fck, hogy az elm\u00falt \u00e9vekben is olyan sokan rendszeresen visszat\u00e9rtek hozz\u00e1nk. Sz\u00e1m\u00edtunk \u00d6n\u00f6kre a v\u00e1ls\u00e1g ut\u00e1n is, hiszen m\u00e1r most \u00f6r\u00f6mmel v\u00e1rjuk vend\u00e9geink visszat\u00e9rt\u00e9t!<\/strong><\/p>\n<h2>Addig is minden j\u00f3t k\u00edv\u00e1nunk, els\u0151sorban j\u00f3 eg\u00e9szs\u00e9get!<\/h2>\n<h2>Miel\u0151bb visszav\u00e1rjuk Salzburg tartom\u00e1nyba!<\/h2>\n<p>A SalzburgerLand Tourismus munkat\u00e1rsai<br>\n<strong>#maradjotthon #SalzburgerLand #DaheimZeit #stayathome<\/strong><\/p>\n<p><\/p>\n<\/div>\n<\/div>\n<\/div>\n<div id=\"attachment_9490\" style=\"width: 1180px\" class=\"wp-caption alignnone\"><img decoding=\"async\" aria-describedby=\"caption-attachment-9490\" class=\"size-1170_658 wp-image-9490\" src=\"https:\/\/cdn.salzburgerland.com\/hu\/wp-content\/uploads\/2020\/03\/pilgern-am-jakobsweg--salzburgerland-tourismus-michael-groessinger-1170x658.jpg\" alt=\"\" width=\"1170\" height=\"658\" srcset=\"https:\/\/www.salzburgerland.com\/hu\/wp-content\/uploads\/2020\/03\/pilgern-am-jakobsweg--salzburgerland-tourismus-michael-groessinger-1170x658.jpg 1170w, https:\/\/www.salzburgerland.com\/hu\/wp-content\/uploads\/2020\/03\/pilgern-am-jakobsweg--salzburgerland-tourismus-michael-groessinger-1200x675.jpg 1200w\" sizes=\"(max-width: 1170px) 100vw, 1170px\"><p id=\"caption-attachment-9490\" class=\"wp-caption-text\">Zar\u00e1ndok\u00faton Salzburg tartom\u00e1nyban \u00a9 SalzburgerLand Tourismus, Michael Groessinger<\/p><\/div>\n","protected":false},"excerpt":{"rendered":"<p>Kedves Vend\u00e9geink, Tisztelt \u00c9rdekl\u0151d\u0151k, Salzburg tartom\u00e1ny turisztikai szervezetei teljes m\u00e9rt\u00e9kben t\u00e1mogatj\u00e1k az osztr\u00e1k sz\u00f6vets\u00e9gi korm\u00e1ny \u00e9s a nemzetk\u00f6zi szervezetek mindazon t\u00f6rekv\u00e9seit, melyek a koronav\u00edrus terjed\u00e9s\u00e9nek visszaszor\u00edt\u00e1s\u00e1t veszik c\u00e9lba. B\u00edzunk abban, hogy a k\u00f6z\u00f6s er\u0151fesz\u00edt\u00e9s \u00e9s a k\u00f6lcs\u00f6n\u00f6s egym\u00e1sra figyel\u00e9s meghozza gy\u00fcm\u00f6lcs\u00e9t, \u00e9s \u00a0bel\u00e1that\u00f3 id\u0151n bel\u00fcl \u00farr\u00e1 lehet\u00fcnk a helyzeten. A v\u00e1ls\u00e1g ut\u00e1n tal\u00e1n m\u00e9g jobban [&hellip;]<\/p>\n","protected":false},"author":5,"featured_media":9489,"comment_status":"closed","ping_status":"closed","sticky":false,"template":"","format":"standard","meta":{"_acf_changed":false,"wl_entities_gutenberg":"","_relevanssi_hide_post":"","_relevanssi_hide_content":"","_relevanssi_pin_for_all":"","_relevanssi_pin_keywords":"","_relevanssi_unpin_keywords":"","_relevanssi_related_keywords":"","_relevanssi_related_include_ids":"","_relevanssi_related_exclude_ids":"","_relevanssi_related_no_append":"","_relevanssi_related_not_related":"","_relevanssi_related_posts":"","_relevanssi_noindex_reason":"","footnotes":""},"categories":[1],"tags":[],"wl_entity_type":[27],"class_list":["post-9467","post","type-post","status-publish","format-standard","has-post-thumbnail","hentry","category-uncategorized","wl_entity_type-article"],"acf":[],"yoast_head":"<!-- This site is optimized with the Yoast SEO Premium plugin v27.4 (Yoast SEO v27.4) - https:\/\/yoast.com\/product\/yoast-seo-premium-wordpress\/ -->\n<title>Miel\u0151bb visszav\u00e1rjuk Salzburg tartom\u00e1nyba \u00bb SalzburgerLand.com Miel\u0151bb visszav\u00e1rjuk vend\u00e9geinket<\/title>\n<meta name=\"description\" content=\"%%cf_teasertext%% A koronav\u00edrus v\u00e1ls\u00e1g sem tart \u00f6r\u00f6kk\u00e9. Miel\u0151bb visszav\u00e1rjuk vend\u00e9geinket Salzburg tartom\u00e1nyba.\" \/>\n<meta name=\"robots\" content=\"index, follow, max-snippet:-1, max-image-preview:large, max-video-preview:-1\" \/>\n<link rel=\"canonical\" href=\"https:\/\/www.salzburgerland.com\/hu\/lezarjuk-a-teli-szezont-salzburg-tartomanyban\/\" \/>\n<meta property=\"og:locale\" content=\"hu_HU\" \/>\n<meta property=\"og:type\" content=\"article\" \/>\n<meta property=\"og:title\" content=\"Miel\u0151bb visszav\u00e1rjuk Salzburg tartom\u00e1nyba\" \/>\n<meta property=\"og:description\" content=\"Kedves Vend\u00e9geink, Tisztelt \u00c9rdekl\u0151d\u0151k, Salzburg tartom\u00e1ny turisztikai szervezetei teljes m\u00e9rt\u00e9kben t\u00e1mogatj\u00e1k az osztr\u00e1k sz\u00f6vets\u00e9gi korm\u00e1ny \u00e9s a\" \/>\n<meta property=\"og:url\" content=\"https:\/\/www.salzburgerland.com\/hu\/lezarjuk-a-teli-szezont-salzburg-tartomanyban\/\" \/>\n<meta property=\"og:site_name\" content=\"SalzburgerLand.com\" \/>\n<meta property=\"article:publisher\" content=\"https:\/\/www.facebook.com\/visitsalzburgerland\/\" \/>\n<meta property=\"article:published_time\" content=\"2020-03-13T08:13:08+00:00\" \/>\n<meta property=\"article:modified_time\" content=\"2020-04-09T22:57:48+00:00\" \/>\n<meta property=\"og:image\" content=\"https:\/\/www.salzburgerland.com\/hu\/wp-content\/uploads\/2020\/03\/rs2882_2019-04-01-slt-makartplatz-by-michael-groessinger-img_8487-eine-ebene-1200x675.jpg\" \/>\n\t<meta property=\"og:image:width\" content=\"1200\" \/>\n\t<meta property=\"og:image:height\" content=\"675\" \/>\n\t<meta property=\"og:image:type\" content=\"image\/jpeg\" \/>\n<meta name=\"author\" content=\"Primo\u017e Kompan\" \/>\n<meta name=\"twitter:card\" content=\"summary_large_image\" \/>\n<meta name=\"twitter:creator\" content=\"@salzburgerland\" \/>\n<meta name=\"twitter:site\" content=\"@salzburgerland\" \/>\n<meta name=\"twitter:label1\" content=\"Szerz\u0151:\" \/>\n\t<meta name=\"twitter:data1\" content=\"Primo\u017e Kompan\" \/>\n\t<meta name=\"twitter:label2\" content=\"Becs\u00fclt olvas\u00e1si id\u0151\" \/>\n\t<meta name=\"twitter:data2\" content=\"1 perc\" \/>\n<script type=\"application\/ld+json\" class=\"yoast-schema-graph\">{\"@context\":\"https:\\\/\\\/schema.org\",\"@graph\":[{\"@type\":\"Article\",\"@id\":\"https:\\\/\\\/www.salzburgerland.com\\\/hu\\\/lezarjuk-a-teli-szezont-salzburg-tartomanyban\\\/#article\",\"isPartOf\":{\"@id\":\"https:\\\/\\\/www.salzburgerland.com\\\/hu\\\/lezarjuk-a-teli-szezont-salzburg-tartomanyban\\\/\"},\"author\":{\"name\":\"Primo\u017e Kompan\",\"@id\":\"https:\\\/\\\/www.salzburgerland.com\\\/hu\\\/#\\\/schema\\\/person\\\/f9637c405073c91d5c34378059550838\"},\"headline\":\"Miel\u0151bb visszav\u00e1rjuk Salzburg tartom\u00e1nyba\",\"datePublished\":\"2020-03-13T08:13:08+00:00\",\"dateModified\":\"2020-04-09T22:57:48+00:00\",\"mainEntityOfPage\":{\"@id\":\"https:\\\/\\\/www.salzburgerland.com\\\/hu\\\/lezarjuk-a-teli-szezont-salzburg-tartomanyban\\\/\"},\"wordCount\":229,\"image\":{\"@id\":\"https:\\\/\\\/www.salzburgerland.com\\\/hu\\\/lezarjuk-a-teli-szezont-salzburg-tartomanyban\\\/#primaryimage\"},\"thumbnailUrl\":\"https:\\\/\\\/www.salzburgerland.com\\\/hu\\\/wp-content\\\/uploads\\\/2020\\\/03\\\/rs2882_2019-04-01-slt-makartplatz-by-michael-groessinger-img_8487-eine-ebene-scaled.jpg\",\"articleSection\":[\"Uncategorized\"],\"inLanguage\":\"hu\"},{\"@type\":\"WebPage\",\"@id\":\"https:\\\/\\\/www.salzburgerland.com\\\/hu\\\/lezarjuk-a-teli-szezont-salzburg-tartomanyban\\\/\",\"url\":\"https:\\\/\\\/www.salzburgerland.com\\\/hu\\\/lezarjuk-a-teli-szezont-salzburg-tartomanyban\\\/\",\"name\":\"Miel\u0151bb visszav\u00e1rjuk Salzburg tartom\u00e1nyba \u00bb SalzburgerLand.com Miel\u0151bb visszav\u00e1rjuk vend\u00e9geinket\",\"isPartOf\":{\"@id\":\"https:\\\/\\\/www.salzburgerland.com\\\/hu\\\/#website\"},\"primaryImageOfPage\":{\"@id\":\"https:\\\/\\\/www.salzburgerland.com\\\/hu\\\/lezarjuk-a-teli-szezont-salzburg-tartomanyban\\\/#primaryimage\"},\"image\":{\"@id\":\"https:\\\/\\\/www.salzburgerland.com\\\/hu\\\/lezarjuk-a-teli-szezont-salzburg-tartomanyban\\\/#primaryimage\"},\"thumbnailUrl\":\"https:\\\/\\\/www.salzburgerland.com\\\/hu\\\/wp-content\\\/uploads\\\/2020\\\/03\\\/rs2882_2019-04-01-slt-makartplatz-by-michael-groessinger-img_8487-eine-ebene-scaled.jpg\",\"datePublished\":\"2020-03-13T08:13:08+00:00\",\"dateModified\":\"2020-04-09T22:57:48+00:00\",\"author\":{\"@id\":\"https:\\\/\\\/www.salzburgerland.com\\\/hu\\\/#\\\/schema\\\/person\\\/f9637c405073c91d5c34378059550838\"},\"description\":\"A koronav\u00edrus-j\u00e1rv\u00e1ny sem tart \u00f6r\u00f6kk\u00e9! Salzburg tartom\u00e1ny miel\u0151bb visszav\u00e1rja vend\u00e9geit! \u0150rizze meg eg\u00e9szs\u00e9g\u00e9t. A koronav\u00edrus v\u00e1ls\u00e1g sem tart \u00f6r\u00f6kk\u00e9. Miel\u0151bb visszav\u00e1rjuk vend\u00e9geinket Salzburg tartom\u00e1nyba.\",\"breadcrumb\":{\"@id\":\"https:\\\/\\\/www.salzburgerland.com\\\/hu\\\/lezarjuk-a-teli-szezont-salzburg-tartomanyban\\\/#breadcrumb\"},\"inLanguage\":\"hu\",\"potentialAction\":[{\"@type\":\"ReadAction\",\"target\":[\"https:\\\/\\\/www.salzburgerland.com\\\/hu\\\/lezarjuk-a-teli-szezont-salzburg-tartomanyban\\\/\"]}]},{\"@type\":\"ImageObject\",\"inLanguage\":\"hu\",\"@id\":\"https:\\\/\\\/www.salzburgerland.com\\\/hu\\\/lezarjuk-a-teli-szezont-salzburg-tartomanyban\\\/#primaryimage\",\"url\":\"https:\\\/\\\/www.salzburgerland.com\\\/hu\\\/wp-content\\\/uploads\\\/2020\\\/03\\\/rs2882_2019-04-01-slt-makartplatz-by-michael-groessinger-img_8487-eine-ebene-scaled.jpg\",\"contentUrl\":\"https:\\\/\\\/www.salzburgerland.com\\\/hu\\\/wp-content\\\/uploads\\\/2020\\\/03\\\/rs2882_2019-04-01-slt-makartplatz-by-michael-groessinger-img_8487-eine-ebene-scaled.jpg\",\"width\":1920,\"height\":1280,\"caption\":\"Makartplatz magn\u00f3li\u00e1kkal \u00a9 SalzburgerLand Tourismus, Michael Groessinger\"},{\"@type\":\"BreadcrumbList\",\"@id\":\"https:\\\/\\\/www.salzburgerland.com\\\/hu\\\/lezarjuk-a-teli-szezont-salzburg-tartomanyban\\\/#breadcrumb\",\"itemListElement\":[{\"@type\":\"ListItem\",\"position\":1,\"name\":\"Salzburg tartom\u00e1ny\",\"item\":\"https:\\\/\\\/www.salzburgerland.com\\\/hu\\\/salzburg\\\/\"},{\"@type\":\"ListItem\",\"position\":2,\"name\":\"Miel\u0151bb visszav\u00e1rjuk Salzburg tartom\u00e1nyba\"}]},{\"@type\":\"WebSite\",\"@id\":\"https:\\\/\\\/www.salzburgerland.com\\\/hu\\\/#website\",\"url\":\"https:\\\/\\\/www.salzburgerland.com\\\/hu\\\/\",\"name\":\"SalzburgerLand.com\",\"description\":\"\u00dcd\u00fcl\u00e9s Ausztri\u00e1ban, Salzburg tartom\u00e1nyban\",\"potentialAction\":[{\"@type\":\"SearchAction\",\"target\":{\"@type\":\"EntryPoint\",\"urlTemplate\":\"https:\\\/\\\/www.salzburgerland.com\\\/hu\\\/?s={search_term_string}\"},\"query-input\":{\"@type\":\"PropertyValueSpecification\",\"valueRequired\":true,\"valueName\":\"search_term_string\"}}],\"inLanguage\":\"hu\"},{\"@type\":\"Person\",\"@id\":\"https:\\\/\\\/www.salzburgerland.com\\\/hu\\\/#\\\/schema\\\/person\\\/f9637c405073c91d5c34378059550838\",\"name\":\"Primo\u017e Kompan\",\"image\":{\"@type\":\"ImageObject\",\"inLanguage\":\"hu\",\"@id\":\"https:\\\/\\\/secure.gravatar.com\\\/avatar\\\/b5a67b37d384f2e354dc3dd08b5afbff1a5d25c7f56b4a75b50f2080725afaa1?s=96&d=mm&r=g\",\"url\":\"https:\\\/\\\/secure.gravatar.com\\\/avatar\\\/b5a67b37d384f2e354dc3dd08b5afbff1a5d25c7f56b4a75b50f2080725afaa1?s=96&d=mm&r=g\",\"contentUrl\":\"https:\\\/\\\/secure.gravatar.com\\\/avatar\\\/b5a67b37d384f2e354dc3dd08b5afbff1a5d25c7f56b4a75b50f2080725afaa1?s=96&d=mm&r=g\",\"caption\":\"Primo\u017e Kompan\"}}]}<\/script>\n<!-- \/ Yoast SEO Premium plugin. -->","yoast_head_json":{"title":"Miel\u0151bb visszav\u00e1rjuk Salzburg tartom\u00e1nyba \u00bb SalzburgerLand.com Miel\u0151bb visszav\u00e1rjuk vend\u00e9geinket","description":"%%cf_teasertext%% A koronav\u00edrus v\u00e1ls\u00e1g sem tart \u00f6r\u00f6kk\u00e9. Miel\u0151bb visszav\u00e1rjuk vend\u00e9geinket Salzburg tartom\u00e1nyba.","robots":{"index":"index","follow":"follow","max-snippet":"max-snippet:-1","max-image-preview":"max-image-preview:large","max-video-preview":"max-video-preview:-1"},"canonical":"https:\/\/www.salzburgerland.com\/hu\/lezarjuk-a-teli-szezont-salzburg-tartomanyban\/","og_locale":"hu_HU","og_type":"article","og_title":"Miel\u0151bb visszav\u00e1rjuk Salzburg tartom\u00e1nyba","og_description":"Kedves Vend\u00e9geink, Tisztelt \u00c9rdekl\u0151d\u0151k, Salzburg tartom\u00e1ny turisztikai szervezetei teljes m\u00e9rt\u00e9kben t\u00e1mogatj\u00e1k az osztr\u00e1k sz\u00f6vets\u00e9gi korm\u00e1ny \u00e9s a","og_url":"https:\/\/www.salzburgerland.com\/hu\/lezarjuk-a-teli-szezont-salzburg-tartomanyban\/","og_site_name":"SalzburgerLand.com","article_publisher":"https:\/\/www.facebook.com\/visitsalzburgerland\/","article_published_time":"2020-03-13T08:13:08+00:00","article_modified_time":"2020-04-09T22:57:48+00:00","og_image":[{"width":1200,"height":675,"url":"https:\/\/www.salzburgerland.com\/hu\/wp-content\/uploads\/2020\/03\/rs2882_2019-04-01-slt-makartplatz-by-michael-groessinger-img_8487-eine-ebene-1200x675.jpg","type":"image\/jpeg"}],"author":"Primo\u017e Kompan","twitter_card":"summary_large_image","twitter_creator":"@salzburgerland","twitter_site":"@salzburgerland","twitter_misc":{"Szerz\u0151:":"Primo\u017e Kompan","Becs\u00fclt olvas\u00e1si id\u0151":"1 perc"},"schema":{"@context":"https:\/\/schema.org","@graph":[{"@type":"Article","@id":"https:\/\/www.salzburgerland.com\/hu\/lezarjuk-a-teli-szezont-salzburg-tartomanyban\/#article","isPartOf":{"@id":"https:\/\/www.salzburgerland.com\/hu\/lezarjuk-a-teli-szezont-salzburg-tartomanyban\/"},"author":{"name":"Primo\u017e Kompan","@id":"https:\/\/www.salzburgerland.com\/hu\/#\/schema\/person\/f9637c405073c91d5c34378059550838"},"headline":"Miel\u0151bb visszav\u00e1rjuk Salzburg tartom\u00e1nyba","datePublished":"2020-03-13T08:13:08+00:00","dateModified":"2020-04-09T22:57:48+00:00","mainEntityOfPage":{"@id":"https:\/\/www.salzburgerland.com\/hu\/lezarjuk-a-teli-szezont-salzburg-tartomanyban\/"},"wordCount":229,"image":{"@id":"https:\/\/www.salzburgerland.com\/hu\/lezarjuk-a-teli-szezont-salzburg-tartomanyban\/#primaryimage"},"thumbnailUrl":"https:\/\/www.salzburgerland.com\/hu\/wp-content\/uploads\/2020\/03\/rs2882_2019-04-01-slt-makartplatz-by-michael-groessinger-img_8487-eine-ebene-scaled.jpg","articleSection":["Uncategorized"],"inLanguage":"hu"},{"@type":"WebPage","@id":"https:\/\/www.salzburgerland.com\/hu\/lezarjuk-a-teli-szezont-salzburg-tartomanyban\/","url":"https:\/\/www.salzburgerland.com\/hu\/lezarjuk-a-teli-szezont-salzburg-tartomanyban\/","name":"Miel\u0151bb visszav\u00e1rjuk Salzburg tartom\u00e1nyba \u00bb SalzburgerLand.com Miel\u0151bb visszav\u00e1rjuk vend\u00e9geinket","isPartOf":{"@id":"https:\/\/www.salzburgerland.com\/hu\/#website"},"primaryImageOfPage":{"@id":"https:\/\/www.salzburgerland.com\/hu\/lezarjuk-a-teli-szezont-salzburg-tartomanyban\/#primaryimage"},"image":{"@id":"https:\/\/www.salzburgerland.com\/hu\/lezarjuk-a-teli-szezont-salzburg-tartomanyban\/#primaryimage"},"thumbnailUrl":"https:\/\/www.salzburgerland.com\/hu\/wp-content\/uploads\/2020\/03\/rs2882_2019-04-01-slt-makartplatz-by-michael-groessinger-img_8487-eine-ebene-scaled.jpg","datePublished":"2020-03-13T08:13:08+00:00","dateModified":"2020-04-09T22:57:48+00:00","author":{"@id":"https:\/\/www.salzburgerland.com\/hu\/#\/schema\/person\/f9637c405073c91d5c34378059550838"},"description":"A koronav\u00edrus-j\u00e1rv\u00e1ny sem tart \u00f6r\u00f6kk\u00e9! Salzburg tartom\u00e1ny miel\u0151bb visszav\u00e1rja vend\u00e9geit! \u0150rizze meg eg\u00e9szs\u00e9g\u00e9t. A koronav\u00edrus v\u00e1ls\u00e1g sem tart \u00f6r\u00f6kk\u00e9. Miel\u0151bb visszav\u00e1rjuk vend\u00e9geinket Salzburg tartom\u00e1nyba.","breadcrumb":{"@id":"https:\/\/www.salzburgerland.com\/hu\/lezarjuk-a-teli-szezont-salzburg-tartomanyban\/#breadcrumb"},"inLanguage":"hu","potentialAction":[{"@type":"ReadAction","target":["https:\/\/www.salzburgerland.com\/hu\/lezarjuk-a-teli-szezont-salzburg-tartomanyban\/"]}]},{"@type":"ImageObject","inLanguage":"hu","@id":"https:\/\/www.salzburgerland.com\/hu\/lezarjuk-a-teli-szezont-salzburg-tartomanyban\/#primaryimage","url":"https:\/\/www.salzburgerland.com\/hu\/wp-content\/uploads\/2020\/03\/rs2882_2019-04-01-slt-makartplatz-by-michael-groessinger-img_8487-eine-ebene-scaled.jpg","contentUrl":"https:\/\/www.salzburgerland.com\/hu\/wp-content\/uploads\/2020\/03\/rs2882_2019-04-01-slt-makartplatz-by-michael-groessinger-img_8487-eine-ebene-scaled.jpg","width":1920,"height":1280,"caption":"Makartplatz magn\u00f3li\u00e1kkal \u00a9 SalzburgerLand Tourismus, Michael Groessinger"},{"@type":"BreadcrumbList","@id":"https:\/\/www.salzburgerland.com\/hu\/lezarjuk-a-teli-szezont-salzburg-tartomanyban\/#breadcrumb","itemListElement":[{"@type":"ListItem","position":1,"name":"Salzburg tartom\u00e1ny","item":"https:\/\/www.salzburgerland.com\/hu\/salzburg\/"},{"@type":"ListItem","position":2,"name":"Miel\u0151bb visszav\u00e1rjuk Salzburg tartom\u00e1nyba"}]},{"@type":"WebSite","@id":"https:\/\/www.salzburgerland.com\/hu\/#website","url":"https:\/\/www.salzburgerland.com\/hu\/","name":"SalzburgerLand.com","description":"\u00dcd\u00fcl\u00e9s Ausztri\u00e1ban, Salzburg tartom\u00e1nyban","potentialAction":[{"@type":"SearchAction","target":{"@type":"EntryPoint","urlTemplate":"https:\/\/www.salzburgerland.com\/hu\/?s={search_term_string}"},"query-input":{"@type":"PropertyValueSpecification","valueRequired":true,"valueName":"search_term_string"}}],"inLanguage":"hu"},{"@type":"Person","@id":"https:\/\/www.salzburgerland.com\/hu\/#\/schema\/person\/f9637c405073c91d5c34378059550838","name":"Primo\u017e Kompan","image":{"@type":"ImageObject","inLanguage":"hu","@id":"https:\/\/secure.gravatar.com\/avatar\/b5a67b37d384f2e354dc3dd08b5afbff1a5d25c7f56b4a75b50f2080725afaa1?s=96&d=mm&r=g","url":"https:\/\/secure.gravatar.com\/avatar\/b5a67b37d384f2e354dc3dd08b5afbff1a5d25c7f56b4a75b50f2080725afaa1?s=96&d=mm&r=g","contentUrl":"https:\/\/secure.gravatar.com\/avatar\/b5a67b37d384f2e354dc3dd08b5afbff1a5d25c7f56b4a75b50f2080725afaa1?s=96&d=mm&r=g","caption":"Primo\u017e Kompan"}}]}},"_wl_alt_label":[],"wl:entity_url":"http:\/\/open.salzburgerland.com\/hu\/post\/lezarjuk_a_teli_szezont_salzburg_tartomanyban","_links":{"self":[{"href":"https:\/\/www.salzburgerland.com\/hu\/wp-json\/wp\/v2\/posts\/9467","targetHints":{"allow":["GET"]}}],"collection":[{"href":"https:\/\/www.salzburgerland.com\/hu\/wp-json\/wp\/v2\/posts"}],"about":[{"href":"https:\/\/www.salzburgerland.com\/hu\/wp-json\/wp\/v2\/types\/post"}],"author":[{"embeddable":true,"href":"https:\/\/www.salzburgerland.com\/hu\/wp-json\/wp\/v2\/users\/5"}],"replies":[{"embeddable":true,"href":"https:\/\/www.salzburgerland.com\/hu\/wp-json\/wp\/v2\/comments?post=9467"}],"version-history":[{"count":5,"href":"https:\/\/www.salzburgerland.com\/hu\/wp-json\/wp\/v2\/posts\/9467\/revisions"}],"predecessor-version":[{"id":9678,"href":"https:\/\/www.salzburgerland.com\/hu\/wp-json\/wp\/v2\/posts\/9467\/revisions\/9678"}],"wp:featuredmedia":[{"embeddable":true,"href":"https:\/\/www.salzburgerland.com\/hu\/wp-json\/wp\/v2\/media\/9489"}],"wp:attachment":[{"href":"https:\/\/www.salzburgerland.com\/hu\/wp-json\/wp\/v2\/media?parent=9467"}],"wp:term":[{"taxonomy":"category","embeddable":true,"href":"https:\/\/www.salzburgerland.com\/hu\/wp-json\/wp\/v2\/categories?post=9467"},{"taxonomy":"post_tag","embeddable":true,"href":"https:\/\/www.salzburgerland.com\/hu\/wp-json\/wp\/v2\/tags?post=9467"},{"taxonomy":"wl_entity_type","embeddable":true,"href":"https:\/\/www.salzburgerland.com\/hu\/wp-json\/wp\/v2\/wl_entity_type?post=9467"}],"curies":[{"name":"wp","href":"https:\/\/api.w.org\/{rel}","templated":true}]}}