{"id":9178,"date":"2020-03-01T14:33:16","date_gmt":"2020-03-01T13:33:16","guid":{"rendered":"https:\/\/www.salzburgerland.com\/hu\/?p=9178"},"modified":"2024-10-21T21:54:28","modified_gmt":"2024-10-21T19:54:28","slug":"adidas-infinite-trails-world-championships","status":"publish","type":"post","link":"https:\/\/www.salzburgerland.com\/hu\/adidas-infinite-trails-world-championships\/","title":{"rendered":"adidas TERREX INFINITE TRAILS"},"content":{"rendered":"<h2>Gastein, a verseny helysz\u00edne<\/h2>\n<p>Az els\u0151 <strong><a href=\"https:\/\/infinite-trails.com\/en\/\" target=\"_blank\" rel=\"noopener\">adidas TERREX INFINITE TRAILS<\/a><\/strong> hegyifut\u00f3 verseny megrendez\u00e9se \u00f3ta <a href=\"https:\/\/www.gastein.com\/en\/events\/summer\/adidas-infinite-trails-world-championships\/\" target=\"_blank\" rel=\"noopener\"><strong>Gastein<\/strong><\/a> be\u00edrta nev\u00e9t a hegyi fut\u00e1s t\u00f6rt\u00e9net\u00e9be. Salzburg tartom\u00e1ny d\u00e9li r\u00e9gi\u00f3ja paradicsomi felt\u00e9teleket k\u00edn\u00e1l a napjainkban igen n\u00e9pszer\u0171v\u00e9 v\u00e1lt, sz\u00e9p sporthoz. K\u00f6zvetlen\u00fcl a <strong>gasteini telep\u00fcl\u00e9sekr\u0151l<\/strong> nagyszer\u0171 <strong>trailek eg\u00e9sz sora<\/strong> vezet a hegyekbe.<\/p>\n<div id=\"attachment_11698\" style=\"width: 1180px\" class=\"wp-caption alignnone\"><img decoding=\"async\" aria-describedby=\"caption-attachment-11698\" class=\"wp-image-11698 size-1170_658\" src=\"https:\/\/www.salzburgerland.com\/hu\/wp-content\/uploads\/2020\/02\/cjklatt_ait19_relayloop2_6512-1170x658.jpg\" alt=\"Adidas TERREX INFINITE TRAILS World Championship\" width=\"1170\" height=\"658\" srcset=\"https:\/\/www.salzburgerland.com\/hu\/wp-content\/uploads\/2020\/02\/cjklatt_ait19_relayloop2_6512-1170x658.jpg 1170w, https:\/\/www.salzburgerland.com\/hu\/wp-content\/uploads\/2020\/02\/cjklatt_ait19_relayloop2_6512-1200x675.jpg 1200w\" sizes=\"(max-width: 1170px) 100vw, 1170px\"><p id=\"caption-attachment-11698\" class=\"wp-caption-text\">adidas TERREX INFINITE TRAILS \u00a9 Planet Talk \/ Jens Klatt<\/p><\/div>\n<p>A hegyi fut\u00e1s <strong>n\u00e9pszer\u0171s\u00e9ge<\/strong> egyre n\u00f6vekszik. <a href=\"https:\/\/www.salzburgerland.com\/hu\/gastein\/\" target=\"_blank\" rel=\"noopener\"><strong>Gasteinban<\/strong><\/a> a t\u00e1j sz\u00e9ps\u00e9ge is hozz\u00e1ad az \u00e9lm\u00e9nyhez, persze els\u0151sorban a versenyen k\u00edv\u00fcl fut\u00f3 amat\u0151r\u00f6k sz\u00e1m\u00e1ra. <strong>V\u00edzes\u00e9sek, alpesi h\u00fctt\u00e9k<\/strong> ment\u00e9n vezet az \u00f6sv\u00e9ny, a Gasteinertal v\u00f6lgy <strong>v\u00e1ltozatos, helyenk\u00e9nt t\u00f6rt\u00e9nelmi szempontb\u00f3l is \u00e9rdekes<\/strong> vid\u00e9k\u00e9n. T\u00f6bb helyr\u0151l ny\u00edlik csod\u00e1latos kil\u00e1t\u00e1s a t\u00e1volba, p\u00e9ld\u00e1ul a <strong>Gamskarkogel<\/strong> vagy a <strong>Stubnerkogel<\/strong> cs\u00facsa fel\u00e9.<\/p>\n<div id=\"attachment_13603\" style=\"width: 1180px\" class=\"wp-caption alignnone\"><img decoding=\"async\" aria-describedby=\"caption-attachment-13603\" class=\"wp-image-13603 size-1170_658\" src=\"https:\/\/cdn.salzburgerland.com\/hu\/wp-content\/uploads\/2020\/03\/stubnerkogel-c-gasteiner-bergbahnen-marktl-photography-11658-min-1170x658.jpg\" alt=\"A Stubnerkogel f\u00fcgg\u0151h\u00eddja\" width=\"1170\" height=\"658\" srcset=\"https:\/\/www.salzburgerland.com\/hu\/wp-content\/uploads\/2020\/03\/stubnerkogel-c-gasteiner-bergbahnen-marktl-photography-11658-min-1170x658.jpg 1170w, https:\/\/www.salzburgerland.com\/hu\/wp-content\/uploads\/2020\/03\/stubnerkogel-c-gasteiner-bergbahnen-marktl-photography-11658-min-1200x675.jpg 1200w\" sizes=\"(max-width: 1170px) 100vw, 1170px\"><p id=\"caption-attachment-13603\" class=\"wp-caption-text\">A Stubnerkogel f\u00fcgg\u0151h\u00eddja \u00a9 Gasteiner Bergbahnen; Marktl Photography<\/p><\/div>\n<h2>Kezd\u0151k \u00e9s profik hegyifut\u00f3 versenye<\/h2>\n<p>Szeptemberre <strong>a vil\u00e1g minden t\u00e1j\u00e1r\u00f3l<\/strong> v\u00e1rnak hegyi fut\u00f3kat Gasteinba. A csapatok k\u00f6zt lesznek <strong>kezd\u0151k \u00e9s profik<\/strong> is. Egy-egy <strong>h\u00e1romf\u0151s<\/strong> csapat <strong>\u00f6sszesen 100 kilom\u00e9tert<\/strong> fut le v\u00e1lt\u00f3ban, \u00e9s<strong> 7600 m\u00e9teres szintemelked\u00e9st<\/strong> k\u00fczd le.<\/p>\n<div id=\"attachment_9185\" style=\"width: 1180px\" class=\"wp-caption alignnone\"><img decoding=\"async\" aria-describedby=\"caption-attachment-9185\" class=\"wp-image-9185 size-1170_658\" src=\"https:\/\/www.salzburgerland.com\/hu\/wp-content\/uploads\/2020\/03\/ait_bc_ss_18_michael_mueller-1170x658.jpg\" alt=\"adidas TERREX INFINITE TRAILS hegyifut\u00f3 v\u00e1lt\u00f3 verseny Gasteinben\" width=\"1170\" height=\"658\" srcset=\"https:\/\/www.salzburgerland.com\/hu\/wp-content\/uploads\/2020\/03\/ait_bc_ss_18_michael_mueller-1170x658.jpg 1170w, https:\/\/www.salzburgerland.com\/hu\/wp-content\/uploads\/2020\/03\/ait_bc_ss_18_michael_mueller-1200x675.jpg 1200w\" sizes=\"(max-width: 1170px) 100vw, 1170px\"><p id=\"caption-attachment-9185\" class=\"wp-caption-text\">adidas TERREX INFINITE TRAILS hegyifut\u00f3 v\u00e1lt\u00f3 verseny Gasteinben \u00a9 Michael M\u00fcller<\/p><\/div>\n<h2>Az adidas TERREX INFINITE TRAILS futamai<\/h2>\n<ul>\n<li><strong>Szombaton<\/strong> \u00e1llnak starthoz a <strong>h\u00e1romf\u0151s<\/strong> csapatok n\u0151i, f\u00e9rfi \u00e9s vegyes kateg\u00f3ri\u00e1ban.\u00a0A csapattagok mindegyike <strong>egyet-egyet<\/strong> tesz meg Gastein leny\u0171g\u00f6z\u0151 alpesi vid\u00e9k\u00e9n kijel\u00f6lt <strong>h\u00e1rom k\u00f6r k\u00f6z\u00fcl<\/strong>.\u00a0A k\u00f6r\u00f6k <strong>a t\u00e1v hossza \u00e9s a szintk\u00fcl\u00f6nbs\u00e9g tekintet\u00e9ben is k\u00fcl\u00f6nb\u00f6znek<\/strong> egym\u00e1st\u00f3l: <strong>21 kilom\u00e9ter\/1900<\/strong>\u00a0m\u00e9teres szintemelked\u00e9s, <strong>35 kilom\u00e9ter\/2700<\/strong>\u00a0m\u00e9teres szintemelked\u00e9s, \u00a0<strong>44 kilom\u00e9ter\/3000<\/strong> m\u00e9teres szintemelked\u00e9s.<\/li>\n<li>az <strong>egy\u00e9ni indul\u00f3k<\/strong> sz\u00e1m\u00e1ra ker\u00fcl megrendez\u00e9sre a<strong> 15, 30, 45<\/strong> \u00e9s a<strong> 65 kilom\u00e9teres, 5000<\/strong> m\u00e9ter szintemelked\u00e9s\u0171 <strong>ultrat\u00e1v<\/strong>, mely h\u00e1rom gasteini cs\u00facsot is \u00e9rint.<\/li>\n<\/ul>\n<div id=\"attachment_9183\" style=\"width: 1180px\" class=\"wp-caption alignnone\"><img decoding=\"async\" aria-describedby=\"caption-attachment-9183\" class=\"wp-image-9183 size-1170_658\" src=\"https:\/\/www.salzburgerland.com\/hu\/wp-content\/uploads\/2020\/03\/ait_bc_ss_18_michael_mueller__4471-1170x658.jpg\" alt=\"adidas TERREX INFINITE TRAILS hegyifut\u00f3 v\u00e1lt\u00f3 verseny Gasteinben\" width=\"1170\" height=\"658\" srcset=\"https:\/\/www.salzburgerland.com\/hu\/wp-content\/uploads\/2020\/03\/ait_bc_ss_18_michael_mueller__4471-1170x658.jpg 1170w, https:\/\/www.salzburgerland.com\/hu\/wp-content\/uploads\/2020\/03\/ait_bc_ss_18_michael_mueller__4471-1200x675.jpg 1200w\" sizes=\"(max-width: 1170px) 100vw, 1170px\"><p id=\"caption-attachment-9183\" class=\"wp-caption-text\">adidas TERREX INFINITE TRAILS hegyifut\u00f3 v\u00e1lt\u00f3 verseny Gasteinben \u00a9 Michael M\u00fcller<\/p><\/div>\n<h2>adidas TERREX INFINITE TRAILS hegyifut\u00f3 verseny a fenntarthat\u00f3s\u00e1g jegy\u00e9ben<\/h2>\n<p>Ez a bajnoks\u00e1g <strong>az adidas \u00faj glob\u00e1lis terepfut\u00e1si koncepci\u00f3j\u00e1nak<\/strong> kiemelked\u0151 eleme. Az adidas c\u00e9g hat h\u00f3napig keresett ide\u00e1lis k\u00f6z\u00e9p-eur\u00f3pai helysz\u00ednt a versenyhez. Gasteinra a r\u00e9gi\u00f3 <strong>j\u00f3l \u00e1tgondolt fenntarthat\u00f3s\u00e1gi koncepci\u00f3ja<\/strong> \u00e9s a <strong>megl\u00e9v\u0151 \u00f6sv\u00e9nyek \u00e9s infrastrukt\u00fara optim\u00e1lis hasznos\u00edthat\u00f3s\u00e1ga<\/strong> miatt esett a v\u00e1laszt\u00e1s. A szervez\u0151i egyik legf\u0151bb t\u00f6rekv\u00e9se, hogy a rendezv\u00e9ny <strong>\u00f6kol\u00f3giai l\u00e1bnyoma lehet\u0151leg min\u00e9l kisebb<\/strong> maradjon.<\/p>\n<div id=\"attachment_9181\" style=\"width: 1180px\" class=\"wp-caption alignnone\"><img decoding=\"async\" aria-describedby=\"caption-attachment-9181\" class=\"wp-image-9181 size-1170_658\" src=\"https:\/\/www.salzburgerland.com\/hu\/wp-content\/uploads\/2020\/03\/ait_bc_ss_18_michael_mueller__2955-1170x658.jpg\" alt=\"adidas TERREX INFINITE TRAILS hegyifut\u00f3 v\u00e1lt\u00f3 verseny Gasteinben\" width=\"1170\" height=\"658\" srcset=\"https:\/\/www.salzburgerland.com\/hu\/wp-content\/uploads\/2020\/03\/ait_bc_ss_18_michael_mueller__2955-1170x658.jpg 1170w, https:\/\/www.salzburgerland.com\/hu\/wp-content\/uploads\/2020\/03\/ait_bc_ss_18_michael_mueller__2955-1200x675.jpg 1200w\" sizes=\"(max-width: 1170px) 100vw, 1170px\"><p id=\"caption-attachment-9181\" class=\"wp-caption-text\">adidas TERREX INFINITE TRAILS hegyifut\u00f3 v\u00e1lt\u00f3 verseny Gasteinben \u00a9 Michael M\u00fcller<\/p><\/div>\n<h2>N\u00e9z\u0151k\u00e9nt is \u00e9rdemes elj\u00f6nni egy gasteini vak\u00e1ci\u00f3ra<\/h2>\n<p>A gasteini fut\u00f3\u00f6sv\u00e9nyek nagyszer\u0171ek, \u00e9s <strong>\u00e9rdemes <a href=\"https:\/\/www.salzburgerland.com\/hu\/gastein\/\" target=\"_blank\" rel=\"noopener\">r\u00f6vid vak\u00e1ci\u00f3ra is Gasteinben maradni<\/a><\/strong>, ak\u00e1r versenyz\u0151k\u00e9nt, ak\u00e1r <strong>n\u00e9z\u0151k\u00e9nt, szurkol\u00f3k\u00e9nt<\/strong> vesz\u00fcnk is r\u00e9szt a gasteini adidas TERREX INFINITE TRAILS versenyen. Ak\u00e1r lefutottuk a t\u00e1vot, ak\u00e1r nem, k\u00e9s\u0151bb nagyszer\u0171 \u00e9rz\u00e9s \u00e1zni egyet a <strong><a href=\"https:\/\/www.gastein.com\/en\/spa\/\" target=\"_blank\" rel=\"noopener noreferrer\">k\u00e9t h\u00edres term\u00e1lvizes \u00e9lm\u00e9nyf\u00fcrd\u0151<\/a><\/strong> valamelyik\u00e9ben. <strong>Testi-lelki wellness<\/strong> ez a jav\u00e1b\u00f3l! Akinek ny\u00fajtani is van ereje \u00e9s kedve, kedv\u00e9re <a href=\"https:\/\/www.gastein.com\/en\/yoga-1\/\" target=\"_blank\" rel=\"noopener\"><strong>j\u00f3g\u00e1zhat<\/strong><\/a> is Gasteinben, este pedig \u00e1tadhatja mag\u00e1t a <a href=\"https:\/\/www.gastein.com\/en\/gastein\/food-drink\/\" target=\"_blank\" rel=\"noopener noreferrer\"><strong>gasztron\u00f3miai \u00e9lvezeteknek<\/strong><\/a>, mert azokb\u00f3l sincs itt hi\u00e1ny. Gastein <strong><a href=\"https:\/\/www.gastein.com\/en\/events\/summer\/adidas-infinite-trails-world-championships\/adidas-infinite-trails-accommodation\" target=\"_blank\" rel=\"noopener noreferrer\">remek sz\u00e1ll\u00e1sk\u00edn\u00e1lattal<\/a><\/strong> v\u00e1rja a versenyz\u0151ket \u00e9s a szurkol\u00f3kat.<\/p>\n<div id=\"attachment_9205\" style=\"width: 1180px\" class=\"wp-caption alignnone\"><img decoding=\"async\" aria-describedby=\"caption-attachment-9205\" class=\"wp-image-9205 size-1170_658\" src=\"https:\/\/www.salzburgerland.com\/hu\/wp-content\/uploads\/2020\/03\/ait_bc_ss_18_michael_mueller__1788-1170x658.jpg\" alt=\"adidas TERREX INFINITE TRAILS hegyifut\u00f3 v\u00e1lt\u00f3 verseny Gasteinben\" width=\"1170\" height=\"658\" srcset=\"https:\/\/www.salzburgerland.com\/hu\/wp-content\/uploads\/2020\/03\/ait_bc_ss_18_michael_mueller__1788-1170x658.jpg 1170w, https:\/\/www.salzburgerland.com\/hu\/wp-content\/uploads\/2020\/03\/ait_bc_ss_18_michael_mueller__1788-1200x675.jpg 1200w\" sizes=\"(max-width: 1170px) 100vw, 1170px\"><p id=\"caption-attachment-9205\" class=\"wp-caption-text\">adidas TERREX INFINITE TRAILS hegyifut\u00f3 v\u00e1lt\u00f3 verseny Gasteinben \u00a9 Michael M\u00fcller<\/p><\/div>\n<h2>Gasteinbe t\u00f6bbsz\u00f6r is meg\u00e9ri ell\u00e1togatni<\/h2>\n<p><a href=\"https:\/\/www.gastein.com\/en\/events\/summer\/\" target=\"_blank\" rel=\"noopener noreferrer\"><strong>Gasteinba<\/strong><\/a> nem csak az <strong>adidas TERREX INFINITE TRAILS fesztiv\u00e1li hangulata<\/strong> vonzza a l\u00e1togat\u00f3kat.<\/p>\n<ul>\n<li>A Gasteinertal v\u00f6lgy \u00e9s h\u00e1rom telep\u00fcl\u00e9se, <strong>Dorfgastein<\/strong>, <strong>Bad Hofgastein<\/strong> \u00e9s <strong>Bad Gastein<\/strong> nagy m\u00faltra tekint vissza. A v\u00f6lgy v\u00e9g\u00e9ben m\u00e1r az \u00f3korban <strong>aranyat b\u00e1ny\u00e1sztak<\/strong>. A v\u00f6lgy\u00f6n kereszt\u00fcl <strong>fontos kereskedelmi \u00fatvonal vezetett az Alpokon \u00e1t<\/strong>, d\u00e9li ir\u00e1nyba. <strong>M\u00e1lh\u00e1s \u00f6sv\u00e9nyeken<\/strong> sz\u00e1ll\u00edtott\u00e1k az \u00e1rut az Alpok f\u0151gerinc\u00e9n vezet\u0151 vesz\u00e9lyes \u00fatvonalon.<\/li>\n<li>A v\u00f6lgyet <strong>radontartalm\u00fa term\u00e1lforr\u00e1sai<\/strong> tett\u00e9k vil\u00e1gh\u00edr\u0171v\u00e9. A naponta mintegy \u00f6tmilli\u00f3 liter gy\u00f3gyvizet ad\u00f3 forr\u00e1sok <strong>sokf\u00e9le panaszra adnak enyh\u00fcl\u00e9st<\/strong>. A helyb\u00e9liek m\u00e1r a IX. sz\u00e1zad \u00f3ta ismert\u00e9k a forr\u00e1sok gy\u00f3gyhat\u00e1s\u00e1t \u00e9s 1200 k\u00f6r\u00fcl megjelentek az els\u0151 vend\u00e9gek is. F\u00fcrd\u0151h\u00e1zak, g\u0151zf\u00fcrd\u0151, gy\u00f3gyk\u00fara- \u00e9s gy\u00f3gy\u00e1szati k\u00f6zpontok \u00e9p\u00fcltek, valamint a <strong>gy\u00f3gyt\u00e1rna<\/strong> \u00e9s a <strong>term\u00e1lvizes <a href=\"https:\/\/www.gastein.com\/en\/spa\/\" target=\"_blank\" rel=\"noopener noreferrer\">\u00e9lm\u00e9nyf\u00fcrd\u0151k<\/a><\/strong>. Bad Gastein vil\u00e1gh\u00edr\u0171, nagyvil\u00e1gi hangulat\u00fa \u00fcd\u00fcl\u0151helly\u00e9 lett, sok\u00e1ig <strong>\u201ealpesi Monte Carlo\u201c-k\u00e9nt<\/strong> emlegett\u00e9k.<\/li>\n<li>\u00a0A gy\u00f3gyv\u00edz, a gy\u00f3gyt\u00e1rna, a Felsentherme \u00e9s az Alpentherme ma is sz\u00e1mtalan h\u00e1l\u00e1s vend\u00e9get vonz. A k\u00f6rnyez\u0151 <strong>z\u00f6ld hegyek<\/strong> t\u00far\u00e1z\u00e1sra \u00e9s s\u00edel\u00e9sre cs\u00e1b\u00edtanak. A v\u00f6lgy v\u00e9g\u00e9ben mark\u00e1nsabb, magasabb <strong>szikl\u00e1s cs\u00facsok<\/strong> emelkednek. Itt m\u00e1r a <strong>Magas-Tauern Nemzeti Park<\/strong> ter\u00fclet\u00e9n, K\u00f6z\u00e9p-Eur\u00f3pa legnagyobb term\u00e9szetv\u00e9delmi ter\u00fclet\u00e9n,<strong> a vil\u00e1g egyik legszebb vid\u00e9k\u00e9n<\/strong> j\u00e1runk.<\/li>\n<\/ul>\n<div id=\"attachment_8900\" style=\"width: 1180px\" class=\"wp-caption alignnone\"><img decoding=\"async\" aria-describedby=\"caption-attachment-8900\" class=\"wp-image-8900 size-1170_658\" src=\"https:\/\/cdn.salzburgerland.com\/hu\/wp-content\/uploads\/2020\/02\/panorama-zusammengefuegt-drohne-bad-gastein-c-daniel-ausweger-3-1170x658.jpg\" alt=\"Bad Gastein l\u00e1tk\u00e9pe mad\u00e1rt\u00e1vlatb\u00f3l\" width=\"1170\" height=\"658\" srcset=\"https:\/\/www.salzburgerland.com\/hu\/wp-content\/uploads\/2020\/02\/panorama-zusammengefuegt-drohne-bad-gastein-c-daniel-ausweger-3-1170x658.jpg 1170w, https:\/\/www.salzburgerland.com\/hu\/wp-content\/uploads\/2020\/02\/panorama-zusammengefuegt-drohne-bad-gastein-c-daniel-ausweger-3-1200x675.jpg 1200w\" sizes=\"(max-width: 1170px) 100vw, 1170px\"><p id=\"caption-attachment-8900\" class=\"wp-caption-text\">Bad Gastein l\u00e1tk\u00e9pe mad\u00e1rt\u00e1vlatb\u00f3l \u00a9 Daniel Ausweger<\/p><\/div>\n<h2>Hegyi fut\u00e1s Salzburg tartom\u00e1nyban<\/h2>\n<p>Salzburg tartom\u00e1ny <strong>alpesi legel\u0151i, magas alpesi r\u00e9gi\u00f3i ide\u00e1lis terepet k\u00edn\u00e1lnak<\/strong> mindazoknak, akik m\u00e1r ismerik ezt az \u00faj trendi sport\u00e1gat, de azoknak is, akiknek most t\u00e1madt kedv\u00fck hozz\u00e1. Kezd\u0151knek azt aj\u00e1nljuk, t\u00e1j\u00e9koz\u00f3djanak, mire kell \u00fcgyelni, mit kell tudni e sz\u00e9p sport biztons\u00e1gos gyakorl\u00e1s\u00e1hoz. A salzburgi r\u00e9gi\u00f3kban <strong>terepfut\u00f3 t\u00e1borokba<\/strong> is lehet jelentkezni.<\/p>\n<p><iframe title=\"Recap - adidas TERREX INFINITE TRAILS 2024\ud83d\udd25\" width=\"500\" height=\"281\" src=\"https:\/\/www.youtube-nocookie.com\/embed\/_8W5fdYRM8k?feature=oembed&amp;rel=0&amp;modestbranding=1\" frameborder=\"0\" allow=\"accelerometer; autoplay; clipboard-write; encrypted-media; gyroscope; picture-in-picture; web-share\" referrerpolicy=\"strict-origin-when-cross-origin\" allowfullscreen><\/iframe><\/p>\n","protected":false},"excerpt":{"rendered":"<p>Gastein, a verseny helysz\u00edne Az els\u0151 adidas TERREX INFINITE TRAILS hegyifut\u00f3 verseny megrendez\u00e9se \u00f3ta Gastein be\u00edrta nev\u00e9t a hegyi fut\u00e1s t\u00f6rt\u00e9net\u00e9be. Salzburg tartom\u00e1ny d\u00e9li r\u00e9gi\u00f3ja paradicsomi felt\u00e9teleket k\u00edn\u00e1l a napjainkban igen n\u00e9pszer\u0171v\u00e9 v\u00e1lt, sz\u00e9p sporthoz. K\u00f6zvetlen\u00fcl a gasteini telep\u00fcl\u00e9sekr\u0151l nagyszer\u0171 trailek eg\u00e9sz sora vezet a hegyekbe. A hegyi fut\u00e1s n\u00e9pszer\u0171s\u00e9ge egyre n\u00f6vekszik. Gasteinban a t\u00e1j [&hellip;]<\/p>\n","protected":false},"author":4,"featured_media":9184,"comment_status":"closed","ping_status":"closed","sticky":false,"template":"","format":"standard","meta":{"_acf_changed":false,"wl_entities_gutenberg":"","_relevanssi_hide_post":"","_relevanssi_hide_content":"","_relevanssi_pin_for_all":"","_relevanssi_pin_keywords":"","_relevanssi_unpin_keywords":"","_relevanssi_related_keywords":"","_relevanssi_related_include_ids":"","_relevanssi_related_exclude_ids":"","_relevanssi_related_no_append":"","_relevanssi_related_not_related":"","_relevanssi_related_posts":"","_relevanssi_noindex_reason":"","footnotes":""},"categories":[1],"tags":[247,246],"wl_entity_type":[4],"class_list":["post-9178","post","type-post","status-publish","format-standard","has-post-thumbnail","hentry","category-uncategorized","tag-adidas-infinite-trails-world-championship","tag-hegyifuto-verseny","wl_entity_type-event"],"acf":[],"yoast_head":"<!-- This site is optimized with the Yoast SEO Premium plugin v27.4 (Yoast SEO v27.4) - https:\/\/yoast.com\/product\/yoast-seo-premium-wordpress\/ -->\n<title>adidas TERREX INFINITE TRAILS \u00bb SalzburgerLand.com<\/title>\n<meta name=\"description\" content=\"adidas TERREX INFINITE TRAILS hegyifut\u00f3 verseny Gasteinban, vil\u00e1gverseny izgalmas gasteini traileken, n\u00e9z\u0151k\u00e9nt is \u00e9rdemes elj\u00f6nni.\" \/>\n<meta name=\"robots\" content=\"index, follow, max-snippet:-1, max-image-preview:large, max-video-preview:-1\" \/>\n<link rel=\"canonical\" href=\"https:\/\/www.salzburgerland.com\/hu\/adidas-infinite-trails-world-championships\/\" \/>\n<meta property=\"og:locale\" content=\"hu_HU\" \/>\n<meta property=\"og:type\" content=\"article\" \/>\n<meta property=\"og:title\" content=\"adidas TERREX INFINITE TRAILS\" \/>\n<meta property=\"og:description\" content=\"Gastein, a verseny helysz\u00edne Az els\u0151 adidas TERREX INFINITE TRAILS hegyifut\u00f3 verseny megrendez\u00e9se \u00f3ta Gastein be\u00edrta nev\u00e9t a hegyi fut\u00e1s t\u00f6rt\u00e9net\u00e9be.\" \/>\n<meta property=\"og:url\" content=\"https:\/\/www.salzburgerland.com\/hu\/adidas-infinite-trails-world-championships\/\" \/>\n<meta property=\"og:site_name\" content=\"SalzburgerLand.com\" \/>\n<meta property=\"article:publisher\" content=\"https:\/\/www.facebook.com\/visitsalzburgerland\/\" \/>\n<meta property=\"article:published_time\" content=\"2020-03-01T13:33:16+00:00\" \/>\n<meta property=\"article:modified_time\" content=\"2024-10-21T19:54:28+00:00\" \/>\n<meta property=\"og:image\" content=\"https:\/\/www.salzburgerland.com\/hu\/wp-content\/uploads\/2020\/03\/ait_bc_ss_18_michael_mueller__1088-1200x675.jpg\" \/>\n\t<meta property=\"og:image:width\" content=\"1200\" \/>\n\t<meta property=\"og:image:height\" content=\"675\" \/>\n\t<meta property=\"og:image:type\" content=\"image\/jpeg\" \/>\n<meta name=\"author\" content=\"Eva Suemegi\" \/>\n<meta name=\"twitter:card\" content=\"summary_large_image\" \/>\n<meta name=\"twitter:creator\" content=\"@salzburgerland\" \/>\n<meta name=\"twitter:site\" content=\"@salzburgerland\" \/>\n<meta name=\"twitter:label1\" content=\"Szerz\u0151:\" \/>\n\t<meta name=\"twitter:data1\" content=\"Eva Suemegi\" \/>\n\t<meta name=\"twitter:label2\" content=\"Becs\u00fclt olvas\u00e1si id\u0151\" \/>\n\t<meta name=\"twitter:data2\" content=\"7 perc\" \/>\n<script type=\"application\/ld+json\" class=\"yoast-schema-graph\">{\"@context\":\"https:\\\/\\\/schema.org\",\"@graph\":[{\"@type\":\"Article\",\"@id\":\"https:\\\/\\\/www.salzburgerland.com\\\/hu\\\/adidas-infinite-trails-world-championships\\\/#article\",\"isPartOf\":{\"@id\":\"https:\\\/\\\/www.salzburgerland.com\\\/hu\\\/adidas-infinite-trails-world-championships\\\/\"},\"author\":{\"name\":\"Eva Suemegi\",\"@id\":\"https:\\\/\\\/www.salzburgerland.com\\\/hu\\\/#\\\/schema\\\/person\\\/318d672774562c00dc51530dd5ca5182\"},\"headline\":\"adidas TERREX INFINITE TRAILS\",\"datePublished\":\"2020-03-01T13:33:16+00:00\",\"dateModified\":\"2024-10-21T19:54:28+00:00\",\"mainEntityOfPage\":{\"@id\":\"https:\\\/\\\/www.salzburgerland.com\\\/hu\\\/adidas-infinite-trails-world-championships\\\/\"},\"wordCount\":1091,\"image\":{\"@id\":\"https:\\\/\\\/www.salzburgerland.com\\\/hu\\\/adidas-infinite-trails-world-championships\\\/#primaryimage\"},\"thumbnailUrl\":\"https:\\\/\\\/www.salzburgerland.com\\\/hu\\\/wp-content\\\/uploads\\\/2020\\\/03\\\/ait_bc_ss_18_michael_mueller__1088.jpg\",\"keywords\":[\"adidas INFINITE TRAILS World Championship\",\"hegyifut\u00f3 verseny\"],\"articleSection\":[\"Uncategorized\"],\"inLanguage\":\"hu\"},{\"@type\":\"WebPage\",\"@id\":\"https:\\\/\\\/www.salzburgerland.com\\\/hu\\\/adidas-infinite-trails-world-championships\\\/\",\"url\":\"https:\\\/\\\/www.salzburgerland.com\\\/hu\\\/adidas-infinite-trails-world-championships\\\/\",\"name\":\"adidas TERREX INFINITE TRAILS \u00bb SalzburgerLand.com\",\"isPartOf\":{\"@id\":\"https:\\\/\\\/www.salzburgerland.com\\\/hu\\\/#website\"},\"primaryImageOfPage\":{\"@id\":\"https:\\\/\\\/www.salzburgerland.com\\\/hu\\\/adidas-infinite-trails-world-championships\\\/#primaryimage\"},\"image\":{\"@id\":\"https:\\\/\\\/www.salzburgerland.com\\\/hu\\\/adidas-infinite-trails-world-championships\\\/#primaryimage\"},\"thumbnailUrl\":\"https:\\\/\\\/www.salzburgerland.com\\\/hu\\\/wp-content\\\/uploads\\\/2020\\\/03\\\/ait_bc_ss_18_michael_mueller__1088.jpg\",\"datePublished\":\"2020-03-01T13:33:16+00:00\",\"dateModified\":\"2024-10-21T19:54:28+00:00\",\"author\":{\"@id\":\"https:\\\/\\\/www.salzburgerland.com\\\/hu\\\/#\\\/schema\\\/person\\\/318d672774562c00dc51530dd5ca5182\"},\"description\":\"adidas TERREX INFINITE TRAILS hegyifut\u00f3 verseny Gasteinban, vil\u00e1gverseny izgalmas gasteini traileken, n\u00e9z\u0151k\u00e9nt is \u00e9rdemes elj\u00f6nni.\",\"breadcrumb\":{\"@id\":\"https:\\\/\\\/www.salzburgerland.com\\\/hu\\\/adidas-infinite-trails-world-championships\\\/#breadcrumb\"},\"inLanguage\":\"hu\",\"potentialAction\":[{\"@type\":\"ReadAction\",\"target\":[\"https:\\\/\\\/www.salzburgerland.com\\\/hu\\\/adidas-infinite-trails-world-championships\\\/\"]}]},{\"@type\":\"ImageObject\",\"inLanguage\":\"hu\",\"@id\":\"https:\\\/\\\/www.salzburgerland.com\\\/hu\\\/adidas-infinite-trails-world-championships\\\/#primaryimage\",\"url\":\"https:\\\/\\\/www.salzburgerland.com\\\/hu\\\/wp-content\\\/uploads\\\/2020\\\/03\\\/ait_bc_ss_18_michael_mueller__1088.jpg\",\"contentUrl\":\"https:\\\/\\\/www.salzburgerland.com\\\/hu\\\/wp-content\\\/uploads\\\/2020\\\/03\\\/ait_bc_ss_18_michael_mueller__1088.jpg\",\"width\":1600,\"height\":1067,\"caption\":\"adidas TERREX INFINITE TRAILS hegyifut\u00f3 v\u00e1lt\u00f3 verseny Gasteinben \u00a9 Michael M\u00fcller\"},{\"@type\":\"BreadcrumbList\",\"@id\":\"https:\\\/\\\/www.salzburgerland.com\\\/hu\\\/adidas-infinite-trails-world-championships\\\/#breadcrumb\",\"itemListElement\":[{\"@type\":\"ListItem\",\"position\":1,\"name\":\"Kiemelt rendezv\u00e9nyek Salzburg tartom\u00e1ny r\u00e9gi\u00f3iban\",\"item\":\"https:\\\/\\\/www.salzburgerland.com\\\/hu\\\/kiemelt-rendezvenyek-salzburg-tartomany-regioiban\\\/\"},{\"@type\":\"ListItem\",\"position\":2,\"name\":\"adidas TERREX INFINITE TRAILS\"}]},{\"@type\":\"WebSite\",\"@id\":\"https:\\\/\\\/www.salzburgerland.com\\\/hu\\\/#website\",\"url\":\"https:\\\/\\\/www.salzburgerland.com\\\/hu\\\/\",\"name\":\"SalzburgerLand.com\",\"description\":\"\u00dcd\u00fcl\u00e9s Ausztri\u00e1ban, Salzburg tartom\u00e1nyban\",\"potentialAction\":[{\"@type\":\"SearchAction\",\"target\":{\"@type\":\"EntryPoint\",\"urlTemplate\":\"https:\\\/\\\/www.salzburgerland.com\\\/hu\\\/?s={search_term_string}\"},\"query-input\":{\"@type\":\"PropertyValueSpecification\",\"valueRequired\":true,\"valueName\":\"search_term_string\"}}],\"inLanguage\":\"hu\"},{\"@type\":\"Person\",\"@id\":\"https:\\\/\\\/www.salzburgerland.com\\\/hu\\\/#\\\/schema\\\/person\\\/318d672774562c00dc51530dd5ca5182\",\"name\":\"Eva Suemegi\",\"image\":{\"@type\":\"ImageObject\",\"inLanguage\":\"hu\",\"@id\":\"https:\\\/\\\/secure.gravatar.com\\\/avatar\\\/0713cd5ff838626404fe576f92a82fa1484d001fc2c094544fcd23cce4a3b703?s=96&d=mm&r=g\",\"url\":\"https:\\\/\\\/secure.gravatar.com\\\/avatar\\\/0713cd5ff838626404fe576f92a82fa1484d001fc2c094544fcd23cce4a3b703?s=96&d=mm&r=g\",\"contentUrl\":\"https:\\\/\\\/secure.gravatar.com\\\/avatar\\\/0713cd5ff838626404fe576f92a82fa1484d001fc2c094544fcd23cce4a3b703?s=96&d=mm&r=g\",\"caption\":\"Eva Suemegi\"}}]}<\/script>\n<meta property=\"og:video\" content=\"https:\/\/www.youtube.com\/embed\/_8W5fdYRM8k\" \/>\n<meta property=\"og:video:type\" content=\"text\/html\" \/>\n<meta property=\"og:video:duration\" content=\"33\" \/>\n<meta property=\"og:video:width\" content=\"480\" \/>\n<meta property=\"og:video:height\" content=\"270\" \/>\n<meta property=\"ya:ovs:adult\" content=\"false\" \/>\n<meta property=\"ya:ovs:upload_date\" content=\"2020-03-01T13:33:16+00:00\" \/>\n<meta property=\"ya:ovs:allow_embed\" content=\"true\" \/>\n<!-- \/ Yoast SEO Premium plugin. -->","yoast_head_json":{"title":"adidas TERREX INFINITE TRAILS \u00bb SalzburgerLand.com","description":"adidas TERREX INFINITE TRAILS hegyifut\u00f3 verseny Gasteinban, vil\u00e1gverseny izgalmas gasteini traileken, n\u00e9z\u0151k\u00e9nt is \u00e9rdemes elj\u00f6nni.","robots":{"index":"index","follow":"follow","max-snippet":"max-snippet:-1","max-image-preview":"max-image-preview:large","max-video-preview":"max-video-preview:-1"},"canonical":"https:\/\/www.salzburgerland.com\/hu\/adidas-infinite-trails-world-championships\/","og_locale":"hu_HU","og_type":"article","og_title":"adidas TERREX INFINITE TRAILS","og_description":"Gastein, a verseny helysz\u00edne Az els\u0151 adidas TERREX INFINITE TRAILS hegyifut\u00f3 verseny megrendez\u00e9se \u00f3ta Gastein be\u00edrta nev\u00e9t a hegyi fut\u00e1s t\u00f6rt\u00e9net\u00e9be.","og_url":"https:\/\/www.salzburgerland.com\/hu\/adidas-infinite-trails-world-championships\/","og_site_name":"SalzburgerLand.com","article_publisher":"https:\/\/www.facebook.com\/visitsalzburgerland\/","article_published_time":"2020-03-01T13:33:16+00:00","article_modified_time":"2024-10-21T19:54:28+00:00","og_image":[{"width":1200,"height":675,"url":"https:\/\/www.salzburgerland.com\/hu\/wp-content\/uploads\/2020\/03\/ait_bc_ss_18_michael_mueller__1088-1200x675.jpg","type":"image\/jpeg"}],"author":"Eva Suemegi","twitter_card":"summary_large_image","twitter_creator":"@salzburgerland","twitter_site":"@salzburgerland","twitter_misc":{"Szerz\u0151:":"Eva Suemegi","Becs\u00fclt olvas\u00e1si id\u0151":"7 perc"},"schema":{"@context":"https:\/\/schema.org","@graph":[{"@type":"Article","@id":"https:\/\/www.salzburgerland.com\/hu\/adidas-infinite-trails-world-championships\/#article","isPartOf":{"@id":"https:\/\/www.salzburgerland.com\/hu\/adidas-infinite-trails-world-championships\/"},"author":{"name":"Eva Suemegi","@id":"https:\/\/www.salzburgerland.com\/hu\/#\/schema\/person\/318d672774562c00dc51530dd5ca5182"},"headline":"adidas TERREX INFINITE TRAILS","datePublished":"2020-03-01T13:33:16+00:00","dateModified":"2024-10-21T19:54:28+00:00","mainEntityOfPage":{"@id":"https:\/\/www.salzburgerland.com\/hu\/adidas-infinite-trails-world-championships\/"},"wordCount":1091,"image":{"@id":"https:\/\/www.salzburgerland.com\/hu\/adidas-infinite-trails-world-championships\/#primaryimage"},"thumbnailUrl":"https:\/\/www.salzburgerland.com\/hu\/wp-content\/uploads\/2020\/03\/ait_bc_ss_18_michael_mueller__1088.jpg","keywords":["adidas INFINITE TRAILS World Championship","hegyifut\u00f3 verseny"],"articleSection":["Uncategorized"],"inLanguage":"hu"},{"@type":"WebPage","@id":"https:\/\/www.salzburgerland.com\/hu\/adidas-infinite-trails-world-championships\/","url":"https:\/\/www.salzburgerland.com\/hu\/adidas-infinite-trails-world-championships\/","name":"adidas TERREX INFINITE TRAILS \u00bb SalzburgerLand.com","isPartOf":{"@id":"https:\/\/www.salzburgerland.com\/hu\/#website"},"primaryImageOfPage":{"@id":"https:\/\/www.salzburgerland.com\/hu\/adidas-infinite-trails-world-championships\/#primaryimage"},"image":{"@id":"https:\/\/www.salzburgerland.com\/hu\/adidas-infinite-trails-world-championships\/#primaryimage"},"thumbnailUrl":"https:\/\/www.salzburgerland.com\/hu\/wp-content\/uploads\/2020\/03\/ait_bc_ss_18_michael_mueller__1088.jpg","datePublished":"2020-03-01T13:33:16+00:00","dateModified":"2024-10-21T19:54:28+00:00","author":{"@id":"https:\/\/www.salzburgerland.com\/hu\/#\/schema\/person\/318d672774562c00dc51530dd5ca5182"},"description":"adidas TERREX INFINITE TRAILS hegyifut\u00f3 verseny Gasteinban, vil\u00e1gverseny izgalmas gasteini traileken, n\u00e9z\u0151k\u00e9nt is \u00e9rdemes elj\u00f6nni.","breadcrumb":{"@id":"https:\/\/www.salzburgerland.com\/hu\/adidas-infinite-trails-world-championships\/#breadcrumb"},"inLanguage":"hu","potentialAction":[{"@type":"ReadAction","target":["https:\/\/www.salzburgerland.com\/hu\/adidas-infinite-trails-world-championships\/"]}]},{"@type":"ImageObject","inLanguage":"hu","@id":"https:\/\/www.salzburgerland.com\/hu\/adidas-infinite-trails-world-championships\/#primaryimage","url":"https:\/\/www.salzburgerland.com\/hu\/wp-content\/uploads\/2020\/03\/ait_bc_ss_18_michael_mueller__1088.jpg","contentUrl":"https:\/\/www.salzburgerland.com\/hu\/wp-content\/uploads\/2020\/03\/ait_bc_ss_18_michael_mueller__1088.jpg","width":1600,"height":1067,"caption":"adidas TERREX INFINITE TRAILS hegyifut\u00f3 v\u00e1lt\u00f3 verseny Gasteinben \u00a9 Michael M\u00fcller"},{"@type":"BreadcrumbList","@id":"https:\/\/www.salzburgerland.com\/hu\/adidas-infinite-trails-world-championships\/#breadcrumb","itemListElement":[{"@type":"ListItem","position":1,"name":"Kiemelt rendezv\u00e9nyek Salzburg tartom\u00e1ny r\u00e9gi\u00f3iban","item":"https:\/\/www.salzburgerland.com\/hu\/kiemelt-rendezvenyek-salzburg-tartomany-regioiban\/"},{"@type":"ListItem","position":2,"name":"adidas TERREX INFINITE TRAILS"}]},{"@type":"WebSite","@id":"https:\/\/www.salzburgerland.com\/hu\/#website","url":"https:\/\/www.salzburgerland.com\/hu\/","name":"SalzburgerLand.com","description":"\u00dcd\u00fcl\u00e9s Ausztri\u00e1ban, Salzburg tartom\u00e1nyban","potentialAction":[{"@type":"SearchAction","target":{"@type":"EntryPoint","urlTemplate":"https:\/\/www.salzburgerland.com\/hu\/?s={search_term_string}"},"query-input":{"@type":"PropertyValueSpecification","valueRequired":true,"valueName":"search_term_string"}}],"inLanguage":"hu"},{"@type":"Person","@id":"https:\/\/www.salzburgerland.com\/hu\/#\/schema\/person\/318d672774562c00dc51530dd5ca5182","name":"Eva Suemegi","image":{"@type":"ImageObject","inLanguage":"hu","@id":"https:\/\/secure.gravatar.com\/avatar\/0713cd5ff838626404fe576f92a82fa1484d001fc2c094544fcd23cce4a3b703?s=96&d=mm&r=g","url":"https:\/\/secure.gravatar.com\/avatar\/0713cd5ff838626404fe576f92a82fa1484d001fc2c094544fcd23cce4a3b703?s=96&d=mm&r=g","contentUrl":"https:\/\/secure.gravatar.com\/avatar\/0713cd5ff838626404fe576f92a82fa1484d001fc2c094544fcd23cce4a3b703?s=96&d=mm&r=g","caption":"Eva Suemegi"}}]},"og_video":"https:\/\/www.youtube.com\/embed\/_8W5fdYRM8k","og_video_type":"text\/html","og_video_duration":"33","og_video_width":"480","og_video_height":"270","ya_ovs_adult":"false","ya_ovs_upload_date":"2020-03-01T13:33:16+00:00","ya_ovs_allow_embed":"true"},"_wl_alt_label":[],"wl:entity_url":"http:\/\/open.salzburgerland.com\/hu\/post\/adidas_infinite_trails_world_championships","_links":{"self":[{"href":"https:\/\/www.salzburgerland.com\/hu\/wp-json\/wp\/v2\/posts\/9178","targetHints":{"allow":["GET"]}}],"collection":[{"href":"https:\/\/www.salzburgerland.com\/hu\/wp-json\/wp\/v2\/posts"}],"about":[{"href":"https:\/\/www.salzburgerland.com\/hu\/wp-json\/wp\/v2\/types\/post"}],"author":[{"embeddable":true,"href":"https:\/\/www.salzburgerland.com\/hu\/wp-json\/wp\/v2\/users\/4"}],"replies":[{"embeddable":true,"href":"https:\/\/www.salzburgerland.com\/hu\/wp-json\/wp\/v2\/comments?post=9178"}],"version-history":[{"count":12,"href":"https:\/\/www.salzburgerland.com\/hu\/wp-json\/wp\/v2\/posts\/9178\/revisions"}],"predecessor-version":[{"id":22495,"href":"https:\/\/www.salzburgerland.com\/hu\/wp-json\/wp\/v2\/posts\/9178\/revisions\/22495"}],"wp:featuredmedia":[{"embeddable":true,"href":"https:\/\/www.salzburgerland.com\/hu\/wp-json\/wp\/v2\/media\/9184"}],"wp:attachment":[{"href":"https:\/\/www.salzburgerland.com\/hu\/wp-json\/wp\/v2\/media?parent=9178"}],"wp:term":[{"taxonomy":"category","embeddable":true,"href":"https:\/\/www.salzburgerland.com\/hu\/wp-json\/wp\/v2\/categories?post=9178"},{"taxonomy":"post_tag","embeddable":true,"href":"https:\/\/www.salzburgerland.com\/hu\/wp-json\/wp\/v2\/tags?post=9178"},{"taxonomy":"wl_entity_type","embeddable":true,"href":"https:\/\/www.salzburgerland.com\/hu\/wp-json\/wp\/v2\/wl_entity_type?post=9178"}],"curies":[{"name":"wp","href":"https:\/\/api.w.org\/{rel}","templated":true}]}}