{"id":82,"date":"2016-11-16T18:26:06","date_gmt":"2016-11-16T18:26:06","guid":{"rendered":"https:\/\/www.onebigpark.at\/hu\/?p=82"},"modified":"2023-08-29T14:48:56","modified_gmt":"2023-08-29T12:48:56","slug":"teli-romantika","status":"publish","type":"post","link":"https:\/\/www.salzburgerland.com\/hu\/teli-romantika\/","title":{"rendered":"T\u00e9li romantika"},"content":{"rendered":"<p><span id=\"urn:enhancement-340aa758-0dfb-56d3-1bc1-82c81ef71baa\"><span class=\"textannotation disambiguated wl-place\" id=\"urn:enhancement-968d9ad8-19ac-fc48-86b5-baafd0b8ad82\" itemid=\"http:\/\/open.salzburgerland.com\/hu\/entity\/salzburg\"><span class=\"textannotation disambiguated wl-place\" id=\"urn:enhancement-27687e1b-8387-fa2f-fbc5-4530afa1f9c9\" itemid=\"http:\/\/open.salzburgerland.com\/hu\/entity\/salzburg\"><span id=\"urn:enhancement-54633cab-a7a5-0df8-20c0-2f4f91991f16\" class=\"textannotation disambiguated wl-thing\" itemid=\"http:\/\/open.salzburgerland.com\/hu\/entity\/salzburg_tartomany_2\">Salzburg <span id=\"urn:enhancement-7eae0c53-d262-240b-be06-de973015f674\">tartom\u00e1ny<\/span><\/span><\/span><\/span><\/span> (SalzburgerLand) alpesi r\u00e9gi\u00f3i kapcs\u00e1n els\u0151k\u00e9nt tal\u00e1n a <span id=\"urn:enhancement-fe582a2a-83fc-09dc-9fca-f63ccbfc8eb6\">t\u00e9li<\/span> \u00e9s ny\u00e1ri <span id=\"urn:enhancement-7e7be9fc-dc7a-bd90-6f64-0732caca9d45\">sportok<\/span> vil\u00e1gsz\u00ednvonal\u00fa k\u00edn\u00e1lata \u00f6tlik esz\u00fcnkbe. Pedig a t\u00e9li romantika is jellemz\u0151 a vid\u00e9kre, m\u00e1r csak a t\u00e1jak csod\u00e1latos sz\u00e9ps\u00e9ge miatt is. A <span id=\"urn:enhancement-3a8cc9c6-887d-5c09-b027-0a635cf5b1ab\">t\u00e9li<\/span> nap f\u00e9ny\u00e9ben f\u00fcrd\u0151 <strong>havas cs\u00facsok<\/strong>, r\u00e9tek, erd\u0151k, a <strong>csillagos <span id=\"urn:enhancement-cb371f3f-86ba-0f0a-38d6-53a5e4fb73e2\">t\u00e9li<\/span> \u00e9jszaka<\/strong> m\u00e9ly k\u00e9kje, a rejtett v\u00f6lgyek, a hegyoldalakon \u00e1ll\u00f3 mag\u00e1nyos kunyh\u00f3k, a r\u00e9gi\u00f3k sz\u00ednes n\u00e9pszok\u00e1sai, a k\u00e9s\u0151 esti t\u00far\u00e1kat k\u00eds\u00e9r\u0151 <strong>f\u00e1kly\u00e1k<\/strong> f\u00e9nye csod\u00e1latosan romantikus tud lenni.<\/p>\n<div id=\"attachment_7634\" style=\"width: 1180px\" class=\"wp-caption alignnone\"><img decoding=\"async\" aria-describedby=\"caption-attachment-7634\" class=\"size-1170_658 wp-image-7634\" src=\"https:\/\/cdn.salzburgerland.com\/hu\/wp-content\/uploads\/2016\/12\/-salzburgerland-tourismus-fraeulein-floras-favourite-hangouts--klammsee-kaprun-1170x658.jpg\" alt=\"Csod\u00e1latos a Klammsee t\u00f3 t\u00fcrkizk\u00e9k vize t\u00e9len, Zell am See-Kaprunban\" width=\"1170\" height=\"658\" srcset=\"https:\/\/www.salzburgerland.com\/hu\/wp-content\/uploads\/2016\/12\/-salzburgerland-tourismus-fraeulein-floras-favourite-hangouts--klammsee-kaprun-1170x658.jpg 1170w, https:\/\/www.salzburgerland.com\/hu\/wp-content\/uploads\/2016\/12\/-salzburgerland-tourismus-fraeulein-floras-favourite-hangouts--klammsee-kaprun-768x432.jpg 768w, https:\/\/www.salzburgerland.com\/hu\/wp-content\/uploads\/2016\/12\/-salzburgerland-tourismus-fraeulein-floras-favourite-hangouts--klammsee-kaprun-1200x675.jpg 1200w, https:\/\/www.salzburgerland.com\/hu\/wp-content\/uploads\/2016\/12\/-salzburgerland-tourismus-fraeulein-floras-favourite-hangouts--klammsee-kaprun.jpg 1920w\" sizes=\"(max-width: 1170px) 100vw, 1170px\"><p id=\"caption-attachment-7634\" class=\"wp-caption-text\">Csod\u00e1latos a Klammsee t\u00f3 t\u00fcrkizk\u00e9k vize t\u00e9len, Zell am See-Kaprunban \u00a9 SalzburgerLand Tourismus, Fr\u00e4ulein Floras Favourite Hangouts<\/p><\/div>\n<h2><span id=\"urn:enhancement-c567f40e-baaf-bbc5-8979-4311f28ac462\">Lovas<\/span> sz\u00e1nnal <span id=\"urn:enhancement-8c9b120e-319c-02f9-f3d4-f30caebd3491\">t\u00e9li<\/span> \u00e1lomt\u00e1jon<\/h2>\n<p>Bok\u00e1ig \u00e9r\u0151 h\u00f3ban <span id=\"urn:enhancement-4b5f0ca2-99a8-ad23-ba87-c3f8907780c4\">halad<\/span> a <strong>lovas sz\u00e1n<\/strong>. Csak a messzir\u0151l j\u00f6v\u0151 harangsz\u00f3 t\u00f6ri meg a cs\u00f6ndet a hidegben. \u00c9lvezz\u00fck a suhan\u00e1st, gy\u00f6ny\u00f6rk\u00f6d\u00fcnk a t\u00e1jban, a havas f\u00e1kban, a t\u00e1voli hegyekben. Nem f\u00e1zunk, hiszen j\u00f3l fel\u00f6lt\u00f6zt\u00fcnk \u00e9s j\u00f3les\u0151en \u00f6sszeb\u00fajunk a meleg takar\u00f3k alatt. Romantikus \u00e9lm\u00e9ny \u00e9des kettesben, de csal\u00e1di kir\u00e1ndul\u00e1snak is remek, hiszen ez az a mulats\u00e1g, amit minden koroszt\u00e1ly \u00e9rt\u00e9kel. Meg\u00e9rkez\u00fcnk a hegyi h\u00fctt\u00e9hez, ide musz\u00e1j bet\u00e9rni egy forr\u00f3 kaka\u00f3ra vagy k\u00e1v\u00e9ra, amihez persze eredeti <strong><span id=\"urn:enhancement-315c1f42-c45a-9b41-a194-fe82a91c5d58\">salzburgi<\/span> <span id=\"urn:enhancement-869faf1e-4485-12c9-e143-c28132062199\">cs\u00e1sz\u00e1rmorzsa<\/span><\/strong> (Kaiserschmarrn) duk\u00e1l, \u00edgy az igazi.<\/p>\n<div id=\"attachment_5502\" style=\"width: 1180px\" class=\"wp-caption alignnone\"><img decoding=\"async\" aria-describedby=\"caption-attachment-5502\" class=\"size-1170_658 wp-image-5502\" src=\"https:\/\/cdn.salzburgerland.com\/hu\/wp-content\/uploads\/2019\/07\/rauris_pferdeschlittenctvb-rauris-fotograf-florian-bachmeier-1170x658.jpg\" alt=\"Lovas sz\u00e1nnal kikocsizni csod\u00e1latos t\u00e9li mulats\u00e1g\" width=\"1170\" height=\"658\" srcset=\"https:\/\/www.salzburgerland.com\/hu\/wp-content\/uploads\/2019\/07\/rauris_pferdeschlittenctvb-rauris-fotograf-florian-bachmeier-1170x658.jpg 1170w, https:\/\/www.salzburgerland.com\/hu\/wp-content\/uploads\/2019\/07\/rauris_pferdeschlittenctvb-rauris-fotograf-florian-bachmeier-1200x675.jpg 1200w\" sizes=\"(max-width: 1170px) 100vw, 1170px\"><p id=\"caption-attachment-5502\" class=\"wp-caption-text\">Lovas sz\u00e1nnal kikocsizni csod\u00e1latos t\u00e9li mulats\u00e1g \u00a9 TVB Rauris, Florian Bachmeier<\/p><\/div>\n<h2>Ballonos s\u00e9tarep\u00fcl\u00e9s a <span id=\"urn:enhancement-48100098-4a66-e271-04b8-1571583f8dad\">t\u00e9li<\/span> Alpokban<\/h2>\n<p>Salzburg <span id=\"urn:enhancement-97f53dc2-6d07-afed-659f-45633d768059\">tartom\u00e1ny<\/span> sz\u00e1mtalan t\u00f3 \u00e9s hegycs\u00facs tark\u00edtotta vid\u00e9kei f\u00f6l\u00f6tt k\u00e1pr\u00e1zatos \u00e9lm\u00e9ny a <strong>h\u0151l\u00e9gballonos rep\u00fcl\u00e9s<\/strong>. T\u00e9len tal\u00e1n m\u00e9g izgalmasabb a magasba emelkedni, len\u00e9zni a vil\u00e1gra, figyelni a feh\u00e9r hegyeken sz\u00ednes gombost\u0171fejekk\u00e9nt mozg\u00f3 s\u00edel\u0151ket. <strong>Tiszta, sz\u00e9p id\u0151<\/strong> kell a s\u00e9tarep\u00fcl\u00e9shez. J\u00f3l \u00f6lt\u00f6zz\u00fcnk f\u00f6l, vigy\u00fcnk sapk\u00e1t, mert a rep\u00fcl\u00e9si magass\u00e1g n\u00f6veked\u00e9s\u00e9vel a h\u0151m\u00e9rs\u00e9klet cs\u00f6kken. Viszont \u00e9pp <strong>hideg leveg\u0151ben l\u00e1thatunk el m\u00e9g t\u00e1volabbra<\/strong>. Vannak, akik \u00e9des kettesben vitetik f\u00f6l magukat \u00e9s koccintanak egym\u00e1s eg\u00e9szs\u00e9g\u00e9re. Azt mes\u00e9lik, el\u0151fordult nem egyszer, hogy valaki ott f\u00f6nn k\u00e9rte meg kedvese kez\u00e9t. Itt a bizony\u00edt\u00e9k, hogy ez is <strong>romantikus program<\/strong> a jav\u00e1b\u00f3l.<\/p>\n<div id=\"attachment_7627\" style=\"width: 1180px\" class=\"wp-caption alignnone\"><img decoding=\"async\" aria-describedby=\"caption-attachment-7627\" class=\"size-1170_658 wp-image-7627\" src=\"https:\/\/cdn.salzburgerland.com\/hu\/wp-content\/uploads\/2016\/12\/-tvb-piesendorf-niedernsill-harry-liebmann--die-winterliche-bergwelt-erst-vom-ballon-aus-1170x658.jpg\" alt=\"A salzburgi Piesendorf-Niedernsill k\u00f6rny\u00e9k\u00e9n h\u0151l\u00e9gballonnal is lehet t\u00far\u00e1zni\" width=\"1170\" height=\"658\" srcset=\"https:\/\/www.salzburgerland.com\/hu\/wp-content\/uploads\/2016\/12\/-tvb-piesendorf-niedernsill-harry-liebmann--die-winterliche-bergwelt-erst-vom-ballon-aus-1170x658.jpg 1170w, https:\/\/www.salzburgerland.com\/hu\/wp-content\/uploads\/2016\/12\/-tvb-piesendorf-niedernsill-harry-liebmann--die-winterliche-bergwelt-erst-vom-ballon-aus-1200x675.jpg 1200w\" sizes=\"(max-width: 1170px) 100vw, 1170px\"><p id=\"caption-attachment-7627\" class=\"wp-caption-text\">A salzburgi Piesendorf-Niedernsill k\u00f6rny\u00e9k\u00e9n h\u0151l\u00e9gballonnal is lehet t\u00far\u00e1zni \u00a9 TVB Piesendorf Niedernsill, Harry Liebmann<\/p><\/div>\n<h2>T\u00e9li gyalogt\u00far\u00e1k <span id=\"urn:enhancement-878cb6d8-8eed-1a01-8e93-561fb6af1320\">salzburgi<\/span>\u00a0t\u00e1jakon<\/h2>\n<p>Sokan <strong>gyalogt\u00far\u00e1zni<\/strong> j\u00f6nnek t\u00e9len a <span id=\"urn:enhancement-8ee2842e-e6bb-0eb2-051f-dac3ec3b84ac\">salzburgi<\/span> r\u00e9gi\u00f3kba, mert tudj\u00e1k, a h\u00f3f\u00f6dte vid\u00e9ken gyalogolni testet-lelket fel\u00fcd\u00edt\u0151 \u00e9lm\u00e9ny \u00e9s egyben a stressz legjobb ellenszere. A havas hegyek l\u00e1tv\u00e1ny\u00e1b\u00f3l sosem el\u00e9g \u00e9s a k\u00f6zelben is sok apr\u00f3 \u00e9rdekess\u00e9get fedez\u00fcnk fel l\u00e9pten-nyomon. T\u00f6bbek k\u00f6z\u00f6tt a pomp\u00e1s magaslati leveg\u0151 teszi <span id=\"urn:enhancement-a6c4866c-7f54-92a9-2166-ff83c718d6a0\">Salzburg tartom\u00e1nyt<\/span><strong>alpesi eg\u00e9szs\u00e9g r\u00e9gi\u00f3v\u00e1<\/strong>. A kitart\u00f3 gyalogl\u00e1s remek tr\u00e9ning, j\u00f3 hat\u00e1ssal van a sz\u00edvre \u00e9s a v\u00e9rkering\u00e9sre. Fokozza a zs\u00edrok el\u00e9get\u00e9s\u00e9t, enyh\u00edti a v\u00e9n\u00e1s panaszokat. A b\u00e9k\u00e9s baktat\u00e1s \u00e9s a k\u00f6z\u00f6s \u00e9lm\u00e9ny k\u00f6zelebb is hozza egym\u00e1shoz az embereket. Seg\u00edt felismerni, mi a fontos, seg\u00edt j\u00f3 d\u00f6nt\u00e9sekre jutni.<\/p>\n<div id=\"attachment_7586\" style=\"width: 1180px\" class=\"wp-caption alignnone\"><img decoding=\"async\" aria-describedby=\"caption-attachment-7586\" class=\"size-1170_658 wp-image-7586\" src=\"https:\/\/cdn.salzburgerland.com\/hu\/wp-content\/uploads\/2016\/12\/winterwandern-bergruecken-sonnenschein-1170x658.jpg\" alt=\"T\u00e9li gyalogt\u00fara ragyog\u00f3 naps\u00fct\u00e9sben\" width=\"1170\" height=\"658\"><p id=\"caption-attachment-7586\" class=\"wp-caption-text\">T\u00e9li gyalogt\u00fara ragyog\u00f3 naps\u00fct\u00e9sben \u00a9 SalzburgerLand Tourismus<\/p><\/div>\n<p>A l\u00e9nyeg a kom\u00f3tos j\u00e1r\u00e1son van. Ne siess\u00fcnk \u00e9s ne t\u0171zz\u00fcnk magunk el\u00e9 t\u00fal nagy c\u00e9lokat, hiszen \u00e9pp a <strong>lass\u00edt\u00e1s<\/strong> az, ami j\u00f3t tesz. Legjobb, ha a s\u00edp\u00e1ly\u00e1k k\u00f6zel\u00e9ben vezet\u0151 letakar\u00edtott utakon haladunk. M\u00e9ly havas terepre az ut\u00f3bbi n\u00e9h\u00e1ny \u00e9vben igen n\u00e9pszer\u0171v\u00e9 lett <strong>h\u00f3talp<\/strong> val\u00f3. \u00c9rdekes tudni, hogy a mai h\u00f3talpak el\u0151deit m\u00e1r \u00e9vezredekkel ezel\u0151tt haszn\u00e1lt\u00e1k az <span id=\"urn:enhancement-6c7d6cf1-e1d7-8837-bb00-83a8984c0780\">Alpokban<\/span>. \u201e<strong>\u00d6tzi<\/strong>\u201d, a \u201e<strong>gleccserember<\/strong>\u201d is egyfajta h\u00f3talpat viselt.<\/p>\n<div id=\"attachment_7626\" style=\"width: 1180px\" class=\"wp-caption alignnone\"><img decoding=\"async\" aria-describedby=\"caption-attachment-7626\" class=\"size-1170_658 wp-image-7626\" src=\"https:\/\/cdn.salzburgerland.com\/hu\/wp-content\/uploads\/2016\/12\/-tvb-piesendorf-niedernsill-harry-liebmann--tief-verschneiter-stadl-am-winterwanderweg-1170x658.jpg\" alt=\"S\u00e9t\u00e1ra cs\u00e1b\u00edt\u00f3 havas t\u00e1j a salzburgi Piesendorf-Niedernsill k\u00f6rny\u00e9k\u00e9n\" width=\"1170\" height=\"658\" srcset=\"https:\/\/www.salzburgerland.com\/hu\/wp-content\/uploads\/2016\/12\/-tvb-piesendorf-niedernsill-harry-liebmann--tief-verschneiter-stadl-am-winterwanderweg-1170x658.jpg 1170w, https:\/\/www.salzburgerland.com\/hu\/wp-content\/uploads\/2016\/12\/-tvb-piesendorf-niedernsill-harry-liebmann--tief-verschneiter-stadl-am-winterwanderweg-1200x675.jpg 1200w\" sizes=\"(max-width: 1170px) 100vw, 1170px\"><p id=\"caption-attachment-7626\" class=\"wp-caption-text\">S\u00e9t\u00e1ra cs\u00e1b\u00edt\u00f3 havas t\u00e1j a salzburgi Piesendorf-Niedernsill k\u00f6rny\u00e9k\u00e9n \u00a9 TVB Piesendorf Niedernsill, Harry Liebmann<\/p><\/div>\n<h2>H\u00f3talpas t\u00far\u00e1k<\/h2>\n<p>Komolyabb h\u00f3talpas t\u00far\u00e1ra <span id=\"urn:enhancement-1c1c2c94-b327-59dd-8d7f-f4b8f69dc95a\">hegym\u00e1sz\u00f3<\/span> bakancsban induljunk, aminek b\u0151re nem engedi \u00e1t egyhamar a nedvess\u00e9get. R\u00e9teges \u00f6lt\u00f6zet\u00fcnket legjobb, ha v\u00edzhatlan, sz\u00e9l\u00e1ll\u00f3 dzseki \u00e9s nadr\u00e1g koron\u00e1zza. Keszty\u0171, sapka, napszem\u00fcveg, s\u0151t sz\u00e9lben s\u00edszem\u00fcveg is sz\u00fcks\u00e9ges, valamint j\u00f3 szolg\u00e1latot tesz a nagy h\u00f3t\u00e1ny\u00e9rral ell\u00e1tott s\u00edbot. Kell egy h\u00e1tizs\u00e1k h\u00f3talpr\u00f6gz\u00edt\u0151 hevederekkel, benne legyen ennival\u00f3 \u00e9s meleg ital termoszban. \u00c1tlagos fizikum\u00faaknak nem okoz probl\u00e9m\u00e1t a h\u00f3talpaz\u00e1s, de ha kimer\u00fcln\u00e9nk, forduljunk vissza.<\/p>\n<p>Ha a s\u00edp\u00e1ly\u00e1kt\u00f3l t\u00e1voli <strong>szabad terepekre<\/strong> indulunk, ugyanazokat a <strong>biztons\u00e1gi szempontokat<\/strong> szem el\u0151tt tartanunk, mint a s\u00edt\u00far\u00e1z\u00f3knak. <strong>\u00d3vjuk a term\u00e9szetet<\/strong>, ne l\u00e9pj\u00fcnk lez\u00e1rt ter\u00fcletre. F\u0151k\u00e9nt pedig gondos felk\u00e9sz\u00fcl\u00e9s el\u0151zze meg a t\u00far\u00e1t. T\u00e1j\u00e9koz\u00f3djunk a v\u00e1rhat\u00f3 id\u0151j\u00e1r\u00e1sr\u00f3l \u00e9s a lavinahelyzetr\u0151l, figyelj\u00fck a t\u00e9rk\u00e9pet, tervezz\u00fck meg el\u0151re, mennyi id\u0151re lesz sz\u00fcks\u00e9g\u00fcnk az \u00fat szakaszaihoz. Magasban fekv\u0151 szabad terepekre ne induljunk <strong>lavinafelszerel\u00e9s<\/strong> n\u00e9lk\u00fcl \u00e9s el\u0151re gyakoroljuk be ezek haszn\u00e1lat\u00e1t. Gyakorlat \u00e9s terepismeret h\u00edj\u00e1n felt\u00e9tlen\u00fcl b\u00edzzuk magunkat tapasztalt <strong>hegyi vezet\u0151re<\/strong>.<\/p>\n<div id=\"attachment_7642\" style=\"width: 1180px\" class=\"wp-caption alignnone\"><img decoding=\"async\" aria-describedby=\"caption-attachment-7642\" class=\"size-1170_658 wp-image-7642\" src=\"https:\/\/cdn.salzburgerland.com\/hu\/wp-content\/uploads\/2016\/12\/-salzburgerland-tourismus--beim-schneeschuhwandern-kann-man-auf-sanfte-art-die-winterliche-natur-erleben-1170x658.jpg\" alt=\"H\u00f3talpas t\u00far\u00e1n testk\u00f6zelb\u0151l megtapasztalhatjuk a t\u00e9li term\u00e9szetet.\" width=\"1170\" height=\"658\" srcset=\"https:\/\/www.salzburgerland.com\/hu\/wp-content\/uploads\/2016\/12\/-salzburgerland-tourismus--beim-schneeschuhwandern-kann-man-auf-sanfte-art-die-winterliche-natur-erleben-1170x658.jpg 1170w, https:\/\/www.salzburgerland.com\/hu\/wp-content\/uploads\/2016\/12\/-salzburgerland-tourismus--beim-schneeschuhwandern-kann-man-auf-sanfte-art-die-winterliche-natur-erleben-1200x675.jpg 1200w\" sizes=\"(max-width: 1170px) 100vw, 1170px\"><p id=\"caption-attachment-7642\" class=\"wp-caption-text\">H\u00f3talpas t\u00far\u00e1n testk\u00f6zelb\u0151l megtapasztalhatjuk a t\u00e9li term\u00e9szetet \u00a9 SalzburgerLand Tourismus, Daniel Breuer<\/p><\/div>\n<h2>Romantikus <span id=\"urn:enhancement-851795b8-6348-1eb2-db74-893302d1d478\">salzburgi<\/span> \u00fcd\u00fcl\u0151falvak<\/h2>\n<p>T\u0171z ropog a kandall\u00f3ban, <strong>\u00e9g\u0151 fahas\u00e1bok<\/strong> kellemes illata t\u00f6lti be az <strong>alpesi \u00fcd\u00fcl\u0151h\u00e1zik\u00f3t<\/strong>. Roppant hangulatos hely egy ilyen h\u00fctte, ide\u00e1lis <span id=\"urn:enhancement-37e139c1-e0f6-de99-7bff-992af16f998d\">t\u00e9li<\/span> sz\u00e1ll\u00e1s mindenkinek, aki gyalogt\u00far\u00e1z\u00e1ssal, h\u00f3talpaz\u00e1ssal, s\u00edel\u00e9ssel akarja t\u00f6lteni az id\u0151t. \u00c9s a <strong>k\u00e9nyelem<\/strong>? Mert arr\u00f3l nem sz\u00edvesen mondunk le, pl\u00e1ne t\u00e9len. Nem kell agg\u00f3dni, ezekben a h\u00e1zik\u00f3kban minden k\u00e9nyelmi berendez\u00e9s megvan. Egyszerre \u00e9lvezhetj\u00fck a sz\u00e1llodai k\u00e9nyelmet \u00e9s a hegyi kunyh\u00f3k romantik\u00e1j\u00e1t. \u00c9rdemes megn\u00e9zni a t\u00far\u00e1z\u00e1ssal vagy s\u00edel\u00e9ssel egybek\u00f6t\u00f6tt <strong>csomagaj\u00e1nlatokat<\/strong>!<\/p>\n<div id=\"attachment_11342\" style=\"width: 1180px\" class=\"wp-caption alignnone\"><img decoding=\"async\" aria-describedby=\"caption-attachment-11342\" class=\"size-1170_658 wp-image-11342\" src=\"https:\/\/cdn.salzburgerland.com\/hu\/wp-content\/uploads\/2020\/11\/huette_winter_kaernten_2_ur-1170x658.jpg\" alt=\"Egy hegyi legel\u0151n t\u00f6lt\u00f6tt t\u00e9li pihen\u00e9s igaz\u00e1n k\u00fcl\u00f6nleges\" width=\"1170\" height=\"658\" srcset=\"https:\/\/www.salzburgerland.com\/hu\/wp-content\/uploads\/2020\/11\/huette_winter_kaernten_2_ur-1170x658.jpg 1170w, https:\/\/www.salzburgerland.com\/hu\/wp-content\/uploads\/2020\/11\/huette_winter_kaernten_2_ur-1200x675.jpg 1200w\" sizes=\"(max-width: 1170px) 100vw, 1170px\"><p id=\"caption-attachment-11342\" class=\"wp-caption-text\">Egy hegyi legel\u0151n t\u00f6lt\u00f6tt t\u00e9li pihen\u00e9s igaz\u00e1n k\u00fcl\u00f6nleges \u00a9 urlaubambauernhof.com\/lamm<\/p><\/div>\n<h2>Biztons\u00e1g<\/h2>\n<p>A <strong>biztons\u00e1gi el\u0151\u00edr\u00e1sok<\/strong> betart\u00e1sa igen fontos a t\u00e9li Alpokban. Figyelmen k\u00edv\u00fcl hagy\u00e1suk ak\u00e1r \u00e9letvesz\u00e9lyes is lehet. Ez\u00e9rt k\u00e9rj\u00fck, fussa \u00e1t <a href=\"https:\/\/www.salzburgerland.com\/hu\/biztonsagi-eloirasok-az-alpokban-tel\/\" target=\"_blank\" rel=\"noopener noreferrer\"><strong>a biztons\u00e1gr\u00f3l sz\u00f3l\u00f3 cikk\u00fcnket<\/strong><\/a> is!<\/p>\n","protected":false},"excerpt":{"rendered":"<p>Salzburg tartom\u00e1ny (SalzburgerLand) alpesi r\u00e9gi\u00f3i kapcs\u00e1n els\u0151k\u00e9nt tal\u00e1n a t\u00e9li \u00e9s ny\u00e1ri sportok vil\u00e1gsz\u00ednvonal\u00fa k\u00edn\u00e1lata \u00f6tlik esz\u00fcnkbe. Pedig a t\u00e9li romantika is jellemz\u0151 a vid\u00e9kre, m\u00e1r csak a t\u00e1jak csod\u00e1latos sz\u00e9ps\u00e9ge miatt is. A t\u00e9li nap f\u00e9ny\u00e9ben f\u00fcrd\u0151 havas cs\u00facsok, r\u00e9tek, erd\u0151k, a csillagos t\u00e9li \u00e9jszaka m\u00e9ly k\u00e9kje, a rejtett v\u00f6lgyek, a hegyoldalakon \u00e1ll\u00f3 mag\u00e1nyos [&hellip;]<\/p>\n","protected":false},"author":4,"featured_media":14155,"comment_status":"closed","ping_status":"closed","sticky":false,"template":"","format":"standard","meta":{"_acf_changed":false,"wl_entities_gutenberg":"","_relevanssi_hide_post":"","_relevanssi_hide_content":"","_relevanssi_pin_for_all":"","_relevanssi_pin_keywords":"","_relevanssi_unpin_keywords":"","_relevanssi_related_keywords":"","_relevanssi_related_include_ids":"","_relevanssi_related_exclude_ids":"","_relevanssi_related_no_append":"","_relevanssi_related_not_related":"","_relevanssi_related_posts":"","_relevanssi_noindex_reason":"","footnotes":""},"categories":[1],"tags":[182,498,303,267],"wl_entity_type":[27],"class_list":["post-82","post","type-post","status-publish","format-standard","has-post-thumbnail","hentry","category-uncategorized","tag-alpesi-hutte","tag-holegballon","tag-lovasszan","tag-teli-romantika","wl_entity_type-article"],"acf":[],"yoast_head":"<!-- This site is optimized with the Yoast SEO Premium plugin v27.4 (Yoast SEO v27.4) - https:\/\/yoast.com\/product\/yoast-seo-premium-wordpress\/ -->\n<title>T\u00e9li romantika<\/title>\n<meta name=\"description\" content=\"Romantikus t\u00e9li programok a salzburgi r\u00e9gi\u00f3k: lovas sz\u00e1nk\u00f3z\u00e1s, h\u0151l\u00e9gballonos rep\u00fcl\u00e9s, t\u00e9li gyalogt\u00far\u00e1k, h\u00f3talpas t\u00far\u00e1k\" \/>\n<meta name=\"robots\" content=\"index, follow, max-snippet:-1, max-image-preview:large, max-video-preview:-1\" \/>\n<link rel=\"canonical\" href=\"https:\/\/www.salzburgerland.com\/hu\/teli-romantika\/\" \/>\n<meta property=\"og:locale\" content=\"hu_HU\" \/>\n<meta property=\"og:type\" content=\"article\" \/>\n<meta property=\"og:title\" content=\"T\u00e9li romantika\" \/>\n<meta property=\"og:description\" content=\"Salzburg tartom\u00e1ny (SalzburgerLand) alpesi r\u00e9gi\u00f3i kapcs\u00e1n els\u0151k\u00e9nt tal\u00e1n a t\u00e9li \u00e9s ny\u00e1ri sportok vil\u00e1gsz\u00ednvonal\u00fa k\u00edn\u00e1lata \u00f6tlik esz\u00fcnkbe. Pedig a t\u00e9li\" \/>\n<meta property=\"og:url\" content=\"https:\/\/www.salzburgerland.com\/hu\/teli-romantika\/\" \/>\n<meta property=\"og:site_name\" content=\"SalzburgerLand.com\" \/>\n<meta property=\"article:publisher\" content=\"https:\/\/www.facebook.com\/visitsalzburgerland\/\" \/>\n<meta property=\"article:published_time\" content=\"2016-11-16T18:26:06+00:00\" \/>\n<meta property=\"article:modified_time\" content=\"2023-08-29T12:48:56+00:00\" \/>\n<meta property=\"og:image\" content=\"https:\/\/www.salzburgerland.com\/hu\/wp-content\/uploads\/2021\/10\/919a8163-1200x675.jpg\" \/>\n\t<meta property=\"og:image:width\" content=\"1200\" \/>\n\t<meta property=\"og:image:height\" content=\"675\" \/>\n\t<meta property=\"og:image:type\" content=\"image\/jpeg\" \/>\n<meta name=\"author\" content=\"Eva Suemegi\" \/>\n<meta name=\"twitter:card\" content=\"summary_large_image\" \/>\n<meta name=\"twitter:creator\" content=\"@salzburgerland\" \/>\n<meta name=\"twitter:site\" content=\"@salzburgerland\" \/>\n<meta name=\"twitter:label1\" content=\"Szerz\u0151:\" \/>\n\t<meta name=\"twitter:data1\" content=\"Eva Suemegi\" \/>\n\t<meta name=\"twitter:label2\" content=\"Becs\u00fclt olvas\u00e1si id\u0151\" \/>\n\t<meta name=\"twitter:data2\" content=\"6 perc\" \/>\n<script type=\"application\/ld+json\" class=\"yoast-schema-graph\">{\"@context\":\"https:\\\/\\\/schema.org\",\"@graph\":[{\"@type\":\"Article\",\"@id\":\"https:\\\/\\\/www.salzburgerland.com\\\/hu\\\/teli-romantika\\\/#article\",\"isPartOf\":{\"@id\":\"https:\\\/\\\/www.salzburgerland.com\\\/hu\\\/teli-romantika\\\/\"},\"author\":{\"name\":\"Eva Suemegi\",\"@id\":\"https:\\\/\\\/www.salzburgerland.com\\\/hu\\\/#\\\/schema\\\/person\\\/318d672774562c00dc51530dd5ca5182\"},\"headline\":\"T\u00e9li romantika\",\"datePublished\":\"2016-11-16T18:26:06+00:00\",\"dateModified\":\"2023-08-29T12:48:56+00:00\",\"mainEntityOfPage\":{\"@id\":\"https:\\\/\\\/www.salzburgerland.com\\\/hu\\\/teli-romantika\\\/\"},\"wordCount\":1251,\"image\":{\"@id\":\"https:\\\/\\\/www.salzburgerland.com\\\/hu\\\/teli-romantika\\\/#primaryimage\"},\"thumbnailUrl\":\"https:\\\/\\\/www.salzburgerland.com\\\/hu\\\/wp-content\\\/uploads\\\/2021\\\/10\\\/919a8163-scaled.jpg\",\"keywords\":[\"alpesi h\u00fctte\",\"h\u0151l\u00e9gballon\",\"lovassz\u00e1n\",\"t\u00e9li romantika\"],\"articleSection\":[\"Uncategorized\"],\"inLanguage\":\"hu\"},{\"@type\":\"WebPage\",\"@id\":\"https:\\\/\\\/www.salzburgerland.com\\\/hu\\\/teli-romantika\\\/\",\"url\":\"https:\\\/\\\/www.salzburgerland.com\\\/hu\\\/teli-romantika\\\/\",\"name\":\"T\u00e9li romantika\",\"isPartOf\":{\"@id\":\"https:\\\/\\\/www.salzburgerland.com\\\/hu\\\/#website\"},\"primaryImageOfPage\":{\"@id\":\"https:\\\/\\\/www.salzburgerland.com\\\/hu\\\/teli-romantika\\\/#primaryimage\"},\"image\":{\"@id\":\"https:\\\/\\\/www.salzburgerland.com\\\/hu\\\/teli-romantika\\\/#primaryimage\"},\"thumbnailUrl\":\"https:\\\/\\\/www.salzburgerland.com\\\/hu\\\/wp-content\\\/uploads\\\/2021\\\/10\\\/919a8163-scaled.jpg\",\"datePublished\":\"2016-11-16T18:26:06+00:00\",\"dateModified\":\"2023-08-29T12:48:56+00:00\",\"author\":{\"@id\":\"https:\\\/\\\/www.salzburgerland.com\\\/hu\\\/#\\\/schema\\\/person\\\/318d672774562c00dc51530dd5ca5182\"},\"description\":\"Romantikus t\u00e9li programok a salzburgi r\u00e9gi\u00f3k: lovas sz\u00e1nk\u00f3z\u00e1s, h\u0151l\u00e9gballonos rep\u00fcl\u00e9s, t\u00e9li gyalogt\u00far\u00e1k, h\u00f3talpas t\u00far\u00e1k\",\"breadcrumb\":{\"@id\":\"https:\\\/\\\/www.salzburgerland.com\\\/hu\\\/teli-romantika\\\/#breadcrumb\"},\"inLanguage\":\"hu\",\"potentialAction\":[{\"@type\":\"ReadAction\",\"target\":[\"https:\\\/\\\/www.salzburgerland.com\\\/hu\\\/teli-romantika\\\/\"]}]},{\"@type\":\"ImageObject\",\"inLanguage\":\"hu\",\"@id\":\"https:\\\/\\\/www.salzburgerland.com\\\/hu\\\/teli-romantika\\\/#primaryimage\",\"url\":\"https:\\\/\\\/www.salzburgerland.com\\\/hu\\\/wp-content\\\/uploads\\\/2021\\\/10\\\/919a8163-scaled.jpg\",\"contentUrl\":\"https:\\\/\\\/www.salzburgerland.com\\\/hu\\\/wp-content\\\/uploads\\\/2021\\\/10\\\/919a8163-scaled.jpg\",\"width\":1920,\"height\":1280,\"caption\":\"Kedves T\u00e9l, egy\u00fctt verhetetlenek vagyunk. \u00a9 SalzburgerLand Tourismus\"},{\"@type\":\"BreadcrumbList\",\"@id\":\"https:\\\/\\\/www.salzburgerland.com\\\/hu\\\/teli-romantika\\\/#breadcrumb\",\"itemListElement\":[{\"@type\":\"ListItem\",\"position\":1,\"name\":\"A salzburgi t\u00e9l nem csak s\u00edp\u00e1ly\u00e1kb\u00f3l \u00e1ll\",\"item\":\"https:\\\/\\\/www.salzburgerland.com\\\/hu\\\/a-tel-toebbi-arca\\\/\"},{\"@type\":\"ListItem\",\"position\":2,\"name\":\"T\u00e9li romantika\"}]},{\"@type\":\"WebSite\",\"@id\":\"https:\\\/\\\/www.salzburgerland.com\\\/hu\\\/#website\",\"url\":\"https:\\\/\\\/www.salzburgerland.com\\\/hu\\\/\",\"name\":\"SalzburgerLand.com\",\"description\":\"\u00dcd\u00fcl\u00e9s Ausztri\u00e1ban, Salzburg tartom\u00e1nyban\",\"potentialAction\":[{\"@type\":\"SearchAction\",\"target\":{\"@type\":\"EntryPoint\",\"urlTemplate\":\"https:\\\/\\\/www.salzburgerland.com\\\/hu\\\/?s={search_term_string}\"},\"query-input\":{\"@type\":\"PropertyValueSpecification\",\"valueRequired\":true,\"valueName\":\"search_term_string\"}}],\"inLanguage\":\"hu\"},{\"@type\":\"Person\",\"@id\":\"https:\\\/\\\/www.salzburgerland.com\\\/hu\\\/#\\\/schema\\\/person\\\/318d672774562c00dc51530dd5ca5182\",\"name\":\"Eva Suemegi\",\"image\":{\"@type\":\"ImageObject\",\"inLanguage\":\"hu\",\"@id\":\"https:\\\/\\\/secure.gravatar.com\\\/avatar\\\/0713cd5ff838626404fe576f92a82fa1484d001fc2c094544fcd23cce4a3b703?s=96&d=mm&r=g\",\"url\":\"https:\\\/\\\/secure.gravatar.com\\\/avatar\\\/0713cd5ff838626404fe576f92a82fa1484d001fc2c094544fcd23cce4a3b703?s=96&d=mm&r=g\",\"contentUrl\":\"https:\\\/\\\/secure.gravatar.com\\\/avatar\\\/0713cd5ff838626404fe576f92a82fa1484d001fc2c094544fcd23cce4a3b703?s=96&d=mm&r=g\",\"caption\":\"Eva Suemegi\"}}]}<\/script>\n<meta property=\"og:video\" content=\"https:\/\/www.youtube.com\/embed\/-9cao5eJ1BA\" \/>\n<meta property=\"og:video:type\" content=\"text\/html\" \/>\n<meta property=\"og:video:duration\" content=\"183\" \/>\n<meta property=\"og:video:width\" content=\"480\" \/>\n<meta property=\"og:video:height\" content=\"270\" \/>\n<meta property=\"ya:ovs:adult\" content=\"false\" \/>\n<meta property=\"ya:ovs:upload_date\" content=\"2016-11-16T18:26:06+00:00\" \/>\n<meta property=\"ya:ovs:allow_embed\" content=\"true\" \/>\n<!-- \/ Yoast SEO Premium plugin. -->","yoast_head_json":{"title":"T\u00e9li romantika","description":"Romantikus t\u00e9li programok a salzburgi r\u00e9gi\u00f3k: lovas sz\u00e1nk\u00f3z\u00e1s, h\u0151l\u00e9gballonos rep\u00fcl\u00e9s, t\u00e9li gyalogt\u00far\u00e1k, h\u00f3talpas t\u00far\u00e1k","robots":{"index":"index","follow":"follow","max-snippet":"max-snippet:-1","max-image-preview":"max-image-preview:large","max-video-preview":"max-video-preview:-1"},"canonical":"https:\/\/www.salzburgerland.com\/hu\/teli-romantika\/","og_locale":"hu_HU","og_type":"article","og_title":"T\u00e9li romantika","og_description":"Salzburg tartom\u00e1ny (SalzburgerLand) alpesi r\u00e9gi\u00f3i kapcs\u00e1n els\u0151k\u00e9nt tal\u00e1n a t\u00e9li \u00e9s ny\u00e1ri sportok vil\u00e1gsz\u00ednvonal\u00fa k\u00edn\u00e1lata \u00f6tlik esz\u00fcnkbe. Pedig a t\u00e9li","og_url":"https:\/\/www.salzburgerland.com\/hu\/teli-romantika\/","og_site_name":"SalzburgerLand.com","article_publisher":"https:\/\/www.facebook.com\/visitsalzburgerland\/","article_published_time":"2016-11-16T18:26:06+00:00","article_modified_time":"2023-08-29T12:48:56+00:00","og_image":[{"width":1200,"height":675,"url":"https:\/\/www.salzburgerland.com\/hu\/wp-content\/uploads\/2021\/10\/919a8163-1200x675.jpg","type":"image\/jpeg"}],"author":"Eva Suemegi","twitter_card":"summary_large_image","twitter_creator":"@salzburgerland","twitter_site":"@salzburgerland","twitter_misc":{"Szerz\u0151:":"Eva Suemegi","Becs\u00fclt olvas\u00e1si id\u0151":"6 perc"},"schema":{"@context":"https:\/\/schema.org","@graph":[{"@type":"Article","@id":"https:\/\/www.salzburgerland.com\/hu\/teli-romantika\/#article","isPartOf":{"@id":"https:\/\/www.salzburgerland.com\/hu\/teli-romantika\/"},"author":{"name":"Eva Suemegi","@id":"https:\/\/www.salzburgerland.com\/hu\/#\/schema\/person\/318d672774562c00dc51530dd5ca5182"},"headline":"T\u00e9li romantika","datePublished":"2016-11-16T18:26:06+00:00","dateModified":"2023-08-29T12:48:56+00:00","mainEntityOfPage":{"@id":"https:\/\/www.salzburgerland.com\/hu\/teli-romantika\/"},"wordCount":1251,"image":{"@id":"https:\/\/www.salzburgerland.com\/hu\/teli-romantika\/#primaryimage"},"thumbnailUrl":"https:\/\/www.salzburgerland.com\/hu\/wp-content\/uploads\/2021\/10\/919a8163-scaled.jpg","keywords":["alpesi h\u00fctte","h\u0151l\u00e9gballon","lovassz\u00e1n","t\u00e9li romantika"],"articleSection":["Uncategorized"],"inLanguage":"hu"},{"@type":"WebPage","@id":"https:\/\/www.salzburgerland.com\/hu\/teli-romantika\/","url":"https:\/\/www.salzburgerland.com\/hu\/teli-romantika\/","name":"T\u00e9li romantika","isPartOf":{"@id":"https:\/\/www.salzburgerland.com\/hu\/#website"},"primaryImageOfPage":{"@id":"https:\/\/www.salzburgerland.com\/hu\/teli-romantika\/#primaryimage"},"image":{"@id":"https:\/\/www.salzburgerland.com\/hu\/teli-romantika\/#primaryimage"},"thumbnailUrl":"https:\/\/www.salzburgerland.com\/hu\/wp-content\/uploads\/2021\/10\/919a8163-scaled.jpg","datePublished":"2016-11-16T18:26:06+00:00","dateModified":"2023-08-29T12:48:56+00:00","author":{"@id":"https:\/\/www.salzburgerland.com\/hu\/#\/schema\/person\/318d672774562c00dc51530dd5ca5182"},"description":"Romantikus t\u00e9li programok a salzburgi r\u00e9gi\u00f3k: lovas sz\u00e1nk\u00f3z\u00e1s, h\u0151l\u00e9gballonos rep\u00fcl\u00e9s, t\u00e9li gyalogt\u00far\u00e1k, h\u00f3talpas t\u00far\u00e1k","breadcrumb":{"@id":"https:\/\/www.salzburgerland.com\/hu\/teli-romantika\/#breadcrumb"},"inLanguage":"hu","potentialAction":[{"@type":"ReadAction","target":["https:\/\/www.salzburgerland.com\/hu\/teli-romantika\/"]}]},{"@type":"ImageObject","inLanguage":"hu","@id":"https:\/\/www.salzburgerland.com\/hu\/teli-romantika\/#primaryimage","url":"https:\/\/www.salzburgerland.com\/hu\/wp-content\/uploads\/2021\/10\/919a8163-scaled.jpg","contentUrl":"https:\/\/www.salzburgerland.com\/hu\/wp-content\/uploads\/2021\/10\/919a8163-scaled.jpg","width":1920,"height":1280,"caption":"Kedves T\u00e9l, egy\u00fctt verhetetlenek vagyunk. \u00a9 SalzburgerLand Tourismus"},{"@type":"BreadcrumbList","@id":"https:\/\/www.salzburgerland.com\/hu\/teli-romantika\/#breadcrumb","itemListElement":[{"@type":"ListItem","position":1,"name":"A salzburgi t\u00e9l nem csak s\u00edp\u00e1ly\u00e1kb\u00f3l \u00e1ll","item":"https:\/\/www.salzburgerland.com\/hu\/a-tel-toebbi-arca\/"},{"@type":"ListItem","position":2,"name":"T\u00e9li romantika"}]},{"@type":"WebSite","@id":"https:\/\/www.salzburgerland.com\/hu\/#website","url":"https:\/\/www.salzburgerland.com\/hu\/","name":"SalzburgerLand.com","description":"\u00dcd\u00fcl\u00e9s Ausztri\u00e1ban, Salzburg tartom\u00e1nyban","potentialAction":[{"@type":"SearchAction","target":{"@type":"EntryPoint","urlTemplate":"https:\/\/www.salzburgerland.com\/hu\/?s={search_term_string}"},"query-input":{"@type":"PropertyValueSpecification","valueRequired":true,"valueName":"search_term_string"}}],"inLanguage":"hu"},{"@type":"Person","@id":"https:\/\/www.salzburgerland.com\/hu\/#\/schema\/person\/318d672774562c00dc51530dd5ca5182","name":"Eva Suemegi","image":{"@type":"ImageObject","inLanguage":"hu","@id":"https:\/\/secure.gravatar.com\/avatar\/0713cd5ff838626404fe576f92a82fa1484d001fc2c094544fcd23cce4a3b703?s=96&d=mm&r=g","url":"https:\/\/secure.gravatar.com\/avatar\/0713cd5ff838626404fe576f92a82fa1484d001fc2c094544fcd23cce4a3b703?s=96&d=mm&r=g","contentUrl":"https:\/\/secure.gravatar.com\/avatar\/0713cd5ff838626404fe576f92a82fa1484d001fc2c094544fcd23cce4a3b703?s=96&d=mm&r=g","caption":"Eva Suemegi"}}]},"og_video":"https:\/\/www.youtube.com\/embed\/-9cao5eJ1BA","og_video_type":"text\/html","og_video_duration":"183","og_video_width":"480","og_video_height":"270","ya_ovs_adult":"false","ya_ovs_upload_date":"2016-11-16T18:26:06+00:00","ya_ovs_allow_embed":"true"},"_wl_alt_label":[],"wl:entity_url":"http:\/\/open.salzburgerland.com\/hu\/post\/teli_romantika","_links":{"self":[{"href":"https:\/\/www.salzburgerland.com\/hu\/wp-json\/wp\/v2\/posts\/82","targetHints":{"allow":["GET"]}}],"collection":[{"href":"https:\/\/www.salzburgerland.com\/hu\/wp-json\/wp\/v2\/posts"}],"about":[{"href":"https:\/\/www.salzburgerland.com\/hu\/wp-json\/wp\/v2\/types\/post"}],"author":[{"embeddable":true,"href":"https:\/\/www.salzburgerland.com\/hu\/wp-json\/wp\/v2\/users\/4"}],"replies":[{"embeddable":true,"href":"https:\/\/www.salzburgerland.com\/hu\/wp-json\/wp\/v2\/comments?post=82"}],"version-history":[{"count":5,"href":"https:\/\/www.salzburgerland.com\/hu\/wp-json\/wp\/v2\/posts\/82\/revisions"}],"predecessor-version":[{"id":19983,"href":"https:\/\/www.salzburgerland.com\/hu\/wp-json\/wp\/v2\/posts\/82\/revisions\/19983"}],"wp:featuredmedia":[{"embeddable":true,"href":"https:\/\/www.salzburgerland.com\/hu\/wp-json\/wp\/v2\/media\/14155"}],"wp:attachment":[{"href":"https:\/\/www.salzburgerland.com\/hu\/wp-json\/wp\/v2\/media?parent=82"}],"wp:term":[{"taxonomy":"category","embeddable":true,"href":"https:\/\/www.salzburgerland.com\/hu\/wp-json\/wp\/v2\/categories?post=82"},{"taxonomy":"post_tag","embeddable":true,"href":"https:\/\/www.salzburgerland.com\/hu\/wp-json\/wp\/v2\/tags?post=82"},{"taxonomy":"wl_entity_type","embeddable":true,"href":"https:\/\/www.salzburgerland.com\/hu\/wp-json\/wp\/v2\/wl_entity_type?post=82"}],"curies":[{"name":"wp","href":"https:\/\/api.w.org\/{rel}","templated":true}]}}