{"id":58,"date":"2016-11-16T18:24:20","date_gmt":"2016-11-16T18:24:20","guid":{"rendered":"https:\/\/www.onebigpark.at\/hu\/?p=58"},"modified":"2023-04-14T15:13:57","modified_gmt":"2023-04-14T13:13:57","slug":"bringa-es-mtb-szallodak","status":"publish","type":"post","link":"https:\/\/www.salzburgerland.com\/hu\/bringa-es-mtb-szallodak\/","title":{"rendered":"Bringabar\u00e1t salzburgi sz\u00e1ll\u00e1sok"},"content":{"rendered":"<p><span color=\"#000000\">A <strong>salzburgi bringabar\u00e1t sz\u00e1llod\u00e1k<span id=\"urn:enhancement-aa5372ac-656b-5a5d-76cd-bc6dd262adb4\"><\/span> \u00e9s sz\u00e1ll\u00e1sok<\/strong> k\u00fcl\u00f6n kateg\u00f3ri\u00e1t k\u00e9pviselnek Salzburg tartom\u00e1ny (SalzburgerLand) sz\u00e1ll\u00e1shely-k\u00edn\u00e1lat\u00e1ban. Term\u00e9szetesen m\u00e1sutt is meg lehet sz\u00e1llni bring\u00e1val is, viszont a bringabar\u00e1t helyeken minden, de minden a bring\u00e1sok k\u00f6r\u00fcl forog. Hogy minden meglegyen, amire csak a nyaral\u00e1s \u00e9lvezet\u00e9hez sz\u00fcks\u00e9g\u00fck lehet.<\/span><\/p>\n<h2><span color=\"#000000\">Bringabar\u00e1t infrastrukt\u00fara<\/span><\/h2>\n<p><span color=\"#000000\">A <span id=\"urn:local-text-annotation-77xamo8dl0sf7gnud4bfbqoiozenoy5c\" class=\"textannotation disambiguated wl-thing\" itemid=\"http:\/\/open.salzburgerland.com\/hu\/entity\/bringabarat_szallas\"><span id=\"urn:enhancement-3123486d-1f2b-d50c-9afc-2ba0dfa5bcad\" class=\"textannotation disambiguated wl-thing\" itemid=\"http:\/\/open.salzburgerland.com\/hu\/entity\/bringabarat_szallas\">bringabar<span lang=\"HU\"><span color=\"#000000\">\u00e1t sz\u00e1ll\u00e1s<\/span><\/span><\/span> k\u00f6zel kell legyen t\u00f6bbf\u00e9le ker\u00e9kp\u00e1r\u00fathoz vagy hegyi<span id=\"urn:local-text-annotation-6sadu7gpfyk3ufprlev7xwl1muc5k8rs\" itemid=\"http:\/\/open.salzburgerland.com\/hu\/entity\/orszaguti_kerekpar\">ker\u00e9kp\u00e1r<\/span>-\u00fatvonalhoz<\/span><\/span><span color=\"#000000\">. Felt\u00e9tel, hogy a tulajdonos megold\u00e1st k\u00edn\u00e1ljon a bring\u00e1k <strong>biztons\u00e1gos elhelyez\u00e9s\u00e9re \u00e9s szervizel\u00e9s\u00e9re<\/strong>. Hiszen nyilv\u00e1n nem lenne j\u00f3 arra \u00e9bredni, hogy valaki meglovas\u00edtotta kedvenc ker\u00e9kp\u00e1runkat. Sem arra, hogy szerel\u00e9si lehet\u0151s\u00e9g h\u00edj\u00e1n nem tudjuk folytatni a tervezett programunkat. A bringabar\u00e1t helyeken <strong>sz\u00e1r\u00edt\u00f3<\/strong> is kell legyen a ruh\u00e1zat \u00e9s a felszerel\u00e9s megsz\u00e1r\u00edt\u00e1s\u00e1hoz. Ahhoz, hogy egy sz\u00e1ll\u00e1shely bringabar\u00e1tk\u00e9nt hirdethesse mag\u00e1t m\u00e1r a honlapj\u00e1t is \u00fagy kell berendeznie, hogy az <strong>hasznos inform\u00e1ci\u00f3kkal<\/strong> szolg\u00e1ljon a ker\u00e9kp\u00e1rosoknak. Mag\u00e1t\u00f3l \u00e9rtet\u0151dik, hogy a helysz\u00ednen pedig <strong>ingyenes internet<\/strong> hozz\u00e1f\u00e9r\u00e9st kell biztos\u00edtania vend\u00e9geinek. <\/span><\/p>\n<div id=\"attachment_7458\" style=\"width: 1180px\" class=\"wp-caption alignnone\"><img decoding=\"async\" aria-describedby=\"caption-attachment-7458\" class=\"size-1170_658 wp-image-7458\" src=\"https:\/\/cdn.salzburgerland.com\/hu\/wp-content\/uploads\/2016\/11\/wildkogel-arena_bike-energy-ladestation_in_brambergcsalzburgerland_markus_greber-1170x658.jpg\" alt=\"\" width=\"1170\" height=\"658\" srcset=\"https:\/\/www.salzburgerland.com\/hu\/wp-content\/uploads\/2016\/11\/wildkogel-arena_bike-energy-ladestation_in_brambergcsalzburgerland_markus_greber-1170x658.jpg 1170w, https:\/\/www.salzburgerland.com\/hu\/wp-content\/uploads\/2016\/11\/wildkogel-arena_bike-energy-ladestation_in_brambergcsalzburgerland_markus_greber-1200x675.jpg 1200w\" sizes=\"(max-width: 1170px) 100vw, 1170px\"><p id=\"caption-attachment-7458\" class=\"wp-caption-text\">A salzburgi Wildkogel-Arena r\u00e9gi\u00f3, t\u00f6lt\u0151\u00e1llom\u00e1s a Tauern ker\u00e9kp\u00e1r\u00fat ment\u00e9n, Brambergben \u00a9 SalzburgerLand Tourismus, Markus Greber<\/p><\/div>\n<h2><span color=\"#000000\">Speci\u00e1lis bringabar\u00e1t <span id=\"urn:local-text-annotation-6rxqn77as97n5nztn28045y3ul9q0l6j\" itemid=\"http:\/\/open.salzburgerland.com\/hu\/entity\/szolgaltatasok\">szolg\u00e1ltat\u00e1sok<\/span><\/span><\/h2>\n<p><span color=\"#000000\"><\/span>A bringabar\u00e1t <span id=\"urn:enhancement-806d05c3-b502-bd54-0b52-35aa98c12169\">sz\u00e1llod\u00e1k<\/span> alkalmazottaival szemben elv\u00e1r\u00e1s, hogy alaposan kiismerj\u00e9k magukat bring\u00e1s t\u00e9m\u00e1kban \u00e9s <strong>megb\u00edzhat\u00f3 tan\u00e1csot<\/strong> tudjanak adni a <span id=\"urn:enhancement-30182818-fcae-7c56-4869-045e6bc7c457\">r\u00e9gi\u00f3<\/span> \u00fatvonalaival, lehet\u0151s\u00e9geivel kapcsolatban. Fontos, hogy j\u00f3l megtal\u00e1lj\u00e1k a hangot vend\u00e9geikkel, <strong>seg\u00edt\u0151k\u00e9szek<\/strong> legyenek \u00e9s tudj\u00e1k, hova fordulhatnak tov\u00e1bbi inform\u00e1ci\u00f3\u00e9rt, ha valahol megakadn\u00e1nak. A bring\u00e1sok szempontj\u00e1b\u00f3l ugyanis roppant fontos lehet, hogy meg tudj\u00e1k besz\u00e9lni a v\u00e1rhat\u00f3 id\u0151j\u00e1r\u00e1st, az esetleges vesz\u00e9lyeket a magukat j\u00f3l kiismer\u0151 helyb\u00e9liekkel. K\u00fcl\u00f6n\u00f6sen, ha a hegyekbe k\u00e9sz\u00fclnek. A bringabar\u00e1t <span id=\"urn:enhancement-baf5997b-28ac-de1c-df87-9aeacb23b187\">sz\u00e1llod\u00e1k<\/span> az <strong>\u00e9tel- \u00e9s italk\u00edn\u00e1latot<\/strong> is a bring\u00e1z\u00e1s szempontjaihoz igaz\u00edtj\u00e1k. Olyan \u00e9teleket igyekeznek k\u00edn\u00e1lni, amik nem terhelik meg a gyomrot, viszont el\u00e9g energi\u00e1t p\u00f3tolnak vissza a szervezetbe.<span color=\"#000000\">\u00a0 <\/span><\/p>\n<h2><span lang=\"DE\">Egy \u00e9jszak\u00e1s tart\u00f3zkod\u00e1s\u00e9rt sem sz\u00e1m\u00edtanak fel\u00e1rat<\/span><\/h2>\n<p><span color=\"#000000\">Gyakran alakul \u00fagy, hogy egy bring\u00e1s a v\u00e1lasztott \u00fatvonal jelleg\u00e9n\u00e9l fogva csak egy \u00e9jszak\u00e1ra tud megsz\u00e1llni egy adott helyen. A bring\u00e1s <span id=\"urn:enhancement-e7835283-1c16-90e3-2f31-6b661140be18\">sz\u00e1llod\u00e1k<\/span> <strong>egy \u00e9jszak\u00e1ra is fel\u00e1r n\u00e9lk\u00fcl <\/strong>adnak<\/span>\u00a0sz\u00e1ll\u00e1st. Ak\u00e1rmilyen r\u00f6vid a tart\u00f3zkod\u00e1s, gyors megold\u00e1st biztos\u00edtanak a <strong>mos\u00e1s<\/strong> \u00fcgy\u00e9ben is.<\/p>\n<p><span color=\"#000000\"><strong>T\u00f6bbnapos t\u00far\u00e1n<\/strong> gyakran okoz gondot a csomag. A bring\u00e1s sz\u00e1ll\u00e1sad\u00f3k egy r\u00e9sze \u00a0<strong>csomagsz\u00e1ll\u00edt\u00e1st<\/strong> is tud biztos\u00edtani, a csomagok est\u00e9nk\u00e9nt az \u00faj sz\u00e1ll\u00e1shelyen v\u00e1rj\u00e1k a t\u00far\u00e1z\u00f3kat. Ig\u00e9ny eset\u00e9n <strong>j\u00f3l karbantartott k\u00f6lcs\u00f6n ker\u00e9kp\u00e1rt vagy <a href=\"https:\/\/www.salzburgerland.com\/hu\/bringazas-elektromos-rasegitessel\/\">e-bicikliket<\/a><\/strong>\u00a0biztos\u00edtanak a nyaral\u00f3k, l\u00e1togat\u00f3k sz\u00e1m\u00e1ra. M\u00e9ghozz\u00e1 olyat, ami<span id=\"urn:enhancement-d970bc45-9b14-883f-c8e4-fa5f64cf2531\"><\/span> t\u00edpus\u00e1t \u00e9s m\u0171szaki \u00e1llapot\u00e1t tekintve is megfelel a bring\u00e1s ig\u00e9nyeinek. <\/span><\/p>\n<div id=\"attachment_7460\" style=\"width: 1180px\" class=\"wp-caption alignnone\"><img decoding=\"async\" aria-describedby=\"caption-attachment-7460\" class=\"size-1170_658 wp-image-7460\" src=\"https:\/\/cdn.salzburgerland.com\/hu\/wp-content\/uploads\/2016\/11\/-salzburgerland-tourismus-markus-greber--marktplatz-golling-1170x658.jpg\" alt=\"\" width=\"1170\" height=\"658\" srcset=\"https:\/\/www.salzburgerland.com\/hu\/wp-content\/uploads\/2016\/11\/-salzburgerland-tourismus-markus-greber--marktplatz-golling-1170x658.jpg 1170w, https:\/\/www.salzburgerland.com\/hu\/wp-content\/uploads\/2016\/11\/-salzburgerland-tourismus-markus-greber--marktplatz-golling-1200x675.jpg 1200w\" sizes=\"(max-width: 1170px) 100vw, 1170px\"><p id=\"caption-attachment-7460\" class=\"wp-caption-text\">Golling, piact\u00e9r \u00a9 SalzburgerLand Tourismus, Markus Greber<\/p><\/div>\n<p><span color=\"#000000\">Mint a fentiekb\u0151l kider\u00fcl, a sz\u00e1ll\u00e1sad\u00f3kkal szemben <strong>r\u00f6gz\u00edtett elv\u00e1r\u00e1sok<\/strong> vannak. A bringabar\u00e1t <span id=\"urn:enhancement-b8c90e55-a533-270b-5a8a-cd5f19b3e271\">sz\u00e1llod\u00e1k<\/span> t\u00f6bbs\u00e9ge azonban messze t\u00f6bbet k\u00edn\u00e1l az el\u0151\u00edrtakn\u00e1l. P\u00e9ld\u00e1ul <strong>vezetett t\u00far\u00e1kat<\/strong> a <span id=\"urn:enhancement-a80ade97-a587-b526-7bac-c600891c2a16\">r\u00e9gi\u00f3<\/span> l\u00e1tnival\u00f3ihoz. Ha pedig este a kalandjaikat mes\u00e9lik a bring\u00e1sok egy <span id=\"urn:enhancement-22dee571-8f9b-7dc1-f93e-b60a09d7d8dc\">ital<\/span> mellett, t\u00f6bbnyire kider\u00fcl, hogy a tulajdonos maga is <\/span><span color=\"#000000\">\u00a0<\/span><span color=\"#000000\">a <span id=\"urn:enhancement-f2eaf414-ddcf-78b2-0863-a3e1a51b0d3c\">bringa<\/span> nyerg\u00e9ben \u00e9rzi mag\u00e1t a legjobban. Mindegy teh\u00e1t, melyik <span id=\"urn:enhancement-8c828d99-75dc-b069-3858-455945f241e2\">salzburgi<\/span> r\u00e9gi\u00f3ba tervezz\u00fck ny\u00e1ri vak\u00e1ci\u00f3nkat, <strong>keress\u00fck a bring\u00e1s sz\u00e1ll\u00e1sokat<\/strong>. Biztos, hogy sokkal z\u00f6kken\u0151mentesebben alakul minden, \u00e9s m\u00e9g jobban fogjuk \u00e9lvezni a bring\u00e1s nyaral\u00e1st.<\/span><span color=\"#000000\"><\/span><span style=\"margin: 0px; line-height: 107%; font-family: 'Arial',sans-serif; font-size: 12pt;\"><\/span><\/p>\n","protected":false},"excerpt":{"rendered":"<p>A salzburgi bringabar\u00e1t sz\u00e1llod\u00e1k \u00e9s sz\u00e1ll\u00e1sok k\u00fcl\u00f6n kateg\u00f3ri\u00e1t k\u00e9pviselnek Salzburg tartom\u00e1ny (SalzburgerLand) sz\u00e1ll\u00e1shely-k\u00edn\u00e1lat\u00e1ban. Term\u00e9szetesen m\u00e1sutt is meg lehet sz\u00e1llni bring\u00e1val is, viszont a bringabar\u00e1t helyeken minden, de minden a bring\u00e1sok k\u00f6r\u00fcl forog. Hogy minden meglegyen, amire csak a nyaral\u00e1s \u00e9lvezet\u00e9hez sz\u00fcks\u00e9g\u00fck lehet. Bringabar\u00e1t infrastrukt\u00fara A bringabar\u00e1t sz\u00e1ll\u00e1s k\u00f6zel kell legyen t\u00f6bbf\u00e9le ker\u00e9kp\u00e1r\u00fathoz vagy hegyiker\u00e9kp\u00e1r-\u00fatvonalhoz. Felt\u00e9tel, [&hellip;]<\/p>\n","protected":false},"author":4,"featured_media":7459,"comment_status":"closed","ping_status":"closed","sticky":false,"template":"","format":"standard","meta":{"_acf_changed":false,"wl_entities_gutenberg":"","_relevanssi_hide_post":"","_relevanssi_hide_content":"","_relevanssi_pin_for_all":"","_relevanssi_pin_keywords":"","_relevanssi_unpin_keywords":"","_relevanssi_related_keywords":"","_relevanssi_related_include_ids":"","_relevanssi_related_exclude_ids":"","_relevanssi_related_no_append":"","_relevanssi_related_not_related":"","_relevanssi_related_posts":"","_relevanssi_noindex_reason":"","footnotes":""},"categories":[1],"tags":[363,358,367],"wl_entity_type":[27],"class_list":["post-58","post","type-post","status-publish","format-standard","has-post-thumbnail","hentry","category-uncategorized","tag-bringabarat-szallasok","tag-kerekpartura-ausztriaban","tag-szallasfoglalas","wl_entity_type-article"],"acf":[],"yoast_head":"<!-- This site is optimized with the Yoast SEO Premium plugin v27.4 (Yoast SEO v27.4) - https:\/\/yoast.com\/product\/yoast-seo-premium-wordpress\/ -->\n<title>bringabar\u00e1t sz\u00e1ll\u00e1sok Salzburg tartom\u00e1nyban<\/title>\n<meta name=\"description\" content=\"21 bringabar\u00e1t sz\u00e1ll\u00e1s, t\u00f6k\u00e9letes bring\u00e1s nyaral\u00e1s Salzburg tartom\u00e1nyban, speci\u00e1lis szolg\u00e1ltat\u00e1sok, minden, ami a bring\u00e1s nyaral\u00e1shoz kell.\" \/>\n<meta name=\"robots\" content=\"index, follow, max-snippet:-1, max-image-preview:large, max-video-preview:-1\" \/>\n<link rel=\"canonical\" href=\"https:\/\/www.salzburgerland.com\/hu\/bringa-es-mtb-szallodak\/\" \/>\n<meta property=\"og:locale\" content=\"hu_HU\" \/>\n<meta property=\"og:type\" content=\"article\" \/>\n<meta property=\"og:title\" content=\"Bringabar\u00e1t salzburgi sz\u00e1ll\u00e1sok\" \/>\n<meta property=\"og:description\" content=\"A salzburgi bringabar\u00e1t sz\u00e1llod\u00e1k \u00e9s sz\u00e1ll\u00e1sok k\u00fcl\u00f6n kateg\u00f3ri\u00e1t k\u00e9pviselnek Salzburg tartom\u00e1ny (SalzburgerLand) sz\u00e1ll\u00e1shely-k\u00edn\u00e1lat\u00e1ban. Term\u00e9szetesen\" \/>\n<meta property=\"og:url\" content=\"https:\/\/www.salzburgerland.com\/hu\/bringa-es-mtb-szallodak\/\" \/>\n<meta property=\"og:site_name\" content=\"SalzburgerLand.com\" \/>\n<meta property=\"article:publisher\" content=\"https:\/\/www.facebook.com\/visitsalzburgerland\/\" \/>\n<meta property=\"article:published_time\" content=\"2016-11-16T18:24:20+00:00\" \/>\n<meta property=\"article:modified_time\" content=\"2023-04-14T13:13:57+00:00\" \/>\n<meta property=\"og:image\" content=\"https:\/\/www.salzburgerland.com\/hu\/wp-content\/uploads\/2016\/11\/hochkonig-sommer-biken-1200x675.jpg\" \/>\n\t<meta property=\"og:image:width\" content=\"1200\" \/>\n\t<meta property=\"og:image:height\" content=\"675\" \/>\n\t<meta property=\"og:image:type\" content=\"image\/jpeg\" \/>\n<meta name=\"author\" content=\"Eva Suemegi\" \/>\n<meta name=\"twitter:card\" content=\"summary_large_image\" \/>\n<meta name=\"twitter:creator\" content=\"@salzburgerland\" \/>\n<meta name=\"twitter:site\" content=\"@salzburgerland\" \/>\n<meta name=\"twitter:label1\" content=\"Szerz\u0151:\" \/>\n\t<meta name=\"twitter:data1\" content=\"Eva Suemegi\" \/>\n\t<meta name=\"twitter:label2\" content=\"Becs\u00fclt olvas\u00e1si id\u0151\" \/>\n\t<meta name=\"twitter:data2\" content=\"3 perc\" \/>\n<script type=\"application\/ld+json\" class=\"yoast-schema-graph\">{\"@context\":\"https:\\\/\\\/schema.org\",\"@graph\":[{\"@type\":\"Article\",\"@id\":\"https:\\\/\\\/www.salzburgerland.com\\\/hu\\\/bringa-es-mtb-szallodak\\\/#article\",\"isPartOf\":{\"@id\":\"https:\\\/\\\/www.salzburgerland.com\\\/hu\\\/bringa-es-mtb-szallodak\\\/\"},\"author\":{\"name\":\"Eva Suemegi\",\"@id\":\"https:\\\/\\\/www.salzburgerland.com\\\/hu\\\/#\\\/schema\\\/person\\\/318d672774562c00dc51530dd5ca5182\"},\"headline\":\"Bringabar\u00e1t salzburgi sz\u00e1ll\u00e1sok\",\"datePublished\":\"2016-11-16T18:24:20+00:00\",\"dateModified\":\"2023-04-14T13:13:57+00:00\",\"mainEntityOfPage\":{\"@id\":\"https:\\\/\\\/www.salzburgerland.com\\\/hu\\\/bringa-es-mtb-szallodak\\\/\"},\"wordCount\":730,\"image\":{\"@id\":\"https:\\\/\\\/www.salzburgerland.com\\\/hu\\\/bringa-es-mtb-szallodak\\\/#primaryimage\"},\"thumbnailUrl\":\"https:\\\/\\\/www.salzburgerland.com\\\/hu\\\/wp-content\\\/uploads\\\/2016\\\/11\\\/hochkonig-sommer-biken.jpg\",\"keywords\":[\"bringabar\u00e1t sz\u00e1ll\u00e1sok\",\"ker\u00e9kp\u00e1rt\u00fara Ausztri\u00e1ban\",\"sz\u00e1ll\u00e1sfoglal\u00e1s\"],\"articleSection\":[\"Uncategorized\"],\"inLanguage\":\"hu\"},{\"@type\":\"WebPage\",\"@id\":\"https:\\\/\\\/www.salzburgerland.com\\\/hu\\\/bringa-es-mtb-szallodak\\\/\",\"url\":\"https:\\\/\\\/www.salzburgerland.com\\\/hu\\\/bringa-es-mtb-szallodak\\\/\",\"name\":\"bringabar\u00e1t sz\u00e1ll\u00e1sok Salzburg tartom\u00e1nyban\",\"isPartOf\":{\"@id\":\"https:\\\/\\\/www.salzburgerland.com\\\/hu\\\/#website\"},\"primaryImageOfPage\":{\"@id\":\"https:\\\/\\\/www.salzburgerland.com\\\/hu\\\/bringa-es-mtb-szallodak\\\/#primaryimage\"},\"image\":{\"@id\":\"https:\\\/\\\/www.salzburgerland.com\\\/hu\\\/bringa-es-mtb-szallodak\\\/#primaryimage\"},\"thumbnailUrl\":\"https:\\\/\\\/www.salzburgerland.com\\\/hu\\\/wp-content\\\/uploads\\\/2016\\\/11\\\/hochkonig-sommer-biken.jpg\",\"datePublished\":\"2016-11-16T18:24:20+00:00\",\"dateModified\":\"2023-04-14T13:13:57+00:00\",\"author\":{\"@id\":\"https:\\\/\\\/www.salzburgerland.com\\\/hu\\\/#\\\/schema\\\/person\\\/318d672774562c00dc51530dd5ca5182\"},\"description\":\"21 bringabar\u00e1t sz\u00e1ll\u00e1s, t\u00f6k\u00e9letes bring\u00e1s nyaral\u00e1s Salzburg tartom\u00e1nyban, speci\u00e1lis szolg\u00e1ltat\u00e1sok, minden, ami a bring\u00e1s nyaral\u00e1shoz kell.\",\"breadcrumb\":{\"@id\":\"https:\\\/\\\/www.salzburgerland.com\\\/hu\\\/bringa-es-mtb-szallodak\\\/#breadcrumb\"},\"inLanguage\":\"hu\",\"potentialAction\":[{\"@type\":\"ReadAction\",\"target\":[\"https:\\\/\\\/www.salzburgerland.com\\\/hu\\\/bringa-es-mtb-szallodak\\\/\"]}]},{\"@type\":\"ImageObject\",\"inLanguage\":\"hu\",\"@id\":\"https:\\\/\\\/www.salzburgerland.com\\\/hu\\\/bringa-es-mtb-szallodak\\\/#primaryimage\",\"url\":\"https:\\\/\\\/www.salzburgerland.com\\\/hu\\\/wp-content\\\/uploads\\\/2016\\\/11\\\/hochkonig-sommer-biken.jpg\",\"contentUrl\":\"https:\\\/\\\/www.salzburgerland.com\\\/hu\\\/wp-content\\\/uploads\\\/2016\\\/11\\\/hochkonig-sommer-biken.jpg\",\"width\":1920,\"height\":1280,\"caption\":\"Ker\u00e9kp\u00e1rral a salzburgi Hochk\u00f6nig r\u00e9gi\u00f3ban \u00a9 Johannes Felsch\"},{\"@type\":\"BreadcrumbList\",\"@id\":\"https:\\\/\\\/www.salzburgerland.com\\\/hu\\\/bringa-es-mtb-szallodak\\\/#breadcrumb\",\"itemListElement\":[{\"@type\":\"ListItem\",\"position\":1,\"name\":\"Bring\u00e1val a salzburgi hegyekben, v\u00f6lgyekben\",\"item\":\"https:\\\/\\\/www.salzburgerland.com\\\/hu\\\/kerekparral-mountainbike-kal\\\/\"},{\"@type\":\"ListItem\",\"position\":2,\"name\":\"Bringabar\u00e1t salzburgi sz\u00e1ll\u00e1sok\"}]},{\"@type\":\"WebSite\",\"@id\":\"https:\\\/\\\/www.salzburgerland.com\\\/hu\\\/#website\",\"url\":\"https:\\\/\\\/www.salzburgerland.com\\\/hu\\\/\",\"name\":\"SalzburgerLand.com\",\"description\":\"\u00dcd\u00fcl\u00e9s Ausztri\u00e1ban, Salzburg tartom\u00e1nyban\",\"potentialAction\":[{\"@type\":\"SearchAction\",\"target\":{\"@type\":\"EntryPoint\",\"urlTemplate\":\"https:\\\/\\\/www.salzburgerland.com\\\/hu\\\/?s={search_term_string}\"},\"query-input\":{\"@type\":\"PropertyValueSpecification\",\"valueRequired\":true,\"valueName\":\"search_term_string\"}}],\"inLanguage\":\"hu\"},{\"@type\":\"Person\",\"@id\":\"https:\\\/\\\/www.salzburgerland.com\\\/hu\\\/#\\\/schema\\\/person\\\/318d672774562c00dc51530dd5ca5182\",\"name\":\"Eva Suemegi\",\"image\":{\"@type\":\"ImageObject\",\"inLanguage\":\"hu\",\"@id\":\"https:\\\/\\\/secure.gravatar.com\\\/avatar\\\/0713cd5ff838626404fe576f92a82fa1484d001fc2c094544fcd23cce4a3b703?s=96&d=mm&r=g\",\"url\":\"https:\\\/\\\/secure.gravatar.com\\\/avatar\\\/0713cd5ff838626404fe576f92a82fa1484d001fc2c094544fcd23cce4a3b703?s=96&d=mm&r=g\",\"contentUrl\":\"https:\\\/\\\/secure.gravatar.com\\\/avatar\\\/0713cd5ff838626404fe576f92a82fa1484d001fc2c094544fcd23cce4a3b703?s=96&d=mm&r=g\",\"caption\":\"Eva Suemegi\"}}]}<\/script>\n<!-- \/ Yoast SEO Premium plugin. -->","yoast_head_json":{"title":"bringabar\u00e1t sz\u00e1ll\u00e1sok Salzburg tartom\u00e1nyban","description":"21 bringabar\u00e1t sz\u00e1ll\u00e1s, t\u00f6k\u00e9letes bring\u00e1s nyaral\u00e1s Salzburg tartom\u00e1nyban, speci\u00e1lis szolg\u00e1ltat\u00e1sok, minden, ami a bring\u00e1s nyaral\u00e1shoz kell.","robots":{"index":"index","follow":"follow","max-snippet":"max-snippet:-1","max-image-preview":"max-image-preview:large","max-video-preview":"max-video-preview:-1"},"canonical":"https:\/\/www.salzburgerland.com\/hu\/bringa-es-mtb-szallodak\/","og_locale":"hu_HU","og_type":"article","og_title":"Bringabar\u00e1t salzburgi sz\u00e1ll\u00e1sok","og_description":"A salzburgi bringabar\u00e1t sz\u00e1llod\u00e1k \u00e9s sz\u00e1ll\u00e1sok k\u00fcl\u00f6n kateg\u00f3ri\u00e1t k\u00e9pviselnek Salzburg tartom\u00e1ny (SalzburgerLand) sz\u00e1ll\u00e1shely-k\u00edn\u00e1lat\u00e1ban. Term\u00e9szetesen","og_url":"https:\/\/www.salzburgerland.com\/hu\/bringa-es-mtb-szallodak\/","og_site_name":"SalzburgerLand.com","article_publisher":"https:\/\/www.facebook.com\/visitsalzburgerland\/","article_published_time":"2016-11-16T18:24:20+00:00","article_modified_time":"2023-04-14T13:13:57+00:00","og_image":[{"width":1200,"height":675,"url":"https:\/\/www.salzburgerland.com\/hu\/wp-content\/uploads\/2016\/11\/hochkonig-sommer-biken-1200x675.jpg","type":"image\/jpeg"}],"author":"Eva Suemegi","twitter_card":"summary_large_image","twitter_creator":"@salzburgerland","twitter_site":"@salzburgerland","twitter_misc":{"Szerz\u0151:":"Eva Suemegi","Becs\u00fclt olvas\u00e1si id\u0151":"3 perc"},"schema":{"@context":"https:\/\/schema.org","@graph":[{"@type":"Article","@id":"https:\/\/www.salzburgerland.com\/hu\/bringa-es-mtb-szallodak\/#article","isPartOf":{"@id":"https:\/\/www.salzburgerland.com\/hu\/bringa-es-mtb-szallodak\/"},"author":{"name":"Eva Suemegi","@id":"https:\/\/www.salzburgerland.com\/hu\/#\/schema\/person\/318d672774562c00dc51530dd5ca5182"},"headline":"Bringabar\u00e1t salzburgi sz\u00e1ll\u00e1sok","datePublished":"2016-11-16T18:24:20+00:00","dateModified":"2023-04-14T13:13:57+00:00","mainEntityOfPage":{"@id":"https:\/\/www.salzburgerland.com\/hu\/bringa-es-mtb-szallodak\/"},"wordCount":730,"image":{"@id":"https:\/\/www.salzburgerland.com\/hu\/bringa-es-mtb-szallodak\/#primaryimage"},"thumbnailUrl":"https:\/\/www.salzburgerland.com\/hu\/wp-content\/uploads\/2016\/11\/hochkonig-sommer-biken.jpg","keywords":["bringabar\u00e1t sz\u00e1ll\u00e1sok","ker\u00e9kp\u00e1rt\u00fara Ausztri\u00e1ban","sz\u00e1ll\u00e1sfoglal\u00e1s"],"articleSection":["Uncategorized"],"inLanguage":"hu"},{"@type":"WebPage","@id":"https:\/\/www.salzburgerland.com\/hu\/bringa-es-mtb-szallodak\/","url":"https:\/\/www.salzburgerland.com\/hu\/bringa-es-mtb-szallodak\/","name":"bringabar\u00e1t sz\u00e1ll\u00e1sok Salzburg tartom\u00e1nyban","isPartOf":{"@id":"https:\/\/www.salzburgerland.com\/hu\/#website"},"primaryImageOfPage":{"@id":"https:\/\/www.salzburgerland.com\/hu\/bringa-es-mtb-szallodak\/#primaryimage"},"image":{"@id":"https:\/\/www.salzburgerland.com\/hu\/bringa-es-mtb-szallodak\/#primaryimage"},"thumbnailUrl":"https:\/\/www.salzburgerland.com\/hu\/wp-content\/uploads\/2016\/11\/hochkonig-sommer-biken.jpg","datePublished":"2016-11-16T18:24:20+00:00","dateModified":"2023-04-14T13:13:57+00:00","author":{"@id":"https:\/\/www.salzburgerland.com\/hu\/#\/schema\/person\/318d672774562c00dc51530dd5ca5182"},"description":"21 bringabar\u00e1t sz\u00e1ll\u00e1s, t\u00f6k\u00e9letes bring\u00e1s nyaral\u00e1s Salzburg tartom\u00e1nyban, speci\u00e1lis szolg\u00e1ltat\u00e1sok, minden, ami a bring\u00e1s nyaral\u00e1shoz kell.","breadcrumb":{"@id":"https:\/\/www.salzburgerland.com\/hu\/bringa-es-mtb-szallodak\/#breadcrumb"},"inLanguage":"hu","potentialAction":[{"@type":"ReadAction","target":["https:\/\/www.salzburgerland.com\/hu\/bringa-es-mtb-szallodak\/"]}]},{"@type":"ImageObject","inLanguage":"hu","@id":"https:\/\/www.salzburgerland.com\/hu\/bringa-es-mtb-szallodak\/#primaryimage","url":"https:\/\/www.salzburgerland.com\/hu\/wp-content\/uploads\/2016\/11\/hochkonig-sommer-biken.jpg","contentUrl":"https:\/\/www.salzburgerland.com\/hu\/wp-content\/uploads\/2016\/11\/hochkonig-sommer-biken.jpg","width":1920,"height":1280,"caption":"Ker\u00e9kp\u00e1rral a salzburgi Hochk\u00f6nig r\u00e9gi\u00f3ban \u00a9 Johannes Felsch"},{"@type":"BreadcrumbList","@id":"https:\/\/www.salzburgerland.com\/hu\/bringa-es-mtb-szallodak\/#breadcrumb","itemListElement":[{"@type":"ListItem","position":1,"name":"Bring\u00e1val a salzburgi hegyekben, v\u00f6lgyekben","item":"https:\/\/www.salzburgerland.com\/hu\/kerekparral-mountainbike-kal\/"},{"@type":"ListItem","position":2,"name":"Bringabar\u00e1t salzburgi sz\u00e1ll\u00e1sok"}]},{"@type":"WebSite","@id":"https:\/\/www.salzburgerland.com\/hu\/#website","url":"https:\/\/www.salzburgerland.com\/hu\/","name":"SalzburgerLand.com","description":"\u00dcd\u00fcl\u00e9s Ausztri\u00e1ban, Salzburg tartom\u00e1nyban","potentialAction":[{"@type":"SearchAction","target":{"@type":"EntryPoint","urlTemplate":"https:\/\/www.salzburgerland.com\/hu\/?s={search_term_string}"},"query-input":{"@type":"PropertyValueSpecification","valueRequired":true,"valueName":"search_term_string"}}],"inLanguage":"hu"},{"@type":"Person","@id":"https:\/\/www.salzburgerland.com\/hu\/#\/schema\/person\/318d672774562c00dc51530dd5ca5182","name":"Eva Suemegi","image":{"@type":"ImageObject","inLanguage":"hu","@id":"https:\/\/secure.gravatar.com\/avatar\/0713cd5ff838626404fe576f92a82fa1484d001fc2c094544fcd23cce4a3b703?s=96&d=mm&r=g","url":"https:\/\/secure.gravatar.com\/avatar\/0713cd5ff838626404fe576f92a82fa1484d001fc2c094544fcd23cce4a3b703?s=96&d=mm&r=g","contentUrl":"https:\/\/secure.gravatar.com\/avatar\/0713cd5ff838626404fe576f92a82fa1484d001fc2c094544fcd23cce4a3b703?s=96&d=mm&r=g","caption":"Eva Suemegi"}}]}},"_wl_alt_label":[],"wl:entity_url":"http:\/\/open.salzburgerland.com\/hu\/post\/bringabarat_salzburgi_szallasok","_links":{"self":[{"href":"https:\/\/www.salzburgerland.com\/hu\/wp-json\/wp\/v2\/posts\/58","targetHints":{"allow":["GET"]}}],"collection":[{"href":"https:\/\/www.salzburgerland.com\/hu\/wp-json\/wp\/v2\/posts"}],"about":[{"href":"https:\/\/www.salzburgerland.com\/hu\/wp-json\/wp\/v2\/types\/post"}],"author":[{"embeddable":true,"href":"https:\/\/www.salzburgerland.com\/hu\/wp-json\/wp\/v2\/users\/4"}],"replies":[{"embeddable":true,"href":"https:\/\/www.salzburgerland.com\/hu\/wp-json\/wp\/v2\/comments?post=58"}],"version-history":[{"count":5,"href":"https:\/\/www.salzburgerland.com\/hu\/wp-json\/wp\/v2\/posts\/58\/revisions"}],"predecessor-version":[{"id":19094,"href":"https:\/\/www.salzburgerland.com\/hu\/wp-json\/wp\/v2\/posts\/58\/revisions\/19094"}],"wp:featuredmedia":[{"embeddable":true,"href":"https:\/\/www.salzburgerland.com\/hu\/wp-json\/wp\/v2\/media\/7459"}],"wp:attachment":[{"href":"https:\/\/www.salzburgerland.com\/hu\/wp-json\/wp\/v2\/media?parent=58"}],"wp:term":[{"taxonomy":"category","embeddable":true,"href":"https:\/\/www.salzburgerland.com\/hu\/wp-json\/wp\/v2\/categories?post=58"},{"taxonomy":"post_tag","embeddable":true,"href":"https:\/\/www.salzburgerland.com\/hu\/wp-json\/wp\/v2\/tags?post=58"},{"taxonomy":"wl_entity_type","embeddable":true,"href":"https:\/\/www.salzburgerland.com\/hu\/wp-json\/wp\/v2\/wl_entity_type?post=58"}],"curies":[{"name":"wp","href":"https:\/\/api.w.org\/{rel}","templated":true}]}}