{"id":48,"date":"2016-11-16T18:23:12","date_gmt":"2016-11-16T18:23:12","guid":{"rendered":"https:\/\/www.onebigpark.at\/hu\/?p=48"},"modified":"2023-03-10T10:27:20","modified_gmt":"2023-03-10T09:27:20","slug":"hegyi-kerekparozas","status":"publish","type":"post","link":"https:\/\/www.salzburgerland.com\/hu\/hegyi-kerekparozas\/","title":{"rendered":"Hegyi ker\u00e9kp\u00e1rral a salzburgi r\u00e9gi\u00f3kban"},"content":{"rendered":"<p>A hegyi bring\u00e1z\u00e1s egyike a legjobb salzburgi id\u0151t\u00f6lt\u00e9seknek. Salzburg tartom\u00e1nynak (SalzburgerLand) t\u00f6bb ezer kilom\u00e9ternyi hegyi ker\u00e9kp\u00e1r\u00fatja van. Az \u00fatvonalak neh\u00e9zs\u00e9gi szintje roppant v\u00e1ltozatos, \u00e9s ez mindenkinek kedvez. A t\u00e1j\u00e9koz\u00f3d\u00e1st <strong>gondosan elhelyezett, egys\u00e9ges mutat\u00f3t\u00e1bl\u00e1k<\/strong> seg\u00edtik. <strong>Freeride-terepek, izgalmas trailek, bringaparkok, t\u00f6bbnapos t\u00far\u00e1k alpesi terepen<\/strong> \u2013 a lehet\u0151s\u00e9gek sora j\u00f3form\u00e1n v\u00e9gtelen.<\/p>\n<p>Figyelm\u00e9be aj\u00e1nljuk <a href=\"https:\/\/www.salzburgerland.com\/hu\/bringa-es-mtb-szallodak\/\" rel=\"noopener noreferrer\"><strong>Salzburg tartom\u00e1ny bringabar\u00e1t sz\u00e1llod\u00e1it<\/strong><\/a>, melyek kifejezetten a bring\u00e1s turist\u00e1k ig\u00e9nyeire rendezkedtek be.<\/p>\n\n\t\t\t<div id=\"48-1\" class=\"gallery gallery-48 gallery-columns-3 gallery-size-1170_658\" itemscope itemtype=\"http:\/\/schema.org\/ImageGallery\">\n\t\t\t\t<ul class=\"gallery-row gallery-col-3 gallery-clear\">\n\t\t\t\t\t<li class=\"gallery-item col-3\" itemprop=\"associatedMedia\" itemscope itemtype=\"http:\/\/schema.org\/ImageObject\">\n\t\t\t\t\t\t<div class=\"gallery-icon landscape\"><a href=\"https:\/\/www.salzburgerland.com\/hu\/wp-content\/uploads\/2019\/04\/flowtrail_region-hochkoenig-chochkoenig-tourismus-1920x1067.jpg\" title=\"Flowtrail_Region Hochkoenig (C)Hochkoenig Tourismus\"><img decoding=\"async\" data-title=\"Flow Trail a Hochk\u00f6nign\u00e9l \u00a9 Hochkonig Tourismus\" title=\"Flow Trail a Hochk\u00f6nign\u00e9l \u00a9 Hochkonig Tourismus\" data-caption=\"Flow Trail a Hochk\u00f6nign\u00e9l \u00a9 Hochkonig Tourismus\" width=\"1170\" height=\"658\" src=\"https:\/\/www.salzburgerland.com\/hu\/wp-content\/uploads\/2019\/04\/flowtrail_region-hochkoenig-chochkoenig-tourismus-1170x658.jpg\" class=\"attachment-1170_658 size-1170_658\" alt=\"Flow Trail a Hochk\u00f6nign\u00e9l,Flowtrail_Region Hochk\u00f6nig (Nagy\u00edtott n\u00e9zet)\" srcset=\"https:\/\/www.salzburgerland.com\/hu\/wp-content\/uploads\/2019\/04\/flowtrail_region-hochkoenig-chochkoenig-tourismus-1170x658.jpg 1170w, https:\/\/www.salzburgerland.com\/hu\/wp-content\/uploads\/2019\/04\/flowtrail_region-hochkoenig-chochkoenig-tourismus-1200x675.jpg 1200w\" sizes=\"(max-width: 1170px) 100vw, 1170px\" aria-describedby=\"figcaption-48-11760\" itemprop=\"thumbnail\"><\/a><\/div>\n\t\t\t\t\t\t<span id=\"figcaption-48-11760\" class=\"gallery-caption\" itemprop=\"caption\"><span aria-hidden=\"true\">Flow Trail a Hochk\u00f6nign\u00e9l \u00a9 Hochkonig Tourismus<\/span><\/span>\n\t\t\t\t\t<\/li>\n\t\t\t\t\t<li class=\"gallery-item col-3\" itemprop=\"associatedMedia\" itemscope itemtype=\"http:\/\/schema.org\/ImageObject\">\n\t\t\t\t\t\t<div class=\"gallery-icon landscape\"><a href=\"https:\/\/www.salzburgerland.com\/hu\/wp-content\/uploads\/2016\/11\/mtb_hochkoenigschartner2016-63-1920x1067.jpg\" title=\"mtb_hochkoenigschartner2016-63\"><img decoding=\"async\" data-title=\"A Hochk\u00f6nign\u00e9l \u00a9 Christian Schartner\" title=\"A Hochk\u00f6nign\u00e9l \u00a9 Christian Schartner\" data-caption=\"A Hochk\u00f6nign\u00e9l \u00a9 Christian Schartner\" width=\"1170\" height=\"658\" src=\"https:\/\/www.salzburgerland.com\/hu\/wp-content\/uploads\/2016\/11\/mtb_hochkoenigschartner2016-63-1170x658.jpg\" class=\"attachment-1170_658 size-1170_658\" alt=\"Egy f\u00fcves dombon \u00e1ll\u00f3, hegyi ker\u00e9kp\u00e1rral felemel\u0151 szem\u00e9ly, a h\u00e1tt\u00e9rben hegyek \u00e9s k\u00e9k \u00e9gbolt. (Nagy\u00edtott n\u00e9zet)\" srcset=\"https:\/\/www.salzburgerland.com\/hu\/wp-content\/uploads\/2016\/11\/mtb_hochkoenigschartner2016-63-1170x658.jpg 1170w, https:\/\/www.salzburgerland.com\/hu\/wp-content\/uploads\/2016\/11\/mtb_hochkoenigschartner2016-63-1200x675.jpg 1200w\" sizes=\"(max-width: 1170px) 100vw, 1170px\" aria-describedby=\"figcaption-48-5437\" itemprop=\"thumbnail\"><\/a><\/div>\n\t\t\t\t\t\t<span id=\"figcaption-48-5437\" class=\"gallery-caption\" itemprop=\"caption\"><span aria-hidden=\"true\">A Hochk\u00f6nign\u00e9l \u00a9 Christian Schartner<\/span><\/span>\n\t\t\t\t\t<\/li>\n\t\t\t\t\t<li class=\"gallery-item col-3\" itemprop=\"associatedMedia\" itemscope itemtype=\"http:\/\/schema.org\/ImageObject\">\n\t\t\t\t\t\t<div class=\"gallery-icon landscape\"><a href=\"https:\/\/www.salzburgerland.com\/hu\/wp-content\/uploads\/2016\/11\/-salzburgerland-tourismus--anspruchsvoller-downhill-durch-den-wald-hoch-ueber-leogang-1920x1067.jpg\" title=\"Mountainbiketour Leogang\"><img decoding=\"async\" data-title=\"Hegyi ker\u00e9kp\u00e1rral Leogangban \u00a9 SalzburgerLand Tourismus, David Schulthei\u00df\" title=\"Hegyi ker\u00e9kp\u00e1rral Leogangban \u00a9 SalzburgerLand Tourismus, David Schulthei\u00df\" data-caption=\"Hegyi ker\u00e9kp\u00e1rral Leogangban \u00a9 SalzburgerLand Tourismus, David Schulthei\u00df\" width=\"1170\" height=\"658\" src=\"https:\/\/www.salzburgerland.com\/hu\/wp-content\/uploads\/2016\/11\/-salzburgerland-tourismus--anspruchsvoller-downhill-durch-den-wald-hoch-ueber-leogang-1170x658.jpg\" class=\"attachment-1170_658 size-1170_658\" alt=\"Lovas sz\u00e1guld lefel\u00e9 egy erdei \u00f6sv\u00e9nyen, f\u00e1kkal \u00e9s moh\u00e1val k\u00f6r\u00fclv\u00e9ve, hegyi ker\u00e9kp\u00e1rral. (Nagy\u00edtott n\u00e9zet)\" srcset=\"https:\/\/www.salzburgerland.com\/hu\/wp-content\/uploads\/2016\/11\/-salzburgerland-tourismus--anspruchsvoller-downhill-durch-den-wald-hoch-ueber-leogang-1170x658.jpg 1170w, https:\/\/www.salzburgerland.com\/hu\/wp-content\/uploads\/2016\/11\/-salzburgerland-tourismus--anspruchsvoller-downhill-durch-den-wald-hoch-ueber-leogang-1200x675.jpg 1200w\" sizes=\"(max-width: 1170px) 100vw, 1170px\" aria-describedby=\"figcaption-48-10140\" itemprop=\"thumbnail\"><\/a><\/div>\n\t\t\t\t\t\t<span id=\"figcaption-48-10140\" class=\"gallery-caption\" itemprop=\"caption\"><span aria-hidden=\"true\">Hegyi ker\u00e9kp\u00e1rral Leogangban \u00a9 SalzburgerLand Tourismus, David Schulthei\u00df<\/span><\/span>\n\t\t\t\t\t<\/li>\n\t\t\t\t<\/ul>\n\t\t\t<\/div><!-- .gallery -->\n\n<h2><span color=\"#000000\"><span id=\"urn:enhancement-d0ac7c1a-99cf-1761-0157-511b436a9522\">A Watzmann \u2013 Hochk\u00f6nig k\u00f6rt\u00fara<\/span><\/span><\/h2>\n<p><span color=\"#000000\">Ez a h\u00e1rom-, \u00f6t- vagy t\u00edznapos ker\u00e9kp\u00e1rt\u00fara a hegyek \u00e9s a hegyi bring\u00e1z\u00e1s igazi rajong\u00f3inak val\u00f3. Felvezet a a k\u00e9t hatalmas cs\u00facs k\u00f6zel\u00e9be. A teljes <a href=\"https:\/\/www.watzmann-hochkoenig-runde.com\/en\/stages-watzmann-hochkoenig-runde\/\" target=\"_blank\" rel=\"noopener noreferrer\"><strong>Watzmann-Hochk\u00f6nig k\u00f6rt\u00far\u00e1t<\/strong><\/a> egy \u00e9szaki \u00e9s egy d\u00e9li \u00fatvonal alkotja, \u00e9s ezek mindegyike \u00f6t-\u00f6t szakaszb\u00f3l \u00e1ll. <strong>A csaknem 8000 m\u00e9teres szintemelked\u00e9s\u0171 d\u00e9li \u00fatvonal az igazi nagy er\u0151pr\u00f3ba<\/strong>, de a kb. 3800 m\u00e9teres emelked\u00e9s\u0171 \u00e9szakinak is megvannak a fog\u00f3s szakaszai. Az igaz\u00e1n amb\u00edci\u00f3zus bring\u00e1sokat\u00a0mindez nem rettenti vissza, r\u00e1sz\u00e1nj\u00e1k a t\u00edz napot \u00e9s megteszik a teljes <span id=\"urn:enhancement-0e300a4c-ca6c-674c-3fd7-0084f99e3058\">k\u00f6rt<\/span>. <\/span><\/p>\n<p><span color=\"#000000\">A <strong>l\u00e1tv\u00e1<\/strong><\/span><strong>nyos<\/strong> t\u00fara\u00fatvonal legmagasabb pontja az 1792 m\u00e9teres tengerszint f\u00f6l\u00f6tti magass\u00e1gban, hegyi legel\u0151n \u00e1ll\u00f3 <a href=\"http:\/\/www.hochgruendeck.at\/\" target=\"_blank\" rel=\"noopener noreferrer\"><strong>Heinrich Kiener mened\u00e9kh\u00e1z<\/strong><\/a>. Az \u00fatvonalat megb\u00edzhat\u00f3an, \u00e1ttekinthet\u0151en kit\u00e1bl\u00e1zt\u00e1k, a <strong>borv\u00f6r\u00f6s <span id=\"urn:enhancement-c3977f7b-8045-cbca-6b9d-158dafd72ca1\">Watzmann<\/span>-Hochk\u00f6nig-Runde t\u00e1bl\u00e1kat<\/strong> kell k\u00f6vetni. <strong>R\u00e9szletes t\u00e9rk\u00e9p<\/strong> is k\u00e9sz\u00fclt az \u00fatszakaszok pontos le\u00edr\u00e1s\u00e1val. <strong>Bringabar\u00e1t sz\u00e1llod\u00e1k<\/strong> biztos\u00edtanak sz\u00e1ll\u00e1st \u00e9s csomagaj\u00e1nlatokat. Ut\u00f3bbiakba beletartozik a csomagsz\u00e1ll\u00edt\u00e1s is.<\/p>\n<h2><span color=\"#000000\">H\u00e1romnapos t\u00fara Annabergb\u0151l<\/span><\/h2>\n<p><span color=\"#000000\">A <strong>Lammertal v\u00f6lgybeli<\/strong> Salzkammergutba tart\u00f3 147 km-es, 4710 m\u00e9teres szintemelked\u00e9s\u0171 t\u00fara k\u00fcl\u00f6nleges \u00e9lm\u00e9ny. Ez a h\u00e1romnapos t\u00fara Annabergb\u0151l indul \u00e9s alpesi legel\u0151k\u00f6n vezet. Aki gyorsabban <span id=\"urn:enhancement-e79513cf-b8ac-032d-e30e-803110c3917d\">halad<\/span>, <strong>k\u00e9t nap alatt is megteheti a t\u00e1vot \u00e9s a Zw\u00f6lferhornon t\u00f6ltheti az \u00e9jszak\u00e1t<\/strong>. \u00datk\u00f6zben j\u00f3pofa alpesi h\u00fctt\u00e9k h\u00edvogatnak \u00e9s be lehet iktatni egy-egy \u00fasz\u00e1ssal egybek\u00f6t\u00f6tt pihen\u0151t is. A tavak vize krist\u00e1lytiszta, a panor\u00e1ma feledhetetlen. A csomagokkal sem kell vesz\u0151dni, a sz\u00e1ll\u00e1sad\u00f3kn\u00e1l mindig tal\u00e1lni <span id=\"urn:local-text-annotation-dkkv6y0zf4ryjhtsij9ovpk4hvlah7ct\" class=\"textannotation disambiguated wl-thing\" itemid=\"http:\/\/open.salzburgerland.com\/hu\/entity\/csomagszallitassal_\"><strong>csomagsz\u00e1ll\u00edt\u00e1ssal <\/strong><\/span>egybek\u00f6t\u00f6tt aj\u00e1nlatokat.<\/span><\/p>\n<h2><span color=\"#000000\">K\u00f6rt\u00fara a Dachsteinn\u00e9l<\/span><\/h2>\n<p><span color=\"#000000\">Az <span id=\"urn:enhancement-f0f10077-b773-b916-1a40-73c929ea55d0\">Alpok<\/span> leg\u00e9szakibb cs\u00facsa, a l\u00e1tv\u00e1nyos Dachstein csaknem 3000 m\u00e9ter magas. A hegy\u00f3ri\u00e1s hegyi bring\u00e1s \u00fatvonala egyre n\u00e9pszer\u0171bb profi \u00e9s amat\u0151r bring\u00e1sok k\u00f6r\u00e9ben. A <strong><a href=\"https:\/\/www.schladming-dachstein.at\/en\/summer\/biking\/dachstein-tour\" target=\"_blank\" rel=\"noopener\">Dachstein k\u00f6rt\u00far\u00e1j\u00e1nak<\/a> h\u00e1rom vari\u00e1nsa<\/strong> van. Az \u00fatvonalak hossza 182-t\u0151l 296 kilom\u00e9terig terjed, <strong>a szintemelked\u00e9s 4700 \u00e9s 7900 m\u00e9ter k\u00f6z\u00f6tti<\/strong>. J\u00f3 tudni, hogy ezen az \u00fatvonalon sem hi\u00e1nyoznak a csomagsz\u00e1ll\u00edt\u00e1sra is kiterjed\u0151 aj\u00e1nlatok.<\/span><\/p>\n<h2><span color=\"#000000\">A Lungau EXTREM trail<\/span><\/h2>\n<p><span color=\"#000000\">A <span id=\"urn:enhancement-b95a5ab5-3d3e-1129-4630-1425fd919e26\">Salzburgi Lungau<\/span> r\u00e9gi\u00f3 az UNESCO bioszf\u00e9ra-rezerv\u00e1tumok sor\u00e1ba tartozik. D\u00fasan z\u00f6ldell\u0151 r\u00e9tjei, krist\u00e1lytiszta tengerszemei \u00e9s magasba t\u00f6r\u0151 hegycs\u00facsai k\u00f6zt ker\u00e9kp\u00e1rozni \u00e9lm\u00e9ny a jav\u00e1b\u00f3l. A <a href=\"https:\/\/www.lungau.at\/en\/experience\/summer\/cycling-mountain-biking\/\" target=\"_blank\" rel=\"noopener\"><strong>lungaui hegyi ker\u00e9kp\u00e1r\u00fat-h\u00e1l\u00f3zathoz<\/strong><\/a> 15 gondosan kit\u00e1bl\u00e1zott, elt\u00e9r\u0151 neh\u00e9zs\u00e9gi fok\u00fa hegyi<\/span><span color=\"#000000\">bringa-trail tartozik, plusz a v\u00f6lgyeket \u00f6sszek\u00f6t\u0151 k\u00fcl\u00f6nleges t\u00fara\u00fatvonal, a Lungau EXTREM. Aki be akarja j\u00e1rni a lungaui mell\u00e9kv\u00f6lgyek mindegyik\u00e9t, annak t\u00f6bb mint 500 kilom\u00e9ter kell letekernie. Az utak neh\u00e9zs\u00e9gi foka az er\u0151t pr\u00f3b\u00e1l\u00f3 trailekt\u0151l a k\u00e9nyelmes legel\u0151i \u00fatvonalakig terjed. Az \u00faj <strong>Lungau EXTREM<\/strong> hossza 158,5 kilom\u00e9ter, szintemelked\u00e9se 6145 m\u00e9teres. N\u00e9gy napra beosztva \u00e9rdemes megtenni \u00e9s csakis tapasztalt bring\u00e1soknak aj\u00e1nljuk. <\/span><\/p>\n<div id=\"attachment_6766\" style=\"width: 1180px\" class=\"wp-caption alignnone\"><img decoding=\"async\" aria-describedby=\"caption-attachment-6766\" class=\"size-1170_658 wp-image-6766\" src=\"https:\/\/cdn.salzburgerland.com\/hu\/wp-content\/uploads\/2019\/04\/-salzburgerland-tourismus-fraeulein-floras-favourite-hangouts--mit-den-e-mountainbikes-geht-es-in-richtung-riedlalm-1170x658.jpg\" alt=\"\" width=\"1170\" height=\"658\" srcset=\"https:\/\/www.salzburgerland.com\/hu\/wp-content\/uploads\/2019\/04\/-salzburgerland-tourismus-fraeulein-floras-favourite-hangouts--mit-den-e-mountainbikes-geht-es-in-richtung-riedlalm-1170x658.jpg 1170w, https:\/\/www.salzburgerland.com\/hu\/wp-content\/uploads\/2019\/04\/-salzburgerland-tourismus-fraeulein-floras-favourite-hangouts--mit-den-e-mountainbikes-geht-es-in-richtung-riedlalm-768x432.jpg 768w, https:\/\/www.salzburgerland.com\/hu\/wp-content\/uploads\/2019\/04\/-salzburgerland-tourismus-fraeulein-floras-favourite-hangouts--mit-den-e-mountainbikes-geht-es-in-richtung-riedlalm-1200x675.jpg 1200w, https:\/\/www.salzburgerland.com\/hu\/wp-content\/uploads\/2019\/04\/-salzburgerland-tourismus-fraeulein-floras-favourite-hangouts--mit-den-e-mountainbikes-geht-es-in-richtung-riedlalm.jpg 1920w\" sizes=\"(max-width: 1170px) 100vw, 1170px\"><p id=\"caption-attachment-6766\" class=\"wp-caption-text\">Hegyi bring\u00e1val a Riedlalmra \u00a9 SalzburgerLand Tourismus, Fr\u00e4ulein Floras Favourite Hangouts<\/p><\/div>\n<h2><span color=\"#000000\">Hegyi bring\u00e1val a Gro\u00dfarltalban <\/span><\/h2>\n<p><span color=\"#000000\">A bring\u00e1z\u00e1s <strong><span id=\"urn:enhancement-4781ad8d-ea0c-ca8b-2150-9ed9065443fa\">gasztron\u00f3miai<\/span><\/strong><\/span><strong> \u00f6r\u00f6m\u00f6kkel is<\/strong> \u00f6sszekapcsolhat\u00f3. A kiad\u00f3s f\u00f6lfel\u00e9k ut\u00e1n nincs jobb, mint le\u00fclni egy padra, felhajtani egy s\u00f6rt, elpuszt\u00edtani egy j\u00f3 adag h\u00e1zi <span id=\"urn:enhancement-b4b1831c-230f-37e4-c2b5-b8a387c1c9ea\">cs\u00e1sz\u00e1rmorzs\u00e1t<\/span>. Pontosan ilyen \u00f6r\u00f6m\u00f6kre cs\u00e1b\u00edt a <strong>Magas-Tauern Nemzeti Park k\u00fcsz\u00f6b\u00e9n<\/strong> elter\u00fcl\u0151 <a href=\"https:\/\/www.salzburgerland.com\/hu\/grossarltal-nyar\/\" rel=\"noopener noreferrer\"><strong>Gro\u00dfartal<\/strong><\/a><strong>\u00a0<\/strong>v\u00f6lgy, ahol nem kevesebb mint 120 kilom\u00e9teren tekerhet\u00fcnk egyik alpesi legel\u0151t\u0151l a m\u00e1sikig. A r\u00e9gi\u00f3 40 hegyi legel\u0151j\u00e9n folyik gazd\u00e1lkod\u00e1s \u00e9s fogad vend\u00e9geket a h\u00fctte. Ezekb\u0151l 15 hegyi bring\u00e1val is el\u00e9rhet\u0151.<\/p>\n<div id=\"attachment_5438\" style=\"width: 1180px\" class=\"wp-caption alignnone\"><img decoding=\"async\" aria-describedby=\"caption-attachment-5438\" class=\"size-1170_658 wp-image-5438\" src=\"https:\/\/cdn.salzburgerland.com\/hu\/wp-content\/uploads\/2016\/11\/grossarltal_singletrail_1csalzburgerland_erwin_haiden-1170x658.jpg\" alt=\"\" width=\"1170\" height=\"658\" srcset=\"https:\/\/www.salzburgerland.com\/hu\/wp-content\/uploads\/2016\/11\/grossarltal_singletrail_1csalzburgerland_erwin_haiden-1170x658.jpg 1170w, https:\/\/www.salzburgerland.com\/hu\/wp-content\/uploads\/2016\/11\/grossarltal_singletrail_1csalzburgerland_erwin_haiden-1200x675.jpg 1200w\" sizes=\"(max-width: 1170px) 100vw, 1170px\"><p id=\"caption-attachment-5438\" class=\"wp-caption-text\">A Grossarltal v\u00f6lgy egyik single trailje \u00a9 Erwin Haiden<\/p><\/div>\n","protected":false},"excerpt":{"rendered":"<p>A hegyi bring\u00e1z\u00e1s egyike a legjobb salzburgi id\u0151t\u00f6lt\u00e9seknek. Salzburg tartom\u00e1nynak (SalzburgerLand) t\u00f6bb ezer kilom\u00e9ternyi hegyi ker\u00e9kp\u00e1r\u00fatja van. Az \u00fatvonalak neh\u00e9zs\u00e9gi szintje roppant v\u00e1ltozatos, \u00e9s ez mindenkinek kedvez. A t\u00e1j\u00e9koz\u00f3d\u00e1st gondosan elhelyezett, egys\u00e9ges mutat\u00f3t\u00e1bl\u00e1k seg\u00edtik. Freeride-terepek, izgalmas trailek, bringaparkok, t\u00f6bbnapos t\u00far\u00e1k alpesi terepen \u2013 a lehet\u0151s\u00e9gek sora j\u00f3form\u00e1n v\u00e9gtelen. Figyelm\u00e9be aj\u00e1nljuk Salzburg tartom\u00e1ny bringabar\u00e1t sz\u00e1llod\u00e1it, melyek [&hellip;]<\/p>\n","protected":false},"author":4,"featured_media":7318,"comment_status":"closed","ping_status":"closed","sticky":false,"template":"","format":"standard","meta":{"_acf_changed":false,"wl_entities_gutenberg":"","_relevanssi_hide_post":"","_relevanssi_hide_content":"","_relevanssi_pin_for_all":"","_relevanssi_pin_keywords":"","_relevanssi_unpin_keywords":"","_relevanssi_related_keywords":"","_relevanssi_related_include_ids":"","_relevanssi_related_exclude_ids":"","_relevanssi_related_no_append":"","_relevanssi_related_not_related":"","_relevanssi_related_posts":"","_relevanssi_noindex_reason":"","footnotes":""},"categories":[1],"tags":[363,362,361],"wl_entity_type":[27],"class_list":["post-48","post","type-post","status-publish","format-standard","has-post-thumbnail","hentry","category-uncategorized","tag-bringabarat-szallasok","tag-hegyi-kerekparozas","tag-mountainbike","wl_entity_type-article"],"acf":[],"yoast_head":"<!-- This site is optimized with the Yoast SEO Premium plugin v27.4 (Yoast SEO v27.4) - https:\/\/yoast.com\/product\/yoast-seo-premium-wordpress\/ -->\n<title>Hegyi ker\u00e9kp\u00e1rral a salzburgi r\u00e9gi\u00f3kban \u00bb SalzburgerLand.com<\/title>\n<meta name=\"description\" content=\"T\u00far\u00e1z\u00e1s hegyi ker\u00e9kp\u00e1rral, Watzmann-Hochk\u00f6nig k\u00f6rt\u00fara, MTB-t\u00far\u00e1k a Lammertalban, a Grossarltalban, a Dachsteinn\u00e9l.\" \/>\n<meta name=\"robots\" content=\"index, follow, max-snippet:-1, max-image-preview:large, max-video-preview:-1\" \/>\n<link rel=\"canonical\" href=\"https:\/\/www.salzburgerland.com\/hu\/hegyi-kerekparozas\/\" \/>\n<meta property=\"og:locale\" content=\"hu_HU\" \/>\n<meta property=\"og:type\" content=\"article\" \/>\n<meta property=\"og:title\" content=\"Hegyi ker\u00e9kp\u00e1rral a salzburgi r\u00e9gi\u00f3kban\" \/>\n<meta property=\"og:description\" content=\"A hegyi bring\u00e1z\u00e1s egyike a legjobb salzburgi id\u0151t\u00f6lt\u00e9seknek. Salzburg tartom\u00e1nynak (SalzburgerLand) t\u00f6bb ezer kilom\u00e9ternyi hegyi ker\u00e9kp\u00e1r\u00fatja van. Az\" \/>\n<meta property=\"og:url\" content=\"https:\/\/www.salzburgerland.com\/hu\/hegyi-kerekparozas\/\" \/>\n<meta property=\"og:site_name\" content=\"SalzburgerLand.com\" \/>\n<meta property=\"article:publisher\" content=\"https:\/\/www.facebook.com\/visitsalzburgerland\/\" \/>\n<meta property=\"article:published_time\" content=\"2016-11-16T18:23:12+00:00\" \/>\n<meta property=\"article:modified_time\" content=\"2023-03-10T09:27:20+00:00\" \/>\n<meta property=\"og:image\" content=\"https:\/\/www.salzburgerland.com\/hu\/wp-content\/uploads\/2016\/11\/rs466_saalbach_watzke_004-lpr-mtb-1200x675.jpg\" \/>\n\t<meta property=\"og:image:width\" content=\"1200\" \/>\n\t<meta property=\"og:image:height\" content=\"675\" \/>\n\t<meta property=\"og:image:type\" content=\"image\/jpeg\" \/>\n<meta name=\"author\" content=\"Eva Suemegi\" \/>\n<meta name=\"twitter:card\" content=\"summary_large_image\" \/>\n<meta name=\"twitter:creator\" content=\"@salzburgerland\" \/>\n<meta name=\"twitter:site\" content=\"@salzburgerland\" \/>\n<meta name=\"twitter:label1\" content=\"Szerz\u0151:\" \/>\n\t<meta name=\"twitter:data1\" content=\"Eva Suemegi\" \/>\n\t<meta name=\"twitter:label2\" content=\"Becs\u00fclt olvas\u00e1si id\u0151\" \/>\n\t<meta name=\"twitter:data2\" content=\"4 perc\" \/>\n<script type=\"application\/ld+json\" class=\"yoast-schema-graph\">{\"@context\":\"https:\\\/\\\/schema.org\",\"@graph\":[{\"@type\":\"Article\",\"@id\":\"https:\\\/\\\/www.salzburgerland.com\\\/hu\\\/hegyi-kerekparozas\\\/#article\",\"isPartOf\":{\"@id\":\"https:\\\/\\\/www.salzburgerland.com\\\/hu\\\/hegyi-kerekparozas\\\/\"},\"author\":{\"name\":\"Eva Suemegi\",\"@id\":\"https:\\\/\\\/www.salzburgerland.com\\\/hu\\\/#\\\/schema\\\/person\\\/318d672774562c00dc51530dd5ca5182\"},\"headline\":\"Hegyi ker\u00e9kp\u00e1rral a salzburgi r\u00e9gi\u00f3kban\",\"datePublished\":\"2016-11-16T18:23:12+00:00\",\"dateModified\":\"2023-03-10T09:27:20+00:00\",\"mainEntityOfPage\":{\"@id\":\"https:\\\/\\\/www.salzburgerland.com\\\/hu\\\/hegyi-kerekparozas\\\/\"},\"wordCount\":820,\"image\":{\"@id\":\"https:\\\/\\\/www.salzburgerland.com\\\/hu\\\/hegyi-kerekparozas\\\/#primaryimage\"},\"thumbnailUrl\":\"https:\\\/\\\/www.salzburgerland.com\\\/hu\\\/wp-content\\\/uploads\\\/2016\\\/11\\\/rs466_saalbach_watzke_004-lpr-mtb.jpg\",\"keywords\":[\"bringabar\u00e1t sz\u00e1ll\u00e1sok\",\"hegyi ker\u00e9kp\u00e1roz\u00e1s\",\"mountainbike\"],\"articleSection\":[\"Uncategorized\"],\"inLanguage\":\"hu\"},{\"@type\":\"WebPage\",\"@id\":\"https:\\\/\\\/www.salzburgerland.com\\\/hu\\\/hegyi-kerekparozas\\\/\",\"url\":\"https:\\\/\\\/www.salzburgerland.com\\\/hu\\\/hegyi-kerekparozas\\\/\",\"name\":\"Hegyi ker\u00e9kp\u00e1rral a salzburgi r\u00e9gi\u00f3kban \u00bb SalzburgerLand.com\",\"isPartOf\":{\"@id\":\"https:\\\/\\\/www.salzburgerland.com\\\/hu\\\/#website\"},\"primaryImageOfPage\":{\"@id\":\"https:\\\/\\\/www.salzburgerland.com\\\/hu\\\/hegyi-kerekparozas\\\/#primaryimage\"},\"image\":{\"@id\":\"https:\\\/\\\/www.salzburgerland.com\\\/hu\\\/hegyi-kerekparozas\\\/#primaryimage\"},\"thumbnailUrl\":\"https:\\\/\\\/www.salzburgerland.com\\\/hu\\\/wp-content\\\/uploads\\\/2016\\\/11\\\/rs466_saalbach_watzke_004-lpr-mtb.jpg\",\"datePublished\":\"2016-11-16T18:23:12+00:00\",\"dateModified\":\"2023-03-10T09:27:20+00:00\",\"author\":{\"@id\":\"https:\\\/\\\/www.salzburgerland.com\\\/hu\\\/#\\\/schema\\\/person\\\/318d672774562c00dc51530dd5ca5182\"},\"description\":\"T\u00far\u00e1z\u00e1s hegyi ker\u00e9kp\u00e1rral, Watzmann-Hochk\u00f6nig k\u00f6rt\u00fara, MTB-t\u00far\u00e1k a Lammertalban, a Grossarltalban, a Dachsteinn\u00e9l.\",\"breadcrumb\":{\"@id\":\"https:\\\/\\\/www.salzburgerland.com\\\/hu\\\/hegyi-kerekparozas\\\/#breadcrumb\"},\"inLanguage\":\"hu\",\"potentialAction\":[{\"@type\":\"ReadAction\",\"target\":[\"https:\\\/\\\/www.salzburgerland.com\\\/hu\\\/hegyi-kerekparozas\\\/\"]}]},{\"@type\":\"ImageObject\",\"inLanguage\":\"hu\",\"@id\":\"https:\\\/\\\/www.salzburgerland.com\\\/hu\\\/hegyi-kerekparozas\\\/#primaryimage\",\"url\":\"https:\\\/\\\/www.salzburgerland.com\\\/hu\\\/wp-content\\\/uploads\\\/2016\\\/11\\\/rs466_saalbach_watzke_004-lpr-mtb.jpg\",\"contentUrl\":\"https:\\\/\\\/www.salzburgerland.com\\\/hu\\\/wp-content\\\/uploads\\\/2016\\\/11\\\/rs466_saalbach_watzke_004-lpr-mtb.jpg\",\"width\":1920,\"height\":1280,\"caption\":\"Downhill \u00a9 SalzburgerLand Tourismus, Wolfgang Watzke\"},{\"@type\":\"BreadcrumbList\",\"@id\":\"https:\\\/\\\/www.salzburgerland.com\\\/hu\\\/hegyi-kerekparozas\\\/#breadcrumb\",\"itemListElement\":[{\"@type\":\"ListItem\",\"position\":1,\"name\":\"Bring\u00e1val a salzburgi hegyekben, v\u00f6lgyekben\",\"item\":\"https:\\\/\\\/www.salzburgerland.com\\\/hu\\\/kerekparral-mountainbike-kal\\\/\"},{\"@type\":\"ListItem\",\"position\":2,\"name\":\"Hegyi ker\u00e9kp\u00e1rral a salzburgi r\u00e9gi\u00f3kban\"}]},{\"@type\":\"WebSite\",\"@id\":\"https:\\\/\\\/www.salzburgerland.com\\\/hu\\\/#website\",\"url\":\"https:\\\/\\\/www.salzburgerland.com\\\/hu\\\/\",\"name\":\"SalzburgerLand.com\",\"description\":\"\u00dcd\u00fcl\u00e9s Ausztri\u00e1ban, Salzburg tartom\u00e1nyban\",\"potentialAction\":[{\"@type\":\"SearchAction\",\"target\":{\"@type\":\"EntryPoint\",\"urlTemplate\":\"https:\\\/\\\/www.salzburgerland.com\\\/hu\\\/?s={search_term_string}\"},\"query-input\":{\"@type\":\"PropertyValueSpecification\",\"valueRequired\":true,\"valueName\":\"search_term_string\"}}],\"inLanguage\":\"hu\"},{\"@type\":\"Person\",\"@id\":\"https:\\\/\\\/www.salzburgerland.com\\\/hu\\\/#\\\/schema\\\/person\\\/318d672774562c00dc51530dd5ca5182\",\"name\":\"Eva Suemegi\",\"image\":{\"@type\":\"ImageObject\",\"inLanguage\":\"hu\",\"@id\":\"https:\\\/\\\/secure.gravatar.com\\\/avatar\\\/0713cd5ff838626404fe576f92a82fa1484d001fc2c094544fcd23cce4a3b703?s=96&d=mm&r=g\",\"url\":\"https:\\\/\\\/secure.gravatar.com\\\/avatar\\\/0713cd5ff838626404fe576f92a82fa1484d001fc2c094544fcd23cce4a3b703?s=96&d=mm&r=g\",\"contentUrl\":\"https:\\\/\\\/secure.gravatar.com\\\/avatar\\\/0713cd5ff838626404fe576f92a82fa1484d001fc2c094544fcd23cce4a3b703?s=96&d=mm&r=g\",\"caption\":\"Eva Suemegi\"}}]}<\/script>\n<meta property=\"og:video\" content=\"https:\/\/www.youtube.com\/embed\/rHuuyix_Lt8\" \/>\n<meta property=\"og:video:type\" content=\"text\/html\" \/>\n<meta property=\"og:video:duration\" content=\"205\" \/>\n<meta property=\"og:video:width\" content=\"480\" \/>\n<meta property=\"og:video:height\" content=\"270\" \/>\n<meta property=\"ya:ovs:adult\" content=\"false\" \/>\n<meta property=\"ya:ovs:upload_date\" content=\"2016-11-16T18:23:12+00:00\" \/>\n<meta property=\"ya:ovs:allow_embed\" content=\"true\" \/>\n<!-- \/ Yoast SEO Premium plugin. -->","yoast_head_json":{"title":"Hegyi ker\u00e9kp\u00e1rral a salzburgi r\u00e9gi\u00f3kban \u00bb SalzburgerLand.com","description":"T\u00far\u00e1z\u00e1s hegyi ker\u00e9kp\u00e1rral, Watzmann-Hochk\u00f6nig k\u00f6rt\u00fara, MTB-t\u00far\u00e1k a Lammertalban, a Grossarltalban, a Dachsteinn\u00e9l.","robots":{"index":"index","follow":"follow","max-snippet":"max-snippet:-1","max-image-preview":"max-image-preview:large","max-video-preview":"max-video-preview:-1"},"canonical":"https:\/\/www.salzburgerland.com\/hu\/hegyi-kerekparozas\/","og_locale":"hu_HU","og_type":"article","og_title":"Hegyi ker\u00e9kp\u00e1rral a salzburgi r\u00e9gi\u00f3kban","og_description":"A hegyi bring\u00e1z\u00e1s egyike a legjobb salzburgi id\u0151t\u00f6lt\u00e9seknek. Salzburg tartom\u00e1nynak (SalzburgerLand) t\u00f6bb ezer kilom\u00e9ternyi hegyi ker\u00e9kp\u00e1r\u00fatja van. Az","og_url":"https:\/\/www.salzburgerland.com\/hu\/hegyi-kerekparozas\/","og_site_name":"SalzburgerLand.com","article_publisher":"https:\/\/www.facebook.com\/visitsalzburgerland\/","article_published_time":"2016-11-16T18:23:12+00:00","article_modified_time":"2023-03-10T09:27:20+00:00","og_image":[{"width":1200,"height":675,"url":"https:\/\/www.salzburgerland.com\/hu\/wp-content\/uploads\/2016\/11\/rs466_saalbach_watzke_004-lpr-mtb-1200x675.jpg","type":"image\/jpeg"}],"author":"Eva Suemegi","twitter_card":"summary_large_image","twitter_creator":"@salzburgerland","twitter_site":"@salzburgerland","twitter_misc":{"Szerz\u0151:":"Eva Suemegi","Becs\u00fclt olvas\u00e1si id\u0151":"4 perc"},"schema":{"@context":"https:\/\/schema.org","@graph":[{"@type":"Article","@id":"https:\/\/www.salzburgerland.com\/hu\/hegyi-kerekparozas\/#article","isPartOf":{"@id":"https:\/\/www.salzburgerland.com\/hu\/hegyi-kerekparozas\/"},"author":{"name":"Eva Suemegi","@id":"https:\/\/www.salzburgerland.com\/hu\/#\/schema\/person\/318d672774562c00dc51530dd5ca5182"},"headline":"Hegyi ker\u00e9kp\u00e1rral a salzburgi r\u00e9gi\u00f3kban","datePublished":"2016-11-16T18:23:12+00:00","dateModified":"2023-03-10T09:27:20+00:00","mainEntityOfPage":{"@id":"https:\/\/www.salzburgerland.com\/hu\/hegyi-kerekparozas\/"},"wordCount":820,"image":{"@id":"https:\/\/www.salzburgerland.com\/hu\/hegyi-kerekparozas\/#primaryimage"},"thumbnailUrl":"https:\/\/www.salzburgerland.com\/hu\/wp-content\/uploads\/2016\/11\/rs466_saalbach_watzke_004-lpr-mtb.jpg","keywords":["bringabar\u00e1t sz\u00e1ll\u00e1sok","hegyi ker\u00e9kp\u00e1roz\u00e1s","mountainbike"],"articleSection":["Uncategorized"],"inLanguage":"hu"},{"@type":"WebPage","@id":"https:\/\/www.salzburgerland.com\/hu\/hegyi-kerekparozas\/","url":"https:\/\/www.salzburgerland.com\/hu\/hegyi-kerekparozas\/","name":"Hegyi ker\u00e9kp\u00e1rral a salzburgi r\u00e9gi\u00f3kban \u00bb SalzburgerLand.com","isPartOf":{"@id":"https:\/\/www.salzburgerland.com\/hu\/#website"},"primaryImageOfPage":{"@id":"https:\/\/www.salzburgerland.com\/hu\/hegyi-kerekparozas\/#primaryimage"},"image":{"@id":"https:\/\/www.salzburgerland.com\/hu\/hegyi-kerekparozas\/#primaryimage"},"thumbnailUrl":"https:\/\/www.salzburgerland.com\/hu\/wp-content\/uploads\/2016\/11\/rs466_saalbach_watzke_004-lpr-mtb.jpg","datePublished":"2016-11-16T18:23:12+00:00","dateModified":"2023-03-10T09:27:20+00:00","author":{"@id":"https:\/\/www.salzburgerland.com\/hu\/#\/schema\/person\/318d672774562c00dc51530dd5ca5182"},"description":"T\u00far\u00e1z\u00e1s hegyi ker\u00e9kp\u00e1rral, Watzmann-Hochk\u00f6nig k\u00f6rt\u00fara, MTB-t\u00far\u00e1k a Lammertalban, a Grossarltalban, a Dachsteinn\u00e9l.","breadcrumb":{"@id":"https:\/\/www.salzburgerland.com\/hu\/hegyi-kerekparozas\/#breadcrumb"},"inLanguage":"hu","potentialAction":[{"@type":"ReadAction","target":["https:\/\/www.salzburgerland.com\/hu\/hegyi-kerekparozas\/"]}]},{"@type":"ImageObject","inLanguage":"hu","@id":"https:\/\/www.salzburgerland.com\/hu\/hegyi-kerekparozas\/#primaryimage","url":"https:\/\/www.salzburgerland.com\/hu\/wp-content\/uploads\/2016\/11\/rs466_saalbach_watzke_004-lpr-mtb.jpg","contentUrl":"https:\/\/www.salzburgerland.com\/hu\/wp-content\/uploads\/2016\/11\/rs466_saalbach_watzke_004-lpr-mtb.jpg","width":1920,"height":1280,"caption":"Downhill \u00a9 SalzburgerLand Tourismus, Wolfgang Watzke"},{"@type":"BreadcrumbList","@id":"https:\/\/www.salzburgerland.com\/hu\/hegyi-kerekparozas\/#breadcrumb","itemListElement":[{"@type":"ListItem","position":1,"name":"Bring\u00e1val a salzburgi hegyekben, v\u00f6lgyekben","item":"https:\/\/www.salzburgerland.com\/hu\/kerekparral-mountainbike-kal\/"},{"@type":"ListItem","position":2,"name":"Hegyi ker\u00e9kp\u00e1rral a salzburgi r\u00e9gi\u00f3kban"}]},{"@type":"WebSite","@id":"https:\/\/www.salzburgerland.com\/hu\/#website","url":"https:\/\/www.salzburgerland.com\/hu\/","name":"SalzburgerLand.com","description":"\u00dcd\u00fcl\u00e9s Ausztri\u00e1ban, Salzburg tartom\u00e1nyban","potentialAction":[{"@type":"SearchAction","target":{"@type":"EntryPoint","urlTemplate":"https:\/\/www.salzburgerland.com\/hu\/?s={search_term_string}"},"query-input":{"@type":"PropertyValueSpecification","valueRequired":true,"valueName":"search_term_string"}}],"inLanguage":"hu"},{"@type":"Person","@id":"https:\/\/www.salzburgerland.com\/hu\/#\/schema\/person\/318d672774562c00dc51530dd5ca5182","name":"Eva Suemegi","image":{"@type":"ImageObject","inLanguage":"hu","@id":"https:\/\/secure.gravatar.com\/avatar\/0713cd5ff838626404fe576f92a82fa1484d001fc2c094544fcd23cce4a3b703?s=96&d=mm&r=g","url":"https:\/\/secure.gravatar.com\/avatar\/0713cd5ff838626404fe576f92a82fa1484d001fc2c094544fcd23cce4a3b703?s=96&d=mm&r=g","contentUrl":"https:\/\/secure.gravatar.com\/avatar\/0713cd5ff838626404fe576f92a82fa1484d001fc2c094544fcd23cce4a3b703?s=96&d=mm&r=g","caption":"Eva Suemegi"}}]},"og_video":"https:\/\/www.youtube.com\/embed\/rHuuyix_Lt8","og_video_type":"text\/html","og_video_duration":"205","og_video_width":"480","og_video_height":"270","ya_ovs_adult":"false","ya_ovs_upload_date":"2016-11-16T18:23:12+00:00","ya_ovs_allow_embed":"true"},"_wl_alt_label":[],"wl:entity_url":"http:\/\/open.salzburgerland.com\/hu\/post\/hegyi_kerekparos_turaparadicsom","_links":{"self":[{"href":"https:\/\/www.salzburgerland.com\/hu\/wp-json\/wp\/v2\/posts\/48","targetHints":{"allow":["GET"]}}],"collection":[{"href":"https:\/\/www.salzburgerland.com\/hu\/wp-json\/wp\/v2\/posts"}],"about":[{"href":"https:\/\/www.salzburgerland.com\/hu\/wp-json\/wp\/v2\/types\/post"}],"author":[{"embeddable":true,"href":"https:\/\/www.salzburgerland.com\/hu\/wp-json\/wp\/v2\/users\/4"}],"replies":[{"embeddable":true,"href":"https:\/\/www.salzburgerland.com\/hu\/wp-json\/wp\/v2\/comments?post=48"}],"version-history":[{"count":5,"href":"https:\/\/www.salzburgerland.com\/hu\/wp-json\/wp\/v2\/posts\/48\/revisions"}],"predecessor-version":[{"id":12194,"href":"https:\/\/www.salzburgerland.com\/hu\/wp-json\/wp\/v2\/posts\/48\/revisions\/12194"}],"wp:featuredmedia":[{"embeddable":true,"href":"https:\/\/www.salzburgerland.com\/hu\/wp-json\/wp\/v2\/media\/7318"}],"wp:attachment":[{"href":"https:\/\/www.salzburgerland.com\/hu\/wp-json\/wp\/v2\/media?parent=48"}],"wp:term":[{"taxonomy":"category","embeddable":true,"href":"https:\/\/www.salzburgerland.com\/hu\/wp-json\/wp\/v2\/categories?post=48"},{"taxonomy":"post_tag","embeddable":true,"href":"https:\/\/www.salzburgerland.com\/hu\/wp-json\/wp\/v2\/tags?post=48"},{"taxonomy":"wl_entity_type","embeddable":true,"href":"https:\/\/www.salzburgerland.com\/hu\/wp-json\/wp\/v2\/wl_entity_type?post=48"}],"curies":[{"name":"wp","href":"https:\/\/api.w.org\/{rel}","templated":true}]}}