{"id":46,"date":"2016-11-16T18:23:03","date_gmt":"2016-11-16T18:23:03","guid":{"rendered":"https:\/\/www.onebigpark.at\/hu\/?p=46"},"modified":"2023-03-10T09:29:39","modified_gmt":"2023-03-10T08:29:39","slug":"szallast-is-kinalo-vendegvaro-alpesi-huettek","status":"publish","type":"post","link":"https:\/\/www.salzburgerland.com\/hu\/szallast-is-kinalo-vendegvaro-alpesi-huettek\/","title":{"rendered":"Sz\u00e1ll\u00e1s alpesi legel\u0151n\u00a0"},"content":{"rendered":"<p>Salzburg tartom\u00e1ny (SalzburgerLand) vend\u00e9gv\u00e1r\u00f3 alpesi legel\u0151in a sz\u00e1ll\u00e1sad\u00f3 <span id=\"urn:enhancement-79229d01-2d46-3eba-65db-4ed34beb35a2\">gazda<\/span> \u00e9s <span id=\"urn:enhancement-64a10ac7-f804-1e5f-4ca5-47bc8d641c0e\">csal\u00e1dja<\/span> <strong>reggelit \u00e9s ell\u00e1t\u00e1st is<\/strong> tud biztos\u00edtani. A\u00a0r\u00e9gi\u00f3b\u00f3l kiker\u00fcl\u0151 hozz\u00e1val\u00f3kb\u00f3l,\u00a0h\u00e1zilag elk\u00e9sz\u00edtett \u00e9tkek ker\u00fclnek az asztalra. \u00c9s ez igaz\u00e1n j\u00f3 alkalom, hogy megtapasztaljuk, hogyan is \u00e9lnek h\u00e1t ezek az <span id=\"urn:enhancement-800f5fec-8dda-27cb-e5ec-70164234dde9\">emberek<\/span>, akik az <strong><span id=\"urn:enhancement-ab9942b2-447a-2e2e-92be-b382be7cc6ea\">alpesi<\/span><\/strong><strong> gazd\u00e1lkod\u00e1s \u00e9vsz\u00e1zados hagyom\u00e1nyait<\/strong> viszik tov\u00e1bb, m\u00e9g ha r\u00e9szben modern v\u00e1ltozatban is.<\/p>\n<p>Ha m\u00e9g sosem l\u00e1ttuk a <strong>napkelt\u00e9t <\/strong>a hegyekben, most itt az alkalom.\u00a0A <span id=\"urn:enhancement-192bb34c-cafb-9618-1c42-89d2b01f8172\">gazda<\/span> kor\u00e1n \u00e9bred, el kell l\u00e1tnia az \u00e1llatokat. Val\u00f3sz\u00edn\u0171leg nem b\u00e1nja, ha n\u00e9zel\u0151d\u00fcnk, pl\u00e1ne, ha kedv\u00fcnk t\u00e1mad kicsit seg\u00edteni is. <strong>Csal\u00e1di nyaral\u00e1shoz is j\u00f3 megold\u00e1s<\/strong> ez. V\u00e1rosi gyerekeknek m\u00e1r a h\u00e1zi\u00e1llatok <span id=\"urn:enhancement-026bc9c1-6c2c-c0ff-bda1-c5252831d310\">puszta<\/span> jelenl\u00e9te is izgalmas \u00e9s \u0151k azt\u00e1n sz\u00edvesen seg\u00edtenek. Az alpesi legel\u0151n <strong>a h\u00fctt\u00e9k egy r\u00e9sz\u00e9ben helyben k\u00e9sz\u00fcl a vaj \u00e9s a saj<\/strong>t, helyben s\u00fcl a h\u00e1zi keny\u00e9r. A feln\u0151tteket se hagyja hidegen a l\u00e1tv\u00e1ny, \u00e9s mindenki sz\u00edvesen eln\u00e9zegeti a kunyh\u00f3 berendez\u00e9s\u00e9t is. <strong>T\u00f6bb sz\u00e1z \u00e9ves kunyh\u00f3k <\/strong>is \u00e1llnak m\u00e9g az alpesi legel\u0151k\u00f6n, a tulajdonosok gonddal d\u00edsz\u00edtgetik \u0151ket r\u00e9gi szersz\u00e1mokkal, konyhai eszk\u00f6z\u00f6kkel, k\u00e9zimunk\u00e1kkal.<\/p>\n<div id=\"attachment_7493\" style=\"width: 1180px\" class=\"wp-caption alignnone\"><img decoding=\"async\" aria-describedby=\"caption-attachment-7493\" class=\"wp-image-7493 size-1170_658\" src=\"https:\/\/cdn.salzburgerland.com\/hu\/wp-content\/uploads\/2016\/11\/rs716_sujet_6_094-lpr-1170x658.jpg\" alt=\"\" width=\"1170\" height=\"658\" srcset=\"https:\/\/www.salzburgerland.com\/hu\/wp-content\/uploads\/2016\/11\/rs716_sujet_6_094-lpr-1170x658.jpg 1170w, https:\/\/www.salzburgerland.com\/hu\/wp-content\/uploads\/2016\/11\/rs716_sujet_6_094-lpr-1200x675.jpg 1200w\" sizes=\"(max-width: 1170px) 100vw, 1170px\"><p id=\"caption-attachment-7493\" class=\"wp-caption-text\">A h\u00fctt\u00e9kben a gyerekek is sok \u00faj \u00e9lm\u00e9nyre lelnek \u00a9 SalzburgerLand Tourismus, Helge Kirchberger<\/p><\/div>\n<h2>Mi\u00e9rt \u00e9rdemes <span id=\"urn:enhancement-4efca3d8-4fc0-666b-81e4-30cd6955114b\">alpesi<\/span> legel\u0151n, h\u00fctt\u00e9ben nyaralni? 5 \u00e9rv a sok k\u00f6z\u00fcl:<\/h2>\n<ol>\n<li><strong>T\u00e1vol vagyunk a vil\u00e1gt\u00f3l<\/strong>, de nem vagyunk egyed\u00fcl, hiszen a <span id=\"urn:enhancement-75ce8c00-0021-c5cb-7c5e-5d83935e3983\">gazda<\/span> \u00e9s <span id=\"urn:enhancement-aba2f804-5b19-73f7-ff5f-019e5c3ebaea\">csal\u00e1dja<\/span> is a kunyh\u00f3ban t\u00f6lti a nyarat.<\/li>\n<li>Az <strong>\u00e9tkez\u00e9sre nincs gondunk<\/strong>, \u00e9s v\u00e9gigk\u00f3stolhatjuk a helyi \u00e9teleket-italokat.<\/li>\n<li>K\u00f6zelr\u0151l ismerkedhet\u00fcnk meg a <strong>hegyi <span id=\"urn:enhancement-09cce3e6-9f26-6f20-d2a1-427c445789b8\">gazd\u00e1k<\/span><\/strong> mindennapjaival.<\/li>\n<li>Ha tudjuk a nyelvet, <strong>sok \u00e9rdekeset hallhatunk<\/strong> a h\u00e1ziakt\u00f3l: hova kir\u00e1nduljunk a k\u00f6rny\u00e9ken, milyen mond\u00e1k f\u0171z\u0151dnek a vid\u00e9khez. A dialektust hamar meg lehet szokni, s\u0151t k\u00f6z\u00f6s nyelv h\u00edj\u00e1n is sz\u00f3t lehet \u00e9rteni, ha a j\u00f3akarat \u00e9s a szimp\u00e1tia megvan.<\/li>\n<li><span lang=\"HU\"><span size=\"3\" color=\"#000000\">A <strong>j\u00f3t\u00e9kony nyugalom<\/strong>, a tiszta hegyi leveg\u0151 \u00e9s a t\u00f6k\u00e9letes kikapcsol\u00f3d\u00e1s \u00e9rz\u00e9se fenn a hegyek k\u00f6z\u00f6tt, az \u00e9rintetlen term\u00e9szetben, a fens\u00e9ges cs\u00facsok szomsz\u00e9ds\u00e1g\u00e1ban \u2013 ez teszi egyediv\u00e9 a <span id=\"urn:enhancement-82cc1dca-627b-97a3-e172-c75f7a2cdb42\">alpesi<\/span> ny\u00e1r \u00e9lm\u00e9ny\u00e9t. A testmozg\u00e1s \u00e9s a <strong>laz\u00edt\u00e1s<\/strong> egy\u00fcttes hat\u00e1sa k\u00fcl\u00f6n\u00f6sen j\u00f3t\u00e9kony hat\u00e1ssal van testre \u00e9s l\u00e9lekre egyar\u00e1nt. Itt egyszer\u0171en j\u00f3l \u00e9rzi mag\u00e1t az <span id=\"urn:enhancement-aaaba1d0-b042-ab78-80d8-a7fd4c208b3c\">ember<\/span>. <\/span><\/span><\/li>\n<\/ol>\n<div id=\"attachment_7495\" style=\"width: 1180px\" class=\"wp-caption alignnone\"><img decoding=\"async\" aria-describedby=\"caption-attachment-7495\" class=\"size-1170_658 wp-image-7495\" src=\"https:\/\/cdn.salzburgerland.com\/hu\/wp-content\/uploads\/2016\/11\/hirschgrubenalm_350-1170x658.jpg\" alt=\"\" width=\"1170\" height=\"658\" srcset=\"https:\/\/www.salzburgerland.com\/hu\/wp-content\/uploads\/2016\/11\/hirschgrubenalm_350-1170x658.jpg 1170w, https:\/\/www.salzburgerland.com\/hu\/wp-content\/uploads\/2016\/11\/hirschgrubenalm_350-1200x675.jpg 1200w\" sizes=\"(max-width: 1170px) 100vw, 1170px\"><p id=\"caption-attachment-7495\" class=\"wp-caption-text\">A Hirschgrubenalm \u00a9 Tom Son<\/p><\/div>\n<p><span lang=\"PL\"><span size=\"3\" color=\"#000000\"><span id=\"urn:enhancement-fc7be7e2-165f-e3e8-0dd7-71851c912c15\">Salzburg tartom\u00e1ny<\/span> mez\u0151gazdas\u00e1gi vagy egy\u00e9b m\u0171vel\u00e9s al\u00e1 es\u0151 <span id=\"urn:enhancement-0e66eb2a-477a-8a45-cd81-f17969824d4b\">alpesi<\/span> legel\u0151inek sz\u00e1ma meghaladja az 1800-at. A vend\u00e9gfogad\u00e1sra berendezkedett, \u00e9s a t\u00far\u00e1z\u00f3kat h\u00e1zi k\u00e9sz\u00edt\u00e9s\u0171 t\u00e1j\u00e9telekkel fogad\u00f3<strong><span id=\"urn:enhancement-0fe9c923-19ae-0ed7-0c8a-baa0c6818e7d\"><\/span> mened\u00e9kkunyh\u00f3k k\u00f6z\u00fcl <a href=\"https:\/\/holiday.salzburgerland.com\/blsalzburg\/en\/infosystem\/list?limINFOSYSTEMTHEME=fe4302f9-69c5-443e-9ebd-a5a50d1f9222,9437bccb-1296-4f3f-b317-13eceada9e0b&amp;_ga=2.61712677.860165467.1649614293-1322383599.1648662401\" target=\"_blank\" rel=\"noopener\">itt<\/a> v\u00e1logathat.<\/strong><\/span><\/span><\/p>\n<div>\n<h2><span>A csod\u00e1latos alpesi terepen a biztons\u00e1gr\u00f3l sem szabad megfeledkezni<\/span><\/h2>\n<\/div>\n<div>\n<p><span>Engedje meg, hogy felh\u00edvjuk figyelm\u00e9t a <span id=\"urn:enhancement-0240f800-e95c-4e78-8d2b-ef8c1e9891a5\" class=\"textannotation disambiguated wl-event\" itemid=\"http:\/\/open.salzburgerland.com\/hu\/entity\/nyari\">ny\u00e1ri<span class=\"apple-converted-space\"><\/span>\u00a0<\/span><\/span><a href=\"https:\/\/www.salzburgerland.com\/hu\/biztonsagi-eloirasok-az-alpokban-nyar\/\" rel=\"noopener\"><strong>biztons\u00e1gi tan\u00e1csainkra<\/strong><\/a><span>. A csod\u00e1latosan sz\u00e9p alpesi terepen is \u00e9rdemes kell\u0151 gondoss\u00e1ggal felk\u00e9sz\u00fclni.<\/span><\/p>\n<\/div>\n<div>\n<h2><strong><span>Ingyenes t\u00e1j\u00e9koztat\u00f3 kiadv\u00e1nyok<\/span><\/strong><\/h2>\n<\/div>\n<div>\n<p><span>Ingyenesen megrendelhet\u0151ek a<span class=\"apple-converted-space\">\u00a0<\/span><strong>Vak\u00e1ci\u00f3s \u00fatikalauz Salzburg tartom\u00e1ny aut\u00f3t\u00e9rk\u00e9p\u00e9vel<\/strong><span class=\"apple-converted-space\">\u00a0<\/span>\u00e9s az<span class=\"apple-converted-space\">\u00a0<\/span><strong>Almsommerzeit \u2013 T\u00e1j\u00e9koztat\u00f3 a salzburgi alpesi ny\u00e1rr\u00f3l<\/strong><span class=\"apple-converted-space\">\u00a0<\/span>c\u00edm\u0171 kiadv\u00e1nyok<span class=\"apple-converted-space\">\u00a0<\/span><\/span><a href=\"https:\/\/www.salzburgerland.com\/hu\/shop\/\"><b>itt<\/b><\/a><span>.<\/span><\/p>\n<\/div>\n","protected":false},"excerpt":{"rendered":"<p>Salzburg tartom\u00e1ny (SalzburgerLand) vend\u00e9gv\u00e1r\u00f3 alpesi legel\u0151in a sz\u00e1ll\u00e1sad\u00f3 gazda \u00e9s csal\u00e1dja reggelit \u00e9s ell\u00e1t\u00e1st is tud biztos\u00edtani. A\u00a0r\u00e9gi\u00f3b\u00f3l kiker\u00fcl\u0151 hozz\u00e1val\u00f3kb\u00f3l,\u00a0h\u00e1zilag elk\u00e9sz\u00edtett \u00e9tkek ker\u00fclnek az asztalra. \u00c9s ez igaz\u00e1n j\u00f3 alkalom, hogy megtapasztaljuk, hogyan is \u00e9lnek h\u00e1t ezek az emberek, akik az alpesi gazd\u00e1lkod\u00e1s \u00e9vsz\u00e1zados hagyom\u00e1nyait viszik tov\u00e1bb, m\u00e9g ha r\u00e9szben modern v\u00e1ltozatban is. Ha m\u00e9g [&hellip;]<\/p>\n","protected":false},"author":4,"featured_media":10291,"comment_status":"closed","ping_status":"closed","sticky":false,"template":"","format":"standard","meta":{"_acf_changed":false,"wl_entities_gutenberg":"","_relevanssi_hide_post":"","_relevanssi_hide_content":"","_relevanssi_pin_for_all":"","_relevanssi_pin_keywords":"","_relevanssi_unpin_keywords":"","_relevanssi_related_keywords":"","_relevanssi_related_include_ids":"","_relevanssi_related_exclude_ids":"","_relevanssi_related_no_append":"","_relevanssi_related_not_related":"","_relevanssi_related_posts":"","_relevanssi_noindex_reason":"","footnotes":""},"categories":[1],"tags":[341,326,331],"wl_entity_type":[27],"class_list":["post-46","post","type-post","status-publish","format-standard","has-post-thumbnail","hentry","category-uncategorized","tag-alpesi-gazdasag","tag-alpesi-legelo","tag-hutte","wl_entity_type-article"],"acf":[],"yoast_head":"<!-- This site is optimized with the Yoast SEO Premium plugin v27.4 (Yoast SEO v27.4) - https:\/\/yoast.com\/product\/yoast-seo-premium-wordpress\/ -->\n<title>Alpesi legel\u0151, t\u00far\u00e1z\u00e1s, egyszer\u0171, kellemes sz\u00e1ll\u00e1s a h\u00fctt\u00e9kben<\/title>\n<meta name=\"description\" content=\"Az alpesi legel\u0151k vend\u00e9gfogad\u00f3 h\u00fctt\u00e9inek gazd\u00e1i \u00e9jjeli sz\u00e1ll\u00e1st is k\u00edn\u00e1lnak. Luxusra ne sz\u00e1m\u00edtsunk, de a vid\u00e9k sz\u00e9ps\u00e9ge b\u0151v\u00f6n k\u00e1rp\u00f3tol.\" \/>\n<meta name=\"robots\" content=\"index, follow, max-snippet:-1, max-image-preview:large, max-video-preview:-1\" \/>\n<link rel=\"canonical\" href=\"https:\/\/www.salzburgerland.com\/hu\/szallast-is-kinalo-vendegvaro-alpesi-huettek\/\" \/>\n<meta property=\"og:locale\" content=\"hu_HU\" \/>\n<meta property=\"og:type\" content=\"article\" \/>\n<meta property=\"og:title\" content=\"Sz\u00e1ll\u00e1s alpesi legel\u0151n\u00a0\" \/>\n<meta property=\"og:description\" content=\"Salzburg tartom\u00e1ny (SalzburgerLand) vend\u00e9gv\u00e1r\u00f3 alpesi legel\u0151in a sz\u00e1ll\u00e1sad\u00f3 gazda \u00e9s csal\u00e1dja reggelit \u00e9s ell\u00e1t\u00e1st is tud biztos\u00edtani. A\u00a0r\u00e9gi\u00f3b\u00f3l kiker\u00fcl\u0151\" \/>\n<meta property=\"og:url\" content=\"https:\/\/www.salzburgerland.com\/hu\/szallast-is-kinalo-vendegvaro-alpesi-huettek\/\" \/>\n<meta property=\"og:site_name\" content=\"SalzburgerLand.com\" \/>\n<meta property=\"article:publisher\" content=\"https:\/\/www.facebook.com\/visitsalzburgerland\/\" \/>\n<meta property=\"article:published_time\" content=\"2016-11-16T18:23:03+00:00\" \/>\n<meta property=\"article:modified_time\" content=\"2023-03-10T08:29:39+00:00\" \/>\n<meta property=\"og:image\" content=\"https:\/\/www.salzburgerland.com\/hu\/wp-content\/uploads\/2016\/11\/larchenalm-almsommerhutte-copyright-salzburgerland-tourismus-1100x675.jpg\" \/>\n\t<meta property=\"og:image:width\" content=\"1100\" \/>\n\t<meta property=\"og:image:height\" content=\"675\" \/>\n\t<meta property=\"og:image:type\" content=\"image\/jpeg\" \/>\n<meta name=\"author\" content=\"Eva Suemegi\" \/>\n<meta name=\"twitter:card\" content=\"summary_large_image\" \/>\n<meta name=\"twitter:creator\" content=\"@salzburgerland\" \/>\n<meta name=\"twitter:site\" content=\"@salzburgerland\" \/>\n<meta name=\"twitter:label1\" content=\"Szerz\u0151:\" \/>\n\t<meta name=\"twitter:data1\" content=\"Eva Suemegi\" \/>\n\t<meta name=\"twitter:label2\" content=\"Becs\u00fclt olvas\u00e1si id\u0151\" \/>\n\t<meta name=\"twitter:data2\" content=\"3 perc\" \/>\n<script type=\"application\/ld+json\" class=\"yoast-schema-graph\">{\"@context\":\"https:\\\/\\\/schema.org\",\"@graph\":[{\"@type\":\"Article\",\"@id\":\"https:\\\/\\\/www.salzburgerland.com\\\/hu\\\/szallast-is-kinalo-vendegvaro-alpesi-huettek\\\/#article\",\"isPartOf\":{\"@id\":\"https:\\\/\\\/www.salzburgerland.com\\\/hu\\\/szallast-is-kinalo-vendegvaro-alpesi-huettek\\\/\"},\"author\":{\"name\":\"Eva Suemegi\",\"@id\":\"https:\\\/\\\/www.salzburgerland.com\\\/hu\\\/#\\\/schema\\\/person\\\/318d672774562c00dc51530dd5ca5182\"},\"headline\":\"Sz\u00e1ll\u00e1s alpesi legel\u0151n\u00a0\",\"datePublished\":\"2016-11-16T18:23:03+00:00\",\"dateModified\":\"2023-03-10T08:29:39+00:00\",\"mainEntityOfPage\":{\"@id\":\"https:\\\/\\\/www.salzburgerland.com\\\/hu\\\/szallast-is-kinalo-vendegvaro-alpesi-huettek\\\/\"},\"wordCount\":630,\"image\":{\"@id\":\"https:\\\/\\\/www.salzburgerland.com\\\/hu\\\/szallast-is-kinalo-vendegvaro-alpesi-huettek\\\/#primaryimage\"},\"thumbnailUrl\":\"https:\\\/\\\/www.salzburgerland.com\\\/hu\\\/wp-content\\\/uploads\\\/2016\\\/11\\\/larchenalm-almsommerhutte-copyright-salzburgerland-tourismus.jpg\",\"keywords\":[\"alpesi gazdas\u00e1g\",\"alpesi legel\u0151\",\"h\u00fctte\"],\"articleSection\":[\"Uncategorized\"],\"inLanguage\":\"hu\"},{\"@type\":\"WebPage\",\"@id\":\"https:\\\/\\\/www.salzburgerland.com\\\/hu\\\/szallast-is-kinalo-vendegvaro-alpesi-huettek\\\/\",\"url\":\"https:\\\/\\\/www.salzburgerland.com\\\/hu\\\/szallast-is-kinalo-vendegvaro-alpesi-huettek\\\/\",\"name\":\"Alpesi legel\u0151, t\u00far\u00e1z\u00e1s, egyszer\u0171, kellemes sz\u00e1ll\u00e1s a h\u00fctt\u00e9kben\",\"isPartOf\":{\"@id\":\"https:\\\/\\\/www.salzburgerland.com\\\/hu\\\/#website\"},\"primaryImageOfPage\":{\"@id\":\"https:\\\/\\\/www.salzburgerland.com\\\/hu\\\/szallast-is-kinalo-vendegvaro-alpesi-huettek\\\/#primaryimage\"},\"image\":{\"@id\":\"https:\\\/\\\/www.salzburgerland.com\\\/hu\\\/szallast-is-kinalo-vendegvaro-alpesi-huettek\\\/#primaryimage\"},\"thumbnailUrl\":\"https:\\\/\\\/www.salzburgerland.com\\\/hu\\\/wp-content\\\/uploads\\\/2016\\\/11\\\/larchenalm-almsommerhutte-copyright-salzburgerland-tourismus.jpg\",\"datePublished\":\"2016-11-16T18:23:03+00:00\",\"dateModified\":\"2023-03-10T08:29:39+00:00\",\"author\":{\"@id\":\"https:\\\/\\\/www.salzburgerland.com\\\/hu\\\/#\\\/schema\\\/person\\\/318d672774562c00dc51530dd5ca5182\"},\"description\":\"Az alpesi legel\u0151k vend\u00e9gfogad\u00f3 h\u00fctt\u00e9inek gazd\u00e1i \u00e9jjeli sz\u00e1ll\u00e1st is k\u00edn\u00e1lnak. Luxusra ne sz\u00e1m\u00edtsunk, de a vid\u00e9k sz\u00e9ps\u00e9ge b\u0151v\u00f6n k\u00e1rp\u00f3tol.\",\"breadcrumb\":{\"@id\":\"https:\\\/\\\/www.salzburgerland.com\\\/hu\\\/szallast-is-kinalo-vendegvaro-alpesi-huettek\\\/#breadcrumb\"},\"inLanguage\":\"hu\",\"potentialAction\":[{\"@type\":\"ReadAction\",\"target\":[\"https:\\\/\\\/www.salzburgerland.com\\\/hu\\\/szallast-is-kinalo-vendegvaro-alpesi-huettek\\\/\"]}]},{\"@type\":\"ImageObject\",\"inLanguage\":\"hu\",\"@id\":\"https:\\\/\\\/www.salzburgerland.com\\\/hu\\\/szallast-is-kinalo-vendegvaro-alpesi-huettek\\\/#primaryimage\",\"url\":\"https:\\\/\\\/www.salzburgerland.com\\\/hu\\\/wp-content\\\/uploads\\\/2016\\\/11\\\/larchenalm-almsommerhutte-copyright-salzburgerland-tourismus.jpg\",\"contentUrl\":\"https:\\\/\\\/www.salzburgerland.com\\\/hu\\\/wp-content\\\/uploads\\\/2016\\\/11\\\/larchenalm-almsommerhutte-copyright-salzburgerland-tourismus.jpg\",\"width\":1100,\"height\":730,\"caption\":\"Csal\u00e1di \u00e9lm\u00e9nyek az alpesi legel\u0151n \u00a9 SalzburgerLand Tourismus, HELGE KIRCHBERGER Photography\"},{\"@type\":\"BreadcrumbList\",\"@id\":\"https:\\\/\\\/www.salzburgerland.com\\\/hu\\\/szallast-is-kinalo-vendegvaro-alpesi-huettek\\\/#breadcrumb\",\"itemListElement\":[{\"@type\":\"ListItem\",\"position\":1,\"name\":\"Salzburgi alpesi ny\u00e1r\",\"item\":\"https:\\\/\\\/www.salzburgerland.com\\\/hu\\\/salzburgi-alpesi-nyar\\\/\"},{\"@type\":\"ListItem\",\"position\":2,\"name\":\"Sz\u00e1ll\u00e1s alpesi legel\u0151n\u00a0\"}]},{\"@type\":\"WebSite\",\"@id\":\"https:\\\/\\\/www.salzburgerland.com\\\/hu\\\/#website\",\"url\":\"https:\\\/\\\/www.salzburgerland.com\\\/hu\\\/\",\"name\":\"SalzburgerLand.com\",\"description\":\"\u00dcd\u00fcl\u00e9s Ausztri\u00e1ban, Salzburg tartom\u00e1nyban\",\"potentialAction\":[{\"@type\":\"SearchAction\",\"target\":{\"@type\":\"EntryPoint\",\"urlTemplate\":\"https:\\\/\\\/www.salzburgerland.com\\\/hu\\\/?s={search_term_string}\"},\"query-input\":{\"@type\":\"PropertyValueSpecification\",\"valueRequired\":true,\"valueName\":\"search_term_string\"}}],\"inLanguage\":\"hu\"},{\"@type\":\"Person\",\"@id\":\"https:\\\/\\\/www.salzburgerland.com\\\/hu\\\/#\\\/schema\\\/person\\\/318d672774562c00dc51530dd5ca5182\",\"name\":\"Eva Suemegi\",\"image\":{\"@type\":\"ImageObject\",\"inLanguage\":\"hu\",\"@id\":\"https:\\\/\\\/secure.gravatar.com\\\/avatar\\\/0713cd5ff838626404fe576f92a82fa1484d001fc2c094544fcd23cce4a3b703?s=96&d=mm&r=g\",\"url\":\"https:\\\/\\\/secure.gravatar.com\\\/avatar\\\/0713cd5ff838626404fe576f92a82fa1484d001fc2c094544fcd23cce4a3b703?s=96&d=mm&r=g\",\"contentUrl\":\"https:\\\/\\\/secure.gravatar.com\\\/avatar\\\/0713cd5ff838626404fe576f92a82fa1484d001fc2c094544fcd23cce4a3b703?s=96&d=mm&r=g\",\"caption\":\"Eva Suemegi\"}}]}<\/script>\n<!-- \/ Yoast SEO Premium plugin. -->","yoast_head_json":{"title":"Alpesi legel\u0151, t\u00far\u00e1z\u00e1s, egyszer\u0171, kellemes sz\u00e1ll\u00e1s a h\u00fctt\u00e9kben","description":"Az alpesi legel\u0151k vend\u00e9gfogad\u00f3 h\u00fctt\u00e9inek gazd\u00e1i \u00e9jjeli sz\u00e1ll\u00e1st is k\u00edn\u00e1lnak. Luxusra ne sz\u00e1m\u00edtsunk, de a vid\u00e9k sz\u00e9ps\u00e9ge b\u0151v\u00f6n k\u00e1rp\u00f3tol.","robots":{"index":"index","follow":"follow","max-snippet":"max-snippet:-1","max-image-preview":"max-image-preview:large","max-video-preview":"max-video-preview:-1"},"canonical":"https:\/\/www.salzburgerland.com\/hu\/szallast-is-kinalo-vendegvaro-alpesi-huettek\/","og_locale":"hu_HU","og_type":"article","og_title":"Sz\u00e1ll\u00e1s alpesi legel\u0151n\u00a0","og_description":"Salzburg tartom\u00e1ny (SalzburgerLand) vend\u00e9gv\u00e1r\u00f3 alpesi legel\u0151in a sz\u00e1ll\u00e1sad\u00f3 gazda \u00e9s csal\u00e1dja reggelit \u00e9s ell\u00e1t\u00e1st is tud biztos\u00edtani. A\u00a0r\u00e9gi\u00f3b\u00f3l kiker\u00fcl\u0151","og_url":"https:\/\/www.salzburgerland.com\/hu\/szallast-is-kinalo-vendegvaro-alpesi-huettek\/","og_site_name":"SalzburgerLand.com","article_publisher":"https:\/\/www.facebook.com\/visitsalzburgerland\/","article_published_time":"2016-11-16T18:23:03+00:00","article_modified_time":"2023-03-10T08:29:39+00:00","og_image":[{"width":1100,"height":675,"url":"https:\/\/www.salzburgerland.com\/hu\/wp-content\/uploads\/2016\/11\/larchenalm-almsommerhutte-copyright-salzburgerland-tourismus-1100x675.jpg","type":"image\/jpeg"}],"author":"Eva Suemegi","twitter_card":"summary_large_image","twitter_creator":"@salzburgerland","twitter_site":"@salzburgerland","twitter_misc":{"Szerz\u0151:":"Eva Suemegi","Becs\u00fclt olvas\u00e1si id\u0151":"3 perc"},"schema":{"@context":"https:\/\/schema.org","@graph":[{"@type":"Article","@id":"https:\/\/www.salzburgerland.com\/hu\/szallast-is-kinalo-vendegvaro-alpesi-huettek\/#article","isPartOf":{"@id":"https:\/\/www.salzburgerland.com\/hu\/szallast-is-kinalo-vendegvaro-alpesi-huettek\/"},"author":{"name":"Eva Suemegi","@id":"https:\/\/www.salzburgerland.com\/hu\/#\/schema\/person\/318d672774562c00dc51530dd5ca5182"},"headline":"Sz\u00e1ll\u00e1s alpesi legel\u0151n\u00a0","datePublished":"2016-11-16T18:23:03+00:00","dateModified":"2023-03-10T08:29:39+00:00","mainEntityOfPage":{"@id":"https:\/\/www.salzburgerland.com\/hu\/szallast-is-kinalo-vendegvaro-alpesi-huettek\/"},"wordCount":630,"image":{"@id":"https:\/\/www.salzburgerland.com\/hu\/szallast-is-kinalo-vendegvaro-alpesi-huettek\/#primaryimage"},"thumbnailUrl":"https:\/\/www.salzburgerland.com\/hu\/wp-content\/uploads\/2016\/11\/larchenalm-almsommerhutte-copyright-salzburgerland-tourismus.jpg","keywords":["alpesi gazdas\u00e1g","alpesi legel\u0151","h\u00fctte"],"articleSection":["Uncategorized"],"inLanguage":"hu"},{"@type":"WebPage","@id":"https:\/\/www.salzburgerland.com\/hu\/szallast-is-kinalo-vendegvaro-alpesi-huettek\/","url":"https:\/\/www.salzburgerland.com\/hu\/szallast-is-kinalo-vendegvaro-alpesi-huettek\/","name":"Alpesi legel\u0151, t\u00far\u00e1z\u00e1s, egyszer\u0171, kellemes sz\u00e1ll\u00e1s a h\u00fctt\u00e9kben","isPartOf":{"@id":"https:\/\/www.salzburgerland.com\/hu\/#website"},"primaryImageOfPage":{"@id":"https:\/\/www.salzburgerland.com\/hu\/szallast-is-kinalo-vendegvaro-alpesi-huettek\/#primaryimage"},"image":{"@id":"https:\/\/www.salzburgerland.com\/hu\/szallast-is-kinalo-vendegvaro-alpesi-huettek\/#primaryimage"},"thumbnailUrl":"https:\/\/www.salzburgerland.com\/hu\/wp-content\/uploads\/2016\/11\/larchenalm-almsommerhutte-copyright-salzburgerland-tourismus.jpg","datePublished":"2016-11-16T18:23:03+00:00","dateModified":"2023-03-10T08:29:39+00:00","author":{"@id":"https:\/\/www.salzburgerland.com\/hu\/#\/schema\/person\/318d672774562c00dc51530dd5ca5182"},"description":"Az alpesi legel\u0151k vend\u00e9gfogad\u00f3 h\u00fctt\u00e9inek gazd\u00e1i \u00e9jjeli sz\u00e1ll\u00e1st is k\u00edn\u00e1lnak. Luxusra ne sz\u00e1m\u00edtsunk, de a vid\u00e9k sz\u00e9ps\u00e9ge b\u0151v\u00f6n k\u00e1rp\u00f3tol.","breadcrumb":{"@id":"https:\/\/www.salzburgerland.com\/hu\/szallast-is-kinalo-vendegvaro-alpesi-huettek\/#breadcrumb"},"inLanguage":"hu","potentialAction":[{"@type":"ReadAction","target":["https:\/\/www.salzburgerland.com\/hu\/szallast-is-kinalo-vendegvaro-alpesi-huettek\/"]}]},{"@type":"ImageObject","inLanguage":"hu","@id":"https:\/\/www.salzburgerland.com\/hu\/szallast-is-kinalo-vendegvaro-alpesi-huettek\/#primaryimage","url":"https:\/\/www.salzburgerland.com\/hu\/wp-content\/uploads\/2016\/11\/larchenalm-almsommerhutte-copyright-salzburgerland-tourismus.jpg","contentUrl":"https:\/\/www.salzburgerland.com\/hu\/wp-content\/uploads\/2016\/11\/larchenalm-almsommerhutte-copyright-salzburgerland-tourismus.jpg","width":1100,"height":730,"caption":"Csal\u00e1di \u00e9lm\u00e9nyek az alpesi legel\u0151n \u00a9 SalzburgerLand Tourismus, HELGE KIRCHBERGER Photography"},{"@type":"BreadcrumbList","@id":"https:\/\/www.salzburgerland.com\/hu\/szallast-is-kinalo-vendegvaro-alpesi-huettek\/#breadcrumb","itemListElement":[{"@type":"ListItem","position":1,"name":"Salzburgi alpesi ny\u00e1r","item":"https:\/\/www.salzburgerland.com\/hu\/salzburgi-alpesi-nyar\/"},{"@type":"ListItem","position":2,"name":"Sz\u00e1ll\u00e1s alpesi legel\u0151n\u00a0"}]},{"@type":"WebSite","@id":"https:\/\/www.salzburgerland.com\/hu\/#website","url":"https:\/\/www.salzburgerland.com\/hu\/","name":"SalzburgerLand.com","description":"\u00dcd\u00fcl\u00e9s Ausztri\u00e1ban, Salzburg tartom\u00e1nyban","potentialAction":[{"@type":"SearchAction","target":{"@type":"EntryPoint","urlTemplate":"https:\/\/www.salzburgerland.com\/hu\/?s={search_term_string}"},"query-input":{"@type":"PropertyValueSpecification","valueRequired":true,"valueName":"search_term_string"}}],"inLanguage":"hu"},{"@type":"Person","@id":"https:\/\/www.salzburgerland.com\/hu\/#\/schema\/person\/318d672774562c00dc51530dd5ca5182","name":"Eva Suemegi","image":{"@type":"ImageObject","inLanguage":"hu","@id":"https:\/\/secure.gravatar.com\/avatar\/0713cd5ff838626404fe576f92a82fa1484d001fc2c094544fcd23cce4a3b703?s=96&d=mm&r=g","url":"https:\/\/secure.gravatar.com\/avatar\/0713cd5ff838626404fe576f92a82fa1484d001fc2c094544fcd23cce4a3b703?s=96&d=mm&r=g","contentUrl":"https:\/\/secure.gravatar.com\/avatar\/0713cd5ff838626404fe576f92a82fa1484d001fc2c094544fcd23cce4a3b703?s=96&d=mm&r=g","caption":"Eva Suemegi"}}]}},"_wl_alt_label":[],"wl:entity_url":"http:\/\/open.salzburgerland.com\/hu\/post\/szallas_alpesi_legelon","_links":{"self":[{"href":"https:\/\/www.salzburgerland.com\/hu\/wp-json\/wp\/v2\/posts\/46","targetHints":{"allow":["GET"]}}],"collection":[{"href":"https:\/\/www.salzburgerland.com\/hu\/wp-json\/wp\/v2\/posts"}],"about":[{"href":"https:\/\/www.salzburgerland.com\/hu\/wp-json\/wp\/v2\/types\/post"}],"author":[{"embeddable":true,"href":"https:\/\/www.salzburgerland.com\/hu\/wp-json\/wp\/v2\/users\/4"}],"replies":[{"embeddable":true,"href":"https:\/\/www.salzburgerland.com\/hu\/wp-json\/wp\/v2\/comments?post=46"}],"version-history":[{"count":5,"href":"https:\/\/www.salzburgerland.com\/hu\/wp-json\/wp\/v2\/posts\/46\/revisions"}],"predecessor-version":[{"id":12151,"href":"https:\/\/www.salzburgerland.com\/hu\/wp-json\/wp\/v2\/posts\/46\/revisions\/12151"}],"wp:featuredmedia":[{"embeddable":true,"href":"https:\/\/www.salzburgerland.com\/hu\/wp-json\/wp\/v2\/media\/10291"}],"wp:attachment":[{"href":"https:\/\/www.salzburgerland.com\/hu\/wp-json\/wp\/v2\/media?parent=46"}],"wp:term":[{"taxonomy":"category","embeddable":true,"href":"https:\/\/www.salzburgerland.com\/hu\/wp-json\/wp\/v2\/categories?post=46"},{"taxonomy":"post_tag","embeddable":true,"href":"https:\/\/www.salzburgerland.com\/hu\/wp-json\/wp\/v2\/tags?post=46"},{"taxonomy":"wl_entity_type","embeddable":true,"href":"https:\/\/www.salzburgerland.com\/hu\/wp-json\/wp\/v2\/wl_entity_type?post=46"}],"curies":[{"name":"wp","href":"https:\/\/api.w.org\/{rel}","templated":true}]}}