{"id":34,"date":"2016-11-16T18:22:13","date_gmt":"2016-11-16T18:22:13","guid":{"rendered":"https:\/\/www.onebigpark.at\/hu\/?p=34"},"modified":"2023-03-08T16:58:55","modified_gmt":"2023-03-08T15:58:55","slug":"gyalogturan-salzburg-tartomanyban","status":"publish","type":"post","link":"https:\/\/www.salzburgerland.com\/hu\/gyalogturan-salzburg-tartomanyban\/","title":{"rendered":"Gyalogt\u00far\u00e1k a salzburgi r\u00e9gi\u00f3kban"},"content":{"rendered":"<p><span id=\"urn:local-text-annotation-3t7gyvukb9ji3d6pzdrtgad5fpe86u67\" class=\"textannotation disambiguated wl-place\" itemid=\"\"><\/span>Salzburg tartom\u00e1ny (SalzburgerLand) v\u00e1ltozatos\u00a0<strong>t\u00faraparadicsom<\/strong>:\u00a0r\u00e9gi\u00f3iban tavak, foly\u00f3k, szikl\u00e1s \u00e9s z\u00f6ld hegyvonulatok, <span id=\"urn:enhancement-10e1a0ea\" class=\"textannotation disambiguated wl-other\" itemid=\"\">alpesi<\/span> hegy\u00f3ri\u00e1sok v\u00e1rnak felfedez\u00e9sre. Komoly <span id=\"urn:enhancement-b89fb1aa\" class=\"textannotation disambiguated wl-other\" itemid=\"\">alpesi<\/span> gyalogt\u00far\u00e1kat tehet, akinek tapasztalata \u00e9s er\u0151nl\u00e9te engedi. J\u00f3 h\u00edr az\u00a0 is, hogy a laza temp\u00f3 h\u00edvei is tal\u00e1lnak k\u00f6nnyen bej\u00e1rhat\u00f3, enyhe szintemelked\u00e9s\u0171 turistautakat, nagyobb magass\u00e1gokban is. A l\u00e9nyeg, hogy nyitott szemmel j\u00e1rjunk a gyalogt\u00far\u00e1n, adjuk \u00e1t magunkat a sokf\u00e9le \u00e9lm\u00e9nynek. Ne siess\u00fcnk, \u00e1lljunk meg pihenni a legszebb <strong>kil\u00e1t\u00f3kn\u00e1l<\/strong>, <strong>er\u0151helyeken<\/strong>. \u00datk\u00f6zben figyelj\u00fck meg a f\u00e1kat, n\u00f6v\u00e9nyeket, vadvir\u00e1gokat, hallgassuk a madarakat.<\/p>\n<div id=\"attachment_9518\" style=\"width: 1180px\" class=\"wp-caption alignnone\"><img decoding=\"async\" aria-describedby=\"caption-attachment-9518\" class=\"wp-image-9518 size-1170_658\" src=\"https:\/\/cdn.salzburgerland.com\/hu\/wp-content\/uploads\/2020\/04\/rs2746_t2_055-lpr-mitterastenalm-1170x658.jpg\" alt=\"\" width=\"1170\" height=\"658\" srcset=\"https:\/\/www.salzburgerland.com\/hu\/wp-content\/uploads\/2020\/04\/rs2746_t2_055-lpr-mitterastenalm-1170x658.jpg 1170w, https:\/\/www.salzburgerland.com\/hu\/wp-content\/uploads\/2020\/04\/rs2746_t2_055-lpr-mitterastenalm-1200x675.jpg 1200w\" sizes=\"(max-width: 1170px) 100vw, 1170px\"><p id=\"caption-attachment-9518\" class=\"wp-caption-text\">A Mitterastenalm csod\u00e1latos legel\u0151i t\u00far\u00e1z\u00e1sra cs\u00e1b\u00edtanak \u00a9 SalzburgerLand Tourismus, Tom Son<\/p><\/div>\n<h2><strong>Az \u00fat a fontos, nem a c\u00e9l<\/strong><\/h2>\n<p>A salzburgi <strong>hegyi <span id=\"urn:local-text-annotation-vbtsno9npd7auwxm02pdkyy53o6dsyn9\" class=\"textannotation disambiguated wl-thing\" itemid=\"\">legel\u0151k<\/span><\/strong> h\u00edresen sz\u00e9p fekv\u00e9s\u0171ek. A <strong>hegyi kunyh\u00f3k<\/strong> tulajdonosai, b\u00e9rl\u0151i \u00e9vr\u0151l \u00e9vre sok l\u00e1togat\u00f3ra sz\u00e1m\u00edthatnak. \u00c9pp ez\u00e9rt a turist\u00e1k j\u00f3l\u00e9t\u00e9nek biztos\u00edt\u00e1s\u00e1ra is komoly hangs\u00falyt helyeznek a hagyom\u00e1nyos gazd\u00e1lkod\u00e1s mellett. A gyalogt\u00far\u00e1k \u00fatvonalain gondosan elhelyezett t\u00e1bl\u00e1k vezetnek a kisebb-nagyobb kunyh\u00f3khoz, t\u00e9rk\u00e9pek, prospektusok \u00e9s a h\u00fctt\u00e9k min\u0151s\u00e9gi m\u00e1rkajelv\u00e9nyei seg\u00edtenek a t\u00e1j\u00e9koz\u00f3d\u00e1sban. F\u00f6nn az <span id=\"urn:enhancement-a3d22e77\" class=\"textannotation disambiguated wl-other\" itemid=\"\">alpesi<\/span>\u00a0h\u00fctt\u00e9kben jobb\u00e1ra b\u0151rnadr\u00e1got, dirndliruh\u00e1t viselnek \u00e9s salzburgi t\u00e1jsz\u00f3l\u00e1sban besz\u00e9lnek a vend\u00e9gl\u00e1t\u00f3k. M\u00e9gsincs igaz\u00e1n nyelvi akad\u00e1ly, nyelvtud\u00e1s n\u00e9lk\u00fcl is kivehetj\u00fck r\u00e9sz\u00fcnket a <strong>Salzburgi alpesi ny\u00e1r<\/strong> (Salzburger Almsommer) \u00f6r\u00f6meib\u0151l.<\/p>\n<div id=\"attachment_7292\" style=\"width: 1180px\" class=\"wp-caption alignnone\"><img decoding=\"async\" aria-describedby=\"caption-attachment-7292\" class=\"size-1170_658 wp-image-7292\" src=\"https:\/\/cdn.salzburgerland.com\/hu\/wp-content\/uploads\/2016\/11\/rs2124_2017-08-02-slt-roadtrip-tag-1-by-michael-groessinger-img_7981-1-1170x658.jpg\" alt=\"\" width=\"1170\" height=\"658\" srcset=\"https:\/\/www.salzburgerland.com\/hu\/wp-content\/uploads\/2016\/11\/rs2124_2017-08-02-slt-roadtrip-tag-1-by-michael-groessinger-img_7981-1-1170x658.jpg 1170w, https:\/\/www.salzburgerland.com\/hu\/wp-content\/uploads\/2016\/11\/rs2124_2017-08-02-slt-roadtrip-tag-1-by-michael-groessinger-img_7981-1-1200x675.jpg 1200w\" sizes=\"(max-width: 1170px) 100vw, 1170px\"><p id=\"caption-attachment-7292\" class=\"wp-caption-text\">T\u00far\u00e1z\u00f3k a Postalm legel\u0151n \u00a9 SalzburgerLand Tourismus, Michael Groessinger<\/p><\/div>\n<p>A gyalogt\u00far\u00e1kra persze <strong>fel kell k\u00e9sz\u00fclni<\/strong>, legal\u00e1bbis j\u00f3el\u0151re el kell d\u00f6nteni, <strong>milyen terep<\/strong> v\u00e1r r\u00e1nk \u00e9s <strong>mennyi id\u0151re<\/strong> lesz sz\u00fcks\u00e9g\u00fcnk. Az sem mell\u00e9kes, hogy er\u0151nl\u00e9t\u00fcnknek megfelel\u0151 \u00fatvonalat v\u00e1lasszunk \u00e9s megfelel\u0151 \u00f6lt\u00f6zetben induljunk \u00fatnak. D\u00f6nt\u0151en fontos a l\u00e1bat j\u00f3l tart\u00f3 t\u00faracip\u0151. Gondoljunk arra is, hogy fenn a hegyekben gyorsan v\u00e1ltozhat az id\u0151j\u00e1r\u00e1s, sz\u00fcks\u00e9g\u00fcnk lehet pul\u00f3verre, es\u0151kab\u00e1tra. Hosszabb gyalogt\u00far\u00e1kra vigy\u00fcnk magunkkal vizet \u00e9s n\u00e9mi \u00fatraval\u00f3t. F\u0151k\u00e9pp pedig n\u00e9zz\u00fcnk ut\u00e1na, nyitva tart-e m\u00e1r a h\u00fctte, ahova be akarunk t\u00e9rni. Ha pedig b\u00e1rmi k\u00f6zbej\u00f6n \u00fatk\u00f6zben \u2013 felt\u00f6ri a l\u00e1bunkat a cip\u0151, vihar k\u00f6zeleg, nagyon elf\u00e1radtunk, nem vagyunk biztosak, j\u00f3fel\u00e9 megy\u00fcnk-e \u2013 akkor ne h\u0151sk\u00f6dj\u00fcnk, forduljunk vissza. Ha ez megt\u00f6rt\u00e9nik, nem kell \u00e9s nem is szabad veres\u00e9gk\u00e9nt meg\u00e9lni. Hiszen tudjuk: az \u00fat a fontos, nem a c\u00e9l. Az \u00fatk\u00f6zben szerzett <strong>\u00e9lm\u00e9nyek<\/strong> sz\u00e1m\u00edtanak \u00e9s ki tudja, tal\u00e1n \u00e9pp a vissza\u00fat tartogat valamit, amit csak ott \u00e9s csak akkor l\u00e1thatunk meg.<\/p>\n<h2><strong>Mindent a vend\u00e9g\u00e9rt<\/strong><\/h2>\n<p>Hegyek, turistautak, panor\u00e1m\u00e1k \u2013 igen, de hogyan v\u00e1lasszam ki, mi val\u00f3 nekem a gazdag k\u00edn\u00e1latb\u00f3l? Honnan induljak, honnan tudjam, milyen lesz az id\u0151, melyik h\u00fctt\u00e9be \u00e9rdemes bet\u00e9rni? K\u00e9rd\u00e9s k\u00e9rd\u00e9s h\u00e1t\u00e1n, \u00e1m a v\u00e1lasz egyszer\u0171: forduljunk p\u00e9ld\u00e1ul <strong><a href=\"https:\/\/holiday.salzburgerland.com\/blsalzburg\/en\/accommodation\/list?limCAT=8eb567e4-3c83-4a88-b936-4b2c92092a4f\" target=\"_blank\" rel=\"noopener noreferrer\">a salzburgi alpesi ny\u00e1r\u00a0partner szolg\u00e1ltat\u00f3ihoz<\/a>\u00a0<\/strong>(Almsommer Unterk\u00fcnfte, Almsommer Partner). Mit \u00e9rt\u00fcnk ez alatt? Olyan sz\u00e1ll\u00e1sad\u00f3kat, akikn\u00e9l a nyaral\u00f3k minden k\u00e9rd\u00e9s\u00e9re megvan a v\u00e1lasz. Mert a vend\u00e9gl\u00e1t\u00f3k maguk is sokat j\u00e1rnak a hegyekbe, <strong>ismerik a k\u00f6rny\u00e9ket<\/strong>, a legszebb kil\u00e1t\u00f3helyeket, a k\u00f6nnyebben \u00e9s nehezebben bej\u00e1rhat\u00f3 \u00fatvonalakat.<\/p>\n\n\t\t\t<div id=\"34-1\" class=\"gallery gallery-34 gallery-columns-3 gallery-size-1170_658\" itemscope itemtype=\"http:\/\/schema.org\/ImageGallery\">\n\t\t\t\t<ul class=\"gallery-row gallery-col-3 gallery-clear\">\n\t\t\t\t\t<li class=\"gallery-item col-3\" itemprop=\"associatedMedia\" itemscope itemtype=\"http:\/\/schema.org\/ImageObject\">\n\t\t\t\t\t\t<div class=\"gallery-icon landscape\"><a href=\"https:\/\/www.salzburgerland.com\/hu\/wp-content\/uploads\/2016\/11\/auf_der_hirschgrubenalm_573csalzburgerland_tomson-2-1920x1067.jpg\" title=\"auf_der_hirschgrubenalm_573csalzburgerland_tomson\"><img decoding=\"async\" data-title=\"A Hirschgrubenalm alpesi legel\u0151 h\u00fctt\u00e9j\u00e9n\u00e9l \u00a9 SalzburgerLand Tourismus, Tom Son\" title=\"A Hirschgrubenalm alpesi legel\u0151 h\u00fctt\u00e9j\u00e9n\u00e9l \u00a9 SalzburgerLand Tourismus, Tom Son\" data-caption=\"A Hirschgrubenalm alpesi legel\u0151 h\u00fctt\u00e9j\u00e9n\u00e9l \u00a9 SalzburgerLand Tourismus, Tom Son\" width=\"1170\" height=\"658\" src=\"https:\/\/www.salzburgerland.com\/hu\/wp-content\/uploads\/2016\/11\/auf_der_hirschgrubenalm_573csalzburgerland_tomson-2-1170x658.jpg\" class=\"attachment-1170_658 size-1170_658\" alt=\"Emberek gy\u00fclekeznek egy rusztikus hegyi fah\u00e1z el\u0151tt, egy ker\u00e9kp\u00e1r\u00fat mellett, ker\u00e9kp\u00e1rokkal egy faker\u00edt\u00e9s mellett. (Nagy\u00edtott n\u00e9zet)\" srcset=\"https:\/\/www.salzburgerland.com\/hu\/wp-content\/uploads\/2016\/11\/auf_der_hirschgrubenalm_573csalzburgerland_tomson-2-1170x658.jpg 1170w, https:\/\/www.salzburgerland.com\/hu\/wp-content\/uploads\/2016\/11\/auf_der_hirschgrubenalm_573csalzburgerland_tomson-2-1200x675.jpg 1200w\" sizes=\"(max-width: 1170px) 100vw, 1170px\" aria-describedby=\"figcaption-34-10208\" itemprop=\"thumbnail\"><\/a><\/div>\n\t\t\t\t\t\t<span id=\"figcaption-34-10208\" class=\"gallery-caption\" itemprop=\"caption\"><span aria-hidden=\"true\">A Hirschgrubenalm alpesi legel\u0151 h\u00fctt\u00e9j\u00e9n\u00e9l \u00a9 SalzburgerLand Tourismus, Tom Son<\/span><\/span>\n\t\t\t\t\t<\/li>\n\t\t\t\t\t<li class=\"gallery-item col-3\" itemprop=\"associatedMedia\" itemscope itemtype=\"http:\/\/schema.org\/ImageObject\">\n\t\t\t\t\t\t<div class=\"gallery-icon landscape\"><a href=\"https:\/\/www.salzburgerland.com\/hu\/wp-content\/uploads\/2019\/08\/-salzburgerland-tourismus-f--pritz-1920x1067.jpg\" title=\"Das Huettendorf im Goeriachtal, Lungau\"><img decoding=\"async\" data-title=\"Alpesi \u00fcd\u00fcl\u0151falu a Salzburgi Lungau-ban, a G\u00f6riachtal v\u00f6lgyben: A H\u00fcttendorf \u00a9 SalzburgerLand Tourismus, F. Pritz\" title=\"Alpesi \u00fcd\u00fcl\u0151falu a Salzburgi Lungau-ban, a G\u00f6riachtal v\u00f6lgyben: A H\u00fcttendorf \u00a9 SalzburgerLand Tourismus, F. Pritz\" data-caption=\"Alpesi \u00fcd\u00fcl\u0151falu a Salzburgi Lungau-ban, a G\u00f6riachtal v\u00f6lgyben: A H\u00fcttendorf \u00a9 SalzburgerLand Tourismus, F. Pritz\" width=\"1170\" height=\"658\" src=\"https:\/\/www.salzburgerland.com\/hu\/wp-content\/uploads\/2019\/08\/-salzburgerland-tourismus-f--pritz-1170x658.jpg\" class=\"attachment-1170_658 size-1170_658\" alt=\"A Salzburgi Lungauban vadvir\u00e1gok \u00e9s f\u00e1k k\u00f6z\u00f6tt fah\u00e1zak \u00e1llnak a ferde tetej\u0171 fah\u00e1zak k\u00f6z\u00f6tt. (Nagy\u00edtott n\u00e9zet)\" srcset=\"https:\/\/www.salzburgerland.com\/hu\/wp-content\/uploads\/2019\/08\/-salzburgerland-tourismus-f--pritz-1170x658.jpg 1170w, https:\/\/www.salzburgerland.com\/hu\/wp-content\/uploads\/2019\/08\/-salzburgerland-tourismus-f--pritz-1200x675.jpg 1200w\" sizes=\"(max-width: 1170px) 100vw, 1170px\" aria-describedby=\"figcaption-34-9145\" itemprop=\"thumbnail\"><\/a><\/div>\n\t\t\t\t\t\t<span id=\"figcaption-34-9145\" class=\"gallery-caption\" itemprop=\"caption\"><span aria-hidden=\"true\">Alpesi \u00fcd\u00fcl\u0151falu a Salzburgi Lungau-ban, a G\u00f6riachtal v\u00f6lgyben: A H\u00fcttendorf \u00a9 SalzburgerLand Tourismus, F. Pritz<\/span><\/span>\n\t\t\t\t\t<\/li>\n\t\t\t\t\t<li class=\"gallery-item col-3\" itemprop=\"associatedMedia\" itemscope itemtype=\"http:\/\/schema.org\/ImageObject\">\n\t\t\t\t\t\t<div class=\"gallery-icon landscape\"><a href=\"https:\/\/www.salzburgerland.com\/hu\/wp-content\/uploads\/2020\/03\/saukaralm-sommer-grossarltal-1800x1067.jpg\" title=\"saukaralm-sommer-grossarltal\"><img decoding=\"async\" data-title=\"A Saukaralm a Grossarltal legmagasabban, 1850 m\u00e9teren \u00e1ll\u00f3 h\u00fctt\u00e9je \u00a9 www.grossarltal.info \" title=\"A Saukaralm a Grossarltal legmagasabban, 1850 m\u00e9teren \u00e1ll\u00f3 h\u00fctt\u00e9je \u00a9 www.grossarltal.info \" data-caption=\"A Saukaralm a Grossarltal legmagasabban, 1850 m\u00e9teren \u00e1ll\u00f3 h\u00fctt\u00e9je \u00a9 www.grossarltal.info \" width=\"1170\" height=\"658\" src=\"https:\/\/www.salzburgerland.com\/hu\/wp-content\/uploads\/2020\/03\/saukaralm-sommer-grossarltal-1170x658.jpg\" class=\"attachment-1170_658 size-1170_658\" alt=\"Hegyi fah\u00e1z egy f\u00fcves domboldalon t\u00f6k\u00e9letes nyaral\u00e1s Grossarltalban tiszta k\u00e9k \u00e9g alatt. (Nagy\u00edtott n\u00e9zet)\" srcset=\"https:\/\/www.salzburgerland.com\/hu\/wp-content\/uploads\/2020\/03\/saukaralm-sommer-grossarltal-1170x658.jpg 1170w, https:\/\/www.salzburgerland.com\/hu\/wp-content\/uploads\/2020\/03\/saukaralm-sommer-grossarltal-1200x675.jpg 1200w\" sizes=\"(max-width: 1170px) 100vw, 1170px\" aria-describedby=\"figcaption-34-9353\" itemprop=\"thumbnail\"><\/a><\/div>\n\t\t\t\t\t\t<span id=\"figcaption-34-9353\" class=\"gallery-caption\" itemprop=\"caption\"><span aria-hidden=\"true\">A Saukaralm a Grossarltal legmagasabban, 1850 m\u00e9teren \u00e1ll\u00f3 h\u00fctt\u00e9je \u00a9 www.grossarltal.info <\/span><\/span>\n\t\t\t\t\t<\/li>\n\t\t\t\t<\/ul>\n\t\t\t<\/div><!-- .gallery -->\n\n<h2>Gyalogt\u00fara csomagcipel\u00e9s n\u00e9lk\u00fcl<\/h2>\n<p>N\u00e9h\u00e1ny nap csakis a hegyekben, \u00fagy, hogy az \u00e9jszak\u00e1t is fenn t\u00f6ltj\u00fck. Ez szinte k\u00f6telez\u0151, ha igaz\u00e1n otthon akarunk lenni a <strong><span id=\"urn:enhancement-cc8d7202\" class=\"textannotation disambiguated wl-other\" itemid=\"\">Salzburgi alpesi ny\u00e1r<\/span><\/strong> \u00e9s a Bauernherbst, vagyis a <strong>Falusi \u0151sz<\/strong> vil\u00e1g\u00e1ban. Legal\u00e1bb egy \u00e9jszak\u00e1t mindenk\u00e9ppen t\u00f6lts\u00fcnk f\u00f6nn a hegyen, ak\u00e1r a legegyszer\u0171bb h\u00fctt\u00e9ben. Legal\u00e1bb egyszer l\u00e1tnunk kell a hegyi \u00e9jszaka csillagos \u00e9gboltj\u00e1t, \u00e9rezn\u00fcnk kell az illatokat \u00e9s a hallanunk az <span id=\"urn:enhancement-6f7c4fe6\" class=\"textannotation disambiguated wl-other\" itemid=\"\">alpesi<\/span> \u00e9jszaka csendj\u00e9t.<\/p>\n<p>T\u00f6bb \u00e9jszak\u00e1t is k\u00e9nyelmesen elt\u00f6lthet\u00fcnk a hegyekben. B\u00e9relhet\u00fcnk h\u00fctt\u00e9t, ahol \u00f6n\u00e1ll\u00f3ak lehet\u00fcnk. A <a href=\"https:\/\/www.salzburgerland.com\/hu\/szallast-is-kinalo-vendegvaro-alpesi-huettek\/\" rel=\"noopener noreferrer\"><strong>vend\u00e9gfogad\u00f3 alpesi kunyh\u00f3k<\/strong><\/a> egy r\u00e9sze is k\u00edn\u00e1l sz\u00e1ll\u00e1st. Ha az <span id=\"urn:local-text-annotation-r3wtphtsqt0ae60bzvq3atb82yfj1dth\" class=\"textannotation disambiguated wl-thing\" itemid=\"\">Alpok<\/span> magas\u00e1ban is teljes k\u00e9nyelemre v\u00e1gyunk, az <a href=\"https:\/\/www.salzburgerland.com\/hu\/chalet-tipusu-vendeghazak-es-ueduelofalvak\/\" rel=\"noopener noreferrer\"><strong>alpesi \u00fcd\u00fcl\u0151falvak<\/strong><\/a> aj\u00e1nlatait kell \u00e1tn\u00e9zn\u00fcnk. N\u00e1luk a hegyekben sem kell lemondani a modern \u00e9let k\u00e9nyelm\u00e9r\u0151l. S\u0151t!<\/p>\n<p>A salzburgi r\u00e9gi\u00f3k mindig \u00faj \u00f6tletekkel igyekeznek a turist\u00e1k kedv\u00e9ben j\u00e1rni. Ak\u00e1r a hegyekben, ak\u00e1r a v\u00f6lgyben t\u00far\u00e1zn\u00e1nk sz\u00edvesebben, el\u0151re megrendelhetj\u00fck sz\u00e1ll\u00e1sunkat \u00fagy is, hogy h\u00fctt\u00e9r\u0151l h\u00fctt\u00e9re t\u00far\u00e1zunk a hegyekben, mik\u00f6zben \u201el\u00e1thatatlan\u201d kezek gondosan <strong>tov\u00e1bbsz\u00e1ll\u00edtj\u00e1k csomagjainkat<\/strong> \u00e9s minden este vetett \u00e1gy v\u00e1r.<\/p>\n<h2>Terepfut\u00e1s alpesi vid\u00e9ken<\/h2>\n<p>A salzburgi Zell am See-Kaprun r\u00e9gi\u00f3 k\u00f6zkedvelt hegy\u00e9n, a Zell am See f\u00f6l\u00f6tt emelked\u0151 Schmittenh\u00f6he-n remek lehet\u0151s\u00e9gek k\u00edn\u00e1lkoznak a terepfut\u00e1s kedvel\u0151i sz\u00e1m\u00e1ra.<\/p>\n<p><iframe title=\"Trailrun Schmittenh\u00f6he - Zell am See-Kaprun\" width=\"500\" height=\"281\" src=\"https:\/\/www.youtube-nocookie.com\/embed\/l0xfHeHcuRM?feature=oembed&amp;rel=0&amp;modestbranding=1\" frameborder=\"0\" allow=\"accelerometer; autoplay; clipboard-write; encrypted-media; gyroscope; picture-in-picture; web-share\" referrerpolicy=\"strict-origin-when-cross-origin\" allowfullscreen><\/iframe><\/p>\n<div>\n<h2><span>A csod\u00e1latos alpesi terepen a biztons\u00e1gr\u00f3l sem szabad megfeledkezni<\/span><\/h2>\n<\/div>\n<div>\n<p><span>Engedje meg, hogy felh\u00edvjuk figyelm\u00e9t a ny\u00e1ri<span class=\"apple-converted-space\">\u00a0<\/span><a href=\"https:\/\/www.salzburgerland.com\/hu\/biztonsagi-eloirasok-az-alpokban-nyar\/\" target=\"_blank\" rel=\"noopener\"><strong>biztons\u00e1gi tan\u00e1csainkra<\/strong><\/a>. A csod\u00e1latosan sz\u00e9p alpesi terepen is \u00e9rdemes kell\u0151 gondoss\u00e1ggal felk\u00e9sz\u00fclni.<\/span><\/p>\n<\/div>\n<div>\n<h2><strong><span>Ingyenes t\u00e1j\u00e9koztat\u00f3 kiadv\u00e1nyok<\/span><\/strong><\/h2>\n<\/div>\n<div>\n<p><span>Ingyenesen megrendelhet\u0151ek a<span class=\"apple-converted-space\">\u00a0<\/span><strong>Vak\u00e1ci\u00f3s \u00fatikalauz Salzburg tartom\u00e1ny aut\u00f3t\u00e9rk\u00e9p\u00e9vel<\/strong><span class=\"apple-converted-space\">\u00a0<\/span>\u00e9s az<span class=\"apple-converted-space\">\u00a0<\/span><strong>Almsommerzeit \u2013 T\u00e1j\u00e9koztat\u00f3 a salzburgi alpesi ny\u00e1rr\u00f3l<\/strong><span class=\"apple-converted-space\">\u00a0<\/span>c\u00edm\u0171 kiadv\u00e1nyok<span class=\"apple-converted-space\">\u00a0<\/span><strong><a href=\"https:\/\/www.salzburgerland.com\/hu\/shop\/\">itt<\/a><\/strong>.<\/span><\/p>\n<\/div>\n","protected":false},"excerpt":{"rendered":"<p>Salzburg tartom\u00e1ny (SalzburgerLand) v\u00e1ltozatos\u00a0t\u00faraparadicsom:\u00a0r\u00e9gi\u00f3iban tavak, foly\u00f3k, szikl\u00e1s \u00e9s z\u00f6ld hegyvonulatok, alpesi hegy\u00f3ri\u00e1sok v\u00e1rnak felfedez\u00e9sre. Komoly alpesi gyalogt\u00far\u00e1kat tehet, akinek tapasztalata \u00e9s er\u0151nl\u00e9te engedi. J\u00f3 h\u00edr az\u00a0 is, hogy a laza temp\u00f3 h\u00edvei is tal\u00e1lnak k\u00f6nnyen bej\u00e1rhat\u00f3, enyhe szintemelked\u00e9s\u0171 turistautakat, nagyobb magass\u00e1gokban is. A l\u00e9nyeg, hogy nyitott szemmel j\u00e1rjunk a gyalogt\u00far\u00e1n, adjuk \u00e1t magunkat a sokf\u00e9le [&hellip;]<\/p>\n","protected":false},"author":4,"featured_media":18580,"comment_status":"closed","ping_status":"closed","sticky":false,"template":"","format":"standard","meta":{"_acf_changed":false,"wl_entities_gutenberg":"","_relevanssi_hide_post":"","_relevanssi_hide_content":"","_relevanssi_pin_for_all":"","_relevanssi_pin_keywords":"","_relevanssi_unpin_keywords":"","_relevanssi_related_keywords":"","_relevanssi_related_include_ids":"","_relevanssi_related_exclude_ids":"","_relevanssi_related_no_append":"","_relevanssi_related_not_related":"","_relevanssi_related_posts":"","_relevanssi_noindex_reason":"","footnotes":""},"categories":[1],"tags":[328,329,327],"wl_entity_type":[27],"class_list":["post-34","post","type-post","status-publish","format-standard","has-post-thumbnail","hentry","category-uncategorized","tag-alpesi-nyaralas","tag-hegymaszas","tag-turazas","wl_entity_type-article"],"acf":[],"yoast_head":"<!-- This site is optimized with the Yoast SEO Premium plugin v27.4 (Yoast SEO v27.4) - https:\/\/yoast.com\/product\/yoast-seo-premium-wordpress\/ -->\n<title>Gyalogt\u00far\u00e1k a salzburgi r\u00e9gi\u00f3kban<\/title>\n<meta name=\"description\" content=\"Gyalogt\u00far\u00e1k Salzburg tartom\u00e1ny r\u00e9gi\u00f3iban, t\u00faraparadicsom, a salzburgi alpesi ny\u00e1r t\u00fara\u00fatvonala \u00e9s szolg\u00e1ltat\u00f3i, t\u00far\u00e1k csomagsz\u00e1ll\u00edt\u00e1ssal\" \/>\n<meta name=\"robots\" content=\"index, follow, max-snippet:-1, max-image-preview:large, max-video-preview:-1\" \/>\n<link rel=\"canonical\" href=\"https:\/\/www.salzburgerland.com\/hu\/gyalogturan-salzburg-tartomanyban\/\" \/>\n<meta property=\"og:locale\" content=\"hu_HU\" \/>\n<meta property=\"og:type\" content=\"article\" \/>\n<meta property=\"og:title\" content=\"Gyalogt\u00far\u00e1k a salzburgi r\u00e9gi\u00f3kban\" \/>\n<meta property=\"og:description\" content=\"Salzburg tartom\u00e1ny (SalzburgerLand) v\u00e1ltozatos\u00a0t\u00faraparadicsom:\u00a0r\u00e9gi\u00f3iban tavak, foly\u00f3k, szikl\u00e1s \u00e9s z\u00f6ld hegyvonulatok, alpesi hegy\u00f3ri\u00e1sok v\u00e1rnak\" \/>\n<meta property=\"og:url\" content=\"https:\/\/www.salzburgerland.com\/hu\/gyalogturan-salzburg-tartomanyban\/\" \/>\n<meta property=\"og:site_name\" content=\"SalzburgerLand.com\" \/>\n<meta property=\"article:publisher\" content=\"https:\/\/www.facebook.com\/visitsalzburgerland\/\" \/>\n<meta property=\"article:published_time\" content=\"2016-11-16T18:22:13+00:00\" \/>\n<meta property=\"article:modified_time\" content=\"2023-03-08T15:58:55+00:00\" \/>\n<meta property=\"og:image\" content=\"https:\/\/www.salzburgerland.com\/hu\/wp-content\/uploads\/2016\/11\/st-martin-wandern-1170x658-1.jpg\" \/>\n\t<meta property=\"og:image:width\" content=\"1170\" \/>\n\t<meta property=\"og:image:height\" content=\"658\" \/>\n\t<meta property=\"og:image:type\" content=\"image\/jpeg\" \/>\n<meta name=\"author\" content=\"Eva Suemegi\" \/>\n<meta name=\"twitter:card\" content=\"summary_large_image\" \/>\n<meta name=\"twitter:creator\" content=\"@salzburgerland\" \/>\n<meta name=\"twitter:site\" content=\"@salzburgerland\" \/>\n<meta name=\"twitter:label1\" content=\"Szerz\u0151:\" \/>\n\t<meta name=\"twitter:data1\" content=\"Eva Suemegi\" \/>\n\t<meta name=\"twitter:label2\" content=\"Becs\u00fclt olvas\u00e1si id\u0151\" \/>\n\t<meta name=\"twitter:data2\" content=\"4 perc\" \/>\n<script type=\"application\/ld+json\" class=\"yoast-schema-graph\">{\"@context\":\"https:\\\/\\\/schema.org\",\"@graph\":[{\"@type\":\"Article\",\"@id\":\"https:\\\/\\\/www.salzburgerland.com\\\/hu\\\/gyalogturan-salzburg-tartomanyban\\\/#article\",\"isPartOf\":{\"@id\":\"https:\\\/\\\/www.salzburgerland.com\\\/hu\\\/gyalogturan-salzburg-tartomanyban\\\/\"},\"author\":{\"name\":\"Eva Suemegi\",\"@id\":\"https:\\\/\\\/www.salzburgerland.com\\\/hu\\\/#\\\/schema\\\/person\\\/318d672774562c00dc51530dd5ca5182\"},\"headline\":\"Gyalogt\u00far\u00e1k a salzburgi r\u00e9gi\u00f3kban\",\"datePublished\":\"2016-11-16T18:22:13+00:00\",\"dateModified\":\"2023-03-08T15:58:55+00:00\",\"mainEntityOfPage\":{\"@id\":\"https:\\\/\\\/www.salzburgerland.com\\\/hu\\\/gyalogturan-salzburg-tartomanyban\\\/\"},\"wordCount\":1047,\"image\":{\"@id\":\"https:\\\/\\\/www.salzburgerland.com\\\/hu\\\/gyalogturan-salzburg-tartomanyban\\\/#primaryimage\"},\"thumbnailUrl\":\"https:\\\/\\\/www.salzburgerland.com\\\/hu\\\/wp-content\\\/uploads\\\/2016\\\/11\\\/st-martin-wandern-1170x658-1.jpg\",\"keywords\":[\"alpesi nyaral\u00e1s\",\"hegym\u00e1sz\u00e1s\",\"t\u00far\u00e1z\u00e1s\"],\"articleSection\":[\"Uncategorized\"],\"inLanguage\":\"hu\"},{\"@type\":\"WebPage\",\"@id\":\"https:\\\/\\\/www.salzburgerland.com\\\/hu\\\/gyalogturan-salzburg-tartomanyban\\\/\",\"url\":\"https:\\\/\\\/www.salzburgerland.com\\\/hu\\\/gyalogturan-salzburg-tartomanyban\\\/\",\"name\":\"Gyalogt\u00far\u00e1k a salzburgi r\u00e9gi\u00f3kban\",\"isPartOf\":{\"@id\":\"https:\\\/\\\/www.salzburgerland.com\\\/hu\\\/#website\"},\"primaryImageOfPage\":{\"@id\":\"https:\\\/\\\/www.salzburgerland.com\\\/hu\\\/gyalogturan-salzburg-tartomanyban\\\/#primaryimage\"},\"image\":{\"@id\":\"https:\\\/\\\/www.salzburgerland.com\\\/hu\\\/gyalogturan-salzburg-tartomanyban\\\/#primaryimage\"},\"thumbnailUrl\":\"https:\\\/\\\/www.salzburgerland.com\\\/hu\\\/wp-content\\\/uploads\\\/2016\\\/11\\\/st-martin-wandern-1170x658-1.jpg\",\"datePublished\":\"2016-11-16T18:22:13+00:00\",\"dateModified\":\"2023-03-08T15:58:55+00:00\",\"author\":{\"@id\":\"https:\\\/\\\/www.salzburgerland.com\\\/hu\\\/#\\\/schema\\\/person\\\/318d672774562c00dc51530dd5ca5182\"},\"description\":\"Gyalogt\u00far\u00e1k Salzburg tartom\u00e1ny r\u00e9gi\u00f3iban, t\u00faraparadicsom, a salzburgi alpesi ny\u00e1r t\u00fara\u00fatvonala \u00e9s szolg\u00e1ltat\u00f3i, t\u00far\u00e1k csomagsz\u00e1ll\u00edt\u00e1ssal\",\"breadcrumb\":{\"@id\":\"https:\\\/\\\/www.salzburgerland.com\\\/hu\\\/gyalogturan-salzburg-tartomanyban\\\/#breadcrumb\"},\"inLanguage\":\"hu\",\"potentialAction\":[{\"@type\":\"ReadAction\",\"target\":[\"https:\\\/\\\/www.salzburgerland.com\\\/hu\\\/gyalogturan-salzburg-tartomanyban\\\/\"]}]},{\"@type\":\"ImageObject\",\"inLanguage\":\"hu\",\"@id\":\"https:\\\/\\\/www.salzburgerland.com\\\/hu\\\/gyalogturan-salzburg-tartomanyban\\\/#primaryimage\",\"url\":\"https:\\\/\\\/www.salzburgerland.com\\\/hu\\\/wp-content\\\/uploads\\\/2016\\\/11\\\/st-martin-wandern-1170x658-1.jpg\",\"contentUrl\":\"https:\\\/\\\/www.salzburgerland.com\\\/hu\\\/wp-content\\\/uploads\\\/2016\\\/11\\\/st-martin-wandern-1170x658-1.jpg\",\"width\":1170,\"height\":658,\"caption\":\"A rendk\u00edv\u00fcli tal\u00e1lkoz\u00e1s az alpesi term\u00e9szettel minden \u00e9rz\u00e9kszervet megmozgat\u00f3 \u00e9lm\u00e9ny \u00a9 SalzburgerLand Tourismus GmbH\"},{\"@type\":\"BreadcrumbList\",\"@id\":\"https:\\\/\\\/www.salzburgerland.com\\\/hu\\\/gyalogturan-salzburg-tartomanyban\\\/#breadcrumb\",\"itemListElement\":[{\"@type\":\"ListItem\",\"position\":1,\"name\":\"Salzburgi alpesi ny\u00e1r\",\"item\":\"https:\\\/\\\/www.salzburgerland.com\\\/hu\\\/salzburgi-alpesi-nyar\\\/\"},{\"@type\":\"ListItem\",\"position\":2,\"name\":\"Gyalogt\u00far\u00e1k a salzburgi r\u00e9gi\u00f3kban\"}]},{\"@type\":\"WebSite\",\"@id\":\"https:\\\/\\\/www.salzburgerland.com\\\/hu\\\/#website\",\"url\":\"https:\\\/\\\/www.salzburgerland.com\\\/hu\\\/\",\"name\":\"SalzburgerLand.com\",\"description\":\"\u00dcd\u00fcl\u00e9s Ausztri\u00e1ban, Salzburg tartom\u00e1nyban\",\"potentialAction\":[{\"@type\":\"SearchAction\",\"target\":{\"@type\":\"EntryPoint\",\"urlTemplate\":\"https:\\\/\\\/www.salzburgerland.com\\\/hu\\\/?s={search_term_string}\"},\"query-input\":{\"@type\":\"PropertyValueSpecification\",\"valueRequired\":true,\"valueName\":\"search_term_string\"}}],\"inLanguage\":\"hu\"},{\"@type\":\"Person\",\"@id\":\"https:\\\/\\\/www.salzburgerland.com\\\/hu\\\/#\\\/schema\\\/person\\\/318d672774562c00dc51530dd5ca5182\",\"name\":\"Eva Suemegi\",\"image\":{\"@type\":\"ImageObject\",\"inLanguage\":\"hu\",\"@id\":\"https:\\\/\\\/secure.gravatar.com\\\/avatar\\\/0713cd5ff838626404fe576f92a82fa1484d001fc2c094544fcd23cce4a3b703?s=96&d=mm&r=g\",\"url\":\"https:\\\/\\\/secure.gravatar.com\\\/avatar\\\/0713cd5ff838626404fe576f92a82fa1484d001fc2c094544fcd23cce4a3b703?s=96&d=mm&r=g\",\"contentUrl\":\"https:\\\/\\\/secure.gravatar.com\\\/avatar\\\/0713cd5ff838626404fe576f92a82fa1484d001fc2c094544fcd23cce4a3b703?s=96&d=mm&r=g\",\"caption\":\"Eva Suemegi\"}}]}<\/script>\n<meta property=\"og:video\" content=\"https:\/\/www.youtube.com\/embed\/l0xfHeHcuRM\" \/>\n<meta property=\"og:video:type\" content=\"text\/html\" \/>\n<meta property=\"og:video:duration\" content=\"71\" \/>\n<meta property=\"og:video:width\" content=\"480\" \/>\n<meta property=\"og:video:height\" content=\"270\" \/>\n<meta property=\"ya:ovs:adult\" content=\"false\" \/>\n<meta property=\"ya:ovs:upload_date\" content=\"2016-11-16T18:22:13+00:00\" \/>\n<meta property=\"ya:ovs:allow_embed\" content=\"true\" \/>\n<!-- \/ Yoast SEO Premium plugin. -->","yoast_head_json":{"title":"Gyalogt\u00far\u00e1k a salzburgi r\u00e9gi\u00f3kban","description":"Gyalogt\u00far\u00e1k Salzburg tartom\u00e1ny r\u00e9gi\u00f3iban, t\u00faraparadicsom, a salzburgi alpesi ny\u00e1r t\u00fara\u00fatvonala \u00e9s szolg\u00e1ltat\u00f3i, t\u00far\u00e1k csomagsz\u00e1ll\u00edt\u00e1ssal","robots":{"index":"index","follow":"follow","max-snippet":"max-snippet:-1","max-image-preview":"max-image-preview:large","max-video-preview":"max-video-preview:-1"},"canonical":"https:\/\/www.salzburgerland.com\/hu\/gyalogturan-salzburg-tartomanyban\/","og_locale":"hu_HU","og_type":"article","og_title":"Gyalogt\u00far\u00e1k a salzburgi r\u00e9gi\u00f3kban","og_description":"Salzburg tartom\u00e1ny (SalzburgerLand) v\u00e1ltozatos\u00a0t\u00faraparadicsom:\u00a0r\u00e9gi\u00f3iban tavak, foly\u00f3k, szikl\u00e1s \u00e9s z\u00f6ld hegyvonulatok, alpesi hegy\u00f3ri\u00e1sok v\u00e1rnak","og_url":"https:\/\/www.salzburgerland.com\/hu\/gyalogturan-salzburg-tartomanyban\/","og_site_name":"SalzburgerLand.com","article_publisher":"https:\/\/www.facebook.com\/visitsalzburgerland\/","article_published_time":"2016-11-16T18:22:13+00:00","article_modified_time":"2023-03-08T15:58:55+00:00","og_image":[{"url":"https:\/\/www.salzburgerland.com\/hu\/wp-content\/uploads\/2016\/11\/st-martin-wandern-1170x658-1.jpg","width":1170,"height":658,"type":"image\/jpeg"}],"author":"Eva Suemegi","twitter_card":"summary_large_image","twitter_creator":"@salzburgerland","twitter_site":"@salzburgerland","twitter_misc":{"Szerz\u0151:":"Eva Suemegi","Becs\u00fclt olvas\u00e1si id\u0151":"4 perc"},"schema":{"@context":"https:\/\/schema.org","@graph":[{"@type":"Article","@id":"https:\/\/www.salzburgerland.com\/hu\/gyalogturan-salzburg-tartomanyban\/#article","isPartOf":{"@id":"https:\/\/www.salzburgerland.com\/hu\/gyalogturan-salzburg-tartomanyban\/"},"author":{"name":"Eva Suemegi","@id":"https:\/\/www.salzburgerland.com\/hu\/#\/schema\/person\/318d672774562c00dc51530dd5ca5182"},"headline":"Gyalogt\u00far\u00e1k a salzburgi r\u00e9gi\u00f3kban","datePublished":"2016-11-16T18:22:13+00:00","dateModified":"2023-03-08T15:58:55+00:00","mainEntityOfPage":{"@id":"https:\/\/www.salzburgerland.com\/hu\/gyalogturan-salzburg-tartomanyban\/"},"wordCount":1047,"image":{"@id":"https:\/\/www.salzburgerland.com\/hu\/gyalogturan-salzburg-tartomanyban\/#primaryimage"},"thumbnailUrl":"https:\/\/www.salzburgerland.com\/hu\/wp-content\/uploads\/2016\/11\/st-martin-wandern-1170x658-1.jpg","keywords":["alpesi nyaral\u00e1s","hegym\u00e1sz\u00e1s","t\u00far\u00e1z\u00e1s"],"articleSection":["Uncategorized"],"inLanguage":"hu"},{"@type":"WebPage","@id":"https:\/\/www.salzburgerland.com\/hu\/gyalogturan-salzburg-tartomanyban\/","url":"https:\/\/www.salzburgerland.com\/hu\/gyalogturan-salzburg-tartomanyban\/","name":"Gyalogt\u00far\u00e1k a salzburgi r\u00e9gi\u00f3kban","isPartOf":{"@id":"https:\/\/www.salzburgerland.com\/hu\/#website"},"primaryImageOfPage":{"@id":"https:\/\/www.salzburgerland.com\/hu\/gyalogturan-salzburg-tartomanyban\/#primaryimage"},"image":{"@id":"https:\/\/www.salzburgerland.com\/hu\/gyalogturan-salzburg-tartomanyban\/#primaryimage"},"thumbnailUrl":"https:\/\/www.salzburgerland.com\/hu\/wp-content\/uploads\/2016\/11\/st-martin-wandern-1170x658-1.jpg","datePublished":"2016-11-16T18:22:13+00:00","dateModified":"2023-03-08T15:58:55+00:00","author":{"@id":"https:\/\/www.salzburgerland.com\/hu\/#\/schema\/person\/318d672774562c00dc51530dd5ca5182"},"description":"Gyalogt\u00far\u00e1k Salzburg tartom\u00e1ny r\u00e9gi\u00f3iban, t\u00faraparadicsom, a salzburgi alpesi ny\u00e1r t\u00fara\u00fatvonala \u00e9s szolg\u00e1ltat\u00f3i, t\u00far\u00e1k csomagsz\u00e1ll\u00edt\u00e1ssal","breadcrumb":{"@id":"https:\/\/www.salzburgerland.com\/hu\/gyalogturan-salzburg-tartomanyban\/#breadcrumb"},"inLanguage":"hu","potentialAction":[{"@type":"ReadAction","target":["https:\/\/www.salzburgerland.com\/hu\/gyalogturan-salzburg-tartomanyban\/"]}]},{"@type":"ImageObject","inLanguage":"hu","@id":"https:\/\/www.salzburgerland.com\/hu\/gyalogturan-salzburg-tartomanyban\/#primaryimage","url":"https:\/\/www.salzburgerland.com\/hu\/wp-content\/uploads\/2016\/11\/st-martin-wandern-1170x658-1.jpg","contentUrl":"https:\/\/www.salzburgerland.com\/hu\/wp-content\/uploads\/2016\/11\/st-martin-wandern-1170x658-1.jpg","width":1170,"height":658,"caption":"A rendk\u00edv\u00fcli tal\u00e1lkoz\u00e1s az alpesi term\u00e9szettel minden \u00e9rz\u00e9kszervet megmozgat\u00f3 \u00e9lm\u00e9ny \u00a9 SalzburgerLand Tourismus GmbH"},{"@type":"BreadcrumbList","@id":"https:\/\/www.salzburgerland.com\/hu\/gyalogturan-salzburg-tartomanyban\/#breadcrumb","itemListElement":[{"@type":"ListItem","position":1,"name":"Salzburgi alpesi ny\u00e1r","item":"https:\/\/www.salzburgerland.com\/hu\/salzburgi-alpesi-nyar\/"},{"@type":"ListItem","position":2,"name":"Gyalogt\u00far\u00e1k a salzburgi r\u00e9gi\u00f3kban"}]},{"@type":"WebSite","@id":"https:\/\/www.salzburgerland.com\/hu\/#website","url":"https:\/\/www.salzburgerland.com\/hu\/","name":"SalzburgerLand.com","description":"\u00dcd\u00fcl\u00e9s Ausztri\u00e1ban, Salzburg tartom\u00e1nyban","potentialAction":[{"@type":"SearchAction","target":{"@type":"EntryPoint","urlTemplate":"https:\/\/www.salzburgerland.com\/hu\/?s={search_term_string}"},"query-input":{"@type":"PropertyValueSpecification","valueRequired":true,"valueName":"search_term_string"}}],"inLanguage":"hu"},{"@type":"Person","@id":"https:\/\/www.salzburgerland.com\/hu\/#\/schema\/person\/318d672774562c00dc51530dd5ca5182","name":"Eva Suemegi","image":{"@type":"ImageObject","inLanguage":"hu","@id":"https:\/\/secure.gravatar.com\/avatar\/0713cd5ff838626404fe576f92a82fa1484d001fc2c094544fcd23cce4a3b703?s=96&d=mm&r=g","url":"https:\/\/secure.gravatar.com\/avatar\/0713cd5ff838626404fe576f92a82fa1484d001fc2c094544fcd23cce4a3b703?s=96&d=mm&r=g","contentUrl":"https:\/\/secure.gravatar.com\/avatar\/0713cd5ff838626404fe576f92a82fa1484d001fc2c094544fcd23cce4a3b703?s=96&d=mm&r=g","caption":"Eva Suemegi"}}]},"og_video":"https:\/\/www.youtube.com\/embed\/l0xfHeHcuRM","og_video_type":"text\/html","og_video_duration":"71","og_video_width":"480","og_video_height":"270","ya_ovs_adult":"false","ya_ovs_upload_date":"2016-11-16T18:22:13+00:00","ya_ovs_allow_embed":"true"},"_wl_alt_label":[],"wl:entity_url":"http:\/\/open.salzburgerland.com\/hu\/post\/gyalogturan_salzburg_tartomanyban","_links":{"self":[{"href":"https:\/\/www.salzburgerland.com\/hu\/wp-json\/wp\/v2\/posts\/34","targetHints":{"allow":["GET"]}}],"collection":[{"href":"https:\/\/www.salzburgerland.com\/hu\/wp-json\/wp\/v2\/posts"}],"about":[{"href":"https:\/\/www.salzburgerland.com\/hu\/wp-json\/wp\/v2\/types\/post"}],"author":[{"embeddable":true,"href":"https:\/\/www.salzburgerland.com\/hu\/wp-json\/wp\/v2\/users\/4"}],"replies":[{"embeddable":true,"href":"https:\/\/www.salzburgerland.com\/hu\/wp-json\/wp\/v2\/comments?post=34"}],"version-history":[{"count":5,"href":"https:\/\/www.salzburgerland.com\/hu\/wp-json\/wp\/v2\/posts\/34\/revisions"}],"predecessor-version":[{"id":15111,"href":"https:\/\/www.salzburgerland.com\/hu\/wp-json\/wp\/v2\/posts\/34\/revisions\/15111"}],"wp:featuredmedia":[{"embeddable":true,"href":"https:\/\/www.salzburgerland.com\/hu\/wp-json\/wp\/v2\/media\/18580"}],"wp:attachment":[{"href":"https:\/\/www.salzburgerland.com\/hu\/wp-json\/wp\/v2\/media?parent=34"}],"wp:term":[{"taxonomy":"category","embeddable":true,"href":"https:\/\/www.salzburgerland.com\/hu\/wp-json\/wp\/v2\/categories?post=34"},{"taxonomy":"post_tag","embeddable":true,"href":"https:\/\/www.salzburgerland.com\/hu\/wp-json\/wp\/v2\/tags?post=34"},{"taxonomy":"wl_entity_type","embeddable":true,"href":"https:\/\/www.salzburgerland.com\/hu\/wp-json\/wp\/v2\/wl_entity_type?post=34"}],"curies":[{"name":"wp","href":"https:\/\/api.w.org\/{rel}","templated":true}]}}