{"id":3269,"date":"2018-09-12T13:37:11","date_gmt":"2018-09-12T11:37:11","guid":{"rendered":"https:\/\/www.salzburgerland.com\/hu\/?p=3269"},"modified":"2022-11-15T14:03:36","modified_gmt":"2022-11-15T13:03:36","slug":"salzburgi-lungau-impozans-szinjatek-a-lungaui-samson","status":"publish","type":"post","link":"https:\/\/www.salzburgerland.com\/hu\/salzburgi-lungau-impozans-szinjatek-a-lungaui-samson\/","title":{"rendered":"Impoz\u00e1ns sz\u00ednj\u00e1t\u00e9k: A lungaui S\u00e1mson"},"content":{"rendered":"<p>A lungaui <strong>s\u00e1msonhordoz\u00e1s<\/strong> (Samsonumzug) szok\u00e1sa, csak\u00fagy, mint a hatalmas vir\u00e1gd\u00edszes oszlopok (Prangstangen) processzi\u00f3ja, <strong>a XVI-XVII. sz\u00e1zadi barokk sz\u00ednpomp\u00e1s k\u00f6rmeneteib\u0151l ered<\/strong>. A lungaui lakoss\u00e1g mindent megtesz e k\u00e9t h\u00edres hagyom\u00e1ny fenntart\u00e1sa \u00e9rdek\u00e9ben.<\/p>\n<h4>Impoz\u00e1ns sz\u00ednj\u00e1t\u00e9k<\/h4>\n<p>Nagyszer\u0171 l\u00e1tv\u00e1nyt ny\u00fajt <strong>S\u00e1mson, az \u00f3ri\u00e1s<\/strong>, amint <strong>k\u00e9t t\u00f6rpe k\u00eds\u00e9ret\u00e9ben<\/strong> v\u00e9gigvonul a telep\u00fcl\u00e9s f\u0151ter\u00e9n. S\u00e1mson alakja a Bibli\u00e1b\u00f3l ismert. A nyaranta felvonul\u00f3 hatalmas S\u00e1mson azonban els\u0151sorban <strong><a href=\"https:\/\/www.salzburgerland.com\/hu\/mauterndorf-es-mariapfarr-nyar\/\" rel=\"noopener noreferrer\">Salzburgi Lungau<\/a> jelk\u00e9pe<\/strong>, valamint a testi \u00e9s lelki er\u0151\u00e9.<\/p>\n<p>A r\u00e9gi id\u0151kben t\u00f6bb bibliai \u00e9s mondabeli h\u0151st form\u00e1z\u00f3 hatalmas b\u00e1b is szerepelt az \u00farnapi k\u00f6rmeneteken. M\u00e1ra csak S\u00e1mson\u00e9 maradt. Ez a 6,5 m\u00e9teres b\u00e1b ak\u00e1r 85 kil\u00f3t is nyomhat. Nem csoda h\u00e1t, hogy a <strong>s\u00e1msonhordoz\u00f3<\/strong> nagy tisztess\u00e9gnek \u00f6rvend a faluban.<\/p>\n<div id=\"attachment_17116\" style=\"width: 1180px\" class=\"wp-caption alignnone\"><img decoding=\"async\" aria-describedby=\"caption-attachment-17116\" class=\"size-1170_658 wp-image-17116\" src=\"https:\/\/cdn.salzburgerland.com\/hu\/wp-content\/uploads\/2018\/09\/samsontreffen-2022-salzburger-lungau-3-1170x658.jpg\" alt=\"A lungaui s\u00e1msonhordoz\u00e1s a XVI-XVII. sz\u00e1zadi barokk sz\u00ednpomp\u00e1s k\u00f6rmeneteib\u0151l ered.\" width=\"1170\" height=\"658\" srcset=\"https:\/\/www.salzburgerland.com\/hu\/wp-content\/uploads\/2018\/09\/samsontreffen-2022-salzburger-lungau-3-1170x658.jpg 1170w, https:\/\/www.salzburgerland.com\/hu\/wp-content\/uploads\/2018\/09\/samsontreffen-2022-salzburger-lungau-3-1200x675.jpg 1200w\" sizes=\"(max-width: 1170px) 100vw, 1170px\"><p id=\"caption-attachment-17116\" class=\"wp-caption-text\">A lungaui s\u00e1msonhordoz\u00e1s a XVI-XVII. sz\u00e1zadi barokk sz\u00ednpomp\u00e1s k\u00f6rmeneteib\u0151l ered \u00a9 Salzburger Lungau<\/p><\/div>\n<h4>Tizenk\u00e9t S\u00e1mson k\u00f6z\u00fcl t\u00edz lungaui<\/h4>\n<p>Maga a szok\u00e1s a <strong><a href=\"https:\/\/www.salzburgerlungau.at\/en\/\" target=\"_blank\" rel=\"noopener\">Salzburgi Lungau<\/a> telep\u00fcl\u00e9sein<\/strong> (Mariapfarr, Mauterndorf, Muhr, Ramingstein, St. Andr\u00e4, St. Margarethen, St. Michael, Unternberg, Tamsweg und W\u00f6lting) k\u00edv\u00fcl a szomsz\u00e9dos St\u00e1jerorsz\u00e1g k\u00e9t falv\u00e1ban ismert, de a lungauiak b\u00fcszk\u00e9k arra, hogy az \u00f6sszesen tizenk\u00e9t \u00f3ri\u00e1s s\u00e1msonb\u00e1b k\u00f6z\u00fcl t\u00edz lungaui. S\u00e1msont k\u00e9t t\u00f6rpe \u00e9s a telep\u00fcl\u00e9s zenekara k\u00eds\u00e9ri, \u00fagyhogy S\u00e1mson \u00e9s a t\u00f6rp\u00e9k <strong>t\u00e1ncra is perd\u00fclnek<\/strong>. Ez a szok\u00e1s 2010-benhelyett kapott az UNESCO<strong> szellemi vil\u00e1g\u00f6r\u00f6ks\u00e9g<\/strong> ausztriai list\u00e1j\u00e1n. Az ausztriai s\u00e1msonfigur\u00e1knak Belgiumban vannak \u201erokonaik\u201c, \u00e9s hasonl\u00f3 szok\u00e1s \u00e9l egyes spanyol, portug\u00e1l \u00e9s francia telep\u00fcl\u00e9seken is.<\/p>\n<h4>S\u00e1msont nem b\u00edzz\u00e1k n\u0151s f\u00e9rfira<\/h4>\n<p>Az \u00f3testamentumi S\u00e1mson emberfeletti ereje a haj\u00e1ban lakozik. Miut\u00e1n a bibliai S\u00e1mson egy szam\u00e1r\u00e1llkapoccsal \u00fct\u00f6tt agyon ezer filiszteust a zsid\u00f3k v\u00e9delm\u00e9ben, a s\u00e1msonb\u00e1bok egy r\u00e9sze <strong>szam\u00e1r\u00e1llkapcsot tart a kez\u00e9ben<\/strong>. A hatalmas b\u00e1bok hordoz\u00e1s\u00e1t <strong>kiz\u00e1r\u00f3lag n\u0151tlen f\u00e9rfiakra b\u00edzz\u00e1k<\/strong>, tal\u00e1n mert a bibliai S\u00e1mson veszt\u00e9t az okozta, hogy megb\u00edzott egy n\u0151ben, el\u00e1rulta neki a titk\u00e1t.<\/p>\n<div id=\"attachment_17118\" style=\"width: 1180px\" class=\"wp-caption alignnone\"><img decoding=\"async\" aria-describedby=\"caption-attachment-17118\" class=\"size-1170_658 wp-image-17118\" src=\"https:\/\/cdn.salzburgerland.com\/hu\/wp-content\/uploads\/2018\/09\/samsontreffen-2022-salzburger-lungau-1-1170x658.jpg\" alt=\"A lungaui falvak egyik legh\u00edresebb n\u00e9pszok\u00e1sa a s\u00e1msonhordoz\u00e1s.\" width=\"1170\" height=\"658\" srcset=\"https:\/\/www.salzburgerland.com\/hu\/wp-content\/uploads\/2018\/09\/samsontreffen-2022-salzburger-lungau-1-1170x658.jpg 1170w, https:\/\/www.salzburgerland.com\/hu\/wp-content\/uploads\/2018\/09\/samsontreffen-2022-salzburger-lungau-1-1200x675.jpg 1200w\" sizes=\"(max-width: 1170px) 100vw, 1170px\"><p id=\"caption-attachment-17118\" class=\"wp-caption-text\">A lungaui falvak egyik legh\u00edresebb n\u00e9pszok\u00e1sa a s\u00e1msonhordoz\u00e1s \u00a9 Salzburger Lungau<\/p><\/div>\n<h4>A tilalom ellen\u00e9re is<\/h4>\n<p>A reform\u00e1ci\u00f3 t\u00e9rh\u00f3d\u00edt\u00e1sa nyom\u00e1n a katolikus egyh\u00e1z t\u00f6bbek k\u00f6zt pomp\u00e1s processzi\u00f3kkal pr\u00f3b\u00e1lta leny\u0171g\u00f6zni a n\u00e9pet. Az \u00f3ri\u00e1s figur\u00e1k rendre megjelentek az egyh\u00e1zi \u00fcnnepeken. K\u00e9s\u0151bb azonban, a felvil\u00e1gosod\u00e1s kor\u00e1ban v\u00e9get vetettek a pomp\u00e1nak, \u00e9s <strong>a XVIII. sz\u00e1zad v\u00e9g\u00e9n az egyh\u00e1z betiltotta a faragott figur\u00e1k \u00e9s k\u00e9pm\u00e1sok k\u00f6rbehordoz\u00e1s\u00e1t<\/strong>. A lungauiak <strong>nem t\u00f6r\u0151dtek a tilalommal<\/strong>. Tehett\u00e9k, hiszen vid\u00e9k\u00fck <strong>viszonylagos elz\u00e1rts\u00e1ga<\/strong> v\u00e9delmet ny\u00fajtott. A templomi k\u00f6rmenetben ugyan nem szerepelt t\u00f6bb\u00e9 S\u00e1mson, viszont <strong>k\u00fcl\u00f6n processzi\u00f3t kapott<\/strong>, \u00e9s ez az\u00f3ta is \u00edgy van. Nem egy falu eset\u00e9ben a tiltott s\u00e1msonhordoz\u00e1ssal kapcsolatos XIX. sz\u00e1zadi feljelent\u00e9sek szolg\u00e1lnak a szok\u00e1s fennmarad\u00e1s\u00e1nak \u00edr\u00e1sos bizony\u00edt\u00e9k\u00e1ul.<\/p>\n<p>Szerepel a feljegyz\u00e9sekben, hogy Tamsweg telep\u00fcl\u00e9s \u201cS\u00e1msonja\u201d 1894-ben le\u00e9gett, \u00e1m lelkes h\u00edvei r\u00f6viddel k\u00e9s\u0151bb \u00fajra meg\u00e9p\u00edtett\u00e9k. A mariapfarri S\u00e1mson is le\u00e9gett egyszer, azt\u00e1n meg oly cs\u00faf fejet siker\u00edtettek neki, hogy <strong>egy \u00e9vvel k\u00e9s\u0151bb megsajn\u00e1lt\u00e1k, \u00faj fejet kapott<\/strong>. Most viszont az \u00f6v\u00e9k a legszebb, \u00e1ll\u00edtj\u00e1k a mariapfarriak.<\/p>\n<div id=\"attachment_17119\" style=\"width: 1180px\" class=\"wp-caption alignnone\"><img decoding=\"async\" aria-describedby=\"caption-attachment-17119\" class=\"size-1170_658 wp-image-17119\" src=\"https:\/\/cdn.salzburgerland.com\/hu\/wp-content\/uploads\/2018\/09\/samsontreffen-2022-salzburger-lungau-4-1170x658.jpg\" alt=\"Nagy t\u00f6megek gy\u0171lnek \u00f6ssze a r\u00e9gi hagyom\u00e1nyos s\u00e1msonhordoz\u00e1s \u00fcnnepl\u00e9s\u00e9re.\" width=\"1170\" height=\"658\" srcset=\"https:\/\/www.salzburgerland.com\/hu\/wp-content\/uploads\/2018\/09\/samsontreffen-2022-salzburger-lungau-4-1170x658.jpg 1170w, https:\/\/www.salzburgerland.com\/hu\/wp-content\/uploads\/2018\/09\/samsontreffen-2022-salzburger-lungau-4-1200x675.jpg 1200w\" sizes=\"(max-width: 1170px) 100vw, 1170px\"><p id=\"caption-attachment-17119\" class=\"wp-caption-text\">Nagy t\u00f6megek gy\u0171lnek \u00f6ssze a r\u00e9gi hagyom\u00e1nyos s\u00e1msonhordoz\u00e1s \u00fcnnepl\u00e9s\u00e9re \u00a9 Salzburger Lungau<\/p><\/div>\n<h4>Neh\u00e9z a dolga, de szomjaznia nem kell<\/h4>\n<p>A s\u00e1msonhordoz\u00e1s <strong>komoly testi er\u0151t<\/strong> k\u00f6vetel. A hordoz\u00f3 v\u00e1ll\u00e1ra <strong>\u00f6tr\u00e9t hajtott gyapj\u00fatakar\u00f3<\/strong> ker\u00fcl, a cs\u00edp\u0151j\u00e9re <strong>vas \u00e1llv\u00e1nyzatot<\/strong> csatolnak, erre j\u00f6n a seg\u00edts\u00e9ggel magasba emelt s\u00e1msonb\u00e1b. A gondosan kidolgozott \u00e1llv\u00e1nyzat seg\u00edt a <strong>hatalmas s\u00faly<\/strong> <strong>eloszt\u00e1s\u00e1ban<\/strong>. \u00a0A b\u00e1b <strong>egyens\u00falyban tart\u00e1sa<\/strong> a legnehezebb feladat. Ehhez k\u00e9t foganty\u00fa is van a vas\u00e1llv\u00e1nyzaton, \u00e9s ebben seg\u00edt a n\u00e9gy k\u00eds\u00e9r\u0151 is.<\/p>\n<p>Ha a s\u00e1msonb\u00e1b meg\u00e1ll, a k\u00eds\u00e9r\u0151k v\u00e1llalj\u00e1k \u00e1t a teher egy r\u00e9sz\u00e9t. De a t\u00e1ncot egyed\u00fcl kell j\u00e1rni. Pedig azt mondj\u00e1k, <strong>k\u00f6nnyebb elvinni n\u00e9gy zs\u00e1k cementet, mint a falu S\u00e1msonj\u00e1t<\/strong>. Viszont a s\u00e1msonhordoz\u00f3t a lelkesed\u00e9s hajtja. Erre a tamswegi S\u00e1mson hordoz\u00f3j\u00e1nak k\u00fcl\u00f6n\u00f6sen nagy sz\u00fcks\u00e9ge van, ez a S\u00e1mson ugyanis, noha \u201ccsak\u201d 6,2 m\u00e9ter magas, 110 kil\u00f3t nyom. <strong>Szeles id\u0151ben bajban van<\/strong> a hordoz\u00f3, \u00e9s m\u00e1r el\u0151fordult egyszer-egyszer, hogy a s\u00e1msonb\u00e1b fel is borult. \u201cDe nem az \u00e9n id\u0151mben\u201d, hangoztatja az egykori hordoz\u00f3k mindegyike.<\/p>\n<div id=\"attachment_7399\" style=\"width: 1180px\" class=\"wp-caption alignnone\"><img decoding=\"async\" aria-describedby=\"caption-attachment-7399\" class=\"size-1170_658 wp-image-7399\" src=\"https:\/\/cdn.salzburgerland.com\/hu\/wp-content\/uploads\/2018\/09\/-ferienregion-salzburger-lungau--samsontreffen-st--michael-1170x658.jpg\" alt=\"\" width=\"1170\" height=\"658\" srcset=\"https:\/\/www.salzburgerland.com\/hu\/wp-content\/uploads\/2018\/09\/-ferienregion-salzburger-lungau--samsontreffen-st--michael-1170x658.jpg 1170w, https:\/\/www.salzburgerland.com\/hu\/wp-content\/uploads\/2018\/09\/-ferienregion-salzburger-lungau--samsontreffen-st--michael-1200x675.jpg 1200w\" sizes=\"(max-width: 1170px) 100vw, 1170px\"><p id=\"caption-attachment-7399\" class=\"wp-caption-text\">A lungaui s\u00e1msonb\u00e1bok tal\u00e1lkoz\u00f3ja a lungaui St. Michael-ben. A hatalmas s\u00e1msonok l\u00e1bain\u00e1l a t\u00f6rp\u00e9k is l\u00e1that\u00f3k \u00a9 Ferienregion Salzburger Lungau, Roland Holitzky<\/p><\/div>\n<p>Egy biztos: <strong>a hatalmas teher alatt hamar megszomjazik<\/strong> az ember. Ez\u00e9rt l\u00e1thatatlan, \u00e1m <strong>praktikus kis ablakocska<\/strong> is van a b\u00e1b test\u00e9n, ott adj\u00e1k be seg\u00edt\u0151 kezek a s\u00f6rt.<\/p>\n<h4>A ny\u00e1r folyam\u00e1n t\u00f6bb alkalommal, t\u00f6bb telep\u00fcl\u00e9sen<\/h4>\n<p>A <strong>s\u00e1msonhordoz\u00e1s<\/strong> (Samsonumzug) a <strong><a href=\"https:\/\/www.salzburgerland.com\/hu\/salzburgi-alpesi-nyar\/\" target=\"_blank\" rel=\"noopener\"><\/a><a class=\"wl-entity-page-link\" href=\"https:\/\/www.salzburgerland.com\/hu\/salzburgi-alpesi-nyar\/\" data-id=\"http:\/\/open.salzburgerland.com\/hu\/entity\/salzburgi_alpesi_nyar\">Salzburgi alpesi ny\u00e1r<\/a><\/strong> (Salzburger Almsommer) \u00e9s a <a href=\"https:\/\/www.salzburgerland.com\/en\/harvest-festival\/\" rel=\"noopener noreferrer\"><strong>Falusi \u0151sz<\/strong> <\/a>(Bauernherbst) jelent\u0151s esem\u00e9nyei k\u00f6z\u00e9 tartozik.<\/p>\n","protected":false},"excerpt":{"rendered":"<p>A lungaui s\u00e1msonhordoz\u00e1s (Samsonumzug) szok\u00e1sa, csak\u00fagy, mint a hatalmas vir\u00e1gd\u00edszes oszlopok (Prangstangen) processzi\u00f3ja, a XVI-XVII. sz\u00e1zadi barokk sz\u00ednpomp\u00e1s k\u00f6rmeneteib\u0151l ered. A lungaui lakoss\u00e1g mindent megtesz e k\u00e9t h\u00edres hagyom\u00e1ny fenntart\u00e1sa \u00e9rdek\u00e9ben. Impoz\u00e1ns sz\u00ednj\u00e1t\u00e9k Nagyszer\u0171 l\u00e1tv\u00e1nyt ny\u00fajt S\u00e1mson, az \u00f3ri\u00e1s, amint k\u00e9t t\u00f6rpe k\u00eds\u00e9ret\u00e9ben v\u00e9gigvonul a telep\u00fcl\u00e9s f\u0151ter\u00e9n. S\u00e1mson alakja a Bibli\u00e1b\u00f3l ismert. A nyaranta felvonul\u00f3 [&hellip;]<\/p>\n","protected":false},"author":4,"featured_media":7415,"comment_status":"closed","ping_status":"closed","sticky":false,"template":"","format":"standard","meta":{"_acf_changed":false,"wl_entities_gutenberg":"","_relevanssi_hide_post":"","_relevanssi_hide_content":"","_relevanssi_pin_for_all":"","_relevanssi_pin_keywords":"","_relevanssi_unpin_keywords":"","_relevanssi_related_keywords":"","_relevanssi_related_include_ids":"","_relevanssi_related_exclude_ids":"","_relevanssi_related_no_append":"","_relevanssi_related_not_related":"","_relevanssi_related_posts":"","_relevanssi_noindex_reason":"","footnotes":""},"categories":[1],"tags":[445,81,428,505],"wl_entity_type":[27],"class_list":["post-3269","post","type-post","status-publish","format-standard","has-post-thumbnail","hentry","category-uncategorized","tag-salzburgi-alpesi-nyar","tag-salzburgi-lungau","tag-samson","tag-samsonhordozas","wl_entity_type-article"],"acf":[],"yoast_head":"<!-- This site is optimized with the Yoast SEO Premium plugin v27.4 (Yoast SEO v27.4) - https:\/\/yoast.com\/product\/yoast-seo-premium-wordpress\/ -->\n<title>Impoz\u00e1ns sz\u00ednj\u00e1t\u00e9k: A lungaui S\u00e1mson \u00bb SalzburgerLand.com<\/title>\n<meta name=\"description\" content=\"A Salzburgi Lungau s\u00e1msonhordoz\u00e1s, \u00f3ri\u00e1sfigura, \u00e9l\u0151 n\u00e9phagyom\u00e1ny t\u00f6bb lungaui telep\u00fcl\u00e9sen, pl. Mauterndorfban \u00e9s Mariapfarrban\" \/>\n<meta name=\"robots\" content=\"index, follow, max-snippet:-1, max-image-preview:large, max-video-preview:-1\" \/>\n<link rel=\"canonical\" href=\"https:\/\/www.salzburgerland.com\/hu\/salzburgi-lungau-impozans-szinjatek-a-lungaui-samson\/\" \/>\n<meta property=\"og:locale\" content=\"hu_HU\" \/>\n<meta property=\"og:type\" content=\"article\" \/>\n<meta property=\"og:title\" content=\"Impoz\u00e1ns sz\u00ednj\u00e1t\u00e9k: A lungaui S\u00e1mson\" \/>\n<meta property=\"og:description\" content=\"A lungaui s\u00e1msonhordoz\u00e1s (Samsonumzug) szok\u00e1sa, csak\u00fagy, mint a hatalmas vir\u00e1gd\u00edszes oszlopok (Prangstangen) processzi\u00f3ja, a XVI-XVII. sz\u00e1zadi barokk\" \/>\n<meta property=\"og:url\" content=\"https:\/\/www.salzburgerland.com\/hu\/salzburgi-lungau-impozans-szinjatek-a-lungaui-samson\/\" \/>\n<meta property=\"og:site_name\" content=\"SalzburgerLand.com\" \/>\n<meta property=\"article:publisher\" content=\"https:\/\/www.facebook.com\/visitsalzburgerland\/\" \/>\n<meta property=\"article:published_time\" content=\"2018-09-12T11:37:11+00:00\" \/>\n<meta property=\"article:modified_time\" content=\"2022-11-15T13:03:36+00:00\" \/>\n<meta property=\"og:image\" content=\"https:\/\/www.salzburgerland.com\/hu\/wp-content\/uploads\/2018\/09\/samsontreffen_ferienregion-salzburger-lungau_32708719440_o-1200x675.jpg\" \/>\n\t<meta property=\"og:image:width\" content=\"1200\" \/>\n\t<meta property=\"og:image:height\" content=\"675\" \/>\n\t<meta property=\"og:image:type\" content=\"image\/jpeg\" \/>\n<meta name=\"author\" content=\"Eva Suemegi\" \/>\n<meta name=\"twitter:card\" content=\"summary_large_image\" \/>\n<meta name=\"twitter:creator\" content=\"@salzburgerland\" \/>\n<meta name=\"twitter:site\" content=\"@salzburgerland\" \/>\n<meta name=\"twitter:label1\" content=\"Szerz\u0151:\" \/>\n\t<meta name=\"twitter:data1\" content=\"Eva Suemegi\" \/>\n\t<meta name=\"twitter:label2\" content=\"Becs\u00fclt olvas\u00e1si id\u0151\" \/>\n\t<meta name=\"twitter:data2\" content=\"5 perc\" \/>\n<script type=\"application\/ld+json\" class=\"yoast-schema-graph\">{\"@context\":\"https:\\\/\\\/schema.org\",\"@graph\":[{\"@type\":\"Article\",\"@id\":\"https:\\\/\\\/www.salzburgerland.com\\\/hu\\\/salzburgi-lungau-impozans-szinjatek-a-lungaui-samson\\\/#article\",\"isPartOf\":{\"@id\":\"https:\\\/\\\/www.salzburgerland.com\\\/hu\\\/salzburgi-lungau-impozans-szinjatek-a-lungaui-samson\\\/\"},\"author\":{\"name\":\"Eva Suemegi\",\"@id\":\"https:\\\/\\\/www.salzburgerland.com\\\/hu\\\/#\\\/schema\\\/person\\\/318d672774562c00dc51530dd5ca5182\"},\"headline\":\"Impoz\u00e1ns sz\u00ednj\u00e1t\u00e9k: A lungaui S\u00e1mson\",\"datePublished\":\"2018-09-12T11:37:11+00:00\",\"dateModified\":\"2022-11-15T13:03:36+00:00\",\"mainEntityOfPage\":{\"@id\":\"https:\\\/\\\/www.salzburgerland.com\\\/hu\\\/salzburgi-lungau-impozans-szinjatek-a-lungaui-samson\\\/\"},\"wordCount\":1048,\"image\":{\"@id\":\"https:\\\/\\\/www.salzburgerland.com\\\/hu\\\/salzburgi-lungau-impozans-szinjatek-a-lungaui-samson\\\/#primaryimage\"},\"thumbnailUrl\":\"https:\\\/\\\/www.salzburgerland.com\\\/hu\\\/wp-content\\\/uploads\\\/2018\\\/09\\\/samsontreffen_ferienregion-salzburger-lungau_32708719440_o.jpg\",\"keywords\":[\"salzburgi alpesi ny\u00e1r\",\"Salzburgi Lungau\",\"S\u00e1mson\",\"s\u00e1msonhordoz\u00e1s\"],\"articleSection\":[\"Uncategorized\"],\"inLanguage\":\"hu\"},{\"@type\":\"WebPage\",\"@id\":\"https:\\\/\\\/www.salzburgerland.com\\\/hu\\\/salzburgi-lungau-impozans-szinjatek-a-lungaui-samson\\\/\",\"url\":\"https:\\\/\\\/www.salzburgerland.com\\\/hu\\\/salzburgi-lungau-impozans-szinjatek-a-lungaui-samson\\\/\",\"name\":\"Impoz\u00e1ns sz\u00ednj\u00e1t\u00e9k: A lungaui S\u00e1mson \u00bb SalzburgerLand.com\",\"isPartOf\":{\"@id\":\"https:\\\/\\\/www.salzburgerland.com\\\/hu\\\/#website\"},\"primaryImageOfPage\":{\"@id\":\"https:\\\/\\\/www.salzburgerland.com\\\/hu\\\/salzburgi-lungau-impozans-szinjatek-a-lungaui-samson\\\/#primaryimage\"},\"image\":{\"@id\":\"https:\\\/\\\/www.salzburgerland.com\\\/hu\\\/salzburgi-lungau-impozans-szinjatek-a-lungaui-samson\\\/#primaryimage\"},\"thumbnailUrl\":\"https:\\\/\\\/www.salzburgerland.com\\\/hu\\\/wp-content\\\/uploads\\\/2018\\\/09\\\/samsontreffen_ferienregion-salzburger-lungau_32708719440_o.jpg\",\"datePublished\":\"2018-09-12T11:37:11+00:00\",\"dateModified\":\"2022-11-15T13:03:36+00:00\",\"author\":{\"@id\":\"https:\\\/\\\/www.salzburgerland.com\\\/hu\\\/#\\\/schema\\\/person\\\/318d672774562c00dc51530dd5ca5182\"},\"description\":\"A Salzburgi Lungau s\u00e1msonhordoz\u00e1s, \u00f3ri\u00e1sfigura, \u00e9l\u0151 n\u00e9phagyom\u00e1ny t\u00f6bb lungaui telep\u00fcl\u00e9sen, pl. Mauterndorfban \u00e9s Mariapfarrban\",\"breadcrumb\":{\"@id\":\"https:\\\/\\\/www.salzburgerland.com\\\/hu\\\/salzburgi-lungau-impozans-szinjatek-a-lungaui-samson\\\/#breadcrumb\"},\"inLanguage\":\"hu\",\"potentialAction\":[{\"@type\":\"ReadAction\",\"target\":[\"https:\\\/\\\/www.salzburgerland.com\\\/hu\\\/salzburgi-lungau-impozans-szinjatek-a-lungaui-samson\\\/\"]}]},{\"@type\":\"ImageObject\",\"inLanguage\":\"hu\",\"@id\":\"https:\\\/\\\/www.salzburgerland.com\\\/hu\\\/salzburgi-lungau-impozans-szinjatek-a-lungaui-samson\\\/#primaryimage\",\"url\":\"https:\\\/\\\/www.salzburgerland.com\\\/hu\\\/wp-content\\\/uploads\\\/2018\\\/09\\\/samsontreffen_ferienregion-salzburger-lungau_32708719440_o.jpg\",\"contentUrl\":\"https:\\\/\\\/www.salzburgerland.com\\\/hu\\\/wp-content\\\/uploads\\\/2018\\\/09\\\/samsontreffen_ferienregion-salzburger-lungau_32708719440_o.jpg\",\"width\":1920,\"height\":896,\"caption\":\"Lungaui s\u00e1msonfigur\u00e1k tal\u00e1lkoz\u00f3ja \u00a9 Ferienregion Salzburger Lungau, Roland Holitzky\"},{\"@type\":\"BreadcrumbList\",\"@id\":\"https:\\\/\\\/www.salzburgerland.com\\\/hu\\\/salzburgi-lungau-impozans-szinjatek-a-lungaui-samson\\\/#breadcrumb\",\"itemListElement\":[{\"@type\":\"ListItem\",\"position\":1,\"name\":\"Salzburgi Lungau - ny\u00e1r\",\"item\":\"https:\\\/\\\/www.salzburgerland.com\\\/hu\\\/salzburgi-lungau-nyar\\\/\"},{\"@type\":\"ListItem\",\"position\":2,\"name\":\"Impoz\u00e1ns sz\u00ednj\u00e1t\u00e9k: A lungaui S\u00e1mson\"}]},{\"@type\":\"WebSite\",\"@id\":\"https:\\\/\\\/www.salzburgerland.com\\\/hu\\\/#website\",\"url\":\"https:\\\/\\\/www.salzburgerland.com\\\/hu\\\/\",\"name\":\"SalzburgerLand.com\",\"description\":\"\u00dcd\u00fcl\u00e9s Ausztri\u00e1ban, Salzburg tartom\u00e1nyban\",\"potentialAction\":[{\"@type\":\"SearchAction\",\"target\":{\"@type\":\"EntryPoint\",\"urlTemplate\":\"https:\\\/\\\/www.salzburgerland.com\\\/hu\\\/?s={search_term_string}\"},\"query-input\":{\"@type\":\"PropertyValueSpecification\",\"valueRequired\":true,\"valueName\":\"search_term_string\"}}],\"inLanguage\":\"hu\"},{\"@type\":\"Person\",\"@id\":\"https:\\\/\\\/www.salzburgerland.com\\\/hu\\\/#\\\/schema\\\/person\\\/318d672774562c00dc51530dd5ca5182\",\"name\":\"Eva Suemegi\",\"image\":{\"@type\":\"ImageObject\",\"inLanguage\":\"hu\",\"@id\":\"https:\\\/\\\/secure.gravatar.com\\\/avatar\\\/0713cd5ff838626404fe576f92a82fa1484d001fc2c094544fcd23cce4a3b703?s=96&d=mm&r=g\",\"url\":\"https:\\\/\\\/secure.gravatar.com\\\/avatar\\\/0713cd5ff838626404fe576f92a82fa1484d001fc2c094544fcd23cce4a3b703?s=96&d=mm&r=g\",\"contentUrl\":\"https:\\\/\\\/secure.gravatar.com\\\/avatar\\\/0713cd5ff838626404fe576f92a82fa1484d001fc2c094544fcd23cce4a3b703?s=96&d=mm&r=g\",\"caption\":\"Eva Suemegi\"}}]}<\/script>\n<!-- \/ Yoast SEO Premium plugin. -->","yoast_head_json":{"title":"Impoz\u00e1ns sz\u00ednj\u00e1t\u00e9k: A lungaui S\u00e1mson \u00bb SalzburgerLand.com","description":"A Salzburgi Lungau s\u00e1msonhordoz\u00e1s, \u00f3ri\u00e1sfigura, \u00e9l\u0151 n\u00e9phagyom\u00e1ny t\u00f6bb lungaui telep\u00fcl\u00e9sen, pl. Mauterndorfban \u00e9s Mariapfarrban","robots":{"index":"index","follow":"follow","max-snippet":"max-snippet:-1","max-image-preview":"max-image-preview:large","max-video-preview":"max-video-preview:-1"},"canonical":"https:\/\/www.salzburgerland.com\/hu\/salzburgi-lungau-impozans-szinjatek-a-lungaui-samson\/","og_locale":"hu_HU","og_type":"article","og_title":"Impoz\u00e1ns sz\u00ednj\u00e1t\u00e9k: A lungaui S\u00e1mson","og_description":"A lungaui s\u00e1msonhordoz\u00e1s (Samsonumzug) szok\u00e1sa, csak\u00fagy, mint a hatalmas vir\u00e1gd\u00edszes oszlopok (Prangstangen) processzi\u00f3ja, a XVI-XVII. sz\u00e1zadi barokk","og_url":"https:\/\/www.salzburgerland.com\/hu\/salzburgi-lungau-impozans-szinjatek-a-lungaui-samson\/","og_site_name":"SalzburgerLand.com","article_publisher":"https:\/\/www.facebook.com\/visitsalzburgerland\/","article_published_time":"2018-09-12T11:37:11+00:00","article_modified_time":"2022-11-15T13:03:36+00:00","og_image":[{"width":1200,"height":675,"url":"https:\/\/www.salzburgerland.com\/hu\/wp-content\/uploads\/2018\/09\/samsontreffen_ferienregion-salzburger-lungau_32708719440_o-1200x675.jpg","type":"image\/jpeg"}],"author":"Eva Suemegi","twitter_card":"summary_large_image","twitter_creator":"@salzburgerland","twitter_site":"@salzburgerland","twitter_misc":{"Szerz\u0151:":"Eva Suemegi","Becs\u00fclt olvas\u00e1si id\u0151":"5 perc"},"schema":{"@context":"https:\/\/schema.org","@graph":[{"@type":"Article","@id":"https:\/\/www.salzburgerland.com\/hu\/salzburgi-lungau-impozans-szinjatek-a-lungaui-samson\/#article","isPartOf":{"@id":"https:\/\/www.salzburgerland.com\/hu\/salzburgi-lungau-impozans-szinjatek-a-lungaui-samson\/"},"author":{"name":"Eva Suemegi","@id":"https:\/\/www.salzburgerland.com\/hu\/#\/schema\/person\/318d672774562c00dc51530dd5ca5182"},"headline":"Impoz\u00e1ns sz\u00ednj\u00e1t\u00e9k: A lungaui S\u00e1mson","datePublished":"2018-09-12T11:37:11+00:00","dateModified":"2022-11-15T13:03:36+00:00","mainEntityOfPage":{"@id":"https:\/\/www.salzburgerland.com\/hu\/salzburgi-lungau-impozans-szinjatek-a-lungaui-samson\/"},"wordCount":1048,"image":{"@id":"https:\/\/www.salzburgerland.com\/hu\/salzburgi-lungau-impozans-szinjatek-a-lungaui-samson\/#primaryimage"},"thumbnailUrl":"https:\/\/www.salzburgerland.com\/hu\/wp-content\/uploads\/2018\/09\/samsontreffen_ferienregion-salzburger-lungau_32708719440_o.jpg","keywords":["salzburgi alpesi ny\u00e1r","Salzburgi Lungau","S\u00e1mson","s\u00e1msonhordoz\u00e1s"],"articleSection":["Uncategorized"],"inLanguage":"hu"},{"@type":"WebPage","@id":"https:\/\/www.salzburgerland.com\/hu\/salzburgi-lungau-impozans-szinjatek-a-lungaui-samson\/","url":"https:\/\/www.salzburgerland.com\/hu\/salzburgi-lungau-impozans-szinjatek-a-lungaui-samson\/","name":"Impoz\u00e1ns sz\u00ednj\u00e1t\u00e9k: A lungaui S\u00e1mson \u00bb SalzburgerLand.com","isPartOf":{"@id":"https:\/\/www.salzburgerland.com\/hu\/#website"},"primaryImageOfPage":{"@id":"https:\/\/www.salzburgerland.com\/hu\/salzburgi-lungau-impozans-szinjatek-a-lungaui-samson\/#primaryimage"},"image":{"@id":"https:\/\/www.salzburgerland.com\/hu\/salzburgi-lungau-impozans-szinjatek-a-lungaui-samson\/#primaryimage"},"thumbnailUrl":"https:\/\/www.salzburgerland.com\/hu\/wp-content\/uploads\/2018\/09\/samsontreffen_ferienregion-salzburger-lungau_32708719440_o.jpg","datePublished":"2018-09-12T11:37:11+00:00","dateModified":"2022-11-15T13:03:36+00:00","author":{"@id":"https:\/\/www.salzburgerland.com\/hu\/#\/schema\/person\/318d672774562c00dc51530dd5ca5182"},"description":"A Salzburgi Lungau s\u00e1msonhordoz\u00e1s, \u00f3ri\u00e1sfigura, \u00e9l\u0151 n\u00e9phagyom\u00e1ny t\u00f6bb lungaui telep\u00fcl\u00e9sen, pl. Mauterndorfban \u00e9s Mariapfarrban","breadcrumb":{"@id":"https:\/\/www.salzburgerland.com\/hu\/salzburgi-lungau-impozans-szinjatek-a-lungaui-samson\/#breadcrumb"},"inLanguage":"hu","potentialAction":[{"@type":"ReadAction","target":["https:\/\/www.salzburgerland.com\/hu\/salzburgi-lungau-impozans-szinjatek-a-lungaui-samson\/"]}]},{"@type":"ImageObject","inLanguage":"hu","@id":"https:\/\/www.salzburgerland.com\/hu\/salzburgi-lungau-impozans-szinjatek-a-lungaui-samson\/#primaryimage","url":"https:\/\/www.salzburgerland.com\/hu\/wp-content\/uploads\/2018\/09\/samsontreffen_ferienregion-salzburger-lungau_32708719440_o.jpg","contentUrl":"https:\/\/www.salzburgerland.com\/hu\/wp-content\/uploads\/2018\/09\/samsontreffen_ferienregion-salzburger-lungau_32708719440_o.jpg","width":1920,"height":896,"caption":"Lungaui s\u00e1msonfigur\u00e1k tal\u00e1lkoz\u00f3ja \u00a9 Ferienregion Salzburger Lungau, Roland Holitzky"},{"@type":"BreadcrumbList","@id":"https:\/\/www.salzburgerland.com\/hu\/salzburgi-lungau-impozans-szinjatek-a-lungaui-samson\/#breadcrumb","itemListElement":[{"@type":"ListItem","position":1,"name":"Salzburgi Lungau - ny\u00e1r","item":"https:\/\/www.salzburgerland.com\/hu\/salzburgi-lungau-nyar\/"},{"@type":"ListItem","position":2,"name":"Impoz\u00e1ns sz\u00ednj\u00e1t\u00e9k: A lungaui S\u00e1mson"}]},{"@type":"WebSite","@id":"https:\/\/www.salzburgerland.com\/hu\/#website","url":"https:\/\/www.salzburgerland.com\/hu\/","name":"SalzburgerLand.com","description":"\u00dcd\u00fcl\u00e9s Ausztri\u00e1ban, Salzburg tartom\u00e1nyban","potentialAction":[{"@type":"SearchAction","target":{"@type":"EntryPoint","urlTemplate":"https:\/\/www.salzburgerland.com\/hu\/?s={search_term_string}"},"query-input":{"@type":"PropertyValueSpecification","valueRequired":true,"valueName":"search_term_string"}}],"inLanguage":"hu"},{"@type":"Person","@id":"https:\/\/www.salzburgerland.com\/hu\/#\/schema\/person\/318d672774562c00dc51530dd5ca5182","name":"Eva Suemegi","image":{"@type":"ImageObject","inLanguage":"hu","@id":"https:\/\/secure.gravatar.com\/avatar\/0713cd5ff838626404fe576f92a82fa1484d001fc2c094544fcd23cce4a3b703?s=96&d=mm&r=g","url":"https:\/\/secure.gravatar.com\/avatar\/0713cd5ff838626404fe576f92a82fa1484d001fc2c094544fcd23cce4a3b703?s=96&d=mm&r=g","contentUrl":"https:\/\/secure.gravatar.com\/avatar\/0713cd5ff838626404fe576f92a82fa1484d001fc2c094544fcd23cce4a3b703?s=96&d=mm&r=g","caption":"Eva Suemegi"}}]}},"_wl_alt_label":[],"wl:entity_url":"http:\/\/open.salzburgerland.com\/hu\/post\/impozans_szinjatek__a_lungaui_samson","_links":{"self":[{"href":"https:\/\/www.salzburgerland.com\/hu\/wp-json\/wp\/v2\/posts\/3269","targetHints":{"allow":["GET"]}}],"collection":[{"href":"https:\/\/www.salzburgerland.com\/hu\/wp-json\/wp\/v2\/posts"}],"about":[{"href":"https:\/\/www.salzburgerland.com\/hu\/wp-json\/wp\/v2\/types\/post"}],"author":[{"embeddable":true,"href":"https:\/\/www.salzburgerland.com\/hu\/wp-json\/wp\/v2\/users\/4"}],"replies":[{"embeddable":true,"href":"https:\/\/www.salzburgerland.com\/hu\/wp-json\/wp\/v2\/comments?post=3269"}],"version-history":[{"count":5,"href":"https:\/\/www.salzburgerland.com\/hu\/wp-json\/wp\/v2\/posts\/3269\/revisions"}],"predecessor-version":[{"id":17993,"href":"https:\/\/www.salzburgerland.com\/hu\/wp-json\/wp\/v2\/posts\/3269\/revisions\/17993"}],"wp:featuredmedia":[{"embeddable":true,"href":"https:\/\/www.salzburgerland.com\/hu\/wp-json\/wp\/v2\/media\/7415"}],"wp:attachment":[{"href":"https:\/\/www.salzburgerland.com\/hu\/wp-json\/wp\/v2\/media?parent=3269"}],"wp:term":[{"taxonomy":"category","embeddable":true,"href":"https:\/\/www.salzburgerland.com\/hu\/wp-json\/wp\/v2\/categories?post=3269"},{"taxonomy":"post_tag","embeddable":true,"href":"https:\/\/www.salzburgerland.com\/hu\/wp-json\/wp\/v2\/tags?post=3269"},{"taxonomy":"wl_entity_type","embeddable":true,"href":"https:\/\/www.salzburgerland.com\/hu\/wp-json\/wp\/v2\/wl_entity_type?post=3269"}],"curies":[{"name":"wp","href":"https:\/\/api.w.org\/{rel}","templated":true}]}}