{"id":32,"date":"2016-11-16T18:22:02","date_gmt":"2016-11-16T18:22:02","guid":{"rendered":"https:\/\/www.onebigpark.at\/hu\/?p=32"},"modified":"2023-03-08T16:47:22","modified_gmt":"2023-03-08T15:47:22","slug":"a-huettek-minositese","status":"publish","type":"post","link":"https:\/\/www.salzburgerland.com\/hu\/a-huettek-minositese\/","title":{"rendered":"Min\u0151s\u00e9gi v\u00e9djegyes alpesi kunyh\u00f3k"},"content":{"rendered":"<p><span lang=\"HU\"><span color=\"#000000\">Minden valamireval\u00f3 turista tudja, hogy a t\u00far\u00e1z\u00e1s egyik legszebb mozzanata az <strong>uzsonna<\/strong>. Kell egy c\u00e9l, ki kell t\u0171zni, hova akarunk feljutni. <span id=\"urn:enhancement-90e6eecf-fdb2-b2ff-ea6a-d2a5660261f1\">Salzburg <span id=\"urn:local-text-annotation-t1gxpvctajgk8lfoeszorpxftcvnu1er\" itemid=\"http:\/\/open.salzburgerland.com\/hu\/entity\/salzburg_tartomany\">tartom\u00e1ny<\/span><\/span> (SalzburgerLand) r\u00e9gi\u00f3iban j\u00e1rva nem kell sok uzsonn\u00e1t cipeln\u00fcnk, mert f\u00f6nn a legel\u0151k\u00f6n ott v\u00e1rnak a h\u00fctt\u00e9k, minden t\u00fara egy vagy t\u00f6bb h\u00fctt\u00e9hez vezet. Nagyszer\u0171 pillanat, mikor az erd\u0151b\u0151l kil\u00e9pve megny\u00edlik el\u0151tt\u00fcnk a t\u00e1j, el\u00e9nk t\u00e1rul az alpesi <span id=\"urn:enhancement-7034a325-9660-82a8-a99f-0b79b4b737fc\">legel\u0151<\/span><\/span><\/span> \u00e9s rajta a h\u00fctte. Ha megl\u00e1tjuk a min\u0151s\u00e9gi v\u00e9djegyes alpesi kunyh\u00f3k <strong>narancssz\u00edn\u0171 embl\u00e9m\u00e1j\u00e1t<\/strong>, biztosak lehet\u00fcnk benne, hogy k\u00fcl\u00f6n\u00f6sen j\u00f3 helyen j\u00e1runk.<\/p>\n<div id=\"attachment_5036\" style=\"width: 1180px\" class=\"wp-caption alignnone\"><img decoding=\"async\" aria-describedby=\"caption-attachment-5036\" class=\"size-1170_658 wp-image-5036\" src=\"https:\/\/cdn.salzburgerland.com\/hu\/wp-content\/uploads\/2016\/11\/-salzburgerland-tourismus-achim-meurer_frischkaese-mit-basilikum-1170x658.jpg\" alt=\"\" width=\"1170\" height=\"658\" srcset=\"https:\/\/www.salzburgerland.com\/hu\/wp-content\/uploads\/2016\/11\/-salzburgerland-tourismus-achim-meurer_frischkaese-mit-basilikum-1170x658.jpg 1170w, https:\/\/www.salzburgerland.com\/hu\/wp-content\/uploads\/2016\/11\/-salzburgerland-tourismus-achim-meurer_frischkaese-mit-basilikum-1200x675.jpg 1200w\" sizes=\"(max-width: 1170px) 100vw, 1170px\"><p id=\"caption-attachment-5036\" class=\"wp-caption-text\">Paradicsommal \u00e9s bazsalikommal t\u00e1lalt friss alpesi sajt \u00a9 SalzburgerLand Tourismus, Achim Meurer<\/p><\/div>\n<h2>Ah\u00e1ny h\u00fctte, annyif\u00e9le<\/h2>\n<p><span lang=\"HU\"><span color=\"#000000\">A h\u00fctt\u00e9k k\u00f6zt vannak kisebbek \u00e9s nagyobbak, egyszer\u0171bbek \u00e9s impoz\u00e1nsabbak. N\u00e9melyik\u00fck t\u00f6bb sz\u00e1z \u00e9ves is lehet. <span id=\"urn:enhancement-24628d22-aa30-27a0-c8d7-377adddbefc6\">Gazd\u00e1ik<\/span> roppant gonddal d\u00edsz\u00edtgetik \u0151ket, <strong>n\u00e9melyik szinte mesek\u00f6nyv lapjaira k\u00edv\u00e1nkozik<\/strong>. R\u00e9gi k\u00e1lyh\u00e1k, m\u00faltb\u00f3l fennmaradt kerti szersz\u00e1mok \u00e9s konyhai eszk\u00f6z\u00f6k, \u00e9rdekes \u00fcvegek, k\u00e9zimunk\u00e1k \u2013 minden j\u00f6het, ami a tulajdonos szerint belef\u00e9r a k\u00e9pbe. Az sem utols\u00f3, hogy a legegyszer\u0171bb h\u00fctt\u00e9ben is <strong>rendre \u00e9s tisztas\u00e1gra<\/strong> tal\u00e1l a vend\u00e9g.<\/span><\/span><\/p>\n<h2>M\u00e9gis, mit v\u00e1lasszunk az \u00e9tlapr\u00f3l?<\/h2>\n<p><span lang=\"HU\"><span color=\"#000000\">\u00c9s a konyha! Mert h\u00e1t v\u00e9gs\u0151soron enni-inni j\u00f6tt\u00fcnk. A teraszon, vagy a kunyh\u00f3 el\u0151tt fel\u00e1ll\u00edtott asztalokn\u00e1l \u00fclve kiv\u00e1lasztjuk, mihez lenne \u00e9pp kedv\u00fcnk. Az alpesi ny\u00e1r\u00a0h\u00fctt\u00e9inek megvannak a maguk klasszikus fog\u00e1sai, mint p\u00e9ld\u00e1ul a forr\u00f3 levesben t\u00e1lalt, laposra <strong>pr\u00e9selt sajtgomb\u00f3c<\/strong>, a p\u00e1rolt k\u00e1poszt\u00e1val vagy \u00e9pp \u00e9desen fogyaszthat\u00f3 <strong>falusi f\u00e1nk<\/strong>, a m\u00e1r-m\u00e1r k\u00f6telez\u0151 <span id=\"urn:enhancement-f3bbdb32-9713-830a-9b5d-f79798c75e23\">cs\u00e1sz\u00e1rmorzsa<\/span>. Rendelhet\u00fcnk fat\u00e1ny\u00e9ros uzsonn\u00e1t is, helyben k\u00e9sz\u00fclt finom kr\u00e9msajttal, h\u00fasos szalonn\u00e1val. Fenn a magasban valahogy minden jobban \u00edzlik \u00e9s mindig van l\u00e1tnival\u00f3.\u00a0<\/span><\/span><\/p>\n<div id=\"attachment_4953\" style=\"width: 1180px\" class=\"wp-caption alignnone\"><img decoding=\"async\" aria-describedby=\"caption-attachment-4953\" class=\"size-1170_658 wp-image-4953\" src=\"https:\/\/cdn.salzburgerland.com\/hu\/wp-content\/uploads\/2016\/11\/-salzburgerland-tourismus-achim-maurer_bauernkrapfen-mit-preiselbeeren-1170x658.jpg\" alt=\"\" width=\"1170\" height=\"658\" srcset=\"https:\/\/www.salzburgerland.com\/hu\/wp-content\/uploads\/2016\/11\/-salzburgerland-tourismus-achim-maurer_bauernkrapfen-mit-preiselbeeren-1170x658.jpg 1170w, https:\/\/www.salzburgerland.com\/hu\/wp-content\/uploads\/2016\/11\/-salzburgerland-tourismus-achim-maurer_bauernkrapfen-mit-preiselbeeren-1200x675.jpg 1200w\" sizes=\"(max-width: 1170px) 100vw, 1170px\"><p id=\"caption-attachment-4953\" class=\"wp-caption-text\">Falusi f\u00e1nk v\u00f6r\u00f6s\u00e1fonya-lekv\u00e1rral \u00a9 SalzburgerLand Tourismus, Achim Meurer<\/p><\/div>\n<h2>Speci\u00e1lis h\u00fctt\u00e9k<\/h2>\n<p><span lang=\"HU\"><span color=\"#000000\">N\u00e9melyik hegyi legel\u0151re m\u00e9g babakocsit tolva is fel lehet menni. A h\u00fctt\u00e9k n\u00e9melyike kifejezetten felk\u00e9sz\u00fclt kisgyerekes csal\u00e1dok, vagy \u00e9ppen <strong>mozg\u00e1skorl\u00e1tozott<\/strong> l\u00e1togat\u00f3k fogad\u00e1s\u00e1ra. M\u00e9g olyan kunyh\u00f3 is akad, ahol a <span id=\"urn:enhancement-30766b70-68ae-b1d6-b3db-28302550641e\"><strong>m\u0171v\u00e9szet<\/strong> \u00e9s a <strong>kult\u00fara<\/strong><\/span> rajong\u00f3it k\u00fcl\u00f6n \u00e9rdekess\u00e9gek v\u00e1rj\u00e1k. <\/span><\/span><\/p>\n<p><a href=\"https:\/\/holiday.salzburgerland.com\/blsalzburg\/en\/infosystem\/list?limINFOSYSTEMTHEME=53c56b99-dff6-41a1-9ad4-547cde15c67b,05d37b12-eb03-4a6b-ab2c-7ae674e8c7a8&amp;_ga=1.249340423.1624745777.1441616542&amp;AspxAutoDetectCookieSupport=1\" target=\"_blank\" rel=\"noopener noreferrer\"><strong>Itt<\/strong><\/a> tal\u00e1lja meg a min\u0151s\u00e9gi v\u00e9djegyet visel\u0151 alpesi h\u00fctt\u00e9k list\u00e1j\u00e1t.<\/p>\n<div id=\"attachment_10292\" style=\"width: 1180px\" class=\"wp-caption alignnone\"><img decoding=\"async\" aria-describedby=\"caption-attachment-10292\" class=\"wp-image-10292 size-1170_658\" src=\"https:\/\/cdn.salzburgerland.com\/hu\/wp-content\/uploads\/2016\/11\/grussberghuette_gasteinertal-1170x658.jpg\" alt=\"\" width=\"1170\" height=\"658\" srcset=\"https:\/\/www.salzburgerland.com\/hu\/wp-content\/uploads\/2016\/11\/grussberghuette_gasteinertal-1170x658.jpg 1170w, https:\/\/www.salzburgerland.com\/hu\/wp-content\/uploads\/2016\/11\/grussberghuette_gasteinertal-1200x675.jpg 1200w\" sizes=\"(max-width: 1170px) 100vw, 1170px\"><p id=\"caption-attachment-10292\" class=\"wp-caption-text\">Kedves fogadtat\u00e1s v\u00e1rja a f\u00e1radt t\u00far\u00e1z\u00f3kat a Grussbergh\u00fctte-ben, Gasteinban \u00a9 SalzburgerLand Tourismus<\/p><\/div>\n<h2><span lang=\"HU\"><span color=\"#000000\">J\u00f3 tudni: Mit jelent a <span id=\"urn:local-text-annotation-owrzuvlcgsoz9gk174artw38ifwzvtv2\" itemid=\"http:\/\/open.salzburgerland.com\/hu\/entity\/salzburgi_alpesi_nyar\">salzburgi alpesi ny\u00e1r<\/span> v\u00e9djegye<\/span><\/span><\/h2>\n<ul>\n<li><span lang=\"HU\"><span color=\"#000000\">A <strong>narancss\u00e1rga embl\u00e9m\u00e1t<\/strong> visel\u0151 h\u00fctt\u00e9k min\u0151s\u00e9g\u00e9t szigor\u00faan ellen\u0151rzik.<\/span><\/span><\/li>\n<li><span lang=\"HU\"><span color=\"#000000\">A kunyh\u00f3 \u00e9s k\u00f6rny\u00e9ke <strong>autentikus<\/strong> l\u00e1tv\u00e1nyt ny\u00fajt.<\/span><\/span><\/li>\n<li><span lang=\"HU\"><span color=\"#000000\">A kunyh\u00f3 <strong>t\u00fara\u00faton vagy hegyi felvon\u00f3val<\/strong> \u00e9rhet\u0151 el. N\u00e9melyikhez taxi viszi f\u00f6l a mozg\u00e1skorl\u00e1tozott l\u00e1togat\u00f3kat.<\/span><\/span><\/li>\n<li><span lang=\"HU\"><span color=\"#000000\">A hegyi legel\u0151n <strong>hagyom\u00e1nyos p\u00e1sztorkod\u00e1s<\/strong> folyik.<\/span><\/span><\/li>\n<li><span lang=\"HU\"><span color=\"#000000\">Csakis a gazdas\u00e1g, vagy legal\u00e1bbis a k\u00f6zvetlen k\u00f6rny\u00e9k <strong>h\u00e1zi term\u00e9kei<\/strong>, \u00e9telei ker\u00fclnek az asztalra.<\/span><\/span><\/li>\n<li><span lang=\"HU\"><span color=\"#000000\">A kunyh\u00f3 \u00e9s k\u00f6rny\u00e9ke megfelel a higi\u00e9niai \u00e9s az iv\u00f3v\u00edzmin\u0151s\u00e9gre vonatkoz\u00f3 el\u0151\u00edr\u00e1soknak.<\/span><\/span><span style=\"margin: 0px; line-height: 107%; font-family: 'Arial',sans-serif; font-size: 12pt;\" lang=\"HU\"><\/span><\/li>\n<\/ul>\n<h2>A csod\u00e1latos alpesi terepen a biztons\u00e1gr\u00f3l sem szabad megfeledkezni<\/h2>\n<div>\n<p><span>Engedje meg, hogy felh\u00edvjuk figyelm\u00e9t a ny\u00e1ri<span class=\"apple-converted-space\">\u00a0<\/span><a href=\"https:\/\/www.salzburgerland.com\/hu\/biztonsagi-eloirasok-az-alpokban-nyar\/\" target=\"_blank\" rel=\"noopener\"><strong>biztons\u00e1gi tan\u00e1csainkra<\/strong><\/a>. A csod\u00e1latosan sz\u00e9p alpesi terepen is \u00e9rdemes kell\u0151 gondoss\u00e1ggal felk\u00e9sz\u00fclni.<\/span><\/p>\n<h2><strong>Ingyenes t\u00e1j\u00e9koztat\u00f3 kiadv\u00e1nyok<\/strong><\/h2>\n<p>Ingyenesen megrendelhet\u0151ek a <strong>Vak\u00e1ci\u00f3s \u00fatikalauz Salzburg tartom\u00e1ny aut\u00f3t\u00e9rk\u00e9p\u00e9vel<\/strong> \u00e9s az <strong>Almsommerzeit \u2013 T\u00e1j\u00e9koztat\u00f3 a salzburgi alpesi ny\u00e1rr\u00f3l<\/strong> c\u00edm\u0171 kiadv\u00e1nyok <strong><a href=\"https:\/\/www.salzburgerland.com\/hu\/shop\/\">itt<\/a><\/strong>.<\/p>\n<\/div>\n","protected":false},"excerpt":{"rendered":"<p>Minden valamireval\u00f3 turista tudja, hogy a t\u00far\u00e1z\u00e1s egyik legszebb mozzanata az uzsonna. Kell egy c\u00e9l, ki kell t\u0171zni, hova akarunk feljutni. Salzburg tartom\u00e1ny (SalzburgerLand) r\u00e9gi\u00f3iban j\u00e1rva nem kell sok uzsonn\u00e1t cipeln\u00fcnk, mert f\u00f6nn a legel\u0151k\u00f6n ott v\u00e1rnak a h\u00fctt\u00e9k, minden t\u00fara egy vagy t\u00f6bb h\u00fctt\u00e9hez vezet. Nagyszer\u0171 pillanat, mikor az erd\u0151b\u0151l kil\u00e9pve megny\u00edlik el\u0151tt\u00fcnk a [&hellip;]<\/p>\n","protected":false},"author":4,"featured_media":6438,"comment_status":"closed","ping_status":"closed","sticky":false,"template":"","format":"standard","meta":{"_acf_changed":false,"wl_entities_gutenberg":"","_relevanssi_hide_post":"","_relevanssi_hide_content":"","_relevanssi_pin_for_all":"","_relevanssi_pin_keywords":"","_relevanssi_unpin_keywords":"","_relevanssi_related_keywords":"","_relevanssi_related_include_ids":"","_relevanssi_related_exclude_ids":"","_relevanssi_related_no_append":"","_relevanssi_related_not_related":"","_relevanssi_related_posts":"","_relevanssi_noindex_reason":"","footnotes":""},"categories":[1],"tags":[182,326,325],"wl_entity_type":[27],"class_list":["post-32","post","type-post","status-publish","format-standard","has-post-thumbnail","hentry","category-uncategorized","tag-alpesi-hutte","tag-alpesi-legelo","tag-minosegi-vedjegy","wl_entity_type-article"],"acf":[],"yoast_head":"<!-- This site is optimized with the Yoast SEO Premium plugin v27.4 (Yoast SEO v27.4) - https:\/\/yoast.com\/product\/yoast-seo-premium-wordpress\/ -->\n<title>min\u0151s\u00e9gi v\u00e9djegyes alpesi kunyh\u00f3k<\/title>\n<meta name=\"description\" content=\"A salzburgi ny\u00e1r min\u0151s\u00e9gi v\u00e9djegyes alpesi kunyh\u00f3i mindenben megfelelnek a salzburgi alpesi ny\u00e1r el\u0151\u00edr\u00e1sainak!\" \/>\n<meta name=\"robots\" content=\"index, follow, max-snippet:-1, max-image-preview:large, max-video-preview:-1\" \/>\n<link rel=\"canonical\" href=\"https:\/\/www.salzburgerland.com\/hu\/a-huettek-minositese\/\" \/>\n<meta property=\"og:locale\" content=\"hu_HU\" \/>\n<meta property=\"og:type\" content=\"article\" \/>\n<meta property=\"og:title\" content=\"Min\u0151s\u00e9gi v\u00e9djegyes alpesi kunyh\u00f3k\" \/>\n<meta property=\"og:description\" content=\"Minden valamireval\u00f3 turista tudja, hogy a t\u00far\u00e1z\u00e1s egyik legszebb mozzanata az uzsonna. Kell egy c\u00e9l, ki kell t\u0171zni, hova akarunk feljutni. Salzburg\" \/>\n<meta property=\"og:url\" content=\"https:\/\/www.salzburgerland.com\/hu\/a-huettek-minositese\/\" \/>\n<meta property=\"og:site_name\" content=\"SalzburgerLand.com\" \/>\n<meta property=\"article:publisher\" content=\"https:\/\/www.facebook.com\/visitsalzburgerland\/\" \/>\n<meta property=\"article:published_time\" content=\"2016-11-16T18:22:02+00:00\" \/>\n<meta property=\"article:modified_time\" content=\"2023-03-08T15:47:22+00:00\" \/>\n<meta property=\"og:image\" content=\"https:\/\/www.salzburgerland.com\/hu\/wp-content\/uploads\/2016\/11\/almsomme-produkte-von-der-alm-1200x675.jpg\" \/>\n\t<meta property=\"og:image:width\" content=\"1200\" \/>\n\t<meta property=\"og:image:height\" content=\"675\" \/>\n\t<meta property=\"og:image:type\" content=\"image\/jpeg\" \/>\n<meta name=\"author\" content=\"Eva Suemegi\" \/>\n<meta name=\"twitter:card\" content=\"summary_large_image\" \/>\n<meta name=\"twitter:creator\" content=\"@salzburgerland\" \/>\n<meta name=\"twitter:site\" content=\"@salzburgerland\" \/>\n<meta name=\"twitter:label1\" content=\"Szerz\u0151:\" \/>\n\t<meta name=\"twitter:data1\" content=\"Eva Suemegi\" \/>\n\t<meta name=\"twitter:label2\" content=\"Becs\u00fclt olvas\u00e1si id\u0151\" \/>\n\t<meta name=\"twitter:data2\" content=\"3 perc\" \/>\n<script type=\"application\/ld+json\" class=\"yoast-schema-graph\">{\"@context\":\"https:\\\/\\\/schema.org\",\"@graph\":[{\"@type\":\"Article\",\"@id\":\"https:\\\/\\\/www.salzburgerland.com\\\/hu\\\/a-huettek-minositese\\\/#article\",\"isPartOf\":{\"@id\":\"https:\\\/\\\/www.salzburgerland.com\\\/hu\\\/a-huettek-minositese\\\/\"},\"author\":{\"name\":\"Eva Suemegi\",\"@id\":\"https:\\\/\\\/www.salzburgerland.com\\\/hu\\\/#\\\/schema\\\/person\\\/318d672774562c00dc51530dd5ca5182\"},\"headline\":\"Min\u0151s\u00e9gi v\u00e9djegyes alpesi kunyh\u00f3k\",\"datePublished\":\"2016-11-16T18:22:02+00:00\",\"dateModified\":\"2023-03-08T15:47:22+00:00\",\"mainEntityOfPage\":{\"@id\":\"https:\\\/\\\/www.salzburgerland.com\\\/hu\\\/a-huettek-minositese\\\/\"},\"wordCount\":704,\"image\":{\"@id\":\"https:\\\/\\\/www.salzburgerland.com\\\/hu\\\/a-huettek-minositese\\\/#primaryimage\"},\"thumbnailUrl\":\"https:\\\/\\\/www.salzburgerland.com\\\/hu\\\/wp-content\\\/uploads\\\/2016\\\/11\\\/almsomme-produkte-von-der-alm.jpg\",\"keywords\":[\"alpesi h\u00fctte\",\"alpesi legel\u0151\",\"min\u0151s\u00e9gi v\u00e9djegy\"],\"articleSection\":[\"Uncategorized\"],\"inLanguage\":\"hu\"},{\"@type\":\"WebPage\",\"@id\":\"https:\\\/\\\/www.salzburgerland.com\\\/hu\\\/a-huettek-minositese\\\/\",\"url\":\"https:\\\/\\\/www.salzburgerland.com\\\/hu\\\/a-huettek-minositese\\\/\",\"name\":\"min\u0151s\u00e9gi v\u00e9djegyes alpesi kunyh\u00f3k\",\"isPartOf\":{\"@id\":\"https:\\\/\\\/www.salzburgerland.com\\\/hu\\\/#website\"},\"primaryImageOfPage\":{\"@id\":\"https:\\\/\\\/www.salzburgerland.com\\\/hu\\\/a-huettek-minositese\\\/#primaryimage\"},\"image\":{\"@id\":\"https:\\\/\\\/www.salzburgerland.com\\\/hu\\\/a-huettek-minositese\\\/#primaryimage\"},\"thumbnailUrl\":\"https:\\\/\\\/www.salzburgerland.com\\\/hu\\\/wp-content\\\/uploads\\\/2016\\\/11\\\/almsomme-produkte-von-der-alm.jpg\",\"datePublished\":\"2016-11-16T18:22:02+00:00\",\"dateModified\":\"2023-03-08T15:47:22+00:00\",\"author\":{\"@id\":\"https:\\\/\\\/www.salzburgerland.com\\\/hu\\\/#\\\/schema\\\/person\\\/318d672774562c00dc51530dd5ca5182\"},\"description\":\"A salzburgi ny\u00e1r min\u0151s\u00e9gi v\u00e9djegyes alpesi kunyh\u00f3i mindenben megfelelnek a salzburgi alpesi ny\u00e1r el\u0151\u00edr\u00e1sainak!\",\"breadcrumb\":{\"@id\":\"https:\\\/\\\/www.salzburgerland.com\\\/hu\\\/a-huettek-minositese\\\/#breadcrumb\"},\"inLanguage\":\"hu\",\"potentialAction\":[{\"@type\":\"ReadAction\",\"target\":[\"https:\\\/\\\/www.salzburgerland.com\\\/hu\\\/a-huettek-minositese\\\/\"]}]},{\"@type\":\"ImageObject\",\"inLanguage\":\"hu\",\"@id\":\"https:\\\/\\\/www.salzburgerland.com\\\/hu\\\/a-huettek-minositese\\\/#primaryimage\",\"url\":\"https:\\\/\\\/www.salzburgerland.com\\\/hu\\\/wp-content\\\/uploads\\\/2016\\\/11\\\/almsomme-produkte-von-der-alm.jpg\",\"contentUrl\":\"https:\\\/\\\/www.salzburgerland.com\\\/hu\\\/wp-content\\\/uploads\\\/2016\\\/11\\\/almsomme-produkte-von-der-alm.jpg\",\"width\":1920,\"height\":1280,\"caption\":\"Finom uzsonn\u00e1t t\u00e1lal a gazdasszony az alpesi legel\u0151i h\u00fctt\u00e9n\u00e9l \u00a9 SalzburgerLand Tourismus \u2013\"},{\"@type\":\"BreadcrumbList\",\"@id\":\"https:\\\/\\\/www.salzburgerland.com\\\/hu\\\/a-huettek-minositese\\\/#breadcrumb\",\"itemListElement\":[{\"@type\":\"ListItem\",\"position\":1,\"name\":\"Salzburgi alpesi ny\u00e1r\",\"item\":\"https:\\\/\\\/www.salzburgerland.com\\\/hu\\\/salzburgi-alpesi-nyar\\\/\"},{\"@type\":\"ListItem\",\"position\":2,\"name\":\"Min\u0151s\u00e9gi v\u00e9djegyes alpesi kunyh\u00f3k\"}]},{\"@type\":\"WebSite\",\"@id\":\"https:\\\/\\\/www.salzburgerland.com\\\/hu\\\/#website\",\"url\":\"https:\\\/\\\/www.salzburgerland.com\\\/hu\\\/\",\"name\":\"SalzburgerLand.com\",\"description\":\"\u00dcd\u00fcl\u00e9s Ausztri\u00e1ban, Salzburg tartom\u00e1nyban\",\"potentialAction\":[{\"@type\":\"SearchAction\",\"target\":{\"@type\":\"EntryPoint\",\"urlTemplate\":\"https:\\\/\\\/www.salzburgerland.com\\\/hu\\\/?s={search_term_string}\"},\"query-input\":{\"@type\":\"PropertyValueSpecification\",\"valueRequired\":true,\"valueName\":\"search_term_string\"}}],\"inLanguage\":\"hu\"},{\"@type\":\"Person\",\"@id\":\"https:\\\/\\\/www.salzburgerland.com\\\/hu\\\/#\\\/schema\\\/person\\\/318d672774562c00dc51530dd5ca5182\",\"name\":\"Eva Suemegi\",\"image\":{\"@type\":\"ImageObject\",\"inLanguage\":\"hu\",\"@id\":\"https:\\\/\\\/secure.gravatar.com\\\/avatar\\\/0713cd5ff838626404fe576f92a82fa1484d001fc2c094544fcd23cce4a3b703?s=96&d=mm&r=g\",\"url\":\"https:\\\/\\\/secure.gravatar.com\\\/avatar\\\/0713cd5ff838626404fe576f92a82fa1484d001fc2c094544fcd23cce4a3b703?s=96&d=mm&r=g\",\"contentUrl\":\"https:\\\/\\\/secure.gravatar.com\\\/avatar\\\/0713cd5ff838626404fe576f92a82fa1484d001fc2c094544fcd23cce4a3b703?s=96&d=mm&r=g\",\"caption\":\"Eva Suemegi\"}}]}<\/script>\n<meta property=\"og:video\" content=\"https:\/\/www.youtube.com\/embed\/LUiivIMGAB8\" \/>\n<meta property=\"og:video:type\" content=\"text\/html\" \/>\n<meta property=\"og:video:duration\" content=\"63\" \/>\n<meta property=\"og:video:width\" content=\"480\" \/>\n<meta property=\"og:video:height\" content=\"270\" \/>\n<meta property=\"ya:ovs:adult\" content=\"false\" \/>\n<meta property=\"ya:ovs:upload_date\" content=\"2016-11-16T18:22:02+00:00\" \/>\n<meta property=\"ya:ovs:allow_embed\" content=\"true\" \/>\n<!-- \/ Yoast SEO Premium plugin. -->","yoast_head_json":{"title":"min\u0151s\u00e9gi v\u00e9djegyes alpesi kunyh\u00f3k","description":"A salzburgi ny\u00e1r min\u0151s\u00e9gi v\u00e9djegyes alpesi kunyh\u00f3i mindenben megfelelnek a salzburgi alpesi ny\u00e1r el\u0151\u00edr\u00e1sainak!","robots":{"index":"index","follow":"follow","max-snippet":"max-snippet:-1","max-image-preview":"max-image-preview:large","max-video-preview":"max-video-preview:-1"},"canonical":"https:\/\/www.salzburgerland.com\/hu\/a-huettek-minositese\/","og_locale":"hu_HU","og_type":"article","og_title":"Min\u0151s\u00e9gi v\u00e9djegyes alpesi kunyh\u00f3k","og_description":"Minden valamireval\u00f3 turista tudja, hogy a t\u00far\u00e1z\u00e1s egyik legszebb mozzanata az uzsonna. Kell egy c\u00e9l, ki kell t\u0171zni, hova akarunk feljutni. Salzburg","og_url":"https:\/\/www.salzburgerland.com\/hu\/a-huettek-minositese\/","og_site_name":"SalzburgerLand.com","article_publisher":"https:\/\/www.facebook.com\/visitsalzburgerland\/","article_published_time":"2016-11-16T18:22:02+00:00","article_modified_time":"2023-03-08T15:47:22+00:00","og_image":[{"width":1200,"height":675,"url":"https:\/\/www.salzburgerland.com\/hu\/wp-content\/uploads\/2016\/11\/almsomme-produkte-von-der-alm-1200x675.jpg","type":"image\/jpeg"}],"author":"Eva Suemegi","twitter_card":"summary_large_image","twitter_creator":"@salzburgerland","twitter_site":"@salzburgerland","twitter_misc":{"Szerz\u0151:":"Eva Suemegi","Becs\u00fclt olvas\u00e1si id\u0151":"3 perc"},"schema":{"@context":"https:\/\/schema.org","@graph":[{"@type":"Article","@id":"https:\/\/www.salzburgerland.com\/hu\/a-huettek-minositese\/#article","isPartOf":{"@id":"https:\/\/www.salzburgerland.com\/hu\/a-huettek-minositese\/"},"author":{"name":"Eva Suemegi","@id":"https:\/\/www.salzburgerland.com\/hu\/#\/schema\/person\/318d672774562c00dc51530dd5ca5182"},"headline":"Min\u0151s\u00e9gi v\u00e9djegyes alpesi kunyh\u00f3k","datePublished":"2016-11-16T18:22:02+00:00","dateModified":"2023-03-08T15:47:22+00:00","mainEntityOfPage":{"@id":"https:\/\/www.salzburgerland.com\/hu\/a-huettek-minositese\/"},"wordCount":704,"image":{"@id":"https:\/\/www.salzburgerland.com\/hu\/a-huettek-minositese\/#primaryimage"},"thumbnailUrl":"https:\/\/www.salzburgerland.com\/hu\/wp-content\/uploads\/2016\/11\/almsomme-produkte-von-der-alm.jpg","keywords":["alpesi h\u00fctte","alpesi legel\u0151","min\u0151s\u00e9gi v\u00e9djegy"],"articleSection":["Uncategorized"],"inLanguage":"hu"},{"@type":"WebPage","@id":"https:\/\/www.salzburgerland.com\/hu\/a-huettek-minositese\/","url":"https:\/\/www.salzburgerland.com\/hu\/a-huettek-minositese\/","name":"min\u0151s\u00e9gi v\u00e9djegyes alpesi kunyh\u00f3k","isPartOf":{"@id":"https:\/\/www.salzburgerland.com\/hu\/#website"},"primaryImageOfPage":{"@id":"https:\/\/www.salzburgerland.com\/hu\/a-huettek-minositese\/#primaryimage"},"image":{"@id":"https:\/\/www.salzburgerland.com\/hu\/a-huettek-minositese\/#primaryimage"},"thumbnailUrl":"https:\/\/www.salzburgerland.com\/hu\/wp-content\/uploads\/2016\/11\/almsomme-produkte-von-der-alm.jpg","datePublished":"2016-11-16T18:22:02+00:00","dateModified":"2023-03-08T15:47:22+00:00","author":{"@id":"https:\/\/www.salzburgerland.com\/hu\/#\/schema\/person\/318d672774562c00dc51530dd5ca5182"},"description":"A salzburgi ny\u00e1r min\u0151s\u00e9gi v\u00e9djegyes alpesi kunyh\u00f3i mindenben megfelelnek a salzburgi alpesi ny\u00e1r el\u0151\u00edr\u00e1sainak!","breadcrumb":{"@id":"https:\/\/www.salzburgerland.com\/hu\/a-huettek-minositese\/#breadcrumb"},"inLanguage":"hu","potentialAction":[{"@type":"ReadAction","target":["https:\/\/www.salzburgerland.com\/hu\/a-huettek-minositese\/"]}]},{"@type":"ImageObject","inLanguage":"hu","@id":"https:\/\/www.salzburgerland.com\/hu\/a-huettek-minositese\/#primaryimage","url":"https:\/\/www.salzburgerland.com\/hu\/wp-content\/uploads\/2016\/11\/almsomme-produkte-von-der-alm.jpg","contentUrl":"https:\/\/www.salzburgerland.com\/hu\/wp-content\/uploads\/2016\/11\/almsomme-produkte-von-der-alm.jpg","width":1920,"height":1280,"caption":"Finom uzsonn\u00e1t t\u00e1lal a gazdasszony az alpesi legel\u0151i h\u00fctt\u00e9n\u00e9l \u00a9 SalzburgerLand Tourismus \u2013"},{"@type":"BreadcrumbList","@id":"https:\/\/www.salzburgerland.com\/hu\/a-huettek-minositese\/#breadcrumb","itemListElement":[{"@type":"ListItem","position":1,"name":"Salzburgi alpesi ny\u00e1r","item":"https:\/\/www.salzburgerland.com\/hu\/salzburgi-alpesi-nyar\/"},{"@type":"ListItem","position":2,"name":"Min\u0151s\u00e9gi v\u00e9djegyes alpesi kunyh\u00f3k"}]},{"@type":"WebSite","@id":"https:\/\/www.salzburgerland.com\/hu\/#website","url":"https:\/\/www.salzburgerland.com\/hu\/","name":"SalzburgerLand.com","description":"\u00dcd\u00fcl\u00e9s Ausztri\u00e1ban, Salzburg tartom\u00e1nyban","potentialAction":[{"@type":"SearchAction","target":{"@type":"EntryPoint","urlTemplate":"https:\/\/www.salzburgerland.com\/hu\/?s={search_term_string}"},"query-input":{"@type":"PropertyValueSpecification","valueRequired":true,"valueName":"search_term_string"}}],"inLanguage":"hu"},{"@type":"Person","@id":"https:\/\/www.salzburgerland.com\/hu\/#\/schema\/person\/318d672774562c00dc51530dd5ca5182","name":"Eva Suemegi","image":{"@type":"ImageObject","inLanguage":"hu","@id":"https:\/\/secure.gravatar.com\/avatar\/0713cd5ff838626404fe576f92a82fa1484d001fc2c094544fcd23cce4a3b703?s=96&d=mm&r=g","url":"https:\/\/secure.gravatar.com\/avatar\/0713cd5ff838626404fe576f92a82fa1484d001fc2c094544fcd23cce4a3b703?s=96&d=mm&r=g","contentUrl":"https:\/\/secure.gravatar.com\/avatar\/0713cd5ff838626404fe576f92a82fa1484d001fc2c094544fcd23cce4a3b703?s=96&d=mm&r=g","caption":"Eva Suemegi"}}]},"og_video":"https:\/\/www.youtube.com\/embed\/LUiivIMGAB8","og_video_type":"text\/html","og_video_duration":"63","og_video_width":"480","og_video_height":"270","ya_ovs_adult":"false","ya_ovs_upload_date":"2016-11-16T18:22:02+00:00","ya_ovs_allow_embed":"true"},"_wl_alt_label":[],"wl:entity_url":"http:\/\/open.salzburgerland.com\/hu\/post\/vedjeggyel_minositett_alpesi_kunyhok","_links":{"self":[{"href":"https:\/\/www.salzburgerland.com\/hu\/wp-json\/wp\/v2\/posts\/32","targetHints":{"allow":["GET"]}}],"collection":[{"href":"https:\/\/www.salzburgerland.com\/hu\/wp-json\/wp\/v2\/posts"}],"about":[{"href":"https:\/\/www.salzburgerland.com\/hu\/wp-json\/wp\/v2\/types\/post"}],"author":[{"embeddable":true,"href":"https:\/\/www.salzburgerland.com\/hu\/wp-json\/wp\/v2\/users\/4"}],"replies":[{"embeddable":true,"href":"https:\/\/www.salzburgerland.com\/hu\/wp-json\/wp\/v2\/comments?post=32"}],"version-history":[{"count":5,"href":"https:\/\/www.salzburgerland.com\/hu\/wp-json\/wp\/v2\/posts\/32\/revisions"}],"predecessor-version":[{"id":18579,"href":"https:\/\/www.salzburgerland.com\/hu\/wp-json\/wp\/v2\/posts\/32\/revisions\/18579"}],"wp:featuredmedia":[{"embeddable":true,"href":"https:\/\/www.salzburgerland.com\/hu\/wp-json\/wp\/v2\/media\/6438"}],"wp:attachment":[{"href":"https:\/\/www.salzburgerland.com\/hu\/wp-json\/wp\/v2\/media?parent=32"}],"wp:term":[{"taxonomy":"category","embeddable":true,"href":"https:\/\/www.salzburgerland.com\/hu\/wp-json\/wp\/v2\/categories?post=32"},{"taxonomy":"post_tag","embeddable":true,"href":"https:\/\/www.salzburgerland.com\/hu\/wp-json\/wp\/v2\/tags?post=32"},{"taxonomy":"wl_entity_type","embeddable":true,"href":"https:\/\/www.salzburgerland.com\/hu\/wp-json\/wp\/v2\/wl_entity_type?post=32"}],"curies":[{"name":"wp","href":"https:\/\/api.w.org\/{rel}","templated":true}]}}