{"id":22998,"date":"2025-03-30T21:15:49","date_gmt":"2025-03-30T19:15:49","guid":{"rendered":"https:\/\/www.salzburgerland.com\/hu\/?p=22998"},"modified":"2025-06-20T17:24:09","modified_gmt":"2025-06-20T15:24:09","slug":"hohenwerfeni-elmenyvar","status":"publish","type":"post","link":"https:\/\/www.salzburgerland.com\/hu\/hohenwerfeni-elmenyvar\/","title":{"rendered":"Hohenwerfeni \u00e9lm\u00e9nyv\u00e1r"},"content":{"rendered":"<p><a href=\"https:\/\/www.burg-hohenwerfen.at\/en\/\" target=\"_blank\" rel=\"noopener\"><strong>Hohenwerfen v\u00e1r\u00e1t<\/strong><\/a> a Hohensalzburg v\u00e1r\u00e1val egy id\u0151ben, 1077-ben \u00e9p\u00edtett\u00e9k, hogy megv\u00e9dj\u00e9k Salzburgot az ellens\u00e9ges t\u00e1mad\u00e1sokt\u00f3l. Massz\u00edv falai \u00e9s strat\u00e9giai elhelyezked\u00e9se a Salzach foly\u00f3 f\u00f6l\u00f6tt egy sziklacs\u00facson bevehetetlenn\u00e9 tett\u00e9k. \u00c9vsz\u00e1zadokon \u00e1t <strong>katonai t\u00e1maszpontk\u00e9nt, b\u00f6rt\u00f6nk\u00e9nt \u00e9s nemesi rezidenciak\u00e9nt<\/strong> szolg\u00e1lt. Ma, 30 \u00e9vvel azut\u00e1n, hogy megnyitott\u00e1k a nagyk\u00f6z\u00f6ns\u00e9g el\u0151tt, nemcsak <strong>t\u00f6rt\u00e9nelmi filmek kedvelt helysz\u00edne<\/strong>, hanem olyan <strong>turisztikai l\u00e1tv\u00e1nyoss\u00e1g<\/strong> is, amely a l\u00e1togat\u00f3kat \u00e9rdekfesz\u00edt\u0151 \u00e9s interakt\u00edv m\u00f3don vezeti be a k\u00f6z\u00e9pkori \u00e9letbe.<\/p>\n<div id=\"attachment_23000\" style=\"width: 1034px\" class=\"wp-caption alignnone\"><img decoding=\"async\" aria-describedby=\"caption-attachment-23000\" class=\"size-medium wp-image-23000\" src=\"https:\/\/www.salzburgerland.com\/hu\/wp-content\/uploads\/2025\/03\/burghof-1170x658-1-1024x569.jpg\" alt=\"A Hohenwerfeni kast\u00e9ly udvara olyan, mintha egy t\u00fcnd\u00e9rmes\u00e9b\u0151l l\u00e9pett volna el\u0151 \" width=\"1024\" height=\"569\" srcset=\"https:\/\/www.salzburgerland.com\/hu\/wp-content\/uploads\/2025\/03\/burghof-1170x658-1-1024x569.jpg 1024w, https:\/\/www.salzburgerland.com\/hu\/wp-content\/uploads\/2025\/03\/burghof-1170x658-1-370x206.jpg 370w, https:\/\/www.salzburgerland.com\/hu\/wp-content\/uploads\/2025\/03\/burghof-1170x658-1-270x150.jpg 270w, https:\/\/www.salzburgerland.com\/hu\/wp-content\/uploads\/2025\/03\/burghof-1170x658-1-540x300.jpg 540w\" sizes=\"(max-width: 1024px) 100vw, 1024px\"><p id=\"caption-attachment-23000\" class=\"wp-caption-text\">A Hohenwerfeni kast\u00e9ly udvara olyan, mintha egy t\u00fcnd\u00e9rmes\u00e9b\u0151l l\u00e9pett volna el\u0151 \u00a9 Salzburger Burgen &amp; Schl\u00f6sser<\/p><\/div>\n<h4>A var\u00e1zsl\u00f3k \u00e9s boszork\u00e1nyok titkai<\/h4>\n<p>A v\u00e1r egyik legnagyobb l\u00e1tv\u00e1nyoss\u00e1ga a \u201e<strong>Mythos Jackl \u2013 M\u00e1gusok \u00e9s boszork\u00e1nyok Salzburgban<\/strong>\u201d c\u00edm\u0171 leny\u0171g\u00f6z\u0151 ki\u00e1ll\u00edt\u00e1s, amely gyorsan a l\u00e1togat\u00f3k kedvence lett. A t\u00f6rt\u00e9nelmi fegyvert\u00e1r n\u00e9gy emelet\u00e9n elmer\u00fclhet a m\u00e1gia, a legend\u00e1k \u00e9s a Salzburgot a m\u00faltban megr\u00e1z\u00f3 boszork\u00e1nyperek vil\u00e1g\u00e1ban. A ki\u00e1ll\u00edt\u00e1st a werfeni mesterember \u00e9s rabl\u00f3banda vezet\u0151nek, Jakob Tischlernek szentelt\u00e9k, akit <strong>Jackl, a m\u00e1gus<\/strong> n\u00e9ven ismertek. Felt\u00e1rja a h\u00edres \u00e9s s\u00f6t\u00e9t boszork\u00e1nyperekkel val\u00f3 \u00f6sszef\u00fcgg\u00e9seket. A ki\u00e1ll\u00edt\u00e1s t\u00f6rt\u00e9nelmi ki\u00e1ll\u00edt\u00e1si t\u00e1rgyakat, multim\u00e9di\u00e1s install\u00e1ci\u00f3kat \u00e9s mag\u00e1val ragad\u00f3 t\u00f6rt\u00e9neteket \u00f6tv\u00f6z, amelyek feln\u0151tteket \u00e9s gyerekeket egyar\u00e1nt lebilincselnek.<\/p>\n\n\t\t\t<div id=\"22998-1\" class=\"gallery gallery-22998 gallery-columns-3 gallery-size-1170_658\" itemscope itemtype=\"http:\/\/schema.org\/ImageGallery\">\n\t\t\t\t<ul class=\"gallery-row gallery-col-3 gallery-clear\">\n\t\t\t\t\t<li class=\"gallery-item col-3\" itemprop=\"associatedMedia\" itemscope itemtype=\"http:\/\/schema.org\/ImageObject\">\n\t\t\t\t\t\t<div class=\"gallery-icon landscape\"><a href=\"https:\/\/www.salzburgerland.com\/hu\/wp-content\/uploads\/2025\/03\/hexenausstelolung3-1600x1067-1.jpg\" title=\"Ki\u00e1ll\u00edt\u00e1s a hohenwerfeni boszork\u00e1nyperekr\u0151l\"><img decoding=\"async\" data-title=\"Ki\u00e1ll\u00edt\u00e1s a hohenwerfeni boszork\u00e1nyperekr\u0151l \u00a9 Salzburger Burgen &amp; Schl\u00f6sser\" title=\"Ki\u00e1ll\u00edt\u00e1s a hohenwerfeni boszork\u00e1nyperekr\u0151l \u00a9 Salzburger Burgen &amp; Schl\u00f6sser\" data-caption=\"Ki\u00e1ll\u00edt\u00e1s a hohenwerfeni boszork\u00e1nyperekr\u0151l \u00a9 Salzburger Burgen &amp; Schl\u00f6sser\" width=\"1170\" height=\"658\" src=\"https:\/\/www.salzburgerland.com\/hu\/wp-content\/uploads\/2025\/03\/hexenausstelolung3-1600x1067-1-1170x658.jpg\" class=\"attachment-1170_658 size-1170_658\" alt=\"Ki\u00e1ll\u00edt\u00e1s a hohenwerfeni boszork\u00e1nyperekr\u0151l (Nagy\u00edtott n\u00e9zet)\" srcset=\"https:\/\/www.salzburgerland.com\/hu\/wp-content\/uploads\/2025\/03\/hexenausstelolung3-1600x1067-1-1170x658.jpg 1170w, https:\/\/www.salzburgerland.com\/hu\/wp-content\/uploads\/2025\/03\/hexenausstelolung3-1600x1067-1-1200x675.jpg 1200w\" sizes=\"(max-width: 1170px) 100vw, 1170px\" aria-describedby=\"figcaption-22998-23005\" itemprop=\"thumbnail\"><\/a><\/div>\n\t\t\t\t\t\t<span id=\"figcaption-22998-23005\" class=\"gallery-caption\" itemprop=\"caption\"><span aria-hidden=\"true\">Ki\u00e1ll\u00edt\u00e1s a hohenwerfeni boszork\u00e1nyperekr\u0151l \u00a9 Salzburger Burgen &amp; Schl\u00f6sser<\/span><\/span>\n\t\t\t\t\t<\/li>\n\t\t\t\t\t<li class=\"gallery-item col-3\" itemprop=\"associatedMedia\" itemscope itemtype=\"http:\/\/schema.org\/ImageObject\">\n\t\t\t\t\t\t<div class=\"gallery-icon landscape\"><a href=\"https:\/\/www.salzburgerland.com\/hu\/wp-content\/uploads\/2025\/03\/kinderhohenwerfen-1600x1067-1.jpg\" title=\"Interakt\u00edv \u00e9lm\u00e9nyek Hohenwerfenben\"><img decoding=\"async\" data-title=\"Interakt\u00edv \u00e9lm\u00e9nyek Hohenwerfenben \u00a9 Salzburger Burgen &amp; Schl\u00f6sser\" title=\"Interakt\u00edv \u00e9lm\u00e9nyek Hohenwerfenben \u00a9 Salzburger Burgen &amp; Schl\u00f6sser\" data-caption=\"Interakt\u00edv \u00e9lm\u00e9nyek Hohenwerfenben \u00a9 Salzburger Burgen &amp; Schl\u00f6sser\" width=\"1170\" height=\"658\" src=\"https:\/\/www.salzburgerland.com\/hu\/wp-content\/uploads\/2025\/03\/kinderhohenwerfen-1600x1067-1-1170x658.jpg\" class=\"attachment-1170_658 size-1170_658\" alt=\"Interakt\u00edv \u00e9lm\u00e9nyek Hohenwerfenben (Nagy\u00edtott n\u00e9zet)\" srcset=\"https:\/\/www.salzburgerland.com\/hu\/wp-content\/uploads\/2025\/03\/kinderhohenwerfen-1600x1067-1-1170x658.jpg 1170w, https:\/\/www.salzburgerland.com\/hu\/wp-content\/uploads\/2025\/03\/kinderhohenwerfen-1600x1067-1-1200x675.jpg 1200w\" sizes=\"(max-width: 1170px) 100vw, 1170px\" aria-describedby=\"figcaption-22998-23004\" itemprop=\"thumbnail\"><\/a><\/div>\n\t\t\t\t\t\t<span id=\"figcaption-22998-23004\" class=\"gallery-caption\" itemprop=\"caption\"><span aria-hidden=\"true\">Interakt\u00edv \u00e9lm\u00e9nyek Hohenwerfenben \u00a9 Salzburger Burgen &amp; Schl\u00f6sser<\/span><\/span>\n\t\t\t\t\t<\/li>\n\t\t\t\t\t<li class=\"gallery-item col-3\" itemprop=\"associatedMedia\" itemscope itemtype=\"http:\/\/schema.org\/ImageObject\">\n\t\t\t\t\t\t<div class=\"gallery-icon landscape\"><a href=\"https:\/\/www.salzburgerland.com\/hu\/wp-content\/uploads\/2025\/03\/burghohenwerfen_mittelalterlichestreiben_1239-2-1600x1067-1.jpg\" title=\"P\u00e9ld\u00e1k k\u00f6z\u00e9pkori p\u00e1rbajokra Hohenwerfenben-2-1600x1067\"><img decoding=\"async\" data-title=\"P\u00e9ld\u00e1k k\u00f6z\u00e9pkori p\u00e1rbajokra Hohenwerfenben \u00a9 Salzburger Burgen &amp; Schl\u00f6sser\" title=\"P\u00e9ld\u00e1k k\u00f6z\u00e9pkori p\u00e1rbajokra Hohenwerfenben \u00a9 Salzburger Burgen &amp; Schl\u00f6sser\" data-caption=\"P\u00e9ld\u00e1k k\u00f6z\u00e9pkori p\u00e1rbajokra Hohenwerfenben \u00a9 Salzburger Burgen &amp; Schl\u00f6sser\" width=\"1170\" height=\"658\" src=\"https:\/\/www.salzburgerland.com\/hu\/wp-content\/uploads\/2025\/03\/burghohenwerfen_mittelalterlichestreiben_1239-2-1600x1067-1-1170x658.jpg\" class=\"attachment-1170_658 size-1170_658\" alt=\"P\u00e9ld\u00e1k k\u00f6z\u00e9pkori p\u00e1rbajokra Hohenwerfenben (Nagy\u00edtott n\u00e9zet)\" srcset=\"https:\/\/www.salzburgerland.com\/hu\/wp-content\/uploads\/2025\/03\/burghohenwerfen_mittelalterlichestreiben_1239-2-1600x1067-1-1170x658.jpg 1170w, https:\/\/www.salzburgerland.com\/hu\/wp-content\/uploads\/2025\/03\/burghohenwerfen_mittelalterlichestreiben_1239-2-1600x1067-1-1200x675.jpg 1200w\" sizes=\"(max-width: 1170px) 100vw, 1170px\" aria-describedby=\"figcaption-22998-23003\" itemprop=\"thumbnail\"><\/a><\/div>\n\t\t\t\t\t\t<span id=\"figcaption-22998-23003\" class=\"gallery-caption\" itemprop=\"caption\"><span aria-hidden=\"true\">P\u00e9ld\u00e1k k\u00f6z\u00e9pkori p\u00e1rbajokra Hohenwerfenben \u00a9 Salzburger Burgen &amp; Schl\u00f6sser<\/span><\/span>\n\t\t\t\t\t<\/li>\n\t\t\t\t<\/ul>\n\t\t\t<\/div><!-- .gallery -->\n\n<h4>K\u00f6z\u00e9pkori hangulat minden sarkon<\/h4>\n<p>Hohenwerfen azonban nem csak a var\u00e1zsl\u00f3kr\u00f3l \u00e9s boszork\u00e1nyokr\u00f3l sz\u00f3l\u00f3 legend\u00e1kr\u00f3l sz\u00f3l. A v\u00e1r <strong>vezetett t\u00far\u00e1kra<\/strong> invit\u00e1lja a l\u00e1togat\u00f3kat, hogy megismerj\u00e9k az er\u0151d dr\u00e1mai t\u00f6rt\u00e9net\u00e9t, bepillantsanak a s\u00f6t\u00e9t k\u00ednz\u00f3kamr\u00e1ba, \u00e9s felm\u00e1sszanak a harangtoronyba, ahonnan <strong>egyed\u00fcl\u00e1ll\u00f3 panor\u00e1ma<\/strong> ny\u00edlik a k\u00f6rnyez\u0151 hegycs\u00facsokra. A k\u00fclf\u00f6ldi vend\u00e9gek sz\u00e1m\u00e1ra 13 nyelven el\u00e9rhet\u0151ek az <strong>audi\u00f3 idegenvezet\u0151k<\/strong>.<\/p>\n<p>A gyermekes csal\u00e1dok \u00e9rt\u00e9kelni fogj\u00e1k a kalandverseny form\u00e1j\u00e1ban megrendezett interakt\u00edv elemet, ahol a fiatal l\u00e1togat\u00f3k egy feladatlap seg\u00edts\u00e9g\u00e9vel <strong>k\u00f6z\u00e9pkori kincsvad\u00e1szatra<\/strong> indulnak. Az \u00f6sszes feladat teljes\u00edt\u00e9s\u00e9\u00e9rt apr\u00f3 <strong>jutalom<\/strong> v\u00e1rja \u0151ket.<\/p>\n<div id=\"attachment_23006\" style=\"width: 1034px\" class=\"wp-caption alignnone\"><img decoding=\"async\" aria-describedby=\"caption-attachment-23006\" class=\"size-medium wp-image-23006\" src=\"https:\/\/www.salzburgerland.com\/hu\/wp-content\/uploads\/2025\/03\/burghohenwerfen_mittelalterlichestreiben_508-1170x658-1-1024x569.jpg\" alt=\"K\u00f6z\u00e9pkori mesters\u00e9gek a Hohenwerfeni udvarban \" width=\"1024\" height=\"569\" srcset=\"https:\/\/www.salzburgerland.com\/hu\/wp-content\/uploads\/2025\/03\/burghohenwerfen_mittelalterlichestreiben_508-1170x658-1-1024x569.jpg 1024w, https:\/\/www.salzburgerland.com\/hu\/wp-content\/uploads\/2025\/03\/burghohenwerfen_mittelalterlichestreiben_508-1170x658-1-370x206.jpg 370w, https:\/\/www.salzburgerland.com\/hu\/wp-content\/uploads\/2025\/03\/burghohenwerfen_mittelalterlichestreiben_508-1170x658-1-270x150.jpg 270w, https:\/\/www.salzburgerland.com\/hu\/wp-content\/uploads\/2025\/03\/burghohenwerfen_mittelalterlichestreiben_508-1170x658-1-540x300.jpg 540w\" sizes=\"(max-width: 1024px) 100vw, 1024px\"><p id=\"caption-attachment-23006\" class=\"wp-caption-text\">K\u00f6z\u00e9pkori mesters\u00e9gek a Hohenwerfeni udvarban \u00a9 Salzburger Burgen &amp; Schl\u00f6sser; Wolfgang Lienbacher<\/p><\/div>\n<p>Az er\u0151dben tartott idegenvezet\u00e9s minden l\u00e1togat\u00e1s elengedhetetlen r\u00e9sze. A t\u00fara sor\u00e1n a vend\u00e9gek megismerhetik az \u00e9p\u00fclet t\u00f6rt\u00e9net\u00e9t \u00e9s n\u00e9h\u00e1ny r\u00e9miszt\u0151 r\u00e9szletet a r\u00e9gi id\u0151kb\u0151l, p\u00e9ld\u00e1ul a v\u00e1rb\u00f6rt\u00f6nt, ahol egykor egy n\u00e9ma foglyot tartottak fogva. Magasan a harangtoronyban a l\u00e1togat\u00f3knak leny\u0171g\u00f6z\u0151 kil\u00e1t\u00e1s ny\u00edlik Salzburg t\u00e1jaira. Ide\u00e1lis hely a fot\u00f3z\u00e1sra \u00e9s a k\u00f6rnyez\u0151 alpesi t\u00e1j megcsod\u00e1l\u00e1s\u00e1ra.<\/p>\n<p>A Hohenwerfeni v\u00e1r \u00f3don kocsm\u00e1j\u00e1ban, a <strong>Burgschenke<\/strong>-ben a l\u00e1togat\u00f3k j\u00f3 id\u0151 eset\u00e9n az idilli kast\u00e9lyudvarban lakom\u00e1zhatnak. Rossz id\u0151 eset\u00e9n a lovagterem t\u00f6k\u00e9letes helysz\u00ednt k\u00edn\u00e1l a k\u00f6z\u00e9pkori friss\u00edt\u0151k elfogyaszt\u00e1s\u00e1hoz.<\/p>\n<div id=\"attachment_23007\" style=\"width: 1034px\" class=\"wp-caption alignnone\"><img decoding=\"async\" aria-describedby=\"caption-attachment-23007\" class=\"size-medium wp-image-23007\" src=\"https:\/\/www.salzburgerland.com\/hu\/wp-content\/uploads\/2025\/03\/burghohenwerfen_mittelalterlichestreiben_430-1170x658-1-1024x569.jpg\" alt=\"A gyerekeket \u00e9rdekes programokkal v\u00e1rj\u00e1k Hohenwerfenben\" width=\"1024\" height=\"569\" srcset=\"https:\/\/www.salzburgerland.com\/hu\/wp-content\/uploads\/2025\/03\/burghohenwerfen_mittelalterlichestreiben_430-1170x658-1-1024x569.jpg 1024w, https:\/\/www.salzburgerland.com\/hu\/wp-content\/uploads\/2025\/03\/burghohenwerfen_mittelalterlichestreiben_430-1170x658-1-370x206.jpg 370w, https:\/\/www.salzburgerland.com\/hu\/wp-content\/uploads\/2025\/03\/burghohenwerfen_mittelalterlichestreiben_430-1170x658-1-270x150.jpg 270w, https:\/\/www.salzburgerland.com\/hu\/wp-content\/uploads\/2025\/03\/burghohenwerfen_mittelalterlichestreiben_430-1170x658-1-540x300.jpg 540w\" sizes=\"(max-width: 1024px) 100vw, 1024px\"><p id=\"caption-attachment-23007\" class=\"wp-caption-text\">A gyerekeket \u00e9rdekes programokkal v\u00e1rj\u00e1k Hohenwerfenben \u00a9 Salzburger Burgen &amp; Schl\u00f6sser; Wolfgang Lienbacher<\/p><\/div>\n<h4>S\u00f3lyom\u00e1szat a kast\u00e9lyban \u2013 nemes ragadoz\u00f3 madarak akci\u00f3ban<\/h4>\n<p>A Hohenwerfenben tett l\u00e1togat\u00e1s egyik cs\u00facspontja a h\u00edres <strong>s\u00f3lyombemutat\u00f3<\/strong>. A csod\u00e1latos ragadoz\u00f3 madarakat, s\u00f3lymokat, sasokat \u00e9s \u00f6lyveket a sz\u00f3 szoros \u00e9rtelm\u00e9ben akci\u00f3ban l\u00e1thatjuk. A bemutat\u00f3kat naponta k\u00e9tszer, j\u00faliusban \u00e9s augusztusban pedig h\u00e1romszor is megtartj\u00e1k. Az itteni v\u00e1rbeli s\u00f3lym\u00e1szok egy olyan <strong>hagyom\u00e1nyos m\u0171v\u00e9szetet<\/strong> \u0171znek, amelynek m\u00e9ly t\u00f6rt\u00e9nelmi gy\u00f6kerei vannak Ausztri\u00e1ban, de ilyen <strong>autentikus<\/strong> m\u00f3don csak kev\u00e9s helyen l\u00e1that\u00f3.<\/p>\n<p><strong>A ragadoz\u00f3 madarak rep\u00fcl\u00e9si bemutat\u00f3inak id\u0151pontjai:<\/strong><\/p>\n<ul>\n<li>\u00e1prilis 1. \u2013 november 2.: naponta 11:15-kor \u00e9s 15:15-kor<\/li>\n<li>j\u00falius 14. \u2013 augusztus 15.: naponta 11:15-kor, 14:15-kor \u00e9s 16:30-kor<\/li>\n<li>okt\u00f3ber 10-12.: nincs rep\u00fcl\u00e9si bemutat\u00f3<\/li>\n<\/ul>\n<p>A vad\u00e1szs\u00f3lyom bemutat\u00f3kon k\u00edv\u00fcl a kast\u00e9ly eg\u00e9sz \u00e9vben v\u00e1ltozatos programokat k\u00edn\u00e1l minden koroszt\u00e1ly sz\u00e1m\u00e1ra. A ny\u00e1ri h\u00f3napokban a k\u00f6z\u00e9pkor hangulat\u00e1t eleven\u00edtik meg a <strong>t\u00f6rt\u00e9nelmi fesztiv\u00e1lok<\/strong>, amelyeken <strong>lovagi torn\u00e1k<\/strong>, <strong>hagyom\u00e1nyos mesters\u00e9gek<\/strong> bemutat\u00f3i \u00e9s <strong>zsongl\u0151rbemutat\u00f3k<\/strong> v\u00e1rj\u00e1k a l\u00e1togat\u00f3kat. Az \u0151sz a gyermekes csal\u00e1dok sz\u00e1m\u00e1ra k\u00fcl\u00f6nleges rendezv\u00e9nyeket k\u00edn\u00e1l, a t\u00e9li szezonban pedig a hagyom\u00e1nyos <strong>adventi v\u00e1s\u00e1r<\/strong> var\u00e1zslatos hangulat\u00e1val \u00e9s t\u00f6rt\u00e9nelmi programjaival v\u00e1rja a l\u00e1togat\u00f3kat. Az aktu\u00e1lis esem\u00e9nyekr\u0151l \u00e9s a k\u00fcl\u00f6nleges rendezv\u00e9nyekr\u0151l r\u00e9szletes inform\u00e1ci\u00f3k a v\u00e1r hivatalos honlapj\u00e1n tal\u00e1lhat\u00f3k.<\/p>\n<div id=\"attachment_16285\" style=\"width: 1180px\" class=\"wp-caption alignnone\"><img decoding=\"async\" aria-describedby=\"caption-attachment-16285\" class=\"size-1170_658 wp-image-16285\" src=\"https:\/\/www.salzburgerland.com\/hu\/wp-content\/uploads\/2022\/08\/burg-hohenwerfen-falknerei-501--salzburg-burgen-schlosser-wolfgang-lienbacher-1170x658.jpg\" alt=\"A solym\u00e1sz a karj\u00e1n tartja madar\u00e1t\" width=\"1170\" height=\"658\" srcset=\"https:\/\/www.salzburgerland.com\/hu\/wp-content\/uploads\/2022\/08\/burg-hohenwerfen-falknerei-501--salzburg-burgen-schlosser-wolfgang-lienbacher-1170x658.jpg 1170w, https:\/\/www.salzburgerland.com\/hu\/wp-content\/uploads\/2022\/08\/burg-hohenwerfen-falknerei-501--salzburg-burgen-schlosser-wolfgang-lienbacher-1200x675.jpg 1200w\" sizes=\"(max-width: 1170px) 100vw, 1170px\"><p id=\"caption-attachment-16285\" class=\"wp-caption-text\">Solym\u00e1szat Hohenwerfen v\u00e1r\u00e1ban \u00a9 Salzburg Burgen &amp; Schl\u00f6sser, Wolfgang Lienbacher<\/p><\/div>\n<h4>Fedezze fel a kast\u00e9ly titkos zugait exkluz\u00edv t\u00far\u00e1kon<\/h4>\n<p>Az egyedi \u00e9lm\u00e9nyt keres\u0151k sz\u00e1m\u00e1ra a Hohenwerfen <strong>exkluz\u00edv priv\u00e1t t\u00far\u00e1kat<\/strong> k\u00edn\u00e1l kis csoportok (4-8 f\u0151) sz\u00e1m\u00e1ra. A t\u00far\u00e1k egy s\u00f3lyombemutat\u00f3 megtekint\u00e9s\u00e9vel kezd\u0151dnek, majd titkos folyos\u00f3kon kereszt\u00fcl a v\u00e1r belsej\u00e9be vezetnek, ahol egy idegenvezet\u0151 olyan ter\u00fcletekre is elviszi \u00d6n\u00f6ket, amelyek egy\u00e9bk\u00e9nt a nagyk\u00f6z\u00f6ns\u00e9g sz\u00e1m\u00e1ra nem hozz\u00e1f\u00e9rhet\u0151ek. A v\u00e9g\u00e9n a vend\u00e9gek t\u00f6rt\u00e9nelmi k\u00f6rnyezetben k\u00f3stolhatj\u00e1k meg a region\u00e1lis specialit\u00e1sokat.<\/p>\n<p>A Hohenwerfeni v\u00e1r ide\u00e1lis \u00fati c\u00e9l <strong>gyermekes csal\u00e1dok<\/strong> sz\u00e1m\u00e1ra. Sz\u00f3rakoztat\u00f3 \u00e9s mag\u00e1val ragad\u00f3 m\u00f3don vezeti be \u0151ket a k\u00f6z\u00e9pkor vil\u00e1g\u00e1ba. A kast\u00e9lyban hat nyelven hangos <strong>gyermekkalauz<\/strong> is rendelkez\u00e9sre \u00e1ll. A gyerekek kincset is kereshetnek a v\u00e1rban, \u00e9s a <strong>j\u00e1t\u00e9kterv<\/strong> seg\u00edts\u00e9g\u00e9vel feladatokat teljes\u00edthetnek. A v\u00e9g\u00e9n jutalom v\u00e1rja \u0151ket, amelyet a jegyp\u00e9nzt\u00e1rban vagy a lovagi aj\u00e1nd\u00e9kboltban vehetnek \u00e1t.<\/p>\n<div id=\"attachment_23011\" style=\"width: 1034px\" class=\"wp-caption alignnone\"><img decoding=\"async\" aria-describedby=\"caption-attachment-23011\" class=\"size-medium wp-image-23011\" src=\"https:\/\/www.salzburgerland.com\/hu\/wp-content\/uploads\/2025\/03\/mittelalterlichestreiben_hohenwerfen1-1170x658-1-1024x569.jpg\" alt=\"Nem csoda, hogy Hohenwerfen a t\u00f6rt\u00e9nelmi filmek kedvelt helysz\u00edne \" width=\"1024\" height=\"569\" srcset=\"https:\/\/www.salzburgerland.com\/hu\/wp-content\/uploads\/2025\/03\/mittelalterlichestreiben_hohenwerfen1-1170x658-1-1024x569.jpg 1024w, https:\/\/www.salzburgerland.com\/hu\/wp-content\/uploads\/2025\/03\/mittelalterlichestreiben_hohenwerfen1-1170x658-1-370x206.jpg 370w, https:\/\/www.salzburgerland.com\/hu\/wp-content\/uploads\/2025\/03\/mittelalterlichestreiben_hohenwerfen1-1170x658-1-270x150.jpg 270w, https:\/\/www.salzburgerland.com\/hu\/wp-content\/uploads\/2025\/03\/mittelalterlichestreiben_hohenwerfen1-1170x658-1-540x300.jpg 540w\" sizes=\"(max-width: 1024px) 100vw, 1024px\"><p id=\"caption-attachment-23011\" class=\"wp-caption-text\">Nem csoda, hogy Hohenwerfen a t\u00f6rt\u00e9nelmi filmek kedvelt helysz\u00edne \u00a9 Salzburger Burgen &amp; Schl\u00f6sser<\/p><\/div>\n<h4>Hogyan juthat el Hohenwerfenbe k\u00f6z\u00e9pkori udvar\u00e1ba?<\/h4>\n<p>Hohenwerfen mind\u00f6ssze <strong>30 perces aut\u00f3\u00fatra fekszik Salzburgt\u00f3l<\/strong>, \u00e9s aut\u00f3val \u00e9s vonattal is k\u00f6nnyen megk\u00f6zel\u00edthet\u0151. A leggyorsabb megold\u00e1s az <strong>S-Bahn<\/strong> vagy region\u00e1lis vonat, amely 30 percenk\u00e9nt k\u00f6zlekedik Salzburg \u00e9s Werfen k\u00f6z\u00f6tt (az \u00fat k\u00f6r\u00fclbel\u00fcl 45 percig tart). A Werfen \u00e1llom\u00e1sr\u00f3l a v\u00e1r gyalogosan 30 perc alatt el\u00e9rhet\u0151, vagy buszj\u00e1ratot foglalva. Parkol\u00e1si lehet\u0151s\u00e9g a v\u00e1r alatt, ahonnan lifttel vagy gyalogos \u00faton lehet feljutni (a feljut\u00e1s kb. 30 percet vesz ig\u00e9nybe).<\/p>\n<p>A v\u00e1r a <a href=\"https:\/\/www.salzburgerland.com\/hu\/salzburgerland-card\/\" target=\"_blank\" rel=\"noopener\"><strong>Salzburg tartom\u00e1ny k\u00e1rtya<\/strong><\/a> program r\u00e9sze, \u00edgy a k\u00e1rtyatulajdonosok sz\u00e1m\u00e1ra a v\u00e1rl\u00e1togat\u00e1s ingyenes. A jegyeket online is megv\u00e1s\u00e1rolhatjuk, \u00e9s a telefonon is k\u00e9szenl\u00e9tben tarthatjuk, \u00edgy id\u0151t sp\u00f3rolhatunk a sorban \u00e1ll\u00e1ssal.<\/p>\n<p>Nyitva tart\u00e1s:<\/p>\n<ul>\n<li>\u00c1prilis, okt\u00f3ber, november: kedd-vas\u00e1rnap, 9:30-16:00<\/li>\n<li>M\u00e1jus \u2013 szeptember: naponta, 9:00-17:00<\/li>\n<li>J\u00falius 14. \u2013 augusztus 15.: naponta 9:00-18:00 \u00f3r\u00e1ig.<\/li>\n<\/ul>\n<p>Miel\u0151tt elindulna, virtu\u00e1lisan bej\u00e1rhatja a kast\u00e9lyt. A <strong>360\u00b0-os t\u00far\u00e1nak<\/strong> k\u00f6sz\u00f6nhet\u0151en lehet\u0151s\u00e9ged ny\u00edlik v\u00e9gigs\u00e9t\u00e1lni a v\u00e1r bels\u0151 tereiben, megn\u00e9zni a t\u00f6rt\u00e9nelmi fegyvert\u00e1r k\u00fcl\u00f6nleges ki\u00e1ll\u00edt\u00e1s\u00e1t, \u00e9s olyan \u00e9rdekes r\u00e9szleteket fedezhetsz fel, amelyekr\u0151l egy \u00e1tlagos l\u00e1togat\u00e1s sor\u00e1n esetleg lemaradt\u00e1l volna. A virtu\u00e1lis t\u00far\u00e1t szak\u00e9rt\u0151i komment\u00e1r \u00e9s \u00e9rdekes t\u00f6rt\u00e9nelmi \u00f6sszef\u00fcgg\u00e9sek eg\u00e9sz\u00edtik ki. A teljes t\u00fara megtekinthet\u0151 a hivatalos <a href=\"https:\/\/www.burg-hohenwerfen.at\/de\/\" target=\"_blank\" rel=\"noopener\"><strong>weboldalon<\/strong><\/a>.<\/p>\n<h4>Egy kaland, amelyet nem szabad kihagyni<\/h4>\n<p>A Hohenwerfeni v\u00e1r hiteles betekint\u00e9st ny\u00fajt a <strong>k\u00f6z\u00e9pkori \u00e9letbe<\/strong>, amelyet minden \u00e9rz\u00e9kszerv\u00e9vel \u00e9lvezhet. A vezetett t\u00far\u00e1k, az interakt\u00edv ki\u00e1ll\u00edt\u00e1sok, a titokzatos t\u00f6rt\u00e9netek, a ragadoz\u00f3 rep\u00fcl\u00e9si bemutat\u00f3k \u00e9s a leny\u0171g\u00f6z\u0151 \u00e9p\u00edt\u00e9szet minden l\u00e1togat\u00f3 sz\u00e1m\u00e1ra felejthetetlenn\u00e9 teszik ezt az er\u0151d\u00edtm\u00e9nyt. Ak\u00e1r a t\u00f6rt\u00e9nelemre v\u00e1gyik, ak\u00e1r kalandot szeretne \u00e1t\u00e9lni, vagy egyszer\u0171en csak \u00e9lvezni az Alpok sz\u00e9ps\u00e9g\u00e9t, Hohenwerfen egy olyan hely, amelyet \u00e9rdemes felfedezni.<\/p>\n<div id=\"attachment_16283\" style=\"width: 1180px\" class=\"wp-caption alignnone\"><img decoding=\"async\" aria-describedby=\"caption-attachment-16283\" class=\"size-1170_658 wp-image-16283\" src=\"https:\/\/www.salzburgerland.com\/hu\/wp-content\/uploads\/2022\/08\/burg-hohenwerfen-falknerei-1396--salzburg-burgen-schlosser-wolfgang-lienbacher-1170x658.jpg\" alt=\"Solym\u00e1szok csoportja madaraikkal karjukon.\" width=\"1170\" height=\"658\" srcset=\"https:\/\/www.salzburgerland.com\/hu\/wp-content\/uploads\/2022\/08\/burg-hohenwerfen-falknerei-1396--salzburg-burgen-schlosser-wolfgang-lienbacher-1170x658.jpg 1170w, https:\/\/www.salzburgerland.com\/hu\/wp-content\/uploads\/2022\/08\/burg-hohenwerfen-falknerei-1396--salzburg-burgen-schlosser-wolfgang-lienbacher-1200x675.jpg 1200w\" sizes=\"(max-width: 1170px) 100vw, 1170px\"><p id=\"caption-attachment-16283\" class=\"wp-caption-text\">Solym\u00e1szat Hohenwerfen v\u00e1r\u00e1ban \u00a9 Salzburg Burgen &amp; Schl\u00f6sser, Wolfgang Lienbacher<\/p><\/div>\n","protected":false},"excerpt":{"rendered":"<p>Hohenwerfen v\u00e1r\u00e1t a Hohensalzburg v\u00e1r\u00e1val egy id\u0151ben, 1077-ben \u00e9p\u00edtett\u00e9k, hogy megv\u00e9dj\u00e9k Salzburgot az ellens\u00e9ges t\u00e1mad\u00e1sokt\u00f3l. Massz\u00edv falai \u00e9s strat\u00e9giai elhelyezked\u00e9se a Salzach foly\u00f3 f\u00f6l\u00f6tt egy sziklacs\u00facson bevehetetlenn\u00e9 tett\u00e9k. \u00c9vsz\u00e1zadokon \u00e1t katonai t\u00e1maszpontk\u00e9nt, b\u00f6rt\u00f6nk\u00e9nt \u00e9s nemesi rezidenciak\u00e9nt szolg\u00e1lt. Ma, 30 \u00e9vvel azut\u00e1n, hogy megnyitott\u00e1k a nagyk\u00f6z\u00f6ns\u00e9g el\u0151tt, nemcsak t\u00f6rt\u00e9nelmi filmek kedvelt helysz\u00edne, hanem olyan turisztikai l\u00e1tv\u00e1nyoss\u00e1g [&hellip;]<\/p>\n","protected":false},"author":21,"featured_media":22999,"comment_status":"closed","ping_status":"closed","sticky":false,"template":"","format":"standard","meta":{"_acf_changed":false,"wl_entities_gutenberg":"","_relevanssi_hide_post":"","_relevanssi_hide_content":"","_relevanssi_pin_for_all":"","_relevanssi_pin_keywords":"","_relevanssi_unpin_keywords":"","_relevanssi_related_keywords":"","_relevanssi_related_include_ids":"","_relevanssi_related_exclude_ids":"","_relevanssi_related_no_append":"","_relevanssi_related_not_related":"","_relevanssi_related_posts":"","_relevanssi_noindex_reason":"","footnotes":""},"categories":[1],"tags":[562],"wl_entity_type":[27],"class_list":["post-22998","post","type-post","status-publish","format-standard","has-post-thumbnail","hentry","category-uncategorized","tag-hohenwerfen","wl_entity_type-article"],"acf":[],"yoast_head":"<!-- This site is optimized with the Yoast SEO Premium plugin v27.4 (Yoast SEO v27.4) - https:\/\/yoast.com\/product\/yoast-seo-premium-wordpress\/ -->\n<title>Hohenwerfeni \u00e9lm\u00e9nyv\u00e1r \u00bb SalzburgerLand.com<\/title>\n<meta name=\"description\" content=\"A Salzach v\u00f6lgye f\u00f6l\u00f6tt, egy sziklafal tetej\u00e9n magasodik Hohenwerfen v\u00e1ra, amely k\u00f6zel ezer \u00e9ve \u0151rzi a k\u00f6rnyez\u0151 vid\u00e9ket.\" \/>\n<meta name=\"robots\" content=\"index, follow, max-snippet:-1, max-image-preview:large, max-video-preview:-1\" \/>\n<link rel=\"canonical\" href=\"https:\/\/www.salzburgerland.com\/hu\/hohenwerfeni-elmenyvar\/\" \/>\n<meta property=\"og:locale\" content=\"hu_HU\" \/>\n<meta property=\"og:type\" content=\"article\" \/>\n<meta property=\"og:title\" content=\"Hohenwerfeni \u00e9lm\u00e9nyv\u00e1r\" \/>\n<meta property=\"og:description\" content=\"Hohenwerfen v\u00e1r\u00e1t a Hohensalzburg v\u00e1r\u00e1val egy id\u0151ben, 1077-ben \u00e9p\u00edtett\u00e9k, hogy megv\u00e9dj\u00e9k Salzburgot az ellens\u00e9ges t\u00e1mad\u00e1sokt\u00f3l. Massz\u00edv falai \u00e9s\" \/>\n<meta property=\"og:url\" content=\"https:\/\/www.salzburgerland.com\/hu\/hohenwerfeni-elmenyvar\/\" \/>\n<meta property=\"og:site_name\" content=\"SalzburgerLand.com\" \/>\n<meta property=\"article:publisher\" content=\"https:\/\/www.facebook.com\/visitsalzburgerland\/\" \/>\n<meta property=\"article:published_time\" content=\"2025-03-30T19:15:49+00:00\" \/>\n<meta property=\"article:modified_time\" content=\"2025-06-20T15:24:09+00:00\" \/>\n<meta property=\"og:image\" content=\"https:\/\/www.salzburgerland.com\/hu\/wp-content\/uploads\/2025\/03\/burghohenwerfen-768x512-1.jpg\" \/>\n\t<meta property=\"og:image:width\" content=\"768\" \/>\n\t<meta property=\"og:image:height\" content=\"512\" \/>\n\t<meta property=\"og:image:type\" content=\"image\/jpeg\" \/>\n<meta name=\"author\" content=\"Hajnalka K\u00e1di\" \/>\n<meta name=\"twitter:card\" content=\"summary_large_image\" \/>\n<meta name=\"twitter:creator\" content=\"@salzburgerland\" \/>\n<meta name=\"twitter:site\" content=\"@salzburgerland\" \/>\n<meta name=\"twitter:label1\" content=\"Szerz\u0151:\" \/>\n\t<meta name=\"twitter:data1\" content=\"Hajnalka K\u00e1di\" \/>\n\t<meta name=\"twitter:label2\" content=\"Becs\u00fclt olvas\u00e1si id\u0151\" \/>\n\t<meta name=\"twitter:data2\" content=\"8 perc\" \/>\n<script type=\"application\/ld+json\" class=\"yoast-schema-graph\">{\"@context\":\"https:\\\/\\\/schema.org\",\"@graph\":[{\"@type\":\"Article\",\"@id\":\"https:\\\/\\\/www.salzburgerland.com\\\/hu\\\/hohenwerfeni-elmenyvar\\\/#article\",\"isPartOf\":{\"@id\":\"https:\\\/\\\/www.salzburgerland.com\\\/hu\\\/hohenwerfeni-elmenyvar\\\/\"},\"author\":{\"name\":\"Hajnalka K\u00e1di\",\"@id\":\"https:\\\/\\\/www.salzburgerland.com\\\/hu\\\/#\\\/schema\\\/person\\\/e4905df070d9b3c52e1e4c730b26aa5a\"},\"headline\":\"Hohenwerfeni \u00e9lm\u00e9nyv\u00e1r\",\"datePublished\":\"2025-03-30T19:15:49+00:00\",\"dateModified\":\"2025-06-20T15:24:09+00:00\",\"mainEntityOfPage\":{\"@id\":\"https:\\\/\\\/www.salzburgerland.com\\\/hu\\\/hohenwerfeni-elmenyvar\\\/\"},\"wordCount\":1541,\"image\":{\"@id\":\"https:\\\/\\\/www.salzburgerland.com\\\/hu\\\/hohenwerfeni-elmenyvar\\\/#primaryimage\"},\"thumbnailUrl\":\"https:\\\/\\\/www.salzburgerland.com\\\/hu\\\/wp-content\\\/uploads\\\/2025\\\/03\\\/burghohenwerfen-768x512-1.jpg\",\"keywords\":[\"Hohenwerfen\"],\"articleSection\":[\"Uncategorized\"],\"inLanguage\":\"hu\"},{\"@type\":\"WebPage\",\"@id\":\"https:\\\/\\\/www.salzburgerland.com\\\/hu\\\/hohenwerfeni-elmenyvar\\\/\",\"url\":\"https:\\\/\\\/www.salzburgerland.com\\\/hu\\\/hohenwerfeni-elmenyvar\\\/\",\"name\":\"Hohenwerfeni \u00e9lm\u00e9nyv\u00e1r \u00bb SalzburgerLand.com\",\"isPartOf\":{\"@id\":\"https:\\\/\\\/www.salzburgerland.com\\\/hu\\\/#website\"},\"primaryImageOfPage\":{\"@id\":\"https:\\\/\\\/www.salzburgerland.com\\\/hu\\\/hohenwerfeni-elmenyvar\\\/#primaryimage\"},\"image\":{\"@id\":\"https:\\\/\\\/www.salzburgerland.com\\\/hu\\\/hohenwerfeni-elmenyvar\\\/#primaryimage\"},\"thumbnailUrl\":\"https:\\\/\\\/www.salzburgerland.com\\\/hu\\\/wp-content\\\/uploads\\\/2025\\\/03\\\/burghohenwerfen-768x512-1.jpg\",\"datePublished\":\"2025-03-30T19:15:49+00:00\",\"dateModified\":\"2025-06-20T15:24:09+00:00\",\"author\":{\"@id\":\"https:\\\/\\\/www.salzburgerland.com\\\/hu\\\/#\\\/schema\\\/person\\\/e4905df070d9b3c52e1e4c730b26aa5a\"},\"description\":\"A Salzach v\u00f6lgye f\u00f6l\u00f6tt, egy sziklafal tetej\u00e9n magasodik Hohenwerfen v\u00e1ra, amely k\u00f6zel ezer \u00e9ve \u0151rzi a k\u00f6rnyez\u0151 vid\u00e9ket.\",\"breadcrumb\":{\"@id\":\"https:\\\/\\\/www.salzburgerland.com\\\/hu\\\/hohenwerfeni-elmenyvar\\\/#breadcrumb\"},\"inLanguage\":\"hu\",\"potentialAction\":[{\"@type\":\"ReadAction\",\"target\":[\"https:\\\/\\\/www.salzburgerland.com\\\/hu\\\/hohenwerfeni-elmenyvar\\\/\"]}]},{\"@type\":\"ImageObject\",\"inLanguage\":\"hu\",\"@id\":\"https:\\\/\\\/www.salzburgerland.com\\\/hu\\\/hohenwerfeni-elmenyvar\\\/#primaryimage\",\"url\":\"https:\\\/\\\/www.salzburgerland.com\\\/hu\\\/wp-content\\\/uploads\\\/2025\\\/03\\\/burghohenwerfen-768x512-1.jpg\",\"contentUrl\":\"https:\\\/\\\/www.salzburgerland.com\\\/hu\\\/wp-content\\\/uploads\\\/2025\\\/03\\\/burghohenwerfen-768x512-1.jpg\",\"width\":768,\"height\":512,\"caption\":\"Hohenwerfen v\u00e1ra az alpesi t\u00e1jban \u00a9 Salzburger Burgen & Schl\u00f6sser\"},{\"@type\":\"BreadcrumbList\",\"@id\":\"https:\\\/\\\/www.salzburgerland.com\\\/hu\\\/hohenwerfeni-elmenyvar\\\/#breadcrumb\",\"itemListElement\":[{\"@type\":\"ListItem\",\"position\":1,\"name\":\"V\u00e1rak \u00e9s kast\u00e9lyok Salzburg tartom\u00e1nyban\",\"item\":\"https:\\\/\\\/www.salzburgerland.com\\\/hu\\\/salzburg-tartomany-varak-es-kastelyok\\\/\"},{\"@type\":\"ListItem\",\"position\":2,\"name\":\"Hohenwerfeni \u00e9lm\u00e9nyv\u00e1r\"}]},{\"@type\":\"WebSite\",\"@id\":\"https:\\\/\\\/www.salzburgerland.com\\\/hu\\\/#website\",\"url\":\"https:\\\/\\\/www.salzburgerland.com\\\/hu\\\/\",\"name\":\"SalzburgerLand.com\",\"description\":\"\u00dcd\u00fcl\u00e9s Ausztri\u00e1ban, Salzburg tartom\u00e1nyban\",\"potentialAction\":[{\"@type\":\"SearchAction\",\"target\":{\"@type\":\"EntryPoint\",\"urlTemplate\":\"https:\\\/\\\/www.salzburgerland.com\\\/hu\\\/?s={search_term_string}\"},\"query-input\":{\"@type\":\"PropertyValueSpecification\",\"valueRequired\":true,\"valueName\":\"search_term_string\"}}],\"inLanguage\":\"hu\"},{\"@type\":\"Person\",\"@id\":\"https:\\\/\\\/www.salzburgerland.com\\\/hu\\\/#\\\/schema\\\/person\\\/e4905df070d9b3c52e1e4c730b26aa5a\",\"name\":\"Hajnalka K\u00e1di\",\"image\":{\"@type\":\"ImageObject\",\"inLanguage\":\"hu\",\"@id\":\"https:\\\/\\\/secure.gravatar.com\\\/avatar\\\/e8c1eecf3b2c49d295cebc6aba0de06d13ec77aa0cf9ccec32725949011b69d2?s=96&d=mm&r=g\",\"url\":\"https:\\\/\\\/secure.gravatar.com\\\/avatar\\\/e8c1eecf3b2c49d295cebc6aba0de06d13ec77aa0cf9ccec32725949011b69d2?s=96&d=mm&r=g\",\"contentUrl\":\"https:\\\/\\\/secure.gravatar.com\\\/avatar\\\/e8c1eecf3b2c49d295cebc6aba0de06d13ec77aa0cf9ccec32725949011b69d2?s=96&d=mm&r=g\",\"caption\":\"Hajnalka K\u00e1di\"}}]}<\/script>\n<meta property=\"og:video\" content=\"https:\/\/www.youtube.com\/embed\/nQ4_KccOTUs\" \/>\n<meta property=\"og:video:type\" content=\"text\/html\" \/>\n<meta property=\"og:video:duration\" content=\"57\" \/>\n<meta property=\"og:video:width\" content=\"480\" \/>\n<meta property=\"og:video:height\" content=\"270\" \/>\n<meta property=\"ya:ovs:adult\" content=\"false\" \/>\n<meta property=\"ya:ovs:upload_date\" content=\"2025-03-30T19:15:49+00:00\" \/>\n<meta property=\"ya:ovs:allow_embed\" content=\"true\" \/>\n<!-- \/ Yoast SEO Premium plugin. -->","yoast_head_json":{"title":"Hohenwerfeni \u00e9lm\u00e9nyv\u00e1r \u00bb SalzburgerLand.com","description":"A Salzach v\u00f6lgye f\u00f6l\u00f6tt, egy sziklafal tetej\u00e9n magasodik Hohenwerfen v\u00e1ra, amely k\u00f6zel ezer \u00e9ve \u0151rzi a k\u00f6rnyez\u0151 vid\u00e9ket.","robots":{"index":"index","follow":"follow","max-snippet":"max-snippet:-1","max-image-preview":"max-image-preview:large","max-video-preview":"max-video-preview:-1"},"canonical":"https:\/\/www.salzburgerland.com\/hu\/hohenwerfeni-elmenyvar\/","og_locale":"hu_HU","og_type":"article","og_title":"Hohenwerfeni \u00e9lm\u00e9nyv\u00e1r","og_description":"Hohenwerfen v\u00e1r\u00e1t a Hohensalzburg v\u00e1r\u00e1val egy id\u0151ben, 1077-ben \u00e9p\u00edtett\u00e9k, hogy megv\u00e9dj\u00e9k Salzburgot az ellens\u00e9ges t\u00e1mad\u00e1sokt\u00f3l. Massz\u00edv falai \u00e9s","og_url":"https:\/\/www.salzburgerland.com\/hu\/hohenwerfeni-elmenyvar\/","og_site_name":"SalzburgerLand.com","article_publisher":"https:\/\/www.facebook.com\/visitsalzburgerland\/","article_published_time":"2025-03-30T19:15:49+00:00","article_modified_time":"2025-06-20T15:24:09+00:00","og_image":[{"url":"https:\/\/www.salzburgerland.com\/hu\/wp-content\/uploads\/2025\/03\/burghohenwerfen-768x512-1.jpg","width":768,"height":512,"type":"image\/jpeg"}],"author":"Hajnalka K\u00e1di","twitter_card":"summary_large_image","twitter_creator":"@salzburgerland","twitter_site":"@salzburgerland","twitter_misc":{"Szerz\u0151:":"Hajnalka K\u00e1di","Becs\u00fclt olvas\u00e1si id\u0151":"8 perc"},"schema":{"@context":"https:\/\/schema.org","@graph":[{"@type":"Article","@id":"https:\/\/www.salzburgerland.com\/hu\/hohenwerfeni-elmenyvar\/#article","isPartOf":{"@id":"https:\/\/www.salzburgerland.com\/hu\/hohenwerfeni-elmenyvar\/"},"author":{"name":"Hajnalka K\u00e1di","@id":"https:\/\/www.salzburgerland.com\/hu\/#\/schema\/person\/e4905df070d9b3c52e1e4c730b26aa5a"},"headline":"Hohenwerfeni \u00e9lm\u00e9nyv\u00e1r","datePublished":"2025-03-30T19:15:49+00:00","dateModified":"2025-06-20T15:24:09+00:00","mainEntityOfPage":{"@id":"https:\/\/www.salzburgerland.com\/hu\/hohenwerfeni-elmenyvar\/"},"wordCount":1541,"image":{"@id":"https:\/\/www.salzburgerland.com\/hu\/hohenwerfeni-elmenyvar\/#primaryimage"},"thumbnailUrl":"https:\/\/www.salzburgerland.com\/hu\/wp-content\/uploads\/2025\/03\/burghohenwerfen-768x512-1.jpg","keywords":["Hohenwerfen"],"articleSection":["Uncategorized"],"inLanguage":"hu"},{"@type":"WebPage","@id":"https:\/\/www.salzburgerland.com\/hu\/hohenwerfeni-elmenyvar\/","url":"https:\/\/www.salzburgerland.com\/hu\/hohenwerfeni-elmenyvar\/","name":"Hohenwerfeni \u00e9lm\u00e9nyv\u00e1r \u00bb SalzburgerLand.com","isPartOf":{"@id":"https:\/\/www.salzburgerland.com\/hu\/#website"},"primaryImageOfPage":{"@id":"https:\/\/www.salzburgerland.com\/hu\/hohenwerfeni-elmenyvar\/#primaryimage"},"image":{"@id":"https:\/\/www.salzburgerland.com\/hu\/hohenwerfeni-elmenyvar\/#primaryimage"},"thumbnailUrl":"https:\/\/www.salzburgerland.com\/hu\/wp-content\/uploads\/2025\/03\/burghohenwerfen-768x512-1.jpg","datePublished":"2025-03-30T19:15:49+00:00","dateModified":"2025-06-20T15:24:09+00:00","author":{"@id":"https:\/\/www.salzburgerland.com\/hu\/#\/schema\/person\/e4905df070d9b3c52e1e4c730b26aa5a"},"description":"A Salzach v\u00f6lgye f\u00f6l\u00f6tt, egy sziklafal tetej\u00e9n magasodik Hohenwerfen v\u00e1ra, amely k\u00f6zel ezer \u00e9ve \u0151rzi a k\u00f6rnyez\u0151 vid\u00e9ket.","breadcrumb":{"@id":"https:\/\/www.salzburgerland.com\/hu\/hohenwerfeni-elmenyvar\/#breadcrumb"},"inLanguage":"hu","potentialAction":[{"@type":"ReadAction","target":["https:\/\/www.salzburgerland.com\/hu\/hohenwerfeni-elmenyvar\/"]}]},{"@type":"ImageObject","inLanguage":"hu","@id":"https:\/\/www.salzburgerland.com\/hu\/hohenwerfeni-elmenyvar\/#primaryimage","url":"https:\/\/www.salzburgerland.com\/hu\/wp-content\/uploads\/2025\/03\/burghohenwerfen-768x512-1.jpg","contentUrl":"https:\/\/www.salzburgerland.com\/hu\/wp-content\/uploads\/2025\/03\/burghohenwerfen-768x512-1.jpg","width":768,"height":512,"caption":"Hohenwerfen v\u00e1ra az alpesi t\u00e1jban \u00a9 Salzburger Burgen & Schl\u00f6sser"},{"@type":"BreadcrumbList","@id":"https:\/\/www.salzburgerland.com\/hu\/hohenwerfeni-elmenyvar\/#breadcrumb","itemListElement":[{"@type":"ListItem","position":1,"name":"V\u00e1rak \u00e9s kast\u00e9lyok Salzburg tartom\u00e1nyban","item":"https:\/\/www.salzburgerland.com\/hu\/salzburg-tartomany-varak-es-kastelyok\/"},{"@type":"ListItem","position":2,"name":"Hohenwerfeni \u00e9lm\u00e9nyv\u00e1r"}]},{"@type":"WebSite","@id":"https:\/\/www.salzburgerland.com\/hu\/#website","url":"https:\/\/www.salzburgerland.com\/hu\/","name":"SalzburgerLand.com","description":"\u00dcd\u00fcl\u00e9s Ausztri\u00e1ban, Salzburg tartom\u00e1nyban","potentialAction":[{"@type":"SearchAction","target":{"@type":"EntryPoint","urlTemplate":"https:\/\/www.salzburgerland.com\/hu\/?s={search_term_string}"},"query-input":{"@type":"PropertyValueSpecification","valueRequired":true,"valueName":"search_term_string"}}],"inLanguage":"hu"},{"@type":"Person","@id":"https:\/\/www.salzburgerland.com\/hu\/#\/schema\/person\/e4905df070d9b3c52e1e4c730b26aa5a","name":"Hajnalka K\u00e1di","image":{"@type":"ImageObject","inLanguage":"hu","@id":"https:\/\/secure.gravatar.com\/avatar\/e8c1eecf3b2c49d295cebc6aba0de06d13ec77aa0cf9ccec32725949011b69d2?s=96&d=mm&r=g","url":"https:\/\/secure.gravatar.com\/avatar\/e8c1eecf3b2c49d295cebc6aba0de06d13ec77aa0cf9ccec32725949011b69d2?s=96&d=mm&r=g","contentUrl":"https:\/\/secure.gravatar.com\/avatar\/e8c1eecf3b2c49d295cebc6aba0de06d13ec77aa0cf9ccec32725949011b69d2?s=96&d=mm&r=g","caption":"Hajnalka K\u00e1di"}}]},"og_video":"https:\/\/www.youtube.com\/embed\/nQ4_KccOTUs","og_video_type":"text\/html","og_video_duration":"57","og_video_width":"480","og_video_height":"270","ya_ovs_adult":"false","ya_ovs_upload_date":"2025-03-30T19:15:49+00:00","ya_ovs_allow_embed":"true"},"_wl_alt_label":[],"wl:entity_url":"http:\/\/open.salzburgerland.com\/hu\/post\/hohenwerfeni-elmenyvar-22998","_links":{"self":[{"href":"https:\/\/www.salzburgerland.com\/hu\/wp-json\/wp\/v2\/posts\/22998","targetHints":{"allow":["GET"]}}],"collection":[{"href":"https:\/\/www.salzburgerland.com\/hu\/wp-json\/wp\/v2\/posts"}],"about":[{"href":"https:\/\/www.salzburgerland.com\/hu\/wp-json\/wp\/v2\/types\/post"}],"author":[{"embeddable":true,"href":"https:\/\/www.salzburgerland.com\/hu\/wp-json\/wp\/v2\/users\/21"}],"replies":[{"embeddable":true,"href":"https:\/\/www.salzburgerland.com\/hu\/wp-json\/wp\/v2\/comments?post=22998"}],"version-history":[{"count":11,"href":"https:\/\/www.salzburgerland.com\/hu\/wp-json\/wp\/v2\/posts\/22998\/revisions"}],"predecessor-version":[{"id":23339,"href":"https:\/\/www.salzburgerland.com\/hu\/wp-json\/wp\/v2\/posts\/22998\/revisions\/23339"}],"wp:featuredmedia":[{"embeddable":true,"href":"https:\/\/www.salzburgerland.com\/hu\/wp-json\/wp\/v2\/media\/22999"}],"wp:attachment":[{"href":"https:\/\/www.salzburgerland.com\/hu\/wp-json\/wp\/v2\/media?parent=22998"}],"wp:term":[{"taxonomy":"category","embeddable":true,"href":"https:\/\/www.salzburgerland.com\/hu\/wp-json\/wp\/v2\/categories?post=22998"},{"taxonomy":"post_tag","embeddable":true,"href":"https:\/\/www.salzburgerland.com\/hu\/wp-json\/wp\/v2\/tags?post=22998"},{"taxonomy":"wl_entity_type","embeddable":true,"href":"https:\/\/www.salzburgerland.com\/hu\/wp-json\/wp\/v2\/wl_entity_type?post=22998"}],"curies":[{"name":"wp","href":"https:\/\/api.w.org\/{rel}","templated":true}]}}