{"id":22847,"date":"2025-03-27T16:45:15","date_gmt":"2025-03-27T15:45:15","guid":{"rendered":"https:\/\/www.salzburgerland.com\/hu\/?p=22847"},"modified":"2025-03-27T18:05:13","modified_gmt":"2025-03-27T17:05:13","slug":"radstadt-turazas","status":"publish","type":"post","link":"https:\/\/www.salzburgerland.com\/hu\/radstadt-turazas\/","title":{"rendered":"T\u00far\u00e1z\u00e1s Radstadt-ban"},"content":{"rendered":"<p>Radstadt egyik legnagyobb t\u00fara\u00e9lm\u00e9nye a Rossbrand-kil\u00e1t\u00f3 (1768 m tengerszint feletti magass\u00e1g) megm\u00e1sz\u00e1sa. Az \u00fat a t\u00f6rt\u00e9nelmi v\u00e1rosk\u00f6zpontb\u00f3l vezet a cs\u00facsra, ahonnan 360\u00b0-os kil\u00e1t\u00e1s ny\u00edlik a Dachsteinre, a Magas-Tauern-re \u00e9s t\u00f6bb mint 150 m\u00e1sik alpesi cs\u00facsra. A kiv\u00e1l\u00f3 jelz\u00e9seknek \u00e9s a vonz\u00f3 \u00fatvonalprofilnak k\u00f6sz\u00f6nhet\u0151en ez a t\u00fara elnyerte a rangos osztr\u00e1k t\u00fara\u00fatvonal-min\u0151s\u00e9gi pecs\u00e9tet.<\/p>\n<div id=\"attachment_22850\" style=\"width: 1034px\" class=\"wp-caption alignnone\"><img decoding=\"async\" aria-describedby=\"caption-attachment-22850\" class=\"size-medium wp-image-22850\" src=\"https:\/\/www.salzburgerland.com\/hu\/wp-content\/uploads\/2025\/03\/wandern-lorenz-masser-2-1170x658-1-1024x569.jpg\" alt=\"A Radstadt feletti Rossbrand az egyik legszebb l\u00e1tv\u00e1nyt ny\u00fajt\u00f3 hegy\" width=\"1024\" height=\"569\" srcset=\"https:\/\/www.salzburgerland.com\/hu\/wp-content\/uploads\/2025\/03\/wandern-lorenz-masser-2-1170x658-1-1024x569.jpg 1024w, https:\/\/www.salzburgerland.com\/hu\/wp-content\/uploads\/2025\/03\/wandern-lorenz-masser-2-1170x658-1-370x206.jpg 370w, https:\/\/www.salzburgerland.com\/hu\/wp-content\/uploads\/2025\/03\/wandern-lorenz-masser-2-1170x658-1-270x150.jpg 270w, https:\/\/www.salzburgerland.com\/hu\/wp-content\/uploads\/2025\/03\/wandern-lorenz-masser-2-1170x658-1-540x300.jpg 540w\" sizes=\"(max-width: 1024px) 100vw, 1024px\"><p id=\"caption-attachment-22850\" class=\"wp-caption-text\">A Radstadt feletti Rossbrand az egyik legszebb l\u00e1tv\u00e1nyt ny\u00fajt\u00f3 hegy \u00a9 Lorenz Masser<\/p><\/div>\n<h4>A salzburgi alpesi legel\u0151k t\u00fara\u00fatja \u2013 350 km kaland az Alpokban<\/h4>\n<p>Radstadt a j\u00f3l ismert hossz\u00fat\u00e1v\u00fa \u00fatvonal, a <strong>Salzburger Almenweg<\/strong> (Salzburgi alpesi legel\u0151k t\u00fara\u00fatja) r\u00e9sze, amely 350 km hossz\u00fa, \u00e9s mintegy 120 hegyi h\u00fctte mellett halad el. Az \u00fatvonal 25 szakaszra van osztva, \u00e9s minden egyes szakasza l\u00e1tv\u00e1nyos kil\u00e1t\u00e1st k\u00edn\u00e1l, hagyom\u00e1nyos hegyi h\u00fctt\u00e9kben h\u00e1zi k\u00e9sz\u00edt\u00e9s\u0171 specialit\u00e1sokat k\u00f3stolhatunk, valamint lehet\u0151s\u00e9get ny\u00fajt a salzburgi hegyvid\u00e9k soksz\u00edn\u0171s\u00e9g\u00e9nek megismer\u00e9s\u00e9re. Radstadt k\u00f6rny\u00e9ke az \u00fatvonal egyik legszebb szakasza, ahol az Oberh\u00fctte, V\u00f6geialm vagy Steinalm h\u00fctt\u00e9k mellett elhalad\u00f3 szakaszok a hangulatoss\u00e1gukr\u00f3l \u00e9s finom region\u00e1lis finoms\u00e1gaikr\u00f3l ismertek.<\/p>\n<div id=\"attachment_22852\" style=\"width: 1034px\" class=\"wp-caption alignnone\"><img decoding=\"async\" aria-describedby=\"caption-attachment-22852\" class=\"size-medium wp-image-22852\" src=\"https:\/\/www.salzburgerland.com\/hu\/wp-content\/uploads\/2025\/03\/wandern-lorenz-masser-1-1170x658-1-1024x569.jpg\" alt=\"N\u00e9gyl\u00e1b\u00fa k\u00eds\u00e9r\u0151je is \u00e9lvezni fogja az itt tett kir\u00e1ndul\u00e1sokat\" width=\"1024\" height=\"569\" srcset=\"https:\/\/www.salzburgerland.com\/hu\/wp-content\/uploads\/2025\/03\/wandern-lorenz-masser-1-1170x658-1-1024x569.jpg 1024w, https:\/\/www.salzburgerland.com\/hu\/wp-content\/uploads\/2025\/03\/wandern-lorenz-masser-1-1170x658-1-370x206.jpg 370w, https:\/\/www.salzburgerland.com\/hu\/wp-content\/uploads\/2025\/03\/wandern-lorenz-masser-1-1170x658-1-270x150.jpg 270w, https:\/\/www.salzburgerland.com\/hu\/wp-content\/uploads\/2025\/03\/wandern-lorenz-masser-1-1170x658-1-540x300.jpg 540w\" sizes=\"(max-width: 1024px) 100vw, 1024px\"><p id=\"caption-attachment-22852\" class=\"wp-caption-text\">N\u00e9gyl\u00e1b\u00fa k\u00eds\u00e9r\u0151je is \u00e9lvezni fogja az itt tett kir\u00e1ndul\u00e1sokat \u00a9 Lorenz Masser<\/p><\/div>\n<h4>Salzburger Gipfelspiel \u2013 fedezze fel a hegyek var\u00e1zs\u00e1t<\/h4>\n<p>A Salzburgi cs\u00facsok j\u00e1t\u00e9ka egy egyed\u00fcl\u00e1ll\u00f3 t\u00fara\u00e9lm\u00e9ny, amely a Salzburgi Sportvil\u00e1g h\u00e9t kiv\u00e1lasztott cs\u00facs\u00e1ra vezet. E cs\u00facsok mindegyike a \u201eJ\u00f3 kir\u00e1lyn\u0151 \u00e9s hat tan\u00e1csad\u00f3ja\u201d \u0151si legend\u00e1j\u00e1nak egy-egy szerepl\u0151j\u00e9t k\u00e9pviseli, mindegyik\u00fck saj\u00e1t \u00fczenetet hordoz, \u00e9s a hegym\u00e1sz\u00e1s m\u00e9lyebb megtapasztal\u00e1s\u00e1hoz saj\u00e1tos ritu\u00e1l\u00e9t k\u00edn\u00e1l.<\/p>\n<p>Az egyik ilyen cs\u00facspont a <a href=\"https:\/\/urlaub.salzburgerland.com\/hu\/salzburgi-sportvilag-csucsok-jateka\"><strong>Rossbrand<\/strong><\/a>, mint \u201eA Figyel\u0151\u201d. Ezt a hegyet az Alpok egyik legszebb kil\u00e1t\u00f3pontj\u00e1nak tartj\u00e1k, ahonnan t\u00f6bb mint 150 k\u00f6rnyez\u0151 cs\u00facsra ny\u00edlik kil\u00e1t\u00e1s. Aut\u00f3val vagy turistabusszal is megk\u00f6zel\u00edthet\u0151 azok sz\u00e1m\u00e1ra, akik nem akarj\u00e1k vagy nem tudj\u00e1k gyalog megm\u00e1szni a f\u00fcgg\u0151leges m\u00e9tereket. A Rossbrandhoz kapcsol\u00f3d\u00f3 szertart\u00e1s megtan\u00edt a pihen\u00e9s \u00e9s a relax\u00e1ci\u00f3 m\u0171v\u00e9szet\u00e9re.<\/p>\n<div id=\"attachment_22853\" style=\"width: 1034px\" class=\"wp-caption alignnone\"><img decoding=\"async\" aria-describedby=\"caption-attachment-22853\" class=\"size-medium wp-image-22853\" src=\"https:\/\/www.salzburgerland.com\/hu\/wp-content\/uploads\/2025\/03\/wandern-lorenz-masser-4-1170x658-1-1024x569.jpg\" alt=\"Pihen\u0151hely gy\u00f6ny\u00f6r\u0171 kil\u00e1t\u00e1ssal\" width=\"1024\" height=\"569\" srcset=\"https:\/\/www.salzburgerland.com\/hu\/wp-content\/uploads\/2025\/03\/wandern-lorenz-masser-4-1170x658-1-1024x569.jpg 1024w, https:\/\/www.salzburgerland.com\/hu\/wp-content\/uploads\/2025\/03\/wandern-lorenz-masser-4-1170x658-1-370x206.jpg 370w, https:\/\/www.salzburgerland.com\/hu\/wp-content\/uploads\/2025\/03\/wandern-lorenz-masser-4-1170x658-1-270x150.jpg 270w, https:\/\/www.salzburgerland.com\/hu\/wp-content\/uploads\/2025\/03\/wandern-lorenz-masser-4-1170x658-1-540x300.jpg 540w\" sizes=\"(max-width: 1024px) 100vw, 1024px\"><p id=\"caption-attachment-22853\" class=\"wp-caption-text\">Pihen\u0151hely gy\u00f6ny\u00f6r\u0171 kil\u00e1t\u00e1ssal \u00a9 Lorenz Masser<\/p><\/div>\n<p>A j\u00e1t\u00e9kban val\u00f3 r\u00e9szv\u00e9telhez megv\u00e1s\u00e1rolhat egy <strong>kezd\u0151csomagot<\/strong>, amely egy t\u00farak\u00f6nyvet, egy karabineres b\u00f6gr\u00e9t \u00e9s egy t\u00e9rk\u00e9pet tartalmaz. Ezek a csomagok a helyi idegenforgalmi irod\u00e1kban kaphat\u00f3k. A cs\u00facsokat tetsz\u0151leges sorrendben \u00e9rheti el, \u00e9s a temp\u00f3t k\u00e9pess\u00e9geinek megfelel\u0151en v\u00e1laszthatja meg. Kellemes meglepet\u00e9s v\u00e1r, miut\u00e1n legal\u00e1bb n\u00e9gyet megm\u00e1sztunk k\u00f6z\u00fcl\u00fck.<\/p>\n<h4>Tematikus tan\u00f6sv\u00e9ny az \u201eAlles Alm\u201d \u2013 sz\u00f3rakoz\u00e1s az eg\u00e9sz csal\u00e1dnak<\/h4>\n<p>A gyermekes csal\u00e1doknak nem szabad kihagyniuk az <strong>\u201eAlles Alm\u201d<\/strong> tematikus tan\u00f6sv\u00e9nyt a <strong>Gnadenalmon<\/strong>. T\u00edz interakt\u00edv \u00e1llom\u00e1son a gyerekek megismerkedhetnek a hegyi legel\u0151k \u00e9let\u00e9vel. \u00c9rdekes t\u00e9nyeket fedeznek fel a helyi term\u00e9szetr\u0151l vagy \u00e1llatokr\u00f3l, \u00e9s nagyon j\u00f3l sz\u00f3rakoznak. Az \u00fatvonal \u00e9rinti a <strong>Johannes v\u00edzes\u00e9st<\/strong> is, amely a r\u00e9gi\u00f3 egyik legimpoz\u00e1nsabb v\u00edzes\u00e9se. A v\u00f6lgybe visszat\u00e9rve \u00e9rdemes meg\u00e1llni az <strong>Untertauern Term\u00e9szeti Parkban<\/strong>, ahol a gyerekek tal\u00e1lkozhatnak vad\u00e1llatokkal \u00e9s j\u00e1tsz\u00f3terezhetnek.<\/p>\n<div id=\"attachment_22857\" style=\"width: 1034px\" class=\"wp-caption alignnone\"><img decoding=\"async\" aria-describedby=\"caption-attachment-22857\" class=\"size-medium wp-image-22857\" src=\"https:\/\/www.salzburgerland.com\/hu\/wp-content\/uploads\/2025\/03\/allesalm-gnadenalm-markus-rohrbacher-4-1170x658-1-1024x569.jpg\" alt=\"Pihen\u00e9s az Alles Alm-on \" width=\"1024\" height=\"569\" srcset=\"https:\/\/www.salzburgerland.com\/hu\/wp-content\/uploads\/2025\/03\/allesalm-gnadenalm-markus-rohrbacher-4-1170x658-1-1024x569.jpg 1024w, https:\/\/www.salzburgerland.com\/hu\/wp-content\/uploads\/2025\/03\/allesalm-gnadenalm-markus-rohrbacher-4-1170x658-1-370x206.jpg 370w, https:\/\/www.salzburgerland.com\/hu\/wp-content\/uploads\/2025\/03\/allesalm-gnadenalm-markus-rohrbacher-4-1170x658-1-270x150.jpg 270w, https:\/\/www.salzburgerland.com\/hu\/wp-content\/uploads\/2025\/03\/allesalm-gnadenalm-markus-rohrbacher-4-1170x658-1-540x300.jpg 540w\" sizes=\"(max-width: 1024px) 100vw, 1024px\"><p id=\"caption-attachment-22857\" class=\"wp-caption-text\">Pihen\u00e9s az Alles Alm-on \u00a9 Markus Rohrbacher<\/p><\/div>\n<h4>A t\u00fara\u00fatvonalak kiindul\u00f3pontjaihoz val\u00f3 eljut\u00e1s a Guest Mobility Ticket birtok\u00e1ban ingyenes!<\/h4>\n<p>A ny\u00e1ri <a href=\"https:\/\/www.guestmobilityticket.at\/\" target=\"_blank\" rel=\"noopener\"><strong>Guest Mobility Ticket<\/strong><\/a> jeggyel a l\u00e1togat\u00f3k ingyenesen haszn\u00e1lhatj\u00e1k a t\u00f6megk\u00f6zleked\u00e9st, \u00e9s k\u00f6nnyen el\u00e9rhetik a legszebb t\u00far\u00e1k kiindul\u00f3pontjait. Radstadt a t\u00far\u00e1z\u00f3k paradicsoma \u2013 ak\u00e1r hegyi kil\u00e1t\u00e1sra, ak\u00e1r hossz\u00fa t\u00far\u00e1kra, ak\u00e1r sz\u00f3rakoztat\u00f3 tematikus \u00fatvonalakra v\u00e1gyik. Itt mindent megtal\u00e1l. Ir\u00e1ny a hegyekbe, \u00e9s fedezze fel Salzburg sz\u00e9ps\u00e9geit gyalogosan!<\/p>\n<h4>Biztons\u00e1g<\/h4>\n<p>Az alpesi term\u00e9szet gy\u00f6ny\u00f6r\u0171, de kisz\u00e1m\u00edthatatlan is lehet. T\u00far\u00e1z\u00e1s el\u0151tt mindenk\u00e9ppen n\u00e9zze meg az id\u0151j\u00e1r\u00e1s-el\u0151rejelz\u00e9st, v\u00e1lassza ki a kond\u00edci\u00f3j\u00e1nak megfelel\u0151 \u00fatvonalat, \u00e9s vigyen mag\u00e1val sok vizet \u00e9s megfelel\u0151 ruh\u00e1zatot. A hegyi legel\u0151k\u00f6n val\u00f3 mozg\u00e1s sor\u00e1n tartsa be az utas\u00edt\u00e1sokat, \u00e9s legyen tekintettel a legel\u00e9sz\u0151 \u00e1llatokra. N\u00e9zzen meg n\u00e9h\u00e1ny tippet a <a href=\"https:\/\/www.salzburgerland.com\/hu\/biztonsagi-eloirasok-az-alpokban-nyar\/\" target=\"_blank\" rel=\"noopener\"><strong>ny\u00e1ri hegyi biztons\u00e1gr\u00f3l<\/strong><\/a>.<\/p>\n","protected":false},"excerpt":{"rendered":"<p>Radstadt egyik legnagyobb t\u00fara\u00e9lm\u00e9nye a Rossbrand-kil\u00e1t\u00f3 (1768 m tengerszint feletti magass\u00e1g) megm\u00e1sz\u00e1sa. Az \u00fat a t\u00f6rt\u00e9nelmi v\u00e1rosk\u00f6zpontb\u00f3l vezet a cs\u00facsra, ahonnan 360\u00b0-os kil\u00e1t\u00e1s ny\u00edlik a Dachsteinre, a Magas-Tauern-re \u00e9s t\u00f6bb mint 150 m\u00e1sik alpesi cs\u00facsra. A kiv\u00e1l\u00f3 jelz\u00e9seknek \u00e9s a vonz\u00f3 \u00fatvonalprofilnak k\u00f6sz\u00f6nhet\u0151en ez a t\u00fara elnyerte a rangos osztr\u00e1k t\u00fara\u00fatvonal-min\u0151s\u00e9gi pecs\u00e9tet. A salzburgi alpesi [&hellip;]<\/p>\n","protected":false},"author":21,"featured_media":22848,"comment_status":"closed","ping_status":"closed","sticky":false,"template":"","format":"standard","meta":{"_acf_changed":false,"wl_entities_gutenberg":"","_relevanssi_hide_post":"","_relevanssi_hide_content":"","_relevanssi_pin_for_all":"","_relevanssi_pin_keywords":"","_relevanssi_unpin_keywords":"","_relevanssi_related_keywords":"","_relevanssi_related_include_ids":"","_relevanssi_related_exclude_ids":"","_relevanssi_related_no_append":"","_relevanssi_related_not_related":"","_relevanssi_related_posts":"","_relevanssi_noindex_reason":"","footnotes":""},"categories":[1],"tags":[324,707,327],"wl_entity_type":[27],"class_list":["post-22847","post","type-post","status-publish","format-standard","has-post-thumbnail","hentry","category-uncategorized","tag-alpesi-turak","tag-radstadt","tag-turazas","wl_entity_type-article"],"acf":[],"yoast_head":"<!-- This site is optimized with the Yoast SEO Premium plugin v27.4 (Yoast SEO v27.4) - https:\/\/yoast.com\/product\/yoast-seo-premium-wordpress\/ -->\n<title>T\u00far\u00e1z\u00e1s Radstadt-ban \u00bb SalzburgerLand.com<\/title>\n<meta name=\"robots\" content=\"index, follow, max-snippet:-1, max-image-preview:large, max-video-preview:-1\" \/>\n<link rel=\"canonical\" href=\"https:\/\/www.salzburgerland.com\/hu\/radstadt-turazas\/\" \/>\n<meta property=\"og:locale\" content=\"hu_HU\" \/>\n<meta property=\"og:type\" content=\"article\" \/>\n<meta property=\"og:title\" content=\"T\u00far\u00e1z\u00e1s Radstadt-ban\" \/>\n<meta property=\"og:description\" content=\"Radstadt egyik legnagyobb t\u00fara\u00e9lm\u00e9nye a Rossbrand-kil\u00e1t\u00f3 (1768 m tengerszint feletti magass\u00e1g) megm\u00e1sz\u00e1sa. Az \u00fat a t\u00f6rt\u00e9nelmi v\u00e1rosk\u00f6zpontb\u00f3l vezet a\" \/>\n<meta property=\"og:url\" content=\"https:\/\/www.salzburgerland.com\/hu\/radstadt-turazas\/\" \/>\n<meta property=\"og:site_name\" content=\"SalzburgerLand.com\" \/>\n<meta property=\"article:publisher\" content=\"https:\/\/www.facebook.com\/visitsalzburgerland\/\" \/>\n<meta property=\"article:published_time\" content=\"2025-03-27T15:45:15+00:00\" \/>\n<meta property=\"article:modified_time\" content=\"2025-03-27T17:05:13+00:00\" \/>\n<meta property=\"og:image\" content=\"https:\/\/www.salzburgerland.com\/hu\/wp-content\/uploads\/2025\/03\/wandern-lorenz-masser-3-768x512-1.jpg\" \/>\n\t<meta property=\"og:image:width\" content=\"768\" \/>\n\t<meta property=\"og:image:height\" content=\"512\" \/>\n\t<meta property=\"og:image:type\" content=\"image\/jpeg\" \/>\n<meta name=\"author\" content=\"Hajnalka K\u00e1di\" \/>\n<meta name=\"twitter:card\" content=\"summary_large_image\" \/>\n<meta name=\"twitter:creator\" content=\"@salzburgerland\" \/>\n<meta name=\"twitter:site\" content=\"@salzburgerland\" \/>\n<meta name=\"twitter:label1\" content=\"Szerz\u0151:\" \/>\n\t<meta name=\"twitter:data1\" content=\"Hajnalka K\u00e1di\" \/>\n\t<meta name=\"twitter:label2\" content=\"Becs\u00fclt olvas\u00e1si id\u0151\" \/>\n\t<meta name=\"twitter:data2\" content=\"5 perc\" \/>\n<script type=\"application\/ld+json\" class=\"yoast-schema-graph\">{\"@context\":\"https:\\\/\\\/schema.org\",\"@graph\":[{\"@type\":\"Article\",\"@id\":\"https:\\\/\\\/www.salzburgerland.com\\\/hu\\\/radstadt-turazas\\\/#article\",\"isPartOf\":{\"@id\":\"https:\\\/\\\/www.salzburgerland.com\\\/hu\\\/radstadt-turazas\\\/\"},\"author\":{\"name\":\"Hajnalka K\u00e1di\",\"@id\":\"https:\\\/\\\/www.salzburgerland.com\\\/hu\\\/#\\\/schema\\\/person\\\/e4905df070d9b3c52e1e4c730b26aa5a\"},\"headline\":\"T\u00far\u00e1z\u00e1s Radstadt-ban\",\"datePublished\":\"2025-03-27T15:45:15+00:00\",\"dateModified\":\"2025-03-27T17:05:13+00:00\",\"mainEntityOfPage\":{\"@id\":\"https:\\\/\\\/www.salzburgerland.com\\\/hu\\\/radstadt-turazas\\\/\"},\"wordCount\":833,\"image\":{\"@id\":\"https:\\\/\\\/www.salzburgerland.com\\\/hu\\\/radstadt-turazas\\\/#primaryimage\"},\"thumbnailUrl\":\"https:\\\/\\\/www.salzburgerland.com\\\/hu\\\/wp-content\\\/uploads\\\/2025\\\/03\\\/wandern-lorenz-masser-3-768x512-1.jpg\",\"keywords\":[\"alpesi t\u00far\u00e1k\",\"Radstadt\",\"t\u00far\u00e1z\u00e1s\"],\"articleSection\":[\"Uncategorized\"],\"inLanguage\":\"hu\"},{\"@type\":\"WebPage\",\"@id\":\"https:\\\/\\\/www.salzburgerland.com\\\/hu\\\/radstadt-turazas\\\/\",\"url\":\"https:\\\/\\\/www.salzburgerland.com\\\/hu\\\/radstadt-turazas\\\/\",\"name\":\"T\u00far\u00e1z\u00e1s Radstadt-ban \u00bb SalzburgerLand.com\",\"isPartOf\":{\"@id\":\"https:\\\/\\\/www.salzburgerland.com\\\/hu\\\/#website\"},\"primaryImageOfPage\":{\"@id\":\"https:\\\/\\\/www.salzburgerland.com\\\/hu\\\/radstadt-turazas\\\/#primaryimage\"},\"image\":{\"@id\":\"https:\\\/\\\/www.salzburgerland.com\\\/hu\\\/radstadt-turazas\\\/#primaryimage\"},\"thumbnailUrl\":\"https:\\\/\\\/www.salzburgerland.com\\\/hu\\\/wp-content\\\/uploads\\\/2025\\\/03\\\/wandern-lorenz-masser-3-768x512-1.jpg\",\"datePublished\":\"2025-03-27T15:45:15+00:00\",\"dateModified\":\"2025-03-27T17:05:13+00:00\",\"author\":{\"@id\":\"https:\\\/\\\/www.salzburgerland.com\\\/hu\\\/#\\\/schema\\\/person\\\/e4905df070d9b3c52e1e4c730b26aa5a\"},\"description\":\"Radstadt, az Alpok sz\u00edv\u00e9ben fekv\u0151 t\u00f6rt\u00e9nelmi v\u00e1ros ide\u00e1lis kiindul\u00f3pont a t\u00far\u00e1z\u00f3k sz\u00e1m\u00e1ra.\",\"breadcrumb\":{\"@id\":\"https:\\\/\\\/www.salzburgerland.com\\\/hu\\\/radstadt-turazas\\\/#breadcrumb\"},\"inLanguage\":\"hu\",\"potentialAction\":[{\"@type\":\"ReadAction\",\"target\":[\"https:\\\/\\\/www.salzburgerland.com\\\/hu\\\/radstadt-turazas\\\/\"]}]},{\"@type\":\"ImageObject\",\"inLanguage\":\"hu\",\"@id\":\"https:\\\/\\\/www.salzburgerland.com\\\/hu\\\/radstadt-turazas\\\/#primaryimage\",\"url\":\"https:\\\/\\\/www.salzburgerland.com\\\/hu\\\/wp-content\\\/uploads\\\/2025\\\/03\\\/wandern-lorenz-masser-3-768x512-1.jpg\",\"contentUrl\":\"https:\\\/\\\/www.salzburgerland.com\\\/hu\\\/wp-content\\\/uploads\\\/2025\\\/03\\\/wandern-lorenz-masser-3-768x512-1.jpg\",\"width\":768,\"height\":512,\"caption\":\"T\u00far\u00e1z\u00e1s Radstadt-ban \u00a9 Lorenz Masser\"},{\"@type\":\"BreadcrumbList\",\"@id\":\"https:\\\/\\\/www.salzburgerland.com\\\/hu\\\/radstadt-turazas\\\/#breadcrumb\",\"itemListElement\":[{\"@type\":\"ListItem\",\"position\":1,\"name\":\"Radstadt - ny\u00e1r\",\"item\":\"https:\\\/\\\/www.salzburgerland.com\\\/hu\\\/radstadt-nyar\\\/\"},{\"@type\":\"ListItem\",\"position\":2,\"name\":\"T\u00far\u00e1z\u00e1s Radstadt-ban\"}]},{\"@type\":\"WebSite\",\"@id\":\"https:\\\/\\\/www.salzburgerland.com\\\/hu\\\/#website\",\"url\":\"https:\\\/\\\/www.salzburgerland.com\\\/hu\\\/\",\"name\":\"SalzburgerLand.com\",\"description\":\"\u00dcd\u00fcl\u00e9s Ausztri\u00e1ban, Salzburg tartom\u00e1nyban\",\"potentialAction\":[{\"@type\":\"SearchAction\",\"target\":{\"@type\":\"EntryPoint\",\"urlTemplate\":\"https:\\\/\\\/www.salzburgerland.com\\\/hu\\\/?s={search_term_string}\"},\"query-input\":{\"@type\":\"PropertyValueSpecification\",\"valueRequired\":true,\"valueName\":\"search_term_string\"}}],\"inLanguage\":\"hu\"},{\"@type\":\"Person\",\"@id\":\"https:\\\/\\\/www.salzburgerland.com\\\/hu\\\/#\\\/schema\\\/person\\\/e4905df070d9b3c52e1e4c730b26aa5a\",\"name\":\"Hajnalka K\u00e1di\",\"image\":{\"@type\":\"ImageObject\",\"inLanguage\":\"hu\",\"@id\":\"https:\\\/\\\/secure.gravatar.com\\\/avatar\\\/e8c1eecf3b2c49d295cebc6aba0de06d13ec77aa0cf9ccec32725949011b69d2?s=96&d=mm&r=g\",\"url\":\"https:\\\/\\\/secure.gravatar.com\\\/avatar\\\/e8c1eecf3b2c49d295cebc6aba0de06d13ec77aa0cf9ccec32725949011b69d2?s=96&d=mm&r=g\",\"contentUrl\":\"https:\\\/\\\/secure.gravatar.com\\\/avatar\\\/e8c1eecf3b2c49d295cebc6aba0de06d13ec77aa0cf9ccec32725949011b69d2?s=96&d=mm&r=g\",\"caption\":\"Hajnalka K\u00e1di\"}}]}<\/script>\n<!-- \/ Yoast SEO Premium plugin. -->","yoast_head_json":{"title":"T\u00far\u00e1z\u00e1s Radstadt-ban \u00bb SalzburgerLand.com","robots":{"index":"index","follow":"follow","max-snippet":"max-snippet:-1","max-image-preview":"max-image-preview:large","max-video-preview":"max-video-preview:-1"},"canonical":"https:\/\/www.salzburgerland.com\/hu\/radstadt-turazas\/","og_locale":"hu_HU","og_type":"article","og_title":"T\u00far\u00e1z\u00e1s Radstadt-ban","og_description":"Radstadt egyik legnagyobb t\u00fara\u00e9lm\u00e9nye a Rossbrand-kil\u00e1t\u00f3 (1768 m tengerszint feletti magass\u00e1g) megm\u00e1sz\u00e1sa. Az \u00fat a t\u00f6rt\u00e9nelmi v\u00e1rosk\u00f6zpontb\u00f3l vezet a","og_url":"https:\/\/www.salzburgerland.com\/hu\/radstadt-turazas\/","og_site_name":"SalzburgerLand.com","article_publisher":"https:\/\/www.facebook.com\/visitsalzburgerland\/","article_published_time":"2025-03-27T15:45:15+00:00","article_modified_time":"2025-03-27T17:05:13+00:00","og_image":[{"url":"https:\/\/www.salzburgerland.com\/hu\/wp-content\/uploads\/2025\/03\/wandern-lorenz-masser-3-768x512-1.jpg","width":768,"height":512,"type":"image\/jpeg"}],"author":"Hajnalka K\u00e1di","twitter_card":"summary_large_image","twitter_creator":"@salzburgerland","twitter_site":"@salzburgerland","twitter_misc":{"Szerz\u0151:":"Hajnalka K\u00e1di","Becs\u00fclt olvas\u00e1si id\u0151":"5 perc"},"schema":{"@context":"https:\/\/schema.org","@graph":[{"@type":"Article","@id":"https:\/\/www.salzburgerland.com\/hu\/radstadt-turazas\/#article","isPartOf":{"@id":"https:\/\/www.salzburgerland.com\/hu\/radstadt-turazas\/"},"author":{"name":"Hajnalka K\u00e1di","@id":"https:\/\/www.salzburgerland.com\/hu\/#\/schema\/person\/e4905df070d9b3c52e1e4c730b26aa5a"},"headline":"T\u00far\u00e1z\u00e1s Radstadt-ban","datePublished":"2025-03-27T15:45:15+00:00","dateModified":"2025-03-27T17:05:13+00:00","mainEntityOfPage":{"@id":"https:\/\/www.salzburgerland.com\/hu\/radstadt-turazas\/"},"wordCount":833,"image":{"@id":"https:\/\/www.salzburgerland.com\/hu\/radstadt-turazas\/#primaryimage"},"thumbnailUrl":"https:\/\/www.salzburgerland.com\/hu\/wp-content\/uploads\/2025\/03\/wandern-lorenz-masser-3-768x512-1.jpg","keywords":["alpesi t\u00far\u00e1k","Radstadt","t\u00far\u00e1z\u00e1s"],"articleSection":["Uncategorized"],"inLanguage":"hu"},{"@type":"WebPage","@id":"https:\/\/www.salzburgerland.com\/hu\/radstadt-turazas\/","url":"https:\/\/www.salzburgerland.com\/hu\/radstadt-turazas\/","name":"T\u00far\u00e1z\u00e1s Radstadt-ban \u00bb SalzburgerLand.com","isPartOf":{"@id":"https:\/\/www.salzburgerland.com\/hu\/#website"},"primaryImageOfPage":{"@id":"https:\/\/www.salzburgerland.com\/hu\/radstadt-turazas\/#primaryimage"},"image":{"@id":"https:\/\/www.salzburgerland.com\/hu\/radstadt-turazas\/#primaryimage"},"thumbnailUrl":"https:\/\/www.salzburgerland.com\/hu\/wp-content\/uploads\/2025\/03\/wandern-lorenz-masser-3-768x512-1.jpg","datePublished":"2025-03-27T15:45:15+00:00","dateModified":"2025-03-27T17:05:13+00:00","author":{"@id":"https:\/\/www.salzburgerland.com\/hu\/#\/schema\/person\/e4905df070d9b3c52e1e4c730b26aa5a"},"description":"Radstadt, az Alpok sz\u00edv\u00e9ben fekv\u0151 t\u00f6rt\u00e9nelmi v\u00e1ros ide\u00e1lis kiindul\u00f3pont a t\u00far\u00e1z\u00f3k sz\u00e1m\u00e1ra.","breadcrumb":{"@id":"https:\/\/www.salzburgerland.com\/hu\/radstadt-turazas\/#breadcrumb"},"inLanguage":"hu","potentialAction":[{"@type":"ReadAction","target":["https:\/\/www.salzburgerland.com\/hu\/radstadt-turazas\/"]}]},{"@type":"ImageObject","inLanguage":"hu","@id":"https:\/\/www.salzburgerland.com\/hu\/radstadt-turazas\/#primaryimage","url":"https:\/\/www.salzburgerland.com\/hu\/wp-content\/uploads\/2025\/03\/wandern-lorenz-masser-3-768x512-1.jpg","contentUrl":"https:\/\/www.salzburgerland.com\/hu\/wp-content\/uploads\/2025\/03\/wandern-lorenz-masser-3-768x512-1.jpg","width":768,"height":512,"caption":"T\u00far\u00e1z\u00e1s Radstadt-ban \u00a9 Lorenz Masser"},{"@type":"BreadcrumbList","@id":"https:\/\/www.salzburgerland.com\/hu\/radstadt-turazas\/#breadcrumb","itemListElement":[{"@type":"ListItem","position":1,"name":"Radstadt - ny\u00e1r","item":"https:\/\/www.salzburgerland.com\/hu\/radstadt-nyar\/"},{"@type":"ListItem","position":2,"name":"T\u00far\u00e1z\u00e1s Radstadt-ban"}]},{"@type":"WebSite","@id":"https:\/\/www.salzburgerland.com\/hu\/#website","url":"https:\/\/www.salzburgerland.com\/hu\/","name":"SalzburgerLand.com","description":"\u00dcd\u00fcl\u00e9s Ausztri\u00e1ban, Salzburg tartom\u00e1nyban","potentialAction":[{"@type":"SearchAction","target":{"@type":"EntryPoint","urlTemplate":"https:\/\/www.salzburgerland.com\/hu\/?s={search_term_string}"},"query-input":{"@type":"PropertyValueSpecification","valueRequired":true,"valueName":"search_term_string"}}],"inLanguage":"hu"},{"@type":"Person","@id":"https:\/\/www.salzburgerland.com\/hu\/#\/schema\/person\/e4905df070d9b3c52e1e4c730b26aa5a","name":"Hajnalka K\u00e1di","image":{"@type":"ImageObject","inLanguage":"hu","@id":"https:\/\/secure.gravatar.com\/avatar\/e8c1eecf3b2c49d295cebc6aba0de06d13ec77aa0cf9ccec32725949011b69d2?s=96&d=mm&r=g","url":"https:\/\/secure.gravatar.com\/avatar\/e8c1eecf3b2c49d295cebc6aba0de06d13ec77aa0cf9ccec32725949011b69d2?s=96&d=mm&r=g","contentUrl":"https:\/\/secure.gravatar.com\/avatar\/e8c1eecf3b2c49d295cebc6aba0de06d13ec77aa0cf9ccec32725949011b69d2?s=96&d=mm&r=g","caption":"Hajnalka K\u00e1di"}}]}},"_wl_alt_label":[],"wl:entity_url":"http:\/\/open.salzburgerland.com\/hu\/post\/radstadt-turazas-22847","_links":{"self":[{"href":"https:\/\/www.salzburgerland.com\/hu\/wp-json\/wp\/v2\/posts\/22847","targetHints":{"allow":["GET"]}}],"collection":[{"href":"https:\/\/www.salzburgerland.com\/hu\/wp-json\/wp\/v2\/posts"}],"about":[{"href":"https:\/\/www.salzburgerland.com\/hu\/wp-json\/wp\/v2\/types\/post"}],"author":[{"embeddable":true,"href":"https:\/\/www.salzburgerland.com\/hu\/wp-json\/wp\/v2\/users\/21"}],"replies":[{"embeddable":true,"href":"https:\/\/www.salzburgerland.com\/hu\/wp-json\/wp\/v2\/comments?post=22847"}],"version-history":[{"count":9,"href":"https:\/\/www.salzburgerland.com\/hu\/wp-json\/wp\/v2\/posts\/22847\/revisions"}],"predecessor-version":[{"id":22894,"href":"https:\/\/www.salzburgerland.com\/hu\/wp-json\/wp\/v2\/posts\/22847\/revisions\/22894"}],"wp:featuredmedia":[{"embeddable":true,"href":"https:\/\/www.salzburgerland.com\/hu\/wp-json\/wp\/v2\/media\/22848"}],"wp:attachment":[{"href":"https:\/\/www.salzburgerland.com\/hu\/wp-json\/wp\/v2\/media?parent=22847"}],"wp:term":[{"taxonomy":"category","embeddable":true,"href":"https:\/\/www.salzburgerland.com\/hu\/wp-json\/wp\/v2\/categories?post=22847"},{"taxonomy":"post_tag","embeddable":true,"href":"https:\/\/www.salzburgerland.com\/hu\/wp-json\/wp\/v2\/tags?post=22847"},{"taxonomy":"wl_entity_type","embeddable":true,"href":"https:\/\/www.salzburgerland.com\/hu\/wp-json\/wp\/v2\/wl_entity_type?post=22847"}],"curies":[{"name":"wp","href":"https:\/\/api.w.org\/{rel}","templated":true}]}}