{"id":22081,"date":"2024-07-25T16:11:50","date_gmt":"2024-07-25T14:11:50","guid":{"rendered":"https:\/\/www.salzburgerland.com\/hu\/?p=22081"},"modified":"2024-09-11T20:05:28","modified_gmt":"2024-09-11T18:05:28","slug":"brie-sajt-korte-es-cekla-raclette-serpenyoben","status":"publish","type":"post","link":"https:\/\/www.salzburgerland.com\/hu\/brie-sajt-korte-es-cekla-raclette-serpenyoben\/","title":{"rendered":"Brie sajt, k\u00f6rte \u00e9s c\u00e9kla raclette serpeny\u0151ben"},"content":{"rendered":"<h3>Brie sajt, k\u00f6rte \u00e9s c\u00e9kla raclette serpeny\u0151ben<\/h3>\n<p><strong>Hozz\u00e1val\u00f3k<\/strong><\/p>\n<ul>\n<li>2 k\u00f6rte<\/li>\n<li>1 f\u0151tt \u00e9s h\u00e1mozott c\u00e9kla<\/li>\n<li>100 g brie vagy camembert sajt<\/li>\n<li>100 g k\u00e9k sajt<\/li>\n<li>friss kakukkf\u0171<\/li>\n<\/ul>\n<p><strong>Elk\u00e9sz\u00edt\u00e9s<\/strong><\/p>\n<ul>\n<li>T\u00e1vol\u00edtsa el a magh\u00e1zakat a k\u00f6rt\u00e9kb\u0151l, majd v\u00e1gja \u0151ket szeletekre.<\/li>\n<li>A f\u0151tt c\u00e9kl\u00e1t v\u00e1gjuk kb. 5 mm vastag szeletekre.<\/li>\n<li>Szeletelj\u00fck fel a brie-t (vagy cmembert) \u00e9s a k\u00e9ksajtot.<\/li>\n<li>Helyezz\u00fck a k\u00f6rt\u00e9t \u00e9s a c\u00e9kl\u00e1t a serpeny\u0151kre, tetsz\u00e9s szerint k\u00f6r\u00edts\u00fck meg \u0151ket sajttal, \u00e9s s\u00fcss\u00fck meg.<\/li>\n<li>Ezut\u00e1n sz\u00f3rjuk meg friss kakukkf\u0171vel \u00e9s t\u00e1lalhatjuk is.<\/li>\n<\/ul>\n","protected":false},"excerpt":{"rendered":"<p>Brie sajt, k\u00f6rte \u00e9s c\u00e9kla raclette serpeny\u0151ben Hozz\u00e1val\u00f3k 2 k\u00f6rte 1 f\u0151tt \u00e9s h\u00e1mozott c\u00e9kla 100 g brie vagy camembert sajt 100 g k\u00e9k sajt friss kakukkf\u0171 Elk\u00e9sz\u00edt\u00e9s T\u00e1vol\u00edtsa el a magh\u00e1zakat a k\u00f6rt\u00e9kb\u0151l, majd v\u00e1gja \u0151ket szeletekre. A f\u0151tt c\u00e9kl\u00e1t v\u00e1gjuk kb. 5 mm vastag szeletekre. Szeletelj\u00fck fel a brie-t (vagy cmembert) \u00e9s a [&hellip;]<\/p>\n","protected":false},"author":21,"featured_media":22082,"comment_status":"closed","ping_status":"closed","sticky":false,"template":"","format":"standard","meta":{"_acf_changed":false,"wl_entities_gutenberg":"","_relevanssi_hide_post":"","_relevanssi_hide_content":"","_relevanssi_pin_for_all":"","_relevanssi_pin_keywords":"","_relevanssi_unpin_keywords":"","_relevanssi_related_keywords":"","_relevanssi_related_include_ids":"","_relevanssi_related_exclude_ids":"","_relevanssi_related_no_append":"","_relevanssi_related_not_related":"","_relevanssi_related_posts":"","_relevanssi_noindex_reason":"","footnotes":""},"categories":[1],"tags":[228,61,702],"wl_entity_type":[26],"class_list":["post-22081","post","type-post","status-publish","format-standard","has-post-thumbnail","hentry","category-uncategorized","tag-korte","tag-oszi-recept","tag-raclette","wl_entity_type-recipe"],"acf":[],"yoast_head":"<!-- This site is optimized with the Yoast SEO Premium plugin v27.4 (Yoast SEO v27.4) - https:\/\/yoast.com\/product\/yoast-seo-premium-wordpress\/ -->\n<title>Brie sajt, k\u00f6rte \u00e9s c\u00e9kla raclette serpeny\u0151ben \u00bb SalzburgerLand.com<\/title>\n<meta name=\"description\" content=\"A raclette elk\u00e9sz\u00edt\u00e9s\u00e9nek sokf\u00e9le m\u00f3dja l\u00e9tezik, ahogyan a felhaszn\u00e1lt alapanyagok is v\u00e1ltozatosak lehetnek.\" \/>\n<meta name=\"robots\" content=\"index, follow, max-snippet:-1, max-image-preview:large, max-video-preview:-1\" \/>\n<link rel=\"canonical\" href=\"https:\/\/www.salzburgerland.com\/hu\/brie-sajt-korte-es-cekla-raclette-serpenyoben\/\" \/>\n<meta property=\"og:locale\" content=\"hu_HU\" \/>\n<meta property=\"og:type\" content=\"article\" \/>\n<meta property=\"og:title\" content=\"Brie sajt, k\u00f6rte \u00e9s c\u00e9kla raclette serpeny\u0151ben\" \/>\n<meta property=\"og:description\" content=\"Brie sajt, k\u00f6rte \u00e9s c\u00e9kla raclette serpeny\u0151ben Hozz\u00e1val\u00f3k 2 k\u00f6rte 1 f\u0151tt \u00e9s h\u00e1mozott c\u00e9kla 100 g brie vagy camembert sajt 100 g k\u00e9k sajt friss kakukkf\u0171\" \/>\n<meta property=\"og:url\" content=\"https:\/\/www.salzburgerland.com\/hu\/brie-sajt-korte-es-cekla-raclette-serpenyoben\/\" \/>\n<meta property=\"og:site_name\" content=\"SalzburgerLand.com\" \/>\n<meta property=\"article:publisher\" content=\"https:\/\/www.facebook.com\/visitsalzburgerland\/\" \/>\n<meta property=\"article:published_time\" content=\"2024-07-25T14:11:50+00:00\" \/>\n<meta property=\"article:modified_time\" content=\"2024-09-11T18:05:28+00:00\" \/>\n<meta property=\"og:image\" content=\"https:\/\/www.salzburgerland.com\/hu\/wp-content\/uploads\/2024\/07\/brie_blauschimmelkase_birne_rote-beete_pfannchen_hf_projekt-raclette_salzburger-agrar-marketing_martina-hofelmaier-jpg-1200x675.webp\" \/>\n\t<meta property=\"og:image:width\" content=\"1200\" \/>\n\t<meta property=\"og:image:height\" content=\"675\" \/>\n\t<meta property=\"og:image:type\" content=\"image\/webp\" \/>\n<meta name=\"author\" content=\"Hajnalka K\u00e1di\" \/>\n<meta name=\"twitter:card\" content=\"summary_large_image\" \/>\n<meta name=\"twitter:creator\" content=\"@salzburgerland\" \/>\n<meta name=\"twitter:site\" content=\"@salzburgerland\" \/>\n<meta name=\"twitter:label1\" content=\"Szerz\u0151:\" \/>\n\t<meta name=\"twitter:data1\" content=\"Hajnalka K\u00e1di\" \/>\n\t<meta name=\"twitter:label2\" content=\"Becs\u00fclt olvas\u00e1si id\u0151\" \/>\n\t<meta name=\"twitter:data2\" content=\"2 perc\" \/>\n<script type=\"application\/ld+json\" class=\"yoast-schema-graph\">{\"@context\":\"https:\\\/\\\/schema.org\",\"@graph\":[{\"@type\":\"Article\",\"@id\":\"https:\\\/\\\/www.salzburgerland.com\\\/hu\\\/brie-sajt-korte-es-cekla-raclette-serpenyoben\\\/#article\",\"isPartOf\":{\"@id\":\"https:\\\/\\\/www.salzburgerland.com\\\/hu\\\/brie-sajt-korte-es-cekla-raclette-serpenyoben\\\/\"},\"author\":{\"name\":\"Hajnalka K\u00e1di\",\"@id\":\"https:\\\/\\\/www.salzburgerland.com\\\/hu\\\/#\\\/schema\\\/person\\\/e4905df070d9b3c52e1e4c730b26aa5a\"},\"headline\":\"Brie sajt, k\u00f6rte \u00e9s c\u00e9kla raclette serpeny\u0151ben\",\"datePublished\":\"2024-07-25T14:11:50+00:00\",\"dateModified\":\"2024-09-11T18:05:28+00:00\",\"mainEntityOfPage\":{\"@id\":\"https:\\\/\\\/www.salzburgerland.com\\\/hu\\\/brie-sajt-korte-es-cekla-raclette-serpenyoben\\\/\"},\"wordCount\":128,\"image\":{\"@id\":\"https:\\\/\\\/www.salzburgerland.com\\\/hu\\\/brie-sajt-korte-es-cekla-raclette-serpenyoben\\\/#primaryimage\"},\"thumbnailUrl\":\"https:\\\/\\\/www.salzburgerland.com\\\/hu\\\/wp-content\\\/uploads\\\/2024\\\/07\\\/brie_blauschimmelkase_birne_rote-beete_pfannchen_hf_projekt-raclette_salzburger-agrar-marketing_martina-hofelmaier-jpg.webp\",\"keywords\":[\"k\u00f6rte\",\"\u0151szi recept\",\"raclette\"],\"articleSection\":[\"Uncategorized\"],\"inLanguage\":\"hu\"},{\"@type\":\"WebPage\",\"@id\":\"https:\\\/\\\/www.salzburgerland.com\\\/hu\\\/brie-sajt-korte-es-cekla-raclette-serpenyoben\\\/\",\"url\":\"https:\\\/\\\/www.salzburgerland.com\\\/hu\\\/brie-sajt-korte-es-cekla-raclette-serpenyoben\\\/\",\"name\":\"Brie sajt, k\u00f6rte \u00e9s c\u00e9kla raclette serpeny\u0151ben \u00bb SalzburgerLand.com\",\"isPartOf\":{\"@id\":\"https:\\\/\\\/www.salzburgerland.com\\\/hu\\\/#website\"},\"primaryImageOfPage\":{\"@id\":\"https:\\\/\\\/www.salzburgerland.com\\\/hu\\\/brie-sajt-korte-es-cekla-raclette-serpenyoben\\\/#primaryimage\"},\"image\":{\"@id\":\"https:\\\/\\\/www.salzburgerland.com\\\/hu\\\/brie-sajt-korte-es-cekla-raclette-serpenyoben\\\/#primaryimage\"},\"thumbnailUrl\":\"https:\\\/\\\/www.salzburgerland.com\\\/hu\\\/wp-content\\\/uploads\\\/2024\\\/07\\\/brie_blauschimmelkase_birne_rote-beete_pfannchen_hf_projekt-raclette_salzburger-agrar-marketing_martina-hofelmaier-jpg.webp\",\"datePublished\":\"2024-07-25T14:11:50+00:00\",\"dateModified\":\"2024-09-11T18:05:28+00:00\",\"author\":{\"@id\":\"https:\\\/\\\/www.salzburgerland.com\\\/hu\\\/#\\\/schema\\\/person\\\/e4905df070d9b3c52e1e4c730b26aa5a\"},\"description\":\"A raclette elk\u00e9sz\u00edt\u00e9s\u00e9nek sokf\u00e9le m\u00f3dja l\u00e9tezik, ahogyan a felhaszn\u00e1lt alapanyagok is v\u00e1ltozatosak lehetnek.\",\"breadcrumb\":{\"@id\":\"https:\\\/\\\/www.salzburgerland.com\\\/hu\\\/brie-sajt-korte-es-cekla-raclette-serpenyoben\\\/#breadcrumb\"},\"inLanguage\":\"hu\",\"potentialAction\":[{\"@type\":\"ReadAction\",\"target\":[\"https:\\\/\\\/www.salzburgerland.com\\\/hu\\\/brie-sajt-korte-es-cekla-raclette-serpenyoben\\\/\"]}]},{\"@type\":\"ImageObject\",\"inLanguage\":\"hu\",\"@id\":\"https:\\\/\\\/www.salzburgerland.com\\\/hu\\\/brie-sajt-korte-es-cekla-raclette-serpenyoben\\\/#primaryimage\",\"url\":\"https:\\\/\\\/www.salzburgerland.com\\\/hu\\\/wp-content\\\/uploads\\\/2024\\\/07\\\/brie_blauschimmelkase_birne_rote-beete_pfannchen_hf_projekt-raclette_salzburger-agrar-marketing_martina-hofelmaier-jpg.webp\",\"contentUrl\":\"https:\\\/\\\/www.salzburgerland.com\\\/hu\\\/wp-content\\\/uploads\\\/2024\\\/07\\\/brie_blauschimmelkase_birne_rote-beete_pfannchen_hf_projekt-raclette_salzburger-agrar-marketing_martina-hofelmaier-jpg.webp\",\"width\":1928,\"height\":2560,\"caption\":\"Brie sajt, k\u00f6rte \u00e9s c\u00e9kla raclette serpeny\u0151ben \u00a9 Salzburger Agrar Marketing, Martina H\u00f6felmaier\"},{\"@type\":\"BreadcrumbList\",\"@id\":\"https:\\\/\\\/www.salzburgerland.com\\\/hu\\\/brie-sajt-korte-es-cekla-raclette-serpenyoben\\\/#breadcrumb\",\"itemListElement\":[{\"@type\":\"ListItem\",\"position\":1,\"name\":\"K\u00f6rteszezon Salzburg tartom\u00e1nyban\",\"item\":\"https:\\\/\\\/www.salzburgerland.com\\\/hu\\\/korteszezon-salzburg-tartomanyban\\\/\"},{\"@type\":\"ListItem\",\"position\":2,\"name\":\"Brie sajt, k\u00f6rte \u00e9s c\u00e9kla raclette serpeny\u0151ben\"}]},{\"@type\":\"WebSite\",\"@id\":\"https:\\\/\\\/www.salzburgerland.com\\\/hu\\\/#website\",\"url\":\"https:\\\/\\\/www.salzburgerland.com\\\/hu\\\/\",\"name\":\"SalzburgerLand.com\",\"description\":\"\u00dcd\u00fcl\u00e9s Ausztri\u00e1ban, Salzburg tartom\u00e1nyban\",\"potentialAction\":[{\"@type\":\"SearchAction\",\"target\":{\"@type\":\"EntryPoint\",\"urlTemplate\":\"https:\\\/\\\/www.salzburgerland.com\\\/hu\\\/?s={search_term_string}\"},\"query-input\":{\"@type\":\"PropertyValueSpecification\",\"valueRequired\":true,\"valueName\":\"search_term_string\"}}],\"inLanguage\":\"hu\"},{\"@type\":\"Person\",\"@id\":\"https:\\\/\\\/www.salzburgerland.com\\\/hu\\\/#\\\/schema\\\/person\\\/e4905df070d9b3c52e1e4c730b26aa5a\",\"name\":\"Hajnalka K\u00e1di\",\"image\":{\"@type\":\"ImageObject\",\"inLanguage\":\"hu\",\"@id\":\"https:\\\/\\\/secure.gravatar.com\\\/avatar\\\/e8c1eecf3b2c49d295cebc6aba0de06d13ec77aa0cf9ccec32725949011b69d2?s=96&d=mm&r=g\",\"url\":\"https:\\\/\\\/secure.gravatar.com\\\/avatar\\\/e8c1eecf3b2c49d295cebc6aba0de06d13ec77aa0cf9ccec32725949011b69d2?s=96&d=mm&r=g\",\"contentUrl\":\"https:\\\/\\\/secure.gravatar.com\\\/avatar\\\/e8c1eecf3b2c49d295cebc6aba0de06d13ec77aa0cf9ccec32725949011b69d2?s=96&d=mm&r=g\",\"caption\":\"Hajnalka K\u00e1di\"}}]}<\/script>\n<!-- \/ Yoast SEO Premium plugin. -->","yoast_head_json":{"title":"Brie sajt, k\u00f6rte \u00e9s c\u00e9kla raclette serpeny\u0151ben \u00bb SalzburgerLand.com","description":"A raclette elk\u00e9sz\u00edt\u00e9s\u00e9nek sokf\u00e9le m\u00f3dja l\u00e9tezik, ahogyan a felhaszn\u00e1lt alapanyagok is v\u00e1ltozatosak lehetnek.","robots":{"index":"index","follow":"follow","max-snippet":"max-snippet:-1","max-image-preview":"max-image-preview:large","max-video-preview":"max-video-preview:-1"},"canonical":"https:\/\/www.salzburgerland.com\/hu\/brie-sajt-korte-es-cekla-raclette-serpenyoben\/","og_locale":"hu_HU","og_type":"article","og_title":"Brie sajt, k\u00f6rte \u00e9s c\u00e9kla raclette serpeny\u0151ben","og_description":"Brie sajt, k\u00f6rte \u00e9s c\u00e9kla raclette serpeny\u0151ben Hozz\u00e1val\u00f3k 2 k\u00f6rte 1 f\u0151tt \u00e9s h\u00e1mozott c\u00e9kla 100 g brie vagy camembert sajt 100 g k\u00e9k sajt friss kakukkf\u0171","og_url":"https:\/\/www.salzburgerland.com\/hu\/brie-sajt-korte-es-cekla-raclette-serpenyoben\/","og_site_name":"SalzburgerLand.com","article_publisher":"https:\/\/www.facebook.com\/visitsalzburgerland\/","article_published_time":"2024-07-25T14:11:50+00:00","article_modified_time":"2024-09-11T18:05:28+00:00","og_image":[{"width":1200,"height":675,"url":"https:\/\/www.salzburgerland.com\/hu\/wp-content\/uploads\/2024\/07\/brie_blauschimmelkase_birne_rote-beete_pfannchen_hf_projekt-raclette_salzburger-agrar-marketing_martina-hofelmaier-jpg-1200x675.webp","type":"image\/webp"}],"author":"Hajnalka K\u00e1di","twitter_card":"summary_large_image","twitter_creator":"@salzburgerland","twitter_site":"@salzburgerland","twitter_misc":{"Szerz\u0151:":"Hajnalka K\u00e1di","Becs\u00fclt olvas\u00e1si id\u0151":"2 perc"},"schema":{"@context":"https:\/\/schema.org","@graph":[{"@type":"Article","@id":"https:\/\/www.salzburgerland.com\/hu\/brie-sajt-korte-es-cekla-raclette-serpenyoben\/#article","isPartOf":{"@id":"https:\/\/www.salzburgerland.com\/hu\/brie-sajt-korte-es-cekla-raclette-serpenyoben\/"},"author":{"name":"Hajnalka K\u00e1di","@id":"https:\/\/www.salzburgerland.com\/hu\/#\/schema\/person\/e4905df070d9b3c52e1e4c730b26aa5a"},"headline":"Brie sajt, k\u00f6rte \u00e9s c\u00e9kla raclette serpeny\u0151ben","datePublished":"2024-07-25T14:11:50+00:00","dateModified":"2024-09-11T18:05:28+00:00","mainEntityOfPage":{"@id":"https:\/\/www.salzburgerland.com\/hu\/brie-sajt-korte-es-cekla-raclette-serpenyoben\/"},"wordCount":128,"image":{"@id":"https:\/\/www.salzburgerland.com\/hu\/brie-sajt-korte-es-cekla-raclette-serpenyoben\/#primaryimage"},"thumbnailUrl":"https:\/\/www.salzburgerland.com\/hu\/wp-content\/uploads\/2024\/07\/brie_blauschimmelkase_birne_rote-beete_pfannchen_hf_projekt-raclette_salzburger-agrar-marketing_martina-hofelmaier-jpg.webp","keywords":["k\u00f6rte","\u0151szi recept","raclette"],"articleSection":["Uncategorized"],"inLanguage":"hu"},{"@type":"WebPage","@id":"https:\/\/www.salzburgerland.com\/hu\/brie-sajt-korte-es-cekla-raclette-serpenyoben\/","url":"https:\/\/www.salzburgerland.com\/hu\/brie-sajt-korte-es-cekla-raclette-serpenyoben\/","name":"Brie sajt, k\u00f6rte \u00e9s c\u00e9kla raclette serpeny\u0151ben \u00bb SalzburgerLand.com","isPartOf":{"@id":"https:\/\/www.salzburgerland.com\/hu\/#website"},"primaryImageOfPage":{"@id":"https:\/\/www.salzburgerland.com\/hu\/brie-sajt-korte-es-cekla-raclette-serpenyoben\/#primaryimage"},"image":{"@id":"https:\/\/www.salzburgerland.com\/hu\/brie-sajt-korte-es-cekla-raclette-serpenyoben\/#primaryimage"},"thumbnailUrl":"https:\/\/www.salzburgerland.com\/hu\/wp-content\/uploads\/2024\/07\/brie_blauschimmelkase_birne_rote-beete_pfannchen_hf_projekt-raclette_salzburger-agrar-marketing_martina-hofelmaier-jpg.webp","datePublished":"2024-07-25T14:11:50+00:00","dateModified":"2024-09-11T18:05:28+00:00","author":{"@id":"https:\/\/www.salzburgerland.com\/hu\/#\/schema\/person\/e4905df070d9b3c52e1e4c730b26aa5a"},"description":"A raclette elk\u00e9sz\u00edt\u00e9s\u00e9nek sokf\u00e9le m\u00f3dja l\u00e9tezik, ahogyan a felhaszn\u00e1lt alapanyagok is v\u00e1ltozatosak lehetnek.","breadcrumb":{"@id":"https:\/\/www.salzburgerland.com\/hu\/brie-sajt-korte-es-cekla-raclette-serpenyoben\/#breadcrumb"},"inLanguage":"hu","potentialAction":[{"@type":"ReadAction","target":["https:\/\/www.salzburgerland.com\/hu\/brie-sajt-korte-es-cekla-raclette-serpenyoben\/"]}]},{"@type":"ImageObject","inLanguage":"hu","@id":"https:\/\/www.salzburgerland.com\/hu\/brie-sajt-korte-es-cekla-raclette-serpenyoben\/#primaryimage","url":"https:\/\/www.salzburgerland.com\/hu\/wp-content\/uploads\/2024\/07\/brie_blauschimmelkase_birne_rote-beete_pfannchen_hf_projekt-raclette_salzburger-agrar-marketing_martina-hofelmaier-jpg.webp","contentUrl":"https:\/\/www.salzburgerland.com\/hu\/wp-content\/uploads\/2024\/07\/brie_blauschimmelkase_birne_rote-beete_pfannchen_hf_projekt-raclette_salzburger-agrar-marketing_martina-hofelmaier-jpg.webp","width":1928,"height":2560,"caption":"Brie sajt, k\u00f6rte \u00e9s c\u00e9kla raclette serpeny\u0151ben \u00a9 Salzburger Agrar Marketing, Martina H\u00f6felmaier"},{"@type":"BreadcrumbList","@id":"https:\/\/www.salzburgerland.com\/hu\/brie-sajt-korte-es-cekla-raclette-serpenyoben\/#breadcrumb","itemListElement":[{"@type":"ListItem","position":1,"name":"K\u00f6rteszezon Salzburg tartom\u00e1nyban","item":"https:\/\/www.salzburgerland.com\/hu\/korteszezon-salzburg-tartomanyban\/"},{"@type":"ListItem","position":2,"name":"Brie sajt, k\u00f6rte \u00e9s c\u00e9kla raclette serpeny\u0151ben"}]},{"@type":"WebSite","@id":"https:\/\/www.salzburgerland.com\/hu\/#website","url":"https:\/\/www.salzburgerland.com\/hu\/","name":"SalzburgerLand.com","description":"\u00dcd\u00fcl\u00e9s Ausztri\u00e1ban, Salzburg tartom\u00e1nyban","potentialAction":[{"@type":"SearchAction","target":{"@type":"EntryPoint","urlTemplate":"https:\/\/www.salzburgerland.com\/hu\/?s={search_term_string}"},"query-input":{"@type":"PropertyValueSpecification","valueRequired":true,"valueName":"search_term_string"}}],"inLanguage":"hu"},{"@type":"Person","@id":"https:\/\/www.salzburgerland.com\/hu\/#\/schema\/person\/e4905df070d9b3c52e1e4c730b26aa5a","name":"Hajnalka K\u00e1di","image":{"@type":"ImageObject","inLanguage":"hu","@id":"https:\/\/secure.gravatar.com\/avatar\/e8c1eecf3b2c49d295cebc6aba0de06d13ec77aa0cf9ccec32725949011b69d2?s=96&d=mm&r=g","url":"https:\/\/secure.gravatar.com\/avatar\/e8c1eecf3b2c49d295cebc6aba0de06d13ec77aa0cf9ccec32725949011b69d2?s=96&d=mm&r=g","contentUrl":"https:\/\/secure.gravatar.com\/avatar\/e8c1eecf3b2c49d295cebc6aba0de06d13ec77aa0cf9ccec32725949011b69d2?s=96&d=mm&r=g","caption":"Hajnalka K\u00e1di"}}]}},"_wl_alt_label":[],"wl:entity_url":"http:\/\/open.salzburgerland.com\/hu\/post\/brie-sajt-korte-es-cekla-raclette-serpenyoben-22081","_links":{"self":[{"href":"https:\/\/www.salzburgerland.com\/hu\/wp-json\/wp\/v2\/posts\/22081","targetHints":{"allow":["GET"]}}],"collection":[{"href":"https:\/\/www.salzburgerland.com\/hu\/wp-json\/wp\/v2\/posts"}],"about":[{"href":"https:\/\/www.salzburgerland.com\/hu\/wp-json\/wp\/v2\/types\/post"}],"author":[{"embeddable":true,"href":"https:\/\/www.salzburgerland.com\/hu\/wp-json\/wp\/v2\/users\/21"}],"replies":[{"embeddable":true,"href":"https:\/\/www.salzburgerland.com\/hu\/wp-json\/wp\/v2\/comments?post=22081"}],"version-history":[{"count":5,"href":"https:\/\/www.salzburgerland.com\/hu\/wp-json\/wp\/v2\/posts\/22081\/revisions"}],"predecessor-version":[{"id":22149,"href":"https:\/\/www.salzburgerland.com\/hu\/wp-json\/wp\/v2\/posts\/22081\/revisions\/22149"}],"wp:featuredmedia":[{"embeddable":true,"href":"https:\/\/www.salzburgerland.com\/hu\/wp-json\/wp\/v2\/media\/22082"}],"wp:attachment":[{"href":"https:\/\/www.salzburgerland.com\/hu\/wp-json\/wp\/v2\/media?parent=22081"}],"wp:term":[{"taxonomy":"category","embeddable":true,"href":"https:\/\/www.salzburgerland.com\/hu\/wp-json\/wp\/v2\/categories?post=22081"},{"taxonomy":"post_tag","embeddable":true,"href":"https:\/\/www.salzburgerland.com\/hu\/wp-json\/wp\/v2\/tags?post=22081"},{"taxonomy":"wl_entity_type","embeddable":true,"href":"https:\/\/www.salzburgerland.com\/hu\/wp-json\/wp\/v2\/wl_entity_type?post=22081"}],"curies":[{"name":"wp","href":"https:\/\/api.w.org\/{rel}","templated":true}]}}