{"id":21751,"date":"2024-04-04T14:53:17","date_gmt":"2024-04-04T12:53:17","guid":{"rendered":"https:\/\/www.salzburgerland.com\/hu\/?p=21751"},"modified":"2024-10-20T21:55:35","modified_gmt":"2024-10-20T19:55:35","slug":"gastein-trendi-es-szorakoztato-sportok","status":"publish","type":"post","link":"https:\/\/www.salzburgerland.com\/hu\/gastein-trendi-es-szorakoztato-sportok\/","title":{"rendered":"Trendi \u00e9s sz\u00f3rakoztat\u00f3 sportok Gasteinben"},"content":{"rendered":"<h4>Teniszez\u00e9s a Gateinertal v\u00f6lgyben<\/h4>\n<p>Pr\u00f3b\u00e1lja ki a <a href=\"https:\/\/www.gastein.com\/en\/experiences\/sport-nature\/tennis\/\" target=\"_blank\" rel=\"noopener\"><strong>kit\u0171n\u0151en karbantartott teniszp\u00e1ly\u00e1kat<\/strong><\/a> egy szettre szeretteivel, vagy fejlessze tud\u00e1s\u00e1t c\u00e9lzott edz\u00e9sekkel, oktat\u00f3val. Ak\u00e1r ny\u00e1ri, ak\u00e1r t\u00e9li vak\u00e1ci\u00f3n van, ha szeretn\u00e9 kihaszn\u00e1lni az id\u0151t, hogy v\u00e9gre visszat\u00e9rjen kedvenc sportj\u00e1hoz, a teniszhez, Gastein a megfelel\u0151 hely az \u00d6n sz\u00e1m\u00e1ra. Gasteinben m\u00e1r \u00e9vek \u00f3ta nagy hagyom\u00e1nya van a tenisznek, \u00e9s a <strong>23 teniszp\u00e1ly\u00e1n<\/strong> \u2013 19 szabadt\u00e9ri \u00e9s 4 fedett \u2013 a sport kedvel\u0151i igaz\u00e1n <strong>kiereszthetik a g\u0151zt<\/strong>. Ak\u00e1r p\u00e1rban, ak\u00e1r n\u00e9gyesben, a teniszez\u00e9s igaz\u00e1n felp\u00f6rgeti a v\u00e9rkering\u00e9st.<\/p>\n<div id=\"attachment_21754\" style=\"width: 1180px\" class=\"wp-caption alignnone\"><img decoding=\"async\" aria-describedby=\"caption-attachment-21754\" class=\"size-1170_658 wp-image-21754\" src=\"https:\/\/www.salzburgerland.com\/hu\/wp-content\/uploads\/2024\/04\/csm_tennisplatz_tennis_spiele__c__gasteinertal_tourismus_gmbh__michael_koenigshofer__1__1280x520_212d231d5a-1170x520.jpeg\" alt=\"Tenisz\u00f3r\u00e1kat is vehet\u00fcnk Gasteinben\" width=\"1170\" height=\"520\"><p id=\"caption-attachment-21754\" class=\"wp-caption-text\">Tenisz\u00f3r\u00e1kat is vehet\u00fcnk Gasteinben \u00a9 Gasteinertal Tourismus, Michael Koenigshofer<\/p><\/div>\n<h4>Golf\u00fcd\u00fcl\u00e9s Gasteinben<\/h4>\n<p>A golf rajong\u00f3i itt igaz\u00e1n k\u00fcl\u00f6nleges <a href=\"https:\/\/www.gastein.com\/en\/experiences\/sport-nature\/golf\/\" target=\"_blank\" rel=\"noopener\"><strong>golfoz\u00e1ssal<\/strong><\/a> k\u00e9nyeztethetik magukat, hiszen minden \u00fct\u00e9s mell\u00e9 l\u00e9legzetel\u00e1ll\u00edt\u00f3 panor\u00e1ma j\u00e1r. A fest\u0151i sz\u00e9ps\u00e9g\u0171 golfp\u00e1lya minden tud\u00e1sszinten kih\u00edv\u00e1st jelent a j\u00e1t\u00e9kosoknak. \u00c9rz\u00e9kei ki\u00e9lesednek, koncentr\u00e1ci\u00f3ja a m\u00e9g mindig a p\u00e1ly\u00e1n pihen\u0151 kis feh\u00e9r golflabd\u00e1ra \u00f6sszpontosul. R\u00f6viden ellen\u0151rizze az alaphelyzetet, \u00e9s gondolkodjon a r\u00f6pp\u00e1ly\u00e1n. J\u00f6het az \u00fct\u00e9s, \u00e9s a s\u00e9ta, mik\u00f6zben gy\u00f6ny\u00f6rk\u00f6dhet a t\u00e1j sz\u00e9ps\u00e9g\u00e9ben. \u00cdgy n\u00e9z ki egy nap a 18 lyuk\u00fa golfp\u00e1ly\u00e1n egy <a href=\"https:\/\/www.salzburgerland.com\/hu\/golf\/\" target=\"_blank\" rel=\"noopener\"><strong>golfnyaral\u00e1son<\/strong><\/a> Salzburg tartom\u00e1nyban.<\/p>\n<div id=\"attachment_15267\" style=\"width: 1034px\" class=\"wp-caption alignnone\"><img decoding=\"async\" aria-describedby=\"caption-attachment-15267\" class=\"size-large wp-image-15267\" src=\"https:\/\/www.salzburgerland.com\/hu\/wp-content\/uploads\/2021\/05\/golf-in-gastein-c-gastein-1024x569-1.jpg\" alt=\"Golf\" width=\"1024\" height=\"569\" srcset=\"https:\/\/www.salzburgerland.com\/hu\/wp-content\/uploads\/2021\/05\/golf-in-gastein-c-gastein-1024x569-1.jpg 1024w, https:\/\/www.salzburgerland.com\/hu\/wp-content\/uploads\/2021\/05\/golf-in-gastein-c-gastein-1024x569-1-370x206.jpg 370w, https:\/\/www.salzburgerland.com\/hu\/wp-content\/uploads\/2021\/05\/golf-in-gastein-c-gastein-1024x569-1-768x427.jpg 768w, https:\/\/www.salzburgerland.com\/hu\/wp-content\/uploads\/2021\/05\/golf-in-gastein-c-gastein-1024x569-1-270x150.jpg 270w, https:\/\/www.salzburgerland.com\/hu\/wp-content\/uploads\/2021\/05\/golf-in-gastein-c-gastein-1024x569-1-540x300.jpg 540w\" sizes=\"(max-width: 1024px) 100vw, 1024px\"><p id=\"caption-attachment-15267\" class=\"wp-caption-text\">Golfoz\u00e1s Gasteinben \u00a9 Gasteinertal Tourismus, Manuel Marktl<\/p><\/div>\n<h4>Strand \u00e9s f\u00fcrd\u0151z\u00e9s<\/h4>\n<p>H\u0171s\u00f6lj\u00f6n \u00e9s pihenjen a <a href=\"https:\/\/www.gastein.com\/en\/experiences\/sport-nature\/swimming\/swimming-lake\/\" target=\"_blank\" rel=\"noopener\"><strong>term\u00e9szetes tavak<\/strong><\/a> \u00e9s <strong>medenc\u00e9k<\/strong> krist\u00e1lytiszta viz\u00e9ben. Sz\u00e1njon id\u0151t az idilli k\u00f6rnyezetben val\u00f3 f\u00fcrd\u0151z\u00e9sre, \u00e9s \u00e9lvezze a term\u00e9szetet a maga teljess\u00e9g\u00e9ben. A vizet az \u00e9let forr\u00e1s\u00e1nak tekintik, \u00e9s ez a Gasteinertal v\u00f6lgyben is t\u00fckr\u00f6z\u0151dik. Az Ache foly\u00f3, a term\u00e1lf\u00fcrd\u0151k, a krist\u00e1lytiszta, iv\u00f3v\u00edz min\u0151s\u00e9g\u0171 hegyi tavak, patakok \u00e9s a h\u00edres Bad Gastein-i v\u00edzes\u00e9s csak n\u00e9h\u00e1ny ezek k\u00f6z\u00fcl. A v\u00edz sokf\u00e9lek\u00e9ppen utat t\u00f6r mag\u00e1nak a v\u00f6lgyben, \u00e9s k\u00e9nyezteti a l\u00e1togat\u00f3kat egy f\u00fcrd\u0151z\u00e9ssel t\u00f6lt\u00f6tt nyaral\u00e1s sor\u00e1n.<\/p>\n<div id=\"attachment_21752\" style=\"width: 1180px\" class=\"wp-caption alignnone\"><img decoding=\"async\" aria-describedby=\"caption-attachment-21752\" class=\"size-1170_658 wp-image-21752\" src=\"https:\/\/www.salzburgerland.com\/hu\/wp-content\/uploads\/2024\/04\/csm_baden_gasteiner_badesee__c__gasteinertal_tourismus_gmbh__michael_koenigshofer__2__1920x560_fd5a3f3854-1170x550.jpeg\" alt=\"F\u00fcrd\u0151t\u00f3 Gasteinben\" width=\"1170\" height=\"550\"><p id=\"caption-attachment-21752\" class=\"wp-caption-text\">F\u00fcrd\u0151t\u00f3 Gasteinben \u00a9 Gasteinertal Tourismus, Michael Koenigshofer<\/p><\/div>\n<h4>Adrenalin \u00e9s magaslatok Gasteinben<\/h4>\n<p>L\u00e9legzetel\u00e1ll\u00edt\u00f3 <a href=\"https:\/\/www.gastein.com\/en\/experiences\/sport-nature\/climbing\/\" target=\"_blank\" rel=\"noopener\"><strong>hegym\u00e1sz\u00f3 \u00fatvonalak<\/strong><\/a> v\u00e1rnak felfedez\u00e9sre Gasteinben, ahol minden tud\u00e1sszint\u0171 hegym\u00e1sz\u00f3 tal\u00e1l mag\u00e1nak val\u00f3t, a kezd\u0151kt\u0151l a tapasztalt alpinist\u00e1kig. A fizikai meger\u0151ltet\u00e9s, a koncentr\u00e1ci\u00f3 \u00e9s a l\u00e9legzetel\u00e1ll\u00edt\u00f3 panor\u00e1ma kombin\u00e1ci\u00f3ja felejthetetlen \u00e9lm\u00e9nny\u00e9 teszi a gasteini hegym\u00e1sz\u00e1st. Ne hagyja ki a lehet\u0151s\u00e9get, hogy r\u00e9szt vegyen egy hegym\u00e1sz\u00f3 tanfolyamon, ahol tapasztalt vezet\u0151k mutatnak be \u00faj technik\u00e1kat.<\/p>\n<div id=\"attachment_21755\" style=\"width: 1180px\" class=\"wp-caption alignnone\"><img decoding=\"async\" aria-describedby=\"caption-attachment-21755\" class=\"size-1170_658 wp-image-21755\" src=\"https:\/\/www.salzburgerland.com\/hu\/wp-content\/uploads\/2024\/04\/csm_03-klettern-contentfoto1280x520-aktiv_35ce01d09b-1170x520.jpeg\" alt=\"Sziklam\u00e1sz\u00e1s Gasteinben \" width=\"1170\" height=\"520\"><p id=\"caption-attachment-21755\" class=\"wp-caption-text\">Sziklam\u00e1sz\u00e1s Gasteinben \u00a9 Gasteinertal Tourismus<\/p><\/div>\n<h4>J\u00f3ga Gasteinben<\/h4>\n<p><a href=\"https:\/\/www.gastein.com\/en\/spa\/yoga\/\" target=\"_blank\" rel=\"noopener noreferrer\"><strong>J\u00f3g\u00e1zni mindig lehet Gasteinben<\/strong><\/a><span>, ak\u00e1r f\u00f6nn a hegycs\u00facsokon, ak\u00e1r a v\u00f6lgyben. Azonban \u00e9vente k\u00e9tszer,<\/span><strong><span>\u00a0<\/span>tavasszal (Yogafr\u00fchling) \u00e9s \u0151sszel (Yogaherbst)<\/strong><span>\u00a0a\u00a0<\/span><strong>j\u00f3ga<\/strong><span>\u00a0\u00e1ll Gasteinben a figyelem k\u00f6z\u00e9ppontj\u00e1ban. Az eur\u00f3pai szinten a legjelent\u0151sebbek k\u00f6z\u00e9 tartoz\u00f3,\u00a0<\/span><strong>t\u00edznapos j\u00f3garendezv\u00e9ny<\/strong><span>\u00a0foglalkoz\u00e1sait k\u00fcl\u00f6nb\u00f6z\u0151\u00a0<\/span><strong>sz\u00e1llod\u00e1kban \u00e9s a szabadban<\/strong><span>\u00a0tartj\u00e1k, de jut bel\u0151l\u00fck a Gasteinertal v\u00f6lgy h\u00e1rom telep\u00fcl\u00e9s\u00e9nek tereire is.<\/span><\/p>\n<div id=\"attachment_5000\" style=\"width: 1180px\" class=\"wp-caption alignnone\"><img decoding=\"async\" aria-describedby=\"caption-attachment-5000\" class=\"size-1170_658 wp-image-5000\" src=\"https:\/\/www.salzburgerland.com\/hu\/wp-content\/uploads\/2019\/07\/-salzburgerland-tourismus-tom-son--jga-a-reedsee-tnl-bad-gastein-koernykn-1170x658.jpg\" alt=\"J\u00f3ga a Bad Gastein k\u00f6rny\u00e9ki Reedsee t\u00f3n\u00e1l.\" width=\"1170\" height=\"658\" srcset=\"https:\/\/www.salzburgerland.com\/hu\/wp-content\/uploads\/2019\/07\/-salzburgerland-tourismus-tom-son--jga-a-reedsee-tnl-bad-gastein-koernykn-1170x658.jpg 1170w, https:\/\/www.salzburgerland.com\/hu\/wp-content\/uploads\/2019\/07\/-salzburgerland-tourismus-tom-son--jga-a-reedsee-tnl-bad-gastein-koernykn-1200x675.jpg 1200w\" sizes=\"(max-width: 1170px) 100vw, 1170px\"><p id=\"caption-attachment-5000\" class=\"wp-caption-text\">J\u00f3ga a Bad Gastein k\u00f6rny\u00e9ki Reedsee t\u00f3n\u00e1l \u00a9 SalzburgerLand Tourismus, Tom Son<\/p><\/div>\n<h4>Hegyifut\u00f3 trail-ek Gasteinben<\/h4>\n<p>Cs\u00facsr\u00f3l cs\u00facsra, hegyeken \u00e9s v\u00f6lgyeken \u00e1t, keskeny \u00f6sv\u00e9nyeken \u00e9s meredek lejt\u0151k\u00f6n futva. A k\u00f6zel <strong>600 kilom\u00e9ternyi t\u00fara\u00fatvonal<\/strong> h\u00edvogat, hogy terepbej\u00e1r\u00f3 temp\u00f3ban v\u00e1gjunk neki. A jutalom <strong>gy\u00f6ny\u00f6r\u0171 kil\u00e1t\u00e1s<\/strong>, \u00e9s a fut\u00e1s \u00e9lm\u00e9nye az erdei \u00f6sv\u00e9nyeken, mag\u00e1nyosan a hegyvid\u00e9ki t\u00e1jon \u00e1t. Gastein egyed\u00fcl\u00e1ll\u00f3 k\u00f6rnyezetet k\u00edn\u00e1l a <strong>t\u00e1jfut\u00f3knak<\/strong>, csod\u00e1latos kil\u00e1t\u00e1ssal \u00e9s izgalmas \u00e1lland\u00f3 \u00fatvonalakkal.<\/p>\n<div id=\"attachment_9184\" style=\"width: 1180px\" class=\"wp-caption alignnone\"><img decoding=\"async\" aria-describedby=\"caption-attachment-9184\" class=\"size-1170_658 wp-image-9184\" src=\"https:\/\/www.salzburgerland.com\/hu\/wp-content\/uploads\/2020\/03\/ait_bc_ss_18_michael_mueller__1088-1170x658.jpg\" alt=\"\" width=\"1170\" height=\"658\" srcset=\"https:\/\/www.salzburgerland.com\/hu\/wp-content\/uploads\/2020\/03\/ait_bc_ss_18_michael_mueller__1088-1170x658.jpg 1170w, https:\/\/www.salzburgerland.com\/hu\/wp-content\/uploads\/2020\/03\/ait_bc_ss_18_michael_mueller__1088-1200x675.jpg 1200w\" sizes=\"(max-width: 1170px) 100vw, 1170px\"><p id=\"caption-attachment-9184\" class=\"wp-caption-text\">adidas INFINITE TRAILS World Championships hegyifut\u00f3 v\u00e1lt\u00f3 verseny Gasteinben \u00a9 Michael M\u00fcller<\/p><\/div>\n","protected":false},"excerpt":{"rendered":"<p>Teniszez\u00e9s a Gateinertal v\u00f6lgyben Pr\u00f3b\u00e1lja ki a kit\u0171n\u0151en karbantartott teniszp\u00e1ly\u00e1kat egy szettre szeretteivel, vagy fejlessze tud\u00e1s\u00e1t c\u00e9lzott edz\u00e9sekkel, oktat\u00f3val. Ak\u00e1r ny\u00e1ri, ak\u00e1r t\u00e9li vak\u00e1ci\u00f3n van, ha szeretn\u00e9 kihaszn\u00e1lni az id\u0151t, hogy v\u00e9gre visszat\u00e9rjen kedvenc sportj\u00e1hoz, a teniszhez, Gastein a megfelel\u0151 hely az \u00d6n sz\u00e1m\u00e1ra. Gasteinben m\u00e1r \u00e9vek \u00f3ta nagy hagyom\u00e1nya van a tenisznek, \u00e9s a [&hellip;]<\/p>\n","protected":false},"author":21,"featured_media":15267,"comment_status":"closed","ping_status":"closed","sticky":false,"template":"","format":"standard","meta":{"_acf_changed":false,"wl_entities_gutenberg":"","_relevanssi_hide_post":"","_relevanssi_hide_content":"","_relevanssi_pin_for_all":"","_relevanssi_pin_keywords":"","_relevanssi_unpin_keywords":"","_relevanssi_related_keywords":"","_relevanssi_related_include_ids":"","_relevanssi_related_exclude_ids":"","_relevanssi_related_no_append":"","_relevanssi_related_not_related":"","_relevanssi_related_posts":"","_relevanssi_noindex_reason":"","footnotes":""},"categories":[1],"tags":[690,684,689,691],"wl_entity_type":[27],"class_list":["post-21751","post","type-post","status-publish","format-standard","has-post-thumbnail","hentry","category-uncategorized","tag-furdozes","tag-gastein","tag-golfozas","tag-tenisz","wl_entity_type-article"],"acf":[],"yoast_head":"<!-- This site is optimized with the Yoast SEO Premium plugin v27.4 (Yoast SEO v27.4) - https:\/\/yoast.com\/product\/yoast-seo-premium-wordpress\/ -->\n<title>Trendi \u00e9s sz\u00f3rakoztat\u00f3 sportok Gasteinben \u00bb SalzburgerLand.com<\/title>\n<meta name=\"description\" content=\"Trendi \u00e9s sz\u00f3rakoztat\u00f3 sportok Gasteinben, tele lehet\u0151s\u00e9gekkel \u00e9s kalanddal az alpesi term\u00e9szetben, nagyszer\u0171 t\u00e1jakkal \u00e9s kult\u00far\u00e1val.\" \/>\n<meta name=\"robots\" content=\"index, follow, max-snippet:-1, max-image-preview:large, max-video-preview:-1\" \/>\n<link rel=\"canonical\" href=\"https:\/\/www.salzburgerland.com\/hu\/gastein-trendi-es-szorakoztato-sportok\/\" \/>\n<meta property=\"og:locale\" content=\"hu_HU\" \/>\n<meta property=\"og:type\" content=\"article\" \/>\n<meta property=\"og:title\" content=\"Trendi \u00e9s sz\u00f3rakoztat\u00f3 sportok Gasteinben\" \/>\n<meta property=\"og:description\" content=\"Teniszez\u00e9s a Gateinertal v\u00f6lgyben Pr\u00f3b\u00e1lja ki a kit\u0171n\u0151en karbantartott teniszp\u00e1ly\u00e1kat egy szettre szeretteivel, vagy fejlessze tud\u00e1s\u00e1t c\u00e9lzott edz\u00e9sekkel,\" \/>\n<meta property=\"og:url\" content=\"https:\/\/www.salzburgerland.com\/hu\/gastein-trendi-es-szorakoztato-sportok\/\" \/>\n<meta property=\"og:site_name\" content=\"SalzburgerLand.com\" \/>\n<meta property=\"article:publisher\" content=\"https:\/\/www.facebook.com\/visitsalzburgerland\/\" \/>\n<meta property=\"article:published_time\" content=\"2024-04-04T12:53:17+00:00\" \/>\n<meta property=\"article:modified_time\" content=\"2024-10-20T19:55:35+00:00\" \/>\n<meta property=\"og:image\" content=\"https:\/\/www.salzburgerland.com\/hu\/wp-content\/uploads\/2021\/05\/golf-in-gastein-c-gastein-1024x569-1.jpg\" \/>\n\t<meta property=\"og:image:width\" content=\"1024\" \/>\n\t<meta property=\"og:image:height\" content=\"569\" \/>\n\t<meta property=\"og:image:type\" content=\"image\/jpeg\" \/>\n<meta name=\"author\" content=\"Hajnalka K\u00e1di\" \/>\n<meta name=\"twitter:card\" content=\"summary_large_image\" \/>\n<meta name=\"twitter:creator\" content=\"@salzburgerland\" \/>\n<meta name=\"twitter:site\" content=\"@salzburgerland\" \/>\n<meta name=\"twitter:label1\" content=\"Szerz\u0151:\" \/>\n\t<meta name=\"twitter:data1\" content=\"Hajnalka K\u00e1di\" \/>\n\t<meta name=\"twitter:label2\" content=\"Becs\u00fclt olvas\u00e1si id\u0151\" \/>\n\t<meta name=\"twitter:data2\" content=\"5 perc\" \/>\n<script type=\"application\/ld+json\" class=\"yoast-schema-graph\">{\"@context\":\"https:\\\/\\\/schema.org\",\"@graph\":[{\"@type\":\"Article\",\"@id\":\"https:\\\/\\\/www.salzburgerland.com\\\/hu\\\/gastein-trendi-es-szorakoztato-sportok\\\/#article\",\"isPartOf\":{\"@id\":\"https:\\\/\\\/www.salzburgerland.com\\\/hu\\\/gastein-trendi-es-szorakoztato-sportok\\\/\"},\"author\":{\"name\":\"Hajnalka K\u00e1di\",\"@id\":\"https:\\\/\\\/www.salzburgerland.com\\\/hu\\\/#\\\/schema\\\/person\\\/e4905df070d9b3c52e1e4c730b26aa5a\"},\"headline\":\"Trendi \u00e9s sz\u00f3rakoztat\u00f3 sportok Gasteinben\",\"datePublished\":\"2024-04-04T12:53:17+00:00\",\"dateModified\":\"2024-10-20T19:55:35+00:00\",\"mainEntityOfPage\":{\"@id\":\"https:\\\/\\\/www.salzburgerland.com\\\/hu\\\/gastein-trendi-es-szorakoztato-sportok\\\/\"},\"wordCount\":755,\"image\":{\"@id\":\"https:\\\/\\\/www.salzburgerland.com\\\/hu\\\/gastein-trendi-es-szorakoztato-sportok\\\/#primaryimage\"},\"thumbnailUrl\":\"https:\\\/\\\/www.salzburgerland.com\\\/hu\\\/wp-content\\\/uploads\\\/2021\\\/05\\\/golf-in-gastein-c-gastein-1024x569-1.jpg\",\"keywords\":[\"f\u00fcrd\u0151z\u00e9s\",\"Gastein\",\"golfoz\u00e1s\",\"tenisz\"],\"articleSection\":[\"Uncategorized\"],\"inLanguage\":\"hu\"},{\"@type\":\"WebPage\",\"@id\":\"https:\\\/\\\/www.salzburgerland.com\\\/hu\\\/gastein-trendi-es-szorakoztato-sportok\\\/\",\"url\":\"https:\\\/\\\/www.salzburgerland.com\\\/hu\\\/gastein-trendi-es-szorakoztato-sportok\\\/\",\"name\":\"Trendi \u00e9s sz\u00f3rakoztat\u00f3 sportok Gasteinben \u00bb SalzburgerLand.com\",\"isPartOf\":{\"@id\":\"https:\\\/\\\/www.salzburgerland.com\\\/hu\\\/#website\"},\"primaryImageOfPage\":{\"@id\":\"https:\\\/\\\/www.salzburgerland.com\\\/hu\\\/gastein-trendi-es-szorakoztato-sportok\\\/#primaryimage\"},\"image\":{\"@id\":\"https:\\\/\\\/www.salzburgerland.com\\\/hu\\\/gastein-trendi-es-szorakoztato-sportok\\\/#primaryimage\"},\"thumbnailUrl\":\"https:\\\/\\\/www.salzburgerland.com\\\/hu\\\/wp-content\\\/uploads\\\/2021\\\/05\\\/golf-in-gastein-c-gastein-1024x569-1.jpg\",\"datePublished\":\"2024-04-04T12:53:17+00:00\",\"dateModified\":\"2024-10-20T19:55:35+00:00\",\"author\":{\"@id\":\"https:\\\/\\\/www.salzburgerland.com\\\/hu\\\/#\\\/schema\\\/person\\\/e4905df070d9b3c52e1e4c730b26aa5a\"},\"description\":\"Trendi \u00e9s sz\u00f3rakoztat\u00f3 sportok Gasteinben, tele lehet\u0151s\u00e9gekkel \u00e9s kalanddal az alpesi term\u00e9szetben, nagyszer\u0171 t\u00e1jakkal \u00e9s kult\u00far\u00e1val.\",\"breadcrumb\":{\"@id\":\"https:\\\/\\\/www.salzburgerland.com\\\/hu\\\/gastein-trendi-es-szorakoztato-sportok\\\/#breadcrumb\"},\"inLanguage\":\"hu\",\"potentialAction\":[{\"@type\":\"ReadAction\",\"target\":[\"https:\\\/\\\/www.salzburgerland.com\\\/hu\\\/gastein-trendi-es-szorakoztato-sportok\\\/\"]}]},{\"@type\":\"ImageObject\",\"inLanguage\":\"hu\",\"@id\":\"https:\\\/\\\/www.salzburgerland.com\\\/hu\\\/gastein-trendi-es-szorakoztato-sportok\\\/#primaryimage\",\"url\":\"https:\\\/\\\/www.salzburgerland.com\\\/hu\\\/wp-content\\\/uploads\\\/2021\\\/05\\\/golf-in-gastein-c-gastein-1024x569-1.jpg\",\"contentUrl\":\"https:\\\/\\\/www.salzburgerland.com\\\/hu\\\/wp-content\\\/uploads\\\/2021\\\/05\\\/golf-in-gastein-c-gastein-1024x569-1.jpg\",\"width\":1024,\"height\":569,\"caption\":\"Golfoz\u00e1s Gasteinben \u00a9 Gasteinertal Tourismus, Manuel Marktl\"},{\"@type\":\"BreadcrumbList\",\"@id\":\"https:\\\/\\\/www.salzburgerland.com\\\/hu\\\/gastein-trendi-es-szorakoztato-sportok\\\/#breadcrumb\",\"itemListElement\":[{\"@type\":\"ListItem\",\"position\":1,\"name\":\"Gastein \u2013 NY\u00c1R\",\"item\":\"https:\\\/\\\/www.salzburgerland.com\\\/hu\\\/gastein-nyar\\\/\"},{\"@type\":\"ListItem\",\"position\":2,\"name\":\"Trendi \u00e9s sz\u00f3rakoztat\u00f3 sportok Gasteinben\"}]},{\"@type\":\"WebSite\",\"@id\":\"https:\\\/\\\/www.salzburgerland.com\\\/hu\\\/#website\",\"url\":\"https:\\\/\\\/www.salzburgerland.com\\\/hu\\\/\",\"name\":\"SalzburgerLand.com\",\"description\":\"\u00dcd\u00fcl\u00e9s Ausztri\u00e1ban, Salzburg tartom\u00e1nyban\",\"potentialAction\":[{\"@type\":\"SearchAction\",\"target\":{\"@type\":\"EntryPoint\",\"urlTemplate\":\"https:\\\/\\\/www.salzburgerland.com\\\/hu\\\/?s={search_term_string}\"},\"query-input\":{\"@type\":\"PropertyValueSpecification\",\"valueRequired\":true,\"valueName\":\"search_term_string\"}}],\"inLanguage\":\"hu\"},{\"@type\":\"Person\",\"@id\":\"https:\\\/\\\/www.salzburgerland.com\\\/hu\\\/#\\\/schema\\\/person\\\/e4905df070d9b3c52e1e4c730b26aa5a\",\"name\":\"Hajnalka K\u00e1di\",\"image\":{\"@type\":\"ImageObject\",\"inLanguage\":\"hu\",\"@id\":\"https:\\\/\\\/secure.gravatar.com\\\/avatar\\\/e8c1eecf3b2c49d295cebc6aba0de06d13ec77aa0cf9ccec32725949011b69d2?s=96&d=mm&r=g\",\"url\":\"https:\\\/\\\/secure.gravatar.com\\\/avatar\\\/e8c1eecf3b2c49d295cebc6aba0de06d13ec77aa0cf9ccec32725949011b69d2?s=96&d=mm&r=g\",\"contentUrl\":\"https:\\\/\\\/secure.gravatar.com\\\/avatar\\\/e8c1eecf3b2c49d295cebc6aba0de06d13ec77aa0cf9ccec32725949011b69d2?s=96&d=mm&r=g\",\"caption\":\"Hajnalka K\u00e1di\"}}]}<\/script>\n<!-- \/ Yoast SEO Premium plugin. -->","yoast_head_json":{"title":"Trendi \u00e9s sz\u00f3rakoztat\u00f3 sportok Gasteinben \u00bb SalzburgerLand.com","description":"Trendi \u00e9s sz\u00f3rakoztat\u00f3 sportok Gasteinben, tele lehet\u0151s\u00e9gekkel \u00e9s kalanddal az alpesi term\u00e9szetben, nagyszer\u0171 t\u00e1jakkal \u00e9s kult\u00far\u00e1val.","robots":{"index":"index","follow":"follow","max-snippet":"max-snippet:-1","max-image-preview":"max-image-preview:large","max-video-preview":"max-video-preview:-1"},"canonical":"https:\/\/www.salzburgerland.com\/hu\/gastein-trendi-es-szorakoztato-sportok\/","og_locale":"hu_HU","og_type":"article","og_title":"Trendi \u00e9s sz\u00f3rakoztat\u00f3 sportok Gasteinben","og_description":"Teniszez\u00e9s a Gateinertal v\u00f6lgyben Pr\u00f3b\u00e1lja ki a kit\u0171n\u0151en karbantartott teniszp\u00e1ly\u00e1kat egy szettre szeretteivel, vagy fejlessze tud\u00e1s\u00e1t c\u00e9lzott edz\u00e9sekkel,","og_url":"https:\/\/www.salzburgerland.com\/hu\/gastein-trendi-es-szorakoztato-sportok\/","og_site_name":"SalzburgerLand.com","article_publisher":"https:\/\/www.facebook.com\/visitsalzburgerland\/","article_published_time":"2024-04-04T12:53:17+00:00","article_modified_time":"2024-10-20T19:55:35+00:00","og_image":[{"url":"https:\/\/www.salzburgerland.com\/hu\/wp-content\/uploads\/2021\/05\/golf-in-gastein-c-gastein-1024x569-1.jpg","width":1024,"height":569,"type":"image\/jpeg"}],"author":"Hajnalka K\u00e1di","twitter_card":"summary_large_image","twitter_creator":"@salzburgerland","twitter_site":"@salzburgerland","twitter_misc":{"Szerz\u0151:":"Hajnalka K\u00e1di","Becs\u00fclt olvas\u00e1si id\u0151":"5 perc"},"schema":{"@context":"https:\/\/schema.org","@graph":[{"@type":"Article","@id":"https:\/\/www.salzburgerland.com\/hu\/gastein-trendi-es-szorakoztato-sportok\/#article","isPartOf":{"@id":"https:\/\/www.salzburgerland.com\/hu\/gastein-trendi-es-szorakoztato-sportok\/"},"author":{"name":"Hajnalka K\u00e1di","@id":"https:\/\/www.salzburgerland.com\/hu\/#\/schema\/person\/e4905df070d9b3c52e1e4c730b26aa5a"},"headline":"Trendi \u00e9s sz\u00f3rakoztat\u00f3 sportok Gasteinben","datePublished":"2024-04-04T12:53:17+00:00","dateModified":"2024-10-20T19:55:35+00:00","mainEntityOfPage":{"@id":"https:\/\/www.salzburgerland.com\/hu\/gastein-trendi-es-szorakoztato-sportok\/"},"wordCount":755,"image":{"@id":"https:\/\/www.salzburgerland.com\/hu\/gastein-trendi-es-szorakoztato-sportok\/#primaryimage"},"thumbnailUrl":"https:\/\/www.salzburgerland.com\/hu\/wp-content\/uploads\/2021\/05\/golf-in-gastein-c-gastein-1024x569-1.jpg","keywords":["f\u00fcrd\u0151z\u00e9s","Gastein","golfoz\u00e1s","tenisz"],"articleSection":["Uncategorized"],"inLanguage":"hu"},{"@type":"WebPage","@id":"https:\/\/www.salzburgerland.com\/hu\/gastein-trendi-es-szorakoztato-sportok\/","url":"https:\/\/www.salzburgerland.com\/hu\/gastein-trendi-es-szorakoztato-sportok\/","name":"Trendi \u00e9s sz\u00f3rakoztat\u00f3 sportok Gasteinben \u00bb SalzburgerLand.com","isPartOf":{"@id":"https:\/\/www.salzburgerland.com\/hu\/#website"},"primaryImageOfPage":{"@id":"https:\/\/www.salzburgerland.com\/hu\/gastein-trendi-es-szorakoztato-sportok\/#primaryimage"},"image":{"@id":"https:\/\/www.salzburgerland.com\/hu\/gastein-trendi-es-szorakoztato-sportok\/#primaryimage"},"thumbnailUrl":"https:\/\/www.salzburgerland.com\/hu\/wp-content\/uploads\/2021\/05\/golf-in-gastein-c-gastein-1024x569-1.jpg","datePublished":"2024-04-04T12:53:17+00:00","dateModified":"2024-10-20T19:55:35+00:00","author":{"@id":"https:\/\/www.salzburgerland.com\/hu\/#\/schema\/person\/e4905df070d9b3c52e1e4c730b26aa5a"},"description":"Trendi \u00e9s sz\u00f3rakoztat\u00f3 sportok Gasteinben, tele lehet\u0151s\u00e9gekkel \u00e9s kalanddal az alpesi term\u00e9szetben, nagyszer\u0171 t\u00e1jakkal \u00e9s kult\u00far\u00e1val.","breadcrumb":{"@id":"https:\/\/www.salzburgerland.com\/hu\/gastein-trendi-es-szorakoztato-sportok\/#breadcrumb"},"inLanguage":"hu","potentialAction":[{"@type":"ReadAction","target":["https:\/\/www.salzburgerland.com\/hu\/gastein-trendi-es-szorakoztato-sportok\/"]}]},{"@type":"ImageObject","inLanguage":"hu","@id":"https:\/\/www.salzburgerland.com\/hu\/gastein-trendi-es-szorakoztato-sportok\/#primaryimage","url":"https:\/\/www.salzburgerland.com\/hu\/wp-content\/uploads\/2021\/05\/golf-in-gastein-c-gastein-1024x569-1.jpg","contentUrl":"https:\/\/www.salzburgerland.com\/hu\/wp-content\/uploads\/2021\/05\/golf-in-gastein-c-gastein-1024x569-1.jpg","width":1024,"height":569,"caption":"Golfoz\u00e1s Gasteinben \u00a9 Gasteinertal Tourismus, Manuel Marktl"},{"@type":"BreadcrumbList","@id":"https:\/\/www.salzburgerland.com\/hu\/gastein-trendi-es-szorakoztato-sportok\/#breadcrumb","itemListElement":[{"@type":"ListItem","position":1,"name":"Gastein \u2013 NY\u00c1R","item":"https:\/\/www.salzburgerland.com\/hu\/gastein-nyar\/"},{"@type":"ListItem","position":2,"name":"Trendi \u00e9s sz\u00f3rakoztat\u00f3 sportok Gasteinben"}]},{"@type":"WebSite","@id":"https:\/\/www.salzburgerland.com\/hu\/#website","url":"https:\/\/www.salzburgerland.com\/hu\/","name":"SalzburgerLand.com","description":"\u00dcd\u00fcl\u00e9s Ausztri\u00e1ban, Salzburg tartom\u00e1nyban","potentialAction":[{"@type":"SearchAction","target":{"@type":"EntryPoint","urlTemplate":"https:\/\/www.salzburgerland.com\/hu\/?s={search_term_string}"},"query-input":{"@type":"PropertyValueSpecification","valueRequired":true,"valueName":"search_term_string"}}],"inLanguage":"hu"},{"@type":"Person","@id":"https:\/\/www.salzburgerland.com\/hu\/#\/schema\/person\/e4905df070d9b3c52e1e4c730b26aa5a","name":"Hajnalka K\u00e1di","image":{"@type":"ImageObject","inLanguage":"hu","@id":"https:\/\/secure.gravatar.com\/avatar\/e8c1eecf3b2c49d295cebc6aba0de06d13ec77aa0cf9ccec32725949011b69d2?s=96&d=mm&r=g","url":"https:\/\/secure.gravatar.com\/avatar\/e8c1eecf3b2c49d295cebc6aba0de06d13ec77aa0cf9ccec32725949011b69d2?s=96&d=mm&r=g","contentUrl":"https:\/\/secure.gravatar.com\/avatar\/e8c1eecf3b2c49d295cebc6aba0de06d13ec77aa0cf9ccec32725949011b69d2?s=96&d=mm&r=g","caption":"Hajnalka K\u00e1di"}}]}},"_wl_alt_label":[],"wl:entity_url":"http:\/\/open.salzburgerland.com\/hu\/post\/gastein-trendi-es-szorakoztato-sportok-21751","_links":{"self":[{"href":"https:\/\/www.salzburgerland.com\/hu\/wp-json\/wp\/v2\/posts\/21751","targetHints":{"allow":["GET"]}}],"collection":[{"href":"https:\/\/www.salzburgerland.com\/hu\/wp-json\/wp\/v2\/posts"}],"about":[{"href":"https:\/\/www.salzburgerland.com\/hu\/wp-json\/wp\/v2\/types\/post"}],"author":[{"embeddable":true,"href":"https:\/\/www.salzburgerland.com\/hu\/wp-json\/wp\/v2\/users\/21"}],"replies":[{"embeddable":true,"href":"https:\/\/www.salzburgerland.com\/hu\/wp-json\/wp\/v2\/comments?post=21751"}],"version-history":[{"count":6,"href":"https:\/\/www.salzburgerland.com\/hu\/wp-json\/wp\/v2\/posts\/21751\/revisions"}],"predecessor-version":[{"id":22485,"href":"https:\/\/www.salzburgerland.com\/hu\/wp-json\/wp\/v2\/posts\/21751\/revisions\/22485"}],"wp:featuredmedia":[{"embeddable":true,"href":"https:\/\/www.salzburgerland.com\/hu\/wp-json\/wp\/v2\/media\/15267"}],"wp:attachment":[{"href":"https:\/\/www.salzburgerland.com\/hu\/wp-json\/wp\/v2\/media?parent=21751"}],"wp:term":[{"taxonomy":"category","embeddable":true,"href":"https:\/\/www.salzburgerland.com\/hu\/wp-json\/wp\/v2\/categories?post=21751"},{"taxonomy":"post_tag","embeddable":true,"href":"https:\/\/www.salzburgerland.com\/hu\/wp-json\/wp\/v2\/tags?post=21751"},{"taxonomy":"wl_entity_type","embeddable":true,"href":"https:\/\/www.salzburgerland.com\/hu\/wp-json\/wp\/v2\/wl_entity_type?post=21751"}],"curies":[{"name":"wp","href":"https:\/\/api.w.org\/{rel}","templated":true}]}}