{"id":21696,"date":"2024-04-03T20:06:01","date_gmt":"2024-04-03T18:06:01","guid":{"rendered":"https:\/\/www.salzburgerland.com\/hu\/?p=21696"},"modified":"2024-05-01T20:57:15","modified_gmt":"2024-05-01T18:57:15","slug":"altenmarkt-zauchensee-kulinaris-elvezetek","status":"publish","type":"post","link":"https:\/\/www.salzburgerland.com\/hu\/altenmarkt-zauchensee-kulinaris-elvezetek\/","title":{"rendered":"Kulin\u00e1ris \u00e9lvezetek Altenmarkt-Zauchensee-ben"},"content":{"rendered":"<h4>Trad\u00edci\u00f3 \u00e9s kreativit\u00e1s<\/h4>\n<p><strong>Altenmarkt-Zauchensee<\/strong> kulin\u00e1ris \u00e9lm\u00e9nyei az \u00fcd\u00fcl\u00e9si k\u00edn\u00e1lat fontos r\u00e9sz\u00e9t k\u00e9pezik, \u00e9s a legmagasabb min\u0151s\u00e9get k\u00e9pviselik. A <strong><a href=\"https:\/\/www.altenmarkt-zauchensee.at\/en\/activities\/kulinarik.html\" target=\"_blank\" rel=\"noopener\">helyi gasztron\u00f3mia<\/a><\/strong> a region\u00e1lis alpesi konyh\u00e1val cs\u00e1b\u00edt, de mediterr\u00e1n \u00e9s \u00e1zsiai finoms\u00e1gokat is tartogat. A helyi s\u00e9fek a friss, szezon\u00e1lis \u00e9s a r\u00e9gi\u00f3b\u00f3l sz\u00e1rmaz\u00f3 term\u00e9kekre t\u00e1maszkodnak, \u00fajra\u00e9rtelmezik a hagyom\u00e1nyos recepteket \u00e9s csod\u00e1latos kulin\u00e1ris alkot\u00e1sokat hoznak l\u00e9tre.<\/p>\n<div id=\"attachment_21949\" style=\"width: 1180px\" class=\"wp-caption alignnone\"><img decoding=\"async\" aria-describedby=\"caption-attachment-21949\" class=\"size-1170_658 wp-image-21949\" src=\"https:\/\/www.salzburgerland.com\/hu\/wp-content\/uploads\/2024\/04\/kurbiscurry-aus-altenmarkt-zauchensee-1170x658.jpg\" alt=\"T\u00f6k\u00f6s curry \" width=\"1170\" height=\"658\" srcset=\"https:\/\/www.salzburgerland.com\/hu\/wp-content\/uploads\/2024\/04\/kurbiscurry-aus-altenmarkt-zauchensee-1170x658.jpg 1170w, https:\/\/www.salzburgerland.com\/hu\/wp-content\/uploads\/2024\/04\/kurbiscurry-aus-altenmarkt-zauchensee-1200x675.jpg 1200w\" sizes=\"(max-width: 1170px) 100vw, 1170px\"><p id=\"caption-attachment-21949\" class=\"wp-caption-text\">T\u00f6k\u00f6s curry \u00a9 Altenmarkt-Zauchensee Tourismus, Matthias Fritzenwallner<\/p><\/div>\n<h4>Alpesi konyha a salzburgi r\u00e9gi\u00f3ban<\/h4>\n<p>Az <strong>alpesi konyha<\/strong> a t\u00e1ny\u00e9ron t\u00e1lalt t\u00f6rt\u00e9netekr\u0151l sz\u00f3l. A gasztron\u00f3miai szakemberek k\u00fcl\u00f6n\u00f6s figyelmet ford\u00edtanak a legmagasabb min\u0151s\u00e9g\u0171 term\u00e9kekre, amelyek mindenk\u00e9ppen a r\u00e9gi\u00f3b\u00f3l sz\u00e1rmaznak, <strong>frissek \u00e9s szezon\u00e1lisak<\/strong>. Az \u00e9teleknek pedig hitelesnek kell lenni\u00fck, \u00e9s a <strong>helyi hagyom\u00e1nyokb\u00f3l<\/strong> kell kin\u0151ni\u00fck. Az alpesi konyha a m\u00falt r\u00e9gi, hagyom\u00e1nyos receptjeit viszi tov\u00e1bb, de modern m\u00f3dszerekkel k\u00e9sz\u00edti el, a mai kor ig\u00e9nyeihez \u00e9s kulin\u00e1ris tudatoss\u00e1g\u00e1hoz igaz\u00edtva azokat. Ily m\u00f3don egyedi \u00e9telek sz\u00fcletnek, ahogyan az alapanyagok is n\u00e9ha egyediek. Ak\u00e1rcsak a r\u00e9gi id\u0151kben, a term\u00e9szet maga is \u00e9rt\u00e9kes \u00e9s \u00edzletes alapanyagokat szolg\u00e1ltat, mint p\u00e9ld\u00e1ul a ribizli, a cirbolyafeny\u0151, a\u00a0r\u00e9ti \u00e9s erdei gy\u00f3gyn\u00f6v\u00e9nyek, a bodza, a csersz\u00f6m\u00f6rce \u00e9s a m\u00e1ngold.<\/p>\n<p>Egy ilyen koncepci\u00f3 csak akkor m\u0171k\u00f6dhet, ha az \u00e9rintett felek \u2013 a <strong>helyi gazd\u00e1lkod\u00f3k, a region\u00e1lis \u00e9lelmiszertermel\u0151k \u00e9s a s\u00e9fek<\/strong> \u2013 k\u00e9z a k\u00e9zben, harm\u00f3ni\u00e1ban, azonos elveket k\u00f6vetve dolgoznak egy\u00fctt. Altenmarkt-Zauchensee, \u00e9s az itteni \u00e9ttermek \u00e9s k\u00e1v\u00e9z\u00f3k k\u00f6z\u00f6s <strong>\u00f6sszefog\u00e1ssal<\/strong> n\u00e9pszer\u0171s\u00edtik az alpesi konyh\u00e1t.<\/p>\n<div id=\"attachment_21488\" style=\"width: 1180px\" class=\"wp-caption alignnone\"><img decoding=\"async\" aria-describedby=\"caption-attachment-21488\" class=\"wp-image-21488 size-1170_658\" src=\"https:\/\/www.salzburgerland.com\/hu\/wp-content\/uploads\/2024\/03\/familienwanderung-zur-alm-in-altenmarkt-zauchensee-1170x658.jpg\" alt=\"Csal\u00e1di kir\u00e1ndul\u00e1s Altenmarkt-Zauchensee-ben\" width=\"1170\" height=\"658\" srcset=\"https:\/\/www.salzburgerland.com\/hu\/wp-content\/uploads\/2024\/03\/familienwanderung-zur-alm-in-altenmarkt-zauchensee-1170x658.jpg 1170w, https:\/\/www.salzburgerland.com\/hu\/wp-content\/uploads\/2024\/03\/familienwanderung-zur-alm-in-altenmarkt-zauchensee-1200x675.jpg 1200w\" sizes=\"(max-width: 1170px) 100vw, 1170px\"><p id=\"caption-attachment-21488\" class=\"wp-caption-text\">Csal\u00e1di kir\u00e1ndul\u00e1s Altenmarkt-Zauchensee-ben \u00a9 Matthias Fritzenwallner<\/p><\/div>\n<h4>Min\u0151s\u00e9gi sajtok<\/h4>\n<p>A szarvasmarh\u00e1kat hagyom\u00e1nyosan \u0151sid\u0151k \u00f3ta tavasszal a hegyekbe hajtj\u00e1k, ahol a nyarat az <strong>alpesi legel\u0151k\u00f6n<\/strong> t\u00f6ltik. Ott friss, arom\u00e1s f\u0171szern\u00f6v\u00e9nyekben gazdag f\u00fcvet r\u00e1gcs\u00e1lnak, a h\u00e1ziasszonyok pedig<strong> finom sajtot<\/strong> k\u00e9sz\u00edtenek a tehenek tej\u00e9b\u0151l. Az is hagyom\u00e1nny\u00e1 v\u00e1lt, hogy az alpesi legel\u0151k\u00f6n l\u00e9v\u0151 h\u00fctt\u00e9kben a kir\u00e1ndul\u00f3kat egy <strong>finom sajtt\u00e1llal<\/strong> fogadj\u00e1k, melyet <strong>v\u00e1g\u00f3deszk\u00e1n<\/strong> szolg\u00e1lnak fel.<\/p>\n<p>De Altenmarkt-Zauchensee-ben kecskesajtot is k\u00f3stolhat. <strong>Resi Unteregger kecsketeny\u00e9szt\u0151<\/strong> \u00e9vek \u00f3ta t\u00f6bb mint h\u00fasz tejel\u0151 kecsk\u00e9t gondoz. Resi \u00e1llatai \u00e9vente 8000 liter tejet adnak, amit \u0151 \u00edzletes sajtokk\u00e1 dolgoz fel. Friss <strong>kecskesajtjai<\/strong> m\u00e1r t\u00f6bb nemzetk\u00f6zi arany\u00e9rmet nyertek.<\/p>\n<div id=\"attachment_21942\" style=\"width: 1180px\" class=\"wp-caption alignnone\"><img decoding=\"async\" aria-describedby=\"caption-attachment-21942\" class=\"size-1170_658 wp-image-21942\" src=\"https:\/\/www.salzburgerland.com\/hu\/wp-content\/uploads\/2024\/04\/brettjause-auf-der-alm-in-altenmarkt-zauchensee-1170x658.jpg\" alt=\"Helyi sajtok fat\u00e1lon\" width=\"1170\" height=\"658\" srcset=\"https:\/\/www.salzburgerland.com\/hu\/wp-content\/uploads\/2024\/04\/brettjause-auf-der-alm-in-altenmarkt-zauchensee-1170x658.jpg 1170w, https:\/\/www.salzburgerland.com\/hu\/wp-content\/uploads\/2024\/04\/brettjause-auf-der-alm-in-altenmarkt-zauchensee-1200x675.jpg 1200w\" sizes=\"(max-width: 1170px) 100vw, 1170px\"><p id=\"caption-attachment-21942\" class=\"wp-caption-text\">Helyi sajtok fat\u00e1lon \u00a9 Lorenz Masser<\/p><\/div>\n<h4>A t\u00f3b\u00f3l egyenesen a t\u00e1ny\u00e9rj\u00e1ra<\/h4>\n<p>A <a href=\"https:\/\/www.markterwirt.at\/en\/\" target=\"_blank\" rel=\"noopener\"><strong>Markterwirt vend\u00e9gl\u0151<\/strong><\/a> a finom hal\u00e9teleir\u0151l v\u00e1lt h\u00edress\u00e9. A Zauchbach-patakb\u00f3l, a Zauchensee-t\u00f3b\u00f3l \u00e9s az Enns foly\u00f3b\u00f3l patak- \u00e9s sziv\u00e1rv\u00e1nyos pisztr\u00e1ng, alpesi szajr\u00e9 \u00e9s sz\u00fcrkepen\u00e9sz sz\u00e1rmazik. Ha vacsor\u00e1ra halhoz van kedve, a s\u00e9f a saj\u00e1t friss fog\u00e1saib\u00f3l elk\u00e9sz\u00edti \u00d6nnek a t\u00f6k\u00e9letes \u00e9telt.<\/p>\n<p>A l\u00e1gy, friss hegyi forr\u00e1sv\u00edz a <strong>Reitlehenalm<\/strong> saj\u00e1t halastav\u00e1ba \u00f6mlik. Ha a vend\u00e9gek itt rendelnek halat, a h\u00e1zigazda frissen fogja ki, \u00e9s azonnal elk\u00e9sz\u00edti az \u00e9telt. A h\u00e1zi t\u00f3b\u00f3l sz\u00e1rmaz\u00f3 pisztr\u00e1ngot a Habersattgut biogazdas\u00e1g \u00e9s gasztron\u00f3miai \u00fczletben is felszolg\u00e1lj\u00e1k.<\/p>\n<div id=\"attachment_21944\" style=\"width: 1180px\" class=\"wp-caption alignnone\"><img decoding=\"async\" aria-describedby=\"caption-attachment-21944\" class=\"size-1170_658 wp-image-21944\" src=\"https:\/\/www.salzburgerland.com\/hu\/wp-content\/uploads\/2024\/04\/forelle-aus-altenmarkt-zauchensee-1170x658.jpg\" alt=\"Pisztr\u00e1ngok saj\u00e1t t\u00f3b\u00f3l a Habersattgut alpesi legel\u0151n Altenmarkt- Zauchensee-ben\" width=\"1170\" height=\"658\" srcset=\"https:\/\/www.salzburgerland.com\/hu\/wp-content\/uploads\/2024\/04\/forelle-aus-altenmarkt-zauchensee-1170x658.jpg 1170w, https:\/\/www.salzburgerland.com\/hu\/wp-content\/uploads\/2024\/04\/forelle-aus-altenmarkt-zauchensee-1200x675.jpg 1200w\" sizes=\"(max-width: 1170px) 100vw, 1170px\"><p id=\"caption-attachment-21944\" class=\"wp-caption-text\">Pisztr\u00e1ngok saj\u00e1t t\u00f3b\u00f3l a Habersattgut alpesi legel\u0151n Altenmarkt- Zauchensee-ben \u00a9 SalzburgerLand Tourismus<\/p><\/div>\n<h4>Vadfog\u00e1sok<\/h4>\n<p>Az Altenmarkt-Zachensee k\u00f6rny\u00e9ki erd\u0151kben a <strong>szarvasok, \u0151zek \u00e9s zerg\u00e9k<\/strong> mindig is a legjobb \u00e9letk\u00f6r\u00fclm\u00e9nyeket tal\u00e1lt\u00e1k meg. Csak a Zauchtal v\u00f6lgye t\u00f6bb mint 150 nagyvad \u00e9l\u0151helye. Ez\u00e9rt nem meglep\u0151, hogy a vad\u00e1szat nagy hagyom\u00e1nyokkal rendelkezik ebben a r\u00e9gi\u00f3ban, \u00e9s a k\u00f6rnyez\u0151 vend\u00e9gl\u0151k tulajdonosai <strong>kit\u0171n\u0151<\/strong> <strong>vad\u00e9teleket<\/strong> k\u00edn\u00e1lnak.<\/p>\n<div id=\"attachment_21950\" style=\"width: 1180px\" class=\"wp-caption alignnone\"><img decoding=\"async\" aria-describedby=\"caption-attachment-21950\" class=\"size-1170_658 wp-image-21950\" src=\"https:\/\/www.salzburgerland.com\/hu\/wp-content\/uploads\/2024\/04\/wildwochen-in-altenmarkt-zauchensee-1170x658.jpg\" alt=\"Hagyom\u00e1nyos fog\u00e1s szarvash\u00fasb\u00f3l Altenmarkt-Zauchensee-ben\" width=\"1170\" height=\"658\" srcset=\"https:\/\/www.salzburgerland.com\/hu\/wp-content\/uploads\/2024\/04\/wildwochen-in-altenmarkt-zauchensee-1170x658.jpg 1170w, https:\/\/www.salzburgerland.com\/hu\/wp-content\/uploads\/2024\/04\/wildwochen-in-altenmarkt-zauchensee-1200x675.jpg 1200w\" sizes=\"(max-width: 1170px) 100vw, 1170px\"><p id=\"caption-attachment-21950\" class=\"wp-caption-text\">Hagyom\u00e1nyos fog\u00e1s szarvash\u00fasb\u00f3l Altenmarkt-Zauchensee-ben \u00a9 Altenmarkt-Zauchensee<\/p><\/div>\n<h4>A h\u00fctt\u00e9k finom fog\u00e1sokkal v\u00e1rj\u00e1k a t\u00far\u00e1z\u00f3kat<\/h4>\n<p>Az alpesi legel\u0151k\u00f6n kereszt\u00fcl a hegycs\u00facsokra vezet\u0151 t\u00far\u00e1k nagyszer\u0171 lehet\u0151s\u00e9get k\u00edn\u00e1lnak, hogy <strong>kapcsol\u00f3djunk a term\u00e9szethez<\/strong>, <strong>eg\u00e9szs\u00e9ges testmozg\u00e1st<\/strong> v\u00e9gezz\u00fcnk a friss leveg\u0151n \u00e9s mindezt fantasztikus kil\u00e1t\u00e1s mellett. M\u00e9g egy hat\u00e1rozott el\u0151ny\u00fck, hogy alkalmunk ny\u00edlik az \u00fat ment\u00e9n tal\u00e1lhat\u00f3 h\u00fctt\u00e9kben \u00e9s hegyi fogad\u00f3kban <strong>ki\u00e9lvezni az alpesi konyh\u00e1t<\/strong>. Minden t\u00far\u00e1z\u00f3 \u00e1lma egy kis pihen\u0151 a naps\u00fct\u00f6tte teraszokon, sz\u00e9p kil\u00e1t\u00e1ssal, mik\u00f6zben a legend\u00e1s alpesi finoms\u00e1gokat k\u00f3stolja.<\/p>\n\n\t\t\t<div id=\"21696-1\" class=\"gallery gallery-21696 gallery-columns-3 gallery-size-1170_658\" itemscope itemtype=\"http:\/\/schema.org\/ImageGallery\">\n\t\t\t\t<ul class=\"gallery-row gallery-col-3 gallery-clear\">\n\t\t\t\t\t<li class=\"gallery-item col-3\" itemprop=\"associatedMedia\" itemscope itemtype=\"http:\/\/schema.org\/ImageObject\">\n\t\t\t\t\t\t<div class=\"gallery-icon landscape\"><a href=\"https:\/\/www.salzburgerland.com\/hu\/wp-content\/uploads\/2024\/04\/huttengenuss-in-altenmarkt-zauchensee-1601x1067.jpg\" title=\"Hegyi pihen\u00e9s\"><img decoding=\"async\" data-title=\"Hegyi pihen\u00e9s \u00a9 SalzburgerLand Tourismus\" title=\"Hegyi pihen\u00e9s \u00a9 SalzburgerLand Tourismus\" data-caption=\"Hegyi pihen\u00e9s \u00a9 SalzburgerLand Tourismus\" width=\"1170\" height=\"658\" src=\"https:\/\/www.salzburgerland.com\/hu\/wp-content\/uploads\/2024\/04\/huttengenuss-in-altenmarkt-zauchensee-1170x658.jpg\" class=\"attachment-1170_658 size-1170_658\" alt=\"Hegyi pihen\u00e9s (Nagy\u00edtott n\u00e9zet)\" srcset=\"https:\/\/www.salzburgerland.com\/hu\/wp-content\/uploads\/2024\/04\/huttengenuss-in-altenmarkt-zauchensee-1170x658.jpg 1170w, https:\/\/www.salzburgerland.com\/hu\/wp-content\/uploads\/2024\/04\/huttengenuss-in-altenmarkt-zauchensee-1200x675.jpg 1200w\" sizes=\"(max-width: 1170px) 100vw, 1170px\" aria-describedby=\"figcaption-21696-21946\" itemprop=\"thumbnail\"><\/a><\/div>\n\t\t\t\t\t\t<span id=\"figcaption-21696-21946\" class=\"gallery-caption\" itemprop=\"caption\"><span aria-hidden=\"true\">Hegyi pihen\u00e9s \u00a9 SalzburgerLand Tourismus<\/span><\/span>\n\t\t\t\t\t<\/li>\n\t\t\t\t\t<li class=\"gallery-item col-3\" itemprop=\"associatedMedia\" itemscope itemtype=\"http:\/\/schema.org\/ImageObject\">\n\t\t\t\t\t\t<div class=\"gallery-icon landscape\"><a href=\"https:\/\/www.salzburgerland.com\/hu\/wp-content\/uploads\/2024\/04\/kaiserschmarrn-auf-der-hutte-in-altenmarkt-zauchensee-1601x1067.jpg\" title=\"\"><img decoding=\"async\" data-title=\" Vegyen valami j\u00f3t a kir\u00e1ndul\u00e1s v\u00e9g\u00e9n \u00a9 SalzburgerLand Tourismus\" title=\" Vegyen valami j\u00f3t a kir\u00e1ndul\u00e1s v\u00e9g\u00e9n \u00a9 SalzburgerLand Tourismus\" data-caption=\" Vegyen valami j\u00f3t a kir\u00e1ndul\u00e1s v\u00e9g\u00e9n \u00a9 SalzburgerLand Tourismus\" width=\"1170\" height=\"658\" src=\"https:\/\/www.salzburgerland.com\/hu\/wp-content\/uploads\/2024\/04\/kaiserschmarrn-auf-der-hutte-in-altenmarkt-zauchensee-1170x658.jpg\" class=\"attachment-1170_658 size-1170_658\" alt=\"Mosolyg\u00f3s n\u0151 \u00e9lvezetes kulin\u00e1ris \u00e9lvezeteket fogyaszt az Altenmarkt Zauchensee-ben egy szabadt\u00e9ri asztaln\u00e1l, z\u00f6ld\u00f6vezetben. (Nagy\u00edtott n\u00e9zet)\" srcset=\"https:\/\/www.salzburgerland.com\/hu\/wp-content\/uploads\/2024\/04\/kaiserschmarrn-auf-der-hutte-in-altenmarkt-zauchensee-1170x658.jpg 1170w, https:\/\/www.salzburgerland.com\/hu\/wp-content\/uploads\/2024\/04\/kaiserschmarrn-auf-der-hutte-in-altenmarkt-zauchensee-1200x675.jpg 1200w\" sizes=\"(max-width: 1170px) 100vw, 1170px\" aria-describedby=\"figcaption-21696-21947\" itemprop=\"thumbnail\"><\/a><\/div>\n\t\t\t\t\t\t<span id=\"figcaption-21696-21947\" class=\"gallery-caption\" itemprop=\"caption\"><span aria-hidden=\"true\"> Vegyen valami j\u00f3t a kir\u00e1ndul\u00e1s v\u00e9g\u00e9n \u00a9 SalzburgerLand Tourismus<\/span><\/span>\n\t\t\t\t\t<\/li>\n\t\t\t\t\t<li class=\"gallery-item col-3\" itemprop=\"associatedMedia\" itemscope itemtype=\"http:\/\/schema.org\/ImageObject\">\n\t\t\t\t\t\t<div class=\"gallery-icon landscape\"><a href=\"https:\/\/www.salzburgerland.com\/hu\/wp-content\/uploads\/2024\/04\/genuss-in-altenmarkt-zauchensee-1601x1067.jpg\" title=\"\u00cdzletes cs\u00e1sz\u00e1rmorzs\u00e1val koron\u00e1zzuk meg a napot\"><img decoding=\"async\" data-title=\"\u00cdzletes cs\u00e1sz\u00e1rmorzs\u00e1val koron\u00e1zzuk meg a napot \u00a9 SalzburgerLand Tourismus\" title=\"\u00cdzletes cs\u00e1sz\u00e1rmorzs\u00e1val koron\u00e1zzuk meg a napot \u00a9 SalzburgerLand Tourismus\" data-caption=\"\u00cdzletes cs\u00e1sz\u00e1rmorzs\u00e1val koron\u00e1zzuk meg a napot \u00a9 SalzburgerLand Tourismus\" width=\"1170\" height=\"658\" src=\"https:\/\/www.salzburgerland.com\/hu\/wp-content\/uploads\/2024\/04\/genuss-in-altenmarkt-zauchensee-1170x658.jpg\" class=\"attachment-1170_658 size-1170_658\" alt=\"\u00cdzletes cs\u00e1sz\u00e1rmorzs\u00e1val koron\u00e1zzuk meg a napot (Nagy\u00edtott n\u00e9zet)\" srcset=\"https:\/\/www.salzburgerland.com\/hu\/wp-content\/uploads\/2024\/04\/genuss-in-altenmarkt-zauchensee-1170x658.jpg 1170w, https:\/\/www.salzburgerland.com\/hu\/wp-content\/uploads\/2024\/04\/genuss-in-altenmarkt-zauchensee-1200x675.jpg 1200w\" sizes=\"(max-width: 1170px) 100vw, 1170px\" aria-describedby=\"figcaption-21696-21945\" itemprop=\"thumbnail\"><\/a><\/div>\n\t\t\t\t\t\t<span id=\"figcaption-21696-21945\" class=\"gallery-caption\" itemprop=\"caption\"><span aria-hidden=\"true\">\u00cdzletes cs\u00e1sz\u00e1rmorzs\u00e1val koron\u00e1zzuk meg a napot \u00a9 SalzburgerLand Tourismus<\/span><\/span>\n\t\t\t\t\t<\/li>\n\t\t\t\t<\/ul>\n\t\t\t<\/div><!-- .gallery -->\n\n<p><strong>Altenmarkt-Zauchensee<\/strong> Ausztria alpesi legel\u0151kben leggazdagabb tartom\u00e1ny\u00e1nak, a Salzburg tartom\u00e1nynak a sz\u00edv\u00e9ben tal\u00e1lhat\u00f3. V\u00e1ltozatos t\u00fara\u00fatvonalain haladva n\u00e9mi kikapcsol\u00f3d\u00e1sra is sz\u00fcks\u00e9g van. Ha elhaladunk valamelyik h\u00fctte, fah\u00e1z vagy fogad\u00f3 mellett, hagyjuk magunkat elcs\u00e1b\u00edtani a h\u00e1zias, region\u00e1lis \u00e9telekkel \u00e9s friss\u00edt\u0151 italokkal.<\/p>\n<h4>Alpesi konyha elektromos bicikliseknek<\/h4>\n<p>A <strong>h\u00e1romfog\u00e1sos men\u00fc<\/strong> val\u00f3j\u00e1ban nem szokatlan, ha a sarki \u00e9tteremben rendel\u00fcnk. Az igazi kih\u00edv\u00e1s azonban akkor j\u00f6n, amikor a h\u00e1rom fog\u00e1s mindegyik\u00e9t <strong>Altenmarkt-Zauchensee <a href=\"https:\/\/www.salzburgersportwelt.com\/en\/blog\/three-mountains-three-courses-and-an-electric-powered-bike.html\" target=\"_blank\" rel=\"noopener\">h\u00e1rom hegye k\u00f6z\u00fcl m\u00e1s-m\u00e1s hegyre t\u00e1lalj\u00e1k<\/a><\/strong>. <strong>Az el\u0151\u00e9telt<\/strong> a <strong>Schlatterberg<\/strong> hegyen, a <strong>Winterbauer hegyi \u00e9tteremben<\/strong>, amely gy\u00f6ny\u00f6r\u0171en magasodik a v\u00e1ros h\u00e1ztet\u0151i felett, \u00e9s kiv\u00e1l\u00f3 h\u00edrn\u00e9vnek \u00f6rvend. A hegyre ker\u00e9kp\u00e1r\u00fat vezet fel, amely szerencs\u00e9re elektromos ker\u00e9kp\u00e1rral is j\u00e1rhat\u00f3. Az \u00e9tel nem m\u00e1s <strong>gombatat\u00e1r toj\u00e1ssal sal\u00e1ta\u00e1gyon<\/strong>, amit olyan gy\u00f6ny\u00f6r\u0171en t\u00e1lalnak, hogy k\u00e1r lenne nem megenni. Hasonl\u00f3an gy\u00f6ny\u00f6r\u0171 a kil\u00e1t\u00e1s a k\u00f6rnyez\u0151 hegyekre, ami eg\u00e9szen a Dachstein-massz\u00edvumig \u00e9r.<\/p>\n\n\t\t\t<div id=\"21696-2\" class=\"gallery gallery-21696 gallery-columns-3 gallery-size-1170_658\" itemscope itemtype=\"http:\/\/schema.org\/ImageGallery\">\n\t\t\t\t<ul class=\"gallery-row gallery-col-3 gallery-clear\">\n\t\t\t\t\t<li class=\"gallery-item col-3\" itemprop=\"associatedMedia\" itemscope itemtype=\"http:\/\/schema.org\/ImageObject\">\n\t\t\t\t\t\t<div class=\"gallery-icon landscape\"><a href=\"https:\/\/www.salzburgerland.com\/hu\/wp-content\/uploads\/2024\/04\/kaiserschmarrn-aus-altenmarkt-zauchensee-1601x1067.jpg\" title=\"A cs\u00e1sz\u00e1rmorzsa a hagyom\u00e1nyos alpesi konyha egyik legn\u00e9pszer\u0171bb \u00e9tele\"><img decoding=\"async\" data-title=\"A cs\u00e1sz\u00e1rmorzsa a hagyom\u00e1nyos alpesi konyha egyik legn\u00e9pszer\u0171bb \u00e9tele \u00a9 Lilly_manilly_Lisa Huber\" title=\"A cs\u00e1sz\u00e1rmorzsa a hagyom\u00e1nyos alpesi konyha egyik legn\u00e9pszer\u0171bb \u00e9tele \u00a9 Lilly_manilly_Lisa Huber\" data-caption=\"A cs\u00e1sz\u00e1rmorzsa a hagyom\u00e1nyos alpesi konyha egyik legn\u00e9pszer\u0171bb \u00e9tele \u00a9 Lilly_manilly_Lisa Huber\" width=\"1170\" height=\"658\" src=\"https:\/\/www.salzburgerland.com\/hu\/wp-content\/uploads\/2024\/04\/kaiserschmarrn-aus-altenmarkt-zauchensee-1170x658.jpg\" class=\"attachment-1170_658 size-1170_658\" alt=\"A cs\u00e1sz\u00e1rmorzsa a hagyom\u00e1nyos alpesi konyha egyik legn\u00e9pszer\u0171bb \u00e9tele (Nagy\u00edtott n\u00e9zet)\" srcset=\"https:\/\/www.salzburgerland.com\/hu\/wp-content\/uploads\/2024\/04\/kaiserschmarrn-aus-altenmarkt-zauchensee-1170x658.jpg 1170w, https:\/\/www.salzburgerland.com\/hu\/wp-content\/uploads\/2024\/04\/kaiserschmarrn-aus-altenmarkt-zauchensee-1200x675.jpg 1200w\" sizes=\"(max-width: 1170px) 100vw, 1170px\" aria-describedby=\"figcaption-21696-21948\" itemprop=\"thumbnail\"><\/a><\/div>\n\t\t\t\t\t\t<span id=\"figcaption-21696-21948\" class=\"gallery-caption\" itemprop=\"caption\"><span aria-hidden=\"true\">A cs\u00e1sz\u00e1rmorzsa a hagyom\u00e1nyos alpesi konyha egyik legn\u00e9pszer\u0171bb \u00e9tele \u00a9 Lilly_manilly_Lisa Huber<\/span><\/span>\n\t\t\t\t\t<\/li>\n\t\t\t\t\t<li class=\"gallery-item col-3\" itemprop=\"associatedMedia\" itemscope itemtype=\"http:\/\/schema.org\/ImageObject\">\n\t\t\t\t\t\t<div class=\"gallery-icon landscape\"><a href=\"https:\/\/www.salzburgerland.com\/hu\/wp-content\/uploads\/2024\/04\/ebikeurlaub-in-altenmarkt-zauchensee-1601x1067.jpg\" title=\"E-bike t\u00fara Altenmarkt-Zauchensee h\u00e1rom hegy\u00e9n\"><img decoding=\"async\" data-title=\"E-bike t\u00fara Altenmarkt-Zauchensee h\u00e1rom hegy\u00e9n \u00a9 SalzburgerLand Tourismus\" title=\"E-bike t\u00fara Altenmarkt-Zauchensee h\u00e1rom hegy\u00e9n \u00a9 SalzburgerLand Tourismus\" data-caption=\"E-bike t\u00fara Altenmarkt-Zauchensee h\u00e1rom hegy\u00e9n \u00a9 SalzburgerLand Tourismus\" width=\"1170\" height=\"658\" src=\"https:\/\/www.salzburgerland.com\/hu\/wp-content\/uploads\/2024\/04\/ebikeurlaub-in-altenmarkt-zauchensee-1170x658.jpg\" class=\"attachment-1170_658 size-1170_658\" alt=\"E-bike t\u00fara Altenmarkt-Zauchensee h\u00e1rom hegy\u00e9n (Nagy\u00edtott n\u00e9zet)\" srcset=\"https:\/\/www.salzburgerland.com\/hu\/wp-content\/uploads\/2024\/04\/ebikeurlaub-in-altenmarkt-zauchensee-1170x658.jpg 1170w, https:\/\/www.salzburgerland.com\/hu\/wp-content\/uploads\/2024\/04\/ebikeurlaub-in-altenmarkt-zauchensee-1200x675.jpg 1200w\" sizes=\"(max-width: 1170px) 100vw, 1170px\" aria-describedby=\"figcaption-21696-21921\" itemprop=\"thumbnail\"><\/a><\/div>\n\t\t\t\t\t\t<span id=\"figcaption-21696-21921\" class=\"gallery-caption\" itemprop=\"caption\"><span aria-hidden=\"true\">E-bike t\u00fara Altenmarkt-Zauchensee h\u00e1rom hegy\u00e9n \u00a9 SalzburgerLand Tourismus<\/span><\/span>\n\t\t\t\t\t<\/li>\n\t\t\t\t\t<li class=\"gallery-item col-3\" itemprop=\"associatedMedia\" itemscope itemtype=\"http:\/\/schema.org\/ImageObject\">\n\t\t\t\t\t\t<div class=\"gallery-icon landscape\"><a href=\"https:\/\/www.salzburgerland.com\/hu\/wp-content\/uploads\/2024\/03\/almjause-aus-altenmarkt-zauchensee.jpg\" title=\"A Tauernkarleitenalm h\u00fctt\u00e9n\u00e9l hagyom\u00e1nyos harapnival\u00f3t szolg\u00e1lnak fel egy fat\u00e1lon\"><img decoding=\"async\" data-title=\"A Tauernkarleitenalm h\u00fctt\u00e9n\u00e9l hagyom\u00e1nyos harapnival\u00f3t szolg\u00e1lnak fel egy fat\u00e1lon \u00a9 Lorenz Masser\" title=\"A Tauernkarleitenalm h\u00fctt\u00e9n\u00e9l hagyom\u00e1nyos harapnival\u00f3t szolg\u00e1lnak fel egy fat\u00e1lon \u00a9 Lorenz Masser\" data-caption=\"A Tauernkarleitenalm h\u00fctt\u00e9n\u00e9l hagyom\u00e1nyos harapnival\u00f3t szolg\u00e1lnak fel egy fat\u00e1lon \u00a9 Lorenz Masser\" width=\"1170\" height=\"658\" src=\"https:\/\/www.salzburgerland.com\/hu\/wp-content\/uploads\/2024\/03\/almjause-aus-altenmarkt-zauchensee-1170x658.jpg\" class=\"attachment-1170_658 size-1170_658\" alt=\"A Tauernkarleitenalm h\u00fctt\u00e9n\u00e9l hagyom\u00e1nyos harapnival\u00f3t szolg\u00e1lnak fel egy fat\u00e1lon (Nagy\u00edtott n\u00e9zet)\" srcset=\"https:\/\/www.salzburgerland.com\/hu\/wp-content\/uploads\/2024\/03\/almjause-aus-altenmarkt-zauchensee-1170x658.jpg 1170w, https:\/\/www.salzburgerland.com\/hu\/wp-content\/uploads\/2024\/03\/almjause-aus-altenmarkt-zauchensee-1200x675.jpg 1200w\" sizes=\"(max-width: 1170px) 100vw, 1170px\" aria-describedby=\"figcaption-21696-21557\" itemprop=\"thumbnail\"><\/a><\/div>\n\t\t\t\t\t\t<span id=\"figcaption-21696-21557\" class=\"gallery-caption\" itemprop=\"caption\"><span aria-hidden=\"true\">A Tauernkarleitenalm h\u00fctt\u00e9n\u00e9l hagyom\u00e1nyos harapnival\u00f3t szolg\u00e1lnak fel egy fat\u00e1lon \u00a9 Lorenz Masser<\/span><\/span>\n\t\t\t\t\t<\/li>\n\t\t\t\t<\/ul>\n\t\t\t<\/div><!-- .gallery -->\n\n<p><strong>A f\u0151\u00e9telhez<\/strong> el\u0151sz\u00f6r le kell ereszkedni a hegyr\u0151l, \u00e9s az <strong>Enns foly\u00f3 partj\u00e1n<\/strong> a <strong>Habersatt \u00f6kofarmig<\/strong> kell tekerni, majd ism\u00e9t kem\u00e9nyen ped\u00e1lozni, hogy megm\u00e1sszuk a k\u00f6vetkez\u0151 hegyet, a <strong>Schwemmberget<\/strong>. Itt, a Habersattgutban v\u00e1rja \u00d6nt a f\u0151\u00e9tel, a <strong>friss alpesi pisztr\u00e1ng gy\u00f3gyn\u00f6v\u00e9ny k\u00f6tretben<\/strong>, gy\u00f6ny\u00f6r\u0171 kil\u00e1t\u00e1ssal megsp\u00e9kelve a k\u00f6rny\u00e9kre.<\/p>\n<p><strong>A desszerthez<\/strong> a harmadik hegyre, a <strong>Bliembauer hegyi \u00e9tterembe<\/strong> kell felmenni. Ami az \u00edzlel\u0151bimb\u00f3inkra v\u00e1r az ellen\u00e1llhatatlan \u00e1fony\u00e1s torta elfogyaszt\u00e1sakor, az meg\u00e9ri a f\u00e1rads\u00e1got. Pr\u00f3b\u00e1lja ki ezt a vezetett kulin\u00e1ris kir\u00e1ndul\u00e1st <a href=\"https:\/\/www.salzburgerland.com\/hu\/altenmarkt-zauchensee-kerekparozas\/\"><strong>elektromos ker\u00e9kp\u00e1rral<\/strong><\/a>!<\/p>\n<div id=\"attachment_21941\" style=\"width: 1180px\" class=\"wp-caption alignnone\"><img decoding=\"async\" aria-describedby=\"caption-attachment-21941\" class=\"size-1170_658 wp-image-21941\" src=\"https:\/\/www.salzburgerland.com\/hu\/wp-content\/uploads\/2024\/04\/bauernkrapfen-in-altenmarkt-zauchensee-1170x658.jpg\" alt=\"Az alpesi konyha egyik legn\u00e9pszer\u0171bb finoms\u00e1ga, a falusi f\u00e1nk baracklekv\u00e1rral \u00e9s porcukorral\" width=\"1170\" height=\"658\" srcset=\"https:\/\/www.salzburgerland.com\/hu\/wp-content\/uploads\/2024\/04\/bauernkrapfen-in-altenmarkt-zauchensee-1170x658.jpg 1170w, https:\/\/www.salzburgerland.com\/hu\/wp-content\/uploads\/2024\/04\/bauernkrapfen-in-altenmarkt-zauchensee-1200x675.jpg 1200w\" sizes=\"(max-width: 1170px) 100vw, 1170px\"><p id=\"caption-attachment-21941\" class=\"wp-caption-text\">Az alpesi konyha egyik legn\u00e9pszer\u0171bb finoms\u00e1ga, a falusi f\u00e1nk baracklekv\u00e1rral \u00e9s porcukorral \u00a9 Lorenz Masser<\/p><\/div>\n","protected":false},"excerpt":{"rendered":"<p>Trad\u00edci\u00f3 \u00e9s kreativit\u00e1s Altenmarkt-Zauchensee kulin\u00e1ris \u00e9lm\u00e9nyei az \u00fcd\u00fcl\u00e9si k\u00edn\u00e1lat fontos r\u00e9sz\u00e9t k\u00e9pezik, \u00e9s a legmagasabb min\u0151s\u00e9get k\u00e9pviselik. A helyi gasztron\u00f3mia a region\u00e1lis alpesi konyh\u00e1val cs\u00e1b\u00edt, de mediterr\u00e1n \u00e9s \u00e1zsiai finoms\u00e1gokat is tartogat. A helyi s\u00e9fek a friss, szezon\u00e1lis \u00e9s a r\u00e9gi\u00f3b\u00f3l sz\u00e1rmaz\u00f3 term\u00e9kekre t\u00e1maszkodnak, \u00fajra\u00e9rtelmezik a hagyom\u00e1nyos recepteket \u00e9s csod\u00e1latos kulin\u00e1ris alkot\u00e1sokat hoznak l\u00e9tre. Alpesi [&hellip;]<\/p>\n","protected":false},"author":21,"featured_media":21939,"comment_status":"closed","ping_status":"closed","sticky":false,"template":"","format":"standard","meta":{"_acf_changed":false,"wl_entities_gutenberg":"","_relevanssi_hide_post":"","_relevanssi_hide_content":"","_relevanssi_pin_for_all":"","_relevanssi_pin_keywords":"","_relevanssi_unpin_keywords":"","_relevanssi_related_keywords":"","_relevanssi_related_include_ids":"","_relevanssi_related_exclude_ids":"","_relevanssi_related_no_append":"","_relevanssi_related_not_related":"","_relevanssi_related_posts":"","_relevanssi_noindex_reason":"","footnotes":""},"categories":[1],"tags":[269,678],"wl_entity_type":[27],"class_list":["post-21696","post","type-post","status-publish","format-standard","has-post-thumbnail","hentry","category-uncategorized","tag-alpesi-gasztronomia","tag-altenmarkt-zauchensee","wl_entity_type-article"],"acf":[],"yoast_head":"<!-- This site is optimized with the Yoast SEO Premium plugin v27.4 (Yoast SEO v27.4) - https:\/\/yoast.com\/product\/yoast-seo-premium-wordpress\/ -->\n<title>Kulin\u00e1ris \u00e9lvezetek Altenmarkt-Zauchensee-ben \u00bb SalzburgerLand.com<\/title>\n<meta name=\"description\" content=\"Kulin\u00e1ris \u00e9lvezetek Altenmarkt Zauchensee-ben: Altenmarkt-Zauchensee-ben 60 \u00ednyenc vend\u00e9gl\u00e1t\u00f3hely v\u00e1rja a vend\u00e9geket.\" \/>\n<meta name=\"robots\" content=\"index, follow, max-snippet:-1, max-image-preview:large, max-video-preview:-1\" \/>\n<link rel=\"canonical\" href=\"https:\/\/www.salzburgerland.com\/hu\/altenmarkt-zauchensee-kulinaris-elvezetek\/\" \/>\n<meta property=\"og:locale\" content=\"hu_HU\" \/>\n<meta property=\"og:type\" content=\"article\" \/>\n<meta property=\"og:title\" content=\"Kulin\u00e1ris \u00e9lvezetek Altenmarkt-Zauchensee-ben\" \/>\n<meta property=\"og:description\" content=\"Trad\u00edci\u00f3 \u00e9s kreativit\u00e1s Altenmarkt-Zauchensee kulin\u00e1ris \u00e9lm\u00e9nyei az \u00fcd\u00fcl\u00e9si k\u00edn\u00e1lat fontos r\u00e9sz\u00e9t k\u00e9pezik, \u00e9s a legmagasabb min\u0151s\u00e9get k\u00e9pviselik. A helyi\" \/>\n<meta property=\"og:url\" content=\"https:\/\/www.salzburgerland.com\/hu\/altenmarkt-zauchensee-kulinaris-elvezetek\/\" \/>\n<meta property=\"og:site_name\" content=\"SalzburgerLand.com\" \/>\n<meta property=\"article:publisher\" content=\"https:\/\/www.facebook.com\/visitsalzburgerland\/\" \/>\n<meta property=\"article:published_time\" content=\"2024-04-03T18:06:01+00:00\" \/>\n<meta property=\"article:modified_time\" content=\"2024-05-01T18:57:15+00:00\" \/>\n<meta property=\"og:image\" content=\"https:\/\/www.salzburgerland.com\/hu\/wp-content\/uploads\/2024\/04\/almjause-in-altenmarkt-zauchensee-1200x675.jpg\" \/>\n\t<meta property=\"og:image:width\" content=\"1200\" \/>\n\t<meta property=\"og:image:height\" content=\"675\" \/>\n\t<meta property=\"og:image:type\" content=\"image\/jpeg\" \/>\n<meta name=\"author\" content=\"Hajnalka K\u00e1di\" \/>\n<meta name=\"twitter:card\" content=\"summary_large_image\" \/>\n<meta name=\"twitter:creator\" content=\"@salzburgerland\" \/>\n<meta name=\"twitter:site\" content=\"@salzburgerland\" \/>\n<meta name=\"twitter:label1\" content=\"Szerz\u0151:\" \/>\n\t<meta name=\"twitter:data1\" content=\"Hajnalka K\u00e1di\" \/>\n\t<meta name=\"twitter:label2\" content=\"Becs\u00fclt olvas\u00e1si id\u0151\" \/>\n\t<meta name=\"twitter:data2\" content=\"7 perc\" \/>\n<script type=\"application\/ld+json\" class=\"yoast-schema-graph\">{\"@context\":\"https:\\\/\\\/schema.org\",\"@graph\":[{\"@type\":\"Article\",\"@id\":\"https:\\\/\\\/www.salzburgerland.com\\\/hu\\\/altenmarkt-zauchensee-kulinaris-elvezetek\\\/#article\",\"isPartOf\":{\"@id\":\"https:\\\/\\\/www.salzburgerland.com\\\/hu\\\/altenmarkt-zauchensee-kulinaris-elvezetek\\\/\"},\"author\":{\"name\":\"Hajnalka K\u00e1di\",\"@id\":\"https:\\\/\\\/www.salzburgerland.com\\\/hu\\\/#\\\/schema\\\/person\\\/e4905df070d9b3c52e1e4c730b26aa5a\"},\"headline\":\"Kulin\u00e1ris \u00e9lvezetek Altenmarkt-Zauchensee-ben\",\"datePublished\":\"2024-04-03T18:06:01+00:00\",\"dateModified\":\"2024-05-01T18:57:15+00:00\",\"mainEntityOfPage\":{\"@id\":\"https:\\\/\\\/www.salzburgerland.com\\\/hu\\\/altenmarkt-zauchensee-kulinaris-elvezetek\\\/\"},\"wordCount\":1223,\"image\":{\"@id\":\"https:\\\/\\\/www.salzburgerland.com\\\/hu\\\/altenmarkt-zauchensee-kulinaris-elvezetek\\\/#primaryimage\"},\"thumbnailUrl\":\"https:\\\/\\\/www.salzburgerland.com\\\/hu\\\/wp-content\\\/uploads\\\/2024\\\/04\\\/almjause-in-altenmarkt-zauchensee.jpg\",\"keywords\":[\"alpesi gasztron\u00f3mia\",\"Altenmarkt-Zauchensee\"],\"articleSection\":[\"Uncategorized\"],\"inLanguage\":\"hu\"},{\"@type\":\"WebPage\",\"@id\":\"https:\\\/\\\/www.salzburgerland.com\\\/hu\\\/altenmarkt-zauchensee-kulinaris-elvezetek\\\/\",\"url\":\"https:\\\/\\\/www.salzburgerland.com\\\/hu\\\/altenmarkt-zauchensee-kulinaris-elvezetek\\\/\",\"name\":\"Kulin\u00e1ris \u00e9lvezetek Altenmarkt-Zauchensee-ben \u00bb SalzburgerLand.com\",\"isPartOf\":{\"@id\":\"https:\\\/\\\/www.salzburgerland.com\\\/hu\\\/#website\"},\"primaryImageOfPage\":{\"@id\":\"https:\\\/\\\/www.salzburgerland.com\\\/hu\\\/altenmarkt-zauchensee-kulinaris-elvezetek\\\/#primaryimage\"},\"image\":{\"@id\":\"https:\\\/\\\/www.salzburgerland.com\\\/hu\\\/altenmarkt-zauchensee-kulinaris-elvezetek\\\/#primaryimage\"},\"thumbnailUrl\":\"https:\\\/\\\/www.salzburgerland.com\\\/hu\\\/wp-content\\\/uploads\\\/2024\\\/04\\\/almjause-in-altenmarkt-zauchensee.jpg\",\"datePublished\":\"2024-04-03T18:06:01+00:00\",\"dateModified\":\"2024-05-01T18:57:15+00:00\",\"author\":{\"@id\":\"https:\\\/\\\/www.salzburgerland.com\\\/hu\\\/#\\\/schema\\\/person\\\/e4905df070d9b3c52e1e4c730b26aa5a\"},\"description\":\"Kulin\u00e1ris \u00e9lvezetek Altenmarkt Zauchensee-ben: Altenmarkt-Zauchensee-ben 60 \u00ednyenc vend\u00e9gl\u00e1t\u00f3hely v\u00e1rja a vend\u00e9geket.\",\"breadcrumb\":{\"@id\":\"https:\\\/\\\/www.salzburgerland.com\\\/hu\\\/altenmarkt-zauchensee-kulinaris-elvezetek\\\/#breadcrumb\"},\"inLanguage\":\"hu\",\"potentialAction\":[{\"@type\":\"ReadAction\",\"target\":[\"https:\\\/\\\/www.salzburgerland.com\\\/hu\\\/altenmarkt-zauchensee-kulinaris-elvezetek\\\/\"]}]},{\"@type\":\"ImageObject\",\"inLanguage\":\"hu\",\"@id\":\"https:\\\/\\\/www.salzburgerland.com\\\/hu\\\/altenmarkt-zauchensee-kulinaris-elvezetek\\\/#primaryimage\",\"url\":\"https:\\\/\\\/www.salzburgerland.com\\\/hu\\\/wp-content\\\/uploads\\\/2024\\\/04\\\/almjause-in-altenmarkt-zauchensee.jpg\",\"contentUrl\":\"https:\\\/\\\/www.salzburgerland.com\\\/hu\\\/wp-content\\\/uploads\\\/2024\\\/04\\\/almjause-in-altenmarkt-zauchensee.jpg\",\"width\":1920,\"height\":1280,\"caption\":\"A falusi f\u00e1nk, hagyom\u00e1nyos alpesi csemege \u00a9 Lorenz Masser\"},{\"@type\":\"BreadcrumbList\",\"@id\":\"https:\\\/\\\/www.salzburgerland.com\\\/hu\\\/altenmarkt-zauchensee-kulinaris-elvezetek\\\/#breadcrumb\",\"itemListElement\":[{\"@type\":\"ListItem\",\"position\":1,\"name\":\"Altenmarkt-Zauchensee - ny\u00e1r\",\"item\":\"https:\\\/\\\/www.salzburgerland.com\\\/hu\\\/altenmarkt-zauchensee-nyar\\\/\"},{\"@type\":\"ListItem\",\"position\":2,\"name\":\"Kulin\u00e1ris \u00e9lvezetek Altenmarkt-Zauchensee-ben\"}]},{\"@type\":\"WebSite\",\"@id\":\"https:\\\/\\\/www.salzburgerland.com\\\/hu\\\/#website\",\"url\":\"https:\\\/\\\/www.salzburgerland.com\\\/hu\\\/\",\"name\":\"SalzburgerLand.com\",\"description\":\"\u00dcd\u00fcl\u00e9s Ausztri\u00e1ban, Salzburg tartom\u00e1nyban\",\"potentialAction\":[{\"@type\":\"SearchAction\",\"target\":{\"@type\":\"EntryPoint\",\"urlTemplate\":\"https:\\\/\\\/www.salzburgerland.com\\\/hu\\\/?s={search_term_string}\"},\"query-input\":{\"@type\":\"PropertyValueSpecification\",\"valueRequired\":true,\"valueName\":\"search_term_string\"}}],\"inLanguage\":\"hu\"},{\"@type\":\"Person\",\"@id\":\"https:\\\/\\\/www.salzburgerland.com\\\/hu\\\/#\\\/schema\\\/person\\\/e4905df070d9b3c52e1e4c730b26aa5a\",\"name\":\"Hajnalka K\u00e1di\",\"image\":{\"@type\":\"ImageObject\",\"inLanguage\":\"hu\",\"@id\":\"https:\\\/\\\/secure.gravatar.com\\\/avatar\\\/e8c1eecf3b2c49d295cebc6aba0de06d13ec77aa0cf9ccec32725949011b69d2?s=96&d=mm&r=g\",\"url\":\"https:\\\/\\\/secure.gravatar.com\\\/avatar\\\/e8c1eecf3b2c49d295cebc6aba0de06d13ec77aa0cf9ccec32725949011b69d2?s=96&d=mm&r=g\",\"contentUrl\":\"https:\\\/\\\/secure.gravatar.com\\\/avatar\\\/e8c1eecf3b2c49d295cebc6aba0de06d13ec77aa0cf9ccec32725949011b69d2?s=96&d=mm&r=g\",\"caption\":\"Hajnalka K\u00e1di\"}}]}<\/script>\n<!-- \/ Yoast SEO Premium plugin. -->","yoast_head_json":{"title":"Kulin\u00e1ris \u00e9lvezetek Altenmarkt-Zauchensee-ben \u00bb SalzburgerLand.com","description":"Kulin\u00e1ris \u00e9lvezetek Altenmarkt Zauchensee-ben: Altenmarkt-Zauchensee-ben 60 \u00ednyenc vend\u00e9gl\u00e1t\u00f3hely v\u00e1rja a vend\u00e9geket.","robots":{"index":"index","follow":"follow","max-snippet":"max-snippet:-1","max-image-preview":"max-image-preview:large","max-video-preview":"max-video-preview:-1"},"canonical":"https:\/\/www.salzburgerland.com\/hu\/altenmarkt-zauchensee-kulinaris-elvezetek\/","og_locale":"hu_HU","og_type":"article","og_title":"Kulin\u00e1ris \u00e9lvezetek Altenmarkt-Zauchensee-ben","og_description":"Trad\u00edci\u00f3 \u00e9s kreativit\u00e1s Altenmarkt-Zauchensee kulin\u00e1ris \u00e9lm\u00e9nyei az \u00fcd\u00fcl\u00e9si k\u00edn\u00e1lat fontos r\u00e9sz\u00e9t k\u00e9pezik, \u00e9s a legmagasabb min\u0151s\u00e9get k\u00e9pviselik. A helyi","og_url":"https:\/\/www.salzburgerland.com\/hu\/altenmarkt-zauchensee-kulinaris-elvezetek\/","og_site_name":"SalzburgerLand.com","article_publisher":"https:\/\/www.facebook.com\/visitsalzburgerland\/","article_published_time":"2024-04-03T18:06:01+00:00","article_modified_time":"2024-05-01T18:57:15+00:00","og_image":[{"width":1200,"height":675,"url":"https:\/\/www.salzburgerland.com\/hu\/wp-content\/uploads\/2024\/04\/almjause-in-altenmarkt-zauchensee-1200x675.jpg","type":"image\/jpeg"}],"author":"Hajnalka K\u00e1di","twitter_card":"summary_large_image","twitter_creator":"@salzburgerland","twitter_site":"@salzburgerland","twitter_misc":{"Szerz\u0151:":"Hajnalka K\u00e1di","Becs\u00fclt olvas\u00e1si id\u0151":"7 perc"},"schema":{"@context":"https:\/\/schema.org","@graph":[{"@type":"Article","@id":"https:\/\/www.salzburgerland.com\/hu\/altenmarkt-zauchensee-kulinaris-elvezetek\/#article","isPartOf":{"@id":"https:\/\/www.salzburgerland.com\/hu\/altenmarkt-zauchensee-kulinaris-elvezetek\/"},"author":{"name":"Hajnalka K\u00e1di","@id":"https:\/\/www.salzburgerland.com\/hu\/#\/schema\/person\/e4905df070d9b3c52e1e4c730b26aa5a"},"headline":"Kulin\u00e1ris \u00e9lvezetek Altenmarkt-Zauchensee-ben","datePublished":"2024-04-03T18:06:01+00:00","dateModified":"2024-05-01T18:57:15+00:00","mainEntityOfPage":{"@id":"https:\/\/www.salzburgerland.com\/hu\/altenmarkt-zauchensee-kulinaris-elvezetek\/"},"wordCount":1223,"image":{"@id":"https:\/\/www.salzburgerland.com\/hu\/altenmarkt-zauchensee-kulinaris-elvezetek\/#primaryimage"},"thumbnailUrl":"https:\/\/www.salzburgerland.com\/hu\/wp-content\/uploads\/2024\/04\/almjause-in-altenmarkt-zauchensee.jpg","keywords":["alpesi gasztron\u00f3mia","Altenmarkt-Zauchensee"],"articleSection":["Uncategorized"],"inLanguage":"hu"},{"@type":"WebPage","@id":"https:\/\/www.salzburgerland.com\/hu\/altenmarkt-zauchensee-kulinaris-elvezetek\/","url":"https:\/\/www.salzburgerland.com\/hu\/altenmarkt-zauchensee-kulinaris-elvezetek\/","name":"Kulin\u00e1ris \u00e9lvezetek Altenmarkt-Zauchensee-ben \u00bb SalzburgerLand.com","isPartOf":{"@id":"https:\/\/www.salzburgerland.com\/hu\/#website"},"primaryImageOfPage":{"@id":"https:\/\/www.salzburgerland.com\/hu\/altenmarkt-zauchensee-kulinaris-elvezetek\/#primaryimage"},"image":{"@id":"https:\/\/www.salzburgerland.com\/hu\/altenmarkt-zauchensee-kulinaris-elvezetek\/#primaryimage"},"thumbnailUrl":"https:\/\/www.salzburgerland.com\/hu\/wp-content\/uploads\/2024\/04\/almjause-in-altenmarkt-zauchensee.jpg","datePublished":"2024-04-03T18:06:01+00:00","dateModified":"2024-05-01T18:57:15+00:00","author":{"@id":"https:\/\/www.salzburgerland.com\/hu\/#\/schema\/person\/e4905df070d9b3c52e1e4c730b26aa5a"},"description":"Kulin\u00e1ris \u00e9lvezetek Altenmarkt Zauchensee-ben: Altenmarkt-Zauchensee-ben 60 \u00ednyenc vend\u00e9gl\u00e1t\u00f3hely v\u00e1rja a vend\u00e9geket.","breadcrumb":{"@id":"https:\/\/www.salzburgerland.com\/hu\/altenmarkt-zauchensee-kulinaris-elvezetek\/#breadcrumb"},"inLanguage":"hu","potentialAction":[{"@type":"ReadAction","target":["https:\/\/www.salzburgerland.com\/hu\/altenmarkt-zauchensee-kulinaris-elvezetek\/"]}]},{"@type":"ImageObject","inLanguage":"hu","@id":"https:\/\/www.salzburgerland.com\/hu\/altenmarkt-zauchensee-kulinaris-elvezetek\/#primaryimage","url":"https:\/\/www.salzburgerland.com\/hu\/wp-content\/uploads\/2024\/04\/almjause-in-altenmarkt-zauchensee.jpg","contentUrl":"https:\/\/www.salzburgerland.com\/hu\/wp-content\/uploads\/2024\/04\/almjause-in-altenmarkt-zauchensee.jpg","width":1920,"height":1280,"caption":"A falusi f\u00e1nk, hagyom\u00e1nyos alpesi csemege \u00a9 Lorenz Masser"},{"@type":"BreadcrumbList","@id":"https:\/\/www.salzburgerland.com\/hu\/altenmarkt-zauchensee-kulinaris-elvezetek\/#breadcrumb","itemListElement":[{"@type":"ListItem","position":1,"name":"Altenmarkt-Zauchensee - ny\u00e1r","item":"https:\/\/www.salzburgerland.com\/hu\/altenmarkt-zauchensee-nyar\/"},{"@type":"ListItem","position":2,"name":"Kulin\u00e1ris \u00e9lvezetek Altenmarkt-Zauchensee-ben"}]},{"@type":"WebSite","@id":"https:\/\/www.salzburgerland.com\/hu\/#website","url":"https:\/\/www.salzburgerland.com\/hu\/","name":"SalzburgerLand.com","description":"\u00dcd\u00fcl\u00e9s Ausztri\u00e1ban, Salzburg tartom\u00e1nyban","potentialAction":[{"@type":"SearchAction","target":{"@type":"EntryPoint","urlTemplate":"https:\/\/www.salzburgerland.com\/hu\/?s={search_term_string}"},"query-input":{"@type":"PropertyValueSpecification","valueRequired":true,"valueName":"search_term_string"}}],"inLanguage":"hu"},{"@type":"Person","@id":"https:\/\/www.salzburgerland.com\/hu\/#\/schema\/person\/e4905df070d9b3c52e1e4c730b26aa5a","name":"Hajnalka K\u00e1di","image":{"@type":"ImageObject","inLanguage":"hu","@id":"https:\/\/secure.gravatar.com\/avatar\/e8c1eecf3b2c49d295cebc6aba0de06d13ec77aa0cf9ccec32725949011b69d2?s=96&d=mm&r=g","url":"https:\/\/secure.gravatar.com\/avatar\/e8c1eecf3b2c49d295cebc6aba0de06d13ec77aa0cf9ccec32725949011b69d2?s=96&d=mm&r=g","contentUrl":"https:\/\/secure.gravatar.com\/avatar\/e8c1eecf3b2c49d295cebc6aba0de06d13ec77aa0cf9ccec32725949011b69d2?s=96&d=mm&r=g","caption":"Hajnalka K\u00e1di"}}]}},"_wl_alt_label":[],"wl:entity_url":"http:\/\/open.salzburgerland.com\/hu\/post\/altenmarkt-zauchensee-kulinaris-elvezetek-21696","_links":{"self":[{"href":"https:\/\/www.salzburgerland.com\/hu\/wp-json\/wp\/v2\/posts\/21696","targetHints":{"allow":["GET"]}}],"collection":[{"href":"https:\/\/www.salzburgerland.com\/hu\/wp-json\/wp\/v2\/posts"}],"about":[{"href":"https:\/\/www.salzburgerland.com\/hu\/wp-json\/wp\/v2\/types\/post"}],"author":[{"embeddable":true,"href":"https:\/\/www.salzburgerland.com\/hu\/wp-json\/wp\/v2\/users\/21"}],"replies":[{"embeddable":true,"href":"https:\/\/www.salzburgerland.com\/hu\/wp-json\/wp\/v2\/comments?post=21696"}],"version-history":[{"count":5,"href":"https:\/\/www.salzburgerland.com\/hu\/wp-json\/wp\/v2\/posts\/21696\/revisions"}],"predecessor-version":[{"id":21958,"href":"https:\/\/www.salzburgerland.com\/hu\/wp-json\/wp\/v2\/posts\/21696\/revisions\/21958"}],"wp:featuredmedia":[{"embeddable":true,"href":"https:\/\/www.salzburgerland.com\/hu\/wp-json\/wp\/v2\/media\/21939"}],"wp:attachment":[{"href":"https:\/\/www.salzburgerland.com\/hu\/wp-json\/wp\/v2\/media?parent=21696"}],"wp:term":[{"taxonomy":"category","embeddable":true,"href":"https:\/\/www.salzburgerland.com\/hu\/wp-json\/wp\/v2\/categories?post=21696"},{"taxonomy":"post_tag","embeddable":true,"href":"https:\/\/www.salzburgerland.com\/hu\/wp-json\/wp\/v2\/tags?post=21696"},{"taxonomy":"wl_entity_type","embeddable":true,"href":"https:\/\/www.salzburgerland.com\/hu\/wp-json\/wp\/v2\/wl_entity_type?post=21696"}],"curies":[{"name":"wp","href":"https:\/\/api.w.org\/{rel}","templated":true}]}}