{"id":21646,"date":"2024-04-02T13:30:10","date_gmt":"2024-04-02T11:30:10","guid":{"rendered":"https:\/\/www.salzburgerland.com\/hu\/?p=21646"},"modified":"2024-10-28T17:51:09","modified_gmt":"2024-10-28T16:51:09","slug":"gastein-wellness","status":"publish","type":"post","link":"https:\/\/www.salzburgerland.com\/hu\/gastein-wellness\/","title":{"rendered":"Wellness Gasteinben"},"content":{"rendered":"<p><a href=\"https:\/\/www.salzburgerland.com\/hu\/gastein-nyar\/\"><strong>Gastein<\/strong><\/a> mindig is h\u00edres volt <a href=\"https:\/\/www.salzburgerland.com\/hu\/salzburgi-termalfuerdok\/\" target=\"_blank\" rel=\"noopener\"><strong>gy\u00f3gyf\u00fcrd\u0151ir\u0151l<\/strong><\/a> \u00e9s a wellness lehet\u0151s\u00e9gekr\u0151l. A Graukogel k\u00f6r\u00fcl 17 forr\u00e1sb\u00f3l folyamatosan 5 milli\u00f3liter term\u00e1lv\u00edz folyik, ebb\u0151l 1 milli\u00f3 liter egy 7 km hossz\u00fa, speci\u00e1lisan szigetelt cs\u0151vezet\u00e9ken kereszt\u00fcl jut el Bad Hofgasteinbe. A term\u00e9szetes m\u00f3don 47 fokos v\u00edz \u00e9rt\u00e9kes \u00e1sv\u00e1nyi anyagokat, nyomelemeket \u00e9s a ritka <strong>radong\u00e1zt<\/strong> tartalmaz, amely <strong>gy\u00f3gy\u00edt\u00f3 tulajdons\u00e1gokat<\/strong> k\u00f6lcs\u00f6n\u00f6z neki. A gasteini term\u00e1lv\u00edznek bizony\u00edtottan val\u00f3ban <strong>mindenre kiterjed\u0151 gy\u00f3gyhat\u00e1sa van<\/strong>, \u00e9s j\u00f3t\u00e9konyan hat az \u00edz\u00fcleti \u00e9s gerincbetegs\u00e9gekre, porckoronggal kapcsolatos probl\u00e9m\u00e1kra, izom- \u00e9s k\u00f6t\u0151sz\u00f6veti f\u00e1jdalmakra, csontritkul\u00e1sra, valamint er\u0151s\u00edti az immunrendszert. A term\u00e1lv\u00edzb\u0151l a gy\u00f3gyf\u00fcrd\u0151kben a radont azonban kisz\u0171rik. <strong>Radonban gazdag term\u00e1lvizes f\u00fcrd\u0151t<\/strong> a ter\u00e1pi\u00e1s k\u00f6zpontokban \u00e9s sz\u00e1llod\u00e1kban, speci\u00e1lis k\u00e1dakban lehet venni.<\/p>\n\n\t\t\t<div id=\"21646-1\" class=\"gallery gallery-21646 gallery-columns-3 gallery-size-1170_658\" itemscope itemtype=\"http:\/\/schema.org\/ImageGallery\">\n\t\t\t\t<ul class=\"gallery-row gallery-col-3 gallery-clear\">\n\t\t\t\t\t<li class=\"gallery-item col-3\" itemprop=\"associatedMedia\" itemscope itemtype=\"http:\/\/schema.org\/ImageObject\">\n\t\t\t\t\t\t<div class=\"gallery-icon landscape\"><a href=\"https:\/\/www.salzburgerland.com\/hu\/wp-content\/uploads\/2019\/04\/felsentherme-bad-gastein-c-max-steinbauer-photography-1920x1067.jpg\" title=\"Felsentherme Bad Gastein (c) Max Steinbauer Photography\"><img decoding=\"async\" data-title=\"A Bad Gastein-i Felsentherme f\u00fcrd\u0151 \u00a9 Felsentherme Bad Gastein, Max Steinbauer Photography\" title=\"A Bad Gastein-i Felsentherme f\u00fcrd\u0151 \u00a9 Felsentherme Bad Gastein, Max Steinbauer Photography\" data-caption=\"A Bad Gastein-i Felsentherme f\u00fcrd\u0151 \u00a9 Felsentherme Bad Gastein, Max Steinbauer Photography\" width=\"1170\" height=\"658\" src=\"https:\/\/www.salzburgerland.com\/hu\/wp-content\/uploads\/2019\/04\/felsentherme-bad-gastein-c-max-steinbauer-photography-1170x658.jpg\" class=\"attachment-1170_658 size-1170_658\" alt=\"Felsentherme Bad Gastein (Nagy\u00edtott n\u00e9zet)\" srcset=\"https:\/\/www.salzburgerland.com\/hu\/wp-content\/uploads\/2019\/04\/felsentherme-bad-gastein-c-max-steinbauer-photography-1170x658.jpg 1170w, https:\/\/www.salzburgerland.com\/hu\/wp-content\/uploads\/2019\/04\/felsentherme-bad-gastein-c-max-steinbauer-photography-1200x675.jpg 1200w\" sizes=\"(max-width: 1170px) 100vw, 1170px\" aria-describedby=\"figcaption-21646-6024\" itemprop=\"thumbnail\"><\/a><\/div>\n\t\t\t\t\t\t<span id=\"figcaption-21646-6024\" class=\"gallery-caption\" itemprop=\"caption\"><span aria-hidden=\"true\">A Bad Gastein-i Felsentherme f\u00fcrd\u0151 \u00a9 Felsentherme Bad Gastein, Max Steinbauer Photography<\/span><\/span>\n\t\t\t\t\t<\/li>\n\t\t\t\t\t<li class=\"gallery-item col-3\" itemprop=\"associatedMedia\" itemscope itemtype=\"http:\/\/schema.org\/ImageObject\">\n\t\t\t\t\t\t<div class=\"gallery-icon landscape\"><a href=\"https:\/\/www.salzburgerland.com\/hu\/wp-content\/uploads\/2024\/04\/wolkenstimmungtherme-1920x1067-1.jpeg\" title=\"Bad Hofgastein f\u00fcrd\u0151hely\"><img decoding=\"async\" data-title=\"Bad Hofgastein f\u00fcrd\u0151hely @ Alpentherme Gastein, Wolkersdorf\" title=\"Bad Hofgastein f\u00fcrd\u0151hely @ Alpentherme Gastein, Wolkersdorf\" data-caption=\"Bad Hofgastein f\u00fcrd\u0151hely @ Alpentherme Gastein, Wolkersdorf\" width=\"1170\" height=\"658\" src=\"https:\/\/www.salzburgerland.com\/hu\/wp-content\/uploads\/2024\/04\/wolkenstimmungtherme-1920x1067-1-1170x658.jpeg\" class=\"attachment-1170_658 size-1170_658\" alt=\"Bad Hofgastein f\u00fcrd\u0151hely (Nagy\u00edtott n\u00e9zet)\" srcset=\"https:\/\/www.salzburgerland.com\/hu\/wp-content\/uploads\/2024\/04\/wolkenstimmungtherme-1920x1067-1-1170x658.jpeg 1170w, https:\/\/www.salzburgerland.com\/hu\/wp-content\/uploads\/2024\/04\/wolkenstimmungtherme-1920x1067-1-1200x675.jpeg 1200w\" sizes=\"(max-width: 1170px) 100vw, 1170px\" aria-describedby=\"figcaption-21646-21651\" itemprop=\"thumbnail\"><\/a><\/div>\n\t\t\t\t\t\t<span id=\"figcaption-21646-21651\" class=\"gallery-caption\" itemprop=\"caption\"><span aria-hidden=\"true\">Bad Hofgastein f\u00fcrd\u0151hely @ Alpentherme Gastein, Wolkersdorf<\/span><\/span>\n\t\t\t\t\t<\/li>\n\t\t\t\t\t<li class=\"gallery-item col-3\" itemprop=\"associatedMedia\" itemscope itemtype=\"http:\/\/schema.org\/ImageObject\">\n\t\t\t\t\t\t<div class=\"gallery-icon landscape\"><a href=\"https:\/\/www.salzburgerland.com\/hu\/wp-content\/uploads\/2024\/04\/kristall-sauna-alpentherme-gastein-1920x1067-1.jpeg\" title=\"Alpentherme Bad Hofgasteinben\"><img decoding=\"async\" data-title=\"Alpentherme Bad Hofgasteinben \u00a9 Alpentherme Gastein, Fot\u00f3: Atelier Wolkersdorfer Gerhard\" title=\"Alpentherme Bad Hofgasteinben \u00a9 Alpentherme Gastein, Fot\u00f3: Atelier Wolkersdorfer Gerhard\" data-caption=\"Alpentherme Bad Hofgasteinben \u00a9 Alpentherme Gastein, Fot\u00f3: Atelier Wolkersdorfer Gerhard\" width=\"1170\" height=\"658\" src=\"https:\/\/www.salzburgerland.com\/hu\/wp-content\/uploads\/2024\/04\/kristall-sauna-alpentherme-gastein-1920x1067-1-1170x658.jpeg\" class=\"attachment-1170_658 size-1170_658\" alt=\"Alpentherme Bad Hofgasteinben (Nagy\u00edtott n\u00e9zet)\" srcset=\"https:\/\/www.salzburgerland.com\/hu\/wp-content\/uploads\/2024\/04\/kristall-sauna-alpentherme-gastein-1920x1067-1-1170x658.jpeg 1170w, https:\/\/www.salzburgerland.com\/hu\/wp-content\/uploads\/2024\/04\/kristall-sauna-alpentherme-gastein-1920x1067-1-1200x675.jpeg 1200w\" sizes=\"(max-width: 1170px) 100vw, 1170px\" aria-describedby=\"figcaption-21646-21650\" itemprop=\"thumbnail\"><\/a><\/div>\n\t\t\t\t\t\t<span id=\"figcaption-21646-21650\" class=\"gallery-caption\" itemprop=\"caption\"><span aria-hidden=\"true\">Alpentherme Bad Hofgasteinben \u00a9 Alpentherme Gastein, Fot\u00f3: Atelier Wolkersdorfer Gerhard<\/span><\/span>\n\t\t\t\t\t<\/li>\n\t\t\t\t<\/ul>\n\t\t\t<\/div><!-- .gallery -->\n\n<p>A <strong>gasteini gy\u00f3gyf\u00fcrd\u0151k t\u00f6rt\u00e9nete<\/strong> a k\u00f6z\u00e9pkorig ny\u00falik vissza. Az els\u0151 modern \u00e9rtelemben vett f\u00fcrd\u0151k <strong>1350-b\u0151l<\/strong> sz\u00e1rmaznak. Gasteinben 1794-ig csak f\u00e1b\u00f3l k\u00e9sz\u00fclt f\u00fcrd\u0151k voltak, melyek olyan egyszer\u0171 kunyh\u00f3kban voltak elhelyezve, ahol rossz id\u0151ben gyakran esett az es\u0151 vagy havazott. A k\u00f6z\u00f6ss\u00e9gi f\u00fcrd\u0151k k\u00f6r\u00fclbel\u00fcl 1840-ig l\u00e9teztek, \u00e9s ezt k\u00f6vet\u0151en a k\u0151\u00e9p\u00fcletek \u00e9p\u00edt\u00e9s\u00e9vel, a k\u00e9nyelemmel \u00e9s a luxussal egy\u00fctt prominens vend\u00e9gek is \u00e9rkeztek Gaseinbe, k\u00f6zt\u00fck Ferenc J\u00f3zsef cs\u00e1sz\u00e1r \u00e9s feles\u00e9ge, Sissi is. Az\u00f3ta a k\u00e9t term\u00e1lf\u00fcrd\u0151, a <strong>Bad Hofgastein-i <a href=\"https:\/\/www.alpentherme.com\/en\" target=\"_blank\" rel=\"noopener\">Altpentherme<\/a><\/strong> \u00e9s a <strong>Bad Gastein-i <a href=\"https:\/\/www.felsentherme.com\/\" target=\"_blank\" rel=\"noopener\">Felsentherme<\/a><\/strong> modern \u00e9s n\u00e9pszer\u0171 o\u00e1zis a vil\u00e1g minden t\u00e1j\u00e1r\u00f3l \u00e9rkez\u0151 vend\u00e9gek sz\u00e1m\u00e1ra.<\/p>\n<h4>Csal\u00e1di wellness Bad Hofgasteinben<\/h4>\n<p>Az<strong> Alpentherme Bad Hofgastein<\/strong> k\u00f6zpontj\u00e1ban tal\u00e1lhat\u00f3. A f\u00fcrd\u0151 36 000 m\u00b2-es ter\u00fclet\u00e9n garant\u00e1ltan mindenki tal\u00e1l mag\u00e1nak valamilyen programot. Elhelyezked\u00e9s\u00e9nek k\u00f6sz\u00f6nhet\u0151en sz\u00e1mos gasteini sz\u00e1llod\u00e1b\u00f3l egy r\u00f6vid s\u00e9t\u00e1val el\u00e9rhet\u0151 a f\u00fcrd\u0151, ahol egy teljes <strong>wellness-paradicsomot<\/strong> \u00e9lhet \u00e1t a test, az elme \u00e9s a l\u00e9lek. A Magas-Tauern cs\u00facsai \u00e1ltal k\u00f6r\u00fclv\u00e9ve elfelejtheti a mindennapok gondjait \u00e9s stressz\u00e9t. Kapcsol\u00f3djon ki, pihenjen a pezsg\u0151f\u00fcrd\u0151ben, a kellemesen meleg viz\u0171 medenc\u00e9ben, a szaun\u00e1ban vagy egy napoz\u00f3\u00e1gyon kedvenc k\u00f6nyv\u00e9vel.<\/p>\n<div id=\"attachment_21649\" style=\"width: 1034px\" class=\"wp-caption alignnone\"><img decoding=\"async\" aria-describedby=\"caption-attachment-21649\" class=\"size-medium wp-image-21649\" src=\"https:\/\/www.salzburgerland.com\/hu\/wp-content\/uploads\/2024\/04\/relax-becken-alpentherme-gastein-1920x1067-1-1170x658-1-1024x569.jpeg\" alt=\"A Bad Hofgastein-i term\u00e1lf\u00fcrd\u0151 est\u00e9nk\u00e9nt gy\u00f6ny\u00f6r\u0171en ki van vil\u00e1g\u00edtva\" width=\"1024\" height=\"569\" srcset=\"https:\/\/www.salzburgerland.com\/hu\/wp-content\/uploads\/2024\/04\/relax-becken-alpentherme-gastein-1920x1067-1-1170x658-1-1024x569.jpeg 1024w, https:\/\/www.salzburgerland.com\/hu\/wp-content\/uploads\/2024\/04\/relax-becken-alpentherme-gastein-1920x1067-1-1170x658-1-370x206.jpeg 370w, https:\/\/www.salzburgerland.com\/hu\/wp-content\/uploads\/2024\/04\/relax-becken-alpentherme-gastein-1920x1067-1-1170x658-1-270x150.jpeg 270w, https:\/\/www.salzburgerland.com\/hu\/wp-content\/uploads\/2024\/04\/relax-becken-alpentherme-gastein-1920x1067-1-1170x658-1-540x300.jpeg 540w\" sizes=\"(max-width: 1024px) 100vw, 1024px\"><p id=\"caption-attachment-21649\" class=\"wp-caption-text\">A Bad Hofgastein-i term\u00e1lf\u00fcrd\u0151 est\u00e9nk\u00e9nt gy\u00f6ny\u00f6r\u0171en ki van vil\u00e1g\u00edtva \u00a9 Alpentherme Gastein<\/p><\/div>\n<p>Ak\u00e1r <strong>kisgyermekkel<\/strong> j\u00f6v\u00fcnk, akinek a pancsol\u00f3 a cs\u00facspont, ak\u00e1r egy <strong>tin\u00e9dzserrel<\/strong>, akinek a sz\u00f3rakoz\u00e1s \u00e9s az adrenalin a fontos, senki sem fog unatkozni. Mit k\u00edn\u00e1l ez a csal\u00e1dbar\u00e1t vil\u00e1g? Van itt\u00a0 n\u00e9gys\u00e1vos nagy cs\u00faszda (tavaszt\u00f3l \u0151szig nyitva), k\u00fclt\u00e9ri medenc\u00e9k <strong>31-32 \u00b0C <\/strong>k\u00f6r\u00fcli h\u0151m\u00e9rs\u00e9klet\u0171 v\u00edzzel, lusta foly\u00f3, sz\u00f6k\u0151kutak, id\u0151z\u00edt\u0151vel ell\u00e1tott Black-Hole cs\u00faszda, a legkisebbek sz\u00e1m\u00e1ra pedig gyermekmedence j\u00e1tsz\u00f3t\u00e9rrel. \u00dajdons\u00e1g a <strong>tengeri akv\u00e1rium<\/strong>, \u00e1t\u00fasz\u00e1si lehet\u0151s\u00e9ggel \u00e9s a <strong>textil-szauna<\/strong> a csal\u00e1dok sz\u00e1m\u00e1ra. Az Alpentherme-ben m\u00e1jus elej\u00e9t\u0151l okt\u00f3ber v\u00e9g\u00e9ig \u00e9lvezheti a <strong>kellemes v\u00edzh\u0151m\u00e9rs\u00e9kletet<\/strong> a szabadban. A szabadt\u00e9ren k\u00e9t nagy f\u00fcrd\u0151tavat alak\u00edtottak ki meleg term\u00e1lv\u00edzzel. A hegyekb\u0151l minden nap<strong> friss v\u00edz \u00e1ramlik<\/strong> bele.<\/p>\n<div id=\"attachment_21648\" style=\"width: 1034px\" class=\"wp-caption alignnone\"><img decoding=\"async\" aria-describedby=\"caption-attachment-21648\" class=\"size-medium wp-image-21648\" src=\"https:\/\/www.salzburgerland.com\/hu\/wp-content\/uploads\/2024\/04\/kleinesee-1920x1067-1-1170x658-1-1024x569.jpeg\" alt=\"Term\u00e1lf\u00fcrd\u0151k Bad Hofgasteinben\" width=\"1024\" height=\"569\" srcset=\"https:\/\/www.salzburgerland.com\/hu\/wp-content\/uploads\/2024\/04\/kleinesee-1920x1067-1-1170x658-1-1024x569.jpeg 1024w, https:\/\/www.salzburgerland.com\/hu\/wp-content\/uploads\/2024\/04\/kleinesee-1920x1067-1-1170x658-1-370x206.jpeg 370w, https:\/\/www.salzburgerland.com\/hu\/wp-content\/uploads\/2024\/04\/kleinesee-1920x1067-1-1170x658-1-270x150.jpeg 270w, https:\/\/www.salzburgerland.com\/hu\/wp-content\/uploads\/2024\/04\/kleinesee-1920x1067-1-1170x658-1-540x300.jpeg 540w\" sizes=\"(max-width: 1024px) 100vw, 1024px\"><p id=\"caption-attachment-21648\" class=\"wp-caption-text\">Term\u00e1lf\u00fcrd\u0151k Bad Hofgasteinben @ Alpentherme Gastein, Wolkersdorf<\/p><\/div>\n<h4>H\u00f6lgyek pihen\u0151 z\u00f3n\u00e1ja<\/h4>\n<p>Pihenjen n\u00e9h\u00e1ny \u00f3r\u00e1t, \u00e9s \u00e9lvezze a <strong>csak n\u0151knek sz\u00f3l\u00f3 vil\u00e1got, szaun\u00e1t, g\u0151zf\u00fcrd\u0151t vagy infrakabint<\/strong>. Ide\u00e1lis a bar\u00e1tn\u0151kkel val\u00f3 nyaral\u00e1shoz vagy egy csajos est\u00e9hez is. A szauna-sze\u00e1nszok k\u00f6z\u00f6tt pihenhet a teab\u00e1rban, vagy az egyik nyugodt o\u00e1zisban. Ak\u00e1r egy magazinnal a kez\u00e9ben, vagy csak egy k\u00f6nt\u00f6sbe b\u00fajva, lehunyt szemmel, a fesz\u00fclts\u00e9g mindenk\u00e9ppen felold\u00f3dik.<\/p>\n<h4>Sziklaf\u00fcrd\u0151 \u00e9s wellness Bad Gasteinben<\/h4>\n<p>A <strong>Felsentherme Bad Gastein<\/strong> term\u00e1lf\u00fcrd\u0151 az 1960-as \u00e9vekben \u00e9p\u00fclt, Ausztria els\u0151 nyilv\u00e1nos term\u00e1lf\u00fcrd\u0151jek\u00e9nt, mely abszol\u00fat nyugalmat \u00e9s pihen\u00e9st, valamint l\u00e9legzetel\u00e1ll\u00edt\u00f3 kil\u00e1t\u00e1st k\u00edn\u00e1l a Magas-Tauernre. A f\u00fcrd\u0151 a term\u00e1lforr\u00e1sokb\u00f3l naponta friss vizet nyer, \u00e9s a leveg\u0151 is eg\u00e9szs\u00e9ges \u00e9s tiszta. A <strong>Magas-Tauern Nemzeti Park<\/strong> vize term\u00e9szetes \u00e1sv\u00e1nyi anyagokat tartalmaz, \u00e9s nyugtat\u00f3, pihentet\u0151 hat\u00e1s\u00fa. A ter\u00e1pi\u00e1s k\u00edn\u00e1latot j\u00f3gahetek eg\u00e9sz\u00edtik ki a Gasteinertal v\u00f6lgyben.<\/p>\n<div id=\"attachment_6022\" style=\"width: 1180px\" class=\"wp-caption alignnone\"><img decoding=\"async\" aria-describedby=\"caption-attachment-6022\" class=\"size-1170_658 wp-image-6022\" src=\"https:\/\/www.salzburgerland.com\/hu\/wp-content\/uploads\/2019\/04\/alpentherme-bad-hofgastein-winter-c-alpentherme-gastein-fotoatelier-wolkersdorfer-1170x658.jpg\" alt=\"A Bad Hofgastein-i Alpentherme f\u00fcrd\u0151 t\u00e9li l\u00e1tk\u00e9pe, Alpentherme Bad Hofgastein\" width=\"1170\" height=\"658\" srcset=\"https:\/\/www.salzburgerland.com\/hu\/wp-content\/uploads\/2019\/04\/alpentherme-bad-hofgastein-winter-c-alpentherme-gastein-fotoatelier-wolkersdorfer-1170x658.jpg 1170w, https:\/\/www.salzburgerland.com\/hu\/wp-content\/uploads\/2019\/04\/alpentherme-bad-hofgastein-winter-c-alpentherme-gastein-fotoatelier-wolkersdorfer-1200x675.jpg 1200w\" sizes=\"(max-width: 1170px) 100vw, 1170px\"><p id=\"caption-attachment-6022\" class=\"wp-caption-text\">A Bad Hofgastein-i Alpentherme f\u00fcrd\u0151 t\u00e9li l\u00e1tk\u00e9pe \u00a9 Alpentherme Gastein, Fotoatelier Wolkersdorfer<\/p><\/div>\n<p>A f\u00fcrd\u0151 n\u00e9gy ter\u00fcletre oszlik. A <strong>relax\u00e1ci\u00f3s ter\u00fcletet<\/strong> leny\u0171g\u00f6z\u0151 sziklafalak veszik k\u00f6r\u00fcl, ami egyed\u00fcl\u00e1ll\u00f3 az osztr\u00e1k f\u00fcrd\u0151k k\u00f6z\u00f6tt. Az <strong>\u00e9lm\u00e9nyter\u00fcletet<\/strong>\u00a0a gyermekes csal\u00e1dok sz\u00e1m\u00e1ra alak\u00edtott\u00e1k ki. Ez egy <strong>70 m\u00e9teres cs\u00faszd\u00e1t<\/strong> \u00e9s tov\u00e1bbi csal\u00e1dbar\u00e1t attrakci\u00f3kat foglal mag\u00e1ban. A <strong>kinti r\u00e9szen<\/strong> egy 25 m\u00e9teres sportmedence \u00e9s egy 34 fokos v\u00edzh\u0151m\u00e9rs\u00e9klet\u0171 medence k\u00f6z\u00fcl lehet v\u00e1lasztani.<\/p>\n<p>Az 1100 m\u00e9teres magass\u00e1gban tal\u00e1lhat\u00f3 <strong>panor\u00e1m\u00e1s wellness-k\u00f6zpontban<\/strong> a szaun\u00e1ban izzadva \u00e9lvezheti a hegyek l\u00e1tv\u00e1ny\u00e1t. <strong>Nyolc k\u00fcl\u00f6nb\u00f6z\u0151 szauna<\/strong> \u00e9s g\u0151zf\u00fcrd\u0151 k\u00edn\u00e1l v\u00e1ltozatoss\u00e1got \u00e9s ide\u00e1lis h\u0151m\u00e9rs\u00e9kletet a tapasztalt \u00e9s a kezd\u0151 szaun\u00e1z\u00f3k sz\u00e1m\u00e1ra egyar\u00e1nt. Igazi k\u00fcl\u00f6nlegess\u00e9g a s\u00f3barlang is, ahol a magas p\u00e1ratartalom \u00e9s a kellemes 40 \u00b0C-os h\u0151m\u00e9rs\u00e9klet<strong> er\u0151s\u00edti az immunrendszert<\/strong> \u00e9s pozit\u00edvan hat a testre \u00e9s l\u00e9lekre egyar\u00e1nt. A helytelen tart\u00e1s vagy a hossz\u00fa ideig tart\u00f3 \u00fcl\u00e9s fesz\u00fclts\u00e9get okoz az izmokban, bizony\u00e1ra sokan ismerik ezt a probl\u00e9m\u00e1t, \u00e9s gyakran a f\u00e1jdalom nem m\u00falik el mag\u00e1t\u00f3l. A Bad Gastein-i <strong>Hotel Felsentherme<\/strong> sz\u00e1llod\u00e1ban egy<strong> r\u00e9szleges vagy teljes testmassz\u00e1zs<\/strong> seg\u00edt ellaz\u00edtani az izmokat \u00e9s oldani a fesz\u00fclts\u00e9get.<\/p>\n<div id=\"attachment_21647\" style=\"width: 1034px\" class=\"wp-caption alignnone\"><img decoding=\"async\" aria-describedby=\"caption-attachment-21647\" class=\"size-medium wp-image-21647\" src=\"https:\/\/www.salzburgerland.com\/hu\/wp-content\/uploads\/2024\/04\/sauna-steinbauer-photography-1920x1067-1-1170x658-1-1024x569.jpeg\" alt=\"Kellemes szauna kil\u00e1t\u00e1ssal Bad Gasteinben\" width=\"1024\" height=\"569\" srcset=\"https:\/\/www.salzburgerland.com\/hu\/wp-content\/uploads\/2024\/04\/sauna-steinbauer-photography-1920x1067-1-1170x658-1-1024x569.jpeg 1024w, https:\/\/www.salzburgerland.com\/hu\/wp-content\/uploads\/2024\/04\/sauna-steinbauer-photography-1920x1067-1-1170x658-1-370x206.jpeg 370w, https:\/\/www.salzburgerland.com\/hu\/wp-content\/uploads\/2024\/04\/sauna-steinbauer-photography-1920x1067-1-1170x658-1-270x150.jpeg 270w, https:\/\/www.salzburgerland.com\/hu\/wp-content\/uploads\/2024\/04\/sauna-steinbauer-photography-1920x1067-1-1170x658-1-540x300.jpeg 540w\" sizes=\"(max-width: 1024px) 100vw, 1024px\"><p id=\"caption-attachment-21647\" class=\"wp-caption-text\">Kellemes szauna kil\u00e1t\u00e1ssal Bad Gasteinben \u00a9 Felsentherme Bad Gastein<\/p><\/div>\n<h4>Gy\u00f3gy\u00edt\u00f3 radonkezel\u00e9s<\/h4>\n<p>Bad Gastein d\u00e9li sz\u00e9l\u00e9n tal\u00e1lhat\u00f3 a <strong>Radhausberg<\/strong>. R\u00e9gen aranyat kerestek itt, ma pedig a betegek keresnek gy\u00f3gyul\u00e1st. K\u00e9t kilom\u00e9ter m\u00e9lyen a hegyekben a h\u0151m\u00e9rs\u00e9klet kellemes <strong>37-41,5 fok<\/strong>, a <strong>p\u00e1ratartalom pedig 70 \u00e9s 100 sz\u00e1zal\u00e9k<\/strong> k\u00f6z\u00f6tt mozog. Az igazi k\u00fcl\u00f6nlegess\u00e9g azonban, hogy term\u00e9szetes radon sug\u00e1rz\u00e1st fedeztek fel itt. A radon, a h\u0151 \u00e9s a p\u00e1ratartalom e kombin\u00e1ci\u00f3ja tudom\u00e1nyosan bizony\u00edtottan <strong>gyullad\u00e1scs\u00f6kkent\u0151<\/strong> \u00e9s <strong>immunstabiliz\u00e1l\u00f3<\/strong> hat\u00e1s\u00fa. Ez a hely vil\u00e1gszerte a Bechterew-k\u00f3r, a spondylitis ankylosans legnagyobb kezel\u0151k\u00f6zpontjak\u00e9nt ismert. A kezel\u00e9sek legnagyobb eredm\u00e9nyei k\u00f6z\u00e9 tartoznak a hosszan tart\u00f3 hat\u00e1s\u00fa f\u00e1jdalomcsillap\u00edt\u00f3 ter\u00e1pia, a gy\u00f3gyszerfogyaszt\u00e1s korl\u00e1toz\u00e1sa, \u00e9s az immunrendszer stabiliz\u00e1l\u00e1sa.<\/p>\n<div id=\"attachment_8908\" style=\"width: 1180px\" class=\"wp-caption alignnone\"><img decoding=\"async\" aria-describedby=\"caption-attachment-8908\" class=\"size-1170_658 wp-image-8908\" src=\"https:\/\/www.salzburgerland.com\/hu\/wp-content\/uploads\/2020\/02\/heilstollen-gastein-c-gasteinertal-tourismusgmbh-marktl-photography-13-1170x658.jpg\" alt=\"\" width=\"1170\" height=\"658\" srcset=\"https:\/\/www.salzburgerland.com\/hu\/wp-content\/uploads\/2020\/02\/heilstollen-gastein-c-gasteinertal-tourismusgmbh-marktl-photography-13-1170x658.jpg 1170w, https:\/\/www.salzburgerland.com\/hu\/wp-content\/uploads\/2020\/02\/heilstollen-gastein-c-gasteinertal-tourismusgmbh-marktl-photography-13-1200x675.jpg 1200w\" sizes=\"(max-width: 1170px) 100vw, 1170px\"><p id=\"caption-attachment-8908\" class=\"wp-caption-text\">A gasteini gy\u00f3gyt\u00e1rn\u00e1ban \u00a9 Gasteinertal Tourismus, Manuel Marktl<\/p><\/div>\n","protected":false},"excerpt":{"rendered":"<p>Gastein mindig is h\u00edres volt gy\u00f3gyf\u00fcrd\u0151ir\u0151l \u00e9s a wellness lehet\u0151s\u00e9gekr\u0151l. A Graukogel k\u00f6r\u00fcl 17 forr\u00e1sb\u00f3l folyamatosan 5 milli\u00f3liter term\u00e1lv\u00edz folyik, ebb\u0151l 1 milli\u00f3 liter egy 7 km hossz\u00fa, speci\u00e1lisan szigetelt cs\u0151vezet\u00e9ken kereszt\u00fcl jut el Bad Hofgasteinbe. A term\u00e9szetes m\u00f3don 47 fokos v\u00edz \u00e9rt\u00e9kes \u00e1sv\u00e1nyi anyagokat, nyomelemeket \u00e9s a ritka radong\u00e1zt tartalmaz, amely gy\u00f3gy\u00edt\u00f3 tulajdons\u00e1gokat k\u00f6lcs\u00f6n\u00f6z [&hellip;]<\/p>\n","protected":false},"author":21,"featured_media":15033,"comment_status":"closed","ping_status":"closed","sticky":false,"template":"","format":"standard","meta":{"_acf_changed":false,"wl_entities_gutenberg":"","_relevanssi_hide_post":"","_relevanssi_hide_content":"","_relevanssi_pin_for_all":"","_relevanssi_pin_keywords":"","_relevanssi_unpin_keywords":"","_relevanssi_related_keywords":"","_relevanssi_related_include_ids":"","_relevanssi_related_exclude_ids":"","_relevanssi_related_no_append":"","_relevanssi_related_not_related":"","_relevanssi_related_posts":"","_relevanssi_noindex_reason":"","footnotes":""},"categories":[1],"tags":[684,111,320],"wl_entity_type":[27],"class_list":["post-21646","post","type-post","status-publish","format-standard","has-post-thumbnail","hentry","category-uncategorized","tag-gastein","tag-gyogyfurdo","tag-wellness","wl_entity_type-article"],"acf":[],"yoast_head":"<!-- This site is optimized with the Yoast SEO Premium plugin v27.4 (Yoast SEO v27.4) - https:\/\/yoast.com\/product\/yoast-seo-premium-wordpress\/ -->\n<title>Wellness Gasteinben \u00bb SalzburgerLand.com<\/title>\n<meta name=\"description\" content=\"Gasteinben k\u00e9t nyilv\u00e1nosan is l\u00e1togathat\u00f3 term\u00e1lf\u00fcrd\u0151t tal\u00e1lunk, de m\u00e1s sz\u00e1llodai aj\u00e1nlatokat is k\u00edn\u00e1lj\u00e1k a gy\u00f3gyf\u00fcrd\u0151 lehet\u0151s\u00e9g\u00e9t.\" \/>\n<meta name=\"robots\" content=\"index, follow, max-snippet:-1, max-image-preview:large, max-video-preview:-1\" \/>\n<link rel=\"canonical\" href=\"https:\/\/www.salzburgerland.com\/hu\/gastein-wellness\/\" \/>\n<meta property=\"og:locale\" content=\"hu_HU\" \/>\n<meta property=\"og:type\" content=\"article\" \/>\n<meta property=\"og:title\" content=\"Wellness Gasteinben\" \/>\n<meta property=\"og:description\" content=\"Gastein mindig is h\u00edres volt gy\u00f3gyf\u00fcrd\u0151ir\u0151l \u00e9s a wellness lehet\u0151s\u00e9gekr\u0151l. A Graukogel k\u00f6r\u00fcl 17 forr\u00e1sb\u00f3l folyamatosan 5 milli\u00f3liter term\u00e1lv\u00edz folyik,\" \/>\n<meta property=\"og:url\" content=\"https:\/\/www.salzburgerland.com\/hu\/gastein-wellness\/\" \/>\n<meta property=\"og:site_name\" content=\"SalzburgerLand.com\" \/>\n<meta property=\"article:publisher\" content=\"https:\/\/www.facebook.com\/visitsalzburgerland\/\" \/>\n<meta property=\"article:published_time\" content=\"2024-04-02T11:30:10+00:00\" \/>\n<meta property=\"article:modified_time\" content=\"2024-10-28T16:51:09+00:00\" \/>\n<meta property=\"og:image\" content=\"https:\/\/www.salzburgerland.com\/hu\/wp-content\/uploads\/2022\/02\/felsenterme-bad-gastein-wellness-im-winter-1200x675.jpg\" \/>\n\t<meta property=\"og:image:width\" content=\"1200\" \/>\n\t<meta property=\"og:image:height\" content=\"675\" \/>\n\t<meta property=\"og:image:type\" content=\"image\/jpeg\" \/>\n<meta name=\"author\" content=\"Hajnalka K\u00e1di\" \/>\n<meta name=\"twitter:card\" content=\"summary_large_image\" \/>\n<meta name=\"twitter:creator\" content=\"@salzburgerland\" \/>\n<meta name=\"twitter:site\" content=\"@salzburgerland\" \/>\n<meta name=\"twitter:label1\" content=\"Szerz\u0151:\" \/>\n\t<meta name=\"twitter:data1\" content=\"Hajnalka K\u00e1di\" \/>\n\t<meta name=\"twitter:label2\" content=\"Becs\u00fclt olvas\u00e1si id\u0151\" \/>\n\t<meta name=\"twitter:data2\" content=\"7 perc\" \/>\n<script type=\"application\/ld+json\" class=\"yoast-schema-graph\">{\"@context\":\"https:\\\/\\\/schema.org\",\"@graph\":[{\"@type\":\"Article\",\"@id\":\"https:\\\/\\\/www.salzburgerland.com\\\/hu\\\/gastein-wellness\\\/#article\",\"isPartOf\":{\"@id\":\"https:\\\/\\\/www.salzburgerland.com\\\/hu\\\/gastein-wellness\\\/\"},\"author\":{\"name\":\"Hajnalka K\u00e1di\",\"@id\":\"https:\\\/\\\/www.salzburgerland.com\\\/hu\\\/#\\\/schema\\\/person\\\/e4905df070d9b3c52e1e4c730b26aa5a\"},\"headline\":\"Wellness Gasteinben\",\"datePublished\":\"2024-04-02T11:30:10+00:00\",\"dateModified\":\"2024-10-28T16:51:09+00:00\",\"mainEntityOfPage\":{\"@id\":\"https:\\\/\\\/www.salzburgerland.com\\\/hu\\\/gastein-wellness\\\/\"},\"wordCount\":1287,\"image\":{\"@id\":\"https:\\\/\\\/www.salzburgerland.com\\\/hu\\\/gastein-wellness\\\/#primaryimage\"},\"thumbnailUrl\":\"https:\\\/\\\/www.salzburgerland.com\\\/hu\\\/wp-content\\\/uploads\\\/2022\\\/02\\\/felsenterme-bad-gastein-wellness-im-winter.jpg\",\"keywords\":[\"Gastein\",\"gy\u00f3gyf\u00fcrd\u0151\",\"wellness\"],\"articleSection\":[\"Uncategorized\"],\"inLanguage\":\"hu\"},{\"@type\":\"WebPage\",\"@id\":\"https:\\\/\\\/www.salzburgerland.com\\\/hu\\\/gastein-wellness\\\/\",\"url\":\"https:\\\/\\\/www.salzburgerland.com\\\/hu\\\/gastein-wellness\\\/\",\"name\":\"Wellness Gasteinben \u00bb SalzburgerLand.com\",\"isPartOf\":{\"@id\":\"https:\\\/\\\/www.salzburgerland.com\\\/hu\\\/#website\"},\"primaryImageOfPage\":{\"@id\":\"https:\\\/\\\/www.salzburgerland.com\\\/hu\\\/gastein-wellness\\\/#primaryimage\"},\"image\":{\"@id\":\"https:\\\/\\\/www.salzburgerland.com\\\/hu\\\/gastein-wellness\\\/#primaryimage\"},\"thumbnailUrl\":\"https:\\\/\\\/www.salzburgerland.com\\\/hu\\\/wp-content\\\/uploads\\\/2022\\\/02\\\/felsenterme-bad-gastein-wellness-im-winter.jpg\",\"datePublished\":\"2024-04-02T11:30:10+00:00\",\"dateModified\":\"2024-10-28T16:51:09+00:00\",\"author\":{\"@id\":\"https:\\\/\\\/www.salzburgerland.com\\\/hu\\\/#\\\/schema\\\/person\\\/e4905df070d9b3c52e1e4c730b26aa5a\"},\"description\":\"Gasteinben k\u00e9t nyilv\u00e1nosan is l\u00e1togathat\u00f3 term\u00e1lf\u00fcrd\u0151t tal\u00e1lunk, de m\u00e1s sz\u00e1llodai aj\u00e1nlatokat is k\u00edn\u00e1lj\u00e1k a gy\u00f3gyf\u00fcrd\u0151 lehet\u0151s\u00e9g\u00e9t.\",\"breadcrumb\":{\"@id\":\"https:\\\/\\\/www.salzburgerland.com\\\/hu\\\/gastein-wellness\\\/#breadcrumb\"},\"inLanguage\":\"hu\",\"potentialAction\":[{\"@type\":\"ReadAction\",\"target\":[\"https:\\\/\\\/www.salzburgerland.com\\\/hu\\\/gastein-wellness\\\/\"]}]},{\"@type\":\"ImageObject\",\"inLanguage\":\"hu\",\"@id\":\"https:\\\/\\\/www.salzburgerland.com\\\/hu\\\/gastein-wellness\\\/#primaryimage\",\"url\":\"https:\\\/\\\/www.salzburgerland.com\\\/hu\\\/wp-content\\\/uploads\\\/2022\\\/02\\\/felsenterme-bad-gastein-wellness-im-winter.jpg\",\"contentUrl\":\"https:\\\/\\\/www.salzburgerland.com\\\/hu\\\/wp-content\\\/uploads\\\/2022\\\/02\\\/felsenterme-bad-gastein-wellness-im-winter.jpg\",\"width\":2048,\"height\":1367,\"caption\":\"Gastein term\u00e1lf\u00fcrd\u0151i egyszer\u0171en t\u00f6k\u00e9letesek a megnyugatat\u00f3 hegyi pihen\u00e9shez \u00a9 Gasteinertal Tourismus\"},{\"@type\":\"BreadcrumbList\",\"@id\":\"https:\\\/\\\/www.salzburgerland.com\\\/hu\\\/gastein-wellness\\\/#breadcrumb\",\"itemListElement\":[{\"@type\":\"ListItem\",\"position\":1,\"name\":\"Gastein \u2013 NY\u00c1R\",\"item\":\"https:\\\/\\\/www.salzburgerland.com\\\/hu\\\/gastein-nyar\\\/\"},{\"@type\":\"ListItem\",\"position\":2,\"name\":\"Wellness Gasteinben\"}]},{\"@type\":\"WebSite\",\"@id\":\"https:\\\/\\\/www.salzburgerland.com\\\/hu\\\/#website\",\"url\":\"https:\\\/\\\/www.salzburgerland.com\\\/hu\\\/\",\"name\":\"SalzburgerLand.com\",\"description\":\"\u00dcd\u00fcl\u00e9s Ausztri\u00e1ban, Salzburg tartom\u00e1nyban\",\"potentialAction\":[{\"@type\":\"SearchAction\",\"target\":{\"@type\":\"EntryPoint\",\"urlTemplate\":\"https:\\\/\\\/www.salzburgerland.com\\\/hu\\\/?s={search_term_string}\"},\"query-input\":{\"@type\":\"PropertyValueSpecification\",\"valueRequired\":true,\"valueName\":\"search_term_string\"}}],\"inLanguage\":\"hu\"},{\"@type\":\"Person\",\"@id\":\"https:\\\/\\\/www.salzburgerland.com\\\/hu\\\/#\\\/schema\\\/person\\\/e4905df070d9b3c52e1e4c730b26aa5a\",\"name\":\"Hajnalka K\u00e1di\",\"image\":{\"@type\":\"ImageObject\",\"inLanguage\":\"hu\",\"@id\":\"https:\\\/\\\/secure.gravatar.com\\\/avatar\\\/e8c1eecf3b2c49d295cebc6aba0de06d13ec77aa0cf9ccec32725949011b69d2?s=96&d=mm&r=g\",\"url\":\"https:\\\/\\\/secure.gravatar.com\\\/avatar\\\/e8c1eecf3b2c49d295cebc6aba0de06d13ec77aa0cf9ccec32725949011b69d2?s=96&d=mm&r=g\",\"contentUrl\":\"https:\\\/\\\/secure.gravatar.com\\\/avatar\\\/e8c1eecf3b2c49d295cebc6aba0de06d13ec77aa0cf9ccec32725949011b69d2?s=96&d=mm&r=g\",\"caption\":\"Hajnalka K\u00e1di\"}}]}<\/script>\n<!-- \/ Yoast SEO Premium plugin. -->","yoast_head_json":{"title":"Wellness Gasteinben \u00bb SalzburgerLand.com","description":"Gasteinben k\u00e9t nyilv\u00e1nosan is l\u00e1togathat\u00f3 term\u00e1lf\u00fcrd\u0151t tal\u00e1lunk, de m\u00e1s sz\u00e1llodai aj\u00e1nlatokat is k\u00edn\u00e1lj\u00e1k a gy\u00f3gyf\u00fcrd\u0151 lehet\u0151s\u00e9g\u00e9t.","robots":{"index":"index","follow":"follow","max-snippet":"max-snippet:-1","max-image-preview":"max-image-preview:large","max-video-preview":"max-video-preview:-1"},"canonical":"https:\/\/www.salzburgerland.com\/hu\/gastein-wellness\/","og_locale":"hu_HU","og_type":"article","og_title":"Wellness Gasteinben","og_description":"Gastein mindig is h\u00edres volt gy\u00f3gyf\u00fcrd\u0151ir\u0151l \u00e9s a wellness lehet\u0151s\u00e9gekr\u0151l. A Graukogel k\u00f6r\u00fcl 17 forr\u00e1sb\u00f3l folyamatosan 5 milli\u00f3liter term\u00e1lv\u00edz folyik,","og_url":"https:\/\/www.salzburgerland.com\/hu\/gastein-wellness\/","og_site_name":"SalzburgerLand.com","article_publisher":"https:\/\/www.facebook.com\/visitsalzburgerland\/","article_published_time":"2024-04-02T11:30:10+00:00","article_modified_time":"2024-10-28T16:51:09+00:00","og_image":[{"width":1200,"height":675,"url":"https:\/\/www.salzburgerland.com\/hu\/wp-content\/uploads\/2022\/02\/felsenterme-bad-gastein-wellness-im-winter-1200x675.jpg","type":"image\/jpeg"}],"author":"Hajnalka K\u00e1di","twitter_card":"summary_large_image","twitter_creator":"@salzburgerland","twitter_site":"@salzburgerland","twitter_misc":{"Szerz\u0151:":"Hajnalka K\u00e1di","Becs\u00fclt olvas\u00e1si id\u0151":"7 perc"},"schema":{"@context":"https:\/\/schema.org","@graph":[{"@type":"Article","@id":"https:\/\/www.salzburgerland.com\/hu\/gastein-wellness\/#article","isPartOf":{"@id":"https:\/\/www.salzburgerland.com\/hu\/gastein-wellness\/"},"author":{"name":"Hajnalka K\u00e1di","@id":"https:\/\/www.salzburgerland.com\/hu\/#\/schema\/person\/e4905df070d9b3c52e1e4c730b26aa5a"},"headline":"Wellness Gasteinben","datePublished":"2024-04-02T11:30:10+00:00","dateModified":"2024-10-28T16:51:09+00:00","mainEntityOfPage":{"@id":"https:\/\/www.salzburgerland.com\/hu\/gastein-wellness\/"},"wordCount":1287,"image":{"@id":"https:\/\/www.salzburgerland.com\/hu\/gastein-wellness\/#primaryimage"},"thumbnailUrl":"https:\/\/www.salzburgerland.com\/hu\/wp-content\/uploads\/2022\/02\/felsenterme-bad-gastein-wellness-im-winter.jpg","keywords":["Gastein","gy\u00f3gyf\u00fcrd\u0151","wellness"],"articleSection":["Uncategorized"],"inLanguage":"hu"},{"@type":"WebPage","@id":"https:\/\/www.salzburgerland.com\/hu\/gastein-wellness\/","url":"https:\/\/www.salzburgerland.com\/hu\/gastein-wellness\/","name":"Wellness Gasteinben \u00bb SalzburgerLand.com","isPartOf":{"@id":"https:\/\/www.salzburgerland.com\/hu\/#website"},"primaryImageOfPage":{"@id":"https:\/\/www.salzburgerland.com\/hu\/gastein-wellness\/#primaryimage"},"image":{"@id":"https:\/\/www.salzburgerland.com\/hu\/gastein-wellness\/#primaryimage"},"thumbnailUrl":"https:\/\/www.salzburgerland.com\/hu\/wp-content\/uploads\/2022\/02\/felsenterme-bad-gastein-wellness-im-winter.jpg","datePublished":"2024-04-02T11:30:10+00:00","dateModified":"2024-10-28T16:51:09+00:00","author":{"@id":"https:\/\/www.salzburgerland.com\/hu\/#\/schema\/person\/e4905df070d9b3c52e1e4c730b26aa5a"},"description":"Gasteinben k\u00e9t nyilv\u00e1nosan is l\u00e1togathat\u00f3 term\u00e1lf\u00fcrd\u0151t tal\u00e1lunk, de m\u00e1s sz\u00e1llodai aj\u00e1nlatokat is k\u00edn\u00e1lj\u00e1k a gy\u00f3gyf\u00fcrd\u0151 lehet\u0151s\u00e9g\u00e9t.","breadcrumb":{"@id":"https:\/\/www.salzburgerland.com\/hu\/gastein-wellness\/#breadcrumb"},"inLanguage":"hu","potentialAction":[{"@type":"ReadAction","target":["https:\/\/www.salzburgerland.com\/hu\/gastein-wellness\/"]}]},{"@type":"ImageObject","inLanguage":"hu","@id":"https:\/\/www.salzburgerland.com\/hu\/gastein-wellness\/#primaryimage","url":"https:\/\/www.salzburgerland.com\/hu\/wp-content\/uploads\/2022\/02\/felsenterme-bad-gastein-wellness-im-winter.jpg","contentUrl":"https:\/\/www.salzburgerland.com\/hu\/wp-content\/uploads\/2022\/02\/felsenterme-bad-gastein-wellness-im-winter.jpg","width":2048,"height":1367,"caption":"Gastein term\u00e1lf\u00fcrd\u0151i egyszer\u0171en t\u00f6k\u00e9letesek a megnyugatat\u00f3 hegyi pihen\u00e9shez \u00a9 Gasteinertal Tourismus"},{"@type":"BreadcrumbList","@id":"https:\/\/www.salzburgerland.com\/hu\/gastein-wellness\/#breadcrumb","itemListElement":[{"@type":"ListItem","position":1,"name":"Gastein \u2013 NY\u00c1R","item":"https:\/\/www.salzburgerland.com\/hu\/gastein-nyar\/"},{"@type":"ListItem","position":2,"name":"Wellness Gasteinben"}]},{"@type":"WebSite","@id":"https:\/\/www.salzburgerland.com\/hu\/#website","url":"https:\/\/www.salzburgerland.com\/hu\/","name":"SalzburgerLand.com","description":"\u00dcd\u00fcl\u00e9s Ausztri\u00e1ban, Salzburg tartom\u00e1nyban","potentialAction":[{"@type":"SearchAction","target":{"@type":"EntryPoint","urlTemplate":"https:\/\/www.salzburgerland.com\/hu\/?s={search_term_string}"},"query-input":{"@type":"PropertyValueSpecification","valueRequired":true,"valueName":"search_term_string"}}],"inLanguage":"hu"},{"@type":"Person","@id":"https:\/\/www.salzburgerland.com\/hu\/#\/schema\/person\/e4905df070d9b3c52e1e4c730b26aa5a","name":"Hajnalka K\u00e1di","image":{"@type":"ImageObject","inLanguage":"hu","@id":"https:\/\/secure.gravatar.com\/avatar\/e8c1eecf3b2c49d295cebc6aba0de06d13ec77aa0cf9ccec32725949011b69d2?s=96&d=mm&r=g","url":"https:\/\/secure.gravatar.com\/avatar\/e8c1eecf3b2c49d295cebc6aba0de06d13ec77aa0cf9ccec32725949011b69d2?s=96&d=mm&r=g","contentUrl":"https:\/\/secure.gravatar.com\/avatar\/e8c1eecf3b2c49d295cebc6aba0de06d13ec77aa0cf9ccec32725949011b69d2?s=96&d=mm&r=g","caption":"Hajnalka K\u00e1di"}}]}},"_wl_alt_label":[],"wl:entity_url":"http:\/\/open.salzburgerland.com\/hu\/post\/gastein-wellness-21646","_links":{"self":[{"href":"https:\/\/www.salzburgerland.com\/hu\/wp-json\/wp\/v2\/posts\/21646","targetHints":{"allow":["GET"]}}],"collection":[{"href":"https:\/\/www.salzburgerland.com\/hu\/wp-json\/wp\/v2\/posts"}],"about":[{"href":"https:\/\/www.salzburgerland.com\/hu\/wp-json\/wp\/v2\/types\/post"}],"author":[{"embeddable":true,"href":"https:\/\/www.salzburgerland.com\/hu\/wp-json\/wp\/v2\/users\/21"}],"replies":[{"embeddable":true,"href":"https:\/\/www.salzburgerland.com\/hu\/wp-json\/wp\/v2\/comments?post=21646"}],"version-history":[{"count":9,"href":"https:\/\/www.salzburgerland.com\/hu\/wp-json\/wp\/v2\/posts\/21646\/revisions"}],"predecessor-version":[{"id":22598,"href":"https:\/\/www.salzburgerland.com\/hu\/wp-json\/wp\/v2\/posts\/21646\/revisions\/22598"}],"wp:featuredmedia":[{"embeddable":true,"href":"https:\/\/www.salzburgerland.com\/hu\/wp-json\/wp\/v2\/media\/15033"}],"wp:attachment":[{"href":"https:\/\/www.salzburgerland.com\/hu\/wp-json\/wp\/v2\/media?parent=21646"}],"wp:term":[{"taxonomy":"category","embeddable":true,"href":"https:\/\/www.salzburgerland.com\/hu\/wp-json\/wp\/v2\/categories?post=21646"},{"taxonomy":"post_tag","embeddable":true,"href":"https:\/\/www.salzburgerland.com\/hu\/wp-json\/wp\/v2\/tags?post=21646"},{"taxonomy":"wl_entity_type","embeddable":true,"href":"https:\/\/www.salzburgerland.com\/hu\/wp-json\/wp\/v2\/wl_entity_type?post=21646"}],"curies":[{"name":"wp","href":"https:\/\/api.w.org\/{rel}","templated":true}]}}