{"id":21605,"date":"2024-04-03T19:42:39","date_gmt":"2024-04-03T17:42:39","guid":{"rendered":"https:\/\/www.salzburgerland.com\/hu\/?p=21605"},"modified":"2024-04-29T22:07:07","modified_gmt":"2024-04-29T20:07:07","slug":"altenmarkt-zauchensee-turazas","status":"publish","type":"post","link":"https:\/\/www.salzburgerland.com\/hu\/altenmarkt-zauchensee-turazas\/","title":{"rendered":"T\u00far\u00e1z\u00e1s Altenmarkt-Zauchensee-ben"},"content":{"rendered":"<p>Az <strong>Altenmarkt-Zauchensee<\/strong> \u00fcd\u00fcl\u0151hely ide\u00e1lis c\u00e9lpont mindazok sz\u00e1m\u00e1ra, akik szeretik a hegyeket \u00e9s az akt\u00edv, term\u00e9szetk\u00f6zeli nyaral\u00e1st r\u00e9szes\u00edtik el\u0151nyben. Az Alpok hegycs\u00facsai v\u00e1rnak itt, valamint fantasztikus t\u00fara\u00fatvonalak minden neh\u00e9zs\u00e9gi szinten. Aki a pihentet\u0151 csal\u00e1di nyaral\u00e1st r\u00e9szes\u00edti el\u0151nyben, az <strong>Altenmarkt-ot<\/strong> (842 m) v\u00e1lasztja, aki a sportos kih\u00edv\u00e1st kedveli, az ink\u00e1bb <strong>Zauchensee-ben<\/strong> (1350 m) tal\u00e1lja meg a sz\u00e1m\u00edt\u00e1sait. Az \u00fcd\u00fcl\u0151hely mindk\u00e9t telep\u00fcl\u00e9se <strong>k\u00e9t k\u00f6zeli, de egym\u00e1ssal sz\u00f6ges ellent\u00e9tben \u00e1ll\u00f3 t\u00faravid\u00e9k<\/strong> egyed\u00fcl\u00e1ll\u00f3 kombin\u00e1ci\u00f3j\u00e1t alkotja.<\/p>\n<p>Altenmarkt-Zauchensee v\u00e1ltozatos t\u00fara\u00fatvonal-h\u00e1l\u00f3zata a <strong>Lackenkogel<\/strong> k\u00f6r\u00fcl fut. A h\u00e1l\u00f3zatot 20, egys\u00e9gesen s\u00e1rga sz\u00ednnel jel\u00f6lt \u00fatvonal alkotja, amelyek teljes hossza <strong>195 km<\/strong>. A helyi \u00fatvonalakhoz tov\u00e1bbiak csatlakoznak, amelyek a <strong>Salzburgi Sportvil\u00e1g<\/strong> r\u00e9gi\u00f3j\u00e1ban h\u00faz\u00f3dnak, \u00f6sszesen <strong>1000 km<\/strong> hossz\u00fas\u00e1gban.<\/p>\n\n\t\t\t<div id=\"21605-1\" class=\"gallery gallery-21605 gallery-columns-3 gallery-size-1170_658\" itemscope itemtype=\"http:\/\/schema.org\/ImageGallery\">\n\t\t\t\t<ul class=\"gallery-row gallery-col-3 gallery-clear\">\n\t\t\t\t\t<li class=\"gallery-item col-3\" itemprop=\"associatedMedia\" itemscope itemtype=\"http:\/\/schema.org\/ImageObject\">\n\t\t\t\t\t\t<div class=\"gallery-icon landscape\"><a href=\"https:\/\/www.salzburgerland.com\/hu\/wp-content\/uploads\/2024\/03\/wanderung-tauernkarleitenalm-in-altenmarkt-zauchensee-1601x1067.jpg\" title=\"T\u00far\u00e1z\u00e1s a gyerekekkel a Tauernkarleitenalm legel\u0151n\"><img decoding=\"async\" data-title=\"T\u00far\u00e1z\u00e1s a gyerekekkel a Tauernkarleitenalm legel\u0151n \u00a9 Matthias Fritzenwallner\n\n\" title=\"T\u00far\u00e1z\u00e1s a gyerekekkel a Tauernkarleitenalm legel\u0151n \u00a9 Matthias Fritzenwallner\n\n\" data-caption=\"T\u00far\u00e1z\u00e1s a gyerekekkel a Tauernkarleitenalm legel\u0151n \u00a9 Matthias Fritzenwallner\n\n\" width=\"1170\" height=\"658\" src=\"https:\/\/www.salzburgerland.com\/hu\/wp-content\/uploads\/2024\/03\/wanderung-tauernkarleitenalm-in-altenmarkt-zauchensee-1170x658.jpg\" class=\"attachment-1170_658 size-1170_658\" alt=\"T\u00far\u00e1z\u00e1s a gyerekekkel a Tauernkarleitenalm legel\u0151n (Nagy\u00edtott n\u00e9zet)\" srcset=\"https:\/\/www.salzburgerland.com\/hu\/wp-content\/uploads\/2024\/03\/wanderung-tauernkarleitenalm-in-altenmarkt-zauchensee-1170x658.jpg 1170w, https:\/\/www.salzburgerland.com\/hu\/wp-content\/uploads\/2024\/03\/wanderung-tauernkarleitenalm-in-altenmarkt-zauchensee-1200x675.jpg 1200w\" sizes=\"(max-width: 1170px) 100vw, 1170px\" aria-describedby=\"figcaption-21605-21524\" itemprop=\"thumbnail\"><\/a><\/div>\n\t\t\t\t\t\t<span id=\"figcaption-21605-21524\" class=\"gallery-caption\" itemprop=\"caption\"><span aria-hidden=\"true\">T\u00far\u00e1z\u00e1s a gyerekekkel a Tauernkarleitenalm legel\u0151n \u00a9 Matthias Fritzenwallner\n\n<\/span><\/span>\n\t\t\t\t\t<\/li>\n\t\t\t\t\t<li class=\"gallery-item col-3\" itemprop=\"associatedMedia\" itemscope itemtype=\"http:\/\/schema.org\/ImageObject\">\n\t\t\t\t\t\t<div class=\"gallery-icon landscape\"><a href=\"https:\/\/www.salzburgerland.com\/hu\/wp-content\/uploads\/2024\/03\/almenweg-in-altenmarkt-zauchensee.jpg\" title=\"Pihen\u00e9s az alpesi t\u00fara\u00fatvonalon\"><img decoding=\"async\" data-title=\"Pihen\u00e9s az alpesi t\u00fara\u00fatvonalon \u00a9 Lorenz Masser\" title=\"Pihen\u00e9s az alpesi t\u00fara\u00fatvonalon \u00a9 Lorenz Masser\" data-caption=\"Pihen\u00e9s az alpesi t\u00fara\u00fatvonalon \u00a9 Lorenz Masser\" width=\"1170\" height=\"658\" src=\"https:\/\/www.salzburgerland.com\/hu\/wp-content\/uploads\/2024\/03\/almenweg-in-altenmarkt-zauchensee-1170x658.jpg\" class=\"attachment-1170_658 size-1170_658\" alt=\"Pihen\u00e9s az alpesi t\u00fara\u00fatvonalon (Nagy\u00edtott n\u00e9zet)\" srcset=\"https:\/\/www.salzburgerland.com\/hu\/wp-content\/uploads\/2024\/03\/almenweg-in-altenmarkt-zauchensee-1170x658.jpg 1170w, https:\/\/www.salzburgerland.com\/hu\/wp-content\/uploads\/2024\/03\/almenweg-in-altenmarkt-zauchensee-1200x675.jpg 1200w\" sizes=\"(max-width: 1170px) 100vw, 1170px\" aria-describedby=\"figcaption-21605-21606\" itemprop=\"thumbnail\"><\/a><\/div>\n\t\t\t\t\t\t<span id=\"figcaption-21605-21606\" class=\"gallery-caption\" itemprop=\"caption\"><span aria-hidden=\"true\">Pihen\u00e9s az alpesi t\u00fara\u00fatvonalon \u00a9 Lorenz Masser<\/span><\/span>\n\t\t\t\t\t<\/li>\n\t\t\t\t\t<li class=\"gallery-item col-3\" itemprop=\"associatedMedia\" itemscope itemtype=\"http:\/\/schema.org\/ImageObject\">\n\t\t\t\t\t\t<div class=\"gallery-icon landscape\"><a href=\"https:\/\/www.salzburgerland.com\/hu\/wp-content\/uploads\/2024\/03\/salzburger-gipfelspiel-in-altenmarkt-zauchensee.jpg\" title=\"Salzburgi cs\u00facsok j\u00e1t\u00e9ka a Lackenkogel-en\"><img decoding=\"async\" data-title=\"Salzburgi cs\u00facsok j\u00e1t\u00e9ka a Lackenkogel-en \u00a9 Salzburger Sportwelt, Mike Gr\u00f6ssinger\n\" title=\"Salzburgi cs\u00facsok j\u00e1t\u00e9ka a Lackenkogel-en \u00a9 Salzburger Sportwelt, Mike Gr\u00f6ssinger\n\" data-caption=\"Salzburgi cs\u00facsok j\u00e1t\u00e9ka a Lackenkogel-en \u00a9 Salzburger Sportwelt, Mike Gr\u00f6ssinger\n\" width=\"1170\" height=\"658\" src=\"https:\/\/www.salzburgerland.com\/hu\/wp-content\/uploads\/2024\/03\/salzburger-gipfelspiel-in-altenmarkt-zauchensee-1170x658.jpg\" class=\"attachment-1170_658 size-1170_658\" alt=\"Salzburgi cs\u00facsok j\u00e1t\u00e9ka a Lackenkogel-en (Nagy\u00edtott n\u00e9zet)\" srcset=\"https:\/\/www.salzburgerland.com\/hu\/wp-content\/uploads\/2024\/03\/salzburger-gipfelspiel-in-altenmarkt-zauchensee-1170x658.jpg 1170w, https:\/\/www.salzburgerland.com\/hu\/wp-content\/uploads\/2024\/03\/salzburger-gipfelspiel-in-altenmarkt-zauchensee-1200x675.jpg 1200w\" sizes=\"(max-width: 1170px) 100vw, 1170px\" aria-describedby=\"figcaption-21605-21610\" itemprop=\"thumbnail\"><\/a><\/div>\n\t\t\t\t\t\t<span id=\"figcaption-21605-21610\" class=\"gallery-caption\" itemprop=\"caption\"><span aria-hidden=\"true\">Salzburgi cs\u00facsok j\u00e1t\u00e9ka a Lackenkogel-en \u00a9 Salzburger Sportwelt, Mike Gr\u00f6ssinger\n<\/span><\/span>\n\t\t\t\t\t<\/li>\n\t\t\t\t<\/ul>\n\t\t\t<\/div><!-- .gallery -->\n\n<h4>T\u00fara\u00fatvonalak sz\u00e9les v\u00e1laszt\u00e9ka<\/h4>\n<p>Gyermekes csal\u00e1doknak aj\u00e1nlott a <a href=\"https:\/\/www.altenmarkt-zauchensee.at\/en\/tours\/tauernkarleiten-tour.html\" target=\"_blank\" rel=\"noopener\"><strong>Tauernkarleiten-Tour<\/strong><\/a> t\u00fara\u00fatvonal. Akik hossz\u00fa t\u00e1v\u00fa t\u00far\u00e1z\u00e1sra v\u00e1gynak, azoknak az Alpokon \u00e1t vezet\u0151 <a href=\"https:\/\/www.altenmarkt-zauchensee.at\/en\/tours\/salzburger-almenweg-stage-18-zauchensee-gnadenalm-obertauern.html\" target=\"_blank\" rel=\"noopener\"><strong>salzburgi alpesi legel\u0151k t\u00fara\u00fatja<\/strong><\/a> vagy az <a href=\"https:\/\/www.altenmarkt-zauchensee.at\/en\/tours\/arno-trailstage-49-zauchensee-altenmarkt.html\" target=\"_blank\" rel=\"noopener\"><strong>Arnoweg<\/strong><\/a> zar\u00e1ndok\u00fat a megfelel\u0151. Hat tematikus, \u00e9rt\u00e9kes ismeretekkel \u00e9s \u00e9rdekess\u00e9gekkel teli t\u00fara\u00fatvonal is tal\u00e1lhat\u00f3, mint p\u00e9ld\u00e1ul a Bauernregelweg \u00e9s a Mondweg t\u00fara\u00fatvonalak. A lelkes cs\u00facsh\u00f3d\u00edt\u00f3kat a helyi Lackenkogel-hegy (2051 m) v\u00e1rja Altenmarktban. Azok pedig, akik nem szeretn\u00e9nek gyalog felm\u00e1szni a hegyre, a Zauchenseeben tal\u00e1lhat\u00f3 Gamskogelbahn I felvon\u00f3val juthatnak fel a magaslatokba.<\/p>\n<div id=\"attachment_19131\" style=\"width: 1180px\" class=\"wp-caption alignnone\"><img decoding=\"async\" aria-describedby=\"caption-attachment-19131\" class=\"size-1170_658 wp-image-19131\" src=\"https:\/\/www.salzburgerland.com\/hu\/wp-content\/uploads\/2019\/04\/bild12wandern_im_naturparadies_altenmarkt_zauchenseesalzburger_sportwelt_lorenz_masser-1170x658.jpg\" alt=\"T\u00far\u00e1z\u00e1s Altenmarkt-Zauchensee term\u00e9szeti paradicsom\u00e1ban.\" width=\"1170\" height=\"658\" srcset=\"https:\/\/www.salzburgerland.com\/hu\/wp-content\/uploads\/2019\/04\/bild12wandern_im_naturparadies_altenmarkt_zauchenseesalzburger_sportwelt_lorenz_masser-1170x658.jpg 1170w, https:\/\/www.salzburgerland.com\/hu\/wp-content\/uploads\/2019\/04\/bild12wandern_im_naturparadies_altenmarkt_zauchenseesalzburger_sportwelt_lorenz_masser-1200x675.jpg 1200w\" sizes=\"(max-width: 1170px) 100vw, 1170px\"><p id=\"caption-attachment-19131\" class=\"wp-caption-text\">T\u00far\u00e1z\u00e1s Altenmarkt-Zauchensee term\u00e9szeti paradicsom\u00e1ban \u00a9 Salzburger Sportwelt, Lorenz Masser<\/p><\/div>\n<h4>Vezetett t\u00far\u00e1k<\/h4>\n<p>Altenmarkt-Zauchensee <strong>min\u0151s\u00edtett t\u00farar\u00e9gi\u00f3<\/strong>, ahol vezetett t\u00far\u00e1kat is k\u00edn\u00e1lnak. Ny\u00e1ron \u00e9s \u0151sszel hetente k\u00e9tszer b\u00e1rki csatlakozhat a<a href=\"https:\/\/www.altenmarkt-zauchensee.at\/en\/activities\/gefuehrte-wanderungen.html\" target=\"_blank\" rel=\"noopener\"><strong> helyi t\u00faravezet\u0151 \u00e1ltal vezetett csoporthoz<\/strong><\/a>, \u00e9s \u00edgy gondtalanul \u00e9lvezheti az alpesi term\u00e9szet pomp\u00e1j\u00e1t \u00e9s az eg\u00e9szs\u00e9ges alpesi leveg\u0151t.<\/p>\n\n\t\t\t<div id=\"21605-2\" class=\"gallery gallery-21605 gallery-columns-3 gallery-size-1170_658\" itemscope itemtype=\"http:\/\/schema.org\/ImageGallery\">\n\t\t\t\t<ul class=\"gallery-row gallery-col-3 gallery-clear\">\n\t\t\t\t\t<li class=\"gallery-item col-3\" itemprop=\"associatedMedia\" itemscope itemtype=\"http:\/\/schema.org\/ImageObject\">\n\t\t\t\t\t\t<div class=\"gallery-icon landscape\"><a href=\"https:\/\/www.salzburgerland.com\/hu\/wp-content\/uploads\/2024\/03\/fruhlingswandern-in-altenmarkt-zauchensee.jpg\" title=\"fru\u0308hlingswandern-in-altenmarkt-zauchensee\"><img decoding=\"async\" data-title=\"Lorenz Masser, Lorenz Masser\" title=\"Lorenz Masser, Lorenz Masser\" data-caption=\"Lorenz Masser, Lorenz Masser\" width=\"1170\" height=\"658\" src=\"https:\/\/www.salzburgerland.com\/hu\/wp-content\/uploads\/2024\/03\/fruhlingswandern-in-altenmarkt-zauchensee-1170x658.jpg\" class=\"attachment-1170_658 size-1170_658\" alt=\"K\u00e9t ember t\u00far\u00e1z\u00e1s Altenmarkt-Zauchensee-ben egy f\u00fcves dombon, r\u00f3zsasz\u00edn vir\u00e1gok ny\u00edlnak a ragyog\u00f3 \u00e9g alatt. (Nagy\u00edtott n\u00e9zet)\" srcset=\"https:\/\/www.salzburgerland.com\/hu\/wp-content\/uploads\/2024\/03\/fruhlingswandern-in-altenmarkt-zauchensee-1170x658.jpg 1170w, https:\/\/www.salzburgerland.com\/hu\/wp-content\/uploads\/2024\/03\/fruhlingswandern-in-altenmarkt-zauchensee-1200x675.jpg 1200w\" sizes=\"(max-width: 1170px) 100vw, 1170px\" aria-describedby=\"figcaption-21605-21608\" itemprop=\"thumbnail\"><\/a><\/div>\n\t\t\t\t\t\t<span id=\"figcaption-21605-21608\" class=\"gallery-caption\" itemprop=\"caption\"><span aria-hidden=\"true\">Lorenz Masser, Lorenz Masser<\/span><\/span>\n\t\t\t\t\t<\/li>\n\t\t\t\t\t<li class=\"gallery-item col-3\" itemprop=\"associatedMedia\" itemscope itemtype=\"http:\/\/schema.org\/ImageObject\">\n\t\t\t\t\t\t<div class=\"gallery-icon landscape\"><a href=\"https:\/\/www.salzburgerland.com\/hu\/wp-content\/uploads\/2024\/04\/sommerurlaub-in-altenmarkt-zauchensee-1170x658-1.jpeg\" title=\"Ny\u00e1ri t\u00far\u00e1z\u00e1s Altenmarkt-Zauchensee-ben\"><img decoding=\"async\" data-title=\"Ny\u00e1ri t\u00far\u00e1z\u00e1s Altenmarkt-Zauchensee-ben \u00a9 Christian Schartner\n\" title=\"Ny\u00e1ri t\u00far\u00e1z\u00e1s Altenmarkt-Zauchensee-ben \u00a9 Christian Schartner\n\" data-caption=\"Ny\u00e1ri t\u00far\u00e1z\u00e1s Altenmarkt-Zauchensee-ben \u00a9 Christian Schartner\n\" width=\"1170\" height=\"658\" src=\"https:\/\/www.salzburgerland.com\/hu\/wp-content\/uploads\/2024\/04\/sommerurlaub-in-altenmarkt-zauchensee-1170x658-1.jpeg\" class=\"attachment-1170_658 size-1170_658\" alt=\"Ny\u00e1ri t\u00far\u00e1z\u00e1s Altenmarkt-Zauchensee-ben (Nagy\u00edtott n\u00e9zet)\" srcset=\"https:\/\/www.salzburgerland.com\/hu\/wp-content\/uploads\/2024\/04\/sommerurlaub-in-altenmarkt-zauchensee-1170x658-1.jpeg 1170w, https:\/\/www.salzburgerland.com\/hu\/wp-content\/uploads\/2024\/04\/sommerurlaub-in-altenmarkt-zauchensee-1170x658-1-768x432.jpeg 768w\" sizes=\"(max-width: 1170px) 100vw, 1170px\" aria-describedby=\"figcaption-21605-21906\" itemprop=\"thumbnail\"><\/a><\/div>\n\t\t\t\t\t\t<span id=\"figcaption-21605-21906\" class=\"gallery-caption\" itemprop=\"caption\"><span aria-hidden=\"true\">Ny\u00e1ri t\u00far\u00e1z\u00e1s Altenmarkt-Zauchensee-ben \u00a9 Christian Schartner\n<\/span><\/span>\n\t\t\t\t\t<\/li>\n\t\t\t\t\t<li class=\"gallery-item col-3\" itemprop=\"associatedMedia\" itemscope itemtype=\"http:\/\/schema.org\/ImageObject\">\n\t\t\t\t\t\t<div class=\"gallery-icon landscape\"><a href=\"https:\/\/www.salzburgerland.com\/hu\/wp-content\/uploads\/2024\/03\/wandern-in-altenmarkt-zauchensee-1601x1067.jpg\" title=\"Zauchensee csod\u00e1latos t\u00faravid\u00e9k\u00e9n\"><img decoding=\"async\" data-title=\"Zauchensee csod\u00e1latos t\u00faravid\u00e9k\u00e9n \u00a9 Lorenz Masser\" title=\"Zauchensee csod\u00e1latos t\u00faravid\u00e9k\u00e9n \u00a9 Lorenz Masser\" data-caption=\"Zauchensee csod\u00e1latos t\u00faravid\u00e9k\u00e9n \u00a9 Lorenz Masser\" width=\"1170\" height=\"658\" src=\"https:\/\/www.salzburgerland.com\/hu\/wp-content\/uploads\/2024\/03\/wandern-in-altenmarkt-zauchensee-1170x658.jpg\" class=\"attachment-1170_658 size-1170_658\" alt=\"Zauchensee csod\u00e1latos t\u00faravid\u00e9k\u00e9n (Nagy\u00edtott n\u00e9zet)\" srcset=\"https:\/\/www.salzburgerland.com\/hu\/wp-content\/uploads\/2024\/03\/wandern-in-altenmarkt-zauchensee-1170x658.jpg 1170w, https:\/\/www.salzburgerland.com\/hu\/wp-content\/uploads\/2024\/03\/wandern-in-altenmarkt-zauchensee-1200x675.jpg 1200w\" sizes=\"(max-width: 1170px) 100vw, 1170px\" aria-describedby=\"figcaption-21605-21613\" itemprop=\"thumbnail\"><\/a><\/div>\n\t\t\t\t\t\t<span id=\"figcaption-21605-21613\" class=\"gallery-caption\" itemprop=\"caption\"><span aria-hidden=\"true\">Zauchensee csod\u00e1latos t\u00faravid\u00e9k\u00e9n \u00a9 Lorenz Masser<\/span><\/span>\n\t\t\t\t\t<\/li>\n\t\t\t\t<\/ul>\n\t\t\t<\/div><!-- .gallery -->\n\n<h4>T\u00far\u00e1z\u00e1s gyerekekkel<\/h4>\n<p>A Salzburg tartom\u00e1ny sz\u00edv\u00e9ben fekv\u0151 \u00fcd\u00fcl\u0151paradicsom k\u00fcl\u00f6n\u00f6sen vonz\u00f3 a gyermekes csal\u00e1dok sz\u00e1m\u00e1ra. K\u00fcl\u00f6nleges <strong>tematikus \u00fatvonalak<\/strong> \u00e9s <strong>vezetett t\u00far\u00e1k<\/strong> teszik a <strong>kir\u00e1ndul\u00e1st<\/strong> izgalmas kalandd\u00e1 a <a href=\"https:\/\/www.altenmarkt-zauchensee.at\/en\/activities\/wandern-mit-kindern.html\" target=\"_blank\" rel=\"noopener\"><strong>gyermekek<\/strong><\/a> <strong>sz\u00e1m\u00e1ra<\/strong>. Ezek az \u00fatvonalak az alpesi cs\u00facsok l\u00e9legzetel\u00e1ll\u00edt\u00f3 t\u00e1jain vezetnek kereszt\u00fcl, \u00e9s felejthetetlen \u00e9lm\u00e9nyek \u00e9s felfedez\u00e9sek t\u00f6mkeleg\u00e9t ny\u00fajtj\u00e1k. Kisgyermekes csal\u00e1dok sz\u00e1m\u00e1ra is alkalmasak, legt\u00f6bbsz\u00f6r <strong>babakocsival is j\u00e1rhat\u00f3ak<\/strong>, de mindenk\u00e9ppen legyen\u00a0 a babakocsin k\u00e9zif\u00e9k! A tematikus \u00fatvonalakon a sz\u00fcl\u0151k \u00e9s a kicsik megismerkednek p\u00e9ld\u00e1ul a mez\u0151gazdas\u00e1g alapelveivel vagy a Holddal kapcsolatos ismereteiket b\u0151v\u00edthetik, \u00e9s felfedezhetnek egy sz\u00e1mukra eddig ismeretlen vil\u00e1got. Kisebb gyerekeket <strong>babahordoz\u00f3ban<\/strong> is lehet vinni, de a gyerekekkel nem \u00e9rdemes a t\u00far\u00e1t <strong>1,5 \u00f3r\u00e1n\u00e1l<\/strong> hosszabbra tervezni. Ne feledj\u00e9k! A babakocsiban utaz\u00f3 gyermekeket valamivel melegebben kell \u00f6lt\u00f6ztetni, mint akik gyalogolnak!<\/p>\n<div id=\"attachment_21607\" style=\"width: 1180px\" class=\"wp-caption alignnone\"><img decoding=\"async\" aria-describedby=\"caption-attachment-21607\" class=\"size-1170_658 wp-image-21607\" src=\"https:\/\/www.salzburgerland.com\/hu\/wp-content\/uploads\/2024\/03\/familienwanderung-in-altenmarkt-zauchensee-1170x658.jpg\" alt=\"T\u00far\u00e1z\u00e1s a gyerekekkel a Tauernkarleitenalmon \" width=\"1170\" height=\"658\" srcset=\"https:\/\/www.salzburgerland.com\/hu\/wp-content\/uploads\/2024\/03\/familienwanderung-in-altenmarkt-zauchensee-1170x658.jpg 1170w, https:\/\/www.salzburgerland.com\/hu\/wp-content\/uploads\/2024\/03\/familienwanderung-in-altenmarkt-zauchensee-1200x675.jpg 1200w\" sizes=\"(max-width: 1170px) 100vw, 1170px\"><p id=\"caption-attachment-21607\" class=\"wp-caption-text\">T\u00far\u00e1z\u00e1s a gyerekekkel a Tauernkarleitenalmon \u00a9 Matthias Fritzenwallner<\/p><\/div>\n<h4>T\u00far\u00e1\u00e1z\u00e1s gyerekekkel \u2013 10 j\u00f3 tan\u00e1cs<\/h4>\n<ul>\n<li>Szervezzen t\u00far\u00e1kat a gyermekek k\u00e9pess\u00e9geinek megfelel\u0151en. Tartsanak r\u00f6vid sz\u00fcneteket j\u00e1t\u00e9kra \u00e9s felfedez\u00e9sekre.<\/li>\n<li>Tervezzen k\u00e9tszer annyi id\u0151t, mint amennyit a t\u00faravezet\u0151\/\u00fatik\u00f6nyv megad.<\/li>\n<li>Ne felejtsenek el nap- \u00e9s es\u0151v\u00e9delemr\u0151l gondoskodni.<\/li>\n<li>Ellen\u0151rizz\u00e9k az id\u0151j\u00e1r\u00e1s-el\u0151rejelz\u00e9st, \u00e9s az id\u0151j\u00e1r\u00e1s v\u00e1ltoz\u00e1s\u00e1nak els\u0151 jeleire forduljanak vissza.<\/li>\n<li>Csomagoljon sebtapaszt \u00e9s rovarriaszt\u00f3t.<\/li>\n<li>Biztassa a kicsiket egy vonz\u00f3 \u00fati c\u00e9llal (j\u00e1tsz\u00f3t\u00e9r, kis \u00e1llatkert).<\/li>\n<li>V\u00e1lasszon gyorsan sz\u00e1rad\u00f3 \u00e9s a hideg ellen v\u00e9d\u0151 ruh\u00e1zatot.<\/li>\n<li>A gyermekcip\u0151 legyen megfelel\u0151 a t\u00far\u00e1z\u00e1shoz.<\/li>\n<li>Vigyen mag\u00e1val elegend\u0151 \u00e9lelmiszert \u00e9s italt.<\/li>\n<li>Vigyen mag\u00e1val felt\u00f6lt\u00f6tt mobiltelefont, amelyen a seg\u00e9lyh\u00edv\u00f3 sz\u00e1mok el vannak mentve.<\/li>\n<\/ul>\n<div id=\"attachment_21518\" style=\"width: 1180px\" class=\"wp-caption alignnone\"><img decoding=\"async\" aria-describedby=\"caption-attachment-21518\" class=\"size-1170_658 wp-image-21518\" src=\"https:\/\/www.salzburgerland.com\/hu\/wp-content\/uploads\/2024\/03\/familienurlaub-in-altenmarkt-zauchensee-1170x658.jpg\" alt=\"Csal\u00e1di s\u00e9ta az erd\u0151ben\" width=\"1170\" height=\"658\" srcset=\"https:\/\/www.salzburgerland.com\/hu\/wp-content\/uploads\/2024\/03\/familienurlaub-in-altenmarkt-zauchensee-1170x658.jpg 1170w, https:\/\/www.salzburgerland.com\/hu\/wp-content\/uploads\/2024\/03\/familienurlaub-in-altenmarkt-zauchensee-1200x675.jpg 1200w\" sizes=\"(max-width: 1170px) 100vw, 1170px\"><p id=\"caption-attachment-21518\" class=\"wp-caption-text\">Csal\u00e1di s\u00e9ta az erd\u0151ben \u00a9 Matthias Fritzenwallner<\/p><\/div>\n<h4>A Gamskogel \u00e9lm\u00e9nyhegy Zauchensee-ben<\/h4>\n<p>A <a href=\"https:\/\/www.altenmarkt-zauchensee.at\/en\/activities\/seilbahnwandern.html\" target=\"_blank\" rel=\"noopener\"><strong>Gamskogelbahn I felvon\u00f3<\/strong><\/a> (cs\u00facs\u00e1llom\u00e1s 1900 m) Zauchensee-t\u0151l a Gamskogel cs\u00facs\u00e1ra vezet. Nyolc perces s\u00e9t\u00e1val a Gamskogel h\u00fctt\u00e9hez \u00e9rkez\u00fcnk, ahol egy <a href=\"https:\/\/www.zauchensee.at\/en\/sommer\/the-adventure-playground-at-the-gamskogel.html\" target=\"_blank\" rel=\"noopener\"><strong>kalandj\u00e1tsz\u00f3t\u00e9r<\/strong><\/a> tal\u00e1lhat\u00f3. A h\u00fctt\u00e9t\u0151l indul a Seekarsee t\u00f3hoz vezet\u0151 k\u00f6r\u00fat, ahol felt\u00f6lt\u0151dhet\u00fcnk kicsit. A t\u00fara kevesebb mint egy \u00f3r\u00e1t vesz ig\u00e9nybe. A h\u00fctte \u00e9s a t\u00f3 k\u00f6z\u00f6tt a f\u0151szezonban a <strong>\u201eZauchi\u201d kisvonat<\/strong> k\u00f6zlekedik.<\/p>\n<div id=\"attachment_21908\" style=\"width: 1034px\" class=\"wp-caption alignnone\"><img decoding=\"async\" aria-describedby=\"caption-attachment-21908\" class=\"size-medium wp-image-21908\" src=\"https:\/\/www.salzburgerland.com\/hu\/wp-content\/uploads\/2024\/04\/seilbahnwandern-in-zauchensee-1170x658-1-1024x569.jpeg\" alt=\"\u00dcl\u0151lift a Gamskogelre\" width=\"1024\" height=\"569\" srcset=\"https:\/\/www.salzburgerland.com\/hu\/wp-content\/uploads\/2024\/04\/seilbahnwandern-in-zauchensee-1170x658-1-1024x569.jpeg 1024w, https:\/\/www.salzburgerland.com\/hu\/wp-content\/uploads\/2024\/04\/seilbahnwandern-in-zauchensee-1170x658-1-370x206.jpeg 370w, https:\/\/www.salzburgerland.com\/hu\/wp-content\/uploads\/2024\/04\/seilbahnwandern-in-zauchensee-1170x658-1-270x150.jpeg 270w, https:\/\/www.salzburgerland.com\/hu\/wp-content\/uploads\/2024\/04\/seilbahnwandern-in-zauchensee-1170x658-1-540x300.jpeg 540w\" sizes=\"(max-width: 1024px) 100vw, 1024px\"><p id=\"caption-attachment-21908\" class=\"wp-caption-text\">\u00dcl\u0151lift a Gamskogelre \u00a9 Liftgesellschaft Zauchensee<\/p><\/div>\n<h4>A Lackenkogel megh\u00f3d\u00edt\u00e1sa<\/h4>\n<p>A cs\u00facsh\u00f3d\u00edt\u00e1sok szerelmeseinek, akik er\u0151snek, b\u00e1tornak \u00e9s legy\u0151zhetetlennek \u00e9rzik magukat, \u00e9rdemes megm\u00e1szniuk a helyi <strong>Lackenkogel<\/strong> cs\u00facs\u00e1t. A helyi hegy \u0151rszemk\u00e9nt magasodik az \u00fcd\u00fcl\u0151hely f\u00f6l\u00e9. A <strong>Lackenalmen alpesi legel\u0151i<\/strong> a r\u00e9gi\u00f3 legszebbjei k\u00f6z\u00e9 tartoznak. A hegy k\u00f6r\u00fcl egy legenda kering egy \u0151rz\u0151r\u0151l, aki mindent megtett, hogy megv\u00e9dje kir\u00e1lyn\u0151j\u00e9t. De megtan\u00edtotta \u0151t arra is, hogy higgyen saj\u00e1t erej\u00e9ben \u00e9s \u00f6nbizalmat fejlesszen ki. A Lackenkogel egyike a <strong>Salzburgi Sportvil\u00e1g<\/strong> 7 legszebb cs\u00facs\u00e1nak, amelyeket a <a href=\"https:\/\/www.altenmarkt-zauchensee.at\/en\/activities\/salzburger-gipfelspiel-1.html\" target=\"_blank\" rel=\"noopener\"><strong>Salzburgi cs\u00facsok j\u00e1t\u00e9ka<\/strong><\/a> keretein bel\u00fcl m\u00e1sznak meg.<\/p>\n\n\t\t\t<div id=\"21605-3\" class=\"gallery gallery-21605 gallery-columns-3 gallery-size-1170_658\" itemscope itemtype=\"http:\/\/schema.org\/ImageGallery\">\n\t\t\t\t<ul class=\"gallery-row gallery-col-3 gallery-clear\">\n\t\t\t\t\t<li class=\"gallery-item col-3\" itemprop=\"associatedMedia\" itemscope itemtype=\"http:\/\/schema.org\/ImageObject\">\n\t\t\t\t\t\t<div class=\"gallery-icon landscape\"><a href=\"https:\/\/www.salzburgerland.com\/hu\/wp-content\/uploads\/2024\/04\/gipfelwandern-in-altenmarkt-zauchensee-1170x658-1.jpeg\" title=\"\u00daton a Lackenkogel cs\u00facs\u00e1ra\"><img decoding=\"async\" data-title=\"\u00daton a Lackenkogel cs\u00facs\u00e1ra \u00a9 Nadia Jabli Photography\" title=\"\u00daton a Lackenkogel cs\u00facs\u00e1ra \u00a9 Nadia Jabli Photography\" data-caption=\"\u00daton a Lackenkogel cs\u00facs\u00e1ra \u00a9 Nadia Jabli Photography\" width=\"1170\" height=\"658\" src=\"https:\/\/www.salzburgerland.com\/hu\/wp-content\/uploads\/2024\/04\/gipfelwandern-in-altenmarkt-zauchensee-1170x658-1.jpeg\" class=\"attachment-1170_658 size-1170_658\" alt=\"\u00daton a Lackenkogel cs\u00facs\u00e1ra (Nagy\u00edtott n\u00e9zet)\" srcset=\"https:\/\/www.salzburgerland.com\/hu\/wp-content\/uploads\/2024\/04\/gipfelwandern-in-altenmarkt-zauchensee-1170x658-1.jpeg 1170w, https:\/\/www.salzburgerland.com\/hu\/wp-content\/uploads\/2024\/04\/gipfelwandern-in-altenmarkt-zauchensee-1170x658-1-768x432.jpeg 768w\" sizes=\"(max-width: 1170px) 100vw, 1170px\" aria-describedby=\"figcaption-21605-21910\" itemprop=\"thumbnail\"><\/a><\/div>\n\t\t\t\t\t\t<span id=\"figcaption-21605-21910\" class=\"gallery-caption\" itemprop=\"caption\"><span aria-hidden=\"true\">\u00daton a Lackenkogel cs\u00facs\u00e1ra \u00a9 Nadia Jabli Photography<\/span><\/span>\n\t\t\t\t\t<\/li>\n\t\t\t\t\t<li class=\"gallery-item col-3\" itemprop=\"associatedMedia\" itemscope itemtype=\"http:\/\/schema.org\/ImageObject\">\n\t\t\t\t\t\t<div class=\"gallery-icon landscape\"><a href=\"https:\/\/www.salzburgerland.com\/hu\/wp-content\/uploads\/2024\/03\/gipfelwanderung-lackenkogel-in-altenmarkt-zauchensee.jpg\" title=\"A Lackenkogel cs\u00facs\u00e1n\"><img decoding=\"async\" data-title=\"A Lackenkogel cs\u00facs\u00e1n \u00a9 Christian Schartner\" title=\"A Lackenkogel cs\u00facs\u00e1n \u00a9 Christian Schartner\" data-caption=\"A Lackenkogel cs\u00facs\u00e1n \u00a9 Christian Schartner\" width=\"1170\" height=\"658\" src=\"https:\/\/www.salzburgerland.com\/hu\/wp-content\/uploads\/2024\/03\/gipfelwanderung-lackenkogel-in-altenmarkt-zauchensee-1170x658.jpg\" class=\"attachment-1170_658 size-1170_658\" alt=\"A Lackenkogel cs\u00facs\u00e1n (Nagy\u00edtott n\u00e9zet)\" srcset=\"https:\/\/www.salzburgerland.com\/hu\/wp-content\/uploads\/2024\/03\/gipfelwanderung-lackenkogel-in-altenmarkt-zauchensee-1170x658.jpg 1170w, https:\/\/www.salzburgerland.com\/hu\/wp-content\/uploads\/2024\/03\/gipfelwanderung-lackenkogel-in-altenmarkt-zauchensee-1200x675.jpg 1200w\" sizes=\"(max-width: 1170px) 100vw, 1170px\" aria-describedby=\"figcaption-21605-21609\" itemprop=\"thumbnail\"><\/a><\/div>\n\t\t\t\t\t\t<span id=\"figcaption-21605-21609\" class=\"gallery-caption\" itemprop=\"caption\"><span aria-hidden=\"true\">A Lackenkogel cs\u00facs\u00e1n \u00a9 Christian Schartner<\/span><\/span>\n\t\t\t\t\t<\/li>\n\t\t\t\t\t<li class=\"gallery-item col-3\" itemprop=\"associatedMedia\" itemscope itemtype=\"http:\/\/schema.org\/ImageObject\">\n\t\t\t\t\t\t<div class=\"gallery-icon landscape\"><a href=\"https:\/\/www.salzburgerland.com\/hu\/wp-content\/uploads\/2024\/04\/alm-in-altenmarkt-zauchensee-1170x658-1.jpeg\" title=\"Alpesi h\u00fctte a hegyen\"><img decoding=\"async\" data-title=\"Alpesi h\u00fctte a hegyen \u00a9 Christian Schartner\" title=\"Alpesi h\u00fctte a hegyen \u00a9 Christian Schartner\" data-caption=\"Alpesi h\u00fctte a hegyen \u00a9 Christian Schartner\" width=\"1170\" height=\"658\" src=\"https:\/\/www.salzburgerland.com\/hu\/wp-content\/uploads\/2024\/04\/alm-in-altenmarkt-zauchensee-1170x658-1.jpeg\" class=\"attachment-1170_658 size-1170_658\" alt=\"Alpesi h\u00fctte a hegyen (Nagy\u00edtott n\u00e9zet)\" srcset=\"https:\/\/www.salzburgerland.com\/hu\/wp-content\/uploads\/2024\/04\/alm-in-altenmarkt-zauchensee-1170x658-1.jpeg 1170w, https:\/\/www.salzburgerland.com\/hu\/wp-content\/uploads\/2024\/04\/alm-in-altenmarkt-zauchensee-1170x658-1-768x432.jpeg 768w\" sizes=\"(max-width: 1170px) 100vw, 1170px\" aria-describedby=\"figcaption-21605-21912\" itemprop=\"thumbnail\"><\/a><\/div>\n\t\t\t\t\t\t<span id=\"figcaption-21605-21912\" class=\"gallery-caption\" itemprop=\"caption\"><span aria-hidden=\"true\">Alpesi h\u00fctte a hegyen \u00a9 Christian Schartner<\/span><\/span>\n\t\t\t\t\t<\/li>\n\t\t\t\t<\/ul>\n\t\t\t<\/div><!-- .gallery -->\n\n<h4>Felt\u00f6lt\u0151d\u00e9s hangulatos h\u00fctt\u00e9kben<\/h4>\n<p>Az Altenmarkt-Zauchensee \u00f6sv\u00e9nyein val\u00f3 t\u00far\u00e1z\u00e1s sor\u00e1n az <a href=\"https:\/\/www.salzburgerland.com\/hu\/salzburgi-alpesi-nyar\/\"><strong>alpesi legel\u0151n<\/strong><\/a> haladva sz\u00e1mos <strong>h\u00fctt\u00e9t<\/strong> tal\u00e1lunk az \u00fat ment\u00e9n, ahol kellemes hangulatban pihenhet, \u00e9s helyi specialit\u00e1sokkal er\u0151s\u00edtheti meg mag\u00e1t. Salzburg tartom\u00e1nyban van a legt\u00f6bb alpesi legel\u0151 \u00e9s h\u00fctte Ausztri\u00e1ban, \u00e9s Altenmarkt-Zauchensee ennek sz\u00edv\u00e9ben fekszik. Az alpesi h\u00fctt\u00e9k \u00e9ppen azt ny\u00fajtj\u00e1k, amire minden t\u00far\u00e1z\u00f3nak sz\u00fcks\u00e9ge van az \u00faton. A helyi vend\u00e9gl\u00e1t\u00f3k mindenkit sz\u00edv\u00e9lyesen fogadnak, \u00e9s friss\u00edt\u0151 italokkal \u00e9s h\u00e1zi k\u00e9sz\u00edt\u00e9s\u0171 finoms\u00e1gokkal vend\u00e9gelnek meg.<\/p>\n<div id=\"attachment_21557\" style=\"width: 1180px\" class=\"wp-caption alignnone\"><img decoding=\"async\" aria-describedby=\"caption-attachment-21557\" class=\"size-1170_658 wp-image-21557\" src=\"https:\/\/www.salzburgerland.com\/hu\/wp-content\/uploads\/2024\/03\/almjause-aus-altenmarkt-zauchensee-1170x658.jpg\" alt=\"A Tauernkarleitenalm h\u00fctt\u00e9n\u00e9l hagyom\u00e1nyos harapnival\u00f3t szolg\u00e1lnak fel egy fat\u00e1lon\" width=\"1170\" height=\"658\" srcset=\"https:\/\/www.salzburgerland.com\/hu\/wp-content\/uploads\/2024\/03\/almjause-aus-altenmarkt-zauchensee-1170x658.jpg 1170w, https:\/\/www.salzburgerland.com\/hu\/wp-content\/uploads\/2024\/03\/almjause-aus-altenmarkt-zauchensee-1200x675.jpg 1200w\" sizes=\"(max-width: 1170px) 100vw, 1170px\"><p id=\"caption-attachment-21557\" class=\"wp-caption-text\">A Tauernkarleitenalm h\u00fctt\u00e9n\u00e9l hagyom\u00e1nyos harapnival\u00f3t szolg\u00e1lnak fel egy fat\u00e1lon \u00a9 Lorenz Masser<\/p><\/div>\n<h4>T\u00farabusz<\/h4>\n<p>A Salzburgi Sportvil\u00e1g, Obertauern, Gro\u00dfarl \u00e9s H\u00fcttschlag legszebb t\u00fara\u00fatvonalait a sz\u00e1llod\u00e1t\u00f3l vagy az \u00fcd\u00fcl\u0151k\u00f6zpontb\u00f3l t\u00farabusz sz\u00e1ll\u00edtja, amely mind\u00f6ssze 1,00 eur\u00f3ba ker\u00fcl. Ezzel a k\u00e9nyelmes szolg\u00e1ltat\u00e1ssal az aut\u00f3 a sz\u00e1lloda gar\u00e1zs\u00e1ban maradhat.<\/p>\n<h4>Biztons\u00e1g<\/h4>\n<p>Legyen a legnagyobb biztons\u00e1gban a hegyek k\u00f6z\u00f6tt is, olvassa el <a href=\"https:\/\/www.salzburgerland.com\/hu\/biztonsagi-eloirasok-az-alpokban-nyar\/\" target=\"_blank\" rel=\"noopener\"><strong>biztons\u00e1gi tan\u00e1csainkat<\/strong><\/a>!<\/p>\n","protected":false},"excerpt":{"rendered":"<p>Az Altenmarkt-Zauchensee \u00fcd\u00fcl\u0151hely ide\u00e1lis c\u00e9lpont mindazok sz\u00e1m\u00e1ra, akik szeretik a hegyeket \u00e9s az akt\u00edv, term\u00e9szetk\u00f6zeli nyaral\u00e1st r\u00e9szes\u00edtik el\u0151nyben. Az Alpok hegycs\u00facsai v\u00e1rnak itt, valamint fantasztikus t\u00fara\u00fatvonalak minden neh\u00e9zs\u00e9gi szinten. Aki a pihentet\u0151 csal\u00e1di nyaral\u00e1st r\u00e9szes\u00edti el\u0151nyben, az Altenmarkt-ot (842 m) v\u00e1lasztja, aki a sportos kih\u00edv\u00e1st kedveli, az ink\u00e1bb Zauchensee-ben (1350 m) tal\u00e1lja meg a sz\u00e1m\u00edt\u00e1sait. [&hellip;]<\/p>\n","protected":false},"author":21,"featured_media":21613,"comment_status":"closed","ping_status":"closed","sticky":false,"template":"","format":"standard","meta":{"_acf_changed":false,"wl_entities_gutenberg":"","_relevanssi_hide_post":"","_relevanssi_hide_content":"","_relevanssi_pin_for_all":"","_relevanssi_pin_keywords":"","_relevanssi_unpin_keywords":"","_relevanssi_related_keywords":"","_relevanssi_related_include_ids":"","_relevanssi_related_exclude_ids":"","_relevanssi_related_no_append":"","_relevanssi_related_not_related":"","_relevanssi_related_posts":"","_relevanssi_noindex_reason":"","footnotes":""},"categories":[1],"tags":[674,678,327],"wl_entity_type":[27],"class_list":["post-21605","post","type-post","status-publish","format-standard","has-post-thumbnail","hentry","category-uncategorized","tag-alpesi-kirandulas","tag-altenmarkt-zauchensee","tag-turazas","wl_entity_type-article"],"acf":[],"yoast_head":"<!-- This site is optimized with the Yoast SEO Premium plugin v27.4 (Yoast SEO v27.4) - https:\/\/yoast.com\/product\/yoast-seo-premium-wordpress\/ -->\n<title>T\u00far\u00e1z\u00e1s Altenmarkt-Zauchensee-ben \u00bb SalzburgerLand.com<\/title>\n<meta name=\"description\" content=\"Altenmarkt-Zauchensee min\u0151s\u00edtett t\u00farahely. A t\u00far\u00e1z\u00f3knak 195 km v\u00e1ltozatos t\u00fara\u00fatvonalat k\u00edn\u00e1l a hegyekben \u00e9s a v\u00f6lgyben.\" \/>\n<meta name=\"robots\" content=\"index, follow, max-snippet:-1, max-image-preview:large, max-video-preview:-1\" \/>\n<link rel=\"canonical\" href=\"https:\/\/www.salzburgerland.com\/hu\/altenmarkt-zauchensee-turazas\/\" \/>\n<meta property=\"og:locale\" content=\"hu_HU\" \/>\n<meta property=\"og:type\" content=\"article\" \/>\n<meta property=\"og:title\" content=\"T\u00far\u00e1z\u00e1s Altenmarkt-Zauchensee-ben\" \/>\n<meta property=\"og:description\" content=\"Az Altenmarkt-Zauchensee \u00fcd\u00fcl\u0151hely ide\u00e1lis c\u00e9lpont mindazok sz\u00e1m\u00e1ra, akik szeretik a hegyeket \u00e9s az akt\u00edv, term\u00e9szetk\u00f6zeli nyaral\u00e1st r\u00e9szes\u00edtik el\u0151nyben.\" \/>\n<meta property=\"og:url\" content=\"https:\/\/www.salzburgerland.com\/hu\/altenmarkt-zauchensee-turazas\/\" \/>\n<meta property=\"og:site_name\" content=\"SalzburgerLand.com\" \/>\n<meta property=\"article:publisher\" content=\"https:\/\/www.facebook.com\/visitsalzburgerland\/\" \/>\n<meta property=\"article:published_time\" content=\"2024-04-03T17:42:39+00:00\" \/>\n<meta property=\"article:modified_time\" content=\"2024-04-29T20:07:07+00:00\" \/>\n<meta property=\"og:image\" content=\"https:\/\/www.salzburgerland.com\/hu\/wp-content\/uploads\/2024\/03\/wandern-in-altenmarkt-zauchensee-1200x675.jpg\" \/>\n\t<meta property=\"og:image:width\" content=\"1200\" \/>\n\t<meta property=\"og:image:height\" content=\"675\" \/>\n\t<meta property=\"og:image:type\" content=\"image\/jpeg\" \/>\n<meta name=\"author\" content=\"Hajnalka K\u00e1di\" \/>\n<meta name=\"twitter:card\" content=\"summary_large_image\" \/>\n<meta name=\"twitter:creator\" content=\"@salzburgerland\" \/>\n<meta name=\"twitter:site\" content=\"@salzburgerland\" \/>\n<meta name=\"twitter:label1\" content=\"Szerz\u0151:\" \/>\n\t<meta name=\"twitter:data1\" content=\"Hajnalka K\u00e1di\" \/>\n\t<meta name=\"twitter:label2\" content=\"Becs\u00fclt olvas\u00e1si id\u0151\" \/>\n\t<meta name=\"twitter:data2\" content=\"6 perc\" \/>\n<script type=\"application\/ld+json\" class=\"yoast-schema-graph\">{\"@context\":\"https:\\\/\\\/schema.org\",\"@graph\":[{\"@type\":\"Article\",\"@id\":\"https:\\\/\\\/www.salzburgerland.com\\\/hu\\\/altenmarkt-zauchensee-turazas\\\/#article\",\"isPartOf\":{\"@id\":\"https:\\\/\\\/www.salzburgerland.com\\\/hu\\\/altenmarkt-zauchensee-turazas\\\/\"},\"author\":{\"name\":\"Hajnalka K\u00e1di\",\"@id\":\"https:\\\/\\\/www.salzburgerland.com\\\/hu\\\/#\\\/schema\\\/person\\\/e4905df070d9b3c52e1e4c730b26aa5a\"},\"headline\":\"T\u00far\u00e1z\u00e1s Altenmarkt-Zauchensee-ben\",\"datePublished\":\"2024-04-03T17:42:39+00:00\",\"dateModified\":\"2024-04-29T20:07:07+00:00\",\"mainEntityOfPage\":{\"@id\":\"https:\\\/\\\/www.salzburgerland.com\\\/hu\\\/altenmarkt-zauchensee-turazas\\\/\"},\"wordCount\":1171,\"image\":{\"@id\":\"https:\\\/\\\/www.salzburgerland.com\\\/hu\\\/altenmarkt-zauchensee-turazas\\\/#primaryimage\"},\"thumbnailUrl\":\"https:\\\/\\\/www.salzburgerland.com\\\/hu\\\/wp-content\\\/uploads\\\/2024\\\/03\\\/wandern-in-altenmarkt-zauchensee.jpg\",\"keywords\":[\"alpesi kir\u00e1ndul\u00e1s\",\"Altenmarkt-Zauchensee\",\"t\u00far\u00e1z\u00e1s\"],\"articleSection\":[\"Uncategorized\"],\"inLanguage\":\"hu\"},{\"@type\":\"WebPage\",\"@id\":\"https:\\\/\\\/www.salzburgerland.com\\\/hu\\\/altenmarkt-zauchensee-turazas\\\/\",\"url\":\"https:\\\/\\\/www.salzburgerland.com\\\/hu\\\/altenmarkt-zauchensee-turazas\\\/\",\"name\":\"T\u00far\u00e1z\u00e1s Altenmarkt-Zauchensee-ben \u00bb SalzburgerLand.com\",\"isPartOf\":{\"@id\":\"https:\\\/\\\/www.salzburgerland.com\\\/hu\\\/#website\"},\"primaryImageOfPage\":{\"@id\":\"https:\\\/\\\/www.salzburgerland.com\\\/hu\\\/altenmarkt-zauchensee-turazas\\\/#primaryimage\"},\"image\":{\"@id\":\"https:\\\/\\\/www.salzburgerland.com\\\/hu\\\/altenmarkt-zauchensee-turazas\\\/#primaryimage\"},\"thumbnailUrl\":\"https:\\\/\\\/www.salzburgerland.com\\\/hu\\\/wp-content\\\/uploads\\\/2024\\\/03\\\/wandern-in-altenmarkt-zauchensee.jpg\",\"datePublished\":\"2024-04-03T17:42:39+00:00\",\"dateModified\":\"2024-04-29T20:07:07+00:00\",\"author\":{\"@id\":\"https:\\\/\\\/www.salzburgerland.com\\\/hu\\\/#\\\/schema\\\/person\\\/e4905df070d9b3c52e1e4c730b26aa5a\"},\"description\":\"Altenmarkt-Zauchensee min\u0151s\u00edtett t\u00farahely. A t\u00far\u00e1z\u00f3knak 195 km v\u00e1ltozatos t\u00fara\u00fatvonalat k\u00edn\u00e1l a hegyekben \u00e9s a v\u00f6lgyben.\",\"breadcrumb\":{\"@id\":\"https:\\\/\\\/www.salzburgerland.com\\\/hu\\\/altenmarkt-zauchensee-turazas\\\/#breadcrumb\"},\"inLanguage\":\"hu\",\"potentialAction\":[{\"@type\":\"ReadAction\",\"target\":[\"https:\\\/\\\/www.salzburgerland.com\\\/hu\\\/altenmarkt-zauchensee-turazas\\\/\"]}]},{\"@type\":\"ImageObject\",\"inLanguage\":\"hu\",\"@id\":\"https:\\\/\\\/www.salzburgerland.com\\\/hu\\\/altenmarkt-zauchensee-turazas\\\/#primaryimage\",\"url\":\"https:\\\/\\\/www.salzburgerland.com\\\/hu\\\/wp-content\\\/uploads\\\/2024\\\/03\\\/wandern-in-altenmarkt-zauchensee.jpg\",\"contentUrl\":\"https:\\\/\\\/www.salzburgerland.com\\\/hu\\\/wp-content\\\/uploads\\\/2024\\\/03\\\/wandern-in-altenmarkt-zauchensee.jpg\",\"width\":1920,\"height\":1280,\"caption\":\"Zauchensee csod\u00e1latos t\u00faravid\u00e9k\u00e9n \u00a9 Lorenz Masser\"},{\"@type\":\"BreadcrumbList\",\"@id\":\"https:\\\/\\\/www.salzburgerland.com\\\/hu\\\/altenmarkt-zauchensee-turazas\\\/#breadcrumb\",\"itemListElement\":[{\"@type\":\"ListItem\",\"position\":1,\"name\":\"Altenmarkt-Zauchensee - ny\u00e1r\",\"item\":\"https:\\\/\\\/www.salzburgerland.com\\\/hu\\\/altenmarkt-zauchensee-nyar\\\/\"},{\"@type\":\"ListItem\",\"position\":2,\"name\":\"T\u00far\u00e1z\u00e1s Altenmarkt-Zauchensee-ben\"}]},{\"@type\":\"WebSite\",\"@id\":\"https:\\\/\\\/www.salzburgerland.com\\\/hu\\\/#website\",\"url\":\"https:\\\/\\\/www.salzburgerland.com\\\/hu\\\/\",\"name\":\"SalzburgerLand.com\",\"description\":\"\u00dcd\u00fcl\u00e9s Ausztri\u00e1ban, Salzburg tartom\u00e1nyban\",\"potentialAction\":[{\"@type\":\"SearchAction\",\"target\":{\"@type\":\"EntryPoint\",\"urlTemplate\":\"https:\\\/\\\/www.salzburgerland.com\\\/hu\\\/?s={search_term_string}\"},\"query-input\":{\"@type\":\"PropertyValueSpecification\",\"valueRequired\":true,\"valueName\":\"search_term_string\"}}],\"inLanguage\":\"hu\"},{\"@type\":\"Person\",\"@id\":\"https:\\\/\\\/www.salzburgerland.com\\\/hu\\\/#\\\/schema\\\/person\\\/e4905df070d9b3c52e1e4c730b26aa5a\",\"name\":\"Hajnalka K\u00e1di\",\"image\":{\"@type\":\"ImageObject\",\"inLanguage\":\"hu\",\"@id\":\"https:\\\/\\\/secure.gravatar.com\\\/avatar\\\/e8c1eecf3b2c49d295cebc6aba0de06d13ec77aa0cf9ccec32725949011b69d2?s=96&d=mm&r=g\",\"url\":\"https:\\\/\\\/secure.gravatar.com\\\/avatar\\\/e8c1eecf3b2c49d295cebc6aba0de06d13ec77aa0cf9ccec32725949011b69d2?s=96&d=mm&r=g\",\"contentUrl\":\"https:\\\/\\\/secure.gravatar.com\\\/avatar\\\/e8c1eecf3b2c49d295cebc6aba0de06d13ec77aa0cf9ccec32725949011b69d2?s=96&d=mm&r=g\",\"caption\":\"Hajnalka K\u00e1di\"}}]}<\/script>\n<!-- \/ Yoast SEO Premium plugin. -->","yoast_head_json":{"title":"T\u00far\u00e1z\u00e1s Altenmarkt-Zauchensee-ben \u00bb SalzburgerLand.com","description":"Altenmarkt-Zauchensee min\u0151s\u00edtett t\u00farahely. A t\u00far\u00e1z\u00f3knak 195 km v\u00e1ltozatos t\u00fara\u00fatvonalat k\u00edn\u00e1l a hegyekben \u00e9s a v\u00f6lgyben.","robots":{"index":"index","follow":"follow","max-snippet":"max-snippet:-1","max-image-preview":"max-image-preview:large","max-video-preview":"max-video-preview:-1"},"canonical":"https:\/\/www.salzburgerland.com\/hu\/altenmarkt-zauchensee-turazas\/","og_locale":"hu_HU","og_type":"article","og_title":"T\u00far\u00e1z\u00e1s Altenmarkt-Zauchensee-ben","og_description":"Az Altenmarkt-Zauchensee \u00fcd\u00fcl\u0151hely ide\u00e1lis c\u00e9lpont mindazok sz\u00e1m\u00e1ra, akik szeretik a hegyeket \u00e9s az akt\u00edv, term\u00e9szetk\u00f6zeli nyaral\u00e1st r\u00e9szes\u00edtik el\u0151nyben.","og_url":"https:\/\/www.salzburgerland.com\/hu\/altenmarkt-zauchensee-turazas\/","og_site_name":"SalzburgerLand.com","article_publisher":"https:\/\/www.facebook.com\/visitsalzburgerland\/","article_published_time":"2024-04-03T17:42:39+00:00","article_modified_time":"2024-04-29T20:07:07+00:00","og_image":[{"width":1200,"height":675,"url":"https:\/\/www.salzburgerland.com\/hu\/wp-content\/uploads\/2024\/03\/wandern-in-altenmarkt-zauchensee-1200x675.jpg","type":"image\/jpeg"}],"author":"Hajnalka K\u00e1di","twitter_card":"summary_large_image","twitter_creator":"@salzburgerland","twitter_site":"@salzburgerland","twitter_misc":{"Szerz\u0151:":"Hajnalka K\u00e1di","Becs\u00fclt olvas\u00e1si id\u0151":"6 perc"},"schema":{"@context":"https:\/\/schema.org","@graph":[{"@type":"Article","@id":"https:\/\/www.salzburgerland.com\/hu\/altenmarkt-zauchensee-turazas\/#article","isPartOf":{"@id":"https:\/\/www.salzburgerland.com\/hu\/altenmarkt-zauchensee-turazas\/"},"author":{"name":"Hajnalka K\u00e1di","@id":"https:\/\/www.salzburgerland.com\/hu\/#\/schema\/person\/e4905df070d9b3c52e1e4c730b26aa5a"},"headline":"T\u00far\u00e1z\u00e1s Altenmarkt-Zauchensee-ben","datePublished":"2024-04-03T17:42:39+00:00","dateModified":"2024-04-29T20:07:07+00:00","mainEntityOfPage":{"@id":"https:\/\/www.salzburgerland.com\/hu\/altenmarkt-zauchensee-turazas\/"},"wordCount":1171,"image":{"@id":"https:\/\/www.salzburgerland.com\/hu\/altenmarkt-zauchensee-turazas\/#primaryimage"},"thumbnailUrl":"https:\/\/www.salzburgerland.com\/hu\/wp-content\/uploads\/2024\/03\/wandern-in-altenmarkt-zauchensee.jpg","keywords":["alpesi kir\u00e1ndul\u00e1s","Altenmarkt-Zauchensee","t\u00far\u00e1z\u00e1s"],"articleSection":["Uncategorized"],"inLanguage":"hu"},{"@type":"WebPage","@id":"https:\/\/www.salzburgerland.com\/hu\/altenmarkt-zauchensee-turazas\/","url":"https:\/\/www.salzburgerland.com\/hu\/altenmarkt-zauchensee-turazas\/","name":"T\u00far\u00e1z\u00e1s Altenmarkt-Zauchensee-ben \u00bb SalzburgerLand.com","isPartOf":{"@id":"https:\/\/www.salzburgerland.com\/hu\/#website"},"primaryImageOfPage":{"@id":"https:\/\/www.salzburgerland.com\/hu\/altenmarkt-zauchensee-turazas\/#primaryimage"},"image":{"@id":"https:\/\/www.salzburgerland.com\/hu\/altenmarkt-zauchensee-turazas\/#primaryimage"},"thumbnailUrl":"https:\/\/www.salzburgerland.com\/hu\/wp-content\/uploads\/2024\/03\/wandern-in-altenmarkt-zauchensee.jpg","datePublished":"2024-04-03T17:42:39+00:00","dateModified":"2024-04-29T20:07:07+00:00","author":{"@id":"https:\/\/www.salzburgerland.com\/hu\/#\/schema\/person\/e4905df070d9b3c52e1e4c730b26aa5a"},"description":"Altenmarkt-Zauchensee min\u0151s\u00edtett t\u00farahely. A t\u00far\u00e1z\u00f3knak 195 km v\u00e1ltozatos t\u00fara\u00fatvonalat k\u00edn\u00e1l a hegyekben \u00e9s a v\u00f6lgyben.","breadcrumb":{"@id":"https:\/\/www.salzburgerland.com\/hu\/altenmarkt-zauchensee-turazas\/#breadcrumb"},"inLanguage":"hu","potentialAction":[{"@type":"ReadAction","target":["https:\/\/www.salzburgerland.com\/hu\/altenmarkt-zauchensee-turazas\/"]}]},{"@type":"ImageObject","inLanguage":"hu","@id":"https:\/\/www.salzburgerland.com\/hu\/altenmarkt-zauchensee-turazas\/#primaryimage","url":"https:\/\/www.salzburgerland.com\/hu\/wp-content\/uploads\/2024\/03\/wandern-in-altenmarkt-zauchensee.jpg","contentUrl":"https:\/\/www.salzburgerland.com\/hu\/wp-content\/uploads\/2024\/03\/wandern-in-altenmarkt-zauchensee.jpg","width":1920,"height":1280,"caption":"Zauchensee csod\u00e1latos t\u00faravid\u00e9k\u00e9n \u00a9 Lorenz Masser"},{"@type":"BreadcrumbList","@id":"https:\/\/www.salzburgerland.com\/hu\/altenmarkt-zauchensee-turazas\/#breadcrumb","itemListElement":[{"@type":"ListItem","position":1,"name":"Altenmarkt-Zauchensee - ny\u00e1r","item":"https:\/\/www.salzburgerland.com\/hu\/altenmarkt-zauchensee-nyar\/"},{"@type":"ListItem","position":2,"name":"T\u00far\u00e1z\u00e1s Altenmarkt-Zauchensee-ben"}]},{"@type":"WebSite","@id":"https:\/\/www.salzburgerland.com\/hu\/#website","url":"https:\/\/www.salzburgerland.com\/hu\/","name":"SalzburgerLand.com","description":"\u00dcd\u00fcl\u00e9s Ausztri\u00e1ban, Salzburg tartom\u00e1nyban","potentialAction":[{"@type":"SearchAction","target":{"@type":"EntryPoint","urlTemplate":"https:\/\/www.salzburgerland.com\/hu\/?s={search_term_string}"},"query-input":{"@type":"PropertyValueSpecification","valueRequired":true,"valueName":"search_term_string"}}],"inLanguage":"hu"},{"@type":"Person","@id":"https:\/\/www.salzburgerland.com\/hu\/#\/schema\/person\/e4905df070d9b3c52e1e4c730b26aa5a","name":"Hajnalka K\u00e1di","image":{"@type":"ImageObject","inLanguage":"hu","@id":"https:\/\/secure.gravatar.com\/avatar\/e8c1eecf3b2c49d295cebc6aba0de06d13ec77aa0cf9ccec32725949011b69d2?s=96&d=mm&r=g","url":"https:\/\/secure.gravatar.com\/avatar\/e8c1eecf3b2c49d295cebc6aba0de06d13ec77aa0cf9ccec32725949011b69d2?s=96&d=mm&r=g","contentUrl":"https:\/\/secure.gravatar.com\/avatar\/e8c1eecf3b2c49d295cebc6aba0de06d13ec77aa0cf9ccec32725949011b69d2?s=96&d=mm&r=g","caption":"Hajnalka K\u00e1di"}}]}},"_wl_alt_label":[],"wl:entity_url":"http:\/\/open.salzburgerland.com\/hu\/post\/altenmarkt-zauchensee-turazas-21605","_links":{"self":[{"href":"https:\/\/www.salzburgerland.com\/hu\/wp-json\/wp\/v2\/posts\/21605","targetHints":{"allow":["GET"]}}],"collection":[{"href":"https:\/\/www.salzburgerland.com\/hu\/wp-json\/wp\/v2\/posts"}],"about":[{"href":"https:\/\/www.salzburgerland.com\/hu\/wp-json\/wp\/v2\/types\/post"}],"author":[{"embeddable":true,"href":"https:\/\/www.salzburgerland.com\/hu\/wp-json\/wp\/v2\/users\/21"}],"replies":[{"embeddable":true,"href":"https:\/\/www.salzburgerland.com\/hu\/wp-json\/wp\/v2\/comments?post=21605"}],"version-history":[{"count":5,"href":"https:\/\/www.salzburgerland.com\/hu\/wp-json\/wp\/v2\/posts\/21605\/revisions"}],"predecessor-version":[{"id":21916,"href":"https:\/\/www.salzburgerland.com\/hu\/wp-json\/wp\/v2\/posts\/21605\/revisions\/21916"}],"wp:featuredmedia":[{"embeddable":true,"href":"https:\/\/www.salzburgerland.com\/hu\/wp-json\/wp\/v2\/media\/21613"}],"wp:attachment":[{"href":"https:\/\/www.salzburgerland.com\/hu\/wp-json\/wp\/v2\/media?parent=21605"}],"wp:term":[{"taxonomy":"category","embeddable":true,"href":"https:\/\/www.salzburgerland.com\/hu\/wp-json\/wp\/v2\/categories?post=21605"},{"taxonomy":"post_tag","embeddable":true,"href":"https:\/\/www.salzburgerland.com\/hu\/wp-json\/wp\/v2\/tags?post=21605"},{"taxonomy":"wl_entity_type","embeddable":true,"href":"https:\/\/www.salzburgerland.com\/hu\/wp-json\/wp\/v2\/wl_entity_type?post=21605"}],"curies":[{"name":"wp","href":"https:\/\/api.w.org\/{rel}","templated":true}]}}