{"id":21334,"date":"2024-03-19T21:45:42","date_gmt":"2024-03-19T20:45:42","guid":{"rendered":"https:\/\/www.salzburgerland.com\/hu\/?p=21334"},"modified":"2026-04-05T17:12:29","modified_gmt":"2026-04-05T15:12:29","slug":"flachau-nyari-vendegkartya","status":"publish","type":"post","link":"https:\/\/www.salzburgerland.com\/hu\/flachau-nyari-vendegkartya\/","title":{"rendered":"Flachau ny\u00e1ri vend\u00e9gk\u00e1rty\u00e1ja"},"content":{"rendered":"<p><a href=\"https:\/\/www.flachau.com\/en\/summer\/flachau-summer-card\/\" target=\"_blank\" rel=\"noopener\"><strong>Flachau ny\u00e1ri vend\u00e9gk\u00e1rty\u00e1j\u00e1t<\/strong><\/a> (Flachau Sommer Card) \u2013 ez\u00a0 egy kedvezm\u00e9ny, ami v\u00e1ltozatos, sportos, de egyben sz\u00f3rakoztat\u00f3 nyaral\u00e1st k\u00edn\u00e1l a hegyekben. A Flachau Sommer Card-ot k\u00f6zvetlen\u00fcl \u00e9s ingyenesen megkapj\u00e1k a sz\u00e1ll\u00e1sad\u00f3kt\u00f3l. A k\u00e1rtya 2026. m\u00e1jus 24-t\u0151l okt\u00f3ber 2-ig \u00e9rv\u00e9nyes. Ezzel sz\u00e1mos szolg\u00e1ltat\u00e1s v\u00e1lik hozz\u00e1f\u00e9rhet\u0151v\u00e9, mint p\u00e9ld\u00e1ul a napi vezetett \u00e9lm\u00e9nyt\u00far\u00e1k, a sz\u00ednes aktivit\u00e1sprogram (foci edz\u00e9s, \u00edj\u00e1szat, strandr\u00f6plabda, bodyfit, j\u00f3ga, gyerekj\u00e1t\u00e9kok, t\u00e1bort\u0171z, stb.), valamint vonz\u00f3 kedvezm\u00e9nyek olyan partnerekn\u00e9l, mint az Erlebnistherme Amad\u00e9, Lucky Flitzer, minigolf, Pit-Pat p\u00e1lya, Erlebnisburg Hohenwerfen, Liechtensteinklamm \u00e9s m\u00e9g sok m\u00e1s.<\/p>\n\n\t\t\t<div id=\"21334-1\" class=\"gallery gallery-21334 gallery-columns-3 gallery-size-1170_658\" itemscope itemtype=\"http:\/\/schema.org\/ImageGallery\">\n\t\t\t\t<ul class=\"gallery-row gallery-col-3 gallery-clear\">\n\t\t\t\t\t<li class=\"gallery-item col-3\" itemprop=\"associatedMedia\" itemscope itemtype=\"http:\/\/schema.org\/ImageObject\">\n\t\t\t\t\t\t<div class=\"gallery-icon landscape\"><a href=\"https:\/\/www.salzburgerland.com\/hu\/wp-content\/uploads\/2024\/03\/18_flachau_sommer_sommercard_bogenschiessen_1-1601x1067.jpg\" title=\"\u00cdj\u00e1szat Flachauban\"><img decoding=\"async\" data-title=\"\u00cdj\u00e1szat Flachauban \u00a9 Flachau Tourismus, Christian Fischbacher\" title=\"\u00cdj\u00e1szat Flachauban \u00a9 Flachau Tourismus, Christian Fischbacher\" data-caption=\"\u00cdj\u00e1szat Flachauban \u00a9 Flachau Tourismus, Christian Fischbacher\" width=\"1170\" height=\"658\" src=\"https:\/\/www.salzburgerland.com\/hu\/wp-content\/uploads\/2024\/03\/18_flachau_sommer_sommercard_bogenschiessen_1-1170x658.jpg\" class=\"attachment-1170_658 size-1170_658\" alt=\"\u00cdj\u00e1szat Flachauban (Nagy\u00edtott n\u00e9zet)\" srcset=\"https:\/\/www.salzburgerland.com\/hu\/wp-content\/uploads\/2024\/03\/18_flachau_sommer_sommercard_bogenschiessen_1-1170x658.jpg 1170w, https:\/\/www.salzburgerland.com\/hu\/wp-content\/uploads\/2024\/03\/18_flachau_sommer_sommercard_bogenschiessen_1-1200x675.jpg 1200w\" sizes=\"(max-width: 1170px) 100vw, 1170px\" aria-describedby=\"figcaption-21334-21358\" itemprop=\"thumbnail\"><\/a><\/div>\n\t\t\t\t\t\t<span id=\"figcaption-21334-21358\" class=\"gallery-caption\" itemprop=\"caption\"><span aria-hidden=\"true\">\u00cdj\u00e1szat Flachauban \u00a9 Flachau Tourismus, Christian Fischbacher<\/span><\/span>\n\t\t\t\t\t<\/li>\n\t\t\t\t\t<li class=\"gallery-item col-3\" itemprop=\"associatedMedia\" itemscope itemtype=\"http:\/\/schema.org\/ImageObject\">\n\t\t\t\t\t\t<div class=\"gallery-icon landscape\"><a href=\"https:\/\/www.salzburgerland.com\/hu\/wp-content\/uploads\/2024\/03\/18_flachau_sommer_sommercard_volleyball_1-1601x1067.jpg\" title=\"R\u00f6plada \u00e9lm\u00e9nyek Flachauban\"><img decoding=\"async\" data-title=\"R\u00f6plada \u00e9lm\u00e9nyek Flachauban \u00a9 Flachau Tourismus, Markus Berger\" title=\"R\u00f6plada \u00e9lm\u00e9nyek Flachauban \u00a9 Flachau Tourismus, Markus Berger\" data-caption=\"R\u00f6plada \u00e9lm\u00e9nyek Flachauban \u00a9 Flachau Tourismus, Markus Berger\" width=\"1170\" height=\"658\" src=\"https:\/\/www.salzburgerland.com\/hu\/wp-content\/uploads\/2024\/03\/18_flachau_sommer_sommercard_volleyball_1-1170x658.jpg\" class=\"attachment-1170_658 size-1170_658\" alt=\"R\u00f6plada \u00e9lm\u00e9nyek Flachauban (Nagy\u00edtott n\u00e9zet)\" srcset=\"https:\/\/www.salzburgerland.com\/hu\/wp-content\/uploads\/2024\/03\/18_flachau_sommer_sommercard_volleyball_1-1170x658.jpg 1170w, https:\/\/www.salzburgerland.com\/hu\/wp-content\/uploads\/2024\/03\/18_flachau_sommer_sommercard_volleyball_1-1200x675.jpg 1200w\" sizes=\"(max-width: 1170px) 100vw, 1170px\" aria-describedby=\"figcaption-21334-21365\" itemprop=\"thumbnail\"><\/a><\/div>\n\t\t\t\t\t\t<span id=\"figcaption-21334-21365\" class=\"gallery-caption\" itemprop=\"caption\"><span aria-hidden=\"true\">R\u00f6plada \u00e9lm\u00e9nyek Flachauban \u00a9 Flachau Tourismus, Markus Berger<\/span><\/span>\n\t\t\t\t\t<\/li>\n\t\t\t\t\t<li class=\"gallery-item col-3\" itemprop=\"associatedMedia\" itemscope itemtype=\"http:\/\/schema.org\/ImageObject\">\n\t\t\t\t\t\t<div class=\"gallery-icon landscape\"><a href=\"https:\/\/www.salzburgerland.com\/hu\/wp-content\/uploads\/2024\/03\/18_flachau_sommer_sommercard_footdart_1-1601x1067.jpg\" title=\"A foci \u00e9s a derts kombin\u00e1ci\u00f3ja nagyon sz\u00f3rakoztat\u00f3\"><img decoding=\"async\" data-title=\"A foci \u00e9s a derts kombin\u00e1ci\u00f3ja nagyon sz\u00f3rakoztat\u00f3 \u00a9 Flachau Tourismus, Christian Fischbacher\" title=\"A foci \u00e9s a derts kombin\u00e1ci\u00f3ja nagyon sz\u00f3rakoztat\u00f3 \u00a9 Flachau Tourismus, Christian Fischbacher\" data-caption=\"A foci \u00e9s a derts kombin\u00e1ci\u00f3ja nagyon sz\u00f3rakoztat\u00f3 \u00a9 Flachau Tourismus, Christian Fischbacher\" width=\"1170\" height=\"658\" src=\"https:\/\/www.salzburgerland.com\/hu\/wp-content\/uploads\/2024\/03\/18_flachau_sommer_sommercard_footdart_1-1170x658.jpg\" class=\"attachment-1170_658 size-1170_658\" alt=\"A foci \u00e9s a derts kombin\u00e1ci\u00f3ja nagyon sz\u00f3rakoztat\u00f3 (Nagy\u00edtott n\u00e9zet)\" srcset=\"https:\/\/www.salzburgerland.com\/hu\/wp-content\/uploads\/2024\/03\/18_flachau_sommer_sommercard_footdart_1-1170x658.jpg 1170w, https:\/\/www.salzburgerland.com\/hu\/wp-content\/uploads\/2024\/03\/18_flachau_sommer_sommercard_footdart_1-1200x675.jpg 1200w\" sizes=\"(max-width: 1170px) 100vw, 1170px\" aria-describedby=\"figcaption-21334-21363\" itemprop=\"thumbnail\"><\/a><\/div>\n\t\t\t\t\t\t<span id=\"figcaption-21334-21363\" class=\"gallery-caption\" itemprop=\"caption\"><span aria-hidden=\"true\">A foci \u00e9s a derts kombin\u00e1ci\u00f3ja nagyon sz\u00f3rakoztat\u00f3 \u00a9 Flachau Tourismus, Christian Fischbacher<\/span><\/span>\n\t\t\t\t\t<\/li>\n\t\t\t\t<\/ul>\n\t\t\t<\/div><!-- .gallery -->\n\n<p>\u00a0<\/p>\n","protected":false},"excerpt":{"rendered":"<p>Flachau ny\u00e1ri vend\u00e9gk\u00e1rty\u00e1j\u00e1t (Flachau Sommer Card) \u2013 ez\u00a0 egy kedvezm\u00e9ny, ami v\u00e1ltozatos, sportos, de egyben sz\u00f3rakoztat\u00f3 nyaral\u00e1st k\u00edn\u00e1l a hegyekben. A Flachau Sommer Card-ot k\u00f6zvetlen\u00fcl \u00e9s ingyenesen megkapj\u00e1k a sz\u00e1ll\u00e1sad\u00f3kt\u00f3l. A k\u00e1rtya 2026. m\u00e1jus 24-t\u0151l okt\u00f3ber 2-ig \u00e9rv\u00e9nyes. Ezzel sz\u00e1mos szolg\u00e1ltat\u00e1s v\u00e1lik hozz\u00e1f\u00e9rhet\u0151v\u00e9, mint p\u00e9ld\u00e1ul a napi vezetett \u00e9lm\u00e9nyt\u00far\u00e1k, a sz\u00ednes aktivit\u00e1sprogram (foci edz\u00e9s, \u00edj\u00e1szat, [&hellip;]<\/p>\n","protected":false},"author":21,"featured_media":24106,"comment_status":"closed","ping_status":"closed","sticky":false,"template":"","format":"standard","meta":{"_acf_changed":false,"wl_entities_gutenberg":"","_relevanssi_hide_post":"","_relevanssi_hide_content":"","_relevanssi_pin_for_all":"","_relevanssi_pin_keywords":"","_relevanssi_unpin_keywords":"","_relevanssi_related_keywords":"","_relevanssi_related_include_ids":"","_relevanssi_related_exclude_ids":"","_relevanssi_related_no_append":"","_relevanssi_related_not_related":"","_relevanssi_related_posts":"","_relevanssi_noindex_reason":"","footnotes":""},"categories":[1],"tags":[677,676],"wl_entity_type":[27],"class_list":["post-21334","post","type-post","status-publish","format-standard","has-post-thumbnail","hentry","category-uncategorized","tag-flachau-nyari-vendegkartyaja","tag-flachau-sommer-card","wl_entity_type-article"],"acf":[],"yoast_head":"<!-- This site is optimized with the Yoast SEO Premium plugin v27.4 (Yoast SEO v27.4) - https:\/\/yoast.com\/product\/yoast-seo-premium-wordpress\/ -->\n<title>Flachau ny\u00e1ri vend\u00e9gk\u00e1rty\u00e1ja \u00bb SalzburgerLand.com<\/title>\n<meta name=\"description\" content=\"Sp\u00f3roljon p\u00e9nzt a nyaral\u00e1son, \u00e9s \u00e9lvezze a sok sz\u00f3rakoz\u00e1st Flachau-ban \u00e9s k\u00f6rny\u00e9k\u00e9n.\" \/>\n<meta name=\"robots\" content=\"index, follow, max-snippet:-1, max-image-preview:large, max-video-preview:-1\" \/>\n<link rel=\"canonical\" href=\"https:\/\/www.salzburgerland.com\/hu\/flachau-nyari-vendegkartya\/\" \/>\n<meta property=\"og:locale\" content=\"hu_HU\" \/>\n<meta property=\"og:type\" content=\"article\" \/>\n<meta property=\"og:title\" content=\"Flachau ny\u00e1ri vend\u00e9gk\u00e1rty\u00e1ja\" \/>\n<meta property=\"og:description\" content=\"Flachau ny\u00e1ri vend\u00e9gk\u00e1rty\u00e1j\u00e1t (Flachau Sommer Card) - ez\u00a0 egy kedvezm\u00e9ny, ami v\u00e1ltozatos, sportos, de egyben sz\u00f3rakoztat\u00f3 nyaral\u00e1st k\u00edn\u00e1l a hegyekben. A\" \/>\n<meta property=\"og:url\" content=\"https:\/\/www.salzburgerland.com\/hu\/flachau-nyari-vendegkartya\/\" \/>\n<meta property=\"og:site_name\" content=\"SalzburgerLand.com\" \/>\n<meta property=\"article:publisher\" content=\"https:\/\/www.facebook.com\/visitsalzburgerland\/\" \/>\n<meta property=\"article:published_time\" content=\"2024-03-19T20:45:42+00:00\" \/>\n<meta property=\"article:modified_time\" content=\"2026-04-05T15:12:29+00:00\" \/>\n<meta property=\"og:image\" content=\"https:\/\/www.salzburgerland.com\/hu\/wp-content\/uploads\/2017\/01\/25-flachau-sommer-aktivprogramm-sommercard-familie-1200x675.jpg\" \/>\n\t<meta property=\"og:image:width\" content=\"1200\" \/>\n\t<meta property=\"og:image:height\" content=\"675\" \/>\n\t<meta property=\"og:image:type\" content=\"image\/jpeg\" \/>\n<meta name=\"author\" content=\"Hajnalka K\u00e1di\" \/>\n<meta name=\"twitter:card\" content=\"summary_large_image\" \/>\n<meta name=\"twitter:creator\" content=\"@salzburgerland\" \/>\n<meta name=\"twitter:site\" content=\"@salzburgerland\" \/>\n<meta name=\"twitter:label1\" content=\"Szerz\u0151:\" \/>\n\t<meta name=\"twitter:data1\" content=\"Hajnalka K\u00e1di\" \/>\n\t<meta name=\"twitter:label2\" content=\"Becs\u00fclt olvas\u00e1si id\u0151\" \/>\n\t<meta name=\"twitter:data2\" content=\"1 perc\" \/>\n<script type=\"application\/ld+json\" class=\"yoast-schema-graph\">{\"@context\":\"https:\\\/\\\/schema.org\",\"@graph\":[{\"@type\":\"Article\",\"@id\":\"https:\\\/\\\/www.salzburgerland.com\\\/hu\\\/flachau-nyari-vendegkartya\\\/#article\",\"isPartOf\":{\"@id\":\"https:\\\/\\\/www.salzburgerland.com\\\/hu\\\/flachau-nyari-vendegkartya\\\/\"},\"author\":{\"name\":\"Hajnalka K\u00e1di\",\"@id\":\"https:\\\/\\\/www.salzburgerland.com\\\/hu\\\/#\\\/schema\\\/person\\\/e4905df070d9b3c52e1e4c730b26aa5a\"},\"headline\":\"Flachau ny\u00e1ri vend\u00e9gk\u00e1rty\u00e1ja\",\"datePublished\":\"2024-03-19T20:45:42+00:00\",\"dateModified\":\"2026-04-05T15:12:29+00:00\",\"mainEntityOfPage\":{\"@id\":\"https:\\\/\\\/www.salzburgerland.com\\\/hu\\\/flachau-nyari-vendegkartya\\\/\"},\"wordCount\":143,\"image\":{\"@id\":\"https:\\\/\\\/www.salzburgerland.com\\\/hu\\\/flachau-nyari-vendegkartya\\\/#primaryimage\"},\"thumbnailUrl\":\"https:\\\/\\\/www.salzburgerland.com\\\/hu\\\/wp-content\\\/uploads\\\/2017\\\/01\\\/25-flachau-sommer-aktivprogramm-sommercard-familie.jpg\",\"keywords\":[\"Flachau ny\u00e1ri vend\u00e9gk\u00e1rty\u00e1ja\",\"Flachau Sommer Card\"],\"articleSection\":[\"Uncategorized\"],\"inLanguage\":\"hu\"},{\"@type\":\"WebPage\",\"@id\":\"https:\\\/\\\/www.salzburgerland.com\\\/hu\\\/flachau-nyari-vendegkartya\\\/\",\"url\":\"https:\\\/\\\/www.salzburgerland.com\\\/hu\\\/flachau-nyari-vendegkartya\\\/\",\"name\":\"Flachau ny\u00e1ri vend\u00e9gk\u00e1rty\u00e1ja \u00bb SalzburgerLand.com\",\"isPartOf\":{\"@id\":\"https:\\\/\\\/www.salzburgerland.com\\\/hu\\\/#website\"},\"primaryImageOfPage\":{\"@id\":\"https:\\\/\\\/www.salzburgerland.com\\\/hu\\\/flachau-nyari-vendegkartya\\\/#primaryimage\"},\"image\":{\"@id\":\"https:\\\/\\\/www.salzburgerland.com\\\/hu\\\/flachau-nyari-vendegkartya\\\/#primaryimage\"},\"thumbnailUrl\":\"https:\\\/\\\/www.salzburgerland.com\\\/hu\\\/wp-content\\\/uploads\\\/2017\\\/01\\\/25-flachau-sommer-aktivprogramm-sommercard-familie.jpg\",\"datePublished\":\"2024-03-19T20:45:42+00:00\",\"dateModified\":\"2026-04-05T15:12:29+00:00\",\"author\":{\"@id\":\"https:\\\/\\\/www.salzburgerland.com\\\/hu\\\/#\\\/schema\\\/person\\\/e4905df070d9b3c52e1e4c730b26aa5a\"},\"description\":\"Sp\u00f3roljon p\u00e9nzt a nyaral\u00e1son, \u00e9s \u00e9lvezze a sok sz\u00f3rakoz\u00e1st Flachau-ban \u00e9s k\u00f6rny\u00e9k\u00e9n.\",\"breadcrumb\":{\"@id\":\"https:\\\/\\\/www.salzburgerland.com\\\/hu\\\/flachau-nyari-vendegkartya\\\/#breadcrumb\"},\"inLanguage\":\"hu\",\"potentialAction\":[{\"@type\":\"ReadAction\",\"target\":[\"https:\\\/\\\/www.salzburgerland.com\\\/hu\\\/flachau-nyari-vendegkartya\\\/\"]}]},{\"@type\":\"ImageObject\",\"inLanguage\":\"hu\",\"@id\":\"https:\\\/\\\/www.salzburgerland.com\\\/hu\\\/flachau-nyari-vendegkartya\\\/#primaryimage\",\"url\":\"https:\\\/\\\/www.salzburgerland.com\\\/hu\\\/wp-content\\\/uploads\\\/2017\\\/01\\\/25-flachau-sommer-aktivprogramm-sommercard-familie.jpg\",\"contentUrl\":\"https:\\\/\\\/www.salzburgerland.com\\\/hu\\\/wp-content\\\/uploads\\\/2017\\\/01\\\/25-flachau-sommer-aktivprogramm-sommercard-familie.jpg\",\"width\":2560,\"height\":1707,\"caption\":\"A Flachau Sommer Card sz\u00e1mos nagyszer\u0171 \u00e9lm\u00e9nyt tartalmaz\u00a9Flachau Tourismus\\\/zooom productions\"},{\"@type\":\"BreadcrumbList\",\"@id\":\"https:\\\/\\\/www.salzburgerland.com\\\/hu\\\/flachau-nyari-vendegkartya\\\/#breadcrumb\",\"itemListElement\":[{\"@type\":\"ListItem\",\"position\":1,\"name\":\"Flachau - ny\u00e1r\",\"item\":\"https:\\\/\\\/www.salzburgerland.com\\\/hu\\\/flachau-nyar\\\/\"},{\"@type\":\"ListItem\",\"position\":2,\"name\":\"Flachau ny\u00e1ri vend\u00e9gk\u00e1rty\u00e1ja\"}]},{\"@type\":\"WebSite\",\"@id\":\"https:\\\/\\\/www.salzburgerland.com\\\/hu\\\/#website\",\"url\":\"https:\\\/\\\/www.salzburgerland.com\\\/hu\\\/\",\"name\":\"SalzburgerLand.com\",\"description\":\"\u00dcd\u00fcl\u00e9s Ausztri\u00e1ban, Salzburg tartom\u00e1nyban\",\"potentialAction\":[{\"@type\":\"SearchAction\",\"target\":{\"@type\":\"EntryPoint\",\"urlTemplate\":\"https:\\\/\\\/www.salzburgerland.com\\\/hu\\\/?s={search_term_string}\"},\"query-input\":{\"@type\":\"PropertyValueSpecification\",\"valueRequired\":true,\"valueName\":\"search_term_string\"}}],\"inLanguage\":\"hu\"},{\"@type\":\"Person\",\"@id\":\"https:\\\/\\\/www.salzburgerland.com\\\/hu\\\/#\\\/schema\\\/person\\\/e4905df070d9b3c52e1e4c730b26aa5a\",\"name\":\"Hajnalka K\u00e1di\",\"image\":{\"@type\":\"ImageObject\",\"inLanguage\":\"hu\",\"@id\":\"https:\\\/\\\/secure.gravatar.com\\\/avatar\\\/e8c1eecf3b2c49d295cebc6aba0de06d13ec77aa0cf9ccec32725949011b69d2?s=96&d=mm&r=g\",\"url\":\"https:\\\/\\\/secure.gravatar.com\\\/avatar\\\/e8c1eecf3b2c49d295cebc6aba0de06d13ec77aa0cf9ccec32725949011b69d2?s=96&d=mm&r=g\",\"contentUrl\":\"https:\\\/\\\/secure.gravatar.com\\\/avatar\\\/e8c1eecf3b2c49d295cebc6aba0de06d13ec77aa0cf9ccec32725949011b69d2?s=96&d=mm&r=g\",\"caption\":\"Hajnalka K\u00e1di\"}}]}<\/script>\n<!-- \/ Yoast SEO Premium plugin. -->","yoast_head_json":{"title":"Flachau ny\u00e1ri vend\u00e9gk\u00e1rty\u00e1ja \u00bb SalzburgerLand.com","description":"Sp\u00f3roljon p\u00e9nzt a nyaral\u00e1son, \u00e9s \u00e9lvezze a sok sz\u00f3rakoz\u00e1st Flachau-ban \u00e9s k\u00f6rny\u00e9k\u00e9n.","robots":{"index":"index","follow":"follow","max-snippet":"max-snippet:-1","max-image-preview":"max-image-preview:large","max-video-preview":"max-video-preview:-1"},"canonical":"https:\/\/www.salzburgerland.com\/hu\/flachau-nyari-vendegkartya\/","og_locale":"hu_HU","og_type":"article","og_title":"Flachau ny\u00e1ri vend\u00e9gk\u00e1rty\u00e1ja","og_description":"Flachau ny\u00e1ri vend\u00e9gk\u00e1rty\u00e1j\u00e1t (Flachau Sommer Card) - ez\u00a0 egy kedvezm\u00e9ny, ami v\u00e1ltozatos, sportos, de egyben sz\u00f3rakoztat\u00f3 nyaral\u00e1st k\u00edn\u00e1l a hegyekben. A","og_url":"https:\/\/www.salzburgerland.com\/hu\/flachau-nyari-vendegkartya\/","og_site_name":"SalzburgerLand.com","article_publisher":"https:\/\/www.facebook.com\/visitsalzburgerland\/","article_published_time":"2024-03-19T20:45:42+00:00","article_modified_time":"2026-04-05T15:12:29+00:00","og_image":[{"width":1200,"height":675,"url":"https:\/\/www.salzburgerland.com\/hu\/wp-content\/uploads\/2017\/01\/25-flachau-sommer-aktivprogramm-sommercard-familie-1200x675.jpg","type":"image\/jpeg"}],"author":"Hajnalka K\u00e1di","twitter_card":"summary_large_image","twitter_creator":"@salzburgerland","twitter_site":"@salzburgerland","twitter_misc":{"Szerz\u0151:":"Hajnalka K\u00e1di","Becs\u00fclt olvas\u00e1si id\u0151":"1 perc"},"schema":{"@context":"https:\/\/schema.org","@graph":[{"@type":"Article","@id":"https:\/\/www.salzburgerland.com\/hu\/flachau-nyari-vendegkartya\/#article","isPartOf":{"@id":"https:\/\/www.salzburgerland.com\/hu\/flachau-nyari-vendegkartya\/"},"author":{"name":"Hajnalka K\u00e1di","@id":"https:\/\/www.salzburgerland.com\/hu\/#\/schema\/person\/e4905df070d9b3c52e1e4c730b26aa5a"},"headline":"Flachau ny\u00e1ri vend\u00e9gk\u00e1rty\u00e1ja","datePublished":"2024-03-19T20:45:42+00:00","dateModified":"2026-04-05T15:12:29+00:00","mainEntityOfPage":{"@id":"https:\/\/www.salzburgerland.com\/hu\/flachau-nyari-vendegkartya\/"},"wordCount":143,"image":{"@id":"https:\/\/www.salzburgerland.com\/hu\/flachau-nyari-vendegkartya\/#primaryimage"},"thumbnailUrl":"https:\/\/www.salzburgerland.com\/hu\/wp-content\/uploads\/2017\/01\/25-flachau-sommer-aktivprogramm-sommercard-familie.jpg","keywords":["Flachau ny\u00e1ri vend\u00e9gk\u00e1rty\u00e1ja","Flachau Sommer Card"],"articleSection":["Uncategorized"],"inLanguage":"hu"},{"@type":"WebPage","@id":"https:\/\/www.salzburgerland.com\/hu\/flachau-nyari-vendegkartya\/","url":"https:\/\/www.salzburgerland.com\/hu\/flachau-nyari-vendegkartya\/","name":"Flachau ny\u00e1ri vend\u00e9gk\u00e1rty\u00e1ja \u00bb SalzburgerLand.com","isPartOf":{"@id":"https:\/\/www.salzburgerland.com\/hu\/#website"},"primaryImageOfPage":{"@id":"https:\/\/www.salzburgerland.com\/hu\/flachau-nyari-vendegkartya\/#primaryimage"},"image":{"@id":"https:\/\/www.salzburgerland.com\/hu\/flachau-nyari-vendegkartya\/#primaryimage"},"thumbnailUrl":"https:\/\/www.salzburgerland.com\/hu\/wp-content\/uploads\/2017\/01\/25-flachau-sommer-aktivprogramm-sommercard-familie.jpg","datePublished":"2024-03-19T20:45:42+00:00","dateModified":"2026-04-05T15:12:29+00:00","author":{"@id":"https:\/\/www.salzburgerland.com\/hu\/#\/schema\/person\/e4905df070d9b3c52e1e4c730b26aa5a"},"description":"Sp\u00f3roljon p\u00e9nzt a nyaral\u00e1son, \u00e9s \u00e9lvezze a sok sz\u00f3rakoz\u00e1st Flachau-ban \u00e9s k\u00f6rny\u00e9k\u00e9n.","breadcrumb":{"@id":"https:\/\/www.salzburgerland.com\/hu\/flachau-nyari-vendegkartya\/#breadcrumb"},"inLanguage":"hu","potentialAction":[{"@type":"ReadAction","target":["https:\/\/www.salzburgerland.com\/hu\/flachau-nyari-vendegkartya\/"]}]},{"@type":"ImageObject","inLanguage":"hu","@id":"https:\/\/www.salzburgerland.com\/hu\/flachau-nyari-vendegkartya\/#primaryimage","url":"https:\/\/www.salzburgerland.com\/hu\/wp-content\/uploads\/2017\/01\/25-flachau-sommer-aktivprogramm-sommercard-familie.jpg","contentUrl":"https:\/\/www.salzburgerland.com\/hu\/wp-content\/uploads\/2017\/01\/25-flachau-sommer-aktivprogramm-sommercard-familie.jpg","width":2560,"height":1707,"caption":"A Flachau Sommer Card sz\u00e1mos nagyszer\u0171 \u00e9lm\u00e9nyt tartalmaz\u00a9Flachau Tourismus\/zooom productions"},{"@type":"BreadcrumbList","@id":"https:\/\/www.salzburgerland.com\/hu\/flachau-nyari-vendegkartya\/#breadcrumb","itemListElement":[{"@type":"ListItem","position":1,"name":"Flachau - ny\u00e1r","item":"https:\/\/www.salzburgerland.com\/hu\/flachau-nyar\/"},{"@type":"ListItem","position":2,"name":"Flachau ny\u00e1ri vend\u00e9gk\u00e1rty\u00e1ja"}]},{"@type":"WebSite","@id":"https:\/\/www.salzburgerland.com\/hu\/#website","url":"https:\/\/www.salzburgerland.com\/hu\/","name":"SalzburgerLand.com","description":"\u00dcd\u00fcl\u00e9s Ausztri\u00e1ban, Salzburg tartom\u00e1nyban","potentialAction":[{"@type":"SearchAction","target":{"@type":"EntryPoint","urlTemplate":"https:\/\/www.salzburgerland.com\/hu\/?s={search_term_string}"},"query-input":{"@type":"PropertyValueSpecification","valueRequired":true,"valueName":"search_term_string"}}],"inLanguage":"hu"},{"@type":"Person","@id":"https:\/\/www.salzburgerland.com\/hu\/#\/schema\/person\/e4905df070d9b3c52e1e4c730b26aa5a","name":"Hajnalka K\u00e1di","image":{"@type":"ImageObject","inLanguage":"hu","@id":"https:\/\/secure.gravatar.com\/avatar\/e8c1eecf3b2c49d295cebc6aba0de06d13ec77aa0cf9ccec32725949011b69d2?s=96&d=mm&r=g","url":"https:\/\/secure.gravatar.com\/avatar\/e8c1eecf3b2c49d295cebc6aba0de06d13ec77aa0cf9ccec32725949011b69d2?s=96&d=mm&r=g","contentUrl":"https:\/\/secure.gravatar.com\/avatar\/e8c1eecf3b2c49d295cebc6aba0de06d13ec77aa0cf9ccec32725949011b69d2?s=96&d=mm&r=g","caption":"Hajnalka K\u00e1di"}}]}},"_wl_alt_label":[],"wl:entity_url":"http:\/\/open.salzburgerland.com\/hu\/post\/flachau-nyari-vendegkartya-21334","_links":{"self":[{"href":"https:\/\/www.salzburgerland.com\/hu\/wp-json\/wp\/v2\/posts\/21334","targetHints":{"allow":["GET"]}}],"collection":[{"href":"https:\/\/www.salzburgerland.com\/hu\/wp-json\/wp\/v2\/posts"}],"about":[{"href":"https:\/\/www.salzburgerland.com\/hu\/wp-json\/wp\/v2\/types\/post"}],"author":[{"embeddable":true,"href":"https:\/\/www.salzburgerland.com\/hu\/wp-json\/wp\/v2\/users\/21"}],"replies":[{"embeddable":true,"href":"https:\/\/www.salzburgerland.com\/hu\/wp-json\/wp\/v2\/comments?post=21334"}],"version-history":[{"count":11,"href":"https:\/\/www.salzburgerland.com\/hu\/wp-json\/wp\/v2\/posts\/21334\/revisions"}],"predecessor-version":[{"id":22816,"href":"https:\/\/www.salzburgerland.com\/hu\/wp-json\/wp\/v2\/posts\/21334\/revisions\/22816"}],"wp:featuredmedia":[{"embeddable":true,"href":"https:\/\/www.salzburgerland.com\/hu\/wp-json\/wp\/v2\/media\/24106"}],"wp:attachment":[{"href":"https:\/\/www.salzburgerland.com\/hu\/wp-json\/wp\/v2\/media?parent=21334"}],"wp:term":[{"taxonomy":"category","embeddable":true,"href":"https:\/\/www.salzburgerland.com\/hu\/wp-json\/wp\/v2\/categories?post=21334"},{"taxonomy":"post_tag","embeddable":true,"href":"https:\/\/www.salzburgerland.com\/hu\/wp-json\/wp\/v2\/tags?post=21334"},{"taxonomy":"wl_entity_type","embeddable":true,"href":"https:\/\/www.salzburgerland.com\/hu\/wp-json\/wp\/v2\/wl_entity_type?post=21334"}],"curies":[{"name":"wp","href":"https:\/\/api.w.org\/{rel}","templated":true}]}}