{"id":21058,"date":"2024-03-10T15:59:06","date_gmt":"2024-03-10T14:59:06","guid":{"rendered":"https:\/\/www.salzburgerland.com\/hu\/?p=21058"},"modified":"2026-04-03T21:28:33","modified_gmt":"2026-04-03T19:28:33","slug":"st-johann-in-salzburg-turazas","status":"publish","type":"post","link":"https:\/\/www.salzburgerland.com\/hu\/st-johann-in-salzburg-turazas\/","title":{"rendered":"T\u00far\u00e1z\u00e1s St. Johann in Salzburgban"},"content":{"rendered":"<h4>Az alpesi t\u00far\u00e1z\u00e1s szab\u00e1lyai<\/h4>\n<p>St. Johann in Salzburg r\u00e9gi\u00f3j\u00e1ban sz\u00e1mos <a href=\"https:\/\/www.josalzburg.com\/en\/activities\/hiking-trails-tours.html\" target=\"_blank\" rel=\"noopener\"><strong>t\u00fara\u00fatvonal<\/strong><\/a> k\u00edn\u00e1l lehet\u0151s\u00e9get a szabads\u00e1g akt\u00edv elt\u00f6lt\u00e9s\u00e9re. Gyermekkort\u00f3l az id\u0151skorig b\u00e1rki \u00e9lvezheti a <strong>t\u00far\u00e1z\u00e1st<\/strong> a friss hegyi leveg\u0151n, \u00e9s a velej\u00e1r\u00f3 remek kil\u00e1t\u00e1st. Legyen sz\u00f3 magashegyi vagy csal\u00e1di t\u00far\u00e1z\u00e1sr\u00f3l \u2013 az eg\u00e9szs\u00e9ge h\u00e1l\u00e1s lesz \u00e9rte. Ahhoz, hogy gondtalan \u00e9s biztons\u00e1gos napot t\u00f6lthessen el az Alpok hegyeiben, fontos azonban n\u00e9h\u00e1ny alapvet\u0151 <strong>szab\u00e1ly \u00e9s tipp<\/strong> megismer\u00e9se:<\/p>\n<ul>\n<li>a fizikai \u00e1llapot helyes felm\u00e9r\u00e9se<\/li>\n<li>pontos tervez\u00e9s a t\u00fara el\u0151tt<\/li>\n<li>az id\u0151j\u00e1r\u00e1s ellen\u0151rz\u00e9se<\/li>\n<li>megfelel\u0151 t\u00fararuh\u00e1zat<\/li>\n<li>megfelel\u0151 temp\u00f3<\/li>\n<li>elegend\u0151 folyad\u00e9k a t\u00fara sor\u00e1n<\/li>\n<li>mindig maradjunk a kijel\u00f6lt \u00f6sv\u00e9nyen<\/li>\n<li>ne hagyjunk szemetet a hegyen<\/li>\n<li>zivatarok eset\u00e9n keress\u00fcnk erd\u0151t, kunyh\u00f3t vagy mened\u00e9ket a v\u00f6lgyben<\/li>\n<li>figyelj\u00fcnk a legel\u00e9sz\u0151 \u00e1llatokra. A tehenek, lovak nagyon ideges \u00e1llatok, ne ingerelj\u00fck \u0151ket feleslegesen<\/li>\n<\/ul>\n<div id=\"attachment_21064\" style=\"width: 1180px\" class=\"wp-caption alignnone\"><img decoding=\"async\" aria-describedby=\"caption-attachment-21064\" class=\"size-1170_658 wp-image-21064\" src=\"https:\/\/www.salzburgerland.com\/hu\/wp-content\/uploads\/2024\/03\/st--johann-in-salzburg-familiensommer-panorama-familie-urlaub-1170x658.jpg\" alt=\"A csal\u00e1di t\u00far\u00e1k St. Johannban igazi felt\u00f6lt\u0151d\u00e9st jelentenek\" width=\"1170\" height=\"658\" srcset=\"https:\/\/www.salzburgerland.com\/hu\/wp-content\/uploads\/2024\/03\/st--johann-in-salzburg-familiensommer-panorama-familie-urlaub-1170x658.jpg 1170w, https:\/\/www.salzburgerland.com\/hu\/wp-content\/uploads\/2024\/03\/st--johann-in-salzburg-familiensommer-panorama-familie-urlaub-1200x675.jpg 1200w\" sizes=\"(max-width: 1170px) 100vw, 1170px\"><p id=\"caption-attachment-21064\" class=\"wp-caption-text\">A csal\u00e1di t\u00far\u00e1k St. Johannban igazi felt\u00f6lt\u0151d\u00e9st jelentenek \u00a9 JO Salzburg<\/p><\/div>\n<h4>A salzburgi alpesi legel\u0151k t\u00fara\u00fatvonala<\/h4>\n<p>A <strong>salzburgi alpesi legel\u0151k t\u00fara\u00fatja<\/strong> (Salzburger Almenweg) fest\u0151i hegyvid\u00e9ki t\u00e1jakon, sz\u00ednes alpesi r\u00e9teken \u00e9s leny\u0171g\u00f6z\u0151 cs\u00facsokon kereszt\u00fcl h\u00faz\u00f3dik. A t\u00far\u00e1z\u00f3k ezen az \u00f6sv\u00e9nyen megismerkedhetnek a hagyom\u00e1nyos alpesi legel\u0151k kult\u00far\u00e1j\u00e1val, \u00e9s a salzburgi Alpokra ny\u00edl\u00f3 l\u00e9legzetel\u00e1ll\u00edt\u00f3 kil\u00e1t\u00e1sban gy\u00f6ny\u00f6rk\u00f6dhetnek. A j\u00f3l jelzett \u00fatvonalak pihentet\u0151 s\u00e9t\u00e1kra vagy kih\u00edv\u00e1st jelent\u0151 t\u00fara-kalandokra invit\u00e1lnak. <strong>St. Johann<\/strong> alpesi falu r\u00e9sze a <strong>Salzburger Almenweg<\/strong>nek, az Alpok legszebb hossz\u00fat\u00e1v\u00fa t\u00fara\u00fatvonal\u00e1nak. Az alpesi t\u00fara\u00fat, amelynek teljes hossza <strong>350 kilom\u00e9ter<\/strong>, egy\u00e9ni preferenci\u00e1kt\u00f3l \u00e9s id\u0151t\u0151l f\u00fcgg\u0151en egyes szakaszokban vagy teljes eg\u00e9sz\u00e9ben bej\u00e1rhat\u00f3. Egy\u00e9ni foglal\u00e1sok\u00e9rt kattintson <a href=\"https:\/\/www.josalzburg.com\/en\/accommodation\/summer-packages.html\" target=\"_blank\" rel=\"noopener\"><strong>ide!<\/strong><\/a><\/p>\n<div id=\"attachment_21059\" style=\"width: 1180px\" class=\"wp-caption alignnone\"><img decoding=\"async\" aria-describedby=\"caption-attachment-21059\" class=\"size-1170_658 wp-image-21059\" src=\"https:\/\/www.salzburgerland.com\/hu\/wp-content\/uploads\/2024\/03\/st--johann-in-salzburg-familensommer-wandern-1170x658.jpg\" alt=\"Csal\u00e1di t\u00far\u00e1z\u00e1s St. Johannban\" width=\"1170\" height=\"658\" srcset=\"https:\/\/www.salzburgerland.com\/hu\/wp-content\/uploads\/2024\/03\/st--johann-in-salzburg-familensommer-wandern-1170x658.jpg 1170w, https:\/\/www.salzburgerland.com\/hu\/wp-content\/uploads\/2024\/03\/st--johann-in-salzburg-familensommer-wandern-1200x675.jpg 1200w\" sizes=\"(max-width: 1170px) 100vw, 1170px\"><p id=\"caption-attachment-21059\" class=\"wp-caption-text\">Csal\u00e1di t\u00far\u00e1z\u00e1s St. Johannban \u00a9 JO Salzburg<\/p><\/div>\n<h4>Felvon\u00f3val a t\u00fara\u00fatvonalakhoz<\/h4>\n<p>Az Alpendorf <a href=\"https:\/\/www.salzburgerland.com\/hu\/st-johann-in-salzburg-nyari-hegyi-felvonok\/\"><strong>felvon\u00f3val<\/strong><\/a> gyorsan \u00e9s k\u00e9nyelmesen juthat el <strong>St. Johann Alpendorfb\u00f3l<\/strong> a Gernkogel \u00e9s a Sonntagskogel kiterjedt t\u00far\u00e1z\u00e1si ter\u00fclet\u00e9re. A gyerekeket \u00e9s csal\u00e1dokat a Gernkogel cs\u00facs\u00e1n v\u00e1rja a kalandos szellemek hegye, a Geisterberg 40 kaland\u00e1llom\u00e1s\u00e1val.<\/p>\n<h4>A salzburgi cs\u00facsok j\u00e1t\u00e9ka (Salzburger Gipfelspiel)<\/h4>\n<p><span>A\u00a0<\/span><a href=\"https:\/\/www.josalzburg.com\/en\/activities\/salzburg-summit-game.html\" target=\"_blank\" rel=\"noopener\"><strong>salzburgi cs\u00facsok j\u00e1t\u00e9k\u00e1nak<\/strong><\/a> t<span>\u00e9m\u00e1ja <\/span><strong>h\u00e9t telep\u00fcl\u00e9s <\/strong>(Flachau, Wagrain-Kleinarl, St. Johann, Radstadt, Altenmarkt-Zauchensee, Eben \u00e9s Filzmoos) <strong>h\u00e9t hegycs\u00facs\u00e1nak \u00fczenete<\/strong><span>. A mondanival\u00f3 a cs\u00facsokra vezet\u0151 \u00faton t\u00e1rul fel el\u0151tt\u00fcnk. Ma is \u00e9rv\u00e9nyes b\u00f6lcsess\u00e9gekre tan\u00edt a term\u00e9szet, \u00e9s megtal\u00e1lhatjuk a m\u00f3dj\u00e1t, hogyan mer\u00edts\u00fcnk a hegyek sug\u00e1rozta er\u0151b\u0151l.\u00a0<\/span><strong>St. Johann\u00a0<\/strong>hegye a<span>\u00a0<\/span><strong>Hochgr\u00fcndeck<\/strong>. A j\u00e1t\u00e9kban ez a hegy<strong> \u201ea gy\u00f3gy\u00edt\u00f3\u201d<\/strong>. R\u00e1vezet, hogyan b\u00e9k\u00e9lj\u00fcnk meg \u00f6nmagunkkal \u00e9s m\u00e1sokkal. A gy\u00f3gy\u00edt\u00f3 arra h\u00edvja fel a figyelm\u00fcnket, hogy ne felejts\u00fcnk el befel\u00e9 figyelni. Megtan\u00edt minket arra, hogy a k\u00fcls\u0151 b\u00e9k\u00e9t mi\u00e9rt csak a bels\u0151 b\u00e9k\u00e9n kereszt\u00fcl \u00e9rhetj\u00fck el.<\/p>\n<div id=\"attachment_21018\" style=\"width: 1180px\" class=\"wp-caption alignnone\"><img decoding=\"async\" aria-describedby=\"caption-attachment-21018\" class=\"size-1170_658 wp-image-21018\" src=\"https:\/\/www.salzburgerland.com\/hu\/wp-content\/uploads\/2024\/03\/st--johann-in-salzburg-familiensommer-panorama-alpendorf-1170x658.jpg\" alt=\"Ny\u00e1ri panor\u00e1mak\u00e9p St. Johann in Salzburg r\u00e9gi\u00f3j\u00e1b\u00f3l.\" width=\"1170\" height=\"658\" srcset=\"https:\/\/www.salzburgerland.com\/hu\/wp-content\/uploads\/2024\/03\/st--johann-in-salzburg-familiensommer-panorama-alpendorf-1170x658.jpg 1170w, https:\/\/www.salzburgerland.com\/hu\/wp-content\/uploads\/2024\/03\/st--johann-in-salzburg-familiensommer-panorama-alpendorf-1200x675.jpg 1200w\" sizes=\"(max-width: 1170px) 100vw, 1170px\"><p id=\"caption-attachment-21018\" class=\"wp-caption-text\">Ny\u00e1ri panor\u00e1mak\u00e9p St. Johann in Salzburg r\u00e9gi\u00f3j\u00e1b\u00f3l \u00a9 JO Salzburg<\/p><\/div>\n<p><strong>A j\u00e1t\u00e9k menete<\/strong>: A j\u00e1t\u00e9k kezdete el\u0151tt a cs\u00facsok j\u00e1t\u00e9ka t\u00far\u00e1z\u00f3i egy\u00a0 \u201eGipfelbox\u201d-ot v\u00e1s\u00e1rolhatnak a turisztikai egyes\u00fcletn\u00e9l. Ez tartalmazza a j\u00e1t\u00e9k legfontosabb eszk\u00f6zeit: a t\u00farak\u00f6nyvet, t\u00farat\u00e9rk\u00e9pet \u00e9s karabineres iv\u00f3poharat. Ezut\u00e1n egym\u00e1s ut\u00e1n megm\u00e1ssz\u00e1k a h\u00e9t hegycs\u00facsot, \u00e9s minden cs\u00facsh\u00f3d\u00edt\u00e1st lepecs\u00e9teltetnek. Akik minden cs\u00facsot megm\u00e1sztak, a v\u00e9g\u00e9n jutalmat kapnak a turisztikai irod\u00e1ban.<\/p>\n<p><strong>A Hochgr\u00fcndeck t\u00faraadatai:<\/strong> a Hochgr\u00fcndeck (1827 m) nemcsak Eur\u00f3pa egyik legmagasabb erd\u0151s hegycs\u00facsa, hanem \u0151si er\u0151- \u00e9s ritu\u00e1lis hely is, mely elm\u00e9lked\u00e9sre h\u00edv. A t\u00fara a cs\u00facsig kb. 2 \u00f3ra 45 percet vesz ig\u00e9nybe, \u00e9s pihen\u00e9si lehet\u0151s\u00e9g k\u00edn\u00e1lkozik a Heinrich-Kiener-Haus-ban.<\/p>\n","protected":false},"excerpt":{"rendered":"<p>Az alpesi t\u00far\u00e1z\u00e1s szab\u00e1lyai St. Johann in Salzburg r\u00e9gi\u00f3j\u00e1ban sz\u00e1mos t\u00fara\u00fatvonal k\u00edn\u00e1l lehet\u0151s\u00e9get a szabads\u00e1g akt\u00edv elt\u00f6lt\u00e9s\u00e9re. Gyermekkort\u00f3l az id\u0151skorig b\u00e1rki \u00e9lvezheti a t\u00far\u00e1z\u00e1st a friss hegyi leveg\u0151n, \u00e9s a velej\u00e1r\u00f3 remek kil\u00e1t\u00e1st. Legyen sz\u00f3 magashegyi vagy csal\u00e1di t\u00far\u00e1z\u00e1sr\u00f3l \u2013 az eg\u00e9szs\u00e9ge h\u00e1l\u00e1s lesz \u00e9rte. Ahhoz, hogy gondtalan \u00e9s biztons\u00e1gos napot t\u00f6lthessen el az Alpok [&hellip;]<\/p>\n","protected":false},"author":21,"featured_media":24052,"comment_status":"closed","ping_status":"closed","sticky":false,"template":"","format":"standard","meta":{"_acf_changed":false,"wl_entities_gutenberg":"","_relevanssi_hide_post":"","_relevanssi_hide_content":"","_relevanssi_pin_for_all":"","_relevanssi_pin_keywords":"","_relevanssi_unpin_keywords":"","_relevanssi_related_keywords":"","_relevanssi_related_include_ids":"","_relevanssi_related_exclude_ids":"","_relevanssi_related_no_append":"","_relevanssi_related_not_related":"","_relevanssi_related_posts":"","_relevanssi_noindex_reason":"","footnotes":""},"categories":[1],"tags":[95,151,668,327],"wl_entity_type":[27],"class_list":["post-21058","post","type-post","status-publish","format-standard","has-post-thumbnail","hentry","category-uncategorized","tag-alpesi-tura","tag-alpok","tag-st-johann","tag-turazas","wl_entity_type-article"],"acf":[],"yoast_head":"<!-- This site is optimized with the Yoast SEO Premium plugin v27.4 (Yoast SEO v27.4) - https:\/\/yoast.com\/product\/yoast-seo-premium-wordpress\/ -->\n<title>T\u00far\u00e1z\u00e1s St. Johann in Salzburgban \u00bb SalzburgerLand.com<\/title>\n<meta name=\"description\" content=\"Tavaszt\u00f3l \u0151szig \u00e9rdemes ki\u00e9lvezni a t\u00far\u00e1z\u00e1s ny\u00fajtotta \u00f6r\u00f6m\u00f6ket a csal\u00e1ddal St. Johann in Salzburg r\u00e9gi\u00f3j\u00e1ban.\" \/>\n<meta name=\"robots\" content=\"index, follow, max-snippet:-1, max-image-preview:large, max-video-preview:-1\" \/>\n<link rel=\"canonical\" href=\"https:\/\/www.salzburgerland.com\/hu\/st-johann-in-salzburg-turazas\/\" \/>\n<meta property=\"og:locale\" content=\"hu_HU\" \/>\n<meta property=\"og:type\" content=\"article\" \/>\n<meta property=\"og:title\" content=\"T\u00far\u00e1z\u00e1s St. Johann in Salzburgban\" \/>\n<meta property=\"og:description\" content=\"Az alpesi t\u00far\u00e1z\u00e1s szab\u00e1lyai St. Johann in Salzburg r\u00e9gi\u00f3j\u00e1ban sz\u00e1mos t\u00fara\u00fatvonal k\u00edn\u00e1l lehet\u0151s\u00e9get a szabads\u00e1g akt\u00edv elt\u00f6lt\u00e9s\u00e9re. Gyermekkort\u00f3l az\" \/>\n<meta property=\"og:url\" content=\"https:\/\/www.salzburgerland.com\/hu\/st-johann-in-salzburg-turazas\/\" \/>\n<meta property=\"og:site_name\" content=\"SalzburgerLand.com\" \/>\n<meta property=\"article:publisher\" content=\"https:\/\/www.facebook.com\/visitsalzburgerland\/\" \/>\n<meta property=\"article:published_time\" content=\"2024-03-10T14:59:06+00:00\" \/>\n<meta property=\"article:modified_time\" content=\"2026-04-03T19:28:33+00:00\" \/>\n<meta property=\"og:image\" content=\"https:\/\/www.salzburgerland.com\/hu\/wp-content\/uploads\/2024\/03\/4_25_st_johann_in_salzburg_sommer_geisterberg_familie_6-1-1200x675.jpg\" \/>\n\t<meta property=\"og:image:width\" content=\"1200\" \/>\n\t<meta property=\"og:image:height\" content=\"675\" \/>\n\t<meta property=\"og:image:type\" content=\"image\/jpeg\" \/>\n<meta name=\"author\" content=\"Hajnalka K\u00e1di\" \/>\n<meta name=\"twitter:card\" content=\"summary_large_image\" \/>\n<meta name=\"twitter:creator\" content=\"@salzburgerland\" \/>\n<meta name=\"twitter:site\" content=\"@salzburgerland\" \/>\n<meta name=\"twitter:label1\" content=\"Szerz\u0151:\" \/>\n\t<meta name=\"twitter:data1\" content=\"Hajnalka K\u00e1di\" \/>\n\t<meta name=\"twitter:label2\" content=\"Becs\u00fclt olvas\u00e1si id\u0151\" \/>\n\t<meta name=\"twitter:data2\" content=\"5 perc\" \/>\n<script type=\"application\/ld+json\" class=\"yoast-schema-graph\">{\"@context\":\"https:\\\/\\\/schema.org\",\"@graph\":[{\"@type\":\"Article\",\"@id\":\"https:\\\/\\\/www.salzburgerland.com\\\/hu\\\/st-johann-in-salzburg-turazas\\\/#article\",\"isPartOf\":{\"@id\":\"https:\\\/\\\/www.salzburgerland.com\\\/hu\\\/st-johann-in-salzburg-turazas\\\/\"},\"author\":{\"name\":\"Hajnalka K\u00e1di\",\"@id\":\"https:\\\/\\\/www.salzburgerland.com\\\/hu\\\/#\\\/schema\\\/person\\\/e4905df070d9b3c52e1e4c730b26aa5a\"},\"headline\":\"T\u00far\u00e1z\u00e1s St. Johann in Salzburgban\",\"datePublished\":\"2024-03-10T14:59:06+00:00\",\"dateModified\":\"2026-04-03T19:28:33+00:00\",\"mainEntityOfPage\":{\"@id\":\"https:\\\/\\\/www.salzburgerland.com\\\/hu\\\/st-johann-in-salzburg-turazas\\\/\"},\"wordCount\":771,\"image\":{\"@id\":\"https:\\\/\\\/www.salzburgerland.com\\\/hu\\\/st-johann-in-salzburg-turazas\\\/#primaryimage\"},\"thumbnailUrl\":\"https:\\\/\\\/www.salzburgerland.com\\\/hu\\\/wp-content\\\/uploads\\\/2024\\\/03\\\/4_25_st_johann_in_salzburg_sommer_geisterberg_familie_6-1.jpg\",\"keywords\":[\"Alpesi t\u00fara\",\"Alpok\",\"St. Johann\",\"t\u00far\u00e1z\u00e1s\"],\"articleSection\":[\"Uncategorized\"],\"inLanguage\":\"hu\"},{\"@type\":\"WebPage\",\"@id\":\"https:\\\/\\\/www.salzburgerland.com\\\/hu\\\/st-johann-in-salzburg-turazas\\\/\",\"url\":\"https:\\\/\\\/www.salzburgerland.com\\\/hu\\\/st-johann-in-salzburg-turazas\\\/\",\"name\":\"T\u00far\u00e1z\u00e1s St. Johann in Salzburgban \u00bb SalzburgerLand.com\",\"isPartOf\":{\"@id\":\"https:\\\/\\\/www.salzburgerland.com\\\/hu\\\/#website\"},\"primaryImageOfPage\":{\"@id\":\"https:\\\/\\\/www.salzburgerland.com\\\/hu\\\/st-johann-in-salzburg-turazas\\\/#primaryimage\"},\"image\":{\"@id\":\"https:\\\/\\\/www.salzburgerland.com\\\/hu\\\/st-johann-in-salzburg-turazas\\\/#primaryimage\"},\"thumbnailUrl\":\"https:\\\/\\\/www.salzburgerland.com\\\/hu\\\/wp-content\\\/uploads\\\/2024\\\/03\\\/4_25_st_johann_in_salzburg_sommer_geisterberg_familie_6-1.jpg\",\"datePublished\":\"2024-03-10T14:59:06+00:00\",\"dateModified\":\"2026-04-03T19:28:33+00:00\",\"author\":{\"@id\":\"https:\\\/\\\/www.salzburgerland.com\\\/hu\\\/#\\\/schema\\\/person\\\/e4905df070d9b3c52e1e4c730b26aa5a\"},\"description\":\"Tavaszt\u00f3l \u0151szig \u00e9rdemes ki\u00e9lvezni a t\u00far\u00e1z\u00e1s ny\u00fajtotta \u00f6r\u00f6m\u00f6ket a csal\u00e1ddal St. Johann in Salzburg r\u00e9gi\u00f3j\u00e1ban.\",\"breadcrumb\":{\"@id\":\"https:\\\/\\\/www.salzburgerland.com\\\/hu\\\/st-johann-in-salzburg-turazas\\\/#breadcrumb\"},\"inLanguage\":\"hu\",\"potentialAction\":[{\"@type\":\"ReadAction\",\"target\":[\"https:\\\/\\\/www.salzburgerland.com\\\/hu\\\/st-johann-in-salzburg-turazas\\\/\"]}]},{\"@type\":\"ImageObject\",\"inLanguage\":\"hu\",\"@id\":\"https:\\\/\\\/www.salzburgerland.com\\\/hu\\\/st-johann-in-salzburg-turazas\\\/#primaryimage\",\"url\":\"https:\\\/\\\/www.salzburgerland.com\\\/hu\\\/wp-content\\\/uploads\\\/2024\\\/03\\\/4_25_st_johann_in_salzburg_sommer_geisterberg_familie_6-1.jpg\",\"contentUrl\":\"https:\\\/\\\/www.salzburgerland.com\\\/hu\\\/wp-content\\\/uploads\\\/2024\\\/03\\\/4_25_st_johann_in_salzburg_sommer_geisterberg_familie_6-1.jpg\",\"width\":2560,\"height\":1600,\"caption\":\"St. Johann Salzburg tartom\u00e1nyban \u2013 Geisterberg \u2013 csal\u00e1d \u00a9Simon Hutter\"},{\"@type\":\"BreadcrumbList\",\"@id\":\"https:\\\/\\\/www.salzburgerland.com\\\/hu\\\/st-johann-in-salzburg-turazas\\\/#breadcrumb\",\"itemListElement\":[{\"@type\":\"ListItem\",\"position\":1,\"name\":\"St. Johann in Salzburg - ny\u00e1r\",\"item\":\"https:\\\/\\\/www.salzburgerland.com\\\/hu\\\/st-johann-in-salzburg-nyar\\\/\"},{\"@type\":\"ListItem\",\"position\":2,\"name\":\"T\u00far\u00e1z\u00e1s St. Johann in Salzburgban\"}]},{\"@type\":\"WebSite\",\"@id\":\"https:\\\/\\\/www.salzburgerland.com\\\/hu\\\/#website\",\"url\":\"https:\\\/\\\/www.salzburgerland.com\\\/hu\\\/\",\"name\":\"SalzburgerLand.com\",\"description\":\"\u00dcd\u00fcl\u00e9s Ausztri\u00e1ban, Salzburg tartom\u00e1nyban\",\"potentialAction\":[{\"@type\":\"SearchAction\",\"target\":{\"@type\":\"EntryPoint\",\"urlTemplate\":\"https:\\\/\\\/www.salzburgerland.com\\\/hu\\\/?s={search_term_string}\"},\"query-input\":{\"@type\":\"PropertyValueSpecification\",\"valueRequired\":true,\"valueName\":\"search_term_string\"}}],\"inLanguage\":\"hu\"},{\"@type\":\"Person\",\"@id\":\"https:\\\/\\\/www.salzburgerland.com\\\/hu\\\/#\\\/schema\\\/person\\\/e4905df070d9b3c52e1e4c730b26aa5a\",\"name\":\"Hajnalka K\u00e1di\",\"image\":{\"@type\":\"ImageObject\",\"inLanguage\":\"hu\",\"@id\":\"https:\\\/\\\/secure.gravatar.com\\\/avatar\\\/e8c1eecf3b2c49d295cebc6aba0de06d13ec77aa0cf9ccec32725949011b69d2?s=96&d=mm&r=g\",\"url\":\"https:\\\/\\\/secure.gravatar.com\\\/avatar\\\/e8c1eecf3b2c49d295cebc6aba0de06d13ec77aa0cf9ccec32725949011b69d2?s=96&d=mm&r=g\",\"contentUrl\":\"https:\\\/\\\/secure.gravatar.com\\\/avatar\\\/e8c1eecf3b2c49d295cebc6aba0de06d13ec77aa0cf9ccec32725949011b69d2?s=96&d=mm&r=g\",\"caption\":\"Hajnalka K\u00e1di\"}}]}<\/script>\n<!-- \/ Yoast SEO Premium plugin. -->","yoast_head_json":{"title":"T\u00far\u00e1z\u00e1s St. Johann in Salzburgban \u00bb SalzburgerLand.com","description":"Tavaszt\u00f3l \u0151szig \u00e9rdemes ki\u00e9lvezni a t\u00far\u00e1z\u00e1s ny\u00fajtotta \u00f6r\u00f6m\u00f6ket a csal\u00e1ddal St. Johann in Salzburg r\u00e9gi\u00f3j\u00e1ban.","robots":{"index":"index","follow":"follow","max-snippet":"max-snippet:-1","max-image-preview":"max-image-preview:large","max-video-preview":"max-video-preview:-1"},"canonical":"https:\/\/www.salzburgerland.com\/hu\/st-johann-in-salzburg-turazas\/","og_locale":"hu_HU","og_type":"article","og_title":"T\u00far\u00e1z\u00e1s St. Johann in Salzburgban","og_description":"Az alpesi t\u00far\u00e1z\u00e1s szab\u00e1lyai St. Johann in Salzburg r\u00e9gi\u00f3j\u00e1ban sz\u00e1mos t\u00fara\u00fatvonal k\u00edn\u00e1l lehet\u0151s\u00e9get a szabads\u00e1g akt\u00edv elt\u00f6lt\u00e9s\u00e9re. Gyermekkort\u00f3l az","og_url":"https:\/\/www.salzburgerland.com\/hu\/st-johann-in-salzburg-turazas\/","og_site_name":"SalzburgerLand.com","article_publisher":"https:\/\/www.facebook.com\/visitsalzburgerland\/","article_published_time":"2024-03-10T14:59:06+00:00","article_modified_time":"2026-04-03T19:28:33+00:00","og_image":[{"width":1200,"height":675,"url":"https:\/\/www.salzburgerland.com\/hu\/wp-content\/uploads\/2024\/03\/4_25_st_johann_in_salzburg_sommer_geisterberg_familie_6-1-1200x675.jpg","type":"image\/jpeg"}],"author":"Hajnalka K\u00e1di","twitter_card":"summary_large_image","twitter_creator":"@salzburgerland","twitter_site":"@salzburgerland","twitter_misc":{"Szerz\u0151:":"Hajnalka K\u00e1di","Becs\u00fclt olvas\u00e1si id\u0151":"5 perc"},"schema":{"@context":"https:\/\/schema.org","@graph":[{"@type":"Article","@id":"https:\/\/www.salzburgerland.com\/hu\/st-johann-in-salzburg-turazas\/#article","isPartOf":{"@id":"https:\/\/www.salzburgerland.com\/hu\/st-johann-in-salzburg-turazas\/"},"author":{"name":"Hajnalka K\u00e1di","@id":"https:\/\/www.salzburgerland.com\/hu\/#\/schema\/person\/e4905df070d9b3c52e1e4c730b26aa5a"},"headline":"T\u00far\u00e1z\u00e1s St. Johann in Salzburgban","datePublished":"2024-03-10T14:59:06+00:00","dateModified":"2026-04-03T19:28:33+00:00","mainEntityOfPage":{"@id":"https:\/\/www.salzburgerland.com\/hu\/st-johann-in-salzburg-turazas\/"},"wordCount":771,"image":{"@id":"https:\/\/www.salzburgerland.com\/hu\/st-johann-in-salzburg-turazas\/#primaryimage"},"thumbnailUrl":"https:\/\/www.salzburgerland.com\/hu\/wp-content\/uploads\/2024\/03\/4_25_st_johann_in_salzburg_sommer_geisterberg_familie_6-1.jpg","keywords":["Alpesi t\u00fara","Alpok","St. Johann","t\u00far\u00e1z\u00e1s"],"articleSection":["Uncategorized"],"inLanguage":"hu"},{"@type":"WebPage","@id":"https:\/\/www.salzburgerland.com\/hu\/st-johann-in-salzburg-turazas\/","url":"https:\/\/www.salzburgerland.com\/hu\/st-johann-in-salzburg-turazas\/","name":"T\u00far\u00e1z\u00e1s St. Johann in Salzburgban \u00bb SalzburgerLand.com","isPartOf":{"@id":"https:\/\/www.salzburgerland.com\/hu\/#website"},"primaryImageOfPage":{"@id":"https:\/\/www.salzburgerland.com\/hu\/st-johann-in-salzburg-turazas\/#primaryimage"},"image":{"@id":"https:\/\/www.salzburgerland.com\/hu\/st-johann-in-salzburg-turazas\/#primaryimage"},"thumbnailUrl":"https:\/\/www.salzburgerland.com\/hu\/wp-content\/uploads\/2024\/03\/4_25_st_johann_in_salzburg_sommer_geisterberg_familie_6-1.jpg","datePublished":"2024-03-10T14:59:06+00:00","dateModified":"2026-04-03T19:28:33+00:00","author":{"@id":"https:\/\/www.salzburgerland.com\/hu\/#\/schema\/person\/e4905df070d9b3c52e1e4c730b26aa5a"},"description":"Tavaszt\u00f3l \u0151szig \u00e9rdemes ki\u00e9lvezni a t\u00far\u00e1z\u00e1s ny\u00fajtotta \u00f6r\u00f6m\u00f6ket a csal\u00e1ddal St. Johann in Salzburg r\u00e9gi\u00f3j\u00e1ban.","breadcrumb":{"@id":"https:\/\/www.salzburgerland.com\/hu\/st-johann-in-salzburg-turazas\/#breadcrumb"},"inLanguage":"hu","potentialAction":[{"@type":"ReadAction","target":["https:\/\/www.salzburgerland.com\/hu\/st-johann-in-salzburg-turazas\/"]}]},{"@type":"ImageObject","inLanguage":"hu","@id":"https:\/\/www.salzburgerland.com\/hu\/st-johann-in-salzburg-turazas\/#primaryimage","url":"https:\/\/www.salzburgerland.com\/hu\/wp-content\/uploads\/2024\/03\/4_25_st_johann_in_salzburg_sommer_geisterberg_familie_6-1.jpg","contentUrl":"https:\/\/www.salzburgerland.com\/hu\/wp-content\/uploads\/2024\/03\/4_25_st_johann_in_salzburg_sommer_geisterberg_familie_6-1.jpg","width":2560,"height":1600,"caption":"St. Johann Salzburg tartom\u00e1nyban \u2013 Geisterberg \u2013 csal\u00e1d \u00a9Simon Hutter"},{"@type":"BreadcrumbList","@id":"https:\/\/www.salzburgerland.com\/hu\/st-johann-in-salzburg-turazas\/#breadcrumb","itemListElement":[{"@type":"ListItem","position":1,"name":"St. Johann in Salzburg - ny\u00e1r","item":"https:\/\/www.salzburgerland.com\/hu\/st-johann-in-salzburg-nyar\/"},{"@type":"ListItem","position":2,"name":"T\u00far\u00e1z\u00e1s St. Johann in Salzburgban"}]},{"@type":"WebSite","@id":"https:\/\/www.salzburgerland.com\/hu\/#website","url":"https:\/\/www.salzburgerland.com\/hu\/","name":"SalzburgerLand.com","description":"\u00dcd\u00fcl\u00e9s Ausztri\u00e1ban, Salzburg tartom\u00e1nyban","potentialAction":[{"@type":"SearchAction","target":{"@type":"EntryPoint","urlTemplate":"https:\/\/www.salzburgerland.com\/hu\/?s={search_term_string}"},"query-input":{"@type":"PropertyValueSpecification","valueRequired":true,"valueName":"search_term_string"}}],"inLanguage":"hu"},{"@type":"Person","@id":"https:\/\/www.salzburgerland.com\/hu\/#\/schema\/person\/e4905df070d9b3c52e1e4c730b26aa5a","name":"Hajnalka K\u00e1di","image":{"@type":"ImageObject","inLanguage":"hu","@id":"https:\/\/secure.gravatar.com\/avatar\/e8c1eecf3b2c49d295cebc6aba0de06d13ec77aa0cf9ccec32725949011b69d2?s=96&d=mm&r=g","url":"https:\/\/secure.gravatar.com\/avatar\/e8c1eecf3b2c49d295cebc6aba0de06d13ec77aa0cf9ccec32725949011b69d2?s=96&d=mm&r=g","contentUrl":"https:\/\/secure.gravatar.com\/avatar\/e8c1eecf3b2c49d295cebc6aba0de06d13ec77aa0cf9ccec32725949011b69d2?s=96&d=mm&r=g","caption":"Hajnalka K\u00e1di"}}]}},"_wl_alt_label":[],"wl:entity_url":"http:\/\/open.salzburgerland.com\/hu\/post\/st-johann-in-salzburg-turazas-21058","_links":{"self":[{"href":"https:\/\/www.salzburgerland.com\/hu\/wp-json\/wp\/v2\/posts\/21058","targetHints":{"allow":["GET"]}}],"collection":[{"href":"https:\/\/www.salzburgerland.com\/hu\/wp-json\/wp\/v2\/posts"}],"about":[{"href":"https:\/\/www.salzburgerland.com\/hu\/wp-json\/wp\/v2\/types\/post"}],"author":[{"embeddable":true,"href":"https:\/\/www.salzburgerland.com\/hu\/wp-json\/wp\/v2\/users\/21"}],"replies":[{"embeddable":true,"href":"https:\/\/www.salzburgerland.com\/hu\/wp-json\/wp\/v2\/comments?post=21058"}],"version-history":[{"count":4,"href":"https:\/\/www.salzburgerland.com\/hu\/wp-json\/wp\/v2\/posts\/21058\/revisions"}],"predecessor-version":[{"id":21980,"href":"https:\/\/www.salzburgerland.com\/hu\/wp-json\/wp\/v2\/posts\/21058\/revisions\/21980"}],"wp:featuredmedia":[{"embeddable":true,"href":"https:\/\/www.salzburgerland.com\/hu\/wp-json\/wp\/v2\/media\/24052"}],"wp:attachment":[{"href":"https:\/\/www.salzburgerland.com\/hu\/wp-json\/wp\/v2\/media?parent=21058"}],"wp:term":[{"taxonomy":"category","embeddable":true,"href":"https:\/\/www.salzburgerland.com\/hu\/wp-json\/wp\/v2\/categories?post=21058"},{"taxonomy":"post_tag","embeddable":true,"href":"https:\/\/www.salzburgerland.com\/hu\/wp-json\/wp\/v2\/tags?post=21058"},{"taxonomy":"wl_entity_type","embeddable":true,"href":"https:\/\/www.salzburgerland.com\/hu\/wp-json\/wp\/v2\/wl_entity_type?post=21058"}],"curies":[{"name":"wp","href":"https:\/\/api.w.org\/{rel}","templated":true}]}}