{"id":21023,"date":"2024-03-10T11:43:36","date_gmt":"2024-03-10T10:43:36","guid":{"rendered":"https:\/\/www.salzburgerland.com\/hu\/?p=21023"},"modified":"2026-04-03T21:15:51","modified_gmt":"2026-04-03T19:15:51","slug":"st-johann-in-salzburg-csaladi-udules","status":"publish","type":"post","link":"https:\/\/www.salzburgerland.com\/hu\/st-johann-in-salzburg-csaladi-udules\/","title":{"rendered":"Csal\u00e1di \u00fcd\u00fcl\u00e9s St. Johann in Salzburgban"},"content":{"rendered":"<h4>Geisterberg \u2013 a szellemek hegye<\/h4>\n<p>Amikor elolvad a h\u00f3 St. Johann in Salzburgban, a Gernkogelen fel\u00e9brednek a F\u00f6ld, a Leveg\u0151 \u00e9s a V\u00edz szellemei. Az 1800 m\u00e9teres magass\u00e1gban fekv\u0151 <a href=\"https:\/\/www.josalzburg.com\/en\/activities\/ghost-mountain.html\" target=\"_blank\" rel=\"noopener\"><strong>Geisterberg, a szellemek hegye<\/strong><\/a> 40 kalandos \u00e1llom\u00e1ssal \u00e9s sz\u00e1mos izgalmas l\u00e1tnival\u00f3val ny\u0171g\u00f6zi le a fiatalokat \u00e9s az id\u0151sebbeket egyar\u00e1nt. A hegyre legegyszer\u0171bben az Alpendorf kabinos felvon\u00f3val lehet feljutni. R\u00f6vid s\u00e9ta ut\u00e1n el\u00e9rj\u00fck a kisvonatot, amely egyenesen a cs\u00facsra visz, ahol Gspensti \u00e9s Spuki, a k\u00e9t kabalafigura v\u00e1rja rajong\u00f3it. <span>Az utak nagy r\u00e9sz\u00e9t babakocsival is be lehet j\u00e1rni. Az \u00e9lm\u00e9nyvil\u00e1gban minden megtal\u00e1lhat\u00f3, ami a gyerekek kedv\u00e9re val\u00f3: <\/span><strong>szellemkast\u00e9ly<\/strong><span>, man\u00f3k,\u00a0tutaj\u00a0a szellemek tav\u00e1n, m\u00e1sz\u00f3k\u00e1k \u00e9s hint\u00e1k. A kir\u00e1ndul\u00e1s a feln\u0151tteknek nagyszer\u0171 <\/span><strong>t\u00fara- \u00e9s term\u00e9szeti \u00e9lm\u00e9ny,<\/strong><span> csod\u00e1latos panor\u00e1m\u00e1kkal.<\/span><\/p>\n<div id=\"attachment_21024\" style=\"width: 1180px\" class=\"wp-caption alignnone\"><img decoding=\"async\" aria-describedby=\"caption-attachment-21024\" class=\"size-1170_658 wp-image-21024\" src=\"https:\/\/www.salzburgerland.com\/hu\/wp-content\/uploads\/2024\/03\/st--johann-in-salzburg-geisterberg-familienberg-1170x658.jpg\" alt=\"Kalandoz\u00e1sok St. Johannban, a szellemek hegy\u00e9n\" width=\"1170\" height=\"658\" srcset=\"https:\/\/www.salzburgerland.com\/hu\/wp-content\/uploads\/2024\/03\/st--johann-in-salzburg-geisterberg-familienberg-1170x658.jpg 1170w, https:\/\/www.salzburgerland.com\/hu\/wp-content\/uploads\/2024\/03\/st--johann-in-salzburg-geisterberg-familienberg-1200x675.jpg 1200w\" sizes=\"(max-width: 1170px) 100vw, 1170px\"><p id=\"caption-attachment-21024\" class=\"wp-caption-text\">Kalandoz\u00e1sok St. Johannban, a szellemek hegy\u00e9n \u00a9 JO Salzburg<\/p><\/div>\n<p>A Geisterberg k\u00fcl\u00f6nleges l\u00e1tv\u00e1nyoss\u00e1ga a <strong>Drachi\u2019s via ferrata<\/strong>. A hegym\u00e1sz\u00e1s kis rajong\u00f3i 12 \u00e9ves korukt\u00f3l pr\u00f3b\u00e1lhatj\u00e1k ki magukat a szikl\u00e1kon, \u00e9s egy 40 m\u00e9ter magas falon \u00e1t\u00e9lhetik \u00e9let\u00fck els\u0151 \u201evia ferrata\u201d \u00e9lm\u00e9ny\u00e9t. A via ferrat\u00e1n v\u00e9gig, mintegy 100 m\u00e9ter hosszan ac\u00e9lk\u00e1bel van r\u00f6gz\u00edtve, amelyhez karabinerekkel biztos\u00edthatj\u00e1k magukat a m\u00e1sz\u00f3k. A speci\u00e1lisan felszerelt l\u00e9tr\u00e1k megk\u00f6nny\u00edtik a feljut\u00e1st, \u00e9s a gyerekek sz\u00e1m\u00e1ra is k\u00f6nnyen alkalmazhat\u00f3k. A via ferrata megm\u00e1sz\u00e1s\u00e1hoz speci\u00e1lis felszerel\u00e9sre van sz\u00fcks\u00e9g, amelyet el\u0151zetes egyeztet\u00e9s ut\u00e1n St. Johann sportboltjaiban is lehet b\u00e9relni. Ha nincs tapasztalata a via ferrata t\u00far\u00e1z\u00e1sban, \u00e9rdemes t\u00faravezet\u0151t vagy hegyi vezet\u0151t fogadnia!<\/p>\n\n\t\t\t<div id=\"21023-1\" class=\"gallery gallery-21023 gallery-columns-3 gallery-size-1170_658\" itemscope itemtype=\"http:\/\/schema.org\/ImageGallery\">\n\t\t\t\t<ul class=\"gallery-row gallery-col-3 gallery-clear\">\n\t\t\t\t\t<li class=\"gallery-item col-3\" itemprop=\"associatedMedia\" itemscope itemtype=\"http:\/\/schema.org\/ImageObject\">\n\t\t\t\t\t\t<div class=\"gallery-icon landscape\"><a href=\"https:\/\/www.salzburgerland.com\/hu\/wp-content\/uploads\/2024\/03\/st--johann-in-salzburg-geisterberg-geisterschloss-1601x1067.jpg\" title=\"Szellemkast\u00e9ly a Geisterbergen st. johann in salzburg-geisterberg-geisterschloss\"><img decoding=\"async\" data-title=\"Szellemkast\u00e9ly a Geisterbergen \u00a9 JO Salzburg\" title=\"Szellemkast\u00e9ly a Geisterbergen \u00a9 JO Salzburg\" data-caption=\"Szellemkast\u00e9ly a Geisterbergen \u00a9 JO Salzburg\" width=\"1170\" height=\"658\" src=\"https:\/\/www.salzburgerland.com\/hu\/wp-content\/uploads\/2024\/03\/st--johann-in-salzburg-geisterberg-geisterschloss-1170x658.jpg\" class=\"attachment-1170_658 size-1170_658\" alt=\"Szellemkast\u00e9ly a Geisterbergen (Nagy\u00edtott n\u00e9zet)\" srcset=\"https:\/\/www.salzburgerland.com\/hu\/wp-content\/uploads\/2024\/03\/st--johann-in-salzburg-geisterberg-geisterschloss-1170x658.jpg 1170w, https:\/\/www.salzburgerland.com\/hu\/wp-content\/uploads\/2024\/03\/st--johann-in-salzburg-geisterberg-geisterschloss-1200x675.jpg 1200w\" sizes=\"(max-width: 1170px) 100vw, 1170px\" aria-describedby=\"figcaption-21023-21029\" itemprop=\"thumbnail\"><\/a><\/div>\n\t\t\t\t\t\t<span id=\"figcaption-21023-21029\" class=\"gallery-caption\" itemprop=\"caption\"><span aria-hidden=\"true\">Szellemkast\u00e9ly a Geisterbergen \u00a9 JO Salzburg<\/span><\/span>\n\t\t\t\t\t<\/li>\n\t\t\t\t\t<li class=\"gallery-item col-3\" itemprop=\"associatedMedia\" itemscope itemtype=\"http:\/\/schema.org\/ImageObject\">\n\t\t\t\t\t\t<div class=\"gallery-icon landscape\"><a href=\"https:\/\/www.salzburgerland.com\/hu\/wp-content\/uploads\/2024\/03\/st--johann-in-salzburg-geisterberg-alpendorf-gondelbahn-1601x1067.jpg\" title=\"Felvon\u00f3 a Geisterbergre\"><img decoding=\"async\" data-title=\"Felvon\u00f3 a Geisterbergre \u00a9 JO Salzburg\" title=\"Felvon\u00f3 a Geisterbergre \u00a9 JO Salzburg\" data-caption=\"Felvon\u00f3 a Geisterbergre \u00a9 JO Salzburg\" width=\"1170\" height=\"658\" src=\"https:\/\/www.salzburgerland.com\/hu\/wp-content\/uploads\/2024\/03\/st--johann-in-salzburg-geisterberg-alpendorf-gondelbahn-1170x658.jpg\" class=\"attachment-1170_658 size-1170_658\" alt=\"Felvon\u00f3 a Geisterbergre (Nagy\u00edtott n\u00e9zet)\" srcset=\"https:\/\/www.salzburgerland.com\/hu\/wp-content\/uploads\/2024\/03\/st--johann-in-salzburg-geisterberg-alpendorf-gondelbahn-1170x658.jpg 1170w, https:\/\/www.salzburgerland.com\/hu\/wp-content\/uploads\/2024\/03\/st--johann-in-salzburg-geisterberg-alpendorf-gondelbahn-1200x675.jpg 1200w\" sizes=\"(max-width: 1170px) 100vw, 1170px\" aria-describedby=\"figcaption-21023-21028\" itemprop=\"thumbnail\"><\/a><\/div>\n\t\t\t\t\t\t<span id=\"figcaption-21023-21028\" class=\"gallery-caption\" itemprop=\"caption\"><span aria-hidden=\"true\">Felvon\u00f3 a Geisterbergre \u00a9 JO Salzburg<\/span><\/span>\n\t\t\t\t\t<\/li>\n\t\t\t\t\t<li class=\"gallery-item col-3\" itemprop=\"associatedMedia\" itemscope itemtype=\"http:\/\/schema.org\/ImageObject\">\n\t\t\t\t\t\t<div class=\"gallery-icon landscape\"><a href=\"https:\/\/www.salzburgerland.com\/hu\/wp-content\/uploads\/2024\/03\/st--johann-in-salzburg-geisterbegr-teich-1601x1067.jpg\" title=\"A Geisterberg tav\u00e1n izgalmas tutajoz\u00e1s v\u00e1rja a gyerekeket\"><img decoding=\"async\" data-title=\"A Geisterberg tav\u00e1n izgalmas tutajoz\u00e1s v\u00e1rja a gyerekeket \u00a9 JO Salzburg\" title=\"A Geisterberg tav\u00e1n izgalmas tutajoz\u00e1s v\u00e1rja a gyerekeket \u00a9 JO Salzburg\" data-caption=\"A Geisterberg tav\u00e1n izgalmas tutajoz\u00e1s v\u00e1rja a gyerekeket \u00a9 JO Salzburg\" width=\"1170\" height=\"658\" src=\"https:\/\/www.salzburgerland.com\/hu\/wp-content\/uploads\/2024\/03\/st--johann-in-salzburg-geisterbegr-teich-1170x658.jpg\" class=\"attachment-1170_658 size-1170_658\" alt=\"A Geisterberg tav\u00e1n izgalmas tutajoz\u00e1s v\u00e1rja a gyerekeket (Nagy\u00edtott n\u00e9zet)\" srcset=\"https:\/\/www.salzburgerland.com\/hu\/wp-content\/uploads\/2024\/03\/st--johann-in-salzburg-geisterbegr-teich-1170x658.jpg 1170w, https:\/\/www.salzburgerland.com\/hu\/wp-content\/uploads\/2024\/03\/st--johann-in-salzburg-geisterbegr-teich-1200x675.jpg 1200w\" sizes=\"(max-width: 1170px) 100vw, 1170px\" aria-describedby=\"figcaption-21023-21027\" itemprop=\"thumbnail\"><\/a><\/div>\n\t\t\t\t\t\t<span id=\"figcaption-21023-21027\" class=\"gallery-caption\" itemprop=\"caption\"><span aria-hidden=\"true\">A Geisterberg tav\u00e1n izgalmas tutajoz\u00e1s v\u00e1rja a gyerekeket \u00a9 JO Salzburg<\/span><\/span>\n\t\t\t\t\t<\/li>\n\t\t\t\t<\/ul>\n\t\t\t<\/div><!-- .gallery -->\n\n<h4>J\u00e1tsz\u00f3terek sz\u00e9les v\u00e1laszt\u00e9ka<\/h4>\n<p>St. Johann in Salzburg a csal\u00e1dok egyik legn\u00e9pszer\u0171bb \u00fcd\u00fcl\u0151helye, ez\u00e9rt term\u00e9szetes, hogy a fiatalabb vend\u00e9gek sz\u00e1m\u00e1ra v\u00e1ltozatos <a href=\"https:\/\/www.josalzburg.com\/en\/activities\/playgrounds.html\" target=\"_blank\" rel=\"noopener\"><strong>j\u00e1tsz\u00f3terek<\/strong><\/a> sz\u00e9les v\u00e1laszt\u00e9ka \u00e1ll rendelkez\u00e9sre. Az \u00fcgyess\u00e9git\u0151l kezdve az erdei \u00e9s kalandj\u00e1tsz\u00f3terekig mindenki sz\u00e1m\u00e1ra van valami.<\/p>\n<h4>Gyereknap St. Johannban<\/h4>\n<p>St. Johannban a legfiatalabb vend\u00e9gek az els\u0151k. A kalandos l\u00e1tv\u00e1nyoss\u00e1gok, a k\u00fcl\u00f6nb\u00f6z\u0151 j\u00e1tsz\u00f3terek, a nagyszer\u0171 csal\u00e1di aj\u00e1nlatok \u00e9s a csal\u00e1dokra szakosodott v\u00e1llalkoz\u00e1sok mellett k\u00fcl\u00f6nleges rendezv\u00e9nyek is v\u00e1rj\u00e1k a gyerekeket. A St. Johann-i gyermekh\u00e9t <strong>JoKiWo<\/strong> egy k\u00fcl\u00f6nleges rendezv\u00e9nyh\u00e9t, amely nagyszer\u0171 programokat k\u00edn\u00e1l. A <a href=\"https:\/\/www.josalzburg.com\/en\/activities\/st-johann-kids-week-in-summer.html\" target=\"_blank\" rel=\"noopener\"><strong>JoKiWo Day<\/strong><\/a> gyermeknap id\u00e9n el\u0151sz\u00f6r ker\u00fcl megrendez\u00e9sre a salzburgi St. Johannban, mely a JoKiWo h\u00e9t \u00f6sszes akci\u00f3j\u00e1t \u00e9s sz\u00f3rakoz\u00e1s\u00e1t egy napba s\u0171r\u00edti.<\/p>\n<h4>A Liechtensteinklamm szurdok<\/h4>\n<p>Az Alpok egyik leghosszabb \u00e9s legm\u00e9lyebb szurdoka a <a href=\"https:\/\/www.salzburgerland.com\/hu\/salzburgi-sportvilag-a-liechtensteinklamm-szurdok\/\"><strong>Liechtensteinklamm<\/strong><\/a>, St. Johann k\u00f6zel\u00e9ben. 300 m\u00e9teres m\u00e9lys\u00e9g\u00e9t a v\u00edz t\u00f6bb milli\u00f3 \u00e9v alatt v\u00e1gta a szikl\u00e1kba. A vil\u00e1g, ami a l\u00e1togat\u00f3k el\u00e9 t\u00e1rul, t\u00falz\u00e1s n\u00e9lk\u00fcl nevezhet\u0151 m\u00e1gikusnak. Izgalmas kaland felfedezni a gyerekekkel, \u00e9s egy kicsit h\u0171s\u00f6lni itt a nagy ny\u00e1ri melegben.<\/p>\n<div id=\"attachment_10550\" style=\"width: 1180px\" class=\"wp-caption alignnone\"><img decoding=\"async\" aria-describedby=\"caption-attachment-10550\" class=\"size-1170_658 wp-image-10550\" src=\"https:\/\/www.salzburgerland.com\/hu\/wp-content\/uploads\/2020\/07\/lskmirjageh_386-1170x658.jpg\" alt=\"Liechtensteinklamm szurdok Helix\" width=\"1170\" height=\"658\" srcset=\"https:\/\/www.salzburgerland.com\/hu\/wp-content\/uploads\/2020\/07\/lskmirjageh_386-1170x658.jpg 1170w, https:\/\/www.salzburgerland.com\/hu\/wp-content\/uploads\/2020\/07\/lskmirjageh_386-1200x675.jpg 1200w\" sizes=\"(max-width: 1170px) 100vw, 1170px\"><p id=\"caption-attachment-10550\" class=\"wp-caption-text\">Helix sok l\u00e9pcs\u0151fokon \u00e1t vezet a m\u00e9lybe \u00a9 MirjaGeh \u2013 Liechtensteinklamm<\/p><\/div>\n","protected":false},"excerpt":{"rendered":"<p>Geisterberg \u2013 a szellemek hegye Amikor elolvad a h\u00f3 St. Johann in Salzburgban, a Gernkogelen fel\u00e9brednek a F\u00f6ld, a Leveg\u0151 \u00e9s a V\u00edz szellemei. Az 1800 m\u00e9teres magass\u00e1gban fekv\u0151 Geisterberg, a szellemek hegye 40 kalandos \u00e1llom\u00e1ssal \u00e9s sz\u00e1mos izgalmas l\u00e1tnival\u00f3val ny\u0171g\u00f6zi le a fiatalokat \u00e9s az id\u0151sebbeket egyar\u00e1nt. A hegyre legegyszer\u0171bben az Alpendorf kabinos felvon\u00f3val [&hellip;]<\/p>\n","protected":false},"author":21,"featured_media":24049,"comment_status":"closed","ping_status":"closed","sticky":false,"template":"","format":"standard","meta":{"_acf_changed":false,"wl_entities_gutenberg":"","_relevanssi_hide_post":"","_relevanssi_hide_content":"","_relevanssi_pin_for_all":"","_relevanssi_pin_keywords":"","_relevanssi_unpin_keywords":"","_relevanssi_related_keywords":"","_relevanssi_related_include_ids":"","_relevanssi_related_exclude_ids":"","_relevanssi_related_no_append":"","_relevanssi_related_not_related":"","_relevanssi_related_posts":"","_relevanssi_noindex_reason":"","footnotes":""},"categories":[1],"tags":[392,666,667,635],"wl_entity_type":[27],"class_list":["post-21023","post","type-post","status-publish","format-standard","has-post-thumbnail","hentry","category-uncategorized","tag-csaladi-udules","tag-jatszoterek","tag-kalandparkok","tag-st-johann-in-salzburg","wl_entity_type-article"],"acf":[],"yoast_head":"<!-- This site is optimized with the Yoast SEO Premium plugin v27.4 (Yoast SEO v27.4) - https:\/\/yoast.com\/product\/yoast-seo-premium-wordpress\/ -->\n<title>Csal\u00e1di \u00fcd\u00fcl\u00e9s St. Johann in Salzburgban \u00bb SalzburgerLand.com<\/title>\n<meta name=\"description\" content=\"A csal\u00e1di \u00fcd\u00fcl\u00e9s St. Johann in Salzburgban igazi kaland a gyerekek \u00e9s feln\u0151ttek sz\u00e1m\u00e1ra egyar\u00e1nt, gyermekek sz\u00e1m\u00e1ra szervezett programokkal\" \/>\n<meta name=\"robots\" content=\"index, follow, max-snippet:-1, max-image-preview:large, max-video-preview:-1\" \/>\n<link rel=\"canonical\" href=\"https:\/\/www.salzburgerland.com\/hu\/st-johann-in-salzburg-csaladi-udules\/\" \/>\n<meta property=\"og:locale\" content=\"hu_HU\" \/>\n<meta property=\"og:type\" content=\"article\" \/>\n<meta property=\"og:title\" content=\"Csal\u00e1di \u00fcd\u00fcl\u00e9s St. Johann in Salzburgban\" \/>\n<meta property=\"og:description\" content=\"Geisterberg - a szellemek hegye Amikor elolvad a h\u00f3 St. Johann in Salzburgban, a Gernkogelen fel\u00e9brednek a F\u00f6ld, a Leveg\u0151 \u00e9s a V\u00edz szellemei. Az 1800\" \/>\n<meta property=\"og:url\" content=\"https:\/\/www.salzburgerland.com\/hu\/st-johann-in-salzburg-csaladi-udules\/\" \/>\n<meta property=\"og:site_name\" content=\"SalzburgerLand.com\" \/>\n<meta property=\"article:publisher\" content=\"https:\/\/www.facebook.com\/visitsalzburgerland\/\" \/>\n<meta property=\"article:published_time\" content=\"2024-03-10T10:43:36+00:00\" \/>\n<meta property=\"article:modified_time\" content=\"2026-04-03T19:15:51+00:00\" \/>\n<meta property=\"og:image\" content=\"https:\/\/www.salzburgerland.com\/hu\/wp-content\/uploads\/2024\/03\/2_familienwanderung-alpendorf-2-1200x675.jpg\" \/>\n\t<meta property=\"og:image:width\" content=\"1200\" \/>\n\t<meta property=\"og:image:height\" content=\"675\" \/>\n\t<meta property=\"og:image:type\" content=\"image\/jpeg\" \/>\n<meta name=\"author\" content=\"Hajnalka K\u00e1di\" \/>\n<meta name=\"twitter:card\" content=\"summary_large_image\" \/>\n<meta name=\"twitter:creator\" content=\"@salzburgerland\" \/>\n<meta name=\"twitter:site\" content=\"@salzburgerland\" \/>\n<meta name=\"twitter:label1\" content=\"Szerz\u0151:\" \/>\n\t<meta name=\"twitter:data1\" content=\"Hajnalka K\u00e1di\" \/>\n\t<meta name=\"twitter:label2\" content=\"Becs\u00fclt olvas\u00e1si id\u0151\" \/>\n\t<meta name=\"twitter:data2\" content=\"4 perc\" \/>\n<script type=\"application\/ld+json\" class=\"yoast-schema-graph\">{\"@context\":\"https:\\\/\\\/schema.org\",\"@graph\":[{\"@type\":\"Article\",\"@id\":\"https:\\\/\\\/www.salzburgerland.com\\\/hu\\\/st-johann-in-salzburg-csaladi-udules\\\/#article\",\"isPartOf\":{\"@id\":\"https:\\\/\\\/www.salzburgerland.com\\\/hu\\\/st-johann-in-salzburg-csaladi-udules\\\/\"},\"author\":{\"name\":\"Hajnalka K\u00e1di\",\"@id\":\"https:\\\/\\\/www.salzburgerland.com\\\/hu\\\/#\\\/schema\\\/person\\\/e4905df070d9b3c52e1e4c730b26aa5a\"},\"headline\":\"Csal\u00e1di \u00fcd\u00fcl\u00e9s St. Johann in Salzburgban\",\"datePublished\":\"2024-03-10T10:43:36+00:00\",\"dateModified\":\"2026-04-03T19:15:51+00:00\",\"mainEntityOfPage\":{\"@id\":\"https:\\\/\\\/www.salzburgerland.com\\\/hu\\\/st-johann-in-salzburg-csaladi-udules\\\/\"},\"wordCount\":603,\"image\":{\"@id\":\"https:\\\/\\\/www.salzburgerland.com\\\/hu\\\/st-johann-in-salzburg-csaladi-udules\\\/#primaryimage\"},\"thumbnailUrl\":\"https:\\\/\\\/www.salzburgerland.com\\\/hu\\\/wp-content\\\/uploads\\\/2024\\\/03\\\/2_familienwanderung-alpendorf-2.jpg\",\"keywords\":[\"csal\u00e1di \u00fcd\u00fcl\u00e9s\",\"j\u00e1tsz\u00f3terek\",\"kalandparkok\",\"St. Johann in Salzburg\"],\"articleSection\":[\"Uncategorized\"],\"inLanguage\":\"hu\"},{\"@type\":\"WebPage\",\"@id\":\"https:\\\/\\\/www.salzburgerland.com\\\/hu\\\/st-johann-in-salzburg-csaladi-udules\\\/\",\"url\":\"https:\\\/\\\/www.salzburgerland.com\\\/hu\\\/st-johann-in-salzburg-csaladi-udules\\\/\",\"name\":\"Csal\u00e1di \u00fcd\u00fcl\u00e9s St. Johann in Salzburgban \u00bb SalzburgerLand.com\",\"isPartOf\":{\"@id\":\"https:\\\/\\\/www.salzburgerland.com\\\/hu\\\/#website\"},\"primaryImageOfPage\":{\"@id\":\"https:\\\/\\\/www.salzburgerland.com\\\/hu\\\/st-johann-in-salzburg-csaladi-udules\\\/#primaryimage\"},\"image\":{\"@id\":\"https:\\\/\\\/www.salzburgerland.com\\\/hu\\\/st-johann-in-salzburg-csaladi-udules\\\/#primaryimage\"},\"thumbnailUrl\":\"https:\\\/\\\/www.salzburgerland.com\\\/hu\\\/wp-content\\\/uploads\\\/2024\\\/03\\\/2_familienwanderung-alpendorf-2.jpg\",\"datePublished\":\"2024-03-10T10:43:36+00:00\",\"dateModified\":\"2026-04-03T19:15:51+00:00\",\"author\":{\"@id\":\"https:\\\/\\\/www.salzburgerland.com\\\/hu\\\/#\\\/schema\\\/person\\\/e4905df070d9b3c52e1e4c730b26aa5a\"},\"description\":\"A csal\u00e1di \u00fcd\u00fcl\u00e9s St. Johann in Salzburgban igazi kaland a gyerekek \u00e9s feln\u0151ttek sz\u00e1m\u00e1ra egyar\u00e1nt, gyermekek sz\u00e1m\u00e1ra szervezett programokkal\",\"breadcrumb\":{\"@id\":\"https:\\\/\\\/www.salzburgerland.com\\\/hu\\\/st-johann-in-salzburg-csaladi-udules\\\/#breadcrumb\"},\"inLanguage\":\"hu\",\"potentialAction\":[{\"@type\":\"ReadAction\",\"target\":[\"https:\\\/\\\/www.salzburgerland.com\\\/hu\\\/st-johann-in-salzburg-csaladi-udules\\\/\"]}]},{\"@type\":\"ImageObject\",\"inLanguage\":\"hu\",\"@id\":\"https:\\\/\\\/www.salzburgerland.com\\\/hu\\\/st-johann-in-salzburg-csaladi-udules\\\/#primaryimage\",\"url\":\"https:\\\/\\\/www.salzburgerland.com\\\/hu\\\/wp-content\\\/uploads\\\/2024\\\/03\\\/2_familienwanderung-alpendorf-2.jpg\",\"contentUrl\":\"https:\\\/\\\/www.salzburgerland.com\\\/hu\\\/wp-content\\\/uploads\\\/2024\\\/03\\\/2_familienwanderung-alpendorf-2.jpg\",\"width\":2134,\"height\":1422,\"caption\":\"Csal\u00e1di t\u00fara \u2013 Alpendorf \u00a9JOsalzburg\"},{\"@type\":\"BreadcrumbList\",\"@id\":\"https:\\\/\\\/www.salzburgerland.com\\\/hu\\\/st-johann-in-salzburg-csaladi-udules\\\/#breadcrumb\",\"itemListElement\":[{\"@type\":\"ListItem\",\"position\":1,\"name\":\"St. Johann in Salzburg - ny\u00e1r\",\"item\":\"https:\\\/\\\/www.salzburgerland.com\\\/hu\\\/st-johann-in-salzburg-nyar\\\/\"},{\"@type\":\"ListItem\",\"position\":2,\"name\":\"Csal\u00e1di \u00fcd\u00fcl\u00e9s St. Johann in Salzburgban\"}]},{\"@type\":\"WebSite\",\"@id\":\"https:\\\/\\\/www.salzburgerland.com\\\/hu\\\/#website\",\"url\":\"https:\\\/\\\/www.salzburgerland.com\\\/hu\\\/\",\"name\":\"SalzburgerLand.com\",\"description\":\"\u00dcd\u00fcl\u00e9s Ausztri\u00e1ban, Salzburg tartom\u00e1nyban\",\"potentialAction\":[{\"@type\":\"SearchAction\",\"target\":{\"@type\":\"EntryPoint\",\"urlTemplate\":\"https:\\\/\\\/www.salzburgerland.com\\\/hu\\\/?s={search_term_string}\"},\"query-input\":{\"@type\":\"PropertyValueSpecification\",\"valueRequired\":true,\"valueName\":\"search_term_string\"}}],\"inLanguage\":\"hu\"},{\"@type\":\"Person\",\"@id\":\"https:\\\/\\\/www.salzburgerland.com\\\/hu\\\/#\\\/schema\\\/person\\\/e4905df070d9b3c52e1e4c730b26aa5a\",\"name\":\"Hajnalka K\u00e1di\",\"image\":{\"@type\":\"ImageObject\",\"inLanguage\":\"hu\",\"@id\":\"https:\\\/\\\/secure.gravatar.com\\\/avatar\\\/e8c1eecf3b2c49d295cebc6aba0de06d13ec77aa0cf9ccec32725949011b69d2?s=96&d=mm&r=g\",\"url\":\"https:\\\/\\\/secure.gravatar.com\\\/avatar\\\/e8c1eecf3b2c49d295cebc6aba0de06d13ec77aa0cf9ccec32725949011b69d2?s=96&d=mm&r=g\",\"contentUrl\":\"https:\\\/\\\/secure.gravatar.com\\\/avatar\\\/e8c1eecf3b2c49d295cebc6aba0de06d13ec77aa0cf9ccec32725949011b69d2?s=96&d=mm&r=g\",\"caption\":\"Hajnalka K\u00e1di\"}}]}<\/script>\n<!-- \/ Yoast SEO Premium plugin. -->","yoast_head_json":{"title":"Csal\u00e1di \u00fcd\u00fcl\u00e9s St. Johann in Salzburgban \u00bb SalzburgerLand.com","description":"A csal\u00e1di \u00fcd\u00fcl\u00e9s St. Johann in Salzburgban igazi kaland a gyerekek \u00e9s feln\u0151ttek sz\u00e1m\u00e1ra egyar\u00e1nt, gyermekek sz\u00e1m\u00e1ra szervezett programokkal","robots":{"index":"index","follow":"follow","max-snippet":"max-snippet:-1","max-image-preview":"max-image-preview:large","max-video-preview":"max-video-preview:-1"},"canonical":"https:\/\/www.salzburgerland.com\/hu\/st-johann-in-salzburg-csaladi-udules\/","og_locale":"hu_HU","og_type":"article","og_title":"Csal\u00e1di \u00fcd\u00fcl\u00e9s St. Johann in Salzburgban","og_description":"Geisterberg - a szellemek hegye Amikor elolvad a h\u00f3 St. Johann in Salzburgban, a Gernkogelen fel\u00e9brednek a F\u00f6ld, a Leveg\u0151 \u00e9s a V\u00edz szellemei. Az 1800","og_url":"https:\/\/www.salzburgerland.com\/hu\/st-johann-in-salzburg-csaladi-udules\/","og_site_name":"SalzburgerLand.com","article_publisher":"https:\/\/www.facebook.com\/visitsalzburgerland\/","article_published_time":"2024-03-10T10:43:36+00:00","article_modified_time":"2026-04-03T19:15:51+00:00","og_image":[{"width":1200,"height":675,"url":"https:\/\/www.salzburgerland.com\/hu\/wp-content\/uploads\/2024\/03\/2_familienwanderung-alpendorf-2-1200x675.jpg","type":"image\/jpeg"}],"author":"Hajnalka K\u00e1di","twitter_card":"summary_large_image","twitter_creator":"@salzburgerland","twitter_site":"@salzburgerland","twitter_misc":{"Szerz\u0151:":"Hajnalka K\u00e1di","Becs\u00fclt olvas\u00e1si id\u0151":"4 perc"},"schema":{"@context":"https:\/\/schema.org","@graph":[{"@type":"Article","@id":"https:\/\/www.salzburgerland.com\/hu\/st-johann-in-salzburg-csaladi-udules\/#article","isPartOf":{"@id":"https:\/\/www.salzburgerland.com\/hu\/st-johann-in-salzburg-csaladi-udules\/"},"author":{"name":"Hajnalka K\u00e1di","@id":"https:\/\/www.salzburgerland.com\/hu\/#\/schema\/person\/e4905df070d9b3c52e1e4c730b26aa5a"},"headline":"Csal\u00e1di \u00fcd\u00fcl\u00e9s St. Johann in Salzburgban","datePublished":"2024-03-10T10:43:36+00:00","dateModified":"2026-04-03T19:15:51+00:00","mainEntityOfPage":{"@id":"https:\/\/www.salzburgerland.com\/hu\/st-johann-in-salzburg-csaladi-udules\/"},"wordCount":603,"image":{"@id":"https:\/\/www.salzburgerland.com\/hu\/st-johann-in-salzburg-csaladi-udules\/#primaryimage"},"thumbnailUrl":"https:\/\/www.salzburgerland.com\/hu\/wp-content\/uploads\/2024\/03\/2_familienwanderung-alpendorf-2.jpg","keywords":["csal\u00e1di \u00fcd\u00fcl\u00e9s","j\u00e1tsz\u00f3terek","kalandparkok","St. Johann in Salzburg"],"articleSection":["Uncategorized"],"inLanguage":"hu"},{"@type":"WebPage","@id":"https:\/\/www.salzburgerland.com\/hu\/st-johann-in-salzburg-csaladi-udules\/","url":"https:\/\/www.salzburgerland.com\/hu\/st-johann-in-salzburg-csaladi-udules\/","name":"Csal\u00e1di \u00fcd\u00fcl\u00e9s St. Johann in Salzburgban \u00bb SalzburgerLand.com","isPartOf":{"@id":"https:\/\/www.salzburgerland.com\/hu\/#website"},"primaryImageOfPage":{"@id":"https:\/\/www.salzburgerland.com\/hu\/st-johann-in-salzburg-csaladi-udules\/#primaryimage"},"image":{"@id":"https:\/\/www.salzburgerland.com\/hu\/st-johann-in-salzburg-csaladi-udules\/#primaryimage"},"thumbnailUrl":"https:\/\/www.salzburgerland.com\/hu\/wp-content\/uploads\/2024\/03\/2_familienwanderung-alpendorf-2.jpg","datePublished":"2024-03-10T10:43:36+00:00","dateModified":"2026-04-03T19:15:51+00:00","author":{"@id":"https:\/\/www.salzburgerland.com\/hu\/#\/schema\/person\/e4905df070d9b3c52e1e4c730b26aa5a"},"description":"A csal\u00e1di \u00fcd\u00fcl\u00e9s St. Johann in Salzburgban igazi kaland a gyerekek \u00e9s feln\u0151ttek sz\u00e1m\u00e1ra egyar\u00e1nt, gyermekek sz\u00e1m\u00e1ra szervezett programokkal","breadcrumb":{"@id":"https:\/\/www.salzburgerland.com\/hu\/st-johann-in-salzburg-csaladi-udules\/#breadcrumb"},"inLanguage":"hu","potentialAction":[{"@type":"ReadAction","target":["https:\/\/www.salzburgerland.com\/hu\/st-johann-in-salzburg-csaladi-udules\/"]}]},{"@type":"ImageObject","inLanguage":"hu","@id":"https:\/\/www.salzburgerland.com\/hu\/st-johann-in-salzburg-csaladi-udules\/#primaryimage","url":"https:\/\/www.salzburgerland.com\/hu\/wp-content\/uploads\/2024\/03\/2_familienwanderung-alpendorf-2.jpg","contentUrl":"https:\/\/www.salzburgerland.com\/hu\/wp-content\/uploads\/2024\/03\/2_familienwanderung-alpendorf-2.jpg","width":2134,"height":1422,"caption":"Csal\u00e1di t\u00fara \u2013 Alpendorf \u00a9JOsalzburg"},{"@type":"BreadcrumbList","@id":"https:\/\/www.salzburgerland.com\/hu\/st-johann-in-salzburg-csaladi-udules\/#breadcrumb","itemListElement":[{"@type":"ListItem","position":1,"name":"St. Johann in Salzburg - ny\u00e1r","item":"https:\/\/www.salzburgerland.com\/hu\/st-johann-in-salzburg-nyar\/"},{"@type":"ListItem","position":2,"name":"Csal\u00e1di \u00fcd\u00fcl\u00e9s St. Johann in Salzburgban"}]},{"@type":"WebSite","@id":"https:\/\/www.salzburgerland.com\/hu\/#website","url":"https:\/\/www.salzburgerland.com\/hu\/","name":"SalzburgerLand.com","description":"\u00dcd\u00fcl\u00e9s Ausztri\u00e1ban, Salzburg tartom\u00e1nyban","potentialAction":[{"@type":"SearchAction","target":{"@type":"EntryPoint","urlTemplate":"https:\/\/www.salzburgerland.com\/hu\/?s={search_term_string}"},"query-input":{"@type":"PropertyValueSpecification","valueRequired":true,"valueName":"search_term_string"}}],"inLanguage":"hu"},{"@type":"Person","@id":"https:\/\/www.salzburgerland.com\/hu\/#\/schema\/person\/e4905df070d9b3c52e1e4c730b26aa5a","name":"Hajnalka K\u00e1di","image":{"@type":"ImageObject","inLanguage":"hu","@id":"https:\/\/secure.gravatar.com\/avatar\/e8c1eecf3b2c49d295cebc6aba0de06d13ec77aa0cf9ccec32725949011b69d2?s=96&d=mm&r=g","url":"https:\/\/secure.gravatar.com\/avatar\/e8c1eecf3b2c49d295cebc6aba0de06d13ec77aa0cf9ccec32725949011b69d2?s=96&d=mm&r=g","contentUrl":"https:\/\/secure.gravatar.com\/avatar\/e8c1eecf3b2c49d295cebc6aba0de06d13ec77aa0cf9ccec32725949011b69d2?s=96&d=mm&r=g","caption":"Hajnalka K\u00e1di"}}]}},"_wl_alt_label":[],"wl:entity_url":"http:\/\/open.salzburgerland.com\/hu\/post\/csaladi-udules-st-johann-in-salzburgban-21023","_links":{"self":[{"href":"https:\/\/www.salzburgerland.com\/hu\/wp-json\/wp\/v2\/posts\/21023","targetHints":{"allow":["GET"]}}],"collection":[{"href":"https:\/\/www.salzburgerland.com\/hu\/wp-json\/wp\/v2\/posts"}],"about":[{"href":"https:\/\/www.salzburgerland.com\/hu\/wp-json\/wp\/v2\/types\/post"}],"author":[{"embeddable":true,"href":"https:\/\/www.salzburgerland.com\/hu\/wp-json\/wp\/v2\/users\/21"}],"replies":[{"embeddable":true,"href":"https:\/\/www.salzburgerland.com\/hu\/wp-json\/wp\/v2\/comments?post=21023"}],"version-history":[{"count":5,"href":"https:\/\/www.salzburgerland.com\/hu\/wp-json\/wp\/v2\/posts\/21023\/revisions"}],"predecessor-version":[{"id":21968,"href":"https:\/\/www.salzburgerland.com\/hu\/wp-json\/wp\/v2\/posts\/21023\/revisions\/21968"}],"wp:featuredmedia":[{"embeddable":true,"href":"https:\/\/www.salzburgerland.com\/hu\/wp-json\/wp\/v2\/media\/24049"}],"wp:attachment":[{"href":"https:\/\/www.salzburgerland.com\/hu\/wp-json\/wp\/v2\/media?parent=21023"}],"wp:term":[{"taxonomy":"category","embeddable":true,"href":"https:\/\/www.salzburgerland.com\/hu\/wp-json\/wp\/v2\/categories?post=21023"},{"taxonomy":"post_tag","embeddable":true,"href":"https:\/\/www.salzburgerland.com\/hu\/wp-json\/wp\/v2\/tags?post=21023"},{"taxonomy":"wl_entity_type","embeddable":true,"href":"https:\/\/www.salzburgerland.com\/hu\/wp-json\/wp\/v2\/wl_entity_type?post=21023"}],"curies":[{"name":"wp","href":"https:\/\/api.w.org\/{rel}","templated":true}]}}